{"id":171315,"date":"2026-09-01T16:06:29","date_gmt":"2026-09-01T13:06:29","guid":{"rendered":"https:\/\/epochtimestr.com\/?p=171315"},"modified":"2026-09-01T16:06:32","modified_gmt":"2026-09-01T13:06:32","slug":"disk-ar-issizligin-gorunumu-raporunu-yayimladi","status":"publish","type":"post","link":"https:\/\/epochtimestr.com\/index.php\/disk-ar-issizligin-gorunumu-raporunu-yayimladi","title":{"rendered":"D\u0130SK-AR &#8220;\u0130\u015fsizli\u011fin G\u00f6r\u00fcn\u00fcm\u00fc&#8221; Raporunu Yay\u0131mlad\u0131"},"content":{"rendered":"<div class=\"wp-block-image\">\n<figure class=\"aligncenter size-full\"><img loading=\"lazy\" decoding=\"async\" width=\"1280\" height=\"828\" src=\"https:\/\/epochtimestr.com\/wp-content\/uploads\/2011y\/geralt-4.webp\" alt=\"\" class=\"wp-image-171316\" srcset=\"https:\/\/epochtimestr.com\/wp-content\/uploads\/2011y\/geralt-4.webp 1280w, https:\/\/epochtimestr.com\/wp-content\/uploads\/2011y\/geralt-4-300x194.webp 300w, https:\/\/epochtimestr.com\/wp-content\/uploads\/2011y\/geralt-4-150x97.webp 150w, https:\/\/epochtimestr.com\/wp-content\/uploads\/2011y\/geralt-4-768x497.webp 768w, https:\/\/epochtimestr.com\/wp-content\/uploads\/2011y\/geralt-4-210x136.webp 210w\" sizes=\"(max-width: 1280px) 100vw, 1280px\" \/><figcaption class=\"wp-element-caption\">D\u0130SK-AR i\u015fsizli\u011fin g\u00f6r\u00fcn\u00fcm\u00fc raporunu yay\u0131mlad\u0131 (G\u00f6rsel: geralt, Pixabay)<\/figcaption><\/figure><\/div>\n\n\n<h2 class=\"wp-block-heading\">D\u0130SK Ara\u015ft\u0131rma Merkezi (D\u0130SK-AR), T\u00fcrkiye \u0130statistik Kurumu\u2019nun (T\u00dc\u0130K) Temmuz 2026 Hanehalk\u0131 \u0130\u015fg\u00fcc\u00fc Ara\u015ft\u0131rmas\u0131 sonu\u00e7lar\u0131n\u0131n ard\u0131ndan haz\u0131rlad\u0131\u011f\u0131 \u201c\u0130\u015fsizli\u011fin G\u00f6r\u00fcn\u00fcm\u00fc&#8221; Raporunu yay\u0131mlad\u0131.<\/h2>\n\n\n\n<p>D\u0130SK Ara\u015ft\u0131rma Merkezi (D\u0130SK-AR), geni\u015f tan\u0131ml\u0131 i\u015fsiz say\u0131s\u0131n\u0131n Temmuz 2026\u2019da 12 milyon 305 bine, geni\u015f tan\u0131ml\u0131 i\u015fsizlik oran\u0131n\u0131n ise y\u00fczde 30,6\u2019ya y\u00fckseldi\u011fini bildirdi. <a href=\"https:\/\/epochtimestr.com\/index.php\/j-p-morgan-raporuna-gore-kuresel-gida-krizi-kapida\" target=\"_blank\" rel=\"noreferrer noopener\">Rapor<\/a>a g\u00f6re geni\u015f tan\u0131ml\u0131 kad\u0131n i\u015fsizli\u011fi y\u00fczde 40\u2019a ula\u015f\u0131rken, \u00e7al\u0131\u015fmak istemesine ra\u011fmen i\u015f bulamayanlar\u0131n say\u0131s\u0131 5 milyon oldu.<\/p>\n\n\n\n<p>D\u0130SK Ara\u015ft\u0131rma Merkezi (D\u0130SK-AR), T\u00fcrkiye \u0130statistik Kurumu\u2019nun (T\u00dc\u0130K) Temmuz 2026 Hanehalk\u0131 \u0130\u015fg\u00fcc\u00fc Ara\u015ft\u0131rmas\u0131 sonu\u00e7lar\u0131n\u0131n ard\u0131ndan haz\u0131rlad\u0131\u011f\u0131 \u201c\u0130\u015fsizli\u011fin G\u00f6r\u00fcn\u00fcm\u00fc&#8221; Raporunu yay\u0131mlad\u0131.<\/p>\n\n\n\n<p><strong>Rapora g\u00f6re;<\/strong><\/p>\n\n\n\n<p>T\u00dc\u0130K\u2019in Temmuz 2026 Hanehalk\u0131 \u0130\u015fg\u00fcc\u00fc Ara\u015ft\u0131rmas\u0131 (H\u0130A) sonu\u00e7lar\u0131 31 A\u011fustos 2026\u2019da yay\u0131mland\u0131. Mevsim etkisinden ar\u0131nd\u0131r\u0131lm\u0131\u015f dar tan\u0131ml\u0131 i\u015fsizlik oran\u0131 y\u00fczde 8,1 mevsim etkisinden ar\u0131nd\u0131r\u0131lm\u0131\u015f geni\u015f tan\u0131ml\u0131 i\u015fsizlik oran\u0131 (\u00e2t\u0131l i\u015fg\u00fcc\u00fc) ise y\u00fczde 30,6 olarak a\u00e7\u0131kland\u0131. T\u00dc\u0130K\u2019e g\u00f6re T\u00fcrkiye genelinde 15 ve daha yukar\u0131 ya\u015ftaki ki\u015filerde dar tan\u0131ml\u0131 i\u015fsiz say\u0131s\u0131 (mevsim etkisinden ar\u0131nd\u0131r\u0131lm\u0131\u015f) 2026 Temmuz ay\u0131nda 2 milyon 860 bin oldu. D\u0130SK-AR taraf\u0131ndan hesaplanan geni\u015f tan\u0131ml\u0131 i\u015fsiz say\u0131s\u0131 ise 12 milyon 305 bin olarak ger\u00e7ekle\u015fti. Geni\u015f tan\u0131ml\u0131 i\u015fsizlik ile dar tan\u0131ml\u0131 i\u015fsizlik aras\u0131nda u\u00e7urum art\u0131yor.<\/p>\n\n\n\n<p>Mevsim etkisinden ar\u0131nd\u0131r\u0131lm\u0131\u015f dar tan\u0131ml\u0131 i\u015fsizlik oran\u0131 y\u00fczde 9,1, mevsim etkisinden ar\u0131nd\u0131r\u0131lm\u0131\u015f geni\u015f tan\u0131ml\u0131 i\u015fsizlik oran\u0131 (\u00e2t\u0131l i\u015fg\u00fcc\u00fc) ise y\u00fczde 26,5 seviyesinde ger\u00e7ekle\u015fti. T\u00dc\u0130K\u2019e g\u00f6re T\u00fcrkiye genelinde 15 ve daha yukar\u0131 ya\u015ftaki ki\u015filerde dar tan\u0131ml\u0131 i\u015fsiz say\u0131s\u0131 (mevsim etkisinden ar\u0131nd\u0131r\u0131lm\u0131\u015f) 2024 Ocak ay\u0131nda 3 milyon 214 bin oldu.<\/p>\n\n\n\n<p><a href=\"https:\/\/epochtimestr.com\/index.php\/disk-ar-turkiye-asgari-ucretliler-ulkesi\" target=\"_blank\" rel=\"noreferrer noopener\">D\u0130SK-AR<\/a> taraf\u0131ndan T\u00dc\u0130K verilerinden yararlanarak yap\u0131lan hesaplamaya g\u00f6re, mevsim etkisinden ar\u0131nd\u0131r\u0131lm\u0131\u015f geni\u015f tan\u0131ml\u0131 i\u015fsiz say\u0131s\u0131 Ocak 2024\u2019te 10 milyon 453 bin ki\u015fi olarak ger\u00e7ekle\u015fti.<\/p>\n\n\n<div class=\"wp-block-image\">\n<figure class=\"aligncenter size-full\"><img loading=\"lazy\" decoding=\"async\" width=\"1200\" height=\"775\" src=\"https:\/\/epochtimestr.com\/wp-content\/uploads\/2011y\/dar-ve-genis-tanimli-issizlik-tablo.jpg\" alt=\"\" class=\"wp-image-171317\" srcset=\"https:\/\/epochtimestr.com\/wp-content\/uploads\/2011y\/dar-ve-genis-tanimli-issizlik-tablo.jpg 1200w, https:\/\/epochtimestr.com\/wp-content\/uploads\/2011y\/dar-ve-genis-tanimli-issizlik-tablo-300x194.jpg 300w, https:\/\/epochtimestr.com\/wp-content\/uploads\/2011y\/dar-ve-genis-tanimli-issizlik-tablo-150x97.jpg 150w, https:\/\/epochtimestr.com\/wp-content\/uploads\/2011y\/dar-ve-genis-tanimli-issizlik-tablo-768x496.jpg 768w, https:\/\/epochtimestr.com\/wp-content\/uploads\/2011y\/dar-ve-genis-tanimli-issizlik-tablo-210x136.jpg 210w\" sizes=\"(max-width: 1200px) 100vw, 1200px\" \/><\/figure><\/div>\n\n\n<h3 class=\"wp-block-heading\">Son 10 y\u0131lda geni\u015f tan\u0131ml\u0131 i\u015fsiz say\u0131s\u0131 iki kat\u0131na \u00e7\u0131kt\u0131<\/h3>\n\n\n\n<p>Geni\u015f tan\u0131ml\u0131 i\u015fsiz say\u0131s\u0131n\u0131n son bir y\u0131lda 2 milyon 155 bin, 10 y\u0131lda ise 5,1 milyon ki\u015fi artt\u0131\u011f\u0131n\u0131 belirten D\u0130SK-AR, \u201cB\u00f6ylece son 10 y\u0131lda geni\u015f tan\u0131ml\u0131 i\u015fsiz say\u0131s\u0131 iki kat\u0131na \u00e7\u0131kt\u0131\u201d dedi.<\/p>\n\n\n\n<p><strong>D\u0130SK-AR, geni\u015f tan\u0131ml\u0131 i\u015fsizlik say\u0131s\u0131ndaki art\u0131\u015f\u0131n sebebini  de\u011ferlendirdi:<\/strong><\/p>\n\n\n\n<p>&#8220;Zamana ba\u011fl\u0131 eksik istihdam ve \u00fcmitsizleri, i\u015f aramay\u0131p \u00e7al\u0131\u015fmaya haz\u0131r olanlar\u0131, i\u015f arayan ancak hemen \u00e7al\u0131\u015fmaya ba\u015flayamayacak olanlar\u0131 kapsayan potansiyel i\u015fg\u00fcc\u00fc say\u0131s\u0131ndaki art\u0131\u015ft\u0131r. \u00d6zellikle zamana ba\u011fl\u0131 eksik istihdam edilenlerin say\u0131s\u0131nda devasa bir art\u0131\u015f s\u00f6z konusudur. Haftal\u0131k 45 saatten daha az \u00e7al\u0131\u015fan ve imk\u00e2n\u0131 olmas\u0131 durumunda daha \u00e7ok \u00e7al\u0131\u015fmay\u0131 isteyenleri kapsayan zamana ba\u011fl\u0131 eksik istihdam edilenlerin say\u0131s\u0131 son bir y\u0131lda 1,9 milyondan 3,2 milyona y\u00fckselerek 1 milyon 295 ki\u015fi artt\u0131. Zamana ba\u011fl\u0131 eksik istihdamdaki bu art\u0131\u015f\u0131n sebebi ekonomideki durum ve artan enflasyon ile ge\u00e7im zorlu\u011fu ya\u015fayan ki\u015filerin daha fazla \u00e7al\u0131\u015farak daha fazla \u00fccret elde etmek isteyenler olabilir.&#8221;<\/p>\n\n\n<div class=\"wp-block-image\">\n<figure class=\"aligncenter size-full\"><img loading=\"lazy\" decoding=\"async\" width=\"1200\" height=\"684\" src=\"https:\/\/epochtimestr.com\/wp-content\/uploads\/2011y\/dar-ve-genis-tanimli-issizlik-tablo-10-yillik.jpg\" alt=\"\" class=\"wp-image-171318\" srcset=\"https:\/\/epochtimestr.com\/wp-content\/uploads\/2011y\/dar-ve-genis-tanimli-issizlik-tablo-10-yillik.jpg 1200w, https:\/\/epochtimestr.com\/wp-content\/uploads\/2011y\/dar-ve-genis-tanimli-issizlik-tablo-10-yillik-300x171.jpg 300w, https:\/\/epochtimestr.com\/wp-content\/uploads\/2011y\/dar-ve-genis-tanimli-issizlik-tablo-10-yillik-150x86.jpg 150w, https:\/\/epochtimestr.com\/wp-content\/uploads\/2011y\/dar-ve-genis-tanimli-issizlik-tablo-10-yillik-768x438.jpg 768w\" sizes=\"(max-width: 1200px) 100vw, 1200px\" \/><\/figure><\/div>\n\n\n<p><strong>2,8 milyonu a\u015fk\u0131n ki\u015fi i\u015fsiz i\u015fsizlik \u00f6dene\u011fi alamad\u0131<\/strong><\/p>\n\n\n\n<p>T\u00dc\u0130K\u2019in Ocak 2024\u2019te toplam dar tan\u0131ml\u0131 i\u015fsiz say\u0131s\u0131n\u0131 3 milyon 214 bin ki\u015fi olarak a\u00e7\u0131klad\u0131\u011f\u0131n\u0131, \u0130\u015eKUR\u2019un Ocak 2024 verilerinde ise ayn\u0131 ay i\u015fsizlik \u00f6dene\u011fi alabilenlerin say\u0131s\u0131n\u0131n 409 binde kald\u0131\u011f\u0131n\u0131 belirten D\u0130SK-AR, \u201cB\u00f6ylece Ocak 2024\u2019te resmi i\u015fsizlerin sadece y\u00fczde 12,7\u2019si i\u015fsizlik \u00f6dene\u011fi alabildi. 2,8 milyonu a\u015fk\u0131n i\u015fsiz i\u015fsizlik \u00f6dene\u011finden yoksun kald\u0131. Bu da i\u015fsizlerin y\u00fczde 87,3\u2019\u00fcn\u00fcn i\u015fsizlik \u00f6dene\u011fi alamad\u0131\u011f\u0131 anlam\u0131na geliyor\u201d de\u011ferlendirmesinde bulundu.<\/p>\n\n\n<div class=\"wp-block-image\">\n<figure class=\"aligncenter size-full\"><img loading=\"lazy\" decoding=\"async\" width=\"1200\" height=\"977\" src=\"https:\/\/epochtimestr.com\/wp-content\/uploads\/2011y\/issizlik-turleri-disk-ar.jpg\" alt=\"\" class=\"wp-image-171319\" srcset=\"https:\/\/epochtimestr.com\/wp-content\/uploads\/2011y\/issizlik-turleri-disk-ar.jpg 1200w, https:\/\/epochtimestr.com\/wp-content\/uploads\/2011y\/issizlik-turleri-disk-ar-300x244.jpg 300w, https:\/\/epochtimestr.com\/wp-content\/uploads\/2011y\/issizlik-turleri-disk-ar-150x122.jpg 150w, https:\/\/epochtimestr.com\/wp-content\/uploads\/2011y\/issizlik-turleri-disk-ar-768x625.jpg 768w\" sizes=\"(max-width: 1200px) 100vw, 1200px\" \/><\/figure><\/div>\n\n\n<h3 class=\"wp-block-heading\">En y\u00fcksek kategori kad\u0131n i\u015fsizli\u011fi<\/h3>\n\n\n\n<p>Kad\u0131n i\u015fsizli\u011finin, t\u00fcm i\u015fsizlik t\u00fcrlerinde en y\u00fcksek kategori olmaya devam etti\u011fini belirten D\u0130SK-AR, \u201cOcak 2024\u2019te mevsim etkisinden ar\u0131nd\u0131r\u0131lm\u0131\u015f dar tan\u0131ml\u0131 i\u015fsizlik oran\u0131 erkeklerde y\u00fczde 7,7 iken kad\u0131nlarda y\u00fczde 11,7 olarak ger\u00e7ekle\u015fti. Geni\u015f tan\u0131ml\u0131 i\u015fsizlik (\u00e2t\u0131l i\u015fg\u00fcc\u00fc) erkeklerde y\u00fczde 22,2, kad\u0131nlarda ise y\u00fczde 33,8 olarak hesapland\u0131. Geni\u015f tan\u0131ml\u0131 kad\u0131n i\u015fsizli\u011fi ile geni\u015f tan\u0131ml\u0131 erkek i\u015fsizli\u011fi aras\u0131ndaki fark yakla\u015f\u0131k 11,6 puand\u0131r\u201d dedi.<\/p>\n\n\n\n<p><strong>17,4 puanl\u0131k makas<\/strong><\/p>\n\n\n\n<p>Geni\u015f tan\u0131ml\u0131 i\u015fsizlik oran\u0131 ile dar tan\u0131ml\u0131 i\u015fsizlik oran\u0131 aras\u0131ndaki puan fark\u0131 a\u00e7\u0131lma e\u011filimini s\u00fcrd\u00fcrd\u00fc\u011f\u00fcn\u00fc belirten D\u0130SK-AR, \u201cOcak 2024\u2019te ise dar tan\u0131ml\u0131 i\u015fsizlik y\u00fczde 9,1 iken geni\u015f tan\u0131ml\u0131 i\u015fsizlik y\u00fczde 26,5 olarak ger\u00e7ekle\u015fti. Dar ve geni\u015f i\u015fsizlik aras\u0131ndaki fark bu d\u00f6nemde 17,4 puan oldu\u201d dedi.<\/p>\n\n\n\n<p>D\u0130SK-AR, dar ve geni\u015f tan\u0131ml\u0131 i\u015fsizlik aras\u0131ndaki 17,4 puanl\u0131k farka ili\u015fkin \u015fu de\u011ferlendirmede bulundu:<\/p>\n\n\n\n<p>\u201cDar ve geni\u015f i\u015fsizlik aras\u0131ndaki makas\u0131n bu denli a\u00e7\u0131lmas\u0131n\u0131n en \u00f6nemli nedeni zamana ba\u011fl\u0131 eksik istihdam say\u0131s\u0131, \u00fcmidini kaybedenlerin, i\u015f aramay\u0131p \u00e7al\u0131\u015fmaya haz\u0131r olanlar\u0131n ve i\u015f aray\u0131p i\u015fba\u015f\u0131 yapamayacak olanlar\u0131n say\u0131s\u0131ndaki art\u0131\u015ft\u0131r. B\u00f6ylece dar tan\u0131ml\u0131 i\u015fsizlik s\u0131n\u0131rl\u0131 kal\u0131rken geni\u015f tan\u0131ml\u0131 i\u015fsizlik aras\u0131ndaki fark a\u00e7\u0131lmaktad\u0131r.\u201d<\/p>\n\n\n<div class=\"wp-block-image\">\n<figure class=\"aligncenter size-full\"><img loading=\"lazy\" decoding=\"async\" width=\"1002\" height=\"640\" src=\"https:\/\/epochtimestr.com\/wp-content\/uploads\/2011y\/issizlik-oranlari-disk-ar.jpg\" alt=\"\" class=\"wp-image-171320\" srcset=\"https:\/\/epochtimestr.com\/wp-content\/uploads\/2011y\/issizlik-oranlari-disk-ar.jpg 1002w, https:\/\/epochtimestr.com\/wp-content\/uploads\/2011y\/issizlik-oranlari-disk-ar-300x192.jpg 300w, https:\/\/epochtimestr.com\/wp-content\/uploads\/2011y\/issizlik-oranlari-disk-ar-150x96.jpg 150w, https:\/\/epochtimestr.com\/wp-content\/uploads\/2011y\/issizlik-oranlari-disk-ar-768x491.jpg 768w\" sizes=\"(max-width: 1002px) 100vw, 1002px\" \/><\/figure><\/div>","protected":false},"excerpt":{"rendered":"<p>D\u0130SK Ara\u015ft\u0131rma Merkezi (D\u0130SK-AR), T\u00fcrkiye \u0130statistik Kurumu\u2019nun (T\u00dc\u0130K) Temmuz 2026 Hanehalk\u0131 \u0130\u015fg\u00fcc\u00fc Ara\u015ft\u0131rmas\u0131 sonu\u00e7lar\u0131n\u0131n ard\u0131ndan haz\u0131rlad\u0131\u011f\u0131 \u201c\u0130\u015fsizli\u011fin G\u00f6r\u00fcn\u00fcm\u00fc&#8221; Raporunu yay\u0131mlad\u0131. D\u0130SK Ara\u015ft\u0131rma Merkezi (D\u0130SK-AR), geni\u015f tan\u0131ml\u0131 i\u015fsiz say\u0131s\u0131n\u0131n Temmuz 2026\u2019da 12 milyon 305 bine, geni\u015f tan\u0131ml\u0131 i\u015fsizlik oran\u0131n\u0131n ise y\u00fczde 30,6\u2019ya y\u00fckseldi\u011fini bildirdi. Rapora g\u00f6re geni\u015f tan\u0131ml\u0131 kad\u0131n i\u015fsizli\u011fi y\u00fczde 40\u2019a ula\u015f\u0131rken, \u00e7al\u0131\u015fmak istemesine ra\u011fmen [&hellip;]<\/p>\n","protected":false},"author":12791,"featured_media":171316,"comment_status":"open","ping_status":"open","sticky":false,"template":"","format":"standard","meta":{"_yoast_wpseo_focuskw":"\u0130\u015fsizli\u011fin G\u00f6r\u00fcn\u00fcm\u00fc","_yoast_wpseo_title":"","_yoast_wpseo_metadesc":"D\u0130SK-AR, T\u00dc\u0130K'in Temmuz 2026 Hanehalk\u0131 \u0130\u015fg\u00fcc\u00fc Ara\u015ft\u0131rmas\u0131 sonu\u00e7lar\u0131n\u0131n ard\u0131ndan haz\u0131rlad\u0131\u011f\u0131 \u201c\u0130\u015fsizli\u011fin G\u00f6r\u00fcn\u00fcm\u00fc\" raporunu yay\u0131mlad\u0131.","_bbp_topic_count":0,"_bbp_reply_count":0,"_bbp_total_topic_count":0,"_bbp_total_reply_count":0,"_bbp_voice_count":0,"_bbp_anonymous_reply_count":0,"_bbp_topic_count_hidden":0,"_bbp_reply_count_hidden":0,"_bbp_forum_subforum_count":0,"footnotes":"","_yoast_wpseo_focuskw_text_input":""},"categories":[8225,1,8138],"tags":[11595,12584,12585],"yoast_head":"<!-- This site is optimized with the Yoast SEO plugin v23.0 - https:\/\/yoast.com\/wordpress\/plugins\/seo\/ -->\n<title>D\u0130SK-AR &quot;\u0130\u015fsizli\u011fin G\u00f6r\u00fcn\u00fcm\u00fc&quot; Raporunu Yay\u0131mlad\u0131 - The Epoch Times TR<\/title>\n<meta name=\"description\" content=\"D\u0130SK-AR, T\u00dc\u0130K&#039;in Temmuz 2026 Hanehalk\u0131 \u0130\u015fg\u00fcc\u00fc Ara\u015ft\u0131rmas\u0131 sonu\u00e7lar\u0131n\u0131n ard\u0131ndan haz\u0131rlad\u0131\u011f\u0131 \u201c\u0130\u015fsizli\u011fin G\u00f6r\u00fcn\u00fcm\u00fc&quot; raporunu yay\u0131mlad\u0131.\" \/>\n<meta name=\"robots\" content=\"index, follow, max-snippet:-1, max-image-preview:large, max-video-preview:-1\" \/>\n<link rel=\"canonical\" href=\"https:\/\/epochtimestr.com\/index.php\/disk-ar-issizligin-gorunumu-raporunu-yayimladi\" \/>\n<meta property=\"og:locale\" content=\"tr_TR\" \/>\n<meta property=\"og:type\" content=\"article\" \/>\n<meta property=\"og:title\" content=\"D\u0130SK-AR &quot;\u0130\u015fsizli\u011fin G\u00f6r\u00fcn\u00fcm\u00fc&quot; Raporunu Yay\u0131mlad\u0131 - The Epoch Times TR\" \/>\n<meta property=\"og:description\" content=\"D\u0130SK-AR, T\u00dc\u0130K&#039;in Temmuz 2026 Hanehalk\u0131 \u0130\u015fg\u00fcc\u00fc Ara\u015ft\u0131rmas\u0131 sonu\u00e7lar\u0131n\u0131n ard\u0131ndan haz\u0131rlad\u0131\u011f\u0131 \u201c\u0130\u015fsizli\u011fin G\u00f6r\u00fcn\u00fcm\u00fc&quot; raporunu yay\u0131mlad\u0131.\" \/>\n<meta property=\"og:url\" content=\"https:\/\/epochtimestr.com\/index.php\/disk-ar-issizligin-gorunumu-raporunu-yayimladi\" \/>\n<meta property=\"og:site_name\" content=\"The Epoch Times TR\" \/>\n<meta property=\"article:publisher\" content=\"https:\/\/www.facebook.com\/theepochtimestr\" \/>\n<meta property=\"article:published_time\" content=\"2026-09-01T13:06:29+00:00\" \/>\n<meta property=\"article:modified_time\" content=\"2026-09-01T13:06:32+00:00\" \/>\n<meta property=\"og:image\" content=\"https:\/\/epochtimestr.com\/wp-content\/uploads\/2011y\/geralt-4.webp\" \/>\n\t<meta property=\"og:image:width\" content=\"1280\" \/>\n\t<meta property=\"og:image:height\" content=\"828\" \/>\n\t<meta property=\"og:image:type\" content=\"image\/webp\" \/>\n<meta name=\"author\" content=\"Haber Merkezi\" \/>\n<meta name=\"twitter:card\" content=\"summary_large_image\" \/>\n<meta name=\"twitter:creator\" content=\"@TheEpochTimesTR\" \/>\n<meta name=\"twitter:site\" content=\"@TheEpochTimesTR\" \/>\n<meta name=\"twitter:label1\" content=\"Yazan:\" \/>\n\t<meta name=\"twitter:data1\" content=\"Haber Merkezi\" \/>\n\t<meta name=\"twitter:label2\" content=\"Tahmini okuma s\u00fcresi\" \/>\n\t<meta name=\"twitter:data2\" content=\"6 dakika\" \/>\n<script type=\"application\/ld+json\" class=\"yoast-schema-graph\">{\"@context\":\"https:\/\/schema.org\",\"@graph\":[{\"@type\":\"Article\",\"@id\":\"https:\/\/epochtimestr.com\/index.php\/disk-ar-issizligin-gorunumu-raporunu-yayimladi#article\",\"isPartOf\":{\"@id\":\"https:\/\/epochtimestr.com\/index.php\/disk-ar-issizligin-gorunumu-raporunu-yayimladi\"},\"author\":{\"name\":\"Haber Merkezi\",\"@id\":\"https:\/\/epochtimestr.com\/#\/schema\/person\/3dc5c3adeb9f43923c5aa85889172fdd\"},\"headline\":\"D\u0130SK-AR &#8220;\u0130\u015fsizli\u011fin G\u00f6r\u00fcn\u00fcm\u00fc&#8221; Raporunu Yay\u0131mlad\u0131\",\"datePublished\":\"2026-09-01T13:06:29+00:00\",\"dateModified\":\"2026-09-01T13:06:32+00:00\",\"mainEntityOfPage\":{\"@id\":\"https:\/\/epochtimestr.com\/index.php\/disk-ar-issizligin-gorunumu-raporunu-yayimladi\"},\"wordCount\":968,\"commentCount\":0,\"publisher\":{\"@id\":\"https:\/\/epochtimestr.com\/#organization\"},\"image\":{\"@id\":\"https:\/\/epochtimestr.com\/index.php\/disk-ar-issizligin-gorunumu-raporunu-yayimladi#primaryimage\"},\"thumbnailUrl\":\"https:\/\/epochtimestr.com\/wp-content\/uploads\/2011y\/geralt-4.webp\",\"keywords\":[\"D\u0130SK-AR\",\"Hanehalk\u0131 \u0130\u015fg\u00fcc\u00fc Ara\u015ft\u0131rmas\u0131\",\"\u0130\u015fsizli\u011fin G\u00f6r\u00fcn\u00fcm\u00fc Raporu\"],\"articleSection\":[\"Ekonomi\",\"G\u00dcNDEM\",\"MAN\u015eET\"],\"inLanguage\":\"tr\",\"potentialAction\":[{\"@type\":\"CommentAction\",\"name\":\"Comment\",\"target\":[\"https:\/\/epochtimestr.com\/index.php\/disk-ar-issizligin-gorunumu-raporunu-yayimladi#respond\"]}]},{\"@type\":\"WebPage\",\"@id\":\"https:\/\/epochtimestr.com\/index.php\/disk-ar-issizligin-gorunumu-raporunu-yayimladi\",\"url\":\"https:\/\/epochtimestr.com\/index.php\/disk-ar-issizligin-gorunumu-raporunu-yayimladi\",\"name\":\"D\u0130SK-AR \\\"\u0130\u015fsizli\u011fin G\u00f6r\u00fcn\u00fcm\u00fc\\\" Raporunu Yay\u0131mlad\u0131 - The Epoch Times TR\",\"isPartOf\":{\"@id\":\"https:\/\/epochtimestr.com\/#website\"},\"primaryImageOfPage\":{\"@id\":\"https:\/\/epochtimestr.com\/index.php\/disk-ar-issizligin-gorunumu-raporunu-yayimladi#primaryimage\"},\"image\":{\"@id\":\"https:\/\/epochtimestr.com\/index.php\/disk-ar-issizligin-gorunumu-raporunu-yayimladi#primaryimage\"},\"thumbnailUrl\":\"https:\/\/epochtimestr.com\/wp-content\/uploads\/2011y\/geralt-4.webp\",\"datePublished\":\"2026-09-01T13:06:29+00:00\",\"dateModified\":\"2026-09-01T13:06:32+00:00\",\"description\":\"D\u0130SK-AR, T\u00dc\u0130K'in Temmuz 2026 Hanehalk\u0131 \u0130\u015fg\u00fcc\u00fc Ara\u015ft\u0131rmas\u0131 sonu\u00e7lar\u0131n\u0131n ard\u0131ndan haz\u0131rlad\u0131\u011f\u0131 \u201c\u0130\u015fsizli\u011fin G\u00f6r\u00fcn\u00fcm\u00fc\\\" raporunu yay\u0131mlad\u0131.\",\"inLanguage\":\"tr\",\"potentialAction\":[{\"@type\":\"ReadAction\",\"target\":[\"https:\/\/epochtimestr.com\/index.php\/disk-ar-issizligin-gorunumu-raporunu-yayimladi\"]}]},{\"@type\":\"ImageObject\",\"inLanguage\":\"tr\",\"@id\":\"https:\/\/epochtimestr.com\/index.php\/disk-ar-issizligin-gorunumu-raporunu-yayimladi#primaryimage\",\"url\":\"https:\/\/epochtimestr.com\/wp-content\/uploads\/2011y\/geralt-4.webp\",\"contentUrl\":\"https:\/\/epochtimestr.com\/wp-content\/uploads\/2011y\/geralt-4.webp\",\"width\":1280,\"height\":828},{\"@type\":\"WebSite\",\"@id\":\"https:\/\/epochtimestr.com\/#website\",\"url\":\"https:\/\/epochtimestr.com\/\",\"name\":\"The Epoch Times TR\",\"description\":\"De\u011fi\u015fen D\u00fcnyam\u0131za Taze Bir Bak\u0131\u015f\",\"publisher\":{\"@id\":\"https:\/\/epochtimestr.com\/#organization\"},\"potentialAction\":[{\"@type\":\"SearchAction\",\"target\":{\"@type\":\"EntryPoint\",\"urlTemplate\":\"https:\/\/epochtimestr.com\/?s={search_term_string}\"},\"query-input\":\"required name=search_term_string\"}],\"inLanguage\":\"tr\"},{\"@type\":\"Organization\",\"@id\":\"https:\/\/epochtimestr.com\/#organization\",\"name\":\"The EpochTimes T\u00fcrkiye\",\"url\":\"https:\/\/epochtimestr.com\/\",\"logo\":{\"@type\":\"ImageObject\",\"inLanguage\":\"tr\",\"@id\":\"https:\/\/epochtimestr.com\/#\/schema\/logo\/image\/\",\"url\":\"https:\/\/epochtimestr.com\/wp-content\/uploads\/2011y\/ET-Logo-YG.jpg\",\"contentUrl\":\"https:\/\/epochtimestr.com\/wp-content\/uploads\/2011y\/ET-Logo-YG.jpg\",\"width\":346,\"height\":29,\"caption\":\"The EpochTimes T\u00fcrkiye\"},\"image\":{\"@id\":\"https:\/\/epochtimestr.com\/#\/schema\/logo\/image\/\"},\"sameAs\":[\"https:\/\/www.facebook.com\/theepochtimestr\",\"https:\/\/x.com\/TheEpochTimesTR\",\"https:\/\/www.instagram.com\/epochtimestr\"]},{\"@type\":\"Person\",\"@id\":\"https:\/\/epochtimestr.com\/#\/schema\/person\/3dc5c3adeb9f43923c5aa85889172fdd\",\"name\":\"Haber Merkezi\",\"image\":{\"@type\":\"ImageObject\",\"inLanguage\":\"tr\",\"@id\":\"https:\/\/epochtimestr.com\/#\/schema\/person\/image\/\",\"url\":\"https:\/\/secure.gravatar.com\/avatar\/d73f772ba5a74f28601361e17c2f93e6?s=96&d=mm&r=g\",\"contentUrl\":\"https:\/\/secure.gravatar.com\/avatar\/d73f772ba5a74f28601361e17c2f93e6?s=96&d=mm&r=g\",\"caption\":\"Haber Merkezi\"},\"url\":\"https:\/\/epochtimestr.com\/index.php\/author\/sendag\"}]}<\/script>\n<!-- \/ Yoast SEO plugin. -->","yoast_head_json":{"title":"D\u0130SK-AR \"\u0130\u015fsizli\u011fin G\u00f6r\u00fcn\u00fcm\u00fc\" Raporunu Yay\u0131mlad\u0131 - The Epoch Times TR","description":"D\u0130SK-AR, T\u00dc\u0130K'in Temmuz 2026 Hanehalk\u0131 \u0130\u015fg\u00fcc\u00fc Ara\u015ft\u0131rmas\u0131 sonu\u00e7lar\u0131n\u0131n ard\u0131ndan haz\u0131rlad\u0131\u011f\u0131 \u201c\u0130\u015fsizli\u011fin G\u00f6r\u00fcn\u00fcm\u00fc\" raporunu yay\u0131mlad\u0131.","robots":{"index":"index","follow":"follow","max-snippet":"max-snippet:-1","max-image-preview":"max-image-preview:large","max-video-preview":"max-video-preview:-1"},"canonical":"https:\/\/epochtimestr.com\/index.php\/disk-ar-issizligin-gorunumu-raporunu-yayimladi","og_locale":"tr_TR","og_type":"article","og_title":"D\u0130SK-AR \"\u0130\u015fsizli\u011fin G\u00f6r\u00fcn\u00fcm\u00fc\" Raporunu Yay\u0131mlad\u0131 - The Epoch Times TR","og_description":"D\u0130SK-AR, T\u00dc\u0130K'in Temmuz 2026 Hanehalk\u0131 \u0130\u015fg\u00fcc\u00fc Ara\u015ft\u0131rmas\u0131 sonu\u00e7lar\u0131n\u0131n ard\u0131ndan haz\u0131rlad\u0131\u011f\u0131 \u201c\u0130\u015fsizli\u011fin G\u00f6r\u00fcn\u00fcm\u00fc\" raporunu yay\u0131mlad\u0131.","og_url":"https:\/\/epochtimestr.com\/index.php\/disk-ar-issizligin-gorunumu-raporunu-yayimladi","og_site_name":"The Epoch Times TR","article_publisher":"https:\/\/www.facebook.com\/theepochtimestr","article_published_time":"2026-09-01T13:06:29+00:00","article_modified_time":"2026-09-01T13:06:32+00:00","og_image":[{"width":1280,"height":828,"url":"https:\/\/epochtimestr.com\/wp-content\/uploads\/2011y\/geralt-4.webp","type":"image\/webp"}],"author":"Haber Merkezi","twitter_card":"summary_large_image","twitter_creator":"@TheEpochTimesTR","twitter_site":"@TheEpochTimesTR","twitter_misc":{"Yazan:":"Haber Merkezi","Tahmini okuma s\u00fcresi":"6 dakika"},"schema":{"@context":"https:\/\/schema.org","@graph":[{"@type":"Article","@id":"https:\/\/epochtimestr.com\/index.php\/disk-ar-issizligin-gorunumu-raporunu-yayimladi#article","isPartOf":{"@id":"https:\/\/epochtimestr.com\/index.php\/disk-ar-issizligin-gorunumu-raporunu-yayimladi"},"author":{"name":"Haber Merkezi","@id":"https:\/\/epochtimestr.com\/#\/schema\/person\/3dc5c3adeb9f43923c5aa85889172fdd"},"headline":"D\u0130SK-AR &#8220;\u0130\u015fsizli\u011fin G\u00f6r\u00fcn\u00fcm\u00fc&#8221; Raporunu Yay\u0131mlad\u0131","datePublished":"2026-09-01T13:06:29+00:00","dateModified":"2026-09-01T13:06:32+00:00","mainEntityOfPage":{"@id":"https:\/\/epochtimestr.com\/index.php\/disk-ar-issizligin-gorunumu-raporunu-yayimladi"},"wordCount":968,"commentCount":0,"publisher":{"@id":"https:\/\/epochtimestr.com\/#organization"},"image":{"@id":"https:\/\/epochtimestr.com\/index.php\/disk-ar-issizligin-gorunumu-raporunu-yayimladi#primaryimage"},"thumbnailUrl":"https:\/\/epochtimestr.com\/wp-content\/uploads\/2011y\/geralt-4.webp","keywords":["D\u0130SK-AR","Hanehalk\u0131 \u0130\u015fg\u00fcc\u00fc Ara\u015ft\u0131rmas\u0131","\u0130\u015fsizli\u011fin G\u00f6r\u00fcn\u00fcm\u00fc Raporu"],"articleSection":["Ekonomi","G\u00dcNDEM","MAN\u015eET"],"inLanguage":"tr","potentialAction":[{"@type":"CommentAction","name":"Comment","target":["https:\/\/epochtimestr.com\/index.php\/disk-ar-issizligin-gorunumu-raporunu-yayimladi#respond"]}]},{"@type":"WebPage","@id":"https:\/\/epochtimestr.com\/index.php\/disk-ar-issizligin-gorunumu-raporunu-yayimladi","url":"https:\/\/epochtimestr.com\/index.php\/disk-ar-issizligin-gorunumu-raporunu-yayimladi","name":"D\u0130SK-AR \"\u0130\u015fsizli\u011fin G\u00f6r\u00fcn\u00fcm\u00fc\" Raporunu Yay\u0131mlad\u0131 - The Epoch Times TR","isPartOf":{"@id":"https:\/\/epochtimestr.com\/#website"},"primaryImageOfPage":{"@id":"https:\/\/epochtimestr.com\/index.php\/disk-ar-issizligin-gorunumu-raporunu-yayimladi#primaryimage"},"image":{"@id":"https:\/\/epochtimestr.com\/index.php\/disk-ar-issizligin-gorunumu-raporunu-yayimladi#primaryimage"},"thumbnailUrl":"https:\/\/epochtimestr.com\/wp-content\/uploads\/2011y\/geralt-4.webp","datePublished":"2026-09-01T13:06:29+00:00","dateModified":"2026-09-01T13:06:32+00:00","description":"D\u0130SK-AR, T\u00dc\u0130K'in Temmuz 2026 Hanehalk\u0131 \u0130\u015fg\u00fcc\u00fc Ara\u015ft\u0131rmas\u0131 sonu\u00e7lar\u0131n\u0131n ard\u0131ndan haz\u0131rlad\u0131\u011f\u0131 \u201c\u0130\u015fsizli\u011fin G\u00f6r\u00fcn\u00fcm\u00fc\" raporunu yay\u0131mlad\u0131.","inLanguage":"tr","potentialAction":[{"@type":"ReadAction","target":["https:\/\/epochtimestr.com\/index.php\/disk-ar-issizligin-gorunumu-raporunu-yayimladi"]}]},{"@type":"ImageObject","inLanguage":"tr","@id":"https:\/\/epochtimestr.com\/index.php\/disk-ar-issizligin-gorunumu-raporunu-yayimladi#primaryimage","url":"https:\/\/epochtimestr.com\/wp-content\/uploads\/2011y\/geralt-4.webp","contentUrl":"https:\/\/epochtimestr.com\/wp-content\/uploads\/2011y\/geralt-4.webp","width":1280,"height":828},{"@type":"WebSite","@id":"https:\/\/epochtimestr.com\/#website","url":"https:\/\/epochtimestr.com\/","name":"The Epoch Times TR","description":"De\u011fi\u015fen D\u00fcnyam\u0131za Taze Bir Bak\u0131\u015f","publisher":{"@id":"https:\/\/epochtimestr.com\/#organization"},"potentialAction":[{"@type":"SearchAction","target":{"@type":"EntryPoint","urlTemplate":"https:\/\/epochtimestr.com\/?s={search_term_string}"},"query-input":"required name=search_term_string"}],"inLanguage":"tr"},{"@type":"Organization","@id":"https:\/\/epochtimestr.com\/#organization","name":"The EpochTimes T\u00fcrkiye","url":"https:\/\/epochtimestr.com\/","logo":{"@type":"ImageObject","inLanguage":"tr","@id":"https:\/\/epochtimestr.com\/#\/schema\/logo\/image\/","url":"https:\/\/epochtimestr.com\/wp-content\/uploads\/2011y\/ET-Logo-YG.jpg","contentUrl":"https:\/\/epochtimestr.com\/wp-content\/uploads\/2011y\/ET-Logo-YG.jpg","width":346,"height":29,"caption":"The EpochTimes T\u00fcrkiye"},"image":{"@id":"https:\/\/epochtimestr.com\/#\/schema\/logo\/image\/"},"sameAs":["https:\/\/www.facebook.com\/theepochtimestr","https:\/\/x.com\/TheEpochTimesTR","https:\/\/www.instagram.com\/epochtimestr"]},{"@type":"Person","@id":"https:\/\/epochtimestr.com\/#\/schema\/person\/3dc5c3adeb9f43923c5aa85889172fdd","name":"Haber Merkezi","image":{"@type":"ImageObject","inLanguage":"tr","@id":"https:\/\/epochtimestr.com\/#\/schema\/person\/image\/","url":"https:\/\/secure.gravatar.com\/avatar\/d73f772ba5a74f28601361e17c2f93e6?s=96&d=mm&r=g","contentUrl":"https:\/\/secure.gravatar.com\/avatar\/d73f772ba5a74f28601361e17c2f93e6?s=96&d=mm&r=g","caption":"Haber Merkezi"},"url":"https:\/\/epochtimestr.com\/index.php\/author\/sendag"}]}},"_links":{"self":[{"href":"https:\/\/epochtimestr.com\/index.php\/wp-json\/wp\/v2\/posts\/171315"}],"collection":[{"href":"https:\/\/epochtimestr.com\/index.php\/wp-json\/wp\/v2\/posts"}],"about":[{"href":"https:\/\/epochtimestr.com\/index.php\/wp-json\/wp\/v2\/types\/post"}],"author":[{"embeddable":true,"href":"https:\/\/epochtimestr.com\/index.php\/wp-json\/wp\/v2\/users\/12791"}],"replies":[{"embeddable":true,"href":"https:\/\/epochtimestr.com\/index.php\/wp-json\/wp\/v2\/comments?post=171315"}],"version-history":[{"count":3,"href":"https:\/\/epochtimestr.com\/index.php\/wp-json\/wp\/v2\/posts\/171315\/revisions"}],"predecessor-version":[{"id":171331,"href":"https:\/\/epochtimestr.com\/index.php\/wp-json\/wp\/v2\/posts\/171315\/revisions\/171331"}],"wp:featuredmedia":[{"embeddable":true,"href":"https:\/\/epochtimestr.com\/index.php\/wp-json\/wp\/v2\/media\/171316"}],"wp:attachment":[{"href":"https:\/\/epochtimestr.com\/index.php\/wp-json\/wp\/v2\/media?parent=171315"}],"wp:term":[{"taxonomy":"category","embeddable":true,"href":"https:\/\/epochtimestr.com\/index.php\/wp-json\/wp\/v2\/categories?post=171315"},{"taxonomy":"post_tag","embeddable":true,"href":"https:\/\/epochtimestr.com\/index.php\/wp-json\/wp\/v2\/tags?post=171315"}],"curies":[{"name":"wp","href":"https:\/\/api.w.org\/{rel}","templated":true}]}}