{"id":171324,"date":"2026-09-01T16:15:18","date_gmt":"2026-09-01T13:15:18","guid":{"rendered":"https:\/\/epochtimestr.com\/?p=171324"},"modified":"2026-09-01T16:15:23","modified_gmt":"2026-09-01T13:15:23","slug":"ito-acikladi-istanbulda-enflasyon-belli-oldu","status":"publish","type":"post","link":"https:\/\/epochtimestr.com\/index.php\/ito-acikladi-istanbulda-enflasyon-belli-oldu","title":{"rendered":"\u0130TO A\u00e7\u0131klad\u0131: \u0130stanbul&#8217;da Enflasyon Belli Oldu"},"content":{"rendered":"<div class=\"wp-block-image\">\n<figure class=\"aligncenter size-full is-resized\"><img loading=\"lazy\" decoding=\"async\" width=\"1280\" height=\"854\" src=\"https:\/\/epochtimestr.com\/wp-content\/uploads\/2011y\/market-3860952_1280.jpg\" alt=\"\u0130TO, \u0130stanbul'da enflasyon verilerini a\u00e7\u0131klad\u0131. (Foto\u011fraf: ulleo, Pixabay)\" class=\"wp-image-171325\" style=\"width:840px;height:auto\" srcset=\"https:\/\/epochtimestr.com\/wp-content\/uploads\/2011y\/market-3860952_1280.jpg 1280w, https:\/\/epochtimestr.com\/wp-content\/uploads\/2011y\/market-3860952_1280-300x200.jpg 300w, https:\/\/epochtimestr.com\/wp-content\/uploads\/2011y\/market-3860952_1280-150x100.jpg 150w, https:\/\/epochtimestr.com\/wp-content\/uploads\/2011y\/market-3860952_1280-768x512.jpg 768w\" sizes=\"(max-width: 1280px) 100vw, 1280px\" \/><figcaption class=\"wp-element-caption\">\u0130TO, \u0130stanbul&#8217;da enflasyon verilerini a\u00e7\u0131klad\u0131. (Foto\u011fraf: ulleo, Pixabay)<\/figcaption><\/figure><\/div>\n\n\n<h2 class=\"wp-block-heading\">\u0130stanbul Ticaret Odas\u0131, \u0130stanbul&#8217;da enflasyon verilerini a\u00e7\u0131klad\u0131. Perakende fiyatlar a\u011fustosta ayl\u0131k y\u00fczde 1,66 artarken, y\u0131ll\u0131k fiyat art\u0131\u015f\u0131 y\u00fczde 34,96 oldu.<\/h2>\n\n\n\n<p>\u0130stanbul Ticaret Odas\u0131 (\u0130TO), &#8220;2026 A\u011fustos Ay\u0131 \u0130TO \u0130stanbul T\u00fcketici Fiyat \u0130ndeksi&#8221; verilerini a\u00e7\u0131klad\u0131. Buna g\u00f6re \u0130stanbul&#8217;un enflasyonu belli oldu.<\/p>\n\n\n\n<p>\u0130TO verilerine g\u00f6re, \u0130stanbul&#8217;da a\u011fustosta fiyat\u0131 en \u00e7ok artan grup e\u011fitim, en \u00e7ok azalan ise giyim ve ayakkab\u0131 oldu. \u0130TO, \u0130TO 2023=100 bazl\u0131 \u0130stanbul T\u00fcketici Fiyat \u0130ndeksi ile Toptan E\u015fya Fiyatlar\u0131 \u0130ndeksi&#8217;nin a\u011fustos ay\u0131 verilerini a\u00e7\u0131klad\u0131.<\/p>\n\n\n\n<p>Buna g\u00f6re, kentte a\u011fustosta bir \u00f6nceki aya k\u0131yasla perakende fiyat hareketlerinin g\u00f6stergesi olan \u0130TO \u0130stanbul <a href=\"https:\/\/epochtimestr.com\/index.php\/tuik-tuketici-guven-endeksi-aciklandi\" target=\"_blank\" rel=\"noreferrer noopener\">T\u00fcketici<\/a> Fiyat \u0130ndeksi y\u00fczde 1,66, toptan fiyat hareketlerini yans\u0131tan Toptan E\u015fya Fiyatlar\u0131 \u0130ndeksi ise y\u00fczde 2,5 artt\u0131. Ge\u00e7en y\u0131l\u0131n ayn\u0131 ay\u0131na g\u00f6re de\u011fi\u015fim oran\u0131 perakende fiyatlarda y\u00fczde 34,96 olarak ger\u00e7ekle\u015firken, toptan fiyatlarda y\u00fczde 25,07 oldu.<\/p>\n\n\n<div class=\"wp-block-image\">\n<figure class=\"aligncenter size-full\"><img loading=\"lazy\" decoding=\"async\" width=\"896\" height=\"516\" src=\"https:\/\/epochtimestr.com\/wp-content\/uploads\/2011y\/son-dakika-istanbul-enflasyon-orani-agustosta-yuzde-166-artti-egitim-grubu-zirvede-1788254156.webp\" alt=\"\" class=\"wp-image-171326\" srcset=\"https:\/\/epochtimestr.com\/wp-content\/uploads\/2011y\/son-dakika-istanbul-enflasyon-orani-agustosta-yuzde-166-artti-egitim-grubu-zirvede-1788254156.webp 896w, https:\/\/epochtimestr.com\/wp-content\/uploads\/2011y\/son-dakika-istanbul-enflasyon-orani-agustosta-yuzde-166-artti-egitim-grubu-zirvede-1788254156-300x173.webp 300w, https:\/\/epochtimestr.com\/wp-content\/uploads\/2011y\/son-dakika-istanbul-enflasyon-orani-agustosta-yuzde-166-artti-egitim-grubu-zirvede-1788254156-150x86.webp 150w, https:\/\/epochtimestr.com\/wp-content\/uploads\/2011y\/son-dakika-istanbul-enflasyon-orani-agustosta-yuzde-166-artti-egitim-grubu-zirvede-1788254156-768x442.webp 768w\" sizes=\"(max-width: 896px) 100vw, 896px\" \/><\/figure><\/div>\n\n\n<p><a href=\"https:\/\/epochtimestr.com\/index.php\/ito-istanbulun-temmuz-ayi-enflasyon-rakamlarini-acikladi\" target=\"_blank\" rel=\"noreferrer noopener\">\u0130stanbul<\/a> T\u00fcketici Fiyat \u0130ndeksindeki art\u0131\u015f oran\u0131 a\u011fustosta bir \u00f6nceki aya g\u00f6re en y\u00fcksek y\u00fczde 17,28 ile &#8220;e\u011fitim&#8221; harcamalar\u0131 grubunda g\u00f6r\u00fcld\u00fc. Onu y\u00fczde 8,22 ile &#8220;alkoll\u00fc i\u00e7ecekler ve t\u00fct\u00fcn&#8221;, y\u00fczde 2,32 ile &#8220;konut&#8221;, y\u00fczde 1,43 ile &#8220;ula\u015ft\u0131rma&#8221;, y\u00fczde 1,41 ile &#8220;ev e\u015fyas\u0131&#8221;, y\u00fczde 1,35 ile &#8220;\u00e7e\u015fitli mal ve hizmetler&#8221;, y\u00fczde 1,11 ile &#8220;e\u011flence ve k\u00fclt\u00fcr&#8221;, y\u00fczde 0,86 ile &#8220;haberle\u015fme&#8221;, y\u00fczde 0,72 ile &#8220;lokanta ve oteller&#8221;, y\u00fczde 0,20 ile &#8220;g\u0131da ve alkols\u00fcz i\u00e7ecekler&#8221; harcamalar\u0131 grubu izledi. &#8220;Sa\u011fl\u0131k&#8221; harcama grubunda de\u011fi\u015fim olmazken, &#8220;giyim ve ayakkab\u0131&#8221; y\u00fczde 0,08 azald\u0131.<\/p>\n\n\n<div class=\"wp-block-image\">\n<figure class=\"aligncenter size-full\"><img loading=\"lazy\" decoding=\"async\" width=\"1045\" height=\"538\" src=\"https:\/\/epochtimestr.com\/wp-content\/uploads\/2011y\/HRHqk8uXgAAiD3y.webp\" alt=\"\" class=\"wp-image-171327\" srcset=\"https:\/\/epochtimestr.com\/wp-content\/uploads\/2011y\/HRHqk8uXgAAiD3y.webp 1045w, https:\/\/epochtimestr.com\/wp-content\/uploads\/2011y\/HRHqk8uXgAAiD3y-300x154.webp 300w, https:\/\/epochtimestr.com\/wp-content\/uploads\/2011y\/HRHqk8uXgAAiD3y-150x77.webp 150w, https:\/\/epochtimestr.com\/wp-content\/uploads\/2011y\/HRHqk8uXgAAiD3y-768x395.webp 768w\" sizes=\"(max-width: 1045px) 100vw, 1045px\" \/><\/figure><\/div>\n\n\n<p>\u0130stanbul T\u00fcketici Fiyat \u0130ndeksinin a\u011fustos ay\u0131ndaki de\u011fi\u015fiminde, &#8220;e\u011fitim&#8221;, &#8220;alkoll\u00fc i\u00e7ecekler ve t\u00fct\u00fcn&#8221;, &#8220;konut&#8221; ve &#8220;ula\u015ft\u0131rma&#8221; harcama gruplar\u0131nda yer alan baz\u0131 \u00fcr\u00fcn ve hizmetlerdeki d\u00f6nemsel ve kamu kaynakl\u0131 fiyat de\u011fi\u015fimleri etkili oldu.<\/p>\n\n\n\n<p>&#8220;G\u0131da ve alkols\u00fcz i\u00e7ecekler&#8221; harcama grubunda ise mevsimsel etkilere ba\u011fl\u0131 fiyat de\u011fi\u015fimleri ile &#8220;giyim ve ayakkab\u0131&#8221; harcamalar\u0131 grubunda g\u00f6zlenen a\u015fa\u011f\u0131 y\u00f6nl\u00fc fiyat de\u011fi\u015fimleri etki etti.<\/p>\n\n\n\n<h3 class=\"wp-block-heading\">Toptan fiyatlarda en y\u00fcksek art\u0131\u015f i\u015flenmemi\u015f maddelerde<\/h3>\n\n\n\n<p>A\u011fustosta bir \u00f6nceki aya g\u00f6re toptan e\u015fya fiyatlar\u0131n\u0131n en \u00e7ok artt\u0131\u011f\u0131 grup y\u00fczde 7,29 ile &#8220;i\u015flenmemi\u015f maddeler&#8221; olurken, onu y\u00fczde 2,75 ile &#8220;yakacak ve enerji maddeleri&#8221;, y\u00fczde 1,99 ile &#8220;in\u015faat malzemeleri&#8221;, y\u00fczde 1,64 ile &#8220;g\u0131da maddeleri&#8221;, y\u00fczde 1,47 ile &#8220;madenler&#8221;, y\u00fczde 0,38 ile &#8220;kimyevi maddeler&#8221; izledi.<br \/>Mensucat grubunda ise a\u011fustos ay\u0131nda fiyat de\u011fi\u015fimi olmad\u0131.<\/p>\n\n\n\n<p><strong>Toptan fiyatlarda y\u0131ll\u0131k art\u0131\u015f y\u00fczde 37,68\u2019e \u00e7\u0131kt\u0131<\/strong><\/p>\n\n\n\n<p>Y\u0131ll\u0131k art\u0131\u015f ise madenlerde y\u00fczde 37,68, g\u0131da maddelerinde y\u00fczde 27,71, in\u015faat malzemelerinde y\u00fczde 24,77, yakacak ve enerji maddelerinde y\u00fczde 23,52, i\u015flenmemi\u015f maddelerde y\u00fczde 14,44, mensucatta y\u00fczde 13,47, kimyevi maddelerde y\u00fczde 9,71 oldu.<\/p>\n\n\n<div class=\"wp-block-image\">\n<figure class=\"aligncenter size-full\"><img loading=\"lazy\" decoding=\"async\" width=\"935\" height=\"626\" src=\"https:\/\/epochtimestr.com\/wp-content\/uploads\/2011y\/son-dakika-istanbul-enflasyon-orani-agustosta-yuzde-166-artti-egitim-grubu-zirvede-1788254143.webp\" alt=\"\" class=\"wp-image-171328\" srcset=\"https:\/\/epochtimestr.com\/wp-content\/uploads\/2011y\/son-dakika-istanbul-enflasyon-orani-agustosta-yuzde-166-artti-egitim-grubu-zirvede-1788254143.webp 935w, https:\/\/epochtimestr.com\/wp-content\/uploads\/2011y\/son-dakika-istanbul-enflasyon-orani-agustosta-yuzde-166-artti-egitim-grubu-zirvede-1788254143-300x201.webp 300w, https:\/\/epochtimestr.com\/wp-content\/uploads\/2011y\/son-dakika-istanbul-enflasyon-orani-agustosta-yuzde-166-artti-egitim-grubu-zirvede-1788254143-150x100.webp 150w, https:\/\/epochtimestr.com\/wp-content\/uploads\/2011y\/son-dakika-istanbul-enflasyon-orani-agustosta-yuzde-166-artti-egitim-grubu-zirvede-1788254143-768x514.webp 768w\" sizes=\"(max-width: 935px) 100vw, 935px\" \/><\/figure><\/div>","protected":false},"excerpt":{"rendered":"<p>\u0130stanbul Ticaret Odas\u0131, \u0130stanbul&#8217;da enflasyon verilerini a\u00e7\u0131klad\u0131. Perakende fiyatlar a\u011fustosta ayl\u0131k y\u00fczde 1,66 artarken, y\u0131ll\u0131k fiyat art\u0131\u015f\u0131 y\u00fczde 34,96 oldu. \u0130stanbul Ticaret Odas\u0131 (\u0130TO), &#8220;2026 A\u011fustos Ay\u0131 \u0130TO \u0130stanbul T\u00fcketici Fiyat \u0130ndeksi&#8221; verilerini a\u00e7\u0131klad\u0131. Buna g\u00f6re \u0130stanbul&#8217;un enflasyonu belli oldu. \u0130TO verilerine g\u00f6re, \u0130stanbul&#8217;da a\u011fustosta fiyat\u0131 en \u00e7ok artan grup e\u011fitim, en \u00e7ok azalan ise [&hellip;]<\/p>\n","protected":false},"author":12791,"featured_media":171325,"comment_status":"open","ping_status":"open","sticky":false,"template":"","format":"standard","meta":{"_yoast_wpseo_focuskw":"\u0130TO - \u0130stanbul'da enflasyon","_yoast_wpseo_title":"","_yoast_wpseo_metadesc":"\u0130TO, \u0130stanbul'da enflasyon verilerini a\u00e7\u0131klad\u0131. Perakende fiyatlar a\u011fustosta ayl\u0131k y\u00fczde 1,66 artarken, y\u0131ll\u0131k fiyat art\u0131\u015f\u0131 y\u00fczde 34,96 oldu.","_bbp_topic_count":0,"_bbp_reply_count":0,"_bbp_total_topic_count":0,"_bbp_total_reply_count":0,"_bbp_voice_count":0,"_bbp_anonymous_reply_count":0,"_bbp_topic_count_hidden":0,"_bbp_reply_count_hidden":0,"_bbp_forum_subforum_count":0,"footnotes":"","_yoast_wpseo_focuskw_text_input":""},"categories":[8225,1,8138],"tags":[1616,12586,8909],"yoast_head":"<!-- This site is optimized with the Yoast SEO plugin v23.0 - https:\/\/yoast.com\/wordpress\/plugins\/seo\/ -->\n<title>\u0130TO A\u00e7\u0131klad\u0131: \u0130stanbul&#039;da Enflasyon Belli Oldu - The Epoch Times TR<\/title>\n<meta name=\"description\" content=\"\u0130TO, \u0130stanbul&#039;da enflasyon verilerini a\u00e7\u0131klad\u0131. Perakende fiyatlar a\u011fustosta ayl\u0131k y\u00fczde 1,66 artarken, y\u0131ll\u0131k fiyat art\u0131\u015f\u0131 y\u00fczde 34,96 oldu.\" \/>\n<meta name=\"robots\" content=\"index, follow, max-snippet:-1, max-image-preview:large, max-video-preview:-1\" \/>\n<link rel=\"canonical\" href=\"https:\/\/epochtimestr.com\/index.php\/ito-acikladi-istanbulda-enflasyon-belli-oldu\" \/>\n<meta property=\"og:locale\" content=\"tr_TR\" \/>\n<meta property=\"og:type\" content=\"article\" \/>\n<meta property=\"og:title\" content=\"\u0130TO A\u00e7\u0131klad\u0131: \u0130stanbul&#039;da Enflasyon Belli Oldu - The Epoch Times TR\" \/>\n<meta property=\"og:description\" content=\"\u0130TO, \u0130stanbul&#039;da enflasyon verilerini a\u00e7\u0131klad\u0131. Perakende fiyatlar a\u011fustosta ayl\u0131k y\u00fczde 1,66 artarken, y\u0131ll\u0131k fiyat art\u0131\u015f\u0131 y\u00fczde 34,96 oldu.\" \/>\n<meta property=\"og:url\" content=\"https:\/\/epochtimestr.com\/index.php\/ito-acikladi-istanbulda-enflasyon-belli-oldu\" \/>\n<meta property=\"og:site_name\" content=\"The Epoch Times TR\" \/>\n<meta property=\"article:publisher\" content=\"https:\/\/www.facebook.com\/theepochtimestr\" \/>\n<meta property=\"article:published_time\" content=\"2026-09-01T13:15:18+00:00\" \/>\n<meta property=\"article:modified_time\" content=\"2026-09-01T13:15:23+00:00\" \/>\n<meta property=\"og:image\" content=\"https:\/\/epochtimestr.com\/wp-content\/uploads\/2011y\/market-3860952_1280.jpg\" \/>\n\t<meta property=\"og:image:width\" content=\"1280\" \/>\n\t<meta property=\"og:image:height\" content=\"854\" \/>\n\t<meta property=\"og:image:type\" content=\"image\/jpeg\" \/>\n<meta name=\"author\" content=\"Haber Merkezi\" \/>\n<meta name=\"twitter:card\" content=\"summary_large_image\" \/>\n<meta name=\"twitter:creator\" content=\"@TheEpochTimesTR\" \/>\n<meta name=\"twitter:site\" content=\"@TheEpochTimesTR\" \/>\n<meta name=\"twitter:label1\" content=\"Yazan:\" \/>\n\t<meta name=\"twitter:data1\" content=\"Haber Merkezi\" \/>\n\t<meta name=\"twitter:label2\" content=\"Tahmini okuma s\u00fcresi\" \/>\n\t<meta name=\"twitter:data2\" content=\"4 dakika\" \/>\n<script type=\"application\/ld+json\" class=\"yoast-schema-graph\">{\"@context\":\"https:\/\/schema.org\",\"@graph\":[{\"@type\":\"Article\",\"@id\":\"https:\/\/epochtimestr.com\/index.php\/ito-acikladi-istanbulda-enflasyon-belli-oldu#article\",\"isPartOf\":{\"@id\":\"https:\/\/epochtimestr.com\/index.php\/ito-acikladi-istanbulda-enflasyon-belli-oldu\"},\"author\":{\"name\":\"Haber Merkezi\",\"@id\":\"https:\/\/epochtimestr.com\/#\/schema\/person\/3dc5c3adeb9f43923c5aa85889172fdd\"},\"headline\":\"\u0130TO A\u00e7\u0131klad\u0131: \u0130stanbul&#8217;da Enflasyon Belli Oldu\",\"datePublished\":\"2026-09-01T13:15:18+00:00\",\"dateModified\":\"2026-09-01T13:15:23+00:00\",\"mainEntityOfPage\":{\"@id\":\"https:\/\/epochtimestr.com\/index.php\/ito-acikladi-istanbulda-enflasyon-belli-oldu\"},\"wordCount\":488,\"commentCount\":0,\"publisher\":{\"@id\":\"https:\/\/epochtimestr.com\/#organization\"},\"image\":{\"@id\":\"https:\/\/epochtimestr.com\/index.php\/ito-acikladi-istanbulda-enflasyon-belli-oldu#primaryimage\"},\"thumbnailUrl\":\"https:\/\/epochtimestr.com\/wp-content\/uploads\/2011y\/market-3860952_1280.jpg\",\"keywords\":[\"enflasyon\",\"\u0130stanbul T\u00fcketici Fiyat \u0130ndeksi\",\"\u0130TO\"],\"articleSection\":[\"Ekonomi\",\"G\u00dcNDEM\",\"MAN\u015eET\"],\"inLanguage\":\"tr\",\"potentialAction\":[{\"@type\":\"CommentAction\",\"name\":\"Comment\",\"target\":[\"https:\/\/epochtimestr.com\/index.php\/ito-acikladi-istanbulda-enflasyon-belli-oldu#respond\"]}]},{\"@type\":\"WebPage\",\"@id\":\"https:\/\/epochtimestr.com\/index.php\/ito-acikladi-istanbulda-enflasyon-belli-oldu\",\"url\":\"https:\/\/epochtimestr.com\/index.php\/ito-acikladi-istanbulda-enflasyon-belli-oldu\",\"name\":\"\u0130TO A\u00e7\u0131klad\u0131: \u0130stanbul'da Enflasyon Belli Oldu - The Epoch Times TR\",\"isPartOf\":{\"@id\":\"https:\/\/epochtimestr.com\/#website\"},\"primaryImageOfPage\":{\"@id\":\"https:\/\/epochtimestr.com\/index.php\/ito-acikladi-istanbulda-enflasyon-belli-oldu#primaryimage\"},\"image\":{\"@id\":\"https:\/\/epochtimestr.com\/index.php\/ito-acikladi-istanbulda-enflasyon-belli-oldu#primaryimage\"},\"thumbnailUrl\":\"https:\/\/epochtimestr.com\/wp-content\/uploads\/2011y\/market-3860952_1280.jpg\",\"datePublished\":\"2026-09-01T13:15:18+00:00\",\"dateModified\":\"2026-09-01T13:15:23+00:00\",\"description\":\"\u0130TO, \u0130stanbul'da enflasyon verilerini a\u00e7\u0131klad\u0131. Perakende fiyatlar a\u011fustosta ayl\u0131k y\u00fczde 1,66 artarken, y\u0131ll\u0131k fiyat art\u0131\u015f\u0131 y\u00fczde 34,96 oldu.\",\"inLanguage\":\"tr\",\"potentialAction\":[{\"@type\":\"ReadAction\",\"target\":[\"https:\/\/epochtimestr.com\/index.php\/ito-acikladi-istanbulda-enflasyon-belli-oldu\"]}]},{\"@type\":\"ImageObject\",\"inLanguage\":\"tr\",\"@id\":\"https:\/\/epochtimestr.com\/index.php\/ito-acikladi-istanbulda-enflasyon-belli-oldu#primaryimage\",\"url\":\"https:\/\/epochtimestr.com\/wp-content\/uploads\/2011y\/market-3860952_1280.jpg\",\"contentUrl\":\"https:\/\/epochtimestr.com\/wp-content\/uploads\/2011y\/market-3860952_1280.jpg\",\"width\":1280,\"height\":854},{\"@type\":\"WebSite\",\"@id\":\"https:\/\/epochtimestr.com\/#website\",\"url\":\"https:\/\/epochtimestr.com\/\",\"name\":\"The Epoch Times TR\",\"description\":\"De\u011fi\u015fen D\u00fcnyam\u0131za Taze Bir Bak\u0131\u015f\",\"publisher\":{\"@id\":\"https:\/\/epochtimestr.com\/#organization\"},\"potentialAction\":[{\"@type\":\"SearchAction\",\"target\":{\"@type\":\"EntryPoint\",\"urlTemplate\":\"https:\/\/epochtimestr.com\/?s={search_term_string}\"},\"query-input\":\"required name=search_term_string\"}],\"inLanguage\":\"tr\"},{\"@type\":\"Organization\",\"@id\":\"https:\/\/epochtimestr.com\/#organization\",\"name\":\"The EpochTimes T\u00fcrkiye\",\"url\":\"https:\/\/epochtimestr.com\/\",\"logo\":{\"@type\":\"ImageObject\",\"inLanguage\":\"tr\",\"@id\":\"https:\/\/epochtimestr.com\/#\/schema\/logo\/image\/\",\"url\":\"https:\/\/epochtimestr.com\/wp-content\/uploads\/2011y\/ET-Logo-YG.jpg\",\"contentUrl\":\"https:\/\/epochtimestr.com\/wp-content\/uploads\/2011y\/ET-Logo-YG.jpg\",\"width\":346,\"height\":29,\"caption\":\"The EpochTimes T\u00fcrkiye\"},\"image\":{\"@id\":\"https:\/\/epochtimestr.com\/#\/schema\/logo\/image\/\"},\"sameAs\":[\"https:\/\/www.facebook.com\/theepochtimestr\",\"https:\/\/x.com\/TheEpochTimesTR\",\"https:\/\/www.instagram.com\/epochtimestr\"]},{\"@type\":\"Person\",\"@id\":\"https:\/\/epochtimestr.com\/#\/schema\/person\/3dc5c3adeb9f43923c5aa85889172fdd\",\"name\":\"Haber Merkezi\",\"image\":{\"@type\":\"ImageObject\",\"inLanguage\":\"tr\",\"@id\":\"https:\/\/epochtimestr.com\/#\/schema\/person\/image\/\",\"url\":\"https:\/\/secure.gravatar.com\/avatar\/d73f772ba5a74f28601361e17c2f93e6?s=96&d=mm&r=g\",\"contentUrl\":\"https:\/\/secure.gravatar.com\/avatar\/d73f772ba5a74f28601361e17c2f93e6?s=96&d=mm&r=g\",\"caption\":\"Haber Merkezi\"},\"url\":\"https:\/\/epochtimestr.com\/index.php\/author\/sendag\"}]}<\/script>\n<!-- \/ Yoast SEO plugin. -->","yoast_head_json":{"title":"\u0130TO A\u00e7\u0131klad\u0131: \u0130stanbul'da Enflasyon Belli Oldu - The Epoch Times TR","description":"\u0130TO, \u0130stanbul'da enflasyon verilerini a\u00e7\u0131klad\u0131. Perakende fiyatlar a\u011fustosta ayl\u0131k y\u00fczde 1,66 artarken, y\u0131ll\u0131k fiyat art\u0131\u015f\u0131 y\u00fczde 34,96 oldu.","robots":{"index":"index","follow":"follow","max-snippet":"max-snippet:-1","max-image-preview":"max-image-preview:large","max-video-preview":"max-video-preview:-1"},"canonical":"https:\/\/epochtimestr.com\/index.php\/ito-acikladi-istanbulda-enflasyon-belli-oldu","og_locale":"tr_TR","og_type":"article","og_title":"\u0130TO A\u00e7\u0131klad\u0131: \u0130stanbul'da Enflasyon Belli Oldu - The Epoch Times TR","og_description":"\u0130TO, \u0130stanbul'da enflasyon verilerini a\u00e7\u0131klad\u0131. Perakende fiyatlar a\u011fustosta ayl\u0131k y\u00fczde 1,66 artarken, y\u0131ll\u0131k fiyat art\u0131\u015f\u0131 y\u00fczde 34,96 oldu.","og_url":"https:\/\/epochtimestr.com\/index.php\/ito-acikladi-istanbulda-enflasyon-belli-oldu","og_site_name":"The Epoch Times TR","article_publisher":"https:\/\/www.facebook.com\/theepochtimestr","article_published_time":"2026-09-01T13:15:18+00:00","article_modified_time":"2026-09-01T13:15:23+00:00","og_image":[{"width":1280,"height":854,"url":"https:\/\/epochtimestr.com\/wp-content\/uploads\/2011y\/market-3860952_1280.jpg","type":"image\/jpeg"}],"author":"Haber Merkezi","twitter_card":"summary_large_image","twitter_creator":"@TheEpochTimesTR","twitter_site":"@TheEpochTimesTR","twitter_misc":{"Yazan:":"Haber Merkezi","Tahmini okuma s\u00fcresi":"4 dakika"},"schema":{"@context":"https:\/\/schema.org","@graph":[{"@type":"Article","@id":"https:\/\/epochtimestr.com\/index.php\/ito-acikladi-istanbulda-enflasyon-belli-oldu#article","isPartOf":{"@id":"https:\/\/epochtimestr.com\/index.php\/ito-acikladi-istanbulda-enflasyon-belli-oldu"},"author":{"name":"Haber Merkezi","@id":"https:\/\/epochtimestr.com\/#\/schema\/person\/3dc5c3adeb9f43923c5aa85889172fdd"},"headline":"\u0130TO A\u00e7\u0131klad\u0131: \u0130stanbul&#8217;da Enflasyon Belli Oldu","datePublished":"2026-09-01T13:15:18+00:00","dateModified":"2026-09-01T13:15:23+00:00","mainEntityOfPage":{"@id":"https:\/\/epochtimestr.com\/index.php\/ito-acikladi-istanbulda-enflasyon-belli-oldu"},"wordCount":488,"commentCount":0,"publisher":{"@id":"https:\/\/epochtimestr.com\/#organization"},"image":{"@id":"https:\/\/epochtimestr.com\/index.php\/ito-acikladi-istanbulda-enflasyon-belli-oldu#primaryimage"},"thumbnailUrl":"https:\/\/epochtimestr.com\/wp-content\/uploads\/2011y\/market-3860952_1280.jpg","keywords":["enflasyon","\u0130stanbul T\u00fcketici Fiyat \u0130ndeksi","\u0130TO"],"articleSection":["Ekonomi","G\u00dcNDEM","MAN\u015eET"],"inLanguage":"tr","potentialAction":[{"@type":"CommentAction","name":"Comment","target":["https:\/\/epochtimestr.com\/index.php\/ito-acikladi-istanbulda-enflasyon-belli-oldu#respond"]}]},{"@type":"WebPage","@id":"https:\/\/epochtimestr.com\/index.php\/ito-acikladi-istanbulda-enflasyon-belli-oldu","url":"https:\/\/epochtimestr.com\/index.php\/ito-acikladi-istanbulda-enflasyon-belli-oldu","name":"\u0130TO A\u00e7\u0131klad\u0131: \u0130stanbul'da Enflasyon Belli Oldu - The Epoch Times TR","isPartOf":{"@id":"https:\/\/epochtimestr.com\/#website"},"primaryImageOfPage":{"@id":"https:\/\/epochtimestr.com\/index.php\/ito-acikladi-istanbulda-enflasyon-belli-oldu#primaryimage"},"image":{"@id":"https:\/\/epochtimestr.com\/index.php\/ito-acikladi-istanbulda-enflasyon-belli-oldu#primaryimage"},"thumbnailUrl":"https:\/\/epochtimestr.com\/wp-content\/uploads\/2011y\/market-3860952_1280.jpg","datePublished":"2026-09-01T13:15:18+00:00","dateModified":"2026-09-01T13:15:23+00:00","description":"\u0130TO, \u0130stanbul'da enflasyon verilerini a\u00e7\u0131klad\u0131. Perakende fiyatlar a\u011fustosta ayl\u0131k y\u00fczde 1,66 artarken, y\u0131ll\u0131k fiyat art\u0131\u015f\u0131 y\u00fczde 34,96 oldu.","inLanguage":"tr","potentialAction":[{"@type":"ReadAction","target":["https:\/\/epochtimestr.com\/index.php\/ito-acikladi-istanbulda-enflasyon-belli-oldu"]}]},{"@type":"ImageObject","inLanguage":"tr","@id":"https:\/\/epochtimestr.com\/index.php\/ito-acikladi-istanbulda-enflasyon-belli-oldu#primaryimage","url":"https:\/\/epochtimestr.com\/wp-content\/uploads\/2011y\/market-3860952_1280.jpg","contentUrl":"https:\/\/epochtimestr.com\/wp-content\/uploads\/2011y\/market-3860952_1280.jpg","width":1280,"height":854},{"@type":"WebSite","@id":"https:\/\/epochtimestr.com\/#website","url":"https:\/\/epochtimestr.com\/","name":"The Epoch Times TR","description":"De\u011fi\u015fen D\u00fcnyam\u0131za Taze Bir Bak\u0131\u015f","publisher":{"@id":"https:\/\/epochtimestr.com\/#organization"},"potentialAction":[{"@type":"SearchAction","target":{"@type":"EntryPoint","urlTemplate":"https:\/\/epochtimestr.com\/?s={search_term_string}"},"query-input":"required name=search_term_string"}],"inLanguage":"tr"},{"@type":"Organization","@id":"https:\/\/epochtimestr.com\/#organization","name":"The EpochTimes T\u00fcrkiye","url":"https:\/\/epochtimestr.com\/","logo":{"@type":"ImageObject","inLanguage":"tr","@id":"https:\/\/epochtimestr.com\/#\/schema\/logo\/image\/","url":"https:\/\/epochtimestr.com\/wp-content\/uploads\/2011y\/ET-Logo-YG.jpg","contentUrl":"https:\/\/epochtimestr.com\/wp-content\/uploads\/2011y\/ET-Logo-YG.jpg","width":346,"height":29,"caption":"The EpochTimes T\u00fcrkiye"},"image":{"@id":"https:\/\/epochtimestr.com\/#\/schema\/logo\/image\/"},"sameAs":["https:\/\/www.facebook.com\/theepochtimestr","https:\/\/x.com\/TheEpochTimesTR","https:\/\/www.instagram.com\/epochtimestr"]},{"@type":"Person","@id":"https:\/\/epochtimestr.com\/#\/schema\/person\/3dc5c3adeb9f43923c5aa85889172fdd","name":"Haber Merkezi","image":{"@type":"ImageObject","inLanguage":"tr","@id":"https:\/\/epochtimestr.com\/#\/schema\/person\/image\/","url":"https:\/\/secure.gravatar.com\/avatar\/d73f772ba5a74f28601361e17c2f93e6?s=96&d=mm&r=g","contentUrl":"https:\/\/secure.gravatar.com\/avatar\/d73f772ba5a74f28601361e17c2f93e6?s=96&d=mm&r=g","caption":"Haber Merkezi"},"url":"https:\/\/epochtimestr.com\/index.php\/author\/sendag"}]}},"_links":{"self":[{"href":"https:\/\/epochtimestr.com\/index.php\/wp-json\/wp\/v2\/posts\/171324"}],"collection":[{"href":"https:\/\/epochtimestr.com\/index.php\/wp-json\/wp\/v2\/posts"}],"about":[{"href":"https:\/\/epochtimestr.com\/index.php\/wp-json\/wp\/v2\/types\/post"}],"author":[{"embeddable":true,"href":"https:\/\/epochtimestr.com\/index.php\/wp-json\/wp\/v2\/users\/12791"}],"replies":[{"embeddable":true,"href":"https:\/\/epochtimestr.com\/index.php\/wp-json\/wp\/v2\/comments?post=171324"}],"version-history":[{"count":2,"href":"https:\/\/epochtimestr.com\/index.php\/wp-json\/wp\/v2\/posts\/171324\/revisions"}],"predecessor-version":[{"id":171335,"href":"https:\/\/epochtimestr.com\/index.php\/wp-json\/wp\/v2\/posts\/171324\/revisions\/171335"}],"wp:featuredmedia":[{"embeddable":true,"href":"https:\/\/epochtimestr.com\/index.php\/wp-json\/wp\/v2\/media\/171325"}],"wp:attachment":[{"href":"https:\/\/epochtimestr.com\/index.php\/wp-json\/wp\/v2\/media?parent=171324"}],"wp:term":[{"taxonomy":"category","embeddable":true,"href":"https:\/\/epochtimestr.com\/index.php\/wp-json\/wp\/v2\/categories?post=171324"},{"taxonomy":"post_tag","embeddable":true,"href":"https:\/\/epochtimestr.com\/index.php\/wp-json\/wp\/v2\/tags?post=171324"}],"curies":[{"name":"wp","href":"https:\/\/api.w.org\/{rel}","templated":true}]}}