{"id":171352,"date":"2026-09-01T21:46:44","date_gmt":"2026-09-01T18:46:44","guid":{"rendered":"https:\/\/epochtimestr.com\/?p=171352"},"modified":"2026-09-01T21:46:47","modified_gmt":"2026-09-01T18:46:47","slug":"cumhurbaskani-erdogan-ve-putin-biskekte-bir-araya-geldi","status":"publish","type":"post","link":"https:\/\/epochtimestr.com\/index.php\/cumhurbaskani-erdogan-ve-putin-biskekte-bir-araya-geldi","title":{"rendered":"Cumhurba\u015fkan\u0131 Erdo\u011fan ve Putin Bi\u015fkek&#8217;te Bir Araya Geldi"},"content":{"rendered":"<div class=\"wp-block-image\">\n<figure class=\"aligncenter size-full\"><img loading=\"lazy\" decoding=\"async\" width=\"1600\" height=\"1120\" src=\"https:\/\/epochtimestr.com\/wp-content\/uploads\/2011y\/PUTIN_GORUSME_3-1.jpg\" alt=\"Cumhurba\u015fkan\u0131 Erdo\u011fan ve Putin Bi\u015fkek'te bir araya geldi. (Foto\u011fraf: \u0130leti\u015fim Ba\u015fkanl\u0131\u011f\u0131 x hesab\u0131)\" class=\"wp-image-171354\" srcset=\"https:\/\/epochtimestr.com\/wp-content\/uploads\/2011y\/PUTIN_GORUSME_3-1.jpg 1600w, https:\/\/epochtimestr.com\/wp-content\/uploads\/2011y\/PUTIN_GORUSME_3-1-300x210.jpg 300w, https:\/\/epochtimestr.com\/wp-content\/uploads\/2011y\/PUTIN_GORUSME_3-1-150x105.jpg 150w, https:\/\/epochtimestr.com\/wp-content\/uploads\/2011y\/PUTIN_GORUSME_3-1-768x538.jpg 768w, https:\/\/epochtimestr.com\/wp-content\/uploads\/2011y\/PUTIN_GORUSME_3-1-1536x1075.jpg 1536w\" sizes=\"(max-width: 1600px) 100vw, 1600px\" \/><figcaption class=\"wp-element-caption\">Cumhurba\u015fkan\u0131 Erdo\u011fan ve Putin Bi\u015fkek&#8217;te bir araya geldi. (Foto\u011fraf: \u0130leti\u015fim Ba\u015fkanl\u0131\u011f\u0131 x hesab\u0131)<\/figcaption><\/figure><\/div>\n\n\n<h2 class=\"wp-block-heading\">AKP&#8217;li Cumhurba\u015fkan\u0131 Recep Tayyip Erdo\u011fan, \u015eanghay \u0130\u015fbirli\u011fi \u00d6rg\u00fct\u00fc (\u015e\u0130\u00d6) Devlet Ba\u015fkanlar\u0131 Zirvesi kapsam\u0131nda, Rusya Devlet Ba\u015fkan\u0131 Vladimir Putin ile bir araya geldi.<\/h2>\n\n\n\n<p>AKP&#8217;li Cumhurba\u015fkan\u0131 Recep Tayyip Erdo\u011fan, <a href=\"https:\/\/epochtimestr.com\/index.php\/cumhurbaskani-erdogan-sanghayda-konustu\" target=\"_blank\" rel=\"noreferrer noopener\">\u015eanghay<\/a> \u0130\u015fbirli\u011fi \u00d6rg\u00fct\u00fc (\u015e\u0130\u00d6) Devlet Ba\u015fkanlar\u0131 Zirvesi kapsam\u0131nda, Rusya Devlet Ba\u015fkan\u0131 Vladimir Putin ile bir araya geldi. Erdo\u011fan, yapt\u0131\u011f\u0131 a\u00e7\u0131klamada, &#8220;Bug\u00fcn b\u00f6yle bir f\u0131rsat\u0131 de\u011ferlendirmeyi \u00f6nemli buluyorum. <a href=\"https:\/\/epochtimestr.com\/index.php\/turkiye-rusya-arasinda-kritik-gorusme\" target=\"_blank\" rel=\"noreferrer noopener\">T\u00fcrkiye-Rusya <\/a>ili\u015fkileri ger\u00e7ekten her d\u00f6neme g\u00f6re bug\u00fcn \u00e7ok daha ileri d\u00fczeyde&#8221; dedi.<\/p>\n\n\n\n<p><strong>Erdo\u011fan, \u015f\u00f6yle konu\u015ftu:<\/strong><\/p>\n\n\n\n<p>&#8220;Rus turistlerin T\u00fcrkiye&#8217;deki \u00f6nemi \u00e7ok \u00e7ok farkl\u0131. Bug\u00fcn Antalya&#8217;n\u0131n en \u00f6nemli turist a\u011f\u0131n\u0131 Rusya&#8217;dan gelen dostlar olu\u015fturuyor. Tabii bunun yan\u0131nda Say\u0131n Ba\u015fkan&#8217;\u0131n da ifade etti\u011fi gibi Rusya-T\u00fcrkiye ili\u015fkilerinde Akkuyu Santrali b\u00fcy\u00fck \u00f6nem arz etmektedir. \u015eu anda art\u0131k Akkuyu Santrali&#8217;nin bitim d\u00f6nemine girmi\u015f vaziyetteyiz. Art\u0131k Akkuyu Santrali bitsin, a\u00e7\u0131l\u0131\u015f\u0131n\u0131 yapal\u0131m diye bekliyoruz. \u00c7\u00fcnk\u00fc Akkuyu N\u00fckleer Santrali&#8217;nin a\u00e7\u0131l\u0131\u015f\u0131yla birlikte yeni baz\u0131 santrallerin a\u00e7\u0131l\u0131\u015f ad\u0131mlar\u0131n\u0131 da yine birlikte ataca\u011f\u0131z. Bu haz\u0131rl\u0131klar\u0131n i\u00e7erisindeyiz. B\u00fct\u00fcn bunlar\u0131n yan\u0131nda tar\u0131mda, enerjide g\u00fc\u00e7l\u00fc bir birlikteli\u011fimiz var.&#8221;<\/p>\n\n\n\n<p><strong>Rusya Devlet Ba\u015fkan\u0131 Putin\u2019in konu\u015fmas\u0131<\/strong><\/p>\n\n\n\n<p>Rusya Devlet Ba\u015fkan\u0131 Vladimir Putin, \u015eanghay \u0130\u015f Birli\u011fi \u00d6rg\u00fct\u00fc Devlet Ba\u015fkanlar\u0131 Zirvesi kapsam\u0131nda, Cumhurba\u015fkan\u0131 Erdo\u011fan ile bir araya geldi. G\u00f6r\u00fc\u015fmenin ba\u015f\u0131nda konu\u015fan Putin, Erdo\u011fan ile uzun s\u00fcredir g\u00f6r\u00fc\u015fmediklerini belirterek &#8220;Yeniden g\u00f6r\u00fc\u015fmekten memnuniyet duydum. \u0130kili ili\u015fkilerimizi kontrol alt\u0131nda tutuyoruz.&#8221; diye konu\u015ftu.<\/p>\n\n\n\n<p>Putin, Rusya ile T\u00fcrkiye aras\u0131ndaki ili\u015fkilere de\u011finerek &#8220;T\u00fcrkiye, d\u0131\u015f politika ve ekonomi alanlar\u0131nda ayr\u0131cal\u0131kl\u0131 ortaklar\u0131m\u0131zdan biri. H\u00fck\u00fcmetler aras\u0131 Komisyon aktif \u015fekilde \u00e7al\u0131\u015f\u0131yor. \u0130lginiz sayesinde ekonomik i\u015f birli\u011fi y\u00fcksek seviyede kal\u0131yor. Ortak projeler hayata ge\u00e7irilmeye devam ediyor. Bunlardan biri Akkuyu N\u00fckleer G\u00fc\u00e7 Santrali. Santralin ilk \u00fcnitesini bu y\u0131l devreye sokma hedefi koydunuz. Bu b\u00f6yle olacak.&#8221; dedi.<\/p>\n\n\n\n<p>T\u00fcrkiye ile k\u00fclt\u00fcr ve insani alanlarda da i\u015f birli\u011fi potansiyelinin y\u00fcksek oldu\u011funu dile getiren Putin, &#8220;T\u00fcrkiye&#8217;ye Rus turist ak\u0131\u015f\u0131 art\u0131yor. Ge\u00e7en y\u0131l 7 milyona yak\u0131n Rus turist T\u00fcrkiye\u2019yi ziyaret etti. Bug\u00fcn, kar\u015f\u0131l\u0131kl\u0131 \u00e7\u0131karlar\u0131m\u0131z\u0131 ilgilendiren bu ve di\u011fer konular\u0131 g\u00f6r\u00fc\u015fmek i\u00e7in f\u0131rsat\u0131m\u0131z var. G\u00f6r\u00fc\u015fmemize \u00e7ok sevindim.&#8221; ifadelerini kulland\u0131.<\/p>\n\n\n\n<p>G\u00f6r\u00fc\u015fmede, D\u0131\u015fi\u015fleri Bakan\u0131 Hakan Fidan ile M\u0130T Ba\u015fkan\u0131 \u0130brahim Kal\u0131n da yer ald\u0131.<\/p>\n\n\n\n<figure class=\"wp-block-embed is-type-rich is-provider-x wp-block-embed-x\"><div class=\"wp-block-embed__wrapper\">\n<blockquote class=\"twitter-tweet\" data-width=\"550\" data-dnt=\"true\"><p lang=\"tr\" dir=\"ltr\">Cumhurba\u015fkan\u0131m\u0131z Say\u0131n Recep Tayyip Erdo\u011fan, \u015eanghay \u0130\u015fbirli\u011fi \u00d6rg\u00fct\u00fc Devlet Ba\u015fkanlar\u0131 Zirvesi nedeniyle bulundu\u011fu K\u0131rg\u0131zistan&#39;\u0131n ba\u015fkenti Bi\u015fkek&#39;te Rusya Devlet Ba\u015fkan\u0131 Vladimir Putin ile g\u00f6r\u00fc\u015ft\u00fc. <a href=\"https:\/\/t.co\/7qIg2d82kL\">pic.twitter.com\/7qIg2d82kL<\/a><\/p>&mdash; T.C. \u0130leti\u015fim Ba\u015fkanl\u0131\u011f\u0131 (@iletisim) <a href=\"https:\/\/x.com\/iletisim\/status\/2094805856307097829?ref_src=twsrc%5Etfw\">September 1, 2026<\/a><\/blockquote><script async src=\"https:\/\/platform.x.com\/widgets.js\" charset=\"utf-8\"><\/script>\n<\/div><\/figure>\n","protected":false},"excerpt":{"rendered":"<p>AKP&#8217;li Cumhurba\u015fkan\u0131 Recep Tayyip Erdo\u011fan, \u015eanghay \u0130\u015fbirli\u011fi \u00d6rg\u00fct\u00fc (\u015e\u0130\u00d6) Devlet Ba\u015fkanlar\u0131 Zirvesi kapsam\u0131nda, Rusya Devlet Ba\u015fkan\u0131 Vladimir Putin ile bir araya geldi. AKP&#8217;li Cumhurba\u015fkan\u0131 Recep Tayyip Erdo\u011fan, \u015eanghay \u0130\u015fbirli\u011fi \u00d6rg\u00fct\u00fc (\u015e\u0130\u00d6) Devlet Ba\u015fkanlar\u0131 Zirvesi kapsam\u0131nda, Rusya Devlet Ba\u015fkan\u0131 Vladimir Putin ile bir araya geldi. Erdo\u011fan, yapt\u0131\u011f\u0131 a\u00e7\u0131klamada, &#8220;Bug\u00fcn b\u00f6yle bir f\u0131rsat\u0131 de\u011ferlendirmeyi \u00f6nemli buluyorum. T\u00fcrkiye-Rusya [&hellip;]<\/p>\n","protected":false},"author":12791,"featured_media":171354,"comment_status":"open","ping_status":"open","sticky":false,"template":"","format":"standard","meta":{"_yoast_wpseo_focuskw":"Erdo\u011fan - Putin","_yoast_wpseo_title":"","_yoast_wpseo_metadesc":"Erdo\u011fan, \u015eanghay \u0130\u015fbirli\u011fi \u00d6rg\u00fct\u00fc (\u015e\u0130\u00d6) Devlet Ba\u015fkanlar\u0131 Zirvesi kapsam\u0131nda, Rusya Devlet Ba\u015fkan\u0131 Vladimir Putin ile bir araya geldi.","_bbp_topic_count":0,"_bbp_reply_count":0,"_bbp_total_topic_count":0,"_bbp_total_reply_count":0,"_bbp_voice_count":0,"_bbp_anonymous_reply_count":0,"_bbp_topic_count_hidden":0,"_bbp_reply_count_hidden":0,"_bbp_forum_subforum_count":0,"footnotes":"","_yoast_wpseo_focuskw_text_input":""},"categories":[1,8138,8226,12306],"tags":[895,3871,12593,12592],"yoast_head":"<!-- This site is optimized with the Yoast SEO plugin v23.0 - https:\/\/yoast.com\/wordpress\/plugins\/seo\/ -->\n<title>Cumhurba\u015fkan\u0131 Erdo\u011fan ve Putin Bi\u015fkek&#039;te Bir Araya Geldi - The Epoch Times TR<\/title>\n<meta name=\"description\" content=\"Erdo\u011fan, \u015eanghay \u0130\u015fbirli\u011fi \u00d6rg\u00fct\u00fc (\u015e\u0130\u00d6) Devlet Ba\u015fkanlar\u0131 Zirvesi kapsam\u0131nda, Rusya Devlet Ba\u015fkan\u0131 Vladimir Putin ile bir araya geldi.\" \/>\n<meta name=\"robots\" content=\"index, follow, max-snippet:-1, max-image-preview:large, max-video-preview:-1\" \/>\n<link rel=\"canonical\" href=\"https:\/\/epochtimestr.com\/index.php\/cumhurbaskani-erdogan-ve-putin-biskekte-bir-araya-geldi\" \/>\n<meta property=\"og:locale\" content=\"tr_TR\" \/>\n<meta property=\"og:type\" content=\"article\" \/>\n<meta property=\"og:title\" content=\"Cumhurba\u015fkan\u0131 Erdo\u011fan ve Putin Bi\u015fkek&#039;te Bir Araya Geldi - The Epoch Times TR\" \/>\n<meta property=\"og:description\" content=\"Erdo\u011fan, \u015eanghay \u0130\u015fbirli\u011fi \u00d6rg\u00fct\u00fc (\u015e\u0130\u00d6) Devlet Ba\u015fkanlar\u0131 Zirvesi kapsam\u0131nda, Rusya Devlet Ba\u015fkan\u0131 Vladimir Putin ile bir araya geldi.\" \/>\n<meta property=\"og:url\" content=\"https:\/\/epochtimestr.com\/index.php\/cumhurbaskani-erdogan-ve-putin-biskekte-bir-araya-geldi\" \/>\n<meta property=\"og:site_name\" content=\"The Epoch Times TR\" \/>\n<meta property=\"article:publisher\" content=\"https:\/\/www.facebook.com\/theepochtimestr\" \/>\n<meta property=\"article:published_time\" content=\"2026-09-01T18:46:44+00:00\" \/>\n<meta property=\"article:modified_time\" content=\"2026-09-01T18:46:47+00:00\" \/>\n<meta property=\"og:image\" content=\"https:\/\/epochtimestr.com\/wp-content\/uploads\/2011y\/PUTIN_GORUSME_3-1.jpg\" \/>\n\t<meta property=\"og:image:width\" content=\"1600\" \/>\n\t<meta property=\"og:image:height\" content=\"1120\" \/>\n\t<meta property=\"og:image:type\" content=\"image\/jpeg\" \/>\n<meta name=\"author\" content=\"Haber Merkezi\" \/>\n<meta name=\"twitter:card\" content=\"summary_large_image\" \/>\n<meta name=\"twitter:creator\" content=\"@TheEpochTimesTR\" \/>\n<meta name=\"twitter:site\" content=\"@TheEpochTimesTR\" \/>\n<meta name=\"twitter:label1\" content=\"Yazan:\" \/>\n\t<meta name=\"twitter:data1\" content=\"Haber Merkezi\" \/>\n\t<meta name=\"twitter:label2\" content=\"Tahmini okuma s\u00fcresi\" \/>\n\t<meta name=\"twitter:data2\" content=\"3 dakika\" \/>\n<script type=\"application\/ld+json\" class=\"yoast-schema-graph\">{\"@context\":\"https:\/\/schema.org\",\"@graph\":[{\"@type\":\"Article\",\"@id\":\"https:\/\/epochtimestr.com\/index.php\/cumhurbaskani-erdogan-ve-putin-biskekte-bir-araya-geldi#article\",\"isPartOf\":{\"@id\":\"https:\/\/epochtimestr.com\/index.php\/cumhurbaskani-erdogan-ve-putin-biskekte-bir-araya-geldi\"},\"author\":{\"name\":\"Haber Merkezi\",\"@id\":\"https:\/\/epochtimestr.com\/#\/schema\/person\/3dc5c3adeb9f43923c5aa85889172fdd\"},\"headline\":\"Cumhurba\u015fkan\u0131 Erdo\u011fan ve Putin Bi\u015fkek&#8217;te Bir Araya Geldi\",\"datePublished\":\"2026-09-01T18:46:44+00:00\",\"dateModified\":\"2026-09-01T18:46:47+00:00\",\"mainEntityOfPage\":{\"@id\":\"https:\/\/epochtimestr.com\/index.php\/cumhurbaskani-erdogan-ve-putin-biskekte-bir-araya-geldi\"},\"wordCount\":482,\"commentCount\":0,\"publisher\":{\"@id\":\"https:\/\/epochtimestr.com\/#organization\"},\"image\":{\"@id\":\"https:\/\/epochtimestr.com\/index.php\/cumhurbaskani-erdogan-ve-putin-biskekte-bir-araya-geldi#primaryimage\"},\"thumbnailUrl\":\"https:\/\/epochtimestr.com\/wp-content\/uploads\/2011y\/PUTIN_GORUSME_3-1.jpg\",\"keywords\":[\"erdo\u011fan\",\"Putin\",\"\u015e\u0130\u00d6\",\"T\u00fcrkiye-Rusya\"],\"articleSection\":[\"G\u00dcNDEM\",\"MAN\u015eET\",\"Siyaset\",\"Uluslararas\u0131 \u0130li\u015fkiler\"],\"inLanguage\":\"tr\",\"potentialAction\":[{\"@type\":\"CommentAction\",\"name\":\"Comment\",\"target\":[\"https:\/\/epochtimestr.com\/index.php\/cumhurbaskani-erdogan-ve-putin-biskekte-bir-araya-geldi#respond\"]}]},{\"@type\":\"WebPage\",\"@id\":\"https:\/\/epochtimestr.com\/index.php\/cumhurbaskani-erdogan-ve-putin-biskekte-bir-araya-geldi\",\"url\":\"https:\/\/epochtimestr.com\/index.php\/cumhurbaskani-erdogan-ve-putin-biskekte-bir-araya-geldi\",\"name\":\"Cumhurba\u015fkan\u0131 Erdo\u011fan ve Putin Bi\u015fkek'te Bir Araya Geldi - The Epoch Times TR\",\"isPartOf\":{\"@id\":\"https:\/\/epochtimestr.com\/#website\"},\"primaryImageOfPage\":{\"@id\":\"https:\/\/epochtimestr.com\/index.php\/cumhurbaskani-erdogan-ve-putin-biskekte-bir-araya-geldi#primaryimage\"},\"image\":{\"@id\":\"https:\/\/epochtimestr.com\/index.php\/cumhurbaskani-erdogan-ve-putin-biskekte-bir-araya-geldi#primaryimage\"},\"thumbnailUrl\":\"https:\/\/epochtimestr.com\/wp-content\/uploads\/2011y\/PUTIN_GORUSME_3-1.jpg\",\"datePublished\":\"2026-09-01T18:46:44+00:00\",\"dateModified\":\"2026-09-01T18:46:47+00:00\",\"description\":\"Erdo\u011fan, \u015eanghay \u0130\u015fbirli\u011fi \u00d6rg\u00fct\u00fc (\u015e\u0130\u00d6) Devlet Ba\u015fkanlar\u0131 Zirvesi kapsam\u0131nda, Rusya Devlet Ba\u015fkan\u0131 Vladimir Putin ile bir araya geldi.\",\"inLanguage\":\"tr\",\"potentialAction\":[{\"@type\":\"ReadAction\",\"target\":[\"https:\/\/epochtimestr.com\/index.php\/cumhurbaskani-erdogan-ve-putin-biskekte-bir-araya-geldi\"]}]},{\"@type\":\"ImageObject\",\"inLanguage\":\"tr\",\"@id\":\"https:\/\/epochtimestr.com\/index.php\/cumhurbaskani-erdogan-ve-putin-biskekte-bir-araya-geldi#primaryimage\",\"url\":\"https:\/\/epochtimestr.com\/wp-content\/uploads\/2011y\/PUTIN_GORUSME_3-1.jpg\",\"contentUrl\":\"https:\/\/epochtimestr.com\/wp-content\/uploads\/2011y\/PUTIN_GORUSME_3-1.jpg\",\"width\":1600,\"height\":1120},{\"@type\":\"WebSite\",\"@id\":\"https:\/\/epochtimestr.com\/#website\",\"url\":\"https:\/\/epochtimestr.com\/\",\"name\":\"The Epoch Times TR\",\"description\":\"De\u011fi\u015fen D\u00fcnyam\u0131za Taze Bir Bak\u0131\u015f\",\"publisher\":{\"@id\":\"https:\/\/epochtimestr.com\/#organization\"},\"potentialAction\":[{\"@type\":\"SearchAction\",\"target\":{\"@type\":\"EntryPoint\",\"urlTemplate\":\"https:\/\/epochtimestr.com\/?s={search_term_string}\"},\"query-input\":\"required name=search_term_string\"}],\"inLanguage\":\"tr\"},{\"@type\":\"Organization\",\"@id\":\"https:\/\/epochtimestr.com\/#organization\",\"name\":\"The EpochTimes T\u00fcrkiye\",\"url\":\"https:\/\/epochtimestr.com\/\",\"logo\":{\"@type\":\"ImageObject\",\"inLanguage\":\"tr\",\"@id\":\"https:\/\/epochtimestr.com\/#\/schema\/logo\/image\/\",\"url\":\"https:\/\/epochtimestr.com\/wp-content\/uploads\/2011y\/ET-Logo-YG.jpg\",\"contentUrl\":\"https:\/\/epochtimestr.com\/wp-content\/uploads\/2011y\/ET-Logo-YG.jpg\",\"width\":346,\"height\":29,\"caption\":\"The EpochTimes T\u00fcrkiye\"},\"image\":{\"@id\":\"https:\/\/epochtimestr.com\/#\/schema\/logo\/image\/\"},\"sameAs\":[\"https:\/\/www.facebook.com\/theepochtimestr\",\"https:\/\/x.com\/TheEpochTimesTR\",\"https:\/\/www.instagram.com\/epochtimestr\"]},{\"@type\":\"Person\",\"@id\":\"https:\/\/epochtimestr.com\/#\/schema\/person\/3dc5c3adeb9f43923c5aa85889172fdd\",\"name\":\"Haber Merkezi\",\"image\":{\"@type\":\"ImageObject\",\"inLanguage\":\"tr\",\"@id\":\"https:\/\/epochtimestr.com\/#\/schema\/person\/image\/\",\"url\":\"https:\/\/secure.gravatar.com\/avatar\/d73f772ba5a74f28601361e17c2f93e6?s=96&d=mm&r=g\",\"contentUrl\":\"https:\/\/secure.gravatar.com\/avatar\/d73f772ba5a74f28601361e17c2f93e6?s=96&d=mm&r=g\",\"caption\":\"Haber Merkezi\"},\"url\":\"https:\/\/epochtimestr.com\/index.php\/author\/sendag\"}]}<\/script>\n<!-- \/ Yoast SEO plugin. -->","yoast_head_json":{"title":"Cumhurba\u015fkan\u0131 Erdo\u011fan ve Putin Bi\u015fkek'te Bir Araya Geldi - The Epoch Times TR","description":"Erdo\u011fan, \u015eanghay \u0130\u015fbirli\u011fi \u00d6rg\u00fct\u00fc (\u015e\u0130\u00d6) Devlet Ba\u015fkanlar\u0131 Zirvesi kapsam\u0131nda, Rusya Devlet Ba\u015fkan\u0131 Vladimir Putin ile bir araya geldi.","robots":{"index":"index","follow":"follow","max-snippet":"max-snippet:-1","max-image-preview":"max-image-preview:large","max-video-preview":"max-video-preview:-1"},"canonical":"https:\/\/epochtimestr.com\/index.php\/cumhurbaskani-erdogan-ve-putin-biskekte-bir-araya-geldi","og_locale":"tr_TR","og_type":"article","og_title":"Cumhurba\u015fkan\u0131 Erdo\u011fan ve Putin Bi\u015fkek'te Bir Araya Geldi - The Epoch Times TR","og_description":"Erdo\u011fan, \u015eanghay \u0130\u015fbirli\u011fi \u00d6rg\u00fct\u00fc (\u015e\u0130\u00d6) Devlet Ba\u015fkanlar\u0131 Zirvesi kapsam\u0131nda, Rusya Devlet Ba\u015fkan\u0131 Vladimir Putin ile bir araya geldi.","og_url":"https:\/\/epochtimestr.com\/index.php\/cumhurbaskani-erdogan-ve-putin-biskekte-bir-araya-geldi","og_site_name":"The Epoch Times TR","article_publisher":"https:\/\/www.facebook.com\/theepochtimestr","article_published_time":"2026-09-01T18:46:44+00:00","article_modified_time":"2026-09-01T18:46:47+00:00","og_image":[{"width":1600,"height":1120,"url":"https:\/\/epochtimestr.com\/wp-content\/uploads\/2011y\/PUTIN_GORUSME_3-1.jpg","type":"image\/jpeg"}],"author":"Haber Merkezi","twitter_card":"summary_large_image","twitter_creator":"@TheEpochTimesTR","twitter_site":"@TheEpochTimesTR","twitter_misc":{"Yazan:":"Haber Merkezi","Tahmini okuma s\u00fcresi":"3 dakika"},"schema":{"@context":"https:\/\/schema.org","@graph":[{"@type":"Article","@id":"https:\/\/epochtimestr.com\/index.php\/cumhurbaskani-erdogan-ve-putin-biskekte-bir-araya-geldi#article","isPartOf":{"@id":"https:\/\/epochtimestr.com\/index.php\/cumhurbaskani-erdogan-ve-putin-biskekte-bir-araya-geldi"},"author":{"name":"Haber Merkezi","@id":"https:\/\/epochtimestr.com\/#\/schema\/person\/3dc5c3adeb9f43923c5aa85889172fdd"},"headline":"Cumhurba\u015fkan\u0131 Erdo\u011fan ve Putin Bi\u015fkek&#8217;te Bir Araya Geldi","datePublished":"2026-09-01T18:46:44+00:00","dateModified":"2026-09-01T18:46:47+00:00","mainEntityOfPage":{"@id":"https:\/\/epochtimestr.com\/index.php\/cumhurbaskani-erdogan-ve-putin-biskekte-bir-araya-geldi"},"wordCount":482,"commentCount":0,"publisher":{"@id":"https:\/\/epochtimestr.com\/#organization"},"image":{"@id":"https:\/\/epochtimestr.com\/index.php\/cumhurbaskani-erdogan-ve-putin-biskekte-bir-araya-geldi#primaryimage"},"thumbnailUrl":"https:\/\/epochtimestr.com\/wp-content\/uploads\/2011y\/PUTIN_GORUSME_3-1.jpg","keywords":["erdo\u011fan","Putin","\u015e\u0130\u00d6","T\u00fcrkiye-Rusya"],"articleSection":["G\u00dcNDEM","MAN\u015eET","Siyaset","Uluslararas\u0131 \u0130li\u015fkiler"],"inLanguage":"tr","potentialAction":[{"@type":"CommentAction","name":"Comment","target":["https:\/\/epochtimestr.com\/index.php\/cumhurbaskani-erdogan-ve-putin-biskekte-bir-araya-geldi#respond"]}]},{"@type":"WebPage","@id":"https:\/\/epochtimestr.com\/index.php\/cumhurbaskani-erdogan-ve-putin-biskekte-bir-araya-geldi","url":"https:\/\/epochtimestr.com\/index.php\/cumhurbaskani-erdogan-ve-putin-biskekte-bir-araya-geldi","name":"Cumhurba\u015fkan\u0131 Erdo\u011fan ve Putin Bi\u015fkek'te Bir Araya Geldi - The Epoch Times TR","isPartOf":{"@id":"https:\/\/epochtimestr.com\/#website"},"primaryImageOfPage":{"@id":"https:\/\/epochtimestr.com\/index.php\/cumhurbaskani-erdogan-ve-putin-biskekte-bir-araya-geldi#primaryimage"},"image":{"@id":"https:\/\/epochtimestr.com\/index.php\/cumhurbaskani-erdogan-ve-putin-biskekte-bir-araya-geldi#primaryimage"},"thumbnailUrl":"https:\/\/epochtimestr.com\/wp-content\/uploads\/2011y\/PUTIN_GORUSME_3-1.jpg","datePublished":"2026-09-01T18:46:44+00:00","dateModified":"2026-09-01T18:46:47+00:00","description":"Erdo\u011fan, \u015eanghay \u0130\u015fbirli\u011fi \u00d6rg\u00fct\u00fc (\u015e\u0130\u00d6) Devlet Ba\u015fkanlar\u0131 Zirvesi kapsam\u0131nda, Rusya Devlet Ba\u015fkan\u0131 Vladimir Putin ile bir araya geldi.","inLanguage":"tr","potentialAction":[{"@type":"ReadAction","target":["https:\/\/epochtimestr.com\/index.php\/cumhurbaskani-erdogan-ve-putin-biskekte-bir-araya-geldi"]}]},{"@type":"ImageObject","inLanguage":"tr","@id":"https:\/\/epochtimestr.com\/index.php\/cumhurbaskani-erdogan-ve-putin-biskekte-bir-araya-geldi#primaryimage","url":"https:\/\/epochtimestr.com\/wp-content\/uploads\/2011y\/PUTIN_GORUSME_3-1.jpg","contentUrl":"https:\/\/epochtimestr.com\/wp-content\/uploads\/2011y\/PUTIN_GORUSME_3-1.jpg","width":1600,"height":1120},{"@type":"WebSite","@id":"https:\/\/epochtimestr.com\/#website","url":"https:\/\/epochtimestr.com\/","name":"The Epoch Times TR","description":"De\u011fi\u015fen D\u00fcnyam\u0131za Taze Bir Bak\u0131\u015f","publisher":{"@id":"https:\/\/epochtimestr.com\/#organization"},"potentialAction":[{"@type":"SearchAction","target":{"@type":"EntryPoint","urlTemplate":"https:\/\/epochtimestr.com\/?s={search_term_string}"},"query-input":"required name=search_term_string"}],"inLanguage":"tr"},{"@type":"Organization","@id":"https:\/\/epochtimestr.com\/#organization","name":"The EpochTimes T\u00fcrkiye","url":"https:\/\/epochtimestr.com\/","logo":{"@type":"ImageObject","inLanguage":"tr","@id":"https:\/\/epochtimestr.com\/#\/schema\/logo\/image\/","url":"https:\/\/epochtimestr.com\/wp-content\/uploads\/2011y\/ET-Logo-YG.jpg","contentUrl":"https:\/\/epochtimestr.com\/wp-content\/uploads\/2011y\/ET-Logo-YG.jpg","width":346,"height":29,"caption":"The EpochTimes T\u00fcrkiye"},"image":{"@id":"https:\/\/epochtimestr.com\/#\/schema\/logo\/image\/"},"sameAs":["https:\/\/www.facebook.com\/theepochtimestr","https:\/\/x.com\/TheEpochTimesTR","https:\/\/www.instagram.com\/epochtimestr"]},{"@type":"Person","@id":"https:\/\/epochtimestr.com\/#\/schema\/person\/3dc5c3adeb9f43923c5aa85889172fdd","name":"Haber Merkezi","image":{"@type":"ImageObject","inLanguage":"tr","@id":"https:\/\/epochtimestr.com\/#\/schema\/person\/image\/","url":"https:\/\/secure.gravatar.com\/avatar\/d73f772ba5a74f28601361e17c2f93e6?s=96&d=mm&r=g","contentUrl":"https:\/\/secure.gravatar.com\/avatar\/d73f772ba5a74f28601361e17c2f93e6?s=96&d=mm&r=g","caption":"Haber Merkezi"},"url":"https:\/\/epochtimestr.com\/index.php\/author\/sendag"}]}},"_links":{"self":[{"href":"https:\/\/epochtimestr.com\/index.php\/wp-json\/wp\/v2\/posts\/171352"}],"collection":[{"href":"https:\/\/epochtimestr.com\/index.php\/wp-json\/wp\/v2\/posts"}],"about":[{"href":"https:\/\/epochtimestr.com\/index.php\/wp-json\/wp\/v2\/types\/post"}],"author":[{"embeddable":true,"href":"https:\/\/epochtimestr.com\/index.php\/wp-json\/wp\/v2\/users\/12791"}],"replies":[{"embeddable":true,"href":"https:\/\/epochtimestr.com\/index.php\/wp-json\/wp\/v2\/comments?post=171352"}],"version-history":[{"count":2,"href":"https:\/\/epochtimestr.com\/index.php\/wp-json\/wp\/v2\/posts\/171352\/revisions"}],"predecessor-version":[{"id":171357,"href":"https:\/\/epochtimestr.com\/index.php\/wp-json\/wp\/v2\/posts\/171352\/revisions\/171357"}],"wp:featuredmedia":[{"embeddable":true,"href":"https:\/\/epochtimestr.com\/index.php\/wp-json\/wp\/v2\/media\/171354"}],"wp:attachment":[{"href":"https:\/\/epochtimestr.com\/index.php\/wp-json\/wp\/v2\/media?parent=171352"}],"wp:term":[{"taxonomy":"category","embeddable":true,"href":"https:\/\/epochtimestr.com\/index.php\/wp-json\/wp\/v2\/categories?post=171352"},{"taxonomy":"post_tag","embeddable":true,"href":"https:\/\/epochtimestr.com\/index.php\/wp-json\/wp\/v2\/tags?post=171352"}],"curies":[{"name":"wp","href":"https:\/\/api.w.org\/{rel}","templated":true}]}}