{"id":171358,"date":"2026-09-02T08:08:23","date_gmt":"2026-09-02T05:08:23","guid":{"rendered":"https:\/\/epochtimestr.com\/?p=171358"},"modified":"2026-09-02T08:08:24","modified_gmt":"2026-09-02T05:08:24","slug":"gazeteci-sukran-soner-hayatini-kaybetti","status":"publish","type":"post","link":"https:\/\/epochtimestr.com\/index.php\/gazeteci-sukran-soner-hayatini-kaybetti","title":{"rendered":"Gazeteci \u015e\u00fckran Soner Hayat\u0131n\u0131 Kaybetti"},"content":{"rendered":"<div class=\"wp-block-image\">\n<figure class=\"aligncenter size-full\"><img loading=\"lazy\" decoding=\"async\" width=\"1200\" height=\"675\" src=\"https:\/\/epochtimestr.com\/wp-content\/uploads\/2011y\/sukran.webp\" alt=\"Gazeteci \u015e\u00fckran Soner hayat\u0131n\u0131 kaybetti. (Foto\u011fraf: Cumhuriyet x hesab\u0131)\" class=\"wp-image-171359\" srcset=\"https:\/\/epochtimestr.com\/wp-content\/uploads\/2011y\/sukran.webp 1200w, https:\/\/epochtimestr.com\/wp-content\/uploads\/2011y\/sukran-300x169.webp 300w, https:\/\/epochtimestr.com\/wp-content\/uploads\/2011y\/sukran-150x84.webp 150w, https:\/\/epochtimestr.com\/wp-content\/uploads\/2011y\/sukran-768x432.webp 768w\" sizes=\"(max-width: 1200px) 100vw, 1200px\" \/><figcaption class=\"wp-element-caption\">Gazeteci \u015e\u00fckran Soner hayat\u0131n\u0131 kaybetti. (Foto\u011fraf: Cumhuriyet x hesab\u0131)<\/figcaption><\/figure><\/div>\n\n\n<h2 class=\"wp-block-heading\">Gazeteci ve Cumhuriyet Vakf\u0131 y\u00f6neticisi \u015e\u00fckran Soner, bir s\u00fcredir tedavi g\u00f6rd\u00fc\u011f\u00fc hastanede hayat\u0131n\u0131 kaybetti.<\/h2>\n\n\n\n<p>80 ya\u015f\u0131nda hayat\u0131n\u0131 kaybeden Cumhuriyet Vakf\u0131 Y\u00f6netim Kurulu \u00fcyesi ve <a href=\"https:\/\/epochtimestr.com\/index.php\/turkiye-cumhuriyeti-merkez-bankasindan-yastik-alti-altin-karari\">Cumhuriyet <\/a>Gazetesi yazar\u0131, gazeteci \u015e\u00fckran Soner&#8217;in cenaze program\u0131 belli oldu. Tedavi g\u00f6rd\u00fc\u011f\u00fc hastanede d\u00fcn sabah (1 Eyl\u00fcl) ya\u015fam\u0131n\u0131 yitiren Soner i\u00e7in bug\u00fcn saat 11.30&#8217;da Cumhuriyet gazetesinin \u0130stanbul&#8217;daki merkezinde anma t\u00f6reni d\u00fczenlenecek.<\/p>\n\n\n\n<p>Gazeteci \u015e\u00fckran Soner, \u00f6\u011fle namaz\u0131n\u0131n ard\u0131ndan \u015ei\u015fli Camisi&#8217;nde k\u0131l\u0131nacak cenaze namaz\u0131 sonras\u0131 Ey\u00fcpsultan Mezarl\u0131\u011f\u0131&#8217;nda topra\u011fa verilecek.<\/p>\n\n\n\n<p><strong>\u015e\u00dcKRAN SONER K\u0130MD\u0130R?<\/strong><\/p>\n\n\n\n<p>\u015e\u00fckran Soner, 1946&#8217;da, o d\u00f6nem Yugoslavya s\u0131n\u0131rlar\u0131 i\u00e7inde bulunan ve bug\u00fcn Kosova&#8217;da yer alan Pri\u015ftine&#8217;de do\u011fdu. 1956 y\u0131l\u0131nda ailesiyle birlikte T\u00fcrkiye&#8217;ye g\u00f6\u00e7 eden Soner, e\u011fitim hayat\u0131n\u0131 tamamlad\u0131ktan sonra gazetecilik mesle\u011fine ad\u0131m att\u0131. <\/p>\n\n\n\n<p>Soner, gazetecili\u011fe 1966\u2019da Cumhuriyet gazetesinde muhabir olarak ba\u015flad\u0131. Gen\u00e7 ya\u015f\u0131nda haz\u0131rlad\u0131\u011f\u0131 i\u015f\u00e7i ve e\u011fitim sayfalar\u0131 ile dikkat \u00e7eken Soner, ilerleyen y\u0131llarda bu alanda yaln\u0131zca haber yapmakla kalmayarak sendikal m\u00fccadelenin \u00f6nc\u00fclerinden oldu. \u0130nsan Haklar\u0131 Derne\u011fi, Ada Dostlar\u0131 Derne\u011fi, Ekonomik Toplumsal Tarih Vakf\u0131 gibi sosyal \u00f6rg\u00fctlenmelerin kuruculuk ve y\u00f6netimlerinde \u00e7al\u0131\u015ft\u0131.<\/p>\n\n\n\n<p>Meslek \u00f6rg\u00fctleri i\u00e7inde T\u00fcrkiye Gazeteciler Cemiyeti ve T\u00fcrkiye Gazeteciler Sendikas\u0131 \u00fcyeli\u011fi yan\u0131 s\u0131ra, TGS\u2019de y\u00f6netim organlar\u0131nda da g\u00f6rev alan Soner, 1970\u2019li y\u0131llarda iki d\u00f6nem TGS Genel E\u011fitim Sekreterli\u011fi yapt\u0131. 1999 genel kurulunda y\u00f6netime yeniden girerek TGS Genel Ba\u015fkan Vekili ve 2001 genel kurulunda TGS Genel Ba\u015fkan\u0131 se\u00e7ildi.<\/p>\n\n\n\n<figure class=\"wp-block-embed is-type-rich is-provider-x wp-block-embed-x\"><div class=\"wp-block-embed__wrapper\">\n<blockquote class=\"twitter-tweet\" data-width=\"550\" data-dnt=\"true\"><p lang=\"tr\" dir=\"ltr\">Emek ve insan haklar\u0131 m\u00fccadelesinin \u00f6nc\u00fcs\u00fc, Cumhuriyet\u2019in haf\u0131zas\u0131 \u015e\u00fckran Soner Ablam\u0131z\u0131 kaybettik&#8230;<br><br>Gazetemiz yazar\u0131 ve Cumhuriyet Vakf\u0131 Y\u00f6netim Kurulu \u00fcyesi \u015e\u00fckran Soner, bir s\u00fcredir tedavi g\u00f6rd\u00fc\u011f\u00fc hastanede bu sabah ya\u015fam\u0131n\u0131 yitirdi<a href=\"https:\/\/t.co\/J1QimnQgbq\">https:\/\/t.co\/J1QimnQgbq<\/a> <a href=\"https:\/\/t.co\/2dLb8soAOw\">pic.twitter.com\/2dLb8soAOw<\/a><\/p>&mdash; Cumhuriyet (@cumhuriyetgzt1) <a href=\"https:\/\/x.com\/cumhuriyetgzt1\/status\/2094677977774580007?ref_src=twsrc%5Etfw\">September 1, 2026<\/a><\/blockquote><script async src=\"https:\/\/platform.x.com\/widgets.js\" charset=\"utf-8\"><\/script>\n<\/div><\/figure>\n","protected":false},"excerpt":{"rendered":"<p>Gazeteci ve Cumhuriyet Vakf\u0131 y\u00f6neticisi \u015e\u00fckran Soner, bir s\u00fcredir tedavi g\u00f6rd\u00fc\u011f\u00fc hastanede hayat\u0131n\u0131 kaybetti. 80 ya\u015f\u0131nda hayat\u0131n\u0131 kaybeden Cumhuriyet Vakf\u0131 Y\u00f6netim Kurulu \u00fcyesi ve Cumhuriyet Gazetesi yazar\u0131, gazeteci \u015e\u00fckran Soner&#8217;in cenaze program\u0131 belli oldu. Tedavi g\u00f6rd\u00fc\u011f\u00fc hastanede d\u00fcn sabah (1 Eyl\u00fcl) ya\u015fam\u0131n\u0131 yitiren Soner i\u00e7in bug\u00fcn saat 11.30&#8217;da Cumhuriyet gazetesinin \u0130stanbul&#8217;daki merkezinde anma t\u00f6reni d\u00fczenlenecek. [&hellip;]<\/p>\n","protected":false},"author":12791,"featured_media":171359,"comment_status":"open","ping_status":"open","sticky":false,"template":"","format":"standard","meta":{"_yoast_wpseo_focuskw":"Gazeteci - Soner","_yoast_wpseo_title":"","_yoast_wpseo_metadesc":"Gazeteci ve Cumhuriyet Vakf\u0131 y\u00f6neticisi \u015e\u00fckran Soner, bir s\u00fcredir tedavi g\u00f6rd\u00fc\u011f\u00fc hastanede hayat\u0131n\u0131 kaybetti.","_bbp_topic_count":0,"_bbp_reply_count":0,"_bbp_total_topic_count":0,"_bbp_total_reply_count":0,"_bbp_voice_count":0,"_bbp_anonymous_reply_count":0,"_bbp_topic_count_hidden":0,"_bbp_reply_count_hidden":0,"_bbp_forum_subforum_count":0,"footnotes":"","_yoast_wpseo_focuskw_text_input":""},"categories":[1,8138,8419,6917],"tags":[5051,12594],"yoast_head":"<!-- This site is optimized with the Yoast SEO plugin v23.0 - https:\/\/yoast.com\/wordpress\/plugins\/seo\/ -->\n<title>Gazeteci \u015e\u00fckran Soner Hayat\u0131n\u0131 Kaybetti - The Epoch Times TR<\/title>\n<meta name=\"description\" content=\"Gazeteci ve Cumhuriyet Vakf\u0131 y\u00f6neticisi \u015e\u00fckran Soner, bir s\u00fcredir tedavi g\u00f6rd\u00fc\u011f\u00fc hastanede hayat\u0131n\u0131 kaybetti.\" \/>\n<meta name=\"robots\" content=\"index, follow, max-snippet:-1, max-image-preview:large, max-video-preview:-1\" \/>\n<link rel=\"canonical\" href=\"https:\/\/epochtimestr.com\/index.php\/gazeteci-sukran-soner-hayatini-kaybetti\" \/>\n<meta property=\"og:locale\" content=\"tr_TR\" \/>\n<meta property=\"og:type\" content=\"article\" \/>\n<meta property=\"og:title\" content=\"Gazeteci \u015e\u00fckran Soner Hayat\u0131n\u0131 Kaybetti - The Epoch Times TR\" \/>\n<meta property=\"og:description\" content=\"Gazeteci ve Cumhuriyet Vakf\u0131 y\u00f6neticisi \u015e\u00fckran Soner, bir s\u00fcredir tedavi g\u00f6rd\u00fc\u011f\u00fc hastanede hayat\u0131n\u0131 kaybetti.\" \/>\n<meta property=\"og:url\" content=\"https:\/\/epochtimestr.com\/index.php\/gazeteci-sukran-soner-hayatini-kaybetti\" \/>\n<meta property=\"og:site_name\" content=\"The Epoch Times TR\" \/>\n<meta property=\"article:publisher\" content=\"https:\/\/www.facebook.com\/theepochtimestr\" \/>\n<meta property=\"article:published_time\" content=\"2026-09-02T05:08:23+00:00\" \/>\n<meta property=\"article:modified_time\" content=\"2026-09-02T05:08:24+00:00\" \/>\n<meta property=\"og:image\" content=\"https:\/\/epochtimestr.com\/wp-content\/uploads\/2011y\/sukran.webp\" \/>\n\t<meta property=\"og:image:width\" content=\"1200\" \/>\n\t<meta property=\"og:image:height\" content=\"675\" \/>\n\t<meta property=\"og:image:type\" content=\"image\/webp\" \/>\n<meta name=\"author\" content=\"Haber Merkezi\" \/>\n<meta name=\"twitter:card\" content=\"summary_large_image\" \/>\n<meta name=\"twitter:creator\" content=\"@TheEpochTimesTR\" \/>\n<meta name=\"twitter:site\" content=\"@TheEpochTimesTR\" \/>\n<meta name=\"twitter:label1\" content=\"Yazan:\" \/>\n\t<meta name=\"twitter:data1\" content=\"Haber Merkezi\" \/>\n\t<meta name=\"twitter:label2\" content=\"Tahmini okuma s\u00fcresi\" \/>\n\t<meta name=\"twitter:data2\" content=\"2 dakika\" \/>\n<script type=\"application\/ld+json\" class=\"yoast-schema-graph\">{\"@context\":\"https:\/\/schema.org\",\"@graph\":[{\"@type\":\"Article\",\"@id\":\"https:\/\/epochtimestr.com\/index.php\/gazeteci-sukran-soner-hayatini-kaybetti#article\",\"isPartOf\":{\"@id\":\"https:\/\/epochtimestr.com\/index.php\/gazeteci-sukran-soner-hayatini-kaybetti\"},\"author\":{\"name\":\"Haber Merkezi\",\"@id\":\"https:\/\/epochtimestr.com\/#\/schema\/person\/3dc5c3adeb9f43923c5aa85889172fdd\"},\"headline\":\"Gazeteci \u015e\u00fckran Soner Hayat\u0131n\u0131 Kaybetti\",\"datePublished\":\"2026-09-02T05:08:23+00:00\",\"dateModified\":\"2026-09-02T05:08:24+00:00\",\"mainEntityOfPage\":{\"@id\":\"https:\/\/epochtimestr.com\/index.php\/gazeteci-sukran-soner-hayatini-kaybetti\"},\"wordCount\":293,\"commentCount\":0,\"publisher\":{\"@id\":\"https:\/\/epochtimestr.com\/#organization\"},\"image\":{\"@id\":\"https:\/\/epochtimestr.com\/index.php\/gazeteci-sukran-soner-hayatini-kaybetti#primaryimage\"},\"thumbnailUrl\":\"https:\/\/epochtimestr.com\/wp-content\/uploads\/2011y\/sukran.webp\",\"keywords\":[\"Cumhuriyet\",\"\u015e\u00fckran Soner\"],\"articleSection\":[\"G\u00dcNDEM\",\"MAN\u015eET\",\"Ya\u015fam\",\"Yaz\u0131n\"],\"inLanguage\":\"tr\",\"potentialAction\":[{\"@type\":\"CommentAction\",\"name\":\"Comment\",\"target\":[\"https:\/\/epochtimestr.com\/index.php\/gazeteci-sukran-soner-hayatini-kaybetti#respond\"]}]},{\"@type\":\"WebPage\",\"@id\":\"https:\/\/epochtimestr.com\/index.php\/gazeteci-sukran-soner-hayatini-kaybetti\",\"url\":\"https:\/\/epochtimestr.com\/index.php\/gazeteci-sukran-soner-hayatini-kaybetti\",\"name\":\"Gazeteci \u015e\u00fckran Soner Hayat\u0131n\u0131 Kaybetti - The Epoch Times TR\",\"isPartOf\":{\"@id\":\"https:\/\/epochtimestr.com\/#website\"},\"primaryImageOfPage\":{\"@id\":\"https:\/\/epochtimestr.com\/index.php\/gazeteci-sukran-soner-hayatini-kaybetti#primaryimage\"},\"image\":{\"@id\":\"https:\/\/epochtimestr.com\/index.php\/gazeteci-sukran-soner-hayatini-kaybetti#primaryimage\"},\"thumbnailUrl\":\"https:\/\/epochtimestr.com\/wp-content\/uploads\/2011y\/sukran.webp\",\"datePublished\":\"2026-09-02T05:08:23+00:00\",\"dateModified\":\"2026-09-02T05:08:24+00:00\",\"description\":\"Gazeteci ve Cumhuriyet Vakf\u0131 y\u00f6neticisi \u015e\u00fckran Soner, bir s\u00fcredir tedavi g\u00f6rd\u00fc\u011f\u00fc hastanede hayat\u0131n\u0131 kaybetti.\",\"inLanguage\":\"tr\",\"potentialAction\":[{\"@type\":\"ReadAction\",\"target\":[\"https:\/\/epochtimestr.com\/index.php\/gazeteci-sukran-soner-hayatini-kaybetti\"]}]},{\"@type\":\"ImageObject\",\"inLanguage\":\"tr\",\"@id\":\"https:\/\/epochtimestr.com\/index.php\/gazeteci-sukran-soner-hayatini-kaybetti#primaryimage\",\"url\":\"https:\/\/epochtimestr.com\/wp-content\/uploads\/2011y\/sukran.webp\",\"contentUrl\":\"https:\/\/epochtimestr.com\/wp-content\/uploads\/2011y\/sukran.webp\",\"width\":1200,\"height\":675},{\"@type\":\"WebSite\",\"@id\":\"https:\/\/epochtimestr.com\/#website\",\"url\":\"https:\/\/epochtimestr.com\/\",\"name\":\"The Epoch Times TR\",\"description\":\"De\u011fi\u015fen D\u00fcnyam\u0131za Taze Bir Bak\u0131\u015f\",\"publisher\":{\"@id\":\"https:\/\/epochtimestr.com\/#organization\"},\"potentialAction\":[{\"@type\":\"SearchAction\",\"target\":{\"@type\":\"EntryPoint\",\"urlTemplate\":\"https:\/\/epochtimestr.com\/?s={search_term_string}\"},\"query-input\":\"required name=search_term_string\"}],\"inLanguage\":\"tr\"},{\"@type\":\"Organization\",\"@id\":\"https:\/\/epochtimestr.com\/#organization\",\"name\":\"The EpochTimes T\u00fcrkiye\",\"url\":\"https:\/\/epochtimestr.com\/\",\"logo\":{\"@type\":\"ImageObject\",\"inLanguage\":\"tr\",\"@id\":\"https:\/\/epochtimestr.com\/#\/schema\/logo\/image\/\",\"url\":\"https:\/\/epochtimestr.com\/wp-content\/uploads\/2011y\/ET-Logo-YG.jpg\",\"contentUrl\":\"https:\/\/epochtimestr.com\/wp-content\/uploads\/2011y\/ET-Logo-YG.jpg\",\"width\":346,\"height\":29,\"caption\":\"The EpochTimes T\u00fcrkiye\"},\"image\":{\"@id\":\"https:\/\/epochtimestr.com\/#\/schema\/logo\/image\/\"},\"sameAs\":[\"https:\/\/www.facebook.com\/theepochtimestr\",\"https:\/\/x.com\/TheEpochTimesTR\",\"https:\/\/www.instagram.com\/epochtimestr\"]},{\"@type\":\"Person\",\"@id\":\"https:\/\/epochtimestr.com\/#\/schema\/person\/3dc5c3adeb9f43923c5aa85889172fdd\",\"name\":\"Haber Merkezi\",\"image\":{\"@type\":\"ImageObject\",\"inLanguage\":\"tr\",\"@id\":\"https:\/\/epochtimestr.com\/#\/schema\/person\/image\/\",\"url\":\"https:\/\/secure.gravatar.com\/avatar\/d73f772ba5a74f28601361e17c2f93e6?s=96&d=mm&r=g\",\"contentUrl\":\"https:\/\/secure.gravatar.com\/avatar\/d73f772ba5a74f28601361e17c2f93e6?s=96&d=mm&r=g\",\"caption\":\"Haber Merkezi\"},\"url\":\"https:\/\/epochtimestr.com\/index.php\/author\/sendag\"}]}<\/script>\n<!-- \/ Yoast SEO plugin. -->","yoast_head_json":{"title":"Gazeteci \u015e\u00fckran Soner Hayat\u0131n\u0131 Kaybetti - The Epoch Times TR","description":"Gazeteci ve Cumhuriyet Vakf\u0131 y\u00f6neticisi \u015e\u00fckran Soner, bir s\u00fcredir tedavi g\u00f6rd\u00fc\u011f\u00fc hastanede hayat\u0131n\u0131 kaybetti.","robots":{"index":"index","follow":"follow","max-snippet":"max-snippet:-1","max-image-preview":"max-image-preview:large","max-video-preview":"max-video-preview:-1"},"canonical":"https:\/\/epochtimestr.com\/index.php\/gazeteci-sukran-soner-hayatini-kaybetti","og_locale":"tr_TR","og_type":"article","og_title":"Gazeteci \u015e\u00fckran Soner Hayat\u0131n\u0131 Kaybetti - The Epoch Times TR","og_description":"Gazeteci ve Cumhuriyet Vakf\u0131 y\u00f6neticisi \u015e\u00fckran Soner, bir s\u00fcredir tedavi g\u00f6rd\u00fc\u011f\u00fc hastanede hayat\u0131n\u0131 kaybetti.","og_url":"https:\/\/epochtimestr.com\/index.php\/gazeteci-sukran-soner-hayatini-kaybetti","og_site_name":"The Epoch Times TR","article_publisher":"https:\/\/www.facebook.com\/theepochtimestr","article_published_time":"2026-09-02T05:08:23+00:00","article_modified_time":"2026-09-02T05:08:24+00:00","og_image":[{"width":1200,"height":675,"url":"https:\/\/epochtimestr.com\/wp-content\/uploads\/2011y\/sukran.webp","type":"image\/webp"}],"author":"Haber Merkezi","twitter_card":"summary_large_image","twitter_creator":"@TheEpochTimesTR","twitter_site":"@TheEpochTimesTR","twitter_misc":{"Yazan:":"Haber Merkezi","Tahmini okuma s\u00fcresi":"2 dakika"},"schema":{"@context":"https:\/\/schema.org","@graph":[{"@type":"Article","@id":"https:\/\/epochtimestr.com\/index.php\/gazeteci-sukran-soner-hayatini-kaybetti#article","isPartOf":{"@id":"https:\/\/epochtimestr.com\/index.php\/gazeteci-sukran-soner-hayatini-kaybetti"},"author":{"name":"Haber Merkezi","@id":"https:\/\/epochtimestr.com\/#\/schema\/person\/3dc5c3adeb9f43923c5aa85889172fdd"},"headline":"Gazeteci \u015e\u00fckran Soner Hayat\u0131n\u0131 Kaybetti","datePublished":"2026-09-02T05:08:23+00:00","dateModified":"2026-09-02T05:08:24+00:00","mainEntityOfPage":{"@id":"https:\/\/epochtimestr.com\/index.php\/gazeteci-sukran-soner-hayatini-kaybetti"},"wordCount":293,"commentCount":0,"publisher":{"@id":"https:\/\/epochtimestr.com\/#organization"},"image":{"@id":"https:\/\/epochtimestr.com\/index.php\/gazeteci-sukran-soner-hayatini-kaybetti#primaryimage"},"thumbnailUrl":"https:\/\/epochtimestr.com\/wp-content\/uploads\/2011y\/sukran.webp","keywords":["Cumhuriyet","\u015e\u00fckran Soner"],"articleSection":["G\u00dcNDEM","MAN\u015eET","Ya\u015fam","Yaz\u0131n"],"inLanguage":"tr","potentialAction":[{"@type":"CommentAction","name":"Comment","target":["https:\/\/epochtimestr.com\/index.php\/gazeteci-sukran-soner-hayatini-kaybetti#respond"]}]},{"@type":"WebPage","@id":"https:\/\/epochtimestr.com\/index.php\/gazeteci-sukran-soner-hayatini-kaybetti","url":"https:\/\/epochtimestr.com\/index.php\/gazeteci-sukran-soner-hayatini-kaybetti","name":"Gazeteci \u015e\u00fckran Soner Hayat\u0131n\u0131 Kaybetti - The Epoch Times TR","isPartOf":{"@id":"https:\/\/epochtimestr.com\/#website"},"primaryImageOfPage":{"@id":"https:\/\/epochtimestr.com\/index.php\/gazeteci-sukran-soner-hayatini-kaybetti#primaryimage"},"image":{"@id":"https:\/\/epochtimestr.com\/index.php\/gazeteci-sukran-soner-hayatini-kaybetti#primaryimage"},"thumbnailUrl":"https:\/\/epochtimestr.com\/wp-content\/uploads\/2011y\/sukran.webp","datePublished":"2026-09-02T05:08:23+00:00","dateModified":"2026-09-02T05:08:24+00:00","description":"Gazeteci ve Cumhuriyet Vakf\u0131 y\u00f6neticisi \u015e\u00fckran Soner, bir s\u00fcredir tedavi g\u00f6rd\u00fc\u011f\u00fc hastanede hayat\u0131n\u0131 kaybetti.","inLanguage":"tr","potentialAction":[{"@type":"ReadAction","target":["https:\/\/epochtimestr.com\/index.php\/gazeteci-sukran-soner-hayatini-kaybetti"]}]},{"@type":"ImageObject","inLanguage":"tr","@id":"https:\/\/epochtimestr.com\/index.php\/gazeteci-sukran-soner-hayatini-kaybetti#primaryimage","url":"https:\/\/epochtimestr.com\/wp-content\/uploads\/2011y\/sukran.webp","contentUrl":"https:\/\/epochtimestr.com\/wp-content\/uploads\/2011y\/sukran.webp","width":1200,"height":675},{"@type":"WebSite","@id":"https:\/\/epochtimestr.com\/#website","url":"https:\/\/epochtimestr.com\/","name":"The Epoch Times TR","description":"De\u011fi\u015fen D\u00fcnyam\u0131za Taze Bir Bak\u0131\u015f","publisher":{"@id":"https:\/\/epochtimestr.com\/#organization"},"potentialAction":[{"@type":"SearchAction","target":{"@type":"EntryPoint","urlTemplate":"https:\/\/epochtimestr.com\/?s={search_term_string}"},"query-input":"required name=search_term_string"}],"inLanguage":"tr"},{"@type":"Organization","@id":"https:\/\/epochtimestr.com\/#organization","name":"The EpochTimes T\u00fcrkiye","url":"https:\/\/epochtimestr.com\/","logo":{"@type":"ImageObject","inLanguage":"tr","@id":"https:\/\/epochtimestr.com\/#\/schema\/logo\/image\/","url":"https:\/\/epochtimestr.com\/wp-content\/uploads\/2011y\/ET-Logo-YG.jpg","contentUrl":"https:\/\/epochtimestr.com\/wp-content\/uploads\/2011y\/ET-Logo-YG.jpg","width":346,"height":29,"caption":"The EpochTimes T\u00fcrkiye"},"image":{"@id":"https:\/\/epochtimestr.com\/#\/schema\/logo\/image\/"},"sameAs":["https:\/\/www.facebook.com\/theepochtimestr","https:\/\/x.com\/TheEpochTimesTR","https:\/\/www.instagram.com\/epochtimestr"]},{"@type":"Person","@id":"https:\/\/epochtimestr.com\/#\/schema\/person\/3dc5c3adeb9f43923c5aa85889172fdd","name":"Haber Merkezi","image":{"@type":"ImageObject","inLanguage":"tr","@id":"https:\/\/epochtimestr.com\/#\/schema\/person\/image\/","url":"https:\/\/secure.gravatar.com\/avatar\/d73f772ba5a74f28601361e17c2f93e6?s=96&d=mm&r=g","contentUrl":"https:\/\/secure.gravatar.com\/avatar\/d73f772ba5a74f28601361e17c2f93e6?s=96&d=mm&r=g","caption":"Haber Merkezi"},"url":"https:\/\/epochtimestr.com\/index.php\/author\/sendag"}]}},"_links":{"self":[{"href":"https:\/\/epochtimestr.com\/index.php\/wp-json\/wp\/v2\/posts\/171358"}],"collection":[{"href":"https:\/\/epochtimestr.com\/index.php\/wp-json\/wp\/v2\/posts"}],"about":[{"href":"https:\/\/epochtimestr.com\/index.php\/wp-json\/wp\/v2\/types\/post"}],"author":[{"embeddable":true,"href":"https:\/\/epochtimestr.com\/index.php\/wp-json\/wp\/v2\/users\/12791"}],"replies":[{"embeddable":true,"href":"https:\/\/epochtimestr.com\/index.php\/wp-json\/wp\/v2\/comments?post=171358"}],"version-history":[{"count":2,"href":"https:\/\/epochtimestr.com\/index.php\/wp-json\/wp\/v2\/posts\/171358\/revisions"}],"predecessor-version":[{"id":171373,"href":"https:\/\/epochtimestr.com\/index.php\/wp-json\/wp\/v2\/posts\/171358\/revisions\/171373"}],"wp:featuredmedia":[{"embeddable":true,"href":"https:\/\/epochtimestr.com\/index.php\/wp-json\/wp\/v2\/media\/171359"}],"wp:attachment":[{"href":"https:\/\/epochtimestr.com\/index.php\/wp-json\/wp\/v2\/media?parent=171358"}],"wp:term":[{"taxonomy":"category","embeddable":true,"href":"https:\/\/epochtimestr.com\/index.php\/wp-json\/wp\/v2\/categories?post=171358"},{"taxonomy":"post_tag","embeddable":true,"href":"https:\/\/epochtimestr.com\/index.php\/wp-json\/wp\/v2\/tags?post=171358"}],"curies":[{"name":"wp","href":"https:\/\/api.w.org\/{rel}","templated":true}]}}