{"id":171361,"date":"2026-09-02T08:27:22","date_gmt":"2026-09-02T05:27:22","guid":{"rendered":"https:\/\/epochtimestr.com\/?p=171361"},"modified":"2026-09-02T08:27:30","modified_gmt":"2026-09-02T05:27:30","slug":"yargitay-2026-2027-adli-yil-acilis-toreni","status":"publish","type":"post","link":"https:\/\/epochtimestr.com\/index.php\/yargitay-2026-2027-adli-yil-acilis-toreni","title":{"rendered":"Yarg\u0131tay 2026-2027 Adli Y\u0131l A\u00e7\u0131l\u0131\u015f T\u00f6reni"},"content":{"rendered":"<div class=\"wp-block-image\">\n<figure class=\"aligncenter size-full\"><img loading=\"lazy\" decoding=\"async\" width=\"1600\" height=\"911\" src=\"https:\/\/epochtimestr.com\/wp-content\/uploads\/2011y\/x.com_.jpg\" alt=\"Yarg\u0131tay'da 2026-2027 adli y\u0131l a\u00e7\u0131l\u0131\u015f t\u00f6reni d\u00fczenlendi. (Foto\u011fraf: Yarg\u0131tay x hesab\u0131)\" class=\"wp-image-171362\" srcset=\"https:\/\/epochtimestr.com\/wp-content\/uploads\/2011y\/x.com_.jpg 1600w, https:\/\/epochtimestr.com\/wp-content\/uploads\/2011y\/x.com_-300x171.jpg 300w, https:\/\/epochtimestr.com\/wp-content\/uploads\/2011y\/x.com_-150x85.jpg 150w, https:\/\/epochtimestr.com\/wp-content\/uploads\/2011y\/x.com_-768x437.jpg 768w, https:\/\/epochtimestr.com\/wp-content\/uploads\/2011y\/x.com_-1536x875.jpg 1536w\" sizes=\"(max-width: 1600px) 100vw, 1600px\" \/><figcaption class=\"wp-element-caption\">Yarg\u0131tay&#8217;da 2026-2027 adli y\u0131l a\u00e7\u0131l\u0131\u015f t\u00f6reni d\u00fczenlendi. (Foto\u011fraf: Yarg\u0131tay x hesab\u0131)<\/figcaption><\/figure><\/div>\n\n\n<h2 class=\"wp-block-heading\">Yarg\u0131tay Ba\u015fkan\u0131 \u00d6mer Kerkez ve beraberindeki Yarg\u0131tay \u00fcyeleri, 2026-2027 Adli Y\u0131l\u0131\u2019n\u0131n a\u00e7\u0131l\u0131\u015f\u0131 dolay\u0131s\u0131yla An\u0131tkabir\u2019i ziyaret etti.<\/h2>\n\n\n\n<p><a href=\"https:\/\/epochtimestr.com\/index.php\/yargitaydan-karar-gec-baglanan-emeklilik-maasina-faiz\" target=\"_blank\" rel=\"noreferrer noopener\">Yarg\u0131tay<\/a> Ba\u015fkan\u0131 \u00d6mer Kerkez ba\u015fkanl\u0131\u011f\u0131ndaki heyet, 2026-2027 Adli Y\u0131l\u0131\u2019n\u0131n a\u00e7\u0131l\u0131\u015f\u0131 dolay\u0131s\u0131yla An\u0131tkabir\u2019i ziyaret etti. Kerkez ve beraberindeki Yarg\u0131tay \u00fcyeleri, Aslanl\u0131 Yol\u2019dan y\u00fcr\u00fcyerek Gazi Mustafa Kemal <a href=\"https:\/\/epochtimestr.com\/index.php\/ataturkun-anamurlu-akrabalari\" target=\"_blank\" rel=\"noreferrer noopener\">Atat\u00fcrk<\/a>\u2019\u00fcn mozolesine geldi.<\/p>\n\n\n\n<p>Yarg\u0131tay Ba\u015fkan\u0131 Kerkez, Atat\u00fcrk\u2019\u00fcn mozolesine \u00e7elenk b\u0131rakt\u0131. Ard\u0131ndan heyet sayg\u0131 duru\u015funda bulundu. Kerkez ve beraberindeki heyet, An\u0131tkabir\u2019in merdivenlerinde hat\u0131ra foto\u011fraf\u0131 \u00e7ektirdikten sonra Misak-\u0131 Milli Kulesi\u2019ne ge\u00e7ti.<\/p>\n\n\n\n<p><strong>An\u0131tkabir \u00d6zel Defteri\u2019ni imzalayan Kerkez, \u015fu ifadeleri kulland\u0131:<\/strong><\/p>\n\n\n\n<p>\u201cAziz Atat\u00fcrk, \u00f6mr\u00fcn\u00fcz\u00fcn neredeyse tamam\u0131n\u0131 \u00fclkemiz i\u00e7in harcad\u0131n\u0131z. Cumhuriyetimizi kurana kadar b\u00fcy\u00fck zorluklara, b\u00fcy\u00fck zaferler kazand\u0131n\u0131z. Daha sonra da hi\u00e7bir \u015fahsi \u00e7\u0131kar g\u00f6zetmeden devletiniz i\u00e7in son nefesinize kadar m\u00fccadele ettiniz. Bizlere emanet etti\u011finiz bu \u00fclkede adalet hizmetlerini en g\u00fczel \u015fekilde sunmaya kararl\u0131l\u0131kla devam edece\u011fimize s\u00f6z veriyoruz. Yarg\u0131tay olarak sizi rahmet ve minnetle yad ediyoruz.\u201d<\/p>\n\n\n\n<p>\u00d6te yandan Yarg\u0131tay \u0130smail R\u00fc\u015ft\u00fc Cirit Konferans Salonu&#8217;nda d\u00fczenlenen 2026-2027 Adli Y\u0131l A\u00e7\u0131l\u0131\u015f T\u00f6reni&#8217;ne, T\u00fcrkiye Barolar Birli\u011fi (TBB) Ba\u015fkan\u0131 Erin\u00e7 Sa\u011fkan&#8217;\u0131n &#8220;Tahliye karar\u0131na d\u00e2hi tahamm\u00fcl kalmad\u0131, tutuklama cezaya d\u00f6n\u00fc\u015ft\u00fc&#8221; konu\u015fmas\u0131 damga vurdu.<\/p>\n\n\n\n<figure class=\"wp-block-embed is-type-rich is-provider-x wp-block-embed-x\"><div class=\"wp-block-embed__wrapper\">\n<blockquote class=\"twitter-tweet\" data-width=\"550\" data-dnt=\"true\"><p lang=\"tr\" dir=\"ltr\">Yarg\u0131tay Ba\u015fkan\u0131 Say\u0131n \u00d6mer KERKEZ&#39;in 2025-2026 Adli Y\u0131l A\u00e7\u0131l\u0131\u015f Konu\u015fmas\u0131 ekte yer almaktad\u0131r. <a href=\"https:\/\/t.co\/74o734TXS4\">https:\/\/t.co\/74o734TXS4<\/a> <a href=\"https:\/\/t.co\/G8PVhpS0Kk\">pic.twitter.com\/G8PVhpS0Kk<\/a><\/p>&mdash; Yarg\u0131tay Ba\u015fkanl\u0131\u011f\u0131 (@TCYargitay) <a href=\"https:\/\/x.com\/TCYargitay\/status\/1963225054201704723?ref_src=twsrc%5Etfw\">September 3, 2025<\/a><\/blockquote><script async src=\"https:\/\/platform.x.com\/widgets.js\" charset=\"utf-8\"><\/script>\n<\/div><\/figure>\n\n\n\n<p><strong>Kabine \u00fcyeleri, y\u00fcksek yarg\u0131 ve parti liderleri siyasiler bir araya geldi<\/strong><\/p>\n\n\n\n<p>T\u00f6renin oturma d\u00fczeninde siyaset ve y\u00fcksek yarg\u0131 temsilcileri yan yana saf tuttu. A\u00e7\u0131l\u0131\u015f program\u0131nda Cumhurba\u015fkan\u0131 Yard\u0131mc\u0131s\u0131 Cevdet Y\u0131lmaz, Yarg\u0131tay Ba\u015fkan\u0131 \u00d6mer Kerkez, Anayasa Mahkemesi (AYM) Ba\u015fkan\u0131 Kadir \u00d6zkaya, Yeni Parti Genel Ba\u015fkan\u0131 \u00d6zg\u00fcr \u00d6zel ve AKP Grup Ba\u015fkan\u0131 Abdullah G\u00fcler de protokolde yan yana yer ald\u0131.<\/p>\n\n\n\n<p>Yeni Parti lideri \u00d6zel, salonda yan yana oturdu\u011fu AYM Ba\u015fkan\u0131 \u00d6zkaya ile bir s\u00fcre sohbet etti. \u00d6zel, t\u00f6rene kat\u0131lan isimler aras\u0131nda yer alan CHP Genel Ba\u015fkan\u0131 Kemal K\u0131l\u0131\u00e7daro\u011flu ile de kar\u015f\u0131la\u015farak tokala\u015ft\u0131.<\/p>\n\n\n\n<p>Ayr\u0131ca Yarg\u0131tay \u0130smail R\u00fc\u015ft\u00fc Cirit Konferans Salonu&#8217;nda d\u00fczenlenen, 2026-2027 Adli Y\u0131l A\u00e7\u0131l\u0131\u015f T\u00f6reni&#8217;nde konu\u015fan Yarg\u0131tay Ba\u015fkan\u0131 \u00d6mer Kerkez, bir devleti g\u00fc\u00e7l\u00fc k\u0131lan\u0131n vatanda\u015f\u0131n\u0131n o devletin adaletine duydu\u011fu g\u00fcven oldu\u011funu bildirdi.<\/p>\n\n\n\n<h3 class=\"wp-block-heading\">Yarg\u0131tay Ba\u015fkan\u0131 \u00d6mer Kerkez \u015f\u00f6yle konu\u015ftu:<\/h3>\n\n\n\n<p>&#8220;Say\u0131n Cumhurba\u015fkan\u0131 Vekilim, \u00c7ok de\u011ferli misafirlerimiz,<\/p>\n\n\n\n<p>2025-2026 Adli Y\u0131l a\u00e7\u0131l\u0131\u015f\u0131 nedeniyle d\u00fczenlemi\u015f oldu\u011fumuz t\u00f6renimize ho\u015f geldiniz \u015feref verdiniz.<br \/>Bug\u00fcne kadar yarg\u0131m\u0131z\u0131n her a\u015famas\u0131nda b\u00fcy\u00fck hizmetlerde bulunup emeklili\u011fe ve onursal \u00fcyeli\u011fe ayr\u0131lm\u0131\u015f t\u00fcm meslekta\u015flar\u0131m\u0131za \u00f6m\u00fcr boyu sa\u011fl\u0131k ve mutluluk temenni ediyorum. Ayr\u0131ca vefat eden b\u00fct\u00fcn meslekta\u015flar\u0131ma da Allah\u2019tan rahmet diliyorum. Tarihimizin en b\u00fcy\u00fck destanlar\u0131ndan biri olan 30 A\u011fustos Zafer Bayram\u0131m\u0131z kutlu olsun. Ald\u0131\u011f\u0131 emirle ilk hedefini Akdeniz olarak belirleyen ordular\u0131m\u0131z ve milletimizin azim ve kararl\u0131l\u0131\u011f\u0131yla, yine milletimizin istiklali kazan\u0131lm\u0131\u015f, \u00fclkemiz d\u00fc\u015fman i\u015fgalinden kurtar\u0131lm\u0131\u015ft\u0131r. Ba\u015fta Cumhuriyetimizin kurucusu B\u00fcy\u00fck \u00d6nder Gazi Mustafa Kemal Atat\u00fcrk olmak \u00fczere, t\u00fcm silah arkada\u015flar\u0131n\u0131 ve vatan u\u011fruna can veren b\u00fct\u00fcn kahraman \u015fehitlerimizi \u015f\u00fckran ve minnet duygular\u0131yla an\u0131yor, kendilerine Allah\u2019tan rahmet diliyorum. \u0130nsanl\u0131\u011f\u0131n ba\u015flang\u0131c\u0131ndan bu yana, her zaman ve her yerde iyi ile k\u00f6t\u00fcn\u00fcn m\u00fccadelesi olmu\u015ftur.<\/p>\n\n\n\n<p>\u0130yi ve k\u00f6t\u00fcn\u00fcn ilk temsilcileri olan Habil ile Kabil aras\u0131ndaki kavga ile ba\u015flayan bu m\u00fccadele g\u00fcn\u00fcm\u00fcze kadar gelmi\u015f ve halen devam etmektedir. \u0130yi ile k\u00f6t\u00fcn\u00fcn, hakl\u0131 ile haks\u0131z\u0131n, ma\u011fdur ile su\u00e7lunun bu m\u00fccadelesinde, insan olarak her birimizin \u00fczerine d\u00fc\u015fen g\u00f6rev, net bir \u015fekilde taraf\u0131m\u0131z\u0131 iyiden ve hakl\u0131dan yana ortaya koymak olmal\u0131d\u0131r. G\u00fcn\u00fcm\u00fczde iyi ile k\u00f6t\u00fcn\u00fcn, hakl\u0131 ile haks\u0131z\u0131n, ma\u011fdur ile su\u00e7lunun m\u00fccadelesi en yo\u011fun bir \u015fekilde maalesef Gazze\u2019de ya\u015fanmaktad\u0131r. Burada hakl\u0131, ma\u011fdur ve mazlum olan Filistin halk\u0131 haks\u0131z, su\u00e7lu ve zalim olan ise \u0130srail\u2019dir. Zalimin zulm\u00fcne ses \u00e7\u0131karmamak ise neredeyse zalimin zulm\u00fc kadar ac\u0131d\u0131r. Hi\u00e7bir inan\u0131\u015f, hi\u00e7 bir d\u00fc\u015f\u00fcnce ve hi\u00e7 bir gerek\u00e7e, savunmas\u0131z insanlar\u0131, kad\u0131nlar\u0131 ve \u00f6zellikle \u00e7ocuklar\u0131, yerinden etmeyi, a\u00e7 b\u0131rakmay\u0131 ve \u00f6ld\u00fcrmeyi hakl\u0131 k\u0131lamaz. D\u00fcnyan\u0131n ve insanl\u0131\u011f\u0131n bir an \u00f6nce insafa gelmesini ve bu insanl\u0131k dram\u0131n\u0131n, toplu katliamlar\u0131n ve soyk\u0131r\u0131m\u0131n sona ermesini y\u00fcrekten diliyorum. Bu insanl\u0131k d\u0131\u015f\u0131 tutumundan dolay\u0131 \u0130srail\u2019i nefretle k\u0131n\u0131yorum.<\/p>\n\n\n\n<h3 class=\"wp-block-heading\">\u201cHak m\u00fccadelesi s\u00fcreklilik arz eden bir olgudur.&#8221;<\/h3>\n\n\n\n<p>Aile hayat\u0131nda, i\u015f ve arkada\u015f ortam\u0131nda, ticarette, her zaman hakk\u0131n\u0131 arama, hukukunu koruma iste\u011fi vard\u0131r. Hakk\u0131 olana hakk\u0131n\u0131 vermenin ve hukukunu koruman\u0131n ad\u0131 \u201cAdalet\u201d tir. <a href=\"https:\/\/epochtimestr.com\/index.php\/cerceve-yasa-tasarisi-adalet-komisyonunda-kabul-edildi\" target=\"_blank\" rel=\"noreferrer noopener\">Adalet<\/a> her \u00fclkede herkesin ve \u00f6zellikle yarg\u0131n\u0131n g\u00f6revi ve mutlaka sa\u011flamas\u0131 gereken bir hedefidir. Yarg\u0131 hi\u00e7bir beklenti veya korku i\u00e7inde olmadan, kamuoyunun ve sosyal medyan\u0131n bask\u0131s\u0131 ve etkisi alt\u0131nda kalmadan, tamamen ve sadece ger\u00e7ekler ve deliller \u0131\u015f\u0131\u011f\u0131nda, vicdani kanaatine g\u00f6re hareket etmelidir. Sonu\u00e7ta adaletin tecellisi olarak ortaya koydu\u011fu karara herkesten \u00f6nce ve herkesten \u00e7ok kendisinin inanmas\u0131 gerekir. Adalete g\u00fcven duygusu ancak bu \u015fekilde tesis edilir.<\/p>\n\n\n<div class=\"wp-block-image\">\n<figure class=\"aligncenter size-full\"><img loading=\"lazy\" decoding=\"async\" width=\"678\" height=\"452\" src=\"https:\/\/epochtimestr.com\/wp-content\/uploads\/2011y\/1-36.jpg\" alt=\"(Foto\u011fraf: Yarg\u0131tay x hesab\u0131)\" class=\"wp-image-171364\" srcset=\"https:\/\/epochtimestr.com\/wp-content\/uploads\/2011y\/1-36.jpg 678w, https:\/\/epochtimestr.com\/wp-content\/uploads\/2011y\/1-36-300x200.jpg 300w, https:\/\/epochtimestr.com\/wp-content\/uploads\/2011y\/1-36-150x100.jpg 150w\" sizes=\"(max-width: 678px) 100vw, 678px\" \/><figcaption class=\"wp-element-caption\">Yarg\u0131tay Ba\u015fkan\u0131 \u00d6mer Kerkez, 2026-2027 Adli Y\u0131l\u0131 a\u00e7\u0131l\u0131\u015f t\u00f6reninde. (Foto\u011fraf: Yarg\u0131tay x hesab\u0131)<\/figcaption><\/figure><\/div>\n\n\n<p>&#8220;<strong>H\u00e2kim bir dava dosyas\u0131n\u0131n iki kapa\u011f\u0131 aras\u0131ndad\u0131r.<\/strong>&#8220;<\/p>\n\n\n\n<p>H\u00e2kim c\u00fcbbesini giyer.<\/p>\n\n\n\n<p>Dosyas\u0131n\u0131 \u00f6n\u00fcne al\u0131r. Dosyan\u0131n kapa\u011f\u0131n\u0131 kald\u0131r\u0131rken dosya d\u0131\u015f\u0131ndaki her \u015feyi kapa\u011f\u0131n arkas\u0131nda b\u0131rak\u0131r. Sadece dava veya su\u00e7 konusuna ve delillere odaklan\u0131r. Davac\u0131 ve daval\u0131n\u0131n veya ma\u011fdur ile san\u0131\u011f\u0131n, kanunen dikkat edilmesi gereken d\u0131\u015f\u0131ndaki hi\u00e7bir \u00f6zelli\u011fiyle de asla ilgilenmez. Hatta h\u00e2kim dosyan\u0131n kapa\u011f\u0131n\u0131 tekrar kapatana kadar kendi ki\u015fisel d\u00fc\u015f\u00fcnce ve varsa \u00f6nyarg\u0131lar\u0131ndan da s\u0131yr\u0131lmay\u0131 ba\u015farabilmelidir. Bu \u015fekilde dosyan\u0131n kapa\u011f\u0131n\u0131 kapatan h\u00e2kim, bu sefer de dosyada olan\u0131 kapa\u011f\u0131n alt\u0131nda b\u0131rak\u0131r.<\/p>\n\n\n\n<p>Bir toplumda ya\u015fayanlar aras\u0131nda, herkes taraf\u0131ndan kabul edilen g\u00fczel hasletlerin yayg\u0131nla\u015fmas\u0131, o toplumda huzurun ve adaletin sa\u011flanmas\u0131n\u0131 \u00e7ok daha kolay ve sa\u011flam k\u0131lacakt\u0131r. Ho\u015fg\u00f6r\u00fc, tarafs\u0131zl\u0131k, e\u015fitlik, sa\u011fduyu, hakk\u0131na raz\u0131 olma, ba\u015fkas\u0131n\u0131n hakk\u0131na sayg\u0131 duyma gibi \u00e7ok daha fazla sayabilece\u011fimiz bir\u00e7ok davran\u0131\u015f \u015fekliyle, o toplumda huzur ve adalet b\u00fcy\u00fck \u00f6l\u00e7\u00fcde fiilen sa\u011flanm\u0131\u015f olacakt\u0131r. Bu g\u00fczel hasletlerden biri de empatidir.<\/p>\n\n\n\n<p>\u00dcz\u00fclerek g\u00f6r\u00fcyoruz ki, \u00fclkemizde empati k\u00fclt\u00fcr\u00fc giderek azalmaya ba\u015flam\u0131\u015ft\u0131r. Kom\u015fusu a\u00e7 iken tok yatmayan bir inan\u0131\u015fa sahip olan y\u00fcce bir millet olarak kendimizi her zaman di\u011ferinin yerine koyabilmeliyiz. Ayn\u0131 olay\u0131n o anda hangi taraf\u0131nda isek ona g\u00f6re d\u00fc\u015f\u00fcn\u00fcp konu\u015fmaktan, bir ba\u015fka ifadeyle, arabayla giderken yayalara, yaya giderken arabalara k\u0131zmaktan kendimizi kurtarmam\u0131z gerekir.<\/p>\n\n\n\n<h3 class=\"wp-block-heading\">&#8220;\u0130ki temel husus, dava dosya say\u0131s\u0131n\u0131n azalt\u0131lmas\u0131 ve karar s\u00fcresinin k\u0131salt\u0131lmas\u0131d\u0131r.&#8221;<\/h3>\n\n\n\n<p>\u00dclkemizde yarg\u0131 alan\u0131nda bir an \u00f6nce \u00e7\u00f6z\u00fcme kavu\u015fturmam\u0131z gereken temel olarak iki husus vard\u0131r. Bunlar dava dosya say\u0131s\u0131n\u0131n azalt\u0131lmas\u0131 ve karar s\u00fcresinin k\u0131salt\u0131lmas\u0131d\u0131r. \u00c7ok say\u0131da dava a\u00e7\u0131lmas\u0131n\u0131n ve yarg\u0131lama s\u00fcresinin uzun olmas\u0131n\u0131n sebeplerinin iyi tahlil edilerek \u00e7\u00f6z\u00fcmlerin tespit edilmesi ve ihtiya\u00e7 halinde mevzuat de\u011fi\u015fiklikleriyle bu \u00e7\u00f6z\u00fcmlerin hayata ge\u00e7irilmesi gerekir.<\/p>\n\n\n\n<p>Ge\u00e7ici bir rahatlama sa\u011flayan, sorunun b\u00fct\u00fcn\u00fcn\u00fc kapsamayan tedbir veya uygulamalar yerine, k\u00f6k sorunun \u00e7\u00f6z\u00fcm\u00fcne y\u00f6nelik d\u00fczenlemelerin yap\u0131lmas\u0131 konusunda yo\u011fun \u00e7aba sarf etmeliyiz. \u00c7\u00fcnk\u00fc bir\u00e7ok zaman sorunun temelini ve genelini \u00e7\u00f6zmeye yaramayan tedbirler ve uygulamalar kendi handikap\u0131n\u0131 da beraberinde getirebilmekte ve yeni sorunlara yol a\u00e7maktad\u0131r. M\u00fcmk\u00fcn oldu\u011fu kadar vatanda\u015flar\u0131m\u0131z\u0131n, dava a\u00e7\u0131lmas\u0131na ihtiya\u00e7 duymayaca\u011f\u0131 veya dava a\u00e7mak mecburiyetinde kalmayaca\u011f\u0131 \u015fekilde d\u00fczenlemeler yap\u0131lmas\u0131 son derece faydal\u0131 olacakt\u0131r.<\/p>\n\n\n\n<p>Bunun sa\u011flanabilmesi i\u00e7in ise her t\u00fcrl\u00fc hukuki ili\u015fkinin, mevzuatla \u00e7er\u00e7evesi \u00e7izilmi\u015f \u015fekil \u015fart\u0131na uygun olarak ve ileride ispat \u015fart\u0131n\u0131 sa\u011flay\u0131c\u0131 nitelikte yap\u0131lmas\u0131 gerekir. \u015eekil ve ispat \u015fart\u0131n\u0131n yasal bir zorunluluk olmas\u0131n\u0131n yan\u0131nda vatanda\u015flar\u0131m\u0131z aras\u0131nda bu konuda bir k\u00fclt\u00fcr\u00fcn de olu\u015fmas\u0131 \u00e7ok \u00f6nemlidir. \u00c7\u00fcnk\u00fc hakl\u0131 olmakla hakk\u0131n\u0131 kanun ve mahkeme nezdinde ispat etmek farkl\u0131d\u0131r. H\u00e2kim i\u00e7in \u00f6nemli olan davac\u0131n\u0131n davas\u0131n\u0131 ispat etmesidir.<\/p>\n\n\n<div class=\"wp-block-image\">\n<figure class=\"aligncenter size-full\"><img loading=\"lazy\" decoding=\"async\" width=\"1280\" height=\"720\" src=\"https:\/\/epochtimestr.com\/wp-content\/uploads\/2011y\/2-6.webp\" alt=\"Yarg\u0131tay \u00fcyeleri, 2026-2027 Adli Y\u0131l\u0131 a\u00e7\u0131l\u0131\u015f\u0131nda An\u0131tkabirde. (Foto\u011fraf: Yarg\u0131tay x hesab\u0131)\" class=\"wp-image-171365\" srcset=\"https:\/\/epochtimestr.com\/wp-content\/uploads\/2011y\/2-6.webp 1280w, https:\/\/epochtimestr.com\/wp-content\/uploads\/2011y\/2-6-300x169.webp 300w, https:\/\/epochtimestr.com\/wp-content\/uploads\/2011y\/2-6-150x84.webp 150w, https:\/\/epochtimestr.com\/wp-content\/uploads\/2011y\/2-6-768x432.webp 768w\" sizes=\"(max-width: 1280px) 100vw, 1280px\" \/><figcaption class=\"wp-element-caption\">Yarg\u0131tay \u00fcyeleri, 2026-2027 Adli Y\u0131l\u0131 a\u00e7\u0131l\u0131\u015f\u0131nda An\u0131tkabirde. (Foto\u011fraf: Yarg\u0131tay x hesab\u0131)<\/figcaption><\/figure><\/div>\n\n\n<p>Baz\u0131 durumlarda ger\u00e7ekte hakl\u0131 olan bir vatanda\u015f\u0131m\u0131z, hakk\u0131n\u0131 kanunun arad\u0131\u011f\u0131 \u015fekilde ispat edemedi\u011fi i\u00e7in hakk\u0131n\u0131 alamamakta, sonu\u00e7ta hakk\u0131na kavu\u015fmad\u0131\u011f\u0131 i\u00e7in de yarg\u0131ya olan g\u00fcveni azalmaktad\u0131r. Bu nedenle kanuni d\u00fczenlemeler ile vatanda\u015flar\u0131m\u0131z\u0131n hukuki ili\u015fkilerdeki uygulamalar\u0131 aras\u0131nda m\u00fcmk\u00fcn oldu\u011fu kadar bir uyum sa\u011flanmas\u0131 yerinde olacakt\u0131r.<\/p>\n\n\n\n<p>Hukuki ili\u015fkilerin \u015fekil ve ispat \u015fartlar\u0131na uygun olarak yap\u0131lmas\u0131 davalar\u0131n bir an \u00f6nce sonu\u00e7lanmas\u0131n\u0131 da sa\u011flayacakt\u0131r. Kira ili\u015fkisi var kira kontrat\u0131 yoksa, vek\u00e2let ili\u015fkisi var \u00fccret s\u00f6zle\u015fmesi yoksa, gayrimenkul al\u0131m sat\u0131m\u0131 var tapu veya noter senedi yoksa, ticari ili\u015fki var yaz\u0131l\u0131 s\u00f6zle\u015fme yoksa yarg\u0131laman\u0131n uzamas\u0131 ka\u00e7\u0131n\u0131lmaz olacakt\u0131r.<\/p>\n\n\n\n<h3 class=\"wp-block-heading\">&#8220;Hakl\u0131 olan\u0131n hakk\u0131n\u0131 ispat etmesi yo\u011fun bir u\u011fra\u015f ve uzun bir s\u00fcre\u00e7 gerektirmektedir.&#8221;<\/h3>\n\n\n\n<p>Bu durumda hakl\u0131 olan\u0131n hakk\u0131n\u0131 ispat etmesi yo\u011fun bir u\u011fra\u015f ve uzun bir s\u00fcre\u00e7 gerektirmektedir. Yap\u0131lan ke\u015fifler, al\u0131nan bilirki\u015fi raporlar\u0131, itiraz \u00fczerine tekrar yap\u0131lan ke\u015fifler ve tekrar al\u0131nan raporlar yarg\u0131lama s\u00fcrecini uzatmakta, yarg\u0131ya olan g\u00fcvenin azalmas\u0131na sebebiyet vermektedir.<\/p>\n\n\n\n<p>Do\u011fumu s\u0131ras\u0131nda iki g\u00f6z\u00fcn\u00fc de kaybeden bir bebe\u011fin anne ve babas\u0131n\u0131n a\u00e7t\u0131\u011f\u0131 tazminat davas\u0131n\u0131n temyiz duru\u015fmas\u0131 s\u0131ras\u0131nda, duru\u015fma salonuna 12 ya\u015f\u0131nda bir \u00e7ocuk geldi. Ve o \u00e7ocu\u011fun g\u00f6zleri g\u00f6rm\u00fcyordu. Yani o bebek b\u00fcy\u00fcm\u00fc\u015f ve kendi duru\u015fmas\u0131na gelmi\u015fti. O \u00e7ocu\u011fun g\u00f6rmeyen g\u00f6zlerinin arkas\u0131nda ne hissetti\u011fini anlamak mesle\u011fimizin en \u00f6nemli hassasiyetlerinden biri olmal\u0131d\u0131r. O g\u00fcn biz o \u00e7ocu\u011fun g\u00f6zlerinin davas\u0131na bak\u0131yorduk ama g\u00f6zlerine bakam\u0131yorduk.<\/p>\n\n\n\n<p><strong>&#8220;Adalet bir h\u00e2kimin kalbinin en derininde hissetti\u011fi duygudur.&#8221;<\/strong><\/p>\n\n\n\n<p>Buradan t\u00fcm samimiyetimle s\u00f6ylemek istiyorum ki, yarg\u0131lama s\u00fcrecinin uzamas\u0131 vatanda\u015flar\u0131m\u0131z kadar bizleri de derinden etkileyen bir husustur.<\/p>\n\n\n\n<p>Adli ve idari yarg\u0131da gerek ilk derece ve istinaf mahkemelerinde, gerekse y\u00fcksek mahkemelerde g\u00f6rev yapan hakim ve savc\u0131lar olarak, \u00e7ok a\u011f\u0131r bir dosya y\u00fck\u00fc alt\u0131nda b\u00fcy\u00fck bir \u00f6zveriyle \u00e7al\u0131\u015ft\u0131\u011f\u0131m\u0131zdan emin olman\u0131z\u0131 istiyoruz. Bundan sonra da yine canla ba\u015fla \u00e7al\u0131\u015faca\u011f\u0131m\u0131za s\u00f6z veriyoruz.<\/p>\n\n\n\n<p>Bu vesileyle s\u00f6ylemek isterim ki, ge\u00e7en y\u0131ldan bug\u00fcne Yarg\u0131tay\u2019daki dosya say\u0131m\u0131z 420 binlerden 300 binlere d\u00fc\u015fm\u00fc\u015ft\u00fcr. Bir y\u00fcksek mahkeme i\u00e7in 300 bin dosya say\u0131s\u0131 da asl\u0131nda korkun\u00e7 bir rakamd\u0131r. Sonu\u00e7ta \u00e7al\u0131\u015fma g\u00fcn\u00fcne tekab\u00fcl eden dosya say\u0131s\u0131 izahtan varestedir.<\/p>\n\n\n\n<p>Yarg\u0131tay olarak dosyalar\u0131n bekleme s\u00fcrelerini en az seviyeye indirme gayretimiz devam etmektedir.<br \/>Yarg\u0131tay\u0131m\u0131zda \u00f6nceki adli y\u0131l a\u00e7\u0131l\u0131\u015f\u0131ndan bu yana 313 bin dosya karara ba\u011flanm\u0131\u015ft\u0131r. Bu nedenle \u00fcst\u00fcn gayretlerinden dolay\u0131 k\u0131ymetli genel kurul ve daire ba\u015fkanlar\u0131m\u0131z ile Yarg\u0131tay \u00fcyelerimizi ve de\u011ferli tetkik h\u00e2kimlerimiz ile Yarg\u0131tay savc\u0131lar\u0131m\u0131z\u0131 kutluyor, kendilerine ayr\u0131 ayr\u0131 te\u015fekk\u00fcr ediyorum.<\/p>\n\n\n<div class=\"wp-block-image\">\n<figure class=\"aligncenter size-full is-resized\"><img loading=\"lazy\" decoding=\"async\" width=\"864\" height=\"486\" src=\"https:\/\/epochtimestr.com\/wp-content\/uploads\/2011y\/akin-gurlek.webp\" alt=\"Yarg\u0131tay \u00fcyeleri, 2026-2027 Adli Y\u0131l\u0131 a\u00e7\u0131l\u0131\u015f t\u00f6reninde. (Foto\u011fraf: A.G\u00fcrlek x hesab\u0131)\" class=\"wp-image-171363\" style=\"width:840px;height:auto\" srcset=\"https:\/\/epochtimestr.com\/wp-content\/uploads\/2011y\/akin-gurlek.webp 864w, https:\/\/epochtimestr.com\/wp-content\/uploads\/2011y\/akin-gurlek-300x169.webp 300w, https:\/\/epochtimestr.com\/wp-content\/uploads\/2011y\/akin-gurlek-150x84.webp 150w, https:\/\/epochtimestr.com\/wp-content\/uploads\/2011y\/akin-gurlek-768x432.webp 768w\" sizes=\"(max-width: 864px) 100vw, 864px\" \/><figcaption class=\"wp-element-caption\">Yarg\u0131tay \u00fcyeleri, 2026-2027 Adli Y\u0131l\u0131 a\u00e7\u0131l\u0131\u015f t\u00f6reninde. (Foto\u011fraf: A.G\u00fcrlek x hesab\u0131)<\/figcaption><\/figure><\/div>\n\n\n<h3 class=\"wp-block-heading\">&#8220;Toplumsal adaleti yaralayan en b\u00fcy\u00fck hususlardan birisi de cezalar\u0131n yetersizli\u011fi alg\u0131s\u0131d\u0131r.&#8221;<\/h3>\n\n\n\n<p>Toplumsal adaleti yaralayan en b\u00fcy\u00fck hususlardan birisi de cezalar\u0131n yetersizli\u011fi alg\u0131s\u0131d\u0131r. Bu konuda \u00f6zellikle infaz rejimimizin toplumun beklentilerine uygun bir bak\u0131\u015f a\u00e7\u0131s\u0131yla yeniden d\u00fczenlenmesi gerekti\u011fini d\u00fc\u015f\u00fcn\u00fcyorum. \u00c7\u00fcnk\u00fc \u00fclkemizde neredeyse cezan\u0131n miktar\u0131ndan ziyade bu cezan\u0131n yeteri kadar infaz edilmedi\u011fi konusunda ciddi bir alg\u0131 olu\u015fmu\u015ftur.<\/p>\n\n\n\n<p>Ayr\u0131ca, ma\u011fdurun u\u011frad\u0131\u011f\u0131 maddi ve manevi zarar\u0131n tam olarak giderilmesi gerekir. \u00d6ncelikle ma\u011fdurun su\u00e7 i\u015flenmeden \u00f6nceki haline d\u00f6nd\u00fcr\u00fclmesi, bunun m\u00fcmk\u00fcn olmamas\u0131 hallerinde ise, ma\u011fdurun yeterli tazminat hakk\u0131na kavu\u015fmas\u0131 gerekir.<\/p>\n\n\n\n<p>Bu kapsamda manevi tazminat\u0131n zenginle\u015fme arac\u0131 olmamas\u0131 gerekti\u011fi konusundaki i\u00e7tihad\u0131m\u0131z\u0131n ve uygulamam\u0131z\u0131n yeniden g\u00f6zden ge\u00e7irilmesi kanaatindeyim.<\/p>\n\n\n\n<p>Su\u00e7lu y\u00fcz\u00fcnden kolunu, baca\u011f\u0131n\u0131, g\u00f6z\u00fcn\u00fc kaybeden bir ma\u011fdurun alaca\u011f\u0131 tazminat miktar\u0131 belirlenirken, ma\u011fdurun zenginle\u015fmesi meselesi de\u011fil, bir koldan, bir g\u00f6zden ne kadar miktar paraya vazge\u00e7ilebilece\u011fi hesaplanmal\u0131d\u0131r.<\/p>\n\n\n\n<p>Devletin maddi olarak zarara u\u011frad\u0131\u011f\u0131 su\u00e7larda ise, su\u00e7lunun i\u015fledi\u011fi su\u00e7un cezas\u0131n\u0131 tam olarak \u00e7ekmesinin yan\u0131nda verdi\u011fi zarar\u0131 giderinceye kadar etkili bir infaz sisteminin devam etmesi gerekir.<\/p>\n\n\n\n<p>\u00dclke olarak her alanda uymam\u0131z ve uygulamam\u0131z gereken \u00f6nemli hususlardan biri de \u201cEtik Kurallar\u201d d\u0131r. Yaz\u0131l\u0131 olmayan ama yaz\u0131l\u0131 olmas\u0131na gerek olmadan herkesin kabul edece\u011fi, uyulmamas\u0131 halinde yap\u0131lan i\u015f veya davran\u0131\u015f\u0131n kabul\u00fcn\u00fc ve itibar\u0131n\u0131 d\u00fc\u015f\u00fcren, neredeyse g\u00f6revin gerekleri kadar \u00f6nemli olan etik ilkelerine dikkat edilmesi, \u00f6zellikle kamu g\u00f6revi yapan her meslek grubunun vazge\u00e7ilmezi olmal\u0131d\u0131r.<br \/>Bug\u00fcn burada d\u00fczenledi\u011fimiz t\u00f6renle t\u00fcm yarg\u0131 mensuplar\u0131m\u0131za \u00fcst\u00fcn ba\u015far\u0131 dileklerimle T\u00fcrkiye\u2019de Adli Y\u0131l\u2019\u0131 a\u00e7m\u0131\u015f bulunuyoruz.<\/p>\n\n\n\n<h3 class=\"wp-block-heading\">&#8220;Adalet huzurun temelidir, adalet bar\u0131\u015f\u0131n temelidir, adalet ho\u015fg\u00f6r\u00fcn\u00fcn temelidir&#8221;<\/h3>\n\n\n\n<p>Gerek ilk derece ve istinaf mahkemelerimizde, gerekse y\u00fcksek mahkemelerimizde g\u00f6revli h\u00e2kim ve savc\u0131 meslekta\u015flar\u0131m\u0131za ba\u015far\u0131l\u0131 bir adli y\u0131l diliyorum.<\/p>\n\n\n\n<p>Amac\u0131m\u0131z ve hedefimiz vatanda\u015flar\u0131m\u0131z\u0131n beklentilerine en h\u0131zl\u0131 ve en adaletli bir \u015fekilde kar\u015f\u0131l\u0131k verebilmektir. Ayr\u0131ca yarg\u0131 sistemimizin vazge\u00e7ilmezi olan avukat meslekta\u015flar\u0131m\u0131z\u0131n da yeni adli y\u0131l\u0131n\u0131 tebrik ediyor, kendilerine \u00fcst\u00fcn ba\u015far\u0131lar diliyorum.<\/p>\n\n\n\n<p>Ve \u00f6zel olarak her t\u00fcrl\u00fc \u00f6vg\u00fcy\u00fc hak eden, \u00e7ok de\u011ferli genel kurul ve daire ba\u015fkanlar\u0131m\u0131za ve k\u0131ymetli Yarg\u0131tay \u00fcyelerimize ayr\u0131 ayr\u0131 te\u015fekk\u00fcr ediyorum. \u0130yi ki vars\u0131n\u0131z.<\/p>\n\n\n\n<p>Bu \u00f6zel ve g\u00fczel g\u00fcn\u00fcm\u00fczde uzak yollardan gelerek aram\u0131zda bulunan, Kuzey K\u0131br\u0131s T\u00fcrk Cumhuriyeti ve Azerbaycan\u2019\u0131n \u00e7ok de\u011ferli Y\u00fcksek Mahkeme Ba\u015fkanlar\u0131 ve Ba\u015fsavc\u0131lar\u0131 ile beraberindeki heyetlerine, Avrupa \u0130nsan Haklar\u0131 Mahkemesindeki T\u00fcrk Yarg\u0131c\u0131m\u0131za hem ho\u015f geldiniz diyor hem de kendilerine te\u015fekk\u00fcr ediyorum.<\/p>\n\n\n\n<p>Yine bizleri onurland\u0131ran ba\u015fta Cumhurba\u015fkan\u0131 Vekilimiz Say\u0131n Cevdet Y\u0131lmaz\u2019a ve t\u00fcm konuklar\u0131m\u0131za ayr\u0131 ayr\u0131 te\u015fekk\u00fcr ediyor, sayg\u0131lar\u0131m\u0131 sunuyor ve konu\u015fmam\u0131 \u015fu s\u00f6zlerimle tamamlamak istiyorum.<br \/>Adalet huzurun temelidir, adalet bar\u0131\u015f\u0131n temelidir, adalet ho\u015fg\u00f6r\u00fcn\u00fcn temelidir, adalet liyakatin temelidir, adalet ekonominin temelidir, adalet demokrasinin temelidir, adalet cumhuriyetin temelidir, adalet insanl\u0131\u011f\u0131n temelidir, adalet m\u00fclk\u00fcn temelidir. Te\u015fekk\u00fcr ediyor sayg\u0131lar sunuyorum.&#8221;<\/p>\n","protected":false},"excerpt":{"rendered":"<p>Yarg\u0131tay Ba\u015fkan\u0131 \u00d6mer Kerkez ve beraberindeki Yarg\u0131tay \u00fcyeleri, 2026-2027 Adli Y\u0131l\u0131\u2019n\u0131n a\u00e7\u0131l\u0131\u015f\u0131 dolay\u0131s\u0131yla An\u0131tkabir\u2019i ziyaret etti. Yarg\u0131tay Ba\u015fkan\u0131 \u00d6mer Kerkez ba\u015fkanl\u0131\u011f\u0131ndaki heyet, 2026-2027 Adli Y\u0131l\u0131\u2019n\u0131n a\u00e7\u0131l\u0131\u015f\u0131 dolay\u0131s\u0131yla An\u0131tkabir\u2019i ziyaret etti. Kerkez ve beraberindeki Yarg\u0131tay \u00fcyeleri, Aslanl\u0131 Yol\u2019dan y\u00fcr\u00fcyerek Gazi Mustafa Kemal Atat\u00fcrk\u2019\u00fcn mozolesine geldi. Yarg\u0131tay Ba\u015fkan\u0131 Kerkez, Atat\u00fcrk\u2019\u00fcn mozolesine \u00e7elenk b\u0131rakt\u0131. Ard\u0131ndan heyet sayg\u0131 duru\u015funda [&hellip;]<\/p>\n","protected":false},"author":12791,"featured_media":171362,"comment_status":"open","ping_status":"open","sticky":false,"template":"","format":"standard","meta":{"_yoast_wpseo_focuskw":"yarg\u0131tay - 2026","_yoast_wpseo_title":"","_yoast_wpseo_metadesc":"Yarg\u0131tay Ba\u015fkan\u0131 \u00d6mer Kerkez ve beraberindeki Yarg\u0131tay \u00fcyeleri, 2026-2027 Adli Y\u0131l\u0131\u2019n\u0131n a\u00e7\u0131l\u0131\u015f\u0131 dolay\u0131s\u0131yla An\u0131tkabir\u2019i ziyaret etti.","_bbp_topic_count":0,"_bbp_reply_count":0,"_bbp_total_topic_count":0,"_bbp_total_reply_count":0,"_bbp_voice_count":0,"_bbp_anonymous_reply_count":0,"_bbp_topic_count_hidden":0,"_bbp_reply_count_hidden":0,"_bbp_forum_subforum_count":0,"footnotes":"","_yoast_wpseo_focuskw_text_input":""},"categories":[1,8138,8419],"tags":[12595,5715,3142,12596],"yoast_head":"<!-- This site is optimized with the Yoast SEO plugin v23.0 - https:\/\/yoast.com\/wordpress\/plugins\/seo\/ -->\n<title>Yarg\u0131tay 2026-2027 Adli Y\u0131l A\u00e7\u0131l\u0131\u015f T\u00f6reni - The Epoch Times TR<\/title>\n<meta name=\"description\" content=\"Yarg\u0131tay Ba\u015fkan\u0131 \u00d6mer Kerkez ve beraberindeki Yarg\u0131tay \u00fcyeleri, 2026-2027 Adli Y\u0131l\u0131\u2019n\u0131n a\u00e7\u0131l\u0131\u015f\u0131 dolay\u0131s\u0131yla An\u0131tkabir\u2019i ziyaret etti.\" \/>\n<meta name=\"robots\" content=\"index, follow, max-snippet:-1, max-image-preview:large, max-video-preview:-1\" \/>\n<link rel=\"canonical\" href=\"https:\/\/epochtimestr.com\/index.php\/yargitay-2026-2027-adli-yil-acilis-toreni\" \/>\n<meta property=\"og:locale\" content=\"tr_TR\" \/>\n<meta property=\"og:type\" content=\"article\" \/>\n<meta property=\"og:title\" content=\"Yarg\u0131tay 2026-2027 Adli Y\u0131l A\u00e7\u0131l\u0131\u015f T\u00f6reni - The Epoch Times TR\" \/>\n<meta property=\"og:description\" content=\"Yarg\u0131tay Ba\u015fkan\u0131 \u00d6mer Kerkez ve beraberindeki Yarg\u0131tay \u00fcyeleri, 2026-2027 Adli Y\u0131l\u0131\u2019n\u0131n a\u00e7\u0131l\u0131\u015f\u0131 dolay\u0131s\u0131yla An\u0131tkabir\u2019i ziyaret etti.\" \/>\n<meta property=\"og:url\" content=\"https:\/\/epochtimestr.com\/index.php\/yargitay-2026-2027-adli-yil-acilis-toreni\" \/>\n<meta property=\"og:site_name\" content=\"The Epoch Times TR\" \/>\n<meta property=\"article:publisher\" content=\"https:\/\/www.facebook.com\/theepochtimestr\" \/>\n<meta property=\"article:published_time\" content=\"2026-09-02T05:27:22+00:00\" \/>\n<meta property=\"article:modified_time\" content=\"2026-09-02T05:27:30+00:00\" \/>\n<meta property=\"og:image\" content=\"https:\/\/epochtimestr.com\/wp-content\/uploads\/2011y\/x.com_.jpg\" \/>\n\t<meta property=\"og:image:width\" content=\"1600\" \/>\n\t<meta property=\"og:image:height\" content=\"911\" \/>\n\t<meta property=\"og:image:type\" content=\"image\/jpeg\" \/>\n<meta name=\"author\" content=\"Haber Merkezi\" \/>\n<meta name=\"twitter:card\" content=\"summary_large_image\" \/>\n<meta name=\"twitter:creator\" content=\"@TheEpochTimesTR\" \/>\n<meta name=\"twitter:site\" content=\"@TheEpochTimesTR\" \/>\n<meta name=\"twitter:label1\" content=\"Yazan:\" \/>\n\t<meta name=\"twitter:data1\" content=\"Haber Merkezi\" \/>\n\t<meta name=\"twitter:label2\" content=\"Tahmini okuma s\u00fcresi\" \/>\n\t<meta name=\"twitter:data2\" content=\"13 dakika\" \/>\n<script type=\"application\/ld+json\" class=\"yoast-schema-graph\">{\"@context\":\"https:\/\/schema.org\",\"@graph\":[{\"@type\":\"Article\",\"@id\":\"https:\/\/epochtimestr.com\/index.php\/yargitay-2026-2027-adli-yil-acilis-toreni#article\",\"isPartOf\":{\"@id\":\"https:\/\/epochtimestr.com\/index.php\/yargitay-2026-2027-adli-yil-acilis-toreni\"},\"author\":{\"name\":\"Haber Merkezi\",\"@id\":\"https:\/\/epochtimestr.com\/#\/schema\/person\/3dc5c3adeb9f43923c5aa85889172fdd\"},\"headline\":\"Yarg\u0131tay 2026-2027 Adli Y\u0131l A\u00e7\u0131l\u0131\u015f T\u00f6reni\",\"datePublished\":\"2026-09-02T05:27:22+00:00\",\"dateModified\":\"2026-09-02T05:27:30+00:00\",\"mainEntityOfPage\":{\"@id\":\"https:\/\/epochtimestr.com\/index.php\/yargitay-2026-2027-adli-yil-acilis-toreni\"},\"wordCount\":2747,\"commentCount\":0,\"publisher\":{\"@id\":\"https:\/\/epochtimestr.com\/#organization\"},\"image\":{\"@id\":\"https:\/\/epochtimestr.com\/index.php\/yargitay-2026-2027-adli-yil-acilis-toreni#primaryimage\"},\"thumbnailUrl\":\"https:\/\/epochtimestr.com\/wp-content\/uploads\/2011y\/x.com_.jpg\",\"keywords\":[\"2026-2027 Adli Y\u0131l\u0131\",\"an\u0131tkabir\",\"Yarg\u0131tay\",\"Yarg\u0131tay Ba\u015fkan\u0131 \u00d6mer Kerkez\"],\"articleSection\":[\"G\u00dcNDEM\",\"MAN\u015eET\",\"Ya\u015fam\"],\"inLanguage\":\"tr\",\"potentialAction\":[{\"@type\":\"CommentAction\",\"name\":\"Comment\",\"target\":[\"https:\/\/epochtimestr.com\/index.php\/yargitay-2026-2027-adli-yil-acilis-toreni#respond\"]}]},{\"@type\":\"WebPage\",\"@id\":\"https:\/\/epochtimestr.com\/index.php\/yargitay-2026-2027-adli-yil-acilis-toreni\",\"url\":\"https:\/\/epochtimestr.com\/index.php\/yargitay-2026-2027-adli-yil-acilis-toreni\",\"name\":\"Yarg\u0131tay 2026-2027 Adli Y\u0131l A\u00e7\u0131l\u0131\u015f T\u00f6reni - The Epoch Times TR\",\"isPartOf\":{\"@id\":\"https:\/\/epochtimestr.com\/#website\"},\"primaryImageOfPage\":{\"@id\":\"https:\/\/epochtimestr.com\/index.php\/yargitay-2026-2027-adli-yil-acilis-toreni#primaryimage\"},\"image\":{\"@id\":\"https:\/\/epochtimestr.com\/index.php\/yargitay-2026-2027-adli-yil-acilis-toreni#primaryimage\"},\"thumbnailUrl\":\"https:\/\/epochtimestr.com\/wp-content\/uploads\/2011y\/x.com_.jpg\",\"datePublished\":\"2026-09-02T05:27:22+00:00\",\"dateModified\":\"2026-09-02T05:27:30+00:00\",\"description\":\"Yarg\u0131tay Ba\u015fkan\u0131 \u00d6mer Kerkez ve beraberindeki Yarg\u0131tay \u00fcyeleri, 2026-2027 Adli Y\u0131l\u0131\u2019n\u0131n a\u00e7\u0131l\u0131\u015f\u0131 dolay\u0131s\u0131yla An\u0131tkabir\u2019i ziyaret etti.\",\"inLanguage\":\"tr\",\"potentialAction\":[{\"@type\":\"ReadAction\",\"target\":[\"https:\/\/epochtimestr.com\/index.php\/yargitay-2026-2027-adli-yil-acilis-toreni\"]}]},{\"@type\":\"ImageObject\",\"inLanguage\":\"tr\",\"@id\":\"https:\/\/epochtimestr.com\/index.php\/yargitay-2026-2027-adli-yil-acilis-toreni#primaryimage\",\"url\":\"https:\/\/epochtimestr.com\/wp-content\/uploads\/2011y\/x.com_.jpg\",\"contentUrl\":\"https:\/\/epochtimestr.com\/wp-content\/uploads\/2011y\/x.com_.jpg\",\"width\":1600,\"height\":911},{\"@type\":\"WebSite\",\"@id\":\"https:\/\/epochtimestr.com\/#website\",\"url\":\"https:\/\/epochtimestr.com\/\",\"name\":\"The Epoch Times TR\",\"description\":\"De\u011fi\u015fen D\u00fcnyam\u0131za Taze Bir Bak\u0131\u015f\",\"publisher\":{\"@id\":\"https:\/\/epochtimestr.com\/#organization\"},\"potentialAction\":[{\"@type\":\"SearchAction\",\"target\":{\"@type\":\"EntryPoint\",\"urlTemplate\":\"https:\/\/epochtimestr.com\/?s={search_term_string}\"},\"query-input\":\"required name=search_term_string\"}],\"inLanguage\":\"tr\"},{\"@type\":\"Organization\",\"@id\":\"https:\/\/epochtimestr.com\/#organization\",\"name\":\"The EpochTimes T\u00fcrkiye\",\"url\":\"https:\/\/epochtimestr.com\/\",\"logo\":{\"@type\":\"ImageObject\",\"inLanguage\":\"tr\",\"@id\":\"https:\/\/epochtimestr.com\/#\/schema\/logo\/image\/\",\"url\":\"https:\/\/epochtimestr.com\/wp-content\/uploads\/2011y\/ET-Logo-YG.jpg\",\"contentUrl\":\"https:\/\/epochtimestr.com\/wp-content\/uploads\/2011y\/ET-Logo-YG.jpg\",\"width\":346,\"height\":29,\"caption\":\"The EpochTimes T\u00fcrkiye\"},\"image\":{\"@id\":\"https:\/\/epochtimestr.com\/#\/schema\/logo\/image\/\"},\"sameAs\":[\"https:\/\/www.facebook.com\/theepochtimestr\",\"https:\/\/x.com\/TheEpochTimesTR\",\"https:\/\/www.instagram.com\/epochtimestr\"]},{\"@type\":\"Person\",\"@id\":\"https:\/\/epochtimestr.com\/#\/schema\/person\/3dc5c3adeb9f43923c5aa85889172fdd\",\"name\":\"Haber Merkezi\",\"image\":{\"@type\":\"ImageObject\",\"inLanguage\":\"tr\",\"@id\":\"https:\/\/epochtimestr.com\/#\/schema\/person\/image\/\",\"url\":\"https:\/\/secure.gravatar.com\/avatar\/d73f772ba5a74f28601361e17c2f93e6?s=96&d=mm&r=g\",\"contentUrl\":\"https:\/\/secure.gravatar.com\/avatar\/d73f772ba5a74f28601361e17c2f93e6?s=96&d=mm&r=g\",\"caption\":\"Haber Merkezi\"},\"url\":\"https:\/\/epochtimestr.com\/index.php\/author\/sendag\"}]}<\/script>\n<!-- \/ Yoast SEO plugin. -->","yoast_head_json":{"title":"Yarg\u0131tay 2026-2027 Adli Y\u0131l A\u00e7\u0131l\u0131\u015f T\u00f6reni - The Epoch Times TR","description":"Yarg\u0131tay Ba\u015fkan\u0131 \u00d6mer Kerkez ve beraberindeki Yarg\u0131tay \u00fcyeleri, 2026-2027 Adli Y\u0131l\u0131\u2019n\u0131n a\u00e7\u0131l\u0131\u015f\u0131 dolay\u0131s\u0131yla An\u0131tkabir\u2019i ziyaret etti.","robots":{"index":"index","follow":"follow","max-snippet":"max-snippet:-1","max-image-preview":"max-image-preview:large","max-video-preview":"max-video-preview:-1"},"canonical":"https:\/\/epochtimestr.com\/index.php\/yargitay-2026-2027-adli-yil-acilis-toreni","og_locale":"tr_TR","og_type":"article","og_title":"Yarg\u0131tay 2026-2027 Adli Y\u0131l A\u00e7\u0131l\u0131\u015f T\u00f6reni - The Epoch Times TR","og_description":"Yarg\u0131tay Ba\u015fkan\u0131 \u00d6mer Kerkez ve beraberindeki Yarg\u0131tay \u00fcyeleri, 2026-2027 Adli Y\u0131l\u0131\u2019n\u0131n a\u00e7\u0131l\u0131\u015f\u0131 dolay\u0131s\u0131yla An\u0131tkabir\u2019i ziyaret etti.","og_url":"https:\/\/epochtimestr.com\/index.php\/yargitay-2026-2027-adli-yil-acilis-toreni","og_site_name":"The Epoch Times TR","article_publisher":"https:\/\/www.facebook.com\/theepochtimestr","article_published_time":"2026-09-02T05:27:22+00:00","article_modified_time":"2026-09-02T05:27:30+00:00","og_image":[{"width":1600,"height":911,"url":"https:\/\/epochtimestr.com\/wp-content\/uploads\/2011y\/x.com_.jpg","type":"image\/jpeg"}],"author":"Haber Merkezi","twitter_card":"summary_large_image","twitter_creator":"@TheEpochTimesTR","twitter_site":"@TheEpochTimesTR","twitter_misc":{"Yazan:":"Haber Merkezi","Tahmini okuma s\u00fcresi":"13 dakika"},"schema":{"@context":"https:\/\/schema.org","@graph":[{"@type":"Article","@id":"https:\/\/epochtimestr.com\/index.php\/yargitay-2026-2027-adli-yil-acilis-toreni#article","isPartOf":{"@id":"https:\/\/epochtimestr.com\/index.php\/yargitay-2026-2027-adli-yil-acilis-toreni"},"author":{"name":"Haber Merkezi","@id":"https:\/\/epochtimestr.com\/#\/schema\/person\/3dc5c3adeb9f43923c5aa85889172fdd"},"headline":"Yarg\u0131tay 2026-2027 Adli Y\u0131l A\u00e7\u0131l\u0131\u015f T\u00f6reni","datePublished":"2026-09-02T05:27:22+00:00","dateModified":"2026-09-02T05:27:30+00:00","mainEntityOfPage":{"@id":"https:\/\/epochtimestr.com\/index.php\/yargitay-2026-2027-adli-yil-acilis-toreni"},"wordCount":2747,"commentCount":0,"publisher":{"@id":"https:\/\/epochtimestr.com\/#organization"},"image":{"@id":"https:\/\/epochtimestr.com\/index.php\/yargitay-2026-2027-adli-yil-acilis-toreni#primaryimage"},"thumbnailUrl":"https:\/\/epochtimestr.com\/wp-content\/uploads\/2011y\/x.com_.jpg","keywords":["2026-2027 Adli Y\u0131l\u0131","an\u0131tkabir","Yarg\u0131tay","Yarg\u0131tay Ba\u015fkan\u0131 \u00d6mer Kerkez"],"articleSection":["G\u00dcNDEM","MAN\u015eET","Ya\u015fam"],"inLanguage":"tr","potentialAction":[{"@type":"CommentAction","name":"Comment","target":["https:\/\/epochtimestr.com\/index.php\/yargitay-2026-2027-adli-yil-acilis-toreni#respond"]}]},{"@type":"WebPage","@id":"https:\/\/epochtimestr.com\/index.php\/yargitay-2026-2027-adli-yil-acilis-toreni","url":"https:\/\/epochtimestr.com\/index.php\/yargitay-2026-2027-adli-yil-acilis-toreni","name":"Yarg\u0131tay 2026-2027 Adli Y\u0131l A\u00e7\u0131l\u0131\u015f T\u00f6reni - The Epoch Times TR","isPartOf":{"@id":"https:\/\/epochtimestr.com\/#website"},"primaryImageOfPage":{"@id":"https:\/\/epochtimestr.com\/index.php\/yargitay-2026-2027-adli-yil-acilis-toreni#primaryimage"},"image":{"@id":"https:\/\/epochtimestr.com\/index.php\/yargitay-2026-2027-adli-yil-acilis-toreni#primaryimage"},"thumbnailUrl":"https:\/\/epochtimestr.com\/wp-content\/uploads\/2011y\/x.com_.jpg","datePublished":"2026-09-02T05:27:22+00:00","dateModified":"2026-09-02T05:27:30+00:00","description":"Yarg\u0131tay Ba\u015fkan\u0131 \u00d6mer Kerkez ve beraberindeki Yarg\u0131tay \u00fcyeleri, 2026-2027 Adli Y\u0131l\u0131\u2019n\u0131n a\u00e7\u0131l\u0131\u015f\u0131 dolay\u0131s\u0131yla An\u0131tkabir\u2019i ziyaret etti.","inLanguage":"tr","potentialAction":[{"@type":"ReadAction","target":["https:\/\/epochtimestr.com\/index.php\/yargitay-2026-2027-adli-yil-acilis-toreni"]}]},{"@type":"ImageObject","inLanguage":"tr","@id":"https:\/\/epochtimestr.com\/index.php\/yargitay-2026-2027-adli-yil-acilis-toreni#primaryimage","url":"https:\/\/epochtimestr.com\/wp-content\/uploads\/2011y\/x.com_.jpg","contentUrl":"https:\/\/epochtimestr.com\/wp-content\/uploads\/2011y\/x.com_.jpg","width":1600,"height":911},{"@type":"WebSite","@id":"https:\/\/epochtimestr.com\/#website","url":"https:\/\/epochtimestr.com\/","name":"The Epoch Times TR","description":"De\u011fi\u015fen D\u00fcnyam\u0131za Taze Bir Bak\u0131\u015f","publisher":{"@id":"https:\/\/epochtimestr.com\/#organization"},"potentialAction":[{"@type":"SearchAction","target":{"@type":"EntryPoint","urlTemplate":"https:\/\/epochtimestr.com\/?s={search_term_string}"},"query-input":"required name=search_term_string"}],"inLanguage":"tr"},{"@type":"Organization","@id":"https:\/\/epochtimestr.com\/#organization","name":"The EpochTimes T\u00fcrkiye","url":"https:\/\/epochtimestr.com\/","logo":{"@type":"ImageObject","inLanguage":"tr","@id":"https:\/\/epochtimestr.com\/#\/schema\/logo\/image\/","url":"https:\/\/epochtimestr.com\/wp-content\/uploads\/2011y\/ET-Logo-YG.jpg","contentUrl":"https:\/\/epochtimestr.com\/wp-content\/uploads\/2011y\/ET-Logo-YG.jpg","width":346,"height":29,"caption":"The EpochTimes T\u00fcrkiye"},"image":{"@id":"https:\/\/epochtimestr.com\/#\/schema\/logo\/image\/"},"sameAs":["https:\/\/www.facebook.com\/theepochtimestr","https:\/\/x.com\/TheEpochTimesTR","https:\/\/www.instagram.com\/epochtimestr"]},{"@type":"Person","@id":"https:\/\/epochtimestr.com\/#\/schema\/person\/3dc5c3adeb9f43923c5aa85889172fdd","name":"Haber Merkezi","image":{"@type":"ImageObject","inLanguage":"tr","@id":"https:\/\/epochtimestr.com\/#\/schema\/person\/image\/","url":"https:\/\/secure.gravatar.com\/avatar\/d73f772ba5a74f28601361e17c2f93e6?s=96&d=mm&r=g","contentUrl":"https:\/\/secure.gravatar.com\/avatar\/d73f772ba5a74f28601361e17c2f93e6?s=96&d=mm&r=g","caption":"Haber Merkezi"},"url":"https:\/\/epochtimestr.com\/index.php\/author\/sendag"}]}},"_links":{"self":[{"href":"https:\/\/epochtimestr.com\/index.php\/wp-json\/wp\/v2\/posts\/171361"}],"collection":[{"href":"https:\/\/epochtimestr.com\/index.php\/wp-json\/wp\/v2\/posts"}],"about":[{"href":"https:\/\/epochtimestr.com\/index.php\/wp-json\/wp\/v2\/types\/post"}],"author":[{"embeddable":true,"href":"https:\/\/epochtimestr.com\/index.php\/wp-json\/wp\/v2\/users\/12791"}],"replies":[{"embeddable":true,"href":"https:\/\/epochtimestr.com\/index.php\/wp-json\/wp\/v2\/comments?post=171361"}],"version-history":[{"count":2,"href":"https:\/\/epochtimestr.com\/index.php\/wp-json\/wp\/v2\/posts\/171361\/revisions"}],"predecessor-version":[{"id":171375,"href":"https:\/\/epochtimestr.com\/index.php\/wp-json\/wp\/v2\/posts\/171361\/revisions\/171375"}],"wp:featuredmedia":[{"embeddable":true,"href":"https:\/\/epochtimestr.com\/index.php\/wp-json\/wp\/v2\/media\/171362"}],"wp:attachment":[{"href":"https:\/\/epochtimestr.com\/index.php\/wp-json\/wp\/v2\/media?parent=171361"}],"wp:term":[{"taxonomy":"category","embeddable":true,"href":"https:\/\/epochtimestr.com\/index.php\/wp-json\/wp\/v2\/categories?post=171361"},{"taxonomy":"post_tag","embeddable":true,"href":"https:\/\/epochtimestr.com\/index.php\/wp-json\/wp\/v2\/tags?post=171361"}],"curies":[{"name":"wp","href":"https:\/\/api.w.org\/{rel}","templated":true}]}}