{"id":171367,"date":"2026-09-02T08:33:14","date_gmt":"2026-09-02T05:33:14","guid":{"rendered":"https:\/\/epochtimestr.com\/?p=171367"},"modified":"2026-09-02T08:33:16","modified_gmt":"2026-09-02T05:33:16","slug":"zeynel-emre-acikladi-yeni-parti-598-bin-uyeye-ulasti","status":"publish","type":"post","link":"https:\/\/epochtimestr.com\/index.php\/zeynel-emre-acikladi-yeni-parti-598-bin-uyeye-ulasti","title":{"rendered":"Zeynel Emre a\u00e7\u0131klad\u0131: Yeni Parti 598 Bin \u00dcyeye Ula\u015ft\u0131"},"content":{"rendered":"<div class=\"wp-block-image\">\n<figure class=\"aligncenter size-full\"><img loading=\"lazy\" decoding=\"async\" width=\"1200\" height=\"600\" src=\"https:\/\/epochtimestr.com\/wp-content\/uploads\/2011y\/zeynel-emre-yeni-parti.jpg\" alt=\"Zeynel Emre a\u00e7\u0131klad\u0131: Yeni Parti 598 bin \u00fcyeye ula\u015ft\u0131. (Foto\u011fraf: YEN\u0130 Parti x hesab\u0131)\" class=\"wp-image-171368\" srcset=\"https:\/\/epochtimestr.com\/wp-content\/uploads\/2011y\/zeynel-emre-yeni-parti.jpg 1200w, https:\/\/epochtimestr.com\/wp-content\/uploads\/2011y\/zeynel-emre-yeni-parti-300x150.jpg 300w, https:\/\/epochtimestr.com\/wp-content\/uploads\/2011y\/zeynel-emre-yeni-parti-150x75.jpg 150w, https:\/\/epochtimestr.com\/wp-content\/uploads\/2011y\/zeynel-emre-yeni-parti-768x384.jpg 768w\" sizes=\"(max-width: 1200px) 100vw, 1200px\" \/><figcaption class=\"wp-element-caption\">Zeynel Emre a\u00e7\u0131klad\u0131: Yeni Parti 598 bin \u00fcyeye ula\u015ft\u0131. (Foto\u011fraf: YEN\u0130 Parti x hesab\u0131)<\/figcaption><\/figure><\/div>\n\n\n<h2 class=\"wp-block-heading\">YEN\u0130 Parti Genel Ba\u015fkan Yard\u0131mc\u0131s\u0131 ve Parti S\u00f6zc\u00fcs\u00fc Zeynel Emre,  Parti Genel Merkezi\u2019nde d\u00fczenlenen bas\u0131n toplant\u0131s\u0131nda MYK g\u00fcndemini kamuoyu ile payla\u015ft\u0131.<\/h2>\n\n\n\n<p>YEN\u0130 Parti Genel Ba\u015fkan Yard\u0131mc\u0131s\u0131 ve Parti S\u00f6zc\u00fcs\u00fc Zeynel Emre, YEN\u0130 Parti <a href=\"https:\/\/epochtimestr.com\/index.php\/ozgur-ozel-yeni-parti-genel-merkezine-ilk-gelisinde-konustu\">Genel Merkezinde<\/a> d\u00fczenlenen bas\u0131n toplant\u0131s\u0131nda MYK g\u00fcndemini kamuoyu ile <a href=\"https:\/\/epochtimestr.com\/index.php\/zeynel-emre-yeni-parti-kongre-takvimini-acikladi\">payla\u015ft\u0131<\/a>.<\/p>\n\n\n\n<p>Zeynel Emre, partisinin genel merkezinde Merkez Y\u00f6netim Kurulu (MYK) g\u00fcndemine ili\u015fkin a\u00e7\u0131klamalarda bulundu. YEN\u0130 Parti Genel Ba\u015fkan\u0131 \u00d6zg\u00fcr \u00d6zel&#8217;in saha \u00e7al\u0131\u015fmalar\u0131 kapsam\u0131nda bilgi veren Zeynel Emre, &#8220;\u00d6n\u00fcm\u00fczdeki hafta \u00f6nce memleketi Manisa&#8217;ya gidecek. Manisa&#8217;da \u00fcz\u00fcm yeti\u015ftiricileriyle bir toplant\u0131 ger\u00e7ekle\u015ftirecek. Bir Trakya gezisi olacak. K\u0131rklareli, Tekirda\u011f ve Edirne&#8217;de temaslarda ve saha ziyaretlerinde bulunacak&#8221; ifadelerini kulland\u0131.<\/p>\n\n\n\n<p>Emre, Girne a\u00e7\u0131klar\u0131nda ger\u00e7ekle\u015fen feribot kazas\u0131nda hayat\u0131n\u0131 kaybeden yurtta\u015flara Allah\u2019tan rahmet, yak\u0131nlar\u0131na sab\u0131r diledi. Grup Ba\u015fkanvekili Ali Mahir Ba\u015far\u0131r ba\u015fkanl\u0131\u011f\u0131ndaki bir heyetin K\u0131br\u0131s\u2019a gitti\u011fini ve gerekli incelemelerde bulundu\u011funu belirtti.<\/p>\n\n\n\n<p><strong>Ev kad\u0131nlar\u0131na sigorta<\/strong><\/p>\n\n\n\n<p>Vatanda\u015f\u0131n \u00f6ncelikli sorununun ge\u00e7im, i\u015fsizlik, \u00e7ocuklar\u0131n durumu ve kad\u0131n istihdam\u0131 oldu\u011funu ifade eden Emre, kad\u0131nlar\u0131n i\u015f g\u00fcc\u00fcne kat\u0131l\u0131m\u0131n\u0131n T\u00fcrkiye\u2019de y\u00fczde 36\u2019ya kadar d\u00fc\u015ft\u00fc\u011f\u00fcn\u00fc s\u00f6yledi. \u201cMuhakkak evde \u00e7al\u0131\u015fan, yani \u00e7ocuk bakan, evin bak\u0131m\u0131n\u0131 \u00fcstlenen annelere devlet sigortas\u0131 yapaca\u011f\u0131z\u201d diyen Emre, evde \u00e7al\u0131\u015fan ve \u00e7ocu\u011fa bakan ev han\u0131m\u0131n\u0131n sigortas\u0131n\u0131 devletin \u00f6deyece\u011fini belirtti.<\/p>\n\n\n\n<p><strong>Atama bekleyen \u00f6\u011fretmenler<\/strong><\/p>\n\n\n\n<p>\u00d6\u011fretmenlerin problemlerine de\u011finen Emre, il emri atamas\u0131 bekleyen \u00f6\u011fretmenlerin ma\u011fdur edildi\u011fini belirterek, \u201cBu \u00f6\u011fretmenlerin ma\u011fduriyetinin giderilmesi, aileleriyle bulu\u015fmas\u0131 laz\u0131m\u201d dedi.<\/p>\n\n\n\n<p>Emre ayr\u0131ca Milli E\u011fitim Akademisi S\u0131nav\u0131\u2019na 391 bin 906 \u00f6\u011fretmenin ba\u015fvurdu\u011funu, sonu\u00e7larda do\u011fru-yanl\u0131\u015f cevap da\u011f\u0131l\u0131m\u0131n\u0131n birbirini tutmad\u0131\u011f\u0131n\u0131 ve bunun ortaya \u00e7\u0131kmas\u0131n\u0131n ard\u0131ndan \u00d6SYM internet sitesine eri\u015fimin kesildi\u011fini ifade etti.<\/p>\n\n\n\n<h3 class=\"wp-block-heading\">\u015eehit, gazi ve madenci eylemleri<\/h3>\n\n\n\n<p>Emre, ge\u00e7ti\u011fimiz haftalarda gazilerin yerlerde s\u00fcr\u00fcklendi\u011fini, hakk\u0131n\u0131 isteyen maden i\u015f\u00e7ilerine g\u00f6zalt\u0131 i\u015flemi yap\u0131ld\u0131\u011f\u0131n\u0131 ve Ba\u011f\u0131ms\u0131z Maden \u0130\u015f\u2019in Genel Ba\u015fkan\u0131 ile \u00f6rg\u00fctlenme uzman\u0131 Ba\u015faran Aksu\u2019nun tutukland\u0131\u011f\u0131n\u0131 belirterek, \u201cMemuruna, \u00f6\u011fretmenine sefalet d\u00fczeni ya\u015fatan bir iktidar var\u201d dedi.<\/p>\n\n\n\n<p><strong>Deniz G\u00f6kta\u015f&#8217;\u0131n yeniden tutulanmas\u0131<\/strong><\/p>\n\n\n\n<p>Yarg\u0131 ba\u011f\u0131ms\u0131zl\u0131\u011f\u0131na ili\u015fkin de\u011ferlendirmelerde bulunan Emre, komedyen Deniz G\u00f6kta\u015f hakk\u0131nda tahliye karar\u0131 verilmesine ra\u011fmen tahliye edilmedi\u011fini ve tekrar tutuklama karar\u0131 verildi\u011fini s\u00f6yledi. <\/p>\n\n\n\n<p><strong>Kay\u0131tl\u0131 \u00e7al\u0131\u015fan emekli say\u0131s\u0131 6 y\u0131lda y\u00fczde 185 artt\u0131<\/strong><\/p>\n\n\n\n<p>Artan ya\u015fam maliyetleri ve yetersiz ayl\u0131k nedeniyle \u00e7ok say\u0131da emeklinin yeniden \u00e7al\u0131\u015fman\u0131n yollar\u0131n\u0131 arad\u0131\u011f\u0131n\u0131 belirten Emre, SGK verilerine g\u00f6re sosyal g\u00fcvenlik destek primi \u00f6deyerek kay\u0131tl\u0131 \u00e7al\u0131\u015fan emekli say\u0131s\u0131n\u0131n 2 milyon 130 bin 20 oldu\u011funu s\u00f6yledi. Emre, kay\u0131tl\u0131 \u00e7al\u0131\u015fan emekli say\u0131s\u0131n\u0131n son alt\u0131 y\u0131lda y\u00fczde 185 artt\u0131\u011f\u0131n\u0131 ifade etti.<\/p>\n\n\n\n<p><strong>\u0130mamo\u011flu&#8217;nun savunmas\u0131<\/strong><\/p>\n\n\n\n<p>Ekrem \u0130mamo\u011flu\u2019nun tutukland\u0131\u011f\u0131ndan bug\u00fcne kadar savunmas\u0131n\u0131n yapt\u0131r\u0131lmad\u0131\u011f\u0131n\u0131 belirten Emre, savunmas\u0131n\u0131n kitap haline getirilerek bas\u0131lmak istendi\u011fini ancak kitap bask\u0131s\u0131 s\u0131ras\u0131nda toplatma i\u015flemi uyguland\u0131\u011f\u0131n\u0131 s\u00f6yledi. Emre, \u201cB\u00f6yle gayri ciddilik, b\u00f6yle hukuk tan\u0131mazl\u0131k, b\u00f6yle devlet y\u00f6netimi olmaz\u201d dedi.<\/p>\n\n\n\n<p><strong>&#8220;\u00dcye say\u0131m\u0131z an itibar\u0131yla 598 bin<\/strong>&#8220;<\/p>\n\n\n\n<p>YEN\u0130 Parti\u2019nin kurulu\u015f \u00e7al\u0131\u015fmalar\u0131na ili\u015fkin bilgi veren Emre, \u201cBug\u00fcn itibar\u0131yla 19 g\u00fcn i\u00e7erisinde sadece T\u00fcrk siyasal ya\u015fam\u0131nda de\u011fil, d\u00fcnya siyasetinde g\u00f6r\u00fclmemi\u015f bir destekle h\u0131zla b\u00fcy\u00fcyerek yolumuzda ilerlemeye devam ediyoruz\u201d dedi.<\/p>\n\n\n\n<p>Emre, YEN\u0130 Parti\u2019nin \u00fcye say\u0131s\u0131n\u0131n 598 bine, belediye say\u0131s\u0131n\u0131n ise 252\u2019ye y\u00fckseldi\u011fini belirterek, \u201c81 il \u00f6rg\u00fctlenmesine az kald\u0131. \u015eu an 800\u2019\u00fcn \u00fczerinde il\u00e7ede \u00f6rg\u00fctlendik. 72 ilde \u00f6rg\u00fctlenmeyi tamamlad\u0131k. Di\u011ferlerini de h\u0131zl\u0131ca tamamlayaca\u011f\u0131z\u201d ifadelerini kulland\u0131.<\/p>\n\n\n\n<figure class=\"wp-block-embed is-type-rich is-provider-x wp-block-embed-x\"><div class=\"wp-block-embed__wrapper\">\n<blockquote class=\"twitter-tweet\" data-width=\"550\" data-dnt=\"true\"><p lang=\"tr\" dir=\"ltr\">Parti S\u00f6zc\u00fcm\u00fcz Zeynel Emre, MYK g\u00fcndemini kamuoyuyla payla\u015f\u0131yor. <a href=\"https:\/\/t.co\/EjzLbDHSdC\">https:\/\/t.co\/EjzLbDHSdC<\/a><\/p>&mdash; YEN\u0130 Parti (@yenipartiyiz) <a href=\"https:\/\/x.com\/yenipartiyiz\/status\/2094712813390586342?ref_src=twsrc%5Etfw\">September 1, 2026<\/a><\/blockquote><script async src=\"https:\/\/platform.x.com\/widgets.js\" charset=\"utf-8\"><\/script>\n<\/div><\/figure>\n","protected":false},"excerpt":{"rendered":"<p>YEN\u0130 Parti Genel Ba\u015fkan Yard\u0131mc\u0131s\u0131 ve Parti S\u00f6zc\u00fcs\u00fc Zeynel Emre, Parti Genel Merkezi\u2019nde d\u00fczenlenen bas\u0131n toplant\u0131s\u0131nda MYK g\u00fcndemini kamuoyu ile payla\u015ft\u0131. YEN\u0130 Parti Genel Ba\u015fkan Yard\u0131mc\u0131s\u0131 ve Parti S\u00f6zc\u00fcs\u00fc Zeynel Emre, YEN\u0130 Parti Genel Merkezinde d\u00fczenlenen bas\u0131n toplant\u0131s\u0131nda MYK g\u00fcndemini kamuoyu ile payla\u015ft\u0131. Zeynel Emre, partisinin genel merkezinde Merkez Y\u00f6netim Kurulu (MYK) g\u00fcndemine ili\u015fkin a\u00e7\u0131klamalarda [&hellip;]<\/p>\n","protected":false},"author":12791,"featured_media":171368,"comment_status":"open","ping_status":"open","sticky":false,"template":"","format":"standard","meta":{"_yoast_wpseo_focuskw":"Zeynel Emre","_yoast_wpseo_title":"","_yoast_wpseo_metadesc":"Zeynel Emre, YEN\u0130 Parti Genel Merkezi\u2019nde d\u00fczenlenen bas\u0131n toplant\u0131s\u0131nda MYK g\u00fcndemini kamuoyu ile payla\u015ft\u0131.","_bbp_topic_count":0,"_bbp_reply_count":0,"_bbp_total_topic_count":0,"_bbp_total_reply_count":0,"_bbp_voice_count":0,"_bbp_anonymous_reply_count":0,"_bbp_topic_count_hidden":0,"_bbp_reply_count_hidden":0,"_bbp_forum_subforum_count":0,"footnotes":"","_yoast_wpseo_focuskw_text_input":""},"categories":[1,8138,8226],"tags":[1933,11909,12041],"yoast_head":"<!-- This site is optimized with the Yoast SEO plugin v23.0 - https:\/\/yoast.com\/wordpress\/plugins\/seo\/ -->\n<title>Zeynel Emre a\u00e7\u0131klad\u0131: Yeni Parti 598 Bin \u00dcyeye Ula\u015ft\u0131 - The Epoch Times TR<\/title>\n<meta name=\"description\" content=\"Zeynel Emre, YEN\u0130 Parti Genel Merkezi\u2019nde d\u00fczenlenen bas\u0131n toplant\u0131s\u0131nda MYK g\u00fcndemini kamuoyu ile payla\u015ft\u0131.\" \/>\n<meta name=\"robots\" content=\"index, follow, max-snippet:-1, max-image-preview:large, max-video-preview:-1\" \/>\n<link rel=\"canonical\" href=\"https:\/\/epochtimestr.com\/index.php\/zeynel-emre-acikladi-yeni-parti-598-bin-uyeye-ulasti\" \/>\n<meta property=\"og:locale\" content=\"tr_TR\" \/>\n<meta property=\"og:type\" content=\"article\" \/>\n<meta property=\"og:title\" content=\"Zeynel Emre a\u00e7\u0131klad\u0131: Yeni Parti 598 Bin \u00dcyeye Ula\u015ft\u0131 - The Epoch Times TR\" \/>\n<meta property=\"og:description\" content=\"Zeynel Emre, YEN\u0130 Parti Genel Merkezi\u2019nde d\u00fczenlenen bas\u0131n toplant\u0131s\u0131nda MYK g\u00fcndemini kamuoyu ile payla\u015ft\u0131.\" \/>\n<meta property=\"og:url\" content=\"https:\/\/epochtimestr.com\/index.php\/zeynel-emre-acikladi-yeni-parti-598-bin-uyeye-ulasti\" \/>\n<meta property=\"og:site_name\" content=\"The Epoch Times TR\" \/>\n<meta property=\"article:publisher\" content=\"https:\/\/www.facebook.com\/theepochtimestr\" \/>\n<meta property=\"article:published_time\" content=\"2026-09-02T05:33:14+00:00\" \/>\n<meta property=\"article:modified_time\" content=\"2026-09-02T05:33:16+00:00\" \/>\n<meta property=\"og:image\" content=\"https:\/\/epochtimestr.com\/wp-content\/uploads\/2011y\/zeynel-emre-yeni-parti.jpg\" \/>\n\t<meta property=\"og:image:width\" content=\"1200\" \/>\n\t<meta property=\"og:image:height\" content=\"600\" \/>\n\t<meta property=\"og:image:type\" content=\"image\/jpeg\" \/>\n<meta name=\"author\" content=\"Haber Merkezi\" \/>\n<meta name=\"twitter:card\" content=\"summary_large_image\" \/>\n<meta name=\"twitter:creator\" content=\"@TheEpochTimesTR\" \/>\n<meta name=\"twitter:site\" content=\"@TheEpochTimesTR\" \/>\n<meta name=\"twitter:label1\" content=\"Yazan:\" \/>\n\t<meta name=\"twitter:data1\" content=\"Haber Merkezi\" \/>\n\t<meta name=\"twitter:label2\" content=\"Tahmini okuma s\u00fcresi\" \/>\n\t<meta name=\"twitter:data2\" content=\"4 dakika\" \/>\n<script type=\"application\/ld+json\" class=\"yoast-schema-graph\">{\"@context\":\"https:\/\/schema.org\",\"@graph\":[{\"@type\":\"Article\",\"@id\":\"https:\/\/epochtimestr.com\/index.php\/zeynel-emre-acikladi-yeni-parti-598-bin-uyeye-ulasti#article\",\"isPartOf\":{\"@id\":\"https:\/\/epochtimestr.com\/index.php\/zeynel-emre-acikladi-yeni-parti-598-bin-uyeye-ulasti\"},\"author\":{\"name\":\"Haber Merkezi\",\"@id\":\"https:\/\/epochtimestr.com\/#\/schema\/person\/3dc5c3adeb9f43923c5aa85889172fdd\"},\"headline\":\"Zeynel Emre a\u00e7\u0131klad\u0131: Yeni Parti 598 Bin \u00dcyeye Ula\u015ft\u0131\",\"datePublished\":\"2026-09-02T05:33:14+00:00\",\"dateModified\":\"2026-09-02T05:33:16+00:00\",\"mainEntityOfPage\":{\"@id\":\"https:\/\/epochtimestr.com\/index.php\/zeynel-emre-acikladi-yeni-parti-598-bin-uyeye-ulasti\"},\"wordCount\":722,\"commentCount\":0,\"publisher\":{\"@id\":\"https:\/\/epochtimestr.com\/#organization\"},\"image\":{\"@id\":\"https:\/\/epochtimestr.com\/index.php\/zeynel-emre-acikladi-yeni-parti-598-bin-uyeye-ulasti#primaryimage\"},\"thumbnailUrl\":\"https:\/\/epochtimestr.com\/wp-content\/uploads\/2011y\/zeynel-emre-yeni-parti.jpg\",\"keywords\":[\"bas\u0131n toplant\u0131s\u0131\",\"YEN\u0130 Parti\",\"Zeynel Emre\"],\"articleSection\":[\"G\u00dcNDEM\",\"MAN\u015eET\",\"Siyaset\"],\"inLanguage\":\"tr\",\"potentialAction\":[{\"@type\":\"CommentAction\",\"name\":\"Comment\",\"target\":[\"https:\/\/epochtimestr.com\/index.php\/zeynel-emre-acikladi-yeni-parti-598-bin-uyeye-ulasti#respond\"]}]},{\"@type\":\"WebPage\",\"@id\":\"https:\/\/epochtimestr.com\/index.php\/zeynel-emre-acikladi-yeni-parti-598-bin-uyeye-ulasti\",\"url\":\"https:\/\/epochtimestr.com\/index.php\/zeynel-emre-acikladi-yeni-parti-598-bin-uyeye-ulasti\",\"name\":\"Zeynel Emre a\u00e7\u0131klad\u0131: Yeni Parti 598 Bin \u00dcyeye Ula\u015ft\u0131 - The Epoch Times TR\",\"isPartOf\":{\"@id\":\"https:\/\/epochtimestr.com\/#website\"},\"primaryImageOfPage\":{\"@id\":\"https:\/\/epochtimestr.com\/index.php\/zeynel-emre-acikladi-yeni-parti-598-bin-uyeye-ulasti#primaryimage\"},\"image\":{\"@id\":\"https:\/\/epochtimestr.com\/index.php\/zeynel-emre-acikladi-yeni-parti-598-bin-uyeye-ulasti#primaryimage\"},\"thumbnailUrl\":\"https:\/\/epochtimestr.com\/wp-content\/uploads\/2011y\/zeynel-emre-yeni-parti.jpg\",\"datePublished\":\"2026-09-02T05:33:14+00:00\",\"dateModified\":\"2026-09-02T05:33:16+00:00\",\"description\":\"Zeynel Emre, YEN\u0130 Parti Genel Merkezi\u2019nde d\u00fczenlenen bas\u0131n toplant\u0131s\u0131nda MYK g\u00fcndemini kamuoyu ile payla\u015ft\u0131.\",\"inLanguage\":\"tr\",\"potentialAction\":[{\"@type\":\"ReadAction\",\"target\":[\"https:\/\/epochtimestr.com\/index.php\/zeynel-emre-acikladi-yeni-parti-598-bin-uyeye-ulasti\"]}]},{\"@type\":\"ImageObject\",\"inLanguage\":\"tr\",\"@id\":\"https:\/\/epochtimestr.com\/index.php\/zeynel-emre-acikladi-yeni-parti-598-bin-uyeye-ulasti#primaryimage\",\"url\":\"https:\/\/epochtimestr.com\/wp-content\/uploads\/2011y\/zeynel-emre-yeni-parti.jpg\",\"contentUrl\":\"https:\/\/epochtimestr.com\/wp-content\/uploads\/2011y\/zeynel-emre-yeni-parti.jpg\",\"width\":1200,\"height\":600},{\"@type\":\"WebSite\",\"@id\":\"https:\/\/epochtimestr.com\/#website\",\"url\":\"https:\/\/epochtimestr.com\/\",\"name\":\"The Epoch Times TR\",\"description\":\"De\u011fi\u015fen D\u00fcnyam\u0131za Taze Bir Bak\u0131\u015f\",\"publisher\":{\"@id\":\"https:\/\/epochtimestr.com\/#organization\"},\"potentialAction\":[{\"@type\":\"SearchAction\",\"target\":{\"@type\":\"EntryPoint\",\"urlTemplate\":\"https:\/\/epochtimestr.com\/?s={search_term_string}\"},\"query-input\":\"required name=search_term_string\"}],\"inLanguage\":\"tr\"},{\"@type\":\"Organization\",\"@id\":\"https:\/\/epochtimestr.com\/#organization\",\"name\":\"The EpochTimes T\u00fcrkiye\",\"url\":\"https:\/\/epochtimestr.com\/\",\"logo\":{\"@type\":\"ImageObject\",\"inLanguage\":\"tr\",\"@id\":\"https:\/\/epochtimestr.com\/#\/schema\/logo\/image\/\",\"url\":\"https:\/\/epochtimestr.com\/wp-content\/uploads\/2011y\/ET-Logo-YG.jpg\",\"contentUrl\":\"https:\/\/epochtimestr.com\/wp-content\/uploads\/2011y\/ET-Logo-YG.jpg\",\"width\":346,\"height\":29,\"caption\":\"The EpochTimes T\u00fcrkiye\"},\"image\":{\"@id\":\"https:\/\/epochtimestr.com\/#\/schema\/logo\/image\/\"},\"sameAs\":[\"https:\/\/www.facebook.com\/theepochtimestr\",\"https:\/\/x.com\/TheEpochTimesTR\",\"https:\/\/www.instagram.com\/epochtimestr\"]},{\"@type\":\"Person\",\"@id\":\"https:\/\/epochtimestr.com\/#\/schema\/person\/3dc5c3adeb9f43923c5aa85889172fdd\",\"name\":\"Haber Merkezi\",\"image\":{\"@type\":\"ImageObject\",\"inLanguage\":\"tr\",\"@id\":\"https:\/\/epochtimestr.com\/#\/schema\/person\/image\/\",\"url\":\"https:\/\/secure.gravatar.com\/avatar\/d73f772ba5a74f28601361e17c2f93e6?s=96&d=mm&r=g\",\"contentUrl\":\"https:\/\/secure.gravatar.com\/avatar\/d73f772ba5a74f28601361e17c2f93e6?s=96&d=mm&r=g\",\"caption\":\"Haber Merkezi\"},\"url\":\"https:\/\/epochtimestr.com\/index.php\/author\/sendag\"}]}<\/script>\n<!-- \/ Yoast SEO plugin. -->","yoast_head_json":{"title":"Zeynel Emre a\u00e7\u0131klad\u0131: Yeni Parti 598 Bin \u00dcyeye Ula\u015ft\u0131 - The Epoch Times TR","description":"Zeynel Emre, YEN\u0130 Parti Genel Merkezi\u2019nde d\u00fczenlenen bas\u0131n toplant\u0131s\u0131nda MYK g\u00fcndemini kamuoyu ile payla\u015ft\u0131.","robots":{"index":"index","follow":"follow","max-snippet":"max-snippet:-1","max-image-preview":"max-image-preview:large","max-video-preview":"max-video-preview:-1"},"canonical":"https:\/\/epochtimestr.com\/index.php\/zeynel-emre-acikladi-yeni-parti-598-bin-uyeye-ulasti","og_locale":"tr_TR","og_type":"article","og_title":"Zeynel Emre a\u00e7\u0131klad\u0131: Yeni Parti 598 Bin \u00dcyeye Ula\u015ft\u0131 - The Epoch Times TR","og_description":"Zeynel Emre, YEN\u0130 Parti Genel Merkezi\u2019nde d\u00fczenlenen bas\u0131n toplant\u0131s\u0131nda MYK g\u00fcndemini kamuoyu ile payla\u015ft\u0131.","og_url":"https:\/\/epochtimestr.com\/index.php\/zeynel-emre-acikladi-yeni-parti-598-bin-uyeye-ulasti","og_site_name":"The Epoch Times TR","article_publisher":"https:\/\/www.facebook.com\/theepochtimestr","article_published_time":"2026-09-02T05:33:14+00:00","article_modified_time":"2026-09-02T05:33:16+00:00","og_image":[{"width":1200,"height":600,"url":"https:\/\/epochtimestr.com\/wp-content\/uploads\/2011y\/zeynel-emre-yeni-parti.jpg","type":"image\/jpeg"}],"author":"Haber Merkezi","twitter_card":"summary_large_image","twitter_creator":"@TheEpochTimesTR","twitter_site":"@TheEpochTimesTR","twitter_misc":{"Yazan:":"Haber Merkezi","Tahmini okuma s\u00fcresi":"4 dakika"},"schema":{"@context":"https:\/\/schema.org","@graph":[{"@type":"Article","@id":"https:\/\/epochtimestr.com\/index.php\/zeynel-emre-acikladi-yeni-parti-598-bin-uyeye-ulasti#article","isPartOf":{"@id":"https:\/\/epochtimestr.com\/index.php\/zeynel-emre-acikladi-yeni-parti-598-bin-uyeye-ulasti"},"author":{"name":"Haber Merkezi","@id":"https:\/\/epochtimestr.com\/#\/schema\/person\/3dc5c3adeb9f43923c5aa85889172fdd"},"headline":"Zeynel Emre a\u00e7\u0131klad\u0131: Yeni Parti 598 Bin \u00dcyeye Ula\u015ft\u0131","datePublished":"2026-09-02T05:33:14+00:00","dateModified":"2026-09-02T05:33:16+00:00","mainEntityOfPage":{"@id":"https:\/\/epochtimestr.com\/index.php\/zeynel-emre-acikladi-yeni-parti-598-bin-uyeye-ulasti"},"wordCount":722,"commentCount":0,"publisher":{"@id":"https:\/\/epochtimestr.com\/#organization"},"image":{"@id":"https:\/\/epochtimestr.com\/index.php\/zeynel-emre-acikladi-yeni-parti-598-bin-uyeye-ulasti#primaryimage"},"thumbnailUrl":"https:\/\/epochtimestr.com\/wp-content\/uploads\/2011y\/zeynel-emre-yeni-parti.jpg","keywords":["bas\u0131n toplant\u0131s\u0131","YEN\u0130 Parti","Zeynel Emre"],"articleSection":["G\u00dcNDEM","MAN\u015eET","Siyaset"],"inLanguage":"tr","potentialAction":[{"@type":"CommentAction","name":"Comment","target":["https:\/\/epochtimestr.com\/index.php\/zeynel-emre-acikladi-yeni-parti-598-bin-uyeye-ulasti#respond"]}]},{"@type":"WebPage","@id":"https:\/\/epochtimestr.com\/index.php\/zeynel-emre-acikladi-yeni-parti-598-bin-uyeye-ulasti","url":"https:\/\/epochtimestr.com\/index.php\/zeynel-emre-acikladi-yeni-parti-598-bin-uyeye-ulasti","name":"Zeynel Emre a\u00e7\u0131klad\u0131: Yeni Parti 598 Bin \u00dcyeye Ula\u015ft\u0131 - The Epoch Times TR","isPartOf":{"@id":"https:\/\/epochtimestr.com\/#website"},"primaryImageOfPage":{"@id":"https:\/\/epochtimestr.com\/index.php\/zeynel-emre-acikladi-yeni-parti-598-bin-uyeye-ulasti#primaryimage"},"image":{"@id":"https:\/\/epochtimestr.com\/index.php\/zeynel-emre-acikladi-yeni-parti-598-bin-uyeye-ulasti#primaryimage"},"thumbnailUrl":"https:\/\/epochtimestr.com\/wp-content\/uploads\/2011y\/zeynel-emre-yeni-parti.jpg","datePublished":"2026-09-02T05:33:14+00:00","dateModified":"2026-09-02T05:33:16+00:00","description":"Zeynel Emre, YEN\u0130 Parti Genel Merkezi\u2019nde d\u00fczenlenen bas\u0131n toplant\u0131s\u0131nda MYK g\u00fcndemini kamuoyu ile payla\u015ft\u0131.","inLanguage":"tr","potentialAction":[{"@type":"ReadAction","target":["https:\/\/epochtimestr.com\/index.php\/zeynel-emre-acikladi-yeni-parti-598-bin-uyeye-ulasti"]}]},{"@type":"ImageObject","inLanguage":"tr","@id":"https:\/\/epochtimestr.com\/index.php\/zeynel-emre-acikladi-yeni-parti-598-bin-uyeye-ulasti#primaryimage","url":"https:\/\/epochtimestr.com\/wp-content\/uploads\/2011y\/zeynel-emre-yeni-parti.jpg","contentUrl":"https:\/\/epochtimestr.com\/wp-content\/uploads\/2011y\/zeynel-emre-yeni-parti.jpg","width":1200,"height":600},{"@type":"WebSite","@id":"https:\/\/epochtimestr.com\/#website","url":"https:\/\/epochtimestr.com\/","name":"The Epoch Times TR","description":"De\u011fi\u015fen D\u00fcnyam\u0131za Taze Bir Bak\u0131\u015f","publisher":{"@id":"https:\/\/epochtimestr.com\/#organization"},"potentialAction":[{"@type":"SearchAction","target":{"@type":"EntryPoint","urlTemplate":"https:\/\/epochtimestr.com\/?s={search_term_string}"},"query-input":"required name=search_term_string"}],"inLanguage":"tr"},{"@type":"Organization","@id":"https:\/\/epochtimestr.com\/#organization","name":"The EpochTimes T\u00fcrkiye","url":"https:\/\/epochtimestr.com\/","logo":{"@type":"ImageObject","inLanguage":"tr","@id":"https:\/\/epochtimestr.com\/#\/schema\/logo\/image\/","url":"https:\/\/epochtimestr.com\/wp-content\/uploads\/2011y\/ET-Logo-YG.jpg","contentUrl":"https:\/\/epochtimestr.com\/wp-content\/uploads\/2011y\/ET-Logo-YG.jpg","width":346,"height":29,"caption":"The EpochTimes T\u00fcrkiye"},"image":{"@id":"https:\/\/epochtimestr.com\/#\/schema\/logo\/image\/"},"sameAs":["https:\/\/www.facebook.com\/theepochtimestr","https:\/\/x.com\/TheEpochTimesTR","https:\/\/www.instagram.com\/epochtimestr"]},{"@type":"Person","@id":"https:\/\/epochtimestr.com\/#\/schema\/person\/3dc5c3adeb9f43923c5aa85889172fdd","name":"Haber Merkezi","image":{"@type":"ImageObject","inLanguage":"tr","@id":"https:\/\/epochtimestr.com\/#\/schema\/person\/image\/","url":"https:\/\/secure.gravatar.com\/avatar\/d73f772ba5a74f28601361e17c2f93e6?s=96&d=mm&r=g","contentUrl":"https:\/\/secure.gravatar.com\/avatar\/d73f772ba5a74f28601361e17c2f93e6?s=96&d=mm&r=g","caption":"Haber Merkezi"},"url":"https:\/\/epochtimestr.com\/index.php\/author\/sendag"}]}},"_links":{"self":[{"href":"https:\/\/epochtimestr.com\/index.php\/wp-json\/wp\/v2\/posts\/171367"}],"collection":[{"href":"https:\/\/epochtimestr.com\/index.php\/wp-json\/wp\/v2\/posts"}],"about":[{"href":"https:\/\/epochtimestr.com\/index.php\/wp-json\/wp\/v2\/types\/post"}],"author":[{"embeddable":true,"href":"https:\/\/epochtimestr.com\/index.php\/wp-json\/wp\/v2\/users\/12791"}],"replies":[{"embeddable":true,"href":"https:\/\/epochtimestr.com\/index.php\/wp-json\/wp\/v2\/comments?post=171367"}],"version-history":[{"count":3,"href":"https:\/\/epochtimestr.com\/index.php\/wp-json\/wp\/v2\/posts\/171367\/revisions"}],"predecessor-version":[{"id":171378,"href":"https:\/\/epochtimestr.com\/index.php\/wp-json\/wp\/v2\/posts\/171367\/revisions\/171378"}],"wp:featuredmedia":[{"embeddable":true,"href":"https:\/\/epochtimestr.com\/index.php\/wp-json\/wp\/v2\/media\/171368"}],"wp:attachment":[{"href":"https:\/\/epochtimestr.com\/index.php\/wp-json\/wp\/v2\/media?parent=171367"}],"wp:term":[{"taxonomy":"category","embeddable":true,"href":"https:\/\/epochtimestr.com\/index.php\/wp-json\/wp\/v2\/categories?post=171367"},{"taxonomy":"post_tag","embeddable":true,"href":"https:\/\/epochtimestr.com\/index.php\/wp-json\/wp\/v2\/tags?post=171367"}],"curies":[{"name":"wp","href":"https:\/\/api.w.org\/{rel}","templated":true}]}}