{"id":171379,"date":"2026-09-02T08:44:52","date_gmt":"2026-09-02T05:44:52","guid":{"rendered":"https:\/\/epochtimestr.com\/?p=171379"},"modified":"2026-09-02T08:44:54","modified_gmt":"2026-09-02T05:44:54","slug":"benim-favorim-eylul","status":"publish","type":"post","link":"https:\/\/epochtimestr.com\/index.php\/benim-favorim-eylul","title":{"rendered":"Benim Favorim Eyl\u00fcl"},"content":{"rendered":"\n<h2 class=\"wp-block-heading\">Ho\u015f Geldin Eyl\u00fcl\u2026<\/h2>\n\n\n\n<p>Takvim yapra\u011f\u0131 de\u011fi\u015fti. A\u011fustos geride kald\u0131, Eyl\u00fcl kap\u0131y\u0131 \u00e7ald\u0131.<\/p>\n\n\n<div class=\"wp-block-image\">\n<figure class=\"aligncenter size-full is-resized\"><img loading=\"lazy\" decoding=\"async\" width=\"545\" height=\"720\" src=\"https:\/\/epochtimestr.com\/wp-content\/uploads\/2011y\/image-432.png\" alt=\"Ho\u015f geldin Eyl\u00fcl. (Foto\u011fraf: \u015eerife Eser)\" class=\"wp-image-171380\" style=\"width:545px;height:auto\" srcset=\"https:\/\/epochtimestr.com\/wp-content\/uploads\/2011y\/image-432.png 545w, https:\/\/epochtimestr.com\/wp-content\/uploads\/2011y\/image-432-227x300.png 227w, https:\/\/epochtimestr.com\/wp-content\/uploads\/2011y\/image-432-114x150.png 114w\" sizes=\"(max-width: 545px) 100vw, 545px\" \/><figcaption class=\"wp-element-caption\">Ho\u015f geldin Eyl\u00fcl. (Foto\u011fraf: \u015eerife Eser)<\/figcaption><\/figure><\/div>\n\n\n<p>Benim i\u00e7in bu, s\u0131radan bir ay de\u011fi\u015fikli\u011fi de\u011fil. Eyl\u00fcl, d\u00fcnyaya g\u00f6zlerimi a\u00e7t\u0131\u011f\u0131m ay. Hayatla ilk kar\u015f\u0131la\u015ft\u0131\u011f\u0131m, ilk nefesimi ald\u0131\u011f\u0131m zaman. Bu y\u00fczden her Eyl\u00fcl geli\u015finde, kendimi biraz daha ya\u015f alarak b\u00fcy\u00fcyen, biraz daha umutlu hissederim. Sanki hayat \u00f6n\u00fcme yeniden temiz bir sayfa b\u0131rak\u0131r.<\/p>\n\n\n\n<p>Eyl\u00fcl\u2019\u00fcn ba\u015fka bir taraf\u0131 daha var: Denge.<\/p>\n\n\n\n<p>Yaz\u0131n s\u0131cakl\u0131\u011f\u0131ndan k\u0131\u015f\u0131n so\u011fu\u011funa ge\u00e7erken do\u011fa bir s\u00fcre durup soluklan\u0131r. G\u00fcne\u015f h\u00e2l\u00e2 y\u00fcz\u00fcn\u00fc g\u00f6sterir ama ak\u015famlar\u0131 serinlik \u00e7\u00f6ker. Ya\u011fmur topra\u011fa yeniden hayat verir. Ne yazd\u0131r tam anlam\u0131yla ne k\u0131\u015f\u2026 \u0130kisinin aras\u0131nda, kendine \u00f6zg\u00fc bir mevsim e\u015fi\u011fidir.<\/p>\n\n\n\n<p>Belki bu y\u00fczden Eyl\u00fcl bana Terazi\u2019yi hat\u0131rlat\u0131r.<\/p>\n\n\n\n<p>Do\u011fa, sanki g\u00f6r\u00fcnmez bir terazide s\u0131cakl\u0131\u011f\u0131 ve serinli\u011fi, g\u00fcne\u015fi ve ya\u011fmuru, ne\u015feyi ve h\u00fczn\u00fc tartmaktad\u0131r.<\/p>\n\n\n\n<p>\u015eehirlerde de ba\u015fka bir hareket ba\u015flar. Okullar a\u00e7\u0131l\u0131r, \u00e7ocuklar yeniden okul yollar\u0131n\u0131 doldurur. Tatil biter, i\u015f hayat\u0131 h\u0131zlan\u0131r. Sokaklar\u0131n ve evlerin ritmi de\u011fi\u015fir. Ba\u011flarda, bah\u00e7elerde son yaz meyveleri olgunla\u015f\u0131r, tarlalarda hasat tela\u015f\u0131 ba\u015flar.<\/p>\n\n\n\n<p>Hayat, kendi d\u00fczenine geri d\u00f6ner.<\/p>\n\n\n\n<p>Fakat Eyl\u00fcl yaln\u0131zca do\u011fan\u0131n ve \u015fehirlerin de\u011fil, insan\u0131n da muhasebe ay\u0131d\u0131r.<\/p>\n\n\n\n<p>Bir yaz daha ge\u00e7mi\u015ftir. Bir y\u0131l daha eksilmi\u015ftir \u00f6m\u00fcrden. Geride kalan aylara bakt\u0131\u011f\u0131m\u0131zda baz\u0131 insanlar\u0131n yan\u0131m\u0131zda olmad\u0131\u011f\u0131n\u0131, baz\u0131 hayallerin h\u00e2l\u00e2 bekledi\u011fini, baz\u0131 yaralar\u0131n ise sessizce iyile\u015fti\u011fini g\u00f6r\u00fcr\u00fcz.<\/p>\n\n\n\n<p>\u0130nsan b\u00f6yle zamanlarda ister istemez kendisine sorar:<\/p>\n\n\n\n<p>\u201cGe\u00e7en zamandan bana ne kald\u0131?\u201d<\/p>\n\n\n\n<p>Belki birka\u00e7 g\u00fczel an\u0131, belki bir dostun s\u00f6z\u00fc, belki hi\u00e7 unutulmayan bir bak\u0131\u015f\u2026 Ve elbette ya\u015fad\u0131klar\u0131m\u0131z\u0131n bize \u00f6\u011frettikleri.<\/p>\n\n\n\n<p>Eyl\u00fcl bana, hayat\u0131n yaln\u0131zca ilerlemek olmad\u0131\u011f\u0131n\u0131 hat\u0131rlat\u0131yor. Bazen durmak, bakmak, eksilenleri kabul etmek ve yolun geri kalan\u0131na daha dikkatli devam etmek gerekiyor.<\/p>\n\n\n\n<p>Do\u011fadaki de\u011fi\u015fim bunun en g\u00fczel \u00f6rne\u011fi.<\/p>\n\n\n\n<p>A\u011fa\u00e7 yapra\u011f\u0131n\u0131 b\u0131rak\u0131rken yenilgiyi de\u011fil, mevsimin gere\u011fini ya\u015f\u0131yor. Toprak dinlenirken hayat sona ermiyor; yeni bir d\u00f6neme haz\u0131rlan\u0131yor.<\/p>\n\n\n\n<p>\u0130nsan da bazen b\u0131rakmay\u0131 bilmeli.<\/p>\n\n\n\n<p>Eski k\u0131rg\u0131nl\u0131klar\u0131, i\u015fe yaramayan y\u00fckleri, art\u0131k kendisine ait olmayan hik\u00e2yeleri\u2026<\/p>\n\n\n\n<p>\u00c7\u00fcnk\u00fc her ba\u015flang\u0131\u00e7, biraz da cesaretle yap\u0131lan bir vedan\u0131n ard\u0131ndan gelir.<\/p>\n\n\n\n<p>Ben Eyl\u00fcl\u2019\u00fc bu y\u00fczden seviyorum.<\/p>\n\n\n\n<p>Do\u011fdu\u011fum ay oldu\u011fu i\u00e7in elbette\u2026<\/p>\n\n\n\n<p>Ama daha \u00f6nemlisi, bana her y\u0131l ayn\u0131 \u015feyi hat\u0131rlatt\u0131\u011f\u0131 i\u00e7in:<\/p>\n\n\n\n<p>Hayat, \u00f6n\u00fcm\u00fcze ka\u00e7 sayfa kald\u0131\u011f\u0131n\u0131 s\u00f6ylemez, elimizdeki sayfay\u0131 nas\u0131l dolduraca\u011f\u0131m\u0131z\u0131 sorar.<\/p>\n\n\n\n<p>Ho\u015f geldin Eyl\u00fcl.<\/p>\n\n\n\n<p>Yapraklar\u0131nla, ya\u011fmurunla, serinli\u011finle, tela\u015f\u0131nla\u2026<\/p>\n\n\n\n<p>Bir y\u0131l daha geldi hayat\u0131m\u0131n kap\u0131s\u0131na.<\/p>\n\n\n\n<p>Ben haz\u0131r\u0131m. Kalem elimde. Yeni sayfa \u00f6n\u00fcmde. D\u00fcnyada ve \u00dclkemde bar\u0131\u015fla, sa\u011fl\u0131kla, sevgiyle,&nbsp;&nbsp; umutla, hep birlikte nice Eyl\u00fcllere dile\u011fimle.<\/p>\n","protected":false},"excerpt":{"rendered":"<p>Ho\u015f Geldin Eyl\u00fcl\u2026 Takvim yapra\u011f\u0131 de\u011fi\u015fti. A\u011fustos geride kald\u0131, Eyl\u00fcl kap\u0131y\u0131 \u00e7ald\u0131. Benim i\u00e7in bu, s\u0131radan bir ay de\u011fi\u015fikli\u011fi de\u011fil. Eyl\u00fcl, d\u00fcnyaya g\u00f6zlerimi a\u00e7t\u0131\u011f\u0131m ay. Hayatla ilk kar\u015f\u0131la\u015ft\u0131\u011f\u0131m, ilk nefesimi ald\u0131\u011f\u0131m zaman. Bu y\u00fczden her Eyl\u00fcl geli\u015finde, kendimi biraz daha ya\u015f alarak b\u00fcy\u00fcyen, biraz daha umutlu hissederim. Sanki hayat \u00f6n\u00fcme yeniden temiz bir sayfa b\u0131rak\u0131r. [&hellip;]<\/p>\n","protected":false},"author":13998,"featured_media":160116,"comment_status":"open","ping_status":"open","sticky":false,"template":"","format":"standard","meta":{"_yoast_wpseo_focuskw":"Eyl\u00fcl","_yoast_wpseo_title":"","_yoast_wpseo_metadesc":"Benim i\u00e7in bu, s\u0131radan bir ay de\u011fi\u015fikli\u011fi de\u011fil. Eyl\u00fcl, d\u00fcnyaya g\u00f6zlerimi a\u00e7t\u0131\u011f\u0131m ay. Hayatla ilk kar\u015f\u0131la\u015ft\u0131\u011f\u0131m, ilk nefesimi ald\u0131\u011f\u0131m zaman.","_bbp_topic_count":0,"_bbp_reply_count":0,"_bbp_total_topic_count":0,"_bbp_total_reply_count":0,"_bbp_voice_count":0,"_bbp_anonymous_reply_count":0,"_bbp_topic_count_hidden":0,"_bbp_reply_count_hidden":0,"_bbp_forum_subforum_count":0,"footnotes":"","_yoast_wpseo_focuskw_text_input":""},"categories":[8889],"tags":[11729,11761],"yoast_head":"<!-- This site is optimized with the Yoast SEO plugin v23.0 - https:\/\/yoast.com\/wordpress\/plugins\/seo\/ -->\n<title>Benim Favorim Eyl\u00fcl - The Epoch Times TR<\/title>\n<meta name=\"description\" content=\"Benim i\u00e7in bu, s\u0131radan bir ay de\u011fi\u015fikli\u011fi de\u011fil. Eyl\u00fcl, d\u00fcnyaya g\u00f6zlerimi a\u00e7t\u0131\u011f\u0131m ay. Hayatla ilk kar\u015f\u0131la\u015ft\u0131\u011f\u0131m, ilk nefesimi ald\u0131\u011f\u0131m zaman.\" \/>\n<meta name=\"robots\" content=\"index, follow, max-snippet:-1, max-image-preview:large, max-video-preview:-1\" \/>\n<link rel=\"canonical\" href=\"https:\/\/epochtimestr.com\/index.php\/benim-favorim-eylul\" \/>\n<meta property=\"og:locale\" content=\"tr_TR\" \/>\n<meta property=\"og:type\" content=\"article\" \/>\n<meta property=\"og:title\" content=\"Benim Favorim Eyl\u00fcl - The Epoch Times TR\" \/>\n<meta property=\"og:description\" content=\"Benim i\u00e7in bu, s\u0131radan bir ay de\u011fi\u015fikli\u011fi de\u011fil. Eyl\u00fcl, d\u00fcnyaya g\u00f6zlerimi a\u00e7t\u0131\u011f\u0131m ay. Hayatla ilk kar\u015f\u0131la\u015ft\u0131\u011f\u0131m, ilk nefesimi ald\u0131\u011f\u0131m zaman.\" \/>\n<meta property=\"og:url\" content=\"https:\/\/epochtimestr.com\/index.php\/benim-favorim-eylul\" \/>\n<meta property=\"og:site_name\" content=\"The Epoch Times TR\" \/>\n<meta property=\"article:publisher\" content=\"https:\/\/www.facebook.com\/theepochtimestr\" \/>\n<meta property=\"article:published_time\" content=\"2026-09-02T05:44:52+00:00\" \/>\n<meta property=\"article:modified_time\" content=\"2026-09-02T05:44:54+00:00\" \/>\n<meta property=\"og:image\" content=\"https:\/\/epochtimestr.com\/wp-content\/uploads\/2011y\/SERIFE-ESER-SM.png\" \/>\n\t<meta property=\"og:image:width\" content=\"1200\" \/>\n\t<meta property=\"og:image:height\" content=\"630\" \/>\n\t<meta property=\"og:image:type\" content=\"image\/png\" \/>\n<meta name=\"author\" content=\"\u015eerife Eser\" \/>\n<meta name=\"twitter:card\" content=\"summary_large_image\" \/>\n<meta name=\"twitter:creator\" content=\"@TheEpochTimesTR\" \/>\n<meta name=\"twitter:site\" content=\"@TheEpochTimesTR\" \/>\n<meta name=\"twitter:label1\" content=\"Yazan:\" \/>\n\t<meta name=\"twitter:data1\" content=\"\u015eerife Eser\" \/>\n\t<meta name=\"twitter:label2\" content=\"Tahmini okuma s\u00fcresi\" \/>\n\t<meta name=\"twitter:data2\" content=\"3 dakika\" \/>\n<script type=\"application\/ld+json\" class=\"yoast-schema-graph\">{\"@context\":\"https:\/\/schema.org\",\"@graph\":[{\"@type\":\"Article\",\"@id\":\"https:\/\/epochtimestr.com\/index.php\/benim-favorim-eylul#article\",\"isPartOf\":{\"@id\":\"https:\/\/epochtimestr.com\/index.php\/benim-favorim-eylul\"},\"author\":{\"name\":\"\u015eerife Eser\",\"@id\":\"https:\/\/epochtimestr.com\/#\/schema\/person\/82b65a1390e2b0717a679b57ed38d466\"},\"headline\":\"Benim Favorim Eyl\u00fcl\",\"datePublished\":\"2026-09-02T05:44:52+00:00\",\"dateModified\":\"2026-09-02T05:44:54+00:00\",\"mainEntityOfPage\":{\"@id\":\"https:\/\/epochtimestr.com\/index.php\/benim-favorim-eylul\"},\"wordCount\":566,\"commentCount\":0,\"publisher\":{\"@id\":\"https:\/\/epochtimestr.com\/#organization\"},\"image\":{\"@id\":\"https:\/\/epochtimestr.com\/index.php\/benim-favorim-eylul#primaryimage\"},\"thumbnailUrl\":\"https:\/\/epochtimestr.com\/wp-content\/uploads\/2011y\/Serife-Eser-Profil-1.png\",\"keywords\":[\"K\u00f6\u015fe\",\"k\u00f6\u015fe edebiyat\"],\"articleSection\":[\"K\u00f6\u015fe Yaz\u0131lar\u0131 \u015eerife Eser\"],\"inLanguage\":\"tr\",\"potentialAction\":[{\"@type\":\"CommentAction\",\"name\":\"Comment\",\"target\":[\"https:\/\/epochtimestr.com\/index.php\/benim-favorim-eylul#respond\"]}]},{\"@type\":\"WebPage\",\"@id\":\"https:\/\/epochtimestr.com\/index.php\/benim-favorim-eylul\",\"url\":\"https:\/\/epochtimestr.com\/index.php\/benim-favorim-eylul\",\"name\":\"Benim Favorim Eyl\u00fcl - The Epoch Times TR\",\"isPartOf\":{\"@id\":\"https:\/\/epochtimestr.com\/#website\"},\"primaryImageOfPage\":{\"@id\":\"https:\/\/epochtimestr.com\/index.php\/benim-favorim-eylul#primaryimage\"},\"image\":{\"@id\":\"https:\/\/epochtimestr.com\/index.php\/benim-favorim-eylul#primaryimage\"},\"thumbnailUrl\":\"https:\/\/epochtimestr.com\/wp-content\/uploads\/2011y\/Serife-Eser-Profil-1.png\",\"datePublished\":\"2026-09-02T05:44:52+00:00\",\"dateModified\":\"2026-09-02T05:44:54+00:00\",\"description\":\"Benim i\u00e7in bu, s\u0131radan bir ay de\u011fi\u015fikli\u011fi de\u011fil. Eyl\u00fcl, d\u00fcnyaya g\u00f6zlerimi a\u00e7t\u0131\u011f\u0131m ay. Hayatla ilk kar\u015f\u0131la\u015ft\u0131\u011f\u0131m, ilk nefesimi ald\u0131\u011f\u0131m zaman.\",\"inLanguage\":\"tr\",\"potentialAction\":[{\"@type\":\"ReadAction\",\"target\":[\"https:\/\/epochtimestr.com\/index.php\/benim-favorim-eylul\"]}]},{\"@type\":\"ImageObject\",\"inLanguage\":\"tr\",\"@id\":\"https:\/\/epochtimestr.com\/index.php\/benim-favorim-eylul#primaryimage\",\"url\":\"https:\/\/epochtimestr.com\/wp-content\/uploads\/2011y\/Serife-Eser-Profil-1.png\",\"contentUrl\":\"https:\/\/epochtimestr.com\/wp-content\/uploads\/2011y\/Serife-Eser-Profil-1.png\",\"width\":600,\"height\":600},{\"@type\":\"WebSite\",\"@id\":\"https:\/\/epochtimestr.com\/#website\",\"url\":\"https:\/\/epochtimestr.com\/\",\"name\":\"The Epoch Times TR\",\"description\":\"De\u011fi\u015fen D\u00fcnyam\u0131za Taze Bir Bak\u0131\u015f\",\"publisher\":{\"@id\":\"https:\/\/epochtimestr.com\/#organization\"},\"potentialAction\":[{\"@type\":\"SearchAction\",\"target\":{\"@type\":\"EntryPoint\",\"urlTemplate\":\"https:\/\/epochtimestr.com\/?s={search_term_string}\"},\"query-input\":\"required name=search_term_string\"}],\"inLanguage\":\"tr\"},{\"@type\":\"Organization\",\"@id\":\"https:\/\/epochtimestr.com\/#organization\",\"name\":\"The EpochTimes T\u00fcrkiye\",\"url\":\"https:\/\/epochtimestr.com\/\",\"logo\":{\"@type\":\"ImageObject\",\"inLanguage\":\"tr\",\"@id\":\"https:\/\/epochtimestr.com\/#\/schema\/logo\/image\/\",\"url\":\"https:\/\/epochtimestr.com\/wp-content\/uploads\/2011y\/ET-Logo-YG.jpg\",\"contentUrl\":\"https:\/\/epochtimestr.com\/wp-content\/uploads\/2011y\/ET-Logo-YG.jpg\",\"width\":346,\"height\":29,\"caption\":\"The EpochTimes T\u00fcrkiye\"},\"image\":{\"@id\":\"https:\/\/epochtimestr.com\/#\/schema\/logo\/image\/\"},\"sameAs\":[\"https:\/\/www.facebook.com\/theepochtimestr\",\"https:\/\/x.com\/TheEpochTimesTR\",\"https:\/\/www.instagram.com\/epochtimestr\"]},{\"@type\":\"Person\",\"@id\":\"https:\/\/epochtimestr.com\/#\/schema\/person\/82b65a1390e2b0717a679b57ed38d466\",\"name\":\"\u015eerife Eser\",\"image\":{\"@type\":\"ImageObject\",\"inLanguage\":\"tr\",\"@id\":\"https:\/\/epochtimestr.com\/#\/schema\/person\/image\/\",\"url\":\"https:\/\/secure.gravatar.com\/avatar\/240b2d469e089f3ae0f677fcc7925228?s=96&d=mm&r=g\",\"contentUrl\":\"https:\/\/secure.gravatar.com\/avatar\/240b2d469e089f3ae0f677fcc7925228?s=96&d=mm&r=g\",\"caption\":\"\u015eerife Eser\"},\"url\":\"https:\/\/epochtimestr.com\/index.php\/author\/serife\"}]}<\/script>\n<!-- \/ Yoast SEO plugin. -->","yoast_head_json":{"title":"Benim Favorim Eyl\u00fcl - The Epoch Times TR","description":"Benim i\u00e7in bu, s\u0131radan bir ay de\u011fi\u015fikli\u011fi de\u011fil. Eyl\u00fcl, d\u00fcnyaya g\u00f6zlerimi a\u00e7t\u0131\u011f\u0131m ay. Hayatla ilk kar\u015f\u0131la\u015ft\u0131\u011f\u0131m, ilk nefesimi ald\u0131\u011f\u0131m zaman.","robots":{"index":"index","follow":"follow","max-snippet":"max-snippet:-1","max-image-preview":"max-image-preview:large","max-video-preview":"max-video-preview:-1"},"canonical":"https:\/\/epochtimestr.com\/index.php\/benim-favorim-eylul","og_locale":"tr_TR","og_type":"article","og_title":"Benim Favorim Eyl\u00fcl - The Epoch Times TR","og_description":"Benim i\u00e7in bu, s\u0131radan bir ay de\u011fi\u015fikli\u011fi de\u011fil. Eyl\u00fcl, d\u00fcnyaya g\u00f6zlerimi a\u00e7t\u0131\u011f\u0131m ay. Hayatla ilk kar\u015f\u0131la\u015ft\u0131\u011f\u0131m, ilk nefesimi ald\u0131\u011f\u0131m zaman.","og_url":"https:\/\/epochtimestr.com\/index.php\/benim-favorim-eylul","og_site_name":"The Epoch Times TR","article_publisher":"https:\/\/www.facebook.com\/theepochtimestr","article_published_time":"2026-09-02T05:44:52+00:00","article_modified_time":"2026-09-02T05:44:54+00:00","og_image":[{"width":1200,"height":630,"url":"https:\/\/epochtimestr.com\/wp-content\/uploads\/2011y\/SERIFE-ESER-SM.png","type":"image\/png"}],"author":"\u015eerife Eser","twitter_card":"summary_large_image","twitter_creator":"@TheEpochTimesTR","twitter_site":"@TheEpochTimesTR","twitter_misc":{"Yazan:":"\u015eerife Eser","Tahmini okuma s\u00fcresi":"3 dakika"},"schema":{"@context":"https:\/\/schema.org","@graph":[{"@type":"Article","@id":"https:\/\/epochtimestr.com\/index.php\/benim-favorim-eylul#article","isPartOf":{"@id":"https:\/\/epochtimestr.com\/index.php\/benim-favorim-eylul"},"author":{"name":"\u015eerife Eser","@id":"https:\/\/epochtimestr.com\/#\/schema\/person\/82b65a1390e2b0717a679b57ed38d466"},"headline":"Benim Favorim Eyl\u00fcl","datePublished":"2026-09-02T05:44:52+00:00","dateModified":"2026-09-02T05:44:54+00:00","mainEntityOfPage":{"@id":"https:\/\/epochtimestr.com\/index.php\/benim-favorim-eylul"},"wordCount":566,"commentCount":0,"publisher":{"@id":"https:\/\/epochtimestr.com\/#organization"},"image":{"@id":"https:\/\/epochtimestr.com\/index.php\/benim-favorim-eylul#primaryimage"},"thumbnailUrl":"https:\/\/epochtimestr.com\/wp-content\/uploads\/2011y\/Serife-Eser-Profil-1.png","keywords":["K\u00f6\u015fe","k\u00f6\u015fe edebiyat"],"articleSection":["K\u00f6\u015fe Yaz\u0131lar\u0131 \u015eerife Eser"],"inLanguage":"tr","potentialAction":[{"@type":"CommentAction","name":"Comment","target":["https:\/\/epochtimestr.com\/index.php\/benim-favorim-eylul#respond"]}]},{"@type":"WebPage","@id":"https:\/\/epochtimestr.com\/index.php\/benim-favorim-eylul","url":"https:\/\/epochtimestr.com\/index.php\/benim-favorim-eylul","name":"Benim Favorim Eyl\u00fcl - The Epoch Times TR","isPartOf":{"@id":"https:\/\/epochtimestr.com\/#website"},"primaryImageOfPage":{"@id":"https:\/\/epochtimestr.com\/index.php\/benim-favorim-eylul#primaryimage"},"image":{"@id":"https:\/\/epochtimestr.com\/index.php\/benim-favorim-eylul#primaryimage"},"thumbnailUrl":"https:\/\/epochtimestr.com\/wp-content\/uploads\/2011y\/Serife-Eser-Profil-1.png","datePublished":"2026-09-02T05:44:52+00:00","dateModified":"2026-09-02T05:44:54+00:00","description":"Benim i\u00e7in bu, s\u0131radan bir ay de\u011fi\u015fikli\u011fi de\u011fil. Eyl\u00fcl, d\u00fcnyaya g\u00f6zlerimi a\u00e7t\u0131\u011f\u0131m ay. Hayatla ilk kar\u015f\u0131la\u015ft\u0131\u011f\u0131m, ilk nefesimi ald\u0131\u011f\u0131m zaman.","inLanguage":"tr","potentialAction":[{"@type":"ReadAction","target":["https:\/\/epochtimestr.com\/index.php\/benim-favorim-eylul"]}]},{"@type":"ImageObject","inLanguage":"tr","@id":"https:\/\/epochtimestr.com\/index.php\/benim-favorim-eylul#primaryimage","url":"https:\/\/epochtimestr.com\/wp-content\/uploads\/2011y\/Serife-Eser-Profil-1.png","contentUrl":"https:\/\/epochtimestr.com\/wp-content\/uploads\/2011y\/Serife-Eser-Profil-1.png","width":600,"height":600},{"@type":"WebSite","@id":"https:\/\/epochtimestr.com\/#website","url":"https:\/\/epochtimestr.com\/","name":"The Epoch Times TR","description":"De\u011fi\u015fen D\u00fcnyam\u0131za Taze Bir Bak\u0131\u015f","publisher":{"@id":"https:\/\/epochtimestr.com\/#organization"},"potentialAction":[{"@type":"SearchAction","target":{"@type":"EntryPoint","urlTemplate":"https:\/\/epochtimestr.com\/?s={search_term_string}"},"query-input":"required name=search_term_string"}],"inLanguage":"tr"},{"@type":"Organization","@id":"https:\/\/epochtimestr.com\/#organization","name":"The EpochTimes T\u00fcrkiye","url":"https:\/\/epochtimestr.com\/","logo":{"@type":"ImageObject","inLanguage":"tr","@id":"https:\/\/epochtimestr.com\/#\/schema\/logo\/image\/","url":"https:\/\/epochtimestr.com\/wp-content\/uploads\/2011y\/ET-Logo-YG.jpg","contentUrl":"https:\/\/epochtimestr.com\/wp-content\/uploads\/2011y\/ET-Logo-YG.jpg","width":346,"height":29,"caption":"The EpochTimes T\u00fcrkiye"},"image":{"@id":"https:\/\/epochtimestr.com\/#\/schema\/logo\/image\/"},"sameAs":["https:\/\/www.facebook.com\/theepochtimestr","https:\/\/x.com\/TheEpochTimesTR","https:\/\/www.instagram.com\/epochtimestr"]},{"@type":"Person","@id":"https:\/\/epochtimestr.com\/#\/schema\/person\/82b65a1390e2b0717a679b57ed38d466","name":"\u015eerife Eser","image":{"@type":"ImageObject","inLanguage":"tr","@id":"https:\/\/epochtimestr.com\/#\/schema\/person\/image\/","url":"https:\/\/secure.gravatar.com\/avatar\/240b2d469e089f3ae0f677fcc7925228?s=96&d=mm&r=g","contentUrl":"https:\/\/secure.gravatar.com\/avatar\/240b2d469e089f3ae0f677fcc7925228?s=96&d=mm&r=g","caption":"\u015eerife Eser"},"url":"https:\/\/epochtimestr.com\/index.php\/author\/serife"}]}},"_links":{"self":[{"href":"https:\/\/epochtimestr.com\/index.php\/wp-json\/wp\/v2\/posts\/171379"}],"collection":[{"href":"https:\/\/epochtimestr.com\/index.php\/wp-json\/wp\/v2\/posts"}],"about":[{"href":"https:\/\/epochtimestr.com\/index.php\/wp-json\/wp\/v2\/types\/post"}],"author":[{"embeddable":true,"href":"https:\/\/epochtimestr.com\/index.php\/wp-json\/wp\/v2\/users\/13998"}],"replies":[{"embeddable":true,"href":"https:\/\/epochtimestr.com\/index.php\/wp-json\/wp\/v2\/comments?post=171379"}],"version-history":[{"count":1,"href":"https:\/\/epochtimestr.com\/index.php\/wp-json\/wp\/v2\/posts\/171379\/revisions"}],"predecessor-version":[{"id":171381,"href":"https:\/\/epochtimestr.com\/index.php\/wp-json\/wp\/v2\/posts\/171379\/revisions\/171381"}],"wp:featuredmedia":[{"embeddable":true,"href":"https:\/\/epochtimestr.com\/index.php\/wp-json\/wp\/v2\/media\/160116"}],"wp:attachment":[{"href":"https:\/\/epochtimestr.com\/index.php\/wp-json\/wp\/v2\/media?parent=171379"}],"wp:term":[{"taxonomy":"category","embeddable":true,"href":"https:\/\/epochtimestr.com\/index.php\/wp-json\/wp\/v2\/categories?post=171379"},{"taxonomy":"post_tag","embeddable":true,"href":"https:\/\/epochtimestr.com\/index.php\/wp-json\/wp\/v2\/tags?post=171379"}],"curies":[{"name":"wp","href":"https:\/\/api.w.org\/{rel}","templated":true}]}}