{"id":171392,"date":"2026-09-02T18:37:33","date_gmt":"2026-09-02T15:37:33","guid":{"rendered":"https:\/\/epochtimestr.com\/?p=171392"},"modified":"2026-09-02T18:37:36","modified_gmt":"2026-09-02T15:37:36","slug":"sirbistan-mladic-icin-resmi-cenaze-toreni-duzenleyecek","status":"publish","type":"post","link":"https:\/\/epochtimestr.com\/index.php\/sirbistan-mladic-icin-resmi-cenaze-toreni-duzenleyecek","title":{"rendered":"S\u0131rbistan Mladic \u0130\u00e7in Resm\u00ee Cenaze T\u00f6reni D\u00fczenleyecek"},"content":{"rendered":"<div class=\"wp-block-image\">\n<figure class=\"aligncenter size-large\"><img loading=\"lazy\" decoding=\"async\" width=\"1678\" height=\"1200\" src=\"https:\/\/epochtimestr.com\/wp-content\/uploads\/2011y\/1000054758-1678x1200.jpg\" alt=\"S\u0131rbistan Adalet Bakan\u0131, Srebrenitsa su\u00e7lusu Mladic i\u00e7in resm\u00ee cenaze t\u00f6reni d\u00fczenlenece\u011fini a\u00e7\u0131klad\u0131. S\u0131rp Ordusu eski komutan\u0131 Bosnal\u0131 Ratko Mladi\u0107, Lahey'deki Eski Yugoslavya Uluslararas\u0131 Ceza Mahkemesindeki (ICTY) davas\u0131 s\u0131ras\u0131nda. 16 May\u0131s 2012. (Foto\u011fraf: Wikimedia)\" class=\"wp-image-171394\" srcset=\"https:\/\/epochtimestr.com\/wp-content\/uploads\/2011y\/1000054758-1678x1200.jpg 1678w, https:\/\/epochtimestr.com\/wp-content\/uploads\/2011y\/1000054758-300x215.jpg 300w, https:\/\/epochtimestr.com\/wp-content\/uploads\/2011y\/1000054758-150x107.jpg 150w, https:\/\/epochtimestr.com\/wp-content\/uploads\/2011y\/1000054758-768x549.jpg 768w, https:\/\/epochtimestr.com\/wp-content\/uploads\/2011y\/1000054758-1536x1098.jpg 1536w, https:\/\/epochtimestr.com\/wp-content\/uploads\/2011y\/1000054758.jpg 1920w\" sizes=\"(max-width: 1678px) 100vw, 1678px\" \/><figcaption class=\"wp-element-caption\">S\u0131rbistan Adalet Bakan\u0131, Srebrenitsa su\u00e7lusu Mladic i\u00e7in resm\u00ee cenaze t\u00f6reni d\u00fczenlenece\u011fini a\u00e7\u0131klad\u0131. S\u0131rp Ordusu eski komutan\u0131 Bosnal\u0131 Ratko Mladi\u0107, Lahey&#8217;deki Eski Yugoslavya Uluslararas\u0131 Ceza Mahkemesindeki (ICTY) davas\u0131 s\u0131ras\u0131nda. 16 May\u0131s 2012. (Foto\u011fraf: Wikimedia)<\/figcaption><\/figure><\/div>\n\n\n<p>S\u0131rbistan Adalet Bakan\u0131 Nenad Vujic, 28 A\u011fustos&#8217;ta yapt\u0131\u011f\u0131 a\u00e7\u0131klamada, Mladic&#8217;in resm\u00ee asker\u00ee t\u00f6renlerle onurland\u0131r\u0131laca\u011f\u0131n\u0131 s\u00f6yledi. Birle\u015fmi\u015f Milletler g\u00f6zetiminde tutulan eski S\u0131rp komutan\u0131 Bosnal\u0131 Mladic, <a href=\"https:\/\/www.theepochtimes.com\/world\/croatian-president-says-mladic-state-funeral-would-close-door-to-eu-for-serbia-6081909\" target=\"_blank\" rel=\"noreferrer noopener\">27 A\u011fustos&#8217;ta<\/a> Lahey&#8217;de 83 ya\u015f\u0131nda hayat\u0131n\u0131 kaybetti. Mladic, 2017 y\u0131l\u0131nda Srebrenitsa&#8217;daki soyk\u0131r\u0131m nedeniyle su\u00e7lu bulunmu\u015f, \u00f6m\u00fcr boyu hapis cezas\u0131na \u00e7arpt\u0131r\u0131lm\u0131\u015ft\u0131. Srebrenitsa katliam\u0131nda yakla\u015f\u0131k 8 bin Bo\u015fnak erkek ve \u00e7ocuk \u00f6ld\u00fcr\u00fclm\u00fc\u015ft\u00fc. Bununla birlikte Mladic, Bosnal\u0131 H\u0131rvatlara kar\u015f\u0131 i\u015flenen su\u00e7lar, insanl\u0131\u011fa kar\u015f\u0131 su\u00e7lar ve sava\u015f su\u00e7lar\u0131ndan da sorumlu tutuldu.<\/p>\n\n\n\n<p>Buna kar\u015f\u0131l\u0131k H\u0131rvatistan Ba\u015fbakan\u0131 Andrej Plenkovic, Ratko Mladic i\u00e7in resm\u00ee cenaze t\u00f6reni d\u00fczenlenmesinin ciddi sonu\u00e7lar do\u011furaca\u011f\u0131n\u0131 s\u00f6yledi. H\u0131rvat ba\u015fbakan, 31 A\u011fustos&#8217;ta Slovenya&#8217;da yapt\u0131\u011f\u0131 a\u00e7\u0131klamada, S\u0131rbistan&#8217;\u0131n hen\u00fcz kesin karar vermedi\u011fini belirtti. Ancak devlet t\u00f6reninin Belgrad&#8217;\u0131n AB \u00fcyelik s\u00fcrecine zarar verece\u011fini vurgulad\u0131. Plenkovic, b\u00f6yle bir karar\u0131n AB kap\u0131lar\u0131n\u0131 S\u0131rbistan&#8217;\u0131n kendisine kapatmas\u0131 anlam\u0131na gelece\u011fini s\u00f6yledi.<\/p>\n\n\n\n<p>S\u0131rp h\u00fck\u00fcmetinin cenaze konusunda hen\u00fcz kesin karar a\u00e7\u0131klamamas\u0131na ra\u011fmen Avrupa Birli\u011fi Belgrad&#8217;a y\u00f6nelik uyar\u0131s\u0131n\u0131 yineledi.<\/p>\n\n\n\n<p>Marta Kos, 1 Eyl\u00fcl&#8217;de Slovenya&#8217;daki Bled Stratejik Forumu s\u0131ras\u0131nda a\u00e7\u0131klama yapt\u0131. AB Geni\u015flemeden Sorumlu Komisyon \u00dcyesi Kos, <a href=\"https:\/\/epochtimestr.com\/index.php\/rusya-ukrayna-savasi-karsilikli-saldirilarla-suruyor\" target=\"_blank\" rel=\"noreferrer noopener\">sava\u015f<\/a> su\u00e7lular\u0131n\u0131n y\u00fcceltilmesinin AB de\u011ferleriyle ba\u011fda\u015fmad\u0131\u011f\u0131n\u0131 s\u00f6yledi. Ayr\u0131ca S\u0131rbistan h\u00fck\u00fcmetinin konunun \u00f6nemini anlamas\u0131 gerekti\u011fini belirtti.<\/p>\n\n\n\n<p>S\u0131rbistan Cumhurba\u015fkan\u0131 Aleksandar Vucic ise Mladic hakk\u0131ndaki karar\u0131 nedeniyle Lahey&#8217;deki mahkemeyi ele\u015ftirdi. Vucic, Mladic&#8217;in \u00f6lmeden \u00f6nce S\u0131rbistan&#8217;da bulunmas\u0131na izin verilmedi\u011fini belirtti. Ayr\u0131ca cenazenin Belgrad&#8217;a d\u00f6n\u00fc\u015f tarihi hakk\u0131nda bilgi verilmedi\u011fini a\u00e7\u0131klad\u0131. Buna kar\u015f\u0131n Mladic&#8217;in onurlu \u015fekilde defnedilmesini istedi. <\/p>\n\n\n\n<p>Vucic, 20 A\u011fustos 2026 tarihinde erken se\u00e7im karar\u0131 alm\u0131\u015ft\u0131. S\u0131rbistan, AB \u00fcyeli\u011fi hedefini s\u00fcrd\u00fcr\u00fcrken Rusya ve \u00c7in&#8217;le ili\u015fkilerini koruyor. Ancak H\u0131rvatistan, Bulgaristan, Estonya, Litvanya, Letonya, Bel\u00e7ika, \u0130sve\u00e7 ve Hollanda, S\u0131rbistan&#8217;\u0131n \u00fcyeli\u011fine kar\u015f\u0131 \u00e7\u0131k\u0131yor.<\/p>\n","protected":false},"excerpt":{"rendered":"<p>S\u0131rbistan Adalet Bakan\u0131 Nenad Vujic, 28 A\u011fustos&#8217;ta yapt\u0131\u011f\u0131 a\u00e7\u0131klamada, Mladic&#8217;in resm\u00ee asker\u00ee t\u00f6renlerle onurland\u0131r\u0131laca\u011f\u0131n\u0131 s\u00f6yledi. Birle\u015fmi\u015f Milletler g\u00f6zetiminde tutulan eski S\u0131rp komutan\u0131 Bosnal\u0131 Mladic, 27 A\u011fustos&#8217;ta Lahey&#8217;de 83 ya\u015f\u0131nda hayat\u0131n\u0131 kaybetti. Mladic, 2017 y\u0131l\u0131nda Srebrenitsa&#8217;daki soyk\u0131r\u0131m nedeniyle su\u00e7lu bulunmu\u015f, \u00f6m\u00fcr boyu hapis cezas\u0131na \u00e7arpt\u0131r\u0131lm\u0131\u015ft\u0131. Srebrenitsa katliam\u0131nda yakla\u015f\u0131k 8 bin Bo\u015fnak erkek ve \u00e7ocuk \u00f6ld\u00fcr\u00fclm\u00fc\u015ft\u00fc. Bununla [&hellip;]<\/p>\n","protected":false},"author":13996,"featured_media":171394,"comment_status":"open","ping_status":"open","sticky":false,"template":"","format":"standard","meta":{"_yoast_wpseo_focuskw":"S\u0131rbistan - Mladic","_yoast_wpseo_title":"","_yoast_wpseo_metadesc":"H\u0131rvatistan, Ratko Mladic i\u00e7in resm\u00ee cenaze t\u00f6reni d\u00fczenlenmesinin S\u0131rbistan'\u0131n AB \u00fcyelik s\u00fcrecini tehlikeye atabilece\u011fini a\u00e7\u0131klad\u0131.","_bbp_topic_count":0,"_bbp_reply_count":0,"_bbp_total_topic_count":0,"_bbp_total_reply_count":0,"_bbp_voice_count":0,"_bbp_anonymous_reply_count":0,"_bbp_topic_count_hidden":0,"_bbp_reply_count_hidden":0,"_bbp_forum_subforum_count":0,"footnotes":"","_yoast_wpseo_focuskw_text_input":""},"categories":[5,1,8138],"tags":[12602,1785,1595,9281,10035,2450,6544,12607],"yoast_head":"<!-- This site is optimized with the Yoast SEO plugin v23.0 - https:\/\/yoast.com\/wordpress\/plugins\/seo\/ -->\n<title>S\u0131rbistan Mladic \u0130\u00e7in Resm\u00ee Cenaze T\u00f6reni D\u00fczenleyecek - The Epoch Times TR<\/title>\n<meta name=\"description\" content=\"H\u0131rvatistan, Ratko Mladic i\u00e7in resm\u00ee cenaze t\u00f6reni d\u00fczenlenmesinin S\u0131rbistan&#039;\u0131n AB \u00fcyelik s\u00fcrecini tehlikeye atabilece\u011fini a\u00e7\u0131klad\u0131.\" \/>\n<meta name=\"robots\" content=\"index, follow, max-snippet:-1, max-image-preview:large, max-video-preview:-1\" \/>\n<link rel=\"canonical\" href=\"https:\/\/epochtimestr.com\/index.php\/sirbistan-mladic-icin-resmi-cenaze-toreni-duzenleyecek\" \/>\n<meta property=\"og:locale\" content=\"tr_TR\" \/>\n<meta property=\"og:type\" content=\"article\" \/>\n<meta property=\"og:title\" content=\"S\u0131rbistan Mladic \u0130\u00e7in Resm\u00ee Cenaze T\u00f6reni D\u00fczenleyecek - The Epoch Times TR\" \/>\n<meta property=\"og:description\" content=\"H\u0131rvatistan, Ratko Mladic i\u00e7in resm\u00ee cenaze t\u00f6reni d\u00fczenlenmesinin S\u0131rbistan&#039;\u0131n AB \u00fcyelik s\u00fcrecini tehlikeye atabilece\u011fini a\u00e7\u0131klad\u0131.\" \/>\n<meta property=\"og:url\" content=\"https:\/\/epochtimestr.com\/index.php\/sirbistan-mladic-icin-resmi-cenaze-toreni-duzenleyecek\" \/>\n<meta property=\"og:site_name\" content=\"The Epoch Times TR\" \/>\n<meta property=\"article:publisher\" content=\"https:\/\/www.facebook.com\/theepochtimestr\" \/>\n<meta property=\"article:published_time\" content=\"2026-09-02T15:37:33+00:00\" \/>\n<meta property=\"article:modified_time\" content=\"2026-09-02T15:37:36+00:00\" \/>\n<meta property=\"og:image\" content=\"https:\/\/epochtimestr.com\/wp-content\/uploads\/2011y\/1000054758.jpg\" \/>\n\t<meta property=\"og:image:width\" content=\"1920\" \/>\n\t<meta property=\"og:image:height\" content=\"1373\" \/>\n\t<meta property=\"og:image:type\" content=\"image\/jpeg\" \/>\n<meta name=\"author\" content=\"Leo Bajelan\" \/>\n<meta name=\"twitter:card\" content=\"summary_large_image\" \/>\n<meta name=\"twitter:creator\" content=\"@TheEpochTimesTR\" \/>\n<meta name=\"twitter:site\" content=\"@TheEpochTimesTR\" \/>\n<meta name=\"twitter:label1\" content=\"Yazan:\" \/>\n\t<meta name=\"twitter:data1\" content=\"Leo Bajelan\" \/>\n\t<meta name=\"twitter:label2\" content=\"Tahmini okuma s\u00fcresi\" \/>\n\t<meta name=\"twitter:data2\" content=\"3 dakika\" \/>\n<script type=\"application\/ld+json\" class=\"yoast-schema-graph\">{\"@context\":\"https:\/\/schema.org\",\"@graph\":[{\"@type\":\"Article\",\"@id\":\"https:\/\/epochtimestr.com\/index.php\/sirbistan-mladic-icin-resmi-cenaze-toreni-duzenleyecek#article\",\"isPartOf\":{\"@id\":\"https:\/\/epochtimestr.com\/index.php\/sirbistan-mladic-icin-resmi-cenaze-toreni-duzenleyecek\"},\"author\":{\"name\":\"Leo Bajelan\",\"@id\":\"https:\/\/epochtimestr.com\/#\/schema\/person\/5fef218711d76d8f232b0e1f1d7e4c0d\"},\"headline\":\"S\u0131rbistan Mladic \u0130\u00e7in Resm\u00ee Cenaze T\u00f6reni D\u00fczenleyecek\",\"datePublished\":\"2026-09-02T15:37:33+00:00\",\"dateModified\":\"2026-09-02T15:37:36+00:00\",\"mainEntityOfPage\":{\"@id\":\"https:\/\/epochtimestr.com\/index.php\/sirbistan-mladic-icin-resmi-cenaze-toreni-duzenleyecek\"},\"wordCount\":411,\"commentCount\":0,\"publisher\":{\"@id\":\"https:\/\/epochtimestr.com\/#organization\"},\"image\":{\"@id\":\"https:\/\/epochtimestr.com\/index.php\/sirbistan-mladic-icin-resmi-cenaze-toreni-duzenleyecek#primaryimage\"},\"thumbnailUrl\":\"https:\/\/epochtimestr.com\/wp-content\/uploads\/2011y\/1000054758.jpg\",\"keywords\":[\"AB komisyonu\",\"H\u0131rvatistan\",\"Ratko Mladi\u00e7\",\"Rusya - Ukrayna sava\u015f\u0131\",\"Sava\u015f su\u00e7lar\u0131\",\"S\u0131rbistan\",\"Srebrenitsa katliam\u0131\",\"Srebrenitsa'daki soyk\u0131r\u0131m\"],\"articleSection\":[\"D\u00dcNYA\",\"G\u00dcNDEM\",\"MAN\u015eET\"],\"inLanguage\":\"tr\",\"potentialAction\":[{\"@type\":\"CommentAction\",\"name\":\"Comment\",\"target\":[\"https:\/\/epochtimestr.com\/index.php\/sirbistan-mladic-icin-resmi-cenaze-toreni-duzenleyecek#respond\"]}]},{\"@type\":\"WebPage\",\"@id\":\"https:\/\/epochtimestr.com\/index.php\/sirbistan-mladic-icin-resmi-cenaze-toreni-duzenleyecek\",\"url\":\"https:\/\/epochtimestr.com\/index.php\/sirbistan-mladic-icin-resmi-cenaze-toreni-duzenleyecek\",\"name\":\"S\u0131rbistan Mladic \u0130\u00e7in Resm\u00ee Cenaze T\u00f6reni D\u00fczenleyecek - The Epoch Times TR\",\"isPartOf\":{\"@id\":\"https:\/\/epochtimestr.com\/#website\"},\"primaryImageOfPage\":{\"@id\":\"https:\/\/epochtimestr.com\/index.php\/sirbistan-mladic-icin-resmi-cenaze-toreni-duzenleyecek#primaryimage\"},\"image\":{\"@id\":\"https:\/\/epochtimestr.com\/index.php\/sirbistan-mladic-icin-resmi-cenaze-toreni-duzenleyecek#primaryimage\"},\"thumbnailUrl\":\"https:\/\/epochtimestr.com\/wp-content\/uploads\/2011y\/1000054758.jpg\",\"datePublished\":\"2026-09-02T15:37:33+00:00\",\"dateModified\":\"2026-09-02T15:37:36+00:00\",\"description\":\"H\u0131rvatistan, Ratko Mladic i\u00e7in resm\u00ee cenaze t\u00f6reni d\u00fczenlenmesinin S\u0131rbistan'\u0131n AB \u00fcyelik s\u00fcrecini tehlikeye atabilece\u011fini a\u00e7\u0131klad\u0131.\",\"inLanguage\":\"tr\",\"potentialAction\":[{\"@type\":\"ReadAction\",\"target\":[\"https:\/\/epochtimestr.com\/index.php\/sirbistan-mladic-icin-resmi-cenaze-toreni-duzenleyecek\"]}]},{\"@type\":\"ImageObject\",\"inLanguage\":\"tr\",\"@id\":\"https:\/\/epochtimestr.com\/index.php\/sirbistan-mladic-icin-resmi-cenaze-toreni-duzenleyecek#primaryimage\",\"url\":\"https:\/\/epochtimestr.com\/wp-content\/uploads\/2011y\/1000054758.jpg\",\"contentUrl\":\"https:\/\/epochtimestr.com\/wp-content\/uploads\/2011y\/1000054758.jpg\",\"width\":1920,\"height\":1373},{\"@type\":\"WebSite\",\"@id\":\"https:\/\/epochtimestr.com\/#website\",\"url\":\"https:\/\/epochtimestr.com\/\",\"name\":\"The Epoch Times TR\",\"description\":\"De\u011fi\u015fen D\u00fcnyam\u0131za Taze Bir Bak\u0131\u015f\",\"publisher\":{\"@id\":\"https:\/\/epochtimestr.com\/#organization\"},\"potentialAction\":[{\"@type\":\"SearchAction\",\"target\":{\"@type\":\"EntryPoint\",\"urlTemplate\":\"https:\/\/epochtimestr.com\/?s={search_term_string}\"},\"query-input\":\"required name=search_term_string\"}],\"inLanguage\":\"tr\"},{\"@type\":\"Organization\",\"@id\":\"https:\/\/epochtimestr.com\/#organization\",\"name\":\"The EpochTimes T\u00fcrkiye\",\"url\":\"https:\/\/epochtimestr.com\/\",\"logo\":{\"@type\":\"ImageObject\",\"inLanguage\":\"tr\",\"@id\":\"https:\/\/epochtimestr.com\/#\/schema\/logo\/image\/\",\"url\":\"https:\/\/epochtimestr.com\/wp-content\/uploads\/2011y\/ET-Logo-YG.jpg\",\"contentUrl\":\"https:\/\/epochtimestr.com\/wp-content\/uploads\/2011y\/ET-Logo-YG.jpg\",\"width\":346,\"height\":29,\"caption\":\"The EpochTimes T\u00fcrkiye\"},\"image\":{\"@id\":\"https:\/\/epochtimestr.com\/#\/schema\/logo\/image\/\"},\"sameAs\":[\"https:\/\/www.facebook.com\/theepochtimestr\",\"https:\/\/x.com\/TheEpochTimesTR\",\"https:\/\/www.instagram.com\/epochtimestr\"]},{\"@type\":\"Person\",\"@id\":\"https:\/\/epochtimestr.com\/#\/schema\/person\/5fef218711d76d8f232b0e1f1d7e4c0d\",\"name\":\"Leo Bajelan\",\"image\":{\"@type\":\"ImageObject\",\"inLanguage\":\"tr\",\"@id\":\"https:\/\/epochtimestr.com\/#\/schema\/person\/image\/\",\"url\":\"https:\/\/secure.gravatar.com\/avatar\/917669146f489549e548a2e9af272df5?s=96&d=mm&r=g\",\"contentUrl\":\"https:\/\/secure.gravatar.com\/avatar\/917669146f489549e548a2e9af272df5?s=96&d=mm&r=g\",\"caption\":\"Leo Bajelan\"},\"url\":\"https:\/\/epochtimestr.com\/index.php\/author\/leo\"}]}<\/script>\n<!-- \/ Yoast SEO plugin. -->","yoast_head_json":{"title":"S\u0131rbistan Mladic \u0130\u00e7in Resm\u00ee Cenaze T\u00f6reni D\u00fczenleyecek - The Epoch Times TR","description":"H\u0131rvatistan, Ratko Mladic i\u00e7in resm\u00ee cenaze t\u00f6reni d\u00fczenlenmesinin S\u0131rbistan'\u0131n AB \u00fcyelik s\u00fcrecini tehlikeye atabilece\u011fini a\u00e7\u0131klad\u0131.","robots":{"index":"index","follow":"follow","max-snippet":"max-snippet:-1","max-image-preview":"max-image-preview:large","max-video-preview":"max-video-preview:-1"},"canonical":"https:\/\/epochtimestr.com\/index.php\/sirbistan-mladic-icin-resmi-cenaze-toreni-duzenleyecek","og_locale":"tr_TR","og_type":"article","og_title":"S\u0131rbistan Mladic \u0130\u00e7in Resm\u00ee Cenaze T\u00f6reni D\u00fczenleyecek - The Epoch Times TR","og_description":"H\u0131rvatistan, Ratko Mladic i\u00e7in resm\u00ee cenaze t\u00f6reni d\u00fczenlenmesinin S\u0131rbistan'\u0131n AB \u00fcyelik s\u00fcrecini tehlikeye atabilece\u011fini a\u00e7\u0131klad\u0131.","og_url":"https:\/\/epochtimestr.com\/index.php\/sirbistan-mladic-icin-resmi-cenaze-toreni-duzenleyecek","og_site_name":"The Epoch Times TR","article_publisher":"https:\/\/www.facebook.com\/theepochtimestr","article_published_time":"2026-09-02T15:37:33+00:00","article_modified_time":"2026-09-02T15:37:36+00:00","og_image":[{"width":1920,"height":1373,"url":"https:\/\/epochtimestr.com\/wp-content\/uploads\/2011y\/1000054758.jpg","type":"image\/jpeg"}],"author":"Leo Bajelan","twitter_card":"summary_large_image","twitter_creator":"@TheEpochTimesTR","twitter_site":"@TheEpochTimesTR","twitter_misc":{"Yazan:":"Leo Bajelan","Tahmini okuma s\u00fcresi":"3 dakika"},"schema":{"@context":"https:\/\/schema.org","@graph":[{"@type":"Article","@id":"https:\/\/epochtimestr.com\/index.php\/sirbistan-mladic-icin-resmi-cenaze-toreni-duzenleyecek#article","isPartOf":{"@id":"https:\/\/epochtimestr.com\/index.php\/sirbistan-mladic-icin-resmi-cenaze-toreni-duzenleyecek"},"author":{"name":"Leo Bajelan","@id":"https:\/\/epochtimestr.com\/#\/schema\/person\/5fef218711d76d8f232b0e1f1d7e4c0d"},"headline":"S\u0131rbistan Mladic \u0130\u00e7in Resm\u00ee Cenaze T\u00f6reni D\u00fczenleyecek","datePublished":"2026-09-02T15:37:33+00:00","dateModified":"2026-09-02T15:37:36+00:00","mainEntityOfPage":{"@id":"https:\/\/epochtimestr.com\/index.php\/sirbistan-mladic-icin-resmi-cenaze-toreni-duzenleyecek"},"wordCount":411,"commentCount":0,"publisher":{"@id":"https:\/\/epochtimestr.com\/#organization"},"image":{"@id":"https:\/\/epochtimestr.com\/index.php\/sirbistan-mladic-icin-resmi-cenaze-toreni-duzenleyecek#primaryimage"},"thumbnailUrl":"https:\/\/epochtimestr.com\/wp-content\/uploads\/2011y\/1000054758.jpg","keywords":["AB komisyonu","H\u0131rvatistan","Ratko Mladi\u00e7","Rusya - Ukrayna sava\u015f\u0131","Sava\u015f su\u00e7lar\u0131","S\u0131rbistan","Srebrenitsa katliam\u0131","Srebrenitsa'daki soyk\u0131r\u0131m"],"articleSection":["D\u00dcNYA","G\u00dcNDEM","MAN\u015eET"],"inLanguage":"tr","potentialAction":[{"@type":"CommentAction","name":"Comment","target":["https:\/\/epochtimestr.com\/index.php\/sirbistan-mladic-icin-resmi-cenaze-toreni-duzenleyecek#respond"]}]},{"@type":"WebPage","@id":"https:\/\/epochtimestr.com\/index.php\/sirbistan-mladic-icin-resmi-cenaze-toreni-duzenleyecek","url":"https:\/\/epochtimestr.com\/index.php\/sirbistan-mladic-icin-resmi-cenaze-toreni-duzenleyecek","name":"S\u0131rbistan Mladic \u0130\u00e7in Resm\u00ee Cenaze T\u00f6reni D\u00fczenleyecek - The Epoch Times TR","isPartOf":{"@id":"https:\/\/epochtimestr.com\/#website"},"primaryImageOfPage":{"@id":"https:\/\/epochtimestr.com\/index.php\/sirbistan-mladic-icin-resmi-cenaze-toreni-duzenleyecek#primaryimage"},"image":{"@id":"https:\/\/epochtimestr.com\/index.php\/sirbistan-mladic-icin-resmi-cenaze-toreni-duzenleyecek#primaryimage"},"thumbnailUrl":"https:\/\/epochtimestr.com\/wp-content\/uploads\/2011y\/1000054758.jpg","datePublished":"2026-09-02T15:37:33+00:00","dateModified":"2026-09-02T15:37:36+00:00","description":"H\u0131rvatistan, Ratko Mladic i\u00e7in resm\u00ee cenaze t\u00f6reni d\u00fczenlenmesinin S\u0131rbistan'\u0131n AB \u00fcyelik s\u00fcrecini tehlikeye atabilece\u011fini a\u00e7\u0131klad\u0131.","inLanguage":"tr","potentialAction":[{"@type":"ReadAction","target":["https:\/\/epochtimestr.com\/index.php\/sirbistan-mladic-icin-resmi-cenaze-toreni-duzenleyecek"]}]},{"@type":"ImageObject","inLanguage":"tr","@id":"https:\/\/epochtimestr.com\/index.php\/sirbistan-mladic-icin-resmi-cenaze-toreni-duzenleyecek#primaryimage","url":"https:\/\/epochtimestr.com\/wp-content\/uploads\/2011y\/1000054758.jpg","contentUrl":"https:\/\/epochtimestr.com\/wp-content\/uploads\/2011y\/1000054758.jpg","width":1920,"height":1373},{"@type":"WebSite","@id":"https:\/\/epochtimestr.com\/#website","url":"https:\/\/epochtimestr.com\/","name":"The Epoch Times TR","description":"De\u011fi\u015fen D\u00fcnyam\u0131za Taze Bir Bak\u0131\u015f","publisher":{"@id":"https:\/\/epochtimestr.com\/#organization"},"potentialAction":[{"@type":"SearchAction","target":{"@type":"EntryPoint","urlTemplate":"https:\/\/epochtimestr.com\/?s={search_term_string}"},"query-input":"required name=search_term_string"}],"inLanguage":"tr"},{"@type":"Organization","@id":"https:\/\/epochtimestr.com\/#organization","name":"The EpochTimes T\u00fcrkiye","url":"https:\/\/epochtimestr.com\/","logo":{"@type":"ImageObject","inLanguage":"tr","@id":"https:\/\/epochtimestr.com\/#\/schema\/logo\/image\/","url":"https:\/\/epochtimestr.com\/wp-content\/uploads\/2011y\/ET-Logo-YG.jpg","contentUrl":"https:\/\/epochtimestr.com\/wp-content\/uploads\/2011y\/ET-Logo-YG.jpg","width":346,"height":29,"caption":"The EpochTimes T\u00fcrkiye"},"image":{"@id":"https:\/\/epochtimestr.com\/#\/schema\/logo\/image\/"},"sameAs":["https:\/\/www.facebook.com\/theepochtimestr","https:\/\/x.com\/TheEpochTimesTR","https:\/\/www.instagram.com\/epochtimestr"]},{"@type":"Person","@id":"https:\/\/epochtimestr.com\/#\/schema\/person\/5fef218711d76d8f232b0e1f1d7e4c0d","name":"Leo Bajelan","image":{"@type":"ImageObject","inLanguage":"tr","@id":"https:\/\/epochtimestr.com\/#\/schema\/person\/image\/","url":"https:\/\/secure.gravatar.com\/avatar\/917669146f489549e548a2e9af272df5?s=96&d=mm&r=g","contentUrl":"https:\/\/secure.gravatar.com\/avatar\/917669146f489549e548a2e9af272df5?s=96&d=mm&r=g","caption":"Leo Bajelan"},"url":"https:\/\/epochtimestr.com\/index.php\/author\/leo"}]}},"_links":{"self":[{"href":"https:\/\/epochtimestr.com\/index.php\/wp-json\/wp\/v2\/posts\/171392"}],"collection":[{"href":"https:\/\/epochtimestr.com\/index.php\/wp-json\/wp\/v2\/posts"}],"about":[{"href":"https:\/\/epochtimestr.com\/index.php\/wp-json\/wp\/v2\/types\/post"}],"author":[{"embeddable":true,"href":"https:\/\/epochtimestr.com\/index.php\/wp-json\/wp\/v2\/users\/13996"}],"replies":[{"embeddable":true,"href":"https:\/\/epochtimestr.com\/index.php\/wp-json\/wp\/v2\/comments?post=171392"}],"version-history":[{"count":2,"href":"https:\/\/epochtimestr.com\/index.php\/wp-json\/wp\/v2\/posts\/171392\/revisions"}],"predecessor-version":[{"id":171402,"href":"https:\/\/epochtimestr.com\/index.php\/wp-json\/wp\/v2\/posts\/171392\/revisions\/171402"}],"wp:featuredmedia":[{"embeddable":true,"href":"https:\/\/epochtimestr.com\/index.php\/wp-json\/wp\/v2\/media\/171394"}],"wp:attachment":[{"href":"https:\/\/epochtimestr.com\/index.php\/wp-json\/wp\/v2\/media?parent=171392"}],"wp:term":[{"taxonomy":"category","embeddable":true,"href":"https:\/\/epochtimestr.com\/index.php\/wp-json\/wp\/v2\/categories?post=171392"},{"taxonomy":"post_tag","embeddable":true,"href":"https:\/\/epochtimestr.com\/index.php\/wp-json\/wp\/v2\/tags?post=171392"}],"curies":[{"name":"wp","href":"https:\/\/api.w.org\/{rel}","templated":true}]}}