{"id":171405,"date":"2026-09-02T19:37:45","date_gmt":"2026-09-02T16:37:45","guid":{"rendered":"https:\/\/epochtimestr.com\/?p=171405"},"modified":"2026-09-02T19:37:46","modified_gmt":"2026-09-02T16:37:46","slug":"gulnar-gulnar-olali","status":"publish","type":"post","link":"https:\/\/epochtimestr.com\/index.php\/gulnar-gulnar-olali","title":{"rendered":"G\u00fclnar G\u00fclnar Olal\u0131"},"content":{"rendered":"\n<p>Baz\u0131 kentleri deniz b\u00fcy\u00fct\u00fcr, baz\u0131lar\u0131n\u0131 verimli ovalar, baz\u0131lar\u0131n\u0131 ticaret yollar\u0131\u2026 G\u00fclnar&#8217;\u0131 ise biraz da yokluk b\u00fcy\u00fctt\u00fc.<\/p>\n\n\n\n<p>Ta\u015feli&#8217;nin y\u00fckseklerinde hayat hi\u00e7bir zaman kolay de\u011fildi. Da\u011f \u00e7ok, ta\u015f \u00e7ok, i\u015flenebilir toprak azd\u0131. Koyaklarda kalm\u0131\u015f k\u00fc\u00e7\u00fcc\u00fck tarlalar karasabanla s\u00fcr\u00fcl\u00fcr; bir y\u0131l nohut, bir y\u0131l bu\u011fday ekilirdi. Ba\u011flardan kuru \u00fcz\u00fcm, bah\u00e7elerden ki\u015fni\u015f gelirdi. \u00dcr\u00fcn sat\u0131l\u0131r; \u00e7ay, \u015feker, giysi ve evin di\u011fer gereksinimleri kar\u015f\u0131lan\u0131rd\u0131. Bereketli bir y\u0131l\u0131n sonunda birka\u00e7 gram alt\u0131n al\u0131nabilmi\u015fse aile kendisini biraz daha g\u00fcvende hissederdi.<\/p>\n\n\n\n<p>Sonra toprak yoruldu, ba\u011flar\u0131n verimi d\u00fc\u015ft\u00fc. \u00dcr\u00fcn azald\u0131, azalan \u00fcr\u00fcn de para etmemeye ba\u015flad\u0131.<\/p>\n\n\n\n<p>G\u00fclnarl\u0131 ba\u015fka bir yol buldu:<\/p>\n\n\n\n<p>Okumak.<\/p>\n\n\n\n<p>Tarla k\u00fc\u00e7\u00fcld\u00fck\u00e7e okul b\u00fcy\u00fcd\u00fc. Karasaban\u0131n a\u00e7amad\u0131\u011f\u0131 yolu kalem a\u00e7t\u0131. Aileler \u00e7ocuklar\u0131n\u0131 okutabilmek i\u00e7in b\u00fcy\u00fck fedak\u00e2rl\u0131klara katland\u0131. \u00d6\u011fretmenler, memurlar, doktorlar, m\u00fchendisler, akademisyenler ve \u00e7e\u015fitli mesleklerden insanlar yeti\u015fti. D\u00fczenli bir devlet maa\u015f\u0131, topra\u011f\u0131n belirsiz kazanc\u0131ndan daha g\u00fcvenli g\u00f6r\u00fcn\u00fcyordu.<\/p>\n\n\n\n<p>Fakat G\u00fclnar&#8217;\u0131n k\u00fc\u00e7\u00fck ironisi de burada ba\u015flad\u0131.<\/p>\n\n\n\n<p>\u0130nsan yeti\u015ftirdi ama yeti\u015ftirdi\u011fi insan\u0131 tutamad\u0131.<\/p>\n\n\n\n<p>Okuyan gitti. \u0130\u015f bulan gitti. \u00c7ocu\u011funa daha iyi e\u011fitim ve ya\u015fam olanaklar\u0131 arayan gitti. Kimi Mersin&#8217;e, kimi Adana&#8217;ya, Ankara&#8217;ya, \u0130stanbul&#8217;a yerle\u015fti. K\u00f6yden il\u00e7eye, il\u00e7eden b\u00fcy\u00fck \u015fehre do\u011fru y\u0131llarca insan akt\u0131.<\/p>\n\n\n\n<p>Gidenlerin i\u00e7inde G\u00fclnar kald\u0131, G\u00fclnar&#8217;\u0131n i\u00e7inde ise gidenlerin bo\u015flu\u011fu\u2026<\/p>\n\n\n\n<p>D\u00f6nmek \u00e7o\u011funun hayaliydi. Ama hayat insan\u0131 yerle\u015fti\u011fi yere ba\u011flad\u0131. D\u00f6n\u00fc\u015fler yaz tatiline, bayrama, emeklili\u011fe, bazen de ne yaz\u0131k ki mezarl\u0131k ziyaretlerine kald\u0131.<\/p>\n\n\n\n<p>B\u00f6ylece G\u00fclnar yaln\u0131z n\u00fcfus kaybetmedi. Yeti\u015ftirdi\u011fi bilgi, deneyim, giri\u015fimcilik ve ayd\u0131n birikiminin \u00f6nemli bir b\u00f6l\u00fcm\u00fcn\u00fc de ba\u015fka \u015fehirlere g\u00f6nderdi. E\u011fitim d\u00fczeyi y\u00fckselirken bunun il\u00e7enin ekonomik, k\u00fclt\u00fcrel ve kentsel geli\u015fimine ayn\u0131 \u00f6l\u00e7\u00fcde yans\u0131mas\u0131 m\u00fcmk\u00fcn olmad\u0131.<\/p>\n\n\n\n<p>Oysa G\u00fclnar&#8217;\u0131n \u00e7ok eski ve g\u00fc\u00e7l\u00fc bir ge\u00e7mi\u015fi var. Ta\u015feli, farkl\u0131 uygarl\u0131klar\u0131n izlerini ta\u015f\u0131yan bir co\u011frafya. T\u00fcrkmenler y\u00fczy\u0131llar boyunca bu da\u011flarda ya\u015fam\u0131\u015f, do\u011fan\u0131n sertli\u011fiyle kavga etmek yerine onunla ya\u015famay\u0131 \u00f6\u011frenmi\u015fler. G\u00fclnar&#8217;\u0131n k\u00f6yleri birbirine benzer ama her birinin kendine \u00f6zg\u00fc dili, gelene\u011fi, giyimi, yeme\u011fi, t\u00fcrk\u00fcs\u00fc vard\u0131. Bir zamanlar insan\u0131n konu\u015fmas\u0131ndan hangi k\u00f6yden oldu\u011fu bile kestirilebilirdi.<\/p>\n\n\n\n<p>Do\u011fa insan\u0131 bi\u00e7imlendirmi\u015f, insan da do\u011fay\u0131\u2026<\/p>\n\n\n\n<p>\u0130l\u00e7e merkezi de do\u011fan\u0131n i\u00e7inden do\u011fmu\u015ftu. Derelerin birle\u015fti\u011fi, kavaklar\u0131n g\u00f6lgeledi\u011fi serin bir yerdi. Cuma g\u00fcnleri k\u00f6ylerden insanlar e\u015feklerle, atlarla, kimi zaman y\u00fcr\u00fcyerek gelir; \u00fcr\u00fcnlerini satar, gereksinimlerini al\u0131r, haberle\u015fir, g\u00f6r\u00fc\u015f\u00fcr ve yeniden k\u00f6ylerinin yolunu tutarlard\u0131.<\/p>\n\n\n\n<p>Sonra y\u0131llar ge\u00e7ti.<\/p>\n\n\n\n<p>Dere yata\u011f\u0131 dolduruldu. Pazar yeri oldu. Seller birka\u00e7 kez gelip derenin eski adresini hat\u0131rlatt\u0131. Biz tekrar doldurduk.<\/p>\n\n\n\n<p>Do\u011fan\u0131n adres defteri bizden biraz daha kuvvetli galiba.<\/p>\n\n\n\n<p>Bug\u00fcn geriye bak\u0131nca insan d\u00fc\u015f\u00fcnmeden edemiyor: Ke\u015fke o vadi do\u011fal h\u00e2liyle korunabilse, a\u011fa\u00e7land\u0131r\u0131lsa, i\u00e7inden suyun ge\u00e7ti\u011fi uzun bir kent park\u0131na d\u00f6n\u00fc\u015ft\u00fcr\u00fclebilseydi.<\/p>\n\n\n\n<p>Ge\u00e7mi\u015f i\u00e7in \u201cke\u015fke\u201d demek kolayd\u0131r. As\u0131l mesele, bundan sonra yeni \u201cke\u015fke\u201dler \u00fcretmemektir.<\/p>\n\n\n\n<h3 class=\"wp-block-heading\">G\u00fclnar Merkezi De\u011fi\u015fmeli<\/h3>\n\n\n\n<p>G\u00fclnar&#8217;\u0131n art\u0131k yaln\u0131z yeni binalara de\u011fil, planl\u0131 bir kentsel de\u011fi\u015fime ihtiyac\u0131 var.<\/p>\n\n\n\n<p>\u0130ki k\u00fc\u00e7\u00fck cadde, \u00f6zellikle yaz aylar\u0131nda artan insan ve ara\u00e7 yo\u011funlu\u011funu ta\u015f\u0131makta zorlan\u0131yor. \u00c7ar\u015f\u0131ya gelen n\u00fcfusun \u00f6nemli bir b\u00f6l\u00fcm\u00fc ya\u015fl\u0131. \u0130nsanlar al\u0131\u015fveri\u015f yapmakta, ald\u0131klar\u0131n\u0131 ta\u015f\u0131makta, yoku\u015flarda y\u00fcr\u00fcmekte zorlan\u0131yor.<\/p>\n\n\n\n<p>\u00c7evre yolu d\u00fc\u015f\u00fcn\u00fclmeli. \u0130l\u00e7e merkezinde trafik rahatlat\u0131lmal\u0131. Yaya \u00f6ncelikli alanlar, d\u00fczg\u00fcn kald\u0131r\u0131mlar, k\u00fc\u00e7\u00fck meydanlar, oturma ve dinlenme yerleri art\u0131r\u0131lmal\u0131. Otopark sorunu g\u00fcnl\u00fck \u00e7\u00f6z\u00fcmlerle de\u011fil, gelecek y\u0131llar d\u00fc\u015f\u00fcn\u00fclerek ele al\u0131nmal\u0131.<\/p>\n\n\n\n<p>Pazar yeri, \u00f6zellikle k\u00f6ylerden gelenlerin ve ya\u015fl\u0131lar\u0131n kolay ula\u015fabilece\u011fi d\u00fczayak bir yerde yeniden de\u011ferlendirilebilir. Uzun vadeli kent planlamas\u0131 i\u00e7inde baz\u0131 kamu kurumlar\u0131n\u0131n (H\u00fck\u00fcmet Kona\u011f\u0131, Belediye, Karakol vb.) yerleri g\u00f6zden ge\u00e7irilebilir. Uygun alanlar ye\u015fil alanlara d\u00f6n\u00fc\u015ft\u00fcr\u00fclebilir. Eski mezarl\u0131k gibi alanlarda tarih\u00ee ve manevi de\u011ferler korunarak \u00e7evre d\u00fczenlemeleri d\u00fc\u015f\u00fcn\u00fclebilir. Vadi yeniden ele al\u0131nabilir.<\/p>\n\n\n\n<p>\u00c7\u00fcnk\u00fc \u015fehirle\u015fmek yaln\u0131z bina yapmak de\u011fildir.<\/p>\n\n\n\n<p>\u015eehirle\u015fmek, insan\u0131n ya\u015fad\u0131\u011f\u0131 yerde rahat y\u00fcr\u00fcmesi, soluklanmas\u0131, bulu\u015fmas\u0131 ve kendisini o kente ait hissetmesidir.<\/p>\n\n\n\n<h3 class=\"wp-block-heading\">Peki, Biz Ne Zaman Bu Kadar Sessizle\u015ftik?<\/h3>\n\n\n\n<p>Belki G\u00fclnar&#8217;\u0131n \u00fczerinde d\u00fc\u015f\u00fcnmesi gereken as\u0131l soru budur.<\/p>\n\n\n\n<p>Bir zamanlar nohut para etmedi\u011finde \u00fcreticinin meydanda sesini duyurabildi\u011fi bir il\u00e7eden s\u00f6z ediyoruz. Bug\u00fcn ise y\u0131llard\u0131r devam eden baz\u0131 sorunlarla birlikte ya\u015famaya al\u0131\u015fm\u0131\u015f gibiyiz.<\/p>\n\n\n\n<p>Yol yoksa al\u0131\u015f\u0131yoruz.<\/p>\n\n\n\n<p>Trafik s\u0131k\u0131\u015f\u0131yorsa al\u0131\u015f\u0131yoruz.<\/p>\n\n\n\n<p>Bir yer plans\u0131z yap\u0131la\u015f\u0131yorsa seyrediyoruz.<\/p>\n\n\n\n<p>Do\u011fa de\u011fi\u015fiyorsa birka\u00e7 g\u00fcn konu\u015fup unutuyoruz.<\/p>\n\n\n\n<p>Sorun uzun s\u00fcre \u00e7\u00f6z\u00fclmeyince sorun olmaktan \u00e7\u0131km\u0131yor, biz soruna al\u0131\u015f\u0131yoruz.<\/p>\n\n\n\n<p>Toplumsal duyars\u0131zl\u0131k biraz da b\u00f6yle ba\u015fl\u0131yor.<\/p>\n\n\n\n<p>Bu sessizli\u011fi G\u00fclnarl\u0131lar\u0131n karakterine ba\u011flamak haks\u0131zl\u0131k olur. G\u00f6\u00e7, ya\u015flanan n\u00fcfus, y\u0131llarca sonu\u00e7 al\u0131namayan beklentiler ve gen\u00e7lerin il\u00e7eden uzakla\u015fmas\u0131, toplumsal dinamizmi azaltm\u0131\u015f olabilir. Fakat nedenleri anlamak, durumu kabullenmek anlam\u0131na gelmemeli.<\/p>\n\n\n\n<p>\u00c7\u00fcnk\u00fc \u201cB\u00f6yle gelmi\u015f, b\u00f6yle gider.\u201d bir kalk\u0131nma modeli de\u011fildir.<\/p>\n\n\n\n<h3 class=\"wp-block-heading\">Akkuyu&#8217;nun Yan\u0131nda Seyirci Kalmamak<\/h3>\n\n\n\n<p>Bug\u00fcn G\u00fclnar&#8217;\u0131n yak\u0131n\u0131nda \u00fclke \u00f6l\u00e7e\u011finde dev bir yat\u0131r\u0131m y\u00fckseliyor: Akkuyu N\u00fckleer G\u00fc\u00e7 Santrali.<\/p>\n\n\n\n<p>Santrali desteklemek ya da ona kar\u015f\u0131 olmak ba\u015fka bir tart\u0131\u015fmad\u0131r. Burada \u00fczerinde durulmas\u0131 gereken konu, G\u00fclnar halk\u0131n\u0131n kendi co\u011frafyas\u0131nda ger\u00e7ekle\u015fen b\u00f6ylesine b\u00fcy\u00fck bir de\u011fi\u015fimin seyircisi olmamas\u0131d\u0131r.<\/p>\n\n\n\n<p>Ge\u00e7mi\u015fte yeterince toplumsal tepki olu\u015fmam\u0131\u015f olabilir. Bundan sonra \u00f6nemli olan daha duyarl\u0131, bilgili ve takip\u00e7i olmakt\u0131r.<\/p>\n\n\n\n<p>\u00c7evre nas\u0131l korunacak?<\/p>\n\n\n\n<p>Deniz, ormanlar ve do\u011fal ya\u015fam nas\u0131l izlenecek?<\/p>\n\n\n\n<p>Yeni yap\u0131la\u015fma nas\u0131l planlanacak?<\/p>\n\n\n\n<p>Artan n\u00fcfusun olu\u015fturaca\u011f\u0131 trafik, konut ve altyap\u0131 ihtiyac\u0131 nas\u0131l kar\u015f\u0131lanacak?<\/p>\n\n\n\n<p>G\u00fclnarl\u0131 gen\u00e7ler bu b\u00fcy\u00fck ekonomik hareketlilikten ne \u00f6l\u00e7\u00fcde yararlanacak?<\/p>\n\n\n\n<p>Gen\u00e7lerin nitelikli i\u015flerde \u00e7al\u0131\u015fabilmeleri i\u00e7in hangi mesleki e\u011fitim olanaklar\u0131 olu\u015fturulacak?<\/p>\n\n\n\n<p>Santralin \u00e7evresinde olu\u015facak ekonomik canl\u0131l\u0131ktan k\u00fc\u00e7\u00fck esnaf, \u00fcretici ve y\u00f6re insan\u0131 nas\u0131l pay alacak?<\/p>\n\n\n\n<p>Bunlar\u0131 sormak santrale kar\u015f\u0131 \u00e7\u0131kmak de\u011fildir. Ya\u015fad\u0131\u011f\u0131 yere sahip \u00e7\u0131kmakt\u0131r.<\/p>\n\n\n\n<p>Duyarl\u0131l\u0131k yaln\u0131z protesto etmek de de\u011fildir. Bilgi istemek, toplant\u0131lara kat\u0131lmak, \u00e7evresel verileri takip etmek, \u00f6neri geli\u015ftirmek ve verilen s\u00f6zlerin takip\u00e7isi olmakt\u0131r.<\/p>\n\n\n\n<h3 class=\"wp-block-heading\">Merkezi Y\u00f6netimden Beklenti<\/h3>\n\n\n\n<p>Elbette G\u00fclnar b\u00fct\u00fcn sorunlar\u0131n\u0131 kendi imk\u00e2nlar\u0131yla \u00e7\u00f6zemez.<\/p>\n\n\n\n<p>\u00c7evre yolu, ana ula\u015f\u0131m ba\u011flant\u0131lar\u0131, b\u00fcy\u00fck altyap\u0131 yat\u0131r\u0131mlar\u0131, su, e\u011fitim, sa\u011fl\u0131k, tar\u0131msal destekler ve Akkuyu&#8217;nun b\u00f6lge \u00fczerindeki etkileri gibi bir\u00e7ok konu, merkezi y\u00f6netimin deste\u011fini gerektirir.<\/p>\n\n\n\n<p>G\u00fclnar y\u0131llar i\u00e7inde milletvekilleri, b\u00fcrokratlar ve \u00f6nemli g\u00f6revlerde bulunan insanlar yeti\u015ftirdi. \u0130l\u00e7eye \u00e7e\u015fitli hizmetler de geldi. Eme\u011fi ge\u00e7enleri yok saymak do\u011fru olmaz. Fakat bug\u00fcnk\u00fc tabloya bak\u0131ld\u0131\u011f\u0131nda, G\u00fclnar&#8217;\u0131n yeti\u015ftirdi\u011fi insan g\u00fcc\u00fcyle ald\u0131\u011f\u0131 kal\u0131c\u0131 hizmet aras\u0131nda daha g\u00fc\u00e7l\u00fc bir ba\u011f kurulabilece\u011fi de g\u00f6r\u00fcl\u00fcyor.<\/p>\n\n\n\n<p>Mesele art\u0131k \u201cBizim milletvekilimiz var m\u0131?\u201d sorusundan \u00e7ok, \u201cG\u00fclnar&#8217;\u0131n uzun vadeli kalk\u0131nma program\u0131 var m\u0131?\u201d sorusu olmal\u0131d\u0131r.<\/p>\n\n\n\n<p>Ki\u015filer de\u011fi\u015fir, d\u00f6nemler biter.<\/p>\n\n\n\n<p>Yol kal\u0131r.<\/p>\n\n\n\n<p>Park kal\u0131r.<\/p>\n\n\n\n<p>Su kal\u0131r.<\/p>\n\n\n\n<p>\u00dcretim tesisi kal\u0131r.<\/p>\n\n\n\n<p>\u0130yi yap\u0131lm\u0131\u015f bir kent plan\u0131 kal\u0131r.<\/p>\n\n\n\n<p>Merkezi y\u00f6netimden beklenen de g\u00fcn\u00fc kurtaran k\u00fc\u00e7\u00fck dokunu\u015flardan \u00e7ok, il\u00e7enin \u00f6n\u00fcm\u00fczdeki yirmi-otuz y\u0131l\u0131n\u0131 de\u011fi\u015ftirecek kal\u0131c\u0131 yat\u0131r\u0131mlard\u0131r.<\/p>\n\n\n\n<h3 class=\"wp-block-heading\">Belediye Ba\u015fkan\u0131 Se\u00e7ince\u2026<\/h3>\n\n\n\n<p>Yerel y\u00f6netimin sorumlulu\u011fu da b\u00fcy\u00fck.<\/p>\n\n\n\n<p>Ama burada vatanda\u015f olarak bizim de k\u00fc\u00e7\u00fck bir al\u0131\u015fkanl\u0131\u011f\u0131m\u0131z\u0131 de\u011fi\u015ftirmemiz gerekiyor.<\/p>\n\n\n\n<p>Belediye ba\u015fkan\u0131 se\u00e7mek, kendimize be\u015f y\u0131ll\u0131\u011f\u0131na bir \u201ci\u015f takip\u00e7isi\u201d se\u00e7mek de\u011fildir.<\/p>\n\n\n\n<p>\u201cBen oy verdim, benim \u00e7ocu\u011fu i\u015fe als\u0131n.\u201d<\/p>\n\n\n\n<p>\u201cBiz destekledik, bizim soka\u011fa \u00f6nce asfalt gelsin.\u201d<\/p>\n\n\n\n<p>\u201cBizim yak\u0131n\u0131n i\u015fi g\u00f6r\u00fcls\u00fcn.\u201d<\/p>\n\n\n\n<p>Bu anlay\u0131\u015f yayg\u0131nla\u015ft\u0131\u011f\u0131nda belediye, kentin gelece\u011fini planlayan kurum olmaktan \u00e7\u0131kar, ki\u015fisel beklentilerin kap\u0131s\u0131n\u0131 \u00e7ald\u0131\u011f\u0131 bir yere d\u00f6n\u00fc\u015f\u00fcr.<\/p>\n\n\n\n<p>Belediye ba\u015fkan\u0131 da se\u00e7ildikten sonra kendisini bireylere kar\u015f\u0131 de\u011fil topluma, \u00e7evreye, genel sorunlara kar\u015f\u0131 bor\u00e7lu hissetmelidir.<\/p>\n\n\n\n<p>Belediye ba\u015fkan\u0131ndan beklenmesi gereken, bize ayr\u0131cal\u0131k sa\u011flamas\u0131 de\u011fil, G\u00fclnar&#8217;a adaletli hizmet etmesidir.<\/p>\n\n\n\n<p>Bizim soka\u011f\u0131m\u0131z kadar \u00f6teki soka\u011f\u0131, bizim yak\u0131n\u0131m\u0131z kadar tan\u0131mad\u0131\u011f\u0131m\u0131z genci, bizim mahallemiz kadar ba\u015fka mahalleyi d\u00fc\u015f\u00fcnmelidir.<\/p>\n\n\n\n<p>Vatanda\u015f\u0131n g\u00f6revi de yaln\u0131z se\u00e7im g\u00fcn\u00fc sand\u0131\u011fa gidip d\u00f6rt y\u0131l beklemek de\u011fildir. Yap\u0131lan do\u011fru i\u015fi desteklemek, yanl\u0131\u015f g\u00f6rd\u00fc\u011f\u00fcn\u00fc medeni bi\u00e7imde ele\u015ftirmek, \u00f6neride bulunmak ve kamu kaynaklar\u0131n\u0131n toplum yarar\u0131na kullan\u0131lmas\u0131n\u0131 istemektir.<\/p>\n\n\n\n<p>Demokrasi d\u00f6rt-be\u015f y\u0131lda bir oy kullan\u0131p eve d\u00f6nmekten biraz daha zahmetli bir i\u015ftir.<\/p>\n\n\n\n<h3 class=\"wp-block-heading\">Gidenler de G\u00fclnar&#8217;a D\u00f6nebilir<\/h3>\n\n\n\n<p>Herkesin bavulunu toplay\u0131p G\u00fclnar&#8217;a d\u00f6nmesini bekleyemeyiz.<\/p>\n\n\n\n<p>Ama insan d\u00f6nmese bile bilgisi d\u00f6nebilir.<\/p>\n\n\n\n<p>Deneyimi d\u00f6nebilir.<\/p>\n\n\n\n<p>Fikri d\u00f6nebilir.<\/p>\n\n\n\n<p>Yat\u0131r\u0131m\u0131 d\u00f6nebilir.<\/p>\n\n\n\n<p>Akademisyeninden \u00f6\u011fretmenine, doktorundan m\u00fchendisine, i\u015f insan\u0131ndan sanat\u00e7\u0131s\u0131na kadar G\u00fclnar&#8217;\u0131n yeti\u015ftirdi\u011fi insanlar, ortak bir platformda bulu\u015fabilir.<\/p>\n\n\n\n<p>Belki bir G\u00fclnar Ortak Ak\u0131l Platformu kurulabilir. Siyasetin g\u00fcnl\u00fck tart\u0131\u015fmalar\u0131ndan uzak; il\u00e7enin tar\u0131m\u0131n\u0131, turizmini, \u015fehirle\u015fmesini, k\u00fclt\u00fcr\u00fcn\u00fc, \u00e7evresini, gen\u00e7lerini ve gelece\u011fini konu\u015fan g\u00f6n\u00fcll\u00fc bir yap\u0131\u2026<\/p>\n\n\n\n<p>\u00c7\u00fcnk\u00fc G\u00fclnar&#8217;\u0131n belki de en b\u00fcy\u00fck zenginli\u011fi da\u011flar\u0131n alt\u0131nda de\u011fil, y\u0131llar \u00f6nce o da\u011flardan ayr\u0131lan insanlar\u0131n birikimindedir.<\/p>\n\n\n\n<p>Tar\u0131m da yeniden d\u00fc\u015f\u00fcn\u00fclmeli. Nohut, \u00fcz\u00fcm, pekmez, ki\u015fni\u015f, badem ve ba\u015fka yerel \u00fcr\u00fcnler yaln\u0131z ham \u00fcr\u00fcn olarak sat\u0131lmamal\u0131; i\u015flenmeli, paketlenmeli, markala\u015ft\u0131r\u0131lmal\u0131. K\u00fc\u00e7\u00fck \u00fcretici kooperatifle\u015fmeyle g\u00fc\u00e7lendirilmeli.<\/p>\n\n\n\n<p>Yayla turizmi birka\u00e7 ayl\u0131k n\u00fcfus art\u0131\u015f\u0131ndan ibaret kalmamal\u0131. Y\u00fcr\u00fcy\u00fc\u015f yollar\u0131, bisiklet g\u00fczerg\u00e2hlar\u0131, do\u011fa etkinlikleri, y\u00f6resel \u00fcr\u00fcnler, k\u00fc\u00e7\u00fck festivaller, k\u00fclt\u00fcr ve sanat bulu\u015fmalar\u0131yla G\u00fclnar&#8217;\u0131n do\u011fas\u0131 ekonomik de\u011fere d\u00f6n\u00fc\u015ft\u00fcr\u00fclmeli; bunu yaparken de do\u011fas\u0131 t\u00fcketilmemeli.<\/p>\n\n\n\n<p>B\u00fct\u00fcn bunlar\u0131 ne yaln\u0131z Ankara yapabilir ne yaln\u0131z belediye ne de tek ba\u015f\u0131na vatanda\u015f.<\/p>\n\n\n\n<p>Merkezi y\u00f6netim, yerel y\u00f6netim ve halk ayn\u0131 masan\u0131n \u00fc\u00e7 aya\u011f\u0131d\u0131r.<\/p>\n\n\n\n<p>Birini \u00e7ekerseniz masa sallan\u0131r.<\/p>\n\n\n\n<p>Belki G\u00fclnar&#8217;\u0131n bundan sonraki hik\u00e2yesi de tam burada ba\u015flamal\u0131.<\/p>\n\n\n\n<p>Birilerini su\u00e7layarak de\u011fil, sorumlulu\u011fu payla\u015farak\u2026<\/p>\n\n\n\n<p>\u201cBana ne?\u201d yerine \u201cBize ne oluyor?\u201d<\/p>\n\n\n\n<p>\u201cBana ne verilecek?\u201d yerine \u201cG\u00fclnar&#8217;a ne kazand\u0131rabiliriz?\u201d<\/p>\n\n\n\n<p>\u201cKim yapacak?\u201d yerine \u201cBiz nas\u0131l katk\u0131 sa\u011flayabiliriz?\u201d<\/p>\n\n\n\n<p>Bu da\u011flarda ya\u015fayan insanlar y\u00fczy\u0131llarca do\u011fan\u0131n zorluklar\u0131na direndi. Ta\u015f\u0131n aras\u0131ndan toprak buldu, topra\u011fa tohum att\u0131. Toprak yetmeyince \u00e7ocu\u011funu okuttu. Karasaban\u0131n a\u00e7amad\u0131\u011f\u0131 yolu kalemle a\u00e7t\u0131.<\/p>\n\n\n\n<p>\u015eimdi ba\u015fka bir yol a\u00e7man\u0131n zaman\u0131.<\/p>\n\n\n\n<p>Planla, bilimle, ortak ak\u0131lla, \u00fcretimle ve toplumsal duyarl\u0131l\u0131kla\u2026<\/p>\n\n\n\n<p>Giden G\u00fclnar&#8217;\u0131 unutmas\u0131n.<\/p>\n\n\n\n<p>Kalan G\u00fclnar&#8217;a al\u0131\u015f\u0131p onu g\u00f6rmez h\u00e2le gelmesin.<\/p>\n\n\n\n<p>Y\u00f6neten halk\u0131 dinlesin.<\/p>\n\n\n\n<p>Halk y\u00f6netenden ki\u015fisel ayr\u0131cal\u0131k de\u011fil, kal\u0131c\u0131 hizmet istesin.<\/p>\n\n\n\n<p>Ve G\u00fclnar de\u011fi\u015fsin\u2026<\/p>\n\n\n\n<p>Do\u011fas\u0131n\u0131 kaybetmeden, ge\u00e7mi\u015fini silmeden, insan\u0131n\u0131 incitmeden ama yerinde de saymadan.<\/p>\n\n\n\n<p>Belki o zaman G\u00fclnar&#8217;a g\u00f6kten yaln\u0131z araba, kalabal\u0131k, izmarit ve \u015fi\u015fe de\u011fil;<\/p>\n\n\n\n<p>\u00fcretim, yat\u0131r\u0131m, k\u00fclt\u00fcr, ye\u015fillik, fikir, umut, g\u00fczellik ve mutluluk ya\u011far.<\/p>\n\n\n\n<p>Ve y\u0131llard\u0131r G\u00fclnar&#8217;dan d\u0131\u015far\u0131 do\u011fru akan yollar, biraz da G\u00fclnar&#8217;a do\u011fru akmaya ba\u015flar.<\/p>\n","protected":false},"excerpt":{"rendered":"<p>Baz\u0131 kentleri deniz b\u00fcy\u00fct\u00fcr, baz\u0131lar\u0131n\u0131 verimli ovalar, baz\u0131lar\u0131n\u0131 ticaret yollar\u0131\u2026 G\u00fclnar&#8217;\u0131 ise biraz da yokluk b\u00fcy\u00fctt\u00fc. Ta\u015feli&#8217;nin y\u00fckseklerinde hayat hi\u00e7bir zaman kolay de\u011fildi. Da\u011f \u00e7ok, ta\u015f \u00e7ok, i\u015flenebilir toprak azd\u0131. Koyaklarda kalm\u0131\u015f k\u00fc\u00e7\u00fcc\u00fck tarlalar karasabanla s\u00fcr\u00fcl\u00fcr; bir y\u0131l nohut, bir y\u0131l bu\u011fday ekilirdi. Ba\u011flardan kuru \u00fcz\u00fcm, bah\u00e7elerden ki\u015fni\u015f gelirdi. \u00dcr\u00fcn sat\u0131l\u0131r; \u00e7ay, \u015feker, giysi ve [&hellip;]<\/p>\n","protected":false},"author":14014,"featured_media":167543,"comment_status":"open","ping_status":"open","sticky":false,"template":"","format":"standard","meta":{"_yoast_wpseo_focuskw":"G\u00fclnar","_yoast_wpseo_title":"","_yoast_wpseo_metadesc":"Baz\u0131 kentleri deniz b\u00fcy\u00fct\u00fcr, baz\u0131lar\u0131n\u0131 verimli ovalar, baz\u0131lar\u0131n\u0131 ticaret yollar\u0131\u2026 G\u00fclnar'\u0131 ise biraz da yokluk b\u00fcy\u00fctt\u00fc.","_bbp_topic_count":0,"_bbp_reply_count":0,"_bbp_total_topic_count":0,"_bbp_total_reply_count":0,"_bbp_voice_count":0,"_bbp_anonymous_reply_count":0,"_bbp_topic_count_hidden":0,"_bbp_reply_count_hidden":0,"_bbp_forum_subforum_count":0,"footnotes":"","_yoast_wpseo_focuskw_text_input":""},"categories":[11464],"tags":[11729,11760],"yoast_head":"<!-- This site is optimized with the Yoast SEO plugin v23.0 - https:\/\/yoast.com\/wordpress\/plugins\/seo\/ -->\n<title>G\u00fclnar G\u00fclnar Olal\u0131 - The Epoch Times TR<\/title>\n<meta name=\"description\" content=\"Baz\u0131 kentleri deniz b\u00fcy\u00fct\u00fcr, baz\u0131lar\u0131n\u0131 verimli ovalar, baz\u0131lar\u0131n\u0131 ticaret yollar\u0131\u2026 G\u00fclnar&#039;\u0131 ise biraz da yokluk b\u00fcy\u00fctt\u00fc.\" \/>\n<meta name=\"robots\" content=\"index, follow, max-snippet:-1, max-image-preview:large, max-video-preview:-1\" \/>\n<link rel=\"canonical\" href=\"https:\/\/epochtimestr.com\/index.php\/gulnar-gulnar-olali\" \/>\n<meta property=\"og:locale\" content=\"tr_TR\" \/>\n<meta property=\"og:type\" content=\"article\" \/>\n<meta property=\"og:title\" content=\"G\u00fclnar G\u00fclnar Olal\u0131 - The Epoch Times TR\" \/>\n<meta property=\"og:description\" content=\"Baz\u0131 kentleri deniz b\u00fcy\u00fct\u00fcr, baz\u0131lar\u0131n\u0131 verimli ovalar, baz\u0131lar\u0131n\u0131 ticaret yollar\u0131\u2026 G\u00fclnar&#039;\u0131 ise biraz da yokluk b\u00fcy\u00fctt\u00fc.\" \/>\n<meta property=\"og:url\" content=\"https:\/\/epochtimestr.com\/index.php\/gulnar-gulnar-olali\" \/>\n<meta property=\"og:site_name\" content=\"The Epoch Times TR\" \/>\n<meta property=\"article:publisher\" content=\"https:\/\/www.facebook.com\/theepochtimestr\" \/>\n<meta property=\"article:published_time\" content=\"2026-09-02T16:37:45+00:00\" \/>\n<meta property=\"article:modified_time\" content=\"2026-09-02T16:37:46+00:00\" \/>\n<meta property=\"og:image\" content=\"https:\/\/epochtimestr.com\/wp-content\/uploads\/2011y\/Kemal-KIRMIZI-SM.jpg\" \/>\n\t<meta property=\"og:image:width\" content=\"1200\" \/>\n\t<meta property=\"og:image:height\" content=\"630\" \/>\n\t<meta property=\"og:image:type\" content=\"image\/jpeg\" \/>\n<meta name=\"author\" content=\"Kemal K\u0131rm\u0131z\u0131\" \/>\n<meta name=\"twitter:card\" content=\"summary_large_image\" \/>\n<meta name=\"twitter:creator\" content=\"@TheEpochTimesTR\" \/>\n<meta name=\"twitter:site\" content=\"@TheEpochTimesTR\" \/>\n<meta name=\"twitter:label1\" content=\"Yazan:\" \/>\n\t<meta name=\"twitter:data1\" content=\"Kemal K\u0131rm\u0131z\u0131\" \/>\n\t<meta name=\"twitter:label2\" content=\"Tahmini okuma s\u00fcresi\" \/>\n\t<meta name=\"twitter:data2\" content=\"9 dakika\" \/>\n<script type=\"application\/ld+json\" class=\"yoast-schema-graph\">{\"@context\":\"https:\/\/schema.org\",\"@graph\":[{\"@type\":\"Article\",\"@id\":\"https:\/\/epochtimestr.com\/index.php\/gulnar-gulnar-olali#article\",\"isPartOf\":{\"@id\":\"https:\/\/epochtimestr.com\/index.php\/gulnar-gulnar-olali\"},\"author\":{\"name\":\"Kemal K\u0131rm\u0131z\u0131\",\"@id\":\"https:\/\/epochtimestr.com\/#\/schema\/person\/de93b34838de3b9cf1568fef49b786d3\"},\"headline\":\"G\u00fclnar G\u00fclnar Olal\u0131\",\"datePublished\":\"2026-09-02T16:37:45+00:00\",\"dateModified\":\"2026-09-02T16:37:46+00:00\",\"mainEntityOfPage\":{\"@id\":\"https:\/\/epochtimestr.com\/index.php\/gulnar-gulnar-olali\"},\"wordCount\":2152,\"commentCount\":0,\"publisher\":{\"@id\":\"https:\/\/epochtimestr.com\/#organization\"},\"image\":{\"@id\":\"https:\/\/epochtimestr.com\/index.php\/gulnar-gulnar-olali#primaryimage\"},\"thumbnailUrl\":\"https:\/\/epochtimestr.com\/wp-content\/uploads\/2011y\/Kemal-Kirmizi-Profil.png\",\"keywords\":[\"K\u00f6\u015fe\",\"k\u00f6\u015fe Mersin\"],\"articleSection\":[\"K\u00f6\u015fe Yaz\u0131lar\u0131 Kemal K\u0131rm\u0131z\u0131\"],\"inLanguage\":\"tr\",\"potentialAction\":[{\"@type\":\"CommentAction\",\"name\":\"Comment\",\"target\":[\"https:\/\/epochtimestr.com\/index.php\/gulnar-gulnar-olali#respond\"]}]},{\"@type\":\"WebPage\",\"@id\":\"https:\/\/epochtimestr.com\/index.php\/gulnar-gulnar-olali\",\"url\":\"https:\/\/epochtimestr.com\/index.php\/gulnar-gulnar-olali\",\"name\":\"G\u00fclnar G\u00fclnar Olal\u0131 - The Epoch Times TR\",\"isPartOf\":{\"@id\":\"https:\/\/epochtimestr.com\/#website\"},\"primaryImageOfPage\":{\"@id\":\"https:\/\/epochtimestr.com\/index.php\/gulnar-gulnar-olali#primaryimage\"},\"image\":{\"@id\":\"https:\/\/epochtimestr.com\/index.php\/gulnar-gulnar-olali#primaryimage\"},\"thumbnailUrl\":\"https:\/\/epochtimestr.com\/wp-content\/uploads\/2011y\/Kemal-Kirmizi-Profil.png\",\"datePublished\":\"2026-09-02T16:37:45+00:00\",\"dateModified\":\"2026-09-02T16:37:46+00:00\",\"description\":\"Baz\u0131 kentleri deniz b\u00fcy\u00fct\u00fcr, baz\u0131lar\u0131n\u0131 verimli ovalar, baz\u0131lar\u0131n\u0131 ticaret yollar\u0131\u2026 G\u00fclnar'\u0131 ise biraz da yokluk b\u00fcy\u00fctt\u00fc.\",\"inLanguage\":\"tr\",\"potentialAction\":[{\"@type\":\"ReadAction\",\"target\":[\"https:\/\/epochtimestr.com\/index.php\/gulnar-gulnar-olali\"]}]},{\"@type\":\"ImageObject\",\"inLanguage\":\"tr\",\"@id\":\"https:\/\/epochtimestr.com\/index.php\/gulnar-gulnar-olali#primaryimage\",\"url\":\"https:\/\/epochtimestr.com\/wp-content\/uploads\/2011y\/Kemal-Kirmizi-Profil.png\",\"contentUrl\":\"https:\/\/epochtimestr.com\/wp-content\/uploads\/2011y\/Kemal-Kirmizi-Profil.png\",\"width\":600,\"height\":600},{\"@type\":\"WebSite\",\"@id\":\"https:\/\/epochtimestr.com\/#website\",\"url\":\"https:\/\/epochtimestr.com\/\",\"name\":\"The Epoch Times TR\",\"description\":\"De\u011fi\u015fen D\u00fcnyam\u0131za Taze Bir Bak\u0131\u015f\",\"publisher\":{\"@id\":\"https:\/\/epochtimestr.com\/#organization\"},\"potentialAction\":[{\"@type\":\"SearchAction\",\"target\":{\"@type\":\"EntryPoint\",\"urlTemplate\":\"https:\/\/epochtimestr.com\/?s={search_term_string}\"},\"query-input\":\"required name=search_term_string\"}],\"inLanguage\":\"tr\"},{\"@type\":\"Organization\",\"@id\":\"https:\/\/epochtimestr.com\/#organization\",\"name\":\"The EpochTimes T\u00fcrkiye\",\"url\":\"https:\/\/epochtimestr.com\/\",\"logo\":{\"@type\":\"ImageObject\",\"inLanguage\":\"tr\",\"@id\":\"https:\/\/epochtimestr.com\/#\/schema\/logo\/image\/\",\"url\":\"https:\/\/epochtimestr.com\/wp-content\/uploads\/2011y\/ET-Logo-YG.jpg\",\"contentUrl\":\"https:\/\/epochtimestr.com\/wp-content\/uploads\/2011y\/ET-Logo-YG.jpg\",\"width\":346,\"height\":29,\"caption\":\"The EpochTimes T\u00fcrkiye\"},\"image\":{\"@id\":\"https:\/\/epochtimestr.com\/#\/schema\/logo\/image\/\"},\"sameAs\":[\"https:\/\/www.facebook.com\/theepochtimestr\",\"https:\/\/x.com\/TheEpochTimesTR\",\"https:\/\/www.instagram.com\/epochtimestr\"]},{\"@type\":\"Person\",\"@id\":\"https:\/\/epochtimestr.com\/#\/schema\/person\/de93b34838de3b9cf1568fef49b786d3\",\"name\":\"Kemal K\u0131rm\u0131z\u0131\",\"image\":{\"@type\":\"ImageObject\",\"inLanguage\":\"tr\",\"@id\":\"https:\/\/epochtimestr.com\/#\/schema\/person\/image\/\",\"url\":\"https:\/\/secure.gravatar.com\/avatar\/e99bdb2e05638e0a06bbe2847468ec66?s=96&d=mm&r=g\",\"contentUrl\":\"https:\/\/secure.gravatar.com\/avatar\/e99bdb2e05638e0a06bbe2847468ec66?s=96&d=mm&r=g\",\"caption\":\"Kemal K\u0131rm\u0131z\u0131\"},\"url\":\"https:\/\/epochtimestr.com\/index.php\/author\/kemal\"}]}<\/script>\n<!-- \/ Yoast SEO plugin. -->","yoast_head_json":{"title":"G\u00fclnar G\u00fclnar Olal\u0131 - The Epoch Times TR","description":"Baz\u0131 kentleri deniz b\u00fcy\u00fct\u00fcr, baz\u0131lar\u0131n\u0131 verimli ovalar, baz\u0131lar\u0131n\u0131 ticaret yollar\u0131\u2026 G\u00fclnar'\u0131 ise biraz da yokluk b\u00fcy\u00fctt\u00fc.","robots":{"index":"index","follow":"follow","max-snippet":"max-snippet:-1","max-image-preview":"max-image-preview:large","max-video-preview":"max-video-preview:-1"},"canonical":"https:\/\/epochtimestr.com\/index.php\/gulnar-gulnar-olali","og_locale":"tr_TR","og_type":"article","og_title":"G\u00fclnar G\u00fclnar Olal\u0131 - The Epoch Times TR","og_description":"Baz\u0131 kentleri deniz b\u00fcy\u00fct\u00fcr, baz\u0131lar\u0131n\u0131 verimli ovalar, baz\u0131lar\u0131n\u0131 ticaret yollar\u0131\u2026 G\u00fclnar'\u0131 ise biraz da yokluk b\u00fcy\u00fctt\u00fc.","og_url":"https:\/\/epochtimestr.com\/index.php\/gulnar-gulnar-olali","og_site_name":"The Epoch Times TR","article_publisher":"https:\/\/www.facebook.com\/theepochtimestr","article_published_time":"2026-09-02T16:37:45+00:00","article_modified_time":"2026-09-02T16:37:46+00:00","og_image":[{"width":1200,"height":630,"url":"https:\/\/epochtimestr.com\/wp-content\/uploads\/2011y\/Kemal-KIRMIZI-SM.jpg","type":"image\/jpeg"}],"author":"Kemal K\u0131rm\u0131z\u0131","twitter_card":"summary_large_image","twitter_creator":"@TheEpochTimesTR","twitter_site":"@TheEpochTimesTR","twitter_misc":{"Yazan:":"Kemal K\u0131rm\u0131z\u0131","Tahmini okuma s\u00fcresi":"9 dakika"},"schema":{"@context":"https:\/\/schema.org","@graph":[{"@type":"Article","@id":"https:\/\/epochtimestr.com\/index.php\/gulnar-gulnar-olali#article","isPartOf":{"@id":"https:\/\/epochtimestr.com\/index.php\/gulnar-gulnar-olali"},"author":{"name":"Kemal K\u0131rm\u0131z\u0131","@id":"https:\/\/epochtimestr.com\/#\/schema\/person\/de93b34838de3b9cf1568fef49b786d3"},"headline":"G\u00fclnar G\u00fclnar Olal\u0131","datePublished":"2026-09-02T16:37:45+00:00","dateModified":"2026-09-02T16:37:46+00:00","mainEntityOfPage":{"@id":"https:\/\/epochtimestr.com\/index.php\/gulnar-gulnar-olali"},"wordCount":2152,"commentCount":0,"publisher":{"@id":"https:\/\/epochtimestr.com\/#organization"},"image":{"@id":"https:\/\/epochtimestr.com\/index.php\/gulnar-gulnar-olali#primaryimage"},"thumbnailUrl":"https:\/\/epochtimestr.com\/wp-content\/uploads\/2011y\/Kemal-Kirmizi-Profil.png","keywords":["K\u00f6\u015fe","k\u00f6\u015fe Mersin"],"articleSection":["K\u00f6\u015fe Yaz\u0131lar\u0131 Kemal K\u0131rm\u0131z\u0131"],"inLanguage":"tr","potentialAction":[{"@type":"CommentAction","name":"Comment","target":["https:\/\/epochtimestr.com\/index.php\/gulnar-gulnar-olali#respond"]}]},{"@type":"WebPage","@id":"https:\/\/epochtimestr.com\/index.php\/gulnar-gulnar-olali","url":"https:\/\/epochtimestr.com\/index.php\/gulnar-gulnar-olali","name":"G\u00fclnar G\u00fclnar Olal\u0131 - The Epoch Times TR","isPartOf":{"@id":"https:\/\/epochtimestr.com\/#website"},"primaryImageOfPage":{"@id":"https:\/\/epochtimestr.com\/index.php\/gulnar-gulnar-olali#primaryimage"},"image":{"@id":"https:\/\/epochtimestr.com\/index.php\/gulnar-gulnar-olali#primaryimage"},"thumbnailUrl":"https:\/\/epochtimestr.com\/wp-content\/uploads\/2011y\/Kemal-Kirmizi-Profil.png","datePublished":"2026-09-02T16:37:45+00:00","dateModified":"2026-09-02T16:37:46+00:00","description":"Baz\u0131 kentleri deniz b\u00fcy\u00fct\u00fcr, baz\u0131lar\u0131n\u0131 verimli ovalar, baz\u0131lar\u0131n\u0131 ticaret yollar\u0131\u2026 G\u00fclnar'\u0131 ise biraz da yokluk b\u00fcy\u00fctt\u00fc.","inLanguage":"tr","potentialAction":[{"@type":"ReadAction","target":["https:\/\/epochtimestr.com\/index.php\/gulnar-gulnar-olali"]}]},{"@type":"ImageObject","inLanguage":"tr","@id":"https:\/\/epochtimestr.com\/index.php\/gulnar-gulnar-olali#primaryimage","url":"https:\/\/epochtimestr.com\/wp-content\/uploads\/2011y\/Kemal-Kirmizi-Profil.png","contentUrl":"https:\/\/epochtimestr.com\/wp-content\/uploads\/2011y\/Kemal-Kirmizi-Profil.png","width":600,"height":600},{"@type":"WebSite","@id":"https:\/\/epochtimestr.com\/#website","url":"https:\/\/epochtimestr.com\/","name":"The Epoch Times TR","description":"De\u011fi\u015fen D\u00fcnyam\u0131za Taze Bir Bak\u0131\u015f","publisher":{"@id":"https:\/\/epochtimestr.com\/#organization"},"potentialAction":[{"@type":"SearchAction","target":{"@type":"EntryPoint","urlTemplate":"https:\/\/epochtimestr.com\/?s={search_term_string}"},"query-input":"required name=search_term_string"}],"inLanguage":"tr"},{"@type":"Organization","@id":"https:\/\/epochtimestr.com\/#organization","name":"The EpochTimes T\u00fcrkiye","url":"https:\/\/epochtimestr.com\/","logo":{"@type":"ImageObject","inLanguage":"tr","@id":"https:\/\/epochtimestr.com\/#\/schema\/logo\/image\/","url":"https:\/\/epochtimestr.com\/wp-content\/uploads\/2011y\/ET-Logo-YG.jpg","contentUrl":"https:\/\/epochtimestr.com\/wp-content\/uploads\/2011y\/ET-Logo-YG.jpg","width":346,"height":29,"caption":"The EpochTimes T\u00fcrkiye"},"image":{"@id":"https:\/\/epochtimestr.com\/#\/schema\/logo\/image\/"},"sameAs":["https:\/\/www.facebook.com\/theepochtimestr","https:\/\/x.com\/TheEpochTimesTR","https:\/\/www.instagram.com\/epochtimestr"]},{"@type":"Person","@id":"https:\/\/epochtimestr.com\/#\/schema\/person\/de93b34838de3b9cf1568fef49b786d3","name":"Kemal K\u0131rm\u0131z\u0131","image":{"@type":"ImageObject","inLanguage":"tr","@id":"https:\/\/epochtimestr.com\/#\/schema\/person\/image\/","url":"https:\/\/secure.gravatar.com\/avatar\/e99bdb2e05638e0a06bbe2847468ec66?s=96&d=mm&r=g","contentUrl":"https:\/\/secure.gravatar.com\/avatar\/e99bdb2e05638e0a06bbe2847468ec66?s=96&d=mm&r=g","caption":"Kemal K\u0131rm\u0131z\u0131"},"url":"https:\/\/epochtimestr.com\/index.php\/author\/kemal"}]}},"_links":{"self":[{"href":"https:\/\/epochtimestr.com\/index.php\/wp-json\/wp\/v2\/posts\/171405"}],"collection":[{"href":"https:\/\/epochtimestr.com\/index.php\/wp-json\/wp\/v2\/posts"}],"about":[{"href":"https:\/\/epochtimestr.com\/index.php\/wp-json\/wp\/v2\/types\/post"}],"author":[{"embeddable":true,"href":"https:\/\/epochtimestr.com\/index.php\/wp-json\/wp\/v2\/users\/14014"}],"replies":[{"embeddable":true,"href":"https:\/\/epochtimestr.com\/index.php\/wp-json\/wp\/v2\/comments?post=171405"}],"version-history":[{"count":1,"href":"https:\/\/epochtimestr.com\/index.php\/wp-json\/wp\/v2\/posts\/171405\/revisions"}],"predecessor-version":[{"id":171406,"href":"https:\/\/epochtimestr.com\/index.php\/wp-json\/wp\/v2\/posts\/171405\/revisions\/171406"}],"wp:featuredmedia":[{"embeddable":true,"href":"https:\/\/epochtimestr.com\/index.php\/wp-json\/wp\/v2\/media\/167543"}],"wp:attachment":[{"href":"https:\/\/epochtimestr.com\/index.php\/wp-json\/wp\/v2\/media?parent=171405"}],"wp:term":[{"taxonomy":"category","embeddable":true,"href":"https:\/\/epochtimestr.com\/index.php\/wp-json\/wp\/v2\/categories?post=171405"},{"taxonomy":"post_tag","embeddable":true,"href":"https:\/\/epochtimestr.com\/index.php\/wp-json\/wp\/v2\/tags?post=171405"}],"curies":[{"name":"wp","href":"https:\/\/api.w.org\/{rel}","templated":true}]}}