{"id":171407,"date":"2026-09-02T22:37:04","date_gmt":"2026-09-02T19:37:04","guid":{"rendered":"https:\/\/epochtimestr.com\/?p=171407"},"modified":"2026-09-02T22:37:06","modified_gmt":"2026-09-02T19:37:06","slug":"ozgur-ozel-yeni-partinin-millete-verdigi-7-sozu-acikladi","status":"publish","type":"post","link":"https:\/\/epochtimestr.com\/index.php\/ozgur-ozel-yeni-partinin-millete-verdigi-7-sozu-acikladi","title":{"rendered":"\u00d6zg\u00fcr \u00d6zel YEN\u0130 Parti&#8217;nin Millete Verdi\u011fi 7 S\u00f6z\u00fc A\u00e7\u0131klad\u0131"},"content":{"rendered":"<div class=\"wp-block-image\">\n<figure class=\"aligncenter size-large\"><img loading=\"lazy\" decoding=\"async\" width=\"2095\" height=\"1048\" src=\"https:\/\/epochtimestr.com\/wp-content\/uploads\/2011y\/yeni-parti-x-1-2095x1048.jpg\" alt=\"\u00d6zg\u00fcr \u00d6zel YEN\u0130 Parti'nin millete verdi\u011fi 7 s\u00f6z\u00fc a\u00e7\u0131klad\u0131. (Foto\u011fraf: YEN\u0130 Parti x hesab\u0131)\" class=\"wp-image-171408\" srcset=\"https:\/\/epochtimestr.com\/wp-content\/uploads\/2011y\/yeni-parti-x-1-2095x1048.jpg 2095w, https:\/\/epochtimestr.com\/wp-content\/uploads\/2011y\/yeni-parti-x-1-300x150.jpg 300w, https:\/\/epochtimestr.com\/wp-content\/uploads\/2011y\/yeni-parti-x-1-150x75.jpg 150w, https:\/\/epochtimestr.com\/wp-content\/uploads\/2011y\/yeni-parti-x-1-768x384.jpg 768w, https:\/\/epochtimestr.com\/wp-content\/uploads\/2011y\/yeni-parti-x-1-1536x768.jpg 1536w, https:\/\/epochtimestr.com\/wp-content\/uploads\/2011y\/yeni-parti-x-1-2048x1024.jpg 2048w\" sizes=\"(max-width: 2095px) 100vw, 2095px\" \/><figcaption class=\"wp-element-caption\">\u00d6zg\u00fcr \u00d6zel YEN\u0130 Parti&#8217;nin millete verdi\u011fi 7 s\u00f6z\u00fc a\u00e7\u0131klad\u0131. (Foto\u011fraf: YEN\u0130 Parti x hesab\u0131)<\/figcaption><\/figure><\/div>\n\n\n<h2 class=\"wp-block-heading\">\u00d6zg\u00fcr \u00d6zel, YEN\u0130 Parti&#8217;ye verilen en \u00f6nemli g\u00f6revin se\u00e7imleri kazanmak oldu\u011funu vurgulad\u0131. \u00d6zel, partisinin halka verdi\u011fi yedi s\u00f6z\u00fc \u015f\u00f6yle a\u00e7\u0131klad\u0131.<\/h2>\n\n\n\n<p>YEN\u0130 Parti <a href=\"https:\/\/epochtimestr.com\/index.php\/zeynel-emre-acikladi-yeni-parti-598-bin-uyeye-ulasti\">Genel Ba\u015fkan\u0131<\/a> \u00d6zg\u00fcr \u00d6zel, partisinin genel merkezinde ger\u00e7ekle\u015ftirilen ilk \u0130l Ba\u015fkanlar\u0131 Toplant\u0131s\u0131na ba\u015fkanl\u0131k etti. Burada a\u00e7\u0131klamalarda bulunan \u00d6zg\u00fcr \u00d6zel, \u201cBilinsin ki biz bu binay\u0131 Ankara&#8217;da tuttuk, Ankara&#8217;da kurduk ama ne bu binan\u0131n tapusu, ne bu hareketin tapusu, ne YEN\u0130 Parti&#8217;nin tapusu hi\u00e7birimizin \u00fczerine de\u011fildir. Bu partinin sahibi millettir, tapusu da Cumhuriyetimizi kuran Gazi Mustafa Kemal Atat\u00fcrk&#8217;\u00fcn \u00fcst\u00fcne kay\u0131tl\u0131d\u0131r&#8221; diye konu\u015ftu.<\/p>\n\n\n\n<p><strong>\u00d6zel, \u015funlar\u0131 s\u00f6yledi:<\/strong><\/p>\n\n\n\n<p><strong>Parti \u0130\u00e7i De\u011fi\u015fim ve Sand\u0131ktaki \u00d6zg\u00fcven Zaferi<\/strong><\/p>\n\n\n\n<p>&#8220;Kurultay s\u00fcrecinin ard\u0131ndan parti i\u00e7indeki ge\u00e7mi\u015f k\u0131rg\u0131nl\u0131klar, ayr\u0131\u015fmalar ve yenilgi <a href=\"https:\/\/epochtimestr.com\/index.php\/etik-arete-ve-eudaimonia-sokratesin-penceresinden-dogru-yasamak\" target=\"_blank\" rel=\"noreferrer noopener\">psikoloji<\/a>si tamamen geride b\u0131rak\u0131lm\u0131\u015f; t\u00fcm il ba\u015fkanlar\u0131 ve \u00f6rg\u00fct unsurlar\u0131 e\u015fitlik ilkesiyle bir araya getirilmi\u015ftir. Bu birliktelik sayesinde, 31 Mart yerel se\u00e7imlerinde ge\u00e7mi\u015f y\u0131llar\u0131n savunmac\u0131 ve kayg\u0131l\u0131 se\u00e7im gecesi stratejilerinden vazge\u00e7ilmi\u015ftir. Sand\u0131klar a\u00e7\u0131l\u0131rken g\u00f6revlilere zafer inanc\u0131n\u0131 a\u015f\u0131layan ve \u00f6zg\u00fcveni y\u00fcksek talimatlar g\u00f6nderilmi\u015f, \u00f6rg\u00fct\u00fcn eme\u011fiyle sand\u0131k g\u00fcvenli\u011fi ba\u015far\u0131yla koordine edilerek b\u00fcy\u00fck bir zafer elde edilmi\u015ftir.<\/p>\n\n\n\n<p><strong>\u0130ktidar Hedefi ve Bask\u0131lara Kar\u015f\u0131 Toplumsal Direni\u015f<\/strong><\/p>\n\n\n\n<p>Muhalefette kalma al\u0131\u015fkanl\u0131\u011f\u0131n\u0131n y\u0131k\u0131lmas\u0131 ve partinin g\u00fc\u00e7l\u00fc bir iktidar namzeti haline gelmesi, kamu g\u00fcc\u00fcn\u00fcn ve yarg\u0131n\u0131n ara\u00e7salla\u015ft\u0131r\u0131ld\u0131\u011f\u0131 organize bir bask\u0131 s\u00fcrecini tetiklemi\u015ftir. Esenyurt ve \u0130stanbul B\u00fcy\u00fck\u015fehir Belediyesi&#8217;ne y\u00f6nelik kayy\u0131m giri\u015fimleri, ter\u00f6r, yolsuzluk ve casusluk kumpaslar\u0131yla milli irade hedef al\u0131nm\u0131\u015ft\u0131r. Bu engellemelere kar\u015f\u0131 tavizsiz bir meydan m\u00fccadelesi y\u00fcr\u00fct\u00fclerek halkla kucakla\u015f\u0131lm\u0131\u015f ve partiyi daha demokratik bir yap\u0131ya kavu\u015fturan t\u00fcz\u00fck de\u011fi\u015fiklikleri oy birli\u011fiyle hayata ge\u00e7irilmi\u015ftir.<\/p>\n\n\n\n<h3 class=\"wp-block-heading\">Kurumsal Bask\u0131lar ve Milletin \u0130radesiyle Yeni Bir Yolculuk<\/h3>\n\n\n\n<p>Parti program\u0131n\u0131 yenileme ve demokratik kongre s\u00fcre\u00e7lerini i\u015fletme gayretleri s\u00fcrerken; belediye ba\u015fkanlar\u0131na, y\u00f6neticilere ve partinin kurumsal kimli\u011fine y\u00f6nelik yarg\u0131 eliyle organize sald\u0131r\u0131lar ger\u00e7ekle\u015ftirilmi\u015ftir. Ge\u00e7mi\u015f mahkeme kararlar\u0131 ve kumpas davalar\u0131yla kazan\u0131lan mazbatalar yok say\u0131lmak ve parti se\u00e7imsizli\u011fe mahkum edilmek istenmi\u015ftir. Bu s\u00fcre\u00e7te baz\u0131 siyasi fig\u00fcrler s\u0131nav\u0131 ge\u00e7emeyip geride kal\u0131rken, bask\u0131lara boyun e\u011fmeyen kadrolar sokakta halk\u0131n sesini dinlemi\u015ftir. Milletin &#8220;Bir yol bulam\u0131yorsan\u0131z, yeni bir yol a\u00e7\u0131n&#8221; \u00e7a\u011fr\u0131s\u0131 \u00fczerine, b\u00fct\u00e7esini ve ad\u0131n\u0131 halk\u0131n belirledi\u011fi YEN\u0130 Parti kurularak tarihi bir iktidar y\u00fcr\u00fcy\u00fc\u015f\u00fc ba\u015flat\u0131lm\u0131\u015ft\u0131r.<\/p>\n\n\n\n<p><strong>Rekor \u00d6rg\u00fctlenme Ba\u015far\u0131s\u0131 ve Yeni Siyasetin Yedi S\u00f6z\u00fc<\/strong><\/p>\n\n\n\n<p>YEN\u0130 Parti, devlet imkanlar\u0131ndan yoksun olmas\u0131na ra\u011fmen halk\u0131n b\u00fcy\u00fck deste\u011fiyle tarihin en h\u0131zl\u0131 \u00f6rg\u00fctlenmesini ger\u00e7ekle\u015ftirerek sadece 18 g\u00fcnde 600 bin \u00fcyeye ula\u015fm\u0131\u015f ve tarihi bir ba\u015far\u0131ya imza atm\u0131\u015ft\u0131r. Bu yeni d\u00f6nemde partinin temel amac\u0131, eski nesil siyaset modellerini terk ederek kararlar\u0131 do\u011frudan \u00fcyelerin ald\u0131\u011f\u0131, kad\u0131nlar\u0131n ve gen\u00e7lerin vitrinde de\u011fil karar masas\u0131nda yer buldu\u011fu demokratik bir T\u00fcrkiye in\u015fa etmektir. Toplumu kimlikler veya eski gerilimler \u00fczerinden kutupla\u015ft\u0131ran de\u011fil; sand\u0131\u011fa, se\u00e7ilmi\u015fe ve vatanda\u015f\u0131n oyuna h\u00fcrmet eden, herkesi Cumhuriyet\u2019in e\u015fit vatanda\u015f\u0131 g\u00f6ren bir siyasi ahlak d\u00fczeni kurulacakt\u0131r.<\/p>\n\n\n\n<h3 class=\"wp-block-heading\">Adalet, \u00d6zg\u00fcrl\u00fck ve \u00dcretim Odakl\u0131 Toplumsal Refah<\/h3>\n\n\n\n<p>Milletimize verilen s\u00f6zlerin temelinde; hukukta, gelir da\u011f\u0131l\u0131m\u0131nda, vergide ve sosyal hayatta tam adaletin sa\u011flanmas\u0131 yer almaktad\u0131r. Herkesin gelirine g\u00f6re vergilendirildi\u011fi, inanc\u0131 veya kimli\u011fi ne olursa olsun devlet kar\u015f\u0131s\u0131nda e\u015fit say\u0131ld\u0131\u011f\u0131 \u00f6zg\u00fcr bir T\u00fcrkiye hedeflenmektedir. Bu do\u011frultuda yoksullu\u011fu y\u00f6netmek yerine yok etmek ama\u00e7lanmakta; sanayi, tar\u0131m ve y\u00fcksek teknoloji yat\u0131r\u0131mlar\u0131yla millet\u00e7e zenginle\u015filen bir d\u00fczen kurulmas\u0131 \u00f6ng\u00f6r\u00fclmektedir. Ba\u015far\u0131 k\u0131stas\u0131 sosyal yard\u0131m alan ki\u015fi say\u0131s\u0131 de\u011fil, yard\u0131ma ihtiya\u00e7 duyan insan say\u0131s\u0131n\u0131n azalt\u0131lmas\u0131 olacakt\u0131r.<\/p>\n\n\n\n<figure class=\"wp-block-embed is-type-video is-provider-youtube wp-block-embed-youtube wp-embed-aspect-16-9 wp-has-aspect-ratio\"><div class=\"wp-block-embed__wrapper\">\n<iframe loading=\"lazy\" title=\"YEN\u0130 PART\u0130 GENEL BA\u015eKANI \u00d6ZG\u00dcR \u00d6ZEL - \u0130L BA\u015eKANLARI TOPLANTISI 02\/09\/2026\" width=\"1170\" height=\"658\" src=\"https:\/\/www.youtube.com\/embed\/EthrFwokHgw?wmode=transparent&amp;rel=0&amp;feature=oembed\" frameborder=\"0\" allow=\"accelerometer; autoplay; clipboard-write; encrypted-media; gyroscope; picture-in-picture; web-share\" referrerpolicy=\"strict-origin-when-cross-origin\" allowfullscreen><\/iframe>\n<\/div><figcaption class=\"wp-element-caption\">YEN\u0130 Parti Genel Ba\u015fkan\u0131 \u00d6zg\u00fcr \u00d6zel, partisinin genel merkezinde ger\u00e7ekle\u015ftirilen ilk \u0130l Ba\u015fkanlar\u0131 Toplant\u0131s\u0131na ba\u015fkanl\u0131k etti.<\/figcaption><\/figure>\n\n\n\n<p><strong>G\u00fc\u00e7l\u00fc Devlet, G\u00fcvenli T\u00fcrkiye ve Avrupa Birli\u011fi Vizyonu<\/strong><\/p>\n\n\n\n<p>\u00dclkenin \u00fcniter yap\u0131s\u0131, b\u00fct\u00fcnl\u00fc\u011f\u00fc ve g\u00fcvenli\u011fi her \u015feyin \u00fczerinde tutularak savunma sanayisi yeni yat\u0131r\u0131mlarla tahkim edilecektir. D\u0131\u015f politikada \u015fahsi ve g\u00fcnl\u00fck hesaplar yerine, ulusal menfaatleri \u00f6nceleyen uzun vadeli kurumsal ili\u015fkiler ve Orta Do\u011fu&#8217;da kal\u0131c\u0131 bar\u0131\u015f savunulacakt\u0131r. Bu kapsamda, Avrupa Birli\u011fi&#8217;ne tam \u00fcyelik s\u00fcreci ertelenemez ve vazge\u00e7ilmez bir stratejik hedef olarak g\u00f6r\u00fclmektedir. \u0130ktidar\u0131n ilk d\u00f6neminde tamamlanmas\u0131 planlanan bu \u00fcyelik sayesinde, T\u00fcrkiye&#8217;nin ve Avrupa&#8217;n\u0131n g\u00fcvenli\u011fi bir pazarl\u0131k konusu olmaktan kal\u0131c\u0131 olarak \u00e7\u0131kar\u0131lacakt\u0131r.<\/p>\n\n\n\n<p><strong>Sosyal Devlet, Gen\u00e7li\u011fin Gelece\u011fi ve \u015eeffaf Y\u00f6netim S\u00f6z\u00fc<\/strong><\/p>\n\n\n\n<p>Milletimize verilen son \u00fc\u00e7 s\u00f6z kapsam\u0131nda; temel vatanda\u015fl\u0131k gelirinin sa\u011fland\u0131\u011f\u0131, ev kad\u0131nlar\u0131n\u0131n sigortaland\u0131\u011f\u0131 ve kimsenin \u00e7aresiz b\u0131rak\u0131lmad\u0131\u011f\u0131 ger\u00e7ek bir sosyal devlet modeli kurulacakt\u0131r. E\u011fitim s\u0131n\u0131fsal bir ayr\u0131cal\u0131k olmaktan \u00e7\u0131kar\u0131larak \u00fcniversiteler bilimin merkezi yap\u0131lacak, kamuda liyakat esas al\u0131narak torpil k\u00f6kten kaz\u0131nacakt\u0131r. Siyasette d\u00f6nem s\u0131n\u0131r\u0131 getirilerek makamlar\u0131n ge\u00e7ici oldu\u011fu bir d\u00fczen in\u015fa edilecek, t\u00fcm ba\u011f\u0131\u015f ve harcamalar \u015feffaf bi\u00e7imde d\u00fczenli olarak kamuoyuyla payla\u015f\u0131lacakt\u0131r. Ama\u00e7 devleti ele ge\u00e7irmek de\u011fil, kimsenin suiistimal edemeyece\u011fi ba\u011f\u0131ms\u0131z, denetlenebilir ve kal\u0131c\u0131 bir kurumsal yap\u0131 tasarlamakt\u0131r.<\/p>\n\n\n\n<h3 class=\"wp-block-heading\">\u0130ktidar Odakl\u0131 \u00d6rg\u00fctlenme ve Yerel \u00c7\u00f6z\u00fcm G\u00f6revleri<\/h3>\n\n\n\n<p>S\u00f6z verilen bu d\u00fczeni kurmak i\u00e7in parti \u00f6rg\u00fct\u00fcne \u00f6nemli sorumluluklar d\u00fc\u015fmektedir. \u00d6rg\u00fctler, sadece itiraz eden de\u011fil, her ad\u0131m\u0131yla devleti y\u00f6netmeye haz\u0131r bir iktidar kapasitesi sergilemeli ve kap\u0131lar\u0131n\u0131 kapsay\u0131c\u0131 mahalle meclisleriyle halka ard\u0131na kadar a\u00e7mal\u0131d\u0131r. \u0130l ve il\u00e7e y\u00f6netimleri, yaln\u0131zca afi\u015f asan veya \u015fikayet bildiren yap\u0131lar olmaktan \u00e7\u0131k\u0131p yerel akt\u00f6rlerle ba\u011f kurarak kendi \u015fehirlerinin sorunlar\u0131na somut, \u00f6zg\u00fcn \u00e7\u00f6z\u00fcmler \u00fcreten &#8220;akl\u0131n merkezi&#8221; haline gelmelidir. \u00c7\u00fcnk\u00fc unutulmamal\u0131d\u0131r ki, sorunu en iyi anlatan en iyi muhalefet olur; ancak \u00e7\u00f6z\u00fcm\u00fc bug\u00fcnden yerelde haz\u0131rlayanlar ger\u00e7ek iktidar olur.<\/p>\n\n\n\n<p><strong>Parti \u0130\u00e7i Demokrasi, Tevazu ve Yolda\u015fl\u0131k Hukuku<\/strong><\/p>\n\n\n\n<p>\u00d6rg\u00fct\u00fcn d\u00f6rd\u00fcnc\u00fc, be\u015finci ve alt\u0131nc\u0131 g\u00f6revleri kapsam\u0131nda; millete vadedilen demokrasinin \u00f6nce parti i\u00e7inde kurulmas\u0131 hedeflenmektedir. Bu ama\u00e7la, il\u00e7e ve il ba\u015fkanl\u0131klar\u0131 ile genel ba\u015fkanl\u0131k se\u00e7imlerinde delegeler yerine t\u00fcm \u00fcyelerin do\u011frudan oy kullanaca\u011f\u0131 kat\u0131l\u0131mc\u0131 bir takvim i\u015fletilecek; b\u00f6ylece atanm\u0131\u015f de\u011fil, do\u011frudan tabandan g\u00fc\u00e7 alan y\u00f6neticiler yeti\u015ftirilecektir. Siyasetten kibrin silinerek tevazunun egemen k\u0131l\u0131nmas\u0131, vatanda\u015fla g\u00f6z hizas\u0131nda konu\u015fulmas\u0131 ve partide imtiyazl\u0131 hi\u00e7bir g\u00fcc\u00fcn bulunmamas\u0131 esas al\u0131nacakt\u0131r. T\u00fcm kadrolar\u0131n bir yolda\u015fl\u0131k hukukuyla kenetlenmesi, birbirini desteklemesi ve eksikleri tamamlamas\u0131 partinin en b\u00fcy\u00fck dayana\u011f\u0131 olacakt\u0131r.<\/p>\n\n\n\n<p><strong>\u0130ktidar Hedefi ve Kara D\u00fczene Kar\u015f\u0131 Toplumsal Mutabakat<\/strong><\/p>\n\n\n\n<p>\u00d6rg\u00fct\u00fcn en \u00f6nemli ve vazge\u00e7ilmez yedinci g\u00f6revi kesin bir zafer elde etmektir. YEN\u0130 Parti, konforlu bir muhalefet alan\u0131 yaratmak veya se\u00e7im geceleri birbirini teselli etmek i\u00e7in de\u011fil, ilk se\u00e7imde do\u011frudan iktidara gelip T\u00fcrkiye\u2019yi y\u00f6netmek amac\u0131yla kurulmu\u015ftur. Kurulan bu hareket kimsenin evini y\u0131kmaya de\u011fil; \u00fclkenin bozulan d\u00fczenini, adalet terazisini, ekonomisini ve devlet yap\u0131s\u0131n\u0131 tamir etmeye gelmektedir. Bu s\u00fcre\u00e7te rakip olarak farkl\u0131 d\u00fc\u015f\u00fcnen vatanda\u015flar veya siyasi partiler de\u011fil; yoksulluk, i\u015fsizlik, adaletsizlik, liyakatsizlik ve israf g\u00f6r\u00fclecektir. \u015eah\u0131slar\u0131 \u015feytanla\u015ft\u0131rarak kutupla\u015fmadan beslenen mevcut kara d\u00fczen y\u0131k\u0131lacak ve 86 milyonun ortak gelece\u011fi in\u015fa edilecektir.<\/p>\n\n\n\n<h3 class=\"wp-block-heading\">G\u00f6n\u00fclleri Kazanma Odakl\u0131 ve Samimi Siyaset Anlay\u0131\u015f\u0131<\/h3>\n\n\n\n<p>\u0130l ba\u015fkanlar\u0131na verilen talimatlar do\u011frultusunda, YEN\u0130 Parti&#8217;nin \u015fehirlere kavgan\u0131n veya makam payla\u015f\u0131m\u0131n\u0131n taraf\u0131 olarak de\u011fil; sorumluluk \u00fcstlenmek ve devleti yeniden ger\u00e7ek sahibi olan millete geri vermek i\u00e7in gitti\u011fi vurgulanmaktad\u0131r. Siyasetin temel parolas\u0131, sand\u0131ktan \u00f6nce vatanda\u015f\u0131n g\u00f6nl\u00fcn\u00fc ve r\u0131zas\u0131n\u0131 kazanmak, insanlara rozetten \u00f6nce samimiyetle el uzatmakt\u0131r. Kutupla\u015fmay\u0131 reddeden, g\u00fcc\u00fcn\u00fc halk\u0131n i\u00e7inden \u00e7\u0131km\u0131\u015f olmaktan alan bu hareket, toplumsal muhalefeti sokaklarda b\u00fcy\u00fcyen bir inan\u00e7 ve insan seliyle iktidara ta\u015f\u0131may\u0131 hedeflemektedir.<\/p>\n\n\n\n<p><strong>Cumhuriyet&#8217;in \u0130kinci Y\u00fczy\u0131l\u0131nda Yeni Bir Tarih ve Kucakla\u015fma Daveti<\/strong><\/p>\n\n\n\n<p>Hen\u00fcz \u00fcyemiz olmayan t\u00fcm vatanda\u015flar\u0131m\u0131za sesleniyorum: T\u00fcrkiye\u2019de yeni bir tarih yaz\u0131l\u0131yor ve biz bu tarihi birlikte yazmak i\u00e7in t\u00fcm milletimizi davet ediyoruz. Ben buraya sadece bir Genel Ba\u015fkan olarak \u00e7\u0131kmad\u0131m. Ben; iki emekli \u00f6\u011fretmenin evlad\u0131, Bah\u00e7\u0131van Abdullah Aga\u2019n\u0131n torunuyum. Dokuz ya\u015f\u0131nda Manisa Hac\u0131haliller K\u00f6y\u00fc\u2019nde tarlada \u00e7al\u0131\u015fan, Hatuniye Camii arkas\u0131ndaki Saks\u0131c\u0131 Ahmet Amca\u2019n\u0131n yan\u0131nda \u00e7\u0131rakl\u0131kla esnafl\u0131\u011fa ba\u015flayan o \u00e7ocu\u011fum. 10 ya\u015f\u0131nda devlet paras\u0131z yat\u0131l\u0131 bursuyla b\u00fcy\u00fcyen, memleketinde mesle\u011fini icra eden, sonra oran\u0131n ve nihayetinde T\u00fcrkiye\u2019nin ba\u015fkan\u0131 olan biriyim. Bug\u00fcn sizlerin &#8216;Y\u00fcr\u00fc&#8217; demesiyle \u00f6ne at\u0131ld\u0131m; \u015fahsi hi\u00e7bir beklentim yok. Tek hedefim, 86 milyonun kucakla\u015ft\u0131\u011f\u0131, kimsenin geride kalmad\u0131\u011f\u0131, anne-babalar\u0131n \u00e7ocuklar\u0131na yoksullu\u011fu miras b\u0131rakmad\u0131\u011f\u0131 e\u015fit ve yepyeni bir T\u00fcrkiye\u2019yi kurmakt\u0131r. Cumhuriyet\u2019imizin ikinci y\u00fczy\u0131l\u0131nda, d\u00fcnyan\u0131n en h\u0131zl\u0131 b\u00fcy\u00fcyen, en m\u00fcrreffeh ve en mutlu insanlar\u0131n\u0131n ya\u015fad\u0131\u011f\u0131 \u00fclkeyi in\u015fa etmek i\u00e7in yola \u00e7\u0131kt\u0131k. Gelin, bu tarihi y\u00fcr\u00fcy\u00fc\u015fte bizimle olun, sizinle birlikte T\u00fcrkiye y\u00fcr\u00fcs\u00fcn. \u0130lk \u0130l Ba\u015fkanlar\u0131 Toplant\u0131m\u0131zdan t\u00fcm milletimizi sayg\u0131 ve sevgiyle selaml\u0131yorum.&#8221;<\/p>\n","protected":false},"excerpt":{"rendered":"<p>\u00d6zg\u00fcr \u00d6zel, YEN\u0130 Parti&#8217;ye verilen en \u00f6nemli g\u00f6revin se\u00e7imleri kazanmak oldu\u011funu vurgulad\u0131. \u00d6zel, partisinin halka verdi\u011fi yedi s\u00f6z\u00fc \u015f\u00f6yle a\u00e7\u0131klad\u0131. YEN\u0130 Parti Genel Ba\u015fkan\u0131 \u00d6zg\u00fcr \u00d6zel, partisinin genel merkezinde ger\u00e7ekle\u015ftirilen ilk \u0130l Ba\u015fkanlar\u0131 Toplant\u0131s\u0131na ba\u015fkanl\u0131k etti. Burada a\u00e7\u0131klamalarda bulunan \u00d6zg\u00fcr \u00d6zel, \u201cBilinsin ki biz bu binay\u0131 Ankara&#8217;da tuttuk, Ankara&#8217;da kurduk ama ne bu binan\u0131n tapusu, [&hellip;]<\/p>\n","protected":false},"author":12791,"featured_media":171408,"comment_status":"open","ping_status":"open","sticky":false,"template":"","format":"standard","meta":{"_yoast_wpseo_focuskw":"\u00d6zg\u00fcr \u00d6zel - YEN\u0130","_yoast_wpseo_title":"","_yoast_wpseo_metadesc":"\u00d6zg\u00fcr \u00d6zel, YEN\u0130 Parti'ye verilen en \u00f6nemli g\u00f6revin se\u00e7imleri kazanmak oldu\u011funu vurgulad\u0131. \u00d6zel, partisinin halka verdi\u011fi yedi s\u00f6z\u00fc a\u00e7\u0131klad\u0131.","_bbp_topic_count":0,"_bbp_reply_count":0,"_bbp_total_topic_count":0,"_bbp_total_reply_count":0,"_bbp_voice_count":0,"_bbp_anonymous_reply_count":0,"_bbp_topic_count_hidden":0,"_bbp_reply_count_hidden":0,"_bbp_forum_subforum_count":0,"footnotes":"","_yoast_wpseo_focuskw_text_input":""},"categories":[1,8138,8226],"tags":[12608,8492,11909],"yoast_head":"<!-- This site is optimized with the Yoast SEO plugin v23.0 - https:\/\/yoast.com\/wordpress\/plugins\/seo\/ -->\n<title>\u00d6zg\u00fcr \u00d6zel YEN\u0130 Parti&#039;nin Millete Verdi\u011fi 7 S\u00f6z\u00fc A\u00e7\u0131klad\u0131 - The Epoch Times TR<\/title>\n<meta name=\"description\" content=\"\u00d6zg\u00fcr \u00d6zel, YEN\u0130 Parti&#039;ye verilen en \u00f6nemli g\u00f6revin se\u00e7imleri kazanmak oldu\u011funu vurgulad\u0131. \u00d6zel, partisinin halka verdi\u011fi yedi s\u00f6z\u00fc a\u00e7\u0131klad\u0131.\" \/>\n<meta name=\"robots\" content=\"index, follow, max-snippet:-1, max-image-preview:large, max-video-preview:-1\" \/>\n<link rel=\"canonical\" href=\"https:\/\/epochtimestr.com\/index.php\/ozgur-ozel-yeni-partinin-millete-verdigi-7-sozu-acikladi\" \/>\n<meta property=\"og:locale\" content=\"tr_TR\" \/>\n<meta property=\"og:type\" content=\"article\" \/>\n<meta property=\"og:title\" content=\"\u00d6zg\u00fcr \u00d6zel YEN\u0130 Parti&#039;nin Millete Verdi\u011fi 7 S\u00f6z\u00fc A\u00e7\u0131klad\u0131 - The Epoch Times TR\" \/>\n<meta property=\"og:description\" content=\"\u00d6zg\u00fcr \u00d6zel, YEN\u0130 Parti&#039;ye verilen en \u00f6nemli g\u00f6revin se\u00e7imleri kazanmak oldu\u011funu vurgulad\u0131. \u00d6zel, partisinin halka verdi\u011fi yedi s\u00f6z\u00fc a\u00e7\u0131klad\u0131.\" \/>\n<meta property=\"og:url\" content=\"https:\/\/epochtimestr.com\/index.php\/ozgur-ozel-yeni-partinin-millete-verdigi-7-sozu-acikladi\" \/>\n<meta property=\"og:site_name\" content=\"The Epoch Times TR\" \/>\n<meta property=\"article:publisher\" content=\"https:\/\/www.facebook.com\/theepochtimestr\" \/>\n<meta property=\"article:published_time\" content=\"2026-09-02T19:37:04+00:00\" \/>\n<meta property=\"article:modified_time\" content=\"2026-09-02T19:37:06+00:00\" \/>\n<meta property=\"og:image\" content=\"https:\/\/epochtimestr.com\/wp-content\/uploads\/2011y\/yeni-parti-x-1.jpg\" \/>\n\t<meta property=\"og:image:width\" content=\"2400\" \/>\n\t<meta property=\"og:image:height\" content=\"1200\" \/>\n\t<meta property=\"og:image:type\" content=\"image\/jpeg\" \/>\n<meta name=\"author\" content=\"Haber Merkezi\" \/>\n<meta name=\"twitter:card\" content=\"summary_large_image\" \/>\n<meta name=\"twitter:creator\" content=\"@TheEpochTimesTR\" \/>\n<meta name=\"twitter:site\" content=\"@TheEpochTimesTR\" \/>\n<meta name=\"twitter:label1\" content=\"Yazan:\" \/>\n\t<meta name=\"twitter:data1\" content=\"Haber Merkezi\" \/>\n\t<meta name=\"twitter:label2\" content=\"Tahmini okuma s\u00fcresi\" \/>\n\t<meta name=\"twitter:data2\" content=\"8 dakika\" \/>\n<script type=\"application\/ld+json\" class=\"yoast-schema-graph\">{\"@context\":\"https:\/\/schema.org\",\"@graph\":[{\"@type\":\"Article\",\"@id\":\"https:\/\/epochtimestr.com\/index.php\/ozgur-ozel-yeni-partinin-millete-verdigi-7-sozu-acikladi#article\",\"isPartOf\":{\"@id\":\"https:\/\/epochtimestr.com\/index.php\/ozgur-ozel-yeni-partinin-millete-verdigi-7-sozu-acikladi\"},\"author\":{\"name\":\"Haber Merkezi\",\"@id\":\"https:\/\/epochtimestr.com\/#\/schema\/person\/3dc5c3adeb9f43923c5aa85889172fdd\"},\"headline\":\"\u00d6zg\u00fcr \u00d6zel YEN\u0130 Parti&#8217;nin Millete Verdi\u011fi 7 S\u00f6z\u00fc A\u00e7\u0131klad\u0131\",\"datePublished\":\"2026-09-02T19:37:04+00:00\",\"dateModified\":\"2026-09-02T19:37:06+00:00\",\"mainEntityOfPage\":{\"@id\":\"https:\/\/epochtimestr.com\/index.php\/ozgur-ozel-yeni-partinin-millete-verdigi-7-sozu-acikladi\"},\"wordCount\":1769,\"commentCount\":0,\"publisher\":{\"@id\":\"https:\/\/epochtimestr.com\/#organization\"},\"image\":{\"@id\":\"https:\/\/epochtimestr.com\/index.php\/ozgur-ozel-yeni-partinin-millete-verdigi-7-sozu-acikladi#primaryimage\"},\"thumbnailUrl\":\"https:\/\/epochtimestr.com\/wp-content\/uploads\/2011y\/yeni-parti-x-1.jpg\",\"keywords\":[\"\u0130l Ba\u015fkanlar\u0131 Toplant\u0131s\u0131\",\"\u00d6zg\u00fcr \u00d6zel\",\"YEN\u0130 Parti\"],\"articleSection\":[\"G\u00dcNDEM\",\"MAN\u015eET\",\"Siyaset\"],\"inLanguage\":\"tr\",\"potentialAction\":[{\"@type\":\"CommentAction\",\"name\":\"Comment\",\"target\":[\"https:\/\/epochtimestr.com\/index.php\/ozgur-ozel-yeni-partinin-millete-verdigi-7-sozu-acikladi#respond\"]}]},{\"@type\":\"WebPage\",\"@id\":\"https:\/\/epochtimestr.com\/index.php\/ozgur-ozel-yeni-partinin-millete-verdigi-7-sozu-acikladi\",\"url\":\"https:\/\/epochtimestr.com\/index.php\/ozgur-ozel-yeni-partinin-millete-verdigi-7-sozu-acikladi\",\"name\":\"\u00d6zg\u00fcr \u00d6zel YEN\u0130 Parti'nin Millete Verdi\u011fi 7 S\u00f6z\u00fc A\u00e7\u0131klad\u0131 - The Epoch Times TR\",\"isPartOf\":{\"@id\":\"https:\/\/epochtimestr.com\/#website\"},\"primaryImageOfPage\":{\"@id\":\"https:\/\/epochtimestr.com\/index.php\/ozgur-ozel-yeni-partinin-millete-verdigi-7-sozu-acikladi#primaryimage\"},\"image\":{\"@id\":\"https:\/\/epochtimestr.com\/index.php\/ozgur-ozel-yeni-partinin-millete-verdigi-7-sozu-acikladi#primaryimage\"},\"thumbnailUrl\":\"https:\/\/epochtimestr.com\/wp-content\/uploads\/2011y\/yeni-parti-x-1.jpg\",\"datePublished\":\"2026-09-02T19:37:04+00:00\",\"dateModified\":\"2026-09-02T19:37:06+00:00\",\"description\":\"\u00d6zg\u00fcr \u00d6zel, YEN\u0130 Parti'ye verilen en \u00f6nemli g\u00f6revin se\u00e7imleri kazanmak oldu\u011funu vurgulad\u0131. \u00d6zel, partisinin halka verdi\u011fi yedi s\u00f6z\u00fc a\u00e7\u0131klad\u0131.\",\"inLanguage\":\"tr\",\"potentialAction\":[{\"@type\":\"ReadAction\",\"target\":[\"https:\/\/epochtimestr.com\/index.php\/ozgur-ozel-yeni-partinin-millete-verdigi-7-sozu-acikladi\"]}]},{\"@type\":\"ImageObject\",\"inLanguage\":\"tr\",\"@id\":\"https:\/\/epochtimestr.com\/index.php\/ozgur-ozel-yeni-partinin-millete-verdigi-7-sozu-acikladi#primaryimage\",\"url\":\"https:\/\/epochtimestr.com\/wp-content\/uploads\/2011y\/yeni-parti-x-1.jpg\",\"contentUrl\":\"https:\/\/epochtimestr.com\/wp-content\/uploads\/2011y\/yeni-parti-x-1.jpg\",\"width\":2400,\"height\":1200},{\"@type\":\"WebSite\",\"@id\":\"https:\/\/epochtimestr.com\/#website\",\"url\":\"https:\/\/epochtimestr.com\/\",\"name\":\"The Epoch Times TR\",\"description\":\"De\u011fi\u015fen D\u00fcnyam\u0131za Taze Bir Bak\u0131\u015f\",\"publisher\":{\"@id\":\"https:\/\/epochtimestr.com\/#organization\"},\"potentialAction\":[{\"@type\":\"SearchAction\",\"target\":{\"@type\":\"EntryPoint\",\"urlTemplate\":\"https:\/\/epochtimestr.com\/?s={search_term_string}\"},\"query-input\":\"required name=search_term_string\"}],\"inLanguage\":\"tr\"},{\"@type\":\"Organization\",\"@id\":\"https:\/\/epochtimestr.com\/#organization\",\"name\":\"The EpochTimes T\u00fcrkiye\",\"url\":\"https:\/\/epochtimestr.com\/\",\"logo\":{\"@type\":\"ImageObject\",\"inLanguage\":\"tr\",\"@id\":\"https:\/\/epochtimestr.com\/#\/schema\/logo\/image\/\",\"url\":\"https:\/\/epochtimestr.com\/wp-content\/uploads\/2011y\/ET-Logo-YG.jpg\",\"contentUrl\":\"https:\/\/epochtimestr.com\/wp-content\/uploads\/2011y\/ET-Logo-YG.jpg\",\"width\":346,\"height\":29,\"caption\":\"The EpochTimes T\u00fcrkiye\"},\"image\":{\"@id\":\"https:\/\/epochtimestr.com\/#\/schema\/logo\/image\/\"},\"sameAs\":[\"https:\/\/www.facebook.com\/theepochtimestr\",\"https:\/\/x.com\/TheEpochTimesTR\",\"https:\/\/www.instagram.com\/epochtimestr\"]},{\"@type\":\"Person\",\"@id\":\"https:\/\/epochtimestr.com\/#\/schema\/person\/3dc5c3adeb9f43923c5aa85889172fdd\",\"name\":\"Haber Merkezi\",\"image\":{\"@type\":\"ImageObject\",\"inLanguage\":\"tr\",\"@id\":\"https:\/\/epochtimestr.com\/#\/schema\/person\/image\/\",\"url\":\"https:\/\/secure.gravatar.com\/avatar\/d73f772ba5a74f28601361e17c2f93e6?s=96&d=mm&r=g\",\"contentUrl\":\"https:\/\/secure.gravatar.com\/avatar\/d73f772ba5a74f28601361e17c2f93e6?s=96&d=mm&r=g\",\"caption\":\"Haber Merkezi\"},\"url\":\"https:\/\/epochtimestr.com\/index.php\/author\/sendag\"}]}<\/script>\n<!-- \/ Yoast SEO plugin. -->","yoast_head_json":{"title":"\u00d6zg\u00fcr \u00d6zel YEN\u0130 Parti'nin Millete Verdi\u011fi 7 S\u00f6z\u00fc A\u00e7\u0131klad\u0131 - The Epoch Times TR","description":"\u00d6zg\u00fcr \u00d6zel, YEN\u0130 Parti'ye verilen en \u00f6nemli g\u00f6revin se\u00e7imleri kazanmak oldu\u011funu vurgulad\u0131. \u00d6zel, partisinin halka verdi\u011fi yedi s\u00f6z\u00fc a\u00e7\u0131klad\u0131.","robots":{"index":"index","follow":"follow","max-snippet":"max-snippet:-1","max-image-preview":"max-image-preview:large","max-video-preview":"max-video-preview:-1"},"canonical":"https:\/\/epochtimestr.com\/index.php\/ozgur-ozel-yeni-partinin-millete-verdigi-7-sozu-acikladi","og_locale":"tr_TR","og_type":"article","og_title":"\u00d6zg\u00fcr \u00d6zel YEN\u0130 Parti'nin Millete Verdi\u011fi 7 S\u00f6z\u00fc A\u00e7\u0131klad\u0131 - The Epoch Times TR","og_description":"\u00d6zg\u00fcr \u00d6zel, YEN\u0130 Parti'ye verilen en \u00f6nemli g\u00f6revin se\u00e7imleri kazanmak oldu\u011funu vurgulad\u0131. \u00d6zel, partisinin halka verdi\u011fi yedi s\u00f6z\u00fc a\u00e7\u0131klad\u0131.","og_url":"https:\/\/epochtimestr.com\/index.php\/ozgur-ozel-yeni-partinin-millete-verdigi-7-sozu-acikladi","og_site_name":"The Epoch Times TR","article_publisher":"https:\/\/www.facebook.com\/theepochtimestr","article_published_time":"2026-09-02T19:37:04+00:00","article_modified_time":"2026-09-02T19:37:06+00:00","og_image":[{"width":2400,"height":1200,"url":"https:\/\/epochtimestr.com\/wp-content\/uploads\/2011y\/yeni-parti-x-1.jpg","type":"image\/jpeg"}],"author":"Haber Merkezi","twitter_card":"summary_large_image","twitter_creator":"@TheEpochTimesTR","twitter_site":"@TheEpochTimesTR","twitter_misc":{"Yazan:":"Haber Merkezi","Tahmini okuma s\u00fcresi":"8 dakika"},"schema":{"@context":"https:\/\/schema.org","@graph":[{"@type":"Article","@id":"https:\/\/epochtimestr.com\/index.php\/ozgur-ozel-yeni-partinin-millete-verdigi-7-sozu-acikladi#article","isPartOf":{"@id":"https:\/\/epochtimestr.com\/index.php\/ozgur-ozel-yeni-partinin-millete-verdigi-7-sozu-acikladi"},"author":{"name":"Haber Merkezi","@id":"https:\/\/epochtimestr.com\/#\/schema\/person\/3dc5c3adeb9f43923c5aa85889172fdd"},"headline":"\u00d6zg\u00fcr \u00d6zel YEN\u0130 Parti&#8217;nin Millete Verdi\u011fi 7 S\u00f6z\u00fc A\u00e7\u0131klad\u0131","datePublished":"2026-09-02T19:37:04+00:00","dateModified":"2026-09-02T19:37:06+00:00","mainEntityOfPage":{"@id":"https:\/\/epochtimestr.com\/index.php\/ozgur-ozel-yeni-partinin-millete-verdigi-7-sozu-acikladi"},"wordCount":1769,"commentCount":0,"publisher":{"@id":"https:\/\/epochtimestr.com\/#organization"},"image":{"@id":"https:\/\/epochtimestr.com\/index.php\/ozgur-ozel-yeni-partinin-millete-verdigi-7-sozu-acikladi#primaryimage"},"thumbnailUrl":"https:\/\/epochtimestr.com\/wp-content\/uploads\/2011y\/yeni-parti-x-1.jpg","keywords":["\u0130l Ba\u015fkanlar\u0131 Toplant\u0131s\u0131","\u00d6zg\u00fcr \u00d6zel","YEN\u0130 Parti"],"articleSection":["G\u00dcNDEM","MAN\u015eET","Siyaset"],"inLanguage":"tr","potentialAction":[{"@type":"CommentAction","name":"Comment","target":["https:\/\/epochtimestr.com\/index.php\/ozgur-ozel-yeni-partinin-millete-verdigi-7-sozu-acikladi#respond"]}]},{"@type":"WebPage","@id":"https:\/\/epochtimestr.com\/index.php\/ozgur-ozel-yeni-partinin-millete-verdigi-7-sozu-acikladi","url":"https:\/\/epochtimestr.com\/index.php\/ozgur-ozel-yeni-partinin-millete-verdigi-7-sozu-acikladi","name":"\u00d6zg\u00fcr \u00d6zel YEN\u0130 Parti'nin Millete Verdi\u011fi 7 S\u00f6z\u00fc A\u00e7\u0131klad\u0131 - The Epoch Times TR","isPartOf":{"@id":"https:\/\/epochtimestr.com\/#website"},"primaryImageOfPage":{"@id":"https:\/\/epochtimestr.com\/index.php\/ozgur-ozel-yeni-partinin-millete-verdigi-7-sozu-acikladi#primaryimage"},"image":{"@id":"https:\/\/epochtimestr.com\/index.php\/ozgur-ozel-yeni-partinin-millete-verdigi-7-sozu-acikladi#primaryimage"},"thumbnailUrl":"https:\/\/epochtimestr.com\/wp-content\/uploads\/2011y\/yeni-parti-x-1.jpg","datePublished":"2026-09-02T19:37:04+00:00","dateModified":"2026-09-02T19:37:06+00:00","description":"\u00d6zg\u00fcr \u00d6zel, YEN\u0130 Parti'ye verilen en \u00f6nemli g\u00f6revin se\u00e7imleri kazanmak oldu\u011funu vurgulad\u0131. \u00d6zel, partisinin halka verdi\u011fi yedi s\u00f6z\u00fc a\u00e7\u0131klad\u0131.","inLanguage":"tr","potentialAction":[{"@type":"ReadAction","target":["https:\/\/epochtimestr.com\/index.php\/ozgur-ozel-yeni-partinin-millete-verdigi-7-sozu-acikladi"]}]},{"@type":"ImageObject","inLanguage":"tr","@id":"https:\/\/epochtimestr.com\/index.php\/ozgur-ozel-yeni-partinin-millete-verdigi-7-sozu-acikladi#primaryimage","url":"https:\/\/epochtimestr.com\/wp-content\/uploads\/2011y\/yeni-parti-x-1.jpg","contentUrl":"https:\/\/epochtimestr.com\/wp-content\/uploads\/2011y\/yeni-parti-x-1.jpg","width":2400,"height":1200},{"@type":"WebSite","@id":"https:\/\/epochtimestr.com\/#website","url":"https:\/\/epochtimestr.com\/","name":"The Epoch Times TR","description":"De\u011fi\u015fen D\u00fcnyam\u0131za Taze Bir Bak\u0131\u015f","publisher":{"@id":"https:\/\/epochtimestr.com\/#organization"},"potentialAction":[{"@type":"SearchAction","target":{"@type":"EntryPoint","urlTemplate":"https:\/\/epochtimestr.com\/?s={search_term_string}"},"query-input":"required name=search_term_string"}],"inLanguage":"tr"},{"@type":"Organization","@id":"https:\/\/epochtimestr.com\/#organization","name":"The EpochTimes T\u00fcrkiye","url":"https:\/\/epochtimestr.com\/","logo":{"@type":"ImageObject","inLanguage":"tr","@id":"https:\/\/epochtimestr.com\/#\/schema\/logo\/image\/","url":"https:\/\/epochtimestr.com\/wp-content\/uploads\/2011y\/ET-Logo-YG.jpg","contentUrl":"https:\/\/epochtimestr.com\/wp-content\/uploads\/2011y\/ET-Logo-YG.jpg","width":346,"height":29,"caption":"The EpochTimes T\u00fcrkiye"},"image":{"@id":"https:\/\/epochtimestr.com\/#\/schema\/logo\/image\/"},"sameAs":["https:\/\/www.facebook.com\/theepochtimestr","https:\/\/x.com\/TheEpochTimesTR","https:\/\/www.instagram.com\/epochtimestr"]},{"@type":"Person","@id":"https:\/\/epochtimestr.com\/#\/schema\/person\/3dc5c3adeb9f43923c5aa85889172fdd","name":"Haber Merkezi","image":{"@type":"ImageObject","inLanguage":"tr","@id":"https:\/\/epochtimestr.com\/#\/schema\/person\/image\/","url":"https:\/\/secure.gravatar.com\/avatar\/d73f772ba5a74f28601361e17c2f93e6?s=96&d=mm&r=g","contentUrl":"https:\/\/secure.gravatar.com\/avatar\/d73f772ba5a74f28601361e17c2f93e6?s=96&d=mm&r=g","caption":"Haber Merkezi"},"url":"https:\/\/epochtimestr.com\/index.php\/author\/sendag"}]}},"_links":{"self":[{"href":"https:\/\/epochtimestr.com\/index.php\/wp-json\/wp\/v2\/posts\/171407"}],"collection":[{"href":"https:\/\/epochtimestr.com\/index.php\/wp-json\/wp\/v2\/posts"}],"about":[{"href":"https:\/\/epochtimestr.com\/index.php\/wp-json\/wp\/v2\/types\/post"}],"author":[{"embeddable":true,"href":"https:\/\/epochtimestr.com\/index.php\/wp-json\/wp\/v2\/users\/12791"}],"replies":[{"embeddable":true,"href":"https:\/\/epochtimestr.com\/index.php\/wp-json\/wp\/v2\/comments?post=171407"}],"version-history":[{"count":2,"href":"https:\/\/epochtimestr.com\/index.php\/wp-json\/wp\/v2\/posts\/171407\/revisions"}],"predecessor-version":[{"id":171419,"href":"https:\/\/epochtimestr.com\/index.php\/wp-json\/wp\/v2\/posts\/171407\/revisions\/171419"}],"wp:featuredmedia":[{"embeddable":true,"href":"https:\/\/epochtimestr.com\/index.php\/wp-json\/wp\/v2\/media\/171408"}],"wp:attachment":[{"href":"https:\/\/epochtimestr.com\/index.php\/wp-json\/wp\/v2\/media?parent=171407"}],"wp:term":[{"taxonomy":"category","embeddable":true,"href":"https:\/\/epochtimestr.com\/index.php\/wp-json\/wp\/v2\/categories?post=171407"},{"taxonomy":"post_tag","embeddable":true,"href":"https:\/\/epochtimestr.com\/index.php\/wp-json\/wp\/v2\/tags?post=171407"}],"curies":[{"name":"wp","href":"https:\/\/api.w.org\/{rel}","templated":true}]}}