{"id":171410,"date":"2026-09-02T22:28:00","date_gmt":"2026-09-02T19:28:00","guid":{"rendered":"https:\/\/epochtimestr.com\/?p=171410"},"modified":"2026-09-02T22:28:03","modified_gmt":"2026-09-02T19:28:03","slug":"kktc-ulastirma-bakani-erhan-arikli-gorevden-alindi","status":"publish","type":"post","link":"https:\/\/epochtimestr.com\/index.php\/kktc-ulastirma-bakani-erhan-arikli-gorevden-alindi","title":{"rendered":"KKTC Ula\u015ft\u0131rma Bakan\u0131 Erhan Ar\u0131kl\u0131 G\u00f6revden Al\u0131nd\u0131"},"content":{"rendered":"<div class=\"wp-block-image\">\n<figure class=\"aligncenter size-full\"><img loading=\"lazy\" decoding=\"async\" width=\"1024\" height=\"732\" src=\"https:\/\/epochtimestr.com\/wp-content\/uploads\/2011y\/1766339116469arikli.jpg\" alt=\"KKTC Ula\u015ft\u0131rma Bakan\u0131 Erhan Ar\u0131kl\u0131 g\u00f6revden al\u0131nd\u0131 (Foto\u011fraf: KKTC Bay\u0131nd\u0131rl\u0131k ve Ula\u015ft\u0131rma Bakanl\u0131\u011f\u0131)\" class=\"wp-image-171411\" srcset=\"https:\/\/epochtimestr.com\/wp-content\/uploads\/2011y\/1766339116469arikli.jpg 1024w, https:\/\/epochtimestr.com\/wp-content\/uploads\/2011y\/1766339116469arikli-300x214.jpg 300w, https:\/\/epochtimestr.com\/wp-content\/uploads\/2011y\/1766339116469arikli-150x107.jpg 150w, https:\/\/epochtimestr.com\/wp-content\/uploads\/2011y\/1766339116469arikli-768x549.jpg 768w\" sizes=\"(max-width: 1024px) 100vw, 1024px\" \/><figcaption class=\"wp-element-caption\">KKTC Ula\u015ft\u0131rma Bakan\u0131 Erhan Ar\u0131kl\u0131 g\u00f6revden al\u0131nd\u0131 (Foto\u011fraf: KKTC Bay\u0131nd\u0131rl\u0131k ve Ula\u015ft\u0131rma Bakanl\u0131\u011f\u0131)<\/figcaption><\/figure><\/div>\n\n\n<h2 class=\"wp-block-heading\">Kuzey K\u0131br\u0131s T\u00fcrk Cumhuriyeti Ba\u015fbakan\u0131 \u00dcnal \u00dcstel, KKTC Bay\u0131nd\u0131rl\u0131k ve Ula\u015ft\u0131rma Bakan\u0131 Erhan Ar\u0131kl\u0131&#8217;n\u0131n g\u00f6revden al\u0131nd\u0131\u011f\u0131n\u0131 duyurdu.<\/h2>\n\n\n\n<p>KKTC Ba\u015fbakan\u0131 \u00dcnal \u00dcstel, d\u00fczenledi\u011fi bas\u0131n toplant\u0131s\u0131nda, h\u00fck\u00fcmetin koalisyon orta\u011f\u0131 Yeniden Do\u011fu\u015f Partisi (YDP) Genel Ba\u015fkan\u0131 Erhan Ar\u0131kl\u0131&#8217;n\u0131n bakanl\u0131k g\u00f6revinden al\u0131nd\u0131\u011f\u0131n\u0131 duyurdu. K\u0131br\u0131s Postas\u0131\u2019n\u0131n aktard\u0131\u011f\u0131 habere g\u00f6re; \u00dcstel, yaz\u0131l\u0131 a\u00e7\u0131klamas\u0131nda arama kurtarma \u00e7al\u0131\u015fmalar\u0131na kat\u0131lan TCG I\u015f\u0131n ve TCG Alemdar gemilerinin <a href=\"https:\/\/epochtimestr.com\/index.php\/kktc-gemi-faciasinda-mahkemeye-cikarilan-9-kisi-tutuklandi\" target=\"_blank\" rel=\"noreferrer noopener\">bat\u0131kta<\/a> yapt\u0131\u011f\u0131 incelemeler sonucunda bir ki\u015finin daha naa\u015f\u0131na ula\u015f\u0131ld\u0131\u011f\u0131n\u0131 belirtti. Arama \u00e7al\u0131\u015fmalar\u0131n\u0131n T\u00fcrkiye\u2019nin deste\u011fiyle kesintisiz s\u00fcrd\u00fc\u011f\u00fcn\u00fc ifade eden \u00dcstel, <a href=\"https:\/\/epochtimestr.com\/index.php\/mersine-giden-yolcu-gemisi-girne-aciklarinda-batti\" target=\"_blank\" rel=\"noreferrer noopener\">kazan\u0131n sorumlular\u0131n\u0131n<\/a> kim olursa olsun hesap verece\u011fini s\u00f6yledi.<\/p>\n\n\n\n<p>Bakan Erhan Ar\u0131kl\u0131\u2019n\u0131n g\u00f6revden al\u0131nmas\u0131n\u0131n siyasi bir karar olmad\u0131\u011f\u0131n\u0131 vurgulayan \u00dcstel, karar\u0131n soru\u015fturman\u0131n sa\u011fl\u0131kl\u0131 y\u00fcr\u00fct\u00fclmesi ve kamu vicdan\u0131n\u0131n rahatlat\u0131lmas\u0131 amac\u0131yla al\u0131nd\u0131\u011f\u0131n\u0131 belirtti.<br \/>\u00dcstel, Ar\u0131kl\u0131 ile yakla\u015f\u0131k d\u00f6rt bu\u00e7uk y\u0131ld\u0131r birlikte \u00e7al\u0131\u015ft\u0131klar\u0131n\u0131 ve \u00fclkeye y\u00f6nelik bir\u00e7ok projede ortak \u00e7al\u0131\u015fma y\u00fcr\u00fctt\u00fcklerini ifade ederek, bug\u00fcne kadarki hizmetleri i\u00e7in te\u015fekk\u00fcr etti.<\/p>\n\n\n<div class=\"wp-block-image\">\n<figure class=\"aligncenter size-full is-resized\"><img loading=\"lazy\" decoding=\"async\" width=\"600\" height=\"450\" src=\"https:\/\/epochtimestr.com\/wp-content\/uploads\/2011y\/600600p415EDNMainimg-IMG-20260830-WA0053.jpg\" alt=\"KKTC Ba\u015fbakan\u0131 \u00dcstel ba\u015fkanl\u0131\u011f\u0131nda kriz masas\u0131 topland\u0131. (Foto\u011fraf: KKTC Ba\u015fbakanl\u0131k)\" class=\"wp-image-171412\" style=\"width:600px;height:auto\" srcset=\"https:\/\/epochtimestr.com\/wp-content\/uploads\/2011y\/600600p415EDNMainimg-IMG-20260830-WA0053.jpg 600w, https:\/\/epochtimestr.com\/wp-content\/uploads\/2011y\/600600p415EDNMainimg-IMG-20260830-WA0053-300x225.jpg 300w, https:\/\/epochtimestr.com\/wp-content\/uploads\/2011y\/600600p415EDNMainimg-IMG-20260830-WA0053-150x113.jpg 150w, https:\/\/epochtimestr.com\/wp-content\/uploads\/2011y\/600600p415EDNMainimg-IMG-20260830-WA0053-86x64.jpg 86w\" sizes=\"(max-width: 600px) 100vw, 600px\" \/><figcaption class=\"wp-element-caption\">KKTC Ba\u015fbakan\u0131 \u00dcstel ba\u015fkanl\u0131\u011f\u0131nda kriz masas\u0131 topland\u0131. (Foto\u011fraf: KKTC Ba\u015fbakanl\u0131k)<\/figcaption><\/figure><\/div>\n\n\n<p><strong>Ar\u0131kl\u0131 dokunulmazl\u0131\u011f\u0131n\u0131n kald\u0131r\u0131lmas\u0131n\u0131 istemi\u015fti<\/strong><\/p>\n\n\n\n<p>Ba\u015fbakan, soru\u015fturma kapsam\u0131nda g\u00f6revden al\u0131nan veya uzakla\u015ft\u0131r\u0131lan ki\u015filerin yarg\u0131 karar\u0131 verilene kadar su\u00e7lu ilan edilemeyece\u011fini de vurgulad\u0131. \u00dcstel, masumiyet karinesinin herkes i\u00e7in ge\u00e7erli oldu\u011funu belirterek soru\u015fturman\u0131n h\u0131zl\u0131, titiz ve \u015feffaf bi\u00e7imde y\u00fcr\u00fct\u00fclece\u011fini kaydetti.<\/p>\n\n\n\n<p>Erhan Ar\u0131kl\u0131, daha \u00f6nce gemi kazas\u0131na ili\u015fkin soru\u015fturmada adli makamlar\u0131n rahat hareket edebilmesi i\u00e7in milletvekili dokunulmazl\u0131\u011f\u0131n\u0131n kald\u0131r\u0131lmas\u0131n\u0131 talep edece\u011fini a\u00e7\u0131klam\u0131\u015ft\u0131. Ar\u0131kl\u0131, kazada hukuki veya adli bir sorumlulu\u011fu bulunmas\u0131 halinde ifadesinin al\u0131nabilmesi ve konunun yarg\u0131ya ta\u015f\u0131nabilmesi i\u00e7in Cumhuriyet Meclisi\u2019ne ba\u015fvuraca\u011f\u0131n\u0131 s\u00f6ylemi\u015fti.<\/p>\n\n\n\n<p><strong>Ne Olmu\u015ftu?<\/strong><\/p>\n\n\n\n<p>Girne Liman\u0131 ile Mersin\u2019in Silifke il\u00e7esindeki Ta\u015fucu Liman\u0131 aras\u0131nda sefer yapan \u2018Filo Jet\u2019 isimli y\u00fcksek h\u0131zl\u0131 yolcu deniz otob\u00fcs\u00fc 30 A\u011fustos\u2019ta Girne\u2019den hareket ettikten k\u0131sa s\u00fcre sonra su al\u0131p alabora olmu\u015f ve ard\u0131ndan batm\u0131\u015ft\u0131.<\/p>\n\n\n\n<p>259\u2019u yolcu, sekizi m\u00fcrettebat 267 ki\u015finin bulundu\u011fu gemide daha \u00f6nce 239 ki\u015finin kurtar\u0131ld\u0131\u011f\u0131, sekiz ki\u015finin \u00f6ld\u00fc\u011f\u00fc, 20 ki\u015fininse arand\u0131\u011f\u0131 a\u00e7\u0131klanm\u0131\u015ft\u0131. KKTC Cumhurba\u015fkan\u0131 Tufan Erh\u00fcrman bug\u00fcn bir ki\u015finin daha naa\u015f\u0131na ula\u015f\u0131ld\u0131\u011f\u0131n\u0131 duyurdu. B\u00f6ylece kazada hayat\u0131n\u0131 kaybedenlerin say\u0131s\u0131 9\u2019a \u00e7\u0131kt\u0131. Olay sonras\u0131 Filo Denizcilik \u015firketinin deniz seferleri durdurulmu\u015f, 31 A\u011fustos\u2019ta gemi m\u00fcrettebat\u0131 dahil dokuz ki\u015fi hakk\u0131nda \u00fc\u00e7 g\u00fcnl\u00fck tutuklama karar\u0131 verilmi\u015fti.<\/p>\n","protected":false},"excerpt":{"rendered":"<p>Kuzey K\u0131br\u0131s T\u00fcrk Cumhuriyeti Ba\u015fbakan\u0131 \u00dcnal \u00dcstel, KKTC Bay\u0131nd\u0131rl\u0131k ve Ula\u015ft\u0131rma Bakan\u0131 Erhan Ar\u0131kl\u0131&#8217;n\u0131n g\u00f6revden al\u0131nd\u0131\u011f\u0131n\u0131 duyurdu. KKTC Ba\u015fbakan\u0131 \u00dcnal \u00dcstel, d\u00fczenledi\u011fi bas\u0131n toplant\u0131s\u0131nda, h\u00fck\u00fcmetin koalisyon orta\u011f\u0131 Yeniden Do\u011fu\u015f Partisi (YDP) Genel Ba\u015fkan\u0131 Erhan Ar\u0131kl\u0131&#8217;n\u0131n bakanl\u0131k g\u00f6revinden al\u0131nd\u0131\u011f\u0131n\u0131 duyurdu. K\u0131br\u0131s Postas\u0131\u2019n\u0131n aktard\u0131\u011f\u0131 habere g\u00f6re; \u00dcstel, yaz\u0131l\u0131 a\u00e7\u0131klamas\u0131nda arama kurtarma \u00e7al\u0131\u015fmalar\u0131na kat\u0131lan TCG I\u015f\u0131n ve TCG [&hellip;]<\/p>\n","protected":false},"author":12791,"featured_media":171411,"comment_status":"open","ping_status":"open","sticky":false,"template":"","format":"standard","meta":{"_yoast_wpseo_focuskw":"KKTC - Erhan","_yoast_wpseo_title":"","_yoast_wpseo_metadesc":"KKTC Ba\u015fbakan\u0131 \u00dcnal \u00dcstel, KKTC Bay\u0131nd\u0131rl\u0131k ve Ula\u015ft\u0131rma Bakan\u0131 Erhan Ar\u0131kl\u0131'n\u0131n g\u00f6revden al\u0131nd\u0131\u011f\u0131n\u0131 duyurdu.","_bbp_topic_count":0,"_bbp_reply_count":0,"_bbp_total_topic_count":0,"_bbp_total_reply_count":0,"_bbp_voice_count":0,"_bbp_anonymous_reply_count":0,"_bbp_topic_count_hidden":0,"_bbp_reply_count_hidden":0,"_bbp_forum_subforum_count":0,"footnotes":"","_yoast_wpseo_focuskw_text_input":""},"categories":[1,8138,8419],"tags":[12534,12611,12612,12536,4967,12609,12610],"yoast_head":"<!-- This site is optimized with the Yoast SEO plugin v23.0 - https:\/\/yoast.com\/wordpress\/plugins\/seo\/ -->\n<title>KKTC Ula\u015ft\u0131rma Bakan\u0131 Erhan Ar\u0131kl\u0131 G\u00f6revden Al\u0131nd\u0131 - The Epoch Times TR<\/title>\n<meta name=\"description\" content=\"KKTC Ba\u015fbakan\u0131 \u00dcnal \u00dcstel, KKTC Bay\u0131nd\u0131rl\u0131k ve Ula\u015ft\u0131rma Bakan\u0131 Erhan Ar\u0131kl\u0131&#039;n\u0131n g\u00f6revden al\u0131nd\u0131\u011f\u0131n\u0131 duyurdu.\" \/>\n<meta name=\"robots\" content=\"index, follow, max-snippet:-1, max-image-preview:large, max-video-preview:-1\" \/>\n<link rel=\"canonical\" href=\"https:\/\/epochtimestr.com\/index.php\/kktc-ulastirma-bakani-erhan-arikli-gorevden-alindi\" \/>\n<meta property=\"og:locale\" content=\"tr_TR\" \/>\n<meta property=\"og:type\" content=\"article\" \/>\n<meta property=\"og:title\" content=\"KKTC Ula\u015ft\u0131rma Bakan\u0131 Erhan Ar\u0131kl\u0131 G\u00f6revden Al\u0131nd\u0131 - The Epoch Times TR\" \/>\n<meta property=\"og:description\" content=\"KKTC Ba\u015fbakan\u0131 \u00dcnal \u00dcstel, KKTC Bay\u0131nd\u0131rl\u0131k ve Ula\u015ft\u0131rma Bakan\u0131 Erhan Ar\u0131kl\u0131&#039;n\u0131n g\u00f6revden al\u0131nd\u0131\u011f\u0131n\u0131 duyurdu.\" \/>\n<meta property=\"og:url\" content=\"https:\/\/epochtimestr.com\/index.php\/kktc-ulastirma-bakani-erhan-arikli-gorevden-alindi\" \/>\n<meta property=\"og:site_name\" content=\"The Epoch Times TR\" \/>\n<meta property=\"article:publisher\" content=\"https:\/\/www.facebook.com\/theepochtimestr\" \/>\n<meta property=\"article:published_time\" content=\"2026-09-02T19:28:00+00:00\" \/>\n<meta property=\"article:modified_time\" content=\"2026-09-02T19:28:03+00:00\" \/>\n<meta property=\"og:image\" content=\"https:\/\/epochtimestr.com\/wp-content\/uploads\/2011y\/1766339116469arikli.jpg\" \/>\n\t<meta property=\"og:image:width\" content=\"1024\" \/>\n\t<meta property=\"og:image:height\" content=\"732\" \/>\n\t<meta property=\"og:image:type\" content=\"image\/jpeg\" \/>\n<meta name=\"author\" content=\"Haber Merkezi\" \/>\n<meta name=\"twitter:card\" content=\"summary_large_image\" \/>\n<meta name=\"twitter:creator\" content=\"@TheEpochTimesTR\" \/>\n<meta name=\"twitter:site\" content=\"@TheEpochTimesTR\" \/>\n<meta name=\"twitter:label1\" content=\"Yazan:\" \/>\n\t<meta name=\"twitter:data1\" content=\"Haber Merkezi\" \/>\n\t<meta name=\"twitter:label2\" content=\"Tahmini okuma s\u00fcresi\" \/>\n\t<meta name=\"twitter:data2\" content=\"3 dakika\" \/>\n<script type=\"application\/ld+json\" class=\"yoast-schema-graph\">{\"@context\":\"https:\/\/schema.org\",\"@graph\":[{\"@type\":\"Article\",\"@id\":\"https:\/\/epochtimestr.com\/index.php\/kktc-ulastirma-bakani-erhan-arikli-gorevden-alindi#article\",\"isPartOf\":{\"@id\":\"https:\/\/epochtimestr.com\/index.php\/kktc-ulastirma-bakani-erhan-arikli-gorevden-alindi\"},\"author\":{\"name\":\"Haber Merkezi\",\"@id\":\"https:\/\/epochtimestr.com\/#\/schema\/person\/3dc5c3adeb9f43923c5aa85889172fdd\"},\"headline\":\"KKTC Ula\u015ft\u0131rma Bakan\u0131 Erhan Ar\u0131kl\u0131 G\u00f6revden Al\u0131nd\u0131\",\"datePublished\":\"2026-09-02T19:28:00+00:00\",\"dateModified\":\"2026-09-02T19:28:03+00:00\",\"mainEntityOfPage\":{\"@id\":\"https:\/\/epochtimestr.com\/index.php\/kktc-ulastirma-bakani-erhan-arikli-gorevden-alindi\"},\"wordCount\":549,\"commentCount\":0,\"publisher\":{\"@id\":\"https:\/\/epochtimestr.com\/#organization\"},\"image\":{\"@id\":\"https:\/\/epochtimestr.com\/index.php\/kktc-ulastirma-bakani-erhan-arikli-gorevden-alindi#primaryimage\"},\"thumbnailUrl\":\"https:\/\/epochtimestr.com\/wp-content\/uploads\/2011y\/1766339116469arikli.jpg\",\"keywords\":[\"alabora\",\"Erhan Ar\u0131kl\u0131\",\"gemi kazas\u0131\",\"Girne\",\"KKTC\",\"Ta\u015fucu\",\"yolcu deniz otob\u00fcs\u00fc\"],\"articleSection\":[\"G\u00dcNDEM\",\"MAN\u015eET\",\"Ya\u015fam\"],\"inLanguage\":\"tr\",\"potentialAction\":[{\"@type\":\"CommentAction\",\"name\":\"Comment\",\"target\":[\"https:\/\/epochtimestr.com\/index.php\/kktc-ulastirma-bakani-erhan-arikli-gorevden-alindi#respond\"]}]},{\"@type\":\"WebPage\",\"@id\":\"https:\/\/epochtimestr.com\/index.php\/kktc-ulastirma-bakani-erhan-arikli-gorevden-alindi\",\"url\":\"https:\/\/epochtimestr.com\/index.php\/kktc-ulastirma-bakani-erhan-arikli-gorevden-alindi\",\"name\":\"KKTC Ula\u015ft\u0131rma Bakan\u0131 Erhan Ar\u0131kl\u0131 G\u00f6revden Al\u0131nd\u0131 - The Epoch Times TR\",\"isPartOf\":{\"@id\":\"https:\/\/epochtimestr.com\/#website\"},\"primaryImageOfPage\":{\"@id\":\"https:\/\/epochtimestr.com\/index.php\/kktc-ulastirma-bakani-erhan-arikli-gorevden-alindi#primaryimage\"},\"image\":{\"@id\":\"https:\/\/epochtimestr.com\/index.php\/kktc-ulastirma-bakani-erhan-arikli-gorevden-alindi#primaryimage\"},\"thumbnailUrl\":\"https:\/\/epochtimestr.com\/wp-content\/uploads\/2011y\/1766339116469arikli.jpg\",\"datePublished\":\"2026-09-02T19:28:00+00:00\",\"dateModified\":\"2026-09-02T19:28:03+00:00\",\"description\":\"KKTC Ba\u015fbakan\u0131 \u00dcnal \u00dcstel, KKTC Bay\u0131nd\u0131rl\u0131k ve Ula\u015ft\u0131rma Bakan\u0131 Erhan Ar\u0131kl\u0131'n\u0131n g\u00f6revden al\u0131nd\u0131\u011f\u0131n\u0131 duyurdu.\",\"inLanguage\":\"tr\",\"potentialAction\":[{\"@type\":\"ReadAction\",\"target\":[\"https:\/\/epochtimestr.com\/index.php\/kktc-ulastirma-bakani-erhan-arikli-gorevden-alindi\"]}]},{\"@type\":\"ImageObject\",\"inLanguage\":\"tr\",\"@id\":\"https:\/\/epochtimestr.com\/index.php\/kktc-ulastirma-bakani-erhan-arikli-gorevden-alindi#primaryimage\",\"url\":\"https:\/\/epochtimestr.com\/wp-content\/uploads\/2011y\/1766339116469arikli.jpg\",\"contentUrl\":\"https:\/\/epochtimestr.com\/wp-content\/uploads\/2011y\/1766339116469arikli.jpg\",\"width\":1024,\"height\":732},{\"@type\":\"WebSite\",\"@id\":\"https:\/\/epochtimestr.com\/#website\",\"url\":\"https:\/\/epochtimestr.com\/\",\"name\":\"The Epoch Times TR\",\"description\":\"De\u011fi\u015fen D\u00fcnyam\u0131za Taze Bir Bak\u0131\u015f\",\"publisher\":{\"@id\":\"https:\/\/epochtimestr.com\/#organization\"},\"potentialAction\":[{\"@type\":\"SearchAction\",\"target\":{\"@type\":\"EntryPoint\",\"urlTemplate\":\"https:\/\/epochtimestr.com\/?s={search_term_string}\"},\"query-input\":\"required name=search_term_string\"}],\"inLanguage\":\"tr\"},{\"@type\":\"Organization\",\"@id\":\"https:\/\/epochtimestr.com\/#organization\",\"name\":\"The EpochTimes T\u00fcrkiye\",\"url\":\"https:\/\/epochtimestr.com\/\",\"logo\":{\"@type\":\"ImageObject\",\"inLanguage\":\"tr\",\"@id\":\"https:\/\/epochtimestr.com\/#\/schema\/logo\/image\/\",\"url\":\"https:\/\/epochtimestr.com\/wp-content\/uploads\/2011y\/ET-Logo-YG.jpg\",\"contentUrl\":\"https:\/\/epochtimestr.com\/wp-content\/uploads\/2011y\/ET-Logo-YG.jpg\",\"width\":346,\"height\":29,\"caption\":\"The EpochTimes T\u00fcrkiye\"},\"image\":{\"@id\":\"https:\/\/epochtimestr.com\/#\/schema\/logo\/image\/\"},\"sameAs\":[\"https:\/\/www.facebook.com\/theepochtimestr\",\"https:\/\/x.com\/TheEpochTimesTR\",\"https:\/\/www.instagram.com\/epochtimestr\"]},{\"@type\":\"Person\",\"@id\":\"https:\/\/epochtimestr.com\/#\/schema\/person\/3dc5c3adeb9f43923c5aa85889172fdd\",\"name\":\"Haber Merkezi\",\"image\":{\"@type\":\"ImageObject\",\"inLanguage\":\"tr\",\"@id\":\"https:\/\/epochtimestr.com\/#\/schema\/person\/image\/\",\"url\":\"https:\/\/secure.gravatar.com\/avatar\/d73f772ba5a74f28601361e17c2f93e6?s=96&d=mm&r=g\",\"contentUrl\":\"https:\/\/secure.gravatar.com\/avatar\/d73f772ba5a74f28601361e17c2f93e6?s=96&d=mm&r=g\",\"caption\":\"Haber Merkezi\"},\"url\":\"https:\/\/epochtimestr.com\/index.php\/author\/sendag\"}]}<\/script>\n<!-- \/ Yoast SEO plugin. -->","yoast_head_json":{"title":"KKTC Ula\u015ft\u0131rma Bakan\u0131 Erhan Ar\u0131kl\u0131 G\u00f6revden Al\u0131nd\u0131 - The Epoch Times TR","description":"KKTC Ba\u015fbakan\u0131 \u00dcnal \u00dcstel, KKTC Bay\u0131nd\u0131rl\u0131k ve Ula\u015ft\u0131rma Bakan\u0131 Erhan Ar\u0131kl\u0131'n\u0131n g\u00f6revden al\u0131nd\u0131\u011f\u0131n\u0131 duyurdu.","robots":{"index":"index","follow":"follow","max-snippet":"max-snippet:-1","max-image-preview":"max-image-preview:large","max-video-preview":"max-video-preview:-1"},"canonical":"https:\/\/epochtimestr.com\/index.php\/kktc-ulastirma-bakani-erhan-arikli-gorevden-alindi","og_locale":"tr_TR","og_type":"article","og_title":"KKTC Ula\u015ft\u0131rma Bakan\u0131 Erhan Ar\u0131kl\u0131 G\u00f6revden Al\u0131nd\u0131 - The Epoch Times TR","og_description":"KKTC Ba\u015fbakan\u0131 \u00dcnal \u00dcstel, KKTC Bay\u0131nd\u0131rl\u0131k ve Ula\u015ft\u0131rma Bakan\u0131 Erhan Ar\u0131kl\u0131'n\u0131n g\u00f6revden al\u0131nd\u0131\u011f\u0131n\u0131 duyurdu.","og_url":"https:\/\/epochtimestr.com\/index.php\/kktc-ulastirma-bakani-erhan-arikli-gorevden-alindi","og_site_name":"The Epoch Times TR","article_publisher":"https:\/\/www.facebook.com\/theepochtimestr","article_published_time":"2026-09-02T19:28:00+00:00","article_modified_time":"2026-09-02T19:28:03+00:00","og_image":[{"width":1024,"height":732,"url":"https:\/\/epochtimestr.com\/wp-content\/uploads\/2011y\/1766339116469arikli.jpg","type":"image\/jpeg"}],"author":"Haber Merkezi","twitter_card":"summary_large_image","twitter_creator":"@TheEpochTimesTR","twitter_site":"@TheEpochTimesTR","twitter_misc":{"Yazan:":"Haber Merkezi","Tahmini okuma s\u00fcresi":"3 dakika"},"schema":{"@context":"https:\/\/schema.org","@graph":[{"@type":"Article","@id":"https:\/\/epochtimestr.com\/index.php\/kktc-ulastirma-bakani-erhan-arikli-gorevden-alindi#article","isPartOf":{"@id":"https:\/\/epochtimestr.com\/index.php\/kktc-ulastirma-bakani-erhan-arikli-gorevden-alindi"},"author":{"name":"Haber Merkezi","@id":"https:\/\/epochtimestr.com\/#\/schema\/person\/3dc5c3adeb9f43923c5aa85889172fdd"},"headline":"KKTC Ula\u015ft\u0131rma Bakan\u0131 Erhan Ar\u0131kl\u0131 G\u00f6revden Al\u0131nd\u0131","datePublished":"2026-09-02T19:28:00+00:00","dateModified":"2026-09-02T19:28:03+00:00","mainEntityOfPage":{"@id":"https:\/\/epochtimestr.com\/index.php\/kktc-ulastirma-bakani-erhan-arikli-gorevden-alindi"},"wordCount":549,"commentCount":0,"publisher":{"@id":"https:\/\/epochtimestr.com\/#organization"},"image":{"@id":"https:\/\/epochtimestr.com\/index.php\/kktc-ulastirma-bakani-erhan-arikli-gorevden-alindi#primaryimage"},"thumbnailUrl":"https:\/\/epochtimestr.com\/wp-content\/uploads\/2011y\/1766339116469arikli.jpg","keywords":["alabora","Erhan Ar\u0131kl\u0131","gemi kazas\u0131","Girne","KKTC","Ta\u015fucu","yolcu deniz otob\u00fcs\u00fc"],"articleSection":["G\u00dcNDEM","MAN\u015eET","Ya\u015fam"],"inLanguage":"tr","potentialAction":[{"@type":"CommentAction","name":"Comment","target":["https:\/\/epochtimestr.com\/index.php\/kktc-ulastirma-bakani-erhan-arikli-gorevden-alindi#respond"]}]},{"@type":"WebPage","@id":"https:\/\/epochtimestr.com\/index.php\/kktc-ulastirma-bakani-erhan-arikli-gorevden-alindi","url":"https:\/\/epochtimestr.com\/index.php\/kktc-ulastirma-bakani-erhan-arikli-gorevden-alindi","name":"KKTC Ula\u015ft\u0131rma Bakan\u0131 Erhan Ar\u0131kl\u0131 G\u00f6revden Al\u0131nd\u0131 - The Epoch Times TR","isPartOf":{"@id":"https:\/\/epochtimestr.com\/#website"},"primaryImageOfPage":{"@id":"https:\/\/epochtimestr.com\/index.php\/kktc-ulastirma-bakani-erhan-arikli-gorevden-alindi#primaryimage"},"image":{"@id":"https:\/\/epochtimestr.com\/index.php\/kktc-ulastirma-bakani-erhan-arikli-gorevden-alindi#primaryimage"},"thumbnailUrl":"https:\/\/epochtimestr.com\/wp-content\/uploads\/2011y\/1766339116469arikli.jpg","datePublished":"2026-09-02T19:28:00+00:00","dateModified":"2026-09-02T19:28:03+00:00","description":"KKTC Ba\u015fbakan\u0131 \u00dcnal \u00dcstel, KKTC Bay\u0131nd\u0131rl\u0131k ve Ula\u015ft\u0131rma Bakan\u0131 Erhan Ar\u0131kl\u0131'n\u0131n g\u00f6revden al\u0131nd\u0131\u011f\u0131n\u0131 duyurdu.","inLanguage":"tr","potentialAction":[{"@type":"ReadAction","target":["https:\/\/epochtimestr.com\/index.php\/kktc-ulastirma-bakani-erhan-arikli-gorevden-alindi"]}]},{"@type":"ImageObject","inLanguage":"tr","@id":"https:\/\/epochtimestr.com\/index.php\/kktc-ulastirma-bakani-erhan-arikli-gorevden-alindi#primaryimage","url":"https:\/\/epochtimestr.com\/wp-content\/uploads\/2011y\/1766339116469arikli.jpg","contentUrl":"https:\/\/epochtimestr.com\/wp-content\/uploads\/2011y\/1766339116469arikli.jpg","width":1024,"height":732},{"@type":"WebSite","@id":"https:\/\/epochtimestr.com\/#website","url":"https:\/\/epochtimestr.com\/","name":"The Epoch Times TR","description":"De\u011fi\u015fen D\u00fcnyam\u0131za Taze Bir Bak\u0131\u015f","publisher":{"@id":"https:\/\/epochtimestr.com\/#organization"},"potentialAction":[{"@type":"SearchAction","target":{"@type":"EntryPoint","urlTemplate":"https:\/\/epochtimestr.com\/?s={search_term_string}"},"query-input":"required name=search_term_string"}],"inLanguage":"tr"},{"@type":"Organization","@id":"https:\/\/epochtimestr.com\/#organization","name":"The EpochTimes T\u00fcrkiye","url":"https:\/\/epochtimestr.com\/","logo":{"@type":"ImageObject","inLanguage":"tr","@id":"https:\/\/epochtimestr.com\/#\/schema\/logo\/image\/","url":"https:\/\/epochtimestr.com\/wp-content\/uploads\/2011y\/ET-Logo-YG.jpg","contentUrl":"https:\/\/epochtimestr.com\/wp-content\/uploads\/2011y\/ET-Logo-YG.jpg","width":346,"height":29,"caption":"The EpochTimes T\u00fcrkiye"},"image":{"@id":"https:\/\/epochtimestr.com\/#\/schema\/logo\/image\/"},"sameAs":["https:\/\/www.facebook.com\/theepochtimestr","https:\/\/x.com\/TheEpochTimesTR","https:\/\/www.instagram.com\/epochtimestr"]},{"@type":"Person","@id":"https:\/\/epochtimestr.com\/#\/schema\/person\/3dc5c3adeb9f43923c5aa85889172fdd","name":"Haber Merkezi","image":{"@type":"ImageObject","inLanguage":"tr","@id":"https:\/\/epochtimestr.com\/#\/schema\/person\/image\/","url":"https:\/\/secure.gravatar.com\/avatar\/d73f772ba5a74f28601361e17c2f93e6?s=96&d=mm&r=g","contentUrl":"https:\/\/secure.gravatar.com\/avatar\/d73f772ba5a74f28601361e17c2f93e6?s=96&d=mm&r=g","caption":"Haber Merkezi"},"url":"https:\/\/epochtimestr.com\/index.php\/author\/sendag"}]}},"_links":{"self":[{"href":"https:\/\/epochtimestr.com\/index.php\/wp-json\/wp\/v2\/posts\/171410"}],"collection":[{"href":"https:\/\/epochtimestr.com\/index.php\/wp-json\/wp\/v2\/posts"}],"about":[{"href":"https:\/\/epochtimestr.com\/index.php\/wp-json\/wp\/v2\/types\/post"}],"author":[{"embeddable":true,"href":"https:\/\/epochtimestr.com\/index.php\/wp-json\/wp\/v2\/users\/12791"}],"replies":[{"embeddable":true,"href":"https:\/\/epochtimestr.com\/index.php\/wp-json\/wp\/v2\/comments?post=171410"}],"version-history":[{"count":2,"href":"https:\/\/epochtimestr.com\/index.php\/wp-json\/wp\/v2\/posts\/171410\/revisions"}],"predecessor-version":[{"id":171417,"href":"https:\/\/epochtimestr.com\/index.php\/wp-json\/wp\/v2\/posts\/171410\/revisions\/171417"}],"wp:featuredmedia":[{"embeddable":true,"href":"https:\/\/epochtimestr.com\/index.php\/wp-json\/wp\/v2\/media\/171411"}],"wp:attachment":[{"href":"https:\/\/epochtimestr.com\/index.php\/wp-json\/wp\/v2\/media?parent=171410"}],"wp:term":[{"taxonomy":"category","embeddable":true,"href":"https:\/\/epochtimestr.com\/index.php\/wp-json\/wp\/v2\/categories?post=171410"},{"taxonomy":"post_tag","embeddable":true,"href":"https:\/\/epochtimestr.com\/index.php\/wp-json\/wp\/v2\/tags?post=171410"}],"curies":[{"name":"wp","href":"https:\/\/api.w.org\/{rel}","templated":true}]}}