{"id":171421,"date":"2026-09-03T13:30:50","date_gmt":"2026-09-03T10:30:50","guid":{"rendered":"https:\/\/epochtimestr.com\/?p=171421"},"modified":"2026-09-03T13:30:58","modified_gmt":"2026-09-03T10:30:58","slug":"uss-abraham-lincoln-taylanda-ulasti","status":"publish","type":"post","link":"https:\/\/epochtimestr.com\/index.php\/uss-abraham-lincoln-taylanda-ulasti","title":{"rendered":"USS Abraham Lincoln Tayland\u2019a ula\u015ft\u0131"},"content":{"rendered":"<div class=\"wp-block-image\">\n<figure class=\"aligncenter size-full\"><img loading=\"lazy\" decoding=\"async\" width=\"1536\" height=\"982\" src=\"https:\/\/epochtimestr.com\/wp-content\/uploads\/2011y\/1000054882.jpg\" alt=\"USS Abraham Lincoln, 286 g\u00fcnl\u00fck deniz g\u00f6revinin ard\u0131ndan Tayland\u2019a ula\u015ft\u0131. Abraham Lincoln Muharebe Grubu. (Foto\u011fraf: Wikimedia)\" class=\"wp-image-171422\" srcset=\"https:\/\/epochtimestr.com\/wp-content\/uploads\/2011y\/1000054882.jpg 1536w, https:\/\/epochtimestr.com\/wp-content\/uploads\/2011y\/1000054882-300x192.jpg 300w, https:\/\/epochtimestr.com\/wp-content\/uploads\/2011y\/1000054882-150x96.jpg 150w, https:\/\/epochtimestr.com\/wp-content\/uploads\/2011y\/1000054882-768x491.jpg 768w\" sizes=\"(max-width: 1536px) 100vw, 1536px\" \/><figcaption class=\"wp-element-caption\">USS Abraham Lincoln, 286 g\u00fcnl\u00fck deniz g\u00f6revinin ard\u0131ndan Tayland\u2019a ula\u015ft\u0131. <em>Abraham Lincoln Muharebe Grubu. (Foto\u011fraf: Wikimedia)<\/em><\/figcaption><\/figure><\/div>\n\n\n<p>ABD donanmas\u0131na ait USS Abraham Lincoln, 286 g\u00fcnl\u00fck deniz g\u00f6revinin ard\u0131ndan Tayland\u2019a ula\u015ft\u0131. U\u00e7ak gemisi 2 Eyl\u00fcl&#8217;de, <a href=\"https:\/\/www.theepochtimes.com\/world\/uss-abraham-lincoln-arrives-in-thailand-after-286-days-at-sea-6082453\" target=\"_blank\" rel=\"noreferrer noopener\">Pattaya<\/a>\u2019n\u0131n yakla\u015f\u0131k 24 kilometre kuzeyinde bulunan Laem Chabang Liman\u0131\u2019na demirledi. B\u00f6ylece gemideki 5 bin denizci ve deniz piyadesi, Kas\u0131m 2025\u2019ten beri ilk kez karaya \u00e7\u0131kt\u0131.<\/p>\n\n\n\n<p>Gemi, ABD &#8211; \u0130ran sava\u015f\u0131 s\u0131ras\u0131nda \u00e7e\u015fitli operasyonlarda aktif g\u00f6rev \u00fcstlendi ve ayr\u0131ca H\u00fcrm\u00fcz Bo\u011faz\u0131\u2019ndaki deniz ablukas\u0131na kat\u0131ld\u0131. Bu y\u0131l\u0131n Ocak ay\u0131nda Ortado\u011fu\u2019ya ula\u015fan gemi, A\u011fustos sonuna kadar b\u00f6lgedeki operasyonlar\u0131n\u0131 s\u00fcrd\u00fcrd\u00fc.<\/p>\n\n\n\n<p>ABD Merkez Komutanl\u0131\u011f\u0131, geminin Operation Epic Fury ve b\u00f6lgesel g\u00fcvenlik g\u00f6revlerinde binlerce muharebe u\u00e7u\u015funa destek verdi\u011fini a\u00e7\u0131klad\u0131. Bununla birlikte komutanl\u0131k, \u0130ran\u2019a y\u00f6nelik deniz ablukas\u0131n\u0131n da s\u00fcrd\u00fc\u011f\u00fcn\u00fc belirtti.<\/p>\n\n\n\n<p>Carrier Strike Group 3 Komutan\u0131 T\u00fcmamiral Robert E. Loughran, yapt\u0131\u011f\u0131 a\u00e7\u0131klamada m\u00fcrettebat\u0131n dinlenmesi i\u00e7in liman ziyaretinin \u00f6nemli oldu\u011funu s\u00f6yledi. Ayr\u0131ca ziyaretin, ABD ve Tayland aras\u0131ndaki ittifak\u0131 g\u00f6sterdi\u011fini belirtti. N\u00fckleer enerjili Nimitz s\u0131n\u0131f\u0131 gemiye ba\u015fka ABD sava\u015f gemileri de e\u015flik etti. Tayland, Washington\u2019\u0131n anakara G\u00fcneydo\u011fu Asya\u2019daki tek antla\u015fmal\u0131 m\u00fcttefiki konumunda.<\/p>\n\n\n\n<p>Tayland Kraliyet Donanmas\u0131, geminin 6 Eyl\u00fcl\u2019e kadar limanda kalaca\u011f\u0131n\u0131 a\u00e7\u0131klad\u0131. \u00d6te yandan uzun g\u00f6rev s\u00fcresi, gemideki ko\u015fullarla ilgili baz\u0131 haberleri g\u00fcndeme getirdi. Baz\u0131 medya kurulu\u015flar\u0131, gemide \u00f6l\u00fcmlerin ya\u015fand\u0131\u011f\u0131n\u0131 ve intihar d\u00fc\u015f\u00fcncelerinin artt\u0131\u011f\u0131n\u0131 \u00f6ne s\u00fcrd\u00fc. Ancak <a href=\"https:\/\/epochtimestr.com\/index.php\/abd-iran-ablukasini-surdurecegini-acikladi\" target=\"_blank\" rel=\"noreferrer noopener\">CENTCOM<\/a>, bu iddialar\u0131 reddederek, Lincoln hakk\u0131nda yay\u0131mlanan baz\u0131 haberlerin yanl\u0131\u015f oldu\u011funu bildirdi.<\/p>\n\n\n\n<p>CENTCOM ayr\u0131ca, 3 A\u011fustos\u2019ta denize d\u00fc\u015fen bir denizcinin kurtar\u0131ld\u0131\u011f\u0131n\u0131 a\u00e7\u0131klad\u0131. Komutanl\u0131k, gemideki hi\u00e7bir personelin hayat\u0131n\u0131 kaybetmedi\u011fini belirtti.<\/p>\n\n\n\n<p>Senat\u00f6r Richard Blumenthal, 12 A\u011fustos\u2019ta gemideki ko\u015fullarla ilgili endi\u015felerini dile getirdi. Daha sonra 15 Demokrat senat\u00f6r, geminin modern d\u00f6nemdeki denizde kalma rekoruna dikkat \u00e7ekti. Buna kar\u015f\u0131n Savunma Bakan\u0131 Pete Hegseth, durumun yanl\u0131\u015f aktar\u0131ld\u0131\u011f\u0131n\u0131 s\u00f6yledi.<\/p>\n\n\n\n<p>Lincoln\u2019\u00fcn Ortado\u011fu\u2019daki g\u00f6revini, USS George Washington u\u00e7ak gemisi devrald\u0131. George Washington, 19 A\u011fustos\u2019ta b\u00f6lgeye ula\u015ft\u0131. Lincoln\u2019\u00fcn ABD\u2019ye d\u00f6n\u00fc\u015f tarihi ise hen\u00fcz a\u00e7\u0131klanmad\u0131.<\/p>\n","protected":false},"excerpt":{"rendered":"<p>ABD donanmas\u0131na ait USS Abraham Lincoln, 286 g\u00fcnl\u00fck deniz g\u00f6revinin ard\u0131ndan Tayland\u2019a ula\u015ft\u0131. U\u00e7ak gemisi 2 Eyl\u00fcl&#8217;de, Pattaya\u2019n\u0131n yakla\u015f\u0131k 24 kilometre kuzeyinde bulunan Laem Chabang Liman\u0131\u2019na demirledi. B\u00f6ylece gemideki 5 bin denizci ve deniz piyadesi, Kas\u0131m 2025\u2019ten beri ilk kez karaya \u00e7\u0131kt\u0131. Gemi, ABD &#8211; \u0130ran sava\u015f\u0131 s\u0131ras\u0131nda \u00e7e\u015fitli operasyonlarda aktif g\u00f6rev \u00fcstlendi ve ayr\u0131ca [&hellip;]<\/p>\n","protected":false},"author":13996,"featured_media":171422,"comment_status":"open","ping_status":"open","sticky":false,"template":"","format":"standard","meta":{"_yoast_wpseo_focuskw":"USS Abraham Lincoln","_yoast_wpseo_title":"","_yoast_wpseo_metadesc":"USS Abraham Lincoln, 286 g\u00fcnl\u00fck deniz g\u00f6revinin ard\u0131ndan Tayland\u2019a ula\u015ft\u0131. U\u00e7ak gemisinin Ortado\u011fu\u2019daki g\u00f6revi ve tart\u0131\u015fmalar\u0131n ayr\u0131nt\u0131lar\u0131.","_bbp_topic_count":0,"_bbp_reply_count":0,"_bbp_total_topic_count":0,"_bbp_total_reply_count":0,"_bbp_voice_count":0,"_bbp_anonymous_reply_count":0,"_bbp_topic_count_hidden":0,"_bbp_reply_count_hidden":0,"_bbp_forum_subforum_count":0,"footnotes":"","_yoast_wpseo_focuskw_text_input":""},"categories":[5,1,8138],"tags":[10503,9022,12573,10522,4682,5764,10584,10512],"yoast_head":"<!-- This site is optimized with the Yoast SEO plugin v23.0 - https:\/\/yoast.com\/wordpress\/plugins\/seo\/ -->\n<title>USS Abraham Lincoln Tayland\u2019a ula\u015ft\u0131 - The Epoch Times TR<\/title>\n<meta name=\"description\" content=\"USS Abraham Lincoln, 286 g\u00fcnl\u00fck deniz g\u00f6revinin ard\u0131ndan Tayland\u2019a ula\u015ft\u0131. U\u00e7ak gemisinin Ortado\u011fu\u2019daki g\u00f6revi ve tart\u0131\u015fmalar\u0131n ayr\u0131nt\u0131lar\u0131.\" \/>\n<meta name=\"robots\" content=\"index, follow, max-snippet:-1, max-image-preview:large, max-video-preview:-1\" \/>\n<link rel=\"canonical\" href=\"https:\/\/epochtimestr.com\/index.php\/uss-abraham-lincoln-taylanda-ulasti\" \/>\n<meta property=\"og:locale\" content=\"tr_TR\" \/>\n<meta property=\"og:type\" content=\"article\" \/>\n<meta property=\"og:title\" content=\"USS Abraham Lincoln Tayland\u2019a ula\u015ft\u0131 - The Epoch Times TR\" \/>\n<meta property=\"og:description\" content=\"USS Abraham Lincoln, 286 g\u00fcnl\u00fck deniz g\u00f6revinin ard\u0131ndan Tayland\u2019a ula\u015ft\u0131. U\u00e7ak gemisinin Ortado\u011fu\u2019daki g\u00f6revi ve tart\u0131\u015fmalar\u0131n ayr\u0131nt\u0131lar\u0131.\" \/>\n<meta property=\"og:url\" content=\"https:\/\/epochtimestr.com\/index.php\/uss-abraham-lincoln-taylanda-ulasti\" \/>\n<meta property=\"og:site_name\" content=\"The Epoch Times TR\" \/>\n<meta property=\"article:publisher\" content=\"https:\/\/www.facebook.com\/theepochtimestr\" \/>\n<meta property=\"article:published_time\" content=\"2026-09-03T10:30:50+00:00\" \/>\n<meta property=\"article:modified_time\" content=\"2026-09-03T10:30:58+00:00\" \/>\n<meta property=\"og:image\" content=\"https:\/\/epochtimestr.com\/wp-content\/uploads\/2011y\/1000054882.jpg\" \/>\n\t<meta property=\"og:image:width\" content=\"1536\" \/>\n\t<meta property=\"og:image:height\" content=\"982\" \/>\n\t<meta property=\"og:image:type\" content=\"image\/jpeg\" \/>\n<meta name=\"author\" content=\"Leo Bajelan\" \/>\n<meta name=\"twitter:card\" content=\"summary_large_image\" \/>\n<meta name=\"twitter:creator\" content=\"@TheEpochTimesTR\" \/>\n<meta name=\"twitter:site\" content=\"@TheEpochTimesTR\" \/>\n<meta name=\"twitter:label1\" content=\"Yazan:\" \/>\n\t<meta name=\"twitter:data1\" content=\"Leo Bajelan\" \/>\n\t<meta name=\"twitter:label2\" content=\"Tahmini okuma s\u00fcresi\" \/>\n\t<meta name=\"twitter:data2\" content=\"3 dakika\" \/>\n<script type=\"application\/ld+json\" class=\"yoast-schema-graph\">{\"@context\":\"https:\/\/schema.org\",\"@graph\":[{\"@type\":\"Article\",\"@id\":\"https:\/\/epochtimestr.com\/index.php\/uss-abraham-lincoln-taylanda-ulasti#article\",\"isPartOf\":{\"@id\":\"https:\/\/epochtimestr.com\/index.php\/uss-abraham-lincoln-taylanda-ulasti\"},\"author\":{\"name\":\"Leo Bajelan\",\"@id\":\"https:\/\/epochtimestr.com\/#\/schema\/person\/5fef218711d76d8f232b0e1f1d7e4c0d\"},\"headline\":\"USS Abraham Lincoln Tayland\u2019a ula\u015ft\u0131\",\"datePublished\":\"2026-09-03T10:30:50+00:00\",\"dateModified\":\"2026-09-03T10:30:58+00:00\",\"mainEntityOfPage\":{\"@id\":\"https:\/\/epochtimestr.com\/index.php\/uss-abraham-lincoln-taylanda-ulasti\"},\"wordCount\":415,\"commentCount\":0,\"publisher\":{\"@id\":\"https:\/\/epochtimestr.com\/#organization\"},\"image\":{\"@id\":\"https:\/\/epochtimestr.com\/index.php\/uss-abraham-lincoln-taylanda-ulasti#primaryimage\"},\"thumbnailUrl\":\"https:\/\/epochtimestr.com\/wp-content\/uploads\/2011y\/1000054882.jpg\",\"keywords\":[\"ABD \u0130ran sava\u015f\u0131\",\"Gemi sald\u0131r\u0131\",\"Harg Adas\u0131\",\"H\u00fcrm\u00fcz bo\u011faz\u0131\",\"petrol fiyatlar\u0131\",\"Trump\",\"Umman\",\"USS Abraham Lincoln\"],\"articleSection\":[\"D\u00dcNYA\",\"G\u00dcNDEM\",\"MAN\u015eET\"],\"inLanguage\":\"tr\",\"potentialAction\":[{\"@type\":\"CommentAction\",\"name\":\"Comment\",\"target\":[\"https:\/\/epochtimestr.com\/index.php\/uss-abraham-lincoln-taylanda-ulasti#respond\"]}]},{\"@type\":\"WebPage\",\"@id\":\"https:\/\/epochtimestr.com\/index.php\/uss-abraham-lincoln-taylanda-ulasti\",\"url\":\"https:\/\/epochtimestr.com\/index.php\/uss-abraham-lincoln-taylanda-ulasti\",\"name\":\"USS Abraham Lincoln Tayland\u2019a ula\u015ft\u0131 - The Epoch Times TR\",\"isPartOf\":{\"@id\":\"https:\/\/epochtimestr.com\/#website\"},\"primaryImageOfPage\":{\"@id\":\"https:\/\/epochtimestr.com\/index.php\/uss-abraham-lincoln-taylanda-ulasti#primaryimage\"},\"image\":{\"@id\":\"https:\/\/epochtimestr.com\/index.php\/uss-abraham-lincoln-taylanda-ulasti#primaryimage\"},\"thumbnailUrl\":\"https:\/\/epochtimestr.com\/wp-content\/uploads\/2011y\/1000054882.jpg\",\"datePublished\":\"2026-09-03T10:30:50+00:00\",\"dateModified\":\"2026-09-03T10:30:58+00:00\",\"description\":\"USS Abraham Lincoln, 286 g\u00fcnl\u00fck deniz g\u00f6revinin ard\u0131ndan Tayland\u2019a ula\u015ft\u0131. U\u00e7ak gemisinin Ortado\u011fu\u2019daki g\u00f6revi ve tart\u0131\u015fmalar\u0131n ayr\u0131nt\u0131lar\u0131.\",\"inLanguage\":\"tr\",\"potentialAction\":[{\"@type\":\"ReadAction\",\"target\":[\"https:\/\/epochtimestr.com\/index.php\/uss-abraham-lincoln-taylanda-ulasti\"]}]},{\"@type\":\"ImageObject\",\"inLanguage\":\"tr\",\"@id\":\"https:\/\/epochtimestr.com\/index.php\/uss-abraham-lincoln-taylanda-ulasti#primaryimage\",\"url\":\"https:\/\/epochtimestr.com\/wp-content\/uploads\/2011y\/1000054882.jpg\",\"contentUrl\":\"https:\/\/epochtimestr.com\/wp-content\/uploads\/2011y\/1000054882.jpg\",\"width\":1536,\"height\":982},{\"@type\":\"WebSite\",\"@id\":\"https:\/\/epochtimestr.com\/#website\",\"url\":\"https:\/\/epochtimestr.com\/\",\"name\":\"The Epoch Times TR\",\"description\":\"De\u011fi\u015fen D\u00fcnyam\u0131za Taze Bir Bak\u0131\u015f\",\"publisher\":{\"@id\":\"https:\/\/epochtimestr.com\/#organization\"},\"potentialAction\":[{\"@type\":\"SearchAction\",\"target\":{\"@type\":\"EntryPoint\",\"urlTemplate\":\"https:\/\/epochtimestr.com\/?s={search_term_string}\"},\"query-input\":\"required name=search_term_string\"}],\"inLanguage\":\"tr\"},{\"@type\":\"Organization\",\"@id\":\"https:\/\/epochtimestr.com\/#organization\",\"name\":\"The EpochTimes T\u00fcrkiye\",\"url\":\"https:\/\/epochtimestr.com\/\",\"logo\":{\"@type\":\"ImageObject\",\"inLanguage\":\"tr\",\"@id\":\"https:\/\/epochtimestr.com\/#\/schema\/logo\/image\/\",\"url\":\"https:\/\/epochtimestr.com\/wp-content\/uploads\/2011y\/ET-Logo-YG.jpg\",\"contentUrl\":\"https:\/\/epochtimestr.com\/wp-content\/uploads\/2011y\/ET-Logo-YG.jpg\",\"width\":346,\"height\":29,\"caption\":\"The EpochTimes T\u00fcrkiye\"},\"image\":{\"@id\":\"https:\/\/epochtimestr.com\/#\/schema\/logo\/image\/\"},\"sameAs\":[\"https:\/\/www.facebook.com\/theepochtimestr\",\"https:\/\/x.com\/TheEpochTimesTR\",\"https:\/\/www.instagram.com\/epochtimestr\"]},{\"@type\":\"Person\",\"@id\":\"https:\/\/epochtimestr.com\/#\/schema\/person\/5fef218711d76d8f232b0e1f1d7e4c0d\",\"name\":\"Leo Bajelan\",\"image\":{\"@type\":\"ImageObject\",\"inLanguage\":\"tr\",\"@id\":\"https:\/\/epochtimestr.com\/#\/schema\/person\/image\/\",\"url\":\"https:\/\/secure.gravatar.com\/avatar\/917669146f489549e548a2e9af272df5?s=96&d=mm&r=g\",\"contentUrl\":\"https:\/\/secure.gravatar.com\/avatar\/917669146f489549e548a2e9af272df5?s=96&d=mm&r=g\",\"caption\":\"Leo Bajelan\"},\"url\":\"https:\/\/epochtimestr.com\/index.php\/author\/leo\"}]}<\/script>\n<!-- \/ Yoast SEO plugin. -->","yoast_head_json":{"title":"USS Abraham Lincoln Tayland\u2019a ula\u015ft\u0131 - The Epoch Times TR","description":"USS Abraham Lincoln, 286 g\u00fcnl\u00fck deniz g\u00f6revinin ard\u0131ndan Tayland\u2019a ula\u015ft\u0131. U\u00e7ak gemisinin Ortado\u011fu\u2019daki g\u00f6revi ve tart\u0131\u015fmalar\u0131n ayr\u0131nt\u0131lar\u0131.","robots":{"index":"index","follow":"follow","max-snippet":"max-snippet:-1","max-image-preview":"max-image-preview:large","max-video-preview":"max-video-preview:-1"},"canonical":"https:\/\/epochtimestr.com\/index.php\/uss-abraham-lincoln-taylanda-ulasti","og_locale":"tr_TR","og_type":"article","og_title":"USS Abraham Lincoln Tayland\u2019a ula\u015ft\u0131 - The Epoch Times TR","og_description":"USS Abraham Lincoln, 286 g\u00fcnl\u00fck deniz g\u00f6revinin ard\u0131ndan Tayland\u2019a ula\u015ft\u0131. U\u00e7ak gemisinin Ortado\u011fu\u2019daki g\u00f6revi ve tart\u0131\u015fmalar\u0131n ayr\u0131nt\u0131lar\u0131.","og_url":"https:\/\/epochtimestr.com\/index.php\/uss-abraham-lincoln-taylanda-ulasti","og_site_name":"The Epoch Times TR","article_publisher":"https:\/\/www.facebook.com\/theepochtimestr","article_published_time":"2026-09-03T10:30:50+00:00","article_modified_time":"2026-09-03T10:30:58+00:00","og_image":[{"width":1536,"height":982,"url":"https:\/\/epochtimestr.com\/wp-content\/uploads\/2011y\/1000054882.jpg","type":"image\/jpeg"}],"author":"Leo Bajelan","twitter_card":"summary_large_image","twitter_creator":"@TheEpochTimesTR","twitter_site":"@TheEpochTimesTR","twitter_misc":{"Yazan:":"Leo Bajelan","Tahmini okuma s\u00fcresi":"3 dakika"},"schema":{"@context":"https:\/\/schema.org","@graph":[{"@type":"Article","@id":"https:\/\/epochtimestr.com\/index.php\/uss-abraham-lincoln-taylanda-ulasti#article","isPartOf":{"@id":"https:\/\/epochtimestr.com\/index.php\/uss-abraham-lincoln-taylanda-ulasti"},"author":{"name":"Leo Bajelan","@id":"https:\/\/epochtimestr.com\/#\/schema\/person\/5fef218711d76d8f232b0e1f1d7e4c0d"},"headline":"USS Abraham Lincoln Tayland\u2019a ula\u015ft\u0131","datePublished":"2026-09-03T10:30:50+00:00","dateModified":"2026-09-03T10:30:58+00:00","mainEntityOfPage":{"@id":"https:\/\/epochtimestr.com\/index.php\/uss-abraham-lincoln-taylanda-ulasti"},"wordCount":415,"commentCount":0,"publisher":{"@id":"https:\/\/epochtimestr.com\/#organization"},"image":{"@id":"https:\/\/epochtimestr.com\/index.php\/uss-abraham-lincoln-taylanda-ulasti#primaryimage"},"thumbnailUrl":"https:\/\/epochtimestr.com\/wp-content\/uploads\/2011y\/1000054882.jpg","keywords":["ABD \u0130ran sava\u015f\u0131","Gemi sald\u0131r\u0131","Harg Adas\u0131","H\u00fcrm\u00fcz bo\u011faz\u0131","petrol fiyatlar\u0131","Trump","Umman","USS Abraham Lincoln"],"articleSection":["D\u00dcNYA","G\u00dcNDEM","MAN\u015eET"],"inLanguage":"tr","potentialAction":[{"@type":"CommentAction","name":"Comment","target":["https:\/\/epochtimestr.com\/index.php\/uss-abraham-lincoln-taylanda-ulasti#respond"]}]},{"@type":"WebPage","@id":"https:\/\/epochtimestr.com\/index.php\/uss-abraham-lincoln-taylanda-ulasti","url":"https:\/\/epochtimestr.com\/index.php\/uss-abraham-lincoln-taylanda-ulasti","name":"USS Abraham Lincoln Tayland\u2019a ula\u015ft\u0131 - The Epoch Times TR","isPartOf":{"@id":"https:\/\/epochtimestr.com\/#website"},"primaryImageOfPage":{"@id":"https:\/\/epochtimestr.com\/index.php\/uss-abraham-lincoln-taylanda-ulasti#primaryimage"},"image":{"@id":"https:\/\/epochtimestr.com\/index.php\/uss-abraham-lincoln-taylanda-ulasti#primaryimage"},"thumbnailUrl":"https:\/\/epochtimestr.com\/wp-content\/uploads\/2011y\/1000054882.jpg","datePublished":"2026-09-03T10:30:50+00:00","dateModified":"2026-09-03T10:30:58+00:00","description":"USS Abraham Lincoln, 286 g\u00fcnl\u00fck deniz g\u00f6revinin ard\u0131ndan Tayland\u2019a ula\u015ft\u0131. U\u00e7ak gemisinin Ortado\u011fu\u2019daki g\u00f6revi ve tart\u0131\u015fmalar\u0131n ayr\u0131nt\u0131lar\u0131.","inLanguage":"tr","potentialAction":[{"@type":"ReadAction","target":["https:\/\/epochtimestr.com\/index.php\/uss-abraham-lincoln-taylanda-ulasti"]}]},{"@type":"ImageObject","inLanguage":"tr","@id":"https:\/\/epochtimestr.com\/index.php\/uss-abraham-lincoln-taylanda-ulasti#primaryimage","url":"https:\/\/epochtimestr.com\/wp-content\/uploads\/2011y\/1000054882.jpg","contentUrl":"https:\/\/epochtimestr.com\/wp-content\/uploads\/2011y\/1000054882.jpg","width":1536,"height":982},{"@type":"WebSite","@id":"https:\/\/epochtimestr.com\/#website","url":"https:\/\/epochtimestr.com\/","name":"The Epoch Times TR","description":"De\u011fi\u015fen D\u00fcnyam\u0131za Taze Bir Bak\u0131\u015f","publisher":{"@id":"https:\/\/epochtimestr.com\/#organization"},"potentialAction":[{"@type":"SearchAction","target":{"@type":"EntryPoint","urlTemplate":"https:\/\/epochtimestr.com\/?s={search_term_string}"},"query-input":"required name=search_term_string"}],"inLanguage":"tr"},{"@type":"Organization","@id":"https:\/\/epochtimestr.com\/#organization","name":"The EpochTimes T\u00fcrkiye","url":"https:\/\/epochtimestr.com\/","logo":{"@type":"ImageObject","inLanguage":"tr","@id":"https:\/\/epochtimestr.com\/#\/schema\/logo\/image\/","url":"https:\/\/epochtimestr.com\/wp-content\/uploads\/2011y\/ET-Logo-YG.jpg","contentUrl":"https:\/\/epochtimestr.com\/wp-content\/uploads\/2011y\/ET-Logo-YG.jpg","width":346,"height":29,"caption":"The EpochTimes T\u00fcrkiye"},"image":{"@id":"https:\/\/epochtimestr.com\/#\/schema\/logo\/image\/"},"sameAs":["https:\/\/www.facebook.com\/theepochtimestr","https:\/\/x.com\/TheEpochTimesTR","https:\/\/www.instagram.com\/epochtimestr"]},{"@type":"Person","@id":"https:\/\/epochtimestr.com\/#\/schema\/person\/5fef218711d76d8f232b0e1f1d7e4c0d","name":"Leo Bajelan","image":{"@type":"ImageObject","inLanguage":"tr","@id":"https:\/\/epochtimestr.com\/#\/schema\/person\/image\/","url":"https:\/\/secure.gravatar.com\/avatar\/917669146f489549e548a2e9af272df5?s=96&d=mm&r=g","contentUrl":"https:\/\/secure.gravatar.com\/avatar\/917669146f489549e548a2e9af272df5?s=96&d=mm&r=g","caption":"Leo Bajelan"},"url":"https:\/\/epochtimestr.com\/index.php\/author\/leo"}]}},"_links":{"self":[{"href":"https:\/\/epochtimestr.com\/index.php\/wp-json\/wp\/v2\/posts\/171421"}],"collection":[{"href":"https:\/\/epochtimestr.com\/index.php\/wp-json\/wp\/v2\/posts"}],"about":[{"href":"https:\/\/epochtimestr.com\/index.php\/wp-json\/wp\/v2\/types\/post"}],"author":[{"embeddable":true,"href":"https:\/\/epochtimestr.com\/index.php\/wp-json\/wp\/v2\/users\/13996"}],"replies":[{"embeddable":true,"href":"https:\/\/epochtimestr.com\/index.php\/wp-json\/wp\/v2\/comments?post=171421"}],"version-history":[{"count":2,"href":"https:\/\/epochtimestr.com\/index.php\/wp-json\/wp\/v2\/posts\/171421\/revisions"}],"predecessor-version":[{"id":171435,"href":"https:\/\/epochtimestr.com\/index.php\/wp-json\/wp\/v2\/posts\/171421\/revisions\/171435"}],"wp:featuredmedia":[{"embeddable":true,"href":"https:\/\/epochtimestr.com\/index.php\/wp-json\/wp\/v2\/media\/171422"}],"wp:attachment":[{"href":"https:\/\/epochtimestr.com\/index.php\/wp-json\/wp\/v2\/media?parent=171421"}],"wp:term":[{"taxonomy":"category","embeddable":true,"href":"https:\/\/epochtimestr.com\/index.php\/wp-json\/wp\/v2\/categories?post=171421"},{"taxonomy":"post_tag","embeddable":true,"href":"https:\/\/epochtimestr.com\/index.php\/wp-json\/wp\/v2\/tags?post=171421"}],"curies":[{"name":"wp","href":"https:\/\/api.w.org\/{rel}","templated":true}]}}