{"id":171430,"date":"2026-09-03T12:05:07","date_gmt":"2026-09-03T09:05:07","guid":{"rendered":"https:\/\/epochtimestr.com\/?p=171430"},"modified":"2026-09-03T12:05:08","modified_gmt":"2026-09-03T09:05:08","slug":"12-kadinin-uzattigi-el-hatayli-kadinlari-ayaga-kaldirdi","status":"publish","type":"post","link":"https:\/\/epochtimestr.com\/index.php\/12-kadinin-uzattigi-el-hatayli-kadinlari-ayaga-kaldirdi","title":{"rendered":"12 Kad\u0131n&#8217;\u0131n Uzatt\u0131\u011f\u0131 El Hatayl\u0131 Kad\u0131nlar\u0131 Aya\u011fa Kald\u0131rd\u0131"},"content":{"rendered":"<div class=\"wp-block-image\">\n<figure class=\"aligncenter size-large\"><img loading=\"lazy\" decoding=\"async\" width=\"1600\" height=\"1200\" src=\"https:\/\/epochtimestr.com\/wp-content\/uploads\/2011y\/12-Kadin-1600x1200.jpg\" alt=\"\" class=\"wp-image-171431\" srcset=\"https:\/\/epochtimestr.com\/wp-content\/uploads\/2011y\/12-Kadin-1600x1200.jpg 1600w, https:\/\/epochtimestr.com\/wp-content\/uploads\/2011y\/12-Kadin-300x225.jpg 300w, https:\/\/epochtimestr.com\/wp-content\/uploads\/2011y\/12-Kadin-150x113.jpg 150w, https:\/\/epochtimestr.com\/wp-content\/uploads\/2011y\/12-Kadin-768x576.jpg 768w, https:\/\/epochtimestr.com\/wp-content\/uploads\/2011y\/12-Kadin-1536x1152.jpg 1536w, https:\/\/epochtimestr.com\/wp-content\/uploads\/2011y\/12-Kadin-86x64.jpg 86w, https:\/\/epochtimestr.com\/wp-content\/uploads\/2011y\/12-Kadin.jpg 2048w\" sizes=\"(max-width: 1600px) 100vw, 1600px\" \/><figcaption class=\"wp-element-caption\">12 Kad\u0131n giri\u015fiminin Samanda\u011f Belediyesi ile ortakla\u015fa hayata ge\u00e7irdikleri meslek at\u00f6lyeleri sertifika t\u00f6reninden (Foto\u011fraf: Samanda\u011f Belediyesi Bas\u0131n Birimi) <\/figcaption><\/figure><\/div>\n\n\n<p><strong><em>12 Kad\u0131n giri\u015fiminin Samanda\u011f Belediyesi ile ortakla\u015fa ger\u00e7ekle\u015ftirdi\u011fi meslek at\u00f6lyelerinden mezun olan Hatayl\u0131 depremzede kad\u0131nlar \u00fcreterek iyile\u015fmenin sevincini ya\u015fad\u0131.<\/em><\/strong><\/p>\n\n\n\n<p>Mersin\u2019den, Hatay\u2019dan ve Ankara\u2019dan 12 kad\u0131n\u0131n bir araya gelerek hayat verdi\u011fi \u201c12 Kad\u0131n\u201d giri\u015fimi, \u201cSeninleyiz Hatay\u201d mottosu ile \u00e7\u0131kt\u0131\u011f\u0131 yolda \u00f6nemli bir ba\u015far\u0131ya imza att\u0131. &nbsp;Samanda\u011f Belediyesi ile yapt\u0131klar\u0131 i\u015f birli\u011fi sonucu a\u00e7t\u0131klar\u0131 meslek at\u00f6lyeleriyle depremzede kad\u0131nlar\u0131n hayata tutunmalar\u0131n\u0131 sa\u011flad\u0131. At\u00f6lyelerden mezun olan kad\u0131nlara ge\u00e7ti\u011fimiz g\u00fcnlerde &nbsp;Samanda\u011f belediyesi Tomruksuyu ek binas\u0131nda sertifikalar\u0131 Samanda\u011f Belediye Ba\u015fkan Vekili Hasan Fehmi G\u00f6r\u00fcr ve Ba\u015fkan Yard\u0131mc\u0131s\u0131 Talay Tun\u00e7 taraf\u0131ndan takdim edildi.&nbsp; Daha sonra, 12 Kad\u0131n kitab\u0131n\u0131n 4. imza g\u00fcn\u00fcn\u00fcn de ger\u00e7ekle\u015ftirildi\u011fi F\u00fcsun Sayek Sa\u011fl\u0131k ve K\u00fclt\u00fcr Etkinlikleri kapsam\u0131nda Arsuz Ya\u015fam Merkezi\u2019nde d\u00fczenlenen etkinliklerde ise depremzede kad\u0131nlar &nbsp;kurslarda \u00fcrettikleri \u00fcr\u00fcnleri sat\u0131p hem gelir elde ettiler hem de sosyal ve k\u00fclt\u00fcrel etkile\u015fimde bulunma f\u0131rsat\u0131 yakalad\u0131lar. Gelen konuklara kurslar\u0131n ba\u015flad\u0131\u011f\u0131 5 \u015eubat\u2019tan g\u00fcn\u00fcm\u00fcze ilk alt\u0131 ayl\u0131k d\u00f6nemle ilgili yap\u0131lan slayt g\u00f6sterimi s\u0131ras\u0131nda ise duygu dolu anlar ya\u015fand\u0131.<\/p>\n\n\n\n<p><strong>12 Kad\u0131n\u2019\u0131n hikayesi&nbsp;<\/strong><\/p>\n\n\n\n<p>Mersin\u2019den, Hatay\u2019dan ve Ankara\u2019dan 12 ba\u015far\u0131l\u0131 kad\u0131n, 6 \u015eubat depreminin yaratt\u0131\u011f\u0131 y\u0131k\u0131m\u0131n ard\u0131ndan Hatay\u2019daki depremzede kad\u0131nlar ile bir dayan\u0131ma ba\u015flatmak i\u00e7in bir araya geldi. Esen Gamze \u0130stifano\u011flu, G\u00fcl Aky\u00fcrek Balta, Ay\u015fe Tasl\u0131, Cansu Dalo\u011flu, Cansu Kalkan, Derya Altun\u00f6ren, Deniz \u015eehito\u011flu, D\u00fcnya Aslan, Ebru D\u00f6ker, Enis Tuka\u00e7, Loret Gazel ve Filiz Kaya\u2019dan olu\u015fan 12 Kad\u0131n giri\u015fimi, Hatay\u2019daki depremzede kad\u0131nlar\u0131 psikolojik ve maddi anlamda desteklemek i\u00e7in ilham verici bir kitap yazmaya karar verdi. \u201cSeninleyiz Hatay\u201d mottosu ile bu 12 kad\u0131n\u0131n her biri, kendi ya\u015famlar\u0131nda ya\u015fad\u0131klar\u0131 zorluklar\u0131 nas\u0131l a\u015ft\u0131klar\u0131n\u0131 anlatt\u0131klar\u0131 y\u00fcreklere dokunan s\u0131cac\u0131k hikayeler yazd\u0131. Bu ilham verici hikayelerin bir araya gelmesiyle 12 kad\u0131n kitab\u0131 ve giri\u015fimi ortaya \u00e7\u0131kt\u0131.<\/p>\n\n\n<div class=\"wp-block-image\">\n<figure class=\"aligncenter size-full\"><img loading=\"lazy\" decoding=\"async\" width=\"1600\" height=\"1200\" src=\"https:\/\/epochtimestr.com\/wp-content\/uploads\/2011y\/Samandag-Belediyesi.jpeg\" alt=\"\" class=\"wp-image-171432\" srcset=\"https:\/\/epochtimestr.com\/wp-content\/uploads\/2011y\/Samandag-Belediyesi.jpeg 1600w, https:\/\/epochtimestr.com\/wp-content\/uploads\/2011y\/Samandag-Belediyesi-300x225.jpeg 300w, https:\/\/epochtimestr.com\/wp-content\/uploads\/2011y\/Samandag-Belediyesi-150x113.jpeg 150w, https:\/\/epochtimestr.com\/wp-content\/uploads\/2011y\/Samandag-Belediyesi-768x576.jpeg 768w, https:\/\/epochtimestr.com\/wp-content\/uploads\/2011y\/Samandag-Belediyesi-1536x1152.jpeg 1536w, https:\/\/epochtimestr.com\/wp-content\/uploads\/2011y\/Samandag-Belediyesi-86x64.jpeg 86w\" sizes=\"(max-width: 1600px) 100vw, 1600px\" \/><figcaption class=\"wp-element-caption\">12 Kad\u0131n giri\u015fiminin Samanda\u011f Belediyesi ile ortakla\u015fa hayata ge\u00e7irdikleri meslek at\u00f6lyelerinde \u00fcretien \u00fcr\u00fcnlerin sergilendi\u011fi etkinlikten  (Foto\u011fraf: Samanda\u011f Belediyesi Bas\u0131n Birimi) <\/figcaption><\/figure><\/div>\n\n\n<p><strong>Kad\u0131nlar meslek at\u00f6lyeleri ile hayata tutundu<\/strong><\/p>\n\n\n\n<p>12 Kad\u0131n kitab\u0131n\u0131n yay\u0131nlanmas\u0131n\u0131n ard\u0131ndan 12 Kad\u0131n giri\u015fimi Samanda\u011f Belediyesi ile ileti\u015fime ge\u00e7ti. Kad\u0131nlar, kitab\u0131n t\u00fcm gelirini ba\u011f\u0131\u015flayarak kad\u0131nlar i\u00e7in bir giri\u015fimde bulunmak istediklerini s\u00f6yledi. Bu \u00e7a\u011fr\u0131ya Samanda\u011f Belediye Ba\u015fkan\u0131 Emrah Kara\u00e7ay cevap verdi. Bu i\u015f birli\u011fi sonucunda depremzede kad\u0131nlar i\u00e7in mozaik ve bu\u011fday sap\u0131 dokuma at\u00f6lyeleri ba\u015flad\u0131. Kurslar\u0131n t\u00fcm masraflar\u0131 12 Kad\u0131n kitab\u0131n\u0131n geliri ile kar\u015f\u0131land\u0131. At\u00f6lyeler, kad\u0131nlar\u0131n hem unutulmaya y\u00fcz tutmu\u015f y\u00f6resel el sanatlar\u0131n\u0131 \u00f6\u011frenmesini hem de sanat yoluyla iyile\u015fmesini ve ekonomik olarak g\u00fc\u00e7lenmesini hedefledi. 6 ay\u0131k at\u00f6lyeler sonunda 40 yerel kad\u0131n Milli E\u011fitim Bakanl\u0131\u011f\u0131 onayl\u0131 sertifikalar\u0131n\u0131 ald\u0131.<\/p>\n\n\n\n<p><strong>\u201c12 Kad\u0131n\u201d kad\u0131nlara ilham olmaya devam edecek<\/strong><\/p>\n\n\n\n<p>12 Kad\u0131n giri\u015fiminin kurucular\u0131ndan Esen Gamze \u0130stifano\u011flu ve Loret Gazel yapt\u0131klar\u0131 a\u00e7\u0131klamada \u015funlar\u0131 ifade ettiler: \u201c6 \u015eubat depremlerinin ard\u0131ndan Hatayl\u0131 depremzede kad\u0131nlar\u0131m\u0131za nas\u0131l destek olaca\u011f\u0131m\u0131z\u0131 d\u00fc\u015f\u00fcnmeye ba\u015flad\u0131k. Onlara, her ne kadar uzakta olsak da kalplerimizin onlarla birlikte att\u0131\u011f\u0131n\u0131, onlar\u0131n ac\u0131lar\u0131n\u0131 uzakta olsak da payla\u015ft\u0131\u011f\u0131m\u0131z\u0131 anlatmak i\u00e7in \u201812 Kad\u0131n\u2019 kitab\u0131n\u0131 yazmaya karar verdik. \u00c7\u00fcnk\u00fc biliyoruz ki ac\u0131lar payla\u015f\u0131ld\u0131k\u00e7a hafifler ve sizi d\u00fc\u015f\u00fcnen birilerinin oldu\u011funu kalplerde hissetmek de ac\u0131lara az da olsa merhem olur. \u2018<em>Ya \u00e7aresizsinizdir, ya da \u00e7are sizsinizdir\u2019<\/em>. Bizler kad\u0131nlar\u0131m\u0131za \u2018<em>\u00e7are<\/em>\u2019 olmak i\u00e7in bu yola \u00e7\u0131kt\u0131k. Sonras\u0131nda da bu kitab\u0131n t\u00fcm geliriyle \u015fu anda mezun olan kad\u0131nlar\u0131m\u0131z i\u00e7in meslek kurslar\u0131 a\u00e7t\u0131k. Bu kurslarla hem unutulmaya y\u00fcz tutmu\u015f y\u00f6resel el sanatlar\u0131n\u0131 ya\u015fatmay\u0131 hem de kad\u0131nlar\u0131n sanat yoluyla iyile\u015fmesini ve ekonomik olarak g\u00fc\u00e7lenmesini hedefledik. Hatay\u2019a gelirken yolda \u00e7ok yo\u011fun ve s\u0131cak bir ilgi ile kar\u015f\u0131la\u015ft\u0131k. Hatay\u2019\u0131n i\u00e7erisindeki d\u00fckkanlarda, vitrinlerde \u201c12 Kad\u0131n\u201d kitab\u0131n\u0131n sat\u0131ld\u0131\u011f\u0131n\u0131 g\u00f6rd\u00fck. Yap\u0131lan etkinliklerde konu\u015ftu\u011fumuz kursiyerlerimiz bize bu kurslar sayesinde tekrar hayata ba\u011fland\u0131klar\u0131n\u0131 ve \u00fcreterek iyile\u015ftiklerini anlatt\u0131lar. Yapt\u0131\u011f\u0131m\u0131z bu giri\u015fim i\u00e7in bize i\u00e7tenlikle te\u015fekk\u00fcr ettiler. Bizim i\u00e7in en de\u011ferli \u015fey bu i\u00e7tenlikle s\u00f6ylenmi\u015f s\u00f6zleri duymak ve bu kad\u0131nlar\u0131n y\u00fczlerindeki g\u00fcl\u00fcmsemeleri g\u00f6rmekti. Bundan sonra da \u201c12 Kad\u0131n\u201d farkl\u0131 projelerle ya\u015fama tutunmaya \u00e7al\u0131\u015fan kad\u0131nlara ilham olmaya ve ilham vermeye devam edecek.\u201d&nbsp;<\/p>\n","protected":false},"excerpt":{"rendered":"<p>12 Kad\u0131n giri\u015fiminin Samanda\u011f Belediyesi ile ortakla\u015fa ger\u00e7ekle\u015ftirdi\u011fi meslek at\u00f6lyelerinden mezun olan Hatayl\u0131 depremzede kad\u0131nlar \u00fcreterek iyile\u015fmenin sevincini ya\u015fad\u0131. Mersin\u2019den, Hatay\u2019dan ve Ankara\u2019dan 12 kad\u0131n\u0131n bir araya gelerek hayat verdi\u011fi \u201c12 Kad\u0131n\u201d giri\u015fimi, \u201cSeninleyiz Hatay\u201d mottosu ile \u00e7\u0131kt\u0131\u011f\u0131 yolda \u00f6nemli bir ba\u015far\u0131ya imza att\u0131. &nbsp;Samanda\u011f Belediyesi ile yapt\u0131klar\u0131 i\u015f birli\u011fi sonucu a\u00e7t\u0131klar\u0131 meslek at\u00f6lyeleriyle depremzede [&hellip;]<\/p>\n","protected":false},"author":22,"featured_media":171431,"comment_status":"open","ping_status":"open","sticky":false,"template":"","format":"standard","meta":{"_yoast_wpseo_focuskw":"12 Kad\u0131n","_yoast_wpseo_title":"","_yoast_wpseo_metadesc":"12 Kad\u0131n giri\u015fimi ve Samanda\u011f Belediyesinin ger\u00e7ekle\u015ftirdi\u011fi meslek at\u00f6lyelerinden mezun olan Hatayl\u0131 depremzede kad\u0131nlar \u00fcreterek iyile\u015fmenin sevincini ya\u015fad\u0131.","_bbp_topic_count":0,"_bbp_reply_count":0,"_bbp_total_topic_count":0,"_bbp_total_reply_count":0,"_bbp_voice_count":0,"_bbp_anonymous_reply_count":0,"_bbp_topic_count_hidden":0,"_bbp_reply_count_hidden":0,"_bbp_forum_subforum_count":0,"footnotes":"","_yoast_wpseo_focuskw_text_input":""},"categories":[1,8138,8419],"tags":[12618,12617],"yoast_head":"<!-- This site is optimized with the Yoast SEO plugin v23.0 - https:\/\/yoast.com\/wordpress\/plugins\/seo\/ -->\n<title>12 Kad\u0131n&#039;\u0131n Uzatt\u0131\u011f\u0131 El Hatayl\u0131 Kad\u0131nlar\u0131 Aya\u011fa Kald\u0131rd\u0131 - The Epoch Times TR<\/title>\n<meta name=\"description\" content=\"12 Kad\u0131n giri\u015fimi ve Samanda\u011f Belediyesinin ger\u00e7ekle\u015ftirdi\u011fi meslek at\u00f6lyelerinden mezun olan Hatayl\u0131 depremzede kad\u0131nlar \u00fcreterek iyile\u015fmenin sevincini ya\u015fad\u0131.\" \/>\n<meta name=\"robots\" content=\"index, follow, max-snippet:-1, max-image-preview:large, max-video-preview:-1\" \/>\n<link rel=\"canonical\" href=\"https:\/\/epochtimestr.com\/index.php\/12-kadinin-uzattigi-el-hatayli-kadinlari-ayaga-kaldirdi\" \/>\n<meta property=\"og:locale\" content=\"tr_TR\" \/>\n<meta property=\"og:type\" content=\"article\" \/>\n<meta property=\"og:title\" content=\"12 Kad\u0131n&#039;\u0131n Uzatt\u0131\u011f\u0131 El Hatayl\u0131 Kad\u0131nlar\u0131 Aya\u011fa Kald\u0131rd\u0131 - The Epoch Times TR\" \/>\n<meta property=\"og:description\" content=\"12 Kad\u0131n giri\u015fimi ve Samanda\u011f Belediyesinin ger\u00e7ekle\u015ftirdi\u011fi meslek at\u00f6lyelerinden mezun olan Hatayl\u0131 depremzede kad\u0131nlar \u00fcreterek iyile\u015fmenin sevincini ya\u015fad\u0131.\" \/>\n<meta property=\"og:url\" content=\"https:\/\/epochtimestr.com\/index.php\/12-kadinin-uzattigi-el-hatayli-kadinlari-ayaga-kaldirdi\" \/>\n<meta property=\"og:site_name\" content=\"The Epoch Times TR\" \/>\n<meta property=\"article:publisher\" content=\"https:\/\/www.facebook.com\/theepochtimestr\" \/>\n<meta property=\"article:published_time\" content=\"2026-09-03T09:05:07+00:00\" \/>\n<meta property=\"article:modified_time\" content=\"2026-09-03T09:05:08+00:00\" \/>\n<meta property=\"og:image\" content=\"https:\/\/epochtimestr.com\/wp-content\/uploads\/2011y\/12-Kadin.jpg\" \/>\n\t<meta property=\"og:image:width\" content=\"2048\" \/>\n\t<meta property=\"og:image:height\" content=\"1536\" \/>\n\t<meta property=\"og:image:type\" content=\"image\/jpeg\" \/>\n<meta name=\"author\" content=\"G.Hakan Ko\u00e7man\" \/>\n<meta name=\"twitter:card\" content=\"summary_large_image\" \/>\n<meta name=\"twitter:creator\" content=\"@TheEpochTimesTR\" \/>\n<meta name=\"twitter:site\" content=\"@TheEpochTimesTR\" \/>\n<meta name=\"twitter:label1\" content=\"Yazan:\" \/>\n\t<meta name=\"twitter:data1\" content=\"G.Hakan Ko\u00e7man\" \/>\n\t<meta name=\"twitter:label2\" content=\"Tahmini okuma s\u00fcresi\" \/>\n\t<meta name=\"twitter:data2\" content=\"5 dakika\" \/>\n<script type=\"application\/ld+json\" class=\"yoast-schema-graph\">{\"@context\":\"https:\/\/schema.org\",\"@graph\":[{\"@type\":\"Article\",\"@id\":\"https:\/\/epochtimestr.com\/index.php\/12-kadinin-uzattigi-el-hatayli-kadinlari-ayaga-kaldirdi#article\",\"isPartOf\":{\"@id\":\"https:\/\/epochtimestr.com\/index.php\/12-kadinin-uzattigi-el-hatayli-kadinlari-ayaga-kaldirdi\"},\"author\":{\"name\":\"G.Hakan Ko\u00e7man\",\"@id\":\"https:\/\/epochtimestr.com\/#\/schema\/person\/b5509977c9a6cd729a3e74d9743d035b\"},\"headline\":\"12 Kad\u0131n&#8217;\u0131n Uzatt\u0131\u011f\u0131 El Hatayl\u0131 Kad\u0131nlar\u0131 Aya\u011fa Kald\u0131rd\u0131\",\"datePublished\":\"2026-09-03T09:05:07+00:00\",\"dateModified\":\"2026-09-03T09:05:08+00:00\",\"mainEntityOfPage\":{\"@id\":\"https:\/\/epochtimestr.com\/index.php\/12-kadinin-uzattigi-el-hatayli-kadinlari-ayaga-kaldirdi\"},\"wordCount\":891,\"commentCount\":0,\"publisher\":{\"@id\":\"https:\/\/epochtimestr.com\/#organization\"},\"image\":{\"@id\":\"https:\/\/epochtimestr.com\/index.php\/12-kadinin-uzattigi-el-hatayli-kadinlari-ayaga-kaldirdi#primaryimage\"},\"thumbnailUrl\":\"https:\/\/epochtimestr.com\/wp-content\/uploads\/2011y\/12-Kadin.jpg\",\"keywords\":[\"12 Kad\u0131n\",\"Samanda\u011f Belediyesi\"],\"articleSection\":[\"G\u00dcNDEM\",\"MAN\u015eET\",\"Ya\u015fam\"],\"inLanguage\":\"tr\",\"potentialAction\":[{\"@type\":\"CommentAction\",\"name\":\"Comment\",\"target\":[\"https:\/\/epochtimestr.com\/index.php\/12-kadinin-uzattigi-el-hatayli-kadinlari-ayaga-kaldirdi#respond\"]}]},{\"@type\":\"WebPage\",\"@id\":\"https:\/\/epochtimestr.com\/index.php\/12-kadinin-uzattigi-el-hatayli-kadinlari-ayaga-kaldirdi\",\"url\":\"https:\/\/epochtimestr.com\/index.php\/12-kadinin-uzattigi-el-hatayli-kadinlari-ayaga-kaldirdi\",\"name\":\"12 Kad\u0131n'\u0131n Uzatt\u0131\u011f\u0131 El Hatayl\u0131 Kad\u0131nlar\u0131 Aya\u011fa Kald\u0131rd\u0131 - The Epoch Times TR\",\"isPartOf\":{\"@id\":\"https:\/\/epochtimestr.com\/#website\"},\"primaryImageOfPage\":{\"@id\":\"https:\/\/epochtimestr.com\/index.php\/12-kadinin-uzattigi-el-hatayli-kadinlari-ayaga-kaldirdi#primaryimage\"},\"image\":{\"@id\":\"https:\/\/epochtimestr.com\/index.php\/12-kadinin-uzattigi-el-hatayli-kadinlari-ayaga-kaldirdi#primaryimage\"},\"thumbnailUrl\":\"https:\/\/epochtimestr.com\/wp-content\/uploads\/2011y\/12-Kadin.jpg\",\"datePublished\":\"2026-09-03T09:05:07+00:00\",\"dateModified\":\"2026-09-03T09:05:08+00:00\",\"description\":\"12 Kad\u0131n giri\u015fimi ve Samanda\u011f Belediyesinin ger\u00e7ekle\u015ftirdi\u011fi meslek at\u00f6lyelerinden mezun olan Hatayl\u0131 depremzede kad\u0131nlar \u00fcreterek iyile\u015fmenin sevincini ya\u015fad\u0131.\",\"inLanguage\":\"tr\",\"potentialAction\":[{\"@type\":\"ReadAction\",\"target\":[\"https:\/\/epochtimestr.com\/index.php\/12-kadinin-uzattigi-el-hatayli-kadinlari-ayaga-kaldirdi\"]}]},{\"@type\":\"ImageObject\",\"inLanguage\":\"tr\",\"@id\":\"https:\/\/epochtimestr.com\/index.php\/12-kadinin-uzattigi-el-hatayli-kadinlari-ayaga-kaldirdi#primaryimage\",\"url\":\"https:\/\/epochtimestr.com\/wp-content\/uploads\/2011y\/12-Kadin.jpg\",\"contentUrl\":\"https:\/\/epochtimestr.com\/wp-content\/uploads\/2011y\/12-Kadin.jpg\",\"width\":2048,\"height\":1536},{\"@type\":\"WebSite\",\"@id\":\"https:\/\/epochtimestr.com\/#website\",\"url\":\"https:\/\/epochtimestr.com\/\",\"name\":\"The Epoch Times TR\",\"description\":\"De\u011fi\u015fen D\u00fcnyam\u0131za Taze Bir Bak\u0131\u015f\",\"publisher\":{\"@id\":\"https:\/\/epochtimestr.com\/#organization\"},\"potentialAction\":[{\"@type\":\"SearchAction\",\"target\":{\"@type\":\"EntryPoint\",\"urlTemplate\":\"https:\/\/epochtimestr.com\/?s={search_term_string}\"},\"query-input\":\"required name=search_term_string\"}],\"inLanguage\":\"tr\"},{\"@type\":\"Organization\",\"@id\":\"https:\/\/epochtimestr.com\/#organization\",\"name\":\"The EpochTimes T\u00fcrkiye\",\"url\":\"https:\/\/epochtimestr.com\/\",\"logo\":{\"@type\":\"ImageObject\",\"inLanguage\":\"tr\",\"@id\":\"https:\/\/epochtimestr.com\/#\/schema\/logo\/image\/\",\"url\":\"https:\/\/epochtimestr.com\/wp-content\/uploads\/2011y\/ET-Logo-YG.jpg\",\"contentUrl\":\"https:\/\/epochtimestr.com\/wp-content\/uploads\/2011y\/ET-Logo-YG.jpg\",\"width\":346,\"height\":29,\"caption\":\"The EpochTimes T\u00fcrkiye\"},\"image\":{\"@id\":\"https:\/\/epochtimestr.com\/#\/schema\/logo\/image\/\"},\"sameAs\":[\"https:\/\/www.facebook.com\/theepochtimestr\",\"https:\/\/x.com\/TheEpochTimesTR\",\"https:\/\/www.instagram.com\/epochtimestr\"]},{\"@type\":\"Person\",\"@id\":\"https:\/\/epochtimestr.com\/#\/schema\/person\/b5509977c9a6cd729a3e74d9743d035b\",\"name\":\"G.Hakan Ko\u00e7man\",\"image\":{\"@type\":\"ImageObject\",\"inLanguage\":\"tr\",\"@id\":\"https:\/\/epochtimestr.com\/#\/schema\/person\/image\/\",\"url\":\"https:\/\/secure.gravatar.com\/avatar\/e4eafee1ab5d1f4015c3930376b22ca8?s=96&d=mm&r=g\",\"contentUrl\":\"https:\/\/secure.gravatar.com\/avatar\/e4eafee1ab5d1f4015c3930376b22ca8?s=96&d=mm&r=g\",\"caption\":\"G.Hakan Ko\u00e7man\"},\"url\":\"https:\/\/epochtimestr.com\/index.php\/author\/hakan\"}]}<\/script>\n<!-- \/ Yoast SEO plugin. -->","yoast_head_json":{"title":"12 Kad\u0131n'\u0131n Uzatt\u0131\u011f\u0131 El Hatayl\u0131 Kad\u0131nlar\u0131 Aya\u011fa Kald\u0131rd\u0131 - The Epoch Times TR","description":"12 Kad\u0131n giri\u015fimi ve Samanda\u011f Belediyesinin ger\u00e7ekle\u015ftirdi\u011fi meslek at\u00f6lyelerinden mezun olan Hatayl\u0131 depremzede kad\u0131nlar \u00fcreterek iyile\u015fmenin sevincini ya\u015fad\u0131.","robots":{"index":"index","follow":"follow","max-snippet":"max-snippet:-1","max-image-preview":"max-image-preview:large","max-video-preview":"max-video-preview:-1"},"canonical":"https:\/\/epochtimestr.com\/index.php\/12-kadinin-uzattigi-el-hatayli-kadinlari-ayaga-kaldirdi","og_locale":"tr_TR","og_type":"article","og_title":"12 Kad\u0131n'\u0131n Uzatt\u0131\u011f\u0131 El Hatayl\u0131 Kad\u0131nlar\u0131 Aya\u011fa Kald\u0131rd\u0131 - The Epoch Times TR","og_description":"12 Kad\u0131n giri\u015fimi ve Samanda\u011f Belediyesinin ger\u00e7ekle\u015ftirdi\u011fi meslek at\u00f6lyelerinden mezun olan Hatayl\u0131 depremzede kad\u0131nlar \u00fcreterek iyile\u015fmenin sevincini ya\u015fad\u0131.","og_url":"https:\/\/epochtimestr.com\/index.php\/12-kadinin-uzattigi-el-hatayli-kadinlari-ayaga-kaldirdi","og_site_name":"The Epoch Times TR","article_publisher":"https:\/\/www.facebook.com\/theepochtimestr","article_published_time":"2026-09-03T09:05:07+00:00","article_modified_time":"2026-09-03T09:05:08+00:00","og_image":[{"width":2048,"height":1536,"url":"https:\/\/epochtimestr.com\/wp-content\/uploads\/2011y\/12-Kadin.jpg","type":"image\/jpeg"}],"author":"G.Hakan Ko\u00e7man","twitter_card":"summary_large_image","twitter_creator":"@TheEpochTimesTR","twitter_site":"@TheEpochTimesTR","twitter_misc":{"Yazan:":"G.Hakan Ko\u00e7man","Tahmini okuma s\u00fcresi":"5 dakika"},"schema":{"@context":"https:\/\/schema.org","@graph":[{"@type":"Article","@id":"https:\/\/epochtimestr.com\/index.php\/12-kadinin-uzattigi-el-hatayli-kadinlari-ayaga-kaldirdi#article","isPartOf":{"@id":"https:\/\/epochtimestr.com\/index.php\/12-kadinin-uzattigi-el-hatayli-kadinlari-ayaga-kaldirdi"},"author":{"name":"G.Hakan Ko\u00e7man","@id":"https:\/\/epochtimestr.com\/#\/schema\/person\/b5509977c9a6cd729a3e74d9743d035b"},"headline":"12 Kad\u0131n&#8217;\u0131n Uzatt\u0131\u011f\u0131 El Hatayl\u0131 Kad\u0131nlar\u0131 Aya\u011fa Kald\u0131rd\u0131","datePublished":"2026-09-03T09:05:07+00:00","dateModified":"2026-09-03T09:05:08+00:00","mainEntityOfPage":{"@id":"https:\/\/epochtimestr.com\/index.php\/12-kadinin-uzattigi-el-hatayli-kadinlari-ayaga-kaldirdi"},"wordCount":891,"commentCount":0,"publisher":{"@id":"https:\/\/epochtimestr.com\/#organization"},"image":{"@id":"https:\/\/epochtimestr.com\/index.php\/12-kadinin-uzattigi-el-hatayli-kadinlari-ayaga-kaldirdi#primaryimage"},"thumbnailUrl":"https:\/\/epochtimestr.com\/wp-content\/uploads\/2011y\/12-Kadin.jpg","keywords":["12 Kad\u0131n","Samanda\u011f Belediyesi"],"articleSection":["G\u00dcNDEM","MAN\u015eET","Ya\u015fam"],"inLanguage":"tr","potentialAction":[{"@type":"CommentAction","name":"Comment","target":["https:\/\/epochtimestr.com\/index.php\/12-kadinin-uzattigi-el-hatayli-kadinlari-ayaga-kaldirdi#respond"]}]},{"@type":"WebPage","@id":"https:\/\/epochtimestr.com\/index.php\/12-kadinin-uzattigi-el-hatayli-kadinlari-ayaga-kaldirdi","url":"https:\/\/epochtimestr.com\/index.php\/12-kadinin-uzattigi-el-hatayli-kadinlari-ayaga-kaldirdi","name":"12 Kad\u0131n'\u0131n Uzatt\u0131\u011f\u0131 El Hatayl\u0131 Kad\u0131nlar\u0131 Aya\u011fa Kald\u0131rd\u0131 - The Epoch Times TR","isPartOf":{"@id":"https:\/\/epochtimestr.com\/#website"},"primaryImageOfPage":{"@id":"https:\/\/epochtimestr.com\/index.php\/12-kadinin-uzattigi-el-hatayli-kadinlari-ayaga-kaldirdi#primaryimage"},"image":{"@id":"https:\/\/epochtimestr.com\/index.php\/12-kadinin-uzattigi-el-hatayli-kadinlari-ayaga-kaldirdi#primaryimage"},"thumbnailUrl":"https:\/\/epochtimestr.com\/wp-content\/uploads\/2011y\/12-Kadin.jpg","datePublished":"2026-09-03T09:05:07+00:00","dateModified":"2026-09-03T09:05:08+00:00","description":"12 Kad\u0131n giri\u015fimi ve Samanda\u011f Belediyesinin ger\u00e7ekle\u015ftirdi\u011fi meslek at\u00f6lyelerinden mezun olan Hatayl\u0131 depremzede kad\u0131nlar \u00fcreterek iyile\u015fmenin sevincini ya\u015fad\u0131.","inLanguage":"tr","potentialAction":[{"@type":"ReadAction","target":["https:\/\/epochtimestr.com\/index.php\/12-kadinin-uzattigi-el-hatayli-kadinlari-ayaga-kaldirdi"]}]},{"@type":"ImageObject","inLanguage":"tr","@id":"https:\/\/epochtimestr.com\/index.php\/12-kadinin-uzattigi-el-hatayli-kadinlari-ayaga-kaldirdi#primaryimage","url":"https:\/\/epochtimestr.com\/wp-content\/uploads\/2011y\/12-Kadin.jpg","contentUrl":"https:\/\/epochtimestr.com\/wp-content\/uploads\/2011y\/12-Kadin.jpg","width":2048,"height":1536},{"@type":"WebSite","@id":"https:\/\/epochtimestr.com\/#website","url":"https:\/\/epochtimestr.com\/","name":"The Epoch Times TR","description":"De\u011fi\u015fen D\u00fcnyam\u0131za Taze Bir Bak\u0131\u015f","publisher":{"@id":"https:\/\/epochtimestr.com\/#organization"},"potentialAction":[{"@type":"SearchAction","target":{"@type":"EntryPoint","urlTemplate":"https:\/\/epochtimestr.com\/?s={search_term_string}"},"query-input":"required name=search_term_string"}],"inLanguage":"tr"},{"@type":"Organization","@id":"https:\/\/epochtimestr.com\/#organization","name":"The EpochTimes T\u00fcrkiye","url":"https:\/\/epochtimestr.com\/","logo":{"@type":"ImageObject","inLanguage":"tr","@id":"https:\/\/epochtimestr.com\/#\/schema\/logo\/image\/","url":"https:\/\/epochtimestr.com\/wp-content\/uploads\/2011y\/ET-Logo-YG.jpg","contentUrl":"https:\/\/epochtimestr.com\/wp-content\/uploads\/2011y\/ET-Logo-YG.jpg","width":346,"height":29,"caption":"The EpochTimes T\u00fcrkiye"},"image":{"@id":"https:\/\/epochtimestr.com\/#\/schema\/logo\/image\/"},"sameAs":["https:\/\/www.facebook.com\/theepochtimestr","https:\/\/x.com\/TheEpochTimesTR","https:\/\/www.instagram.com\/epochtimestr"]},{"@type":"Person","@id":"https:\/\/epochtimestr.com\/#\/schema\/person\/b5509977c9a6cd729a3e74d9743d035b","name":"G.Hakan Ko\u00e7man","image":{"@type":"ImageObject","inLanguage":"tr","@id":"https:\/\/epochtimestr.com\/#\/schema\/person\/image\/","url":"https:\/\/secure.gravatar.com\/avatar\/e4eafee1ab5d1f4015c3930376b22ca8?s=96&d=mm&r=g","contentUrl":"https:\/\/secure.gravatar.com\/avatar\/e4eafee1ab5d1f4015c3930376b22ca8?s=96&d=mm&r=g","caption":"G.Hakan Ko\u00e7man"},"url":"https:\/\/epochtimestr.com\/index.php\/author\/hakan"}]}},"_links":{"self":[{"href":"https:\/\/epochtimestr.com\/index.php\/wp-json\/wp\/v2\/posts\/171430"}],"collection":[{"href":"https:\/\/epochtimestr.com\/index.php\/wp-json\/wp\/v2\/posts"}],"about":[{"href":"https:\/\/epochtimestr.com\/index.php\/wp-json\/wp\/v2\/types\/post"}],"author":[{"embeddable":true,"href":"https:\/\/epochtimestr.com\/index.php\/wp-json\/wp\/v2\/users\/22"}],"replies":[{"embeddable":true,"href":"https:\/\/epochtimestr.com\/index.php\/wp-json\/wp\/v2\/comments?post=171430"}],"version-history":[{"count":1,"href":"https:\/\/epochtimestr.com\/index.php\/wp-json\/wp\/v2\/posts\/171430\/revisions"}],"predecessor-version":[{"id":171433,"href":"https:\/\/epochtimestr.com\/index.php\/wp-json\/wp\/v2\/posts\/171430\/revisions\/171433"}],"wp:featuredmedia":[{"embeddable":true,"href":"https:\/\/epochtimestr.com\/index.php\/wp-json\/wp\/v2\/media\/171431"}],"wp:attachment":[{"href":"https:\/\/epochtimestr.com\/index.php\/wp-json\/wp\/v2\/media?parent=171430"}],"wp:term":[{"taxonomy":"category","embeddable":true,"href":"https:\/\/epochtimestr.com\/index.php\/wp-json\/wp\/v2\/categories?post=171430"},{"taxonomy":"post_tag","embeddable":true,"href":"https:\/\/epochtimestr.com\/index.php\/wp-json\/wp\/v2\/tags?post=171430"}],"curies":[{"name":"wp","href":"https:\/\/api.w.org\/{rel}","templated":true}]}}