{"id":171438,"date":"2026-09-03T15:29:33","date_gmt":"2026-09-03T12:29:33","guid":{"rendered":"https:\/\/epochtimestr.com\/?p=171438"},"modified":"2026-09-03T15:29:35","modified_gmt":"2026-09-03T12:29:35","slug":"ahmet-davutogluna-sorusturma-baslatildi","status":"publish","type":"post","link":"https:\/\/epochtimestr.com\/index.php\/ahmet-davutogluna-sorusturma-baslatildi","title":{"rendered":"Ahmet Davuto\u011flu&#8217;na Soru\u015fturma Ba\u015flat\u0131ld\u0131"},"content":{"rendered":"<div class=\"wp-block-image\">\n<figure class=\"aligncenter size-full is-resized\"><img loading=\"lazy\" decoding=\"async\" width=\"740\" height=\"420\" src=\"https:\/\/epochtimestr.com\/wp-content\/uploads\/2011y\/gelecek-partisi-x.jpg\" alt=\"Ahmet Davuto\u011flu'na soru\u015fturma ba\u015flat\u0131ld\u0131. (Foto\u011fraf: Gelecek Partisi x ar\u015fiv)\" class=\"wp-image-171439\" style=\"width:740px;height:auto\" srcset=\"https:\/\/epochtimestr.com\/wp-content\/uploads\/2011y\/gelecek-partisi-x.jpg 740w, https:\/\/epochtimestr.com\/wp-content\/uploads\/2011y\/gelecek-partisi-x-300x170.jpg 300w, https:\/\/epochtimestr.com\/wp-content\/uploads\/2011y\/gelecek-partisi-x-150x85.jpg 150w\" sizes=\"(max-width: 740px) 100vw, 740px\" \/><figcaption class=\"wp-element-caption\">Ahmet Davuto\u011flu&#8217;na soru\u015fturma ba\u015flat\u0131ld\u0131. (Foto\u011fraf: Gelecek Partisi x ar\u015fiv)<\/figcaption><\/figure><\/div>\n\n\n<h2 class=\"wp-block-heading\">Feshedilen Gelecek Partisi&#8217;nin Genel Ba\u015fkan\u0131 Ahmet Davuto\u011flu hakk\u0131nda &#8220;Cumhurba\u015fkan\u0131na hakaret&#8221; iddias\u0131yla soru\u015fturma ba\u015flat\u0131ld\u0131.<\/h2>\n\n\n\n<p>Ankara Cumhuriyet Ba\u015fsavc\u0131l\u0131\u011f\u0131, sosyal medya platformlar\u0131nda dola\u015f\u0131ma sokulan baz\u0131 payla\u015f\u0131mlarda &#8216;cumhurba\u015fkan\u0131na hakaret&#8217; i\u00e7erdi\u011fi de\u011ferlendirilen ifadeler bulundu\u011fu gerek\u00e7esiyle resen inceleme yapt\u0131.<\/p>\n\n\n\n<p>Ba\u015fsavc\u0131l\u0131ktan yap\u0131lan a\u00e7\u0131klamada, inceleme sonucunda\u00a0\u201cfeshedilen <a href=\"https:\/\/epochtimestr.com\/index.php\/gelecek-icin-yasanabilir-bir-dunya-birakin\" target=\"_blank\" rel=\"noreferrer noopener\">Gelecek<\/a> Partisi\u2019nin Genel Ba\u015fkan\u0131\u201d\u00a0Ahmet <a href=\"https:\/\/epochtimestr.com\/index.php\/ahmet-davutoglu-siyaseti-biraktigini-acikladi\" target=\"_blank\" rel=\"noreferrer noopener\">Davuto\u011flu\u00a0<\/a>hakk\u0131nda soru\u015fturma ba\u015flat\u0131ld\u0131\u011f\u0131 bildirildi. Ba\u015fsavc\u0131l\u0131k a\u00e7\u0131klamas\u0131nda, inceleme sonucunda Davuto\u011flu hakk\u0131nda T\u00fcrk Ceza Kanunu&#8217;nun 299\/1. maddesi kapsam\u0131nda &#8220;Cumhurba\u015fkan\u0131\u2019na hakaret&#8221; su\u00e7undan soru\u015fturma ba\u015flat\u0131ld\u0131\u011f\u0131n\u0131 payla\u015ft\u0131.<\/p>\n\n\n\n<p><strong>Ba\u015fsavc\u0131l\u0131\u011f\u0131n a\u00e7\u0131klamas\u0131nda \u015fu ifadelere yer verildi:<\/strong><\/p>\n\n\n\n<p>\u201cSosyal medya platformlar\u0131nda dola\u015f\u0131ma sokulan ve Cumhurba\u015fkan\u0131na hakaret i\u00e7erdi\u011fi de\u011ferlendirilen ifadelerin yer ald\u0131\u011f\u0131 payla\u015f\u0131mlara ili\u015fkin olarak Ankara Cumhuriyet Ba\u015fsavc\u0131l\u0131\u011f\u0131m\u0131zca resen inceleme yap\u0131lm\u0131\u015ft\u0131r.<\/p>\n\n\n\n<p>Yap\u0131lan inceleme neticesinde, feshedilen Gelecek Partisi\u2019nin Genel Ba\u015fkan\u0131 Ahmet Davuto\u011flu hakk\u0131nda T\u00fcrk Ceza Kanunu\u2019nun 299\/1. maddesinde d\u00fczenlenen \u2018Cumhurba\u015fkan\u0131na Hakaret\u2019 su\u00e7u kapsam\u0131nda soru\u015fturma ba\u015flat\u0131lm\u0131\u015ft\u0131r.<\/p>\n\n\n\n<p>Soru\u015fturma, ilgili mevzuat h\u00fck\u00fcmleri \u00e7er\u00e7evesinde titizlikle s\u00fcrd\u00fcr\u00fclmektedir.\u201d<\/p>\n\n\n\n<p><strong>Ne olmu\u015ftu?<\/strong><\/p>\n\n\n\n<p>Gazeteci Altan Sancar&#8217;\u0131n aktard\u0131\u011f\u0131na g\u00f6re Davutuo\u011flu&#8217;na soru\u015fturma a\u00e7\u0131lmas\u0131na neden olan video 2023 y\u0131l\u0131 se\u00e7im d\u00f6nemine ait.&nbsp;Davuto\u011flu s\u00f6z konusu videoda &#8220;Benden sonraki bakanlar gibi bir kuru\u015f haram lokma yemedim. Onlara da &#8216;Haram lokma yemeyin&#8217; dedim. Yediler. \u00c7evrelerini zengin ettiler. Damad\u0131n\u0131 bakan yapt\u0131. Akrabalar\u0131n\u0131 zengin etti. Be\u015f tane m\u00fcteahhide T\u00fcrkiye&#8217;yi pe\u015fke\u015f \u00e7ekti&#8221; \u015feklinde konu\u015fmu\u015ftu.<\/p>\n\n\n\n<figure class=\"wp-block-embed is-type-rich is-provider-x wp-block-embed-x\"><div class=\"wp-block-embed__wrapper\">\n<blockquote class=\"twitter-tweet\" data-width=\"550\" data-dnt=\"true\"><p lang=\"zxx\" dir=\"ltr\"><a href=\"https:\/\/t.co\/8wTyKE7Pcm\">pic.twitter.com\/8wTyKE7Pcm<\/a><\/p>&mdash; Ankara Cumhuriyet Ba\u015fsavc\u0131l\u0131\u011f\u0131 (@ankaracbs) <a href=\"https:\/\/x.com\/ankaracbs\/status\/2095427892305908085?ref_src=twsrc%5Etfw\">September 3, 2026<\/a><\/blockquote><script async src=\"https:\/\/platform.x.com\/widgets.js\" charset=\"utf-8\"><\/script>\n<\/div><\/figure>\n","protected":false},"excerpt":{"rendered":"<p>Feshedilen Gelecek Partisi&#8217;nin Genel Ba\u015fkan\u0131 Ahmet Davuto\u011flu hakk\u0131nda &#8220;Cumhurba\u015fkan\u0131na hakaret&#8221; iddias\u0131yla soru\u015fturma ba\u015flat\u0131ld\u0131. Ankara Cumhuriyet Ba\u015fsavc\u0131l\u0131\u011f\u0131, sosyal medya platformlar\u0131nda dola\u015f\u0131ma sokulan baz\u0131 payla\u015f\u0131mlarda &#8216;cumhurba\u015fkan\u0131na hakaret&#8217; i\u00e7erdi\u011fi de\u011ferlendirilen ifadeler bulundu\u011fu gerek\u00e7esiyle resen inceleme yapt\u0131. Ba\u015fsavc\u0131l\u0131ktan yap\u0131lan a\u00e7\u0131klamada, inceleme sonucunda\u00a0\u201cfeshedilen Gelecek Partisi\u2019nin Genel Ba\u015fkan\u0131\u201d\u00a0Ahmet Davuto\u011flu\u00a0hakk\u0131nda soru\u015fturma ba\u015flat\u0131ld\u0131\u011f\u0131 bildirildi. Ba\u015fsavc\u0131l\u0131k a\u00e7\u0131klamas\u0131nda, inceleme sonucunda Davuto\u011flu hakk\u0131nda T\u00fcrk Ceza Kanunu&#8217;nun [&hellip;]<\/p>\n","protected":false},"author":12791,"featured_media":171439,"comment_status":"open","ping_status":"open","sticky":false,"template":"","format":"standard","meta":{"_yoast_wpseo_focuskw":"Ahmet - soru\u015fturma","_yoast_wpseo_title":"","_yoast_wpseo_metadesc":"Feshedilen Gelecek Partisi'nin Genel Ba\u015fkan\u0131 Ahmet Davuto\u011flu hakk\u0131nda \"Cumhurba\u015fkan\u0131na hakaret\" iddias\u0131yla soru\u015fturma ba\u015flat\u0131ld\u0131.","_bbp_topic_count":0,"_bbp_reply_count":0,"_bbp_total_topic_count":0,"_bbp_total_reply_count":0,"_bbp_voice_count":0,"_bbp_anonymous_reply_count":0,"_bbp_topic_count_hidden":0,"_bbp_reply_count_hidden":0,"_bbp_forum_subforum_count":0,"footnotes":"","_yoast_wpseo_focuskw_text_input":""},"categories":[1,8138,8226],"tags":[642,1364,8860,11962,4875],"yoast_head":"<!-- This site is optimized with the Yoast SEO plugin v23.0 - https:\/\/yoast.com\/wordpress\/plugins\/seo\/ -->\n<title>Ahmet Davuto\u011flu&#039;na Soru\u015fturma Ba\u015flat\u0131ld\u0131 - The Epoch Times TR<\/title>\n<meta name=\"description\" content=\"Feshedilen Gelecek Partisi&#039;nin Genel Ba\u015fkan\u0131 Ahmet Davuto\u011flu hakk\u0131nda &quot;Cumhurba\u015fkan\u0131na hakaret&quot; iddias\u0131yla soru\u015fturma ba\u015flat\u0131ld\u0131.\" \/>\n<meta name=\"robots\" content=\"index, follow, max-snippet:-1, max-image-preview:large, max-video-preview:-1\" \/>\n<link rel=\"canonical\" href=\"https:\/\/epochtimestr.com\/index.php\/ahmet-davutogluna-sorusturma-baslatildi\" \/>\n<meta property=\"og:locale\" content=\"tr_TR\" \/>\n<meta property=\"og:type\" content=\"article\" \/>\n<meta property=\"og:title\" content=\"Ahmet Davuto\u011flu&#039;na Soru\u015fturma Ba\u015flat\u0131ld\u0131 - The Epoch Times TR\" \/>\n<meta property=\"og:description\" content=\"Feshedilen Gelecek Partisi&#039;nin Genel Ba\u015fkan\u0131 Ahmet Davuto\u011flu hakk\u0131nda &quot;Cumhurba\u015fkan\u0131na hakaret&quot; iddias\u0131yla soru\u015fturma ba\u015flat\u0131ld\u0131.\" \/>\n<meta property=\"og:url\" content=\"https:\/\/epochtimestr.com\/index.php\/ahmet-davutogluna-sorusturma-baslatildi\" \/>\n<meta property=\"og:site_name\" content=\"The Epoch Times TR\" \/>\n<meta property=\"article:publisher\" content=\"https:\/\/www.facebook.com\/theepochtimestr\" \/>\n<meta property=\"article:published_time\" content=\"2026-09-03T12:29:33+00:00\" \/>\n<meta property=\"article:modified_time\" content=\"2026-09-03T12:29:35+00:00\" \/>\n<meta property=\"og:image\" content=\"https:\/\/epochtimestr.com\/wp-content\/uploads\/2011y\/gelecek-partisi-x.jpg\" \/>\n\t<meta property=\"og:image:width\" content=\"740\" \/>\n\t<meta property=\"og:image:height\" content=\"420\" \/>\n\t<meta property=\"og:image:type\" content=\"image\/jpeg\" \/>\n<meta name=\"author\" content=\"Haber Merkezi\" \/>\n<meta name=\"twitter:card\" content=\"summary_large_image\" \/>\n<meta name=\"twitter:creator\" content=\"@TheEpochTimesTR\" \/>\n<meta name=\"twitter:site\" content=\"@TheEpochTimesTR\" \/>\n<meta name=\"twitter:label1\" content=\"Yazan:\" \/>\n\t<meta name=\"twitter:data1\" content=\"Haber Merkezi\" \/>\n\t<meta name=\"twitter:label2\" content=\"Tahmini okuma s\u00fcresi\" \/>\n\t<meta name=\"twitter:data2\" content=\"2 dakika\" \/>\n<script type=\"application\/ld+json\" class=\"yoast-schema-graph\">{\"@context\":\"https:\/\/schema.org\",\"@graph\":[{\"@type\":\"Article\",\"@id\":\"https:\/\/epochtimestr.com\/index.php\/ahmet-davutogluna-sorusturma-baslatildi#article\",\"isPartOf\":{\"@id\":\"https:\/\/epochtimestr.com\/index.php\/ahmet-davutogluna-sorusturma-baslatildi\"},\"author\":{\"name\":\"Haber Merkezi\",\"@id\":\"https:\/\/epochtimestr.com\/#\/schema\/person\/3dc5c3adeb9f43923c5aa85889172fdd\"},\"headline\":\"Ahmet Davuto\u011flu&#8217;na Soru\u015fturma Ba\u015flat\u0131ld\u0131\",\"datePublished\":\"2026-09-03T12:29:33+00:00\",\"dateModified\":\"2026-09-03T12:29:35+00:00\",\"mainEntityOfPage\":{\"@id\":\"https:\/\/epochtimestr.com\/index.php\/ahmet-davutogluna-sorusturma-baslatildi\"},\"wordCount\":321,\"commentCount\":0,\"publisher\":{\"@id\":\"https:\/\/epochtimestr.com\/#organization\"},\"image\":{\"@id\":\"https:\/\/epochtimestr.com\/index.php\/ahmet-davutogluna-sorusturma-baslatildi#primaryimage\"},\"thumbnailUrl\":\"https:\/\/epochtimestr.com\/wp-content\/uploads\/2011y\/gelecek-partisi-x.jpg\",\"keywords\":[\"Ahmet Davuto\u011flu\",\"Ankara Cumhuriyet Ba\u015fsavc\u0131l\u0131\u011f\u0131\",\"cumhurba\u015fkan\u0131na hakaret\",\"Gelecek Partisi\",\"soru\u015fturma\"],\"articleSection\":[\"G\u00dcNDEM\",\"MAN\u015eET\",\"Siyaset\"],\"inLanguage\":\"tr\",\"potentialAction\":[{\"@type\":\"CommentAction\",\"name\":\"Comment\",\"target\":[\"https:\/\/epochtimestr.com\/index.php\/ahmet-davutogluna-sorusturma-baslatildi#respond\"]}]},{\"@type\":\"WebPage\",\"@id\":\"https:\/\/epochtimestr.com\/index.php\/ahmet-davutogluna-sorusturma-baslatildi\",\"url\":\"https:\/\/epochtimestr.com\/index.php\/ahmet-davutogluna-sorusturma-baslatildi\",\"name\":\"Ahmet Davuto\u011flu'na Soru\u015fturma Ba\u015flat\u0131ld\u0131 - The Epoch Times TR\",\"isPartOf\":{\"@id\":\"https:\/\/epochtimestr.com\/#website\"},\"primaryImageOfPage\":{\"@id\":\"https:\/\/epochtimestr.com\/index.php\/ahmet-davutogluna-sorusturma-baslatildi#primaryimage\"},\"image\":{\"@id\":\"https:\/\/epochtimestr.com\/index.php\/ahmet-davutogluna-sorusturma-baslatildi#primaryimage\"},\"thumbnailUrl\":\"https:\/\/epochtimestr.com\/wp-content\/uploads\/2011y\/gelecek-partisi-x.jpg\",\"datePublished\":\"2026-09-03T12:29:33+00:00\",\"dateModified\":\"2026-09-03T12:29:35+00:00\",\"description\":\"Feshedilen Gelecek Partisi'nin Genel Ba\u015fkan\u0131 Ahmet Davuto\u011flu hakk\u0131nda \\\"Cumhurba\u015fkan\u0131na hakaret\\\" iddias\u0131yla soru\u015fturma ba\u015flat\u0131ld\u0131.\",\"inLanguage\":\"tr\",\"potentialAction\":[{\"@type\":\"ReadAction\",\"target\":[\"https:\/\/epochtimestr.com\/index.php\/ahmet-davutogluna-sorusturma-baslatildi\"]}]},{\"@type\":\"ImageObject\",\"inLanguage\":\"tr\",\"@id\":\"https:\/\/epochtimestr.com\/index.php\/ahmet-davutogluna-sorusturma-baslatildi#primaryimage\",\"url\":\"https:\/\/epochtimestr.com\/wp-content\/uploads\/2011y\/gelecek-partisi-x.jpg\",\"contentUrl\":\"https:\/\/epochtimestr.com\/wp-content\/uploads\/2011y\/gelecek-partisi-x.jpg\",\"width\":740,\"height\":420},{\"@type\":\"WebSite\",\"@id\":\"https:\/\/epochtimestr.com\/#website\",\"url\":\"https:\/\/epochtimestr.com\/\",\"name\":\"The Epoch Times TR\",\"description\":\"De\u011fi\u015fen D\u00fcnyam\u0131za Taze Bir Bak\u0131\u015f\",\"publisher\":{\"@id\":\"https:\/\/epochtimestr.com\/#organization\"},\"potentialAction\":[{\"@type\":\"SearchAction\",\"target\":{\"@type\":\"EntryPoint\",\"urlTemplate\":\"https:\/\/epochtimestr.com\/?s={search_term_string}\"},\"query-input\":\"required name=search_term_string\"}],\"inLanguage\":\"tr\"},{\"@type\":\"Organization\",\"@id\":\"https:\/\/epochtimestr.com\/#organization\",\"name\":\"The EpochTimes T\u00fcrkiye\",\"url\":\"https:\/\/epochtimestr.com\/\",\"logo\":{\"@type\":\"ImageObject\",\"inLanguage\":\"tr\",\"@id\":\"https:\/\/epochtimestr.com\/#\/schema\/logo\/image\/\",\"url\":\"https:\/\/epochtimestr.com\/wp-content\/uploads\/2011y\/ET-Logo-YG.jpg\",\"contentUrl\":\"https:\/\/epochtimestr.com\/wp-content\/uploads\/2011y\/ET-Logo-YG.jpg\",\"width\":346,\"height\":29,\"caption\":\"The EpochTimes T\u00fcrkiye\"},\"image\":{\"@id\":\"https:\/\/epochtimestr.com\/#\/schema\/logo\/image\/\"},\"sameAs\":[\"https:\/\/www.facebook.com\/theepochtimestr\",\"https:\/\/x.com\/TheEpochTimesTR\",\"https:\/\/www.instagram.com\/epochtimestr\"]},{\"@type\":\"Person\",\"@id\":\"https:\/\/epochtimestr.com\/#\/schema\/person\/3dc5c3adeb9f43923c5aa85889172fdd\",\"name\":\"Haber Merkezi\",\"image\":{\"@type\":\"ImageObject\",\"inLanguage\":\"tr\",\"@id\":\"https:\/\/epochtimestr.com\/#\/schema\/person\/image\/\",\"url\":\"https:\/\/secure.gravatar.com\/avatar\/d73f772ba5a74f28601361e17c2f93e6?s=96&d=mm&r=g\",\"contentUrl\":\"https:\/\/secure.gravatar.com\/avatar\/d73f772ba5a74f28601361e17c2f93e6?s=96&d=mm&r=g\",\"caption\":\"Haber Merkezi\"},\"url\":\"https:\/\/epochtimestr.com\/index.php\/author\/sendag\"}]}<\/script>\n<!-- \/ Yoast SEO plugin. -->","yoast_head_json":{"title":"Ahmet Davuto\u011flu'na Soru\u015fturma Ba\u015flat\u0131ld\u0131 - The Epoch Times TR","description":"Feshedilen Gelecek Partisi'nin Genel Ba\u015fkan\u0131 Ahmet Davuto\u011flu hakk\u0131nda \"Cumhurba\u015fkan\u0131na hakaret\" iddias\u0131yla soru\u015fturma ba\u015flat\u0131ld\u0131.","robots":{"index":"index","follow":"follow","max-snippet":"max-snippet:-1","max-image-preview":"max-image-preview:large","max-video-preview":"max-video-preview:-1"},"canonical":"https:\/\/epochtimestr.com\/index.php\/ahmet-davutogluna-sorusturma-baslatildi","og_locale":"tr_TR","og_type":"article","og_title":"Ahmet Davuto\u011flu'na Soru\u015fturma Ba\u015flat\u0131ld\u0131 - The Epoch Times TR","og_description":"Feshedilen Gelecek Partisi'nin Genel Ba\u015fkan\u0131 Ahmet Davuto\u011flu hakk\u0131nda \"Cumhurba\u015fkan\u0131na hakaret\" iddias\u0131yla soru\u015fturma ba\u015flat\u0131ld\u0131.","og_url":"https:\/\/epochtimestr.com\/index.php\/ahmet-davutogluna-sorusturma-baslatildi","og_site_name":"The Epoch Times TR","article_publisher":"https:\/\/www.facebook.com\/theepochtimestr","article_published_time":"2026-09-03T12:29:33+00:00","article_modified_time":"2026-09-03T12:29:35+00:00","og_image":[{"width":740,"height":420,"url":"https:\/\/epochtimestr.com\/wp-content\/uploads\/2011y\/gelecek-partisi-x.jpg","type":"image\/jpeg"}],"author":"Haber Merkezi","twitter_card":"summary_large_image","twitter_creator":"@TheEpochTimesTR","twitter_site":"@TheEpochTimesTR","twitter_misc":{"Yazan:":"Haber Merkezi","Tahmini okuma s\u00fcresi":"2 dakika"},"schema":{"@context":"https:\/\/schema.org","@graph":[{"@type":"Article","@id":"https:\/\/epochtimestr.com\/index.php\/ahmet-davutogluna-sorusturma-baslatildi#article","isPartOf":{"@id":"https:\/\/epochtimestr.com\/index.php\/ahmet-davutogluna-sorusturma-baslatildi"},"author":{"name":"Haber Merkezi","@id":"https:\/\/epochtimestr.com\/#\/schema\/person\/3dc5c3adeb9f43923c5aa85889172fdd"},"headline":"Ahmet Davuto\u011flu&#8217;na Soru\u015fturma Ba\u015flat\u0131ld\u0131","datePublished":"2026-09-03T12:29:33+00:00","dateModified":"2026-09-03T12:29:35+00:00","mainEntityOfPage":{"@id":"https:\/\/epochtimestr.com\/index.php\/ahmet-davutogluna-sorusturma-baslatildi"},"wordCount":321,"commentCount":0,"publisher":{"@id":"https:\/\/epochtimestr.com\/#organization"},"image":{"@id":"https:\/\/epochtimestr.com\/index.php\/ahmet-davutogluna-sorusturma-baslatildi#primaryimage"},"thumbnailUrl":"https:\/\/epochtimestr.com\/wp-content\/uploads\/2011y\/gelecek-partisi-x.jpg","keywords":["Ahmet Davuto\u011flu","Ankara Cumhuriyet Ba\u015fsavc\u0131l\u0131\u011f\u0131","cumhurba\u015fkan\u0131na hakaret","Gelecek Partisi","soru\u015fturma"],"articleSection":["G\u00dcNDEM","MAN\u015eET","Siyaset"],"inLanguage":"tr","potentialAction":[{"@type":"CommentAction","name":"Comment","target":["https:\/\/epochtimestr.com\/index.php\/ahmet-davutogluna-sorusturma-baslatildi#respond"]}]},{"@type":"WebPage","@id":"https:\/\/epochtimestr.com\/index.php\/ahmet-davutogluna-sorusturma-baslatildi","url":"https:\/\/epochtimestr.com\/index.php\/ahmet-davutogluna-sorusturma-baslatildi","name":"Ahmet Davuto\u011flu'na Soru\u015fturma Ba\u015flat\u0131ld\u0131 - The Epoch Times TR","isPartOf":{"@id":"https:\/\/epochtimestr.com\/#website"},"primaryImageOfPage":{"@id":"https:\/\/epochtimestr.com\/index.php\/ahmet-davutogluna-sorusturma-baslatildi#primaryimage"},"image":{"@id":"https:\/\/epochtimestr.com\/index.php\/ahmet-davutogluna-sorusturma-baslatildi#primaryimage"},"thumbnailUrl":"https:\/\/epochtimestr.com\/wp-content\/uploads\/2011y\/gelecek-partisi-x.jpg","datePublished":"2026-09-03T12:29:33+00:00","dateModified":"2026-09-03T12:29:35+00:00","description":"Feshedilen Gelecek Partisi'nin Genel Ba\u015fkan\u0131 Ahmet Davuto\u011flu hakk\u0131nda \"Cumhurba\u015fkan\u0131na hakaret\" iddias\u0131yla soru\u015fturma ba\u015flat\u0131ld\u0131.","inLanguage":"tr","potentialAction":[{"@type":"ReadAction","target":["https:\/\/epochtimestr.com\/index.php\/ahmet-davutogluna-sorusturma-baslatildi"]}]},{"@type":"ImageObject","inLanguage":"tr","@id":"https:\/\/epochtimestr.com\/index.php\/ahmet-davutogluna-sorusturma-baslatildi#primaryimage","url":"https:\/\/epochtimestr.com\/wp-content\/uploads\/2011y\/gelecek-partisi-x.jpg","contentUrl":"https:\/\/epochtimestr.com\/wp-content\/uploads\/2011y\/gelecek-partisi-x.jpg","width":740,"height":420},{"@type":"WebSite","@id":"https:\/\/epochtimestr.com\/#website","url":"https:\/\/epochtimestr.com\/","name":"The Epoch Times TR","description":"De\u011fi\u015fen D\u00fcnyam\u0131za Taze Bir Bak\u0131\u015f","publisher":{"@id":"https:\/\/epochtimestr.com\/#organization"},"potentialAction":[{"@type":"SearchAction","target":{"@type":"EntryPoint","urlTemplate":"https:\/\/epochtimestr.com\/?s={search_term_string}"},"query-input":"required name=search_term_string"}],"inLanguage":"tr"},{"@type":"Organization","@id":"https:\/\/epochtimestr.com\/#organization","name":"The EpochTimes T\u00fcrkiye","url":"https:\/\/epochtimestr.com\/","logo":{"@type":"ImageObject","inLanguage":"tr","@id":"https:\/\/epochtimestr.com\/#\/schema\/logo\/image\/","url":"https:\/\/epochtimestr.com\/wp-content\/uploads\/2011y\/ET-Logo-YG.jpg","contentUrl":"https:\/\/epochtimestr.com\/wp-content\/uploads\/2011y\/ET-Logo-YG.jpg","width":346,"height":29,"caption":"The EpochTimes T\u00fcrkiye"},"image":{"@id":"https:\/\/epochtimestr.com\/#\/schema\/logo\/image\/"},"sameAs":["https:\/\/www.facebook.com\/theepochtimestr","https:\/\/x.com\/TheEpochTimesTR","https:\/\/www.instagram.com\/epochtimestr"]},{"@type":"Person","@id":"https:\/\/epochtimestr.com\/#\/schema\/person\/3dc5c3adeb9f43923c5aa85889172fdd","name":"Haber Merkezi","image":{"@type":"ImageObject","inLanguage":"tr","@id":"https:\/\/epochtimestr.com\/#\/schema\/person\/image\/","url":"https:\/\/secure.gravatar.com\/avatar\/d73f772ba5a74f28601361e17c2f93e6?s=96&d=mm&r=g","contentUrl":"https:\/\/secure.gravatar.com\/avatar\/d73f772ba5a74f28601361e17c2f93e6?s=96&d=mm&r=g","caption":"Haber Merkezi"},"url":"https:\/\/epochtimestr.com\/index.php\/author\/sendag"}]}},"_links":{"self":[{"href":"https:\/\/epochtimestr.com\/index.php\/wp-json\/wp\/v2\/posts\/171438"}],"collection":[{"href":"https:\/\/epochtimestr.com\/index.php\/wp-json\/wp\/v2\/posts"}],"about":[{"href":"https:\/\/epochtimestr.com\/index.php\/wp-json\/wp\/v2\/types\/post"}],"author":[{"embeddable":true,"href":"https:\/\/epochtimestr.com\/index.php\/wp-json\/wp\/v2\/users\/12791"}],"replies":[{"embeddable":true,"href":"https:\/\/epochtimestr.com\/index.php\/wp-json\/wp\/v2\/comments?post=171438"}],"version-history":[{"count":2,"href":"https:\/\/epochtimestr.com\/index.php\/wp-json\/wp\/v2\/posts\/171438\/revisions"}],"predecessor-version":[{"id":171452,"href":"https:\/\/epochtimestr.com\/index.php\/wp-json\/wp\/v2\/posts\/171438\/revisions\/171452"}],"wp:featuredmedia":[{"embeddable":true,"href":"https:\/\/epochtimestr.com\/index.php\/wp-json\/wp\/v2\/media\/171439"}],"wp:attachment":[{"href":"https:\/\/epochtimestr.com\/index.php\/wp-json\/wp\/v2\/media?parent=171438"}],"wp:term":[{"taxonomy":"category","embeddable":true,"href":"https:\/\/epochtimestr.com\/index.php\/wp-json\/wp\/v2\/categories?post=171438"},{"taxonomy":"post_tag","embeddable":true,"href":"https:\/\/epochtimestr.com\/index.php\/wp-json\/wp\/v2\/tags?post=171438"}],"curies":[{"name":"wp","href":"https:\/\/api.w.org\/{rel}","templated":true}]}}