{"id":171441,"date":"2026-09-03T15:39:31","date_gmt":"2026-09-03T12:39:31","guid":{"rendered":"https:\/\/epochtimestr.com\/?p=171441"},"modified":"2026-09-03T16:01:27","modified_gmt":"2026-09-03T13:01:27","slug":"tuik-agustos-ayi-enflasyon-rakamlarini-acikladi","status":"publish","type":"post","link":"https:\/\/epochtimestr.com\/index.php\/tuik-agustos-ayi-enflasyon-rakamlarini-acikladi","title":{"rendered":"T\u00dc\u0130K A\u011fustos Ay\u0131 Enflasyon Rakamlar\u0131n\u0131 A\u00e7\u0131klad\u0131"},"content":{"rendered":"<div class=\"wp-block-image\">\n<figure class=\"aligncenter size-full is-resized\"><img loading=\"lazy\" decoding=\"async\" width=\"1280\" height=\"1151\" src=\"https:\/\/epochtimestr.com\/wp-content\/uploads\/2011y\/vegetables-155616_1280.webp\" alt=\"\" class=\"wp-image-170873\" style=\"width:826px;height:auto\" srcset=\"https:\/\/epochtimestr.com\/wp-content\/uploads\/2011y\/vegetables-155616_1280.webp 1280w, https:\/\/epochtimestr.com\/wp-content\/uploads\/2011y\/vegetables-155616_1280-300x270.webp 300w, https:\/\/epochtimestr.com\/wp-content\/uploads\/2011y\/vegetables-155616_1280-150x135.webp 150w, https:\/\/epochtimestr.com\/wp-content\/uploads\/2011y\/vegetables-155616_1280-768x691.webp 768w\" sizes=\"(max-width: 1280px) 100vw, 1280px\" \/><figcaption class=\"wp-element-caption\">T\u00fcrkiye \u0130statistik Kurumu (T\u00dc\u0130K) a\u011fustos ay\u0131 enflasyon verilerini a\u00e7\u0131klad\u0131. T\u00fcketici Fiyat Endeksi (T\u00dcFE), a\u011fustosta ayl\u0131k bazda y\u00fczde 1,84 olurken, y\u0131ll\u0131k bazda y\u00fczde 31,51&#8217;e geriledi. (G\u00f6rsel: OpenClipart-Vectors, Pixabay)<\/figcaption><\/figure><\/div>\n\n\n<h2 class=\"wp-block-heading\">A\u011fustos ay\u0131 enflasyon verileri a\u00e7\u0131kland\u0131. T\u00fcketici Fiyat Endeksi (T\u00dcFE), a\u011fustosta ayl\u0131k bazda y\u00fczde 1,84 olurken, y\u0131ll\u0131k bazda y\u00fczde 31,51&#8217;e geriledi. <\/h2>\n\n\n\n<p>T\u00fcrkiye \u0130statistik Kurumu (<a href=\"https:\/\/epochtimestr.com\/index.php\/tuik-sanayi-uretim-endeksi-yillik-bazda-yuzde-14-azaldi\" target=\"_blank\" rel=\"noreferrer noopener\">T\u00dc\u0130K<\/a>) a\u011fustos ay\u0131 enflasyon verilerini a\u00e7\u0131klad\u0131. Buna g\u00f6re, T\u00fcketici fiyat endeksi (T\u00dcFE) ayl\u0131k y\u00fczde 1,84 oran\u0131nda art\u0131\u015f g\u00f6sterirken, y\u0131ll\u0131k <a href=\"https:\/\/epochtimestr.com\/index.php\/ito-acikladi-istanbulda-enflasyon-belli-oldu\" target=\"_blank\" rel=\"noreferrer noopener\">enflasyon<\/a> y\u00fczde 31,51 oldu. <\/p>\n\n\n\n<p><strong>G\u0131dada y\u0131ll\u0131k art\u0131\u015f y\u00fczde 33,79<\/strong><\/p>\n\n\n\n<p>En y\u00fcksek a\u011f\u0131rl\u0131\u011fa sahip \u00fc\u00e7 ana harcama grubunda y\u0131ll\u0131k fiyat art\u0131\u015f\u0131 g\u0131da ve alkols\u00fcz i\u00e7eceklerde y\u00fczde 33,79, ula\u015ft\u0131rmada y\u00fczde 35,08, konut, su, elektrik, gaz ve di\u011fer yak\u0131tlarda y\u00fczde 39,77 olarak ger\u00e7ekle\u015fti.<br \/>Bu gruplar\u0131n y\u0131ll\u0131k enflasyona katk\u0131s\u0131 g\u0131da ve alkols\u00fcz i\u00e7eceklerde 8,12 puan, ula\u015ft\u0131rmada 5,94 puan, konut, su, elektrik, gaz ve di\u011fer yak\u0131tlarda ise 5,01 puan oldu.<\/p>\n\n\n\n<p>A\u011fustosta g\u0131da ve alkols\u00fcz i\u00e7ecek fiyatlar\u0131 bir \u00f6nceki aya g\u00f6re y\u00fczde 0,22 y\u00fckselirken, ula\u015ft\u0131rmada y\u00fczde 4,82, konut, su, elektrik, gaz ve di\u011fer yak\u0131tlarda y\u00fczde 2,26 art\u0131\u015f kaydedildi. S\u00f6z konusu gruplar\u0131n ayl\u0131k enflasyona katk\u0131lar\u0131 g\u0131da ve alkols\u00fcz i\u00e7eceklerde 0,06 puan, ula\u015ft\u0131rmada 0,82 puan ve konutta 0,27 puan olarak hesapland\u0131.<\/p>\n\n\n\n<p><strong>E\u011fitim fiyatlar\u0131 ayl\u0131k y\u00fczde 8,62 y\u00fckseldi<\/strong><\/p>\n\n\n\n<p>Ana harcama gruplar\u0131 aras\u0131nda a\u011fustosta en y\u00fcksek ayl\u0131k art\u0131\u015f y\u00fczde 8,62 ile e\u011fitimde ger\u00e7ekle\u015fti. Alkoll\u00fc i\u00e7ecekler ve t\u00fct\u00fcnde fiyatlar y\u00fczde 6,89 artarken, giyim ve ayakkab\u0131 grubunda y\u00fczde 3,54 d\u00fc\u015f\u00fc\u015f ya\u015fand\u0131.<br \/>Y\u0131ll\u0131k bazda e\u011fitim fiyatlar\u0131ndaki art\u0131\u015f y\u00fczde 53,44&#8217;e ula\u015f\u0131rken, sa\u011fl\u0131kta y\u00fczde 43,46, lokanta ve konaklama hizmetlerinde y\u00fczde 31,16 art\u0131\u015f kaydedildi.<\/p>\n\n\n\n<p><strong>174 alt s\u0131n\u0131f\u0131n 134&#8217;\u00fcnde fiyatlar artt\u0131<\/strong><\/p>\n\n\n\n<p>A\u011fustos itibar\u0131yla T\u00dcFE kapsam\u0131nda izlenen 174 alt s\u0131n\u0131f\u0131n 134&#8217;\u00fcnde fiyat art\u0131\u015f\u0131 ger\u00e7ekle\u015fti. 35 alt s\u0131n\u0131f\u0131n endeksinde d\u00fc\u015f\u00fc\u015f ya\u015fan\u0131rken, 5 alt s\u0131n\u0131fta de\u011fi\u015fim olmad\u0131.<\/p>\n\n\n\n<h3 class=\"wp-block-heading\"><strong>\u00d6zel kapsaml\u0131 T\u00dcFE y\u00fczde 30,68 artt\u0131<\/strong><\/h3>\n\n\n\n<p>\u0130\u015flenmemi\u015f g\u0131da \u00fcr\u00fcnleri, enerji, alkoll\u00fc i\u00e7kiler ve t\u00fct\u00fcn ile alt\u0131n hari\u00e7 tutularak hesaplanan \u00f6zel kapsaml\u0131 T\u00dcFE g\u00f6stergesi (B), a\u011fustosta ayl\u0131k y\u00fczde 1,84 artt\u0131. Bu g\u00f6stergedeki art\u0131\u015f Aral\u0131k 2025&#8217;e g\u00f6re y\u00fczde 20,97, y\u0131ll\u0131k bazda y\u00fczde 30,68 ve on iki ayl\u0131k ortalamalara g\u00f6re y\u00fczde 31,12 olarak ger\u00e7ekle\u015fti.<\/p>\n\n\n\n<p>Enerji, g\u0131da ve alkols\u00fcz i\u00e7ecekler, alkoll\u00fc i\u00e7kiler ile t\u00fct\u00fcn \u00fcr\u00fcnleri ve alt\u0131n hari\u00e7 T\u00dcFE g\u00f6stergesinde ise ayl\u0131k art\u0131\u015f y\u00fczde 1,81, y\u0131ll\u0131k art\u0131\u015f y\u00fczde 30,07 oldu.<\/p>\n\n\n\n<p>AA Finans Enflasyon Beklenti Anketi&#8217;ne kat\u0131lan ekonomistler, T\u00fcketici Fiyat Endeksi&#8217;nin (T\u00dcFE) a\u011fustosta y\u00fczde 1,86 artaca\u011f\u0131n\u0131 tahmin etmi\u015fti. Buna g\u00f6re A\u011fustos ay\u0131 enflasyonu beklentilerin alt\u0131nda kald\u0131. \u00d6te yandan, ekonomistlerin y\u0131l sonu enflasyon beklentilerinin ortalamas\u0131 y\u00fczde 29,49 oldu.T\u00fcketici Fiyat Endeksi, temmuz ay\u0131nda y\u00fczde 1,78 art\u0131\u015f g\u00f6stermi\u015fti.<\/p>\n\n\n\n<figure class=\"wp-block-embed is-type-rich is-provider-x wp-block-embed-x\"><div class=\"wp-block-embed__wrapper\">\n<blockquote class=\"twitter-tweet\" data-width=\"550\" data-dnt=\"true\"><p lang=\"tr\" dir=\"ltr\">T\u00fcketici Fiyat Endeksi, A\u011fustos 2026<br><br>T\u00fcketici fiyat endeksi (T\u00dcFE) y\u0131ll\u0131k %31,51 artt\u0131, ayl\u0131k %1,84 artt\u0131<br><br>Detaylar i\u00e7in web sitemizi ziyaret edebilirsiniz. \ud83d\udd0e<br>\u21aa\ufe0f   <a href=\"https:\/\/t.co\/Jc2JCjvCwS\">https:\/\/t.co\/Jc2JCjvCwS<\/a> <a href=\"https:\/\/t.co\/tmeXS2fs4K\">pic.twitter.com\/tmeXS2fs4K<\/a><\/p>&mdash; tuik.gov.tr (@tuikbilgi) <a href=\"https:\/\/x.com\/tuikbilgi\/status\/2095419744627110262?ref_src=twsrc%5Etfw\">September 3, 2026<\/a><\/blockquote><script async src=\"https:\/\/platform.x.com\/widgets.js\" charset=\"utf-8\"><\/script>\n<\/div><\/figure>\n\n\n\n<p><strong>ENAG Enflasyon Verileri<\/strong><\/p>\n\n\n\n<p>Enflasyon Ara\u015ft\u0131rma Grubu (ENAG), 2026 A\u011fustos ay\u0131na ili\u015fkin E-T\u00dcFE verilerini a\u00e7\u0131klad\u0131. Buna g\u00f6re ENAGrup T\u00fcketici Fiyat Endeksi (E-T\u00dcFE), a\u011fustos ay\u0131nda bir \u00f6nceki aya g\u00f6re y\u00fczde 2,24 oran\u0131nda artt\u0131. Y\u0131ll\u0131k enflasyon art\u0131\u015f oran\u0131 ise y\u00fczde 49,03 olarak hesapland\u0131.<\/p>\n\n\n\n<figure class=\"wp-block-embed is-type-rich is-provider-x wp-block-embed-x\"><div class=\"wp-block-embed__wrapper\">\n<blockquote class=\"twitter-tweet\" data-width=\"550\" data-dnt=\"true\"><p lang=\"tr\" dir=\"ltr\">Enflasyon Ara\u015ft\u0131rma Grubu (ENAG) taraf\u0131ndan hesaplanan T\u00fcketici Fiyat Endeksi (E-T\u00dcFE), A\u011fustos 2026 d\u00f6neminde %2,24 oran\u0131nda artm\u0131\u015ft\u0131r.<br><br>E-T\u00dcFE\u2019nin son 12 ayl\u0131k art\u0131\u015f oran\u0131 ise %49,03 olarak ger\u00e7ekle\u015fmi\u015ftir.<a href=\"https:\/\/x.com\/ENAGRUP?ref_src=twsrc%5Etfw\">@ENAGRUP<\/a><\/p>&mdash; ENAG (@ENAGRUP) <a href=\"https:\/\/x.com\/ENAGRUP\/status\/2095395113271005543?ref_src=twsrc%5Etfw\">September 3, 2026<\/a><\/blockquote><script async src=\"https:\/\/platform.x.com\/widgets.js\" charset=\"utf-8\"><\/script>\n<\/div><\/figure>\n","protected":false},"excerpt":{"rendered":"<p>A\u011fustos ay\u0131 enflasyon verileri a\u00e7\u0131kland\u0131. T\u00fcketici Fiyat Endeksi (T\u00dcFE), a\u011fustosta ayl\u0131k bazda y\u00fczde 1,84 olurken, y\u0131ll\u0131k bazda y\u00fczde 31,51&#8217;e geriledi. T\u00fcrkiye \u0130statistik Kurumu (T\u00dc\u0130K) a\u011fustos ay\u0131 enflasyon verilerini a\u00e7\u0131klad\u0131. Buna g\u00f6re, T\u00fcketici fiyat endeksi (T\u00dcFE) ayl\u0131k y\u00fczde 1,84 oran\u0131nda art\u0131\u015f g\u00f6sterirken, y\u0131ll\u0131k enflasyon y\u00fczde 31,51 oldu. G\u0131dada y\u0131ll\u0131k art\u0131\u015f y\u00fczde 33,79 En y\u00fcksek a\u011f\u0131rl\u0131\u011fa sahip [&hellip;]<\/p>\n","protected":false},"author":12791,"featured_media":170873,"comment_status":"open","ping_status":"open","sticky":false,"template":"","format":"standard","meta":{"_yoast_wpseo_focuskw":"a\u011fustos - enflasyon","_yoast_wpseo_title":"","_yoast_wpseo_metadesc":"A\u011fustos ay\u0131 enflasyon verileri a\u00e7\u0131kland\u0131. T\u00dcFE, a\u011fustosta ayl\u0131k bazda y\u00fczde 1,84 olurken, y\u0131ll\u0131k bazda y\u00fczde 31,51'e geriledi.","_bbp_topic_count":0,"_bbp_reply_count":0,"_bbp_total_topic_count":0,"_bbp_total_reply_count":0,"_bbp_voice_count":0,"_bbp_anonymous_reply_count":0,"_bbp_topic_count_hidden":0,"_bbp_reply_count_hidden":0,"_bbp_forum_subforum_count":0,"footnotes":"","_yoast_wpseo_focuskw_text_input":""},"categories":[8225,1,8138],"tags":[1616,8759,11598],"yoast_head":"<!-- This site is optimized with the Yoast SEO plugin v23.0 - https:\/\/yoast.com\/wordpress\/plugins\/seo\/ -->\n<title>T\u00dc\u0130K A\u011fustos Ay\u0131 Enflasyon Rakamlar\u0131n\u0131 A\u00e7\u0131klad\u0131 - The Epoch Times TR<\/title>\n<meta name=\"description\" content=\"A\u011fustos ay\u0131 enflasyon verileri a\u00e7\u0131kland\u0131. T\u00dcFE, a\u011fustosta ayl\u0131k bazda y\u00fczde 1,84 olurken, y\u0131ll\u0131k bazda y\u00fczde 31,51&#039;e geriledi.\" \/>\n<meta name=\"robots\" content=\"index, follow, max-snippet:-1, max-image-preview:large, max-video-preview:-1\" \/>\n<link rel=\"canonical\" href=\"https:\/\/epochtimestr.com\/index.php\/tuik-agustos-ayi-enflasyon-rakamlarini-acikladi\" \/>\n<meta property=\"og:locale\" content=\"tr_TR\" \/>\n<meta property=\"og:type\" content=\"article\" \/>\n<meta property=\"og:title\" content=\"T\u00dc\u0130K A\u011fustos Ay\u0131 Enflasyon Rakamlar\u0131n\u0131 A\u00e7\u0131klad\u0131 - The Epoch Times TR\" \/>\n<meta property=\"og:description\" content=\"A\u011fustos ay\u0131 enflasyon verileri a\u00e7\u0131kland\u0131. T\u00dcFE, a\u011fustosta ayl\u0131k bazda y\u00fczde 1,84 olurken, y\u0131ll\u0131k bazda y\u00fczde 31,51&#039;e geriledi.\" \/>\n<meta property=\"og:url\" content=\"https:\/\/epochtimestr.com\/index.php\/tuik-agustos-ayi-enflasyon-rakamlarini-acikladi\" \/>\n<meta property=\"og:site_name\" content=\"The Epoch Times TR\" \/>\n<meta property=\"article:publisher\" content=\"https:\/\/www.facebook.com\/theepochtimestr\" \/>\n<meta property=\"article:published_time\" content=\"2026-09-03T12:39:31+00:00\" \/>\n<meta property=\"article:modified_time\" content=\"2026-09-03T13:01:27+00:00\" \/>\n<meta property=\"og:image\" content=\"https:\/\/epochtimestr.com\/wp-content\/uploads\/2011y\/vegetables-155616_1280.webp\" \/>\n\t<meta property=\"og:image:width\" content=\"1280\" \/>\n\t<meta property=\"og:image:height\" content=\"1151\" \/>\n\t<meta property=\"og:image:type\" content=\"image\/webp\" \/>\n<meta name=\"author\" content=\"Haber Merkezi\" \/>\n<meta name=\"twitter:card\" content=\"summary_large_image\" \/>\n<meta name=\"twitter:creator\" content=\"@TheEpochTimesTR\" \/>\n<meta name=\"twitter:site\" content=\"@TheEpochTimesTR\" \/>\n<meta name=\"twitter:label1\" content=\"Yazan:\" \/>\n\t<meta name=\"twitter:data1\" content=\"Haber Merkezi\" \/>\n\t<meta name=\"twitter:label2\" content=\"Tahmini okuma s\u00fcresi\" \/>\n\t<meta name=\"twitter:data2\" content=\"3 dakika\" \/>\n<script type=\"application\/ld+json\" class=\"yoast-schema-graph\">{\"@context\":\"https:\/\/schema.org\",\"@graph\":[{\"@type\":\"Article\",\"@id\":\"https:\/\/epochtimestr.com\/index.php\/tuik-agustos-ayi-enflasyon-rakamlarini-acikladi#article\",\"isPartOf\":{\"@id\":\"https:\/\/epochtimestr.com\/index.php\/tuik-agustos-ayi-enflasyon-rakamlarini-acikladi\"},\"author\":{\"name\":\"Haber Merkezi\",\"@id\":\"https:\/\/epochtimestr.com\/#\/schema\/person\/3dc5c3adeb9f43923c5aa85889172fdd\"},\"headline\":\"T\u00dc\u0130K A\u011fustos Ay\u0131 Enflasyon Rakamlar\u0131n\u0131 A\u00e7\u0131klad\u0131\",\"datePublished\":\"2026-09-03T12:39:31+00:00\",\"dateModified\":\"2026-09-03T13:01:27+00:00\",\"mainEntityOfPage\":{\"@id\":\"https:\/\/epochtimestr.com\/index.php\/tuik-agustos-ayi-enflasyon-rakamlarini-acikladi\"},\"wordCount\":623,\"commentCount\":0,\"publisher\":{\"@id\":\"https:\/\/epochtimestr.com\/#organization\"},\"image\":{\"@id\":\"https:\/\/epochtimestr.com\/index.php\/tuik-agustos-ayi-enflasyon-rakamlarini-acikladi#primaryimage\"},\"thumbnailUrl\":\"https:\/\/epochtimestr.com\/wp-content\/uploads\/2011y\/vegetables-155616_1280.webp\",\"keywords\":[\"enflasyon\",\"T\u00dcFE\",\"TU\u0130K\"],\"articleSection\":[\"Ekonomi\",\"G\u00dcNDEM\",\"MAN\u015eET\"],\"inLanguage\":\"tr\",\"potentialAction\":[{\"@type\":\"CommentAction\",\"name\":\"Comment\",\"target\":[\"https:\/\/epochtimestr.com\/index.php\/tuik-agustos-ayi-enflasyon-rakamlarini-acikladi#respond\"]}]},{\"@type\":\"WebPage\",\"@id\":\"https:\/\/epochtimestr.com\/index.php\/tuik-agustos-ayi-enflasyon-rakamlarini-acikladi\",\"url\":\"https:\/\/epochtimestr.com\/index.php\/tuik-agustos-ayi-enflasyon-rakamlarini-acikladi\",\"name\":\"T\u00dc\u0130K A\u011fustos Ay\u0131 Enflasyon Rakamlar\u0131n\u0131 A\u00e7\u0131klad\u0131 - The Epoch Times TR\",\"isPartOf\":{\"@id\":\"https:\/\/epochtimestr.com\/#website\"},\"primaryImageOfPage\":{\"@id\":\"https:\/\/epochtimestr.com\/index.php\/tuik-agustos-ayi-enflasyon-rakamlarini-acikladi#primaryimage\"},\"image\":{\"@id\":\"https:\/\/epochtimestr.com\/index.php\/tuik-agustos-ayi-enflasyon-rakamlarini-acikladi#primaryimage\"},\"thumbnailUrl\":\"https:\/\/epochtimestr.com\/wp-content\/uploads\/2011y\/vegetables-155616_1280.webp\",\"datePublished\":\"2026-09-03T12:39:31+00:00\",\"dateModified\":\"2026-09-03T13:01:27+00:00\",\"description\":\"A\u011fustos ay\u0131 enflasyon verileri a\u00e7\u0131kland\u0131. T\u00dcFE, a\u011fustosta ayl\u0131k bazda y\u00fczde 1,84 olurken, y\u0131ll\u0131k bazda y\u00fczde 31,51'e geriledi.\",\"inLanguage\":\"tr\",\"potentialAction\":[{\"@type\":\"ReadAction\",\"target\":[\"https:\/\/epochtimestr.com\/index.php\/tuik-agustos-ayi-enflasyon-rakamlarini-acikladi\"]}]},{\"@type\":\"ImageObject\",\"inLanguage\":\"tr\",\"@id\":\"https:\/\/epochtimestr.com\/index.php\/tuik-agustos-ayi-enflasyon-rakamlarini-acikladi#primaryimage\",\"url\":\"https:\/\/epochtimestr.com\/wp-content\/uploads\/2011y\/vegetables-155616_1280.webp\",\"contentUrl\":\"https:\/\/epochtimestr.com\/wp-content\/uploads\/2011y\/vegetables-155616_1280.webp\",\"width\":1280,\"height\":1151},{\"@type\":\"WebSite\",\"@id\":\"https:\/\/epochtimestr.com\/#website\",\"url\":\"https:\/\/epochtimestr.com\/\",\"name\":\"The Epoch Times TR\",\"description\":\"De\u011fi\u015fen D\u00fcnyam\u0131za Taze Bir Bak\u0131\u015f\",\"publisher\":{\"@id\":\"https:\/\/epochtimestr.com\/#organization\"},\"potentialAction\":[{\"@type\":\"SearchAction\",\"target\":{\"@type\":\"EntryPoint\",\"urlTemplate\":\"https:\/\/epochtimestr.com\/?s={search_term_string}\"},\"query-input\":\"required name=search_term_string\"}],\"inLanguage\":\"tr\"},{\"@type\":\"Organization\",\"@id\":\"https:\/\/epochtimestr.com\/#organization\",\"name\":\"The EpochTimes T\u00fcrkiye\",\"url\":\"https:\/\/epochtimestr.com\/\",\"logo\":{\"@type\":\"ImageObject\",\"inLanguage\":\"tr\",\"@id\":\"https:\/\/epochtimestr.com\/#\/schema\/logo\/image\/\",\"url\":\"https:\/\/epochtimestr.com\/wp-content\/uploads\/2011y\/ET-Logo-YG.jpg\",\"contentUrl\":\"https:\/\/epochtimestr.com\/wp-content\/uploads\/2011y\/ET-Logo-YG.jpg\",\"width\":346,\"height\":29,\"caption\":\"The EpochTimes T\u00fcrkiye\"},\"image\":{\"@id\":\"https:\/\/epochtimestr.com\/#\/schema\/logo\/image\/\"},\"sameAs\":[\"https:\/\/www.facebook.com\/theepochtimestr\",\"https:\/\/x.com\/TheEpochTimesTR\",\"https:\/\/www.instagram.com\/epochtimestr\"]},{\"@type\":\"Person\",\"@id\":\"https:\/\/epochtimestr.com\/#\/schema\/person\/3dc5c3adeb9f43923c5aa85889172fdd\",\"name\":\"Haber Merkezi\",\"image\":{\"@type\":\"ImageObject\",\"inLanguage\":\"tr\",\"@id\":\"https:\/\/epochtimestr.com\/#\/schema\/person\/image\/\",\"url\":\"https:\/\/secure.gravatar.com\/avatar\/d73f772ba5a74f28601361e17c2f93e6?s=96&d=mm&r=g\",\"contentUrl\":\"https:\/\/secure.gravatar.com\/avatar\/d73f772ba5a74f28601361e17c2f93e6?s=96&d=mm&r=g\",\"caption\":\"Haber Merkezi\"},\"url\":\"https:\/\/epochtimestr.com\/index.php\/author\/sendag\"}]}<\/script>\n<!-- \/ Yoast SEO plugin. -->","yoast_head_json":{"title":"T\u00dc\u0130K A\u011fustos Ay\u0131 Enflasyon Rakamlar\u0131n\u0131 A\u00e7\u0131klad\u0131 - The Epoch Times TR","description":"A\u011fustos ay\u0131 enflasyon verileri a\u00e7\u0131kland\u0131. T\u00dcFE, a\u011fustosta ayl\u0131k bazda y\u00fczde 1,84 olurken, y\u0131ll\u0131k bazda y\u00fczde 31,51'e geriledi.","robots":{"index":"index","follow":"follow","max-snippet":"max-snippet:-1","max-image-preview":"max-image-preview:large","max-video-preview":"max-video-preview:-1"},"canonical":"https:\/\/epochtimestr.com\/index.php\/tuik-agustos-ayi-enflasyon-rakamlarini-acikladi","og_locale":"tr_TR","og_type":"article","og_title":"T\u00dc\u0130K A\u011fustos Ay\u0131 Enflasyon Rakamlar\u0131n\u0131 A\u00e7\u0131klad\u0131 - The Epoch Times TR","og_description":"A\u011fustos ay\u0131 enflasyon verileri a\u00e7\u0131kland\u0131. T\u00dcFE, a\u011fustosta ayl\u0131k bazda y\u00fczde 1,84 olurken, y\u0131ll\u0131k bazda y\u00fczde 31,51'e geriledi.","og_url":"https:\/\/epochtimestr.com\/index.php\/tuik-agustos-ayi-enflasyon-rakamlarini-acikladi","og_site_name":"The Epoch Times TR","article_publisher":"https:\/\/www.facebook.com\/theepochtimestr","article_published_time":"2026-09-03T12:39:31+00:00","article_modified_time":"2026-09-03T13:01:27+00:00","og_image":[{"width":1280,"height":1151,"url":"https:\/\/epochtimestr.com\/wp-content\/uploads\/2011y\/vegetables-155616_1280.webp","type":"image\/webp"}],"author":"Haber Merkezi","twitter_card":"summary_large_image","twitter_creator":"@TheEpochTimesTR","twitter_site":"@TheEpochTimesTR","twitter_misc":{"Yazan:":"Haber Merkezi","Tahmini okuma s\u00fcresi":"3 dakika"},"schema":{"@context":"https:\/\/schema.org","@graph":[{"@type":"Article","@id":"https:\/\/epochtimestr.com\/index.php\/tuik-agustos-ayi-enflasyon-rakamlarini-acikladi#article","isPartOf":{"@id":"https:\/\/epochtimestr.com\/index.php\/tuik-agustos-ayi-enflasyon-rakamlarini-acikladi"},"author":{"name":"Haber Merkezi","@id":"https:\/\/epochtimestr.com\/#\/schema\/person\/3dc5c3adeb9f43923c5aa85889172fdd"},"headline":"T\u00dc\u0130K A\u011fustos Ay\u0131 Enflasyon Rakamlar\u0131n\u0131 A\u00e7\u0131klad\u0131","datePublished":"2026-09-03T12:39:31+00:00","dateModified":"2026-09-03T13:01:27+00:00","mainEntityOfPage":{"@id":"https:\/\/epochtimestr.com\/index.php\/tuik-agustos-ayi-enflasyon-rakamlarini-acikladi"},"wordCount":623,"commentCount":0,"publisher":{"@id":"https:\/\/epochtimestr.com\/#organization"},"image":{"@id":"https:\/\/epochtimestr.com\/index.php\/tuik-agustos-ayi-enflasyon-rakamlarini-acikladi#primaryimage"},"thumbnailUrl":"https:\/\/epochtimestr.com\/wp-content\/uploads\/2011y\/vegetables-155616_1280.webp","keywords":["enflasyon","T\u00dcFE","TU\u0130K"],"articleSection":["Ekonomi","G\u00dcNDEM","MAN\u015eET"],"inLanguage":"tr","potentialAction":[{"@type":"CommentAction","name":"Comment","target":["https:\/\/epochtimestr.com\/index.php\/tuik-agustos-ayi-enflasyon-rakamlarini-acikladi#respond"]}]},{"@type":"WebPage","@id":"https:\/\/epochtimestr.com\/index.php\/tuik-agustos-ayi-enflasyon-rakamlarini-acikladi","url":"https:\/\/epochtimestr.com\/index.php\/tuik-agustos-ayi-enflasyon-rakamlarini-acikladi","name":"T\u00dc\u0130K A\u011fustos Ay\u0131 Enflasyon Rakamlar\u0131n\u0131 A\u00e7\u0131klad\u0131 - The Epoch Times TR","isPartOf":{"@id":"https:\/\/epochtimestr.com\/#website"},"primaryImageOfPage":{"@id":"https:\/\/epochtimestr.com\/index.php\/tuik-agustos-ayi-enflasyon-rakamlarini-acikladi#primaryimage"},"image":{"@id":"https:\/\/epochtimestr.com\/index.php\/tuik-agustos-ayi-enflasyon-rakamlarini-acikladi#primaryimage"},"thumbnailUrl":"https:\/\/epochtimestr.com\/wp-content\/uploads\/2011y\/vegetables-155616_1280.webp","datePublished":"2026-09-03T12:39:31+00:00","dateModified":"2026-09-03T13:01:27+00:00","description":"A\u011fustos ay\u0131 enflasyon verileri a\u00e7\u0131kland\u0131. T\u00dcFE, a\u011fustosta ayl\u0131k bazda y\u00fczde 1,84 olurken, y\u0131ll\u0131k bazda y\u00fczde 31,51'e geriledi.","inLanguage":"tr","potentialAction":[{"@type":"ReadAction","target":["https:\/\/epochtimestr.com\/index.php\/tuik-agustos-ayi-enflasyon-rakamlarini-acikladi"]}]},{"@type":"ImageObject","inLanguage":"tr","@id":"https:\/\/epochtimestr.com\/index.php\/tuik-agustos-ayi-enflasyon-rakamlarini-acikladi#primaryimage","url":"https:\/\/epochtimestr.com\/wp-content\/uploads\/2011y\/vegetables-155616_1280.webp","contentUrl":"https:\/\/epochtimestr.com\/wp-content\/uploads\/2011y\/vegetables-155616_1280.webp","width":1280,"height":1151},{"@type":"WebSite","@id":"https:\/\/epochtimestr.com\/#website","url":"https:\/\/epochtimestr.com\/","name":"The Epoch Times TR","description":"De\u011fi\u015fen D\u00fcnyam\u0131za Taze Bir Bak\u0131\u015f","publisher":{"@id":"https:\/\/epochtimestr.com\/#organization"},"potentialAction":[{"@type":"SearchAction","target":{"@type":"EntryPoint","urlTemplate":"https:\/\/epochtimestr.com\/?s={search_term_string}"},"query-input":"required name=search_term_string"}],"inLanguage":"tr"},{"@type":"Organization","@id":"https:\/\/epochtimestr.com\/#organization","name":"The EpochTimes T\u00fcrkiye","url":"https:\/\/epochtimestr.com\/","logo":{"@type":"ImageObject","inLanguage":"tr","@id":"https:\/\/epochtimestr.com\/#\/schema\/logo\/image\/","url":"https:\/\/epochtimestr.com\/wp-content\/uploads\/2011y\/ET-Logo-YG.jpg","contentUrl":"https:\/\/epochtimestr.com\/wp-content\/uploads\/2011y\/ET-Logo-YG.jpg","width":346,"height":29,"caption":"The EpochTimes T\u00fcrkiye"},"image":{"@id":"https:\/\/epochtimestr.com\/#\/schema\/logo\/image\/"},"sameAs":["https:\/\/www.facebook.com\/theepochtimestr","https:\/\/x.com\/TheEpochTimesTR","https:\/\/www.instagram.com\/epochtimestr"]},{"@type":"Person","@id":"https:\/\/epochtimestr.com\/#\/schema\/person\/3dc5c3adeb9f43923c5aa85889172fdd","name":"Haber Merkezi","image":{"@type":"ImageObject","inLanguage":"tr","@id":"https:\/\/epochtimestr.com\/#\/schema\/person\/image\/","url":"https:\/\/secure.gravatar.com\/avatar\/d73f772ba5a74f28601361e17c2f93e6?s=96&d=mm&r=g","contentUrl":"https:\/\/secure.gravatar.com\/avatar\/d73f772ba5a74f28601361e17c2f93e6?s=96&d=mm&r=g","caption":"Haber Merkezi"},"url":"https:\/\/epochtimestr.com\/index.php\/author\/sendag"}]}},"_links":{"self":[{"href":"https:\/\/epochtimestr.com\/index.php\/wp-json\/wp\/v2\/posts\/171441"}],"collection":[{"href":"https:\/\/epochtimestr.com\/index.php\/wp-json\/wp\/v2\/posts"}],"about":[{"href":"https:\/\/epochtimestr.com\/index.php\/wp-json\/wp\/v2\/types\/post"}],"author":[{"embeddable":true,"href":"https:\/\/epochtimestr.com\/index.php\/wp-json\/wp\/v2\/users\/12791"}],"replies":[{"embeddable":true,"href":"https:\/\/epochtimestr.com\/index.php\/wp-json\/wp\/v2\/comments?post=171441"}],"version-history":[{"count":2,"href":"https:\/\/epochtimestr.com\/index.php\/wp-json\/wp\/v2\/posts\/171441\/revisions"}],"predecessor-version":[{"id":171456,"href":"https:\/\/epochtimestr.com\/index.php\/wp-json\/wp\/v2\/posts\/171441\/revisions\/171456"}],"wp:featuredmedia":[{"embeddable":true,"href":"https:\/\/epochtimestr.com\/index.php\/wp-json\/wp\/v2\/media\/170873"}],"wp:attachment":[{"href":"https:\/\/epochtimestr.com\/index.php\/wp-json\/wp\/v2\/media?parent=171441"}],"wp:term":[{"taxonomy":"category","embeddable":true,"href":"https:\/\/epochtimestr.com\/index.php\/wp-json\/wp\/v2\/categories?post=171441"},{"taxonomy":"post_tag","embeddable":true,"href":"https:\/\/epochtimestr.com\/index.php\/wp-json\/wp\/v2\/tags?post=171441"}],"curies":[{"name":"wp","href":"https:\/\/api.w.org\/{rel}","templated":true}]}}