{"id":171443,"date":"2026-09-03T15:50:36","date_gmt":"2026-09-03T12:50:36","guid":{"rendered":"https:\/\/epochtimestr.com\/?p=171443"},"modified":"2026-09-03T16:01:46","modified_gmt":"2026-09-03T13:01:46","slug":"polatlida-baslatilan-pilot-projede-toy-kuslarina-265-milyon-destek","status":"publish","type":"post","link":"https:\/\/epochtimestr.com\/index.php\/polatlida-baslatilan-pilot-projede-toy-kuslarina-265-milyon-destek","title":{"rendered":"Polatl\u0131&#8217;da Ba\u015flat\u0131lan Pilot Projede Toy Ku\u015flar\u0131na 265 Milyon Destek"},"content":{"rendered":"<div class=\"wp-block-image\">\n<figure class=\"aligncenter size-full\"><img loading=\"lazy\" decoding=\"async\" width=\"1280\" height=\"720\" src=\"https:\/\/epochtimestr.com\/wp-content\/uploads\/2011y\/TASB_DFC1.jpg\" alt=\"Ankara Polatl\u0131'da ba\u015flat\u0131lan pilot projede toy ku\u015flar\u0131\u0131na 265 milyon destek (Foto\u011fraf: TASB-DFC, Pixabay) \" class=\"wp-image-171444\" srcset=\"https:\/\/epochtimestr.com\/wp-content\/uploads\/2011y\/TASB_DFC1.jpg 1280w, https:\/\/epochtimestr.com\/wp-content\/uploads\/2011y\/TASB_DFC1-300x169.jpg 300w, https:\/\/epochtimestr.com\/wp-content\/uploads\/2011y\/TASB_DFC1-150x84.jpg 150w, https:\/\/epochtimestr.com\/wp-content\/uploads\/2011y\/TASB_DFC1-768x432.jpg 768w\" sizes=\"(max-width: 1280px) 100vw, 1280px\" \/><figcaption class=\"wp-element-caption\">Ankara Polatl\u0131&#8217;da ba\u015flat\u0131lan pilot projede toy ku\u015flar\u0131\u0131na 265 milyon destek (Foto\u011fraf: TASB-DFC, Pixabay) <\/figcaption><\/figure><\/div>\n\n\n<h2 class=\"wp-block-heading\">Tar\u0131m ve K\u0131rsal Kalk\u0131nmay\u0131 Destekleme Kurumu, IPARD destekli 148 toy ku\u015fu projesine toplam 265 milyon lira hibe destek sa\u011flanacak. T\u00fcrkiye, IPARD-III Program\u0131 Tar\u0131m-\u00c7evre \u0130klim ve Organik Tar\u0131m Tedbiri kapsam\u0131nda ilk kez May\u0131s 2017&#8217;de Avrupa Komisyonundan akreditasyon ald\u0131.<\/h2>\n\n\n\n<p>Tar\u0131m ve K\u0131rsal Kalk\u0131nmay\u0131 Destekleme Kurumu (<a href=\"https:\/\/epochtimestr.com\/index.php\/228-projeye-195-milyon-lira-hibe-saglanacak\" target=\"_blank\" rel=\"noreferrer noopener\">TKDK<\/a>) taraf\u0131ndan toy ku\u015fu (Otis tarda) <a href=\"https:\/\/epochtimestr.com\/index.php\/istanbulda-cekirgeden-sonra-akrep-panigi\" target=\"_blank\" rel=\"noreferrer noopener\">pop\u00fclasyon<\/a>unun korunmas\u0131 ve art\u0131r\u0131lmas\u0131na y\u00f6nelik IPARD destekli 148 projeye toplam 265 milyon lira hibe destek sa\u011flanacak. T\u00fcrkiye, IPARD-III Program\u0131 Tar\u0131m-\u00c7evre \u0130klim ve Organik Tar\u0131m Tedbiri kapsam\u0131nda ilk kez May\u0131s 2017&#8217;de Avrupa Komisyonundan akreditasyon ald\u0131.<\/p>\n\n\n\n<p>Avrupa Birli\u011fi&#8217;ne aday \u00fclkeler aras\u0131nda s\u00f6z konusu tedbiri uygulayan ilk ve tek \u00fclke konumundaki T\u00fcrkiye, \u00e7evre dostu ve s\u00fcrd\u00fcr\u00fclebilir uygulamalar yoluyla k\u0131rsal alanlar\u0131n s\u00fcrd\u00fcr\u00fclebilir geli\u015fiminin desteklenmesini hedefliyor. Tedbir kapsam\u0131nda \u00e7evre ve iklimi korumak i\u00e7in pilot uygulama yap\u0131larak fark\u0131ndal\u0131\u011f\u0131n yayg\u0131nla\u015ft\u0131r\u0131lmas\u0131 planlan\u0131rken bu y\u0131l ilk kez biyo\u00e7e\u015fitlili\u011fin korunmas\u0131na y\u00f6nelik faaliyetler de uygulamaya al\u0131nacak.<\/p>\n\n\n\n<p>Tar\u0131m ve K\u0131rsal Kalk\u0131nmay\u0131 Destekleme Kurumu (TKDK), IPARD-III Program\u0131 kapsam\u0131nda biyo\u00e7e\u015fitlili\u011fin korunmas\u0131na y\u00f6nelik yeni bir destek mekanizmas\u0131n\u0131 devreye ald\u0131. Uygulamayla \u00fcreticilerin belirli alanlarda yem bitkileri yeti\u015ftirmesi ve bu \u00fcr\u00fcnleri hasat etmeyerek toy ku\u015flar\u0131n\u0131n ya\u015fam alanlar\u0131n\u0131 desteklemesi planlan\u0131yor.<\/p>\n\n\n<div class=\"wp-block-image\">\n<figure class=\"aligncenter size-full\"><img loading=\"lazy\" decoding=\"async\" width=\"1280\" height=\"720\" src=\"https:\/\/epochtimestr.com\/wp-content\/uploads\/2011y\/TASB_DFC.jpg\" alt=\"(Foto\u011fraf: TASB-DFC, Pixabay)\" class=\"wp-image-171445\" srcset=\"https:\/\/epochtimestr.com\/wp-content\/uploads\/2011y\/TASB_DFC.jpg 1280w, https:\/\/epochtimestr.com\/wp-content\/uploads\/2011y\/TASB_DFC-300x169.jpg 300w, https:\/\/epochtimestr.com\/wp-content\/uploads\/2011y\/TASB_DFC-150x84.jpg 150w, https:\/\/epochtimestr.com\/wp-content\/uploads\/2011y\/TASB_DFC-768x432.jpg 768w\" sizes=\"(max-width: 1280px) 100vw, 1280px\" \/><figcaption class=\"wp-element-caption\">(Foto\u011fraf: TASB-DFC, Pixabay)<\/figcaption><\/figure><\/div>\n\n\n<p><strong>Toy Ku\u015fu \u0130\u00e7in \u0130lk Uygulama Ba\u015flad\u0131<\/strong><\/p>\n\n\n\n<p>IPARD-III Program\u0131 Tar\u0131m-\u00c7evre \u0130klim ve Organik Tar\u0131m Tedbiri kapsam\u0131nda bu y\u0131l ilk kez biyo\u00e7e\u015fitlili\u011fin korunmas\u0131na y\u00f6nelik faaliyetler destekleniyor. Polatl\u0131\u2019da toy ku\u015flar\u0131n\u0131n habitatlar\u0131n\u0131n bulundu\u011fu alanlarda, t\u00fcr\u00fcn beslenmesinde tercih etti\u011fi yem bitkileri ekiliyor.<\/p>\n\n\n\n<p>Ekilen bitkilerin hasat edilmemesiyle toy ku\u015flar\u0131n\u0131n beslenme ve \u00fcreme alanlar\u0131n\u0131n desteklenmesi ama\u00e7lan\u0131yor.<\/p>\n\n\n<div class=\"wp-block-image\">\n<figure class=\"aligncenter size-full\"><img loading=\"lazy\" decoding=\"async\" width=\"1280\" height=\"776\" src=\"https:\/\/epochtimestr.com\/wp-content\/uploads\/2011y\/Michelle-Maria-1.jpg\" alt=\"(Foto\u011fraf: Michelle-Maria, Pixabay)\" class=\"wp-image-171447\" srcset=\"https:\/\/epochtimestr.com\/wp-content\/uploads\/2011y\/Michelle-Maria-1.jpg 1280w, https:\/\/epochtimestr.com\/wp-content\/uploads\/2011y\/Michelle-Maria-1-300x182.jpg 300w, https:\/\/epochtimestr.com\/wp-content\/uploads\/2011y\/Michelle-Maria-1-150x91.jpg 150w, https:\/\/epochtimestr.com\/wp-content\/uploads\/2011y\/Michelle-Maria-1-768x466.jpg 768w\" sizes=\"(max-width: 1280px) 100vw, 1280px\" \/><figcaption class=\"wp-element-caption\">(Foto\u011fraf: Michelle-Maria, Pixabay)<\/figcaption><\/figure><\/div>\n\n\n<h3 class=\"wp-block-heading\">148 Proje Destek Kapsam\u0131na Al\u0131nd\u0131<\/h3>\n\n\n\n<p>TKDK Ba\u015fkan\u0131 Ahmet Antalyal\u0131, Polatl\u0131\u2019da pilot olarak ba\u015flat\u0131lan uygulamada 148 ba\u015fvurunun desteklenmeye hak kazand\u0131\u011f\u0131n\u0131 ve toplam 265 milyon lira hibe \u00f6ng\u00f6r\u00fcld\u00fc\u011f\u00fcn\u00fc a\u00e7\u0131klad\u0131.<\/p>\n\n\n\n<p>Antalyal\u0131, destek mekanizmas\u0131n\u0131n \u00fcreticilerin \u00e7evre dostu uygulamalar nedeniyle ortaya \u00e7\u0131kan gelir kay\u0131plar\u0131n\u0131 ve ek maliyetlerini telafi etmeyi de ama\u00e7lad\u0131\u011f\u0131n\u0131 belirtti. Uygulamalar 5 y\u0131ll\u0131k g\u00f6n\u00fcll\u00fc tar\u0131msal-\u00e7evresel taahh\u00fctlerle y\u00fcr\u00fct\u00fclecek.<\/p>\n\n\n<div class=\"wp-block-image\">\n<figure class=\"aligncenter size-full is-resized\"><img loading=\"lazy\" decoding=\"async\" width=\"1024\" height=\"576\" src=\"https:\/\/epochtimestr.com\/wp-content\/uploads\/2011y\/c8707e49b75ad64bc93d76cdf4e9496b.jpg\" alt=\"(Foto\u011fraf: Drawing Great Bustard, \u0130nstagram)\" class=\"wp-image-171449\" style=\"width:841px;height:auto\" srcset=\"https:\/\/epochtimestr.com\/wp-content\/uploads\/2011y\/c8707e49b75ad64bc93d76cdf4e9496b.jpg 1024w, https:\/\/epochtimestr.com\/wp-content\/uploads\/2011y\/c8707e49b75ad64bc93d76cdf4e9496b-300x169.jpg 300w, https:\/\/epochtimestr.com\/wp-content\/uploads\/2011y\/c8707e49b75ad64bc93d76cdf4e9496b-150x84.jpg 150w, https:\/\/epochtimestr.com\/wp-content\/uploads\/2011y\/c8707e49b75ad64bc93d76cdf4e9496b-768x432.jpg 768w\" sizes=\"(max-width: 1024px) 100vw, 1024px\" \/><figcaption class=\"wp-element-caption\">(Foto\u011fraf: Drawing Great Bustard, \u0130nstagram)<\/figcaption><\/figure><\/div>\n\n\n<p><strong>IPARD-III\u2019TE 20,4 milyar liral\u0131k hibe<\/strong><\/p>\n\n\n\n<p>IPARD-III kapsam\u0131nda bug\u00fcne kadar yay\u0131mlanan 12 \u00e7a\u011fr\u0131 ilan\u0131nda 2 bin 721 proje i\u00e7in toplam 20,4 milyar liral\u0131k hibe tutar\u0131nda s\u00f6zle\u015fme imzaland\u0131. Projelere \u015fimdiye kadar 10,4 milyar lira \u00f6deme yap\u0131ld\u0131.<\/p>\n\n\n\n<p>T\u00fcrkiye\u2019de 2011\u2019den bu yana uygulanan IPARD programlar\u0131 kapsam\u0131nda ise 27 binden fazla i\u015fletmeye 2,1 milyar avro destek sa\u011fland\u0131. Desteklenen yat\u0131r\u0131mlarla yakla\u015f\u0131k 5 milyar avroluk yat\u0131r\u0131m hacmi olu\u015fturulmas\u0131na katk\u0131 sa\u011flan\u0131rken 107 binden fazla istihdam yarat\u0131ld\u0131.<\/p>\n\n\n\n<p>Avrupa Birli\u011fi (AB) taraf\u0131ndan aday ve potansiyel aday \u00fclkelere destek olmak amac\u0131yla olu\u015fturulan IPARD, Kat\u0131l\u0131m \u00d6ncesi Yard\u0131m Arac\u0131\u2019n\u0131n (Instrument for Pre-Accession Assistance-IPA) K\u0131rsal Kalk\u0131nma bile\u015fenidir. IPARD, Avrupa Birli\u011fi\u2019nin Ortak Tar\u0131m Politikas\u0131, K\u0131rsal Kalk\u0131nma Politikas\u0131 ve ilgili politikalar\u0131n\u0131n uygulanmas\u0131 ve y\u00f6netimi i\u00e7in uyum haz\u0131rl\u0131klar\u0131n\u0131 ve bu kapsamda politika geli\u015ftirilmesini desteklemeyi ama\u00e7lamaktad\u0131r. <\/p>\n\n\n\n<p>IPARD deste\u011fi, \u00e7ok y\u0131ll\u0131 \u201cK\u0131rsal Kalk\u0131nma Program\u0131\u201d kapsam\u0131nda uygulanmas\u0131 gerekmektedir. Bu s\u00fcre\u00e7te Avrupa Komisyonu ve T\u00fcrkiye Cumhuriyeti taraf\u0131ndan birlikte finanse edilecek destek programlar\u0131 uygulanacakt\u0131r. IPARD-III Program\u0131, Avrupa Birli\u011fi ve T\u00fcrkiye&#8217;nin ortak finansman\u0131yla k\u0131rsal alanlar\u0131 kalk\u0131nd\u0131rmak ve tar\u0131m\u0131 desteklemek i\u00e7in uygulanan bir hibe (kar\u015f\u0131l\u0131ks\u0131z destek) program\u0131d\u0131r.<\/p>\n","protected":false},"excerpt":{"rendered":"<p>Tar\u0131m ve K\u0131rsal Kalk\u0131nmay\u0131 Destekleme Kurumu, IPARD destekli 148 toy ku\u015fu projesine toplam 265 milyon lira hibe destek sa\u011flanacak. T\u00fcrkiye, IPARD-III Program\u0131 Tar\u0131m-\u00c7evre \u0130klim ve Organik Tar\u0131m Tedbiri kapsam\u0131nda ilk kez May\u0131s 2017&#8217;de Avrupa Komisyonundan akreditasyon ald\u0131. Tar\u0131m ve K\u0131rsal Kalk\u0131nmay\u0131 Destekleme Kurumu (TKDK) taraf\u0131ndan toy ku\u015fu (Otis tarda) pop\u00fclasyonunun korunmas\u0131 ve art\u0131r\u0131lmas\u0131na y\u00f6nelik IPARD [&hellip;]<\/p>\n","protected":false},"author":12791,"featured_media":171449,"comment_status":"open","ping_status":"open","sticky":false,"template":"","format":"standard","meta":{"_yoast_wpseo_focuskw":"Toy - destek","_yoast_wpseo_title":"","_yoast_wpseo_metadesc":"Tar\u0131m ve K\u0131rsal Kalk\u0131nmay\u0131 Destekleme Kurumu, IPARD destekli 148 toy ku\u015fu projesine toplam 265 milyon lira hibe destek sa\u011flanacak.","_bbp_topic_count":0,"_bbp_reply_count":0,"_bbp_total_topic_count":0,"_bbp_total_reply_count":0,"_bbp_voice_count":0,"_bbp_anonymous_reply_count":0,"_bbp_topic_count_hidden":0,"_bbp_reply_count_hidden":0,"_bbp_forum_subforum_count":0,"footnotes":"","_yoast_wpseo_focuskw_text_input":""},"categories":[12237,1,8138],"tags":[329,12627,12626,1183,12625,12624],"yoast_head":"<!-- This site is optimized with the Yoast SEO plugin v23.0 - https:\/\/yoast.com\/wordpress\/plugins\/seo\/ -->\n<title>Polatl\u0131&#039;da Ba\u015flat\u0131lan Pilot Projede Toy Ku\u015flar\u0131na 265 Milyon Destek - The Epoch Times TR<\/title>\n<meta name=\"description\" content=\"Tar\u0131m ve K\u0131rsal Kalk\u0131nmay\u0131 Destekleme Kurumu, IPARD destekli 148 toy ku\u015fu projesine toplam 265 milyon lira hibe destek sa\u011flanacak.\" \/>\n<meta name=\"robots\" content=\"index, follow, max-snippet:-1, max-image-preview:large, max-video-preview:-1\" \/>\n<link rel=\"canonical\" href=\"https:\/\/epochtimestr.com\/index.php\/polatlida-baslatilan-pilot-projede-toy-kuslarina-265-milyon-destek\" \/>\n<meta property=\"og:locale\" content=\"tr_TR\" \/>\n<meta property=\"og:type\" content=\"article\" \/>\n<meta property=\"og:title\" content=\"Polatl\u0131&#039;da Ba\u015flat\u0131lan Pilot Projede Toy Ku\u015flar\u0131na 265 Milyon Destek - The Epoch Times TR\" \/>\n<meta property=\"og:description\" content=\"Tar\u0131m ve K\u0131rsal Kalk\u0131nmay\u0131 Destekleme Kurumu, IPARD destekli 148 toy ku\u015fu projesine toplam 265 milyon lira hibe destek sa\u011flanacak.\" \/>\n<meta property=\"og:url\" content=\"https:\/\/epochtimestr.com\/index.php\/polatlida-baslatilan-pilot-projede-toy-kuslarina-265-milyon-destek\" \/>\n<meta property=\"og:site_name\" content=\"The Epoch Times TR\" \/>\n<meta property=\"article:publisher\" content=\"https:\/\/www.facebook.com\/theepochtimestr\" \/>\n<meta property=\"article:published_time\" content=\"2026-09-03T12:50:36+00:00\" \/>\n<meta property=\"article:modified_time\" content=\"2026-09-03T13:01:46+00:00\" \/>\n<meta property=\"og:image\" content=\"https:\/\/epochtimestr.com\/wp-content\/uploads\/2011y\/c8707e49b75ad64bc93d76cdf4e9496b.jpg\" \/>\n\t<meta property=\"og:image:width\" content=\"1024\" \/>\n\t<meta property=\"og:image:height\" content=\"576\" \/>\n\t<meta property=\"og:image:type\" content=\"image\/jpeg\" \/>\n<meta name=\"author\" content=\"Haber Merkezi\" \/>\n<meta name=\"twitter:card\" content=\"summary_large_image\" \/>\n<meta name=\"twitter:creator\" content=\"@TheEpochTimesTR\" \/>\n<meta name=\"twitter:site\" content=\"@TheEpochTimesTR\" \/>\n<meta name=\"twitter:label1\" content=\"Yazan:\" \/>\n\t<meta name=\"twitter:data1\" content=\"Haber Merkezi\" \/>\n\t<meta name=\"twitter:label2\" content=\"Tahmini okuma s\u00fcresi\" \/>\n\t<meta name=\"twitter:data2\" content=\"4 dakika\" \/>\n<script type=\"application\/ld+json\" class=\"yoast-schema-graph\">{\"@context\":\"https:\/\/schema.org\",\"@graph\":[{\"@type\":\"Article\",\"@id\":\"https:\/\/epochtimestr.com\/index.php\/polatlida-baslatilan-pilot-projede-toy-kuslarina-265-milyon-destek#article\",\"isPartOf\":{\"@id\":\"https:\/\/epochtimestr.com\/index.php\/polatlida-baslatilan-pilot-projede-toy-kuslarina-265-milyon-destek\"},\"author\":{\"name\":\"Haber Merkezi\",\"@id\":\"https:\/\/epochtimestr.com\/#\/schema\/person\/3dc5c3adeb9f43923c5aa85889172fdd\"},\"headline\":\"Polatl\u0131&#8217;da Ba\u015flat\u0131lan Pilot Projede Toy Ku\u015flar\u0131na 265 Milyon Destek\",\"datePublished\":\"2026-09-03T12:50:36+00:00\",\"dateModified\":\"2026-09-03T13:01:46+00:00\",\"mainEntityOfPage\":{\"@id\":\"https:\/\/epochtimestr.com\/index.php\/polatlida-baslatilan-pilot-projede-toy-kuslarina-265-milyon-destek\"},\"wordCount\":675,\"commentCount\":0,\"publisher\":{\"@id\":\"https:\/\/epochtimestr.com\/#organization\"},\"image\":{\"@id\":\"https:\/\/epochtimestr.com\/index.php\/polatlida-baslatilan-pilot-projede-toy-kuslarina-265-milyon-destek#primaryimage\"},\"thumbnailUrl\":\"https:\/\/epochtimestr.com\/wp-content\/uploads\/2011y\/c8707e49b75ad64bc93d76cdf4e9496b.jpg\",\"keywords\":[\"avrupa birli\u011fi\",\"\u00c7evre \u0130klim ve Organik Tar\u0131m Tedbiri\",\"IPARD-III\",\"pop\u00fclasyon\",\"TKDK\",\"Toy Ku\u015flar(Otis Tarda)\"],\"articleSection\":[\"\u00c7evre ve Do\u011fa\",\"G\u00dcNDEM\",\"MAN\u015eET\"],\"inLanguage\":\"tr\",\"potentialAction\":[{\"@type\":\"CommentAction\",\"name\":\"Comment\",\"target\":[\"https:\/\/epochtimestr.com\/index.php\/polatlida-baslatilan-pilot-projede-toy-kuslarina-265-milyon-destek#respond\"]}]},{\"@type\":\"WebPage\",\"@id\":\"https:\/\/epochtimestr.com\/index.php\/polatlida-baslatilan-pilot-projede-toy-kuslarina-265-milyon-destek\",\"url\":\"https:\/\/epochtimestr.com\/index.php\/polatlida-baslatilan-pilot-projede-toy-kuslarina-265-milyon-destek\",\"name\":\"Polatl\u0131'da Ba\u015flat\u0131lan Pilot Projede Toy Ku\u015flar\u0131na 265 Milyon Destek - The Epoch Times TR\",\"isPartOf\":{\"@id\":\"https:\/\/epochtimestr.com\/#website\"},\"primaryImageOfPage\":{\"@id\":\"https:\/\/epochtimestr.com\/index.php\/polatlida-baslatilan-pilot-projede-toy-kuslarina-265-milyon-destek#primaryimage\"},\"image\":{\"@id\":\"https:\/\/epochtimestr.com\/index.php\/polatlida-baslatilan-pilot-projede-toy-kuslarina-265-milyon-destek#primaryimage\"},\"thumbnailUrl\":\"https:\/\/epochtimestr.com\/wp-content\/uploads\/2011y\/c8707e49b75ad64bc93d76cdf4e9496b.jpg\",\"datePublished\":\"2026-09-03T12:50:36+00:00\",\"dateModified\":\"2026-09-03T13:01:46+00:00\",\"description\":\"Tar\u0131m ve K\u0131rsal Kalk\u0131nmay\u0131 Destekleme Kurumu, IPARD destekli 148 toy ku\u015fu projesine toplam 265 milyon lira hibe destek sa\u011flanacak.\",\"inLanguage\":\"tr\",\"potentialAction\":[{\"@type\":\"ReadAction\",\"target\":[\"https:\/\/epochtimestr.com\/index.php\/polatlida-baslatilan-pilot-projede-toy-kuslarina-265-milyon-destek\"]}]},{\"@type\":\"ImageObject\",\"inLanguage\":\"tr\",\"@id\":\"https:\/\/epochtimestr.com\/index.php\/polatlida-baslatilan-pilot-projede-toy-kuslarina-265-milyon-destek#primaryimage\",\"url\":\"https:\/\/epochtimestr.com\/wp-content\/uploads\/2011y\/c8707e49b75ad64bc93d76cdf4e9496b.jpg\",\"contentUrl\":\"https:\/\/epochtimestr.com\/wp-content\/uploads\/2011y\/c8707e49b75ad64bc93d76cdf4e9496b.jpg\",\"width\":1024,\"height\":576},{\"@type\":\"WebSite\",\"@id\":\"https:\/\/epochtimestr.com\/#website\",\"url\":\"https:\/\/epochtimestr.com\/\",\"name\":\"The Epoch Times TR\",\"description\":\"De\u011fi\u015fen D\u00fcnyam\u0131za Taze Bir Bak\u0131\u015f\",\"publisher\":{\"@id\":\"https:\/\/epochtimestr.com\/#organization\"},\"potentialAction\":[{\"@type\":\"SearchAction\",\"target\":{\"@type\":\"EntryPoint\",\"urlTemplate\":\"https:\/\/epochtimestr.com\/?s={search_term_string}\"},\"query-input\":\"required name=search_term_string\"}],\"inLanguage\":\"tr\"},{\"@type\":\"Organization\",\"@id\":\"https:\/\/epochtimestr.com\/#organization\",\"name\":\"The EpochTimes T\u00fcrkiye\",\"url\":\"https:\/\/epochtimestr.com\/\",\"logo\":{\"@type\":\"ImageObject\",\"inLanguage\":\"tr\",\"@id\":\"https:\/\/epochtimestr.com\/#\/schema\/logo\/image\/\",\"url\":\"https:\/\/epochtimestr.com\/wp-content\/uploads\/2011y\/ET-Logo-YG.jpg\",\"contentUrl\":\"https:\/\/epochtimestr.com\/wp-content\/uploads\/2011y\/ET-Logo-YG.jpg\",\"width\":346,\"height\":29,\"caption\":\"The EpochTimes T\u00fcrkiye\"},\"image\":{\"@id\":\"https:\/\/epochtimestr.com\/#\/schema\/logo\/image\/\"},\"sameAs\":[\"https:\/\/www.facebook.com\/theepochtimestr\",\"https:\/\/x.com\/TheEpochTimesTR\",\"https:\/\/www.instagram.com\/epochtimestr\"]},{\"@type\":\"Person\",\"@id\":\"https:\/\/epochtimestr.com\/#\/schema\/person\/3dc5c3adeb9f43923c5aa85889172fdd\",\"name\":\"Haber Merkezi\",\"image\":{\"@type\":\"ImageObject\",\"inLanguage\":\"tr\",\"@id\":\"https:\/\/epochtimestr.com\/#\/schema\/person\/image\/\",\"url\":\"https:\/\/secure.gravatar.com\/avatar\/d73f772ba5a74f28601361e17c2f93e6?s=96&d=mm&r=g\",\"contentUrl\":\"https:\/\/secure.gravatar.com\/avatar\/d73f772ba5a74f28601361e17c2f93e6?s=96&d=mm&r=g\",\"caption\":\"Haber Merkezi\"},\"url\":\"https:\/\/epochtimestr.com\/index.php\/author\/sendag\"}]}<\/script>\n<!-- \/ Yoast SEO plugin. -->","yoast_head_json":{"title":"Polatl\u0131'da Ba\u015flat\u0131lan Pilot Projede Toy Ku\u015flar\u0131na 265 Milyon Destek - The Epoch Times TR","description":"Tar\u0131m ve K\u0131rsal Kalk\u0131nmay\u0131 Destekleme Kurumu, IPARD destekli 148 toy ku\u015fu projesine toplam 265 milyon lira hibe destek sa\u011flanacak.","robots":{"index":"index","follow":"follow","max-snippet":"max-snippet:-1","max-image-preview":"max-image-preview:large","max-video-preview":"max-video-preview:-1"},"canonical":"https:\/\/epochtimestr.com\/index.php\/polatlida-baslatilan-pilot-projede-toy-kuslarina-265-milyon-destek","og_locale":"tr_TR","og_type":"article","og_title":"Polatl\u0131'da Ba\u015flat\u0131lan Pilot Projede Toy Ku\u015flar\u0131na 265 Milyon Destek - The Epoch Times TR","og_description":"Tar\u0131m ve K\u0131rsal Kalk\u0131nmay\u0131 Destekleme Kurumu, IPARD destekli 148 toy ku\u015fu projesine toplam 265 milyon lira hibe destek sa\u011flanacak.","og_url":"https:\/\/epochtimestr.com\/index.php\/polatlida-baslatilan-pilot-projede-toy-kuslarina-265-milyon-destek","og_site_name":"The Epoch Times TR","article_publisher":"https:\/\/www.facebook.com\/theepochtimestr","article_published_time":"2026-09-03T12:50:36+00:00","article_modified_time":"2026-09-03T13:01:46+00:00","og_image":[{"width":1024,"height":576,"url":"https:\/\/epochtimestr.com\/wp-content\/uploads\/2011y\/c8707e49b75ad64bc93d76cdf4e9496b.jpg","type":"image\/jpeg"}],"author":"Haber Merkezi","twitter_card":"summary_large_image","twitter_creator":"@TheEpochTimesTR","twitter_site":"@TheEpochTimesTR","twitter_misc":{"Yazan:":"Haber Merkezi","Tahmini okuma s\u00fcresi":"4 dakika"},"schema":{"@context":"https:\/\/schema.org","@graph":[{"@type":"Article","@id":"https:\/\/epochtimestr.com\/index.php\/polatlida-baslatilan-pilot-projede-toy-kuslarina-265-milyon-destek#article","isPartOf":{"@id":"https:\/\/epochtimestr.com\/index.php\/polatlida-baslatilan-pilot-projede-toy-kuslarina-265-milyon-destek"},"author":{"name":"Haber Merkezi","@id":"https:\/\/epochtimestr.com\/#\/schema\/person\/3dc5c3adeb9f43923c5aa85889172fdd"},"headline":"Polatl\u0131&#8217;da Ba\u015flat\u0131lan Pilot Projede Toy Ku\u015flar\u0131na 265 Milyon Destek","datePublished":"2026-09-03T12:50:36+00:00","dateModified":"2026-09-03T13:01:46+00:00","mainEntityOfPage":{"@id":"https:\/\/epochtimestr.com\/index.php\/polatlida-baslatilan-pilot-projede-toy-kuslarina-265-milyon-destek"},"wordCount":675,"commentCount":0,"publisher":{"@id":"https:\/\/epochtimestr.com\/#organization"},"image":{"@id":"https:\/\/epochtimestr.com\/index.php\/polatlida-baslatilan-pilot-projede-toy-kuslarina-265-milyon-destek#primaryimage"},"thumbnailUrl":"https:\/\/epochtimestr.com\/wp-content\/uploads\/2011y\/c8707e49b75ad64bc93d76cdf4e9496b.jpg","keywords":["avrupa birli\u011fi","\u00c7evre \u0130klim ve Organik Tar\u0131m Tedbiri","IPARD-III","pop\u00fclasyon","TKDK","Toy Ku\u015flar(Otis Tarda)"],"articleSection":["\u00c7evre ve Do\u011fa","G\u00dcNDEM","MAN\u015eET"],"inLanguage":"tr","potentialAction":[{"@type":"CommentAction","name":"Comment","target":["https:\/\/epochtimestr.com\/index.php\/polatlida-baslatilan-pilot-projede-toy-kuslarina-265-milyon-destek#respond"]}]},{"@type":"WebPage","@id":"https:\/\/epochtimestr.com\/index.php\/polatlida-baslatilan-pilot-projede-toy-kuslarina-265-milyon-destek","url":"https:\/\/epochtimestr.com\/index.php\/polatlida-baslatilan-pilot-projede-toy-kuslarina-265-milyon-destek","name":"Polatl\u0131'da Ba\u015flat\u0131lan Pilot Projede Toy Ku\u015flar\u0131na 265 Milyon Destek - The Epoch Times TR","isPartOf":{"@id":"https:\/\/epochtimestr.com\/#website"},"primaryImageOfPage":{"@id":"https:\/\/epochtimestr.com\/index.php\/polatlida-baslatilan-pilot-projede-toy-kuslarina-265-milyon-destek#primaryimage"},"image":{"@id":"https:\/\/epochtimestr.com\/index.php\/polatlida-baslatilan-pilot-projede-toy-kuslarina-265-milyon-destek#primaryimage"},"thumbnailUrl":"https:\/\/epochtimestr.com\/wp-content\/uploads\/2011y\/c8707e49b75ad64bc93d76cdf4e9496b.jpg","datePublished":"2026-09-03T12:50:36+00:00","dateModified":"2026-09-03T13:01:46+00:00","description":"Tar\u0131m ve K\u0131rsal Kalk\u0131nmay\u0131 Destekleme Kurumu, IPARD destekli 148 toy ku\u015fu projesine toplam 265 milyon lira hibe destek sa\u011flanacak.","inLanguage":"tr","potentialAction":[{"@type":"ReadAction","target":["https:\/\/epochtimestr.com\/index.php\/polatlida-baslatilan-pilot-projede-toy-kuslarina-265-milyon-destek"]}]},{"@type":"ImageObject","inLanguage":"tr","@id":"https:\/\/epochtimestr.com\/index.php\/polatlida-baslatilan-pilot-projede-toy-kuslarina-265-milyon-destek#primaryimage","url":"https:\/\/epochtimestr.com\/wp-content\/uploads\/2011y\/c8707e49b75ad64bc93d76cdf4e9496b.jpg","contentUrl":"https:\/\/epochtimestr.com\/wp-content\/uploads\/2011y\/c8707e49b75ad64bc93d76cdf4e9496b.jpg","width":1024,"height":576},{"@type":"WebSite","@id":"https:\/\/epochtimestr.com\/#website","url":"https:\/\/epochtimestr.com\/","name":"The Epoch Times TR","description":"De\u011fi\u015fen D\u00fcnyam\u0131za Taze Bir Bak\u0131\u015f","publisher":{"@id":"https:\/\/epochtimestr.com\/#organization"},"potentialAction":[{"@type":"SearchAction","target":{"@type":"EntryPoint","urlTemplate":"https:\/\/epochtimestr.com\/?s={search_term_string}"},"query-input":"required name=search_term_string"}],"inLanguage":"tr"},{"@type":"Organization","@id":"https:\/\/epochtimestr.com\/#organization","name":"The EpochTimes T\u00fcrkiye","url":"https:\/\/epochtimestr.com\/","logo":{"@type":"ImageObject","inLanguage":"tr","@id":"https:\/\/epochtimestr.com\/#\/schema\/logo\/image\/","url":"https:\/\/epochtimestr.com\/wp-content\/uploads\/2011y\/ET-Logo-YG.jpg","contentUrl":"https:\/\/epochtimestr.com\/wp-content\/uploads\/2011y\/ET-Logo-YG.jpg","width":346,"height":29,"caption":"The EpochTimes T\u00fcrkiye"},"image":{"@id":"https:\/\/epochtimestr.com\/#\/schema\/logo\/image\/"},"sameAs":["https:\/\/www.facebook.com\/theepochtimestr","https:\/\/x.com\/TheEpochTimesTR","https:\/\/www.instagram.com\/epochtimestr"]},{"@type":"Person","@id":"https:\/\/epochtimestr.com\/#\/schema\/person\/3dc5c3adeb9f43923c5aa85889172fdd","name":"Haber Merkezi","image":{"@type":"ImageObject","inLanguage":"tr","@id":"https:\/\/epochtimestr.com\/#\/schema\/person\/image\/","url":"https:\/\/secure.gravatar.com\/avatar\/d73f772ba5a74f28601361e17c2f93e6?s=96&d=mm&r=g","contentUrl":"https:\/\/secure.gravatar.com\/avatar\/d73f772ba5a74f28601361e17c2f93e6?s=96&d=mm&r=g","caption":"Haber Merkezi"},"url":"https:\/\/epochtimestr.com\/index.php\/author\/sendag"}]}},"_links":{"self":[{"href":"https:\/\/epochtimestr.com\/index.php\/wp-json\/wp\/v2\/posts\/171443"}],"collection":[{"href":"https:\/\/epochtimestr.com\/index.php\/wp-json\/wp\/v2\/posts"}],"about":[{"href":"https:\/\/epochtimestr.com\/index.php\/wp-json\/wp\/v2\/types\/post"}],"author":[{"embeddable":true,"href":"https:\/\/epochtimestr.com\/index.php\/wp-json\/wp\/v2\/users\/12791"}],"replies":[{"embeddable":true,"href":"https:\/\/epochtimestr.com\/index.php\/wp-json\/wp\/v2\/comments?post=171443"}],"version-history":[{"count":2,"href":"https:\/\/epochtimestr.com\/index.php\/wp-json\/wp\/v2\/posts\/171443\/revisions"}],"predecessor-version":[{"id":171458,"href":"https:\/\/epochtimestr.com\/index.php\/wp-json\/wp\/v2\/posts\/171443\/revisions\/171458"}],"wp:featuredmedia":[{"embeddable":true,"href":"https:\/\/epochtimestr.com\/index.php\/wp-json\/wp\/v2\/media\/171449"}],"wp:attachment":[{"href":"https:\/\/epochtimestr.com\/index.php\/wp-json\/wp\/v2\/media?parent=171443"}],"wp:term":[{"taxonomy":"category","embeddable":true,"href":"https:\/\/epochtimestr.com\/index.php\/wp-json\/wp\/v2\/categories?post=171443"},{"taxonomy":"post_tag","embeddable":true,"href":"https:\/\/epochtimestr.com\/index.php\/wp-json\/wp\/v2\/tags?post=171443"}],"curies":[{"name":"wp","href":"https:\/\/api.w.org\/{rel}","templated":true}]}}