{"id":171454,"date":"2026-09-03T17:48:05","date_gmt":"2026-09-03T14:48:05","guid":{"rendered":"https:\/\/epochtimestr.com\/?p=171454"},"modified":"2026-09-03T17:48:07","modified_gmt":"2026-09-03T14:48:07","slug":"murat-emir-acikladi-kirli-senaryoyu-paylasacagim","status":"publish","type":"post","link":"https:\/\/epochtimestr.com\/index.php\/murat-emir-acikladi-kirli-senaryoyu-paylasacagim","title":{"rendered":"Murat Emir A\u00e7\u0131klad\u0131: &#8220;Kirli Senaryoyu Payla\u015faca\u011f\u0131m&#8221;"},"content":{"rendered":"<div class=\"wp-block-image\">\n<figure class=\"aligncenter size-full\"><img loading=\"lazy\" decoding=\"async\" width=\"1280\" height=\"720\" src=\"https:\/\/epochtimestr.com\/wp-content\/uploads\/2011y\/yeni-parti-x-2.webp\" alt=\"YEN\u0130 Partili Murat Emir 'Kirli senaryoyu payla\u015faca\u011f\u0131m' dedi. (Foto\u011fraf: YEN\u0130 Parti x hesab\u0131)\" class=\"wp-image-171455\" srcset=\"https:\/\/epochtimestr.com\/wp-content\/uploads\/2011y\/yeni-parti-x-2.webp 1280w, https:\/\/epochtimestr.com\/wp-content\/uploads\/2011y\/yeni-parti-x-2-300x169.webp 300w, https:\/\/epochtimestr.com\/wp-content\/uploads\/2011y\/yeni-parti-x-2-150x84.webp 150w, https:\/\/epochtimestr.com\/wp-content\/uploads\/2011y\/yeni-parti-x-2-768x432.webp 768w\" sizes=\"(max-width: 1280px) 100vw, 1280px\" \/><figcaption class=\"wp-element-caption\">YEN\u0130 Partili Murat Emir &#8216;Kirli senaryoyu payla\u015faca\u011f\u0131m&#8217; dedi. (Foto\u011fraf: YEN\u0130 Parti x hesab\u0131)<\/figcaption><\/figure><\/div>\n\n\n<h2 class=\"wp-block-heading\">TBMM&#8217;de konu\u015fan Murat Emir, \u00dcsk\u00fcdar Belediyesi&#8217;nde 5 Eyl\u00fcl&#8217;de yenilenecek ba\u015fkanvekilli\u011fi se\u00e7imi \u00f6ncesi bask\u0131 yap\u0131ld\u0131\u011f\u0131n\u0131 \u00f6ne s\u00fcrd\u00fc.<\/h2>\n\n\n\n<p><a href=\"https:\/\/epochtimestr.com\/index.php\/ozgur-ozel-yeni-partinin-millete-verdigi-7-sozu-acikladi\" target=\"_blank\" rel=\"noreferrer noopener\">YEN\u0130 Parti <\/a>Grup Ba\u015fkanvekili Murat Emir, T\u00fcrkiye B\u00fcy\u00fck Millet Meclisi\u2019nde (TBMM) d\u00fczenledi\u011fi <a href=\"https:\/\/epochtimestr.com\/index.php\/murat-emir-tbmmde-basin-toplantisi-duzenledi\" target=\"_blank\" rel=\"noreferrer noopener\">bas\u0131n <\/a>toplant\u0131s\u0131nda \u00dcsk\u00fcdar Belediyesi\u2019nde ya\u015fanan s\u00fcrece ve belediye meclis \u00fcyelerine y\u00f6nelik i\u015flemlere ili\u015fkin a\u00e7\u0131klamalarda bulundu. Murat Emir, s\u00fcrecin ad\u0131m ad\u0131m planland\u0131\u011f\u0131n\u0131 ifade etti.<\/p>\n\n\n\n<p><strong>Emir&#8217;in a\u00e7\u0131klamalar\u0131n\u0131n sat\u0131r ba\u015flar\u0131 \u015f\u00f6yle:<\/strong><\/p>\n\n\n\n<p>&#8220;31 Mart darbe s\u00fcrecinden sonra ya\u015fananlar\u0131n en tipik ve en kirli, halk iradesine \u00e7\u00f6kmek \u00fczere, belediye ba\u015fkanl\u0131\u011f\u0131 makam\u0131na \u00e7\u00f6kmek \u00fczere nelerin g\u00f6ze al\u0131nabilece\u011fini apa\u00e7\u0131k ortaya koyan, \u00dcsk\u00fcdar Belediyesinde yap\u0131lan yol-usuls\u00fczl\u00fckleri, bask\u0131y\u0131 ve belediye ba\u015fkanl\u0131\u011f\u0131 koltu\u011funu ele ge\u00e7irmek \u00fczere ortaya konan kirli senaryoyu sizlerle payla\u015faca\u011f\u0131m.<\/p>\n\n\n\n<h3 class=\"wp-block-heading\">&#8220;Say\u0131n Sinem Dedeta\u015f g\u00f6zalt\u0131na al\u0131nd\u0131 ve d\u00f6rt g\u00fcn sonra da tutukland\u0131.&#8221;<\/h3>\n\n\n\n<p>De\u011ferli arkada\u015flar, bildi\u011finiz gibi daha \u00f6nce \u00dcsk\u00fcdar Belediyesine 7 Nisan tarihinde bir operasyon yap\u0131ld\u0131, tutuklamalar yap\u0131ld\u0131 ve sonras\u0131nda da Sinem Dedeta\u015f&#8217;\u0131n da tutuklanaca\u011f\u0131na d\u00f6n\u00fck dedikodular yay\u0131lmaya ba\u015flad\u0131. Sonras\u0131nda 29 Temmuz&#8217;da yine bir sabah operasyonu ile belediye ba\u015fkan\u0131m\u0131z Say\u0131n Sinem Dedeta\u015f g\u00f6zalt\u0131na al\u0131nd\u0131 ve d\u00f6rt g\u00fcn sonra da tutukland\u0131.<\/p>\n\n\n\n<p>Burada as\u0131l niyetin tutuklama ile belediye ba\u015fkan\u0131m\u0131z\u0131 cezaevine koyduktan sonra belediyeye \u00e7\u00f6kmek, \u00dcsk\u00fcdar Belediyesi&#8217;ni ele ge\u00e7irmek oldu\u011funu \u00e7ok iyi biliyorduk. Bunu s\u00f6ylemi\u015ftik. Bunun bir temizlik operasyonu olamayaca\u011f\u0131n\u0131, Sinem Dedeta\u015f&#8217;\u0131n veremeyece\u011fi hi\u00e7bir hesap olmayaca\u011f\u0131n\u0131, tutuksuz yarg\u0131lanman\u0131n as\u0131l olmas\u0131 gerekti\u011fini ifade etmi\u015ftik. Ama as\u0131l dertlerinin \u00dcsk\u00fcdar Belediyesini ele ge\u00e7irmek, \u00dcsk\u00fcdarl\u0131&#8217;n\u0131n vermedi\u011fini, sand\u0131kta alamad\u0131klar\u0131n\u0131 polis zoruyla, savc\u0131larla, hakimlerle, bask\u0131yla, AKP&#8217;nin siyasi g\u00fcc\u00fcyle, hatta birilerinin maddi g\u00fcc\u00fcyle almaya \u00e7al\u0131\u015facaklar\u0131n\u0131 s\u00f6ylemi\u015ftik. Nitekim son derece kirli, son derece karanl\u0131k, hukuksuz, haks\u0131z bir senaryoyu g\u00fcndeme soktular.<\/p>\n\n\n\n<h4 class=\"wp-block-heading\">&#8220;Bask\u0131lar yap\u0131ld\u0131\u011f\u0131n\u0131, telkinler yap\u0131ld\u0131\u011f\u0131n\u0131, kimi tehditlerde bulunuldu\u011funu, kimi \u00f6nerilerde bulunuldu\u011funu ve sonu\u00e7ta belediye meclis \u00fcyelerinin oylar\u0131n\u0131n etkilenmeye \u00e7al\u0131\u015f\u0131ld\u0131\u011f\u0131n\u0131 biz biliyoruz&#8221;<\/h4>\n\n\n\n<p>5 A\u011fustos tarihinde ba\u015fkan vekili se\u00e7imi yap\u0131ld\u0131. Bizim 27 belediye meclis \u00fcyemiz vard\u0131 ve bu se\u00e7imi rahatl\u0131kla kazanabilece\u011fimiz herkesin bildi\u011fi bir ger\u00e7ekti. Ve sonras\u0131nda bizim aday\u0131m\u0131z ilk turda 26 &#8211; 26 oy alm\u0131\u015f olmas\u0131na ra\u011fmen, d\u00f6rd\u00fcnc\u00fc tura gelindi\u011finde ancak 22 oy alabildi. Bu turlar s\u0131ras\u0131nda 26 oyun 22 oya nas\u0131l d\u00fc\u015ft\u00fc\u011f\u00fcne bakt\u0131\u011f\u0131m\u0131zda, orada belediye meclis \u00fcyelerimize bask\u0131lar yap\u0131ld\u0131\u011f\u0131n\u0131, telkinler yap\u0131ld\u0131\u011f\u0131n\u0131, kimi tehditlerde bulunuldu\u011funu, kimi \u00f6nerilerde bulunuldu\u011funu ve sonu\u00e7ta belediye meclis \u00fcyelerinin oylar\u0131n\u0131n etkilenmeye \u00e7al\u0131\u015f\u0131ld\u0131\u011f\u0131n\u0131 biz biliyoruz.<\/p>\n\n\n\n<p>Yap\u0131lan g\u00f6r\u00fc\u015fmelerde; birebir yap\u0131lan g\u00f6r\u00fc\u015fmelerde ve toplu olarak yap\u0131lan g\u00f6r\u00fc\u015fmelerde belediye meclis \u00fcyeleri kimi zaman valili\u011fin etkisiyle, bazen hakim evinde veya ba\u015fka yerlerde, ba\u015fka kanallarla kimi \u00f6nerilerde, tekliflerde, tehditlerde bulunuldu\u011funu ifade ettiler. Ve de\u011ferli arkada\u015flar, takdir edilece\u011fi gibi 27 belediye meclis \u00fcyemiz var; d\u00f6rd\u00fcnc\u00fc turda ald\u0131\u011f\u0131m\u0131z oy 22. AKP&#8217;nin oylar\u0131 art\u0131yor, d\u00f6rt oy fazladan AKP aday\u0131na gitmi\u015f ve bu hayat\u0131n ola\u011fan ak\u0131\u015f\u0131na uygun de\u011fil. Burada iddialar var, herkesin i\u00e7erisinde s\u00f6ylenmi\u015f s\u00f6zler var ve a\u00e7\u0131kl\u0131\u011fa kavu\u015fturulmas\u0131 gereken kimi hususlar var.<\/p>\n\n\n\n<h3 class=\"wp-block-heading\">&#8220;Senin o\u011flunu getirtiriz, yeter ki AKP lehine oy kullan.&#8221;<\/h3>\n\n\n\n<p>Belediye meclis \u00fcyelerimizle toplant\u0131 yap\u0131l\u0131yor, 40 ki\u015finin huzurunda Ahmet Ba\u015fbaydar isimli belediye meclis \u00fcyesi, o\u011flunun KCK \u00fcyeli\u011fi iddias\u0131yla h\u00fck\u00fcm giydi\u011fini, 15 y\u0131ld\u0131r \u0130ngiltere&#8217;de oldu\u011funu ve Adalet Bakanl\u0131\u011f\u0131&#8217;ndan birilerinin onu aray\u0131p &#8216;Senin o\u011flunu getirtiriz, yeter ki AKP lehine oy kullan&#8217; dendi\u011fini ve bir sonraki oylamada da ayn\u0131 \u015fekilde oy verece\u011fini s\u00f6yl\u00fcyor. Ve bu iddialar\u0131n i\u00e7erisinde Adalet Bakan Yard\u0131mc\u0131s\u0131, daha \u00f6nce \u00dcsk\u00fcdar&#8217;da da siyaset yapm\u0131\u015f Sedat Ayy\u0131ld\u0131z&#8217;\u0131n da ad\u0131 ge\u00e7iyor.<\/p>\n\n\n\n<p>Bunlar vahim iddialard\u0131r. Bu iddialar\u0131n \u00fczerine gidilmelidir. Ba\u015fta Say\u0131n Bakan Yard\u0131mc\u0131s\u0131 olmak \u00fczere kimse bu iddialar\u0131n \u00fcst\u00fcne yatamaz!<\/p>\n\n\n\n<p>Bir ba\u015fka meclis \u00fcyemiz H\u00fcseyin Kazan o\u011flunun daha oylamadan bir hafta \u00f6nce \u015fartl\u0131 tahliye ile cezaevinden tahliye edildi\u011fini \u00f6\u011freniyoruz. Ve burada da yine siyasi etkilerle belediye meclis \u00fcyesinin oyunu etkilemek \u00fczere, elde etmek \u00fczere bir tahliye oldu\u011funa d\u00f6n\u00fck kayg\u0131lar\u0131m\u0131z var, \u015f\u00fcphelerimiz var.<\/p>\n\n\n\n<p>Dolay\u0131s\u0131yla de\u011ferli arkada\u015flar; para teklif edilenler, tehdit edilenler, tahliye edilenler, &#8216;senin o\u011flunu getirtiriz&#8217; diyenlerle birlikte o se\u00e7ime her, o se\u00e7imi kazanmak i\u00e7in her \u015fey yap\u0131lm\u0131\u015ft\u0131r. Her t\u00fcrl\u00fc bask\u0131 yap\u0131lm\u0131\u015ft\u0131r. Her t\u00fcrl\u00fc kirli senaryo g\u00fcndeme getirilmi\u015ftir. B\u00fct\u00fcn bunlara ra\u011fmen yine CHP aday\u0131 Sibel Tan \u00c7etinkaya ba\u015fkan vekilli\u011fi se\u00e7imini kazanm\u0131\u015ft\u0131r.<\/p>\n\n\n\n<h3 class=\"wp-block-heading\">&#8220;Hem \u0130dare Mahkemesine se\u00e7imin iptal edilmesi i\u00e7in hem de Savc\u0131l\u0131\u011fa iki ayr\u0131 ba\u015fvuruda bulunuyorlar&#8221;<\/h3>\n\n\n\n<p>Ancak karar verilmi\u015f. T\u00fcm T\u00fcrkiye&#8217;de oldu\u011fu gibi, yap\u0131lan belediye operasyonlar\u0131nda oldu\u011fu gibi operasyonun as\u0131l amac\u0131 halk\u0131n iradesini yok saymak, as\u0131l amac\u0131 belediye ba\u015fkanl\u0131\u011f\u0131 makam\u0131na \u00e7\u00f6kmek, o kentin rant\u0131n\u0131 yemek oldu\u011fu i\u00e7in AKP yine bo\u015f durmam\u0131\u015f. Bu kez, yeni bir oyun sahnelenmi\u015fti. Ve bu kez bir \u015fikayette bulunuyorlar. Hem \u0130dare Mahkemesine se\u00e7imin iptal edilmesi i\u00e7in hem de Savc\u0131l\u0131\u011fa iki ayr\u0131 ba\u015fvuruda bulunuyorlar. Diyorlar ki: &#8216;Bu se\u00e7imde usuls\u00fczl\u00fck oldu, su\u00e7 i\u015flendi.&#8217;<\/p>\n\n\n\n<p>Ve bunun \u00fczerine Savc\u0131l\u0131k bizim belediye meclis \u00fcyelerimizi \u00e7a\u011f\u0131r\u0131yor. \u0130fadelerini al\u0131yor. Onlar\u0131 bask\u0131 alt\u0131na al\u0131yor. Ve bu arada de\u011ferli arkada\u015flar, \u0130dare Mahkemesi y\u00fcr\u00fctmeyi durdurma karar\u0131 veriyor. Bizim y\u00fcr\u00fctmeyi durdurma karar\u0131na itiraz\u0131m\u0131z var. Ama bizim itiraz\u0131m\u0131z\u0131 B\u00f6lge \u0130dare Mahkemesi 2 Eyl\u00fcl&#8217;de reddediyor. Yani 2 Eyl\u00fcl&#8217;de art\u0131k yeni bir se\u00e7im yapma ihtiyac\u0131 oluyor.<\/p>\n\n\n\n<p>Ama ne gariptir ki 2 Eyl\u00fcl&#8217;de, yani daha o karar bir yerlerde haz\u0131rlan\u0131rken, verilirken, ayn\u0131 zamanda tekrar bizim 22 oyla kazanm\u0131\u015f oldu\u011fumuz se\u00e7imlerde yeni belediye meclis \u00fcyelerini, yeni oylamada tekrar bask\u0131 alt\u0131na almak \u00fczere tekrar g\u00f6zalt\u0131lar g\u00fcndeme geliyor.<\/p>\n\n\n\n<p>AKP&#8217;nin siyaset yapmas\u0131, belediye meclis \u00fcyelerini organize etmesi, onlara kendisini anlatmas\u0131, se\u00e7imlere sayg\u0131 duymas\u0131 vesaire hi\u00e7 \u00f6nemli de\u011fil. Bunlara ihtiya\u00e7lar\u0131 yok. Hangi oylama yap\u0131lacaksa oy vereceklerin bir k\u0131sm\u0131n\u0131 g\u00f6zalt\u0131na al\u0131yorlar, tutukluyorlar, soru\u015fturuyorlar, ifadesini al\u0131yorlar; ya g\u00f6zalt\u0131nda tutuyorlar ya da bask\u0131 alt\u0131na al\u0131yorlar.<\/p>\n\n\n\n<p>Bak\u0131n, 2 Eyl\u00fcl sabah\u0131, yani Valili\u011fin &#8216;5 Eyl\u00fcl&#8217;de se\u00e7im yapaca\u011f\u0131z&#8217; dedi\u011fi g\u00fcn, yani \u0130dare Mahkemesi&#8217;nin bizim ba\u015fvuru karar\u0131n\u0131 reddetti\u011fi g\u00fcn Mithat \u00d6zdemir (belediye meclis \u00fcyesi) ve Amine Cansu \u00c7elik g\u00f6zalt\u0131na al\u0131n\u0131yor. \u015eu anda Vatan Emniyetteler. Bu ki\u015filer ay\u0131n 5&#8217;inde oy kullanacaklar g\u00fcya. Ve bu ki\u015filerin h\u00e2l\u00e2 ne zaman ifadelerinin al\u0131naca\u011f\u0131n\u0131 bilmiyoruz.<\/p>\n\n\n\n<h3 class=\"wp-block-heading\">&#8220;Divan Ba\u015fkan\u0131 Ali Aral&#8217;a da &#8216;\u0130fadeye gel ama avukats\u0131z gel&#8217; diyorlar.&#8221;<\/h3>\n\n\n\n<p>Yine bu sabah bir operasyonla Ekrem Baki (yine o da belediye meclis \u00fcyesi), o da g\u00f6zalt\u0131nda. Ve bizim iki belediye meclis \u00fcyemiz, Nihat Do\u011fan ve Ali Aral \u00e7a\u011fr\u0131l\u0131yorlar ba\u015fka dosyalardan ve ifadeleri al\u0131n\u0131yor. Mesela Nihat Do\u011fan&#8217;a \u00e7a\u011f\u0131r\u0131yorlar, ifadesini al\u0131yorlar, yolluyorlar. Divan Ba\u015fkan\u0131 Ali Aral&#8217;a da &#8216;\u0130fadeye gel ama avukats\u0131z gel&#8217; diyorlar.<\/p>\n\n\n\n<p>Tekraren dikkatinize sunay\u0131m: 2 Eyl\u00fcl&#8217;de karar veriliyor, 5 Eyl\u00fcl&#8217;de se\u00e7im yap\u0131lacak. 5 Eyl\u00fcl&#8217;de bizim daha \u00f6nce son ald\u0131\u011f\u0131m\u0131z oy 22, onlar\u0131n ald\u0131\u011f\u0131 oy 19. O 22&#8217;yi a\u015fa\u011f\u0131 \u00e7ekmek laz\u0131m. \u00dc\u00e7 belediye meclis \u00fcyesi \u015fu anda g\u00f6zalt\u0131nda; iki, ikisi de ba\u015fka dosyalardan \u00e7a\u011fr\u0131lm\u0131\u015f, ifadeleri al\u0131nm\u0131\u015f, yani bask\u0131 alt\u0131na al\u0131nm\u0131\u015f.<\/p>\n\n\n\n<p><strong>&#8220;B\u00f6ylesine kirli, b\u00f6ylesine hukuksuz, b\u00f6ylesine vicdans\u0131z bir s\u00fcrecin i\u00e7erisindeyiz\u201d<\/strong><\/p>\n\n\n\n<p>\u015eimdi 5 Eyl\u00fcl&#8217;de de bunlar se\u00e7im yapacaklar\u0131n\u0131 iddia ediyorlar. Ve o g\u00fcn se\u00e7im yap\u0131p e\u011fer ba\u015farabilirlerse diyecekler ki: &#8216;Nihayet demokrasi yerine geldi. \u0130\u015fte bak\u0131n biz \u00dcsk\u00fcdar halk\u0131n\u0131n iradesini art\u0131k biz temsil edece\u011fiz.&#8217; B\u00f6ylesine kirli, b\u00f6ylesine hukuksuz, b\u00f6ylesine vicdans\u0131z bir s\u00fcrecin i\u00e7erisindeyiz.\u201d<\/p>\n\n\n\n<p><strong>\u201cB\u00fct\u00fcn bunlar\u0131n ba\u015f\u0131nda Say\u0131n Cumhurba\u015fkan\u0131 Recep Tayyip Erdo\u011fan&#8217;\u0131n oldu\u011funu \u00e7ok iyi biliyoruz.\u201d<\/strong><\/p>\n\n\n\n<p>Murat Emir, a\u00e7\u0131klamas\u0131n\u0131n son b\u00f6l\u00fcm\u00fcnde operasyonlar\u0131n arkas\u0131ndaki siyasi iradeye i\u015faret ederek AKP&#8217;li Cumhurba\u015fkan\u0131 Recep Tayyip Erdo\u011fan\u2019a seslendi ve sand\u0131k uyar\u0131s\u0131nda bulundu:<\/p>\n\n\n\n<p>\u201cB\u00fct\u00fcn bunlar\u0131n ba\u015f\u0131nda Say\u0131n Cumhurba\u015fkan\u0131 Recep Tayyip Erdo\u011fan&#8217;\u0131n oldu\u011funu \u00e7ok iyi biliyoruz. Ve ben buradan Say\u0131n Cumhurba\u015fkan\u0131&#8217;na seslenmek istiyorum: Ey Erdo\u011fan! Sen \u00dcsk\u00fcdar Belediye Ba\u015fkanl\u0131\u011f\u0131&#8217;n\u0131 bu \u015fekilde mi ele ge\u00e7ireceksin? Sen ki sand\u0131ktan \u00e7\u0131kmakla \u00f6v\u00fcn\u00fcyorsun, sen ki onlarca se\u00e7im kazanmakla \u00f6v\u00fcn\u00fcyorsun. \u00dcsk\u00fcdar halk\u0131 karar\u0131n\u0131 vermi\u015f, Sinem Dedeta\u015f&#8217;\u0131 se\u00e7mi\u015f ve se\u00e7ilmi\u015f belediye ba\u015fkan\u0131 olarak da onurla, tertemiz bir belediye ba\u015fkanl\u0131\u011f\u0131 g\u00f6revi y\u00fcr\u00fct\u00fcyor.&#8221;<\/p>\n\n\n\n<figure class=\"wp-block-embed is-type-rich is-provider-x wp-block-embed-x\"><div class=\"wp-block-embed__wrapper\">\n<blockquote class=\"twitter-tweet\" data-width=\"550\" data-dnt=\"true\"><p lang=\"tr\" dir=\"ltr\">Grup Ba\u015fkanvekilimiz Murat Emir, TBMM&#39;de bas\u0131n toplant\u0131s\u0131 yap\u0131yor <a href=\"https:\/\/t.co\/yvTg51VBmq\">https:\/\/t.co\/yvTg51VBmq<\/a><\/p>&mdash; YEN\u0130 Parti (@yenipartiyiz) <a href=\"https:\/\/x.com\/yenipartiyiz\/status\/2095444851496296915?ref_src=twsrc%5Etfw\">September 3, 2026<\/a><\/blockquote><script async src=\"https:\/\/platform.x.com\/widgets.js\" charset=\"utf-8\"><\/script>\n<\/div><\/figure>\n","protected":false},"excerpt":{"rendered":"<p>TBMM&#8217;de konu\u015fan Murat Emir, \u00dcsk\u00fcdar Belediyesi&#8217;nde 5 Eyl\u00fcl&#8217;de yenilenecek ba\u015fkanvekilli\u011fi se\u00e7imi \u00f6ncesi bask\u0131 yap\u0131ld\u0131\u011f\u0131n\u0131 \u00f6ne s\u00fcrd\u00fc. YEN\u0130 Parti Grup Ba\u015fkanvekili Murat Emir, T\u00fcrkiye B\u00fcy\u00fck Millet Meclisi\u2019nde (TBMM) d\u00fczenledi\u011fi bas\u0131n toplant\u0131s\u0131nda \u00dcsk\u00fcdar Belediyesi\u2019nde ya\u015fanan s\u00fcrece ve belediye meclis \u00fcyelerine y\u00f6nelik i\u015flemlere ili\u015fkin a\u00e7\u0131klamalarda bulundu. Murat Emir, s\u00fcrecin ad\u0131m ad\u0131m planland\u0131\u011f\u0131n\u0131 ifade etti. Emir&#8217;in a\u00e7\u0131klamalar\u0131n\u0131n sat\u0131r ba\u015flar\u0131 [&hellip;]<\/p>\n","protected":false},"author":12791,"featured_media":171455,"comment_status":"open","ping_status":"open","sticky":false,"template":"","format":"standard","meta":{"_yoast_wpseo_focuskw":"murat Emir","_yoast_wpseo_title":"","_yoast_wpseo_metadesc":"TBMM'de konu\u015fan Murat Emir, \u00dcsk\u00fcdar Belediyesi'nde 5 Eyl\u00fcl'de yenilenecek ba\u015fkanvekilli\u011fi se\u00e7imi \u00f6ncesi bask\u0131 yap\u0131ld\u0131\u011f\u0131n\u0131 \u00f6ne s\u00fcrd\u00fc.","_bbp_topic_count":0,"_bbp_reply_count":0,"_bbp_total_topic_count":0,"_bbp_total_reply_count":0,"_bbp_voice_count":0,"_bbp_anonymous_reply_count":0,"_bbp_topic_count_hidden":0,"_bbp_reply_count_hidden":0,"_bbp_forum_subforum_count":0,"footnotes":"","_yoast_wpseo_focuskw_text_input":""},"categories":[1,8138,8226],"tags":[1933,8959,1200,11909],"yoast_head":"<!-- This site is optimized with the Yoast SEO plugin v23.0 - https:\/\/yoast.com\/wordpress\/plugins\/seo\/ -->\n<title>Murat Emir A\u00e7\u0131klad\u0131: &quot;Kirli Senaryoyu Payla\u015faca\u011f\u0131m&quot; - The Epoch Times TR<\/title>\n<meta name=\"description\" content=\"TBMM&#039;de konu\u015fan Murat Emir, \u00dcsk\u00fcdar Belediyesi&#039;nde 5 Eyl\u00fcl&#039;de yenilenecek ba\u015fkanvekilli\u011fi se\u00e7imi \u00f6ncesi bask\u0131 yap\u0131ld\u0131\u011f\u0131n\u0131 \u00f6ne s\u00fcrd\u00fc.\" \/>\n<meta name=\"robots\" content=\"index, follow, max-snippet:-1, max-image-preview:large, max-video-preview:-1\" \/>\n<link rel=\"canonical\" href=\"https:\/\/epochtimestr.com\/index.php\/murat-emir-acikladi-kirli-senaryoyu-paylasacagim\" \/>\n<meta property=\"og:locale\" content=\"tr_TR\" \/>\n<meta property=\"og:type\" content=\"article\" \/>\n<meta property=\"og:title\" content=\"Murat Emir A\u00e7\u0131klad\u0131: &quot;Kirli Senaryoyu Payla\u015faca\u011f\u0131m&quot; - The Epoch Times TR\" \/>\n<meta property=\"og:description\" content=\"TBMM&#039;de konu\u015fan Murat Emir, \u00dcsk\u00fcdar Belediyesi&#039;nde 5 Eyl\u00fcl&#039;de yenilenecek ba\u015fkanvekilli\u011fi se\u00e7imi \u00f6ncesi bask\u0131 yap\u0131ld\u0131\u011f\u0131n\u0131 \u00f6ne s\u00fcrd\u00fc.\" \/>\n<meta property=\"og:url\" content=\"https:\/\/epochtimestr.com\/index.php\/murat-emir-acikladi-kirli-senaryoyu-paylasacagim\" \/>\n<meta property=\"og:site_name\" content=\"The Epoch Times TR\" \/>\n<meta property=\"article:publisher\" content=\"https:\/\/www.facebook.com\/theepochtimestr\" \/>\n<meta property=\"article:published_time\" content=\"2026-09-03T14:48:05+00:00\" \/>\n<meta property=\"article:modified_time\" content=\"2026-09-03T14:48:07+00:00\" \/>\n<meta property=\"og:image\" content=\"https:\/\/epochtimestr.com\/wp-content\/uploads\/2011y\/yeni-parti-x-2.webp\" \/>\n\t<meta property=\"og:image:width\" content=\"1280\" \/>\n\t<meta property=\"og:image:height\" content=\"720\" \/>\n\t<meta property=\"og:image:type\" content=\"image\/webp\" \/>\n<meta name=\"author\" content=\"Haber Merkezi\" \/>\n<meta name=\"twitter:card\" content=\"summary_large_image\" \/>\n<meta name=\"twitter:creator\" content=\"@TheEpochTimesTR\" \/>\n<meta name=\"twitter:site\" content=\"@TheEpochTimesTR\" \/>\n<meta name=\"twitter:label1\" content=\"Yazan:\" \/>\n\t<meta name=\"twitter:data1\" content=\"Haber Merkezi\" \/>\n\t<meta name=\"twitter:label2\" content=\"Tahmini okuma s\u00fcresi\" \/>\n\t<meta name=\"twitter:data2\" content=\"8 dakika\" \/>\n<script type=\"application\/ld+json\" class=\"yoast-schema-graph\">{\"@context\":\"https:\/\/schema.org\",\"@graph\":[{\"@type\":\"Article\",\"@id\":\"https:\/\/epochtimestr.com\/index.php\/murat-emir-acikladi-kirli-senaryoyu-paylasacagim#article\",\"isPartOf\":{\"@id\":\"https:\/\/epochtimestr.com\/index.php\/murat-emir-acikladi-kirli-senaryoyu-paylasacagim\"},\"author\":{\"name\":\"Haber Merkezi\",\"@id\":\"https:\/\/epochtimestr.com\/#\/schema\/person\/3dc5c3adeb9f43923c5aa85889172fdd\"},\"headline\":\"Murat Emir A\u00e7\u0131klad\u0131: &#8220;Kirli Senaryoyu Payla\u015faca\u011f\u0131m&#8221;\",\"datePublished\":\"2026-09-03T14:48:05+00:00\",\"dateModified\":\"2026-09-03T14:48:07+00:00\",\"mainEntityOfPage\":{\"@id\":\"https:\/\/epochtimestr.com\/index.php\/murat-emir-acikladi-kirli-senaryoyu-paylasacagim\"},\"wordCount\":1626,\"commentCount\":0,\"publisher\":{\"@id\":\"https:\/\/epochtimestr.com\/#organization\"},\"image\":{\"@id\":\"https:\/\/epochtimestr.com\/index.php\/murat-emir-acikladi-kirli-senaryoyu-paylasacagim#primaryimage\"},\"thumbnailUrl\":\"https:\/\/epochtimestr.com\/wp-content\/uploads\/2011y\/yeni-parti-x-2.webp\",\"keywords\":[\"bas\u0131n toplant\u0131s\u0131\",\"Murat Emir\",\"tbmm\",\"YEN\u0130 Parti\"],\"articleSection\":[\"G\u00dcNDEM\",\"MAN\u015eET\",\"Siyaset\"],\"inLanguage\":\"tr\",\"potentialAction\":[{\"@type\":\"CommentAction\",\"name\":\"Comment\",\"target\":[\"https:\/\/epochtimestr.com\/index.php\/murat-emir-acikladi-kirli-senaryoyu-paylasacagim#respond\"]}]},{\"@type\":\"WebPage\",\"@id\":\"https:\/\/epochtimestr.com\/index.php\/murat-emir-acikladi-kirli-senaryoyu-paylasacagim\",\"url\":\"https:\/\/epochtimestr.com\/index.php\/murat-emir-acikladi-kirli-senaryoyu-paylasacagim\",\"name\":\"Murat Emir A\u00e7\u0131klad\u0131: \\\"Kirli Senaryoyu Payla\u015faca\u011f\u0131m\\\" - The Epoch Times TR\",\"isPartOf\":{\"@id\":\"https:\/\/epochtimestr.com\/#website\"},\"primaryImageOfPage\":{\"@id\":\"https:\/\/epochtimestr.com\/index.php\/murat-emir-acikladi-kirli-senaryoyu-paylasacagim#primaryimage\"},\"image\":{\"@id\":\"https:\/\/epochtimestr.com\/index.php\/murat-emir-acikladi-kirli-senaryoyu-paylasacagim#primaryimage\"},\"thumbnailUrl\":\"https:\/\/epochtimestr.com\/wp-content\/uploads\/2011y\/yeni-parti-x-2.webp\",\"datePublished\":\"2026-09-03T14:48:05+00:00\",\"dateModified\":\"2026-09-03T14:48:07+00:00\",\"description\":\"TBMM'de konu\u015fan Murat Emir, \u00dcsk\u00fcdar Belediyesi'nde 5 Eyl\u00fcl'de yenilenecek ba\u015fkanvekilli\u011fi se\u00e7imi \u00f6ncesi bask\u0131 yap\u0131ld\u0131\u011f\u0131n\u0131 \u00f6ne s\u00fcrd\u00fc.\",\"inLanguage\":\"tr\",\"potentialAction\":[{\"@type\":\"ReadAction\",\"target\":[\"https:\/\/epochtimestr.com\/index.php\/murat-emir-acikladi-kirli-senaryoyu-paylasacagim\"]}]},{\"@type\":\"ImageObject\",\"inLanguage\":\"tr\",\"@id\":\"https:\/\/epochtimestr.com\/index.php\/murat-emir-acikladi-kirli-senaryoyu-paylasacagim#primaryimage\",\"url\":\"https:\/\/epochtimestr.com\/wp-content\/uploads\/2011y\/yeni-parti-x-2.webp\",\"contentUrl\":\"https:\/\/epochtimestr.com\/wp-content\/uploads\/2011y\/yeni-parti-x-2.webp\",\"width\":1280,\"height\":720},{\"@type\":\"WebSite\",\"@id\":\"https:\/\/epochtimestr.com\/#website\",\"url\":\"https:\/\/epochtimestr.com\/\",\"name\":\"The Epoch Times TR\",\"description\":\"De\u011fi\u015fen D\u00fcnyam\u0131za Taze Bir Bak\u0131\u015f\",\"publisher\":{\"@id\":\"https:\/\/epochtimestr.com\/#organization\"},\"potentialAction\":[{\"@type\":\"SearchAction\",\"target\":{\"@type\":\"EntryPoint\",\"urlTemplate\":\"https:\/\/epochtimestr.com\/?s={search_term_string}\"},\"query-input\":\"required name=search_term_string\"}],\"inLanguage\":\"tr\"},{\"@type\":\"Organization\",\"@id\":\"https:\/\/epochtimestr.com\/#organization\",\"name\":\"The EpochTimes T\u00fcrkiye\",\"url\":\"https:\/\/epochtimestr.com\/\",\"logo\":{\"@type\":\"ImageObject\",\"inLanguage\":\"tr\",\"@id\":\"https:\/\/epochtimestr.com\/#\/schema\/logo\/image\/\",\"url\":\"https:\/\/epochtimestr.com\/wp-content\/uploads\/2011y\/ET-Logo-YG.jpg\",\"contentUrl\":\"https:\/\/epochtimestr.com\/wp-content\/uploads\/2011y\/ET-Logo-YG.jpg\",\"width\":346,\"height\":29,\"caption\":\"The EpochTimes T\u00fcrkiye\"},\"image\":{\"@id\":\"https:\/\/epochtimestr.com\/#\/schema\/logo\/image\/\"},\"sameAs\":[\"https:\/\/www.facebook.com\/theepochtimestr\",\"https:\/\/x.com\/TheEpochTimesTR\",\"https:\/\/www.instagram.com\/epochtimestr\"]},{\"@type\":\"Person\",\"@id\":\"https:\/\/epochtimestr.com\/#\/schema\/person\/3dc5c3adeb9f43923c5aa85889172fdd\",\"name\":\"Haber Merkezi\",\"image\":{\"@type\":\"ImageObject\",\"inLanguage\":\"tr\",\"@id\":\"https:\/\/epochtimestr.com\/#\/schema\/person\/image\/\",\"url\":\"https:\/\/secure.gravatar.com\/avatar\/d73f772ba5a74f28601361e17c2f93e6?s=96&d=mm&r=g\",\"contentUrl\":\"https:\/\/secure.gravatar.com\/avatar\/d73f772ba5a74f28601361e17c2f93e6?s=96&d=mm&r=g\",\"caption\":\"Haber Merkezi\"},\"url\":\"https:\/\/epochtimestr.com\/index.php\/author\/sendag\"}]}<\/script>\n<!-- \/ Yoast SEO plugin. -->","yoast_head_json":{"title":"Murat Emir A\u00e7\u0131klad\u0131: \"Kirli Senaryoyu Payla\u015faca\u011f\u0131m\" - The Epoch Times TR","description":"TBMM'de konu\u015fan Murat Emir, \u00dcsk\u00fcdar Belediyesi'nde 5 Eyl\u00fcl'de yenilenecek ba\u015fkanvekilli\u011fi se\u00e7imi \u00f6ncesi bask\u0131 yap\u0131ld\u0131\u011f\u0131n\u0131 \u00f6ne s\u00fcrd\u00fc.","robots":{"index":"index","follow":"follow","max-snippet":"max-snippet:-1","max-image-preview":"max-image-preview:large","max-video-preview":"max-video-preview:-1"},"canonical":"https:\/\/epochtimestr.com\/index.php\/murat-emir-acikladi-kirli-senaryoyu-paylasacagim","og_locale":"tr_TR","og_type":"article","og_title":"Murat Emir A\u00e7\u0131klad\u0131: \"Kirli Senaryoyu Payla\u015faca\u011f\u0131m\" - The Epoch Times TR","og_description":"TBMM'de konu\u015fan Murat Emir, \u00dcsk\u00fcdar Belediyesi'nde 5 Eyl\u00fcl'de yenilenecek ba\u015fkanvekilli\u011fi se\u00e7imi \u00f6ncesi bask\u0131 yap\u0131ld\u0131\u011f\u0131n\u0131 \u00f6ne s\u00fcrd\u00fc.","og_url":"https:\/\/epochtimestr.com\/index.php\/murat-emir-acikladi-kirli-senaryoyu-paylasacagim","og_site_name":"The Epoch Times TR","article_publisher":"https:\/\/www.facebook.com\/theepochtimestr","article_published_time":"2026-09-03T14:48:05+00:00","article_modified_time":"2026-09-03T14:48:07+00:00","og_image":[{"width":1280,"height":720,"url":"https:\/\/epochtimestr.com\/wp-content\/uploads\/2011y\/yeni-parti-x-2.webp","type":"image\/webp"}],"author":"Haber Merkezi","twitter_card":"summary_large_image","twitter_creator":"@TheEpochTimesTR","twitter_site":"@TheEpochTimesTR","twitter_misc":{"Yazan:":"Haber Merkezi","Tahmini okuma s\u00fcresi":"8 dakika"},"schema":{"@context":"https:\/\/schema.org","@graph":[{"@type":"Article","@id":"https:\/\/epochtimestr.com\/index.php\/murat-emir-acikladi-kirli-senaryoyu-paylasacagim#article","isPartOf":{"@id":"https:\/\/epochtimestr.com\/index.php\/murat-emir-acikladi-kirli-senaryoyu-paylasacagim"},"author":{"name":"Haber Merkezi","@id":"https:\/\/epochtimestr.com\/#\/schema\/person\/3dc5c3adeb9f43923c5aa85889172fdd"},"headline":"Murat Emir A\u00e7\u0131klad\u0131: &#8220;Kirli Senaryoyu Payla\u015faca\u011f\u0131m&#8221;","datePublished":"2026-09-03T14:48:05+00:00","dateModified":"2026-09-03T14:48:07+00:00","mainEntityOfPage":{"@id":"https:\/\/epochtimestr.com\/index.php\/murat-emir-acikladi-kirli-senaryoyu-paylasacagim"},"wordCount":1626,"commentCount":0,"publisher":{"@id":"https:\/\/epochtimestr.com\/#organization"},"image":{"@id":"https:\/\/epochtimestr.com\/index.php\/murat-emir-acikladi-kirli-senaryoyu-paylasacagim#primaryimage"},"thumbnailUrl":"https:\/\/epochtimestr.com\/wp-content\/uploads\/2011y\/yeni-parti-x-2.webp","keywords":["bas\u0131n toplant\u0131s\u0131","Murat Emir","tbmm","YEN\u0130 Parti"],"articleSection":["G\u00dcNDEM","MAN\u015eET","Siyaset"],"inLanguage":"tr","potentialAction":[{"@type":"CommentAction","name":"Comment","target":["https:\/\/epochtimestr.com\/index.php\/murat-emir-acikladi-kirli-senaryoyu-paylasacagim#respond"]}]},{"@type":"WebPage","@id":"https:\/\/epochtimestr.com\/index.php\/murat-emir-acikladi-kirli-senaryoyu-paylasacagim","url":"https:\/\/epochtimestr.com\/index.php\/murat-emir-acikladi-kirli-senaryoyu-paylasacagim","name":"Murat Emir A\u00e7\u0131klad\u0131: \"Kirli Senaryoyu Payla\u015faca\u011f\u0131m\" - The Epoch Times TR","isPartOf":{"@id":"https:\/\/epochtimestr.com\/#website"},"primaryImageOfPage":{"@id":"https:\/\/epochtimestr.com\/index.php\/murat-emir-acikladi-kirli-senaryoyu-paylasacagim#primaryimage"},"image":{"@id":"https:\/\/epochtimestr.com\/index.php\/murat-emir-acikladi-kirli-senaryoyu-paylasacagim#primaryimage"},"thumbnailUrl":"https:\/\/epochtimestr.com\/wp-content\/uploads\/2011y\/yeni-parti-x-2.webp","datePublished":"2026-09-03T14:48:05+00:00","dateModified":"2026-09-03T14:48:07+00:00","description":"TBMM'de konu\u015fan Murat Emir, \u00dcsk\u00fcdar Belediyesi'nde 5 Eyl\u00fcl'de yenilenecek ba\u015fkanvekilli\u011fi se\u00e7imi \u00f6ncesi bask\u0131 yap\u0131ld\u0131\u011f\u0131n\u0131 \u00f6ne s\u00fcrd\u00fc.","inLanguage":"tr","potentialAction":[{"@type":"ReadAction","target":["https:\/\/epochtimestr.com\/index.php\/murat-emir-acikladi-kirli-senaryoyu-paylasacagim"]}]},{"@type":"ImageObject","inLanguage":"tr","@id":"https:\/\/epochtimestr.com\/index.php\/murat-emir-acikladi-kirli-senaryoyu-paylasacagim#primaryimage","url":"https:\/\/epochtimestr.com\/wp-content\/uploads\/2011y\/yeni-parti-x-2.webp","contentUrl":"https:\/\/epochtimestr.com\/wp-content\/uploads\/2011y\/yeni-parti-x-2.webp","width":1280,"height":720},{"@type":"WebSite","@id":"https:\/\/epochtimestr.com\/#website","url":"https:\/\/epochtimestr.com\/","name":"The Epoch Times TR","description":"De\u011fi\u015fen D\u00fcnyam\u0131za Taze Bir Bak\u0131\u015f","publisher":{"@id":"https:\/\/epochtimestr.com\/#organization"},"potentialAction":[{"@type":"SearchAction","target":{"@type":"EntryPoint","urlTemplate":"https:\/\/epochtimestr.com\/?s={search_term_string}"},"query-input":"required name=search_term_string"}],"inLanguage":"tr"},{"@type":"Organization","@id":"https:\/\/epochtimestr.com\/#organization","name":"The EpochTimes T\u00fcrkiye","url":"https:\/\/epochtimestr.com\/","logo":{"@type":"ImageObject","inLanguage":"tr","@id":"https:\/\/epochtimestr.com\/#\/schema\/logo\/image\/","url":"https:\/\/epochtimestr.com\/wp-content\/uploads\/2011y\/ET-Logo-YG.jpg","contentUrl":"https:\/\/epochtimestr.com\/wp-content\/uploads\/2011y\/ET-Logo-YG.jpg","width":346,"height":29,"caption":"The EpochTimes T\u00fcrkiye"},"image":{"@id":"https:\/\/epochtimestr.com\/#\/schema\/logo\/image\/"},"sameAs":["https:\/\/www.facebook.com\/theepochtimestr","https:\/\/x.com\/TheEpochTimesTR","https:\/\/www.instagram.com\/epochtimestr"]},{"@type":"Person","@id":"https:\/\/epochtimestr.com\/#\/schema\/person\/3dc5c3adeb9f43923c5aa85889172fdd","name":"Haber Merkezi","image":{"@type":"ImageObject","inLanguage":"tr","@id":"https:\/\/epochtimestr.com\/#\/schema\/person\/image\/","url":"https:\/\/secure.gravatar.com\/avatar\/d73f772ba5a74f28601361e17c2f93e6?s=96&d=mm&r=g","contentUrl":"https:\/\/secure.gravatar.com\/avatar\/d73f772ba5a74f28601361e17c2f93e6?s=96&d=mm&r=g","caption":"Haber Merkezi"},"url":"https:\/\/epochtimestr.com\/index.php\/author\/sendag"}]}},"_links":{"self":[{"href":"https:\/\/epochtimestr.com\/index.php\/wp-json\/wp\/v2\/posts\/171454"}],"collection":[{"href":"https:\/\/epochtimestr.com\/index.php\/wp-json\/wp\/v2\/posts"}],"about":[{"href":"https:\/\/epochtimestr.com\/index.php\/wp-json\/wp\/v2\/types\/post"}],"author":[{"embeddable":true,"href":"https:\/\/epochtimestr.com\/index.php\/wp-json\/wp\/v2\/users\/12791"}],"replies":[{"embeddable":true,"href":"https:\/\/epochtimestr.com\/index.php\/wp-json\/wp\/v2\/comments?post=171454"}],"version-history":[{"count":2,"href":"https:\/\/epochtimestr.com\/index.php\/wp-json\/wp\/v2\/posts\/171454\/revisions"}],"predecessor-version":[{"id":171461,"href":"https:\/\/epochtimestr.com\/index.php\/wp-json\/wp\/v2\/posts\/171454\/revisions\/171461"}],"wp:featuredmedia":[{"embeddable":true,"href":"https:\/\/epochtimestr.com\/index.php\/wp-json\/wp\/v2\/media\/171455"}],"wp:attachment":[{"href":"https:\/\/epochtimestr.com\/index.php\/wp-json\/wp\/v2\/media?parent=171454"}],"wp:term":[{"taxonomy":"category","embeddable":true,"href":"https:\/\/epochtimestr.com\/index.php\/wp-json\/wp\/v2\/categories?post=171454"},{"taxonomy":"post_tag","embeddable":true,"href":"https:\/\/epochtimestr.com\/index.php\/wp-json\/wp\/v2\/tags?post=171454"}],"curies":[{"name":"wp","href":"https:\/\/api.w.org\/{rel}","templated":true}]}}