{"id":171462,"date":"2026-09-04T09:04:27","date_gmt":"2026-09-04T06:04:27","guid":{"rendered":"https:\/\/epochtimestr.com\/?p=171462"},"modified":"2026-09-04T09:04:36","modified_gmt":"2026-09-04T06:04:36","slug":"umit-ozdag-turk-millet-toplantisinda-aciklamalarda-bulundu","status":"publish","type":"post","link":"https:\/\/epochtimestr.com\/index.php\/umit-ozdag-turk-millet-toplantisinda-aciklamalarda-bulundu","title":{"rendered":"\u00dcmit \u00d6zda\u011f T\u00fcrk Millet Toplant\u0131s\u0131&#8217;nda A\u00e7\u0131klamalarda Bulundu"},"content":{"rendered":"<div class=\"wp-block-image\">\n<figure class=\"aligncenter size-full is-resized\"><img loading=\"lazy\" decoding=\"async\" width=\"739\" height=\"415\" src=\"https:\/\/epochtimestr.com\/wp-content\/uploads\/2011y\/umit-ozdag-zafer-partisix.jpg\" alt=\"\u00dcmit \u00d6zda\u011f T\u00fcrk Millet Toplant\u0131s\u0131'nda g\u00fcndeme dair a\u00e7\u0131klamalarda bulundu. (Foto\u011fraf: \u00dcmit \u00d6zda\u011f x hesab\u0131)\" class=\"wp-image-171463\" style=\"width:739px;height:auto\" srcset=\"https:\/\/epochtimestr.com\/wp-content\/uploads\/2011y\/umit-ozdag-zafer-partisix.jpg 739w, https:\/\/epochtimestr.com\/wp-content\/uploads\/2011y\/umit-ozdag-zafer-partisix-300x168.jpg 300w, https:\/\/epochtimestr.com\/wp-content\/uploads\/2011y\/umit-ozdag-zafer-partisix-150x84.jpg 150w\" sizes=\"(max-width: 739px) 100vw, 739px\" \/><figcaption class=\"wp-element-caption\">\u00dcmit \u00d6zda\u011f T\u00fcrk Millet Toplant\u0131s\u0131&#8217;nda g\u00fcndeme dair a\u00e7\u0131klamalarda bulundu. (Foto\u011fraf: \u00dcmit \u00d6zda\u011f x hesab\u0131)<\/figcaption><\/figure><\/div>\n\n\n<h2 class=\"wp-block-heading\">Zafer Partisi Genel Ba\u015fkan\u0131 \u00dcmit \u00d6zda\u011f, partisinin genel merkezinde d\u00fczenledi\u011fi bas\u0131n toplant\u0131s\u0131nda g\u00fcndeme ili\u015fkin a\u00e7\u0131klamalarda bulundu.<\/h2>\n\n\n\n<p><a href=\"https:\/\/epochtimestr.com\/index.php\/chpli-kale-belediye-baskani-erkan-hayla-zafer-partisine-katildi\" target=\"_blank\" rel=\"noreferrer noopener\">Zafer Partisi <\/a>Genel Ba\u015fkan\u0131 \u00dcmit \u00d6zda\u011f, &#8220;PKK silah b\u0131rakmayacak, silahlar\u0131n\u0131n yerini de\u011fi\u015ftirecek. Silahlar\u0131n\u0131 Suriye&#8217;deki ve \u0130ran&#8217;da PJAK yap\u0131lanmas\u0131 i\u00e7erisindeki unsurlara kayd\u0131racak ve \u0130ran&#8217;da \u00e7\u0131kacak Amerikan &#8211; \u0130srail destekli i\u00e7 \u00e7at\u0131\u015fmada mevzilenmek \u00fczere haz\u0131rlanacak&#8221; dedi.<\/p>\n\n\n\n<p>Zafer Partisi Genel Ba\u015fkan\u0131 \u00dcmit \u00d6zda\u011f, partisinin genel merkezinde d\u00fczenledi\u011fi bas\u0131n toplant\u0131s\u0131nda g\u00fcndeme ili\u015fkin a\u00e7\u0131klamalarda bulundu.<\/p>\n\n\n\n<p><strong>&#8220;PKK Silah B\u0131rakmayacak, Yerini De\u011fi\u015ftirecek&#8221;<\/strong><\/p>\n\n\n\n<p>Zafer Partisi Genel Ba\u015fkan\u0131 \u00dcmit \u00d6zda\u011f, partisinin genel merkezinde d\u00fczenledi\u011fi geni\u015f kapsaml\u0131 bas\u0131n toplant\u0131s\u0131nda g\u00fcndemdeki s\u0131cak geli\u015fmeleri de\u011ferlendirdi. Ter\u00f6rle m\u00fccadeleden ekonomiye, d\u0131\u015f politikadan yarg\u0131daki \u00e7ifte standart iddialar\u0131na kadar bir\u00e7ok konuda sert ele\u015ftirilerde bulunan \u00d6zda\u011f, \u00e7arp\u0131c\u0131 iddialar ortaya koydu.<\/p>\n\n\n\n<p><strong>KKTC&#8217;deki Feribot Kazas\u0131: &#8220;21. Y\u00fczy\u0131lda B\u00fcy\u00fck Bir \u0130hmaller Dizisi&#8221;<\/strong><\/p>\n\n\n\n<p>Konu\u015fmas\u0131na Kuzey K\u0131br\u0131s T\u00fcrk Cumhuriyeti&#8217;nde (KKTC) meydana gelen feribot kazas\u0131yla ba\u015flayan \u00d6zda\u011f, ya\u015fanan can kay\u0131plar\u0131ndan derin \u00fcz\u00fcnt\u00fc duydu\u011funu belirterek \u015funlar\u0131 s\u00f6yledi:<\/p>\n\n\n\n<p>&#8220;Kuzey K\u0131br\u0131s T\u00fcrk Cumhuriyeti&#8217;nde vahim bir deniz kazas\u0131 ger\u00e7ekle\u015fti ve bir\u00e7ok can kayb\u0131 oldu. B\u00f6yle bir gemi kazas\u0131n\u0131n ger\u00e7ekle\u015fmesi bile ba\u015fl\u0131 ba\u015f\u0131na nas\u0131l b\u00fcy\u00fck bir ihmaller dizisinin oldu\u011funu g\u00f6steriyor. 21&#8217;inci y\u00fczy\u0131lda T\u00fcrkiye ile KKTC aras\u0131nda gemi batt\u0131 ve bir\u00e7ok insan hayat\u0131n\u0131 kaybetti.&#8221;<\/p>\n\n\n\n<figure class=\"wp-block-embed is-type-rich is-provider-x wp-block-embed-x\"><div class=\"wp-block-embed__wrapper\">\n<blockquote class=\"twitter-tweet\" data-width=\"550\" data-dnt=\"true\"><p lang=\"tr\" dir=\"ltr\">Zafer Partisi Genel Merkezi&#39;nde d\u00fczenledi\u011fimiz T\u00fcrk Milleti Toplant\u0131s\u0131&#39;nda G\u00fcndemi De\u011ferlendiriyorum.<a href=\"https:\/\/t.co\/NvRB3WE0Wi\">https:\/\/t.co\/NvRB3WE0Wi<\/a><\/p>&mdash; \u00dcmit \u00d6zda\u011f (@umitozdag) <a href=\"https:\/\/x.com\/umitozdag\/status\/2095421941280629229?ref_src=twsrc%5Etfw\">September 3, 2026<\/a><\/blockquote><script async src=\"https:\/\/platform.x.com\/widgets.js\" charset=\"utf-8\"><\/script>\n<\/div><\/figure>\n\n\n\n<h3 class=\"wp-block-heading\">CHP Genel Merkezi&#8217;ndeki Sunuma Tepki: &#8220;Atat\u00fcrk Hayatta Olsayd\u0131 Sizi Kur\u015funa Dizdirirdi&#8221;<\/h3>\n\n\n\n<p>Cumhuriyet Halk Partisi (CHP) Genel Merkezi\u2019nde il ve belediye ba\u015fkanlar\u0131na y\u00f6nelik yap\u0131ld\u0131\u011f\u0131 iddia edilen bir sunumu hedef alan \u00d6zda\u011f, ba\u011f\u0131ms\u0131zl\u0131k vurgusu yapt\u0131:<\/p>\n\n\n\n<p>&#8220;Cumhuriyet Halk Partisi Genel Merkezi&#8217;nde yap\u0131lan bir toplant\u0131da il ba\u015fkanlar\u0131na ve belediye ba\u015fkanlar\u0131na T\u00fcrkiye&#8217;nin gelece\u011fiyle ilgili bir sunum yap\u0131l\u0131yor. Bu sunumda, bir gelecek plan\u0131 olarak T\u00fcrkiye&#8217;de d\u00f6rt partinin kalaca\u011f\u0131ndan bahsediliyor. Amerika Birle\u015fik Devletleri&#8217;nin b\u00f6yle istedi\u011fi, iktidar\u0131n b\u00f6yle istedi\u011fi s\u00f6yleniyor. Ondan sonra da bu sunumu yapan heyet, Cumhuriyet Halk Partisi&#8217;nin Atat\u00fcrk&#8217;\u00fcn partisi oldu\u011funu s\u00f6yl\u00fcyor. Atat\u00fcrk hayatta olsayd\u0131 sizi kur\u015funa dizdirirdi. Onun kurmu\u015f oldu\u011fu ba\u011f\u0131ms\u0131zl\u0131k ve millilik anlay\u0131\u015f\u0131 zemininde \u015fekillenmi\u015f T\u00fcrkiye Cumhuriyeti&#8217;ni ve Cumhuriyet&#8217;i kuran partiyi getirdi\u011finiz nokta, Amerikan planlar\u0131n\u0131n tart\u0131\u015f\u0131ld\u0131\u011f\u0131 ve bunlar \u00fczerinden siyasi hesaplar\u0131n yap\u0131ld\u0131\u011f\u0131 bir nokta. Do\u011frusu utan\u00e7 verici.&#8221;<\/p>\n\n\n\n<p><strong>Muharrem \u0130nce i\u00e7in \u015funlar\u0131 s\u00f6yledi: &#8220;Kurdu\u011fu Partiden Ka\u00e7mamak Da Ciddi Bir \u0130\u015ftir&#8221;<\/strong><\/p>\n\n\n\n<p>Memleket Partisi\u2019ni feshederek yeniden CHP\u2019ye kat\u0131lan Muharrem \u0130nce\u2019nin &#8220;parti kurma&#8221; s\u00fcre\u00e7lerine dair ge\u00e7mi\u015f a\u00e7\u0131klamalar\u0131na yan\u0131t veren \u00d6zda\u011f, siyasi istikrar ele\u015ftirisinde bulundu:<\/p>\n\n\n\n<p>&#8220;Muharrem Bey, parti kurman\u0131n \u00e7ok ciddi bir i\u015f oldu\u011funu biz biliyoruz. Ama parti kurmak ciddi bir i\u015f oldu\u011fu kadar insan\u0131n kurdu\u011fu partiden ka\u00e7mamas\u0131 da ciddi bir i\u015fti. Binlerce insan\u0131 partilerinden ay\u0131r\u0131p \u00e7ocuklar\u0131n\u0131n nafakalar\u0131yla il ve il\u00e7e binalar\u0131, genel merkez kurdurup ondan sonra kendi ki\u015fisel kariyeriniz i\u00e7in kurdu\u011funuz partiden ka\u00e7\u0131p kendinize ba\u015fka bir siyasi partide kariyer ararsan\u0131z do\u011frusu bunu ne millete ne tarihe anlatabilirsiniz. Kimin daha fazla para harcad\u0131\u011f\u0131na gelince, isterseniz o konulara hi\u00e7 girmeyin; siz \u00fcz\u00fcl\u00fcrs\u00fcn\u00fcz. Bizim Zafer Partisi olarak b\u00fct\u00fcn hesaplar\u0131m\u0131z devletin denetimindedir. Ne harcad\u0131\u011f\u0131m\u0131z ne harcamad\u0131\u011f\u0131m\u0131z ortadad\u0131r. Evet, daha fazlas\u0131n\u0131 harcamak isterdik. Tabii ki olmad\u0131\u011f\u0131 i\u00e7in harcayam\u0131yoruz.&#8221;<\/p>\n\n\n\n<figure class=\"wp-block-embed is-type-rich is-provider-x wp-block-embed-x\"><div class=\"wp-block-embed__wrapper\">\n<blockquote class=\"twitter-tweet\" data-width=\"550\" data-dnt=\"true\"><p lang=\"tr\" dir=\"ltr\">Biz Amedspor&#39;un S\u00fcper Lig&#39;e neden ve nas\u0131l \u00e7\u0131kart\u0131ld\u0131\u011f\u0131n\u0131 tahmin ediyoruz. Bu y\u00fczden S\u00fcper Lig&#39;teki t\u00fcm tak\u0131mlar\u0131m\u0131z\u0131n taraftarlar\u0131na \u00e7a\u011fr\u0131da bulunuyoruz; Trib\u00fcnleri ter\u00f6rize etmek maksad\u0131yla \u00e7al\u0131\u015fan taraftarlar\u0131n i\u00e7ine s\u0131zan provokat\u00f6rlerin tahriklerine kap\u0131lmay\u0131n. Onlar\u0131n\u2026 <a href=\"https:\/\/t.co\/5zDhKN7x9N\">pic.twitter.com\/5zDhKN7x9N<\/a><\/p>&mdash; \u00dcmit \u00d6zda\u011f (@umitozdag) <a href=\"https:\/\/x.com\/umitozdag\/status\/2095473059318673906?ref_src=twsrc%5Etfw\">September 3, 2026<\/a><\/blockquote><script async src=\"https:\/\/platform.x.com\/widgets.js\" charset=\"utf-8\"><\/script>\n<\/div><\/figure>\n\n\n\n<h3 class=\"wp-block-heading\">&#8220;Amedspor&#8217;un \u00c7\u0131kt\u0131\u011f\u0131 Her Ma\u00e7 Bir Gerilim Alan\u0131 Oldu&#8221;<\/h3>\n\n\n\n<p>Amedspor&#8217;un S\u00fcper Lig&#8217;e y\u00fckselmesinin ard\u0131ndan futbol sahalar\u0131nda ve toplumda ya\u015fanan huzursuzlu\u011fa dikkat \u00e7eken Zafer Partisi lideri, \u015fu ifadeleri kulland\u0131:&#8221;Amedspor&#8217;un S\u00fcper Lig&#8217;e y\u00fckselmesinden, y\u00fckseltilmesinden sonra lig ma\u00e7lar\u0131 her sene oldu\u011fu gibi spor heyecan\u0131yla beklenen ma\u00e7lar olmaktan \u00e7\u0131kt\u0131. Ne yaz\u0131k ki Amedspor&#8217;un \u00e7\u0131kt\u0131\u011f\u0131 her ma\u00e7 adeta bir gerilim alan\u0131 oldu. &#8216;Ne zaman, ne olacak&#8217; endi\u015fesiyle b\u00fct\u00fcn toplum ve g\u00fcvenlik mekanizmas\u0131 diken \u00fczerinde oturuyor. Bu gerginli\u011fin nedeni hi\u00e7 \u015f\u00fcphesiz Amedspor denilen tak\u0131m\u0131n PKK ter\u00f6r \u00f6rg\u00fct\u00fc taraf\u0131ndan aleni \u015fekilde destekleniyor olmas\u0131, Amedspor Kul\u00fcb\u00fc y\u00f6netimi i\u00e7erisinde \u00f6rg\u00fct sempatizanlar\u0131n\u0131n varl\u0131\u011f\u0131 ve bu spor kul\u00fcb\u00fcn\u00fcn sosyal medya hesab\u0131ndan T\u00fcrk milletini incitici payla\u015f\u0131mlar\u0131n yap\u0131lmas\u0131d\u0131r.&#8221;<\/p>\n\n\n\n<p><strong>Kamu Bankalar\u0131 ve DEM Parti hakk\u0131nda:<\/strong><\/p>\n\n\n\n<p>Kamu bankalar\u0131n\u0131n Diyarbak\u0131r&#8217;a y\u00f6nelik yat\u0131r\u0131m a\u00e7\u0131klamalar\u0131n\u0131 ele\u015ftiren \u00d6zda\u011f, &#8220;Say\u0131n genel m\u00fcd\u00fcrler, sizin i\u015finiz siyaset yapmak de\u011fil. Sizin i\u015finiz, milletin size emanet etti\u011fi paray\u0131 d\u00fcr\u00fcst \u015fekilde, yasalara uygun ve milleti zarara sokmayacak bi\u00e7imde harcamakt\u0131r&#8221; dedi.<\/p>\n\n\n\n<p>DEM Parti E\u015f Genel Ba\u015fkan\u0131 Tuncer Bak\u0131rhan&#8217;\u0131n Alevi Ayd\u0131nlar Bildirgesi&#8217;ne y\u00f6nelik s\u00f6zlerine de sert tepki g\u00f6steren \u00d6zda\u011f, &#8220;Tuncer Bak\u0131rhan, sen kimsin de Alevi Bekta\u015fileri b\u00f6yle a\u015fa\u011f\u0131l\u0131yorsun? S\u00fcleyman Ayd\u0131n, PKK&#8217;n\u0131n ilk \u015fehit etti\u011fi T\u00fcrk askeri, Erzincanl\u0131 bir Alevi T\u00fcrkmen evlad\u0131yd\u0131. Sizin elinizde Alevilerin, Bekta\u015filerin, T\u00fcrklerin, Zazalar\u0131n, K\u00fcrtlerin, herkesin kan\u0131 var. Bu ne k\u00fcstahl\u0131k&#8221; \u015feklinde konu\u015ftu.<\/p>\n\n\n\n<p><strong>Ekonomide Vergi Ele\u015ftirisi: &#8220;Bir Kendinize, Bir H\u00fck\u00fcmete Al\u0131yorsunuz&#8221;<\/strong><\/p>\n\n\n\n<p>Ekonomik gidi\u015fat\u0131 ve vergi y\u00fck\u00fcn\u00fc somut \u00f6rneklerle ele\u015ftiren \u00d6zda\u011f, h\u00fck\u00fcmetin ekonomi politikas\u0131n\u0131 \u015fu s\u00f6zlerle \u00f6zetledi:<\/p>\n\n\n\n<p>&#8220;T\u00fcrk ekonomisinin ayar\u0131n\u0131 AK Parti&#8217;nin d\u00fczeltme imkan ve kabiliyeti yok. Hem enflasyon hem i\u015fsizlik art\u0131yor. Resmi rakamlara g\u00f6re bile 56 ayd\u0131r enflasyon y\u00fczde 30&#8217;un \u00fczerinde seyrediyor. \u0130ktidar bor\u00e7lanma, y\u00fcksek vergi ve cezalarla kaynak toplamaya \u00e7al\u0131\u015f\u0131yor. Bir telefon al\u0131yorsunuz; telefon 65 bin lira, \u00f6dedi\u011finiz vergi 67 bin lira. Bir otomobil al\u0131yorsunuz; otomobil 1 milyon 200 bin lira, siz 1 milyon 557 bin lira vergi \u00f6d\u00fcyorsunuz. Yani bir kendinize telefon al\u0131yorsunuz, bir de h\u00fck\u00fcmete al\u0131yorsunuz. Bir kendinize araba al\u0131yorsunuz, bir de h\u00fck\u00fcmete araba al\u0131yorsunuz.&#8221;<\/p>\n\n\n\n<figure class=\"wp-block-embed is-type-rich is-provider-x wp-block-embed-x\"><div class=\"wp-block-embed__wrapper\">\n<blockquote class=\"twitter-tweet\" data-width=\"550\" data-dnt=\"true\"><p lang=\"tr\" dir=\"ltr\">Kimlerle bu vatan\u0131 savunacaks\u0131n\u0131z? \u0130stiklal Mar\u015f\u0131&#39;n\u0131 s\u00f6yleyen Fenerbah\u00e7e, Galatasaray, Be\u015fikta\u015f, Trabzonspor, Samsun Spor, Rize Spor, Eski\u015fehirspor seyircisiyle mi, yoksa kendisine k\u00fcfredilmesin diye \u00e7aba sarf etti\u011finiz Abdullah \u00d6calan ve yanda\u015flar\u0131yla m\u0131? <a href=\"https:\/\/t.co\/5FoZbNlsjU\">pic.twitter.com\/5FoZbNlsjU<\/a><\/p>&mdash; \u00dcmit \u00d6zda\u011f (@umitozdag) <a href=\"https:\/\/x.com\/umitozdag\/status\/2095485711499583590?ref_src=twsrc%5Etfw\">September 3, 2026<\/a><\/blockquote><script async src=\"https:\/\/platform.x.com\/widgets.js\" charset=\"utf-8\"><\/script>\n<\/div><\/figure>\n\n\n\n<h3 class=\"wp-block-heading\">Yeni \u00c7\u00f6z\u00fcm S\u00fcreci \u0130ddialar\u0131: &#8220;\u0130mral\u0131&#8217;da \u00d6calan \u0130\u00e7in \u00c7al\u0131\u015fma Ofisi Haz\u0131rlan\u0131yor&#8221;<\/h3>\n\n\n\n<p>&#8220;Ter\u00f6rs\u00fcz T\u00fcrkiye&#8221; ad\u0131yla y\u00fcr\u00fct\u00fclen s\u00fcreci ikinci bir m\u00fczakere d\u00f6nemi ve &#8220;ter\u00f6re teslimiyet&#8221; olarak nitelendiren \u00dcmit \u00d6zda\u011f, \u0130mral\u0131 ve Abdullah \u00d6calan hakk\u0131nda \u00e7ok konu\u015fulacak iddialar payla\u015ft\u0131:<br \/>&#8220;PKK ile ba\u015flat\u0131lan ikinci ter\u00f6rle m\u00fczakere s\u00fcrecinin de ter\u00f6re teslimiyete d\u00f6n\u00fc\u015ft\u00fc\u011f\u00fcn\u00fc g\u00f6r\u00fcyoruz. 22 ay \u00f6nce ba\u015flarken &#8216;PKK kay\u0131ts\u0131z \u015farts\u0131z kendisini feshedecek&#8217; diye yola \u00e7\u0131k\u0131lm\u0131\u015flard\u0131. Ama bug\u00fcn gelinen noktada PKK&#8217;n\u0131n kendisini feshetmeyip Atat\u00fcrk&#8217;\u00fcn kurdu\u011fu Cumhuriyet&#8217;in feshedilmeye \u00e7al\u0131\u015f\u0131ld\u0131\u011f\u0131n\u0131 g\u00f6r\u00fcyoruz. Bir tarafta y\u0131llard\u0131r kan d\u00f6ken, toplu katliamlar yapan, bebekleri dahi katleden PKK&#8217;l\u0131lar\u0131n ve PKK yanda\u015flar\u0131n\u0131n rezil ve \u015f\u0131mar\u0131k s\u00f6zde taziye g\u00f6sterileri ortaya sa\u00e7\u0131l\u0131yor, \u00f6te yandan bir tavizi di\u011fer taviz takip ediyor ve 2015&#8217;te Dolmabah\u00e7e&#8217;de yap\u0131lan, buzdolab\u0131na konulan 10 maddelik mutabakat\u0131n \u015fimdi buzdolab\u0131ndan \u00e7\u0131kar\u0131l\u0131p uygulamaya sokuldu\u011funu g\u00f6r\u00fcyoruz.<\/p>\n\n\n\n<p>\u00d6calan&#8217;a Silahs\u0131zlanma ve Stratejik Koordinasyon Alt Komisyonu&#8217;nun s\u00f6zde ba\u015fkanl\u0131\u011f\u0131 verilecekmi\u015f. \u00d6calan i\u00e7in adada ayr\u0131 bir \u00e7al\u0131\u015fma ofisi haz\u0131rlan\u0131yor ve mahkum olmaktan \u00e7\u0131kar\u0131l\u0131p devlet misafiri konumuna getiriliyor. Burada d\u00fcnyayla ve T\u00fcrkiye&#8217;yle her t\u00fcrl\u00fc ili\u015fki i\u00e7inde olacak, \u00e7al\u0131\u015fmalar\u0131n\u0131 \u00f6zg\u00fcr \u015fekilde buradan y\u00f6netecekmi\u015f. Kendisinden de &#8216;Senin istedi\u011fin anayasa de\u011fi\u015fikliklerini se\u00e7imlerden \u00f6nce yaparsak se\u00e7imleri kaybederiz. Gel bunu erteleyelim. Sen burada istedi\u011fin gibi \u00f6zg\u00fcr ol, yeni bir parti kur. Bu yeni partiye T\u00fcrkiyelilik g\u00f6r\u00fcnt\u00fcs\u00fc vermek i\u00e7in sa\u011fdan soldan baz\u0131 adamlar da verelim ve anayasa de\u011fi\u015fikliklerini se\u00e7imden sonra senin istedi\u011fin \u015fekilde yapal\u0131m&#8217; diye isteniyormu\u015f. Bakal\u0131m, g\u00f6rece\u011fiz. Abdullah \u00d6calan buna evet mi diyecek, yoksa &#8216;Se\u00e7imlerden \u00f6nce yapal\u0131m&#8217; m\u0131 diyecek? Pazarl\u0131ks\u0131z diye yola \u00e7\u0131k\u0131lan noktada yap\u0131lan pazarl\u0131klar\u0131n art\u0131k bunlar oldu\u011funu duyuyoruz.&#8221;<\/p>\n\n\n\n<p><strong>&#8220;PKK Silah B\u0131rakmayacak, \u0130ran S\u0131n\u0131r\u0131na Kayd\u0131racak&#8221;<\/strong><\/p>\n\n\n\n<p>Ter\u00f6r \u00f6rg\u00fct\u00fcn\u00fcn silah b\u0131rakaca\u011f\u0131 y\u00f6n\u00fcndeki beklentilerin ger\u00e7ek d\u0131\u015f\u0131 oldu\u011funu savunan \u00d6zda\u011f, \u00f6rg\u00fct\u00fcn b\u00f6lgesel stratejisini de\u015fifre etti: &#8220;PKK silah b\u0131rakmayacak, silahlar\u0131n\u0131n yerini de\u011fi\u015ftirecek. Silahlar\u0131n\u0131 Suriye&#8217;deki ve \u0130ran&#8217;da PJAK yap\u0131lanmas\u0131 i\u00e7erisindeki unsurlara kayd\u0131racak ve \u0130ran&#8217;da \u00e7\u0131kacak Amerikan-\u0130srail destekli i\u00e7 \u00e7at\u0131\u015fmada mevzilenmek \u00fczere haz\u0131rlanacak. Abdullah \u00d6calan&#8217;\u0131n \u0130ran&#8217;la ilgili a\u00e7\u0131klamalar\u0131ndan anlad\u0131\u011f\u0131m\u0131z bu. M\u0130T ve TSK g\u00f6revlilerinin alaca\u011f\u0131 silahlar g\u00f6stermelik olman\u0131n \u00f6tesine asla ge\u00e7emez.&#8221;<\/p>\n\n\n\n<figure class=\"wp-block-embed is-type-rich is-provider-x wp-block-embed-x\"><div class=\"wp-block-embed__wrapper\">\n<blockquote class=\"twitter-tweet\" data-width=\"550\" data-dnt=\"true\"><p lang=\"tr\" dir=\"ltr\">De\u011fi\u015fik kamu bankalar\u0131n\u0131n genel m\u00fcd\u00fcrleri a\u00e7\u0131klama yaparak, &quot;yurt d\u0131\u015f\u0131ndan gelen kredileri Diyarbak\u0131r&#39;da kullanaca\u011f\u0131z&quot; diyor. Nedir Diyarbak\u0131r b\u00f6lgesinin \u00f6zelli\u011fi? <br><br>E\u011fer bu kredileri harcamak ekonomik olarak rasyonelse Diyarbak\u0131r&#39;daki firmaya verin. Ama ekonomik olarak rasyonel\u2026 <a href=\"https:\/\/t.co\/BdOPVaJguV\">pic.twitter.com\/BdOPVaJguV<\/a><\/p>&mdash; \u00dcmit \u00d6zda\u011f (@umitozdag) <a href=\"https:\/\/x.com\/umitozdag\/status\/2095497042479190422?ref_src=twsrc%5Etfw\">September 3, 2026<\/a><\/blockquote><script async src=\"https:\/\/platform.x.com\/widgets.js\" charset=\"utf-8\"><\/script>\n<\/div><\/figure>\n\n\n\n<h3 class=\"wp-block-heading\">Yunanistan&#8217;a &#8220;A\u015fil Kalkan\u0131&#8221; ve Atina Uyar\u0131s\u0131<\/h3>\n\n\n\n<p>Yunanistan ile \u0130srail aras\u0131nda imzalanan askeri anla\u015fmalara de\u011finen \u00d6zda\u011f, Atina h\u00fck\u00fcmetini uyard\u0131:<\/p>\n\n\n\n<p>&#8220;Ne yaz\u0131k ki iktidar taraf\u0131ndan \u00fczerinde yeterince durulmayan, \u0130srail ile Yunanistan aras\u0131ndaki 3 milyar avro bedelli A\u015fil Kalkan\u0131 hava savunma ve komuta kontrol s\u00f6zle\u015fmesi var. Yunanistan ve G\u00fcney K\u0131br\u0131s Rum kesimi; ABD, \u0130srail ve Fransa&#8217;dan yo\u011fun \u015fekilde silah almaya devam ediyor. Yunanistan tekrar emperyalizmin ta\u015feronlu\u011funu \u00fcstlenme s\u00fcreci i\u00e7erisine girmi\u015f durumda. T\u00fcrk milletinin Yunan milletine bir d\u00fc\u015fmanl\u0131\u011f\u0131 yok. Ancak sald\u0131rgan, haddini bilmez Yunan politikac\u0131lar, fakir Yunan halk\u0131n\u0131n k\u0131s\u0131tl\u0131 kaynaklar\u0131n\u0131 T\u00fcrkiye ile bir sava\u015f i\u00e7in harcayarak yanl\u0131\u015f bir i\u015f yap\u0131yorlar. Yunanistan, yan\u0131nda kim olursa olsun T\u00fcrkiye&#8217;yi askeri olarak yenme imkan ve kapasitesine sahip olamaz. T\u00fcrkiye, Yunanistan&#8217;\u0131 herhangi bir askeri \u00e7at\u0131\u015fmada tekrar ve tekrar ma\u011flubiyete u\u011fratacak g\u00fc\u00e7te bir \u00fclkedir. Atina&#8217;ya tekrar sesleniyoruz: T\u00fcrkiye&#8217;ye kar\u015f\u0131 bir maceraya girmeyin.&#8221;<\/p>\n\n\n\n<figure class=\"wp-block-embed is-type-rich is-provider-x wp-block-embed-x\"><div class=\"wp-block-embed__wrapper\">\n<blockquote class=\"twitter-tweet\" data-width=\"550\" data-dnt=\"true\"><p lang=\"tr\" dir=\"ltr\">Tuncer Bak\u0131rhan, sen kimsin de Alevi Bekta\u015fileri b\u00f6yle a\u015fa\u011f\u0131l\u0131yorsun? <br><br>Tuncer Bak\u0131rhan, S\u00fcleyman Ayd\u0131n, PKK&#39;n\u0131n ilk \u015fehit etti\u011fi T\u00fcrk askeri Erzincanl\u0131 bir Alevi T\u00fcrkmen evlad\u0131yd\u0131.<br><br>Sizin elinizde Alevilerin, Bekta\u015filerin, T\u00fcrklerin, Zazalar\u0131n, K\u00fcrtlerin, herkesin kan\u0131 var. Bu\u2026 <a href=\"https:\/\/t.co\/V9MT9QOyON\">pic.twitter.com\/V9MT9QOyON<\/a><\/p>&mdash; \u00dcmit \u00d6zda\u011f (@umitozdag) <a href=\"https:\/\/x.com\/umitozdag\/status\/2095508360191955375?ref_src=twsrc%5Etfw\">September 3, 2026<\/a><\/blockquote><script async src=\"https:\/\/platform.x.com\/widgets.js\" charset=\"utf-8\"><\/script>\n<\/div><\/figure>\n\n\n\n<h3 class=\"wp-block-heading\">\u0130srail ve Netanyahu&#8217;ya Salvo: <\/h3>\n\n\n\n<p>&#8220;T\u00fcrkiye Sana \u00c7ok B\u00fcy\u00fck Gelir&#8221;\u0130srail Ba\u015fbakan\u0131 Binyamin Netanyahu\u2019ya tarih \u00fczerinden seslenen \u00d6zda\u011f, T\u00fcrk ordusunun g\u00fcc\u00fcn\u00fc hat\u0131rlatt\u0131:<\/p>\n\n\n\n<p>&#8220;Atina&#8217;ya seslendi\u011fimiz gibi Tel Aviv&#8217;e de sesleniyoruz. Arkan\u0131zda Amerika Birle\u015fik Devletleri olmadan Filistinli \u00f6rg\u00fctleri a\u011f\u0131r \u015fekilde bask\u0131 alt\u0131na al\u0131p Filistin halk\u0131na y\u00f6nelik soyk\u0131r\u0131m ger\u00e7ekle\u015ftirebilirsiniz. Bir devlet bile olmayan L\u00fcbnan&#8217;da sadece bir \u00f6rg\u00fct olan Hizbullah ile sava\u015ft\u0131\u011f\u0131n\u0131z zaman bile zorlan\u0131yorsunuz. Teknolojik \u00fcst\u00fcnl\u00fc\u011f\u00fcn\u00fcz\u00fcn d\u0131\u015f\u0131nda Hizbullah&#8217;a kar\u015f\u0131 bir \u00fcst\u00fcnl\u00fc\u011f\u00fcn\u00fcz yok. Bir mahalleyi ele ge\u00e7irmek i\u00e7in bile g\u00fcnlerce \u00e7at\u0131\u015fmak zorunda kal\u0131yorsunuz. Arap olmayan bir \u00fclke olan \u0130ran&#8217;la ilk \u00e7at\u0131\u015fman\u0131z\u0131n be\u015finci g\u00fcn\u00fcnde Amerika Birle\u015fik Devletleri&#8217;nden yard\u0131m istemek zorunda kald\u0131n\u0131z. \u0130kinci \u0130ran Sava\u015f\u0131&#8217;nda, \u0130srail tarihi boyunca hi\u00e7 kar\u015f\u0131 kar\u015f\u0131ya kalmad\u0131\u011f\u0131n\u0131z a\u011f\u0131r bir bombard\u0131manla \u0130srail halk\u0131n\u0131 kar\u015f\u0131 kar\u015f\u0131ya b\u0131rakt\u0131n\u0131z.<\/p>\n\n\n\n<p>\u015eimdi, tarihi boyunca Yahudilere hi\u00e7 d\u00fc\u015fmanl\u0131k yapmam\u0131\u015f; aksine Hristiyan taassubunun ve Engizisyon mahkemelerinin yok etti\u011fi Yahudileri Avrupa&#8217;dan imparatorlu\u011funa kabul etmi\u015f, her anlamda \u00f6n\u00fcn\u00fc a\u00e7m\u0131\u015f, korumu\u015f ve kollam\u0131\u015f T\u00fcrk milletine d\u00fc\u015fmanl\u0131k yap\u0131yorsunuz. Bu d\u00fc\u015fmanl\u0131\u011f\u0131n, b\u00f6lgedeki Arap \u00fclkelerine yapt\u0131\u011f\u0131n\u0131z d\u00fc\u015fmanl\u0131ktan \u00e7ok b\u00fcy\u00fck farklar\u0131 olaca\u011f\u0131n\u0131 sana T\u00fcrk ordusunu bilen ve tan\u0131yan Amerikal\u0131 askeri uzmanlar anlats\u0131nlar. Bir daha d\u00fc\u015f\u00fcn. Bu, \u0130srail gibi stratejik derinli\u011fi olmayan k\u00fc\u00e7\u00fck bir \u00fclkeye b\u00fcy\u00fck bir macera ya\u015fatmak anlam\u0131na gelir. T\u00fcrkiye, \u00f6zetle Netanyahu&#8217;ya \u00e7ok b\u00fcy\u00fck gelir.<\/p>\n\n\n\n<h3 class=\"wp-block-heading\">&#8220;Yarg\u0131da \u00c7ifte Standart Ele\u015ftirisi: <\/h3>\n\n\n\n<p>G\u00f6k\u00e7ek ve Davuto\u011flu Soru\u015fturmalar\u0131 Toplant\u0131n\u0131n ard\u0131ndan gazetecilerin sorular\u0131n\u0131 yan\u0131tlayan \u00d6zda\u011f, Yarg\u0131tay Ba\u015fkan\u0131 \u00d6mer Kerkez&#8217;in adli y\u0131l a\u00e7\u0131l\u0131\u015f\u0131ndaki konu\u015fmas\u0131n\u0131, &#8220;Herhalde bir Yarg\u0131tay Ba\u015fkan\u0131n\u0131n mevcut hukuk anlay\u0131\u015f\u0131yla ilgili yapabilece\u011fi en a\u011f\u0131r ele\u015ftiri budur&#8221; s\u00f6zleriyle yorumlad\u0131.<\/p>\n\n\n\n<p>Eski Ankara B\u00fcy\u00fck\u015fehir Belediye Ba\u015fkan\u0131 Melih G\u00f6k\u00e7ek hakk\u0131nda &#8220;kay\u0131t d\u0131\u015f\u0131 para&#8221; iddias\u0131yla ba\u015flat\u0131lan soru\u015fturma ile eski Ba\u015fbakan Ahmet Davuto\u011flu hakk\u0131nda &#8220;Cumhurba\u015fkan\u0131na hakaret&#8221; su\u00e7lamas\u0131yla a\u00e7\u0131lan soru\u015fturmalar\u0131, yarg\u0131n\u0131n muhalefete ve iktidar yanl\u0131lar\u0131na y\u00f6nelik tutumunu k\u0131yaslayarak de\u011ferlendirdi:<br \/>&#8220;Sabah erken saatlerde evine bask\u0131n yap\u0131lsayd\u0131, g\u00f6zalt\u0131na al\u0131narak Ankara Emniyet M\u00fcd\u00fcrl\u00fc\u011f\u00fc&#8217;ne g\u00f6t\u00fcr\u00fclseydi o zaman &#8216;Burada uygulanan hukukla muhalefete uygulanan aras\u0131nda bir fark yok&#8217; derdik. Ba\u015flang\u0131\u00e7ta bir farkl\u0131la\u015fma g\u00f6r\u00fcn\u00fcyor. Bu farkl\u0131la\u015fman\u0131n sadece \u015fekilsel mi, yoksa i\u00e7erik a\u00e7\u0131s\u0131ndan da m\u0131 olaca\u011f\u0131n\u0131 soru\u015fturman\u0131n sonunda g\u00f6rece\u011fiz. Ahmet Bey&#8217;i (Davuto\u011flu) de lokantada yemek yerken veya ba\u015fka bir yerde y\u00fczlerce polisle g\u00f6zalt\u0131na m\u0131 alacaklar, yoksa Ahmet Bey de olmas\u0131 gerekti\u011fi gibi davet \u00fczerine gidip ifadesini mi verecek?&#8221;<\/p>\n\n\n\n<figure class=\"wp-block-embed is-type-rich is-provider-x wp-block-embed-x\"><div class=\"wp-block-embed__wrapper\">\n<blockquote class=\"twitter-tweet\" data-width=\"550\" data-dnt=\"true\"><p lang=\"tr\" dir=\"ltr\">Yarg\u0131tay Ba\u015fkan\u0131 \u00d6mer Kerkez, adli y\u0131l\u0131n a\u00e7\u0131l\u0131\u015f\u0131nda yapt\u0131\u011f\u0131 konu\u015fmay\u0131 \u00f6yle bir c\u00fcmle ile bitirdi ki, T\u00fcrkiye\u2019de hukukun ba\u011f\u0131ms\u0131zl\u0131\u011f\u0131n\u0131n \u00f6nemi hi\u00e7 bu kadar sert, a\u00e7\u0131k, kal\u0131n \u00e7izgiler ile ortaya konmam\u0131\u015ft\u0131. <a href=\"https:\/\/x.com\/zaferpartisi?ref_src=twsrc%5Etfw\">@zaferpartisi<\/a> <a href=\"https:\/\/x.com\/TCYargitay?ref_src=twsrc%5Etfw\">@TCYargitay<\/a> <a href=\"https:\/\/x.com\/adaletmulkuntd?ref_src=twsrc%5Etfw\">@adaletmulkuntd<\/a> <a href=\"https:\/\/x.com\/adalet_bakanlik?ref_src=twsrc%5Etfw\">@adalet_bakanlik<\/a> <a href=\"https:\/\/t.co\/HCQ8Oe6dwE\">pic.twitter.com\/HCQ8Oe6dwE<\/a><\/p>&mdash; \u00dcmit \u00d6zda\u011f (@umitozdag) <a href=\"https:\/\/x.com\/umitozdag\/status\/2095403467430867181?ref_src=twsrc%5Etfw\">September 3, 2026<\/a><\/blockquote><script async src=\"https:\/\/platform.x.com\/widgets.js\" charset=\"utf-8\"><\/script>\n<\/div><\/figure>\n","protected":false},"excerpt":{"rendered":"<p>Zafer Partisi Genel Ba\u015fkan\u0131 \u00dcmit \u00d6zda\u011f, partisinin genel merkezinde d\u00fczenledi\u011fi bas\u0131n toplant\u0131s\u0131nda g\u00fcndeme ili\u015fkin a\u00e7\u0131klamalarda bulundu. Zafer Partisi Genel Ba\u015fkan\u0131 \u00dcmit \u00d6zda\u011f, &#8220;PKK silah b\u0131rakmayacak, silahlar\u0131n\u0131n yerini de\u011fi\u015ftirecek. Silahlar\u0131n\u0131 Suriye&#8217;deki ve \u0130ran&#8217;da PJAK yap\u0131lanmas\u0131 i\u00e7erisindeki unsurlara kayd\u0131racak ve \u0130ran&#8217;da \u00e7\u0131kacak Amerikan &#8211; \u0130srail destekli i\u00e7 \u00e7at\u0131\u015fmada mevzilenmek \u00fczere haz\u0131rlanacak&#8221; dedi. Zafer Partisi Genel Ba\u015fkan\u0131 \u00dcmit [&hellip;]<\/p>\n","protected":false},"author":12791,"featured_media":171463,"comment_status":"open","ping_status":"open","sticky":false,"template":"","format":"standard","meta":{"_yoast_wpseo_focuskw":"\u00dcmit \u00d6zda\u011f","_yoast_wpseo_title":"","_yoast_wpseo_metadesc":"Zafer Partisi Genel Ba\u015fkan\u0131 \u00dcmit \u00d6zda\u011f, partisinin genel merkezinde d\u00fczenledi\u011fi bas\u0131n toplant\u0131s\u0131nda g\u00fcndeme ili\u015fkin a\u00e7\u0131klamalarda bulundu.","_bbp_topic_count":0,"_bbp_reply_count":0,"_bbp_total_topic_count":0,"_bbp_total_reply_count":0,"_bbp_voice_count":0,"_bbp_anonymous_reply_count":0,"_bbp_topic_count_hidden":0,"_bbp_reply_count_hidden":0,"_bbp_forum_subforum_count":0,"footnotes":"","_yoast_wpseo_focuskw_text_input":""},"categories":[1,8138,8226],"tags":[7050,12628,8490,8491],"yoast_head":"<!-- This site is optimized with the Yoast SEO plugin v23.0 - https:\/\/yoast.com\/wordpress\/plugins\/seo\/ -->\n<title>\u00dcmit \u00d6zda\u011f T\u00fcrk Millet Toplant\u0131s\u0131&#039;nda A\u00e7\u0131klamalarda Bulundu - The Epoch Times TR<\/title>\n<meta name=\"description\" content=\"Zafer Partisi Genel Ba\u015fkan\u0131 \u00dcmit \u00d6zda\u011f, partisinin genel merkezinde d\u00fczenledi\u011fi bas\u0131n toplant\u0131s\u0131nda g\u00fcndeme ili\u015fkin a\u00e7\u0131klamalarda bulundu.\" \/>\n<meta name=\"robots\" content=\"index, follow, max-snippet:-1, max-image-preview:large, max-video-preview:-1\" \/>\n<link rel=\"canonical\" href=\"https:\/\/epochtimestr.com\/index.php\/umit-ozdag-turk-millet-toplantisinda-aciklamalarda-bulundu\" \/>\n<meta property=\"og:locale\" content=\"tr_TR\" \/>\n<meta property=\"og:type\" content=\"article\" \/>\n<meta property=\"og:title\" content=\"\u00dcmit \u00d6zda\u011f T\u00fcrk Millet Toplant\u0131s\u0131&#039;nda A\u00e7\u0131klamalarda Bulundu - The Epoch Times TR\" \/>\n<meta property=\"og:description\" content=\"Zafer Partisi Genel Ba\u015fkan\u0131 \u00dcmit \u00d6zda\u011f, partisinin genel merkezinde d\u00fczenledi\u011fi bas\u0131n toplant\u0131s\u0131nda g\u00fcndeme ili\u015fkin a\u00e7\u0131klamalarda bulundu.\" \/>\n<meta property=\"og:url\" content=\"https:\/\/epochtimestr.com\/index.php\/umit-ozdag-turk-millet-toplantisinda-aciklamalarda-bulundu\" \/>\n<meta property=\"og:site_name\" content=\"The Epoch Times TR\" \/>\n<meta property=\"article:publisher\" content=\"https:\/\/www.facebook.com\/theepochtimestr\" \/>\n<meta property=\"article:published_time\" content=\"2026-09-04T06:04:27+00:00\" \/>\n<meta property=\"article:modified_time\" content=\"2026-09-04T06:04:36+00:00\" \/>\n<meta property=\"og:image\" content=\"https:\/\/epochtimestr.com\/wp-content\/uploads\/2011y\/umit-ozdag-zafer-partisix.jpg\" \/>\n\t<meta property=\"og:image:width\" content=\"739\" \/>\n\t<meta property=\"og:image:height\" content=\"415\" \/>\n\t<meta property=\"og:image:type\" content=\"image\/jpeg\" \/>\n<meta name=\"author\" content=\"Haber Merkezi\" \/>\n<meta name=\"twitter:card\" content=\"summary_large_image\" \/>\n<meta name=\"twitter:creator\" content=\"@TheEpochTimesTR\" \/>\n<meta name=\"twitter:site\" content=\"@TheEpochTimesTR\" \/>\n<meta name=\"twitter:label1\" content=\"Yazan:\" \/>\n\t<meta name=\"twitter:data1\" content=\"Haber Merkezi\" \/>\n\t<meta name=\"twitter:label2\" content=\"Tahmini okuma s\u00fcresi\" \/>\n\t<meta name=\"twitter:data2\" content=\"10 dakika\" \/>\n<script type=\"application\/ld+json\" class=\"yoast-schema-graph\">{\"@context\":\"https:\/\/schema.org\",\"@graph\":[{\"@type\":\"Article\",\"@id\":\"https:\/\/epochtimestr.com\/index.php\/umit-ozdag-turk-millet-toplantisinda-aciklamalarda-bulundu#article\",\"isPartOf\":{\"@id\":\"https:\/\/epochtimestr.com\/index.php\/umit-ozdag-turk-millet-toplantisinda-aciklamalarda-bulundu\"},\"author\":{\"name\":\"Haber Merkezi\",\"@id\":\"https:\/\/epochtimestr.com\/#\/schema\/person\/3dc5c3adeb9f43923c5aa85889172fdd\"},\"headline\":\"\u00dcmit \u00d6zda\u011f T\u00fcrk Millet Toplant\u0131s\u0131&#8217;nda A\u00e7\u0131klamalarda Bulundu\",\"datePublished\":\"2026-09-04T06:04:27+00:00\",\"dateModified\":\"2026-09-04T06:04:36+00:00\",\"mainEntityOfPage\":{\"@id\":\"https:\/\/epochtimestr.com\/index.php\/umit-ozdag-turk-millet-toplantisinda-aciklamalarda-bulundu\"},\"wordCount\":2250,\"commentCount\":0,\"publisher\":{\"@id\":\"https:\/\/epochtimestr.com\/#organization\"},\"image\":{\"@id\":\"https:\/\/epochtimestr.com\/index.php\/umit-ozdag-turk-millet-toplantisinda-aciklamalarda-bulundu#primaryimage\"},\"thumbnailUrl\":\"https:\/\/epochtimestr.com\/wp-content\/uploads\/2011y\/umit-ozdag-zafer-partisix.jpg\",\"keywords\":[\"g\u00fcndem\",\"T\u00fcrk Milleti Toplant\u0131s\u0131\",\"\u00dcmit \u00d6zda\u011f\",\"Zafer Partisi\"],\"articleSection\":[\"G\u00dcNDEM\",\"MAN\u015eET\",\"Siyaset\"],\"inLanguage\":\"tr\",\"potentialAction\":[{\"@type\":\"CommentAction\",\"name\":\"Comment\",\"target\":[\"https:\/\/epochtimestr.com\/index.php\/umit-ozdag-turk-millet-toplantisinda-aciklamalarda-bulundu#respond\"]}]},{\"@type\":\"WebPage\",\"@id\":\"https:\/\/epochtimestr.com\/index.php\/umit-ozdag-turk-millet-toplantisinda-aciklamalarda-bulundu\",\"url\":\"https:\/\/epochtimestr.com\/index.php\/umit-ozdag-turk-millet-toplantisinda-aciklamalarda-bulundu\",\"name\":\"\u00dcmit \u00d6zda\u011f T\u00fcrk Millet Toplant\u0131s\u0131'nda A\u00e7\u0131klamalarda Bulundu - The Epoch Times TR\",\"isPartOf\":{\"@id\":\"https:\/\/epochtimestr.com\/#website\"},\"primaryImageOfPage\":{\"@id\":\"https:\/\/epochtimestr.com\/index.php\/umit-ozdag-turk-millet-toplantisinda-aciklamalarda-bulundu#primaryimage\"},\"image\":{\"@id\":\"https:\/\/epochtimestr.com\/index.php\/umit-ozdag-turk-millet-toplantisinda-aciklamalarda-bulundu#primaryimage\"},\"thumbnailUrl\":\"https:\/\/epochtimestr.com\/wp-content\/uploads\/2011y\/umit-ozdag-zafer-partisix.jpg\",\"datePublished\":\"2026-09-04T06:04:27+00:00\",\"dateModified\":\"2026-09-04T06:04:36+00:00\",\"description\":\"Zafer Partisi Genel Ba\u015fkan\u0131 \u00dcmit \u00d6zda\u011f, partisinin genel merkezinde d\u00fczenledi\u011fi bas\u0131n toplant\u0131s\u0131nda g\u00fcndeme ili\u015fkin a\u00e7\u0131klamalarda bulundu.\",\"inLanguage\":\"tr\",\"potentialAction\":[{\"@type\":\"ReadAction\",\"target\":[\"https:\/\/epochtimestr.com\/index.php\/umit-ozdag-turk-millet-toplantisinda-aciklamalarda-bulundu\"]}]},{\"@type\":\"ImageObject\",\"inLanguage\":\"tr\",\"@id\":\"https:\/\/epochtimestr.com\/index.php\/umit-ozdag-turk-millet-toplantisinda-aciklamalarda-bulundu#primaryimage\",\"url\":\"https:\/\/epochtimestr.com\/wp-content\/uploads\/2011y\/umit-ozdag-zafer-partisix.jpg\",\"contentUrl\":\"https:\/\/epochtimestr.com\/wp-content\/uploads\/2011y\/umit-ozdag-zafer-partisix.jpg\",\"width\":739,\"height\":415},{\"@type\":\"WebSite\",\"@id\":\"https:\/\/epochtimestr.com\/#website\",\"url\":\"https:\/\/epochtimestr.com\/\",\"name\":\"The Epoch Times TR\",\"description\":\"De\u011fi\u015fen D\u00fcnyam\u0131za Taze Bir Bak\u0131\u015f\",\"publisher\":{\"@id\":\"https:\/\/epochtimestr.com\/#organization\"},\"potentialAction\":[{\"@type\":\"SearchAction\",\"target\":{\"@type\":\"EntryPoint\",\"urlTemplate\":\"https:\/\/epochtimestr.com\/?s={search_term_string}\"},\"query-input\":\"required name=search_term_string\"}],\"inLanguage\":\"tr\"},{\"@type\":\"Organization\",\"@id\":\"https:\/\/epochtimestr.com\/#organization\",\"name\":\"The EpochTimes T\u00fcrkiye\",\"url\":\"https:\/\/epochtimestr.com\/\",\"logo\":{\"@type\":\"ImageObject\",\"inLanguage\":\"tr\",\"@id\":\"https:\/\/epochtimestr.com\/#\/schema\/logo\/image\/\",\"url\":\"https:\/\/epochtimestr.com\/wp-content\/uploads\/2011y\/ET-Logo-YG.jpg\",\"contentUrl\":\"https:\/\/epochtimestr.com\/wp-content\/uploads\/2011y\/ET-Logo-YG.jpg\",\"width\":346,\"height\":29,\"caption\":\"The EpochTimes T\u00fcrkiye\"},\"image\":{\"@id\":\"https:\/\/epochtimestr.com\/#\/schema\/logo\/image\/\"},\"sameAs\":[\"https:\/\/www.facebook.com\/theepochtimestr\",\"https:\/\/x.com\/TheEpochTimesTR\",\"https:\/\/www.instagram.com\/epochtimestr\"]},{\"@type\":\"Person\",\"@id\":\"https:\/\/epochtimestr.com\/#\/schema\/person\/3dc5c3adeb9f43923c5aa85889172fdd\",\"name\":\"Haber Merkezi\",\"image\":{\"@type\":\"ImageObject\",\"inLanguage\":\"tr\",\"@id\":\"https:\/\/epochtimestr.com\/#\/schema\/person\/image\/\",\"url\":\"https:\/\/secure.gravatar.com\/avatar\/d73f772ba5a74f28601361e17c2f93e6?s=96&d=mm&r=g\",\"contentUrl\":\"https:\/\/secure.gravatar.com\/avatar\/d73f772ba5a74f28601361e17c2f93e6?s=96&d=mm&r=g\",\"caption\":\"Haber Merkezi\"},\"url\":\"https:\/\/epochtimestr.com\/index.php\/author\/sendag\"}]}<\/script>\n<!-- \/ Yoast SEO plugin. -->","yoast_head_json":{"title":"\u00dcmit \u00d6zda\u011f T\u00fcrk Millet Toplant\u0131s\u0131'nda A\u00e7\u0131klamalarda Bulundu - The Epoch Times TR","description":"Zafer Partisi Genel Ba\u015fkan\u0131 \u00dcmit \u00d6zda\u011f, partisinin genel merkezinde d\u00fczenledi\u011fi bas\u0131n toplant\u0131s\u0131nda g\u00fcndeme ili\u015fkin a\u00e7\u0131klamalarda bulundu.","robots":{"index":"index","follow":"follow","max-snippet":"max-snippet:-1","max-image-preview":"max-image-preview:large","max-video-preview":"max-video-preview:-1"},"canonical":"https:\/\/epochtimestr.com\/index.php\/umit-ozdag-turk-millet-toplantisinda-aciklamalarda-bulundu","og_locale":"tr_TR","og_type":"article","og_title":"\u00dcmit \u00d6zda\u011f T\u00fcrk Millet Toplant\u0131s\u0131'nda A\u00e7\u0131klamalarda Bulundu - The Epoch Times TR","og_description":"Zafer Partisi Genel Ba\u015fkan\u0131 \u00dcmit \u00d6zda\u011f, partisinin genel merkezinde d\u00fczenledi\u011fi bas\u0131n toplant\u0131s\u0131nda g\u00fcndeme ili\u015fkin a\u00e7\u0131klamalarda bulundu.","og_url":"https:\/\/epochtimestr.com\/index.php\/umit-ozdag-turk-millet-toplantisinda-aciklamalarda-bulundu","og_site_name":"The Epoch Times TR","article_publisher":"https:\/\/www.facebook.com\/theepochtimestr","article_published_time":"2026-09-04T06:04:27+00:00","article_modified_time":"2026-09-04T06:04:36+00:00","og_image":[{"width":739,"height":415,"url":"https:\/\/epochtimestr.com\/wp-content\/uploads\/2011y\/umit-ozdag-zafer-partisix.jpg","type":"image\/jpeg"}],"author":"Haber Merkezi","twitter_card":"summary_large_image","twitter_creator":"@TheEpochTimesTR","twitter_site":"@TheEpochTimesTR","twitter_misc":{"Yazan:":"Haber Merkezi","Tahmini okuma s\u00fcresi":"10 dakika"},"schema":{"@context":"https:\/\/schema.org","@graph":[{"@type":"Article","@id":"https:\/\/epochtimestr.com\/index.php\/umit-ozdag-turk-millet-toplantisinda-aciklamalarda-bulundu#article","isPartOf":{"@id":"https:\/\/epochtimestr.com\/index.php\/umit-ozdag-turk-millet-toplantisinda-aciklamalarda-bulundu"},"author":{"name":"Haber Merkezi","@id":"https:\/\/epochtimestr.com\/#\/schema\/person\/3dc5c3adeb9f43923c5aa85889172fdd"},"headline":"\u00dcmit \u00d6zda\u011f T\u00fcrk Millet Toplant\u0131s\u0131&#8217;nda A\u00e7\u0131klamalarda Bulundu","datePublished":"2026-09-04T06:04:27+00:00","dateModified":"2026-09-04T06:04:36+00:00","mainEntityOfPage":{"@id":"https:\/\/epochtimestr.com\/index.php\/umit-ozdag-turk-millet-toplantisinda-aciklamalarda-bulundu"},"wordCount":2250,"commentCount":0,"publisher":{"@id":"https:\/\/epochtimestr.com\/#organization"},"image":{"@id":"https:\/\/epochtimestr.com\/index.php\/umit-ozdag-turk-millet-toplantisinda-aciklamalarda-bulundu#primaryimage"},"thumbnailUrl":"https:\/\/epochtimestr.com\/wp-content\/uploads\/2011y\/umit-ozdag-zafer-partisix.jpg","keywords":["g\u00fcndem","T\u00fcrk Milleti Toplant\u0131s\u0131","\u00dcmit \u00d6zda\u011f","Zafer Partisi"],"articleSection":["G\u00dcNDEM","MAN\u015eET","Siyaset"],"inLanguage":"tr","potentialAction":[{"@type":"CommentAction","name":"Comment","target":["https:\/\/epochtimestr.com\/index.php\/umit-ozdag-turk-millet-toplantisinda-aciklamalarda-bulundu#respond"]}]},{"@type":"WebPage","@id":"https:\/\/epochtimestr.com\/index.php\/umit-ozdag-turk-millet-toplantisinda-aciklamalarda-bulundu","url":"https:\/\/epochtimestr.com\/index.php\/umit-ozdag-turk-millet-toplantisinda-aciklamalarda-bulundu","name":"\u00dcmit \u00d6zda\u011f T\u00fcrk Millet Toplant\u0131s\u0131'nda A\u00e7\u0131klamalarda Bulundu - The Epoch Times TR","isPartOf":{"@id":"https:\/\/epochtimestr.com\/#website"},"primaryImageOfPage":{"@id":"https:\/\/epochtimestr.com\/index.php\/umit-ozdag-turk-millet-toplantisinda-aciklamalarda-bulundu#primaryimage"},"image":{"@id":"https:\/\/epochtimestr.com\/index.php\/umit-ozdag-turk-millet-toplantisinda-aciklamalarda-bulundu#primaryimage"},"thumbnailUrl":"https:\/\/epochtimestr.com\/wp-content\/uploads\/2011y\/umit-ozdag-zafer-partisix.jpg","datePublished":"2026-09-04T06:04:27+00:00","dateModified":"2026-09-04T06:04:36+00:00","description":"Zafer Partisi Genel Ba\u015fkan\u0131 \u00dcmit \u00d6zda\u011f, partisinin genel merkezinde d\u00fczenledi\u011fi bas\u0131n toplant\u0131s\u0131nda g\u00fcndeme ili\u015fkin a\u00e7\u0131klamalarda bulundu.","inLanguage":"tr","potentialAction":[{"@type":"ReadAction","target":["https:\/\/epochtimestr.com\/index.php\/umit-ozdag-turk-millet-toplantisinda-aciklamalarda-bulundu"]}]},{"@type":"ImageObject","inLanguage":"tr","@id":"https:\/\/epochtimestr.com\/index.php\/umit-ozdag-turk-millet-toplantisinda-aciklamalarda-bulundu#primaryimage","url":"https:\/\/epochtimestr.com\/wp-content\/uploads\/2011y\/umit-ozdag-zafer-partisix.jpg","contentUrl":"https:\/\/epochtimestr.com\/wp-content\/uploads\/2011y\/umit-ozdag-zafer-partisix.jpg","width":739,"height":415},{"@type":"WebSite","@id":"https:\/\/epochtimestr.com\/#website","url":"https:\/\/epochtimestr.com\/","name":"The Epoch Times TR","description":"De\u011fi\u015fen D\u00fcnyam\u0131za Taze Bir Bak\u0131\u015f","publisher":{"@id":"https:\/\/epochtimestr.com\/#organization"},"potentialAction":[{"@type":"SearchAction","target":{"@type":"EntryPoint","urlTemplate":"https:\/\/epochtimestr.com\/?s={search_term_string}"},"query-input":"required name=search_term_string"}],"inLanguage":"tr"},{"@type":"Organization","@id":"https:\/\/epochtimestr.com\/#organization","name":"The EpochTimes T\u00fcrkiye","url":"https:\/\/epochtimestr.com\/","logo":{"@type":"ImageObject","inLanguage":"tr","@id":"https:\/\/epochtimestr.com\/#\/schema\/logo\/image\/","url":"https:\/\/epochtimestr.com\/wp-content\/uploads\/2011y\/ET-Logo-YG.jpg","contentUrl":"https:\/\/epochtimestr.com\/wp-content\/uploads\/2011y\/ET-Logo-YG.jpg","width":346,"height":29,"caption":"The EpochTimes T\u00fcrkiye"},"image":{"@id":"https:\/\/epochtimestr.com\/#\/schema\/logo\/image\/"},"sameAs":["https:\/\/www.facebook.com\/theepochtimestr","https:\/\/x.com\/TheEpochTimesTR","https:\/\/www.instagram.com\/epochtimestr"]},{"@type":"Person","@id":"https:\/\/epochtimestr.com\/#\/schema\/person\/3dc5c3adeb9f43923c5aa85889172fdd","name":"Haber Merkezi","image":{"@type":"ImageObject","inLanguage":"tr","@id":"https:\/\/epochtimestr.com\/#\/schema\/person\/image\/","url":"https:\/\/secure.gravatar.com\/avatar\/d73f772ba5a74f28601361e17c2f93e6?s=96&d=mm&r=g","contentUrl":"https:\/\/secure.gravatar.com\/avatar\/d73f772ba5a74f28601361e17c2f93e6?s=96&d=mm&r=g","caption":"Haber Merkezi"},"url":"https:\/\/epochtimestr.com\/index.php\/author\/sendag"}]}},"_links":{"self":[{"href":"https:\/\/epochtimestr.com\/index.php\/wp-json\/wp\/v2\/posts\/171462"}],"collection":[{"href":"https:\/\/epochtimestr.com\/index.php\/wp-json\/wp\/v2\/posts"}],"about":[{"href":"https:\/\/epochtimestr.com\/index.php\/wp-json\/wp\/v2\/types\/post"}],"author":[{"embeddable":true,"href":"https:\/\/epochtimestr.com\/index.php\/wp-json\/wp\/v2\/users\/12791"}],"replies":[{"embeddable":true,"href":"https:\/\/epochtimestr.com\/index.php\/wp-json\/wp\/v2\/comments?post=171462"}],"version-history":[{"count":2,"href":"https:\/\/epochtimestr.com\/index.php\/wp-json\/wp\/v2\/posts\/171462\/revisions"}],"predecessor-version":[{"id":171477,"href":"https:\/\/epochtimestr.com\/index.php\/wp-json\/wp\/v2\/posts\/171462\/revisions\/171477"}],"wp:featuredmedia":[{"embeddable":true,"href":"https:\/\/epochtimestr.com\/index.php\/wp-json\/wp\/v2\/media\/171463"}],"wp:attachment":[{"href":"https:\/\/epochtimestr.com\/index.php\/wp-json\/wp\/v2\/media?parent=171462"}],"wp:term":[{"taxonomy":"category","embeddable":true,"href":"https:\/\/epochtimestr.com\/index.php\/wp-json\/wp\/v2\/categories?post=171462"},{"taxonomy":"post_tag","embeddable":true,"href":"https:\/\/epochtimestr.com\/index.php\/wp-json\/wp\/v2\/tags?post=171462"}],"curies":[{"name":"wp","href":"https:\/\/api.w.org\/{rel}","templated":true}]}}