{"id":171465,"date":"2026-09-04T09:10:26","date_gmt":"2026-09-04T06:10:26","guid":{"rendered":"https:\/\/epochtimestr.com\/?p=171465"},"modified":"2026-09-04T09:10:28","modified_gmt":"2026-09-04T06:10:28","slug":"ibb-davasinda-iki-kisiye-tahliye-karari","status":"publish","type":"post","link":"https:\/\/epochtimestr.com\/index.php\/ibb-davasinda-iki-kisiye-tahliye-karari","title":{"rendered":"\u0130BB Davas\u0131nda \u0130ki Ki\u015fiye Tahliye Karar\u0131"},"content":{"rendered":"<div class=\"wp-block-image\">\n<figure class=\"aligncenter size-full\"><img loading=\"lazy\" decoding=\"async\" width=\"739\" height=\"415\" src=\"https:\/\/epochtimestr.com\/wp-content\/uploads\/2011y\/ekremimamoglu.com_.jpg\" alt=\"\u0130BB davas\u0131nda iki ki\u015fiye tahliye karar\u0131 (Foto\u011fraf: Ekrem \u0130mamo\u011flu.com)\" class=\"wp-image-171466\" srcset=\"https:\/\/epochtimestr.com\/wp-content\/uploads\/2011y\/ekremimamoglu.com_.jpg 739w, https:\/\/epochtimestr.com\/wp-content\/uploads\/2011y\/ekremimamoglu.com_-300x168.jpg 300w, https:\/\/epochtimestr.com\/wp-content\/uploads\/2011y\/ekremimamoglu.com_-150x84.jpg 150w\" sizes=\"(max-width: 739px) 100vw, 739px\" \/><figcaption class=\"wp-element-caption\">\u0130BB davas\u0131nda iki ki\u015fiye tahliye karar\u0131 (Foto\u011fraf: Ekrem \u0130mamo\u011flu.com)<\/figcaption><\/figure><\/div>\n\n\n<h2 class=\"wp-block-heading\">Yakla\u015f\u0131k bir bu\u00e7uk y\u0131ld\u0131r tutuklu bulunan \u0130BB Ba\u015fkan\u0131 Ekrem \u0130mamo\u011flu&#8217;nun da aralar\u0131nda bulundu\u011fu 414 ki\u015finin yarg\u0131land\u0131\u011f\u0131 davan\u0131n 75. duru\u015fmas\u0131nda iki ki\u015fiye tahliye karar\u0131 verildi.<\/h2>\n\n\n\n<p>Yakla\u015f\u0131k bir bu\u00e7uk y\u0131ld\u0131r tutuklu bulunan \u0130BB Ba\u015fkan\u0131 Ekrem <a href=\"https:\/\/epochtimestr.com\/index.php\/imamoglu-yasaklanan-kitabinin-tanitim-videosunu-paylasti\" target=\"_blank\" rel=\"noreferrer noopener\">\u0130mamo\u011flu<\/a>&#8216;nun da aralar\u0131nda bulundu\u011fu 414 ki\u015finin yarg\u0131land\u0131\u011f\u0131 davan\u0131n 75. duru\u015fmas\u0131 tamamland\u0131. \u0130BB davas\u0131nda savc\u0131, 53 ismin tutuklulu\u011funun devam\u0131n\u0131 istedi, <a href=\"https:\/\/epochtimestr.com\/index.php\/kktc-gemi-faciasinda-mahkemeye-cikarilan-9-kisi-tutuklandi\" target=\"_blank\" rel=\"noreferrer noopener\">mahkeme<\/a> iki ki\u015fi i\u00e7in tahliye karar\u0131 verdi.<\/p>\n\n\n\n<p>2 Eyl\u00fcl&#8217;de Fato\u015f P\u0131nar T\u00fcrker&#8217;e kadar gelen tahliye beyanlar\u0131, 3 Eyl\u00fcl&#8217;de T\u00fcrker&#8217;in ifadeleriyle yeniden ba\u015flad\u0131 ve g\u00fcn boyu tutuklu isimlerin talepleriyle s\u00fcrd\u00fc. Duru\u015fman\u0131n son b\u00f6l\u00fcm\u00fcnde k\u00fcrs\u00fcye \u00e7\u0131kan Ekrem \u0130mamo\u011flu, iddialar\u0131n \u00e7\u00f6kt\u00fc\u011f\u00fcn\u00fc belirterek adil yarg\u0131lama ihlallerine tepki g\u00f6sterdi. Adalet Bakan\u0131 Ak\u0131n G\u00fcrlek&#8217;in canl\u0131 yay\u0131n s\u00f6zlerine tepki g\u00f6steren \u0130mamo\u011flu, duru\u015fmalar\u0131n canl\u0131 yay\u0131nlanmas\u0131 \u00e7a\u011fr\u0131s\u0131n\u0131 yineledi.<br \/>Beyanlar\u0131n tamamlanmas\u0131n\u0131n ard\u0131ndan m\u00fctalaas\u0131n\u0131 sunan duru\u015fma savc\u0131s\u0131, 53 tutuklunun tamam\u0131n\u0131n tutukluluk halinin devam\u0131n\u0131 talep etti. Aran\u0131n ard\u0131ndan ara karar\u0131n\u0131 a\u00e7\u0131klayan mahkeme heyeti ise Ali R\u0131za Aky\u00fcz ve Serkan \u00d6zt\u00fcrk hakk\u0131nda tahliye karar\u0131 verdi.<\/p>\n\n\n\n<p>Buna g\u00f6re Ekrem \u0130mamo\u011flu dahil 51 ismin tutukluluk hali devam edecek. <\/p>\n","protected":false},"excerpt":{"rendered":"<p>Yakla\u015f\u0131k bir bu\u00e7uk y\u0131ld\u0131r tutuklu bulunan \u0130BB Ba\u015fkan\u0131 Ekrem \u0130mamo\u011flu&#8217;nun da aralar\u0131nda bulundu\u011fu 414 ki\u015finin yarg\u0131land\u0131\u011f\u0131 davan\u0131n 75. duru\u015fmas\u0131nda iki ki\u015fiye tahliye karar\u0131 verildi. Yakla\u015f\u0131k bir bu\u00e7uk y\u0131ld\u0131r tutuklu bulunan \u0130BB Ba\u015fkan\u0131 Ekrem \u0130mamo\u011flu&#8216;nun da aralar\u0131nda bulundu\u011fu 414 ki\u015finin yarg\u0131land\u0131\u011f\u0131 davan\u0131n 75. duru\u015fmas\u0131 tamamland\u0131. \u0130BB davas\u0131nda savc\u0131, 53 ismin tutuklulu\u011funun devam\u0131n\u0131 istedi, mahkeme iki ki\u015fi [&hellip;]<\/p>\n","protected":false},"author":12791,"featured_media":171466,"comment_status":"open","ping_status":"open","sticky":false,"template":"","format":"standard","meta":{"_yoast_wpseo_focuskw":"\u0130BB - Tahliye","_yoast_wpseo_title":"","_yoast_wpseo_metadesc":"\u0130BB Ba\u015fkan\u0131 Ekrem \u0130mamo\u011flu'nun da aralar\u0131nda bulundu\u011fu 414 ki\u015finin yarg\u0131land\u0131\u011f\u0131 davan\u0131n 75. duru\u015fmas\u0131nda iki ki\u015fiye tahliye karar\u0131 verildi.","_bbp_topic_count":0,"_bbp_reply_count":0,"_bbp_total_topic_count":0,"_bbp_total_reply_count":0,"_bbp_voice_count":0,"_bbp_anonymous_reply_count":0,"_bbp_topic_count_hidden":0,"_bbp_reply_count_hidden":0,"_bbp_forum_subforum_count":0,"footnotes":"","_yoast_wpseo_focuskw_text_input":""},"categories":[1,8138,8226],"tags":[1953,7419,1040,2002,12629],"yoast_head":"<!-- This site is optimized with the Yoast SEO plugin v23.0 - https:\/\/yoast.com\/wordpress\/plugins\/seo\/ -->\n<title>\u0130BB Davas\u0131nda \u0130ki Ki\u015fiye Tahliye Karar\u0131 - The Epoch Times TR<\/title>\n<meta name=\"description\" content=\"\u0130BB Ba\u015fkan\u0131 Ekrem \u0130mamo\u011flu&#039;nun da aralar\u0131nda bulundu\u011fu 414 ki\u015finin yarg\u0131land\u0131\u011f\u0131 davan\u0131n 75. duru\u015fmas\u0131nda iki ki\u015fiye tahliye karar\u0131 verildi.\" \/>\n<meta name=\"robots\" content=\"index, follow, max-snippet:-1, max-image-preview:large, max-video-preview:-1\" \/>\n<link rel=\"canonical\" href=\"https:\/\/epochtimestr.com\/index.php\/ibb-davasinda-iki-kisiye-tahliye-karari\" \/>\n<meta property=\"og:locale\" content=\"tr_TR\" \/>\n<meta property=\"og:type\" content=\"article\" \/>\n<meta property=\"og:title\" content=\"\u0130BB Davas\u0131nda \u0130ki Ki\u015fiye Tahliye Karar\u0131 - The Epoch Times TR\" \/>\n<meta property=\"og:description\" content=\"\u0130BB Ba\u015fkan\u0131 Ekrem \u0130mamo\u011flu&#039;nun da aralar\u0131nda bulundu\u011fu 414 ki\u015finin yarg\u0131land\u0131\u011f\u0131 davan\u0131n 75. duru\u015fmas\u0131nda iki ki\u015fiye tahliye karar\u0131 verildi.\" \/>\n<meta property=\"og:url\" content=\"https:\/\/epochtimestr.com\/index.php\/ibb-davasinda-iki-kisiye-tahliye-karari\" \/>\n<meta property=\"og:site_name\" content=\"The Epoch Times TR\" \/>\n<meta property=\"article:publisher\" content=\"https:\/\/www.facebook.com\/theepochtimestr\" \/>\n<meta property=\"article:published_time\" content=\"2026-09-04T06:10:26+00:00\" \/>\n<meta property=\"article:modified_time\" content=\"2026-09-04T06:10:28+00:00\" \/>\n<meta property=\"og:image\" content=\"https:\/\/epochtimestr.com\/wp-content\/uploads\/2011y\/ekremimamoglu.com_.jpg\" \/>\n\t<meta property=\"og:image:width\" content=\"739\" \/>\n\t<meta property=\"og:image:height\" content=\"415\" \/>\n\t<meta property=\"og:image:type\" content=\"image\/jpeg\" \/>\n<meta name=\"author\" content=\"Haber Merkezi\" \/>\n<meta name=\"twitter:card\" content=\"summary_large_image\" \/>\n<meta name=\"twitter:creator\" content=\"@TheEpochTimesTR\" \/>\n<meta name=\"twitter:site\" content=\"@TheEpochTimesTR\" \/>\n<meta name=\"twitter:label1\" content=\"Yazan:\" \/>\n\t<meta name=\"twitter:data1\" content=\"Haber Merkezi\" \/>\n\t<meta name=\"twitter:label2\" content=\"Tahmini okuma s\u00fcresi\" \/>\n\t<meta name=\"twitter:data2\" content=\"2 dakika\" \/>\n<script type=\"application\/ld+json\" class=\"yoast-schema-graph\">{\"@context\":\"https:\/\/schema.org\",\"@graph\":[{\"@type\":\"Article\",\"@id\":\"https:\/\/epochtimestr.com\/index.php\/ibb-davasinda-iki-kisiye-tahliye-karari#article\",\"isPartOf\":{\"@id\":\"https:\/\/epochtimestr.com\/index.php\/ibb-davasinda-iki-kisiye-tahliye-karari\"},\"author\":{\"name\":\"Haber Merkezi\",\"@id\":\"https:\/\/epochtimestr.com\/#\/schema\/person\/3dc5c3adeb9f43923c5aa85889172fdd\"},\"headline\":\"\u0130BB Davas\u0131nda \u0130ki Ki\u015fiye Tahliye Karar\u0131\",\"datePublished\":\"2026-09-04T06:10:26+00:00\",\"dateModified\":\"2026-09-04T06:10:28+00:00\",\"mainEntityOfPage\":{\"@id\":\"https:\/\/epochtimestr.com\/index.php\/ibb-davasinda-iki-kisiye-tahliye-karari\"},\"wordCount\":252,\"commentCount\":0,\"publisher\":{\"@id\":\"https:\/\/epochtimestr.com\/#organization\"},\"image\":{\"@id\":\"https:\/\/epochtimestr.com\/index.php\/ibb-davasinda-iki-kisiye-tahliye-karari#primaryimage\"},\"thumbnailUrl\":\"https:\/\/epochtimestr.com\/wp-content\/uploads\/2011y\/ekremimamoglu.com_.jpg\",\"keywords\":[\"dava\",\"Ekrem \u0130mamo\u011flu\",\"Mahkeme\",\"Tahliye\",\"Tutuklulu\u011fun Devam\u0131\"],\"articleSection\":[\"G\u00dcNDEM\",\"MAN\u015eET\",\"Siyaset\"],\"inLanguage\":\"tr\",\"potentialAction\":[{\"@type\":\"CommentAction\",\"name\":\"Comment\",\"target\":[\"https:\/\/epochtimestr.com\/index.php\/ibb-davasinda-iki-kisiye-tahliye-karari#respond\"]}]},{\"@type\":\"WebPage\",\"@id\":\"https:\/\/epochtimestr.com\/index.php\/ibb-davasinda-iki-kisiye-tahliye-karari\",\"url\":\"https:\/\/epochtimestr.com\/index.php\/ibb-davasinda-iki-kisiye-tahliye-karari\",\"name\":\"\u0130BB Davas\u0131nda \u0130ki Ki\u015fiye Tahliye Karar\u0131 - The Epoch Times TR\",\"isPartOf\":{\"@id\":\"https:\/\/epochtimestr.com\/#website\"},\"primaryImageOfPage\":{\"@id\":\"https:\/\/epochtimestr.com\/index.php\/ibb-davasinda-iki-kisiye-tahliye-karari#primaryimage\"},\"image\":{\"@id\":\"https:\/\/epochtimestr.com\/index.php\/ibb-davasinda-iki-kisiye-tahliye-karari#primaryimage\"},\"thumbnailUrl\":\"https:\/\/epochtimestr.com\/wp-content\/uploads\/2011y\/ekremimamoglu.com_.jpg\",\"datePublished\":\"2026-09-04T06:10:26+00:00\",\"dateModified\":\"2026-09-04T06:10:28+00:00\",\"description\":\"\u0130BB Ba\u015fkan\u0131 Ekrem \u0130mamo\u011flu'nun da aralar\u0131nda bulundu\u011fu 414 ki\u015finin yarg\u0131land\u0131\u011f\u0131 davan\u0131n 75. duru\u015fmas\u0131nda iki ki\u015fiye tahliye karar\u0131 verildi.\",\"inLanguage\":\"tr\",\"potentialAction\":[{\"@type\":\"ReadAction\",\"target\":[\"https:\/\/epochtimestr.com\/index.php\/ibb-davasinda-iki-kisiye-tahliye-karari\"]}]},{\"@type\":\"ImageObject\",\"inLanguage\":\"tr\",\"@id\":\"https:\/\/epochtimestr.com\/index.php\/ibb-davasinda-iki-kisiye-tahliye-karari#primaryimage\",\"url\":\"https:\/\/epochtimestr.com\/wp-content\/uploads\/2011y\/ekremimamoglu.com_.jpg\",\"contentUrl\":\"https:\/\/epochtimestr.com\/wp-content\/uploads\/2011y\/ekremimamoglu.com_.jpg\",\"width\":739,\"height\":415},{\"@type\":\"WebSite\",\"@id\":\"https:\/\/epochtimestr.com\/#website\",\"url\":\"https:\/\/epochtimestr.com\/\",\"name\":\"The Epoch Times TR\",\"description\":\"De\u011fi\u015fen D\u00fcnyam\u0131za Taze Bir Bak\u0131\u015f\",\"publisher\":{\"@id\":\"https:\/\/epochtimestr.com\/#organization\"},\"potentialAction\":[{\"@type\":\"SearchAction\",\"target\":{\"@type\":\"EntryPoint\",\"urlTemplate\":\"https:\/\/epochtimestr.com\/?s={search_term_string}\"},\"query-input\":\"required name=search_term_string\"}],\"inLanguage\":\"tr\"},{\"@type\":\"Organization\",\"@id\":\"https:\/\/epochtimestr.com\/#organization\",\"name\":\"The EpochTimes T\u00fcrkiye\",\"url\":\"https:\/\/epochtimestr.com\/\",\"logo\":{\"@type\":\"ImageObject\",\"inLanguage\":\"tr\",\"@id\":\"https:\/\/epochtimestr.com\/#\/schema\/logo\/image\/\",\"url\":\"https:\/\/epochtimestr.com\/wp-content\/uploads\/2011y\/ET-Logo-YG.jpg\",\"contentUrl\":\"https:\/\/epochtimestr.com\/wp-content\/uploads\/2011y\/ET-Logo-YG.jpg\",\"width\":346,\"height\":29,\"caption\":\"The EpochTimes T\u00fcrkiye\"},\"image\":{\"@id\":\"https:\/\/epochtimestr.com\/#\/schema\/logo\/image\/\"},\"sameAs\":[\"https:\/\/www.facebook.com\/theepochtimestr\",\"https:\/\/x.com\/TheEpochTimesTR\",\"https:\/\/www.instagram.com\/epochtimestr\"]},{\"@type\":\"Person\",\"@id\":\"https:\/\/epochtimestr.com\/#\/schema\/person\/3dc5c3adeb9f43923c5aa85889172fdd\",\"name\":\"Haber Merkezi\",\"image\":{\"@type\":\"ImageObject\",\"inLanguage\":\"tr\",\"@id\":\"https:\/\/epochtimestr.com\/#\/schema\/person\/image\/\",\"url\":\"https:\/\/secure.gravatar.com\/avatar\/d73f772ba5a74f28601361e17c2f93e6?s=96&d=mm&r=g\",\"contentUrl\":\"https:\/\/secure.gravatar.com\/avatar\/d73f772ba5a74f28601361e17c2f93e6?s=96&d=mm&r=g\",\"caption\":\"Haber Merkezi\"},\"url\":\"https:\/\/epochtimestr.com\/index.php\/author\/sendag\"}]}<\/script>\n<!-- \/ Yoast SEO plugin. -->","yoast_head_json":{"title":"\u0130BB Davas\u0131nda \u0130ki Ki\u015fiye Tahliye Karar\u0131 - The Epoch Times TR","description":"\u0130BB Ba\u015fkan\u0131 Ekrem \u0130mamo\u011flu'nun da aralar\u0131nda bulundu\u011fu 414 ki\u015finin yarg\u0131land\u0131\u011f\u0131 davan\u0131n 75. duru\u015fmas\u0131nda iki ki\u015fiye tahliye karar\u0131 verildi.","robots":{"index":"index","follow":"follow","max-snippet":"max-snippet:-1","max-image-preview":"max-image-preview:large","max-video-preview":"max-video-preview:-1"},"canonical":"https:\/\/epochtimestr.com\/index.php\/ibb-davasinda-iki-kisiye-tahliye-karari","og_locale":"tr_TR","og_type":"article","og_title":"\u0130BB Davas\u0131nda \u0130ki Ki\u015fiye Tahliye Karar\u0131 - The Epoch Times TR","og_description":"\u0130BB Ba\u015fkan\u0131 Ekrem \u0130mamo\u011flu'nun da aralar\u0131nda bulundu\u011fu 414 ki\u015finin yarg\u0131land\u0131\u011f\u0131 davan\u0131n 75. duru\u015fmas\u0131nda iki ki\u015fiye tahliye karar\u0131 verildi.","og_url":"https:\/\/epochtimestr.com\/index.php\/ibb-davasinda-iki-kisiye-tahliye-karari","og_site_name":"The Epoch Times TR","article_publisher":"https:\/\/www.facebook.com\/theepochtimestr","article_published_time":"2026-09-04T06:10:26+00:00","article_modified_time":"2026-09-04T06:10:28+00:00","og_image":[{"width":739,"height":415,"url":"https:\/\/epochtimestr.com\/wp-content\/uploads\/2011y\/ekremimamoglu.com_.jpg","type":"image\/jpeg"}],"author":"Haber Merkezi","twitter_card":"summary_large_image","twitter_creator":"@TheEpochTimesTR","twitter_site":"@TheEpochTimesTR","twitter_misc":{"Yazan:":"Haber Merkezi","Tahmini okuma s\u00fcresi":"2 dakika"},"schema":{"@context":"https:\/\/schema.org","@graph":[{"@type":"Article","@id":"https:\/\/epochtimestr.com\/index.php\/ibb-davasinda-iki-kisiye-tahliye-karari#article","isPartOf":{"@id":"https:\/\/epochtimestr.com\/index.php\/ibb-davasinda-iki-kisiye-tahliye-karari"},"author":{"name":"Haber Merkezi","@id":"https:\/\/epochtimestr.com\/#\/schema\/person\/3dc5c3adeb9f43923c5aa85889172fdd"},"headline":"\u0130BB Davas\u0131nda \u0130ki Ki\u015fiye Tahliye Karar\u0131","datePublished":"2026-09-04T06:10:26+00:00","dateModified":"2026-09-04T06:10:28+00:00","mainEntityOfPage":{"@id":"https:\/\/epochtimestr.com\/index.php\/ibb-davasinda-iki-kisiye-tahliye-karari"},"wordCount":252,"commentCount":0,"publisher":{"@id":"https:\/\/epochtimestr.com\/#organization"},"image":{"@id":"https:\/\/epochtimestr.com\/index.php\/ibb-davasinda-iki-kisiye-tahliye-karari#primaryimage"},"thumbnailUrl":"https:\/\/epochtimestr.com\/wp-content\/uploads\/2011y\/ekremimamoglu.com_.jpg","keywords":["dava","Ekrem \u0130mamo\u011flu","Mahkeme","Tahliye","Tutuklulu\u011fun Devam\u0131"],"articleSection":["G\u00dcNDEM","MAN\u015eET","Siyaset"],"inLanguage":"tr","potentialAction":[{"@type":"CommentAction","name":"Comment","target":["https:\/\/epochtimestr.com\/index.php\/ibb-davasinda-iki-kisiye-tahliye-karari#respond"]}]},{"@type":"WebPage","@id":"https:\/\/epochtimestr.com\/index.php\/ibb-davasinda-iki-kisiye-tahliye-karari","url":"https:\/\/epochtimestr.com\/index.php\/ibb-davasinda-iki-kisiye-tahliye-karari","name":"\u0130BB Davas\u0131nda \u0130ki Ki\u015fiye Tahliye Karar\u0131 - The Epoch Times TR","isPartOf":{"@id":"https:\/\/epochtimestr.com\/#website"},"primaryImageOfPage":{"@id":"https:\/\/epochtimestr.com\/index.php\/ibb-davasinda-iki-kisiye-tahliye-karari#primaryimage"},"image":{"@id":"https:\/\/epochtimestr.com\/index.php\/ibb-davasinda-iki-kisiye-tahliye-karari#primaryimage"},"thumbnailUrl":"https:\/\/epochtimestr.com\/wp-content\/uploads\/2011y\/ekremimamoglu.com_.jpg","datePublished":"2026-09-04T06:10:26+00:00","dateModified":"2026-09-04T06:10:28+00:00","description":"\u0130BB Ba\u015fkan\u0131 Ekrem \u0130mamo\u011flu'nun da aralar\u0131nda bulundu\u011fu 414 ki\u015finin yarg\u0131land\u0131\u011f\u0131 davan\u0131n 75. duru\u015fmas\u0131nda iki ki\u015fiye tahliye karar\u0131 verildi.","inLanguage":"tr","potentialAction":[{"@type":"ReadAction","target":["https:\/\/epochtimestr.com\/index.php\/ibb-davasinda-iki-kisiye-tahliye-karari"]}]},{"@type":"ImageObject","inLanguage":"tr","@id":"https:\/\/epochtimestr.com\/index.php\/ibb-davasinda-iki-kisiye-tahliye-karari#primaryimage","url":"https:\/\/epochtimestr.com\/wp-content\/uploads\/2011y\/ekremimamoglu.com_.jpg","contentUrl":"https:\/\/epochtimestr.com\/wp-content\/uploads\/2011y\/ekremimamoglu.com_.jpg","width":739,"height":415},{"@type":"WebSite","@id":"https:\/\/epochtimestr.com\/#website","url":"https:\/\/epochtimestr.com\/","name":"The Epoch Times TR","description":"De\u011fi\u015fen D\u00fcnyam\u0131za Taze Bir Bak\u0131\u015f","publisher":{"@id":"https:\/\/epochtimestr.com\/#organization"},"potentialAction":[{"@type":"SearchAction","target":{"@type":"EntryPoint","urlTemplate":"https:\/\/epochtimestr.com\/?s={search_term_string}"},"query-input":"required name=search_term_string"}],"inLanguage":"tr"},{"@type":"Organization","@id":"https:\/\/epochtimestr.com\/#organization","name":"The EpochTimes T\u00fcrkiye","url":"https:\/\/epochtimestr.com\/","logo":{"@type":"ImageObject","inLanguage":"tr","@id":"https:\/\/epochtimestr.com\/#\/schema\/logo\/image\/","url":"https:\/\/epochtimestr.com\/wp-content\/uploads\/2011y\/ET-Logo-YG.jpg","contentUrl":"https:\/\/epochtimestr.com\/wp-content\/uploads\/2011y\/ET-Logo-YG.jpg","width":346,"height":29,"caption":"The EpochTimes T\u00fcrkiye"},"image":{"@id":"https:\/\/epochtimestr.com\/#\/schema\/logo\/image\/"},"sameAs":["https:\/\/www.facebook.com\/theepochtimestr","https:\/\/x.com\/TheEpochTimesTR","https:\/\/www.instagram.com\/epochtimestr"]},{"@type":"Person","@id":"https:\/\/epochtimestr.com\/#\/schema\/person\/3dc5c3adeb9f43923c5aa85889172fdd","name":"Haber Merkezi","image":{"@type":"ImageObject","inLanguage":"tr","@id":"https:\/\/epochtimestr.com\/#\/schema\/person\/image\/","url":"https:\/\/secure.gravatar.com\/avatar\/d73f772ba5a74f28601361e17c2f93e6?s=96&d=mm&r=g","contentUrl":"https:\/\/secure.gravatar.com\/avatar\/d73f772ba5a74f28601361e17c2f93e6?s=96&d=mm&r=g","caption":"Haber Merkezi"},"url":"https:\/\/epochtimestr.com\/index.php\/author\/sendag"}]}},"_links":{"self":[{"href":"https:\/\/epochtimestr.com\/index.php\/wp-json\/wp\/v2\/posts\/171465"}],"collection":[{"href":"https:\/\/epochtimestr.com\/index.php\/wp-json\/wp\/v2\/posts"}],"about":[{"href":"https:\/\/epochtimestr.com\/index.php\/wp-json\/wp\/v2\/types\/post"}],"author":[{"embeddable":true,"href":"https:\/\/epochtimestr.com\/index.php\/wp-json\/wp\/v2\/users\/12791"}],"replies":[{"embeddable":true,"href":"https:\/\/epochtimestr.com\/index.php\/wp-json\/wp\/v2\/comments?post=171465"}],"version-history":[{"count":2,"href":"https:\/\/epochtimestr.com\/index.php\/wp-json\/wp\/v2\/posts\/171465\/revisions"}],"predecessor-version":[{"id":171479,"href":"https:\/\/epochtimestr.com\/index.php\/wp-json\/wp\/v2\/posts\/171465\/revisions\/171479"}],"wp:featuredmedia":[{"embeddable":true,"href":"https:\/\/epochtimestr.com\/index.php\/wp-json\/wp\/v2\/media\/171466"}],"wp:attachment":[{"href":"https:\/\/epochtimestr.com\/index.php\/wp-json\/wp\/v2\/media?parent=171465"}],"wp:term":[{"taxonomy":"category","embeddable":true,"href":"https:\/\/epochtimestr.com\/index.php\/wp-json\/wp\/v2\/categories?post=171465"},{"taxonomy":"post_tag","embeddable":true,"href":"https:\/\/epochtimestr.com\/index.php\/wp-json\/wp\/v2\/tags?post=171465"}],"curies":[{"name":"wp","href":"https:\/\/api.w.org\/{rel}","templated":true}]}}