{"id":171468,"date":"2026-09-04T09:17:46","date_gmt":"2026-09-04T06:17:46","guid":{"rendered":"https:\/\/epochtimestr.com\/?p=171468"},"modified":"2026-09-04T09:17:49","modified_gmt":"2026-09-04T06:17:49","slug":"gazeteci-gloria-steinem-hayatini-kaybetti","status":"publish","type":"post","link":"https:\/\/epochtimestr.com\/index.php\/gazeteci-gloria-steinem-hayatini-kaybetti","title":{"rendered":"Gazeteci Gloria Steinem Hayat\u0131n\u0131 Kaybetti"},"content":{"rendered":"<div class=\"wp-block-image\">\n<figure class=\"aligncenter size-full\"><img loading=\"lazy\" decoding=\"async\" width=\"710\" height=\"399\" src=\"https:\/\/epochtimestr.com\/wp-content\/uploads\/2011y\/gloria.webp\" alt=\"Gazeteci Gloria Steinem hayat\u0131n\u0131 kaybetti. (Foto\u011fraf: Boston 25 news facebook)\" class=\"wp-image-171469\" srcset=\"https:\/\/epochtimestr.com\/wp-content\/uploads\/2011y\/gloria.webp 710w, https:\/\/epochtimestr.com\/wp-content\/uploads\/2011y\/gloria-300x169.webp 300w, https:\/\/epochtimestr.com\/wp-content\/uploads\/2011y\/gloria-150x84.webp 150w\" sizes=\"(max-width: 710px) 100vw, 710px\" \/><figcaption class=\"wp-element-caption\">Gazeteci Gloria Steinem hayat\u0131n\u0131 kaybetti. (Foto\u011fraf: Boston 25 news facebook)<\/figcaption><\/figure><\/div>\n\n\n<h2 class=\"wp-block-heading\">ABD\u2019de kad\u0131n hareketinin en \u00f6nemli isimlerinden gazeteci ve aktivist Gloria Steinem (92) hayat\u0131n\u0131 kaybetti.<\/h2>\n\n\n\n<p>Yazar, toplum \u00f6rg\u00fctleyicisi, siyasi kampanyac\u0131 ve kendisini &#8220;sosyal de\u011fi\u015fimin giri\u015fimcisi&#8221; olarak tan\u0131mlayan feminist aktivist Gloria Steinem, 92 ya\u015f\u0131nda hayat\u0131n\u0131 kaybetti. Karizmatik liderli\u011fiyle tan\u0131nan Steinem, \u00f6mr\u00fcn\u00fcn b\u00fcy\u00fck b\u00f6l\u00fcm\u00fcn\u00fc kendisi gibi kararl\u0131 m\u00fccadele arkada\u015flar\u0131yla birlikte meydanlarda ve yollarda ge\u00e7irdi.<\/p>\n\n\n\n<p>Asl\u0131nda <a href=\"https:\/\/epochtimestr.com\/index.php\/tehlike-altindaki-diller-ve-gelecegin-arkeolojisi\" target=\"_blank\" rel=\"noreferrer noopener\">topluluk <\/a>\u00f6n\u00fcnde konu\u015fmaktan hi\u00e7 ho\u015flanmamas\u0131na ra\u011fmen 20\u2019li ya\u015flar\u0131nda Hindistan\u2019da ge\u00e7irdi\u011fi iki y\u0131l, onun d\u00f6n\u00fcm noktas\u0131 oldu. Din\u00ee <a href=\"https:\/\/epochtimestr.com\/index.php\/13-mayis-dunya-falun-dafa-gunu-milyonlarca-insan-dogruluk-merhamet-hosgoruyu-kutladi\" target=\"_blank\" rel=\"noreferrer noopener\">ho\u015fg\u00f6r\u00fc<\/a>s\u00fczl\u00fc\u011fe kar\u015f\u0131 m\u00fccadele eden bir grupla birlikte &#8220;bir sari, bir fincan ve bir tarakla&#8221; k\u00f6y k\u00f6y dola\u015ft\u0131. Steinem, Gandhi\u2019nin \u00f6\u011fretilerinden ilham alan bu yolculukta, bir mesaj\u0131 insanlara &#8220;g\u00f6z g\u00f6ze&#8221; aktarman\u0131n g\u00fcc\u00fcn\u00fc ke\u015ffetti\u011fini s\u00f6ylemi\u015fti.<\/p>\n\n\n\n<p>Steinem, baz\u0131 \u00e7a\u011fda\u015flar\u0131n\u0131n aksine, sivil haklar, kad\u0131nlara y\u00f6nelik \u015fiddet ve e\u015fitlik m\u00fccadelesi de dahil olmak \u00fczere bir\u00e7ok davas\u0131n\u0131 de\u011fi\u015ftirmedi ve bunlardan asla vazge\u00e7medi. Her ekonomi dersinin \u00fcretimle de\u011fil, \u00fcremeyle ba\u015flamas\u0131 ve ataerkil sistemin kad\u0131n\u0131n do\u011fum kontrol\u00fc ve k\u00fcrtaj hakk\u0131n\u0131 k\u0131s\u0131tlama i\u00e7g\u00fcd\u00fcs\u00fcn\u00fcn anla\u015f\u0131lmas\u0131 gerekti\u011fini savunmaya devam etti.<\/p>\n\n\n\n<p>D\u00f6nemindeki baz\u0131 isimlerin aksine, inand\u0131\u011f\u0131 de\u011ferlerden hi\u00e7bir zaman \u00f6d\u00fcn vermedi. Sivil haklar, kad\u0131na y\u00f6nelik \u015fiddetle m\u00fccadele ve e\u015fitlik aray\u0131\u015f\u0131ndan asla vazge\u00e7medi. Her ekonomi dersinin &#8220;\u00fcretimle&#8221; de\u011fil, &#8220;\u00fcremeyle&#8221; ba\u015flamas\u0131 gerekti\u011fini savundu. Ataerkil sistemin, kad\u0131n\u0131n do\u011fum kontrol\u00fc ve k\u00fcrtaj hakk\u0131n\u0131 k\u0131s\u0131tlama i\u00e7g\u00fcd\u00fcs\u00fcn\u00fc de\u015fifre etmek, onun ya\u015fam boyu s\u00fcrd\u00fcrd\u00fc\u011f\u00fc m\u00fccadelenin temelini olu\u015fturdu.<\/p>\n\n\n<div class=\"wp-block-image\">\n<figure class=\"aligncenter size-full is-resized\"><img loading=\"lazy\" decoding=\"async\" width=\"594\" height=\"418\" src=\"https:\/\/epochtimestr.com\/wp-content\/uploads\/2011y\/wikipedia-2.jpg\" alt=\"Gloria Steinem (Foto\u011fraf: brianhamillphotography instagram)\" class=\"wp-image-171470\" style=\"width:594px;height:auto\" srcset=\"https:\/\/epochtimestr.com\/wp-content\/uploads\/2011y\/wikipedia-2.jpg 594w, https:\/\/epochtimestr.com\/wp-content\/uploads\/2011y\/wikipedia-2-300x211.jpg 300w, https:\/\/epochtimestr.com\/wp-content\/uploads\/2011y\/wikipedia-2-150x106.jpg 150w\" sizes=\"(max-width: 594px) 100vw, 594px\" \/><figcaption class=\"wp-element-caption\">                               Gloria Steinem (Foto\u011fraf: brianhamillphotography instagram)<\/figcaption><\/figure><\/div>\n\n\n<h3 class=\"wp-block-heading\">Gloria Steinem kimdir?<\/h3>\n\n\n\n<p>25 Mart 1934\u2019te Ohio eyaletinin Toledo kentinde do\u011fan Steinem\u2019\u0131n \u00e7ocuklu\u011fu zorlu ge\u00e7ti. D\u00fczenli e\u011fitime ancak 12 ya\u015f\u0131ndan sonra ba\u015flayabildi.<\/p>\n\n\n\n<p>\u00dcniversiteden mezun olduktan sonra 1950\u2019lerin sonunda ara\u015ft\u0131rma bursuyla Hindistan\u2019a gitti. Hindistan\u2019da iki y\u0131l ge\u00e7iren Steinem, k\u00f6ylerde ya\u015fayan kad\u0131nlar\u0131n h\u00fck\u00fcmet politikalar\u0131na kar\u015f\u0131 \u015fiddet i\u00e7ermeyen protestolar \u00f6rg\u00fctlemesine yard\u0131m etti. Bu deneyim, daha sonra tabandan \u00f6rg\u00fctlenmeye ve aktivizme duydu\u011fu ilgiyi \u015fekillendiren \u00f6nemli d\u00f6n\u00fcm noktalar\u0131ndan biri oldu.<\/p>\n\n\n\n<p>Steinem uzun y\u0131llar evlili\u011fe mesafeli yakla\u015ft\u0131. Ancak 2000 y\u0131l\u0131nda G\u00fcney Afrika do\u011fumlu giri\u015fimci ve \u00e7evreci David Bale ile evlendi. Oyuncu Christian Bale\u2019in babas\u0131 olan David Bale, \u00fc\u00e7 y\u0131l sonra beyin lenfomas\u0131 nedeniyle hayat\u0131n\u0131 kaybetti.<\/p>\n\n\n\n<p>Steinem\u2019a 2013 y\u0131l\u0131nda d\u00f6nemin ABD Ba\u015fkan\u0131 Barack Obama taraf\u0131ndan Ba\u015fkanl\u0131k \u00d6zg\u00fcrl\u00fck Madalyas\u0131 verildi. Bu \u00f6d\u00fcl ABD\u2019de \u00f6zellikle sivillere verilen en y\u00fcksek onur olarak kabul ediliyor.<\/p>\n\n\n\n<p>Kurdu\u011fu vak\u0131f, Steinem\u2019\u0131n son y\u0131llar\u0131n\u0131 yaz\u0131 yazarak ve evinde d\u00fczenledi\u011fi sohbet bulu\u015fmalar\u0131yla ge\u00e7irdi\u011fini belirtti. Vak\u0131f a\u00e7\u0131klamas\u0131nda \u201cGloria\u2019n\u0131n en b\u00fcy\u00fck yetene\u011fi ba\u015fkalar\u0131n\u0131 dinlemek, insanlara g\u00f6r\u00fcld\u00fcklerini ve duyulduklar\u0131n\u0131 hissettirmekti\u201d ifadeleri yer ald\u0131.<\/p>\n","protected":false},"excerpt":{"rendered":"<p>ABD\u2019de kad\u0131n hareketinin en \u00f6nemli isimlerinden gazeteci ve aktivist Gloria Steinem (92) hayat\u0131n\u0131 kaybetti. Yazar, toplum \u00f6rg\u00fctleyicisi, siyasi kampanyac\u0131 ve kendisini &#8220;sosyal de\u011fi\u015fimin giri\u015fimcisi&#8221; olarak tan\u0131mlayan feminist aktivist Gloria Steinem, 92 ya\u015f\u0131nda hayat\u0131n\u0131 kaybetti. Karizmatik liderli\u011fiyle tan\u0131nan Steinem, \u00f6mr\u00fcn\u00fcn b\u00fcy\u00fck b\u00f6l\u00fcm\u00fcn\u00fc kendisi gibi kararl\u0131 m\u00fccadele arkada\u015flar\u0131yla birlikte meydanlarda ve yollarda ge\u00e7irdi. Asl\u0131nda topluluk \u00f6n\u00fcnde konu\u015fmaktan [&hellip;]<\/p>\n","protected":false},"author":12791,"featured_media":171469,"comment_status":"open","ping_status":"open","sticky":false,"template":"","format":"standard","meta":{"_yoast_wpseo_focuskw":"Gloria Steinem","_yoast_wpseo_title":"","_yoast_wpseo_metadesc":"ABD\u2019de kad\u0131n hareketinin en \u00f6nemli isimlerinden gazeteci ve aktivist Gloria Steinem (92) hayat\u0131n\u0131 kaybetti.","_bbp_topic_count":0,"_bbp_reply_count":0,"_bbp_total_topic_count":0,"_bbp_total_reply_count":0,"_bbp_voice_count":0,"_bbp_anonymous_reply_count":0,"_bbp_topic_count_hidden":0,"_bbp_reply_count_hidden":0,"_bbp_forum_subforum_count":0,"footnotes":"","_yoast_wpseo_focuskw_text_input":""},"categories":[5,1,8138,6917],"tags":[6737,12630,7107],"yoast_head":"<!-- This site is optimized with the Yoast SEO plugin v23.0 - https:\/\/yoast.com\/wordpress\/plugins\/seo\/ -->\n<title>Gazeteci Gloria Steinem Hayat\u0131n\u0131 Kaybetti - The Epoch Times TR<\/title>\n<meta name=\"description\" content=\"ABD\u2019de kad\u0131n hareketinin en \u00f6nemli isimlerinden gazeteci ve aktivist Gloria Steinem (92) hayat\u0131n\u0131 kaybetti.\" \/>\n<meta name=\"robots\" content=\"index, follow, max-snippet:-1, max-image-preview:large, max-video-preview:-1\" \/>\n<link rel=\"canonical\" href=\"https:\/\/epochtimestr.com\/index.php\/gazeteci-gloria-steinem-hayatini-kaybetti\" \/>\n<meta property=\"og:locale\" content=\"tr_TR\" \/>\n<meta property=\"og:type\" content=\"article\" \/>\n<meta property=\"og:title\" content=\"Gazeteci Gloria Steinem Hayat\u0131n\u0131 Kaybetti - The Epoch Times TR\" \/>\n<meta property=\"og:description\" content=\"ABD\u2019de kad\u0131n hareketinin en \u00f6nemli isimlerinden gazeteci ve aktivist Gloria Steinem (92) hayat\u0131n\u0131 kaybetti.\" \/>\n<meta property=\"og:url\" content=\"https:\/\/epochtimestr.com\/index.php\/gazeteci-gloria-steinem-hayatini-kaybetti\" \/>\n<meta property=\"og:site_name\" content=\"The Epoch Times TR\" \/>\n<meta property=\"article:publisher\" content=\"https:\/\/www.facebook.com\/theepochtimestr\" \/>\n<meta property=\"article:published_time\" content=\"2026-09-04T06:17:46+00:00\" \/>\n<meta property=\"article:modified_time\" content=\"2026-09-04T06:17:49+00:00\" \/>\n<meta property=\"og:image\" content=\"https:\/\/epochtimestr.com\/wp-content\/uploads\/2011y\/gloria.webp\" \/>\n\t<meta property=\"og:image:width\" content=\"710\" \/>\n\t<meta property=\"og:image:height\" content=\"399\" \/>\n\t<meta property=\"og:image:type\" content=\"image\/webp\" \/>\n<meta name=\"author\" content=\"Haber Merkezi\" \/>\n<meta name=\"twitter:card\" content=\"summary_large_image\" \/>\n<meta name=\"twitter:creator\" content=\"@TheEpochTimesTR\" \/>\n<meta name=\"twitter:site\" content=\"@TheEpochTimesTR\" \/>\n<meta name=\"twitter:label1\" content=\"Yazan:\" \/>\n\t<meta name=\"twitter:data1\" content=\"Haber Merkezi\" \/>\n\t<meta name=\"twitter:label2\" content=\"Tahmini okuma s\u00fcresi\" \/>\n\t<meta name=\"twitter:data2\" content=\"3 dakika\" \/>\n<script type=\"application\/ld+json\" class=\"yoast-schema-graph\">{\"@context\":\"https:\/\/schema.org\",\"@graph\":[{\"@type\":\"Article\",\"@id\":\"https:\/\/epochtimestr.com\/index.php\/gazeteci-gloria-steinem-hayatini-kaybetti#article\",\"isPartOf\":{\"@id\":\"https:\/\/epochtimestr.com\/index.php\/gazeteci-gloria-steinem-hayatini-kaybetti\"},\"author\":{\"name\":\"Haber Merkezi\",\"@id\":\"https:\/\/epochtimestr.com\/#\/schema\/person\/3dc5c3adeb9f43923c5aa85889172fdd\"},\"headline\":\"Gazeteci Gloria Steinem Hayat\u0131n\u0131 Kaybetti\",\"datePublished\":\"2026-09-04T06:17:46+00:00\",\"dateModified\":\"2026-09-04T06:17:49+00:00\",\"mainEntityOfPage\":{\"@id\":\"https:\/\/epochtimestr.com\/index.php\/gazeteci-gloria-steinem-hayatini-kaybetti\"},\"wordCount\":560,\"commentCount\":0,\"publisher\":{\"@id\":\"https:\/\/epochtimestr.com\/#organization\"},\"image\":{\"@id\":\"https:\/\/epochtimestr.com\/index.php\/gazeteci-gloria-steinem-hayatini-kaybetti#primaryimage\"},\"thumbnailUrl\":\"https:\/\/epochtimestr.com\/wp-content\/uploads\/2011y\/gloria.webp\",\"keywords\":[\"gazeteci\",\"Gloria Steinem\",\"yazar\"],\"articleSection\":[\"D\u00dcNYA\",\"G\u00dcNDEM\",\"MAN\u015eET\",\"Yaz\u0131n\"],\"inLanguage\":\"tr\",\"potentialAction\":[{\"@type\":\"CommentAction\",\"name\":\"Comment\",\"target\":[\"https:\/\/epochtimestr.com\/index.php\/gazeteci-gloria-steinem-hayatini-kaybetti#respond\"]}]},{\"@type\":\"WebPage\",\"@id\":\"https:\/\/epochtimestr.com\/index.php\/gazeteci-gloria-steinem-hayatini-kaybetti\",\"url\":\"https:\/\/epochtimestr.com\/index.php\/gazeteci-gloria-steinem-hayatini-kaybetti\",\"name\":\"Gazeteci Gloria Steinem Hayat\u0131n\u0131 Kaybetti - The Epoch Times TR\",\"isPartOf\":{\"@id\":\"https:\/\/epochtimestr.com\/#website\"},\"primaryImageOfPage\":{\"@id\":\"https:\/\/epochtimestr.com\/index.php\/gazeteci-gloria-steinem-hayatini-kaybetti#primaryimage\"},\"image\":{\"@id\":\"https:\/\/epochtimestr.com\/index.php\/gazeteci-gloria-steinem-hayatini-kaybetti#primaryimage\"},\"thumbnailUrl\":\"https:\/\/epochtimestr.com\/wp-content\/uploads\/2011y\/gloria.webp\",\"datePublished\":\"2026-09-04T06:17:46+00:00\",\"dateModified\":\"2026-09-04T06:17:49+00:00\",\"description\":\"ABD\u2019de kad\u0131n hareketinin en \u00f6nemli isimlerinden gazeteci ve aktivist Gloria Steinem (92) hayat\u0131n\u0131 kaybetti.\",\"inLanguage\":\"tr\",\"potentialAction\":[{\"@type\":\"ReadAction\",\"target\":[\"https:\/\/epochtimestr.com\/index.php\/gazeteci-gloria-steinem-hayatini-kaybetti\"]}]},{\"@type\":\"ImageObject\",\"inLanguage\":\"tr\",\"@id\":\"https:\/\/epochtimestr.com\/index.php\/gazeteci-gloria-steinem-hayatini-kaybetti#primaryimage\",\"url\":\"https:\/\/epochtimestr.com\/wp-content\/uploads\/2011y\/gloria.webp\",\"contentUrl\":\"https:\/\/epochtimestr.com\/wp-content\/uploads\/2011y\/gloria.webp\",\"width\":710,\"height\":399},{\"@type\":\"WebSite\",\"@id\":\"https:\/\/epochtimestr.com\/#website\",\"url\":\"https:\/\/epochtimestr.com\/\",\"name\":\"The Epoch Times TR\",\"description\":\"De\u011fi\u015fen D\u00fcnyam\u0131za Taze Bir Bak\u0131\u015f\",\"publisher\":{\"@id\":\"https:\/\/epochtimestr.com\/#organization\"},\"potentialAction\":[{\"@type\":\"SearchAction\",\"target\":{\"@type\":\"EntryPoint\",\"urlTemplate\":\"https:\/\/epochtimestr.com\/?s={search_term_string}\"},\"query-input\":\"required name=search_term_string\"}],\"inLanguage\":\"tr\"},{\"@type\":\"Organization\",\"@id\":\"https:\/\/epochtimestr.com\/#organization\",\"name\":\"The EpochTimes T\u00fcrkiye\",\"url\":\"https:\/\/epochtimestr.com\/\",\"logo\":{\"@type\":\"ImageObject\",\"inLanguage\":\"tr\",\"@id\":\"https:\/\/epochtimestr.com\/#\/schema\/logo\/image\/\",\"url\":\"https:\/\/epochtimestr.com\/wp-content\/uploads\/2011y\/ET-Logo-YG.jpg\",\"contentUrl\":\"https:\/\/epochtimestr.com\/wp-content\/uploads\/2011y\/ET-Logo-YG.jpg\",\"width\":346,\"height\":29,\"caption\":\"The EpochTimes T\u00fcrkiye\"},\"image\":{\"@id\":\"https:\/\/epochtimestr.com\/#\/schema\/logo\/image\/\"},\"sameAs\":[\"https:\/\/www.facebook.com\/theepochtimestr\",\"https:\/\/x.com\/TheEpochTimesTR\",\"https:\/\/www.instagram.com\/epochtimestr\"]},{\"@type\":\"Person\",\"@id\":\"https:\/\/epochtimestr.com\/#\/schema\/person\/3dc5c3adeb9f43923c5aa85889172fdd\",\"name\":\"Haber Merkezi\",\"image\":{\"@type\":\"ImageObject\",\"inLanguage\":\"tr\",\"@id\":\"https:\/\/epochtimestr.com\/#\/schema\/person\/image\/\",\"url\":\"https:\/\/secure.gravatar.com\/avatar\/d73f772ba5a74f28601361e17c2f93e6?s=96&d=mm&r=g\",\"contentUrl\":\"https:\/\/secure.gravatar.com\/avatar\/d73f772ba5a74f28601361e17c2f93e6?s=96&d=mm&r=g\",\"caption\":\"Haber Merkezi\"},\"url\":\"https:\/\/epochtimestr.com\/index.php\/author\/sendag\"}]}<\/script>\n<!-- \/ Yoast SEO plugin. -->","yoast_head_json":{"title":"Gazeteci Gloria Steinem Hayat\u0131n\u0131 Kaybetti - The Epoch Times TR","description":"ABD\u2019de kad\u0131n hareketinin en \u00f6nemli isimlerinden gazeteci ve aktivist Gloria Steinem (92) hayat\u0131n\u0131 kaybetti.","robots":{"index":"index","follow":"follow","max-snippet":"max-snippet:-1","max-image-preview":"max-image-preview:large","max-video-preview":"max-video-preview:-1"},"canonical":"https:\/\/epochtimestr.com\/index.php\/gazeteci-gloria-steinem-hayatini-kaybetti","og_locale":"tr_TR","og_type":"article","og_title":"Gazeteci Gloria Steinem Hayat\u0131n\u0131 Kaybetti - The Epoch Times TR","og_description":"ABD\u2019de kad\u0131n hareketinin en \u00f6nemli isimlerinden gazeteci ve aktivist Gloria Steinem (92) hayat\u0131n\u0131 kaybetti.","og_url":"https:\/\/epochtimestr.com\/index.php\/gazeteci-gloria-steinem-hayatini-kaybetti","og_site_name":"The Epoch Times TR","article_publisher":"https:\/\/www.facebook.com\/theepochtimestr","article_published_time":"2026-09-04T06:17:46+00:00","article_modified_time":"2026-09-04T06:17:49+00:00","og_image":[{"width":710,"height":399,"url":"https:\/\/epochtimestr.com\/wp-content\/uploads\/2011y\/gloria.webp","type":"image\/webp"}],"author":"Haber Merkezi","twitter_card":"summary_large_image","twitter_creator":"@TheEpochTimesTR","twitter_site":"@TheEpochTimesTR","twitter_misc":{"Yazan:":"Haber Merkezi","Tahmini okuma s\u00fcresi":"3 dakika"},"schema":{"@context":"https:\/\/schema.org","@graph":[{"@type":"Article","@id":"https:\/\/epochtimestr.com\/index.php\/gazeteci-gloria-steinem-hayatini-kaybetti#article","isPartOf":{"@id":"https:\/\/epochtimestr.com\/index.php\/gazeteci-gloria-steinem-hayatini-kaybetti"},"author":{"name":"Haber Merkezi","@id":"https:\/\/epochtimestr.com\/#\/schema\/person\/3dc5c3adeb9f43923c5aa85889172fdd"},"headline":"Gazeteci Gloria Steinem Hayat\u0131n\u0131 Kaybetti","datePublished":"2026-09-04T06:17:46+00:00","dateModified":"2026-09-04T06:17:49+00:00","mainEntityOfPage":{"@id":"https:\/\/epochtimestr.com\/index.php\/gazeteci-gloria-steinem-hayatini-kaybetti"},"wordCount":560,"commentCount":0,"publisher":{"@id":"https:\/\/epochtimestr.com\/#organization"},"image":{"@id":"https:\/\/epochtimestr.com\/index.php\/gazeteci-gloria-steinem-hayatini-kaybetti#primaryimage"},"thumbnailUrl":"https:\/\/epochtimestr.com\/wp-content\/uploads\/2011y\/gloria.webp","keywords":["gazeteci","Gloria Steinem","yazar"],"articleSection":["D\u00dcNYA","G\u00dcNDEM","MAN\u015eET","Yaz\u0131n"],"inLanguage":"tr","potentialAction":[{"@type":"CommentAction","name":"Comment","target":["https:\/\/epochtimestr.com\/index.php\/gazeteci-gloria-steinem-hayatini-kaybetti#respond"]}]},{"@type":"WebPage","@id":"https:\/\/epochtimestr.com\/index.php\/gazeteci-gloria-steinem-hayatini-kaybetti","url":"https:\/\/epochtimestr.com\/index.php\/gazeteci-gloria-steinem-hayatini-kaybetti","name":"Gazeteci Gloria Steinem Hayat\u0131n\u0131 Kaybetti - The Epoch Times TR","isPartOf":{"@id":"https:\/\/epochtimestr.com\/#website"},"primaryImageOfPage":{"@id":"https:\/\/epochtimestr.com\/index.php\/gazeteci-gloria-steinem-hayatini-kaybetti#primaryimage"},"image":{"@id":"https:\/\/epochtimestr.com\/index.php\/gazeteci-gloria-steinem-hayatini-kaybetti#primaryimage"},"thumbnailUrl":"https:\/\/epochtimestr.com\/wp-content\/uploads\/2011y\/gloria.webp","datePublished":"2026-09-04T06:17:46+00:00","dateModified":"2026-09-04T06:17:49+00:00","description":"ABD\u2019de kad\u0131n hareketinin en \u00f6nemli isimlerinden gazeteci ve aktivist Gloria Steinem (92) hayat\u0131n\u0131 kaybetti.","inLanguage":"tr","potentialAction":[{"@type":"ReadAction","target":["https:\/\/epochtimestr.com\/index.php\/gazeteci-gloria-steinem-hayatini-kaybetti"]}]},{"@type":"ImageObject","inLanguage":"tr","@id":"https:\/\/epochtimestr.com\/index.php\/gazeteci-gloria-steinem-hayatini-kaybetti#primaryimage","url":"https:\/\/epochtimestr.com\/wp-content\/uploads\/2011y\/gloria.webp","contentUrl":"https:\/\/epochtimestr.com\/wp-content\/uploads\/2011y\/gloria.webp","width":710,"height":399},{"@type":"WebSite","@id":"https:\/\/epochtimestr.com\/#website","url":"https:\/\/epochtimestr.com\/","name":"The Epoch Times TR","description":"De\u011fi\u015fen D\u00fcnyam\u0131za Taze Bir Bak\u0131\u015f","publisher":{"@id":"https:\/\/epochtimestr.com\/#organization"},"potentialAction":[{"@type":"SearchAction","target":{"@type":"EntryPoint","urlTemplate":"https:\/\/epochtimestr.com\/?s={search_term_string}"},"query-input":"required name=search_term_string"}],"inLanguage":"tr"},{"@type":"Organization","@id":"https:\/\/epochtimestr.com\/#organization","name":"The EpochTimes T\u00fcrkiye","url":"https:\/\/epochtimestr.com\/","logo":{"@type":"ImageObject","inLanguage":"tr","@id":"https:\/\/epochtimestr.com\/#\/schema\/logo\/image\/","url":"https:\/\/epochtimestr.com\/wp-content\/uploads\/2011y\/ET-Logo-YG.jpg","contentUrl":"https:\/\/epochtimestr.com\/wp-content\/uploads\/2011y\/ET-Logo-YG.jpg","width":346,"height":29,"caption":"The EpochTimes T\u00fcrkiye"},"image":{"@id":"https:\/\/epochtimestr.com\/#\/schema\/logo\/image\/"},"sameAs":["https:\/\/www.facebook.com\/theepochtimestr","https:\/\/x.com\/TheEpochTimesTR","https:\/\/www.instagram.com\/epochtimestr"]},{"@type":"Person","@id":"https:\/\/epochtimestr.com\/#\/schema\/person\/3dc5c3adeb9f43923c5aa85889172fdd","name":"Haber Merkezi","image":{"@type":"ImageObject","inLanguage":"tr","@id":"https:\/\/epochtimestr.com\/#\/schema\/person\/image\/","url":"https:\/\/secure.gravatar.com\/avatar\/d73f772ba5a74f28601361e17c2f93e6?s=96&d=mm&r=g","contentUrl":"https:\/\/secure.gravatar.com\/avatar\/d73f772ba5a74f28601361e17c2f93e6?s=96&d=mm&r=g","caption":"Haber Merkezi"},"url":"https:\/\/epochtimestr.com\/index.php\/author\/sendag"}]}},"_links":{"self":[{"href":"https:\/\/epochtimestr.com\/index.php\/wp-json\/wp\/v2\/posts\/171468"}],"collection":[{"href":"https:\/\/epochtimestr.com\/index.php\/wp-json\/wp\/v2\/posts"}],"about":[{"href":"https:\/\/epochtimestr.com\/index.php\/wp-json\/wp\/v2\/types\/post"}],"author":[{"embeddable":true,"href":"https:\/\/epochtimestr.com\/index.php\/wp-json\/wp\/v2\/users\/12791"}],"replies":[{"embeddable":true,"href":"https:\/\/epochtimestr.com\/index.php\/wp-json\/wp\/v2\/comments?post=171468"}],"version-history":[{"count":2,"href":"https:\/\/epochtimestr.com\/index.php\/wp-json\/wp\/v2\/posts\/171468\/revisions"}],"predecessor-version":[{"id":171481,"href":"https:\/\/epochtimestr.com\/index.php\/wp-json\/wp\/v2\/posts\/171468\/revisions\/171481"}],"wp:featuredmedia":[{"embeddable":true,"href":"https:\/\/epochtimestr.com\/index.php\/wp-json\/wp\/v2\/media\/171469"}],"wp:attachment":[{"href":"https:\/\/epochtimestr.com\/index.php\/wp-json\/wp\/v2\/media?parent=171468"}],"wp:term":[{"taxonomy":"category","embeddable":true,"href":"https:\/\/epochtimestr.com\/index.php\/wp-json\/wp\/v2\/categories?post=171468"},{"taxonomy":"post_tag","embeddable":true,"href":"https:\/\/epochtimestr.com\/index.php\/wp-json\/wp\/v2\/tags?post=171468"}],"curies":[{"name":"wp","href":"https:\/\/api.w.org\/{rel}","templated":true}]}}