{"id":171472,"date":"2026-09-04T09:27:25","date_gmt":"2026-09-04T06:27:25","guid":{"rendered":"https:\/\/epochtimestr.com\/?p=171472"},"modified":"2026-09-04T09:27:27","modified_gmt":"2026-09-04T06:27:27","slug":"ozgur-ozel-manisada-uzum-ureticileriyle-bulustu","status":"publish","type":"post","link":"https:\/\/epochtimestr.com\/index.php\/ozgur-ozel-manisada-uzum-ureticileriyle-bulustu","title":{"rendered":"\u00d6zg\u00fcr \u00d6zel Manisa&#8217;da \u00dcz\u00fcm \u00dcreticileriyle Bulu\u015ftu"},"content":{"rendered":"<div class=\"wp-block-image\">\n<figure class=\"aligncenter size-large\"><img loading=\"lazy\" decoding=\"async\" width=\"2095\" height=\"1048\" src=\"https:\/\/epochtimestr.com\/wp-content\/uploads\/2011y\/ozel-27-2095x1048.jpg\" alt=\"\u00d6zg\u00fcr \u00d6zel Manisa'da \u00fcz\u00fcm \u00fcreticileriyle bulu\u015ftu. (Foto\u011fraf: YEN\u0130 Parti x hesab\u0131)\" class=\"wp-image-171473\" srcset=\"https:\/\/epochtimestr.com\/wp-content\/uploads\/2011y\/ozel-27-2095x1048.jpg 2095w, https:\/\/epochtimestr.com\/wp-content\/uploads\/2011y\/ozel-27-300x150.jpg 300w, https:\/\/epochtimestr.com\/wp-content\/uploads\/2011y\/ozel-27-150x75.jpg 150w, https:\/\/epochtimestr.com\/wp-content\/uploads\/2011y\/ozel-27-768x384.jpg 768w, https:\/\/epochtimestr.com\/wp-content\/uploads\/2011y\/ozel-27-1536x768.jpg 1536w, https:\/\/epochtimestr.com\/wp-content\/uploads\/2011y\/ozel-27-2048x1024.jpg 2048w\" sizes=\"(max-width: 2095px) 100vw, 2095px\" \/><figcaption class=\"wp-element-caption\">\u00d6zg\u00fcr \u00d6zel Manisa&#8217;da \u00fcz\u00fcm \u00fcreticileriyle bulu\u015ftu. (Foto\u011fraf: YEN\u0130 Parti x hesab\u0131)<\/figcaption><\/figure><\/div>\n\n\n<h2 class=\"wp-block-heading\">YEN\u0130 Parti Genel Ba\u015fkan\u0131 \u00d6zg\u00fcr \u00d6zel, Manisa\u2019n\u0131n Hac\u0131haliller Mahallesi\u2019nde \u00fcz\u00fcm \u00fcreticileriyle bir araya geldi.<\/h2>\n\n\n\n<p><a href=\"https:\/\/epochtimestr.com\/index.php\/ozgur-ozel-yeni-partinin-millete-verdigi-7-sozu-acikladi\" target=\"_blank\" rel=\"noreferrer noopener\">YEN\u0130 Parti<\/a> Genel Ba\u015fkan\u0131 \u00d6zg\u00fcr <a href=\"https:\/\/epochtimestr.com\/index.php\/ozel-hakkimizi-helal-etmeyiz\" target=\"_blank\" rel=\"noreferrer noopener\">\u00d6zel<\/a>, Manisa program\u0131 kapsam\u0131nda memleketi Hac\u0131haliller Mahallesi\u2019nde \u00fcz\u00fcm ba\u011flar\u0131n\u0131 ve k\u00f6y kahvesini ziyaret etti. \u00dcreticiler, artan mazot, g\u00fcbre, ila\u00e7 ve i\u015f\u00e7ilik maliyetlerine kar\u015f\u0131l\u0131k \u00fcz\u00fcm fiyatlar\u0131n\u0131n geriledi\u011fini belirterek ya\u015fad\u0131klar\u0131 sorunlar\u0131 \u00d6zel\u2019e aktard\u0131.<\/p>\n\n\n\n<p>\u00d6zel, konu\u015fmas\u0131nda \u015funlar\u0131 s\u00f6yledi:<\/p>\n\n\n\n<p><strong>&#8220;Topra\u011fa, tar\u0131ma a\u015final\u0131\u011f\u0131m\u0131z buradan<\/strong>&#8220;<\/p>\n\n\n\n<p>\u201c\u015euras\u0131 anneannem Sadriye Babacan\u2019\u0131n gelin olarak Manisa\u2019ya bu k\u00f6yden gitti\u011fi, daha sonra Vedat day\u0131m\u0131n, Vedat Babacan\u2019\u0131n, rahmetli, oturdu\u011fu, anneannem ile bizim her yaz gelip k\u00f6yde kald\u0131\u011f\u0131m\u0131z ev buras\u0131 hemen burada. Tabii Vedat day\u0131m rahmetli oldu, k\u0131zlar\u0131 bize emanettir. Hemen arka tarafta Nevzat day\u0131m\u0131n, Allah rahmet eylesin, ayn\u0131 bah\u00e7ede evi var. Lokantan\u0131n oldu\u011fu yerden ge\u00e7i\u015f var. Buran\u0131n m\u00fclkiyeti day\u0131ma aitti, sonradan sat\u0131ld\u0131 m\u0131 bilmiyorum. Bir k\u00f6y kahvesi var. Aradan Nevzat day\u0131m\u0131n evi ve Sedat day\u0131m\u0131n evi. Sedat day\u0131m nerede? Day\u0131m, ellerinden \u00f6p\u00fcyorum. <\/p>\n\n\n\n<p>Sedat day\u0131m, Vedat day\u0131m ile beraber. Ben bir g\u00fcn Vedat day\u0131mla giderdim bir g\u00fcn Sedat day\u0131mla giderdim. Sedat day\u0131m, arac\u0131n\u0131 kulland\u0131rt\u0131yordu bana. Mavi bir ara\u00e7. Burada da ara\u00e7 vard\u0131. Day\u0131m diyordu ki \u2018Bunun direksiyonu nas\u0131l?\u2019 Su gibi derdik. Su gibi ne demek, hidrolik direksiyon demek. \u00d6b\u00fcr\u00fc sert. Bunun direksiyonu su gibi derdik, hidrolik direksiyon. Ben, 10-12 ya\u015flar\u0131ndan beri, 5-6 ya\u015f\u0131ndan beri gelir, gideriz ama 16 ya\u015f\u0131ndan beri \u00fcz\u00fcm ba\u011f\u0131n\u0131n aras\u0131nda ya da pamuk tarlas\u0131nda i\u015fte ara \u00e7apa yaparak, k\u00fclf\u00fclat\u00f6r \u00e7ekerek, sulayarak, pamuk yeti\u015ftirerek, \u00fcz\u00fcm yeti\u015ftirerek ge\u00e7imini sa\u011flayan day\u0131mlar\u0131n yan\u0131nda yeti\u015ftik. Topra\u011fa, tar\u0131ma a\u015final\u0131\u011f\u0131m\u0131z buradan.<\/p>\n\n\n\n<h3 class=\"wp-block-heading\">\u201cBenim i\u00e7in \u00e7ok k\u0131ymetli bir yerdeyiz\u201d<\/h3>\n\n\n\n<p>Ge\u00e7ti\u011fimiz haftalarda bir program s\u0131ras\u0131nda, \u2018\u00c7ok \u00f6nemli bir mesaj var\u2019 dediler, \u2018Karde\u015finizin acil g\u00f6r\u00fc\u015fmesi laz\u0131mm\u0131\u015f.\u2019 Sonra yazm\u0131\u015f, oradan haber geldi ki k\u00f6yden haber var, \u2018Rize\u2019ye gitti \u00e7ayc\u0131n\u0131n derdini duyurdu, Trabzon\u2019a gitti, f\u0131nd\u0131k bah\u00e7esine girdi. Gaziantep\u2019te f\u0131st\u0131k\u00e7\u0131y\u0131 konu\u015ftu, Hayrabolu\u2019da bu\u011fday \u00fcreticisini konu\u015ftu, k\u00f6y\u00fcne gelsin de \u00fcz\u00fcmc\u00fcn\u00fcn halini T\u00fcrkiye\u2019ye duyursun\u2019 dedi. Biz de onun i\u00e7in geldik. Buras\u0131 benim siyasi hayat\u0131mda en \u00f6nemli mekanlardan bir tanesi. 2011 y\u0131l\u0131nda milletvekili adayl\u0131\u011f\u0131nda ilk konu\u015fmay\u0131 burada yapt\u0131m, b\u00f6yle bir masa. Bu yana do\u011fru. <\/p>\n\n\n\n<p>Konu\u015ftuk, herkes b\u00f6yle dolmu\u015ftu. Hatta aile sigortas\u0131n\u0131 biraz fazla uzatt\u0131m. O zaman siyasette de daha yeniyiz, heyecanl\u0131y\u0131z. Tevfik abi geldi, burada m\u0131 Tevfik abi? Hastaym\u0131\u015f biraz ama. Geldi, mikrofonu elimden ald\u0131. Dedi ki \u2018Yahu karde\u015fim bunun ailesini tan\u0131mayan var m\u0131?\u2019 \u2018Yok.\u2019 \u2018\u0130yili\u011fini g\u00f6rmeyen var m\u0131?\u2019 \u2018Yok.\u2019 \u2018Ne aile sigortas\u0131 anlatt\u0131r\u0131yorsunuz buna. Bunun sigortas\u0131 ailesi. S\u00f6yleyin \u00e7aylar\u0131\u2019 dedi. O y\u00fczden buras\u0131 \u00e7ocuklu\u011fumun ge\u00e7ti\u011fi, her bayramda geldi\u011fimiz, kurban\u0131m\u0131z\u0131 kesti\u011fimiz\u2026 Sedat day\u0131m gen\u00e7li\u011finde hep bize kurbanl\u0131\u011f\u0131m\u0131z\u0131 al\u0131r, bayram g\u00fcn\u00fc kesimine yard\u0131m eder. Benim i\u00e7in \u00e7ok k\u0131ymetli bir yerdeyiz.<\/p>\n\n\n\n<figure class=\"wp-block-embed is-type-rich is-provider-x wp-block-embed-x\"><div class=\"wp-block-embed__wrapper\">\n<blockquote class=\"twitter-tweet\" data-width=\"550\" data-dnt=\"true\"><p lang=\"tr\" dir=\"ltr\">Genel Ba\u015fkan\u0131m\u0131z \u00d6zg\u00fcr \u00d6zel, memleketi Manisa\u2019da kendi k\u00f6y\u00fc Hac\u0131haliller Mahallesi\u2019nde \u00fcz\u00fcm ba\u011f\u0131n\u0131 ziyaret ederek, \u00fcreticilerle bir araya geldi. Daha sonra k\u00f6y kahvesinde hem\u015fehrileri ile bulu\u015ftu. <a href=\"https:\/\/t.co\/atd53VvR6y\">pic.twitter.com\/atd53VvR6y<\/a><\/p>&mdash; YEN\u0130 Parti (@yenipartiyiz) <a href=\"https:\/\/x.com\/yenipartiyiz\/status\/2095533237112095204?ref_src=twsrc%5Etfw\">September 3, 2026<\/a><\/blockquote><script async src=\"https:\/\/platform.x.com\/widgets.js\" charset=\"utf-8\"><\/script>\n<\/div><\/figure>\n\n\n\n<h3 class=\"wp-block-heading\">&#8220;Pamuk eskiden beyaz alt\u0131nd\u0131.&#8221;<\/h3>\n\n\n\n<p>Ama biraz \u00f6nce sergide s\u00f6yledim. Bu k\u00f6y pamuk \u00fcretir. Pamuk eskiden beyaz alt\u0131nd\u0131. Pamuk \u00fcretimi yapan ve oradan \u00e7ok iyi gelir elde eden, her sene bir miktar daha toprak sat\u0131n alabilen, trakt\u00f6r\u00fcn\u00fc yenileyebilen, d\u00fc\u011f\u00fcn olursa \u00fc\u00e7 g\u00fcn &#8211; \u00fc\u00e7 gece k\u00f6yde d\u00fc\u011f\u00fcn yapabilen ve evinin ihtiya\u00e7lar\u0131n\u0131 en iyi \u015fekilde kar\u015f\u0131layabilen \u00e7ift\u00e7ilerin memleketiydi. Manisa\u2019da 45 bin \u00e7ift\u00e7i taraf\u0131ndan T\u00fcrkiye\u2019de \u00fcretilen \u00fcz\u00fcm\u00fcn y\u00fczde 35\u2019i \u00fcretilir. Sonra y\u00fczde 11\u2019le Mersin, y\u00fczde 10 ile Denizli geliyor. Mardin, Gaziantep b\u00f6lgesi de y\u00fczde 8 \u00fcretiyor. A\u00e7\u0131k ara \u00fcz\u00fcm\u00fc ba\u015fkenti de buras\u0131d\u0131r. <\/p>\n\n\n\n<p>\u00dcz\u00fcm \u00fcreticisi \u00fc\u00e7 y\u0131l \u00f6nce 120 liraya satt\u0131\u011f\u0131 \u00fcz\u00fcm\u00fc, ge\u00e7en y\u0131l 120 liraya satt\u0131\u011f\u0131 \u00fcz\u00fcm\u00fc, bug\u00fcn maliyeti 100 liraya gelmi\u015f olan \u00fcz\u00fcm\u00fc maalesef Toprak Mahsulleri Ofisi\u2019nin fiyat\u0131 a\u00e7\u0131klamamas\u0131 y\u00fcz\u00fcnden, Tari\u015f\u2019in fiyat belirleyecek takatinin olmamas\u0131 y\u00fcz\u00fcnden, Tari\u015f\u2019in 80 lira sekiz numara \u00fcz\u00fcme a\u00e7\u0131klad\u0131\u011f\u0131 avans fiyat y\u00fcz\u00fcnden ki g\u00f6t\u00fcrd\u00fc\u011f\u00fcn \u00fcz\u00fcm\u00fcn hemen numaras\u0131n\u0131 d\u00fc\u015f\u00fcr\u00fcyorlar. D\u00fc\u015f\u00fcyor. Y\u00fczde 10 &#8211; 15 de fire kesiyorlar. Tari\u015f, yeti\u015ftirdi\u011finin de yar\u0131s\u0131n\u0131 alabiliyor. Piyasada 60 &#8211; 70 liraya \u00fcz\u00fcm sat\u0131l\u0131yor. Bu, zarar\u0131na satmak demektir. \u00dcz\u00fcm maalesef zarar etti\u011finde \u00e7ok b\u00fcy\u00fck felaketlere yol a\u00e7abiliyor. \u00c7\u00fcnk\u00fc yeti\u015ftirirken \u00e7ok masraf\u0131 olan bir i\u015f. Biraz \u00f6nce teker teker sayd\u0131k onlar\u0131. Bu sene \u00fcz\u00fcm \u00fcreticisinin, ba\u011fc\u0131n\u0131n masraf\u0131 y\u00fczde 60 ila 90 aras\u0131nda artm\u0131\u015f. \u0130la\u00e7lardan, akaryak\u0131ttan ve t\u00fcm girdilerden. <\/p>\n\n\n\n<p>Ama \u00fcz\u00fcm\u00fcn fiyat\u0131 ge\u00e7en sene 120 lirayken, maliyeti bu sene 100 lirayken, \u015fu anda 60-70 liraya sat\u0131lmak zorunda kal\u0131yor. Ayr\u0131ca hem burada, hem Manisa\u2019n\u0131n di\u011fer il\u00e7elerinde sofral\u0131k \u00fcz\u00fcmlerde ge\u00e7en senenin yar\u0131 fiyat\u0131na, yani 40 liraya sat\u0131lan \u00fcz\u00fcm 20 liraya sat\u0131l\u0131yor. Burada bir Allah g\u00f6stermesin \u00fcz\u00fcm sergideyken ya\u011fmur ya\u011far, sele kap\u0131l\u0131p o \u00fcz\u00fcmler \u015farapl\u0131k olur. O \u00fcz\u00fcmler ge\u00e7en sene 20 lirayken \u015fimdi 10 liraya liraya sat\u0131l\u0131yor. \u0130\u015fte b\u00f6yle felaket bir durumda kar\u015f\u0131 kar\u015f\u0131yay\u0131z. <\/p>\n\n\n\n<h3 class=\"wp-block-heading\">&#8220;Bu sene bir felaket y\u0131l\u0131.&#8221;<\/h3>\n\n\n\n<p>Bir an \u00f6nce Toprak Mahsulleri Ofisi\u2019nin bir fiyat ilan etmesini, bu fiyat\u0131n ki elbette rekolteye bakacaklar. Ge\u00e7en sene 200 bin, bu sene 300 bin ton gibi hesaplan\u0131yor. Bir de i\u015fin k\u00f6t\u00fcs\u00fc ge\u00e7en seneden 60 bin ton da sat\u0131lmam\u0131\u015f, depolarda \u00fcz\u00fcm var. B\u00f6yle olunca bu sefer \u00fcreticiyi \u00e7ok ma\u011fdur eder bir tablo ortaya \u00e7\u0131kt\u0131. O ma\u011fduriyeti giderecek bir taban fiyat\u0131n a\u00e7\u0131klanmas\u0131n\u0131, Toprak Mahsulleri Ofisi\u2019nin Tari\u015f\u2019e de destek vererek, i\u015fbirli\u011fi yaparak ki ge\u00e7ti\u011fimiz y\u0131llarda yap\u0131ld\u0131, h\u0131zla \u00fcz\u00fcmleri almas\u0131n\u0131 ve \u00fcz\u00fcmc\u00fcn\u00fcn bu s\u0131k\u0131nt\u0131dan kurtulmas\u0131n\u0131 bekliyoruz.<\/p>\n\n\n\n<p>Kimse \u015f\u00f6yle d\u00fc\u015f\u00fcnmesin. Eskidenmi\u015f onlar. \u2018Kessin, kurutsun, \u00e7uvallas\u0131n, koysun sayan\u0131n alt\u0131na. Fiyat iyile\u015fince depoya koysun, fiyat\u0131 iyile\u015fince satar.\u2019 D\u00fcn okudum inanamad\u0131m Vehbi ve Bekir Ba\u015fkan\u2019\u0131n notlar\u0131ndan. T\u00fcrkiye\u2019de arazisi ipotekli olma y\u00fczdesi en y\u00fcksek \u015fehir Manisa. Manisa 81 il i\u00e7inde tar\u0131m arazileri en \u00e7ok ipotekli olan il. Bu ne demek? Bankadan kredi kullan\u0131lm\u0131\u015f. Banka her g\u00fcn faiz i\u015fletiyor. \u00dcz\u00fcm\u00fcn\u00fc satacak, hesab\u0131 kapatacak. Durdu\u011fu her g\u00fcn faiz b\u00fcy\u00fcyor, bor\u00e7 b\u00fcy\u00fcyor. Hele hele hasat zaman\u0131 ge\u00e7tikten sonra bor\u00e7 gecikmi\u015fe d\u00fc\u015f\u00fcyor. <\/p>\n\n\n\n<p>Bundan sonra kartopu gibi b\u00fcy\u00fcyor. O y\u00fczden ya \u00fcr\u00fcn\u00fcn\u00fc 60 &#8211; 65 liraya satmak ya da riske girip b\u00fcy\u00fck bir iflasla kar\u015f\u0131la\u015fmak durumunda oluyor. O y\u00fczden bu k\u00f6ylere eskiden sar\u0131 taksiler geliyordu. \u015eimdi sar\u0131 taksiyle mi geliyor icra memurlar\u0131 yoksa \u00f6zel minib\u00fcslerle mi geliyorlar bilmiyorum. Ama zaman zaman b\u00fcy\u00fck krizler olur, o zaman k\u00f6ylere icra memurlar\u0131 gelir. \u0130nsanlar\u0131n atadan, dededen kalm\u0131\u015f olan tarlalar\u0131, ba\u011flar\u0131 haczedilip yok pahas\u0131na sat\u0131l\u0131r. 20 y\u0131lda T\u00fcrkiye\u2019deki ba\u011flar\u0131n d\u00f6rtte \u00fc\u00e7\u00fc s\u00f6k\u00fclm\u00fc\u015f. T\u00fcrkiye\u2019de <a href=\"https:\/\/epochtimestr.com\/index.php\/sanatci-levent-uzumcu-hakkinda-ev-hapsi-karari\">\u00fcz\u00fcm <\/a>\u00fcretimi alan olarak y\u00fczde 25 gerilemi\u015f, miktar olarak y\u00fczde 37 gerilemi\u015f. Bu bir ihra\u00e7 \u00fcr\u00fcn\u00fc. Burada yeti\u015fen \u00e7ekirdeksiz \u00fcz\u00fcm maalesef\u2026 D\u00fcnya piyasalar\u0131nda \u2018\u0130zmir Sultanisi\u2019 diye biliniyor. Sultani \u00fcz\u00fcm\u00fcn tamam\u0131 Manisa\u2019da yeti\u015fiyor. \u0130zmir borsas\u0131ndan d\u00fcnya piyasas\u0131na i\u015flem g\u00f6rd\u00fc\u011f\u00fc i\u00e7in \u00f6yle an\u0131l\u0131yor ve T\u00fcrkiye\u2019ye \u00e7ok \u00f6nemli d\u00f6viz girdisi sa\u011fl\u0131yor. <\/p>\n\n\n\n<h3 class=\"wp-block-heading\">&#8220;Bu sene bir felaket y\u0131l\u0131.&#8221;<\/h3>\n\n\n\n<p>Sen b\u00f6yle bir d\u00f6nemde \u00fcz\u00fcm \u00fcreticisini ki buradaki b\u00fcy\u00fcklerim hat\u0131rlar\u2026 Do\u011fru Yol Partisi &#8211; SHP d\u00f6neminde Murat Karayal\u00e7\u0131n ile Tansu \u00c7iller zaman\u0131nda, b\u00f6yle bir felaket senesinde \u00fcz\u00fcm\u00fcn ba\u011f\u0131n dekar\u0131na g\u00f6re \u00e7ok g\u00fc\u00e7l\u00fc bir destekleme yaparak b\u00fcy\u00fck bir s\u0131k\u0131nt\u0131 o d\u00f6nemde Say\u0131n Karayal\u00e7\u0131n ve \u00c7iller taraf\u0131ndan \u00e7\u00f6z\u00fclm\u00fc\u015ft\u00fc. Bu sene bir felaket y\u0131l\u0131. Bu sene e\u011fer bu \u00fcreticinin s\u0131k\u0131nt\u0131s\u0131 \u00e7\u00f6z\u00fclmez, bu faizle olan krediler geri teperse bu ba\u011flar elden gider. Seneye art\u0131k o ba\u011flarda paras\u0131n\u0131 versen de \u00fcz\u00fcm alamazs\u0131n. \u00dclke de kaybeder. \u015eunu hat\u0131rlatay\u0131m. Pandemi s\u0131ras\u0131nda b\u00fct\u00fcn oteller kapal\u0131yd\u0131. Bir dertlerini dinledi\u011fimiz uzaktan eri\u015fimle herkesin i\u015fte ekran ba\u015f\u0131nda oldu\u011fu, toplant\u0131 yap\u0131lamayan maskeli d\u00f6nemde tur rehberlerinin temsilcisi \u015f\u00f6yle bir \u015fey s\u00f6yledi. <\/p>\n\n\n\n<p>\u2018Biz ar\u0131 gibi \u00e7al\u0131\u015f\u0131yoruz. Her sene bal yap\u0131yoruz. Bu \u00fclkeye bacas\u0131z sanayi olarak turizmi kazand\u0131r\u0131yoruz. Ama bu sene \u00e7i\u00e7ekler a\u00e7mad\u0131, \u00fcz\u00fcm yok. Bu sene \u00e7i\u00e7ekler a\u00e7mad\u0131, bu sene bal yok. Bizim kovanlar\u0131n yan\u0131na bir tas \u015fekerli su koymazsan\u0131z b\u00fct\u00fcn ar\u0131lar \u00f6l\u00fcr. Seneye \u00e7i\u00e7ekler a\u00e7sa da bal yok. Bizi koruman\u0131z laz\u0131m\u2019 demi\u015fti. \u015eimdi buradan, Hac\u0131halillerden, Manisa\u2019daki ve T\u00fcrkiye\u2019deki b\u00fct\u00fcn \u00fcreticileri ad\u0131na sesleniyoruz. Buradaki insanlar\u0131n sorununu \u00e7\u00f6z\u00fcn. Gelecek seneye bu \u00fcretimi yapacak insanlar\u0131n kalmamas\u0131 bu \u00fclkenin en b\u00fcy\u00fck felaketi olur. Bu bor\u00e7lar\u0131n kapat\u0131lmas\u0131 i\u00e7in \u00fcz\u00fcme ciddi ve g\u00fc\u00e7l\u00fc destekleme yap\u0131lmas\u0131 laz\u0131m. Bunu buradan T\u00fcrkiye\u2019ye ilan ediyorum. Bundan \u00fc\u00e7 sene \u00f6nce 1 kilo \u00fcz\u00fcm sat\u0131p 3 litre mazot alanlar; bug\u00fcn 1 kilo \u00fcz\u00fcm sat\u0131nca 1 litre mazot alamaz hale geldiler. Bunu g\u00f6rmek laz\u0131m.<\/p>\n\n\n<div class=\"wp-block-image\">\n<figure class=\"aligncenter size-full\"><img loading=\"lazy\" decoding=\"async\" width=\"1600\" height=\"1200\" src=\"https:\/\/epochtimestr.com\/wp-content\/uploads\/2011y\/ozgur-ozel-x-2.webp\" alt=\"\u00d6zg\u00fcr \u00d6zel, Manisa\u2019n\u0131n Hac\u0131haliller Mahallesi\u2019nde \u00fcz\u00fcm \u00fcreticileriyle bir araya geldi. (Foto\u011fraf: YEN\u0130 Parti x hesab\u0131)\" class=\"wp-image-171474\" srcset=\"https:\/\/epochtimestr.com\/wp-content\/uploads\/2011y\/ozgur-ozel-x-2.webp 1600w, https:\/\/epochtimestr.com\/wp-content\/uploads\/2011y\/ozgur-ozel-x-2-300x225.webp 300w, https:\/\/epochtimestr.com\/wp-content\/uploads\/2011y\/ozgur-ozel-x-2-150x113.webp 150w, https:\/\/epochtimestr.com\/wp-content\/uploads\/2011y\/ozgur-ozel-x-2-768x576.webp 768w, https:\/\/epochtimestr.com\/wp-content\/uploads\/2011y\/ozgur-ozel-x-2-1536x1152.webp 1536w, https:\/\/epochtimestr.com\/wp-content\/uploads\/2011y\/ozgur-ozel-x-2-86x64.webp 86w\" sizes=\"(max-width: 1600px) 100vw, 1600px\" \/><figcaption class=\"wp-element-caption\">                         \u00d6zg\u00fcr \u00d6zel, Manisa\u2019n\u0131n Hac\u0131haliller Mahallesi\u2019nde \u00fcz\u00fcm \u00fcreticileriyle bir araya geldi. (Foto\u011fraf: YEN\u0130 Parti x hesab\u0131)<\/figcaption><\/figure><\/div>\n\n\n<h3 class=\"wp-block-heading\">&#8220;Tar\u0131m\u0131 canland\u0131rmak i\u00e7in \u00e7ift\u00e7iye ikinci \u015fans kredisi verece\u011fiz.&#8221;<\/h3>\n\n\n\n<p>Bu sene yap\u0131lmayacak ama in\u015fallah seneye se\u00e7imlerden sonra bizim yapaca\u011f\u0131m\u0131z, YEN\u0130 Parti\u2019nin yapaca\u011f\u0131 bir \u015feyi kendi k\u00f6y\u00fcmden T\u00fcrkiye\u2019deki b\u00fct\u00fcn \u00e7ift\u00e7ilere ilan etmek isterim. Bug\u00fcn T\u00fcrkiye\u2019deki b\u00fct\u00fcn \u00e7ift\u00e7ilerin kredi bor\u00e7lar\u0131 var, faiz bor\u00e7lar\u0131 var. \u0130ktidar\u0131m\u0131za geldikten sonra tar\u0131m i\u00e7in, \u00e7ift\u00e7ilik yaparken, hayvanc\u0131l\u0131k yaparken, \u00fcretim yaparken kullan\u0131lm\u0131\u015f b\u00fct\u00fcn kredilerin faizlerini bir kereye mahsus silece\u011fiz, ana paray\u0131 \u00fc\u00e7 y\u0131la b\u00f6lece\u011fiz, hepinize rahat bir nefes ald\u0131raca\u011f\u0131z. Ayr\u0131ca bitmi\u015f, iflas etmi\u015f, kendini \u00e7eviremeyen \u00e7ift\u00e7iler i\u00e7in, k\u00f6yl\u00fcler i\u00e7in ya da art\u0131k imkan\u0131 kaybetmi\u015f, gitmi\u015f <a href=\"https:\/\/epochtimestr.com\/index.php\/yeni-parti-manisa-il-baskani-ilksen-ozalper-gozaltina-alindi\">Manisa<\/a>\u2019da asgari \u00fccretle i\u015fe girmi\u015f ama burada topra\u011f\u0131 olan, tar\u0131m\u0131 bilenler i\u00e7in geri d\u00f6nmek istediklerinde tulumban\u0131n suyu ka\u00e7m\u0131\u015f ya, o tulumbaya \u00f6nce bir tas su d\u00f6keceksin ki \u00e7\u0131ks\u0131n. Her birisine ikinci \u015fans kredisi verece\u011fiz, \u00e7ift\u00e7inin kabiliyetini kaybetmi\u015f, irfan\u0131n\u0131 kaybetmi\u015f, iflas etmi\u015f herkese ikinci bir \u015fans veriyoruz. Tar\u0131m\u0131 canland\u0131rmak i\u00e7in bunu mutlaka yapaca\u011f\u0131z.<\/p>\n\n\n\n<h3 class=\"wp-block-heading\">&#8220;20 Y\u0131lda \u00e7ift\u00e7iyi 20 ya\u015f ya\u015fland\u0131rd\u0131lar.&#8221;<\/h3>\n\n\n\n<p>Adalet ve Kalk\u0131nma Partisi iktidara gelmeden \u00f6nce T\u00fcrkiye\u2019de \u00e7ift\u00e7inin ya\u015f ortalamas\u0131 36-37\u2019ydi. Bug\u00fcn 57. 20 y\u0131lda \u00e7ift\u00e7iyi 20 ya\u015f ya\u015fland\u0131rd\u0131lar. Bug\u00fcn tar\u0131mla \u00e7al\u0131\u015fan gen\u00e7 \u00e7ift\u00e7i say\u0131s\u0131 yok denecek kadar az. Onlar\u0131n da \u00fc\u00e7 ki\u015fiden ikisi \u2018\u0130mkan bulursam gider sanayide \u00e7al\u0131\u015f\u0131r\u0131m\u2019 diyor. Ve bu \u00fclke, kendi kendine yetmesi gereken bu g\u00fczel \u00fclke, d\u00fcnyada tar\u0131m \u00fcr\u00fcnlerinin \u00fcretilmesiyle, kendi kendine yetmesiyle \u00f6v\u00fcnen bu \u00fclke d\u00fcnyada g\u0131da enflasyonunda be\u015finci s\u0131rada. T\u00fcrkiye\u2019den k\u00f6t\u00fc \u0130ran var, Amerika bombal\u0131yor. Ukrayna var, Rusya bombal\u0131yor. Venezuela var, ba\u015fkan\u0131n\u0131 Trump ka\u00e7\u0131rd\u0131. G\u00fcney Sudan var, i\u00e7 sava\u015fta birbirlerini bo\u011fazl\u0131yorlar. Ondan sonra T\u00fcrkiye geliyor. <\/p>\n\n\n\n<p>En y\u00fcksek g\u0131da enflasyonunda, 180-190 \u00fclke aras\u0131nda en y\u00fcksek be\u015finci enflasyon bizde. Bizden k\u00f6t\u00fc olanlar sava\u015fta olan \u00fclkeler. T\u00fcrkiye\u2019nin y\u0131ll\u0131k g\u0131da enflasyonu y\u00fczde 35. G\u00fcya biz \u00fcretece\u011fiz, Avrupa bizden alacak, Avrupa\u2019da y\u00fczde 2,4 g\u0131da enflasyonu. Biz Avrupa\u2019n\u0131n ortalamas\u0131n\u0131n 10 kat\u0131 g\u0131da enflasyonuna sahip olan bir \u00fclkeyiz. Bunun i\u00e7in \u00e7ift\u00e7ilerin bor\u00e7tan kurtar\u0131lmas\u0131, yeni desteklemelerin verilmesi, \u00fcretecekleri do\u011fru \u00fcr\u00fcne y\u00f6nlendiren, do\u011fru destekleme programlar\u0131 uygulanmas\u0131, taban fiyat\u0131n uygulanmas\u0131 ve al\u0131m garantisi verilerek devlet taraf\u0131ndan \u00fcretilen \u00fcr\u00fcn\u00fcn al\u0131m fiyat\u0131na ve miktar\u0131na garanti verilip; gerek ihracatta gerek i\u00e7 piyasada bu \u00fcr\u00fcnlerin devletin deste\u011fiyle pazarlanmas\u0131n\u0131n sa\u011flanmas\u0131 laz\u0131m. \u00d6b\u00fcr t\u00fcrl\u00fc \u2018Herkes bildi\u011fini yaps\u0131n, bir planlama yapmayal\u0131m, do\u011fru \u00fcr\u00fcne y\u00f6nlendirme yapmayal\u0131m\u2019 derseniz \u00fclke ihracat kaybediyor, \u00e7ift\u00e7i de her \u015feyini kaybediyor. Onun i\u00e7in mutlaka T\u00fcrkiye tar\u0131m\u0131n\u0131n do\u011fru bir planlamayla, do\u011fru bir desteklemeyle \u00e7ok iyi bir noktaya yeniden getirilmesi hayatidir. Bu \u00fclke i\u00e7in son derece \u00f6nemlidir.<\/p>\n\n\n\n<figure class=\"wp-block-embed is-type-rich is-provider-x wp-block-embed-x\"><div class=\"wp-block-embed__wrapper\">\n<blockquote class=\"twitter-tweet\" data-width=\"550\" data-dnt=\"true\"><p lang=\"tr\" dir=\"ltr\">Genel Ba\u015fkan\u0131m\u0131z \u00d6zg\u00fcr \u00d6zel:<br><br>\u201c\u00dc\u00e7 sene \u00f6nce 1 kilo \u00fcz\u00fcm sat\u0131p 3 litre mazot alan \u00fcretici, bug\u00fcn 1 kilo \u00fcz\u00fcm sat\u0131p 1 litre mazot alamaz halde. <br><br>\u00dcreticinin gelecek seneyi g\u00f6rebilmesi i\u00e7in ciddi ve g\u00fc\u00e7l\u00fc bir destekleme yap\u0131lmas\u0131 laz\u0131m, bunu kendi k\u00f6y\u00fcmden t\u00fcm T\u00fcrkiye\u2019ye ilan\u2026 <a href=\"https:\/\/t.co\/wvgepcC6rJ\">pic.twitter.com\/wvgepcC6rJ<\/a><\/p>&mdash; YEN\u0130 Parti (@yenipartiyiz) <a href=\"https:\/\/x.com\/yenipartiyiz\/status\/2095550747563745783?ref_src=twsrc%5Etfw\">September 3, 2026<\/a><\/blockquote><script async src=\"https:\/\/platform.x.com\/widgets.js\" charset=\"utf-8\"><\/script>\n<\/div><\/figure>\n\n\n\n<h3 class=\"wp-block-heading\">&#8220;\u0130lk konu\u015fmam\u0131 burada yapt\u0131m.&#8221;<\/h3>\n\n\n\n<p>Son s\u00f6z\u00fcm, ba\u015fta s\u00f6yledim, burada zaman\u0131nda be\u015f kahve varm\u0131\u015f \u015fimdi d\u00f6rt tane. O zaman \u015fu kahvelerin ortas\u0131nda b\u00f6yle elimde mikrofon, milletvekili aday\u0131 olarak ilk konu\u015fmam\u0131 bu k\u00f6yde yapm\u0131\u015ft\u0131m 2011 se\u00e7imlerinde. \u015eimdi nasip oldu genel ba\u015fkan olarak, \u00f6nceki geldi\u011finde bir ba\u015fka partinin genel ba\u015fkan\u0131yd\u0131m, \u015fimdi YEN\u0130 Parti\u2019nin, yeni umutlar\u0131n, T\u00fcrkiye\u2019nin yar\u0131nki iktidar\u0131n\u0131n genel ba\u015fkan\u0131 olarak buraya geldim. Kendi k\u00f6y\u00fcmden iki s\u00f6z s\u00f6yleyece\u011fim. \u00d6nce T\u00fcrkiye\u2019deki b\u00fct\u00fcn \u00e7ift\u00e7ilere. Son mevcut Cumhurba\u015fkan\u0131\u2019n\u0131n derdini s\u00f6yleyen \u00e7ift\u00e7iye ne dedi\u011fini biliyorsunuz, \u2018Al anan\u0131 da git\u2019 dedi. Sonuncusu \u00f6rnek olmaz, biz birincisini \u00f6rnek alaca\u011f\u0131z. \u0130n\u015fallah iktidar olaca\u011f\u0131z ve yine k\u00f6yl\u00fc, milletin efendisi olacak. \u0130kincisi, Hac\u0131haliller K\u00f6y\u00fc, her zaman bu k\u00f6yde birinci olan parti, T\u00fcrkiye\u2019de hep iktidar oldu do\u011fru mu? <\/p>\n\n\n\n<p>Bilhassa hele hele rahmetli Demirel, \u015eehitler Ortaokulu\u2019nun o arkas\u0131ndaki miting yapt\u0131\u011f\u0131m\u0131z yerde \u015f\u00f6yle seslenmi\u015fti rahmetli Vedat day\u0131m i\u00e7in. \u00d6nce b\u00f6yle ba\u011f\u0131rd\u0131. \u2018Hac\u0131haliller, Hamzabeyli, \u00c7obanisa burada m\u0131s\u0131n\u0131z\u2019 dedi alk\u0131\u015flad\u0131lar onlar hepsi birden. \u2018Vedat nerede\u2019 dedi, day\u0131m \u00e7\u0131kt\u0131. Day\u0131m\u0131n elini b\u00f6yle tuttu. \u2018Bu Vedat\u2019tan memnun musunuz\u2019 dedi, hepsi birden alk\u0131\u015flad\u0131lar. \u2018Hadi bakal\u0131m Vedat\u2019 dedi. Day\u0131ma o senelerce yetti. Bu k\u00f6y, kimi se\u00e7erse o partinin birinci oldu\u011fu bir k\u00f6y. Ta AK Parti\u2019ye kadar geldi, hatta 2002\u2019de de AK Parti\u2019yi birinci parti yapt\u0131 bu k\u00f6y, de\u011fil mi? Sonra k\u00f6t\u00fc tar\u0131m politikalar\u0131 insanlar\u0131 can\u0131ndan bezdirdi. K\u00f6yden milletvekili \u00e7\u0131kt\u0131, bu k\u00f6yde ak\u0131\u015f de\u011fi\u015fti ama ne oldu yine, son se\u00e7imlerde Genel Ba\u015fkan\u0131n partisi k\u00f6yde birinci parti oldu, Manisa\u2019y\u0131, \u015eehzadeler\u2019i de Manisa B\u00fcy\u00fck\u015fehir\u2019i de y\u00fczde 60 gibi bir oyla, bu k\u00f6yde birinci parti olan parti kazand\u0131, biz kazand\u0131k. <\/p>\n\n\n\n<h3 class=\"wp-block-heading\">&#8220;YEN\u0130 Parti\u2019nin iktidar\u0131nda hi\u00e7 kimse kaybetmeyecek&#8221;<\/h3>\n\n\n\n<p>\u015eimdi YEN\u0130 Parti olarak bu k\u00f6yden yap\u0131lacak ilk se\u00e7imlerde birinci parti olaca\u011f\u0131z, T\u00fcrkiye\u2019nin birinci partisi olaca\u011f\u0131z. S\u00f6z m\u00fc? Benden de s\u00f6z. Milleti korkutuyorlar, \u2018YEN\u0130 Parti iktidara gelirse, \u00d6zg\u00fcr \u00d6zel iktidara gelirse efendim eskiden AKP\u2019ye \u00fcye olanlar\u0131, 12 milyon \u00fcyesi oldu bir zamanlar, eskiden AKP\u2019ye oy verenlere d\u00fc\u015fmanl\u0131k yapacak\u2019 diye. Kendi k\u00f6y\u00fcm 2002\u2019de vermi\u015f. Ben kendi akrabalar\u0131ma d\u00fc\u015fmanl\u0131k yapabilir miyim? Buradan ilan ediyoruz. YEN\u0130 Parti\u2019nin iktidar\u0131nda hi\u00e7 kimse kaybetmeyecek, hi\u00e7 kimse \u00f6teki olmayacak, hi\u00e7 kimse d\u00fc\u015fman gibi g\u00f6r\u00fcnmeyecek. Art\u0131k kutupla\u015fma bitecek ve kucakla\u015fma gelecek. Art\u0131k herkes el ele, kol kola, birlikte \u00e7al\u0131\u015faca\u011f\u0131z, birlikte kazanaca\u011f\u0131z, birlikte kalk\u0131naca\u011f\u0131z, e\u015fit ve hak\u00e7a b\u00f6l\u00fc\u015fece\u011fiz ve bu k\u00f6ylerin, bu \u00fclkenin \u00e7ok g\u00fczel g\u00fcnleri olacak. Hepinize s\u00f6z veriyorum, b\u00fcy\u00fcklerimin ellerinden, k\u00fc\u00e7\u00fcklerimin yanaklar\u0131ndan, g\u00f6zlerinden \u00f6p\u00fcyorum. Sa\u011f olun, var olun.\u201d<\/p>\n","protected":false},"excerpt":{"rendered":"<p>YEN\u0130 Parti Genel Ba\u015fkan\u0131 \u00d6zg\u00fcr \u00d6zel, Manisa\u2019n\u0131n Hac\u0131haliller Mahallesi\u2019nde \u00fcz\u00fcm \u00fcreticileriyle bir araya geldi. YEN\u0130 Parti Genel Ba\u015fkan\u0131 \u00d6zg\u00fcr \u00d6zel, Manisa program\u0131 kapsam\u0131nda memleketi Hac\u0131haliller Mahallesi\u2019nde \u00fcz\u00fcm ba\u011flar\u0131n\u0131 ve k\u00f6y kahvesini ziyaret etti. \u00dcreticiler, artan mazot, g\u00fcbre, ila\u00e7 ve i\u015f\u00e7ilik maliyetlerine kar\u015f\u0131l\u0131k \u00fcz\u00fcm fiyatlar\u0131n\u0131n geriledi\u011fini belirterek ya\u015fad\u0131klar\u0131 sorunlar\u0131 \u00d6zel\u2019e aktard\u0131. \u00d6zel, konu\u015fmas\u0131nda \u015funlar\u0131 s\u00f6yledi: &#8220;Topra\u011fa, [&hellip;]<\/p>\n","protected":false},"author":12791,"featured_media":171473,"comment_status":"open","ping_status":"open","sticky":false,"template":"","format":"standard","meta":{"_yoast_wpseo_focuskw":"\u00d6zg\u00fcr \u00d6zel - \u00fcz\u00fcm","_yoast_wpseo_title":"","_yoast_wpseo_metadesc":"YEN\u0130 Parti Genel Ba\u015fkan\u0131 \u00d6zg\u00fcr \u00d6zel, Manisa\u2019n\u0131n Hac\u0131haliller Mahallesi\u2019nde \u00fcz\u00fcm \u00fcreticileriyle bir araya geldi.","_bbp_topic_count":0,"_bbp_reply_count":0,"_bbp_total_topic_count":0,"_bbp_total_reply_count":0,"_bbp_voice_count":0,"_bbp_anonymous_reply_count":0,"_bbp_topic_count_hidden":0,"_bbp_reply_count_hidden":0,"_bbp_forum_subforum_count":0,"footnotes":"","_yoast_wpseo_focuskw_text_input":""},"categories":[1,8138,8226],"tags":[1628,8492,1585,12631,11909],"yoast_head":"<!-- This site is optimized with the Yoast SEO plugin v23.0 - https:\/\/yoast.com\/wordpress\/plugins\/seo\/ -->\n<title>\u00d6zg\u00fcr \u00d6zel Manisa&#039;da \u00dcz\u00fcm \u00dcreticileriyle Bulu\u015ftu - The Epoch Times TR<\/title>\n<meta name=\"description\" content=\"YEN\u0130 Parti Genel Ba\u015fkan\u0131 \u00d6zg\u00fcr \u00d6zel, Manisa\u2019n\u0131n Hac\u0131haliller Mahallesi\u2019nde \u00fcz\u00fcm \u00fcreticileriyle bir araya geldi.\" \/>\n<meta name=\"robots\" content=\"index, follow, max-snippet:-1, max-image-preview:large, max-video-preview:-1\" \/>\n<link rel=\"canonical\" href=\"https:\/\/epochtimestr.com\/index.php\/ozgur-ozel-manisada-uzum-ureticileriyle-bulustu\" \/>\n<meta property=\"og:locale\" content=\"tr_TR\" \/>\n<meta property=\"og:type\" content=\"article\" \/>\n<meta property=\"og:title\" content=\"\u00d6zg\u00fcr \u00d6zel Manisa&#039;da \u00dcz\u00fcm \u00dcreticileriyle Bulu\u015ftu - The Epoch Times TR\" \/>\n<meta property=\"og:description\" content=\"YEN\u0130 Parti Genel Ba\u015fkan\u0131 \u00d6zg\u00fcr \u00d6zel, Manisa\u2019n\u0131n Hac\u0131haliller Mahallesi\u2019nde \u00fcz\u00fcm \u00fcreticileriyle bir araya geldi.\" \/>\n<meta property=\"og:url\" content=\"https:\/\/epochtimestr.com\/index.php\/ozgur-ozel-manisada-uzum-ureticileriyle-bulustu\" \/>\n<meta property=\"og:site_name\" content=\"The Epoch Times TR\" \/>\n<meta property=\"article:publisher\" content=\"https:\/\/www.facebook.com\/theepochtimestr\" \/>\n<meta property=\"article:published_time\" content=\"2026-09-04T06:27:25+00:00\" \/>\n<meta property=\"article:modified_time\" content=\"2026-09-04T06:27:27+00:00\" \/>\n<meta property=\"og:image\" content=\"https:\/\/epochtimestr.com\/wp-content\/uploads\/2011y\/ozel-27.jpg\" \/>\n\t<meta property=\"og:image:width\" content=\"2400\" \/>\n\t<meta property=\"og:image:height\" content=\"1200\" \/>\n\t<meta property=\"og:image:type\" content=\"image\/jpeg\" \/>\n<meta name=\"author\" content=\"Haber Merkezi\" \/>\n<meta name=\"twitter:card\" content=\"summary_large_image\" \/>\n<meta name=\"twitter:creator\" content=\"@TheEpochTimesTR\" \/>\n<meta name=\"twitter:site\" content=\"@TheEpochTimesTR\" \/>\n<meta name=\"twitter:label1\" content=\"Yazan:\" \/>\n\t<meta name=\"twitter:data1\" content=\"Haber Merkezi\" \/>\n\t<meta name=\"twitter:label2\" content=\"Tahmini okuma s\u00fcresi\" \/>\n\t<meta name=\"twitter:data2\" content=\"13 dakika\" \/>\n<script type=\"application\/ld+json\" class=\"yoast-schema-graph\">{\"@context\":\"https:\/\/schema.org\",\"@graph\":[{\"@type\":\"Article\",\"@id\":\"https:\/\/epochtimestr.com\/index.php\/ozgur-ozel-manisada-uzum-ureticileriyle-bulustu#article\",\"isPartOf\":{\"@id\":\"https:\/\/epochtimestr.com\/index.php\/ozgur-ozel-manisada-uzum-ureticileriyle-bulustu\"},\"author\":{\"name\":\"Haber Merkezi\",\"@id\":\"https:\/\/epochtimestr.com\/#\/schema\/person\/3dc5c3adeb9f43923c5aa85889172fdd\"},\"headline\":\"\u00d6zg\u00fcr \u00d6zel Manisa&#8217;da \u00dcz\u00fcm \u00dcreticileriyle Bulu\u015ftu\",\"datePublished\":\"2026-09-04T06:27:25+00:00\",\"dateModified\":\"2026-09-04T06:27:27+00:00\",\"mainEntityOfPage\":{\"@id\":\"https:\/\/epochtimestr.com\/index.php\/ozgur-ozel-manisada-uzum-ureticileriyle-bulustu\"},\"wordCount\":2803,\"commentCount\":0,\"publisher\":{\"@id\":\"https:\/\/epochtimestr.com\/#organization\"},\"image\":{\"@id\":\"https:\/\/epochtimestr.com\/index.php\/ozgur-ozel-manisada-uzum-ureticileriyle-bulustu#primaryimage\"},\"thumbnailUrl\":\"https:\/\/epochtimestr.com\/wp-content\/uploads\/2011y\/ozel-27.jpg\",\"keywords\":[\"manisa\",\"\u00d6zg\u00fcr \u00d6zel\",\"tar\u0131m\",\"\u00dcz\u00fcm\",\"YEN\u0130 Parti\"],\"articleSection\":[\"G\u00dcNDEM\",\"MAN\u015eET\",\"Siyaset\"],\"inLanguage\":\"tr\",\"potentialAction\":[{\"@type\":\"CommentAction\",\"name\":\"Comment\",\"target\":[\"https:\/\/epochtimestr.com\/index.php\/ozgur-ozel-manisada-uzum-ureticileriyle-bulustu#respond\"]}]},{\"@type\":\"WebPage\",\"@id\":\"https:\/\/epochtimestr.com\/index.php\/ozgur-ozel-manisada-uzum-ureticileriyle-bulustu\",\"url\":\"https:\/\/epochtimestr.com\/index.php\/ozgur-ozel-manisada-uzum-ureticileriyle-bulustu\",\"name\":\"\u00d6zg\u00fcr \u00d6zel Manisa'da \u00dcz\u00fcm \u00dcreticileriyle Bulu\u015ftu - The Epoch Times TR\",\"isPartOf\":{\"@id\":\"https:\/\/epochtimestr.com\/#website\"},\"primaryImageOfPage\":{\"@id\":\"https:\/\/epochtimestr.com\/index.php\/ozgur-ozel-manisada-uzum-ureticileriyle-bulustu#primaryimage\"},\"image\":{\"@id\":\"https:\/\/epochtimestr.com\/index.php\/ozgur-ozel-manisada-uzum-ureticileriyle-bulustu#primaryimage\"},\"thumbnailUrl\":\"https:\/\/epochtimestr.com\/wp-content\/uploads\/2011y\/ozel-27.jpg\",\"datePublished\":\"2026-09-04T06:27:25+00:00\",\"dateModified\":\"2026-09-04T06:27:27+00:00\",\"description\":\"YEN\u0130 Parti Genel Ba\u015fkan\u0131 \u00d6zg\u00fcr \u00d6zel, Manisa\u2019n\u0131n Hac\u0131haliller Mahallesi\u2019nde \u00fcz\u00fcm \u00fcreticileriyle bir araya geldi.\",\"inLanguage\":\"tr\",\"potentialAction\":[{\"@type\":\"ReadAction\",\"target\":[\"https:\/\/epochtimestr.com\/index.php\/ozgur-ozel-manisada-uzum-ureticileriyle-bulustu\"]}]},{\"@type\":\"ImageObject\",\"inLanguage\":\"tr\",\"@id\":\"https:\/\/epochtimestr.com\/index.php\/ozgur-ozel-manisada-uzum-ureticileriyle-bulustu#primaryimage\",\"url\":\"https:\/\/epochtimestr.com\/wp-content\/uploads\/2011y\/ozel-27.jpg\",\"contentUrl\":\"https:\/\/epochtimestr.com\/wp-content\/uploads\/2011y\/ozel-27.jpg\",\"width\":2400,\"height\":1200},{\"@type\":\"WebSite\",\"@id\":\"https:\/\/epochtimestr.com\/#website\",\"url\":\"https:\/\/epochtimestr.com\/\",\"name\":\"The Epoch Times TR\",\"description\":\"De\u011fi\u015fen D\u00fcnyam\u0131za Taze Bir Bak\u0131\u015f\",\"publisher\":{\"@id\":\"https:\/\/epochtimestr.com\/#organization\"},\"potentialAction\":[{\"@type\":\"SearchAction\",\"target\":{\"@type\":\"EntryPoint\",\"urlTemplate\":\"https:\/\/epochtimestr.com\/?s={search_term_string}\"},\"query-input\":\"required name=search_term_string\"}],\"inLanguage\":\"tr\"},{\"@type\":\"Organization\",\"@id\":\"https:\/\/epochtimestr.com\/#organization\",\"name\":\"The EpochTimes T\u00fcrkiye\",\"url\":\"https:\/\/epochtimestr.com\/\",\"logo\":{\"@type\":\"ImageObject\",\"inLanguage\":\"tr\",\"@id\":\"https:\/\/epochtimestr.com\/#\/schema\/logo\/image\/\",\"url\":\"https:\/\/epochtimestr.com\/wp-content\/uploads\/2011y\/ET-Logo-YG.jpg\",\"contentUrl\":\"https:\/\/epochtimestr.com\/wp-content\/uploads\/2011y\/ET-Logo-YG.jpg\",\"width\":346,\"height\":29,\"caption\":\"The EpochTimes T\u00fcrkiye\"},\"image\":{\"@id\":\"https:\/\/epochtimestr.com\/#\/schema\/logo\/image\/\"},\"sameAs\":[\"https:\/\/www.facebook.com\/theepochtimestr\",\"https:\/\/x.com\/TheEpochTimesTR\",\"https:\/\/www.instagram.com\/epochtimestr\"]},{\"@type\":\"Person\",\"@id\":\"https:\/\/epochtimestr.com\/#\/schema\/person\/3dc5c3adeb9f43923c5aa85889172fdd\",\"name\":\"Haber Merkezi\",\"image\":{\"@type\":\"ImageObject\",\"inLanguage\":\"tr\",\"@id\":\"https:\/\/epochtimestr.com\/#\/schema\/person\/image\/\",\"url\":\"https:\/\/secure.gravatar.com\/avatar\/d73f772ba5a74f28601361e17c2f93e6?s=96&d=mm&r=g\",\"contentUrl\":\"https:\/\/secure.gravatar.com\/avatar\/d73f772ba5a74f28601361e17c2f93e6?s=96&d=mm&r=g\",\"caption\":\"Haber Merkezi\"},\"url\":\"https:\/\/epochtimestr.com\/index.php\/author\/sendag\"}]}<\/script>\n<!-- \/ Yoast SEO plugin. -->","yoast_head_json":{"title":"\u00d6zg\u00fcr \u00d6zel Manisa'da \u00dcz\u00fcm \u00dcreticileriyle Bulu\u015ftu - The Epoch Times TR","description":"YEN\u0130 Parti Genel Ba\u015fkan\u0131 \u00d6zg\u00fcr \u00d6zel, Manisa\u2019n\u0131n Hac\u0131haliller Mahallesi\u2019nde \u00fcz\u00fcm \u00fcreticileriyle bir araya geldi.","robots":{"index":"index","follow":"follow","max-snippet":"max-snippet:-1","max-image-preview":"max-image-preview:large","max-video-preview":"max-video-preview:-1"},"canonical":"https:\/\/epochtimestr.com\/index.php\/ozgur-ozel-manisada-uzum-ureticileriyle-bulustu","og_locale":"tr_TR","og_type":"article","og_title":"\u00d6zg\u00fcr \u00d6zel Manisa'da \u00dcz\u00fcm \u00dcreticileriyle Bulu\u015ftu - The Epoch Times TR","og_description":"YEN\u0130 Parti Genel Ba\u015fkan\u0131 \u00d6zg\u00fcr \u00d6zel, Manisa\u2019n\u0131n Hac\u0131haliller Mahallesi\u2019nde \u00fcz\u00fcm \u00fcreticileriyle bir araya geldi.","og_url":"https:\/\/epochtimestr.com\/index.php\/ozgur-ozel-manisada-uzum-ureticileriyle-bulustu","og_site_name":"The Epoch Times TR","article_publisher":"https:\/\/www.facebook.com\/theepochtimestr","article_published_time":"2026-09-04T06:27:25+00:00","article_modified_time":"2026-09-04T06:27:27+00:00","og_image":[{"width":2400,"height":1200,"url":"https:\/\/epochtimestr.com\/wp-content\/uploads\/2011y\/ozel-27.jpg","type":"image\/jpeg"}],"author":"Haber Merkezi","twitter_card":"summary_large_image","twitter_creator":"@TheEpochTimesTR","twitter_site":"@TheEpochTimesTR","twitter_misc":{"Yazan:":"Haber Merkezi","Tahmini okuma s\u00fcresi":"13 dakika"},"schema":{"@context":"https:\/\/schema.org","@graph":[{"@type":"Article","@id":"https:\/\/epochtimestr.com\/index.php\/ozgur-ozel-manisada-uzum-ureticileriyle-bulustu#article","isPartOf":{"@id":"https:\/\/epochtimestr.com\/index.php\/ozgur-ozel-manisada-uzum-ureticileriyle-bulustu"},"author":{"name":"Haber Merkezi","@id":"https:\/\/epochtimestr.com\/#\/schema\/person\/3dc5c3adeb9f43923c5aa85889172fdd"},"headline":"\u00d6zg\u00fcr \u00d6zel Manisa&#8217;da \u00dcz\u00fcm \u00dcreticileriyle Bulu\u015ftu","datePublished":"2026-09-04T06:27:25+00:00","dateModified":"2026-09-04T06:27:27+00:00","mainEntityOfPage":{"@id":"https:\/\/epochtimestr.com\/index.php\/ozgur-ozel-manisada-uzum-ureticileriyle-bulustu"},"wordCount":2803,"commentCount":0,"publisher":{"@id":"https:\/\/epochtimestr.com\/#organization"},"image":{"@id":"https:\/\/epochtimestr.com\/index.php\/ozgur-ozel-manisada-uzum-ureticileriyle-bulustu#primaryimage"},"thumbnailUrl":"https:\/\/epochtimestr.com\/wp-content\/uploads\/2011y\/ozel-27.jpg","keywords":["manisa","\u00d6zg\u00fcr \u00d6zel","tar\u0131m","\u00dcz\u00fcm","YEN\u0130 Parti"],"articleSection":["G\u00dcNDEM","MAN\u015eET","Siyaset"],"inLanguage":"tr","potentialAction":[{"@type":"CommentAction","name":"Comment","target":["https:\/\/epochtimestr.com\/index.php\/ozgur-ozel-manisada-uzum-ureticileriyle-bulustu#respond"]}]},{"@type":"WebPage","@id":"https:\/\/epochtimestr.com\/index.php\/ozgur-ozel-manisada-uzum-ureticileriyle-bulustu","url":"https:\/\/epochtimestr.com\/index.php\/ozgur-ozel-manisada-uzum-ureticileriyle-bulustu","name":"\u00d6zg\u00fcr \u00d6zel Manisa'da \u00dcz\u00fcm \u00dcreticileriyle Bulu\u015ftu - The Epoch Times TR","isPartOf":{"@id":"https:\/\/epochtimestr.com\/#website"},"primaryImageOfPage":{"@id":"https:\/\/epochtimestr.com\/index.php\/ozgur-ozel-manisada-uzum-ureticileriyle-bulustu#primaryimage"},"image":{"@id":"https:\/\/epochtimestr.com\/index.php\/ozgur-ozel-manisada-uzum-ureticileriyle-bulustu#primaryimage"},"thumbnailUrl":"https:\/\/epochtimestr.com\/wp-content\/uploads\/2011y\/ozel-27.jpg","datePublished":"2026-09-04T06:27:25+00:00","dateModified":"2026-09-04T06:27:27+00:00","description":"YEN\u0130 Parti Genel Ba\u015fkan\u0131 \u00d6zg\u00fcr \u00d6zel, Manisa\u2019n\u0131n Hac\u0131haliller Mahallesi\u2019nde \u00fcz\u00fcm \u00fcreticileriyle bir araya geldi.","inLanguage":"tr","potentialAction":[{"@type":"ReadAction","target":["https:\/\/epochtimestr.com\/index.php\/ozgur-ozel-manisada-uzum-ureticileriyle-bulustu"]}]},{"@type":"ImageObject","inLanguage":"tr","@id":"https:\/\/epochtimestr.com\/index.php\/ozgur-ozel-manisada-uzum-ureticileriyle-bulustu#primaryimage","url":"https:\/\/epochtimestr.com\/wp-content\/uploads\/2011y\/ozel-27.jpg","contentUrl":"https:\/\/epochtimestr.com\/wp-content\/uploads\/2011y\/ozel-27.jpg","width":2400,"height":1200},{"@type":"WebSite","@id":"https:\/\/epochtimestr.com\/#website","url":"https:\/\/epochtimestr.com\/","name":"The Epoch Times TR","description":"De\u011fi\u015fen D\u00fcnyam\u0131za Taze Bir Bak\u0131\u015f","publisher":{"@id":"https:\/\/epochtimestr.com\/#organization"},"potentialAction":[{"@type":"SearchAction","target":{"@type":"EntryPoint","urlTemplate":"https:\/\/epochtimestr.com\/?s={search_term_string}"},"query-input":"required name=search_term_string"}],"inLanguage":"tr"},{"@type":"Organization","@id":"https:\/\/epochtimestr.com\/#organization","name":"The EpochTimes T\u00fcrkiye","url":"https:\/\/epochtimestr.com\/","logo":{"@type":"ImageObject","inLanguage":"tr","@id":"https:\/\/epochtimestr.com\/#\/schema\/logo\/image\/","url":"https:\/\/epochtimestr.com\/wp-content\/uploads\/2011y\/ET-Logo-YG.jpg","contentUrl":"https:\/\/epochtimestr.com\/wp-content\/uploads\/2011y\/ET-Logo-YG.jpg","width":346,"height":29,"caption":"The EpochTimes T\u00fcrkiye"},"image":{"@id":"https:\/\/epochtimestr.com\/#\/schema\/logo\/image\/"},"sameAs":["https:\/\/www.facebook.com\/theepochtimestr","https:\/\/x.com\/TheEpochTimesTR","https:\/\/www.instagram.com\/epochtimestr"]},{"@type":"Person","@id":"https:\/\/epochtimestr.com\/#\/schema\/person\/3dc5c3adeb9f43923c5aa85889172fdd","name":"Haber Merkezi","image":{"@type":"ImageObject","inLanguage":"tr","@id":"https:\/\/epochtimestr.com\/#\/schema\/person\/image\/","url":"https:\/\/secure.gravatar.com\/avatar\/d73f772ba5a74f28601361e17c2f93e6?s=96&d=mm&r=g","contentUrl":"https:\/\/secure.gravatar.com\/avatar\/d73f772ba5a74f28601361e17c2f93e6?s=96&d=mm&r=g","caption":"Haber Merkezi"},"url":"https:\/\/epochtimestr.com\/index.php\/author\/sendag"}]}},"_links":{"self":[{"href":"https:\/\/epochtimestr.com\/index.php\/wp-json\/wp\/v2\/posts\/171472"}],"collection":[{"href":"https:\/\/epochtimestr.com\/index.php\/wp-json\/wp\/v2\/posts"}],"about":[{"href":"https:\/\/epochtimestr.com\/index.php\/wp-json\/wp\/v2\/types\/post"}],"author":[{"embeddable":true,"href":"https:\/\/epochtimestr.com\/index.php\/wp-json\/wp\/v2\/users\/12791"}],"replies":[{"embeddable":true,"href":"https:\/\/epochtimestr.com\/index.php\/wp-json\/wp\/v2\/comments?post=171472"}],"version-history":[{"count":2,"href":"https:\/\/epochtimestr.com\/index.php\/wp-json\/wp\/v2\/posts\/171472\/revisions"}],"predecessor-version":[{"id":171483,"href":"https:\/\/epochtimestr.com\/index.php\/wp-json\/wp\/v2\/posts\/171472\/revisions\/171483"}],"wp:featuredmedia":[{"embeddable":true,"href":"https:\/\/epochtimestr.com\/index.php\/wp-json\/wp\/v2\/media\/171473"}],"wp:attachment":[{"href":"https:\/\/epochtimestr.com\/index.php\/wp-json\/wp\/v2\/media?parent=171472"}],"wp:term":[{"taxonomy":"category","embeddable":true,"href":"https:\/\/epochtimestr.com\/index.php\/wp-json\/wp\/v2\/categories?post=171472"},{"taxonomy":"post_tag","embeddable":true,"href":"https:\/\/epochtimestr.com\/index.php\/wp-json\/wp\/v2\/tags?post=171472"}],"curies":[{"name":"wp","href":"https:\/\/api.w.org\/{rel}","templated":true}]}}