{"id":171487,"date":"2026-09-04T14:49:02","date_gmt":"2026-09-04T11:49:02","guid":{"rendered":"https:\/\/epochtimestr.com\/?p=171487"},"modified":"2026-09-04T14:49:04","modified_gmt":"2026-09-04T11:49:04","slug":"trump-iran-savasinda-muhimmat-krizi-oldugunu-reddetti","status":"publish","type":"post","link":"https:\/\/epochtimestr.com\/index.php\/trump-iran-savasinda-muhimmat-krizi-oldugunu-reddetti","title":{"rendered":"Trump \u0130ran Sava\u015f\u0131nda M\u00fchimmat Krizi Oldu\u011funu Reddetti"},"content":{"rendered":"<div class=\"wp-block-image\">\n<figure class=\"aligncenter size-full\"><img loading=\"lazy\" decoding=\"async\" width=\"1200\" height=\"800\" src=\"https:\/\/epochtimestr.com\/wp-content\/uploads\/2011y\/1000055068.webp\" alt=\"Trump, ABD'nin \u0130ran sava\u015f\u0131 nedeniyle m\u00fchimmat stoklar\u0131n\u0131n azald\u0131\u011f\u0131 iddialar\u0131n\u0131 reddetti. Pentagon ise \u00fcretimin h\u0131zland\u0131r\u0131lmas\u0131n\u0131 istiyor. Trump, 31 Temmuz 2026'da Maryland'deki Camp David'de d\u00fczenlenen Kabine toplant\u0131s\u0131nda konu\u015fuyor. (Foto\u011fraf: Aaron Schwartz\/AFP \u2013 Getty Images, The Epoch Times arac\u0131l\u0131\u011f\u0131yla)\" class=\"wp-image-171488\" srcset=\"https:\/\/epochtimestr.com\/wp-content\/uploads\/2011y\/1000055068.webp 1200w, https:\/\/epochtimestr.com\/wp-content\/uploads\/2011y\/1000055068-300x200.webp 300w, https:\/\/epochtimestr.com\/wp-content\/uploads\/2011y\/1000055068-150x100.webp 150w, https:\/\/epochtimestr.com\/wp-content\/uploads\/2011y\/1000055068-768x512.webp 768w\" sizes=\"(max-width: 1200px) 100vw, 1200px\" \/><figcaption class=\"wp-element-caption\">Trump, ABD&#8217;nin \u0130ran sava\u015f\u0131 nedeniyle m\u00fchimmat stoklar\u0131n\u0131n azald\u0131\u011f\u0131 iddialar\u0131n\u0131 reddetti. Pentagon ise \u00fcretimin h\u0131zland\u0131r\u0131lmas\u0131n\u0131 istiyor. Trump, 31 Temmuz 2026&#8217;da Maryland&#8217;deki Camp David&#8217;de d\u00fczenlenen kabine toplant\u0131s\u0131nda konu\u015furken. (Foto\u011fraf: Aaron Schwartz, AFP \u2013 Getty Images, The Epoch Times arac\u0131l\u0131\u011f\u0131yla)<\/figcaption><\/figure><\/div>\n\n\n<p>ABD Ba\u015fkan\u0131 Donald Trump, \u0130ran sava\u015f\u0131 nedeniyle m\u00fchimmat stoklar\u0131n\u0131n azald\u0131\u011f\u0131 iddialar\u0131n\u0131 reddederek ordusunun yeterli m\u00fchimmata sahip oldu\u011funu s\u00f6yledi. ABD Ba\u015fkan\u0131, <a href=\"https:\/\/www.theepochtimes.com\/us\/trump-denies-iran-munitions-shortage-crisis-claims-6083072\" target=\"_blank\" rel=\"noreferrer noopener\">3 Eyl\u00fcl&#8217;de<\/a> Truth Social \u00fczerinden yapt\u0131\u011f\u0131 a\u00e7\u0131klamada, ABD&#8217;nin orta ve y\u00fcksek s\u0131n\u0131f m\u00fchimmat konusunda geni\u015f stoklara sahip oldu\u011funu belirtti. Ayr\u0131ca mevcut stoklar\u0131n sava\u015f i\u00e7in fazlas\u0131yla yeterli oldu\u011funu iddia etti.<\/p>\n\n\n\n<p>ABD&#8217;nin \u0130ran ile \u015eubat ay\u0131nda ba\u015flayan sava\u015f s\u00fcrecinde m\u00fchimmat stoklar\u0131n\u0131n azald\u0131\u011f\u0131na ili\u015fkin haberler g\u00fcndeme geldi. Bu haberlerde baz\u0131 iddialar, ismi a\u00e7\u0131klanmayan kaynaklara dayand\u0131r\u0131ld\u0131. <\/p>\n\n\n\n<p>Trump, ABD&#8217;nin m\u00fchimmat \u00fcretimini daha \u00f6nce g\u00f6r\u00fclmemi\u015f seviyelere \u00e7\u0131kard\u0131\u011f\u0131n\u0131 s\u00f6yledi. Bununla birlikte baz\u0131 medya kurulu\u015flar\u0131n\u0131 ordu hakk\u0131nda yanl\u0131\u015f haber yapmakla su\u00e7layarak, bu yay\u0131nlar\u0131 sert ifadelerle ele\u015ftirdi. Trump, stoklanan m\u00fchimmat\u0131n \u00f6ncelikle ABD ordusu i\u00e7in ayr\u0131ld\u0131\u011f\u0131n\u0131, \u00f6te yandan m\u00fcttefik \u00fclkelere sat\u0131\u015flar\u0131n yak\u0131nda yeniden ba\u015flayaca\u011f\u0131n\u0131 belirtti.<\/p>\n\n\n\n<p>Trump, ayr\u0131ca Avrupa&#8217;dan ge\u00e7mi\u015f askeri yard\u0131mlar i\u00e7in \u00f6deme talep edeceklerini s\u00f6yledi. Ba\u015fkan, Biden y\u00f6netiminin Ukrayna&#8217;ya b\u00fcy\u00fck miktarda m\u00fchimmat sa\u011flad\u0131\u011f\u0131n\u0131 ifade etti. Trump, bu yard\u0131mlar\u0131n Avrupa taraf\u0131ndan kar\u015f\u0131lanmas\u0131 gerekti\u011fini savundu.<\/p>\n\n\n\n<p>Pentagon, A\u011fustos ay\u0131nda savunma \u015firketlerinden \u00fcretim planlar\u0131n\u0131 bildirmelerini istedi. Savunma Bakan Yard\u0131mc\u0131s\u0131 Steve Feinberg, talebi <a href=\"https:\/\/epochtimestr.com\/index.php\/abd-baskani-trumpdan-iran-icin-yeni-mesaj\" target=\"_blank\" rel=\"noreferrer noopener\">5 A\u011fustos<\/a> tarihli yaz\u0131yla iletti. \u015eirketlerin planlar\u0131n\u0131 sunmak i\u00e7in 21 g\u00fcn s\u00fcreleri olacak. Feinberg, kritik sistemlerde teslimatlar\u0131n h\u0131zland\u0131r\u0131lmas\u0131n\u0131 istedi. Ayr\u0131ca savunma sanayisinin \u00fcretim kapasitesini art\u0131rmas\u0131 gerekti\u011fini belirtti.<\/p>\n\n\n\n<p>Stratejik ve Uluslararas\u0131 \u00c7al\u0131\u015fmalar Merkezi, y\u0131l ba\u015f\u0131nda bir analiz yay\u0131mlad\u0131. Analiz, ABD&#8217;nin farkl\u0131 senaryolarda \u0130ran sava\u015f\u0131n\u0131 s\u00fcrd\u00fcrebilece\u011fini ortaya koydu. Ancak merkez, s\u00fcrekli kullan\u0131m\u0131n gelecekte m\u00fchimmat a\u00e7\u0131\u011f\u0131 olu\u015fturabilece\u011fini bildirdi.<\/p>\n\n\n\n<p>ABD, bu hafta \u0130ran&#8217;a y\u00f6nelik yeni sald\u0131r\u0131lar d\u00fczenledi. Sald\u0131r\u0131larda hava savunmalar\u0131, radarlar, may\u0131n d\u00f6\u015feme kapasitesi ve ileti\u015fim tesisleri ve deniz unsurlar\u0131 hedef al\u0131nd\u0131. \u0130ran ise ABD&#8217;nin b\u00f6lgedeki varl\u0131klar\u0131na y\u00f6nelik sald\u0131r\u0131lar ger\u00e7ekle\u015ftirdi. \u0130ran, Bahreyn, \u00dcrd\u00fcn, Kuveyt ve Irak&#8217;taki ABD unsurlar\u0131n\u0131 hedef ald\u0131\u011f\u0131n\u0131 a\u00e7\u0131klad\u0131.<\/p>\n","protected":false},"excerpt":{"rendered":"<p>ABD Ba\u015fkan\u0131 Donald Trump, \u0130ran sava\u015f\u0131 nedeniyle m\u00fchimmat stoklar\u0131n\u0131n azald\u0131\u011f\u0131 iddialar\u0131n\u0131 reddederek ordusunun yeterli m\u00fchimmata sahip oldu\u011funu s\u00f6yledi. ABD Ba\u015fkan\u0131, 3 Eyl\u00fcl&#8217;de Truth Social \u00fczerinden yapt\u0131\u011f\u0131 a\u00e7\u0131klamada, ABD&#8217;nin orta ve y\u00fcksek s\u0131n\u0131f m\u00fchimmat konusunda geni\u015f stoklara sahip oldu\u011funu belirtti. Ayr\u0131ca mevcut stoklar\u0131n sava\u015f i\u00e7in fazlas\u0131yla yeterli oldu\u011funu iddia etti. ABD&#8217;nin \u0130ran ile \u015eubat ay\u0131nda ba\u015flayan [&hellip;]<\/p>\n","protected":false},"author":13996,"featured_media":171488,"comment_status":"open","ping_status":"open","sticky":false,"template":"","format":"standard","meta":{"_yoast_wpseo_focuskw":"Trump - \u0130ran","_yoast_wpseo_title":"","_yoast_wpseo_metadesc":"Trump, ABD'nin \u0130ran sava\u015f\u0131 nedeniyle m\u00fchimmat stoklar\u0131n\u0131n azald\u0131\u011f\u0131 iddialar\u0131n\u0131 reddetti. Pentagon ise \u00fcretimin h\u0131zland\u0131r\u0131lmas\u0131n\u0131 istiyor.","_bbp_topic_count":0,"_bbp_reply_count":0,"_bbp_total_topic_count":0,"_bbp_total_reply_count":0,"_bbp_voice_count":0,"_bbp_anonymous_reply_count":0,"_bbp_topic_count_hidden":0,"_bbp_reply_count_hidden":0,"_bbp_forum_subforum_count":0,"footnotes":"","_yoast_wpseo_focuskw_text_input":""},"categories":[5,1,8138],"tags":[12602,11118,12614,6129,9022,10522,10523],"yoast_head":"<!-- This site is optimized with the Yoast SEO plugin v23.0 - https:\/\/yoast.com\/wordpress\/plugins\/seo\/ -->\n<title>Trump \u0130ran Sava\u015f\u0131nda M\u00fchimmat Krizi Oldu\u011funu Reddetti - The Epoch Times TR<\/title>\n<meta name=\"description\" content=\"Trump, ABD&#039;nin \u0130ran sava\u015f\u0131 nedeniyle m\u00fchimmat stoklar\u0131n\u0131n azald\u0131\u011f\u0131 iddialar\u0131n\u0131 reddetti. Pentagon ise \u00fcretimin h\u0131zland\u0131r\u0131lmas\u0131n\u0131 istiyor.\" \/>\n<meta name=\"robots\" content=\"index, follow, max-snippet:-1, max-image-preview:large, max-video-preview:-1\" \/>\n<link rel=\"canonical\" href=\"https:\/\/epochtimestr.com\/index.php\/trump-iran-savasinda-muhimmat-krizi-oldugunu-reddetti\" \/>\n<meta property=\"og:locale\" content=\"tr_TR\" \/>\n<meta property=\"og:type\" content=\"article\" \/>\n<meta property=\"og:title\" content=\"Trump \u0130ran Sava\u015f\u0131nda M\u00fchimmat Krizi Oldu\u011funu Reddetti - The Epoch Times TR\" \/>\n<meta property=\"og:description\" content=\"Trump, ABD&#039;nin \u0130ran sava\u015f\u0131 nedeniyle m\u00fchimmat stoklar\u0131n\u0131n azald\u0131\u011f\u0131 iddialar\u0131n\u0131 reddetti. Pentagon ise \u00fcretimin h\u0131zland\u0131r\u0131lmas\u0131n\u0131 istiyor.\" \/>\n<meta property=\"og:url\" content=\"https:\/\/epochtimestr.com\/index.php\/trump-iran-savasinda-muhimmat-krizi-oldugunu-reddetti\" \/>\n<meta property=\"og:site_name\" content=\"The Epoch Times TR\" \/>\n<meta property=\"article:publisher\" content=\"https:\/\/www.facebook.com\/theepochtimestr\" \/>\n<meta property=\"article:published_time\" content=\"2026-09-04T11:49:02+00:00\" \/>\n<meta property=\"article:modified_time\" content=\"2026-09-04T11:49:04+00:00\" \/>\n<meta property=\"og:image\" content=\"https:\/\/epochtimestr.com\/wp-content\/uploads\/2011y\/1000055068.webp\" \/>\n\t<meta property=\"og:image:width\" content=\"1200\" \/>\n\t<meta property=\"og:image:height\" content=\"800\" \/>\n\t<meta property=\"og:image:type\" content=\"image\/webp\" \/>\n<meta name=\"author\" content=\"Leo Bajelan\" \/>\n<meta name=\"twitter:card\" content=\"summary_large_image\" \/>\n<meta name=\"twitter:creator\" content=\"@TheEpochTimesTR\" \/>\n<meta name=\"twitter:site\" content=\"@TheEpochTimesTR\" \/>\n<meta name=\"twitter:label1\" content=\"Yazan:\" \/>\n\t<meta name=\"twitter:data1\" content=\"Leo Bajelan\" \/>\n\t<meta name=\"twitter:label2\" content=\"Tahmini okuma s\u00fcresi\" \/>\n\t<meta name=\"twitter:data2\" content=\"3 dakika\" \/>\n<script type=\"application\/ld+json\" class=\"yoast-schema-graph\">{\"@context\":\"https:\/\/schema.org\",\"@graph\":[{\"@type\":\"Article\",\"@id\":\"https:\/\/epochtimestr.com\/index.php\/trump-iran-savasinda-muhimmat-krizi-oldugunu-reddetti#article\",\"isPartOf\":{\"@id\":\"https:\/\/epochtimestr.com\/index.php\/trump-iran-savasinda-muhimmat-krizi-oldugunu-reddetti\"},\"author\":{\"name\":\"Leo Bajelan\",\"@id\":\"https:\/\/epochtimestr.com\/#\/schema\/person\/5fef218711d76d8f232b0e1f1d7e4c0d\"},\"headline\":\"Trump \u0130ran Sava\u015f\u0131nda M\u00fchimmat Krizi Oldu\u011funu Reddetti\",\"datePublished\":\"2026-09-04T11:49:02+00:00\",\"dateModified\":\"2026-09-04T11:49:04+00:00\",\"mainEntityOfPage\":{\"@id\":\"https:\/\/epochtimestr.com\/index.php\/trump-iran-savasinda-muhimmat-krizi-oldugunu-reddetti\"},\"wordCount\":440,\"commentCount\":0,\"publisher\":{\"@id\":\"https:\/\/epochtimestr.com\/#organization\"},\"image\":{\"@id\":\"https:\/\/epochtimestr.com\/index.php\/trump-iran-savasinda-muhimmat-krizi-oldugunu-reddetti#primaryimage\"},\"thumbnailUrl\":\"https:\/\/epochtimestr.com\/wp-content\/uploads\/2011y\/1000055068.webp\",\"keywords\":[\"AB komisyonu\",\"ABD \u0130ran m\u00fczakereleri\",\"Alman ordusu\",\"balistik f\u00fcze\",\"Gemi sald\u0131r\u0131\",\"H\u00fcrm\u00fcz bo\u011faz\u0131\",\"Petrol krizi\"],\"articleSection\":[\"D\u00dcNYA\",\"G\u00dcNDEM\",\"MAN\u015eET\"],\"inLanguage\":\"tr\",\"potentialAction\":[{\"@type\":\"CommentAction\",\"name\":\"Comment\",\"target\":[\"https:\/\/epochtimestr.com\/index.php\/trump-iran-savasinda-muhimmat-krizi-oldugunu-reddetti#respond\"]}]},{\"@type\":\"WebPage\",\"@id\":\"https:\/\/epochtimestr.com\/index.php\/trump-iran-savasinda-muhimmat-krizi-oldugunu-reddetti\",\"url\":\"https:\/\/epochtimestr.com\/index.php\/trump-iran-savasinda-muhimmat-krizi-oldugunu-reddetti\",\"name\":\"Trump \u0130ran Sava\u015f\u0131nda M\u00fchimmat Krizi Oldu\u011funu Reddetti - The Epoch Times TR\",\"isPartOf\":{\"@id\":\"https:\/\/epochtimestr.com\/#website\"},\"primaryImageOfPage\":{\"@id\":\"https:\/\/epochtimestr.com\/index.php\/trump-iran-savasinda-muhimmat-krizi-oldugunu-reddetti#primaryimage\"},\"image\":{\"@id\":\"https:\/\/epochtimestr.com\/index.php\/trump-iran-savasinda-muhimmat-krizi-oldugunu-reddetti#primaryimage\"},\"thumbnailUrl\":\"https:\/\/epochtimestr.com\/wp-content\/uploads\/2011y\/1000055068.webp\",\"datePublished\":\"2026-09-04T11:49:02+00:00\",\"dateModified\":\"2026-09-04T11:49:04+00:00\",\"description\":\"Trump, ABD'nin \u0130ran sava\u015f\u0131 nedeniyle m\u00fchimmat stoklar\u0131n\u0131n azald\u0131\u011f\u0131 iddialar\u0131n\u0131 reddetti. Pentagon ise \u00fcretimin h\u0131zland\u0131r\u0131lmas\u0131n\u0131 istiyor.\",\"inLanguage\":\"tr\",\"potentialAction\":[{\"@type\":\"ReadAction\",\"target\":[\"https:\/\/epochtimestr.com\/index.php\/trump-iran-savasinda-muhimmat-krizi-oldugunu-reddetti\"]}]},{\"@type\":\"ImageObject\",\"inLanguage\":\"tr\",\"@id\":\"https:\/\/epochtimestr.com\/index.php\/trump-iran-savasinda-muhimmat-krizi-oldugunu-reddetti#primaryimage\",\"url\":\"https:\/\/epochtimestr.com\/wp-content\/uploads\/2011y\/1000055068.webp\",\"contentUrl\":\"https:\/\/epochtimestr.com\/wp-content\/uploads\/2011y\/1000055068.webp\",\"width\":1200,\"height\":800},{\"@type\":\"WebSite\",\"@id\":\"https:\/\/epochtimestr.com\/#website\",\"url\":\"https:\/\/epochtimestr.com\/\",\"name\":\"The Epoch Times TR\",\"description\":\"De\u011fi\u015fen D\u00fcnyam\u0131za Taze Bir Bak\u0131\u015f\",\"publisher\":{\"@id\":\"https:\/\/epochtimestr.com\/#organization\"},\"potentialAction\":[{\"@type\":\"SearchAction\",\"target\":{\"@type\":\"EntryPoint\",\"urlTemplate\":\"https:\/\/epochtimestr.com\/?s={search_term_string}\"},\"query-input\":\"required name=search_term_string\"}],\"inLanguage\":\"tr\"},{\"@type\":\"Organization\",\"@id\":\"https:\/\/epochtimestr.com\/#organization\",\"name\":\"The EpochTimes T\u00fcrkiye\",\"url\":\"https:\/\/epochtimestr.com\/\",\"logo\":{\"@type\":\"ImageObject\",\"inLanguage\":\"tr\",\"@id\":\"https:\/\/epochtimestr.com\/#\/schema\/logo\/image\/\",\"url\":\"https:\/\/epochtimestr.com\/wp-content\/uploads\/2011y\/ET-Logo-YG.jpg\",\"contentUrl\":\"https:\/\/epochtimestr.com\/wp-content\/uploads\/2011y\/ET-Logo-YG.jpg\",\"width\":346,\"height\":29,\"caption\":\"The EpochTimes T\u00fcrkiye\"},\"image\":{\"@id\":\"https:\/\/epochtimestr.com\/#\/schema\/logo\/image\/\"},\"sameAs\":[\"https:\/\/www.facebook.com\/theepochtimestr\",\"https:\/\/x.com\/TheEpochTimesTR\",\"https:\/\/www.instagram.com\/epochtimestr\"]},{\"@type\":\"Person\",\"@id\":\"https:\/\/epochtimestr.com\/#\/schema\/person\/5fef218711d76d8f232b0e1f1d7e4c0d\",\"name\":\"Leo Bajelan\",\"image\":{\"@type\":\"ImageObject\",\"inLanguage\":\"tr\",\"@id\":\"https:\/\/epochtimestr.com\/#\/schema\/person\/image\/\",\"url\":\"https:\/\/secure.gravatar.com\/avatar\/917669146f489549e548a2e9af272df5?s=96&d=mm&r=g\",\"contentUrl\":\"https:\/\/secure.gravatar.com\/avatar\/917669146f489549e548a2e9af272df5?s=96&d=mm&r=g\",\"caption\":\"Leo Bajelan\"},\"url\":\"https:\/\/epochtimestr.com\/index.php\/author\/leo\"}]}<\/script>\n<!-- \/ Yoast SEO plugin. -->","yoast_head_json":{"title":"Trump \u0130ran Sava\u015f\u0131nda M\u00fchimmat Krizi Oldu\u011funu Reddetti - The Epoch Times TR","description":"Trump, ABD'nin \u0130ran sava\u015f\u0131 nedeniyle m\u00fchimmat stoklar\u0131n\u0131n azald\u0131\u011f\u0131 iddialar\u0131n\u0131 reddetti. Pentagon ise \u00fcretimin h\u0131zland\u0131r\u0131lmas\u0131n\u0131 istiyor.","robots":{"index":"index","follow":"follow","max-snippet":"max-snippet:-1","max-image-preview":"max-image-preview:large","max-video-preview":"max-video-preview:-1"},"canonical":"https:\/\/epochtimestr.com\/index.php\/trump-iran-savasinda-muhimmat-krizi-oldugunu-reddetti","og_locale":"tr_TR","og_type":"article","og_title":"Trump \u0130ran Sava\u015f\u0131nda M\u00fchimmat Krizi Oldu\u011funu Reddetti - The Epoch Times TR","og_description":"Trump, ABD'nin \u0130ran sava\u015f\u0131 nedeniyle m\u00fchimmat stoklar\u0131n\u0131n azald\u0131\u011f\u0131 iddialar\u0131n\u0131 reddetti. Pentagon ise \u00fcretimin h\u0131zland\u0131r\u0131lmas\u0131n\u0131 istiyor.","og_url":"https:\/\/epochtimestr.com\/index.php\/trump-iran-savasinda-muhimmat-krizi-oldugunu-reddetti","og_site_name":"The Epoch Times TR","article_publisher":"https:\/\/www.facebook.com\/theepochtimestr","article_published_time":"2026-09-04T11:49:02+00:00","article_modified_time":"2026-09-04T11:49:04+00:00","og_image":[{"width":1200,"height":800,"url":"https:\/\/epochtimestr.com\/wp-content\/uploads\/2011y\/1000055068.webp","type":"image\/webp"}],"author":"Leo Bajelan","twitter_card":"summary_large_image","twitter_creator":"@TheEpochTimesTR","twitter_site":"@TheEpochTimesTR","twitter_misc":{"Yazan:":"Leo Bajelan","Tahmini okuma s\u00fcresi":"3 dakika"},"schema":{"@context":"https:\/\/schema.org","@graph":[{"@type":"Article","@id":"https:\/\/epochtimestr.com\/index.php\/trump-iran-savasinda-muhimmat-krizi-oldugunu-reddetti#article","isPartOf":{"@id":"https:\/\/epochtimestr.com\/index.php\/trump-iran-savasinda-muhimmat-krizi-oldugunu-reddetti"},"author":{"name":"Leo Bajelan","@id":"https:\/\/epochtimestr.com\/#\/schema\/person\/5fef218711d76d8f232b0e1f1d7e4c0d"},"headline":"Trump \u0130ran Sava\u015f\u0131nda M\u00fchimmat Krizi Oldu\u011funu Reddetti","datePublished":"2026-09-04T11:49:02+00:00","dateModified":"2026-09-04T11:49:04+00:00","mainEntityOfPage":{"@id":"https:\/\/epochtimestr.com\/index.php\/trump-iran-savasinda-muhimmat-krizi-oldugunu-reddetti"},"wordCount":440,"commentCount":0,"publisher":{"@id":"https:\/\/epochtimestr.com\/#organization"},"image":{"@id":"https:\/\/epochtimestr.com\/index.php\/trump-iran-savasinda-muhimmat-krizi-oldugunu-reddetti#primaryimage"},"thumbnailUrl":"https:\/\/epochtimestr.com\/wp-content\/uploads\/2011y\/1000055068.webp","keywords":["AB komisyonu","ABD \u0130ran m\u00fczakereleri","Alman ordusu","balistik f\u00fcze","Gemi sald\u0131r\u0131","H\u00fcrm\u00fcz bo\u011faz\u0131","Petrol krizi"],"articleSection":["D\u00dcNYA","G\u00dcNDEM","MAN\u015eET"],"inLanguage":"tr","potentialAction":[{"@type":"CommentAction","name":"Comment","target":["https:\/\/epochtimestr.com\/index.php\/trump-iran-savasinda-muhimmat-krizi-oldugunu-reddetti#respond"]}]},{"@type":"WebPage","@id":"https:\/\/epochtimestr.com\/index.php\/trump-iran-savasinda-muhimmat-krizi-oldugunu-reddetti","url":"https:\/\/epochtimestr.com\/index.php\/trump-iran-savasinda-muhimmat-krizi-oldugunu-reddetti","name":"Trump \u0130ran Sava\u015f\u0131nda M\u00fchimmat Krizi Oldu\u011funu Reddetti - The Epoch Times TR","isPartOf":{"@id":"https:\/\/epochtimestr.com\/#website"},"primaryImageOfPage":{"@id":"https:\/\/epochtimestr.com\/index.php\/trump-iran-savasinda-muhimmat-krizi-oldugunu-reddetti#primaryimage"},"image":{"@id":"https:\/\/epochtimestr.com\/index.php\/trump-iran-savasinda-muhimmat-krizi-oldugunu-reddetti#primaryimage"},"thumbnailUrl":"https:\/\/epochtimestr.com\/wp-content\/uploads\/2011y\/1000055068.webp","datePublished":"2026-09-04T11:49:02+00:00","dateModified":"2026-09-04T11:49:04+00:00","description":"Trump, ABD'nin \u0130ran sava\u015f\u0131 nedeniyle m\u00fchimmat stoklar\u0131n\u0131n azald\u0131\u011f\u0131 iddialar\u0131n\u0131 reddetti. Pentagon ise \u00fcretimin h\u0131zland\u0131r\u0131lmas\u0131n\u0131 istiyor.","inLanguage":"tr","potentialAction":[{"@type":"ReadAction","target":["https:\/\/epochtimestr.com\/index.php\/trump-iran-savasinda-muhimmat-krizi-oldugunu-reddetti"]}]},{"@type":"ImageObject","inLanguage":"tr","@id":"https:\/\/epochtimestr.com\/index.php\/trump-iran-savasinda-muhimmat-krizi-oldugunu-reddetti#primaryimage","url":"https:\/\/epochtimestr.com\/wp-content\/uploads\/2011y\/1000055068.webp","contentUrl":"https:\/\/epochtimestr.com\/wp-content\/uploads\/2011y\/1000055068.webp","width":1200,"height":800},{"@type":"WebSite","@id":"https:\/\/epochtimestr.com\/#website","url":"https:\/\/epochtimestr.com\/","name":"The Epoch Times TR","description":"De\u011fi\u015fen D\u00fcnyam\u0131za Taze Bir Bak\u0131\u015f","publisher":{"@id":"https:\/\/epochtimestr.com\/#organization"},"potentialAction":[{"@type":"SearchAction","target":{"@type":"EntryPoint","urlTemplate":"https:\/\/epochtimestr.com\/?s={search_term_string}"},"query-input":"required name=search_term_string"}],"inLanguage":"tr"},{"@type":"Organization","@id":"https:\/\/epochtimestr.com\/#organization","name":"The EpochTimes T\u00fcrkiye","url":"https:\/\/epochtimestr.com\/","logo":{"@type":"ImageObject","inLanguage":"tr","@id":"https:\/\/epochtimestr.com\/#\/schema\/logo\/image\/","url":"https:\/\/epochtimestr.com\/wp-content\/uploads\/2011y\/ET-Logo-YG.jpg","contentUrl":"https:\/\/epochtimestr.com\/wp-content\/uploads\/2011y\/ET-Logo-YG.jpg","width":346,"height":29,"caption":"The EpochTimes T\u00fcrkiye"},"image":{"@id":"https:\/\/epochtimestr.com\/#\/schema\/logo\/image\/"},"sameAs":["https:\/\/www.facebook.com\/theepochtimestr","https:\/\/x.com\/TheEpochTimesTR","https:\/\/www.instagram.com\/epochtimestr"]},{"@type":"Person","@id":"https:\/\/epochtimestr.com\/#\/schema\/person\/5fef218711d76d8f232b0e1f1d7e4c0d","name":"Leo Bajelan","image":{"@type":"ImageObject","inLanguage":"tr","@id":"https:\/\/epochtimestr.com\/#\/schema\/person\/image\/","url":"https:\/\/secure.gravatar.com\/avatar\/917669146f489549e548a2e9af272df5?s=96&d=mm&r=g","contentUrl":"https:\/\/secure.gravatar.com\/avatar\/917669146f489549e548a2e9af272df5?s=96&d=mm&r=g","caption":"Leo Bajelan"},"url":"https:\/\/epochtimestr.com\/index.php\/author\/leo"}]}},"_links":{"self":[{"href":"https:\/\/epochtimestr.com\/index.php\/wp-json\/wp\/v2\/posts\/171487"}],"collection":[{"href":"https:\/\/epochtimestr.com\/index.php\/wp-json\/wp\/v2\/posts"}],"about":[{"href":"https:\/\/epochtimestr.com\/index.php\/wp-json\/wp\/v2\/types\/post"}],"author":[{"embeddable":true,"href":"https:\/\/epochtimestr.com\/index.php\/wp-json\/wp\/v2\/users\/13996"}],"replies":[{"embeddable":true,"href":"https:\/\/epochtimestr.com\/index.php\/wp-json\/wp\/v2\/comments?post=171487"}],"version-history":[{"count":2,"href":"https:\/\/epochtimestr.com\/index.php\/wp-json\/wp\/v2\/posts\/171487\/revisions"}],"predecessor-version":[{"id":171502,"href":"https:\/\/epochtimestr.com\/index.php\/wp-json\/wp\/v2\/posts\/171487\/revisions\/171502"}],"wp:featuredmedia":[{"embeddable":true,"href":"https:\/\/epochtimestr.com\/index.php\/wp-json\/wp\/v2\/media\/171488"}],"wp:attachment":[{"href":"https:\/\/epochtimestr.com\/index.php\/wp-json\/wp\/v2\/media?parent=171487"}],"wp:term":[{"taxonomy":"category","embeddable":true,"href":"https:\/\/epochtimestr.com\/index.php\/wp-json\/wp\/v2\/categories?post=171487"},{"taxonomy":"post_tag","embeddable":true,"href":"https:\/\/epochtimestr.com\/index.php\/wp-json\/wp\/v2\/tags?post=171487"}],"curies":[{"name":"wp","href":"https:\/\/api.w.org\/{rel}","templated":true}]}}