{"id":171490,"date":"2026-09-04T14:54:23","date_gmt":"2026-09-04T11:54:23","guid":{"rendered":"https:\/\/epochtimestr.com\/?p=171490"},"modified":"2026-09-04T14:54:24","modified_gmt":"2026-09-04T11:54:24","slug":"uskudar-belediyesinde-secim-oncesinde-operasyon","status":"publish","type":"post","link":"https:\/\/epochtimestr.com\/index.php\/uskudar-belediyesinde-secim-oncesinde-operasyon","title":{"rendered":"\u00dcsk\u00fcdar Belediyesinde Se\u00e7im \u00d6ncesinde Operasyon"},"content":{"rendered":"<div class=\"wp-block-image\">\n<figure class=\"aligncenter size-full is-resized\"><img loading=\"lazy\" decoding=\"async\" width=\"1280\" height=\"720\" src=\"https:\/\/epochtimestr.com\/wp-content\/uploads\/2011y\/uskudar-belediyesi-web-1.webp\" alt=\"\u00dcsk\u00fcdar'da se\u00e7im \u00f6ncesinde hem operasyon hem transfer. (Foto\u011fraf: \u00dcsk\u00fcdar Belediyesi web sitesi)\" class=\"wp-image-171491\" style=\"width:840px;height:auto\" srcset=\"https:\/\/epochtimestr.com\/wp-content\/uploads\/2011y\/uskudar-belediyesi-web-1.webp 1280w, https:\/\/epochtimestr.com\/wp-content\/uploads\/2011y\/uskudar-belediyesi-web-1-300x169.webp 300w, https:\/\/epochtimestr.com\/wp-content\/uploads\/2011y\/uskudar-belediyesi-web-1-150x84.webp 150w, https:\/\/epochtimestr.com\/wp-content\/uploads\/2011y\/uskudar-belediyesi-web-1-768x432.webp 768w\" sizes=\"(max-width: 1280px) 100vw, 1280px\" \/><figcaption class=\"wp-element-caption\">\u00dcsk\u00fcdar Belediyesinde se\u00e7im \u00f6ncesinde hem operasyon hem transfer. (Foto\u011fraf: \u00dcsk\u00fcdar Belediyesi web sitesi)<\/figcaption><\/figure><\/div>\n\n\n<h2 class=\"wp-block-heading\">\u00dcsk\u00fcdar Belediyesinde tekrarlanacak ba\u015fkan vekili se\u00e7imi \u00f6ncesinde, \u00fc\u00e7 \u00fcyenin g\u00f6zalt\u0131na al\u0131nmas\u0131n\u0131 d\u00f6rt \u00fcyenin AKP&#8217;ye transferi izledi.<\/h2>\n\n\n\n<p>\u00dcsk\u00fcdar Belediyesinde tekrarlanacak ba\u015fkan vekili se\u00e7im \u00f6ncesinde, yeni bir operasyon <a href=\"https:\/\/epochtimestr.com\/index.php\/uskudar-belediye-baskani-sinem-dedetas-gozaltina-alindi\" target=\"_blank\" rel=\"noreferrer noopener\">daha yap\u0131ld\u0131<\/a>. \u00dcsk\u00fcdar Belediye Ba\u015fkan\u0131 Sinem Dedeta\u015f&#8217;\u0131n tutukland\u0131\u011f\u0131, &#8220;su\u00e7 \u00f6rg\u00fct\u00fc&#8221; su\u00e7lamas\u0131yla ba\u015flat\u0131lan soru\u015fturma kapsam\u0131nda \u00dcsk\u00fcdar Belediyesi Ba\u015fkan Yard\u0131mc\u0131lar\u0131 Amine Cansu \u00c7elik ile Mithat \u00d6zdemir, ifadelerine ba\u015fvurulmak \u00fczere g\u00f6zalt\u0131na al\u0131nd\u0131.<br \/>Belediye meclisi 5 A\u011fustos\u2019ta ba\u015fkan vekili se\u00e7imine gitti, d\u00f6rd\u00fcnc\u00fc turda 22 oyla CHP\u2019li Sibel Tan \u00c7etinkaya kazand\u0131. Fakat bu se\u00e7ime AKP\u2019liler itiraz etti. \u0130stanbul 2\u2019nci \u0130dare <a href=\"https:\/\/epochtimestr.com\/index.php\/kktc-gemi-faciasinda-mahkemeye-cikarilan-9-kisi-tutuklandi\" target=\"_blank\" rel=\"noreferrer noopener\">Mahkeme<\/a>si se\u00e7ime ili\u015fkin karar\u0131n y\u00fcr\u00fctmesini durdurdu. Karara itiraz da reddedildi. \u0130stanbul Valili\u011fi, se\u00e7imin 5 Eyl\u00fcl\u2019de d\u00fczenlenece\u011fini duyurdu.<\/p>\n\n\n\n<p>Meclis 1. Ba\u015fkan Vekili Ali Aral ile Ba\u015fkan Yard\u0131mc\u0131s\u0131 Nihat Do\u011fan ise savc\u0131l\u0131k\u00e7a ifadelerinin al\u0131nmalar\u0131n\u0131n ard\u0131ndan serbest b\u0131rak\u0131ld\u0131.<\/p>\n\n\n\n<p>\u00dcsk\u00fcdar Belediyesi&#8217;ne y\u00f6nelik operasyonda Belediye Ba\u015fkan\u0131 Sinem Dedeta\u015f&#8217;\u0131n tutuklanmas\u0131n\u0131n ard\u0131ndan yap\u0131lan belediye ba\u015fkanvekili se\u00e7imlerinde CHP&#8217;den 28, Cumhur ittifak\u0131ndan 17 \u00fcye sand\u0131k ba\u015f\u0131na gitmi\u015fti.<br \/>Mahkeme, CHP aday\u0131n\u0131n kazand\u0131\u011f\u0131 \u00dcsk\u00fcdar belediye ba\u015fkan vekili se\u00e7iminin 5 Eyl\u00fcl Cumartesi tekrarlanmas\u0131na karar vermi\u015fti. Meclis \u00fcyeleri CHP\u2019li Ekrem Baki ve YEN\u0130 Partili Nihat Do\u011fan ve Ali Aral g\u00f6zalt\u0131na al\u0131nd\u0131. G\u00f6zalt\u0131lar\u0131n ard\u0131ndan se\u00e7im yakla\u015f\u0131rken AKP d\u00f6rt belediye meclis \u00fcyesi de transfer etti.<\/p>\n\n\n\n<p>AKP \u00dcsk\u00fcdar \u0130l\u00e7e Ba\u015fkan\u0131 Taha Sar\u0131cao\u011flu, CHP\u2019den istifa eden \u00dcsk\u00fcdar Belediye Meclis \u00dcyeleri Ahmet Ba\u015fbaydar, Ayhan Ayd\u0131n, H\u00fcseyin Kazan ve Tahsin Usta\u2019n\u0131n AKP\u2019ye kat\u0131ld\u0131\u011f\u0131n\u0131 a\u00e7\u0131klad\u0131.<\/p>\n\n\n\n<figure class=\"wp-block-embed is-type-rich is-provider-x wp-block-embed-x\"><div class=\"wp-block-embed__wrapper\">\n<blockquote class=\"twitter-tweet\" data-width=\"550\" data-dnt=\"true\"><p lang=\"tr\" dir=\"ltr\">Bu ak\u015fam \u00dcsk\u00fcdar i\u00e7in yeni bir ba\u015flang\u0131ca, b\u00fcy\u00fcyen bir birlikteli\u011fe hep birlikte \u015fahitlik ediyoruz.<br><br>Cumhuriyet Halk Partisi\u2019nden istifa eden k\u0131ymetli meclis \u00fcyelerimiz; Ahmet Ba\u015fbaydar, Ayhan Ayd\u0131n, H\u00fcseyin Kazan ve Tahsin Usta, AK Parti ailemize kat\u0131ld\u0131.<br><br>\u00dcsk\u00fcdar\u2019a olan a\u015fk\u0131m\u0131z\u2026 <a href=\"https:\/\/t.co\/ZHQKWwcOCN\">pic.twitter.com\/ZHQKWwcOCN<\/a><\/p>&mdash; Taha Sar\u0131cao\u011flu (@TahaSaricaoglu) <a href=\"https:\/\/x.com\/TahaSaricaoglu\/status\/2095599054634037268?ref_src=twsrc%5Etfw\">September 3, 2026<\/a><\/blockquote><script async src=\"https:\/\/platform.x.com\/widgets.js\" charset=\"utf-8\"><\/script>\n<\/div><\/figure>\n","protected":false},"excerpt":{"rendered":"<p>\u00dcsk\u00fcdar Belediyesinde tekrarlanacak ba\u015fkan vekili se\u00e7imi \u00f6ncesinde, \u00fc\u00e7 \u00fcyenin g\u00f6zalt\u0131na al\u0131nmas\u0131n\u0131 d\u00f6rt \u00fcyenin AKP&#8217;ye transferi izledi. \u00dcsk\u00fcdar Belediyesinde tekrarlanacak ba\u015fkan vekili se\u00e7im \u00f6ncesinde, yeni bir operasyon daha yap\u0131ld\u0131. \u00dcsk\u00fcdar Belediye Ba\u015fkan\u0131 Sinem Dedeta\u015f&#8217;\u0131n tutukland\u0131\u011f\u0131, &#8220;su\u00e7 \u00f6rg\u00fct\u00fc&#8221; su\u00e7lamas\u0131yla ba\u015flat\u0131lan soru\u015fturma kapsam\u0131nda \u00dcsk\u00fcdar Belediyesi Ba\u015fkan Yard\u0131mc\u0131lar\u0131 Amine Cansu \u00c7elik ile Mithat \u00d6zdemir, ifadelerine ba\u015fvurulmak \u00fczere g\u00f6zalt\u0131na al\u0131nd\u0131.Belediye [&hellip;]<\/p>\n","protected":false},"author":12791,"featured_media":171491,"comment_status":"open","ping_status":"open","sticky":false,"template":"","format":"standard","meta":{"_yoast_wpseo_focuskw":"\u00dcsk\u00fcdar - se\u00e7im","_yoast_wpseo_title":"","_yoast_wpseo_metadesc":"\u00dcsk\u00fcdar Belediyesinde tekrarlanacak ba\u015fkan vekili se\u00e7im \u00f6ncesinde, \u00fc\u00e7 \u00fcyenin g\u00f6zalt\u0131na al\u0131nmas\u0131n\u0131 d\u00f6rt \u00fcyenin AKP'ye transferi izledi.","_bbp_topic_count":0,"_bbp_reply_count":0,"_bbp_total_topic_count":0,"_bbp_total_reply_count":0,"_bbp_voice_count":0,"_bbp_anonymous_reply_count":0,"_bbp_topic_count_hidden":0,"_bbp_reply_count_hidden":0,"_bbp_forum_subforum_count":0,"footnotes":"","_yoast_wpseo_focuskw_text_input":""},"categories":[1,8138,8226],"tags":[1017,583,12633,724,11959],"yoast_head":"<!-- This site is optimized with the Yoast SEO plugin v23.0 - https:\/\/yoast.com\/wordpress\/plugins\/seo\/ -->\n<title>\u00dcsk\u00fcdar Belediyesinde Se\u00e7im \u00d6ncesinde Operasyon - The Epoch Times TR<\/title>\n<meta name=\"description\" content=\"\u00dcsk\u00fcdar Belediyesinde tekrarlanacak ba\u015fkan vekili se\u00e7im \u00f6ncesinde, \u00fc\u00e7 \u00fcyenin g\u00f6zalt\u0131na al\u0131nmas\u0131n\u0131 d\u00f6rt \u00fcyenin AKP&#039;ye transferi izledi.\" \/>\n<meta name=\"robots\" content=\"index, follow, max-snippet:-1, max-image-preview:large, max-video-preview:-1\" \/>\n<link rel=\"canonical\" href=\"https:\/\/epochtimestr.com\/index.php\/uskudar-belediyesinde-secim-oncesinde-operasyon\" \/>\n<meta property=\"og:locale\" content=\"tr_TR\" \/>\n<meta property=\"og:type\" content=\"article\" \/>\n<meta property=\"og:title\" content=\"\u00dcsk\u00fcdar Belediyesinde Se\u00e7im \u00d6ncesinde Operasyon - The Epoch Times TR\" \/>\n<meta property=\"og:description\" content=\"\u00dcsk\u00fcdar Belediyesinde tekrarlanacak ba\u015fkan vekili se\u00e7im \u00f6ncesinde, \u00fc\u00e7 \u00fcyenin g\u00f6zalt\u0131na al\u0131nmas\u0131n\u0131 d\u00f6rt \u00fcyenin AKP&#039;ye transferi izledi.\" \/>\n<meta property=\"og:url\" content=\"https:\/\/epochtimestr.com\/index.php\/uskudar-belediyesinde-secim-oncesinde-operasyon\" \/>\n<meta property=\"og:site_name\" content=\"The Epoch Times TR\" \/>\n<meta property=\"article:publisher\" content=\"https:\/\/www.facebook.com\/theepochtimestr\" \/>\n<meta property=\"article:published_time\" content=\"2026-09-04T11:54:23+00:00\" \/>\n<meta property=\"article:modified_time\" content=\"2026-09-04T11:54:24+00:00\" \/>\n<meta property=\"og:image\" content=\"https:\/\/epochtimestr.com\/wp-content\/uploads\/2011y\/uskudar-belediyesi-web-1.webp\" \/>\n\t<meta property=\"og:image:width\" content=\"1280\" \/>\n\t<meta property=\"og:image:height\" content=\"720\" \/>\n\t<meta property=\"og:image:type\" content=\"image\/webp\" \/>\n<meta name=\"author\" content=\"Haber Merkezi\" \/>\n<meta name=\"twitter:card\" content=\"summary_large_image\" \/>\n<meta name=\"twitter:creator\" content=\"@TheEpochTimesTR\" \/>\n<meta name=\"twitter:site\" content=\"@TheEpochTimesTR\" \/>\n<meta name=\"twitter:label1\" content=\"Yazan:\" \/>\n\t<meta name=\"twitter:data1\" content=\"Haber Merkezi\" \/>\n\t<meta name=\"twitter:label2\" content=\"Tahmini okuma s\u00fcresi\" \/>\n\t<meta name=\"twitter:data2\" content=\"2 dakika\" \/>\n<script type=\"application\/ld+json\" class=\"yoast-schema-graph\">{\"@context\":\"https:\/\/schema.org\",\"@graph\":[{\"@type\":\"Article\",\"@id\":\"https:\/\/epochtimestr.com\/index.php\/uskudar-belediyesinde-secim-oncesinde-operasyon#article\",\"isPartOf\":{\"@id\":\"https:\/\/epochtimestr.com\/index.php\/uskudar-belediyesinde-secim-oncesinde-operasyon\"},\"author\":{\"name\":\"Haber Merkezi\",\"@id\":\"https:\/\/epochtimestr.com\/#\/schema\/person\/3dc5c3adeb9f43923c5aa85889172fdd\"},\"headline\":\"\u00dcsk\u00fcdar Belediyesinde Se\u00e7im \u00d6ncesinde Operasyon\",\"datePublished\":\"2026-09-04T11:54:23+00:00\",\"dateModified\":\"2026-09-04T11:54:24+00:00\",\"mainEntityOfPage\":{\"@id\":\"https:\/\/epochtimestr.com\/index.php\/uskudar-belediyesinde-secim-oncesinde-operasyon\"},\"wordCount\":343,\"commentCount\":0,\"publisher\":{\"@id\":\"https:\/\/epochtimestr.com\/#organization\"},\"image\":{\"@id\":\"https:\/\/epochtimestr.com\/index.php\/uskudar-belediyesinde-secim-oncesinde-operasyon#primaryimage\"},\"thumbnailUrl\":\"https:\/\/epochtimestr.com\/wp-content\/uploads\/2011y\/uskudar-belediyesi-web-1.webp\",\"keywords\":[\"AKP\",\"CHP\",\"Mahkeme karar\u0131\",\"se\u00e7im\",\"\u00dcsk\u00fcdar Belediyesi\"],\"articleSection\":[\"G\u00dcNDEM\",\"MAN\u015eET\",\"Siyaset\"],\"inLanguage\":\"tr\",\"potentialAction\":[{\"@type\":\"CommentAction\",\"name\":\"Comment\",\"target\":[\"https:\/\/epochtimestr.com\/index.php\/uskudar-belediyesinde-secim-oncesinde-operasyon#respond\"]}]},{\"@type\":\"WebPage\",\"@id\":\"https:\/\/epochtimestr.com\/index.php\/uskudar-belediyesinde-secim-oncesinde-operasyon\",\"url\":\"https:\/\/epochtimestr.com\/index.php\/uskudar-belediyesinde-secim-oncesinde-operasyon\",\"name\":\"\u00dcsk\u00fcdar Belediyesinde Se\u00e7im \u00d6ncesinde Operasyon - The Epoch Times TR\",\"isPartOf\":{\"@id\":\"https:\/\/epochtimestr.com\/#website\"},\"primaryImageOfPage\":{\"@id\":\"https:\/\/epochtimestr.com\/index.php\/uskudar-belediyesinde-secim-oncesinde-operasyon#primaryimage\"},\"image\":{\"@id\":\"https:\/\/epochtimestr.com\/index.php\/uskudar-belediyesinde-secim-oncesinde-operasyon#primaryimage\"},\"thumbnailUrl\":\"https:\/\/epochtimestr.com\/wp-content\/uploads\/2011y\/uskudar-belediyesi-web-1.webp\",\"datePublished\":\"2026-09-04T11:54:23+00:00\",\"dateModified\":\"2026-09-04T11:54:24+00:00\",\"description\":\"\u00dcsk\u00fcdar Belediyesinde tekrarlanacak ba\u015fkan vekili se\u00e7im \u00f6ncesinde, \u00fc\u00e7 \u00fcyenin g\u00f6zalt\u0131na al\u0131nmas\u0131n\u0131 d\u00f6rt \u00fcyenin AKP'ye transferi izledi.\",\"inLanguage\":\"tr\",\"potentialAction\":[{\"@type\":\"ReadAction\",\"target\":[\"https:\/\/epochtimestr.com\/index.php\/uskudar-belediyesinde-secim-oncesinde-operasyon\"]}]},{\"@type\":\"ImageObject\",\"inLanguage\":\"tr\",\"@id\":\"https:\/\/epochtimestr.com\/index.php\/uskudar-belediyesinde-secim-oncesinde-operasyon#primaryimage\",\"url\":\"https:\/\/epochtimestr.com\/wp-content\/uploads\/2011y\/uskudar-belediyesi-web-1.webp\",\"contentUrl\":\"https:\/\/epochtimestr.com\/wp-content\/uploads\/2011y\/uskudar-belediyesi-web-1.webp\",\"width\":1280,\"height\":720},{\"@type\":\"WebSite\",\"@id\":\"https:\/\/epochtimestr.com\/#website\",\"url\":\"https:\/\/epochtimestr.com\/\",\"name\":\"The Epoch Times TR\",\"description\":\"De\u011fi\u015fen D\u00fcnyam\u0131za Taze Bir Bak\u0131\u015f\",\"publisher\":{\"@id\":\"https:\/\/epochtimestr.com\/#organization\"},\"potentialAction\":[{\"@type\":\"SearchAction\",\"target\":{\"@type\":\"EntryPoint\",\"urlTemplate\":\"https:\/\/epochtimestr.com\/?s={search_term_string}\"},\"query-input\":\"required name=search_term_string\"}],\"inLanguage\":\"tr\"},{\"@type\":\"Organization\",\"@id\":\"https:\/\/epochtimestr.com\/#organization\",\"name\":\"The EpochTimes T\u00fcrkiye\",\"url\":\"https:\/\/epochtimestr.com\/\",\"logo\":{\"@type\":\"ImageObject\",\"inLanguage\":\"tr\",\"@id\":\"https:\/\/epochtimestr.com\/#\/schema\/logo\/image\/\",\"url\":\"https:\/\/epochtimestr.com\/wp-content\/uploads\/2011y\/ET-Logo-YG.jpg\",\"contentUrl\":\"https:\/\/epochtimestr.com\/wp-content\/uploads\/2011y\/ET-Logo-YG.jpg\",\"width\":346,\"height\":29,\"caption\":\"The EpochTimes T\u00fcrkiye\"},\"image\":{\"@id\":\"https:\/\/epochtimestr.com\/#\/schema\/logo\/image\/\"},\"sameAs\":[\"https:\/\/www.facebook.com\/theepochtimestr\",\"https:\/\/x.com\/TheEpochTimesTR\",\"https:\/\/www.instagram.com\/epochtimestr\"]},{\"@type\":\"Person\",\"@id\":\"https:\/\/epochtimestr.com\/#\/schema\/person\/3dc5c3adeb9f43923c5aa85889172fdd\",\"name\":\"Haber Merkezi\",\"image\":{\"@type\":\"ImageObject\",\"inLanguage\":\"tr\",\"@id\":\"https:\/\/epochtimestr.com\/#\/schema\/person\/image\/\",\"url\":\"https:\/\/secure.gravatar.com\/avatar\/d73f772ba5a74f28601361e17c2f93e6?s=96&d=mm&r=g\",\"contentUrl\":\"https:\/\/secure.gravatar.com\/avatar\/d73f772ba5a74f28601361e17c2f93e6?s=96&d=mm&r=g\",\"caption\":\"Haber Merkezi\"},\"url\":\"https:\/\/epochtimestr.com\/index.php\/author\/sendag\"}]}<\/script>\n<!-- \/ Yoast SEO plugin. -->","yoast_head_json":{"title":"\u00dcsk\u00fcdar Belediyesinde Se\u00e7im \u00d6ncesinde Operasyon - The Epoch Times TR","description":"\u00dcsk\u00fcdar Belediyesinde tekrarlanacak ba\u015fkan vekili se\u00e7im \u00f6ncesinde, \u00fc\u00e7 \u00fcyenin g\u00f6zalt\u0131na al\u0131nmas\u0131n\u0131 d\u00f6rt \u00fcyenin AKP'ye transferi izledi.","robots":{"index":"index","follow":"follow","max-snippet":"max-snippet:-1","max-image-preview":"max-image-preview:large","max-video-preview":"max-video-preview:-1"},"canonical":"https:\/\/epochtimestr.com\/index.php\/uskudar-belediyesinde-secim-oncesinde-operasyon","og_locale":"tr_TR","og_type":"article","og_title":"\u00dcsk\u00fcdar Belediyesinde Se\u00e7im \u00d6ncesinde Operasyon - The Epoch Times TR","og_description":"\u00dcsk\u00fcdar Belediyesinde tekrarlanacak ba\u015fkan vekili se\u00e7im \u00f6ncesinde, \u00fc\u00e7 \u00fcyenin g\u00f6zalt\u0131na al\u0131nmas\u0131n\u0131 d\u00f6rt \u00fcyenin AKP'ye transferi izledi.","og_url":"https:\/\/epochtimestr.com\/index.php\/uskudar-belediyesinde-secim-oncesinde-operasyon","og_site_name":"The Epoch Times TR","article_publisher":"https:\/\/www.facebook.com\/theepochtimestr","article_published_time":"2026-09-04T11:54:23+00:00","article_modified_time":"2026-09-04T11:54:24+00:00","og_image":[{"width":1280,"height":720,"url":"https:\/\/epochtimestr.com\/wp-content\/uploads\/2011y\/uskudar-belediyesi-web-1.webp","type":"image\/webp"}],"author":"Haber Merkezi","twitter_card":"summary_large_image","twitter_creator":"@TheEpochTimesTR","twitter_site":"@TheEpochTimesTR","twitter_misc":{"Yazan:":"Haber Merkezi","Tahmini okuma s\u00fcresi":"2 dakika"},"schema":{"@context":"https:\/\/schema.org","@graph":[{"@type":"Article","@id":"https:\/\/epochtimestr.com\/index.php\/uskudar-belediyesinde-secim-oncesinde-operasyon#article","isPartOf":{"@id":"https:\/\/epochtimestr.com\/index.php\/uskudar-belediyesinde-secim-oncesinde-operasyon"},"author":{"name":"Haber Merkezi","@id":"https:\/\/epochtimestr.com\/#\/schema\/person\/3dc5c3adeb9f43923c5aa85889172fdd"},"headline":"\u00dcsk\u00fcdar Belediyesinde Se\u00e7im \u00d6ncesinde Operasyon","datePublished":"2026-09-04T11:54:23+00:00","dateModified":"2026-09-04T11:54:24+00:00","mainEntityOfPage":{"@id":"https:\/\/epochtimestr.com\/index.php\/uskudar-belediyesinde-secim-oncesinde-operasyon"},"wordCount":343,"commentCount":0,"publisher":{"@id":"https:\/\/epochtimestr.com\/#organization"},"image":{"@id":"https:\/\/epochtimestr.com\/index.php\/uskudar-belediyesinde-secim-oncesinde-operasyon#primaryimage"},"thumbnailUrl":"https:\/\/epochtimestr.com\/wp-content\/uploads\/2011y\/uskudar-belediyesi-web-1.webp","keywords":["AKP","CHP","Mahkeme karar\u0131","se\u00e7im","\u00dcsk\u00fcdar Belediyesi"],"articleSection":["G\u00dcNDEM","MAN\u015eET","Siyaset"],"inLanguage":"tr","potentialAction":[{"@type":"CommentAction","name":"Comment","target":["https:\/\/epochtimestr.com\/index.php\/uskudar-belediyesinde-secim-oncesinde-operasyon#respond"]}]},{"@type":"WebPage","@id":"https:\/\/epochtimestr.com\/index.php\/uskudar-belediyesinde-secim-oncesinde-operasyon","url":"https:\/\/epochtimestr.com\/index.php\/uskudar-belediyesinde-secim-oncesinde-operasyon","name":"\u00dcsk\u00fcdar Belediyesinde Se\u00e7im \u00d6ncesinde Operasyon - The Epoch Times TR","isPartOf":{"@id":"https:\/\/epochtimestr.com\/#website"},"primaryImageOfPage":{"@id":"https:\/\/epochtimestr.com\/index.php\/uskudar-belediyesinde-secim-oncesinde-operasyon#primaryimage"},"image":{"@id":"https:\/\/epochtimestr.com\/index.php\/uskudar-belediyesinde-secim-oncesinde-operasyon#primaryimage"},"thumbnailUrl":"https:\/\/epochtimestr.com\/wp-content\/uploads\/2011y\/uskudar-belediyesi-web-1.webp","datePublished":"2026-09-04T11:54:23+00:00","dateModified":"2026-09-04T11:54:24+00:00","description":"\u00dcsk\u00fcdar Belediyesinde tekrarlanacak ba\u015fkan vekili se\u00e7im \u00f6ncesinde, \u00fc\u00e7 \u00fcyenin g\u00f6zalt\u0131na al\u0131nmas\u0131n\u0131 d\u00f6rt \u00fcyenin AKP'ye transferi izledi.","inLanguage":"tr","potentialAction":[{"@type":"ReadAction","target":["https:\/\/epochtimestr.com\/index.php\/uskudar-belediyesinde-secim-oncesinde-operasyon"]}]},{"@type":"ImageObject","inLanguage":"tr","@id":"https:\/\/epochtimestr.com\/index.php\/uskudar-belediyesinde-secim-oncesinde-operasyon#primaryimage","url":"https:\/\/epochtimestr.com\/wp-content\/uploads\/2011y\/uskudar-belediyesi-web-1.webp","contentUrl":"https:\/\/epochtimestr.com\/wp-content\/uploads\/2011y\/uskudar-belediyesi-web-1.webp","width":1280,"height":720},{"@type":"WebSite","@id":"https:\/\/epochtimestr.com\/#website","url":"https:\/\/epochtimestr.com\/","name":"The Epoch Times TR","description":"De\u011fi\u015fen D\u00fcnyam\u0131za Taze Bir Bak\u0131\u015f","publisher":{"@id":"https:\/\/epochtimestr.com\/#organization"},"potentialAction":[{"@type":"SearchAction","target":{"@type":"EntryPoint","urlTemplate":"https:\/\/epochtimestr.com\/?s={search_term_string}"},"query-input":"required name=search_term_string"}],"inLanguage":"tr"},{"@type":"Organization","@id":"https:\/\/epochtimestr.com\/#organization","name":"The EpochTimes T\u00fcrkiye","url":"https:\/\/epochtimestr.com\/","logo":{"@type":"ImageObject","inLanguage":"tr","@id":"https:\/\/epochtimestr.com\/#\/schema\/logo\/image\/","url":"https:\/\/epochtimestr.com\/wp-content\/uploads\/2011y\/ET-Logo-YG.jpg","contentUrl":"https:\/\/epochtimestr.com\/wp-content\/uploads\/2011y\/ET-Logo-YG.jpg","width":346,"height":29,"caption":"The EpochTimes T\u00fcrkiye"},"image":{"@id":"https:\/\/epochtimestr.com\/#\/schema\/logo\/image\/"},"sameAs":["https:\/\/www.facebook.com\/theepochtimestr","https:\/\/x.com\/TheEpochTimesTR","https:\/\/www.instagram.com\/epochtimestr"]},{"@type":"Person","@id":"https:\/\/epochtimestr.com\/#\/schema\/person\/3dc5c3adeb9f43923c5aa85889172fdd","name":"Haber Merkezi","image":{"@type":"ImageObject","inLanguage":"tr","@id":"https:\/\/epochtimestr.com\/#\/schema\/person\/image\/","url":"https:\/\/secure.gravatar.com\/avatar\/d73f772ba5a74f28601361e17c2f93e6?s=96&d=mm&r=g","contentUrl":"https:\/\/secure.gravatar.com\/avatar\/d73f772ba5a74f28601361e17c2f93e6?s=96&d=mm&r=g","caption":"Haber Merkezi"},"url":"https:\/\/epochtimestr.com\/index.php\/author\/sendag"}]}},"_links":{"self":[{"href":"https:\/\/epochtimestr.com\/index.php\/wp-json\/wp\/v2\/posts\/171490"}],"collection":[{"href":"https:\/\/epochtimestr.com\/index.php\/wp-json\/wp\/v2\/posts"}],"about":[{"href":"https:\/\/epochtimestr.com\/index.php\/wp-json\/wp\/v2\/types\/post"}],"author":[{"embeddable":true,"href":"https:\/\/epochtimestr.com\/index.php\/wp-json\/wp\/v2\/users\/12791"}],"replies":[{"embeddable":true,"href":"https:\/\/epochtimestr.com\/index.php\/wp-json\/wp\/v2\/comments?post=171490"}],"version-history":[{"count":2,"href":"https:\/\/epochtimestr.com\/index.php\/wp-json\/wp\/v2\/posts\/171490\/revisions"}],"predecessor-version":[{"id":171504,"href":"https:\/\/epochtimestr.com\/index.php\/wp-json\/wp\/v2\/posts\/171490\/revisions\/171504"}],"wp:featuredmedia":[{"embeddable":true,"href":"https:\/\/epochtimestr.com\/index.php\/wp-json\/wp\/v2\/media\/171491"}],"wp:attachment":[{"href":"https:\/\/epochtimestr.com\/index.php\/wp-json\/wp\/v2\/media?parent=171490"}],"wp:term":[{"taxonomy":"category","embeddable":true,"href":"https:\/\/epochtimestr.com\/index.php\/wp-json\/wp\/v2\/categories?post=171490"},{"taxonomy":"post_tag","embeddable":true,"href":"https:\/\/epochtimestr.com\/index.php\/wp-json\/wp\/v2\/tags?post=171490"}],"curies":[{"name":"wp","href":"https:\/\/api.w.org\/{rel}","templated":true}]}}