{"id":171493,"date":"2026-09-04T14:57:06","date_gmt":"2026-09-04T11:57:06","guid":{"rendered":"https:\/\/epochtimestr.com\/?p=171493"},"modified":"2026-09-04T14:57:07","modified_gmt":"2026-09-04T11:57:07","slug":"tutuklanan-deniz-goktas-icin-11-yil-2-ay-hapis-talebi","status":"publish","type":"post","link":"https:\/\/epochtimestr.com\/index.php\/tutuklanan-deniz-goktas-icin-11-yil-2-ay-hapis-talebi","title":{"rendered":"Tutuklanan Deniz G\u00f6kta\u015f \u0130\u00e7in 11 y\u0131l 2 Ay Hapis Talebi"},"content":{"rendered":"<div class=\"wp-block-image\">\n<figure class=\"aligncenter size-full is-resized\"><img loading=\"lazy\" decoding=\"async\" width=\"617\" height=\"324\" src=\"https:\/\/epochtimestr.com\/wp-content\/uploads\/2011y\/deniz-goktas-1.jpg\" alt=\"Tutuklanan Deniz G\u00f6kta\u015f'a 11 y\u0131l 2 Ay Hapis Cezas\u0131 (Foto\u011fraf: you tube)\" class=\"wp-image-171494\" style=\"width:617px;height:auto\" srcset=\"https:\/\/epochtimestr.com\/wp-content\/uploads\/2011y\/deniz-goktas-1.jpg 617w, https:\/\/epochtimestr.com\/wp-content\/uploads\/2011y\/deniz-goktas-1-300x158.jpg 300w, https:\/\/epochtimestr.com\/wp-content\/uploads\/2011y\/deniz-goktas-1-150x79.jpg 150w\" sizes=\"(max-width: 617px) 100vw, 617px\" \/><figcaption class=\"wp-element-caption\">                    Tutuklanan Deniz G\u00f6kta\u015f&#8217;a 11 y\u0131l 2 Ay Hapis Cezas\u0131 (Foto\u011fraf: you tube)<\/figcaption><\/figure><\/div>\n\n\n<h2 class=\"wp-block-heading\">Komedyen Deniz G\u00f6kta\u015f hakk\u0131nda, &#8220;Cumhurba\u015fkan\u0131na hakaret&#8221;, &#8220;halk\u0131 kin ve d\u00fc\u015fmanl\u0131\u011fa tahrik&#8221; ve &#8220;su\u00e7u ve su\u00e7luyu \u00f6vme&#8221; su\u00e7lar\u0131ndan iddianame d\u00fczenlendi.<\/h2>\n\n\n\n<p>Komedyen Deniz <a href=\"https:\/\/epochtimestr.com\/index.php\/kilicdaroglu-tutuklanan-komedyen-deniz-goktas-ile-gorustu\" target=\"_blank\" rel=\"noreferrer noopener\">G\u00f6kta\u015f<\/a> hakk\u0131nda, &#8220;Cumhurba\u015fkan\u0131na hakaret&#8221;, &#8220;halk\u0131 kin ve d\u00fc\u015fmanl\u0131\u011fa tahrik&#8221; ve &#8220;su\u00e7u ve su\u00e7luyu \u00f6vme&#8221; su\u00e7lar\u0131ndan iddianame d\u00fczenlendi. Savc\u0131l\u0131k, G\u00f6kta\u015f&#8217;\u0131n 11 y\u0131l 2 aya kadar <a href=\"https:\/\/epochtimestr.com\/index.php\/nobel-odullu-iranli-aktivist-narges-mohammadiye-75-yil-hapis\" target=\"_blank\" rel=\"noreferrer noopener\">hapis<\/a> cezas\u0131yla cezaland\u0131r\u0131lmas\u0131n\u0131 talep etti.<\/p>\n\n\n\n<p><strong>Ba\u015fsavc\u0131l\u0131k a\u00e7\u0131klamas\u0131 \u015f\u00f6yle:<\/strong><\/p>\n\n\n\n<p>&#8220;\u0130stanbul Cumhuriyet Ba\u015fsavc\u0131l\u0131\u011f\u0131m\u0131z taraf\u0131ndan y\u00fcr\u00fct\u00fclmekte olan soru\u015fturma kapsam\u0131nda;<br \/>\u015e\u00fcpheli \u0130mran Deniz G\u00f6kta\u015f&#8217;\u0131n, 24\/06\/2026 tarihinde Youtube isimli sosyal meyda platformunda &#8221; \u00d6l\u00fc Deniz &#8221; ismiyle yay\u0131nlanan g\u00f6steri i\u00e7eri\u011finde sarf etti\u011fi s\u00f6z ve ifadelerle TCK&#8217;n\u0131n 299\/1-2 maddelerinde tan\u0131ml\u0131 Cumhurba\u015fkan\u0131na Hakaret su\u00e7u, TCK&#8217;n\u0131n 216\/1 maddesinde tan\u0131ml\u0131 Hakl\u0131 Kin ve D\u00fc\u015fmanl\u0131\u011fa Tahrik ve A\u015fa\u011f\u0131lama su\u00e7u ve TCK&#8217;n\u0131n 215. maddesinde tan\u0131ml\u0131 Su\u00e7u ve Su\u00e7luyu \u00d6vme su\u00e7unu i\u015fledi\u011fi de\u011ferlendirmesiyle 04\/09\/2026 tarihinde iddianame d\u00fczenlenmi\u015ftir.&#8221;<\/p>\n","protected":false},"excerpt":{"rendered":"<p>Komedyen Deniz G\u00f6kta\u015f hakk\u0131nda, &#8220;Cumhurba\u015fkan\u0131na hakaret&#8221;, &#8220;halk\u0131 kin ve d\u00fc\u015fmanl\u0131\u011fa tahrik&#8221; ve &#8220;su\u00e7u ve su\u00e7luyu \u00f6vme&#8221; su\u00e7lar\u0131ndan iddianame d\u00fczenlendi. Komedyen Deniz G\u00f6kta\u015f hakk\u0131nda, &#8220;Cumhurba\u015fkan\u0131na hakaret&#8221;, &#8220;halk\u0131 kin ve d\u00fc\u015fmanl\u0131\u011fa tahrik&#8221; ve &#8220;su\u00e7u ve su\u00e7luyu \u00f6vme&#8221; su\u00e7lar\u0131ndan iddianame d\u00fczenlendi. Savc\u0131l\u0131k, G\u00f6kta\u015f&#8217;\u0131n 11 y\u0131l 2 aya kadar hapis cezas\u0131yla cezaland\u0131r\u0131lmas\u0131n\u0131 talep etti. Ba\u015fsavc\u0131l\u0131k a\u00e7\u0131klamas\u0131 \u015f\u00f6yle: &#8220;\u0130stanbul Cumhuriyet [&hellip;]<\/p>\n","protected":false},"author":12791,"featured_media":171494,"comment_status":"open","ping_status":"open","sticky":false,"template":"","format":"standard","meta":{"_yoast_wpseo_focuskw":"Deniz G\u00f6kta\u015f","_yoast_wpseo_title":"","_yoast_wpseo_metadesc":"G\u00f6kta\u015f hakk\u0131nda, \"Cumhurba\u015fkan\u0131na hakaret\", \"halk\u0131 kin ve d\u00fc\u015fmanl\u0131\u011fa tahrik\" ve \"su\u00e7u ve su\u00e7luyu \u00f6vme\" su\u00e7lar\u0131ndan iddianame d\u00fczenlendi.","_bbp_topic_count":0,"_bbp_reply_count":0,"_bbp_total_topic_count":0,"_bbp_total_reply_count":0,"_bbp_voice_count":0,"_bbp_anonymous_reply_count":0,"_bbp_topic_count_hidden":0,"_bbp_reply_count_hidden":0,"_bbp_forum_subforum_count":0,"footnotes":"","_yoast_wpseo_focuskw_text_input":""},"categories":[1,8138,8226],"tags":[11630,2243,11694,11631],"yoast_head":"<!-- This site is optimized with the Yoast SEO plugin v23.0 - https:\/\/yoast.com\/wordpress\/plugins\/seo\/ -->\n<title>Tutuklanan Deniz G\u00f6kta\u015f \u0130\u00e7in 11 y\u0131l 2 Ay Hapis Talebi - The Epoch Times TR<\/title>\n<meta name=\"description\" content=\"G\u00f6kta\u015f hakk\u0131nda, &quot;Cumhurba\u015fkan\u0131na hakaret&quot;, &quot;halk\u0131 kin ve d\u00fc\u015fmanl\u0131\u011fa tahrik&quot; ve &quot;su\u00e7u ve su\u00e7luyu \u00f6vme&quot; su\u00e7lar\u0131ndan iddianame d\u00fczenlendi.\" \/>\n<meta name=\"robots\" content=\"index, follow, max-snippet:-1, max-image-preview:large, max-video-preview:-1\" \/>\n<link rel=\"canonical\" href=\"https:\/\/epochtimestr.com\/index.php\/tutuklanan-deniz-goktas-icin-11-yil-2-ay-hapis-talebi\" \/>\n<meta property=\"og:locale\" content=\"tr_TR\" \/>\n<meta property=\"og:type\" content=\"article\" \/>\n<meta property=\"og:title\" content=\"Tutuklanan Deniz G\u00f6kta\u015f \u0130\u00e7in 11 y\u0131l 2 Ay Hapis Talebi - The Epoch Times TR\" \/>\n<meta property=\"og:description\" content=\"G\u00f6kta\u015f hakk\u0131nda, &quot;Cumhurba\u015fkan\u0131na hakaret&quot;, &quot;halk\u0131 kin ve d\u00fc\u015fmanl\u0131\u011fa tahrik&quot; ve &quot;su\u00e7u ve su\u00e7luyu \u00f6vme&quot; su\u00e7lar\u0131ndan iddianame d\u00fczenlendi.\" \/>\n<meta property=\"og:url\" content=\"https:\/\/epochtimestr.com\/index.php\/tutuklanan-deniz-goktas-icin-11-yil-2-ay-hapis-talebi\" \/>\n<meta property=\"og:site_name\" content=\"The Epoch Times TR\" \/>\n<meta property=\"article:publisher\" content=\"https:\/\/www.facebook.com\/theepochtimestr\" \/>\n<meta property=\"article:published_time\" content=\"2026-09-04T11:57:06+00:00\" \/>\n<meta property=\"article:modified_time\" content=\"2026-09-04T11:57:07+00:00\" \/>\n<meta property=\"og:image\" content=\"https:\/\/epochtimestr.com\/wp-content\/uploads\/2011y\/deniz-goktas-1.jpg\" \/>\n\t<meta property=\"og:image:width\" content=\"617\" \/>\n\t<meta property=\"og:image:height\" content=\"324\" \/>\n\t<meta property=\"og:image:type\" content=\"image\/jpeg\" \/>\n<meta name=\"author\" content=\"Haber Merkezi\" \/>\n<meta name=\"twitter:card\" content=\"summary_large_image\" \/>\n<meta name=\"twitter:creator\" content=\"@TheEpochTimesTR\" \/>\n<meta name=\"twitter:site\" content=\"@TheEpochTimesTR\" \/>\n<meta name=\"twitter:label1\" content=\"Yazan:\" \/>\n\t<meta name=\"twitter:data1\" content=\"Haber Merkezi\" \/>\n\t<meta name=\"twitter:label2\" content=\"Tahmini okuma s\u00fcresi\" \/>\n\t<meta name=\"twitter:data2\" content=\"2 dakika\" \/>\n<script type=\"application\/ld+json\" class=\"yoast-schema-graph\">{\"@context\":\"https:\/\/schema.org\",\"@graph\":[{\"@type\":\"Article\",\"@id\":\"https:\/\/epochtimestr.com\/index.php\/tutuklanan-deniz-goktas-icin-11-yil-2-ay-hapis-talebi#article\",\"isPartOf\":{\"@id\":\"https:\/\/epochtimestr.com\/index.php\/tutuklanan-deniz-goktas-icin-11-yil-2-ay-hapis-talebi\"},\"author\":{\"name\":\"Haber Merkezi\",\"@id\":\"https:\/\/epochtimestr.com\/#\/schema\/person\/3dc5c3adeb9f43923c5aa85889172fdd\"},\"headline\":\"Tutuklanan Deniz G\u00f6kta\u015f \u0130\u00e7in 11 y\u0131l 2 Ay Hapis Talebi\",\"datePublished\":\"2026-09-04T11:57:06+00:00\",\"dateModified\":\"2026-09-04T11:57:07+00:00\",\"mainEntityOfPage\":{\"@id\":\"https:\/\/epochtimestr.com\/index.php\/tutuklanan-deniz-goktas-icin-11-yil-2-ay-hapis-talebi\"},\"wordCount\":213,\"commentCount\":0,\"publisher\":{\"@id\":\"https:\/\/epochtimestr.com\/#organization\"},\"image\":{\"@id\":\"https:\/\/epochtimestr.com\/index.php\/tutuklanan-deniz-goktas-icin-11-yil-2-ay-hapis-talebi#primaryimage\"},\"thumbnailUrl\":\"https:\/\/epochtimestr.com\/wp-content\/uploads\/2011y\/deniz-goktas-1.jpg\",\"keywords\":[\"deniz g\u00f6kta\u015f\",\"hapis cezas\u0131\",\"iddianame\",\"\u0130stanbul Cumhuriyet Ba\u015fsavc\u0131l\u0131\u011f\u0131\"],\"articleSection\":[\"G\u00dcNDEM\",\"MAN\u015eET\",\"Siyaset\"],\"inLanguage\":\"tr\",\"potentialAction\":[{\"@type\":\"CommentAction\",\"name\":\"Comment\",\"target\":[\"https:\/\/epochtimestr.com\/index.php\/tutuklanan-deniz-goktas-icin-11-yil-2-ay-hapis-talebi#respond\"]}]},{\"@type\":\"WebPage\",\"@id\":\"https:\/\/epochtimestr.com\/index.php\/tutuklanan-deniz-goktas-icin-11-yil-2-ay-hapis-talebi\",\"url\":\"https:\/\/epochtimestr.com\/index.php\/tutuklanan-deniz-goktas-icin-11-yil-2-ay-hapis-talebi\",\"name\":\"Tutuklanan Deniz G\u00f6kta\u015f \u0130\u00e7in 11 y\u0131l 2 Ay Hapis Talebi - The Epoch Times TR\",\"isPartOf\":{\"@id\":\"https:\/\/epochtimestr.com\/#website\"},\"primaryImageOfPage\":{\"@id\":\"https:\/\/epochtimestr.com\/index.php\/tutuklanan-deniz-goktas-icin-11-yil-2-ay-hapis-talebi#primaryimage\"},\"image\":{\"@id\":\"https:\/\/epochtimestr.com\/index.php\/tutuklanan-deniz-goktas-icin-11-yil-2-ay-hapis-talebi#primaryimage\"},\"thumbnailUrl\":\"https:\/\/epochtimestr.com\/wp-content\/uploads\/2011y\/deniz-goktas-1.jpg\",\"datePublished\":\"2026-09-04T11:57:06+00:00\",\"dateModified\":\"2026-09-04T11:57:07+00:00\",\"description\":\"G\u00f6kta\u015f hakk\u0131nda, \\\"Cumhurba\u015fkan\u0131na hakaret\\\", \\\"halk\u0131 kin ve d\u00fc\u015fmanl\u0131\u011fa tahrik\\\" ve \\\"su\u00e7u ve su\u00e7luyu \u00f6vme\\\" su\u00e7lar\u0131ndan iddianame d\u00fczenlendi.\",\"inLanguage\":\"tr\",\"potentialAction\":[{\"@type\":\"ReadAction\",\"target\":[\"https:\/\/epochtimestr.com\/index.php\/tutuklanan-deniz-goktas-icin-11-yil-2-ay-hapis-talebi\"]}]},{\"@type\":\"ImageObject\",\"inLanguage\":\"tr\",\"@id\":\"https:\/\/epochtimestr.com\/index.php\/tutuklanan-deniz-goktas-icin-11-yil-2-ay-hapis-talebi#primaryimage\",\"url\":\"https:\/\/epochtimestr.com\/wp-content\/uploads\/2011y\/deniz-goktas-1.jpg\",\"contentUrl\":\"https:\/\/epochtimestr.com\/wp-content\/uploads\/2011y\/deniz-goktas-1.jpg\",\"width\":617,\"height\":324},{\"@type\":\"WebSite\",\"@id\":\"https:\/\/epochtimestr.com\/#website\",\"url\":\"https:\/\/epochtimestr.com\/\",\"name\":\"The Epoch Times TR\",\"description\":\"De\u011fi\u015fen D\u00fcnyam\u0131za Taze Bir Bak\u0131\u015f\",\"publisher\":{\"@id\":\"https:\/\/epochtimestr.com\/#organization\"},\"potentialAction\":[{\"@type\":\"SearchAction\",\"target\":{\"@type\":\"EntryPoint\",\"urlTemplate\":\"https:\/\/epochtimestr.com\/?s={search_term_string}\"},\"query-input\":\"required name=search_term_string\"}],\"inLanguage\":\"tr\"},{\"@type\":\"Organization\",\"@id\":\"https:\/\/epochtimestr.com\/#organization\",\"name\":\"The EpochTimes T\u00fcrkiye\",\"url\":\"https:\/\/epochtimestr.com\/\",\"logo\":{\"@type\":\"ImageObject\",\"inLanguage\":\"tr\",\"@id\":\"https:\/\/epochtimestr.com\/#\/schema\/logo\/image\/\",\"url\":\"https:\/\/epochtimestr.com\/wp-content\/uploads\/2011y\/ET-Logo-YG.jpg\",\"contentUrl\":\"https:\/\/epochtimestr.com\/wp-content\/uploads\/2011y\/ET-Logo-YG.jpg\",\"width\":346,\"height\":29,\"caption\":\"The EpochTimes T\u00fcrkiye\"},\"image\":{\"@id\":\"https:\/\/epochtimestr.com\/#\/schema\/logo\/image\/\"},\"sameAs\":[\"https:\/\/www.facebook.com\/theepochtimestr\",\"https:\/\/x.com\/TheEpochTimesTR\",\"https:\/\/www.instagram.com\/epochtimestr\"]},{\"@type\":\"Person\",\"@id\":\"https:\/\/epochtimestr.com\/#\/schema\/person\/3dc5c3adeb9f43923c5aa85889172fdd\",\"name\":\"Haber Merkezi\",\"image\":{\"@type\":\"ImageObject\",\"inLanguage\":\"tr\",\"@id\":\"https:\/\/epochtimestr.com\/#\/schema\/person\/image\/\",\"url\":\"https:\/\/secure.gravatar.com\/avatar\/d73f772ba5a74f28601361e17c2f93e6?s=96&d=mm&r=g\",\"contentUrl\":\"https:\/\/secure.gravatar.com\/avatar\/d73f772ba5a74f28601361e17c2f93e6?s=96&d=mm&r=g\",\"caption\":\"Haber Merkezi\"},\"url\":\"https:\/\/epochtimestr.com\/index.php\/author\/sendag\"}]}<\/script>\n<!-- \/ Yoast SEO plugin. -->","yoast_head_json":{"title":"Tutuklanan Deniz G\u00f6kta\u015f \u0130\u00e7in 11 y\u0131l 2 Ay Hapis Talebi - The Epoch Times TR","description":"G\u00f6kta\u015f hakk\u0131nda, \"Cumhurba\u015fkan\u0131na hakaret\", \"halk\u0131 kin ve d\u00fc\u015fmanl\u0131\u011fa tahrik\" ve \"su\u00e7u ve su\u00e7luyu \u00f6vme\" su\u00e7lar\u0131ndan iddianame d\u00fczenlendi.","robots":{"index":"index","follow":"follow","max-snippet":"max-snippet:-1","max-image-preview":"max-image-preview:large","max-video-preview":"max-video-preview:-1"},"canonical":"https:\/\/epochtimestr.com\/index.php\/tutuklanan-deniz-goktas-icin-11-yil-2-ay-hapis-talebi","og_locale":"tr_TR","og_type":"article","og_title":"Tutuklanan Deniz G\u00f6kta\u015f \u0130\u00e7in 11 y\u0131l 2 Ay Hapis Talebi - The Epoch Times TR","og_description":"G\u00f6kta\u015f hakk\u0131nda, \"Cumhurba\u015fkan\u0131na hakaret\", \"halk\u0131 kin ve d\u00fc\u015fmanl\u0131\u011fa tahrik\" ve \"su\u00e7u ve su\u00e7luyu \u00f6vme\" su\u00e7lar\u0131ndan iddianame d\u00fczenlendi.","og_url":"https:\/\/epochtimestr.com\/index.php\/tutuklanan-deniz-goktas-icin-11-yil-2-ay-hapis-talebi","og_site_name":"The Epoch Times TR","article_publisher":"https:\/\/www.facebook.com\/theepochtimestr","article_published_time":"2026-09-04T11:57:06+00:00","article_modified_time":"2026-09-04T11:57:07+00:00","og_image":[{"width":617,"height":324,"url":"https:\/\/epochtimestr.com\/wp-content\/uploads\/2011y\/deniz-goktas-1.jpg","type":"image\/jpeg"}],"author":"Haber Merkezi","twitter_card":"summary_large_image","twitter_creator":"@TheEpochTimesTR","twitter_site":"@TheEpochTimesTR","twitter_misc":{"Yazan:":"Haber Merkezi","Tahmini okuma s\u00fcresi":"2 dakika"},"schema":{"@context":"https:\/\/schema.org","@graph":[{"@type":"Article","@id":"https:\/\/epochtimestr.com\/index.php\/tutuklanan-deniz-goktas-icin-11-yil-2-ay-hapis-talebi#article","isPartOf":{"@id":"https:\/\/epochtimestr.com\/index.php\/tutuklanan-deniz-goktas-icin-11-yil-2-ay-hapis-talebi"},"author":{"name":"Haber Merkezi","@id":"https:\/\/epochtimestr.com\/#\/schema\/person\/3dc5c3adeb9f43923c5aa85889172fdd"},"headline":"Tutuklanan Deniz G\u00f6kta\u015f \u0130\u00e7in 11 y\u0131l 2 Ay Hapis Talebi","datePublished":"2026-09-04T11:57:06+00:00","dateModified":"2026-09-04T11:57:07+00:00","mainEntityOfPage":{"@id":"https:\/\/epochtimestr.com\/index.php\/tutuklanan-deniz-goktas-icin-11-yil-2-ay-hapis-talebi"},"wordCount":213,"commentCount":0,"publisher":{"@id":"https:\/\/epochtimestr.com\/#organization"},"image":{"@id":"https:\/\/epochtimestr.com\/index.php\/tutuklanan-deniz-goktas-icin-11-yil-2-ay-hapis-talebi#primaryimage"},"thumbnailUrl":"https:\/\/epochtimestr.com\/wp-content\/uploads\/2011y\/deniz-goktas-1.jpg","keywords":["deniz g\u00f6kta\u015f","hapis cezas\u0131","iddianame","\u0130stanbul Cumhuriyet Ba\u015fsavc\u0131l\u0131\u011f\u0131"],"articleSection":["G\u00dcNDEM","MAN\u015eET","Siyaset"],"inLanguage":"tr","potentialAction":[{"@type":"CommentAction","name":"Comment","target":["https:\/\/epochtimestr.com\/index.php\/tutuklanan-deniz-goktas-icin-11-yil-2-ay-hapis-talebi#respond"]}]},{"@type":"WebPage","@id":"https:\/\/epochtimestr.com\/index.php\/tutuklanan-deniz-goktas-icin-11-yil-2-ay-hapis-talebi","url":"https:\/\/epochtimestr.com\/index.php\/tutuklanan-deniz-goktas-icin-11-yil-2-ay-hapis-talebi","name":"Tutuklanan Deniz G\u00f6kta\u015f \u0130\u00e7in 11 y\u0131l 2 Ay Hapis Talebi - The Epoch Times TR","isPartOf":{"@id":"https:\/\/epochtimestr.com\/#website"},"primaryImageOfPage":{"@id":"https:\/\/epochtimestr.com\/index.php\/tutuklanan-deniz-goktas-icin-11-yil-2-ay-hapis-talebi#primaryimage"},"image":{"@id":"https:\/\/epochtimestr.com\/index.php\/tutuklanan-deniz-goktas-icin-11-yil-2-ay-hapis-talebi#primaryimage"},"thumbnailUrl":"https:\/\/epochtimestr.com\/wp-content\/uploads\/2011y\/deniz-goktas-1.jpg","datePublished":"2026-09-04T11:57:06+00:00","dateModified":"2026-09-04T11:57:07+00:00","description":"G\u00f6kta\u015f hakk\u0131nda, \"Cumhurba\u015fkan\u0131na hakaret\", \"halk\u0131 kin ve d\u00fc\u015fmanl\u0131\u011fa tahrik\" ve \"su\u00e7u ve su\u00e7luyu \u00f6vme\" su\u00e7lar\u0131ndan iddianame d\u00fczenlendi.","inLanguage":"tr","potentialAction":[{"@type":"ReadAction","target":["https:\/\/epochtimestr.com\/index.php\/tutuklanan-deniz-goktas-icin-11-yil-2-ay-hapis-talebi"]}]},{"@type":"ImageObject","inLanguage":"tr","@id":"https:\/\/epochtimestr.com\/index.php\/tutuklanan-deniz-goktas-icin-11-yil-2-ay-hapis-talebi#primaryimage","url":"https:\/\/epochtimestr.com\/wp-content\/uploads\/2011y\/deniz-goktas-1.jpg","contentUrl":"https:\/\/epochtimestr.com\/wp-content\/uploads\/2011y\/deniz-goktas-1.jpg","width":617,"height":324},{"@type":"WebSite","@id":"https:\/\/epochtimestr.com\/#website","url":"https:\/\/epochtimestr.com\/","name":"The Epoch Times TR","description":"De\u011fi\u015fen D\u00fcnyam\u0131za Taze Bir Bak\u0131\u015f","publisher":{"@id":"https:\/\/epochtimestr.com\/#organization"},"potentialAction":[{"@type":"SearchAction","target":{"@type":"EntryPoint","urlTemplate":"https:\/\/epochtimestr.com\/?s={search_term_string}"},"query-input":"required name=search_term_string"}],"inLanguage":"tr"},{"@type":"Organization","@id":"https:\/\/epochtimestr.com\/#organization","name":"The EpochTimes T\u00fcrkiye","url":"https:\/\/epochtimestr.com\/","logo":{"@type":"ImageObject","inLanguage":"tr","@id":"https:\/\/epochtimestr.com\/#\/schema\/logo\/image\/","url":"https:\/\/epochtimestr.com\/wp-content\/uploads\/2011y\/ET-Logo-YG.jpg","contentUrl":"https:\/\/epochtimestr.com\/wp-content\/uploads\/2011y\/ET-Logo-YG.jpg","width":346,"height":29,"caption":"The EpochTimes T\u00fcrkiye"},"image":{"@id":"https:\/\/epochtimestr.com\/#\/schema\/logo\/image\/"},"sameAs":["https:\/\/www.facebook.com\/theepochtimestr","https:\/\/x.com\/TheEpochTimesTR","https:\/\/www.instagram.com\/epochtimestr"]},{"@type":"Person","@id":"https:\/\/epochtimestr.com\/#\/schema\/person\/3dc5c3adeb9f43923c5aa85889172fdd","name":"Haber Merkezi","image":{"@type":"ImageObject","inLanguage":"tr","@id":"https:\/\/epochtimestr.com\/#\/schema\/person\/image\/","url":"https:\/\/secure.gravatar.com\/avatar\/d73f772ba5a74f28601361e17c2f93e6?s=96&d=mm&r=g","contentUrl":"https:\/\/secure.gravatar.com\/avatar\/d73f772ba5a74f28601361e17c2f93e6?s=96&d=mm&r=g","caption":"Haber Merkezi"},"url":"https:\/\/epochtimestr.com\/index.php\/author\/sendag"}]}},"_links":{"self":[{"href":"https:\/\/epochtimestr.com\/index.php\/wp-json\/wp\/v2\/posts\/171493"}],"collection":[{"href":"https:\/\/epochtimestr.com\/index.php\/wp-json\/wp\/v2\/posts"}],"about":[{"href":"https:\/\/epochtimestr.com\/index.php\/wp-json\/wp\/v2\/types\/post"}],"author":[{"embeddable":true,"href":"https:\/\/epochtimestr.com\/index.php\/wp-json\/wp\/v2\/users\/12791"}],"replies":[{"embeddable":true,"href":"https:\/\/epochtimestr.com\/index.php\/wp-json\/wp\/v2\/comments?post=171493"}],"version-history":[{"count":2,"href":"https:\/\/epochtimestr.com\/index.php\/wp-json\/wp\/v2\/posts\/171493\/revisions"}],"predecessor-version":[{"id":171506,"href":"https:\/\/epochtimestr.com\/index.php\/wp-json\/wp\/v2\/posts\/171493\/revisions\/171506"}],"wp:featuredmedia":[{"embeddable":true,"href":"https:\/\/epochtimestr.com\/index.php\/wp-json\/wp\/v2\/media\/171494"}],"wp:attachment":[{"href":"https:\/\/epochtimestr.com\/index.php\/wp-json\/wp\/v2\/media?parent=171493"}],"wp:term":[{"taxonomy":"category","embeddable":true,"href":"https:\/\/epochtimestr.com\/index.php\/wp-json\/wp\/v2\/categories?post=171493"},{"taxonomy":"post_tag","embeddable":true,"href":"https:\/\/epochtimestr.com\/index.php\/wp-json\/wp\/v2\/tags?post=171493"}],"curies":[{"name":"wp","href":"https:\/\/api.w.org\/{rel}","templated":true}]}}