{"id":171496,"date":"2026-09-04T14:58:31","date_gmt":"2026-09-04T11:58:31","guid":{"rendered":"https:\/\/epochtimestr.com\/?p=171496"},"modified":"2026-09-04T14:58:33","modified_gmt":"2026-09-04T11:58:33","slug":"berhan-simsek-chp-myk-uyeliginden-istifa-etti","status":"publish","type":"post","link":"https:\/\/epochtimestr.com\/index.php\/berhan-simsek-chp-myk-uyeliginden-istifa-etti","title":{"rendered":"Berhan \u015eim\u015fek CHP MYK \u00dcyeli\u011finden \u0130stifa Etti"},"content":{"rendered":"<div class=\"wp-block-image\">\n<figure class=\"aligncenter size-full\"><img loading=\"lazy\" decoding=\"async\" width=\"1280\" height=\"720\" src=\"https:\/\/epochtimestr.com\/wp-content\/uploads\/2011y\/chp-web.jpg\" alt=\"Berhan \u015eim\u015fek CHP MYK \u00dcyeli\u011finden \u0130stifa Etti (Foto\u011fraf: B.\u015eim\u015fek x hesab\u0131)\" class=\"wp-image-171497\" srcset=\"https:\/\/epochtimestr.com\/wp-content\/uploads\/2011y\/chp-web.jpg 1280w, https:\/\/epochtimestr.com\/wp-content\/uploads\/2011y\/chp-web-300x169.jpg 300w, https:\/\/epochtimestr.com\/wp-content\/uploads\/2011y\/chp-web-150x84.jpg 150w, https:\/\/epochtimestr.com\/wp-content\/uploads\/2011y\/chp-web-768x432.jpg 768w\" sizes=\"(max-width: 1280px) 100vw, 1280px\" \/><figcaption class=\"wp-element-caption\">                              Berhan \u015eim\u015fek CHP MYK \u00dcyeli\u011finden \u0130stifa Etti (Foto\u011fraf: B.\u015eim\u015fek x hesab\u0131)<\/figcaption><\/figure><\/div>\n\n\n<h2 class=\"wp-block-heading\">CHP Genel Ba\u015fkan Yard\u0131mc\u0131s\u0131 Berhan \u015eim\u015fek\u2019in, 10 y\u0131ld\u0131r birlikte oldu\u011fu \u00d6zlem \u015eanver\u2019e \u015fiddet uygulad\u0131\u011f\u0131 anlara ili\u015fkin g\u00f6r\u00fcnt\u00fcler ortaya \u00e7\u0131kt\u0131.<\/h2>\n\n\n\n<p>Berhan \u015eim\u015fek, hakk\u0131ndaki davalar sonu\u00e7lanana kadar CHP MYK \u00fcyeli\u011finden istifa etti\u011fini a\u00e7\u0131klad\u0131. <\/p>\n\n\n\n<p><a href=\"https:\/\/epochtimestr.com\/index.php\/chpden-istifa-eden-6-meclis-uyesi-akpye-gecti\" target=\"_blank\" rel=\"noreferrer noopener\">CHP<\/a>\u2019nin genel ba\u015fkanl\u0131\u011f\u0131na mahkeme karar\u0131yla getirilen Kemal K\u0131l\u0131\u00e7daro\u011flu&#8217;nun \u201cgenel ba\u015fkan yard\u0131mc\u0131s\u0131\u201d olarak g\u00f6revlendirdi\u011fi Berhan \u015eim\u015fek&#8217;in \u00d6zlem \u015eanver&#8217;e \u015fiddet uygulad\u0131\u011f\u0131 anlara ili\u015fkin g\u00f6r\u00fcnt\u00fcler ortaya \u00e7\u0131kt\u0131. G\u00f6r\u00fcnt\u00fclerin ortaya \u00e7\u0131kmas\u0131 sonras\u0131 Berhan \u015eim\u015fek, hakk\u0131ndaki davalar sonu\u00e7lanana kadar CHP MYK \u00fcyeli\u011finden <a href=\"https:\/\/epochtimestr.com\/index.php\/chpden-istifa-eden-6-meclis-uyesi-akpye-gecti\" target=\"_blank\" rel=\"noreferrer noopener\">istifa <\/a>etti\u011fini duyurdu.<\/p>\n\n\n\n<p>Sosyal medyada payla\u015f\u0131lan g\u00f6r\u00fcnt\u00fclerde \u015eim\u015fek\u2019in \u015eanver\u2019i darp ederek evin i\u00e7ine soktu\u011fu, \u015eanver\u2019in ise kurtulmaya \u00e7al\u0131\u015ft\u0131\u011f\u0131 g\u00f6r\u00fcl\u00fcyordu. \u015eim\u015fek hakk\u0131nda \u00d6zlem \u015eanver\u2019in ba\u015fvurusu \u00fczerine psikolojik ve fiziksel \u015fiddet nedeniyle uzakla\u015ft\u0131rma karar\u0131 verilmi\u015f, karar haziran ay\u0131nda iki ay daha uzat\u0131lm\u0131\u015ft\u0131.<\/p>\n","protected":false},"excerpt":{"rendered":"<p>CHP Genel Ba\u015fkan Yard\u0131mc\u0131s\u0131 Berhan \u015eim\u015fek\u2019in, 10 y\u0131ld\u0131r birlikte oldu\u011fu \u00d6zlem \u015eanver\u2019e \u015fiddet uygulad\u0131\u011f\u0131 anlara ili\u015fkin g\u00f6r\u00fcnt\u00fcler ortaya \u00e7\u0131kt\u0131. Berhan \u015eim\u015fek, hakk\u0131ndaki davalar sonu\u00e7lanana kadar CHP MYK \u00fcyeli\u011finden istifa etti\u011fini a\u00e7\u0131klad\u0131. CHP\u2019nin genel ba\u015fkanl\u0131\u011f\u0131na mahkeme karar\u0131yla getirilen Kemal K\u0131l\u0131\u00e7daro\u011flu&#8217;nun \u201cgenel ba\u015fkan yard\u0131mc\u0131s\u0131\u201d olarak g\u00f6revlendirdi\u011fi Berhan \u015eim\u015fek&#8217;in \u00d6zlem \u015eanver&#8217;e \u015fiddet uygulad\u0131\u011f\u0131 anlara ili\u015fkin g\u00f6r\u00fcnt\u00fcler ortaya \u00e7\u0131kt\u0131. [&hellip;]<\/p>\n","protected":false},"author":12791,"featured_media":171497,"comment_status":"open","ping_status":"open","sticky":false,"template":"","format":"standard","meta":{"_yoast_wpseo_focuskw":"Berhan - istifa","_yoast_wpseo_title":"","_yoast_wpseo_metadesc":"CHP Genel Ba\u015fkan Yard\u0131mc\u0131s\u0131 Berhan \u015eim\u015fek\u2019in, \u00d6zlem \u015eanver\u2019e \u015fiddet uygulad\u0131\u011f\u0131 anlara ili\u015fkin g\u00f6r\u00fcnt\u00fcler ortaya \u00e7\u0131kt\u0131.","_bbp_topic_count":0,"_bbp_reply_count":0,"_bbp_total_topic_count":0,"_bbp_total_reply_count":0,"_bbp_voice_count":0,"_bbp_anonymous_reply_count":0,"_bbp_topic_count_hidden":0,"_bbp_reply_count_hidden":0,"_bbp_forum_subforum_count":0,"footnotes":"","_yoast_wpseo_focuskw_text_input":""},"categories":[1,8138,8226],"tags":[12635,583,640,6215],"yoast_head":"<!-- This site is optimized with the Yoast SEO plugin v23.0 - https:\/\/yoast.com\/wordpress\/plugins\/seo\/ -->\n<title>Berhan \u015eim\u015fek CHP MYK \u00dcyeli\u011finden \u0130stifa Etti - The Epoch Times TR<\/title>\n<meta name=\"description\" content=\"CHP Genel Ba\u015fkan Yard\u0131mc\u0131s\u0131 Berhan \u015eim\u015fek\u2019in, \u00d6zlem \u015eanver\u2019e \u015fiddet uygulad\u0131\u011f\u0131 anlara ili\u015fkin g\u00f6r\u00fcnt\u00fcler ortaya \u00e7\u0131kt\u0131.\" \/>\n<meta name=\"robots\" content=\"index, follow, max-snippet:-1, max-image-preview:large, max-video-preview:-1\" \/>\n<link rel=\"canonical\" href=\"https:\/\/epochtimestr.com\/index.php\/berhan-simsek-chp-myk-uyeliginden-istifa-etti\" \/>\n<meta property=\"og:locale\" content=\"tr_TR\" \/>\n<meta property=\"og:type\" content=\"article\" \/>\n<meta property=\"og:title\" content=\"Berhan \u015eim\u015fek CHP MYK \u00dcyeli\u011finden \u0130stifa Etti - The Epoch Times TR\" \/>\n<meta property=\"og:description\" content=\"CHP Genel Ba\u015fkan Yard\u0131mc\u0131s\u0131 Berhan \u015eim\u015fek\u2019in, \u00d6zlem \u015eanver\u2019e \u015fiddet uygulad\u0131\u011f\u0131 anlara ili\u015fkin g\u00f6r\u00fcnt\u00fcler ortaya \u00e7\u0131kt\u0131.\" \/>\n<meta property=\"og:url\" content=\"https:\/\/epochtimestr.com\/index.php\/berhan-simsek-chp-myk-uyeliginden-istifa-etti\" \/>\n<meta property=\"og:site_name\" content=\"The Epoch Times TR\" \/>\n<meta property=\"article:publisher\" content=\"https:\/\/www.facebook.com\/theepochtimestr\" \/>\n<meta property=\"article:published_time\" content=\"2026-09-04T11:58:31+00:00\" \/>\n<meta property=\"article:modified_time\" content=\"2026-09-04T11:58:33+00:00\" \/>\n<meta property=\"og:image\" content=\"https:\/\/epochtimestr.com\/wp-content\/uploads\/2011y\/chp-web.jpg\" \/>\n\t<meta property=\"og:image:width\" content=\"1280\" \/>\n\t<meta property=\"og:image:height\" content=\"720\" \/>\n\t<meta property=\"og:image:type\" content=\"image\/jpeg\" \/>\n<meta name=\"author\" content=\"Haber Merkezi\" \/>\n<meta name=\"twitter:card\" content=\"summary_large_image\" \/>\n<meta name=\"twitter:creator\" content=\"@TheEpochTimesTR\" \/>\n<meta name=\"twitter:site\" content=\"@TheEpochTimesTR\" \/>\n<meta name=\"twitter:label1\" content=\"Yazan:\" \/>\n\t<meta name=\"twitter:data1\" content=\"Haber Merkezi\" \/>\n\t<meta name=\"twitter:label2\" content=\"Tahmini okuma s\u00fcresi\" \/>\n\t<meta name=\"twitter:data2\" content=\"2 dakika\" \/>\n<script type=\"application\/ld+json\" class=\"yoast-schema-graph\">{\"@context\":\"https:\/\/schema.org\",\"@graph\":[{\"@type\":\"Article\",\"@id\":\"https:\/\/epochtimestr.com\/index.php\/berhan-simsek-chp-myk-uyeliginden-istifa-etti#article\",\"isPartOf\":{\"@id\":\"https:\/\/epochtimestr.com\/index.php\/berhan-simsek-chp-myk-uyeliginden-istifa-etti\"},\"author\":{\"name\":\"Haber Merkezi\",\"@id\":\"https:\/\/epochtimestr.com\/#\/schema\/person\/3dc5c3adeb9f43923c5aa85889172fdd\"},\"headline\":\"Berhan \u015eim\u015fek CHP MYK \u00dcyeli\u011finden \u0130stifa Etti\",\"datePublished\":\"2026-09-04T11:58:31+00:00\",\"dateModified\":\"2026-09-04T11:58:33+00:00\",\"mainEntityOfPage\":{\"@id\":\"https:\/\/epochtimestr.com\/index.php\/berhan-simsek-chp-myk-uyeliginden-istifa-etti\"},\"wordCount\":199,\"commentCount\":0,\"publisher\":{\"@id\":\"https:\/\/epochtimestr.com\/#organization\"},\"image\":{\"@id\":\"https:\/\/epochtimestr.com\/index.php\/berhan-simsek-chp-myk-uyeliginden-istifa-etti#primaryimage\"},\"thumbnailUrl\":\"https:\/\/epochtimestr.com\/wp-content\/uploads\/2011y\/chp-web.jpg\",\"keywords\":[\"Behran \u015eim\u015fek\",\"CHP\",\"\u0130stifa\",\"myk\"],\"articleSection\":[\"G\u00dcNDEM\",\"MAN\u015eET\",\"Siyaset\"],\"inLanguage\":\"tr\",\"potentialAction\":[{\"@type\":\"CommentAction\",\"name\":\"Comment\",\"target\":[\"https:\/\/epochtimestr.com\/index.php\/berhan-simsek-chp-myk-uyeliginden-istifa-etti#respond\"]}]},{\"@type\":\"WebPage\",\"@id\":\"https:\/\/epochtimestr.com\/index.php\/berhan-simsek-chp-myk-uyeliginden-istifa-etti\",\"url\":\"https:\/\/epochtimestr.com\/index.php\/berhan-simsek-chp-myk-uyeliginden-istifa-etti\",\"name\":\"Berhan \u015eim\u015fek CHP MYK \u00dcyeli\u011finden \u0130stifa Etti - The Epoch Times TR\",\"isPartOf\":{\"@id\":\"https:\/\/epochtimestr.com\/#website\"},\"primaryImageOfPage\":{\"@id\":\"https:\/\/epochtimestr.com\/index.php\/berhan-simsek-chp-myk-uyeliginden-istifa-etti#primaryimage\"},\"image\":{\"@id\":\"https:\/\/epochtimestr.com\/index.php\/berhan-simsek-chp-myk-uyeliginden-istifa-etti#primaryimage\"},\"thumbnailUrl\":\"https:\/\/epochtimestr.com\/wp-content\/uploads\/2011y\/chp-web.jpg\",\"datePublished\":\"2026-09-04T11:58:31+00:00\",\"dateModified\":\"2026-09-04T11:58:33+00:00\",\"description\":\"CHP Genel Ba\u015fkan Yard\u0131mc\u0131s\u0131 Berhan \u015eim\u015fek\u2019in, \u00d6zlem \u015eanver\u2019e \u015fiddet uygulad\u0131\u011f\u0131 anlara ili\u015fkin g\u00f6r\u00fcnt\u00fcler ortaya \u00e7\u0131kt\u0131.\",\"inLanguage\":\"tr\",\"potentialAction\":[{\"@type\":\"ReadAction\",\"target\":[\"https:\/\/epochtimestr.com\/index.php\/berhan-simsek-chp-myk-uyeliginden-istifa-etti\"]}]},{\"@type\":\"ImageObject\",\"inLanguage\":\"tr\",\"@id\":\"https:\/\/epochtimestr.com\/index.php\/berhan-simsek-chp-myk-uyeliginden-istifa-etti#primaryimage\",\"url\":\"https:\/\/epochtimestr.com\/wp-content\/uploads\/2011y\/chp-web.jpg\",\"contentUrl\":\"https:\/\/epochtimestr.com\/wp-content\/uploads\/2011y\/chp-web.jpg\",\"width\":1280,\"height\":720},{\"@type\":\"WebSite\",\"@id\":\"https:\/\/epochtimestr.com\/#website\",\"url\":\"https:\/\/epochtimestr.com\/\",\"name\":\"The Epoch Times TR\",\"description\":\"De\u011fi\u015fen D\u00fcnyam\u0131za Taze Bir Bak\u0131\u015f\",\"publisher\":{\"@id\":\"https:\/\/epochtimestr.com\/#organization\"},\"potentialAction\":[{\"@type\":\"SearchAction\",\"target\":{\"@type\":\"EntryPoint\",\"urlTemplate\":\"https:\/\/epochtimestr.com\/?s={search_term_string}\"},\"query-input\":\"required name=search_term_string\"}],\"inLanguage\":\"tr\"},{\"@type\":\"Organization\",\"@id\":\"https:\/\/epochtimestr.com\/#organization\",\"name\":\"The EpochTimes T\u00fcrkiye\",\"url\":\"https:\/\/epochtimestr.com\/\",\"logo\":{\"@type\":\"ImageObject\",\"inLanguage\":\"tr\",\"@id\":\"https:\/\/epochtimestr.com\/#\/schema\/logo\/image\/\",\"url\":\"https:\/\/epochtimestr.com\/wp-content\/uploads\/2011y\/ET-Logo-YG.jpg\",\"contentUrl\":\"https:\/\/epochtimestr.com\/wp-content\/uploads\/2011y\/ET-Logo-YG.jpg\",\"width\":346,\"height\":29,\"caption\":\"The EpochTimes T\u00fcrkiye\"},\"image\":{\"@id\":\"https:\/\/epochtimestr.com\/#\/schema\/logo\/image\/\"},\"sameAs\":[\"https:\/\/www.facebook.com\/theepochtimestr\",\"https:\/\/x.com\/TheEpochTimesTR\",\"https:\/\/www.instagram.com\/epochtimestr\"]},{\"@type\":\"Person\",\"@id\":\"https:\/\/epochtimestr.com\/#\/schema\/person\/3dc5c3adeb9f43923c5aa85889172fdd\",\"name\":\"Haber Merkezi\",\"image\":{\"@type\":\"ImageObject\",\"inLanguage\":\"tr\",\"@id\":\"https:\/\/epochtimestr.com\/#\/schema\/person\/image\/\",\"url\":\"https:\/\/secure.gravatar.com\/avatar\/d73f772ba5a74f28601361e17c2f93e6?s=96&d=mm&r=g\",\"contentUrl\":\"https:\/\/secure.gravatar.com\/avatar\/d73f772ba5a74f28601361e17c2f93e6?s=96&d=mm&r=g\",\"caption\":\"Haber Merkezi\"},\"url\":\"https:\/\/epochtimestr.com\/index.php\/author\/sendag\"}]}<\/script>\n<!-- \/ Yoast SEO plugin. -->","yoast_head_json":{"title":"Berhan \u015eim\u015fek CHP MYK \u00dcyeli\u011finden \u0130stifa Etti - The Epoch Times TR","description":"CHP Genel Ba\u015fkan Yard\u0131mc\u0131s\u0131 Berhan \u015eim\u015fek\u2019in, \u00d6zlem \u015eanver\u2019e \u015fiddet uygulad\u0131\u011f\u0131 anlara ili\u015fkin g\u00f6r\u00fcnt\u00fcler ortaya \u00e7\u0131kt\u0131.","robots":{"index":"index","follow":"follow","max-snippet":"max-snippet:-1","max-image-preview":"max-image-preview:large","max-video-preview":"max-video-preview:-1"},"canonical":"https:\/\/epochtimestr.com\/index.php\/berhan-simsek-chp-myk-uyeliginden-istifa-etti","og_locale":"tr_TR","og_type":"article","og_title":"Berhan \u015eim\u015fek CHP MYK \u00dcyeli\u011finden \u0130stifa Etti - The Epoch Times TR","og_description":"CHP Genel Ba\u015fkan Yard\u0131mc\u0131s\u0131 Berhan \u015eim\u015fek\u2019in, \u00d6zlem \u015eanver\u2019e \u015fiddet uygulad\u0131\u011f\u0131 anlara ili\u015fkin g\u00f6r\u00fcnt\u00fcler ortaya \u00e7\u0131kt\u0131.","og_url":"https:\/\/epochtimestr.com\/index.php\/berhan-simsek-chp-myk-uyeliginden-istifa-etti","og_site_name":"The Epoch Times TR","article_publisher":"https:\/\/www.facebook.com\/theepochtimestr","article_published_time":"2026-09-04T11:58:31+00:00","article_modified_time":"2026-09-04T11:58:33+00:00","og_image":[{"width":1280,"height":720,"url":"https:\/\/epochtimestr.com\/wp-content\/uploads\/2011y\/chp-web.jpg","type":"image\/jpeg"}],"author":"Haber Merkezi","twitter_card":"summary_large_image","twitter_creator":"@TheEpochTimesTR","twitter_site":"@TheEpochTimesTR","twitter_misc":{"Yazan:":"Haber Merkezi","Tahmini okuma s\u00fcresi":"2 dakika"},"schema":{"@context":"https:\/\/schema.org","@graph":[{"@type":"Article","@id":"https:\/\/epochtimestr.com\/index.php\/berhan-simsek-chp-myk-uyeliginden-istifa-etti#article","isPartOf":{"@id":"https:\/\/epochtimestr.com\/index.php\/berhan-simsek-chp-myk-uyeliginden-istifa-etti"},"author":{"name":"Haber Merkezi","@id":"https:\/\/epochtimestr.com\/#\/schema\/person\/3dc5c3adeb9f43923c5aa85889172fdd"},"headline":"Berhan \u015eim\u015fek CHP MYK \u00dcyeli\u011finden \u0130stifa Etti","datePublished":"2026-09-04T11:58:31+00:00","dateModified":"2026-09-04T11:58:33+00:00","mainEntityOfPage":{"@id":"https:\/\/epochtimestr.com\/index.php\/berhan-simsek-chp-myk-uyeliginden-istifa-etti"},"wordCount":199,"commentCount":0,"publisher":{"@id":"https:\/\/epochtimestr.com\/#organization"},"image":{"@id":"https:\/\/epochtimestr.com\/index.php\/berhan-simsek-chp-myk-uyeliginden-istifa-etti#primaryimage"},"thumbnailUrl":"https:\/\/epochtimestr.com\/wp-content\/uploads\/2011y\/chp-web.jpg","keywords":["Behran \u015eim\u015fek","CHP","\u0130stifa","myk"],"articleSection":["G\u00dcNDEM","MAN\u015eET","Siyaset"],"inLanguage":"tr","potentialAction":[{"@type":"CommentAction","name":"Comment","target":["https:\/\/epochtimestr.com\/index.php\/berhan-simsek-chp-myk-uyeliginden-istifa-etti#respond"]}]},{"@type":"WebPage","@id":"https:\/\/epochtimestr.com\/index.php\/berhan-simsek-chp-myk-uyeliginden-istifa-etti","url":"https:\/\/epochtimestr.com\/index.php\/berhan-simsek-chp-myk-uyeliginden-istifa-etti","name":"Berhan \u015eim\u015fek CHP MYK \u00dcyeli\u011finden \u0130stifa Etti - The Epoch Times TR","isPartOf":{"@id":"https:\/\/epochtimestr.com\/#website"},"primaryImageOfPage":{"@id":"https:\/\/epochtimestr.com\/index.php\/berhan-simsek-chp-myk-uyeliginden-istifa-etti#primaryimage"},"image":{"@id":"https:\/\/epochtimestr.com\/index.php\/berhan-simsek-chp-myk-uyeliginden-istifa-etti#primaryimage"},"thumbnailUrl":"https:\/\/epochtimestr.com\/wp-content\/uploads\/2011y\/chp-web.jpg","datePublished":"2026-09-04T11:58:31+00:00","dateModified":"2026-09-04T11:58:33+00:00","description":"CHP Genel Ba\u015fkan Yard\u0131mc\u0131s\u0131 Berhan \u015eim\u015fek\u2019in, \u00d6zlem \u015eanver\u2019e \u015fiddet uygulad\u0131\u011f\u0131 anlara ili\u015fkin g\u00f6r\u00fcnt\u00fcler ortaya \u00e7\u0131kt\u0131.","inLanguage":"tr","potentialAction":[{"@type":"ReadAction","target":["https:\/\/epochtimestr.com\/index.php\/berhan-simsek-chp-myk-uyeliginden-istifa-etti"]}]},{"@type":"ImageObject","inLanguage":"tr","@id":"https:\/\/epochtimestr.com\/index.php\/berhan-simsek-chp-myk-uyeliginden-istifa-etti#primaryimage","url":"https:\/\/epochtimestr.com\/wp-content\/uploads\/2011y\/chp-web.jpg","contentUrl":"https:\/\/epochtimestr.com\/wp-content\/uploads\/2011y\/chp-web.jpg","width":1280,"height":720},{"@type":"WebSite","@id":"https:\/\/epochtimestr.com\/#website","url":"https:\/\/epochtimestr.com\/","name":"The Epoch Times TR","description":"De\u011fi\u015fen D\u00fcnyam\u0131za Taze Bir Bak\u0131\u015f","publisher":{"@id":"https:\/\/epochtimestr.com\/#organization"},"potentialAction":[{"@type":"SearchAction","target":{"@type":"EntryPoint","urlTemplate":"https:\/\/epochtimestr.com\/?s={search_term_string}"},"query-input":"required name=search_term_string"}],"inLanguage":"tr"},{"@type":"Organization","@id":"https:\/\/epochtimestr.com\/#organization","name":"The EpochTimes T\u00fcrkiye","url":"https:\/\/epochtimestr.com\/","logo":{"@type":"ImageObject","inLanguage":"tr","@id":"https:\/\/epochtimestr.com\/#\/schema\/logo\/image\/","url":"https:\/\/epochtimestr.com\/wp-content\/uploads\/2011y\/ET-Logo-YG.jpg","contentUrl":"https:\/\/epochtimestr.com\/wp-content\/uploads\/2011y\/ET-Logo-YG.jpg","width":346,"height":29,"caption":"The EpochTimes T\u00fcrkiye"},"image":{"@id":"https:\/\/epochtimestr.com\/#\/schema\/logo\/image\/"},"sameAs":["https:\/\/www.facebook.com\/theepochtimestr","https:\/\/x.com\/TheEpochTimesTR","https:\/\/www.instagram.com\/epochtimestr"]},{"@type":"Person","@id":"https:\/\/epochtimestr.com\/#\/schema\/person\/3dc5c3adeb9f43923c5aa85889172fdd","name":"Haber Merkezi","image":{"@type":"ImageObject","inLanguage":"tr","@id":"https:\/\/epochtimestr.com\/#\/schema\/person\/image\/","url":"https:\/\/secure.gravatar.com\/avatar\/d73f772ba5a74f28601361e17c2f93e6?s=96&d=mm&r=g","contentUrl":"https:\/\/secure.gravatar.com\/avatar\/d73f772ba5a74f28601361e17c2f93e6?s=96&d=mm&r=g","caption":"Haber Merkezi"},"url":"https:\/\/epochtimestr.com\/index.php\/author\/sendag"}]}},"_links":{"self":[{"href":"https:\/\/epochtimestr.com\/index.php\/wp-json\/wp\/v2\/posts\/171496"}],"collection":[{"href":"https:\/\/epochtimestr.com\/index.php\/wp-json\/wp\/v2\/posts"}],"about":[{"href":"https:\/\/epochtimestr.com\/index.php\/wp-json\/wp\/v2\/types\/post"}],"author":[{"embeddable":true,"href":"https:\/\/epochtimestr.com\/index.php\/wp-json\/wp\/v2\/users\/12791"}],"replies":[{"embeddable":true,"href":"https:\/\/epochtimestr.com\/index.php\/wp-json\/wp\/v2\/comments?post=171496"}],"version-history":[{"count":2,"href":"https:\/\/epochtimestr.com\/index.php\/wp-json\/wp\/v2\/posts\/171496\/revisions"}],"predecessor-version":[{"id":171507,"href":"https:\/\/epochtimestr.com\/index.php\/wp-json\/wp\/v2\/posts\/171496\/revisions\/171507"}],"wp:featuredmedia":[{"embeddable":true,"href":"https:\/\/epochtimestr.com\/index.php\/wp-json\/wp\/v2\/media\/171497"}],"wp:attachment":[{"href":"https:\/\/epochtimestr.com\/index.php\/wp-json\/wp\/v2\/media?parent=171496"}],"wp:term":[{"taxonomy":"category","embeddable":true,"href":"https:\/\/epochtimestr.com\/index.php\/wp-json\/wp\/v2\/categories?post=171496"},{"taxonomy":"post_tag","embeddable":true,"href":"https:\/\/epochtimestr.com\/index.php\/wp-json\/wp\/v2\/tags?post=171496"}],"curies":[{"name":"wp","href":"https:\/\/api.w.org\/{rel}","templated":true}]}}