{"id":171512,"date":"2026-09-04T21:41:45","date_gmt":"2026-09-04T18:41:45","guid":{"rendered":"https:\/\/epochtimestr.com\/?p=171512"},"modified":"2026-09-04T21:41:46","modified_gmt":"2026-09-04T18:41:46","slug":"dunun-kokusu-bugunun-ozlemi-bir-cumartesi-ritueli","status":"publish","type":"post","link":"https:\/\/epochtimestr.com\/index.php\/dunun-kokusu-bugunun-ozlemi-bir-cumartesi-ritueli","title":{"rendered":"D\u00fcn\u00fcn Kokusu Bug\u00fcn\u00fcn \u00d6zlemi: Bir Cumartesi Rit\u00fceli"},"content":{"rendered":"\n<p>Cumartesi \u00f6\u011fleden sonralar\u0131, bizim aile i\u00e7in sadece haftan\u0131n sonu de\u011fil, \u00e7ocuklu\u011fumun en masals\u0131 yolculu\u011funun ba\u015flang\u0131c\u0131yd\u0131. Haz\u0131rlan\u0131r, solu\u011fu Sultanahmet\u2019te oturan babaannemle dedemin yan\u0131nda al\u0131rd\u0131k. \u00dc\u00e7 katl\u0131, cumbal\u0131, zamana direnen ah\u015fap bir evde otururlard\u0131. Biz kap\u0131dan girer girmez evde tatl\u0131 bir curcuna ba\u015flard\u0131. Amcam, bitmek bilmeyen enerjimizi dizginlemek ve bizi oyalamak i\u00e7in hemen saklamba\u00e7 oynat\u0131rd\u0131. Evin arka taraf\u0131ndaki bah\u00e7eden ba\u015flar, \u00fc\u00e7\u00fcnc\u00fc kata kadar g\u0131c\u0131rdayan o ah\u015fap merdivenleri ko\u015farak t\u0131rman\u0131rd\u0131k. Dolap i\u00e7leri, koltuk arkalar\u0131\u2026 Nereye bulursak saklan\u0131rd\u0131k, sesimiz evi \u00e7\u0131nlat\u0131rd\u0131.<\/p>\n\n\n\n<p>Biz yukar\u0131da d\u00fcnyay\u0131 unutmu\u015fken, a\u015fa\u011f\u0131da, bah\u00e7e giri\u015findeki mutfakta hummal\u0131 bir \u00e7al\u0131\u015fma y\u00fcr\u00fct\u00fcl\u00fcrd\u00fc. Annemlerin haz\u0131rlad\u0131\u011f\u0131 ak\u015fam yeme\u011finin kokular\u0131 buram buram etrafa da\u011f\u0131l\u0131rd\u0131. Babaannem Tatar as\u0131ll\u0131 bir Bulgar g\u00f6\u00e7meniydi; buraya ait, i\u00e7i k\u0131ymal\u0131 o \u00f6zel ve nefis g\u00f6\u00e7men d\u0131zmanay\u0131 haz\u0131rlard\u0131. Annem de klasik bir gelin olarak ona yard\u0131m ederdi. Tabii biz oyun tela\u015f\u0131yla arada ayak alt\u0131nda ko\u015fturunca babaannemin surat\u0131 as\u0131l\u0131r, hafif\u00e7e azarlard\u0131 bizi. Durum art\u0131k dayan\u0131lmaz bir g\u00fcr\u00fclt\u00fcye d\u00f6n\u00fc\u015ft\u00fc\u011f\u00fcnde ise dedem devreye girerdi. Bizleri etraf\u0131na toplar, k\u00fc\u00e7\u00fck karde\u015fimi dizine oturturdu. Hepimiz p\u00fcr dikkat kesilirdik. Dedem o kendine has sesiyle, &#8220;Masal <a href=\"https:\/\/epochtimestr.com\/index.php\/hans-christian-andersenin-yaban-kugulari-masali\" target=\"_blank\" rel=\"noreferrer noopener\">masal<\/a> matidas \/ Okka bokka matitas \/ \u00c7ukura d\u00fc\u015fm\u00fc\u015f \u00e7\u0131kamaz \/ Padi\u015fah gelse kurtaramaz\u2026&#8221; diye tekerlemeye ba\u015flad\u0131\u011f\u0131 an, koca evde \u00e7\u0131t bile \u00e7\u0131kmazd\u0131.<\/p>\n\n\n\n<p>Ak\u015fam yeme\u011finin ard\u0131ndan, o g\u00fczel g\u00fcn\u00fcn yorgunlu\u011fuyla trenle eve d\u00f6nerdik. Eski banliy\u00f6 trenlerinin bamba\u015fka bir b\u00fcy\u00fcs\u00fc, bir ayr\u0131cal\u0131\u011f\u0131 vard\u0131 sanki. Raylar\u0131n \u00fczerinde tatl\u0131 tatl\u0131 sallanarak, eve kadar yar\u0131 uyur yar\u0131 uyan\u0131k gelirdik. Annem kap\u0131dan girerken, g\u00fcn boyu yapt\u0131\u011f\u0131m\u0131z yaramazl\u0131klar\u0131n hesab\u0131n\u0131 ertesi g\u00fcn soraca\u011f\u0131n\u0131 s\u00f6yler, parmak sallard\u0131. Hemen eller ayaklar y\u0131kan\u0131r, di\u015fler f\u0131r\u00e7alan\u0131r ve ko\u015farak yata\u011fa gidilirdi.<br \/>Ancak ertesi sabah kalkt\u0131\u011f\u0131m\u0131zda, annem her \u015feyi \u00e7oktan unutmu\u015f olurdu. Sabah kahvalt\u0131s\u0131n\u0131 haz\u0131rlam\u0131\u015f, sobada ekmekleri \u00e7oktan k\u0131zartm\u0131\u015ft\u0131 bile. Kar\u015f\u0131m\u0131zda m\u00fckellef bir pazar sabah\u0131 kahvalt\u0131s\u0131 dururdu. Kendi elleriyle yapt\u0131\u011f\u0131 o re\u00e7ellerin tad\u0131 h\u00e2l\u00e2 dama\u011f\u0131mdad\u0131r. <\/p>\n\n\n\n<p>Babam masaya oturmu\u015f, k\u0131zarm\u0131\u015f ekmekleri ya\u011flamakla me\u015fgul olur; herkesin taba\u011f\u0131na kahvalt\u0131l\u0131klar\u0131 servis eder, yumurtalar\u0131 soymu\u015f, haz\u0131r bir \u015fekilde bizi beklerdi. Bu esnada radyoda \u00e7alan Yes\u00e2ri \u00c2s\u0131m Arsoy&#8217;a ait o klasik U\u015f\u015fak eser, Safiye Ayla&#8217;n\u0131n sesiyle yank\u0131lan\u0131rd\u0131: &#8220;Menek\u015fe g\u00f6zler h\u00fclyal\u0131\u2026&#8221; Babam b\u00fcy\u00fck bir keyifle bu \u015fark\u0131ya e\u015flik ederdi. Herkes sofrada yerini ald\u0131ktan sonra, o g\u00fcn\u00fcn plan\u0131 program\u0131 ne\u015feyle yap\u0131l\u0131rd\u0131. Annemde ise d\u00fcnk\u00fc k\u0131zg\u0131nl\u0131ktan eser kalmaz, y\u00fcz\u00fc g\u00fclerdi.<\/p>\n\n\n\n<p>Bug\u00fcn geriye d\u00f6n\u00fcp bakt\u0131\u011f\u0131mda, eski g\u00fcnlere olan o \u00f6zlemin i\u00e7imizde hi\u00e7 bitmedi\u011fini anl\u0131yorum. \u0130nsanlar\u0131n birbirine kar\u015f\u0131 olan nezaketi, sayg\u0131s\u0131 ve ho\u015fg\u00f6r\u00fcl\u00fc yakla\u015f\u0131m\u0131 o zamanlar ne kadar do\u011fald\u0131. Y\u00fczlerdeki o kocaman g\u00fcl\u00fcmsemeden, sokakta kar\u015f\u0131la\u015ft\u0131\u011f\u0131n\u0131zda verilen i\u00e7ten bir selamdan ve sorulan hal hat\u0131rdan belli de\u011fil miydi zaten her \u015fey? Belki de o ah\u015fap evlerle birlikte, hayat\u0131m\u0131z\u0131n o en zarif sayfalar\u0131n\u0131 da ge\u00e7mi\u015fte b\u0131rakt\u0131k.<\/p>\n","protected":false},"excerpt":{"rendered":"<p>Cumartesi \u00f6\u011fleden sonralar\u0131, bizim aile i\u00e7in sadece haftan\u0131n sonu de\u011fil, \u00e7ocuklu\u011fumun en masals\u0131 yolculu\u011funun ba\u015flang\u0131c\u0131yd\u0131. Haz\u0131rlan\u0131r, solu\u011fu Sultanahmet\u2019te oturan babaannemle dedemin yan\u0131nda al\u0131rd\u0131k. \u00dc\u00e7 katl\u0131, cumbal\u0131, zamana direnen ah\u015fap bir evde otururlard\u0131. Biz kap\u0131dan girer girmez evde tatl\u0131 bir curcuna ba\u015flard\u0131. Amcam, bitmek bilmeyen enerjimizi dizginlemek ve bizi oyalamak i\u00e7in hemen saklamba\u00e7 oynat\u0131rd\u0131. Evin arka [&hellip;]<\/p>\n","protected":false},"author":13981,"featured_media":143405,"comment_status":"open","ping_status":"open","sticky":false,"template":"","format":"standard","meta":{"_yoast_wpseo_focuskw":"cumartesi","_yoast_wpseo_title":"","_yoast_wpseo_metadesc":"Cumartesi \u00f6\u011fleden sonralar\u0131, bizim aile i\u00e7in sadece haftan\u0131n sonu de\u011fil, \u00e7ocuklu\u011fumun en masals\u0131 yolculu\u011funun ba\u015flang\u0131c\u0131yd\u0131.","_bbp_topic_count":0,"_bbp_reply_count":0,"_bbp_total_topic_count":0,"_bbp_total_reply_count":0,"_bbp_voice_count":0,"_bbp_anonymous_reply_count":0,"_bbp_topic_count_hidden":0,"_bbp_reply_count_hidden":0,"_bbp_forum_subforum_count":0,"footnotes":"","_yoast_wpseo_focuskw_text_input":""},"categories":[8413],"tags":[12641,12640,12639,3210],"yoast_head":"<!-- This site is optimized with the Yoast SEO plugin v23.0 - https:\/\/yoast.com\/wordpress\/plugins\/seo\/ -->\n<title>D\u00fcn\u00fcn Kokusu Bug\u00fcn\u00fcn \u00d6zlemi: Bir Cumartesi Rit\u00fceli - The Epoch Times TR<\/title>\n<meta name=\"description\" content=\"Cumartesi \u00f6\u011fleden sonralar\u0131, bizim aile i\u00e7in sadece haftan\u0131n sonu de\u011fil, \u00e7ocuklu\u011fumun en masals\u0131 yolculu\u011funun ba\u015flang\u0131c\u0131yd\u0131.\" \/>\n<meta name=\"robots\" content=\"index, follow, max-snippet:-1, max-image-preview:large, max-video-preview:-1\" \/>\n<link rel=\"canonical\" href=\"https:\/\/epochtimestr.com\/index.php\/dunun-kokusu-bugunun-ozlemi-bir-cumartesi-ritueli\" \/>\n<meta property=\"og:locale\" content=\"tr_TR\" \/>\n<meta property=\"og:type\" content=\"article\" \/>\n<meta property=\"og:title\" content=\"D\u00fcn\u00fcn Kokusu Bug\u00fcn\u00fcn \u00d6zlemi: Bir Cumartesi Rit\u00fceli - The Epoch Times TR\" \/>\n<meta property=\"og:description\" content=\"Cumartesi \u00f6\u011fleden sonralar\u0131, bizim aile i\u00e7in sadece haftan\u0131n sonu de\u011fil, \u00e7ocuklu\u011fumun en masals\u0131 yolculu\u011funun ba\u015flang\u0131c\u0131yd\u0131.\" \/>\n<meta property=\"og:url\" content=\"https:\/\/epochtimestr.com\/index.php\/dunun-kokusu-bugunun-ozlemi-bir-cumartesi-ritueli\" \/>\n<meta property=\"og:site_name\" content=\"The Epoch Times TR\" \/>\n<meta property=\"article:publisher\" content=\"https:\/\/www.facebook.com\/theepochtimestr\" \/>\n<meta property=\"article:published_time\" content=\"2026-09-04T18:41:45+00:00\" \/>\n<meta property=\"article:modified_time\" content=\"2026-09-04T18:41:46+00:00\" \/>\n<meta property=\"og:image\" content=\"https:\/\/epochtimestr.com\/wp-content\/uploads\/2011y\/Reyhan_Corbaci.png\" \/>\n\t<meta property=\"og:image:width\" content=\"150\" \/>\n\t<meta property=\"og:image:height\" content=\"150\" \/>\n\t<meta property=\"og:image:type\" content=\"image\/png\" \/>\n<meta name=\"author\" content=\"Reyhan \u00c7orbac\u0131\" \/>\n<meta name=\"twitter:card\" content=\"summary_large_image\" \/>\n<meta name=\"twitter:creator\" content=\"@TheEpochTimesTR\" \/>\n<meta name=\"twitter:site\" content=\"@TheEpochTimesTR\" \/>\n<meta name=\"twitter:label1\" content=\"Yazan:\" \/>\n\t<meta name=\"twitter:data1\" content=\"Reyhan \u00c7orbac\u0131\" \/>\n\t<meta name=\"twitter:label2\" content=\"Tahmini okuma s\u00fcresi\" \/>\n\t<meta name=\"twitter:data2\" content=\"3 dakika\" \/>\n<script type=\"application\/ld+json\" class=\"yoast-schema-graph\">{\"@context\":\"https:\/\/schema.org\",\"@graph\":[{\"@type\":\"Article\",\"@id\":\"https:\/\/epochtimestr.com\/index.php\/dunun-kokusu-bugunun-ozlemi-bir-cumartesi-ritueli#article\",\"isPartOf\":{\"@id\":\"https:\/\/epochtimestr.com\/index.php\/dunun-kokusu-bugunun-ozlemi-bir-cumartesi-ritueli\"},\"author\":{\"name\":\"Reyhan \u00c7orbac\u0131\",\"@id\":\"https:\/\/epochtimestr.com\/#\/schema\/person\/68cb304e55f0b73a4e785d2cd1ba5308\"},\"headline\":\"D\u00fcn\u00fcn Kokusu Bug\u00fcn\u00fcn \u00d6zlemi: Bir Cumartesi Rit\u00fceli\",\"datePublished\":\"2026-09-04T18:41:45+00:00\",\"dateModified\":\"2026-09-04T18:41:46+00:00\",\"mainEntityOfPage\":{\"@id\":\"https:\/\/epochtimestr.com\/index.php\/dunun-kokusu-bugunun-ozlemi-bir-cumartesi-ritueli\"},\"wordCount\":605,\"commentCount\":0,\"publisher\":{\"@id\":\"https:\/\/epochtimestr.com\/#organization\"},\"image\":{\"@id\":\"https:\/\/epochtimestr.com\/index.php\/dunun-kokusu-bugunun-ozlemi-bir-cumartesi-ritueli#primaryimage\"},\"thumbnailUrl\":\"https:\/\/epochtimestr.com\/wp-content\/uploads\/2011y\/Reyhan_Corbaci.png\",\"keywords\":[\"an\u0131lar\",\"Cumartesi\",\"Masal Masal Mamtitas\",\"\u00f6zlem\"],\"articleSection\":[\"K\u00f6\u015fe Yaz\u0131lar\u0131 Reyhan \u00c7orbac\u0131\"],\"inLanguage\":\"tr\",\"potentialAction\":[{\"@type\":\"CommentAction\",\"name\":\"Comment\",\"target\":[\"https:\/\/epochtimestr.com\/index.php\/dunun-kokusu-bugunun-ozlemi-bir-cumartesi-ritueli#respond\"]}]},{\"@type\":\"WebPage\",\"@id\":\"https:\/\/epochtimestr.com\/index.php\/dunun-kokusu-bugunun-ozlemi-bir-cumartesi-ritueli\",\"url\":\"https:\/\/epochtimestr.com\/index.php\/dunun-kokusu-bugunun-ozlemi-bir-cumartesi-ritueli\",\"name\":\"D\u00fcn\u00fcn Kokusu Bug\u00fcn\u00fcn \u00d6zlemi: Bir Cumartesi Rit\u00fceli - The Epoch Times TR\",\"isPartOf\":{\"@id\":\"https:\/\/epochtimestr.com\/#website\"},\"primaryImageOfPage\":{\"@id\":\"https:\/\/epochtimestr.com\/index.php\/dunun-kokusu-bugunun-ozlemi-bir-cumartesi-ritueli#primaryimage\"},\"image\":{\"@id\":\"https:\/\/epochtimestr.com\/index.php\/dunun-kokusu-bugunun-ozlemi-bir-cumartesi-ritueli#primaryimage\"},\"thumbnailUrl\":\"https:\/\/epochtimestr.com\/wp-content\/uploads\/2011y\/Reyhan_Corbaci.png\",\"datePublished\":\"2026-09-04T18:41:45+00:00\",\"dateModified\":\"2026-09-04T18:41:46+00:00\",\"description\":\"Cumartesi \u00f6\u011fleden sonralar\u0131, bizim aile i\u00e7in sadece haftan\u0131n sonu de\u011fil, \u00e7ocuklu\u011fumun en masals\u0131 yolculu\u011funun ba\u015flang\u0131c\u0131yd\u0131.\",\"inLanguage\":\"tr\",\"potentialAction\":[{\"@type\":\"ReadAction\",\"target\":[\"https:\/\/epochtimestr.com\/index.php\/dunun-kokusu-bugunun-ozlemi-bir-cumartesi-ritueli\"]}]},{\"@type\":\"ImageObject\",\"inLanguage\":\"tr\",\"@id\":\"https:\/\/epochtimestr.com\/index.php\/dunun-kokusu-bugunun-ozlemi-bir-cumartesi-ritueli#primaryimage\",\"url\":\"https:\/\/epochtimestr.com\/wp-content\/uploads\/2011y\/Reyhan_Corbaci.png\",\"contentUrl\":\"https:\/\/epochtimestr.com\/wp-content\/uploads\/2011y\/Reyhan_Corbaci.png\",\"width\":150,\"height\":150},{\"@type\":\"WebSite\",\"@id\":\"https:\/\/epochtimestr.com\/#website\",\"url\":\"https:\/\/epochtimestr.com\/\",\"name\":\"The Epoch Times TR\",\"description\":\"De\u011fi\u015fen D\u00fcnyam\u0131za Taze Bir Bak\u0131\u015f\",\"publisher\":{\"@id\":\"https:\/\/epochtimestr.com\/#organization\"},\"potentialAction\":[{\"@type\":\"SearchAction\",\"target\":{\"@type\":\"EntryPoint\",\"urlTemplate\":\"https:\/\/epochtimestr.com\/?s={search_term_string}\"},\"query-input\":\"required name=search_term_string\"}],\"inLanguage\":\"tr\"},{\"@type\":\"Organization\",\"@id\":\"https:\/\/epochtimestr.com\/#organization\",\"name\":\"The EpochTimes T\u00fcrkiye\",\"url\":\"https:\/\/epochtimestr.com\/\",\"logo\":{\"@type\":\"ImageObject\",\"inLanguage\":\"tr\",\"@id\":\"https:\/\/epochtimestr.com\/#\/schema\/logo\/image\/\",\"url\":\"https:\/\/epochtimestr.com\/wp-content\/uploads\/2011y\/ET-Logo-YG.jpg\",\"contentUrl\":\"https:\/\/epochtimestr.com\/wp-content\/uploads\/2011y\/ET-Logo-YG.jpg\",\"width\":346,\"height\":29,\"caption\":\"The EpochTimes T\u00fcrkiye\"},\"image\":{\"@id\":\"https:\/\/epochtimestr.com\/#\/schema\/logo\/image\/\"},\"sameAs\":[\"https:\/\/www.facebook.com\/theepochtimestr\",\"https:\/\/x.com\/TheEpochTimesTR\",\"https:\/\/www.instagram.com\/epochtimestr\"]},{\"@type\":\"Person\",\"@id\":\"https:\/\/epochtimestr.com\/#\/schema\/person\/68cb304e55f0b73a4e785d2cd1ba5308\",\"name\":\"Reyhan \u00c7orbac\u0131\",\"image\":{\"@type\":\"ImageObject\",\"inLanguage\":\"tr\",\"@id\":\"https:\/\/epochtimestr.com\/#\/schema\/person\/image\/\",\"url\":\"https:\/\/secure.gravatar.com\/avatar\/8bceee79f3a75100aa05f62a5dd2a5b0?s=96&d=mm&r=g\",\"contentUrl\":\"https:\/\/secure.gravatar.com\/avatar\/8bceee79f3a75100aa05f62a5dd2a5b0?s=96&d=mm&r=g\",\"caption\":\"Reyhan \u00c7orbac\u0131\"},\"url\":\"https:\/\/epochtimestr.com\/index.php\/author\/reyhan\"}]}<\/script>\n<!-- \/ Yoast SEO plugin. -->","yoast_head_json":{"title":"D\u00fcn\u00fcn Kokusu Bug\u00fcn\u00fcn \u00d6zlemi: Bir Cumartesi Rit\u00fceli - The Epoch Times TR","description":"Cumartesi \u00f6\u011fleden sonralar\u0131, bizim aile i\u00e7in sadece haftan\u0131n sonu de\u011fil, \u00e7ocuklu\u011fumun en masals\u0131 yolculu\u011funun ba\u015flang\u0131c\u0131yd\u0131.","robots":{"index":"index","follow":"follow","max-snippet":"max-snippet:-1","max-image-preview":"max-image-preview:large","max-video-preview":"max-video-preview:-1"},"canonical":"https:\/\/epochtimestr.com\/index.php\/dunun-kokusu-bugunun-ozlemi-bir-cumartesi-ritueli","og_locale":"tr_TR","og_type":"article","og_title":"D\u00fcn\u00fcn Kokusu Bug\u00fcn\u00fcn \u00d6zlemi: Bir Cumartesi Rit\u00fceli - The Epoch Times TR","og_description":"Cumartesi \u00f6\u011fleden sonralar\u0131, bizim aile i\u00e7in sadece haftan\u0131n sonu de\u011fil, \u00e7ocuklu\u011fumun en masals\u0131 yolculu\u011funun ba\u015flang\u0131c\u0131yd\u0131.","og_url":"https:\/\/epochtimestr.com\/index.php\/dunun-kokusu-bugunun-ozlemi-bir-cumartesi-ritueli","og_site_name":"The Epoch Times TR","article_publisher":"https:\/\/www.facebook.com\/theepochtimestr","article_published_time":"2026-09-04T18:41:45+00:00","article_modified_time":"2026-09-04T18:41:46+00:00","og_image":[{"width":150,"height":150,"url":"https:\/\/epochtimestr.com\/wp-content\/uploads\/2011y\/Reyhan_Corbaci.png","type":"image\/png"}],"author":"Reyhan \u00c7orbac\u0131","twitter_card":"summary_large_image","twitter_creator":"@TheEpochTimesTR","twitter_site":"@TheEpochTimesTR","twitter_misc":{"Yazan:":"Reyhan \u00c7orbac\u0131","Tahmini okuma s\u00fcresi":"3 dakika"},"schema":{"@context":"https:\/\/schema.org","@graph":[{"@type":"Article","@id":"https:\/\/epochtimestr.com\/index.php\/dunun-kokusu-bugunun-ozlemi-bir-cumartesi-ritueli#article","isPartOf":{"@id":"https:\/\/epochtimestr.com\/index.php\/dunun-kokusu-bugunun-ozlemi-bir-cumartesi-ritueli"},"author":{"name":"Reyhan \u00c7orbac\u0131","@id":"https:\/\/epochtimestr.com\/#\/schema\/person\/68cb304e55f0b73a4e785d2cd1ba5308"},"headline":"D\u00fcn\u00fcn Kokusu Bug\u00fcn\u00fcn \u00d6zlemi: Bir Cumartesi Rit\u00fceli","datePublished":"2026-09-04T18:41:45+00:00","dateModified":"2026-09-04T18:41:46+00:00","mainEntityOfPage":{"@id":"https:\/\/epochtimestr.com\/index.php\/dunun-kokusu-bugunun-ozlemi-bir-cumartesi-ritueli"},"wordCount":605,"commentCount":0,"publisher":{"@id":"https:\/\/epochtimestr.com\/#organization"},"image":{"@id":"https:\/\/epochtimestr.com\/index.php\/dunun-kokusu-bugunun-ozlemi-bir-cumartesi-ritueli#primaryimage"},"thumbnailUrl":"https:\/\/epochtimestr.com\/wp-content\/uploads\/2011y\/Reyhan_Corbaci.png","keywords":["an\u0131lar","Cumartesi","Masal Masal Mamtitas","\u00f6zlem"],"articleSection":["K\u00f6\u015fe Yaz\u0131lar\u0131 Reyhan \u00c7orbac\u0131"],"inLanguage":"tr","potentialAction":[{"@type":"CommentAction","name":"Comment","target":["https:\/\/epochtimestr.com\/index.php\/dunun-kokusu-bugunun-ozlemi-bir-cumartesi-ritueli#respond"]}]},{"@type":"WebPage","@id":"https:\/\/epochtimestr.com\/index.php\/dunun-kokusu-bugunun-ozlemi-bir-cumartesi-ritueli","url":"https:\/\/epochtimestr.com\/index.php\/dunun-kokusu-bugunun-ozlemi-bir-cumartesi-ritueli","name":"D\u00fcn\u00fcn Kokusu Bug\u00fcn\u00fcn \u00d6zlemi: Bir Cumartesi Rit\u00fceli - The Epoch Times TR","isPartOf":{"@id":"https:\/\/epochtimestr.com\/#website"},"primaryImageOfPage":{"@id":"https:\/\/epochtimestr.com\/index.php\/dunun-kokusu-bugunun-ozlemi-bir-cumartesi-ritueli#primaryimage"},"image":{"@id":"https:\/\/epochtimestr.com\/index.php\/dunun-kokusu-bugunun-ozlemi-bir-cumartesi-ritueli#primaryimage"},"thumbnailUrl":"https:\/\/epochtimestr.com\/wp-content\/uploads\/2011y\/Reyhan_Corbaci.png","datePublished":"2026-09-04T18:41:45+00:00","dateModified":"2026-09-04T18:41:46+00:00","description":"Cumartesi \u00f6\u011fleden sonralar\u0131, bizim aile i\u00e7in sadece haftan\u0131n sonu de\u011fil, \u00e7ocuklu\u011fumun en masals\u0131 yolculu\u011funun ba\u015flang\u0131c\u0131yd\u0131.","inLanguage":"tr","potentialAction":[{"@type":"ReadAction","target":["https:\/\/epochtimestr.com\/index.php\/dunun-kokusu-bugunun-ozlemi-bir-cumartesi-ritueli"]}]},{"@type":"ImageObject","inLanguage":"tr","@id":"https:\/\/epochtimestr.com\/index.php\/dunun-kokusu-bugunun-ozlemi-bir-cumartesi-ritueli#primaryimage","url":"https:\/\/epochtimestr.com\/wp-content\/uploads\/2011y\/Reyhan_Corbaci.png","contentUrl":"https:\/\/epochtimestr.com\/wp-content\/uploads\/2011y\/Reyhan_Corbaci.png","width":150,"height":150},{"@type":"WebSite","@id":"https:\/\/epochtimestr.com\/#website","url":"https:\/\/epochtimestr.com\/","name":"The Epoch Times TR","description":"De\u011fi\u015fen D\u00fcnyam\u0131za Taze Bir Bak\u0131\u015f","publisher":{"@id":"https:\/\/epochtimestr.com\/#organization"},"potentialAction":[{"@type":"SearchAction","target":{"@type":"EntryPoint","urlTemplate":"https:\/\/epochtimestr.com\/?s={search_term_string}"},"query-input":"required name=search_term_string"}],"inLanguage":"tr"},{"@type":"Organization","@id":"https:\/\/epochtimestr.com\/#organization","name":"The EpochTimes T\u00fcrkiye","url":"https:\/\/epochtimestr.com\/","logo":{"@type":"ImageObject","inLanguage":"tr","@id":"https:\/\/epochtimestr.com\/#\/schema\/logo\/image\/","url":"https:\/\/epochtimestr.com\/wp-content\/uploads\/2011y\/ET-Logo-YG.jpg","contentUrl":"https:\/\/epochtimestr.com\/wp-content\/uploads\/2011y\/ET-Logo-YG.jpg","width":346,"height":29,"caption":"The EpochTimes T\u00fcrkiye"},"image":{"@id":"https:\/\/epochtimestr.com\/#\/schema\/logo\/image\/"},"sameAs":["https:\/\/www.facebook.com\/theepochtimestr","https:\/\/x.com\/TheEpochTimesTR","https:\/\/www.instagram.com\/epochtimestr"]},{"@type":"Person","@id":"https:\/\/epochtimestr.com\/#\/schema\/person\/68cb304e55f0b73a4e785d2cd1ba5308","name":"Reyhan \u00c7orbac\u0131","image":{"@type":"ImageObject","inLanguage":"tr","@id":"https:\/\/epochtimestr.com\/#\/schema\/person\/image\/","url":"https:\/\/secure.gravatar.com\/avatar\/8bceee79f3a75100aa05f62a5dd2a5b0?s=96&d=mm&r=g","contentUrl":"https:\/\/secure.gravatar.com\/avatar\/8bceee79f3a75100aa05f62a5dd2a5b0?s=96&d=mm&r=g","caption":"Reyhan \u00c7orbac\u0131"},"url":"https:\/\/epochtimestr.com\/index.php\/author\/reyhan"}]}},"_links":{"self":[{"href":"https:\/\/epochtimestr.com\/index.php\/wp-json\/wp\/v2\/posts\/171512"}],"collection":[{"href":"https:\/\/epochtimestr.com\/index.php\/wp-json\/wp\/v2\/posts"}],"about":[{"href":"https:\/\/epochtimestr.com\/index.php\/wp-json\/wp\/v2\/types\/post"}],"author":[{"embeddable":true,"href":"https:\/\/epochtimestr.com\/index.php\/wp-json\/wp\/v2\/users\/13981"}],"replies":[{"embeddable":true,"href":"https:\/\/epochtimestr.com\/index.php\/wp-json\/wp\/v2\/comments?post=171512"}],"version-history":[{"count":2,"href":"https:\/\/epochtimestr.com\/index.php\/wp-json\/wp\/v2\/posts\/171512\/revisions"}],"predecessor-version":[{"id":171523,"href":"https:\/\/epochtimestr.com\/index.php\/wp-json\/wp\/v2\/posts\/171512\/revisions\/171523"}],"wp:featuredmedia":[{"embeddable":true,"href":"https:\/\/epochtimestr.com\/index.php\/wp-json\/wp\/v2\/media\/143405"}],"wp:attachment":[{"href":"https:\/\/epochtimestr.com\/index.php\/wp-json\/wp\/v2\/media?parent=171512"}],"wp:term":[{"taxonomy":"category","embeddable":true,"href":"https:\/\/epochtimestr.com\/index.php\/wp-json\/wp\/v2\/categories?post=171512"},{"taxonomy":"post_tag","embeddable":true,"href":"https:\/\/epochtimestr.com\/index.php\/wp-json\/wp\/v2\/tags?post=171512"}],"curies":[{"name":"wp","href":"https:\/\/api.w.org\/{rel}","templated":true}]}}