{"id":171514,"date":"2026-09-04T21:50:34","date_gmt":"2026-09-04T18:50:34","guid":{"rendered":"https:\/\/epochtimestr.com\/?p=171514"},"modified":"2026-09-04T21:51:32","modified_gmt":"2026-09-04T18:51:32","slug":"mehmet-ucumdan-davutoglu-icin-secilmis-basbakan-aciklamasi","status":"publish","type":"post","link":"https:\/\/epochtimestr.com\/index.php\/mehmet-ucumdan-davutoglu-icin-secilmis-basbakan-aciklamasi","title":{"rendered":"Mehmet U\u00e7um\u2019dan Davuto\u011flu \u0130\u00e7in &#8220;Se\u00e7ilmi\u015f Ba\u015fbakan&#8221; A\u00e7\u0131klamas\u0131"},"content":{"rendered":"<div class=\"wp-block-image\">\n<figure class=\"aligncenter size-full\"><img loading=\"lazy\" decoding=\"async\" width=\"960\" height=\"540\" src=\"https:\/\/epochtimestr.com\/wp-content\/uploads\/2011y\/mehmet-ucum-x.jpg\" alt=\"Mehmet U\u00e7um\u2019dan Ahmet Davuto\u011flu \u0130\u00e7in ''Se\u00e7ilmi\u015f ba\u015fbakan'' a\u00e7\u0131klamas\u0131 (Foto\u011fraf: M. U\u00e7um x hesab\u0131)\" class=\"wp-image-170938\" srcset=\"https:\/\/epochtimestr.com\/wp-content\/uploads\/2011y\/mehmet-ucum-x.jpg 960w, https:\/\/epochtimestr.com\/wp-content\/uploads\/2011y\/mehmet-ucum-x-300x169.jpg 300w, https:\/\/epochtimestr.com\/wp-content\/uploads\/2011y\/mehmet-ucum-x-150x84.jpg 150w, https:\/\/epochtimestr.com\/wp-content\/uploads\/2011y\/mehmet-ucum-x-768x432.jpg 768w\" sizes=\"(max-width: 960px) 100vw, 960px\" \/><figcaption class=\"wp-element-caption\">Mehmet U\u00e7um\u2019dan Ahmet Davuto\u011flu \u0130\u00e7in &#8221;Se\u00e7ilmi\u015f ba\u015fbakan&#8221; a\u00e7\u0131klamas\u0131 (Foto\u011fraf: M. U\u00e7um x hesab\u0131)<\/figcaption><\/figure><\/div>\n\n\n<h2 class=\"wp-block-heading\">Cumhurba\u015fkan\u0131 Erdo\u011fan\u2019\u0131n Ba\u015fdan\u0131\u015fman\u0131 Mehmet U\u00e7um, Eski Ba\u015fbakan Ahmet Davuto\u011flu\u2019nun avukat\u0131n\u0131n \u201cT\u00fcrkiye Cumhuriyeti\u2019nin se\u00e7ilmi\u015f son ba\u015fbakan\u0131\u201d s\u00f6zlerine sert tepki g\u00f6sterdi.<\/h2>\n\n\n\n<p>Cumhurba\u015fkan\u0131 ve AKP Genel Ba\u015fkan\u0131 Recep Tayyip Erdo\u011fan\u2019\u0131n Ba\u015fdan\u0131\u015fman\u0131 ve Cumhurba\u015fkanl\u0131\u011f\u0131 Hukuk Politikalar\u0131 Kurulu Ba\u015fkanvekili olan Mehmet <a href=\"https:\/\/epochtimestr.com\/index.php\/mehmet-ucumdan-cerceve-yasa-degerlendirmesi\" target=\"_blank\" rel=\"noreferrer noopener\">U\u00e7um,<\/a> Gelecek Partisi Genel Ba\u015fkan\u0131 Ahmet <a href=\"https:\/\/epochtimestr.com\/index.php\/ahmet-davutogluna-sorusturma-baslatildi\" target=\"_blank\" rel=\"noreferrer noopener\">Davuto\u011flu<\/a> hakk\u0131nda y\u00fcr\u00fct\u00fclen soru\u015fturman\u0131n ard\u0131ndan Davuto\u011flu\u2019nun avukat\u0131 Hasan Seymen taraf\u0131ndan kullan\u0131lan \u201cT\u00fcrkiye Cumhuriyeti\u2019nin se\u00e7ilmi\u015f son ba\u015fbakan\u0131\u201d ifadesine tepki g\u00f6sterdi.<\/p>\n\n\n\n<p>Ankara Cumhuriyet Ba\u015fsavc\u0131l\u0131\u011f\u0131, feshedilen Gelecek Partisi\u2019nin Genel Ba\u015fkan\u0131 Ahmet Davuto\u011flu hakk\u0131nda Eyl\u00fcl 2021\u2019de Bing\u00f6l ziyareti s\u0131ras\u0131ndaki konu\u015fmas\u0131n\u0131 gerek\u00e7e g\u00f6stererek \u201cCumhurba\u015fkan\u0131na hakaret\u201d su\u00e7undan soru\u015fturma ba\u015flatm\u0131\u015ft\u0131.<\/p>\n\n\n\n<p>Soru\u015fturman\u0131n ard\u0131ndan Davuto\u011flu\u2019nun avukat\u0131 Hasan Seymen, sosyal medya hesab\u0131ndan soru\u015fturmaya ili\u015fkin a\u00e7\u0131klama yapm\u0131\u015ft\u0131. Seymen a\u00e7\u0131klamas\u0131nda Davuto\u011flu\u2019ndan \u201cSe\u00e7ilmi\u015f Son T\u00fcrkiye Cumhuriyeti Ba\u015fbakan\u0131\u201d diye s\u00f6z etmi\u015fti.<\/p>\n\n\n\n<p>Cumhurba\u015fkan\u0131 Ba\u015fdan\u0131\u015fman\u0131 ve Cumhurba\u015fkanl\u0131\u011f\u0131 Hukuk Politikalar\u0131 Kurulu Ba\u015fkanvekili Mehmet U\u00e7um, sosyal medya hesab\u0131ndan yapt\u0131\u011f\u0131 payla\u015f\u0131mda parlamenter sistem d\u00f6nemine ili\u015fkin kullan\u0131lan \u201cse\u00e7ilmi\u015f ba\u015fbakan\u201d ve \u201cse\u00e7ilmi\u015f bakan\u201d ifadelerinin hukuki ve anayasal altyap\u0131s\u0131n\u0131 tart\u0131\u015fmaya a\u00e7t\u0131.<\/p>\n\n\n\n<p><strong>U\u00e7um, sosyal medya hesab\u0131ndan yapt\u0131\u011f\u0131 a\u00e7\u0131klamada \u015funlar\u0131 kaydetti:<\/strong><\/p>\n\n\n\n<p>Ge\u00e7mi\u015fte Anayasa gere\u011fi se\u00e7ilmi\u015f ba\u015fbakan veya bakan var m\u0131yd\u0131!<\/p>\n\n\n\n<p>T\u00fcrkiye\u2019de parlamenter sisteme samimi bir \u015fekilde d\u00f6n\u00fc\u015f\u00fc savunan pek siyasi mecra kalmad\u0131. Geriye d\u00f6n\u00fc\u015f\u00fcn ger\u00e7ek\u00e7i bir siyasi program olmad\u0131\u011f\u0131 b\u00fcy\u00fck \u00f6l\u00e7\u00fcde kabul edilmi\u015f g\u00f6r\u00fcn\u00fcyor. Zaten halk\u0131n iradesini kar\u015f\u0131ya alan, halk\u0131n iki g\u00fc\u00e7l\u00fc oy hakk\u0131ndan birine, ya etkisizle\u015ftirmek veya ortadan kald\u0131rmak amac\u0131yla g\u00f6z koyan bir yakla\u015f\u0131m hem gerici bir siyasettir hem de halktan asla destek g\u00f6rmez.<\/p>\n\n\n\n<h3 class=\"wp-block-heading\">&#8220;Tabi bakanlar se\u00e7ilmi\u015fse ba\u015fbakan evleviyetle se\u00e7ilmi\u015f say\u0131lmal\u0131yd\u0131(!).&#8221;<\/h3>\n\n\n\n<p>Bu bir yana ge\u00e7mi\u015fte geriye d\u00f6n\u00fc\u015f\u00fc savunanlar\u0131n bir arg\u00fcman\u0131 da parlamenter sistemde bakanlar\u0131n se\u00e7ilmi\u015f oldu\u011fu iddias\u0131yd\u0131. Tabi bakanlar se\u00e7ilmi\u015fse ba\u015fbakan evleviyetle se\u00e7ilmi\u015f say\u0131lmal\u0131yd\u0131(!). Bunlara g\u00f6re sanki parlamenter sistemde halk, ba\u015fbakan\u0131 ve bakanlar\u0131 do\u011frudan se\u00e7iyordu. Anayasa\u2019ya ayk\u0131r\u0131 bu iddia muhtemelen ba\u015fbakan atanacak ki\u015finin milletvekili olmas\u0131na ili\u015fkin h\u00fck\u00fcmle ve bakanlar\u0131n da siyasi team\u00fcl gere\u011fi genellikle milletvekilleri aras\u0131ndan atanmas\u0131yla ilgiliydi. <\/p>\n\n\n\n<p>Elbette demokratik team\u00fcl gere\u011fi Mecliste en \u00e7ok milletvekilli\u011fi kazanm\u0131\u015f partinin genel ba\u015fkan\u0131n\u0131 e\u011fer o da milletvekili ise ba\u015fbakan atamak genel bir uygulama idi. Fakat siyasal tarihimizde Anayasal olarak vesayet\u00e7i pozisyonu olan Cumhurba\u015fkan\u0131n\u0131n demokratik team\u00fcllere ayk\u0131r\u0131 atamalar\u0131na da \u015fahit olduk. Hatta birlikte oldu\u011fu bir parti grubu olmayan tek ba\u015f\u0131na hareket eden bir milletvekilinin demokratik iradenin \u00f6n\u00fcn\u00fc kesmek i\u00e7in Ba\u015fbakan olarak atand\u0131\u011f\u0131 \u00f6rnek de ya\u015fanm\u0131\u015ft\u0131. Elbette hem eski parlamenter sistemimize hem de genel olarak parlamenter sisteme ili\u015fkin kronik hale gelmi\u015f h\u00fck\u00fcmet krizleri ba\u015fta olmak \u00fczere s\u00f6ylenecek \u00e7ok \u015fey var ama \u015fimdilik konumuz bu de\u011fil.<\/p>\n\n\n\n<p>En son avukat\u0131n\u0131n da dile getirdi\u011fi iddiaya g\u00f6re Say\u0131n Ahmet Davuto\u011flu \u201cSe\u00e7ilmi\u015f Son T\u00fcrkiye Cumhuriyeti Ba\u015fbakan\u0131\u201d s\u0131fat\u0131na sahipmi\u015f.<\/p>\n\n\n\n<p>Belirtelim ki T\u00fcrkiye Cumhuriyeti\u2019nde en son Ba\u015fbakanl\u0131k g\u00f6revini yapan Say\u0131n Binali Y\u0131ld\u0131r\u0131m\u2019d\u0131r. E\u011fer parlamenter sistemde ba\u015fbakanlar milletvekilleri olmalar\u0131 sebebiyle se\u00e7ilmi\u015f say\u0131l\u0131yorsa T\u00fcrkiye\u2019nin \u201cSe\u00e7ilmi\u015f Son Ba\u015fbakan\u0131\u201d Say\u0131n Binali Y\u0131ld\u0131r\u0131m olur. Yok bu se\u00e7ilmi\u015f say\u0131lma genel se\u00e7imlerde en \u00e7ok milletvekili alan partinin, kendisi de milletvekili olan genel ba\u015fkanlar\u0131na mahsussa o zaman \u00e7ok tuhaf bir durum ortaya \u00e7\u0131kar: Genel se\u00e7imlerden hemen sonra ba\u015fbakan olanlar se\u00e7ilmi\u015f say\u0131lacak, arada ba\u015fbakan olanlar say\u0131lmayacak.<\/p>\n\n\n\n<h3 class=\"wp-block-heading\">&#8220;\u0130\u015fin asl\u0131 parlamenter sistemimizde ne ba\u015fbakan \u201cse\u00e7ilmi\u015f ba\u015fbakan\u201dd\u0131, ne de milletvekilleri \u201cse\u00e7ilmi\u015f bakan\u201dd\u0131.&#8221;<\/h3>\n\n\n\n<p>Ayn\u0131 mant\u0131\u011f\u0131 bakanlar i\u00e7in de y\u00fcr\u00fctmek m\u00fcmk\u00fcn. Genel se\u00e7imlerden hemen sonra bakan olanlar se\u00e7ilmi\u015f arada bakan olanlar se\u00e7ilmemi\u015f say\u0131lacak. Hatta tuhafl\u0131k milletvekili olan ve genel se\u00e7imlerden hemen sonra bakan olanlar\u0131 se\u00e7ilmi\u015f saymaya, sonra bakan olanlar\u0131 se\u00e7ilmi\u015f saymamaya, milletvekili olmayan bakanlar\u0131n ise hi\u00e7 bir zaman se\u00e7ilmi\u015f say\u0131lmamas\u0131na kadar gider. Bu bak\u0131\u015f son derece sorunlu ve abs\u00fcrtt\u00fcr.<\/p>\n\n\n\n<p>\u0130\u015fin asl\u0131 parlamenter sistemimizde ne ba\u015fbakan \u201cse\u00e7ilmi\u015f ba\u015fbakan\u201dd\u0131, ne de milletvekilleri \u201cse\u00e7ilmi\u015f bakan\u201dd\u0131. Halk taraf\u0131ndan do\u011frudan se\u00e7ilenler sadece T\u00fcrkiye B\u00fcy\u00fck Millet Meclisinin \u00fcyeleri olan milletvekilleriydi. Halk ba\u015fbakan veya bakan se\u00e7mezdi. Genel se\u00e7imleri kazanmak da ba\u015fbakan se\u00e7ilme sonucunu anayasal olarak do\u011furmazd\u0131.<\/p>\n\n\n\n<p>1982 Anayasa\u2019n\u0131n m\u00fclga 109\u2019uncu maddesine g\u00f6re Ba\u015fbakan, Cumhurba\u015fkan\u0131nca milletvekilleri aras\u0131ndan ATANIRDI. Bakanlar ise Ba\u015fbakan taraf\u0131ndan ya milletvekilleri aras\u0131ndan veya milletvekili se\u00e7ilme yeterlili\u011fine sahip olanlar aras\u0131ndan yani Meclis d\u0131\u015f\u0131ndan se\u00e7ilir ve Cumhurba\u015fkan\u0131nca ATANIRDI.<\/p>\n\n\n\n<p>Dolay\u0131s\u0131yla hi\u00e7 bir mant\u0131ksal tutarl\u0131l\u0131\u011fa dayanmayan, me\u015fruiyet dayana\u011f\u0131 olmayan ve o d\u00f6nemin Anayasa h\u00fck\u00fcmlerine a\u00e7\u0131k\u00e7a ayk\u0131r\u0131 olan deyim uygun d\u00fc\u015ferse uydurma bir s\u0131fat \u00fcretildi\u011fi anla\u015f\u0131l\u0131yor.<\/p>\n\n\n\n<p>EK :<\/p>\n\n\n\n<p>1982 Anayasas\u0131<\/p>\n\n\n\n<p>M\u00fclga Madde 109 \u2013 Kurulu\u015f<\/p>\n\n\n\n<ul>\n<li>F\u0131kra 1: Bakanlar Kurulu, Ba\u015fbakan ve bakanlardan kurulur.<\/li>\n\n\n\n<li>F\u0131kra 2: Ba\u015fbakan, Cumhurba\u015fkan\u0131nca, T\u00fcrkiye B\u00fcy\u00fck Millet Meclisi \u00fcyeleri aras\u0131ndan atan\u0131r.<\/li>\n\n\n\n<li>F\u0131kra 3: Bakanlar, T\u00fcrkiye B\u00fcy\u00fck Millet Meclisi \u00fcyeleri veya milletvekili se\u00e7ilme yeterli\u011fine sahip olanlar aras\u0131ndan Ba\u015fbakanca se\u00e7ilir ve Cumhurba\u015fkan\u0131nca atan\u0131r; gerekti\u011finde Ba\u015fbakan\u0131n \u00f6nerisi \u00fczerine Cumhurba\u015fkan\u0131nca g\u00f6revlerine son verilir.&#8221;<\/li>\n<\/ul>\n\n\n\n<figure class=\"wp-block-embed is-type-rich is-provider-x wp-block-embed-x\"><div class=\"wp-block-embed__wrapper\">\n<blockquote class=\"twitter-tweet\" data-width=\"550\" data-dnt=\"true\"><p lang=\"tr\" dir=\"ltr\">GE\u00c7M\u0130\u015eTE ANAYASA GERE\u011e\u0130 SE\u00c7\u0130LM\u0130\u015e BA\u015eBAKAN VEYA BAKAN VAR MIYDI!<br><br>T\u00fcrkiye\u2019de parlamenter sisteme samimi bir \u015fekilde d\u00f6n\u00fc\u015f\u00fc savunan pek siyasi mecra kalmad\u0131. Geriye d\u00f6n\u00fc\u015f\u00fcn ger\u00e7ek\u00e7i bir siyasi program olmad\u0131\u011f\u0131 b\u00fcy\u00fck \u00f6l\u00e7\u00fcde kabul edilmi\u015f g\u00f6r\u00fcn\u00fcyor. Zaten halk\u0131n iradesini kar\u015f\u0131ya\u2026<\/p>&mdash; Mehmet U\u00e7um (@mehmetucum) <a href=\"https:\/\/x.com\/mehmetucum\/status\/2095567548028969469?ref_src=twsrc%5Etfw\">September 3, 2026<\/a><\/blockquote><script async src=\"https:\/\/platform.x.com\/widgets.js\" charset=\"utf-8\"><\/script>\n<\/div><\/figure>\n","protected":false},"excerpt":{"rendered":"<p>Cumhurba\u015fkan\u0131 Erdo\u011fan\u2019\u0131n Ba\u015fdan\u0131\u015fman\u0131 Mehmet U\u00e7um, Eski Ba\u015fbakan Ahmet Davuto\u011flu\u2019nun avukat\u0131n\u0131n \u201cT\u00fcrkiye Cumhuriyeti\u2019nin se\u00e7ilmi\u015f son ba\u015fbakan\u0131\u201d s\u00f6zlerine sert tepki g\u00f6sterdi. Cumhurba\u015fkan\u0131 ve AKP Genel Ba\u015fkan\u0131 Recep Tayyip Erdo\u011fan\u2019\u0131n Ba\u015fdan\u0131\u015fman\u0131 ve Cumhurba\u015fkanl\u0131\u011f\u0131 Hukuk Politikalar\u0131 Kurulu Ba\u015fkanvekili olan Mehmet U\u00e7um, Gelecek Partisi Genel Ba\u015fkan\u0131 Ahmet Davuto\u011flu hakk\u0131nda y\u00fcr\u00fct\u00fclen soru\u015fturman\u0131n ard\u0131ndan Davuto\u011flu\u2019nun avukat\u0131 Hasan Seymen taraf\u0131ndan kullan\u0131lan \u201cT\u00fcrkiye Cumhuriyeti\u2019nin [&hellip;]<\/p>\n","protected":false},"author":12791,"featured_media":170938,"comment_status":"open","ping_status":"open","sticky":false,"template":"","format":"standard","meta":{"_yoast_wpseo_focuskw":"mehmet - se\u00e7ilmi\u015f","_yoast_wpseo_title":"","_yoast_wpseo_metadesc":"Mehmet U\u00e7um, Eski Ba\u015fbakan Ahmet Davuto\u011flu\u2019nun avukat\u0131n\u0131n \u201cT\u00fcrkiye Cumhuriyeti\u2019nin se\u00e7ilmi\u015f son ba\u015fbakan\u0131\u201d s\u00f6zlerine sert tepki g\u00f6sterdi.","_bbp_topic_count":0,"_bbp_reply_count":0,"_bbp_total_topic_count":0,"_bbp_total_reply_count":0,"_bbp_voice_count":0,"_bbp_anonymous_reply_count":0,"_bbp_topic_count_hidden":0,"_bbp_reply_count_hidden":0,"_bbp_forum_subforum_count":0,"footnotes":"","_yoast_wpseo_focuskw_text_input":""},"categories":[1,8138,8226],"tags":[12642,8526],"yoast_head":"<!-- This site is optimized with the Yoast SEO plugin v23.0 - https:\/\/yoast.com\/wordpress\/plugins\/seo\/ -->\n<title>Mehmet U\u00e7um\u2019dan Davuto\u011flu \u0130\u00e7in &quot;Se\u00e7ilmi\u015f Ba\u015fbakan&quot; A\u00e7\u0131klamas\u0131 - The Epoch Times TR<\/title>\n<meta name=\"description\" content=\"Mehmet U\u00e7um, Eski Ba\u015fbakan Ahmet Davuto\u011flu\u2019nun avukat\u0131n\u0131n \u201cT\u00fcrkiye Cumhuriyeti\u2019nin se\u00e7ilmi\u015f son ba\u015fbakan\u0131\u201d s\u00f6zlerine sert tepki g\u00f6sterdi.\" \/>\n<meta name=\"robots\" content=\"index, follow, max-snippet:-1, max-image-preview:large, max-video-preview:-1\" \/>\n<link rel=\"canonical\" href=\"https:\/\/epochtimestr.com\/index.php\/mehmet-ucumdan-davutoglu-icin-secilmis-basbakan-aciklamasi\" \/>\n<meta property=\"og:locale\" content=\"tr_TR\" \/>\n<meta property=\"og:type\" content=\"article\" \/>\n<meta property=\"og:title\" content=\"Mehmet U\u00e7um\u2019dan Davuto\u011flu \u0130\u00e7in &quot;Se\u00e7ilmi\u015f Ba\u015fbakan&quot; A\u00e7\u0131klamas\u0131 - The Epoch Times TR\" \/>\n<meta property=\"og:description\" content=\"Mehmet U\u00e7um, Eski Ba\u015fbakan Ahmet Davuto\u011flu\u2019nun avukat\u0131n\u0131n \u201cT\u00fcrkiye Cumhuriyeti\u2019nin se\u00e7ilmi\u015f son ba\u015fbakan\u0131\u201d s\u00f6zlerine sert tepki g\u00f6sterdi.\" \/>\n<meta property=\"og:url\" content=\"https:\/\/epochtimestr.com\/index.php\/mehmet-ucumdan-davutoglu-icin-secilmis-basbakan-aciklamasi\" \/>\n<meta property=\"og:site_name\" content=\"The Epoch Times TR\" \/>\n<meta property=\"article:publisher\" content=\"https:\/\/www.facebook.com\/theepochtimestr\" \/>\n<meta property=\"article:published_time\" content=\"2026-09-04T18:50:34+00:00\" \/>\n<meta property=\"article:modified_time\" content=\"2026-09-04T18:51:32+00:00\" \/>\n<meta property=\"og:image\" content=\"https:\/\/epochtimestr.com\/wp-content\/uploads\/2011y\/mehmet-ucum-x.jpg\" \/>\n\t<meta property=\"og:image:width\" content=\"960\" \/>\n\t<meta property=\"og:image:height\" content=\"540\" \/>\n\t<meta property=\"og:image:type\" content=\"image\/jpeg\" \/>\n<meta name=\"author\" content=\"Haber Merkezi\" \/>\n<meta name=\"twitter:card\" content=\"summary_large_image\" \/>\n<meta name=\"twitter:creator\" content=\"@TheEpochTimesTR\" \/>\n<meta name=\"twitter:site\" content=\"@TheEpochTimesTR\" \/>\n<meta name=\"twitter:label1\" content=\"Yazan:\" \/>\n\t<meta name=\"twitter:data1\" content=\"Haber Merkezi\" \/>\n\t<meta name=\"twitter:label2\" content=\"Tahmini okuma s\u00fcresi\" \/>\n\t<meta name=\"twitter:data2\" content=\"5 dakika\" \/>\n<script type=\"application\/ld+json\" class=\"yoast-schema-graph\">{\"@context\":\"https:\/\/schema.org\",\"@graph\":[{\"@type\":\"Article\",\"@id\":\"https:\/\/epochtimestr.com\/index.php\/mehmet-ucumdan-davutoglu-icin-secilmis-basbakan-aciklamasi#article\",\"isPartOf\":{\"@id\":\"https:\/\/epochtimestr.com\/index.php\/mehmet-ucumdan-davutoglu-icin-secilmis-basbakan-aciklamasi\"},\"author\":{\"name\":\"Haber Merkezi\",\"@id\":\"https:\/\/epochtimestr.com\/#\/schema\/person\/3dc5c3adeb9f43923c5aa85889172fdd\"},\"headline\":\"Mehmet U\u00e7um\u2019dan Davuto\u011flu \u0130\u00e7in &#8220;Se\u00e7ilmi\u015f Ba\u015fbakan&#8221; A\u00e7\u0131klamas\u0131\",\"datePublished\":\"2026-09-04T18:50:34+00:00\",\"dateModified\":\"2026-09-04T18:51:32+00:00\",\"mainEntityOfPage\":{\"@id\":\"https:\/\/epochtimestr.com\/index.php\/mehmet-ucumdan-davutoglu-icin-secilmis-basbakan-aciklamasi\"},\"wordCount\":1059,\"commentCount\":0,\"publisher\":{\"@id\":\"https:\/\/epochtimestr.com\/#organization\"},\"image\":{\"@id\":\"https:\/\/epochtimestr.com\/index.php\/mehmet-ucumdan-davutoglu-icin-secilmis-basbakan-aciklamasi#primaryimage\"},\"thumbnailUrl\":\"https:\/\/epochtimestr.com\/wp-content\/uploads\/2011y\/mehmet-ucum-x.jpg\",\"keywords\":[\"Ahmet Davuyo\u011flu\",\"mehmet u\u00e7um\"],\"articleSection\":[\"G\u00dcNDEM\",\"MAN\u015eET\",\"Siyaset\"],\"inLanguage\":\"tr\",\"potentialAction\":[{\"@type\":\"CommentAction\",\"name\":\"Comment\",\"target\":[\"https:\/\/epochtimestr.com\/index.php\/mehmet-ucumdan-davutoglu-icin-secilmis-basbakan-aciklamasi#respond\"]}]},{\"@type\":\"WebPage\",\"@id\":\"https:\/\/epochtimestr.com\/index.php\/mehmet-ucumdan-davutoglu-icin-secilmis-basbakan-aciklamasi\",\"url\":\"https:\/\/epochtimestr.com\/index.php\/mehmet-ucumdan-davutoglu-icin-secilmis-basbakan-aciklamasi\",\"name\":\"Mehmet U\u00e7um\u2019dan Davuto\u011flu \u0130\u00e7in \\\"Se\u00e7ilmi\u015f Ba\u015fbakan\\\" A\u00e7\u0131klamas\u0131 - The Epoch Times TR\",\"isPartOf\":{\"@id\":\"https:\/\/epochtimestr.com\/#website\"},\"primaryImageOfPage\":{\"@id\":\"https:\/\/epochtimestr.com\/index.php\/mehmet-ucumdan-davutoglu-icin-secilmis-basbakan-aciklamasi#primaryimage\"},\"image\":{\"@id\":\"https:\/\/epochtimestr.com\/index.php\/mehmet-ucumdan-davutoglu-icin-secilmis-basbakan-aciklamasi#primaryimage\"},\"thumbnailUrl\":\"https:\/\/epochtimestr.com\/wp-content\/uploads\/2011y\/mehmet-ucum-x.jpg\",\"datePublished\":\"2026-09-04T18:50:34+00:00\",\"dateModified\":\"2026-09-04T18:51:32+00:00\",\"description\":\"Mehmet U\u00e7um, Eski Ba\u015fbakan Ahmet Davuto\u011flu\u2019nun avukat\u0131n\u0131n \u201cT\u00fcrkiye Cumhuriyeti\u2019nin se\u00e7ilmi\u015f son ba\u015fbakan\u0131\u201d s\u00f6zlerine sert tepki g\u00f6sterdi.\",\"inLanguage\":\"tr\",\"potentialAction\":[{\"@type\":\"ReadAction\",\"target\":[\"https:\/\/epochtimestr.com\/index.php\/mehmet-ucumdan-davutoglu-icin-secilmis-basbakan-aciklamasi\"]}]},{\"@type\":\"ImageObject\",\"inLanguage\":\"tr\",\"@id\":\"https:\/\/epochtimestr.com\/index.php\/mehmet-ucumdan-davutoglu-icin-secilmis-basbakan-aciklamasi#primaryimage\",\"url\":\"https:\/\/epochtimestr.com\/wp-content\/uploads\/2011y\/mehmet-ucum-x.jpg\",\"contentUrl\":\"https:\/\/epochtimestr.com\/wp-content\/uploads\/2011y\/mehmet-ucum-x.jpg\",\"width\":960,\"height\":540},{\"@type\":\"WebSite\",\"@id\":\"https:\/\/epochtimestr.com\/#website\",\"url\":\"https:\/\/epochtimestr.com\/\",\"name\":\"The Epoch Times TR\",\"description\":\"De\u011fi\u015fen D\u00fcnyam\u0131za Taze Bir Bak\u0131\u015f\",\"publisher\":{\"@id\":\"https:\/\/epochtimestr.com\/#organization\"},\"potentialAction\":[{\"@type\":\"SearchAction\",\"target\":{\"@type\":\"EntryPoint\",\"urlTemplate\":\"https:\/\/epochtimestr.com\/?s={search_term_string}\"},\"query-input\":\"required name=search_term_string\"}],\"inLanguage\":\"tr\"},{\"@type\":\"Organization\",\"@id\":\"https:\/\/epochtimestr.com\/#organization\",\"name\":\"The EpochTimes T\u00fcrkiye\",\"url\":\"https:\/\/epochtimestr.com\/\",\"logo\":{\"@type\":\"ImageObject\",\"inLanguage\":\"tr\",\"@id\":\"https:\/\/epochtimestr.com\/#\/schema\/logo\/image\/\",\"url\":\"https:\/\/epochtimestr.com\/wp-content\/uploads\/2011y\/ET-Logo-YG.jpg\",\"contentUrl\":\"https:\/\/epochtimestr.com\/wp-content\/uploads\/2011y\/ET-Logo-YG.jpg\",\"width\":346,\"height\":29,\"caption\":\"The EpochTimes T\u00fcrkiye\"},\"image\":{\"@id\":\"https:\/\/epochtimestr.com\/#\/schema\/logo\/image\/\"},\"sameAs\":[\"https:\/\/www.facebook.com\/theepochtimestr\",\"https:\/\/x.com\/TheEpochTimesTR\",\"https:\/\/www.instagram.com\/epochtimestr\"]},{\"@type\":\"Person\",\"@id\":\"https:\/\/epochtimestr.com\/#\/schema\/person\/3dc5c3adeb9f43923c5aa85889172fdd\",\"name\":\"Haber Merkezi\",\"image\":{\"@type\":\"ImageObject\",\"inLanguage\":\"tr\",\"@id\":\"https:\/\/epochtimestr.com\/#\/schema\/person\/image\/\",\"url\":\"https:\/\/secure.gravatar.com\/avatar\/d73f772ba5a74f28601361e17c2f93e6?s=96&d=mm&r=g\",\"contentUrl\":\"https:\/\/secure.gravatar.com\/avatar\/d73f772ba5a74f28601361e17c2f93e6?s=96&d=mm&r=g\",\"caption\":\"Haber Merkezi\"},\"url\":\"https:\/\/epochtimestr.com\/index.php\/author\/sendag\"}]}<\/script>\n<!-- \/ Yoast SEO plugin. -->","yoast_head_json":{"title":"Mehmet U\u00e7um\u2019dan Davuto\u011flu \u0130\u00e7in \"Se\u00e7ilmi\u015f Ba\u015fbakan\" A\u00e7\u0131klamas\u0131 - The Epoch Times TR","description":"Mehmet U\u00e7um, Eski Ba\u015fbakan Ahmet Davuto\u011flu\u2019nun avukat\u0131n\u0131n \u201cT\u00fcrkiye Cumhuriyeti\u2019nin se\u00e7ilmi\u015f son ba\u015fbakan\u0131\u201d s\u00f6zlerine sert tepki g\u00f6sterdi.","robots":{"index":"index","follow":"follow","max-snippet":"max-snippet:-1","max-image-preview":"max-image-preview:large","max-video-preview":"max-video-preview:-1"},"canonical":"https:\/\/epochtimestr.com\/index.php\/mehmet-ucumdan-davutoglu-icin-secilmis-basbakan-aciklamasi","og_locale":"tr_TR","og_type":"article","og_title":"Mehmet U\u00e7um\u2019dan Davuto\u011flu \u0130\u00e7in \"Se\u00e7ilmi\u015f Ba\u015fbakan\" A\u00e7\u0131klamas\u0131 - The Epoch Times TR","og_description":"Mehmet U\u00e7um, Eski Ba\u015fbakan Ahmet Davuto\u011flu\u2019nun avukat\u0131n\u0131n \u201cT\u00fcrkiye Cumhuriyeti\u2019nin se\u00e7ilmi\u015f son ba\u015fbakan\u0131\u201d s\u00f6zlerine sert tepki g\u00f6sterdi.","og_url":"https:\/\/epochtimestr.com\/index.php\/mehmet-ucumdan-davutoglu-icin-secilmis-basbakan-aciklamasi","og_site_name":"The Epoch Times TR","article_publisher":"https:\/\/www.facebook.com\/theepochtimestr","article_published_time":"2026-09-04T18:50:34+00:00","article_modified_time":"2026-09-04T18:51:32+00:00","og_image":[{"width":960,"height":540,"url":"https:\/\/epochtimestr.com\/wp-content\/uploads\/2011y\/mehmet-ucum-x.jpg","type":"image\/jpeg"}],"author":"Haber Merkezi","twitter_card":"summary_large_image","twitter_creator":"@TheEpochTimesTR","twitter_site":"@TheEpochTimesTR","twitter_misc":{"Yazan:":"Haber Merkezi","Tahmini okuma s\u00fcresi":"5 dakika"},"schema":{"@context":"https:\/\/schema.org","@graph":[{"@type":"Article","@id":"https:\/\/epochtimestr.com\/index.php\/mehmet-ucumdan-davutoglu-icin-secilmis-basbakan-aciklamasi#article","isPartOf":{"@id":"https:\/\/epochtimestr.com\/index.php\/mehmet-ucumdan-davutoglu-icin-secilmis-basbakan-aciklamasi"},"author":{"name":"Haber Merkezi","@id":"https:\/\/epochtimestr.com\/#\/schema\/person\/3dc5c3adeb9f43923c5aa85889172fdd"},"headline":"Mehmet U\u00e7um\u2019dan Davuto\u011flu \u0130\u00e7in &#8220;Se\u00e7ilmi\u015f Ba\u015fbakan&#8221; A\u00e7\u0131klamas\u0131","datePublished":"2026-09-04T18:50:34+00:00","dateModified":"2026-09-04T18:51:32+00:00","mainEntityOfPage":{"@id":"https:\/\/epochtimestr.com\/index.php\/mehmet-ucumdan-davutoglu-icin-secilmis-basbakan-aciklamasi"},"wordCount":1059,"commentCount":0,"publisher":{"@id":"https:\/\/epochtimestr.com\/#organization"},"image":{"@id":"https:\/\/epochtimestr.com\/index.php\/mehmet-ucumdan-davutoglu-icin-secilmis-basbakan-aciklamasi#primaryimage"},"thumbnailUrl":"https:\/\/epochtimestr.com\/wp-content\/uploads\/2011y\/mehmet-ucum-x.jpg","keywords":["Ahmet Davuyo\u011flu","mehmet u\u00e7um"],"articleSection":["G\u00dcNDEM","MAN\u015eET","Siyaset"],"inLanguage":"tr","potentialAction":[{"@type":"CommentAction","name":"Comment","target":["https:\/\/epochtimestr.com\/index.php\/mehmet-ucumdan-davutoglu-icin-secilmis-basbakan-aciklamasi#respond"]}]},{"@type":"WebPage","@id":"https:\/\/epochtimestr.com\/index.php\/mehmet-ucumdan-davutoglu-icin-secilmis-basbakan-aciklamasi","url":"https:\/\/epochtimestr.com\/index.php\/mehmet-ucumdan-davutoglu-icin-secilmis-basbakan-aciklamasi","name":"Mehmet U\u00e7um\u2019dan Davuto\u011flu \u0130\u00e7in \"Se\u00e7ilmi\u015f Ba\u015fbakan\" A\u00e7\u0131klamas\u0131 - The Epoch Times TR","isPartOf":{"@id":"https:\/\/epochtimestr.com\/#website"},"primaryImageOfPage":{"@id":"https:\/\/epochtimestr.com\/index.php\/mehmet-ucumdan-davutoglu-icin-secilmis-basbakan-aciklamasi#primaryimage"},"image":{"@id":"https:\/\/epochtimestr.com\/index.php\/mehmet-ucumdan-davutoglu-icin-secilmis-basbakan-aciklamasi#primaryimage"},"thumbnailUrl":"https:\/\/epochtimestr.com\/wp-content\/uploads\/2011y\/mehmet-ucum-x.jpg","datePublished":"2026-09-04T18:50:34+00:00","dateModified":"2026-09-04T18:51:32+00:00","description":"Mehmet U\u00e7um, Eski Ba\u015fbakan Ahmet Davuto\u011flu\u2019nun avukat\u0131n\u0131n \u201cT\u00fcrkiye Cumhuriyeti\u2019nin se\u00e7ilmi\u015f son ba\u015fbakan\u0131\u201d s\u00f6zlerine sert tepki g\u00f6sterdi.","inLanguage":"tr","potentialAction":[{"@type":"ReadAction","target":["https:\/\/epochtimestr.com\/index.php\/mehmet-ucumdan-davutoglu-icin-secilmis-basbakan-aciklamasi"]}]},{"@type":"ImageObject","inLanguage":"tr","@id":"https:\/\/epochtimestr.com\/index.php\/mehmet-ucumdan-davutoglu-icin-secilmis-basbakan-aciklamasi#primaryimage","url":"https:\/\/epochtimestr.com\/wp-content\/uploads\/2011y\/mehmet-ucum-x.jpg","contentUrl":"https:\/\/epochtimestr.com\/wp-content\/uploads\/2011y\/mehmet-ucum-x.jpg","width":960,"height":540},{"@type":"WebSite","@id":"https:\/\/epochtimestr.com\/#website","url":"https:\/\/epochtimestr.com\/","name":"The Epoch Times TR","description":"De\u011fi\u015fen D\u00fcnyam\u0131za Taze Bir Bak\u0131\u015f","publisher":{"@id":"https:\/\/epochtimestr.com\/#organization"},"potentialAction":[{"@type":"SearchAction","target":{"@type":"EntryPoint","urlTemplate":"https:\/\/epochtimestr.com\/?s={search_term_string}"},"query-input":"required name=search_term_string"}],"inLanguage":"tr"},{"@type":"Organization","@id":"https:\/\/epochtimestr.com\/#organization","name":"The EpochTimes T\u00fcrkiye","url":"https:\/\/epochtimestr.com\/","logo":{"@type":"ImageObject","inLanguage":"tr","@id":"https:\/\/epochtimestr.com\/#\/schema\/logo\/image\/","url":"https:\/\/epochtimestr.com\/wp-content\/uploads\/2011y\/ET-Logo-YG.jpg","contentUrl":"https:\/\/epochtimestr.com\/wp-content\/uploads\/2011y\/ET-Logo-YG.jpg","width":346,"height":29,"caption":"The EpochTimes T\u00fcrkiye"},"image":{"@id":"https:\/\/epochtimestr.com\/#\/schema\/logo\/image\/"},"sameAs":["https:\/\/www.facebook.com\/theepochtimestr","https:\/\/x.com\/TheEpochTimesTR","https:\/\/www.instagram.com\/epochtimestr"]},{"@type":"Person","@id":"https:\/\/epochtimestr.com\/#\/schema\/person\/3dc5c3adeb9f43923c5aa85889172fdd","name":"Haber Merkezi","image":{"@type":"ImageObject","inLanguage":"tr","@id":"https:\/\/epochtimestr.com\/#\/schema\/person\/image\/","url":"https:\/\/secure.gravatar.com\/avatar\/d73f772ba5a74f28601361e17c2f93e6?s=96&d=mm&r=g","contentUrl":"https:\/\/secure.gravatar.com\/avatar\/d73f772ba5a74f28601361e17c2f93e6?s=96&d=mm&r=g","caption":"Haber Merkezi"},"url":"https:\/\/epochtimestr.com\/index.php\/author\/sendag"}]}},"_links":{"self":[{"href":"https:\/\/epochtimestr.com\/index.php\/wp-json\/wp\/v2\/posts\/171514"}],"collection":[{"href":"https:\/\/epochtimestr.com\/index.php\/wp-json\/wp\/v2\/posts"}],"about":[{"href":"https:\/\/epochtimestr.com\/index.php\/wp-json\/wp\/v2\/types\/post"}],"author":[{"embeddable":true,"href":"https:\/\/epochtimestr.com\/index.php\/wp-json\/wp\/v2\/users\/12791"}],"replies":[{"embeddable":true,"href":"https:\/\/epochtimestr.com\/index.php\/wp-json\/wp\/v2\/comments?post=171514"}],"version-history":[{"count":4,"href":"https:\/\/epochtimestr.com\/index.php\/wp-json\/wp\/v2\/posts\/171514\/revisions"}],"predecessor-version":[{"id":171527,"href":"https:\/\/epochtimestr.com\/index.php\/wp-json\/wp\/v2\/posts\/171514\/revisions\/171527"}],"wp:featuredmedia":[{"embeddable":true,"href":"https:\/\/epochtimestr.com\/index.php\/wp-json\/wp\/v2\/media\/170938"}],"wp:attachment":[{"href":"https:\/\/epochtimestr.com\/index.php\/wp-json\/wp\/v2\/media?parent=171514"}],"wp:term":[{"taxonomy":"category","embeddable":true,"href":"https:\/\/epochtimestr.com\/index.php\/wp-json\/wp\/v2\/categories?post=171514"},{"taxonomy":"post_tag","embeddable":true,"href":"https:\/\/epochtimestr.com\/index.php\/wp-json\/wp\/v2\/tags?post=171514"}],"curies":[{"name":"wp","href":"https:\/\/api.w.org\/{rel}","templated":true}]}}