{"id":171517,"date":"2026-09-04T21:58:26","date_gmt":"2026-09-04T18:58:26","guid":{"rendered":"https:\/\/epochtimestr.com\/?p=171517"},"modified":"2026-09-04T21:58:27","modified_gmt":"2026-09-04T18:58:27","slug":"marketlerde-meyve-suyu-ve-nektarlar-icin-yeni-donem","status":"publish","type":"post","link":"https:\/\/epochtimestr.com\/index.php\/marketlerde-meyve-suyu-ve-nektarlar-icin-yeni-donem","title":{"rendered":"Marketlerde Meyve Suyu ve Nektarlar \u0130\u00e7in Yeni D\u00f6nem"},"content":{"rendered":"<div class=\"wp-block-image\">\n<figure class=\"aligncenter size-full is-resized\"><img loading=\"lazy\" decoding=\"async\" width=\"1280\" height=\"960\" src=\"https:\/\/epochtimestr.com\/wp-content\/uploads\/2011y\/meyve-suyu.jpg\" alt=\"Marketlerde meyve suyu ve nektarlar i\u00e7in yeni d\u00f6nem (Foto\u011fraf: Mohamed_hassan, Pixabay)\" class=\"wp-image-171518\" style=\"width:840px;height:auto\" srcset=\"https:\/\/epochtimestr.com\/wp-content\/uploads\/2011y\/meyve-suyu.jpg 1280w, https:\/\/epochtimestr.com\/wp-content\/uploads\/2011y\/meyve-suyu-300x225.jpg 300w, https:\/\/epochtimestr.com\/wp-content\/uploads\/2011y\/meyve-suyu-150x113.jpg 150w, https:\/\/epochtimestr.com\/wp-content\/uploads\/2011y\/meyve-suyu-768x576.jpg 768w, https:\/\/epochtimestr.com\/wp-content\/uploads\/2011y\/meyve-suyu-86x64.jpg 86w\" sizes=\"(max-width: 1280px) 100vw, 1280px\" \/><figcaption class=\"wp-element-caption\">Marketlerde meyve suyu ve nektarlar i\u00e7in yeni d\u00f6nem (Foto\u011fraf: Mohamed_hassan, Pixabay)<\/figcaption><\/figure><\/div>\n\n\n<h2 class=\"wp-block-heading\">Tasla\u011f\u0131n y\u00fcr\u00fcrl\u00fc\u011fe girmesi halinde konsantre, p\u00fcre veya toz \u015feklindeki meyve suyu \u00fcr\u00fcnlerinde tatland\u0131r\u0131c\u0131 kullan\u0131m\u0131na izin verilmeyecek.<\/h2>\n\n\n\n<p>Tar\u0131m ve Orman Bakanl\u0131\u011f\u0131, meyve suyu \u00fcretimine y\u00f6nelik standartlar\u0131 yeniden belirleyen yeni bir <a href=\"https:\/\/epochtimestr.com\/index.php\/tcmb-tarafindan-yayimlanan-teblig-ile-yabanci-para-krediler-icin-yuzde-2-olan-aylik-buyume-siniri-yuzde-15e-indirildi\">tebli\u011f <\/a>tasla\u011f\u0131n\u0131 g\u00f6r\u00fc\u015fe a\u00e7t\u0131. Haz\u0131rlanan taslakla birlikte konsantre, p\u00fcre ya da toz formunda piyasaya sunulan t\u00fcm meyve sular\u0131nda tatland\u0131r\u0131c\u0131 kullan\u0131m\u0131 yasaklan\u0131yor.<\/p>\n\n\n\n<p>Taslak d\u00fczenlemeye g\u00f6re tatland\u0131r\u0131c\u0131lar sadece ilave \u015feker i\u00e7ermeyen veya d\u00fc\u015f\u00fck enerjili olarak \u00fcretilen meyve nektarlar\u0131nda kullan\u0131labilecek. Sekt\u00f6r temsilcilerinin g\u00f6r\u00fc\u015f\u00fcne sunulan d\u00fczenleme, t\u00fcketicilerin do\u011fru bilgilendirilmesini ve Avrupa Birli\u011fi (AB) mevzuat\u0131na uyumu hedefliyor.<\/p>\n\n\n\n<p><strong>Tasla\u011f\u0131n kabul edilmesi halinde sekt\u00f6rde uygulanacak yeni kurallar \u015fu \u015fekilde listeleniyor:<\/strong><\/p>\n\n\n\n<p>Meyve Sular\u0131nda S\u0131f\u0131r Tatland\u0131r\u0131c\u0131: Konsantre, p\u00fcre ve toz formundaki t\u00fcm meyve sular\u0131nda tatland\u0131r\u0131c\u0131 kullan\u0131m\u0131 tamamen sonland\u0131r\u0131lacak.<\/p>\n\n\n\n<p><strong>Meyve Nektarlar\u0131na Esneklik:<\/strong> \u0130lave \u015feker i\u00e7ermeyen meyve nektarlar\u0131nda \u015feker yerine tamamen tatland\u0131r\u0131c\u0131 kullan\u0131labilecek. D\u00fc\u015f\u00fck enerjili nektarlarda ise \u015fekerin belirli bir k\u0131sm\u0131 tatland\u0131r\u0131c\u0131 ile ikame edilebilecek.<\/p>\n\n\n\n<p><strong>Do\u011fal \u015eekeri Azalt\u0131lm\u0131\u015f \u00dcr\u00fcnler: <\/strong>AB uyum yasalar\u0131 kapsam\u0131nda, \u00f6zel i\u015flemlerle b\u00fcnyesindeki do\u011fal \u015feker miktar\u0131 en az y\u00fczde 30 oran\u0131nda azalt\u0131lm\u0131\u015f yeni nesil meyve sular\u0131n\u0131n \u00fcretimine ve sat\u0131\u015f\u0131na onay verilecek.<br \/>Tebli\u011f maddelerindeki de\u011fi\u015fikliklerin ana gerek\u00e7esi olarak ise AB mevzuat\u0131na uyum sa\u011flanmas\u0131 ve mevzuat at\u0131flar\u0131n\u0131n d\u00fczeltilmesi \u00f6ne \u00e7\u0131k\u0131yor.<\/p>\n","protected":false},"excerpt":{"rendered":"<p>Tasla\u011f\u0131n y\u00fcr\u00fcrl\u00fc\u011fe girmesi halinde konsantre, p\u00fcre veya toz \u015feklindeki meyve suyu \u00fcr\u00fcnlerinde tatland\u0131r\u0131c\u0131 kullan\u0131m\u0131na izin verilmeyecek. Tar\u0131m ve Orman Bakanl\u0131\u011f\u0131, meyve suyu \u00fcretimine y\u00f6nelik standartlar\u0131 yeniden belirleyen yeni bir tebli\u011f tasla\u011f\u0131n\u0131 g\u00f6r\u00fc\u015fe a\u00e7t\u0131. Haz\u0131rlanan taslakla birlikte konsantre, p\u00fcre ya da toz formunda piyasaya sunulan t\u00fcm meyve sular\u0131nda tatland\u0131r\u0131c\u0131 kullan\u0131m\u0131 yasaklan\u0131yor. Taslak d\u00fczenlemeye g\u00f6re tatland\u0131r\u0131c\u0131lar sadece [&hellip;]<\/p>\n","protected":false},"author":12791,"featured_media":171518,"comment_status":"open","ping_status":"open","sticky":false,"template":"","format":"standard","meta":{"_yoast_wpseo_focuskw":"meyve suyu","_yoast_wpseo_title":"","_yoast_wpseo_metadesc":"Tasla\u011f\u0131n y\u00fcr\u00fcrl\u00fc\u011fe girmesi halinde konsantre, p\u00fcre veya toz \u015feklindeki meyve suyu \u00fcr\u00fcnlerinde tatland\u0131r\u0131c\u0131 kullan\u0131m\u0131na izin verilmeyecek.","_bbp_topic_count":0,"_bbp_reply_count":0,"_bbp_total_topic_count":0,"_bbp_total_reply_count":0,"_bbp_voice_count":0,"_bbp_anonymous_reply_count":0,"_bbp_topic_count_hidden":0,"_bbp_reply_count_hidden":0,"_bbp_forum_subforum_count":0,"footnotes":"","_yoast_wpseo_focuskw_text_input":""},"categories":[1,8138,19,8419],"tags":[12644,12643,7458,12645],"yoast_head":"<!-- This site is optimized with the Yoast SEO plugin v23.0 - https:\/\/yoast.com\/wordpress\/plugins\/seo\/ -->\n<title>Marketlerde Meyve Suyu ve Nektarlar \u0130\u00e7in Yeni D\u00f6nem - The Epoch Times TR<\/title>\n<meta name=\"description\" content=\"Tasla\u011f\u0131n y\u00fcr\u00fcrl\u00fc\u011fe girmesi halinde konsantre, p\u00fcre veya toz \u015feklindeki meyve suyu \u00fcr\u00fcnlerinde tatland\u0131r\u0131c\u0131 kullan\u0131m\u0131na izin verilmeyecek.\" \/>\n<meta name=\"robots\" content=\"index, follow, max-snippet:-1, max-image-preview:large, max-video-preview:-1\" \/>\n<link rel=\"canonical\" href=\"https:\/\/epochtimestr.com\/index.php\/marketlerde-meyve-suyu-ve-nektarlar-icin-yeni-donem\" \/>\n<meta property=\"og:locale\" content=\"tr_TR\" \/>\n<meta property=\"og:type\" content=\"article\" \/>\n<meta property=\"og:title\" content=\"Marketlerde Meyve Suyu ve Nektarlar \u0130\u00e7in Yeni D\u00f6nem - The Epoch Times TR\" \/>\n<meta property=\"og:description\" content=\"Tasla\u011f\u0131n y\u00fcr\u00fcrl\u00fc\u011fe girmesi halinde konsantre, p\u00fcre veya toz \u015feklindeki meyve suyu \u00fcr\u00fcnlerinde tatland\u0131r\u0131c\u0131 kullan\u0131m\u0131na izin verilmeyecek.\" \/>\n<meta property=\"og:url\" content=\"https:\/\/epochtimestr.com\/index.php\/marketlerde-meyve-suyu-ve-nektarlar-icin-yeni-donem\" \/>\n<meta property=\"og:site_name\" content=\"The Epoch Times TR\" \/>\n<meta property=\"article:publisher\" content=\"https:\/\/www.facebook.com\/theepochtimestr\" \/>\n<meta property=\"article:published_time\" content=\"2026-09-04T18:58:26+00:00\" \/>\n<meta property=\"article:modified_time\" content=\"2026-09-04T18:58:27+00:00\" \/>\n<meta property=\"og:image\" content=\"https:\/\/epochtimestr.com\/wp-content\/uploads\/2011y\/meyve-suyu.jpg\" \/>\n\t<meta property=\"og:image:width\" content=\"1280\" \/>\n\t<meta property=\"og:image:height\" content=\"960\" \/>\n\t<meta property=\"og:image:type\" content=\"image\/jpeg\" \/>\n<meta name=\"author\" content=\"Haber Merkezi\" \/>\n<meta name=\"twitter:card\" content=\"summary_large_image\" \/>\n<meta name=\"twitter:creator\" content=\"@TheEpochTimesTR\" \/>\n<meta name=\"twitter:site\" content=\"@TheEpochTimesTR\" \/>\n<meta name=\"twitter:label1\" content=\"Yazan:\" \/>\n\t<meta name=\"twitter:data1\" content=\"Haber Merkezi\" \/>\n\t<meta name=\"twitter:label2\" content=\"Tahmini okuma s\u00fcresi\" \/>\n\t<meta name=\"twitter:data2\" content=\"2 dakika\" \/>\n<script type=\"application\/ld+json\" class=\"yoast-schema-graph\">{\"@context\":\"https:\/\/schema.org\",\"@graph\":[{\"@type\":\"Article\",\"@id\":\"https:\/\/epochtimestr.com\/index.php\/marketlerde-meyve-suyu-ve-nektarlar-icin-yeni-donem#article\",\"isPartOf\":{\"@id\":\"https:\/\/epochtimestr.com\/index.php\/marketlerde-meyve-suyu-ve-nektarlar-icin-yeni-donem\"},\"author\":{\"name\":\"Haber Merkezi\",\"@id\":\"https:\/\/epochtimestr.com\/#\/schema\/person\/3dc5c3adeb9f43923c5aa85889172fdd\"},\"headline\":\"Marketlerde Meyve Suyu ve Nektarlar \u0130\u00e7in Yeni D\u00f6nem\",\"datePublished\":\"2026-09-04T18:58:26+00:00\",\"dateModified\":\"2026-09-04T18:58:27+00:00\",\"mainEntityOfPage\":{\"@id\":\"https:\/\/epochtimestr.com\/index.php\/marketlerde-meyve-suyu-ve-nektarlar-icin-yeni-donem\"},\"wordCount\":291,\"commentCount\":0,\"publisher\":{\"@id\":\"https:\/\/epochtimestr.com\/#organization\"},\"image\":{\"@id\":\"https:\/\/epochtimestr.com\/index.php\/marketlerde-meyve-suyu-ve-nektarlar-icin-yeni-donem#primaryimage\"},\"thumbnailUrl\":\"https:\/\/epochtimestr.com\/wp-content\/uploads\/2011y\/meyve-suyu.jpg\",\"keywords\":[\"Konsantre\",\"Meyve Suyu\",\"tar\u0131m ve orman bakanl\u0131\u011f\u0131\",\"Tebli\u011f Tasla\u011f\u0131\"],\"articleSection\":[\"G\u00dcNDEM\",\"MAN\u015eET\",\"Sa\u011fl\u0131k\",\"Ya\u015fam\"],\"inLanguage\":\"tr\",\"potentialAction\":[{\"@type\":\"CommentAction\",\"name\":\"Comment\",\"target\":[\"https:\/\/epochtimestr.com\/index.php\/marketlerde-meyve-suyu-ve-nektarlar-icin-yeni-donem#respond\"]}]},{\"@type\":\"WebPage\",\"@id\":\"https:\/\/epochtimestr.com\/index.php\/marketlerde-meyve-suyu-ve-nektarlar-icin-yeni-donem\",\"url\":\"https:\/\/epochtimestr.com\/index.php\/marketlerde-meyve-suyu-ve-nektarlar-icin-yeni-donem\",\"name\":\"Marketlerde Meyve Suyu ve Nektarlar \u0130\u00e7in Yeni D\u00f6nem - The Epoch Times TR\",\"isPartOf\":{\"@id\":\"https:\/\/epochtimestr.com\/#website\"},\"primaryImageOfPage\":{\"@id\":\"https:\/\/epochtimestr.com\/index.php\/marketlerde-meyve-suyu-ve-nektarlar-icin-yeni-donem#primaryimage\"},\"image\":{\"@id\":\"https:\/\/epochtimestr.com\/index.php\/marketlerde-meyve-suyu-ve-nektarlar-icin-yeni-donem#primaryimage\"},\"thumbnailUrl\":\"https:\/\/epochtimestr.com\/wp-content\/uploads\/2011y\/meyve-suyu.jpg\",\"datePublished\":\"2026-09-04T18:58:26+00:00\",\"dateModified\":\"2026-09-04T18:58:27+00:00\",\"description\":\"Tasla\u011f\u0131n y\u00fcr\u00fcrl\u00fc\u011fe girmesi halinde konsantre, p\u00fcre veya toz \u015feklindeki meyve suyu \u00fcr\u00fcnlerinde tatland\u0131r\u0131c\u0131 kullan\u0131m\u0131na izin verilmeyecek.\",\"inLanguage\":\"tr\",\"potentialAction\":[{\"@type\":\"ReadAction\",\"target\":[\"https:\/\/epochtimestr.com\/index.php\/marketlerde-meyve-suyu-ve-nektarlar-icin-yeni-donem\"]}]},{\"@type\":\"ImageObject\",\"inLanguage\":\"tr\",\"@id\":\"https:\/\/epochtimestr.com\/index.php\/marketlerde-meyve-suyu-ve-nektarlar-icin-yeni-donem#primaryimage\",\"url\":\"https:\/\/epochtimestr.com\/wp-content\/uploads\/2011y\/meyve-suyu.jpg\",\"contentUrl\":\"https:\/\/epochtimestr.com\/wp-content\/uploads\/2011y\/meyve-suyu.jpg\",\"width\":1280,\"height\":960},{\"@type\":\"WebSite\",\"@id\":\"https:\/\/epochtimestr.com\/#website\",\"url\":\"https:\/\/epochtimestr.com\/\",\"name\":\"The Epoch Times TR\",\"description\":\"De\u011fi\u015fen D\u00fcnyam\u0131za Taze Bir Bak\u0131\u015f\",\"publisher\":{\"@id\":\"https:\/\/epochtimestr.com\/#organization\"},\"potentialAction\":[{\"@type\":\"SearchAction\",\"target\":{\"@type\":\"EntryPoint\",\"urlTemplate\":\"https:\/\/epochtimestr.com\/?s={search_term_string}\"},\"query-input\":\"required name=search_term_string\"}],\"inLanguage\":\"tr\"},{\"@type\":\"Organization\",\"@id\":\"https:\/\/epochtimestr.com\/#organization\",\"name\":\"The EpochTimes T\u00fcrkiye\",\"url\":\"https:\/\/epochtimestr.com\/\",\"logo\":{\"@type\":\"ImageObject\",\"inLanguage\":\"tr\",\"@id\":\"https:\/\/epochtimestr.com\/#\/schema\/logo\/image\/\",\"url\":\"https:\/\/epochtimestr.com\/wp-content\/uploads\/2011y\/ET-Logo-YG.jpg\",\"contentUrl\":\"https:\/\/epochtimestr.com\/wp-content\/uploads\/2011y\/ET-Logo-YG.jpg\",\"width\":346,\"height\":29,\"caption\":\"The EpochTimes T\u00fcrkiye\"},\"image\":{\"@id\":\"https:\/\/epochtimestr.com\/#\/schema\/logo\/image\/\"},\"sameAs\":[\"https:\/\/www.facebook.com\/theepochtimestr\",\"https:\/\/x.com\/TheEpochTimesTR\",\"https:\/\/www.instagram.com\/epochtimestr\"]},{\"@type\":\"Person\",\"@id\":\"https:\/\/epochtimestr.com\/#\/schema\/person\/3dc5c3adeb9f43923c5aa85889172fdd\",\"name\":\"Haber Merkezi\",\"image\":{\"@type\":\"ImageObject\",\"inLanguage\":\"tr\",\"@id\":\"https:\/\/epochtimestr.com\/#\/schema\/person\/image\/\",\"url\":\"https:\/\/secure.gravatar.com\/avatar\/d73f772ba5a74f28601361e17c2f93e6?s=96&d=mm&r=g\",\"contentUrl\":\"https:\/\/secure.gravatar.com\/avatar\/d73f772ba5a74f28601361e17c2f93e6?s=96&d=mm&r=g\",\"caption\":\"Haber Merkezi\"},\"url\":\"https:\/\/epochtimestr.com\/index.php\/author\/sendag\"}]}<\/script>\n<!-- \/ Yoast SEO plugin. -->","yoast_head_json":{"title":"Marketlerde Meyve Suyu ve Nektarlar \u0130\u00e7in Yeni D\u00f6nem - The Epoch Times TR","description":"Tasla\u011f\u0131n y\u00fcr\u00fcrl\u00fc\u011fe girmesi halinde konsantre, p\u00fcre veya toz \u015feklindeki meyve suyu \u00fcr\u00fcnlerinde tatland\u0131r\u0131c\u0131 kullan\u0131m\u0131na izin verilmeyecek.","robots":{"index":"index","follow":"follow","max-snippet":"max-snippet:-1","max-image-preview":"max-image-preview:large","max-video-preview":"max-video-preview:-1"},"canonical":"https:\/\/epochtimestr.com\/index.php\/marketlerde-meyve-suyu-ve-nektarlar-icin-yeni-donem","og_locale":"tr_TR","og_type":"article","og_title":"Marketlerde Meyve Suyu ve Nektarlar \u0130\u00e7in Yeni D\u00f6nem - The Epoch Times TR","og_description":"Tasla\u011f\u0131n y\u00fcr\u00fcrl\u00fc\u011fe girmesi halinde konsantre, p\u00fcre veya toz \u015feklindeki meyve suyu \u00fcr\u00fcnlerinde tatland\u0131r\u0131c\u0131 kullan\u0131m\u0131na izin verilmeyecek.","og_url":"https:\/\/epochtimestr.com\/index.php\/marketlerde-meyve-suyu-ve-nektarlar-icin-yeni-donem","og_site_name":"The Epoch Times TR","article_publisher":"https:\/\/www.facebook.com\/theepochtimestr","article_published_time":"2026-09-04T18:58:26+00:00","article_modified_time":"2026-09-04T18:58:27+00:00","og_image":[{"width":1280,"height":960,"url":"https:\/\/epochtimestr.com\/wp-content\/uploads\/2011y\/meyve-suyu.jpg","type":"image\/jpeg"}],"author":"Haber Merkezi","twitter_card":"summary_large_image","twitter_creator":"@TheEpochTimesTR","twitter_site":"@TheEpochTimesTR","twitter_misc":{"Yazan:":"Haber Merkezi","Tahmini okuma s\u00fcresi":"2 dakika"},"schema":{"@context":"https:\/\/schema.org","@graph":[{"@type":"Article","@id":"https:\/\/epochtimestr.com\/index.php\/marketlerde-meyve-suyu-ve-nektarlar-icin-yeni-donem#article","isPartOf":{"@id":"https:\/\/epochtimestr.com\/index.php\/marketlerde-meyve-suyu-ve-nektarlar-icin-yeni-donem"},"author":{"name":"Haber Merkezi","@id":"https:\/\/epochtimestr.com\/#\/schema\/person\/3dc5c3adeb9f43923c5aa85889172fdd"},"headline":"Marketlerde Meyve Suyu ve Nektarlar \u0130\u00e7in Yeni D\u00f6nem","datePublished":"2026-09-04T18:58:26+00:00","dateModified":"2026-09-04T18:58:27+00:00","mainEntityOfPage":{"@id":"https:\/\/epochtimestr.com\/index.php\/marketlerde-meyve-suyu-ve-nektarlar-icin-yeni-donem"},"wordCount":291,"commentCount":0,"publisher":{"@id":"https:\/\/epochtimestr.com\/#organization"},"image":{"@id":"https:\/\/epochtimestr.com\/index.php\/marketlerde-meyve-suyu-ve-nektarlar-icin-yeni-donem#primaryimage"},"thumbnailUrl":"https:\/\/epochtimestr.com\/wp-content\/uploads\/2011y\/meyve-suyu.jpg","keywords":["Konsantre","Meyve Suyu","tar\u0131m ve orman bakanl\u0131\u011f\u0131","Tebli\u011f Tasla\u011f\u0131"],"articleSection":["G\u00dcNDEM","MAN\u015eET","Sa\u011fl\u0131k","Ya\u015fam"],"inLanguage":"tr","potentialAction":[{"@type":"CommentAction","name":"Comment","target":["https:\/\/epochtimestr.com\/index.php\/marketlerde-meyve-suyu-ve-nektarlar-icin-yeni-donem#respond"]}]},{"@type":"WebPage","@id":"https:\/\/epochtimestr.com\/index.php\/marketlerde-meyve-suyu-ve-nektarlar-icin-yeni-donem","url":"https:\/\/epochtimestr.com\/index.php\/marketlerde-meyve-suyu-ve-nektarlar-icin-yeni-donem","name":"Marketlerde Meyve Suyu ve Nektarlar \u0130\u00e7in Yeni D\u00f6nem - The Epoch Times TR","isPartOf":{"@id":"https:\/\/epochtimestr.com\/#website"},"primaryImageOfPage":{"@id":"https:\/\/epochtimestr.com\/index.php\/marketlerde-meyve-suyu-ve-nektarlar-icin-yeni-donem#primaryimage"},"image":{"@id":"https:\/\/epochtimestr.com\/index.php\/marketlerde-meyve-suyu-ve-nektarlar-icin-yeni-donem#primaryimage"},"thumbnailUrl":"https:\/\/epochtimestr.com\/wp-content\/uploads\/2011y\/meyve-suyu.jpg","datePublished":"2026-09-04T18:58:26+00:00","dateModified":"2026-09-04T18:58:27+00:00","description":"Tasla\u011f\u0131n y\u00fcr\u00fcrl\u00fc\u011fe girmesi halinde konsantre, p\u00fcre veya toz \u015feklindeki meyve suyu \u00fcr\u00fcnlerinde tatland\u0131r\u0131c\u0131 kullan\u0131m\u0131na izin verilmeyecek.","inLanguage":"tr","potentialAction":[{"@type":"ReadAction","target":["https:\/\/epochtimestr.com\/index.php\/marketlerde-meyve-suyu-ve-nektarlar-icin-yeni-donem"]}]},{"@type":"ImageObject","inLanguage":"tr","@id":"https:\/\/epochtimestr.com\/index.php\/marketlerde-meyve-suyu-ve-nektarlar-icin-yeni-donem#primaryimage","url":"https:\/\/epochtimestr.com\/wp-content\/uploads\/2011y\/meyve-suyu.jpg","contentUrl":"https:\/\/epochtimestr.com\/wp-content\/uploads\/2011y\/meyve-suyu.jpg","width":1280,"height":960},{"@type":"WebSite","@id":"https:\/\/epochtimestr.com\/#website","url":"https:\/\/epochtimestr.com\/","name":"The Epoch Times TR","description":"De\u011fi\u015fen D\u00fcnyam\u0131za Taze Bir Bak\u0131\u015f","publisher":{"@id":"https:\/\/epochtimestr.com\/#organization"},"potentialAction":[{"@type":"SearchAction","target":{"@type":"EntryPoint","urlTemplate":"https:\/\/epochtimestr.com\/?s={search_term_string}"},"query-input":"required name=search_term_string"}],"inLanguage":"tr"},{"@type":"Organization","@id":"https:\/\/epochtimestr.com\/#organization","name":"The EpochTimes T\u00fcrkiye","url":"https:\/\/epochtimestr.com\/","logo":{"@type":"ImageObject","inLanguage":"tr","@id":"https:\/\/epochtimestr.com\/#\/schema\/logo\/image\/","url":"https:\/\/epochtimestr.com\/wp-content\/uploads\/2011y\/ET-Logo-YG.jpg","contentUrl":"https:\/\/epochtimestr.com\/wp-content\/uploads\/2011y\/ET-Logo-YG.jpg","width":346,"height":29,"caption":"The EpochTimes T\u00fcrkiye"},"image":{"@id":"https:\/\/epochtimestr.com\/#\/schema\/logo\/image\/"},"sameAs":["https:\/\/www.facebook.com\/theepochtimestr","https:\/\/x.com\/TheEpochTimesTR","https:\/\/www.instagram.com\/epochtimestr"]},{"@type":"Person","@id":"https:\/\/epochtimestr.com\/#\/schema\/person\/3dc5c3adeb9f43923c5aa85889172fdd","name":"Haber Merkezi","image":{"@type":"ImageObject","inLanguage":"tr","@id":"https:\/\/epochtimestr.com\/#\/schema\/person\/image\/","url":"https:\/\/secure.gravatar.com\/avatar\/d73f772ba5a74f28601361e17c2f93e6?s=96&d=mm&r=g","contentUrl":"https:\/\/secure.gravatar.com\/avatar\/d73f772ba5a74f28601361e17c2f93e6?s=96&d=mm&r=g","caption":"Haber Merkezi"},"url":"https:\/\/epochtimestr.com\/index.php\/author\/sendag"}]}},"_links":{"self":[{"href":"https:\/\/epochtimestr.com\/index.php\/wp-json\/wp\/v2\/posts\/171517"}],"collection":[{"href":"https:\/\/epochtimestr.com\/index.php\/wp-json\/wp\/v2\/posts"}],"about":[{"href":"https:\/\/epochtimestr.com\/index.php\/wp-json\/wp\/v2\/types\/post"}],"author":[{"embeddable":true,"href":"https:\/\/epochtimestr.com\/index.php\/wp-json\/wp\/v2\/users\/12791"}],"replies":[{"embeddable":true,"href":"https:\/\/epochtimestr.com\/index.php\/wp-json\/wp\/v2\/comments?post=171517"}],"version-history":[{"count":2,"href":"https:\/\/epochtimestr.com\/index.php\/wp-json\/wp\/v2\/posts\/171517\/revisions"}],"predecessor-version":[{"id":171531,"href":"https:\/\/epochtimestr.com\/index.php\/wp-json\/wp\/v2\/posts\/171517\/revisions\/171531"}],"wp:featuredmedia":[{"embeddable":true,"href":"https:\/\/epochtimestr.com\/index.php\/wp-json\/wp\/v2\/media\/171518"}],"wp:attachment":[{"href":"https:\/\/epochtimestr.com\/index.php\/wp-json\/wp\/v2\/media?parent=171517"}],"wp:term":[{"taxonomy":"category","embeddable":true,"href":"https:\/\/epochtimestr.com\/index.php\/wp-json\/wp\/v2\/categories?post=171517"},{"taxonomy":"post_tag","embeddable":true,"href":"https:\/\/epochtimestr.com\/index.php\/wp-json\/wp\/v2\/tags?post=171517"}],"curies":[{"name":"wp","href":"https:\/\/api.w.org\/{rel}","templated":true}]}}