{"id":171529,"date":"2026-09-05T08:05:53","date_gmt":"2026-09-05T05:05:53","guid":{"rendered":"https:\/\/epochtimestr.com\/?p=171529"},"modified":"2026-09-05T08:05:55","modified_gmt":"2026-09-05T05:05:55","slug":"abbden-ihale-alan-36-sirkete-sorusturma","status":"publish","type":"post","link":"https:\/\/epochtimestr.com\/index.php\/abbden-ihale-alan-36-sirkete-sorusturma","title":{"rendered":"ABB&#8217;den \u0130hale Alan 36 \u015eirkete Soru\u015fturma"},"content":{"rendered":"<div class=\"wp-block-image\">\n<figure class=\"aligncenter size-full is-resized\"><img loading=\"lazy\" decoding=\"async\" width=\"576\" height=\"318\" src=\"https:\/\/epochtimestr.com\/wp-content\/uploads\/2011y\/images-30.jpg\" alt=\"ABB'den ihale alan 36 \u015firkete soru\u015fturma. (Ankara B\u00fcy\u00fck\u015fehir Belediyesi web )\" class=\"wp-image-171530\" style=\"width:576px;height:auto\" srcset=\"https:\/\/epochtimestr.com\/wp-content\/uploads\/2011y\/images-30.jpg 576w, https:\/\/epochtimestr.com\/wp-content\/uploads\/2011y\/images-30-300x166.jpg 300w, https:\/\/epochtimestr.com\/wp-content\/uploads\/2011y\/images-30-150x83.jpg 150w\" sizes=\"(max-width: 576px) 100vw, 576px\" \/><figcaption class=\"wp-element-caption\">ABB&#8217;den ihale alan 36 \u015firkete soru\u015fturma. (AnkaraB\u00fcy\u00fck\u015fehirBelediyesi web )<\/figcaption><\/figure><\/div>\n\n\n<h2 class=\"wp-block-heading\">Ankara Cumhuriyet Ba\u015fsavc\u0131l\u0131\u011f\u0131, ABB ve i\u015ftiraklerinin ihalelerine giren ya da ihale kazanan 36 \u015firket i\u00e7in soru\u015fturma ba\u015flatt\u0131.<\/h2>\n\n\n\n<p>Ankara Cumhuriyet Ba\u015fsavc\u0131l\u0131\u011f\u0131, Ankara B\u00fcy\u00fck\u015fehir Belediyesi (<a href=\"https:\/\/epochtimestr.com\/index.php\/abb-melih-gokcekin-vakfina-yapilan-usulsuz-tahsisleri-geri-aldi\" target=\"_blank\" rel=\"noreferrer noopener\">ABB<\/a>) ve belediye i\u015ftiraklerinin ihalelerini kazanan ya da bu ihalelere kat\u0131lan 36 \u015firket hakk\u0131nda soru\u015fturma ba\u015flatt\u0131.<\/p>\n\n\n\n<p>Soru\u015fturma kapsam\u0131nda ABB&#8217;den, s\u00f6z konusu \u015firketlere ili\u015fkin listenin haz\u0131rlanmas\u0131 istendi. Haz\u0131rlanacak listenin <a href=\"https:\/\/epochtimestr.com\/index.php\/ankarada-tusasa-ait-egitim-helikopteri-dustu\" target=\"_blank\" rel=\"noreferrer noopener\">Ankara Emniyet<\/a> M\u00fcd\u00fcrl\u00fc\u011f\u00fc Mali Su\u00e7larla M\u00fccadele \u015eube M\u00fcd\u00fcrl\u00fc\u011f\u00fc personeline fiziken teslim edilmesinin talep edildi\u011fi bildirildi.<\/p>\n\n\n\n<p>Soru\u015fturman\u0131n kapsam\u0131na ve \u015firketlere y\u00f6neltilen iddialara ili\u015fkin ayr\u0131nt\u0131lar hen\u00fcz payla\u015f\u0131lmad\u0131. Geli\u015fmelerin yarg\u0131 s\u00fcreci ve resmi a\u00e7\u0131klamalar do\u011frultusunda netle\u015fmesi bekleniyor. ABB Hukuk M\u00fc\u015favirli\u011fi ise bu talebi t\u00fcm belediye birimlerine ve i\u015ftiraklerine iletti.<\/p>\n\n\n\n<p>Edinilen bilgilere g\u00f6re ba\u015fsavc\u0131l\u0131k, soru\u015fturma kapsam\u0131nda ad\u0131 ge\u00e7en \u015firketlerin Ankara B\u00fcy\u00fck\u015fehir Belediyesi ve ba\u011fl\u0131 kurulu\u015flar\u0131yla olan ticari ili\u015fkilerine y\u00f6nelik belge ve kay\u0131tlar\u0131n incelenmesini istedi. Belediye kaynaklar\u0131n\u0131n aktard\u0131\u011f\u0131na g\u00f6re, 31 A\u011fustos 2026 tarihli talep kapsam\u0131nda ilgili \u015firketlere ait dosyalar haz\u0131rlanarak Mali Su\u00e7larla M\u00fccadele \u015eube M\u00fcd\u00fcrl\u00fc\u011f\u00fc&#8217;ne teslim edildi. Savc\u0131l\u0131k taraf\u0131ndan istenen dosyalarda eski Ankara B\u00fcy\u00fck\u015fehir Belediye Ba\u015fkan\u0131 Melih G\u00f6k\u00e7ek d\u00f6nemine ait dosyalar\u0131n da bulundu\u011funu ifade edildi.<\/p>\n","protected":false},"excerpt":{"rendered":"<p>Ankara Cumhuriyet Ba\u015fsavc\u0131l\u0131\u011f\u0131, ABB ve i\u015ftiraklerinin ihalelerine giren ya da ihale kazanan 36 \u015firket i\u00e7in soru\u015fturma ba\u015flatt\u0131. Ankara Cumhuriyet Ba\u015fsavc\u0131l\u0131\u011f\u0131, Ankara B\u00fcy\u00fck\u015fehir Belediyesi (ABB) ve belediye i\u015ftiraklerinin ihalelerini kazanan ya da bu ihalelere kat\u0131lan 36 \u015firket hakk\u0131nda soru\u015fturma ba\u015flatt\u0131. Soru\u015fturma kapsam\u0131nda ABB&#8217;den, s\u00f6z konusu \u015firketlere ili\u015fkin listenin haz\u0131rlanmas\u0131 istendi. Haz\u0131rlanacak listenin Ankara Emniyet M\u00fcd\u00fcrl\u00fc\u011f\u00fc Mali [&hellip;]<\/p>\n","protected":false},"author":12791,"featured_media":171530,"comment_status":"open","ping_status":"open","sticky":false,"template":"","format":"standard","meta":{"_yoast_wpseo_focuskw":"soru\u015fturma - 36","_yoast_wpseo_title":"","_yoast_wpseo_metadesc":"Ankara Cumhuriyet Ba\u015fsavc\u0131l\u0131\u011f\u0131, ABB ve i\u015ftiraklerinin ihalelerine giren ya da ihale kazanan 36 \u015firket i\u00e7in soru\u015fturma ba\u015flatt\u0131.","_bbp_topic_count":0,"_bbp_reply_count":0,"_bbp_total_topic_count":0,"_bbp_total_reply_count":0,"_bbp_voice_count":0,"_bbp_anonymous_reply_count":0,"_bbp_topic_count_hidden":0,"_bbp_reply_count_hidden":0,"_bbp_forum_subforum_count":0,"footnotes":"","_yoast_wpseo_focuskw_text_input":""},"categories":[1,8138,8226],"tags":[8582,1364,12647,12648,12646,4875],"yoast_head":"<!-- This site is optimized with the Yoast SEO plugin v23.0 - https:\/\/yoast.com\/wordpress\/plugins\/seo\/ -->\n<title>ABB&#039;den \u0130hale Alan 36 \u015eirkete Soru\u015fturma - The Epoch Times TR<\/title>\n<meta name=\"description\" content=\"Ankara Cumhuriyet Ba\u015fsavc\u0131l\u0131\u011f\u0131, ABB ve i\u015ftiraklerinin ihalelerine giren ya da ihale kazanan 36 \u015firket i\u00e7in soru\u015fturma ba\u015flatt\u0131.\" \/>\n<meta name=\"robots\" content=\"index, follow, max-snippet:-1, max-image-preview:large, max-video-preview:-1\" \/>\n<link rel=\"canonical\" href=\"https:\/\/epochtimestr.com\/index.php\/abbden-ihale-alan-36-sirkete-sorusturma\" \/>\n<meta property=\"og:locale\" content=\"tr_TR\" \/>\n<meta property=\"og:type\" content=\"article\" \/>\n<meta property=\"og:title\" content=\"ABB&#039;den \u0130hale Alan 36 \u015eirkete Soru\u015fturma - The Epoch Times TR\" \/>\n<meta property=\"og:description\" content=\"Ankara Cumhuriyet Ba\u015fsavc\u0131l\u0131\u011f\u0131, ABB ve i\u015ftiraklerinin ihalelerine giren ya da ihale kazanan 36 \u015firket i\u00e7in soru\u015fturma ba\u015flatt\u0131.\" \/>\n<meta property=\"og:url\" content=\"https:\/\/epochtimestr.com\/index.php\/abbden-ihale-alan-36-sirkete-sorusturma\" \/>\n<meta property=\"og:site_name\" content=\"The Epoch Times TR\" \/>\n<meta property=\"article:publisher\" content=\"https:\/\/www.facebook.com\/theepochtimestr\" \/>\n<meta property=\"article:published_time\" content=\"2026-09-05T05:05:53+00:00\" \/>\n<meta property=\"article:modified_time\" content=\"2026-09-05T05:05:55+00:00\" \/>\n<meta property=\"og:image\" content=\"https:\/\/epochtimestr.com\/wp-content\/uploads\/2011y\/images-30.jpg\" \/>\n\t<meta property=\"og:image:width\" content=\"576\" \/>\n\t<meta property=\"og:image:height\" content=\"318\" \/>\n\t<meta property=\"og:image:type\" content=\"image\/jpeg\" \/>\n<meta name=\"author\" content=\"Haber Merkezi\" \/>\n<meta name=\"twitter:card\" content=\"summary_large_image\" \/>\n<meta name=\"twitter:creator\" content=\"@TheEpochTimesTR\" \/>\n<meta name=\"twitter:site\" content=\"@TheEpochTimesTR\" \/>\n<meta name=\"twitter:label1\" content=\"Yazan:\" \/>\n\t<meta name=\"twitter:data1\" content=\"Haber Merkezi\" \/>\n\t<meta name=\"twitter:label2\" content=\"Tahmini okuma s\u00fcresi\" \/>\n\t<meta name=\"twitter:data2\" content=\"2 dakika\" \/>\n<script type=\"application\/ld+json\" class=\"yoast-schema-graph\">{\"@context\":\"https:\/\/schema.org\",\"@graph\":[{\"@type\":\"Article\",\"@id\":\"https:\/\/epochtimestr.com\/index.php\/abbden-ihale-alan-36-sirkete-sorusturma#article\",\"isPartOf\":{\"@id\":\"https:\/\/epochtimestr.com\/index.php\/abbden-ihale-alan-36-sirkete-sorusturma\"},\"author\":{\"name\":\"Haber Merkezi\",\"@id\":\"https:\/\/epochtimestr.com\/#\/schema\/person\/3dc5c3adeb9f43923c5aa85889172fdd\"},\"headline\":\"ABB&#8217;den \u0130hale Alan 36 \u015eirkete Soru\u015fturma\",\"datePublished\":\"2026-09-05T05:05:53+00:00\",\"dateModified\":\"2026-09-05T05:05:55+00:00\",\"mainEntityOfPage\":{\"@id\":\"https:\/\/epochtimestr.com\/index.php\/abbden-ihale-alan-36-sirkete-sorusturma\"},\"wordCount\":262,\"commentCount\":0,\"publisher\":{\"@id\":\"https:\/\/epochtimestr.com\/#organization\"},\"image\":{\"@id\":\"https:\/\/epochtimestr.com\/index.php\/abbden-ihale-alan-36-sirkete-sorusturma#primaryimage\"},\"thumbnailUrl\":\"https:\/\/epochtimestr.com\/wp-content\/uploads\/2011y\/images-30.jpg\",\"keywords\":[\"ABB\",\"Ankara Cumhuriyet Ba\u015fsavc\u0131l\u0131\u011f\u0131\",\"Ankara Emniyet M\u00fcd\u00fcrl\u00fc\u011f\u00fc Mali Su\u00e7larla M\u00fccadele \u015eube M\u00fcd\u00fcrl\u00fc\u011f\u00fc\",\"Belediye \u0130\u015ftirakleri\",\"\u0130hale\",\"soru\u015fturma\"],\"articleSection\":[\"G\u00dcNDEM\",\"MAN\u015eET\",\"Siyaset\"],\"inLanguage\":\"tr\",\"potentialAction\":[{\"@type\":\"CommentAction\",\"name\":\"Comment\",\"target\":[\"https:\/\/epochtimestr.com\/index.php\/abbden-ihale-alan-36-sirkete-sorusturma#respond\"]}]},{\"@type\":\"WebPage\",\"@id\":\"https:\/\/epochtimestr.com\/index.php\/abbden-ihale-alan-36-sirkete-sorusturma\",\"url\":\"https:\/\/epochtimestr.com\/index.php\/abbden-ihale-alan-36-sirkete-sorusturma\",\"name\":\"ABB'den \u0130hale Alan 36 \u015eirkete Soru\u015fturma - The Epoch Times TR\",\"isPartOf\":{\"@id\":\"https:\/\/epochtimestr.com\/#website\"},\"primaryImageOfPage\":{\"@id\":\"https:\/\/epochtimestr.com\/index.php\/abbden-ihale-alan-36-sirkete-sorusturma#primaryimage\"},\"image\":{\"@id\":\"https:\/\/epochtimestr.com\/index.php\/abbden-ihale-alan-36-sirkete-sorusturma#primaryimage\"},\"thumbnailUrl\":\"https:\/\/epochtimestr.com\/wp-content\/uploads\/2011y\/images-30.jpg\",\"datePublished\":\"2026-09-05T05:05:53+00:00\",\"dateModified\":\"2026-09-05T05:05:55+00:00\",\"description\":\"Ankara Cumhuriyet Ba\u015fsavc\u0131l\u0131\u011f\u0131, ABB ve i\u015ftiraklerinin ihalelerine giren ya da ihale kazanan 36 \u015firket i\u00e7in soru\u015fturma ba\u015flatt\u0131.\",\"inLanguage\":\"tr\",\"potentialAction\":[{\"@type\":\"ReadAction\",\"target\":[\"https:\/\/epochtimestr.com\/index.php\/abbden-ihale-alan-36-sirkete-sorusturma\"]}]},{\"@type\":\"ImageObject\",\"inLanguage\":\"tr\",\"@id\":\"https:\/\/epochtimestr.com\/index.php\/abbden-ihale-alan-36-sirkete-sorusturma#primaryimage\",\"url\":\"https:\/\/epochtimestr.com\/wp-content\/uploads\/2011y\/images-30.jpg\",\"contentUrl\":\"https:\/\/epochtimestr.com\/wp-content\/uploads\/2011y\/images-30.jpg\",\"width\":576,\"height\":318},{\"@type\":\"WebSite\",\"@id\":\"https:\/\/epochtimestr.com\/#website\",\"url\":\"https:\/\/epochtimestr.com\/\",\"name\":\"The Epoch Times TR\",\"description\":\"De\u011fi\u015fen D\u00fcnyam\u0131za Taze Bir Bak\u0131\u015f\",\"publisher\":{\"@id\":\"https:\/\/epochtimestr.com\/#organization\"},\"potentialAction\":[{\"@type\":\"SearchAction\",\"target\":{\"@type\":\"EntryPoint\",\"urlTemplate\":\"https:\/\/epochtimestr.com\/?s={search_term_string}\"},\"query-input\":\"required name=search_term_string\"}],\"inLanguage\":\"tr\"},{\"@type\":\"Organization\",\"@id\":\"https:\/\/epochtimestr.com\/#organization\",\"name\":\"The EpochTimes T\u00fcrkiye\",\"url\":\"https:\/\/epochtimestr.com\/\",\"logo\":{\"@type\":\"ImageObject\",\"inLanguage\":\"tr\",\"@id\":\"https:\/\/epochtimestr.com\/#\/schema\/logo\/image\/\",\"url\":\"https:\/\/epochtimestr.com\/wp-content\/uploads\/2011y\/ET-Logo-YG.jpg\",\"contentUrl\":\"https:\/\/epochtimestr.com\/wp-content\/uploads\/2011y\/ET-Logo-YG.jpg\",\"width\":346,\"height\":29,\"caption\":\"The EpochTimes T\u00fcrkiye\"},\"image\":{\"@id\":\"https:\/\/epochtimestr.com\/#\/schema\/logo\/image\/\"},\"sameAs\":[\"https:\/\/www.facebook.com\/theepochtimestr\",\"https:\/\/x.com\/TheEpochTimesTR\",\"https:\/\/www.instagram.com\/epochtimestr\"]},{\"@type\":\"Person\",\"@id\":\"https:\/\/epochtimestr.com\/#\/schema\/person\/3dc5c3adeb9f43923c5aa85889172fdd\",\"name\":\"Haber Merkezi\",\"image\":{\"@type\":\"ImageObject\",\"inLanguage\":\"tr\",\"@id\":\"https:\/\/epochtimestr.com\/#\/schema\/person\/image\/\",\"url\":\"https:\/\/secure.gravatar.com\/avatar\/d73f772ba5a74f28601361e17c2f93e6?s=96&d=mm&r=g\",\"contentUrl\":\"https:\/\/secure.gravatar.com\/avatar\/d73f772ba5a74f28601361e17c2f93e6?s=96&d=mm&r=g\",\"caption\":\"Haber Merkezi\"},\"url\":\"https:\/\/epochtimestr.com\/index.php\/author\/sendag\"}]}<\/script>\n<!-- \/ Yoast SEO plugin. -->","yoast_head_json":{"title":"ABB'den \u0130hale Alan 36 \u015eirkete Soru\u015fturma - The Epoch Times TR","description":"Ankara Cumhuriyet Ba\u015fsavc\u0131l\u0131\u011f\u0131, ABB ve i\u015ftiraklerinin ihalelerine giren ya da ihale kazanan 36 \u015firket i\u00e7in soru\u015fturma ba\u015flatt\u0131.","robots":{"index":"index","follow":"follow","max-snippet":"max-snippet:-1","max-image-preview":"max-image-preview:large","max-video-preview":"max-video-preview:-1"},"canonical":"https:\/\/epochtimestr.com\/index.php\/abbden-ihale-alan-36-sirkete-sorusturma","og_locale":"tr_TR","og_type":"article","og_title":"ABB'den \u0130hale Alan 36 \u015eirkete Soru\u015fturma - The Epoch Times TR","og_description":"Ankara Cumhuriyet Ba\u015fsavc\u0131l\u0131\u011f\u0131, ABB ve i\u015ftiraklerinin ihalelerine giren ya da ihale kazanan 36 \u015firket i\u00e7in soru\u015fturma ba\u015flatt\u0131.","og_url":"https:\/\/epochtimestr.com\/index.php\/abbden-ihale-alan-36-sirkete-sorusturma","og_site_name":"The Epoch Times TR","article_publisher":"https:\/\/www.facebook.com\/theepochtimestr","article_published_time":"2026-09-05T05:05:53+00:00","article_modified_time":"2026-09-05T05:05:55+00:00","og_image":[{"width":576,"height":318,"url":"https:\/\/epochtimestr.com\/wp-content\/uploads\/2011y\/images-30.jpg","type":"image\/jpeg"}],"author":"Haber Merkezi","twitter_card":"summary_large_image","twitter_creator":"@TheEpochTimesTR","twitter_site":"@TheEpochTimesTR","twitter_misc":{"Yazan:":"Haber Merkezi","Tahmini okuma s\u00fcresi":"2 dakika"},"schema":{"@context":"https:\/\/schema.org","@graph":[{"@type":"Article","@id":"https:\/\/epochtimestr.com\/index.php\/abbden-ihale-alan-36-sirkete-sorusturma#article","isPartOf":{"@id":"https:\/\/epochtimestr.com\/index.php\/abbden-ihale-alan-36-sirkete-sorusturma"},"author":{"name":"Haber Merkezi","@id":"https:\/\/epochtimestr.com\/#\/schema\/person\/3dc5c3adeb9f43923c5aa85889172fdd"},"headline":"ABB&#8217;den \u0130hale Alan 36 \u015eirkete Soru\u015fturma","datePublished":"2026-09-05T05:05:53+00:00","dateModified":"2026-09-05T05:05:55+00:00","mainEntityOfPage":{"@id":"https:\/\/epochtimestr.com\/index.php\/abbden-ihale-alan-36-sirkete-sorusturma"},"wordCount":262,"commentCount":0,"publisher":{"@id":"https:\/\/epochtimestr.com\/#organization"},"image":{"@id":"https:\/\/epochtimestr.com\/index.php\/abbden-ihale-alan-36-sirkete-sorusturma#primaryimage"},"thumbnailUrl":"https:\/\/epochtimestr.com\/wp-content\/uploads\/2011y\/images-30.jpg","keywords":["ABB","Ankara Cumhuriyet Ba\u015fsavc\u0131l\u0131\u011f\u0131","Ankara Emniyet M\u00fcd\u00fcrl\u00fc\u011f\u00fc Mali Su\u00e7larla M\u00fccadele \u015eube M\u00fcd\u00fcrl\u00fc\u011f\u00fc","Belediye \u0130\u015ftirakleri","\u0130hale","soru\u015fturma"],"articleSection":["G\u00dcNDEM","MAN\u015eET","Siyaset"],"inLanguage":"tr","potentialAction":[{"@type":"CommentAction","name":"Comment","target":["https:\/\/epochtimestr.com\/index.php\/abbden-ihale-alan-36-sirkete-sorusturma#respond"]}]},{"@type":"WebPage","@id":"https:\/\/epochtimestr.com\/index.php\/abbden-ihale-alan-36-sirkete-sorusturma","url":"https:\/\/epochtimestr.com\/index.php\/abbden-ihale-alan-36-sirkete-sorusturma","name":"ABB'den \u0130hale Alan 36 \u015eirkete Soru\u015fturma - The Epoch Times TR","isPartOf":{"@id":"https:\/\/epochtimestr.com\/#website"},"primaryImageOfPage":{"@id":"https:\/\/epochtimestr.com\/index.php\/abbden-ihale-alan-36-sirkete-sorusturma#primaryimage"},"image":{"@id":"https:\/\/epochtimestr.com\/index.php\/abbden-ihale-alan-36-sirkete-sorusturma#primaryimage"},"thumbnailUrl":"https:\/\/epochtimestr.com\/wp-content\/uploads\/2011y\/images-30.jpg","datePublished":"2026-09-05T05:05:53+00:00","dateModified":"2026-09-05T05:05:55+00:00","description":"Ankara Cumhuriyet Ba\u015fsavc\u0131l\u0131\u011f\u0131, ABB ve i\u015ftiraklerinin ihalelerine giren ya da ihale kazanan 36 \u015firket i\u00e7in soru\u015fturma ba\u015flatt\u0131.","inLanguage":"tr","potentialAction":[{"@type":"ReadAction","target":["https:\/\/epochtimestr.com\/index.php\/abbden-ihale-alan-36-sirkete-sorusturma"]}]},{"@type":"ImageObject","inLanguage":"tr","@id":"https:\/\/epochtimestr.com\/index.php\/abbden-ihale-alan-36-sirkete-sorusturma#primaryimage","url":"https:\/\/epochtimestr.com\/wp-content\/uploads\/2011y\/images-30.jpg","contentUrl":"https:\/\/epochtimestr.com\/wp-content\/uploads\/2011y\/images-30.jpg","width":576,"height":318},{"@type":"WebSite","@id":"https:\/\/epochtimestr.com\/#website","url":"https:\/\/epochtimestr.com\/","name":"The Epoch Times TR","description":"De\u011fi\u015fen D\u00fcnyam\u0131za Taze Bir Bak\u0131\u015f","publisher":{"@id":"https:\/\/epochtimestr.com\/#organization"},"potentialAction":[{"@type":"SearchAction","target":{"@type":"EntryPoint","urlTemplate":"https:\/\/epochtimestr.com\/?s={search_term_string}"},"query-input":"required name=search_term_string"}],"inLanguage":"tr"},{"@type":"Organization","@id":"https:\/\/epochtimestr.com\/#organization","name":"The EpochTimes T\u00fcrkiye","url":"https:\/\/epochtimestr.com\/","logo":{"@type":"ImageObject","inLanguage":"tr","@id":"https:\/\/epochtimestr.com\/#\/schema\/logo\/image\/","url":"https:\/\/epochtimestr.com\/wp-content\/uploads\/2011y\/ET-Logo-YG.jpg","contentUrl":"https:\/\/epochtimestr.com\/wp-content\/uploads\/2011y\/ET-Logo-YG.jpg","width":346,"height":29,"caption":"The EpochTimes T\u00fcrkiye"},"image":{"@id":"https:\/\/epochtimestr.com\/#\/schema\/logo\/image\/"},"sameAs":["https:\/\/www.facebook.com\/theepochtimestr","https:\/\/x.com\/TheEpochTimesTR","https:\/\/www.instagram.com\/epochtimestr"]},{"@type":"Person","@id":"https:\/\/epochtimestr.com\/#\/schema\/person\/3dc5c3adeb9f43923c5aa85889172fdd","name":"Haber Merkezi","image":{"@type":"ImageObject","inLanguage":"tr","@id":"https:\/\/epochtimestr.com\/#\/schema\/person\/image\/","url":"https:\/\/secure.gravatar.com\/avatar\/d73f772ba5a74f28601361e17c2f93e6?s=96&d=mm&r=g","contentUrl":"https:\/\/secure.gravatar.com\/avatar\/d73f772ba5a74f28601361e17c2f93e6?s=96&d=mm&r=g","caption":"Haber Merkezi"},"url":"https:\/\/epochtimestr.com\/index.php\/author\/sendag"}]}},"_links":{"self":[{"href":"https:\/\/epochtimestr.com\/index.php\/wp-json\/wp\/v2\/posts\/171529"}],"collection":[{"href":"https:\/\/epochtimestr.com\/index.php\/wp-json\/wp\/v2\/posts"}],"about":[{"href":"https:\/\/epochtimestr.com\/index.php\/wp-json\/wp\/v2\/types\/post"}],"author":[{"embeddable":true,"href":"https:\/\/epochtimestr.com\/index.php\/wp-json\/wp\/v2\/users\/12791"}],"replies":[{"embeddable":true,"href":"https:\/\/epochtimestr.com\/index.php\/wp-json\/wp\/v2\/comments?post=171529"}],"version-history":[{"count":2,"href":"https:\/\/epochtimestr.com\/index.php\/wp-json\/wp\/v2\/posts\/171529\/revisions"}],"predecessor-version":[{"id":171547,"href":"https:\/\/epochtimestr.com\/index.php\/wp-json\/wp\/v2\/posts\/171529\/revisions\/171547"}],"wp:featuredmedia":[{"embeddable":true,"href":"https:\/\/epochtimestr.com\/index.php\/wp-json\/wp\/v2\/media\/171530"}],"wp:attachment":[{"href":"https:\/\/epochtimestr.com\/index.php\/wp-json\/wp\/v2\/media?parent=171529"}],"wp:term":[{"taxonomy":"category","embeddable":true,"href":"https:\/\/epochtimestr.com\/index.php\/wp-json\/wp\/v2\/categories?post=171529"},{"taxonomy":"post_tag","embeddable":true,"href":"https:\/\/epochtimestr.com\/index.php\/wp-json\/wp\/v2\/tags?post=171529"}],"curies":[{"name":"wp","href":"https:\/\/api.w.org\/{rel}","templated":true}]}}