{"id":171533,"date":"2026-09-05T08:51:42","date_gmt":"2026-09-05T05:51:42","guid":{"rendered":"https:\/\/epochtimestr.com\/?p=171533"},"modified":"2026-09-05T08:54:08","modified_gmt":"2026-09-05T05:54:08","slug":"ifade-veren-melih-gokcekten-ilk-aciklama","status":"publish","type":"post","link":"https:\/\/epochtimestr.com\/index.php\/ifade-veren-melih-gokcekten-ilk-aciklama","title":{"rendered":"\u0130fade Veren Melih G\u00f6k\u00e7ek&#8217;ten \u0130lk A\u00e7\u0131klama"},"content":{"rendered":"<div class=\"wp-block-image\">\n<figure class=\"aligncenter size-full is-resized\"><img loading=\"lazy\" decoding=\"async\" width=\"971\" height=\"551\" src=\"https:\/\/epochtimestr.com\/wp-content\/uploads\/2011y\/melih-gokcek-x.jpg\" alt=\"\" class=\"wp-image-171256\" style=\"width:840px;height:auto\" srcset=\"https:\/\/epochtimestr.com\/wp-content\/uploads\/2011y\/melih-gokcek-x.jpg 971w, https:\/\/epochtimestr.com\/wp-content\/uploads\/2011y\/melih-gokcek-x-300x170.jpg 300w, https:\/\/epochtimestr.com\/wp-content\/uploads\/2011y\/melih-gokcek-x-150x85.jpg 150w, https:\/\/epochtimestr.com\/wp-content\/uploads\/2011y\/melih-gokcek-x-768x436.jpg 768w\" sizes=\"(max-width: 971px) 100vw, 971px\" \/><figcaption class=\"wp-element-caption\">\u0130fade veren Melih G\u00f6k\u00e7ek&#8217;ten ilk a\u00e7\u0131klama. <em>(Foto\u011fraf: M.G\u00f6k\u00e7ek x hesab\u0131)<\/em><\/figcaption><\/figure><\/div>\n\n\n<h2 class=\"wp-block-heading\">\u0130fade sonras\u0131 bas\u0131n mensuplar\u0131na a\u00e7\u0131klama yapan Melih G\u00f6k\u00e7ek, &#8220;\u0130n\u015fallah, savc\u0131l\u0131\u011f\u0131n ara\u015ft\u0131rmas\u0131 soru\u015fturmas\u0131 bitecek.&#8221; dedi.<\/h2>\n\n\n\n<p>Ankara Cumhuriyet Ba\u015fsavc\u0131l\u0131\u011f\u0131, eski Ankara B\u00fcy\u00fck\u015fehir Belediye Ba\u015fkan\u0131 Melih <a href=\"https:\/\/epochtimestr.com\/index.php\/melih-gokcek-hakkinda-sorusturma-baslatildi\" target=\"_blank\" rel=\"noreferrer noopener\">G\u00f6k\u00e7ek<\/a> hakk\u0131nda &#8220;yurt d\u0131\u015f\u0131ndaki \u015firketlere kay\u0131t d\u0131\u015f\u0131 para aktar\u0131ld\u0131\u011f\u0131&#8221; iddialar\u0131na ili\u015fkin resen <a href=\"https:\/\/epochtimestr.com\/index.php\/ankaradaki-maden-kazasi-sorusturmasinda-dokuz-gozalti\" target=\"_blank\" rel=\"noreferrer noopener\">soru\u015fturma <\/a>ba\u015flatt\u0131.<\/p>\n\n\n\n<p>Ankara Cumhuriyet Ba\u015fsavc\u0131l\u0131\u011f\u0131&#8217;ndan yap\u0131lan a\u00e7\u0131klamada, &#8220;Baz\u0131 bas\u0131n ve yay\u0131n organlar\u0131nda, \u0130brahim Melih G\u00f6k\u00e7ek hakk\u0131nda yurt d\u0131\u015f\u0131ndaki \u015firketlere kay\u0131t d\u0131\u015f\u0131 para aktar\u0131ld\u0131\u011f\u0131 y\u00f6n\u00fcnde \u00f6ne s\u00fcr\u00fclen iddialara ili\u015fkin olarak, maddi ger\u00e7e\u011fin ortaya \u00e7\u0131kar\u0131lmas\u0131 amac\u0131yla Cumhuriyet Ba\u015fsavc\u0131l\u0131\u011f\u0131m\u0131zca resen soru\u015fturma ba\u015flat\u0131lm\u0131\u015ft\u0131r&#8221; denildi. Melih G\u00f6k\u00e7ek, ifade i\u015flemleri sonras\u0131 adliye \u00e7\u0131k\u0131\u015f\u0131nda gazetecilere a\u00e7\u0131klamada bulundu.<\/p>\n\n\n\n<p>G\u00f6k\u00e7ek, savc\u0131l\u0131\u011fa verdi\u011fi ifadenin gizlili\u011fi oldu\u011funu ve bu konuda bir \u015fey s\u00f6ylemeyece\u011fini belirtti.<\/p>\n\n\n\n<p><strong>G\u00f6k\u00e7ek\u2019in a\u00e7\u0131klamalar\u0131nda \u015funlar\u0131 s\u00f6yledi:<\/strong><\/p>\n\n\n\n<p>\u201c\u0130fademi 2 saat verdim ve \u00e7\u0131kt\u0131m. Pe\u015finen \u015funu s\u00f6yleyeyim. Ben burada savc\u0131l\u0131\u011fa ifade verdim, gizlili\u011fi var. \u015eunu s\u00f6yledim, bunu s\u00f6yledim diye beklemeyin. \u0130n\u015fallah savc\u0131l\u0131\u011f\u0131n ara\u015ft\u0131rmas\u0131 sonucu netice alaca\u011f\u0131z sonra televizyonlarda konu\u015faca\u011f\u0131z. Hepiniz bilirsiniz ki ben \u0131srarla rakiplerimi ekrana davet edip de getiremem.<\/p>\n\n\n\n<p>Size bir bilgi verece\u011fim. Hayat\u0131mda ilk kez ifade vermiyorum. Ben belediye ba\u015fkanl\u0131\u011f\u0131na 94\u2019te se\u00e7ildim. 9 y\u0131l muhalefette belediye ba\u015fkanl\u0131\u011f\u0131 yapt\u0131m. 500 tane soru\u015fturma ve inceleme ge\u00e7irdim, hepsinde ifade verdim. Hepsinde istisnas\u0131z takipsizlik ald\u0131m. Refah ve AK Parti iktidar\u0131nda da 100 kadar soru\u015fturma ge\u00e7irdim. O d\u00f6nemde de bir \u015fey \u00e7\u0131kmad\u0131. G\u00f6k\u00e7ek, bu s\u00fcre\u00e7lerin savc\u0131l\u0131k ve \u0130\u00e7i\u015fleri Bakanl\u0131\u011f\u0131 kay\u0131tlar\u0131nda bulundu\u011funu s\u00f6yledi.<\/p>\n\n\n\n<p>\u00dc\u00e7\u00fcnc\u00fc d\u00f6nem ise Mansur Yava\u015f d\u00f6nemi. Ben toplam 25 tane inceleme ve soru\u015fturma ge\u00e7irdim. 21 tanesi bitti. Bu soru\u015fturmalarda bilir ki\u015fi raporlar\u0131 al\u0131nd\u0131, ifadelerim al\u0131nd\u0131. En b\u00fcy\u00fck hakem vatanda\u015ft\u0131r. Ekrana \u00e7\u0131kmaktan en \u00e7ok hakl\u0131 olmayan insan korkar.<\/p>\n\n\n\n<p>Benim ifade vermedi\u011fim konu yoktur, hepsine verdim. Karar\u0131 ben de merakla bekliyorum. Adaletten hi\u00e7bir endi\u015fem yok. Karar \u00e7\u0131kt\u0131ktan sonra hepinizin televizyonlar\u0131na bol bol \u00e7\u0131kaca\u011f\u0131m. \u015eimdi konu hakk\u0131nda herhangi bir bilgi veremem\u201d<\/p>\n\n\n\n<figure class=\"wp-block-embed is-type-rich is-provider-x wp-block-embed-x\"><div class=\"wp-block-embed__wrapper\">\n<blockquote class=\"twitter-tweet\" data-width=\"550\" data-dnt=\"true\"><p lang=\"zxx\" dir=\"ltr\"><a href=\"https:\/\/t.co\/WmWo6PD8iy\">pic.twitter.com\/WmWo6PD8iy<\/a><\/p>&mdash; Ankara Cumhuriyet Ba\u015fsavc\u0131l\u0131\u011f\u0131 (@ankaracbs) <a href=\"https:\/\/x.com\/ankaracbs\/status\/2095900929417466316?ref_src=twsrc%5Etfw\">September 4, 2026<\/a><\/blockquote><script async src=\"https:\/\/platform.x.com\/widgets.js\" charset=\"utf-8\"><\/script>\n<\/div><\/figure>\n","protected":false},"excerpt":{"rendered":"<p>\u0130fade sonras\u0131 bas\u0131n mensuplar\u0131na a\u00e7\u0131klama yapan Melih G\u00f6k\u00e7ek, &#8220;\u0130n\u015fallah, savc\u0131l\u0131\u011f\u0131n ara\u015ft\u0131rmas\u0131 soru\u015fturmas\u0131 bitecek.&#8221; dedi. Ankara Cumhuriyet Ba\u015fsavc\u0131l\u0131\u011f\u0131, eski Ankara B\u00fcy\u00fck\u015fehir Belediye Ba\u015fkan\u0131 Melih G\u00f6k\u00e7ek hakk\u0131nda &#8220;yurt d\u0131\u015f\u0131ndaki \u015firketlere kay\u0131t d\u0131\u015f\u0131 para aktar\u0131ld\u0131\u011f\u0131&#8221; iddialar\u0131na ili\u015fkin resen soru\u015fturma ba\u015flatt\u0131. Ankara Cumhuriyet Ba\u015fsavc\u0131l\u0131\u011f\u0131&#8217;ndan yap\u0131lan a\u00e7\u0131klamada, &#8220;Baz\u0131 bas\u0131n ve yay\u0131n organlar\u0131nda, \u0130brahim Melih G\u00f6k\u00e7ek hakk\u0131nda yurt d\u0131\u015f\u0131ndaki \u015firketlere kay\u0131t [&hellip;]<\/p>\n","protected":false},"author":12791,"featured_media":171256,"comment_status":"open","ping_status":"open","sticky":false,"template":"","format":"standard","meta":{"_yoast_wpseo_focuskw":"melih","_yoast_wpseo_title":"","_yoast_wpseo_metadesc":"\u0130fade sonras\u0131 bas\u0131n mensuplar\u0131na a\u00e7\u0131klama yapan Melih G\u00f6k\u00e7ek, \"\u0130n\u015fallah, savc\u0131l\u0131\u011f\u0131n ara\u015ft\u0131rmas\u0131 soru\u015fturmas\u0131 bitecek.","_bbp_topic_count":0,"_bbp_reply_count":0,"_bbp_total_topic_count":0,"_bbp_total_reply_count":0,"_bbp_voice_count":0,"_bbp_anonymous_reply_count":0,"_bbp_topic_count_hidden":0,"_bbp_reply_count_hidden":0,"_bbp_forum_subforum_count":0,"footnotes":"","_yoast_wpseo_focuskw_text_input":""},"categories":[1,8138,8226],"tags":[1364,8609,3382,4875],"yoast_head":"<!-- This site is optimized with the Yoast SEO plugin v23.0 - https:\/\/yoast.com\/wordpress\/plugins\/seo\/ -->\n<title>\u0130fade Veren Melih G\u00f6k\u00e7ek&#039;ten \u0130lk A\u00e7\u0131klama - The Epoch Times TR<\/title>\n<meta name=\"description\" content=\"\u0130fade sonras\u0131 bas\u0131n mensuplar\u0131na a\u00e7\u0131klama yapan Melih G\u00f6k\u00e7ek, &quot;\u0130n\u015fallah, savc\u0131l\u0131\u011f\u0131n ara\u015ft\u0131rmas\u0131 soru\u015fturmas\u0131 bitecek.\" \/>\n<meta name=\"robots\" content=\"index, follow, max-snippet:-1, max-image-preview:large, max-video-preview:-1\" \/>\n<link rel=\"canonical\" href=\"https:\/\/epochtimestr.com\/index.php\/ifade-veren-melih-gokcekten-ilk-aciklama\" \/>\n<meta property=\"og:locale\" content=\"tr_TR\" \/>\n<meta property=\"og:type\" content=\"article\" \/>\n<meta property=\"og:title\" content=\"\u0130fade Veren Melih G\u00f6k\u00e7ek&#039;ten \u0130lk A\u00e7\u0131klama - The Epoch Times TR\" \/>\n<meta property=\"og:description\" content=\"\u0130fade sonras\u0131 bas\u0131n mensuplar\u0131na a\u00e7\u0131klama yapan Melih G\u00f6k\u00e7ek, &quot;\u0130n\u015fallah, savc\u0131l\u0131\u011f\u0131n ara\u015ft\u0131rmas\u0131 soru\u015fturmas\u0131 bitecek.\" \/>\n<meta property=\"og:url\" content=\"https:\/\/epochtimestr.com\/index.php\/ifade-veren-melih-gokcekten-ilk-aciklama\" \/>\n<meta property=\"og:site_name\" content=\"The Epoch Times TR\" \/>\n<meta property=\"article:publisher\" content=\"https:\/\/www.facebook.com\/theepochtimestr\" \/>\n<meta property=\"article:published_time\" content=\"2026-09-05T05:51:42+00:00\" \/>\n<meta property=\"article:modified_time\" content=\"2026-09-05T05:54:08+00:00\" \/>\n<meta property=\"og:image\" content=\"https:\/\/epochtimestr.com\/wp-content\/uploads\/2011y\/melih-gokcek-x.jpg\" \/>\n\t<meta property=\"og:image:width\" content=\"971\" \/>\n\t<meta property=\"og:image:height\" content=\"551\" \/>\n\t<meta property=\"og:image:type\" content=\"image\/jpeg\" \/>\n<meta name=\"author\" content=\"Haber Merkezi\" \/>\n<meta name=\"twitter:card\" content=\"summary_large_image\" \/>\n<meta name=\"twitter:creator\" content=\"@TheEpochTimesTR\" \/>\n<meta name=\"twitter:site\" content=\"@TheEpochTimesTR\" \/>\n<meta name=\"twitter:label1\" content=\"Yazan:\" \/>\n\t<meta name=\"twitter:data1\" content=\"Haber Merkezi\" \/>\n\t<meta name=\"twitter:label2\" content=\"Tahmini okuma s\u00fcresi\" \/>\n\t<meta name=\"twitter:data2\" content=\"3 dakika\" \/>\n<script type=\"application\/ld+json\" class=\"yoast-schema-graph\">{\"@context\":\"https:\/\/schema.org\",\"@graph\":[{\"@type\":\"Article\",\"@id\":\"https:\/\/epochtimestr.com\/index.php\/ifade-veren-melih-gokcekten-ilk-aciklama#article\",\"isPartOf\":{\"@id\":\"https:\/\/epochtimestr.com\/index.php\/ifade-veren-melih-gokcekten-ilk-aciklama\"},\"author\":{\"name\":\"Haber Merkezi\",\"@id\":\"https:\/\/epochtimestr.com\/#\/schema\/person\/3dc5c3adeb9f43923c5aa85889172fdd\"},\"headline\":\"\u0130fade Veren Melih G\u00f6k\u00e7ek&#8217;ten \u0130lk A\u00e7\u0131klama\",\"datePublished\":\"2026-09-05T05:51:42+00:00\",\"dateModified\":\"2026-09-05T05:54:08+00:00\",\"mainEntityOfPage\":{\"@id\":\"https:\/\/epochtimestr.com\/index.php\/ifade-veren-melih-gokcekten-ilk-aciklama\"},\"wordCount\":437,\"commentCount\":0,\"publisher\":{\"@id\":\"https:\/\/epochtimestr.com\/#organization\"},\"image\":{\"@id\":\"https:\/\/epochtimestr.com\/index.php\/ifade-veren-melih-gokcekten-ilk-aciklama#primaryimage\"},\"thumbnailUrl\":\"https:\/\/epochtimestr.com\/wp-content\/uploads\/2011y\/melih-gokcek-x.jpg\",\"keywords\":[\"Ankara Cumhuriyet Ba\u015fsavc\u0131l\u0131\u011f\u0131\",\"\u0130fade\",\"Melih G\u00f6k\u00e7ek\",\"soru\u015fturma\"],\"articleSection\":[\"G\u00dcNDEM\",\"MAN\u015eET\",\"Siyaset\"],\"inLanguage\":\"tr\",\"potentialAction\":[{\"@type\":\"CommentAction\",\"name\":\"Comment\",\"target\":[\"https:\/\/epochtimestr.com\/index.php\/ifade-veren-melih-gokcekten-ilk-aciklama#respond\"]}]},{\"@type\":\"WebPage\",\"@id\":\"https:\/\/epochtimestr.com\/index.php\/ifade-veren-melih-gokcekten-ilk-aciklama\",\"url\":\"https:\/\/epochtimestr.com\/index.php\/ifade-veren-melih-gokcekten-ilk-aciklama\",\"name\":\"\u0130fade Veren Melih G\u00f6k\u00e7ek'ten \u0130lk A\u00e7\u0131klama - The Epoch Times TR\",\"isPartOf\":{\"@id\":\"https:\/\/epochtimestr.com\/#website\"},\"primaryImageOfPage\":{\"@id\":\"https:\/\/epochtimestr.com\/index.php\/ifade-veren-melih-gokcekten-ilk-aciklama#primaryimage\"},\"image\":{\"@id\":\"https:\/\/epochtimestr.com\/index.php\/ifade-veren-melih-gokcekten-ilk-aciklama#primaryimage\"},\"thumbnailUrl\":\"https:\/\/epochtimestr.com\/wp-content\/uploads\/2011y\/melih-gokcek-x.jpg\",\"datePublished\":\"2026-09-05T05:51:42+00:00\",\"dateModified\":\"2026-09-05T05:54:08+00:00\",\"description\":\"\u0130fade sonras\u0131 bas\u0131n mensuplar\u0131na a\u00e7\u0131klama yapan Melih G\u00f6k\u00e7ek, \\\"\u0130n\u015fallah, savc\u0131l\u0131\u011f\u0131n ara\u015ft\u0131rmas\u0131 soru\u015fturmas\u0131 bitecek.\",\"inLanguage\":\"tr\",\"potentialAction\":[{\"@type\":\"ReadAction\",\"target\":[\"https:\/\/epochtimestr.com\/index.php\/ifade-veren-melih-gokcekten-ilk-aciklama\"]}]},{\"@type\":\"ImageObject\",\"inLanguage\":\"tr\",\"@id\":\"https:\/\/epochtimestr.com\/index.php\/ifade-veren-melih-gokcekten-ilk-aciklama#primaryimage\",\"url\":\"https:\/\/epochtimestr.com\/wp-content\/uploads\/2011y\/melih-gokcek-x.jpg\",\"contentUrl\":\"https:\/\/epochtimestr.com\/wp-content\/uploads\/2011y\/melih-gokcek-x.jpg\",\"width\":971,\"height\":551},{\"@type\":\"WebSite\",\"@id\":\"https:\/\/epochtimestr.com\/#website\",\"url\":\"https:\/\/epochtimestr.com\/\",\"name\":\"The Epoch Times TR\",\"description\":\"De\u011fi\u015fen D\u00fcnyam\u0131za Taze Bir Bak\u0131\u015f\",\"publisher\":{\"@id\":\"https:\/\/epochtimestr.com\/#organization\"},\"potentialAction\":[{\"@type\":\"SearchAction\",\"target\":{\"@type\":\"EntryPoint\",\"urlTemplate\":\"https:\/\/epochtimestr.com\/?s={search_term_string}\"},\"query-input\":\"required name=search_term_string\"}],\"inLanguage\":\"tr\"},{\"@type\":\"Organization\",\"@id\":\"https:\/\/epochtimestr.com\/#organization\",\"name\":\"The EpochTimes T\u00fcrkiye\",\"url\":\"https:\/\/epochtimestr.com\/\",\"logo\":{\"@type\":\"ImageObject\",\"inLanguage\":\"tr\",\"@id\":\"https:\/\/epochtimestr.com\/#\/schema\/logo\/image\/\",\"url\":\"https:\/\/epochtimestr.com\/wp-content\/uploads\/2011y\/ET-Logo-YG.jpg\",\"contentUrl\":\"https:\/\/epochtimestr.com\/wp-content\/uploads\/2011y\/ET-Logo-YG.jpg\",\"width\":346,\"height\":29,\"caption\":\"The EpochTimes T\u00fcrkiye\"},\"image\":{\"@id\":\"https:\/\/epochtimestr.com\/#\/schema\/logo\/image\/\"},\"sameAs\":[\"https:\/\/www.facebook.com\/theepochtimestr\",\"https:\/\/x.com\/TheEpochTimesTR\",\"https:\/\/www.instagram.com\/epochtimestr\"]},{\"@type\":\"Person\",\"@id\":\"https:\/\/epochtimestr.com\/#\/schema\/person\/3dc5c3adeb9f43923c5aa85889172fdd\",\"name\":\"Haber Merkezi\",\"image\":{\"@type\":\"ImageObject\",\"inLanguage\":\"tr\",\"@id\":\"https:\/\/epochtimestr.com\/#\/schema\/person\/image\/\",\"url\":\"https:\/\/secure.gravatar.com\/avatar\/d73f772ba5a74f28601361e17c2f93e6?s=96&d=mm&r=g\",\"contentUrl\":\"https:\/\/secure.gravatar.com\/avatar\/d73f772ba5a74f28601361e17c2f93e6?s=96&d=mm&r=g\",\"caption\":\"Haber Merkezi\"},\"url\":\"https:\/\/epochtimestr.com\/index.php\/author\/sendag\"}]}<\/script>\n<!-- \/ Yoast SEO plugin. -->","yoast_head_json":{"title":"\u0130fade Veren Melih G\u00f6k\u00e7ek'ten \u0130lk A\u00e7\u0131klama - The Epoch Times TR","description":"\u0130fade sonras\u0131 bas\u0131n mensuplar\u0131na a\u00e7\u0131klama yapan Melih G\u00f6k\u00e7ek, \"\u0130n\u015fallah, savc\u0131l\u0131\u011f\u0131n ara\u015ft\u0131rmas\u0131 soru\u015fturmas\u0131 bitecek.","robots":{"index":"index","follow":"follow","max-snippet":"max-snippet:-1","max-image-preview":"max-image-preview:large","max-video-preview":"max-video-preview:-1"},"canonical":"https:\/\/epochtimestr.com\/index.php\/ifade-veren-melih-gokcekten-ilk-aciklama","og_locale":"tr_TR","og_type":"article","og_title":"\u0130fade Veren Melih G\u00f6k\u00e7ek'ten \u0130lk A\u00e7\u0131klama - The Epoch Times TR","og_description":"\u0130fade sonras\u0131 bas\u0131n mensuplar\u0131na a\u00e7\u0131klama yapan Melih G\u00f6k\u00e7ek, \"\u0130n\u015fallah, savc\u0131l\u0131\u011f\u0131n ara\u015ft\u0131rmas\u0131 soru\u015fturmas\u0131 bitecek.","og_url":"https:\/\/epochtimestr.com\/index.php\/ifade-veren-melih-gokcekten-ilk-aciklama","og_site_name":"The Epoch Times TR","article_publisher":"https:\/\/www.facebook.com\/theepochtimestr","article_published_time":"2026-09-05T05:51:42+00:00","article_modified_time":"2026-09-05T05:54:08+00:00","og_image":[{"width":971,"height":551,"url":"https:\/\/epochtimestr.com\/wp-content\/uploads\/2011y\/melih-gokcek-x.jpg","type":"image\/jpeg"}],"author":"Haber Merkezi","twitter_card":"summary_large_image","twitter_creator":"@TheEpochTimesTR","twitter_site":"@TheEpochTimesTR","twitter_misc":{"Yazan:":"Haber Merkezi","Tahmini okuma s\u00fcresi":"3 dakika"},"schema":{"@context":"https:\/\/schema.org","@graph":[{"@type":"Article","@id":"https:\/\/epochtimestr.com\/index.php\/ifade-veren-melih-gokcekten-ilk-aciklama#article","isPartOf":{"@id":"https:\/\/epochtimestr.com\/index.php\/ifade-veren-melih-gokcekten-ilk-aciklama"},"author":{"name":"Haber Merkezi","@id":"https:\/\/epochtimestr.com\/#\/schema\/person\/3dc5c3adeb9f43923c5aa85889172fdd"},"headline":"\u0130fade Veren Melih G\u00f6k\u00e7ek&#8217;ten \u0130lk A\u00e7\u0131klama","datePublished":"2026-09-05T05:51:42+00:00","dateModified":"2026-09-05T05:54:08+00:00","mainEntityOfPage":{"@id":"https:\/\/epochtimestr.com\/index.php\/ifade-veren-melih-gokcekten-ilk-aciklama"},"wordCount":437,"commentCount":0,"publisher":{"@id":"https:\/\/epochtimestr.com\/#organization"},"image":{"@id":"https:\/\/epochtimestr.com\/index.php\/ifade-veren-melih-gokcekten-ilk-aciklama#primaryimage"},"thumbnailUrl":"https:\/\/epochtimestr.com\/wp-content\/uploads\/2011y\/melih-gokcek-x.jpg","keywords":["Ankara Cumhuriyet Ba\u015fsavc\u0131l\u0131\u011f\u0131","\u0130fade","Melih G\u00f6k\u00e7ek","soru\u015fturma"],"articleSection":["G\u00dcNDEM","MAN\u015eET","Siyaset"],"inLanguage":"tr","potentialAction":[{"@type":"CommentAction","name":"Comment","target":["https:\/\/epochtimestr.com\/index.php\/ifade-veren-melih-gokcekten-ilk-aciklama#respond"]}]},{"@type":"WebPage","@id":"https:\/\/epochtimestr.com\/index.php\/ifade-veren-melih-gokcekten-ilk-aciklama","url":"https:\/\/epochtimestr.com\/index.php\/ifade-veren-melih-gokcekten-ilk-aciklama","name":"\u0130fade Veren Melih G\u00f6k\u00e7ek'ten \u0130lk A\u00e7\u0131klama - The Epoch Times TR","isPartOf":{"@id":"https:\/\/epochtimestr.com\/#website"},"primaryImageOfPage":{"@id":"https:\/\/epochtimestr.com\/index.php\/ifade-veren-melih-gokcekten-ilk-aciklama#primaryimage"},"image":{"@id":"https:\/\/epochtimestr.com\/index.php\/ifade-veren-melih-gokcekten-ilk-aciklama#primaryimage"},"thumbnailUrl":"https:\/\/epochtimestr.com\/wp-content\/uploads\/2011y\/melih-gokcek-x.jpg","datePublished":"2026-09-05T05:51:42+00:00","dateModified":"2026-09-05T05:54:08+00:00","description":"\u0130fade sonras\u0131 bas\u0131n mensuplar\u0131na a\u00e7\u0131klama yapan Melih G\u00f6k\u00e7ek, \"\u0130n\u015fallah, savc\u0131l\u0131\u011f\u0131n ara\u015ft\u0131rmas\u0131 soru\u015fturmas\u0131 bitecek.","inLanguage":"tr","potentialAction":[{"@type":"ReadAction","target":["https:\/\/epochtimestr.com\/index.php\/ifade-veren-melih-gokcekten-ilk-aciklama"]}]},{"@type":"ImageObject","inLanguage":"tr","@id":"https:\/\/epochtimestr.com\/index.php\/ifade-veren-melih-gokcekten-ilk-aciklama#primaryimage","url":"https:\/\/epochtimestr.com\/wp-content\/uploads\/2011y\/melih-gokcek-x.jpg","contentUrl":"https:\/\/epochtimestr.com\/wp-content\/uploads\/2011y\/melih-gokcek-x.jpg","width":971,"height":551},{"@type":"WebSite","@id":"https:\/\/epochtimestr.com\/#website","url":"https:\/\/epochtimestr.com\/","name":"The Epoch Times TR","description":"De\u011fi\u015fen D\u00fcnyam\u0131za Taze Bir Bak\u0131\u015f","publisher":{"@id":"https:\/\/epochtimestr.com\/#organization"},"potentialAction":[{"@type":"SearchAction","target":{"@type":"EntryPoint","urlTemplate":"https:\/\/epochtimestr.com\/?s={search_term_string}"},"query-input":"required name=search_term_string"}],"inLanguage":"tr"},{"@type":"Organization","@id":"https:\/\/epochtimestr.com\/#organization","name":"The EpochTimes T\u00fcrkiye","url":"https:\/\/epochtimestr.com\/","logo":{"@type":"ImageObject","inLanguage":"tr","@id":"https:\/\/epochtimestr.com\/#\/schema\/logo\/image\/","url":"https:\/\/epochtimestr.com\/wp-content\/uploads\/2011y\/ET-Logo-YG.jpg","contentUrl":"https:\/\/epochtimestr.com\/wp-content\/uploads\/2011y\/ET-Logo-YG.jpg","width":346,"height":29,"caption":"The EpochTimes T\u00fcrkiye"},"image":{"@id":"https:\/\/epochtimestr.com\/#\/schema\/logo\/image\/"},"sameAs":["https:\/\/www.facebook.com\/theepochtimestr","https:\/\/x.com\/TheEpochTimesTR","https:\/\/www.instagram.com\/epochtimestr"]},{"@type":"Person","@id":"https:\/\/epochtimestr.com\/#\/schema\/person\/3dc5c3adeb9f43923c5aa85889172fdd","name":"Haber Merkezi","image":{"@type":"ImageObject","inLanguage":"tr","@id":"https:\/\/epochtimestr.com\/#\/schema\/person\/image\/","url":"https:\/\/secure.gravatar.com\/avatar\/d73f772ba5a74f28601361e17c2f93e6?s=96&d=mm&r=g","contentUrl":"https:\/\/secure.gravatar.com\/avatar\/d73f772ba5a74f28601361e17c2f93e6?s=96&d=mm&r=g","caption":"Haber Merkezi"},"url":"https:\/\/epochtimestr.com\/index.php\/author\/sendag"}]}},"_links":{"self":[{"href":"https:\/\/epochtimestr.com\/index.php\/wp-json\/wp\/v2\/posts\/171533"}],"collection":[{"href":"https:\/\/epochtimestr.com\/index.php\/wp-json\/wp\/v2\/posts"}],"about":[{"href":"https:\/\/epochtimestr.com\/index.php\/wp-json\/wp\/v2\/types\/post"}],"author":[{"embeddable":true,"href":"https:\/\/epochtimestr.com\/index.php\/wp-json\/wp\/v2\/users\/12791"}],"replies":[{"embeddable":true,"href":"https:\/\/epochtimestr.com\/index.php\/wp-json\/wp\/v2\/comments?post=171533"}],"version-history":[{"count":3,"href":"https:\/\/epochtimestr.com\/index.php\/wp-json\/wp\/v2\/posts\/171533\/revisions"}],"predecessor-version":[{"id":171552,"href":"https:\/\/epochtimestr.com\/index.php\/wp-json\/wp\/v2\/posts\/171533\/revisions\/171552"}],"wp:featuredmedia":[{"embeddable":true,"href":"https:\/\/epochtimestr.com\/index.php\/wp-json\/wp\/v2\/media\/171256"}],"wp:attachment":[{"href":"https:\/\/epochtimestr.com\/index.php\/wp-json\/wp\/v2\/media?parent=171533"}],"wp:term":[{"taxonomy":"category","embeddable":true,"href":"https:\/\/epochtimestr.com\/index.php\/wp-json\/wp\/v2\/categories?post=171533"},{"taxonomy":"post_tag","embeddable":true,"href":"https:\/\/epochtimestr.com\/index.php\/wp-json\/wp\/v2\/tags?post=171533"}],"curies":[{"name":"wp","href":"https:\/\/api.w.org\/{rel}","templated":true}]}}