{"id":171535,"date":"2026-09-05T08:30:00","date_gmt":"2026-09-05T05:30:00","guid":{"rendered":"https:\/\/epochtimestr.com\/?p=171535"},"modified":"2026-09-04T22:22:14","modified_gmt":"2026-09-04T19:22:14","slug":"baskan-cemal-akbudak-ile","status":"publish","type":"post","link":"https:\/\/epochtimestr.com\/index.php\/baskan-cemal-akbudak-ile","title":{"rendered":"Ba\u015fkan Cemal Akbudak \u0130le"},"content":{"rendered":"\n<p><em>Bu yaz\u0131 ilk olarak 07 \u015eubat 2018 tarihinde inovatifhaber.com\u2019da yay\u0131mlanm\u0131\u015ft\u0131r.<\/em><\/p>\n\n\n\n<p class=\"has-text-align-right\">&nbsp;\u201cHak; her \u015feyin \u00fcst\u00fcndedir, sert r\u00fczg\u00e2rlar onu deviremez\u201d<\/p>\n\n\n\n<p>19-21 Ocak 2018 tarihleri aras\u0131nda, T\u00fcrkiye Judo Federasyonu taraf\u0131ndan, Mersin\u2019de \u00dcmitler T\u00fcrkiye Judo \u015eampiyonas\u0131 yap\u0131ld\u0131. Ba\u015far\u0131l\u0131 ge\u00e7en \u015fampiyonay\u0131 takip etme imk\u00e2n\u0131m oldu. Yine Ocak ay\u0131nda Mersin Judo \u0130l Temsilcili\u011fine, bu spor dal\u0131na sporcu, hakem ve antren\u00f6r olarak otuz sekiz y\u0131l emek veren, T\u00fcrkiye Emekliler Derne\u011fi Mersin \u015eube Ba\u015fkan\u0131 Cemal Akbudak atand\u0131.<\/p>\n\n\n\n<p>Akdeniz Oyunlar\u0131 kapsam\u0131nda yap\u0131lan ve T\u00fcrkiye\u2019nin modern spor tesisleri aras\u0131nda say\u0131lan Servet Tazeg\u00fcl Spor Salonundaki m\u00fcsabakalar, t\u00fcm yurttan kat\u0131l\u0131mc\u0131lar\u0131 memnun b\u0131rakt\u0131. Cemal Akbudak, g\u00f6reve geldi\u011fi hafta ba\u015flayan \u015fampiyonan\u0131n ba\u015far\u0131l\u0131 ge\u00e7mesi i\u00e7in yo\u011fun \u00e7aba g\u00f6sterdi ve Judo Federasyonu ba\u015fkan\u0131 Sezer Huysuz taraf\u0131ndan bir plaket ile \u00f6d\u00fcllendirildi. Cemal ba\u015fkan\u0131n bu yeni g\u00f6revi ve emeklilerin 2018 y\u0131l\u0131 beklentileri dolay\u0131s\u0131yla kendisiyle dernek binas\u0131nda s\u00f6yle\u015ftik.<\/p>\n\n\n\n<p>Emekliler Derne\u011fi Mersin \u015eubesi, sporcu ve dinamik bir ba\u015fkana sahip. Ba\u015fkan\u0131 bu yo\u011fun tempo i\u00e7erisinde yakalamak ve konu\u015fmak hi\u00e7 kolay de\u011fil.<\/p>\n\n\n\n<p>T\u00fcrkiye\u2019de rahat bir ya\u015fam s\u00fcrmek b\u00fcy\u00fck \u00e7o\u011funluk i\u00e7in epey zordur. Hele emeklilik \u00e7a\u011f\u0131nda bir kat daha zorlan\u0131ld\u0131\u011f\u0131 ortadad\u0131r. Emekli denince sosyal medyadaki o me\u015fhur foto\u011fraf gelir akl\u0131ma. Orada, yabanc\u0131 \u00fclke emeklileri seyahat eden ve rahat ya\u015fam s\u00fcren bi\u00e7imde resmedilirken; bizim emekliler ise \u00e7ile \u00e7eken, \u00e7al\u0131\u015fmak zorunda kalan insanlar olarak resmedilir.<\/p>\n\n\n\n<p>Anla\u015f\u0131lan o ki 2018\u2019de emekliler a\u00e7\u0131s\u0131ndan fazla de\u011fi\u015fen bir \u015fey olmayacak. Yeni y\u0131la 5.69 oran\u0131nda bir maa\u015f art\u0131\u015f\u0131 ile girildi. Fakat \u00e7ar\u015f\u0131- pazar enflasyonunun bunun en az \u00fc\u00e7 kat\u0131 ger\u00e7ekle\u015fti\u011fi c\u00fczdanlar\u0131n hafiflemesinden kolayca bellidir. \u00dclkemizde enflasyon hesab\u0131 ve enflasyon sepetindeki \u00fcr\u00fcnler de ayr\u0131 bir tart\u0131\u015fma konusudur.<\/p>\n\n\n\n<p>Bilindi\u011fi \u00fczere ge\u00e7en y\u0131l emeklinin promosyon sorunu \u00e7\u00f6z\u00fclm\u00fc\u015ft\u00fc. G\u00fcn\u00fcm\u00fcz itibar\u0131yla emeklinin \u00fc\u00e7 ana sorunu bulunmakta olup, bunlar yaz\u0131l\u0131 ve g\u00f6rsel medyan\u0131n yak\u0131n takibindedir. 1- Muayene ve ila\u00e7 katk\u0131 pay\u0131n\u0131n kald\u0131r\u0131lmas\u0131 2- \u0130ntibak sorununun \u00e7\u00f6z\u00fclmesi 3- Ucuz konut imk\u00e2n\u0131n\u0131n sa\u011flanmas\u0131. Bu \u00fc\u00e7 temel konuda \u00e7\u00f6z\u00fcm bekleyen emekliler, y\u00fcksek mahkeme taraf\u0131ndan intibak\u0131n reddedilmesi ile b\u00fcy\u00fck \u015fa\u015fk\u0131nl\u0131\u011fa u\u011frad\u0131lar.<\/p>\n\n\n\n<p>Emeklilerin sorunlar\u0131n\u0131n halledilmesi yolunda \u00f6zverili \u00e7al\u0131\u015fmalar y\u00fcr\u00fct\u00fcl\u00fcyor. Mersin \u015eube Ba\u015fkan\u0131 Cemal Akbudak da bu \u00e7er\u00e7evede yo\u011fun giri\u015fimlerde bulunuyor. Radyo-televizyon programlar\u0131na konuk oluyor, resmi makamlar ile yak\u0131n temaslar kuruyor. Ba\u015fkan ve arkada\u015flar\u0131n\u0131n \u201cbir aya\u011f\u0131n\u0131n\u201d s\u00fcrekli Ankara\u2019da oldu\u011fu s\u00f6ylenebilir.<\/p>\n\n\n\n<p>Ba\u015fkan Akbudak sosyal sorumluluk projelerini de aksatmadan y\u00fcr\u00fct\u00fcyor. \u201cOkuyal\u0131m- Okutal\u0131m Projesi, K\u0131rtasiye Yard\u0131m Projesi ve \u00c7ocuklar\u0131m\u0131z \u00dc\u015f\u00fcmesin Projesi\u201d gibi faaliyetleri ihtiya\u00e7 sahiplerine titizlikle ula\u015ft\u0131r\u0131yor.<\/p>\n\n\n\n<p>Otuz bini a\u015fk\u0131n \u00fcyesiyle Mersin Emekliler Derne\u011fi; \u00e7al\u0131\u015fmalar\u0131 ve b\u00fcy\u00fckl\u00fc\u011f\u00fc ile ses getiren etkinlikler yap\u0131yor. Mersin\u2019de emekliler i\u00e7in TOK\u0130 konut projeleri ayr\u0131 bir heyecan ve beklenti yaratm\u0131\u015f durumda. 18 Ocak tarihinde Mersin Valisi Ali \u0130hsan Su, dernek y\u00f6netimini makam\u0131na davet ederek; Kalk\u0131nma Bakan\u0131 L\u00fctfi Elvan\u0131n talimatlar\u0131yla birka\u00e7 ay i\u00e7erisinde, TOK\u0130 konutlar\u0131n\u0131n temellerinin at\u0131laca\u011f\u0131 m\u00fcjdesini verdi. 2018 y\u0131l\u0131na intibak\u0131n reddedilmesi \u015fokunu ya\u015fayarak giren emekliler, vali beyin bu daveti ve m\u00fcjdesi ile biraz olsun rahatlam\u0131\u015f oldular. Ba\u015fkan Cemal Akbudak 2018 y\u0131l\u0131nda daha \u00e7ok m\u00fcjdeli haberler verme pe\u015finde ko\u015facaklar\u0131n\u0131 s\u00f6yleyerek; \u201cSosyal sorumluluk projeleri ve TOK\u0130 konutlar\u0131na ilaveten, ila\u00e7-muayene kesintisini \u00f6nlemeye \u00e7al\u0131\u015fmak, emeklilerin daha \u00e7ok indirimden yararlanmalar\u0131 i\u00e7in, indirim anla\u015fmalar\u0131 uygulayan i\u015fyerleri ve kurumlar\u0131n say\u0131s\u0131n\u0131 artt\u0131rmak i\u00e7in \u00e7aba harcayacaklar\u0131na\u201d vurgu yapt\u0131.<\/p>\n\n\n\n<p>Mersin \u015eube Ba\u015fkan\u0131 Cemal Akbudak \u201cMerkezi ve yerel idarecilerden emeklilerin hayatlar\u0131na olumlu dokunu\u015flar yapacak i\u015flere imza atmalar\u0131\u201d dile\u011finde bulunarak, daha \u00e7ok \u00e7al\u0131\u015fmak ve \u00e7\u00f6z\u00fcm \u00fcretmek s\u00f6z\u00fcn\u00fc vererek konu\u015fmas\u0131n\u0131 sonland\u0131rd\u0131.<\/p>\n","protected":false},"excerpt":{"rendered":"<p>Bu yaz\u0131 ilk olarak 07 \u015eubat 2018 tarihinde inovatifhaber.com\u2019da yay\u0131mlanm\u0131\u015ft\u0131r. &nbsp;\u201cHak; her \u015feyin \u00fcst\u00fcndedir, sert r\u00fczg\u00e2rlar onu deviremez\u201d 19-21 Ocak 2018 tarihleri aras\u0131nda, T\u00fcrkiye Judo Federasyonu taraf\u0131ndan, Mersin\u2019de \u00dcmitler T\u00fcrkiye Judo \u015eampiyonas\u0131 yap\u0131ld\u0131. Ba\u015far\u0131l\u0131 ge\u00e7en \u015fampiyonay\u0131 takip etme imk\u00e2n\u0131m oldu. Yine Ocak ay\u0131nda Mersin Judo \u0130l Temsilcili\u011fine, bu spor dal\u0131na sporcu, hakem ve antren\u00f6r olarak [&hellip;]<\/p>\n","protected":false},"author":14001,"featured_media":161038,"comment_status":"open","ping_status":"open","sticky":false,"template":"","format":"standard","meta":{"_yoast_wpseo_focuskw":"Cemal Akbudak","_yoast_wpseo_title":"","_yoast_wpseo_metadesc":"19-21 Ocak 2018 tarihleri aras\u0131nda, T\u00fcrkiye Judo Federasyonu taraf\u0131ndan, Mersin\u2019de \u00dcmitler T\u00fcrkiye Judo \u015eampiyonas\u0131 yap\u0131ld\u0131.","_bbp_topic_count":0,"_bbp_reply_count":0,"_bbp_total_topic_count":0,"_bbp_total_reply_count":0,"_bbp_voice_count":0,"_bbp_anonymous_reply_count":0,"_bbp_topic_count_hidden":0,"_bbp_reply_count_hidden":0,"_bbp_forum_subforum_count":0,"footnotes":"","_yoast_wpseo_focuskw_text_input":""},"categories":[9170],"tags":[11729,11760],"yoast_head":"<!-- This site is optimized with the Yoast SEO plugin v23.0 - https:\/\/yoast.com\/wordpress\/plugins\/seo\/ -->\n<title>Ba\u015fkan Cemal Akbudak \u0130le - The Epoch Times TR<\/title>\n<meta name=\"description\" content=\"19-21 Ocak 2018 tarihleri aras\u0131nda, T\u00fcrkiye Judo Federasyonu taraf\u0131ndan, Mersin\u2019de \u00dcmitler T\u00fcrkiye Judo \u015eampiyonas\u0131 yap\u0131ld\u0131.\" \/>\n<meta name=\"robots\" content=\"index, follow, max-snippet:-1, max-image-preview:large, max-video-preview:-1\" \/>\n<link rel=\"canonical\" href=\"https:\/\/epochtimestr.com\/index.php\/baskan-cemal-akbudak-ile\" \/>\n<meta property=\"og:locale\" content=\"tr_TR\" \/>\n<meta property=\"og:type\" content=\"article\" \/>\n<meta property=\"og:title\" content=\"Ba\u015fkan Cemal Akbudak \u0130le - The Epoch Times TR\" \/>\n<meta property=\"og:description\" content=\"19-21 Ocak 2018 tarihleri aras\u0131nda, T\u00fcrkiye Judo Federasyonu taraf\u0131ndan, Mersin\u2019de \u00dcmitler T\u00fcrkiye Judo \u015eampiyonas\u0131 yap\u0131ld\u0131.\" \/>\n<meta property=\"og:url\" content=\"https:\/\/epochtimestr.com\/index.php\/baskan-cemal-akbudak-ile\" \/>\n<meta property=\"og:site_name\" content=\"The Epoch Times TR\" \/>\n<meta property=\"article:publisher\" content=\"https:\/\/www.facebook.com\/theepochtimestr\" \/>\n<meta property=\"article:published_time\" content=\"2026-09-05T05:30:00+00:00\" \/>\n<meta property=\"article:modified_time\" content=\"2026-09-04T19:22:14+00:00\" \/>\n<meta property=\"og:image\" content=\"https:\/\/epochtimestr.com\/wp-content\/uploads\/2011y\/bzct-ca-1.jpg\" \/>\n\t<meta property=\"og:image:width\" content=\"1200\" \/>\n\t<meta property=\"og:image:height\" content=\"630\" \/>\n\t<meta property=\"og:image:type\" content=\"image\/jpeg\" \/>\n<meta name=\"author\" content=\"Bekir Zorba\" \/>\n<meta name=\"twitter:card\" content=\"summary_large_image\" \/>\n<meta name=\"twitter:creator\" content=\"@TheEpochTimesTR\" \/>\n<meta name=\"twitter:site\" content=\"@TheEpochTimesTR\" \/>\n<meta name=\"twitter:label1\" content=\"Yazan:\" \/>\n\t<meta name=\"twitter:data1\" content=\"Bekir Zorba\" \/>\n\t<meta name=\"twitter:label2\" content=\"Tahmini okuma s\u00fcresi\" \/>\n\t<meta name=\"twitter:data2\" content=\"4 dakika\" \/>\n<script type=\"application\/ld+json\" class=\"yoast-schema-graph\">{\"@context\":\"https:\/\/schema.org\",\"@graph\":[{\"@type\":\"Article\",\"@id\":\"https:\/\/epochtimestr.com\/index.php\/baskan-cemal-akbudak-ile#article\",\"isPartOf\":{\"@id\":\"https:\/\/epochtimestr.com\/index.php\/baskan-cemal-akbudak-ile\"},\"author\":{\"name\":\"Bekir Zorba\",\"@id\":\"https:\/\/epochtimestr.com\/#\/schema\/person\/da1ad104599611965442ed3e7e9acb2b\"},\"headline\":\"Ba\u015fkan Cemal Akbudak \u0130le\",\"datePublished\":\"2026-09-05T05:30:00+00:00\",\"dateModified\":\"2026-09-04T19:22:14+00:00\",\"mainEntityOfPage\":{\"@id\":\"https:\/\/epochtimestr.com\/index.php\/baskan-cemal-akbudak-ile\"},\"wordCount\":731,\"commentCount\":0,\"publisher\":{\"@id\":\"https:\/\/epochtimestr.com\/#organization\"},\"image\":{\"@id\":\"https:\/\/epochtimestr.com\/index.php\/baskan-cemal-akbudak-ile#primaryimage\"},\"thumbnailUrl\":\"https:\/\/epochtimestr.com\/wp-content\/uploads\/2011y\/Bekir-Zorba.png\",\"keywords\":[\"K\u00f6\u015fe\",\"k\u00f6\u015fe Mersin\"],\"articleSection\":[\"K\u00f6\u015fe Yaz\u0131lar\u0131 Bekir Zorba\"],\"inLanguage\":\"tr\",\"potentialAction\":[{\"@type\":\"CommentAction\",\"name\":\"Comment\",\"target\":[\"https:\/\/epochtimestr.com\/index.php\/baskan-cemal-akbudak-ile#respond\"]}]},{\"@type\":\"WebPage\",\"@id\":\"https:\/\/epochtimestr.com\/index.php\/baskan-cemal-akbudak-ile\",\"url\":\"https:\/\/epochtimestr.com\/index.php\/baskan-cemal-akbudak-ile\",\"name\":\"Ba\u015fkan Cemal Akbudak \u0130le - The Epoch Times TR\",\"isPartOf\":{\"@id\":\"https:\/\/epochtimestr.com\/#website\"},\"primaryImageOfPage\":{\"@id\":\"https:\/\/epochtimestr.com\/index.php\/baskan-cemal-akbudak-ile#primaryimage\"},\"image\":{\"@id\":\"https:\/\/epochtimestr.com\/index.php\/baskan-cemal-akbudak-ile#primaryimage\"},\"thumbnailUrl\":\"https:\/\/epochtimestr.com\/wp-content\/uploads\/2011y\/Bekir-Zorba.png\",\"datePublished\":\"2026-09-05T05:30:00+00:00\",\"dateModified\":\"2026-09-04T19:22:14+00:00\",\"description\":\"19-21 Ocak 2018 tarihleri aras\u0131nda, T\u00fcrkiye Judo Federasyonu taraf\u0131ndan, Mersin\u2019de \u00dcmitler T\u00fcrkiye Judo \u015eampiyonas\u0131 yap\u0131ld\u0131.\",\"inLanguage\":\"tr\",\"potentialAction\":[{\"@type\":\"ReadAction\",\"target\":[\"https:\/\/epochtimestr.com\/index.php\/baskan-cemal-akbudak-ile\"]}]},{\"@type\":\"ImageObject\",\"inLanguage\":\"tr\",\"@id\":\"https:\/\/epochtimestr.com\/index.php\/baskan-cemal-akbudak-ile#primaryimage\",\"url\":\"https:\/\/epochtimestr.com\/wp-content\/uploads\/2011y\/Bekir-Zorba.png\",\"contentUrl\":\"https:\/\/epochtimestr.com\/wp-content\/uploads\/2011y\/Bekir-Zorba.png\",\"width\":600,\"height\":600},{\"@type\":\"WebSite\",\"@id\":\"https:\/\/epochtimestr.com\/#website\",\"url\":\"https:\/\/epochtimestr.com\/\",\"name\":\"The Epoch Times TR\",\"description\":\"De\u011fi\u015fen D\u00fcnyam\u0131za Taze Bir Bak\u0131\u015f\",\"publisher\":{\"@id\":\"https:\/\/epochtimestr.com\/#organization\"},\"potentialAction\":[{\"@type\":\"SearchAction\",\"target\":{\"@type\":\"EntryPoint\",\"urlTemplate\":\"https:\/\/epochtimestr.com\/?s={search_term_string}\"},\"query-input\":\"required name=search_term_string\"}],\"inLanguage\":\"tr\"},{\"@type\":\"Organization\",\"@id\":\"https:\/\/epochtimestr.com\/#organization\",\"name\":\"The EpochTimes T\u00fcrkiye\",\"url\":\"https:\/\/epochtimestr.com\/\",\"logo\":{\"@type\":\"ImageObject\",\"inLanguage\":\"tr\",\"@id\":\"https:\/\/epochtimestr.com\/#\/schema\/logo\/image\/\",\"url\":\"https:\/\/epochtimestr.com\/wp-content\/uploads\/2011y\/ET-Logo-YG.jpg\",\"contentUrl\":\"https:\/\/epochtimestr.com\/wp-content\/uploads\/2011y\/ET-Logo-YG.jpg\",\"width\":346,\"height\":29,\"caption\":\"The EpochTimes T\u00fcrkiye\"},\"image\":{\"@id\":\"https:\/\/epochtimestr.com\/#\/schema\/logo\/image\/\"},\"sameAs\":[\"https:\/\/www.facebook.com\/theepochtimestr\",\"https:\/\/x.com\/TheEpochTimesTR\",\"https:\/\/www.instagram.com\/epochtimestr\"]},{\"@type\":\"Person\",\"@id\":\"https:\/\/epochtimestr.com\/#\/schema\/person\/da1ad104599611965442ed3e7e9acb2b\",\"name\":\"Bekir Zorba\",\"image\":{\"@type\":\"ImageObject\",\"inLanguage\":\"tr\",\"@id\":\"https:\/\/epochtimestr.com\/#\/schema\/person\/image\/\",\"url\":\"https:\/\/secure.gravatar.com\/avatar\/eafd40d9b77b1fbf7c565a3d4916b79c?s=96&d=mm&r=g\",\"contentUrl\":\"https:\/\/secure.gravatar.com\/avatar\/eafd40d9b77b1fbf7c565a3d4916b79c?s=96&d=mm&r=g\",\"caption\":\"Bekir Zorba\"},\"url\":\"https:\/\/epochtimestr.com\/index.php\/author\/bekir\"}]}<\/script>\n<!-- \/ Yoast SEO plugin. -->","yoast_head_json":{"title":"Ba\u015fkan Cemal Akbudak \u0130le - The Epoch Times TR","description":"19-21 Ocak 2018 tarihleri aras\u0131nda, T\u00fcrkiye Judo Federasyonu taraf\u0131ndan, Mersin\u2019de \u00dcmitler T\u00fcrkiye Judo \u015eampiyonas\u0131 yap\u0131ld\u0131.","robots":{"index":"index","follow":"follow","max-snippet":"max-snippet:-1","max-image-preview":"max-image-preview:large","max-video-preview":"max-video-preview:-1"},"canonical":"https:\/\/epochtimestr.com\/index.php\/baskan-cemal-akbudak-ile","og_locale":"tr_TR","og_type":"article","og_title":"Ba\u015fkan Cemal Akbudak \u0130le - The Epoch Times TR","og_description":"19-21 Ocak 2018 tarihleri aras\u0131nda, T\u00fcrkiye Judo Federasyonu taraf\u0131ndan, Mersin\u2019de \u00dcmitler T\u00fcrkiye Judo \u015eampiyonas\u0131 yap\u0131ld\u0131.","og_url":"https:\/\/epochtimestr.com\/index.php\/baskan-cemal-akbudak-ile","og_site_name":"The Epoch Times TR","article_publisher":"https:\/\/www.facebook.com\/theepochtimestr","article_published_time":"2026-09-05T05:30:00+00:00","article_modified_time":"2026-09-04T19:22:14+00:00","og_image":[{"width":1200,"height":630,"url":"https:\/\/epochtimestr.com\/wp-content\/uploads\/2011y\/bzct-ca-1.jpg","type":"image\/jpeg"}],"author":"Bekir Zorba","twitter_card":"summary_large_image","twitter_creator":"@TheEpochTimesTR","twitter_site":"@TheEpochTimesTR","twitter_misc":{"Yazan:":"Bekir Zorba","Tahmini okuma s\u00fcresi":"4 dakika"},"schema":{"@context":"https:\/\/schema.org","@graph":[{"@type":"Article","@id":"https:\/\/epochtimestr.com\/index.php\/baskan-cemal-akbudak-ile#article","isPartOf":{"@id":"https:\/\/epochtimestr.com\/index.php\/baskan-cemal-akbudak-ile"},"author":{"name":"Bekir Zorba","@id":"https:\/\/epochtimestr.com\/#\/schema\/person\/da1ad104599611965442ed3e7e9acb2b"},"headline":"Ba\u015fkan Cemal Akbudak \u0130le","datePublished":"2026-09-05T05:30:00+00:00","dateModified":"2026-09-04T19:22:14+00:00","mainEntityOfPage":{"@id":"https:\/\/epochtimestr.com\/index.php\/baskan-cemal-akbudak-ile"},"wordCount":731,"commentCount":0,"publisher":{"@id":"https:\/\/epochtimestr.com\/#organization"},"image":{"@id":"https:\/\/epochtimestr.com\/index.php\/baskan-cemal-akbudak-ile#primaryimage"},"thumbnailUrl":"https:\/\/epochtimestr.com\/wp-content\/uploads\/2011y\/Bekir-Zorba.png","keywords":["K\u00f6\u015fe","k\u00f6\u015fe Mersin"],"articleSection":["K\u00f6\u015fe Yaz\u0131lar\u0131 Bekir Zorba"],"inLanguage":"tr","potentialAction":[{"@type":"CommentAction","name":"Comment","target":["https:\/\/epochtimestr.com\/index.php\/baskan-cemal-akbudak-ile#respond"]}]},{"@type":"WebPage","@id":"https:\/\/epochtimestr.com\/index.php\/baskan-cemal-akbudak-ile","url":"https:\/\/epochtimestr.com\/index.php\/baskan-cemal-akbudak-ile","name":"Ba\u015fkan Cemal Akbudak \u0130le - The Epoch Times TR","isPartOf":{"@id":"https:\/\/epochtimestr.com\/#website"},"primaryImageOfPage":{"@id":"https:\/\/epochtimestr.com\/index.php\/baskan-cemal-akbudak-ile#primaryimage"},"image":{"@id":"https:\/\/epochtimestr.com\/index.php\/baskan-cemal-akbudak-ile#primaryimage"},"thumbnailUrl":"https:\/\/epochtimestr.com\/wp-content\/uploads\/2011y\/Bekir-Zorba.png","datePublished":"2026-09-05T05:30:00+00:00","dateModified":"2026-09-04T19:22:14+00:00","description":"19-21 Ocak 2018 tarihleri aras\u0131nda, T\u00fcrkiye Judo Federasyonu taraf\u0131ndan, Mersin\u2019de \u00dcmitler T\u00fcrkiye Judo \u015eampiyonas\u0131 yap\u0131ld\u0131.","inLanguage":"tr","potentialAction":[{"@type":"ReadAction","target":["https:\/\/epochtimestr.com\/index.php\/baskan-cemal-akbudak-ile"]}]},{"@type":"ImageObject","inLanguage":"tr","@id":"https:\/\/epochtimestr.com\/index.php\/baskan-cemal-akbudak-ile#primaryimage","url":"https:\/\/epochtimestr.com\/wp-content\/uploads\/2011y\/Bekir-Zorba.png","contentUrl":"https:\/\/epochtimestr.com\/wp-content\/uploads\/2011y\/Bekir-Zorba.png","width":600,"height":600},{"@type":"WebSite","@id":"https:\/\/epochtimestr.com\/#website","url":"https:\/\/epochtimestr.com\/","name":"The Epoch Times TR","description":"De\u011fi\u015fen D\u00fcnyam\u0131za Taze Bir Bak\u0131\u015f","publisher":{"@id":"https:\/\/epochtimestr.com\/#organization"},"potentialAction":[{"@type":"SearchAction","target":{"@type":"EntryPoint","urlTemplate":"https:\/\/epochtimestr.com\/?s={search_term_string}"},"query-input":"required name=search_term_string"}],"inLanguage":"tr"},{"@type":"Organization","@id":"https:\/\/epochtimestr.com\/#organization","name":"The EpochTimes T\u00fcrkiye","url":"https:\/\/epochtimestr.com\/","logo":{"@type":"ImageObject","inLanguage":"tr","@id":"https:\/\/epochtimestr.com\/#\/schema\/logo\/image\/","url":"https:\/\/epochtimestr.com\/wp-content\/uploads\/2011y\/ET-Logo-YG.jpg","contentUrl":"https:\/\/epochtimestr.com\/wp-content\/uploads\/2011y\/ET-Logo-YG.jpg","width":346,"height":29,"caption":"The EpochTimes T\u00fcrkiye"},"image":{"@id":"https:\/\/epochtimestr.com\/#\/schema\/logo\/image\/"},"sameAs":["https:\/\/www.facebook.com\/theepochtimestr","https:\/\/x.com\/TheEpochTimesTR","https:\/\/www.instagram.com\/epochtimestr"]},{"@type":"Person","@id":"https:\/\/epochtimestr.com\/#\/schema\/person\/da1ad104599611965442ed3e7e9acb2b","name":"Bekir Zorba","image":{"@type":"ImageObject","inLanguage":"tr","@id":"https:\/\/epochtimestr.com\/#\/schema\/person\/image\/","url":"https:\/\/secure.gravatar.com\/avatar\/eafd40d9b77b1fbf7c565a3d4916b79c?s=96&d=mm&r=g","contentUrl":"https:\/\/secure.gravatar.com\/avatar\/eafd40d9b77b1fbf7c565a3d4916b79c?s=96&d=mm&r=g","caption":"Bekir Zorba"},"url":"https:\/\/epochtimestr.com\/index.php\/author\/bekir"}]}},"_links":{"self":[{"href":"https:\/\/epochtimestr.com\/index.php\/wp-json\/wp\/v2\/posts\/171535"}],"collection":[{"href":"https:\/\/epochtimestr.com\/index.php\/wp-json\/wp\/v2\/posts"}],"about":[{"href":"https:\/\/epochtimestr.com\/index.php\/wp-json\/wp\/v2\/types\/post"}],"author":[{"embeddable":true,"href":"https:\/\/epochtimestr.com\/index.php\/wp-json\/wp\/v2\/users\/14001"}],"replies":[{"embeddable":true,"href":"https:\/\/epochtimestr.com\/index.php\/wp-json\/wp\/v2\/comments?post=171535"}],"version-history":[{"count":1,"href":"https:\/\/epochtimestr.com\/index.php\/wp-json\/wp\/v2\/posts\/171535\/revisions"}],"predecessor-version":[{"id":171539,"href":"https:\/\/epochtimestr.com\/index.php\/wp-json\/wp\/v2\/posts\/171535\/revisions\/171539"}],"wp:featuredmedia":[{"embeddable":true,"href":"https:\/\/epochtimestr.com\/index.php\/wp-json\/wp\/v2\/media\/161038"}],"wp:attachment":[{"href":"https:\/\/epochtimestr.com\/index.php\/wp-json\/wp\/v2\/media?parent=171535"}],"wp:term":[{"taxonomy":"category","embeddable":true,"href":"https:\/\/epochtimestr.com\/index.php\/wp-json\/wp\/v2\/categories?post=171535"},{"taxonomy":"post_tag","embeddable":true,"href":"https:\/\/epochtimestr.com\/index.php\/wp-json\/wp\/v2\/tags?post=171535"}],"curies":[{"name":"wp","href":"https:\/\/api.w.org\/{rel}","templated":true}]}}