{"id":171536,"date":"2026-09-05T09:00:59","date_gmt":"2026-09-05T06:00:59","guid":{"rendered":"https:\/\/epochtimestr.com\/?p=171536"},"modified":"2026-09-05T09:01:00","modified_gmt":"2026-09-05T06:01:00","slug":"gazeteci-oya-lale-arslan-tutuklandi","status":"publish","type":"post","link":"https:\/\/epochtimestr.com\/index.php\/gazeteci-oya-lale-arslan-tutuklandi","title":{"rendered":"Gazeteci Oya Lale Arslan Tutukland\u0131"},"content":{"rendered":"<div class=\"wp-block-image\">\n<figure class=\"aligncenter size-full\"><img loading=\"lazy\" decoding=\"async\" width=\"1200\" height=\"675\" src=\"https:\/\/epochtimestr.com\/wp-content\/uploads\/2011y\/Lale-arslan.webp\" alt=\"Gazeteci Oya Lale Arslan tutukland\u0131 (Foto\u011fraf: Youtube)\" class=\"wp-image-171537\" srcset=\"https:\/\/epochtimestr.com\/wp-content\/uploads\/2011y\/Lale-arslan.webp 1200w, https:\/\/epochtimestr.com\/wp-content\/uploads\/2011y\/Lale-arslan-300x169.webp 300w, https:\/\/epochtimestr.com\/wp-content\/uploads\/2011y\/Lale-arslan-150x84.webp 150w, https:\/\/epochtimestr.com\/wp-content\/uploads\/2011y\/Lale-arslan-768x432.webp 768w\" sizes=\"(max-width: 1200px) 100vw, 1200px\" \/><figcaption class=\"wp-element-caption\">Gazeteci Oya Lale Arslan tutukland\u0131 (Foto\u011fraf: Youtube)<\/figcaption><\/figure><\/div>\n\n\n<h2 class=\"wp-block-heading\">Ba\u015fsavc\u0131l\u0131\u011f\u0131n talimat\u0131 do\u011frultusunda g\u00f6zalt\u0131na al\u0131nan Oya Lale Arslan&#8217;\u0131n ikametinde arama yap\u0131ld\u0131\u011f\u0131 ve dijital materyallere el konuldu\u011fu bildirildi.<\/h2>\n\n\n\n<p>Ankara Cumhuriyet Ba\u015fsavc\u0131l\u0131\u011f\u0131 taraf\u0131ndan &#8220;halk\u0131 yan\u0131lt\u0131c\u0131 bilgiyi alenen yayma&#8221; ve &#8220;ter\u00f6r \u00f6rg\u00fct\u00fc propagandas\u0131 yapma&#8221; su\u00e7lamalar\u0131yla y\u00fcr\u00fct\u00fclen soru\u015fturma kapsam\u0131nda g\u00f6zalt\u0131na al\u0131nan gazeteci Oya Lale \u00d6zan Arslan\u2019\u0131n savc\u0131l\u0131k ifadesi tamamland\u0131. \u0130kametinde yap\u0131lan aramada dijital materyallerine el konulan Arslan, tutuklanmas\u0131 talebiyle Sulh Ceza Hakimli\u011fi\u2019ne sevk edildi. Gazeteci Arslan \u00e7\u0131kar\u0131ld\u0131\u011f\u0131 hakimlik\u00e7e <a href=\"https:\/\/epochtimestr.com\/index.php\/kktc-gemi-faciasinda-mahkemeye-cikarilan-9-kisi-tutuklandi\" target=\"_blank\" rel=\"noreferrer noopener\">tutukland\u0131<\/a>.<\/p>\n\n\n\n<p><strong>Ba\u015fsavc\u0131l\u0131ktan yap\u0131lan a\u00e7\u0131klama \u015f\u00f6yle:<\/strong><\/p>\n\n\n\n<p>&#8220;Sosyal medya ve YouTube platformunda yapt\u0131\u011f\u0131 yay\u0131n ve payla\u015f\u0131mlar nedeniyle Oya Lale ARSLAN hakk\u0131nda TCK 217\/A kapsam\u0131nda Halk\u0131 Yan\u0131lt\u0131c\u0131 Bilgiyi Alenen Yayma ve Ter\u00f6r \u00d6rg\u00fct\u00fc Propagandas\u0131 Yapma su\u00e7lar\u0131ndan y\u00fcr\u00fct\u00fclen soru\u015fturma kapsam\u0131nda, Cumhuriyet Ba\u015fsavc\u0131l\u0131\u011f\u0131m\u0131z\u0131n talimat\u0131 do\u011frultusunda \u015f\u00fcpheli g\u00f6zalt\u0131na al\u0131nm\u0131\u015f, ikametinde yap\u0131lan aramada dijital materyallere el konulmu\u015ftur. Mevcutlu olarak Ba\u015fsavc\u0131l\u0131\u011f\u0131m\u0131zda haz\u0131r edilen \u015f\u00fcpheli Sulh Ceza Hakimli\u011fine sevk edilmi\u015f olup, hakk\u0131nda <a href=\"https:\/\/epochtimestr.com\/index.php\/akin-gurlek-duyurdu-orman-yanginlarina-iliskin-12-tutuklama\">tutuklama<\/a> karar\u0131 verilmi\u015ftir. Soru\u015fturma i\u015flemleri titizlikle devam etmektedir.&#8221;<\/p>\n\n\n\n<figure class=\"wp-block-embed is-type-rich is-provider-x wp-block-embed-x\"><div class=\"wp-block-embed__wrapper\">\n<blockquote class=\"twitter-tweet\" data-width=\"550\" data-dnt=\"true\"><p lang=\"zxx\" dir=\"ltr\"><a href=\"https:\/\/t.co\/gJRRoWa3DF\">pic.twitter.com\/gJRRoWa3DF<\/a><\/p>&mdash; Ankara Cumhuriyet Ba\u015fsavc\u0131l\u0131\u011f\u0131 (@ankaracbs) <a href=\"https:\/\/x.com\/ankaracbs\/status\/2095940288195788915?ref_src=twsrc%5Etfw\">September 4, 2026<\/a><\/blockquote><script async src=\"https:\/\/platform.x.com\/widgets.js\" charset=\"utf-8\"><\/script>\n<\/div><\/figure>\n","protected":false},"excerpt":{"rendered":"<p>Ba\u015fsavc\u0131l\u0131\u011f\u0131n talimat\u0131 do\u011frultusunda g\u00f6zalt\u0131na al\u0131nan Oya Lale Arslan&#8217;\u0131n ikametinde arama yap\u0131ld\u0131\u011f\u0131 ve dijital materyallere el konuldu\u011fu bildirildi. Ankara Cumhuriyet Ba\u015fsavc\u0131l\u0131\u011f\u0131 taraf\u0131ndan &#8220;halk\u0131 yan\u0131lt\u0131c\u0131 bilgiyi alenen yayma&#8221; ve &#8220;ter\u00f6r \u00f6rg\u00fct\u00fc propagandas\u0131 yapma&#8221; su\u00e7lamalar\u0131yla y\u00fcr\u00fct\u00fclen soru\u015fturma kapsam\u0131nda g\u00f6zalt\u0131na al\u0131nan gazeteci Oya Lale \u00d6zan Arslan\u2019\u0131n savc\u0131l\u0131k ifadesi tamamland\u0131. \u0130kametinde yap\u0131lan aramada dijital materyallerine el konulan Arslan, tutuklanmas\u0131 talebiyle [&hellip;]<\/p>\n","protected":false},"author":12791,"featured_media":171537,"comment_status":"open","ping_status":"open","sticky":false,"template":"","format":"standard","meta":{"_yoast_wpseo_focuskw":"oya lale","_yoast_wpseo_title":"","_yoast_wpseo_metadesc":"Ba\u015fsavc\u0131l\u0131\u011f\u0131n talimat\u0131 do\u011frultusunda g\u00f6zalt\u0131na al\u0131nan Oya Lale Arslan'\u0131n ikametinde arama yap\u0131ld\u0131, dijital materyallere el konuldu.","_bbp_topic_count":0,"_bbp_reply_count":0,"_bbp_total_topic_count":0,"_bbp_total_reply_count":0,"_bbp_voice_count":0,"_bbp_anonymous_reply_count":0,"_bbp_topic_count_hidden":0,"_bbp_reply_count_hidden":0,"_bbp_forum_subforum_count":0,"footnotes":"","_yoast_wpseo_focuskw_text_input":""},"categories":[1,8138,8226],"tags":[1364,6737,12649,9050],"yoast_head":"<!-- This site is optimized with the Yoast SEO plugin v23.0 - https:\/\/yoast.com\/wordpress\/plugins\/seo\/ -->\n<title>Gazeteci Oya Lale Arslan Tutukland\u0131 - The Epoch Times TR<\/title>\n<meta name=\"description\" content=\"Ba\u015fsavc\u0131l\u0131\u011f\u0131n talimat\u0131 do\u011frultusunda g\u00f6zalt\u0131na al\u0131nan Oya Lale Arslan&#039;\u0131n ikametinde arama yap\u0131ld\u0131, dijital materyallere el konuldu.\" \/>\n<meta name=\"robots\" content=\"index, follow, max-snippet:-1, max-image-preview:large, max-video-preview:-1\" \/>\n<link rel=\"canonical\" href=\"https:\/\/epochtimestr.com\/index.php\/gazeteci-oya-lale-arslan-tutuklandi\" \/>\n<meta property=\"og:locale\" content=\"tr_TR\" \/>\n<meta property=\"og:type\" content=\"article\" \/>\n<meta property=\"og:title\" content=\"Gazeteci Oya Lale Arslan Tutukland\u0131 - The Epoch Times TR\" \/>\n<meta property=\"og:description\" content=\"Ba\u015fsavc\u0131l\u0131\u011f\u0131n talimat\u0131 do\u011frultusunda g\u00f6zalt\u0131na al\u0131nan Oya Lale Arslan&#039;\u0131n ikametinde arama yap\u0131ld\u0131, dijital materyallere el konuldu.\" \/>\n<meta property=\"og:url\" content=\"https:\/\/epochtimestr.com\/index.php\/gazeteci-oya-lale-arslan-tutuklandi\" \/>\n<meta property=\"og:site_name\" content=\"The Epoch Times TR\" \/>\n<meta property=\"article:publisher\" content=\"https:\/\/www.facebook.com\/theepochtimestr\" \/>\n<meta property=\"article:published_time\" content=\"2026-09-05T06:00:59+00:00\" \/>\n<meta property=\"article:modified_time\" content=\"2026-09-05T06:01:00+00:00\" \/>\n<meta property=\"og:image\" content=\"https:\/\/epochtimestr.com\/wp-content\/uploads\/2011y\/Lale-arslan.webp\" \/>\n\t<meta property=\"og:image:width\" content=\"1200\" \/>\n\t<meta property=\"og:image:height\" content=\"675\" \/>\n\t<meta property=\"og:image:type\" content=\"image\/webp\" \/>\n<meta name=\"author\" content=\"Haber Merkezi\" \/>\n<meta name=\"twitter:card\" content=\"summary_large_image\" \/>\n<meta name=\"twitter:creator\" content=\"@TheEpochTimesTR\" \/>\n<meta name=\"twitter:site\" content=\"@TheEpochTimesTR\" \/>\n<meta name=\"twitter:label1\" content=\"Yazan:\" \/>\n\t<meta name=\"twitter:data1\" content=\"Haber Merkezi\" \/>\n\t<meta name=\"twitter:label2\" content=\"Tahmini okuma s\u00fcresi\" \/>\n\t<meta name=\"twitter:data2\" content=\"2 dakika\" \/>\n<script type=\"application\/ld+json\" class=\"yoast-schema-graph\">{\"@context\":\"https:\/\/schema.org\",\"@graph\":[{\"@type\":\"Article\",\"@id\":\"https:\/\/epochtimestr.com\/index.php\/gazeteci-oya-lale-arslan-tutuklandi#article\",\"isPartOf\":{\"@id\":\"https:\/\/epochtimestr.com\/index.php\/gazeteci-oya-lale-arslan-tutuklandi\"},\"author\":{\"name\":\"Haber Merkezi\",\"@id\":\"https:\/\/epochtimestr.com\/#\/schema\/person\/3dc5c3adeb9f43923c5aa85889172fdd\"},\"headline\":\"Gazeteci Oya Lale Arslan Tutukland\u0131\",\"datePublished\":\"2026-09-05T06:00:59+00:00\",\"dateModified\":\"2026-09-05T06:01:00+00:00\",\"mainEntityOfPage\":{\"@id\":\"https:\/\/epochtimestr.com\/index.php\/gazeteci-oya-lale-arslan-tutuklandi\"},\"wordCount\":229,\"commentCount\":0,\"publisher\":{\"@id\":\"https:\/\/epochtimestr.com\/#organization\"},\"image\":{\"@id\":\"https:\/\/epochtimestr.com\/index.php\/gazeteci-oya-lale-arslan-tutuklandi#primaryimage\"},\"thumbnailUrl\":\"https:\/\/epochtimestr.com\/wp-content\/uploads\/2011y\/Lale-arslan.webp\",\"keywords\":[\"Ankara Cumhuriyet Ba\u015fsavc\u0131l\u0131\u011f\u0131\",\"gazeteci\",\"Oya Lale \u00d6zan Arslan\",\"tutukluluk\"],\"articleSection\":[\"G\u00dcNDEM\",\"MAN\u015eET\",\"Siyaset\"],\"inLanguage\":\"tr\",\"potentialAction\":[{\"@type\":\"CommentAction\",\"name\":\"Comment\",\"target\":[\"https:\/\/epochtimestr.com\/index.php\/gazeteci-oya-lale-arslan-tutuklandi#respond\"]}]},{\"@type\":\"WebPage\",\"@id\":\"https:\/\/epochtimestr.com\/index.php\/gazeteci-oya-lale-arslan-tutuklandi\",\"url\":\"https:\/\/epochtimestr.com\/index.php\/gazeteci-oya-lale-arslan-tutuklandi\",\"name\":\"Gazeteci Oya Lale Arslan Tutukland\u0131 - The Epoch Times TR\",\"isPartOf\":{\"@id\":\"https:\/\/epochtimestr.com\/#website\"},\"primaryImageOfPage\":{\"@id\":\"https:\/\/epochtimestr.com\/index.php\/gazeteci-oya-lale-arslan-tutuklandi#primaryimage\"},\"image\":{\"@id\":\"https:\/\/epochtimestr.com\/index.php\/gazeteci-oya-lale-arslan-tutuklandi#primaryimage\"},\"thumbnailUrl\":\"https:\/\/epochtimestr.com\/wp-content\/uploads\/2011y\/Lale-arslan.webp\",\"datePublished\":\"2026-09-05T06:00:59+00:00\",\"dateModified\":\"2026-09-05T06:01:00+00:00\",\"description\":\"Ba\u015fsavc\u0131l\u0131\u011f\u0131n talimat\u0131 do\u011frultusunda g\u00f6zalt\u0131na al\u0131nan Oya Lale Arslan'\u0131n ikametinde arama yap\u0131ld\u0131, dijital materyallere el konuldu.\",\"inLanguage\":\"tr\",\"potentialAction\":[{\"@type\":\"ReadAction\",\"target\":[\"https:\/\/epochtimestr.com\/index.php\/gazeteci-oya-lale-arslan-tutuklandi\"]}]},{\"@type\":\"ImageObject\",\"inLanguage\":\"tr\",\"@id\":\"https:\/\/epochtimestr.com\/index.php\/gazeteci-oya-lale-arslan-tutuklandi#primaryimage\",\"url\":\"https:\/\/epochtimestr.com\/wp-content\/uploads\/2011y\/Lale-arslan.webp\",\"contentUrl\":\"https:\/\/epochtimestr.com\/wp-content\/uploads\/2011y\/Lale-arslan.webp\",\"width\":1200,\"height\":675},{\"@type\":\"WebSite\",\"@id\":\"https:\/\/epochtimestr.com\/#website\",\"url\":\"https:\/\/epochtimestr.com\/\",\"name\":\"The Epoch Times TR\",\"description\":\"De\u011fi\u015fen D\u00fcnyam\u0131za Taze Bir Bak\u0131\u015f\",\"publisher\":{\"@id\":\"https:\/\/epochtimestr.com\/#organization\"},\"potentialAction\":[{\"@type\":\"SearchAction\",\"target\":{\"@type\":\"EntryPoint\",\"urlTemplate\":\"https:\/\/epochtimestr.com\/?s={search_term_string}\"},\"query-input\":\"required name=search_term_string\"}],\"inLanguage\":\"tr\"},{\"@type\":\"Organization\",\"@id\":\"https:\/\/epochtimestr.com\/#organization\",\"name\":\"The EpochTimes T\u00fcrkiye\",\"url\":\"https:\/\/epochtimestr.com\/\",\"logo\":{\"@type\":\"ImageObject\",\"inLanguage\":\"tr\",\"@id\":\"https:\/\/epochtimestr.com\/#\/schema\/logo\/image\/\",\"url\":\"https:\/\/epochtimestr.com\/wp-content\/uploads\/2011y\/ET-Logo-YG.jpg\",\"contentUrl\":\"https:\/\/epochtimestr.com\/wp-content\/uploads\/2011y\/ET-Logo-YG.jpg\",\"width\":346,\"height\":29,\"caption\":\"The EpochTimes T\u00fcrkiye\"},\"image\":{\"@id\":\"https:\/\/epochtimestr.com\/#\/schema\/logo\/image\/\"},\"sameAs\":[\"https:\/\/www.facebook.com\/theepochtimestr\",\"https:\/\/x.com\/TheEpochTimesTR\",\"https:\/\/www.instagram.com\/epochtimestr\"]},{\"@type\":\"Person\",\"@id\":\"https:\/\/epochtimestr.com\/#\/schema\/person\/3dc5c3adeb9f43923c5aa85889172fdd\",\"name\":\"Haber Merkezi\",\"image\":{\"@type\":\"ImageObject\",\"inLanguage\":\"tr\",\"@id\":\"https:\/\/epochtimestr.com\/#\/schema\/person\/image\/\",\"url\":\"https:\/\/secure.gravatar.com\/avatar\/d73f772ba5a74f28601361e17c2f93e6?s=96&d=mm&r=g\",\"contentUrl\":\"https:\/\/secure.gravatar.com\/avatar\/d73f772ba5a74f28601361e17c2f93e6?s=96&d=mm&r=g\",\"caption\":\"Haber Merkezi\"},\"url\":\"https:\/\/epochtimestr.com\/index.php\/author\/sendag\"}]}<\/script>\n<!-- \/ Yoast SEO plugin. -->","yoast_head_json":{"title":"Gazeteci Oya Lale Arslan Tutukland\u0131 - The Epoch Times TR","description":"Ba\u015fsavc\u0131l\u0131\u011f\u0131n talimat\u0131 do\u011frultusunda g\u00f6zalt\u0131na al\u0131nan Oya Lale Arslan'\u0131n ikametinde arama yap\u0131ld\u0131, dijital materyallere el konuldu.","robots":{"index":"index","follow":"follow","max-snippet":"max-snippet:-1","max-image-preview":"max-image-preview:large","max-video-preview":"max-video-preview:-1"},"canonical":"https:\/\/epochtimestr.com\/index.php\/gazeteci-oya-lale-arslan-tutuklandi","og_locale":"tr_TR","og_type":"article","og_title":"Gazeteci Oya Lale Arslan Tutukland\u0131 - The Epoch Times TR","og_description":"Ba\u015fsavc\u0131l\u0131\u011f\u0131n talimat\u0131 do\u011frultusunda g\u00f6zalt\u0131na al\u0131nan Oya Lale Arslan'\u0131n ikametinde arama yap\u0131ld\u0131, dijital materyallere el konuldu.","og_url":"https:\/\/epochtimestr.com\/index.php\/gazeteci-oya-lale-arslan-tutuklandi","og_site_name":"The Epoch Times TR","article_publisher":"https:\/\/www.facebook.com\/theepochtimestr","article_published_time":"2026-09-05T06:00:59+00:00","article_modified_time":"2026-09-05T06:01:00+00:00","og_image":[{"width":1200,"height":675,"url":"https:\/\/epochtimestr.com\/wp-content\/uploads\/2011y\/Lale-arslan.webp","type":"image\/webp"}],"author":"Haber Merkezi","twitter_card":"summary_large_image","twitter_creator":"@TheEpochTimesTR","twitter_site":"@TheEpochTimesTR","twitter_misc":{"Yazan:":"Haber Merkezi","Tahmini okuma s\u00fcresi":"2 dakika"},"schema":{"@context":"https:\/\/schema.org","@graph":[{"@type":"Article","@id":"https:\/\/epochtimestr.com\/index.php\/gazeteci-oya-lale-arslan-tutuklandi#article","isPartOf":{"@id":"https:\/\/epochtimestr.com\/index.php\/gazeteci-oya-lale-arslan-tutuklandi"},"author":{"name":"Haber Merkezi","@id":"https:\/\/epochtimestr.com\/#\/schema\/person\/3dc5c3adeb9f43923c5aa85889172fdd"},"headline":"Gazeteci Oya Lale Arslan Tutukland\u0131","datePublished":"2026-09-05T06:00:59+00:00","dateModified":"2026-09-05T06:01:00+00:00","mainEntityOfPage":{"@id":"https:\/\/epochtimestr.com\/index.php\/gazeteci-oya-lale-arslan-tutuklandi"},"wordCount":229,"commentCount":0,"publisher":{"@id":"https:\/\/epochtimestr.com\/#organization"},"image":{"@id":"https:\/\/epochtimestr.com\/index.php\/gazeteci-oya-lale-arslan-tutuklandi#primaryimage"},"thumbnailUrl":"https:\/\/epochtimestr.com\/wp-content\/uploads\/2011y\/Lale-arslan.webp","keywords":["Ankara Cumhuriyet Ba\u015fsavc\u0131l\u0131\u011f\u0131","gazeteci","Oya Lale \u00d6zan Arslan","tutukluluk"],"articleSection":["G\u00dcNDEM","MAN\u015eET","Siyaset"],"inLanguage":"tr","potentialAction":[{"@type":"CommentAction","name":"Comment","target":["https:\/\/epochtimestr.com\/index.php\/gazeteci-oya-lale-arslan-tutuklandi#respond"]}]},{"@type":"WebPage","@id":"https:\/\/epochtimestr.com\/index.php\/gazeteci-oya-lale-arslan-tutuklandi","url":"https:\/\/epochtimestr.com\/index.php\/gazeteci-oya-lale-arslan-tutuklandi","name":"Gazeteci Oya Lale Arslan Tutukland\u0131 - The Epoch Times TR","isPartOf":{"@id":"https:\/\/epochtimestr.com\/#website"},"primaryImageOfPage":{"@id":"https:\/\/epochtimestr.com\/index.php\/gazeteci-oya-lale-arslan-tutuklandi#primaryimage"},"image":{"@id":"https:\/\/epochtimestr.com\/index.php\/gazeteci-oya-lale-arslan-tutuklandi#primaryimage"},"thumbnailUrl":"https:\/\/epochtimestr.com\/wp-content\/uploads\/2011y\/Lale-arslan.webp","datePublished":"2026-09-05T06:00:59+00:00","dateModified":"2026-09-05T06:01:00+00:00","description":"Ba\u015fsavc\u0131l\u0131\u011f\u0131n talimat\u0131 do\u011frultusunda g\u00f6zalt\u0131na al\u0131nan Oya Lale Arslan'\u0131n ikametinde arama yap\u0131ld\u0131, dijital materyallere el konuldu.","inLanguage":"tr","potentialAction":[{"@type":"ReadAction","target":["https:\/\/epochtimestr.com\/index.php\/gazeteci-oya-lale-arslan-tutuklandi"]}]},{"@type":"ImageObject","inLanguage":"tr","@id":"https:\/\/epochtimestr.com\/index.php\/gazeteci-oya-lale-arslan-tutuklandi#primaryimage","url":"https:\/\/epochtimestr.com\/wp-content\/uploads\/2011y\/Lale-arslan.webp","contentUrl":"https:\/\/epochtimestr.com\/wp-content\/uploads\/2011y\/Lale-arslan.webp","width":1200,"height":675},{"@type":"WebSite","@id":"https:\/\/epochtimestr.com\/#website","url":"https:\/\/epochtimestr.com\/","name":"The Epoch Times TR","description":"De\u011fi\u015fen D\u00fcnyam\u0131za Taze Bir Bak\u0131\u015f","publisher":{"@id":"https:\/\/epochtimestr.com\/#organization"},"potentialAction":[{"@type":"SearchAction","target":{"@type":"EntryPoint","urlTemplate":"https:\/\/epochtimestr.com\/?s={search_term_string}"},"query-input":"required name=search_term_string"}],"inLanguage":"tr"},{"@type":"Organization","@id":"https:\/\/epochtimestr.com\/#organization","name":"The EpochTimes T\u00fcrkiye","url":"https:\/\/epochtimestr.com\/","logo":{"@type":"ImageObject","inLanguage":"tr","@id":"https:\/\/epochtimestr.com\/#\/schema\/logo\/image\/","url":"https:\/\/epochtimestr.com\/wp-content\/uploads\/2011y\/ET-Logo-YG.jpg","contentUrl":"https:\/\/epochtimestr.com\/wp-content\/uploads\/2011y\/ET-Logo-YG.jpg","width":346,"height":29,"caption":"The EpochTimes T\u00fcrkiye"},"image":{"@id":"https:\/\/epochtimestr.com\/#\/schema\/logo\/image\/"},"sameAs":["https:\/\/www.facebook.com\/theepochtimestr","https:\/\/x.com\/TheEpochTimesTR","https:\/\/www.instagram.com\/epochtimestr"]},{"@type":"Person","@id":"https:\/\/epochtimestr.com\/#\/schema\/person\/3dc5c3adeb9f43923c5aa85889172fdd","name":"Haber Merkezi","image":{"@type":"ImageObject","inLanguage":"tr","@id":"https:\/\/epochtimestr.com\/#\/schema\/person\/image\/","url":"https:\/\/secure.gravatar.com\/avatar\/d73f772ba5a74f28601361e17c2f93e6?s=96&d=mm&r=g","contentUrl":"https:\/\/secure.gravatar.com\/avatar\/d73f772ba5a74f28601361e17c2f93e6?s=96&d=mm&r=g","caption":"Haber Merkezi"},"url":"https:\/\/epochtimestr.com\/index.php\/author\/sendag"}]}},"_links":{"self":[{"href":"https:\/\/epochtimestr.com\/index.php\/wp-json\/wp\/v2\/posts\/171536"}],"collection":[{"href":"https:\/\/epochtimestr.com\/index.php\/wp-json\/wp\/v2\/posts"}],"about":[{"href":"https:\/\/epochtimestr.com\/index.php\/wp-json\/wp\/v2\/types\/post"}],"author":[{"embeddable":true,"href":"https:\/\/epochtimestr.com\/index.php\/wp-json\/wp\/v2\/users\/12791"}],"replies":[{"embeddable":true,"href":"https:\/\/epochtimestr.com\/index.php\/wp-json\/wp\/v2\/comments?post=171536"}],"version-history":[{"count":2,"href":"https:\/\/epochtimestr.com\/index.php\/wp-json\/wp\/v2\/posts\/171536\/revisions"}],"predecessor-version":[{"id":171554,"href":"https:\/\/epochtimestr.com\/index.php\/wp-json\/wp\/v2\/posts\/171536\/revisions\/171554"}],"wp:featuredmedia":[{"embeddable":true,"href":"https:\/\/epochtimestr.com\/index.php\/wp-json\/wp\/v2\/media\/171537"}],"wp:attachment":[{"href":"https:\/\/epochtimestr.com\/index.php\/wp-json\/wp\/v2\/media?parent=171536"}],"wp:term":[{"taxonomy":"category","embeddable":true,"href":"https:\/\/epochtimestr.com\/index.php\/wp-json\/wp\/v2\/categories?post=171536"},{"taxonomy":"post_tag","embeddable":true,"href":"https:\/\/epochtimestr.com\/index.php\/wp-json\/wp\/v2\/tags?post=171536"}],"curies":[{"name":"wp","href":"https:\/\/api.w.org\/{rel}","templated":true}]}}