{"id":171541,"date":"2026-09-05T08:00:00","date_gmt":"2026-09-05T05:00:00","guid":{"rendered":"https:\/\/epochtimestr.com\/?p=171541"},"modified":"2026-09-04T22:32:14","modified_gmt":"2026-09-04T19:32:14","slug":"sal-gitsin","status":"publish","type":"post","link":"https:\/\/epochtimestr.com\/index.php\/sal-gitsin","title":{"rendered":"Sal Gitsin"},"content":{"rendered":"\n<p>\u0130nsan \u00f6mr\u00fcn\u00fcn ne kadar\u0131n\u0131 kendi istedi\u011fi gibi, ne kadar\u0131n\u0131 ba\u015fkalar\u0131n\u0131n ne diyece\u011fini d\u00fc\u015f\u00fcnerek ya\u015far? \u00c7ocukken anne baba, b\u00fcy\u00fcy\u00fcnce akraba, kom\u015fu, arkada\u015f, i\u015f \u00e7evresi&#8230; Sonra hi\u00e7 tan\u0131mad\u0131\u011f\u0131m\u0131z insanlar. Sanki g\u00f6r\u00fcnmeyen y\u00fczlerce g\u00f6z hayat\u0131m\u0131z\u0131n \u00e7evresine dizilmi\u015f de bizi seyrediyor: Ne giymi\u015fiz, nereye gitmi\u015fiz, kiminle g\u00f6r\u00fc\u015fm\u00fc\u015f\u00fcz, ne s\u00f6ylemi\u015fiz, nas\u0131l ya\u015fam\u0131\u015f\u0131z&#8230;<\/p>\n\n\n\n<p>Belki de en kalabal\u0131k hapishanelerden biri \u015fu \u00fc\u00e7 s\u00f6zc\u00fckt\u00fcr: \u201cBa\u015fkas\u0131 ne der?\u201d<\/p>\n\n\n\n<p>Duvar\u0131 yoktur, gardiyan\u0131 yoktur, kap\u0131s\u0131nda kilit bulunmaz. Ama insan bazen y\u0131llarca \u00e7\u0131kamaz i\u00e7inden. Bir \u00e7e\u015fit b\u00fcy\u00fck g\u00f6zalt\u0131 h\u00e2li&#8230; \u00dcstelik zamanla d\u0131\u015far\u0131daki g\u00f6zlere de gerek kalmaz, onlar\u0131 kendi i\u00e7imize yerle\u015ftiririz: Ay\u0131p olur. Yanl\u0131\u015f anlarlar. Bana yak\u0131\u015ft\u0131rmazlar. El \u00e2lem ne der?<\/p>\n\n\n\n<p>El \u00e2lem&#8230;<\/p>\n\n\n\n<p>Kimdir bu el \u00e2lem? Nerede oturur, bizim hayat\u0131m\u0131z \u00fczerindeki yetkisini kim vermi\u015ftir? Belli de\u011fildir. Ama nedense \u00f6nemli kararlar\u0131m\u0131z\u0131n baz\u0131lar\u0131nda masan\u0131n ba\u015fk\u00f6\u015fesinde o oturur.<\/p>\n\n\n\n<p>Bir de onaylanma ve do\u011frulanma ihtiyac\u0131m\u0131z var. S\u00f6yledi\u011fimizin yaln\u0131z dinlenmesini de\u011fil, onaylanmas\u0131n\u0131 da istiyoruz. \u201cDe\u011fil mi?\u201d, \u201cHakl\u0131 m\u0131y\u0131m?\u201d, \u201cAnlad\u0131n m\u0131?\u201d diye kar\u015f\u0131m\u0131zdakinden k\u00fc\u00e7\u00fck m\u00fch\u00fcrler bekliyoruz. Sosyal medya da buna yeni \u00f6l\u00e7\u00fcler ekledi: be\u011feniler, yorumlar, takip\u00e7iler&#8230; Bazen d\u00fc\u015f\u00fcncemizin de\u011ferini ka\u00e7 ki\u015finin ba\u015f\u0131n\u0131 sallad\u0131\u011f\u0131yla \u00f6l\u00e7er olduk.<\/p>\n\n\n\n<p>Oysa anla\u015f\u0131lmak g\u00fczeldir, onaylanmadan da ya\u015fayabilmek \u00f6zg\u00fcrl\u00fckt\u00fcr. Herkesin bizi hakl\u0131 bulmas\u0131n\u0131 bekledi\u011fimizde hayat\u0131m\u0131z\u0131n kumandas\u0131n\u0131 biraz da ba\u015fkalar\u0131n\u0131n eline vermi\u015f oluruz.<\/p>\n\n\n\n<p>\u0130\u015fin tuhaf\u0131, ba\u015fkalar\u0131n\u0131n onay\u0131n\u0131 beklerken biz de ba\u015fkalar\u0131n\u0131n hayat\u0131na kar\u0131\u015f\u0131yoruz. \u00c7ocu\u011fumuzun, e\u015fimizin, dostumuzun ne yapmas\u0131 gerekti\u011fini s\u00f6yleyip duruyoruz. \u0130yi niyetle ba\u015flayan koruma iste\u011fi, fark\u0131nda olmadan y\u00f6netme iste\u011fine d\u00f6n\u00fc\u015febiliyor.<\/p>\n\n\n\n<p>Y\u0131llarca \u00f6\u011fretmenlik yap\u0131nca \u015funu daha iyi g\u00f6r\u00fcyorsunuz: \u00c7ocuklara ve gen\u00e7lere yaln\u0131zca ne yapmalar\u0131 gerekti\u011fini s\u00f6ylemek \u00e7o\u011fu zaman yetmiyor. Nas\u0131l ya\u015fad\u0131\u011f\u0131m\u0131z, ne s\u00f6yledi\u011fimizden daha \u00f6\u011fretici olabiliyor. \u201cKitap oku\u201d deyip elimizde hi\u00e7 kitap g\u00f6rmezlerse, \u201cdo\u011fay\u0131 koru\u201d deyip yere \u00e7\u00f6p atarsak, \u201cnazik ol\u201d deyip insanlar\u0131 k\u0131rarsak s\u00f6z\u00fcm\u00fcz\u00fcn a\u011f\u0131rl\u0131\u011f\u0131 kalm\u0131yor. \u0130yi insan yeti\u015ftirmenin yollar\u0131ndan biri, \u00f6nce iyi bir \u00f6rnek olmaya \u00e7al\u0131\u015fmak.<\/p>\n\n\n\n<p>Elbette \u201csal gitsin\u201d demek, sevdi\u011fimizi k\u00f6t\u00fcl\u00fc\u011f\u00fcn ortas\u0131nda kendi h\u00e2line b\u0131rakmak de\u011fildir. \u00c7ocuklar\u0131m\u0131z\u0131 ve yak\u0131nlar\u0131m\u0131z\u0131 a\u00e7\u0131k tehlikelerden korumak, uyarmak, gerekti\u011finde ellerinden tutmak sorumlulu\u011fumuzdur. Fakat korumak ba\u015fka, y\u00f6netmek ba\u015fka. Bazen s\u00fcrekli nasihatten daha etkili olan, sessizce iyi bir model olmakt\u0131r.<\/p>\n\n\n\n<p>Mel Robbins\u2019in B\u0131rak Yaps\u0131nlar Teorisi kitab\u0131n\u0131n temel d\u00fc\u015f\u00fcncesi \u00fczerinde dururken insan ister istemez kendine soruyor: Ba\u015fkalar\u0131n\u0131 de\u011fi\u015ftirmeye harcad\u0131\u011f\u0131m\u0131z enerjinin biraz\u0131n\u0131 geri alsak ne olur? Biri bizi be\u011fenmiyorsa be\u011fenmesin. Hakk\u0131m\u0131zda konu\u015fuyorsa konu\u015fsun. Bizim se\u00e7meyece\u011fimiz bir yolu se\u00e7iyorsa, sonu\u00e7lar\u0131n\u0131 da g\u00f6ze alarak se\u00e7sin. Her insan\u0131n hayat\u0131n\u0131n direksiyonuna oturmak zorunda de\u011filiz.<\/p>\n\n\n\n<p>Bizim dilimizde daha k\u0131sa s\u00f6ylersek:<\/p>\n\n\n\n<p>Sal gitsin.<\/p>\n\n\n\n<p>Ama \u201csal gitsin\u201d, \u201cne h\u00e2lin varsa g\u00f6r\u201d demek de\u011fildir. \u201cKimse bana kar\u0131\u015famaz\u201d deyip akl\u0131m\u0131za geleni istedi\u011fimiz yerde yapmak da \u00f6zg\u00fcrl\u00fck de\u011fildir. \u00c7\u00fcnk\u00fc yaln\u0131z ya\u015fam\u0131yoruz. Ayn\u0131 apartman\u0131, soka\u011f\u0131, park\u0131, denizi, \u00fclkeyi payla\u015f\u0131yoruz. \u00d6zg\u00fcrl\u00fc\u011f\u00fcn yan\u0131nda sorumluluk, hakk\u0131n yan\u0131nda sayg\u0131 olmal\u0131.<\/p>\n\n\n\n<p>Gece yar\u0131s\u0131 y\u00fcksek sesle m\u00fczik a\u00e7\u0131p \u201cBen \u00f6zg\u00fcr\u00fcm\u201d diyemeyiz. \u00c7\u00f6p\u00fcm\u00fcz\u00fc soka\u011fa at\u0131p \u201cKimse bana kar\u0131\u015famaz\u201d diyemeyiz. Bir insan\u0131 a\u015fa\u011f\u0131lay\u0131p bunu d\u00fc\u015f\u00fcnce \u00f6zg\u00fcrl\u00fc\u011f\u00fc diye savunamay\u0131z. \u00d6zg\u00fcrl\u00fck ba\u015fkas\u0131n\u0131n ya\u015fam alan\u0131n\u0131 daraltmaya ba\u015flad\u0131\u011f\u0131nda, \u00f6zg\u00fcrl\u00fck olmaktan \u00e7\u0131kar; hoyratl\u0131\u011fa d\u00f6n\u00fc\u015f\u00fcr.<\/p>\n\n\n\n<p>Belki burada eski ama eskimeyen iki s\u00f6zc\u00fc\u011f\u00fc hat\u0131rlamak gerekiyor: nezaket ve asalet.<\/p>\n\n\n\n<p>Asalet yaln\u0131z soydan, servetten ya da makamdan gelmez. Bazen cevap verebilecekken susabilmekte, g\u00fc\u00e7l\u00fcyken incitmemekte, hakl\u0131yken kar\u015f\u0131s\u0131ndakini ezmemekte ortaya \u00e7\u0131kar. Nezaket de e\u011filip b\u00fck\u00fclmek de\u011fildir, kar\u015f\u0131m\u0131zdakinin de bizim kadar de\u011ferli oldu\u011funu unutmamakt\u0131r.<\/p>\n\n\n\n<p>Ya\u015f ald\u0131k\u00e7a insan\u0131n biraz da bunu \u00f6\u011frenmesi gerekti\u011fini d\u00fc\u015f\u00fcn\u00fcyorum. Her s\u00f6ze cevap vermek, her yanl\u0131\u015f\u0131 d\u00fczeltmek, herkesi ikna etmek zorunda de\u011filiz. Bizi herkes sevmeyecek, herkes anlamayacak, herkes onaylamayacak. Biz de herkesi kendi do\u011frumuza g\u00f6re ya\u015fatamayaca\u011f\u0131z.<\/p>\n\n\n\n<p>\u00d6zg\u00fcr ol ama hoyrat olma.<\/p>\n\n\n\n<p>Ba\u011f\u0131ms\u0131z ol ama duyars\u0131z olma.<\/p>\n\n\n\n<p>Kendin ol ama ba\u015fkas\u0131n\u0131 da kendisi olarak b\u0131rak.<\/p>\n\n\n\n<p>Sevdi\u011finin elini gerekti\u011finde tut, ama hayat\u0131n\u0131n direksiyonunu elinden alma. \u0130yi olan\u0131 yaln\u0131z anlatma, iyi olan\u0131 ya\u015famaya \u00e7al\u0131\u015f. Herkesten onay bekleme, herkesi de kendi do\u011frunun alt\u0131na imza atmaya zorlama.<\/p>\n\n\n\n<p>Nazik ol.<\/p>\n\n\n\n<p>Asil ol.<\/p>\n\n\n\n<p>Sonra gereksiz yere tuttu\u011fun ipin ucunu biraz gev\u015fet.<\/p>\n\n\n\n<p>Sal gitsin&#8230;<\/p>\n\n\n\n<p>Belki o zaman yaln\u0131z ba\u015fkalar\u0131n\u0131 serbest b\u0131rakm\u0131\u015f olmazs\u0131n.<\/p>\n\n\n\n<p>Kendini de \u201cba\u015fkas\u0131 ne der?\u201d g\u00f6zalt\u0131s\u0131ndan \u00e7\u0131kar\u0131rs\u0131n.<\/p>\n","protected":false},"excerpt":{"rendered":"<p>\u0130nsan \u00f6mr\u00fcn\u00fcn ne kadar\u0131n\u0131 kendi istedi\u011fi gibi, ne kadar\u0131n\u0131 ba\u015fkalar\u0131n\u0131n ne diyece\u011fini d\u00fc\u015f\u00fcnerek ya\u015far? \u00c7ocukken anne baba, b\u00fcy\u00fcy\u00fcnce akraba, kom\u015fu, arkada\u015f, i\u015f \u00e7evresi&#8230; Sonra hi\u00e7 tan\u0131mad\u0131\u011f\u0131m\u0131z insanlar. Sanki g\u00f6r\u00fcnmeyen y\u00fczlerce g\u00f6z hayat\u0131m\u0131z\u0131n \u00e7evresine dizilmi\u015f de bizi seyrediyor: Ne giymi\u015fiz, nereye gitmi\u015fiz, kiminle g\u00f6r\u00fc\u015fm\u00fc\u015f\u00fcz, ne s\u00f6ylemi\u015fiz, nas\u0131l ya\u015fam\u0131\u015f\u0131z&#8230; Belki de en kalabal\u0131k hapishanelerden biri \u015fu \u00fc\u00e7 [&hellip;]<\/p>\n","protected":false},"author":14014,"featured_media":167543,"comment_status":"open","ping_status":"open","sticky":false,"template":"","format":"standard","meta":{"_yoast_wpseo_focuskw":"sal","_yoast_wpseo_title":"","_yoast_wpseo_metadesc":"Sanki g\u00f6r\u00fcnmeyen y\u00fczlerce g\u00f6z hayat\u0131m\u0131z\u0131n \u00e7evresine dizilmi\u015f de bizi seyrediyor: Ne giymi\u015fiz, nereye gitmi\u015fiz...","_bbp_topic_count":0,"_bbp_reply_count":0,"_bbp_total_topic_count":0,"_bbp_total_reply_count":0,"_bbp_voice_count":0,"_bbp_anonymous_reply_count":0,"_bbp_topic_count_hidden":0,"_bbp_reply_count_hidden":0,"_bbp_forum_subforum_count":0,"footnotes":"","_yoast_wpseo_focuskw_text_input":""},"categories":[11464],"tags":[11729,11752],"yoast_head":"<!-- This site is optimized with the Yoast SEO plugin v23.0 - https:\/\/yoast.com\/wordpress\/plugins\/seo\/ -->\n<title>Sal Gitsin - The Epoch Times TR<\/title>\n<meta name=\"description\" content=\"Sanki g\u00f6r\u00fcnmeyen y\u00fczlerce g\u00f6z hayat\u0131m\u0131z\u0131n \u00e7evresine dizilmi\u015f de bizi seyrediyor: Ne giymi\u015fiz, nereye gitmi\u015fiz...\" \/>\n<meta name=\"robots\" content=\"index, follow, max-snippet:-1, max-image-preview:large, max-video-preview:-1\" \/>\n<link rel=\"canonical\" href=\"https:\/\/epochtimestr.com\/index.php\/sal-gitsin\" \/>\n<meta property=\"og:locale\" content=\"tr_TR\" \/>\n<meta property=\"og:type\" content=\"article\" \/>\n<meta property=\"og:title\" content=\"Sal Gitsin - The Epoch Times TR\" \/>\n<meta property=\"og:description\" content=\"Sanki g\u00f6r\u00fcnmeyen y\u00fczlerce g\u00f6z hayat\u0131m\u0131z\u0131n \u00e7evresine dizilmi\u015f de bizi seyrediyor: Ne giymi\u015fiz, nereye gitmi\u015fiz...\" \/>\n<meta property=\"og:url\" content=\"https:\/\/epochtimestr.com\/index.php\/sal-gitsin\" \/>\n<meta property=\"og:site_name\" content=\"The Epoch Times TR\" \/>\n<meta property=\"article:publisher\" content=\"https:\/\/www.facebook.com\/theepochtimestr\" \/>\n<meta property=\"article:published_time\" content=\"2026-09-05T05:00:00+00:00\" \/>\n<meta property=\"article:modified_time\" content=\"2026-09-04T19:32:14+00:00\" \/>\n<meta property=\"og:image\" content=\"https:\/\/epochtimestr.com\/wp-content\/uploads\/2011y\/Kemal-KIRMIZI-SM.jpg\" \/>\n\t<meta property=\"og:image:width\" content=\"1200\" \/>\n\t<meta property=\"og:image:height\" content=\"630\" \/>\n\t<meta property=\"og:image:type\" content=\"image\/jpeg\" \/>\n<meta name=\"author\" content=\"Kemal K\u0131rm\u0131z\u0131\" \/>\n<meta name=\"twitter:card\" content=\"summary_large_image\" \/>\n<meta name=\"twitter:creator\" content=\"@TheEpochTimesTR\" \/>\n<meta name=\"twitter:site\" content=\"@TheEpochTimesTR\" \/>\n<meta name=\"twitter:label1\" content=\"Yazan:\" \/>\n\t<meta name=\"twitter:data1\" content=\"Kemal K\u0131rm\u0131z\u0131\" \/>\n\t<meta name=\"twitter:label2\" content=\"Tahmini okuma s\u00fcresi\" \/>\n\t<meta name=\"twitter:data2\" content=\"4 dakika\" \/>\n<script type=\"application\/ld+json\" class=\"yoast-schema-graph\">{\"@context\":\"https:\/\/schema.org\",\"@graph\":[{\"@type\":\"Article\",\"@id\":\"https:\/\/epochtimestr.com\/index.php\/sal-gitsin#article\",\"isPartOf\":{\"@id\":\"https:\/\/epochtimestr.com\/index.php\/sal-gitsin\"},\"author\":{\"name\":\"Kemal K\u0131rm\u0131z\u0131\",\"@id\":\"https:\/\/epochtimestr.com\/#\/schema\/person\/de93b34838de3b9cf1568fef49b786d3\"},\"headline\":\"Sal Gitsin\",\"datePublished\":\"2026-09-05T05:00:00+00:00\",\"dateModified\":\"2026-09-04T19:32:14+00:00\",\"mainEntityOfPage\":{\"@id\":\"https:\/\/epochtimestr.com\/index.php\/sal-gitsin\"},\"wordCount\":910,\"commentCount\":0,\"publisher\":{\"@id\":\"https:\/\/epochtimestr.com\/#organization\"},\"image\":{\"@id\":\"https:\/\/epochtimestr.com\/index.php\/sal-gitsin#primaryimage\"},\"thumbnailUrl\":\"https:\/\/epochtimestr.com\/wp-content\/uploads\/2011y\/Kemal-Kirmizi-Profil.png\",\"keywords\":[\"K\u00f6\u015fe\",\"k\u00f6\u015fe sosyoloji\"],\"articleSection\":[\"K\u00f6\u015fe Yaz\u0131lar\u0131 Kemal K\u0131rm\u0131z\u0131\"],\"inLanguage\":\"tr\",\"potentialAction\":[{\"@type\":\"CommentAction\",\"name\":\"Comment\",\"target\":[\"https:\/\/epochtimestr.com\/index.php\/sal-gitsin#respond\"]}]},{\"@type\":\"WebPage\",\"@id\":\"https:\/\/epochtimestr.com\/index.php\/sal-gitsin\",\"url\":\"https:\/\/epochtimestr.com\/index.php\/sal-gitsin\",\"name\":\"Sal Gitsin - The Epoch Times TR\",\"isPartOf\":{\"@id\":\"https:\/\/epochtimestr.com\/#website\"},\"primaryImageOfPage\":{\"@id\":\"https:\/\/epochtimestr.com\/index.php\/sal-gitsin#primaryimage\"},\"image\":{\"@id\":\"https:\/\/epochtimestr.com\/index.php\/sal-gitsin#primaryimage\"},\"thumbnailUrl\":\"https:\/\/epochtimestr.com\/wp-content\/uploads\/2011y\/Kemal-Kirmizi-Profil.png\",\"datePublished\":\"2026-09-05T05:00:00+00:00\",\"dateModified\":\"2026-09-04T19:32:14+00:00\",\"description\":\"Sanki g\u00f6r\u00fcnmeyen y\u00fczlerce g\u00f6z hayat\u0131m\u0131z\u0131n \u00e7evresine dizilmi\u015f de bizi seyrediyor: Ne giymi\u015fiz, nereye gitmi\u015fiz...\",\"inLanguage\":\"tr\",\"potentialAction\":[{\"@type\":\"ReadAction\",\"target\":[\"https:\/\/epochtimestr.com\/index.php\/sal-gitsin\"]}]},{\"@type\":\"ImageObject\",\"inLanguage\":\"tr\",\"@id\":\"https:\/\/epochtimestr.com\/index.php\/sal-gitsin#primaryimage\",\"url\":\"https:\/\/epochtimestr.com\/wp-content\/uploads\/2011y\/Kemal-Kirmizi-Profil.png\",\"contentUrl\":\"https:\/\/epochtimestr.com\/wp-content\/uploads\/2011y\/Kemal-Kirmizi-Profil.png\",\"width\":600,\"height\":600},{\"@type\":\"WebSite\",\"@id\":\"https:\/\/epochtimestr.com\/#website\",\"url\":\"https:\/\/epochtimestr.com\/\",\"name\":\"The Epoch Times TR\",\"description\":\"De\u011fi\u015fen D\u00fcnyam\u0131za Taze Bir Bak\u0131\u015f\",\"publisher\":{\"@id\":\"https:\/\/epochtimestr.com\/#organization\"},\"potentialAction\":[{\"@type\":\"SearchAction\",\"target\":{\"@type\":\"EntryPoint\",\"urlTemplate\":\"https:\/\/epochtimestr.com\/?s={search_term_string}\"},\"query-input\":\"required name=search_term_string\"}],\"inLanguage\":\"tr\"},{\"@type\":\"Organization\",\"@id\":\"https:\/\/epochtimestr.com\/#organization\",\"name\":\"The EpochTimes T\u00fcrkiye\",\"url\":\"https:\/\/epochtimestr.com\/\",\"logo\":{\"@type\":\"ImageObject\",\"inLanguage\":\"tr\",\"@id\":\"https:\/\/epochtimestr.com\/#\/schema\/logo\/image\/\",\"url\":\"https:\/\/epochtimestr.com\/wp-content\/uploads\/2011y\/ET-Logo-YG.jpg\",\"contentUrl\":\"https:\/\/epochtimestr.com\/wp-content\/uploads\/2011y\/ET-Logo-YG.jpg\",\"width\":346,\"height\":29,\"caption\":\"The EpochTimes T\u00fcrkiye\"},\"image\":{\"@id\":\"https:\/\/epochtimestr.com\/#\/schema\/logo\/image\/\"},\"sameAs\":[\"https:\/\/www.facebook.com\/theepochtimestr\",\"https:\/\/x.com\/TheEpochTimesTR\",\"https:\/\/www.instagram.com\/epochtimestr\"]},{\"@type\":\"Person\",\"@id\":\"https:\/\/epochtimestr.com\/#\/schema\/person\/de93b34838de3b9cf1568fef49b786d3\",\"name\":\"Kemal K\u0131rm\u0131z\u0131\",\"image\":{\"@type\":\"ImageObject\",\"inLanguage\":\"tr\",\"@id\":\"https:\/\/epochtimestr.com\/#\/schema\/person\/image\/\",\"url\":\"https:\/\/secure.gravatar.com\/avatar\/e99bdb2e05638e0a06bbe2847468ec66?s=96&d=mm&r=g\",\"contentUrl\":\"https:\/\/secure.gravatar.com\/avatar\/e99bdb2e05638e0a06bbe2847468ec66?s=96&d=mm&r=g\",\"caption\":\"Kemal K\u0131rm\u0131z\u0131\"},\"url\":\"https:\/\/epochtimestr.com\/index.php\/author\/kemal\"}]}<\/script>\n<!-- \/ Yoast SEO plugin. -->","yoast_head_json":{"title":"Sal Gitsin - The Epoch Times TR","description":"Sanki g\u00f6r\u00fcnmeyen y\u00fczlerce g\u00f6z hayat\u0131m\u0131z\u0131n \u00e7evresine dizilmi\u015f de bizi seyrediyor: Ne giymi\u015fiz, nereye gitmi\u015fiz...","robots":{"index":"index","follow":"follow","max-snippet":"max-snippet:-1","max-image-preview":"max-image-preview:large","max-video-preview":"max-video-preview:-1"},"canonical":"https:\/\/epochtimestr.com\/index.php\/sal-gitsin","og_locale":"tr_TR","og_type":"article","og_title":"Sal Gitsin - The Epoch Times TR","og_description":"Sanki g\u00f6r\u00fcnmeyen y\u00fczlerce g\u00f6z hayat\u0131m\u0131z\u0131n \u00e7evresine dizilmi\u015f de bizi seyrediyor: Ne giymi\u015fiz, nereye gitmi\u015fiz...","og_url":"https:\/\/epochtimestr.com\/index.php\/sal-gitsin","og_site_name":"The Epoch Times TR","article_publisher":"https:\/\/www.facebook.com\/theepochtimestr","article_published_time":"2026-09-05T05:00:00+00:00","article_modified_time":"2026-09-04T19:32:14+00:00","og_image":[{"width":1200,"height":630,"url":"https:\/\/epochtimestr.com\/wp-content\/uploads\/2011y\/Kemal-KIRMIZI-SM.jpg","type":"image\/jpeg"}],"author":"Kemal K\u0131rm\u0131z\u0131","twitter_card":"summary_large_image","twitter_creator":"@TheEpochTimesTR","twitter_site":"@TheEpochTimesTR","twitter_misc":{"Yazan:":"Kemal K\u0131rm\u0131z\u0131","Tahmini okuma s\u00fcresi":"4 dakika"},"schema":{"@context":"https:\/\/schema.org","@graph":[{"@type":"Article","@id":"https:\/\/epochtimestr.com\/index.php\/sal-gitsin#article","isPartOf":{"@id":"https:\/\/epochtimestr.com\/index.php\/sal-gitsin"},"author":{"name":"Kemal K\u0131rm\u0131z\u0131","@id":"https:\/\/epochtimestr.com\/#\/schema\/person\/de93b34838de3b9cf1568fef49b786d3"},"headline":"Sal Gitsin","datePublished":"2026-09-05T05:00:00+00:00","dateModified":"2026-09-04T19:32:14+00:00","mainEntityOfPage":{"@id":"https:\/\/epochtimestr.com\/index.php\/sal-gitsin"},"wordCount":910,"commentCount":0,"publisher":{"@id":"https:\/\/epochtimestr.com\/#organization"},"image":{"@id":"https:\/\/epochtimestr.com\/index.php\/sal-gitsin#primaryimage"},"thumbnailUrl":"https:\/\/epochtimestr.com\/wp-content\/uploads\/2011y\/Kemal-Kirmizi-Profil.png","keywords":["K\u00f6\u015fe","k\u00f6\u015fe sosyoloji"],"articleSection":["K\u00f6\u015fe Yaz\u0131lar\u0131 Kemal K\u0131rm\u0131z\u0131"],"inLanguage":"tr","potentialAction":[{"@type":"CommentAction","name":"Comment","target":["https:\/\/epochtimestr.com\/index.php\/sal-gitsin#respond"]}]},{"@type":"WebPage","@id":"https:\/\/epochtimestr.com\/index.php\/sal-gitsin","url":"https:\/\/epochtimestr.com\/index.php\/sal-gitsin","name":"Sal Gitsin - The Epoch Times TR","isPartOf":{"@id":"https:\/\/epochtimestr.com\/#website"},"primaryImageOfPage":{"@id":"https:\/\/epochtimestr.com\/index.php\/sal-gitsin#primaryimage"},"image":{"@id":"https:\/\/epochtimestr.com\/index.php\/sal-gitsin#primaryimage"},"thumbnailUrl":"https:\/\/epochtimestr.com\/wp-content\/uploads\/2011y\/Kemal-Kirmizi-Profil.png","datePublished":"2026-09-05T05:00:00+00:00","dateModified":"2026-09-04T19:32:14+00:00","description":"Sanki g\u00f6r\u00fcnmeyen y\u00fczlerce g\u00f6z hayat\u0131m\u0131z\u0131n \u00e7evresine dizilmi\u015f de bizi seyrediyor: Ne giymi\u015fiz, nereye gitmi\u015fiz...","inLanguage":"tr","potentialAction":[{"@type":"ReadAction","target":["https:\/\/epochtimestr.com\/index.php\/sal-gitsin"]}]},{"@type":"ImageObject","inLanguage":"tr","@id":"https:\/\/epochtimestr.com\/index.php\/sal-gitsin#primaryimage","url":"https:\/\/epochtimestr.com\/wp-content\/uploads\/2011y\/Kemal-Kirmizi-Profil.png","contentUrl":"https:\/\/epochtimestr.com\/wp-content\/uploads\/2011y\/Kemal-Kirmizi-Profil.png","width":600,"height":600},{"@type":"WebSite","@id":"https:\/\/epochtimestr.com\/#website","url":"https:\/\/epochtimestr.com\/","name":"The Epoch Times TR","description":"De\u011fi\u015fen D\u00fcnyam\u0131za Taze Bir Bak\u0131\u015f","publisher":{"@id":"https:\/\/epochtimestr.com\/#organization"},"potentialAction":[{"@type":"SearchAction","target":{"@type":"EntryPoint","urlTemplate":"https:\/\/epochtimestr.com\/?s={search_term_string}"},"query-input":"required name=search_term_string"}],"inLanguage":"tr"},{"@type":"Organization","@id":"https:\/\/epochtimestr.com\/#organization","name":"The EpochTimes T\u00fcrkiye","url":"https:\/\/epochtimestr.com\/","logo":{"@type":"ImageObject","inLanguage":"tr","@id":"https:\/\/epochtimestr.com\/#\/schema\/logo\/image\/","url":"https:\/\/epochtimestr.com\/wp-content\/uploads\/2011y\/ET-Logo-YG.jpg","contentUrl":"https:\/\/epochtimestr.com\/wp-content\/uploads\/2011y\/ET-Logo-YG.jpg","width":346,"height":29,"caption":"The EpochTimes T\u00fcrkiye"},"image":{"@id":"https:\/\/epochtimestr.com\/#\/schema\/logo\/image\/"},"sameAs":["https:\/\/www.facebook.com\/theepochtimestr","https:\/\/x.com\/TheEpochTimesTR","https:\/\/www.instagram.com\/epochtimestr"]},{"@type":"Person","@id":"https:\/\/epochtimestr.com\/#\/schema\/person\/de93b34838de3b9cf1568fef49b786d3","name":"Kemal K\u0131rm\u0131z\u0131","image":{"@type":"ImageObject","inLanguage":"tr","@id":"https:\/\/epochtimestr.com\/#\/schema\/person\/image\/","url":"https:\/\/secure.gravatar.com\/avatar\/e99bdb2e05638e0a06bbe2847468ec66?s=96&d=mm&r=g","contentUrl":"https:\/\/secure.gravatar.com\/avatar\/e99bdb2e05638e0a06bbe2847468ec66?s=96&d=mm&r=g","caption":"Kemal K\u0131rm\u0131z\u0131"},"url":"https:\/\/epochtimestr.com\/index.php\/author\/kemal"}]}},"_links":{"self":[{"href":"https:\/\/epochtimestr.com\/index.php\/wp-json\/wp\/v2\/posts\/171541"}],"collection":[{"href":"https:\/\/epochtimestr.com\/index.php\/wp-json\/wp\/v2\/posts"}],"about":[{"href":"https:\/\/epochtimestr.com\/index.php\/wp-json\/wp\/v2\/types\/post"}],"author":[{"embeddable":true,"href":"https:\/\/epochtimestr.com\/index.php\/wp-json\/wp\/v2\/users\/14014"}],"replies":[{"embeddable":true,"href":"https:\/\/epochtimestr.com\/index.php\/wp-json\/wp\/v2\/comments?post=171541"}],"version-history":[{"count":1,"href":"https:\/\/epochtimestr.com\/index.php\/wp-json\/wp\/v2\/posts\/171541\/revisions"}],"predecessor-version":[{"id":171542,"href":"https:\/\/epochtimestr.com\/index.php\/wp-json\/wp\/v2\/posts\/171541\/revisions\/171542"}],"wp:featuredmedia":[{"embeddable":true,"href":"https:\/\/epochtimestr.com\/index.php\/wp-json\/wp\/v2\/media\/167543"}],"wp:attachment":[{"href":"https:\/\/epochtimestr.com\/index.php\/wp-json\/wp\/v2\/media?parent=171541"}],"wp:term":[{"taxonomy":"category","embeddable":true,"href":"https:\/\/epochtimestr.com\/index.php\/wp-json\/wp\/v2\/categories?post=171541"},{"taxonomy":"post_tag","embeddable":true,"href":"https:\/\/epochtimestr.com\/index.php\/wp-json\/wp\/v2\/tags?post=171541"}],"curies":[{"name":"wp","href":"https:\/\/api.w.org\/{rel}","templated":true}]}}