{"id":171543,"date":"2026-09-05T09:07:38","date_gmt":"2026-09-05T06:07:38","guid":{"rendered":"https:\/\/epochtimestr.com\/?p=171543"},"modified":"2026-09-05T09:07:39","modified_gmt":"2026-09-05T06:07:39","slug":"cumhurbaskani-erdogan-al-nahyan-ile-telefonda-gorustu","status":"publish","type":"post","link":"https:\/\/epochtimestr.com\/index.php\/cumhurbaskani-erdogan-al-nahyan-ile-telefonda-gorustu","title":{"rendered":"Cumhurba\u015fkan\u0131 Erdo\u011fan Al Nahyan \u0130le Telefonda G\u00f6r\u00fc\u015ft\u00fc"},"content":{"rendered":"<div class=\"wp-block-image\">\n<figure class=\"aligncenter size-full is-resized\"><img loading=\"lazy\" decoding=\"async\" width=\"1366\" height=\"910\" src=\"https:\/\/epochtimestr.com\/wp-content\/uploads\/2011y\/8fef3e61-9471-47dd-858a-c8f37f68fc8a.jpg\" alt=\"Cumhurba\u015fkan\u0131 Erdo\u011fan BAE Devlet Ba\u015fkan\u0131 Al Nahyan ile telefonda g\u00f6r\u00fc\u015ft\u00fc (Foto\u011fraf: \u0130leti\u015fim Ba\u015fkanl\u0131\u011f\u0131 x hesab\u0131)\" class=\"wp-image-171544\" style=\"width:840px;height:auto\" srcset=\"https:\/\/epochtimestr.com\/wp-content\/uploads\/2011y\/8fef3e61-9471-47dd-858a-c8f37f68fc8a.jpg 1366w, https:\/\/epochtimestr.com\/wp-content\/uploads\/2011y\/8fef3e61-9471-47dd-858a-c8f37f68fc8a-300x200.jpg 300w, https:\/\/epochtimestr.com\/wp-content\/uploads\/2011y\/8fef3e61-9471-47dd-858a-c8f37f68fc8a-150x100.jpg 150w, https:\/\/epochtimestr.com\/wp-content\/uploads\/2011y\/8fef3e61-9471-47dd-858a-c8f37f68fc8a-768x512.jpg 768w\" sizes=\"(max-width: 1366px) 100vw, 1366px\" \/><figcaption class=\"wp-element-caption\">Cumhurba\u015fkan\u0131 Erdo\u011fan BAE Devlet Ba\u015fkan\u0131 Al Nahyan ile telefonda g\u00f6r\u00fc\u015ft\u00fc (Foto\u011fraf: \u0130leti\u015fim Ba\u015fkanl\u0131\u011f\u0131 x hesab\u0131)<\/figcaption><\/figure><\/div>\n\n\n<h2 class=\"wp-block-heading\">Cumhurba\u015fkan\u0131 Recep Tayyip Erdo\u011fan, Birle\u015fik Arap Emirlikleri (BAE) Devlet Ba\u015fkan\u0131 \u015eeyh Muhammed bin Zayed Al Nahyan ile telefonda g\u00f6r\u00fc\u015ft\u00fc.<\/h2>\n\n\n\n<p>Cumhurba\u015fkanl\u0131\u011f\u0131 \u0130leti\u015fim Ba\u015fkanl\u0131\u011f\u0131ndan yap\u0131lan a\u00e7\u0131klamaya g\u00f6re, Erdo\u011fan ve Al Nahyan g\u00f6r\u00fc\u015fmesinde T\u00fcrkiye ile BAE aras\u0131ndaki i\u015f birli\u011fi de\u011ferlendirildi.<\/p>\n\n\n\n<p><strong>\u0130leti\u015fim Ba\u015fkanl\u0131\u011f\u0131ndan yap\u0131lan a\u00e7\u0131klamada:<\/strong><\/p>\n\n\n\n<p>&#8220;G\u00f6r\u00fc\u015fmede, T\u00fcrkiye ile Birle\u015fik Arap Emirlikleri ikili ili\u015fkileri, b\u00f6lgesel ve <a href=\"https:\/\/epochtimestr.com\/index.php\/cumhurbaskani-erdogan-ve-putin-biskekte-bir-araya-geldi\" target=\"_blank\" rel=\"noreferrer noopener\">k\u00fcresel <\/a>konular ele al\u0131nd\u0131.<br \/><a href=\"https:\/\/epochtimestr.com\/index.php\/cumhurbaskani-erdogan-ve-putin-biskekte-bir-araya-geldi\">Cumhurba\u015fkan\u0131<\/a> Erdo\u011fan, T\u00fcrkiye ile Birle\u015fik Arap Emirlikleri\u2019nin savunma sanayii ve ekonomi ba\u015fta olmak \u00fczere bir\u00e7ok alanda i\u015f birli\u011finin artarak s\u00fcrece\u011fini, ili\u015fkileri geli\u015ftirmek i\u00e7in \u00e7al\u0131\u015ft\u0131\u011f\u0131m\u0131z\u0131 ifade etti.<\/p>\n\n\n\n<p>Cumhurba\u015fkan\u0131 Erdo\u011fan, T\u00fcrkiye\u2019nin \u0130ran-ABD gerilimi ve b\u00f6lgemizdeki benzeri \u00e7at\u0131\u015fmal\u0131 s\u00fcre\u00e7lerin sona ermesi i\u00e7in gayret g\u00f6sterdi\u011fini, bar\u0131\u015f odakl\u0131 diplomatik giri\u015fimlerimizin devam edece\u011fini, b\u00f6lgemizdeki karde\u015f \u00fclkelere y\u00f6nelik sald\u0131r\u0131lar\u0131 asla tasvip etmedi\u011fimizi belirtti.<\/p>\n\n\n\n<p>Cumhurba\u015fkan\u0131 Erdo\u011fan, di\u011fer b\u00f6lgesel konularda da iki \u00fclkenin i\u015f birli\u011finin \u00f6nemli oldu\u011funu ifade etti.&#8221; denildi.<\/p>\n\n\n\n<figure class=\"wp-block-embed is-type-rich is-provider-x wp-block-embed-x\"><div class=\"wp-block-embed__wrapper\">\n<blockquote class=\"twitter-tweet\" data-width=\"550\" data-dnt=\"true\"><p lang=\"tr\" dir=\"ltr\">Cumhurba\u015fkan\u0131m\u0131z Say\u0131n Recep Tayyip Erdo\u011fan, Birle\u015fik Arap Emirlikleri Devlet Ba\u015fkan\u0131 \u015eeyh Muhammed bin Zayed Al Nahyan ile bir telefon g\u00f6r\u00fc\u015fmesi ger\u00e7ekle\u015ftirdi.<br><br>G\u00f6r\u00fc\u015fmede, T\u00fcrkiye ile Birle\u015fik Arap Emirlikleri ikili ili\u015fkileri, b\u00f6lgesel ve k\u00fcresel konular ele al\u0131nd\u0131.\u2026<\/p>&mdash; T.C. \u0130leti\u015fim Ba\u015fkanl\u0131\u011f\u0131 (@iletisim) <a href=\"https:\/\/x.com\/iletisim\/status\/2095938021560344743?ref_src=twsrc%5Etfw\">September 4, 2026<\/a><\/blockquote><script async src=\"https:\/\/platform.x.com\/widgets.js\" charset=\"utf-8\"><\/script>\n<\/div><\/figure>\n","protected":false},"excerpt":{"rendered":"<p>Cumhurba\u015fkan\u0131 Recep Tayyip Erdo\u011fan, Birle\u015fik Arap Emirlikleri (BAE) Devlet Ba\u015fkan\u0131 \u015eeyh Muhammed bin Zayed Al Nahyan ile telefonda g\u00f6r\u00fc\u015ft\u00fc. Cumhurba\u015fkanl\u0131\u011f\u0131 \u0130leti\u015fim Ba\u015fkanl\u0131\u011f\u0131ndan yap\u0131lan a\u00e7\u0131klamaya g\u00f6re, Erdo\u011fan ve Al Nahyan g\u00f6r\u00fc\u015fmesinde T\u00fcrkiye ile BAE aras\u0131ndaki i\u015f birli\u011fi de\u011ferlendirildi. \u0130leti\u015fim Ba\u015fkanl\u0131\u011f\u0131ndan yap\u0131lan a\u00e7\u0131klamada: &#8220;G\u00f6r\u00fc\u015fmede, T\u00fcrkiye ile Birle\u015fik Arap Emirlikleri ikili ili\u015fkileri, b\u00f6lgesel ve k\u00fcresel konular ele al\u0131nd\u0131.Cumhurba\u015fkan\u0131 [&hellip;]<\/p>\n","protected":false},"author":12791,"featured_media":171544,"comment_status":"open","ping_status":"open","sticky":false,"template":"","format":"standard","meta":{"_yoast_wpseo_focuskw":"Erdo\u011fan - Al Nahyan","_yoast_wpseo_title":"","_yoast_wpseo_metadesc":"Cumhurba\u015fkan\u0131 Recep Tayyip Erdo\u011fan, Birle\u015fik Arap Emirlikleri (BAE) Devlet Ba\u015fkan\u0131 \u015eeyh Muhammed bin Zayed Al Nahyan ile telefonda g\u00f6r\u00fc\u015ft\u00fc.","_bbp_topic_count":0,"_bbp_reply_count":0,"_bbp_total_topic_count":0,"_bbp_total_reply_count":0,"_bbp_voice_count":0,"_bbp_anonymous_reply_count":0,"_bbp_topic_count_hidden":0,"_bbp_reply_count_hidden":0,"_bbp_forum_subforum_count":0,"footnotes":"","_yoast_wpseo_focuskw_text_input":""},"categories":[1,8138,8226],"tags":[6828,895,12650],"yoast_head":"<!-- This site is optimized with the Yoast SEO plugin v23.0 - https:\/\/yoast.com\/wordpress\/plugins\/seo\/ -->\n<title>Cumhurba\u015fkan\u0131 Erdo\u011fan Al Nahyan \u0130le Telefonda G\u00f6r\u00fc\u015ft\u00fc - The Epoch Times TR<\/title>\n<meta name=\"description\" content=\"Cumhurba\u015fkan\u0131 Recep Tayyip Erdo\u011fan, Birle\u015fik Arap Emirlikleri (BAE) Devlet Ba\u015fkan\u0131 \u015eeyh Muhammed bin Zayed Al Nahyan ile telefonda g\u00f6r\u00fc\u015ft\u00fc.\" \/>\n<meta name=\"robots\" content=\"index, follow, max-snippet:-1, max-image-preview:large, max-video-preview:-1\" \/>\n<link rel=\"canonical\" href=\"https:\/\/epochtimestr.com\/index.php\/cumhurbaskani-erdogan-al-nahyan-ile-telefonda-gorustu\" \/>\n<meta property=\"og:locale\" content=\"tr_TR\" \/>\n<meta property=\"og:type\" content=\"article\" \/>\n<meta property=\"og:title\" content=\"Cumhurba\u015fkan\u0131 Erdo\u011fan Al Nahyan \u0130le Telefonda G\u00f6r\u00fc\u015ft\u00fc - The Epoch Times TR\" \/>\n<meta property=\"og:description\" content=\"Cumhurba\u015fkan\u0131 Recep Tayyip Erdo\u011fan, Birle\u015fik Arap Emirlikleri (BAE) Devlet Ba\u015fkan\u0131 \u015eeyh Muhammed bin Zayed Al Nahyan ile telefonda g\u00f6r\u00fc\u015ft\u00fc.\" \/>\n<meta property=\"og:url\" content=\"https:\/\/epochtimestr.com\/index.php\/cumhurbaskani-erdogan-al-nahyan-ile-telefonda-gorustu\" \/>\n<meta property=\"og:site_name\" content=\"The Epoch Times TR\" \/>\n<meta property=\"article:publisher\" content=\"https:\/\/www.facebook.com\/theepochtimestr\" \/>\n<meta property=\"article:published_time\" content=\"2026-09-05T06:07:38+00:00\" \/>\n<meta property=\"article:modified_time\" content=\"2026-09-05T06:07:39+00:00\" \/>\n<meta property=\"og:image\" content=\"https:\/\/epochtimestr.com\/wp-content\/uploads\/2011y\/8fef3e61-9471-47dd-858a-c8f37f68fc8a.jpg\" \/>\n\t<meta property=\"og:image:width\" content=\"1366\" \/>\n\t<meta property=\"og:image:height\" content=\"910\" \/>\n\t<meta property=\"og:image:type\" content=\"image\/jpeg\" \/>\n<meta name=\"author\" content=\"Haber Merkezi\" \/>\n<meta name=\"twitter:card\" content=\"summary_large_image\" \/>\n<meta name=\"twitter:creator\" content=\"@TheEpochTimesTR\" \/>\n<meta name=\"twitter:site\" content=\"@TheEpochTimesTR\" \/>\n<meta name=\"twitter:label1\" content=\"Yazan:\" \/>\n\t<meta name=\"twitter:data1\" content=\"Haber Merkezi\" \/>\n\t<meta name=\"twitter:label2\" content=\"Tahmini okuma s\u00fcresi\" \/>\n\t<meta name=\"twitter:data2\" content=\"2 dakika\" \/>\n<script type=\"application\/ld+json\" class=\"yoast-schema-graph\">{\"@context\":\"https:\/\/schema.org\",\"@graph\":[{\"@type\":\"Article\",\"@id\":\"https:\/\/epochtimestr.com\/index.php\/cumhurbaskani-erdogan-al-nahyan-ile-telefonda-gorustu#article\",\"isPartOf\":{\"@id\":\"https:\/\/epochtimestr.com\/index.php\/cumhurbaskani-erdogan-al-nahyan-ile-telefonda-gorustu\"},\"author\":{\"name\":\"Haber Merkezi\",\"@id\":\"https:\/\/epochtimestr.com\/#\/schema\/person\/3dc5c3adeb9f43923c5aa85889172fdd\"},\"headline\":\"Cumhurba\u015fkan\u0131 Erdo\u011fan Al Nahyan \u0130le Telefonda G\u00f6r\u00fc\u015ft\u00fc\",\"datePublished\":\"2026-09-05T06:07:38+00:00\",\"dateModified\":\"2026-09-05T06:07:39+00:00\",\"mainEntityOfPage\":{\"@id\":\"https:\/\/epochtimestr.com\/index.php\/cumhurbaskani-erdogan-al-nahyan-ile-telefonda-gorustu\"},\"wordCount\":238,\"commentCount\":0,\"publisher\":{\"@id\":\"https:\/\/epochtimestr.com\/#organization\"},\"image\":{\"@id\":\"https:\/\/epochtimestr.com\/index.php\/cumhurbaskani-erdogan-al-nahyan-ile-telefonda-gorustu#primaryimage\"},\"thumbnailUrl\":\"https:\/\/epochtimestr.com\/wp-content\/uploads\/2011y\/8fef3e61-9471-47dd-858a-c8f37f68fc8a.jpg\",\"keywords\":[\"BAE\",\"erdo\u011fan\",\"Muhammed bin Zayed Al Nahyan\"],\"articleSection\":[\"G\u00dcNDEM\",\"MAN\u015eET\",\"Siyaset\"],\"inLanguage\":\"tr\",\"potentialAction\":[{\"@type\":\"CommentAction\",\"name\":\"Comment\",\"target\":[\"https:\/\/epochtimestr.com\/index.php\/cumhurbaskani-erdogan-al-nahyan-ile-telefonda-gorustu#respond\"]}]},{\"@type\":\"WebPage\",\"@id\":\"https:\/\/epochtimestr.com\/index.php\/cumhurbaskani-erdogan-al-nahyan-ile-telefonda-gorustu\",\"url\":\"https:\/\/epochtimestr.com\/index.php\/cumhurbaskani-erdogan-al-nahyan-ile-telefonda-gorustu\",\"name\":\"Cumhurba\u015fkan\u0131 Erdo\u011fan Al Nahyan \u0130le Telefonda G\u00f6r\u00fc\u015ft\u00fc - The Epoch Times TR\",\"isPartOf\":{\"@id\":\"https:\/\/epochtimestr.com\/#website\"},\"primaryImageOfPage\":{\"@id\":\"https:\/\/epochtimestr.com\/index.php\/cumhurbaskani-erdogan-al-nahyan-ile-telefonda-gorustu#primaryimage\"},\"image\":{\"@id\":\"https:\/\/epochtimestr.com\/index.php\/cumhurbaskani-erdogan-al-nahyan-ile-telefonda-gorustu#primaryimage\"},\"thumbnailUrl\":\"https:\/\/epochtimestr.com\/wp-content\/uploads\/2011y\/8fef3e61-9471-47dd-858a-c8f37f68fc8a.jpg\",\"datePublished\":\"2026-09-05T06:07:38+00:00\",\"dateModified\":\"2026-09-05T06:07:39+00:00\",\"description\":\"Cumhurba\u015fkan\u0131 Recep Tayyip Erdo\u011fan, Birle\u015fik Arap Emirlikleri (BAE) Devlet Ba\u015fkan\u0131 \u015eeyh Muhammed bin Zayed Al Nahyan ile telefonda g\u00f6r\u00fc\u015ft\u00fc.\",\"inLanguage\":\"tr\",\"potentialAction\":[{\"@type\":\"ReadAction\",\"target\":[\"https:\/\/epochtimestr.com\/index.php\/cumhurbaskani-erdogan-al-nahyan-ile-telefonda-gorustu\"]}]},{\"@type\":\"ImageObject\",\"inLanguage\":\"tr\",\"@id\":\"https:\/\/epochtimestr.com\/index.php\/cumhurbaskani-erdogan-al-nahyan-ile-telefonda-gorustu#primaryimage\",\"url\":\"https:\/\/epochtimestr.com\/wp-content\/uploads\/2011y\/8fef3e61-9471-47dd-858a-c8f37f68fc8a.jpg\",\"contentUrl\":\"https:\/\/epochtimestr.com\/wp-content\/uploads\/2011y\/8fef3e61-9471-47dd-858a-c8f37f68fc8a.jpg\",\"width\":1366,\"height\":910},{\"@type\":\"WebSite\",\"@id\":\"https:\/\/epochtimestr.com\/#website\",\"url\":\"https:\/\/epochtimestr.com\/\",\"name\":\"The Epoch Times TR\",\"description\":\"De\u011fi\u015fen D\u00fcnyam\u0131za Taze Bir Bak\u0131\u015f\",\"publisher\":{\"@id\":\"https:\/\/epochtimestr.com\/#organization\"},\"potentialAction\":[{\"@type\":\"SearchAction\",\"target\":{\"@type\":\"EntryPoint\",\"urlTemplate\":\"https:\/\/epochtimestr.com\/?s={search_term_string}\"},\"query-input\":\"required name=search_term_string\"}],\"inLanguage\":\"tr\"},{\"@type\":\"Organization\",\"@id\":\"https:\/\/epochtimestr.com\/#organization\",\"name\":\"The EpochTimes T\u00fcrkiye\",\"url\":\"https:\/\/epochtimestr.com\/\",\"logo\":{\"@type\":\"ImageObject\",\"inLanguage\":\"tr\",\"@id\":\"https:\/\/epochtimestr.com\/#\/schema\/logo\/image\/\",\"url\":\"https:\/\/epochtimestr.com\/wp-content\/uploads\/2011y\/ET-Logo-YG.jpg\",\"contentUrl\":\"https:\/\/epochtimestr.com\/wp-content\/uploads\/2011y\/ET-Logo-YG.jpg\",\"width\":346,\"height\":29,\"caption\":\"The EpochTimes T\u00fcrkiye\"},\"image\":{\"@id\":\"https:\/\/epochtimestr.com\/#\/schema\/logo\/image\/\"},\"sameAs\":[\"https:\/\/www.facebook.com\/theepochtimestr\",\"https:\/\/x.com\/TheEpochTimesTR\",\"https:\/\/www.instagram.com\/epochtimestr\"]},{\"@type\":\"Person\",\"@id\":\"https:\/\/epochtimestr.com\/#\/schema\/person\/3dc5c3adeb9f43923c5aa85889172fdd\",\"name\":\"Haber Merkezi\",\"image\":{\"@type\":\"ImageObject\",\"inLanguage\":\"tr\",\"@id\":\"https:\/\/epochtimestr.com\/#\/schema\/person\/image\/\",\"url\":\"https:\/\/secure.gravatar.com\/avatar\/d73f772ba5a74f28601361e17c2f93e6?s=96&d=mm&r=g\",\"contentUrl\":\"https:\/\/secure.gravatar.com\/avatar\/d73f772ba5a74f28601361e17c2f93e6?s=96&d=mm&r=g\",\"caption\":\"Haber Merkezi\"},\"url\":\"https:\/\/epochtimestr.com\/index.php\/author\/sendag\"}]}<\/script>\n<!-- \/ Yoast SEO plugin. -->","yoast_head_json":{"title":"Cumhurba\u015fkan\u0131 Erdo\u011fan Al Nahyan \u0130le Telefonda G\u00f6r\u00fc\u015ft\u00fc - The Epoch Times TR","description":"Cumhurba\u015fkan\u0131 Recep Tayyip Erdo\u011fan, Birle\u015fik Arap Emirlikleri (BAE) Devlet Ba\u015fkan\u0131 \u015eeyh Muhammed bin Zayed Al Nahyan ile telefonda g\u00f6r\u00fc\u015ft\u00fc.","robots":{"index":"index","follow":"follow","max-snippet":"max-snippet:-1","max-image-preview":"max-image-preview:large","max-video-preview":"max-video-preview:-1"},"canonical":"https:\/\/epochtimestr.com\/index.php\/cumhurbaskani-erdogan-al-nahyan-ile-telefonda-gorustu","og_locale":"tr_TR","og_type":"article","og_title":"Cumhurba\u015fkan\u0131 Erdo\u011fan Al Nahyan \u0130le Telefonda G\u00f6r\u00fc\u015ft\u00fc - The Epoch Times TR","og_description":"Cumhurba\u015fkan\u0131 Recep Tayyip Erdo\u011fan, Birle\u015fik Arap Emirlikleri (BAE) Devlet Ba\u015fkan\u0131 \u015eeyh Muhammed bin Zayed Al Nahyan ile telefonda g\u00f6r\u00fc\u015ft\u00fc.","og_url":"https:\/\/epochtimestr.com\/index.php\/cumhurbaskani-erdogan-al-nahyan-ile-telefonda-gorustu","og_site_name":"The Epoch Times TR","article_publisher":"https:\/\/www.facebook.com\/theepochtimestr","article_published_time":"2026-09-05T06:07:38+00:00","article_modified_time":"2026-09-05T06:07:39+00:00","og_image":[{"width":1366,"height":910,"url":"https:\/\/epochtimestr.com\/wp-content\/uploads\/2011y\/8fef3e61-9471-47dd-858a-c8f37f68fc8a.jpg","type":"image\/jpeg"}],"author":"Haber Merkezi","twitter_card":"summary_large_image","twitter_creator":"@TheEpochTimesTR","twitter_site":"@TheEpochTimesTR","twitter_misc":{"Yazan:":"Haber Merkezi","Tahmini okuma s\u00fcresi":"2 dakika"},"schema":{"@context":"https:\/\/schema.org","@graph":[{"@type":"Article","@id":"https:\/\/epochtimestr.com\/index.php\/cumhurbaskani-erdogan-al-nahyan-ile-telefonda-gorustu#article","isPartOf":{"@id":"https:\/\/epochtimestr.com\/index.php\/cumhurbaskani-erdogan-al-nahyan-ile-telefonda-gorustu"},"author":{"name":"Haber Merkezi","@id":"https:\/\/epochtimestr.com\/#\/schema\/person\/3dc5c3adeb9f43923c5aa85889172fdd"},"headline":"Cumhurba\u015fkan\u0131 Erdo\u011fan Al Nahyan \u0130le Telefonda G\u00f6r\u00fc\u015ft\u00fc","datePublished":"2026-09-05T06:07:38+00:00","dateModified":"2026-09-05T06:07:39+00:00","mainEntityOfPage":{"@id":"https:\/\/epochtimestr.com\/index.php\/cumhurbaskani-erdogan-al-nahyan-ile-telefonda-gorustu"},"wordCount":238,"commentCount":0,"publisher":{"@id":"https:\/\/epochtimestr.com\/#organization"},"image":{"@id":"https:\/\/epochtimestr.com\/index.php\/cumhurbaskani-erdogan-al-nahyan-ile-telefonda-gorustu#primaryimage"},"thumbnailUrl":"https:\/\/epochtimestr.com\/wp-content\/uploads\/2011y\/8fef3e61-9471-47dd-858a-c8f37f68fc8a.jpg","keywords":["BAE","erdo\u011fan","Muhammed bin Zayed Al Nahyan"],"articleSection":["G\u00dcNDEM","MAN\u015eET","Siyaset"],"inLanguage":"tr","potentialAction":[{"@type":"CommentAction","name":"Comment","target":["https:\/\/epochtimestr.com\/index.php\/cumhurbaskani-erdogan-al-nahyan-ile-telefonda-gorustu#respond"]}]},{"@type":"WebPage","@id":"https:\/\/epochtimestr.com\/index.php\/cumhurbaskani-erdogan-al-nahyan-ile-telefonda-gorustu","url":"https:\/\/epochtimestr.com\/index.php\/cumhurbaskani-erdogan-al-nahyan-ile-telefonda-gorustu","name":"Cumhurba\u015fkan\u0131 Erdo\u011fan Al Nahyan \u0130le Telefonda G\u00f6r\u00fc\u015ft\u00fc - The Epoch Times TR","isPartOf":{"@id":"https:\/\/epochtimestr.com\/#website"},"primaryImageOfPage":{"@id":"https:\/\/epochtimestr.com\/index.php\/cumhurbaskani-erdogan-al-nahyan-ile-telefonda-gorustu#primaryimage"},"image":{"@id":"https:\/\/epochtimestr.com\/index.php\/cumhurbaskani-erdogan-al-nahyan-ile-telefonda-gorustu#primaryimage"},"thumbnailUrl":"https:\/\/epochtimestr.com\/wp-content\/uploads\/2011y\/8fef3e61-9471-47dd-858a-c8f37f68fc8a.jpg","datePublished":"2026-09-05T06:07:38+00:00","dateModified":"2026-09-05T06:07:39+00:00","description":"Cumhurba\u015fkan\u0131 Recep Tayyip Erdo\u011fan, Birle\u015fik Arap Emirlikleri (BAE) Devlet Ba\u015fkan\u0131 \u015eeyh Muhammed bin Zayed Al Nahyan ile telefonda g\u00f6r\u00fc\u015ft\u00fc.","inLanguage":"tr","potentialAction":[{"@type":"ReadAction","target":["https:\/\/epochtimestr.com\/index.php\/cumhurbaskani-erdogan-al-nahyan-ile-telefonda-gorustu"]}]},{"@type":"ImageObject","inLanguage":"tr","@id":"https:\/\/epochtimestr.com\/index.php\/cumhurbaskani-erdogan-al-nahyan-ile-telefonda-gorustu#primaryimage","url":"https:\/\/epochtimestr.com\/wp-content\/uploads\/2011y\/8fef3e61-9471-47dd-858a-c8f37f68fc8a.jpg","contentUrl":"https:\/\/epochtimestr.com\/wp-content\/uploads\/2011y\/8fef3e61-9471-47dd-858a-c8f37f68fc8a.jpg","width":1366,"height":910},{"@type":"WebSite","@id":"https:\/\/epochtimestr.com\/#website","url":"https:\/\/epochtimestr.com\/","name":"The Epoch Times TR","description":"De\u011fi\u015fen D\u00fcnyam\u0131za Taze Bir Bak\u0131\u015f","publisher":{"@id":"https:\/\/epochtimestr.com\/#organization"},"potentialAction":[{"@type":"SearchAction","target":{"@type":"EntryPoint","urlTemplate":"https:\/\/epochtimestr.com\/?s={search_term_string}"},"query-input":"required name=search_term_string"}],"inLanguage":"tr"},{"@type":"Organization","@id":"https:\/\/epochtimestr.com\/#organization","name":"The EpochTimes T\u00fcrkiye","url":"https:\/\/epochtimestr.com\/","logo":{"@type":"ImageObject","inLanguage":"tr","@id":"https:\/\/epochtimestr.com\/#\/schema\/logo\/image\/","url":"https:\/\/epochtimestr.com\/wp-content\/uploads\/2011y\/ET-Logo-YG.jpg","contentUrl":"https:\/\/epochtimestr.com\/wp-content\/uploads\/2011y\/ET-Logo-YG.jpg","width":346,"height":29,"caption":"The EpochTimes T\u00fcrkiye"},"image":{"@id":"https:\/\/epochtimestr.com\/#\/schema\/logo\/image\/"},"sameAs":["https:\/\/www.facebook.com\/theepochtimestr","https:\/\/x.com\/TheEpochTimesTR","https:\/\/www.instagram.com\/epochtimestr"]},{"@type":"Person","@id":"https:\/\/epochtimestr.com\/#\/schema\/person\/3dc5c3adeb9f43923c5aa85889172fdd","name":"Haber Merkezi","image":{"@type":"ImageObject","inLanguage":"tr","@id":"https:\/\/epochtimestr.com\/#\/schema\/person\/image\/","url":"https:\/\/secure.gravatar.com\/avatar\/d73f772ba5a74f28601361e17c2f93e6?s=96&d=mm&r=g","contentUrl":"https:\/\/secure.gravatar.com\/avatar\/d73f772ba5a74f28601361e17c2f93e6?s=96&d=mm&r=g","caption":"Haber Merkezi"},"url":"https:\/\/epochtimestr.com\/index.php\/author\/sendag"}]}},"_links":{"self":[{"href":"https:\/\/epochtimestr.com\/index.php\/wp-json\/wp\/v2\/posts\/171543"}],"collection":[{"href":"https:\/\/epochtimestr.com\/index.php\/wp-json\/wp\/v2\/posts"}],"about":[{"href":"https:\/\/epochtimestr.com\/index.php\/wp-json\/wp\/v2\/types\/post"}],"author":[{"embeddable":true,"href":"https:\/\/epochtimestr.com\/index.php\/wp-json\/wp\/v2\/users\/12791"}],"replies":[{"embeddable":true,"href":"https:\/\/epochtimestr.com\/index.php\/wp-json\/wp\/v2\/comments?post=171543"}],"version-history":[{"count":2,"href":"https:\/\/epochtimestr.com\/index.php\/wp-json\/wp\/v2\/posts\/171543\/revisions"}],"predecessor-version":[{"id":171556,"href":"https:\/\/epochtimestr.com\/index.php\/wp-json\/wp\/v2\/posts\/171543\/revisions\/171556"}],"wp:featuredmedia":[{"embeddable":true,"href":"https:\/\/epochtimestr.com\/index.php\/wp-json\/wp\/v2\/media\/171544"}],"wp:attachment":[{"href":"https:\/\/epochtimestr.com\/index.php\/wp-json\/wp\/v2\/media?parent=171543"}],"wp:term":[{"taxonomy":"category","embeddable":true,"href":"https:\/\/epochtimestr.com\/index.php\/wp-json\/wp\/v2\/categories?post=171543"},{"taxonomy":"post_tag","embeddable":true,"href":"https:\/\/epochtimestr.com\/index.php\/wp-json\/wp\/v2\/tags?post=171543"}],"curies":[{"name":"wp","href":"https:\/\/api.w.org\/{rel}","templated":true}]}}