{"id":171563,"date":"2026-09-05T15:56:31","date_gmt":"2026-09-05T12:56:31","guid":{"rendered":"https:\/\/epochtimestr.com\/?p=171563"},"modified":"2026-09-05T15:56:33","modified_gmt":"2026-09-05T12:56:33","slug":"trumptan-ukrayna-savasini-icin-baris-onerisi","status":"publish","type":"post","link":"https:\/\/epochtimestr.com\/index.php\/trumptan-ukrayna-savasini-icin-baris-onerisi","title":{"rendered":"Trump&#8217;tan Ukrayna Sava\u015f\u0131n\u0131 \u0130\u00e7in Bar\u0131\u015f \u00d6nerisi"},"content":{"rendered":"<div class=\"wp-block-image\">\n<figure class=\"aligncenter size-full\"><img loading=\"lazy\" decoding=\"async\" width=\"1200\" height=\"800\" src=\"https:\/\/epochtimestr.com\/wp-content\/uploads\/2011y\/1000055271.webp\" alt=\"Trump, Ukrayna sava\u015f\u0131n\u0131 sona erdirmek i\u00e7in Steve Witkoff ve Jared Kushner\u2019\u0131 Moskova ve Kiev\u2019e g\u00f6nderiyor. ABD \u00d6zel Temsilcisi Steve Witkoff (solda), i\u015f insan\u0131 Jared Kushner\u2019\u0131n yan\u0131nda bas\u0131n toplant\u0131s\u0131 d\u00fczenliyor. G\u00f6r\u00fcnt\u00fc, Ukrayna i\u00e7in ate\u015fkes sonras\u0131 g\u00fc\u00e7 konu\u015fland\u0131r\u0131lmas\u0131na ili\u015fkin bildirinin imzalanmas\u0131n\u0131n ard\u0131ndan kaydedildi. Toplant\u0131, 06 Ocak 2026\u2019da Paris\u2019teki Elysee Saray\u0131\u2019nda d\u00fczenlenen Ukrayna\u2019ya g\u00fcvenlik garantileri konulu G\u00f6n\u00fcll\u00fcler Koalisyonu zirvesinde ger\u00e7ekle\u015fti. Ludovic Marin\/Pool\/AFP via Getty Images\" class=\"wp-image-171564\" srcset=\"https:\/\/epochtimestr.com\/wp-content\/uploads\/2011y\/1000055271.webp 1200w, https:\/\/epochtimestr.com\/wp-content\/uploads\/2011y\/1000055271-300x200.webp 300w, https:\/\/epochtimestr.com\/wp-content\/uploads\/2011y\/1000055271-150x100.webp 150w, https:\/\/epochtimestr.com\/wp-content\/uploads\/2011y\/1000055271-768x512.webp 768w\" sizes=\"(max-width: 1200px) 100vw, 1200px\" \/><figcaption class=\"wp-element-caption\">Trump, Ukrayna sava\u015f\u0131n\u0131 sona erdirmek i\u00e7in Steve Witkoff ve Jared Kushner\u2019\u0131 Moskova ve Kiev\u2019e g\u00f6nderiyor. ABD \u00d6zel Temsilcisi Steve Witkoff (solda), i\u015f insan\u0131 Jared Kushner\u2019le, Ukrayna i\u00e7in ate\u015fkes sonras\u0131 g\u00fc\u00e7 konu\u015fland\u0131r\u0131lmas\u0131na ili\u015fkin bildirinin imzalanmas\u0131n\u0131n ard\u0131ndan d\u00fczenlenen bas\u0131n toplant\u0131s\u0131nda. 6 Ocak 2026, Elysee Saray\u0131, Paris. (Foto\u011fraf: Ludovic Marin, AFP &#8211; Getty Images, The Epoch Times arac\u0131l\u0131\u011f\u0131yla)<\/figcaption><\/figure><\/div>\n\n\n<p>ABD Ba\u015fkan\u0131 Donald Trump, Ukrayna sava\u015f\u0131n\u0131 sona erdirmek i\u00e7in yeni bir \u00f6neri haz\u0131rlad\u0131\u011f\u0131n\u0131, \u00f6zel temsilciler Steve Witkoff ve Jared Kushner\u2019\u0131n Moskova\u2019ya gidece\u011fini a\u00e7\u0131klad\u0131. <a href=\"https:\/\/www.theepochtimes.com\/world\/us-envoys-heading-to-moscow-with-proposal-to-end-ukraine-war-6083540\" target=\"_blank\" rel=\"noreferrer noopener\">4 Eyl\u00fcl&#8217;de<\/a> ger\u00e7ekle\u015fecek ziyaretlerin ard\u0131ndan iki temsilcinin Kiev\u2019de Ukraynal\u0131 m\u00fczakerecilerle g\u00f6r\u00fc\u015fmesi bekleniyor. Ayr\u0131ca temsilcilerin Rusya ve Ukrayna\u2019ya ayn\u0131 \u00f6neriyi g\u00f6t\u00fcrece\u011fini belirtti. Trump, iki ismin sava\u015f\u0131n sona erdirilmesi konusunda \u00e7al\u0131\u015fma y\u00fcr\u00fctece\u011fini s\u00f6yledi. Bununla birlikte g\u00f6r\u00fc\u015fmeler, aylard\u0131r devam eden m\u00fczakerelerin t\u0131kanmas\u0131n\u0131n ard\u0131ndan ger\u00e7ekle\u015fiyor.<\/p>\n\n\n\n<p>Ukrayna Devlet Ba\u015fkan\u0131 Vladimir Zelenski, g\u00f6r\u00fc\u015fmelerin planland\u0131\u011f\u0131n\u0131 3 Eyl\u00fcl\u2019de duyurdu. Zelenski, Witkoff ve Kushner\u2019\u0131n \u00f6nce Moskova\u2019y\u0131 ziyaret edece\u011fini, daha sonra Kiev\u2019de Ukraynal\u0131 yetkililerle g\u00f6r\u00fc\u015fece\u011fini belirtti. Ayr\u0131ca Zelenskiy, ABD\u2019nin s\u00fcrece aktif kat\u0131l\u0131m\u0131n\u0131n \u00f6nemli oldu\u011funu s\u00f6yledi. Ukrayna\u2019n\u0131n g\u00f6r\u00fc\u015fmelere yap\u0131c\u0131 ve kapsaml\u0131 yakla\u015fmaya haz\u0131r oldu\u011funu ifade etti. Buna kar\u015f\u0131n Kiev, Rusya\u2019dan gelecek \u00f6nerilerin de de\u011ferlendirilmesini bekliyor.<\/p>\n\n\n\n<p>Zelenski, <a href=\"https:\/\/epochtimestr.com\/index.php\/trump-ile-zelenski-ukrayna-rusya-baris-anlasmasini-gorusecek\" target=\"_blank\" rel=\"noreferrer noopener\">ABD temsilcilerinin<\/a> seyahati s\u0131ras\u0131nda Ukrayna\u2019n\u0131n hava sald\u0131r\u0131s\u0131 d\u00fczenlemeyece\u011fini a\u00e7\u0131klad\u0131. Ayr\u0131ca Ukrayna, temsilcilerin g\u00fcvenli\u011fi i\u00e7in Rus hava sahas\u0131n\u0131n a\u00e7\u0131k kalmas\u0131n\u0131 sa\u011flayacak. Zelenski, Moskova\u2019dan da ayn\u0131 yakla\u015f\u0131m\u0131 g\u00f6stermesini istedi. Bununla birlikte g\u00f6r\u00fc\u015fmelerin temel amac\u0131, sava\u015f\u0131n sona ermesi i\u00e7in se\u00e7enekler geli\u015ftirmek olacak.<\/p>\n\n\n\n<p>Witkoff ve Kushner\u2019\u0131n Moskova ziyareti \u00f6ncesinde, CIA Direkt\u00f6r\u00fc John Ratcliffe 25 A\u011fustos&#8217;ta Moskova\u2019da g\u00f6r\u00fc\u015fmeler ger\u00e7ekle\u015ftirmi\u015fti. Trump, Ratcliffe\u2019in ziyaretini do\u011frulayarak ABD\u2019nin sava\u015f konusunda \u00e7al\u0131\u015ft\u0131\u011f\u0131n\u0131 s\u00f6ylemi\u015fti. \u00d6te yandan bar\u0131\u015f g\u00f6r\u00fc\u015fmeleri, Ukrayna\u2019n\u0131n Rusya\u2019n\u0131n toprak taleplerini kabul etmemesiyle t\u0131kanm\u0131\u015ft\u0131. Moskova, K\u0131r\u0131m\u2019\u0131n yan\u0131 s\u0131ra d\u00f6rt b\u00f6lge \u00fczerinde de hak talep ediyor. Rusya, Donetsk, Herson, Luhansk ve Zaporijya\u2019n\u0131n Ukrayna taraf\u0131ndan b\u0131rak\u0131lmas\u0131n\u0131 istiyor. Buna kar\u015f\u0131n Putin, 3 Eyl\u00fcl\u2019de bar\u0131\u015f anla\u015fmas\u0131 ihtimalinin bulundu\u011funu s\u00f6yledi. Rus lider, \u00e7\u00f6z\u00fcm i\u00e7in \u00f6nce iki \u00fclkenin anla\u015fmas\u0131 gerekti\u011fini belirtti.<\/p>\n","protected":false},"excerpt":{"rendered":"<p>ABD Ba\u015fkan\u0131 Donald Trump, Ukrayna sava\u015f\u0131n\u0131 sona erdirmek i\u00e7in yeni bir \u00f6neri haz\u0131rlad\u0131\u011f\u0131n\u0131, \u00f6zel temsilciler Steve Witkoff ve Jared Kushner\u2019\u0131n Moskova\u2019ya gidece\u011fini a\u00e7\u0131klad\u0131. 4 Eyl\u00fcl&#8217;de ger\u00e7ekle\u015fecek ziyaretlerin ard\u0131ndan iki temsilcinin Kiev\u2019de Ukraynal\u0131 m\u00fczakerecilerle g\u00f6r\u00fc\u015fmesi bekleniyor. Ayr\u0131ca temsilcilerin Rusya ve Ukrayna\u2019ya ayn\u0131 \u00f6neriyi g\u00f6t\u00fcrece\u011fini belirtti. Trump, iki ismin sava\u015f\u0131n sona erdirilmesi konusunda \u00e7al\u0131\u015fma y\u00fcr\u00fctece\u011fini s\u00f6yledi. Bununla [&hellip;]<\/p>\n","protected":false},"author":13996,"featured_media":171564,"comment_status":"open","ping_status":"open","sticky":false,"template":"","format":"standard","meta":{"_yoast_wpseo_focuskw":"Trump Ukrayna","_yoast_wpseo_title":"","_yoast_wpseo_metadesc":"ABD Ba\u015fkan\u0131 Donald Trump, Ukrayna sava\u015f\u0131n\u0131 sona erdirmek i\u00e7in Steve Witkoff ve Jared Kushner\u2019\u0131 Moskova ve Kiev\u2019e g\u00f6nderiyor.","_bbp_topic_count":0,"_bbp_reply_count":0,"_bbp_total_topic_count":0,"_bbp_total_reply_count":0,"_bbp_voice_count":0,"_bbp_anonymous_reply_count":0,"_bbp_topic_count_hidden":0,"_bbp_reply_count_hidden":0,"_bbp_forum_subforum_count":0,"footnotes":"","_yoast_wpseo_focuskw_text_input":""},"categories":[5,1,8138],"tags":[9602,10597,3871,9310,9159,5764,10281,9298],"yoast_head":"<!-- This site is optimized with the Yoast SEO plugin v23.0 - https:\/\/yoast.com\/wordpress\/plugins\/seo\/ -->\n<title>Trump&#039;tan Ukrayna Sava\u015f\u0131n\u0131 \u0130\u00e7in Bar\u0131\u015f \u00d6nerisi - The Epoch Times TR<\/title>\n<meta name=\"description\" content=\"ABD Ba\u015fkan\u0131 Donald Trump, Ukrayna sava\u015f\u0131n\u0131 sona erdirmek i\u00e7in Steve Witkoff ve Jared Kushner\u2019\u0131 Moskova ve Kiev\u2019e g\u00f6nderiyor.\" \/>\n<meta name=\"robots\" content=\"index, follow, max-snippet:-1, max-image-preview:large, max-video-preview:-1\" \/>\n<link rel=\"canonical\" href=\"https:\/\/epochtimestr.com\/index.php\/trumptan-ukrayna-savasini-icin-baris-onerisi\" \/>\n<meta property=\"og:locale\" content=\"tr_TR\" \/>\n<meta property=\"og:type\" content=\"article\" \/>\n<meta property=\"og:title\" content=\"Trump&#039;tan Ukrayna Sava\u015f\u0131n\u0131 \u0130\u00e7in Bar\u0131\u015f \u00d6nerisi - The Epoch Times TR\" \/>\n<meta property=\"og:description\" content=\"ABD Ba\u015fkan\u0131 Donald Trump, Ukrayna sava\u015f\u0131n\u0131 sona erdirmek i\u00e7in Steve Witkoff ve Jared Kushner\u2019\u0131 Moskova ve Kiev\u2019e g\u00f6nderiyor.\" \/>\n<meta property=\"og:url\" content=\"https:\/\/epochtimestr.com\/index.php\/trumptan-ukrayna-savasini-icin-baris-onerisi\" \/>\n<meta property=\"og:site_name\" content=\"The Epoch Times TR\" \/>\n<meta property=\"article:publisher\" content=\"https:\/\/www.facebook.com\/theepochtimestr\" \/>\n<meta property=\"article:published_time\" content=\"2026-09-05T12:56:31+00:00\" \/>\n<meta property=\"article:modified_time\" content=\"2026-09-05T12:56:33+00:00\" \/>\n<meta property=\"og:image\" content=\"https:\/\/epochtimestr.com\/wp-content\/uploads\/2011y\/1000055271.webp\" \/>\n\t<meta property=\"og:image:width\" content=\"1200\" \/>\n\t<meta property=\"og:image:height\" content=\"800\" \/>\n\t<meta property=\"og:image:type\" content=\"image\/webp\" \/>\n<meta name=\"author\" content=\"Leo Bajelan\" \/>\n<meta name=\"twitter:card\" content=\"summary_large_image\" \/>\n<meta name=\"twitter:creator\" content=\"@TheEpochTimesTR\" \/>\n<meta name=\"twitter:site\" content=\"@TheEpochTimesTR\" \/>\n<meta name=\"twitter:label1\" content=\"Yazan:\" \/>\n\t<meta name=\"twitter:data1\" content=\"Leo Bajelan\" \/>\n\t<meta name=\"twitter:label2\" content=\"Tahmini okuma s\u00fcresi\" \/>\n\t<meta name=\"twitter:data2\" content=\"3 dakika\" \/>\n<script type=\"application\/ld+json\" class=\"yoast-schema-graph\">{\"@context\":\"https:\/\/schema.org\",\"@graph\":[{\"@type\":\"Article\",\"@id\":\"https:\/\/epochtimestr.com\/index.php\/trumptan-ukrayna-savasini-icin-baris-onerisi#article\",\"isPartOf\":{\"@id\":\"https:\/\/epochtimestr.com\/index.php\/trumptan-ukrayna-savasini-icin-baris-onerisi\"},\"author\":{\"name\":\"Leo Bajelan\",\"@id\":\"https:\/\/epochtimestr.com\/#\/schema\/person\/5fef218711d76d8f232b0e1f1d7e4c0d\"},\"headline\":\"Trump&#8217;tan Ukrayna Sava\u015f\u0131n\u0131 \u0130\u00e7in Bar\u0131\u015f \u00d6nerisi\",\"datePublished\":\"2026-09-05T12:56:31+00:00\",\"dateModified\":\"2026-09-05T12:56:33+00:00\",\"mainEntityOfPage\":{\"@id\":\"https:\/\/epochtimestr.com\/index.php\/trumptan-ukrayna-savasini-icin-baris-onerisi\"},\"wordCount\":455,\"commentCount\":0,\"publisher\":{\"@id\":\"https:\/\/epochtimestr.com\/#organization\"},\"image\":{\"@id\":\"https:\/\/epochtimestr.com\/index.php\/trumptan-ukrayna-savasini-icin-baris-onerisi#primaryimage\"},\"thumbnailUrl\":\"https:\/\/epochtimestr.com\/wp-content\/uploads\/2011y\/1000055271.webp\",\"keywords\":[\"Bar\u0131\u015f Plan\u0131\",\"Jared Kushner\",\"Putin\",\"Rusya Ukrayna Sava\u015f\u0131\",\"Steve fiethkoff\",\"Trump\",\"Vladimir Zelenskiy\",\"Zelenski\"],\"articleSection\":[\"D\u00dcNYA\",\"G\u00dcNDEM\",\"MAN\u015eET\"],\"inLanguage\":\"tr\",\"potentialAction\":[{\"@type\":\"CommentAction\",\"name\":\"Comment\",\"target\":[\"https:\/\/epochtimestr.com\/index.php\/trumptan-ukrayna-savasini-icin-baris-onerisi#respond\"]}]},{\"@type\":\"WebPage\",\"@id\":\"https:\/\/epochtimestr.com\/index.php\/trumptan-ukrayna-savasini-icin-baris-onerisi\",\"url\":\"https:\/\/epochtimestr.com\/index.php\/trumptan-ukrayna-savasini-icin-baris-onerisi\",\"name\":\"Trump'tan Ukrayna Sava\u015f\u0131n\u0131 \u0130\u00e7in Bar\u0131\u015f \u00d6nerisi - The Epoch Times TR\",\"isPartOf\":{\"@id\":\"https:\/\/epochtimestr.com\/#website\"},\"primaryImageOfPage\":{\"@id\":\"https:\/\/epochtimestr.com\/index.php\/trumptan-ukrayna-savasini-icin-baris-onerisi#primaryimage\"},\"image\":{\"@id\":\"https:\/\/epochtimestr.com\/index.php\/trumptan-ukrayna-savasini-icin-baris-onerisi#primaryimage\"},\"thumbnailUrl\":\"https:\/\/epochtimestr.com\/wp-content\/uploads\/2011y\/1000055271.webp\",\"datePublished\":\"2026-09-05T12:56:31+00:00\",\"dateModified\":\"2026-09-05T12:56:33+00:00\",\"description\":\"ABD Ba\u015fkan\u0131 Donald Trump, Ukrayna sava\u015f\u0131n\u0131 sona erdirmek i\u00e7in Steve Witkoff ve Jared Kushner\u2019\u0131 Moskova ve Kiev\u2019e g\u00f6nderiyor.\",\"inLanguage\":\"tr\",\"potentialAction\":[{\"@type\":\"ReadAction\",\"target\":[\"https:\/\/epochtimestr.com\/index.php\/trumptan-ukrayna-savasini-icin-baris-onerisi\"]}]},{\"@type\":\"ImageObject\",\"inLanguage\":\"tr\",\"@id\":\"https:\/\/epochtimestr.com\/index.php\/trumptan-ukrayna-savasini-icin-baris-onerisi#primaryimage\",\"url\":\"https:\/\/epochtimestr.com\/wp-content\/uploads\/2011y\/1000055271.webp\",\"contentUrl\":\"https:\/\/epochtimestr.com\/wp-content\/uploads\/2011y\/1000055271.webp\",\"width\":1200,\"height\":800},{\"@type\":\"WebSite\",\"@id\":\"https:\/\/epochtimestr.com\/#website\",\"url\":\"https:\/\/epochtimestr.com\/\",\"name\":\"The Epoch Times TR\",\"description\":\"De\u011fi\u015fen D\u00fcnyam\u0131za Taze Bir Bak\u0131\u015f\",\"publisher\":{\"@id\":\"https:\/\/epochtimestr.com\/#organization\"},\"potentialAction\":[{\"@type\":\"SearchAction\",\"target\":{\"@type\":\"EntryPoint\",\"urlTemplate\":\"https:\/\/epochtimestr.com\/?s={search_term_string}\"},\"query-input\":\"required name=search_term_string\"}],\"inLanguage\":\"tr\"},{\"@type\":\"Organization\",\"@id\":\"https:\/\/epochtimestr.com\/#organization\",\"name\":\"The EpochTimes T\u00fcrkiye\",\"url\":\"https:\/\/epochtimestr.com\/\",\"logo\":{\"@type\":\"ImageObject\",\"inLanguage\":\"tr\",\"@id\":\"https:\/\/epochtimestr.com\/#\/schema\/logo\/image\/\",\"url\":\"https:\/\/epochtimestr.com\/wp-content\/uploads\/2011y\/ET-Logo-YG.jpg\",\"contentUrl\":\"https:\/\/epochtimestr.com\/wp-content\/uploads\/2011y\/ET-Logo-YG.jpg\",\"width\":346,\"height\":29,\"caption\":\"The EpochTimes T\u00fcrkiye\"},\"image\":{\"@id\":\"https:\/\/epochtimestr.com\/#\/schema\/logo\/image\/\"},\"sameAs\":[\"https:\/\/www.facebook.com\/theepochtimestr\",\"https:\/\/x.com\/TheEpochTimesTR\",\"https:\/\/www.instagram.com\/epochtimestr\"]},{\"@type\":\"Person\",\"@id\":\"https:\/\/epochtimestr.com\/#\/schema\/person\/5fef218711d76d8f232b0e1f1d7e4c0d\",\"name\":\"Leo Bajelan\",\"image\":{\"@type\":\"ImageObject\",\"inLanguage\":\"tr\",\"@id\":\"https:\/\/epochtimestr.com\/#\/schema\/person\/image\/\",\"url\":\"https:\/\/secure.gravatar.com\/avatar\/917669146f489549e548a2e9af272df5?s=96&d=mm&r=g\",\"contentUrl\":\"https:\/\/secure.gravatar.com\/avatar\/917669146f489549e548a2e9af272df5?s=96&d=mm&r=g\",\"caption\":\"Leo Bajelan\"},\"url\":\"https:\/\/epochtimestr.com\/index.php\/author\/leo\"}]}<\/script>\n<!-- \/ Yoast SEO plugin. -->","yoast_head_json":{"title":"Trump'tan Ukrayna Sava\u015f\u0131n\u0131 \u0130\u00e7in Bar\u0131\u015f \u00d6nerisi - The Epoch Times TR","description":"ABD Ba\u015fkan\u0131 Donald Trump, Ukrayna sava\u015f\u0131n\u0131 sona erdirmek i\u00e7in Steve Witkoff ve Jared Kushner\u2019\u0131 Moskova ve Kiev\u2019e g\u00f6nderiyor.","robots":{"index":"index","follow":"follow","max-snippet":"max-snippet:-1","max-image-preview":"max-image-preview:large","max-video-preview":"max-video-preview:-1"},"canonical":"https:\/\/epochtimestr.com\/index.php\/trumptan-ukrayna-savasini-icin-baris-onerisi","og_locale":"tr_TR","og_type":"article","og_title":"Trump'tan Ukrayna Sava\u015f\u0131n\u0131 \u0130\u00e7in Bar\u0131\u015f \u00d6nerisi - The Epoch Times TR","og_description":"ABD Ba\u015fkan\u0131 Donald Trump, Ukrayna sava\u015f\u0131n\u0131 sona erdirmek i\u00e7in Steve Witkoff ve Jared Kushner\u2019\u0131 Moskova ve Kiev\u2019e g\u00f6nderiyor.","og_url":"https:\/\/epochtimestr.com\/index.php\/trumptan-ukrayna-savasini-icin-baris-onerisi","og_site_name":"The Epoch Times TR","article_publisher":"https:\/\/www.facebook.com\/theepochtimestr","article_published_time":"2026-09-05T12:56:31+00:00","article_modified_time":"2026-09-05T12:56:33+00:00","og_image":[{"width":1200,"height":800,"url":"https:\/\/epochtimestr.com\/wp-content\/uploads\/2011y\/1000055271.webp","type":"image\/webp"}],"author":"Leo Bajelan","twitter_card":"summary_large_image","twitter_creator":"@TheEpochTimesTR","twitter_site":"@TheEpochTimesTR","twitter_misc":{"Yazan:":"Leo Bajelan","Tahmini okuma s\u00fcresi":"3 dakika"},"schema":{"@context":"https:\/\/schema.org","@graph":[{"@type":"Article","@id":"https:\/\/epochtimestr.com\/index.php\/trumptan-ukrayna-savasini-icin-baris-onerisi#article","isPartOf":{"@id":"https:\/\/epochtimestr.com\/index.php\/trumptan-ukrayna-savasini-icin-baris-onerisi"},"author":{"name":"Leo Bajelan","@id":"https:\/\/epochtimestr.com\/#\/schema\/person\/5fef218711d76d8f232b0e1f1d7e4c0d"},"headline":"Trump&#8217;tan Ukrayna Sava\u015f\u0131n\u0131 \u0130\u00e7in Bar\u0131\u015f \u00d6nerisi","datePublished":"2026-09-05T12:56:31+00:00","dateModified":"2026-09-05T12:56:33+00:00","mainEntityOfPage":{"@id":"https:\/\/epochtimestr.com\/index.php\/trumptan-ukrayna-savasini-icin-baris-onerisi"},"wordCount":455,"commentCount":0,"publisher":{"@id":"https:\/\/epochtimestr.com\/#organization"},"image":{"@id":"https:\/\/epochtimestr.com\/index.php\/trumptan-ukrayna-savasini-icin-baris-onerisi#primaryimage"},"thumbnailUrl":"https:\/\/epochtimestr.com\/wp-content\/uploads\/2011y\/1000055271.webp","keywords":["Bar\u0131\u015f Plan\u0131","Jared Kushner","Putin","Rusya Ukrayna Sava\u015f\u0131","Steve fiethkoff","Trump","Vladimir Zelenskiy","Zelenski"],"articleSection":["D\u00dcNYA","G\u00dcNDEM","MAN\u015eET"],"inLanguage":"tr","potentialAction":[{"@type":"CommentAction","name":"Comment","target":["https:\/\/epochtimestr.com\/index.php\/trumptan-ukrayna-savasini-icin-baris-onerisi#respond"]}]},{"@type":"WebPage","@id":"https:\/\/epochtimestr.com\/index.php\/trumptan-ukrayna-savasini-icin-baris-onerisi","url":"https:\/\/epochtimestr.com\/index.php\/trumptan-ukrayna-savasini-icin-baris-onerisi","name":"Trump'tan Ukrayna Sava\u015f\u0131n\u0131 \u0130\u00e7in Bar\u0131\u015f \u00d6nerisi - The Epoch Times TR","isPartOf":{"@id":"https:\/\/epochtimestr.com\/#website"},"primaryImageOfPage":{"@id":"https:\/\/epochtimestr.com\/index.php\/trumptan-ukrayna-savasini-icin-baris-onerisi#primaryimage"},"image":{"@id":"https:\/\/epochtimestr.com\/index.php\/trumptan-ukrayna-savasini-icin-baris-onerisi#primaryimage"},"thumbnailUrl":"https:\/\/epochtimestr.com\/wp-content\/uploads\/2011y\/1000055271.webp","datePublished":"2026-09-05T12:56:31+00:00","dateModified":"2026-09-05T12:56:33+00:00","description":"ABD Ba\u015fkan\u0131 Donald Trump, Ukrayna sava\u015f\u0131n\u0131 sona erdirmek i\u00e7in Steve Witkoff ve Jared Kushner\u2019\u0131 Moskova ve Kiev\u2019e g\u00f6nderiyor.","inLanguage":"tr","potentialAction":[{"@type":"ReadAction","target":["https:\/\/epochtimestr.com\/index.php\/trumptan-ukrayna-savasini-icin-baris-onerisi"]}]},{"@type":"ImageObject","inLanguage":"tr","@id":"https:\/\/epochtimestr.com\/index.php\/trumptan-ukrayna-savasini-icin-baris-onerisi#primaryimage","url":"https:\/\/epochtimestr.com\/wp-content\/uploads\/2011y\/1000055271.webp","contentUrl":"https:\/\/epochtimestr.com\/wp-content\/uploads\/2011y\/1000055271.webp","width":1200,"height":800},{"@type":"WebSite","@id":"https:\/\/epochtimestr.com\/#website","url":"https:\/\/epochtimestr.com\/","name":"The Epoch Times TR","description":"De\u011fi\u015fen D\u00fcnyam\u0131za Taze Bir Bak\u0131\u015f","publisher":{"@id":"https:\/\/epochtimestr.com\/#organization"},"potentialAction":[{"@type":"SearchAction","target":{"@type":"EntryPoint","urlTemplate":"https:\/\/epochtimestr.com\/?s={search_term_string}"},"query-input":"required name=search_term_string"}],"inLanguage":"tr"},{"@type":"Organization","@id":"https:\/\/epochtimestr.com\/#organization","name":"The EpochTimes T\u00fcrkiye","url":"https:\/\/epochtimestr.com\/","logo":{"@type":"ImageObject","inLanguage":"tr","@id":"https:\/\/epochtimestr.com\/#\/schema\/logo\/image\/","url":"https:\/\/epochtimestr.com\/wp-content\/uploads\/2011y\/ET-Logo-YG.jpg","contentUrl":"https:\/\/epochtimestr.com\/wp-content\/uploads\/2011y\/ET-Logo-YG.jpg","width":346,"height":29,"caption":"The EpochTimes T\u00fcrkiye"},"image":{"@id":"https:\/\/epochtimestr.com\/#\/schema\/logo\/image\/"},"sameAs":["https:\/\/www.facebook.com\/theepochtimestr","https:\/\/x.com\/TheEpochTimesTR","https:\/\/www.instagram.com\/epochtimestr"]},{"@type":"Person","@id":"https:\/\/epochtimestr.com\/#\/schema\/person\/5fef218711d76d8f232b0e1f1d7e4c0d","name":"Leo Bajelan","image":{"@type":"ImageObject","inLanguage":"tr","@id":"https:\/\/epochtimestr.com\/#\/schema\/person\/image\/","url":"https:\/\/secure.gravatar.com\/avatar\/917669146f489549e548a2e9af272df5?s=96&d=mm&r=g","contentUrl":"https:\/\/secure.gravatar.com\/avatar\/917669146f489549e548a2e9af272df5?s=96&d=mm&r=g","caption":"Leo Bajelan"},"url":"https:\/\/epochtimestr.com\/index.php\/author\/leo"}]}},"_links":{"self":[{"href":"https:\/\/epochtimestr.com\/index.php\/wp-json\/wp\/v2\/posts\/171563"}],"collection":[{"href":"https:\/\/epochtimestr.com\/index.php\/wp-json\/wp\/v2\/posts"}],"about":[{"href":"https:\/\/epochtimestr.com\/index.php\/wp-json\/wp\/v2\/types\/post"}],"author":[{"embeddable":true,"href":"https:\/\/epochtimestr.com\/index.php\/wp-json\/wp\/v2\/users\/13996"}],"replies":[{"embeddable":true,"href":"https:\/\/epochtimestr.com\/index.php\/wp-json\/wp\/v2\/comments?post=171563"}],"version-history":[{"count":2,"href":"https:\/\/epochtimestr.com\/index.php\/wp-json\/wp\/v2\/posts\/171563\/revisions"}],"predecessor-version":[{"id":171567,"href":"https:\/\/epochtimestr.com\/index.php\/wp-json\/wp\/v2\/posts\/171563\/revisions\/171567"}],"wp:featuredmedia":[{"embeddable":true,"href":"https:\/\/epochtimestr.com\/index.php\/wp-json\/wp\/v2\/media\/171564"}],"wp:attachment":[{"href":"https:\/\/epochtimestr.com\/index.php\/wp-json\/wp\/v2\/media?parent=171563"}],"wp:term":[{"taxonomy":"category","embeddable":true,"href":"https:\/\/epochtimestr.com\/index.php\/wp-json\/wp\/v2\/categories?post=171563"},{"taxonomy":"post_tag","embeddable":true,"href":"https:\/\/epochtimestr.com\/index.php\/wp-json\/wp\/v2\/tags?post=171563"}],"curies":[{"name":"wp","href":"https:\/\/api.w.org\/{rel}","templated":true}]}}