{"id":171568,"date":"2026-09-05T22:21:49","date_gmt":"2026-09-05T19:21:49","guid":{"rendered":"https:\/\/epochtimestr.com\/?p=171568"},"modified":"2026-09-05T22:21:50","modified_gmt":"2026-09-05T19:21:50","slug":"oyuncu-serhat-mustafa-kilic-hayatini-kaybetti","status":"publish","type":"post","link":"https:\/\/epochtimestr.com\/index.php\/oyuncu-serhat-mustafa-kilic-hayatini-kaybetti","title":{"rendered":"Oyuncu Serhat Mustafa K\u0131l\u0131\u00e7 Hayat\u0131n\u0131 Kaybetti"},"content":{"rendered":"<div class=\"wp-block-image\">\n<figure class=\"aligncenter size-full\"><img loading=\"lazy\" decoding=\"async\" width=\"1280\" height=\"720\" src=\"https:\/\/epochtimestr.com\/wp-content\/uploads\/2011y\/serhat-kilic.webp\" alt=\"Oyuncu Serhat Mustafa K\u0131l\u0131\u00e7 hayat\u0131n\u0131 kaybetti. (Foto\u011fraf: youtube)\" class=\"wp-image-171569\" srcset=\"https:\/\/epochtimestr.com\/wp-content\/uploads\/2011y\/serhat-kilic.webp 1280w, https:\/\/epochtimestr.com\/wp-content\/uploads\/2011y\/serhat-kilic-300x169.webp 300w, https:\/\/epochtimestr.com\/wp-content\/uploads\/2011y\/serhat-kilic-150x84.webp 150w, https:\/\/epochtimestr.com\/wp-content\/uploads\/2011y\/serhat-kilic-768x432.webp 768w\" sizes=\"(max-width: 1280px) 100vw, 1280px\" \/><figcaption class=\"wp-element-caption\">Oyuncu Serhat Mustafa K\u0131l\u0131\u00e7 hayat\u0131n\u0131 kaybetti. (Foto\u011fraf: youtube)<\/figcaption><\/figure><\/div>\n\n\n<h2 class=\"wp-block-heading\">Sevilen oyuncu Serhat Mustafa K\u0131l\u0131\u00e7, kendisinden haber alamayan k\u0131z arkada\u015f\u0131 taraf\u0131ndan evinde \u00f6l\u00fc bulundu.<\/h2>\n\n\n\n<p>\u00dcnl\u00fc oyuncu Serhat Mustafa K\u0131l\u0131\u00e7 \u0130stanbul Ka\u011f\u0131thane\u2019deki evinde \u00f6l\u00fc bulundu. Kendisinden birka\u00e7 g\u00fcnd\u00fcr haber al\u0131namayan K\u0131l\u0131\u00e7&#8217;\u0131n k\u0131z arkada\u015f\u0131n\u0131n eve gelmesi \u00fczerine K\u0131l\u0131\u00e7&#8217;\u0131 koltukta hareketsiz halde buldu\u011fu bildirildi.<\/p>\n\n\n\n<p>\u0130hbar \u00fczerine olay yerine ekipler sevk edildi. Yap\u0131lan ilk incelemelere g\u00f6re K\u0131l\u0131\u00e7&#8217;\u0131n v\u00fccudunda kesici, delici aletten kaynakl\u0131 yara izine veya darp kaynakl\u0131 a\u00e7\u0131k yaraya rastlanmad\u0131. Olay yeri inceleme ekiplerinin evdeki \u00e7al\u0131\u015fmalar\u0131 s\u00fcr\u00fcyor.<\/p>\n\n\n\n<p>Polisin bilgisine ba\u015fvurdu\u011fu \u00d6zlem E., erkek arkada\u015f\u0131 K\u0131l\u0131\u00e7\u2019\u0131n lenf kanseri oldu\u011funu, per\u015fembe g\u00fcn\u00fcnden bu yana kendisinden haber alamad\u0131\u011f\u0131n\u0131 s\u00f6yledi. Polis ekipleri, K\u0131l\u0131\u00e7\u2019\u0131n \u00f6l\u00fcm\u00fcyle ilgili soru\u015fturma ba\u015flatt\u0131.<\/p>\n\n\n<div class=\"wp-block-image\">\n<figure class=\"aligncenter size-large\"><img loading=\"lazy\" decoding=\"async\" width=\"960\" height=\"1200\" src=\"https:\/\/epochtimestr.com\/wp-content\/uploads\/2011y\/kilic-960x1200.webp\" alt=\"\" class=\"wp-image-171570\" srcset=\"https:\/\/epochtimestr.com\/wp-content\/uploads\/2011y\/kilic-960x1200.webp 960w, https:\/\/epochtimestr.com\/wp-content\/uploads\/2011y\/kilic-240x300.webp 240w, https:\/\/epochtimestr.com\/wp-content\/uploads\/2011y\/kilic-120x150.webp 120w, https:\/\/epochtimestr.com\/wp-content\/uploads\/2011y\/kilic-768x960.webp 768w, https:\/\/epochtimestr.com\/wp-content\/uploads\/2011y\/kilic-1229x1536.webp 1229w, https:\/\/epochtimestr.com\/wp-content\/uploads\/2011y\/kilic.webp 1280w\" sizes=\"(max-width: 960px) 100vw, 960px\" \/><figcaption class=\"wp-element-caption\">                                                                                    Serhat K\u0131l\u0131\u00e7 Seksenler dizisi (Foto\u011fraf:youtube)<\/figcaption><\/figure><\/div>\n\n\n<h3 class=\"wp-block-heading\">Serhat K\u0131l\u0131\u00e7 Kimdir?<\/h3>\n\n\n\n<p>8 Temmuz 1975 tarihinde Ankara&#8217;da do\u011fdu. Aslen Malatya&#8217;l\u0131d\u0131r. 1994&#8217;te Bilkent \u00dcniversitesi M\u00fczik ve Sahne Sanatlar\u0131 Fak\u00fcltesi <a href=\"https:\/\/epochtimestr.com\/index.php\/dunya-tiyatrolar-gunu-kutlu-olsun\" target=\"_blank\" rel=\"noreferrer noopener\">Tiyatro<\/a> B\u00f6l\u00fcm\u00fcn\u00fc burslu olarak kazand\u0131. 1998 y\u0131l\u0131nda y\u00fcksek \u015feref \u00f6\u011frencisi olarak bu okuldan mezun oldu.<\/p>\n\n\n\n<p>\u0130lk profesyonel oyunu Ankara Sanat Tiyatrosu&#8217;nda Rutkay Aziz rejisiyle 1998 Ariel Doffman&#8217;\u0131n Kay\u0131plar (Dullar) adl\u0131 oyunudur. 1999 &#8211; 2000 sezonunda Diyarbak\u0131r Devlet Tiyatrosu&#8217;nda \u00e7al\u0131\u015ft\u0131. Ayn\u0131 y\u0131llarda, Diyarbak\u0131r \u015eehir Tiyatrolar\u0131&#8217;nda sahne ve oyunculuk dersleri verdi ve bu kurumda Bar\u0131\u015f Adas\u0131 adl\u0131 oyunu y\u00f6netti. 2002 y\u0131l\u0131nda mecburi hizmetini tamamlamak \u00fczere Erzurum Devlet Tiyatrosu&#8217;na oyuncu olarak atand\u0131. 2005 y\u0131l\u0131nda Hacettepe \u00dcniversitesi Ankara Devlet Konservatuvar\u0131&#8217;nda Reji \u00fczerine y\u00fcksek lisans e\u011fitimini tamamlay\u0131p Atat\u00fcrk \u00dcniversitesi G\u00fczel Sanatlar Fak\u00fcltesi Tiyatro B\u00f6l\u00fcm\u00fcnde \u00f6\u011fretim g\u00f6revlisi olarak ders vermeye ba\u015flad\u0131.<\/p>\n\n\n\n<p>2008 y\u0131l\u0131nda Devlet Tiyatrolar\u0131&#8217;ndaki g\u00f6revinden istifa ederek \u00e7al\u0131\u015fmalar\u0131na \u0130stanbul&#8217;da devam etmeye ba\u015flad\u0131. \u0130stanbul&#8217;da \u00e7al\u0131\u015ft\u0131\u011f\u0131 tiyatrolar aras\u0131nda Tiyatro Dot, BKM gibi tiyatrolar yer almaktad\u0131r. 2009 &#8211; 2010 sezonunda \u201c\u0130ntihar\u0131n Genel Provas\u0131\u201d adl\u0131 oyun ile \u0130stanbul \u015eehir Tiyatrolar\u0131&#8217;na kat\u0131ld\u0131. \u201c\u0130ntihar\u0131n Genel Provas\u0131\u201d adl\u0131 oyun 3 sezon \u0130stanbul \u015eehir Tiyatrosu&#8217;nda kapal\u0131 gi\u015fe olarak sahnelendi. Serhat K\u0131l\u0131\u00e7, d\u00f6rt farkl\u0131 karakteri canland\u0131rd\u0131\u011f\u0131 bu oyundaki performans\u0131 ile 14. Afife Tiyatro \u00d6d\u00fclleri kapsam\u0131nda, Y\u0131l\u0131n En Ba\u015far\u0131l\u0131 M\u00fczikal ve Komedi Erkek Oyuncusu dal\u0131nda adayl\u0131\u011fa lay\u0131k g\u00f6r\u00fcld\u00fc.<\/p>\n\n\n\n<p>2012 y\u0131l\u0131nda Cats&amp;Dogs (Soho \u0130stanbul) adl\u0131 bir prod\u00fcksiyon \u015firketi kurdu. 2014 y\u0131l\u0131nda Cannes Film Festivali Alt\u0131n Palmiye \u00d6d\u00fcl\u00fc&#8217;n\u00fc kazanan, y\u00f6netmenli\u011fini Nuri Bilge Ceylan&#8217;\u0131n yapt\u0131\u011f\u0131 K\u0131\u015f Uykusu filminde \u0130mam Hamdi karakterini canland\u0131rd\u0131. Bu filmdeki performans\u0131 ile 47. S\u0130YAD \u00d6d\u00fclleri, En \u0130yi Yard\u0131mc\u0131 Erkek Oyuncu Performans\u0131 dal\u0131nda adayl\u0131\u011fa lay\u0131k g\u00f6r\u00fcld\u00fc.<\/p>\n\n\n\n<p>Oyuncu, 2014 y\u0131l\u0131 Kas\u0131m ay\u0131nda, oyunculuk, yazarl\u0131k, dans ve \u015fan e\u011fitimi veren Serhat K\u0131l\u0131\u00e7 Okul&#8217;u kurmu\u015ftur. 2014 y\u0131l\u0131nda kurdu\u011fu tiyatro at\u00f6lyesi olan Serhat K\u0131l\u0131\u00e7 Okul&#8217;u hizmete a\u00e7m\u0131\u015ft\u0131r. <\/p>\n","protected":false},"excerpt":{"rendered":"<p>Sevilen oyuncu Serhat Mustafa K\u0131l\u0131\u00e7, kendisinden haber alamayan k\u0131z arkada\u015f\u0131 taraf\u0131ndan evinde \u00f6l\u00fc bulundu. \u00dcnl\u00fc oyuncu Serhat Mustafa K\u0131l\u0131\u00e7 \u0130stanbul Ka\u011f\u0131thane\u2019deki evinde \u00f6l\u00fc bulundu. Kendisinden birka\u00e7 g\u00fcnd\u00fcr haber al\u0131namayan K\u0131l\u0131\u00e7&#8217;\u0131n k\u0131z arkada\u015f\u0131n\u0131n eve gelmesi \u00fczerine K\u0131l\u0131\u00e7&#8217;\u0131 koltukta hareketsiz halde buldu\u011fu bildirildi. \u0130hbar \u00fczerine olay yerine ekipler sevk edildi. Yap\u0131lan ilk incelemelere g\u00f6re K\u0131l\u0131\u00e7&#8217;\u0131n v\u00fccudunda kesici, [&hellip;]<\/p>\n","protected":false},"author":12791,"featured_media":171569,"comment_status":"open","ping_status":"open","sticky":false,"template":"","format":"standard","meta":{"_yoast_wpseo_focuskw":"Serhat - K\u0131l\u0131\u00e7","_yoast_wpseo_title":"","_yoast_wpseo_metadesc":"Sevilen oyuncu Serhat Mustafa K\u0131l\u0131\u00e7, kendisinden haber alamayan k\u0131z arkada\u015f\u0131 taraf\u0131ndan evinde \u00f6l\u00fc bulundu.","_bbp_topic_count":0,"_bbp_reply_count":0,"_bbp_total_topic_count":0,"_bbp_total_reply_count":0,"_bbp_voice_count":0,"_bbp_anonymous_reply_count":0,"_bbp_topic_count_hidden":0,"_bbp_reply_count_hidden":0,"_bbp_forum_subforum_count":0,"footnotes":"","_yoast_wpseo_focuskw_text_input":""},"categories":[8204,1,8138,6915,8419],"tags":[12652],"yoast_head":"<!-- This site is optimized with the Yoast SEO plugin v23.0 - https:\/\/yoast.com\/wordpress\/plugins\/seo\/ -->\n<title>Oyuncu Serhat Mustafa K\u0131l\u0131\u00e7 Hayat\u0131n\u0131 Kaybetti - The Epoch Times TR<\/title>\n<meta name=\"description\" content=\"Sevilen oyuncu Serhat Mustafa K\u0131l\u0131\u00e7, kendisinden haber alamayan k\u0131z arkada\u015f\u0131 taraf\u0131ndan evinde \u00f6l\u00fc bulundu.\" \/>\n<meta name=\"robots\" content=\"index, follow, max-snippet:-1, max-image-preview:large, max-video-preview:-1\" \/>\n<link rel=\"canonical\" href=\"https:\/\/epochtimestr.com\/index.php\/oyuncu-serhat-mustafa-kilic-hayatini-kaybetti\" \/>\n<meta property=\"og:locale\" content=\"tr_TR\" \/>\n<meta property=\"og:type\" content=\"article\" \/>\n<meta property=\"og:title\" content=\"Oyuncu Serhat Mustafa K\u0131l\u0131\u00e7 Hayat\u0131n\u0131 Kaybetti - The Epoch Times TR\" \/>\n<meta property=\"og:description\" content=\"Sevilen oyuncu Serhat Mustafa K\u0131l\u0131\u00e7, kendisinden haber alamayan k\u0131z arkada\u015f\u0131 taraf\u0131ndan evinde \u00f6l\u00fc bulundu.\" \/>\n<meta property=\"og:url\" content=\"https:\/\/epochtimestr.com\/index.php\/oyuncu-serhat-mustafa-kilic-hayatini-kaybetti\" \/>\n<meta property=\"og:site_name\" content=\"The Epoch Times TR\" \/>\n<meta property=\"article:publisher\" content=\"https:\/\/www.facebook.com\/theepochtimestr\" \/>\n<meta property=\"article:published_time\" content=\"2026-09-05T19:21:49+00:00\" \/>\n<meta property=\"article:modified_time\" content=\"2026-09-05T19:21:50+00:00\" \/>\n<meta property=\"og:image\" content=\"https:\/\/epochtimestr.com\/wp-content\/uploads\/2011y\/serhat-kilic.webp\" \/>\n\t<meta property=\"og:image:width\" content=\"1280\" \/>\n\t<meta property=\"og:image:height\" content=\"720\" \/>\n\t<meta property=\"og:image:type\" content=\"image\/webp\" \/>\n<meta name=\"author\" content=\"Haber Merkezi\" \/>\n<meta name=\"twitter:card\" content=\"summary_large_image\" \/>\n<meta name=\"twitter:creator\" content=\"@TheEpochTimesTR\" \/>\n<meta name=\"twitter:site\" content=\"@TheEpochTimesTR\" \/>\n<meta name=\"twitter:label1\" content=\"Yazan:\" \/>\n\t<meta name=\"twitter:data1\" content=\"Haber Merkezi\" \/>\n\t<meta name=\"twitter:label2\" content=\"Tahmini okuma s\u00fcresi\" \/>\n\t<meta name=\"twitter:data2\" content=\"3 dakika\" \/>\n<script type=\"application\/ld+json\" class=\"yoast-schema-graph\">{\"@context\":\"https:\/\/schema.org\",\"@graph\":[{\"@type\":\"Article\",\"@id\":\"https:\/\/epochtimestr.com\/index.php\/oyuncu-serhat-mustafa-kilic-hayatini-kaybetti#article\",\"isPartOf\":{\"@id\":\"https:\/\/epochtimestr.com\/index.php\/oyuncu-serhat-mustafa-kilic-hayatini-kaybetti\"},\"author\":{\"name\":\"Haber Merkezi\",\"@id\":\"https:\/\/epochtimestr.com\/#\/schema\/person\/3dc5c3adeb9f43923c5aa85889172fdd\"},\"headline\":\"Oyuncu Serhat Mustafa K\u0131l\u0131\u00e7 Hayat\u0131n\u0131 Kaybetti\",\"datePublished\":\"2026-09-05T19:21:49+00:00\",\"dateModified\":\"2026-09-05T19:21:50+00:00\",\"mainEntityOfPage\":{\"@id\":\"https:\/\/epochtimestr.com\/index.php\/oyuncu-serhat-mustafa-kilic-hayatini-kaybetti\"},\"wordCount\":522,\"commentCount\":0,\"publisher\":{\"@id\":\"https:\/\/epochtimestr.com\/#organization\"},\"image\":{\"@id\":\"https:\/\/epochtimestr.com\/index.php\/oyuncu-serhat-mustafa-kilic-hayatini-kaybetti#primaryimage\"},\"thumbnailUrl\":\"https:\/\/epochtimestr.com\/wp-content\/uploads\/2011y\/serhat-kilic.webp\",\"keywords\":[\"Serhat Mustafa K\u0131l\u0131\u00e7\"],\"articleSection\":[\"Film &amp; TV\",\"G\u00dcNDEM\",\"MAN\u015eET\",\"Sahne Sanatlar\u0131\",\"Ya\u015fam\"],\"inLanguage\":\"tr\",\"potentialAction\":[{\"@type\":\"CommentAction\",\"name\":\"Comment\",\"target\":[\"https:\/\/epochtimestr.com\/index.php\/oyuncu-serhat-mustafa-kilic-hayatini-kaybetti#respond\"]}]},{\"@type\":\"WebPage\",\"@id\":\"https:\/\/epochtimestr.com\/index.php\/oyuncu-serhat-mustafa-kilic-hayatini-kaybetti\",\"url\":\"https:\/\/epochtimestr.com\/index.php\/oyuncu-serhat-mustafa-kilic-hayatini-kaybetti\",\"name\":\"Oyuncu Serhat Mustafa K\u0131l\u0131\u00e7 Hayat\u0131n\u0131 Kaybetti - The Epoch Times TR\",\"isPartOf\":{\"@id\":\"https:\/\/epochtimestr.com\/#website\"},\"primaryImageOfPage\":{\"@id\":\"https:\/\/epochtimestr.com\/index.php\/oyuncu-serhat-mustafa-kilic-hayatini-kaybetti#primaryimage\"},\"image\":{\"@id\":\"https:\/\/epochtimestr.com\/index.php\/oyuncu-serhat-mustafa-kilic-hayatini-kaybetti#primaryimage\"},\"thumbnailUrl\":\"https:\/\/epochtimestr.com\/wp-content\/uploads\/2011y\/serhat-kilic.webp\",\"datePublished\":\"2026-09-05T19:21:49+00:00\",\"dateModified\":\"2026-09-05T19:21:50+00:00\",\"description\":\"Sevilen oyuncu Serhat Mustafa K\u0131l\u0131\u00e7, kendisinden haber alamayan k\u0131z arkada\u015f\u0131 taraf\u0131ndan evinde \u00f6l\u00fc bulundu.\",\"inLanguage\":\"tr\",\"potentialAction\":[{\"@type\":\"ReadAction\",\"target\":[\"https:\/\/epochtimestr.com\/index.php\/oyuncu-serhat-mustafa-kilic-hayatini-kaybetti\"]}]},{\"@type\":\"ImageObject\",\"inLanguage\":\"tr\",\"@id\":\"https:\/\/epochtimestr.com\/index.php\/oyuncu-serhat-mustafa-kilic-hayatini-kaybetti#primaryimage\",\"url\":\"https:\/\/epochtimestr.com\/wp-content\/uploads\/2011y\/serhat-kilic.webp\",\"contentUrl\":\"https:\/\/epochtimestr.com\/wp-content\/uploads\/2011y\/serhat-kilic.webp\",\"width\":1280,\"height\":720},{\"@type\":\"WebSite\",\"@id\":\"https:\/\/epochtimestr.com\/#website\",\"url\":\"https:\/\/epochtimestr.com\/\",\"name\":\"The Epoch Times TR\",\"description\":\"De\u011fi\u015fen D\u00fcnyam\u0131za Taze Bir Bak\u0131\u015f\",\"publisher\":{\"@id\":\"https:\/\/epochtimestr.com\/#organization\"},\"potentialAction\":[{\"@type\":\"SearchAction\",\"target\":{\"@type\":\"EntryPoint\",\"urlTemplate\":\"https:\/\/epochtimestr.com\/?s={search_term_string}\"},\"query-input\":\"required name=search_term_string\"}],\"inLanguage\":\"tr\"},{\"@type\":\"Organization\",\"@id\":\"https:\/\/epochtimestr.com\/#organization\",\"name\":\"The EpochTimes T\u00fcrkiye\",\"url\":\"https:\/\/epochtimestr.com\/\",\"logo\":{\"@type\":\"ImageObject\",\"inLanguage\":\"tr\",\"@id\":\"https:\/\/epochtimestr.com\/#\/schema\/logo\/image\/\",\"url\":\"https:\/\/epochtimestr.com\/wp-content\/uploads\/2011y\/ET-Logo-YG.jpg\",\"contentUrl\":\"https:\/\/epochtimestr.com\/wp-content\/uploads\/2011y\/ET-Logo-YG.jpg\",\"width\":346,\"height\":29,\"caption\":\"The EpochTimes T\u00fcrkiye\"},\"image\":{\"@id\":\"https:\/\/epochtimestr.com\/#\/schema\/logo\/image\/\"},\"sameAs\":[\"https:\/\/www.facebook.com\/theepochtimestr\",\"https:\/\/x.com\/TheEpochTimesTR\",\"https:\/\/www.instagram.com\/epochtimestr\"]},{\"@type\":\"Person\",\"@id\":\"https:\/\/epochtimestr.com\/#\/schema\/person\/3dc5c3adeb9f43923c5aa85889172fdd\",\"name\":\"Haber Merkezi\",\"image\":{\"@type\":\"ImageObject\",\"inLanguage\":\"tr\",\"@id\":\"https:\/\/epochtimestr.com\/#\/schema\/person\/image\/\",\"url\":\"https:\/\/secure.gravatar.com\/avatar\/d73f772ba5a74f28601361e17c2f93e6?s=96&d=mm&r=g\",\"contentUrl\":\"https:\/\/secure.gravatar.com\/avatar\/d73f772ba5a74f28601361e17c2f93e6?s=96&d=mm&r=g\",\"caption\":\"Haber Merkezi\"},\"url\":\"https:\/\/epochtimestr.com\/index.php\/author\/sendag\"}]}<\/script>\n<!-- \/ Yoast SEO plugin. -->","yoast_head_json":{"title":"Oyuncu Serhat Mustafa K\u0131l\u0131\u00e7 Hayat\u0131n\u0131 Kaybetti - The Epoch Times TR","description":"Sevilen oyuncu Serhat Mustafa K\u0131l\u0131\u00e7, kendisinden haber alamayan k\u0131z arkada\u015f\u0131 taraf\u0131ndan evinde \u00f6l\u00fc bulundu.","robots":{"index":"index","follow":"follow","max-snippet":"max-snippet:-1","max-image-preview":"max-image-preview:large","max-video-preview":"max-video-preview:-1"},"canonical":"https:\/\/epochtimestr.com\/index.php\/oyuncu-serhat-mustafa-kilic-hayatini-kaybetti","og_locale":"tr_TR","og_type":"article","og_title":"Oyuncu Serhat Mustafa K\u0131l\u0131\u00e7 Hayat\u0131n\u0131 Kaybetti - The Epoch Times TR","og_description":"Sevilen oyuncu Serhat Mustafa K\u0131l\u0131\u00e7, kendisinden haber alamayan k\u0131z arkada\u015f\u0131 taraf\u0131ndan evinde \u00f6l\u00fc bulundu.","og_url":"https:\/\/epochtimestr.com\/index.php\/oyuncu-serhat-mustafa-kilic-hayatini-kaybetti","og_site_name":"The Epoch Times TR","article_publisher":"https:\/\/www.facebook.com\/theepochtimestr","article_published_time":"2026-09-05T19:21:49+00:00","article_modified_time":"2026-09-05T19:21:50+00:00","og_image":[{"width":1280,"height":720,"url":"https:\/\/epochtimestr.com\/wp-content\/uploads\/2011y\/serhat-kilic.webp","type":"image\/webp"}],"author":"Haber Merkezi","twitter_card":"summary_large_image","twitter_creator":"@TheEpochTimesTR","twitter_site":"@TheEpochTimesTR","twitter_misc":{"Yazan:":"Haber Merkezi","Tahmini okuma s\u00fcresi":"3 dakika"},"schema":{"@context":"https:\/\/schema.org","@graph":[{"@type":"Article","@id":"https:\/\/epochtimestr.com\/index.php\/oyuncu-serhat-mustafa-kilic-hayatini-kaybetti#article","isPartOf":{"@id":"https:\/\/epochtimestr.com\/index.php\/oyuncu-serhat-mustafa-kilic-hayatini-kaybetti"},"author":{"name":"Haber Merkezi","@id":"https:\/\/epochtimestr.com\/#\/schema\/person\/3dc5c3adeb9f43923c5aa85889172fdd"},"headline":"Oyuncu Serhat Mustafa K\u0131l\u0131\u00e7 Hayat\u0131n\u0131 Kaybetti","datePublished":"2026-09-05T19:21:49+00:00","dateModified":"2026-09-05T19:21:50+00:00","mainEntityOfPage":{"@id":"https:\/\/epochtimestr.com\/index.php\/oyuncu-serhat-mustafa-kilic-hayatini-kaybetti"},"wordCount":522,"commentCount":0,"publisher":{"@id":"https:\/\/epochtimestr.com\/#organization"},"image":{"@id":"https:\/\/epochtimestr.com\/index.php\/oyuncu-serhat-mustafa-kilic-hayatini-kaybetti#primaryimage"},"thumbnailUrl":"https:\/\/epochtimestr.com\/wp-content\/uploads\/2011y\/serhat-kilic.webp","keywords":["Serhat Mustafa K\u0131l\u0131\u00e7"],"articleSection":["Film &amp; TV","G\u00dcNDEM","MAN\u015eET","Sahne Sanatlar\u0131","Ya\u015fam"],"inLanguage":"tr","potentialAction":[{"@type":"CommentAction","name":"Comment","target":["https:\/\/epochtimestr.com\/index.php\/oyuncu-serhat-mustafa-kilic-hayatini-kaybetti#respond"]}]},{"@type":"WebPage","@id":"https:\/\/epochtimestr.com\/index.php\/oyuncu-serhat-mustafa-kilic-hayatini-kaybetti","url":"https:\/\/epochtimestr.com\/index.php\/oyuncu-serhat-mustafa-kilic-hayatini-kaybetti","name":"Oyuncu Serhat Mustafa K\u0131l\u0131\u00e7 Hayat\u0131n\u0131 Kaybetti - The Epoch Times TR","isPartOf":{"@id":"https:\/\/epochtimestr.com\/#website"},"primaryImageOfPage":{"@id":"https:\/\/epochtimestr.com\/index.php\/oyuncu-serhat-mustafa-kilic-hayatini-kaybetti#primaryimage"},"image":{"@id":"https:\/\/epochtimestr.com\/index.php\/oyuncu-serhat-mustafa-kilic-hayatini-kaybetti#primaryimage"},"thumbnailUrl":"https:\/\/epochtimestr.com\/wp-content\/uploads\/2011y\/serhat-kilic.webp","datePublished":"2026-09-05T19:21:49+00:00","dateModified":"2026-09-05T19:21:50+00:00","description":"Sevilen oyuncu Serhat Mustafa K\u0131l\u0131\u00e7, kendisinden haber alamayan k\u0131z arkada\u015f\u0131 taraf\u0131ndan evinde \u00f6l\u00fc bulundu.","inLanguage":"tr","potentialAction":[{"@type":"ReadAction","target":["https:\/\/epochtimestr.com\/index.php\/oyuncu-serhat-mustafa-kilic-hayatini-kaybetti"]}]},{"@type":"ImageObject","inLanguage":"tr","@id":"https:\/\/epochtimestr.com\/index.php\/oyuncu-serhat-mustafa-kilic-hayatini-kaybetti#primaryimage","url":"https:\/\/epochtimestr.com\/wp-content\/uploads\/2011y\/serhat-kilic.webp","contentUrl":"https:\/\/epochtimestr.com\/wp-content\/uploads\/2011y\/serhat-kilic.webp","width":1280,"height":720},{"@type":"WebSite","@id":"https:\/\/epochtimestr.com\/#website","url":"https:\/\/epochtimestr.com\/","name":"The Epoch Times TR","description":"De\u011fi\u015fen D\u00fcnyam\u0131za Taze Bir Bak\u0131\u015f","publisher":{"@id":"https:\/\/epochtimestr.com\/#organization"},"potentialAction":[{"@type":"SearchAction","target":{"@type":"EntryPoint","urlTemplate":"https:\/\/epochtimestr.com\/?s={search_term_string}"},"query-input":"required name=search_term_string"}],"inLanguage":"tr"},{"@type":"Organization","@id":"https:\/\/epochtimestr.com\/#organization","name":"The EpochTimes T\u00fcrkiye","url":"https:\/\/epochtimestr.com\/","logo":{"@type":"ImageObject","inLanguage":"tr","@id":"https:\/\/epochtimestr.com\/#\/schema\/logo\/image\/","url":"https:\/\/epochtimestr.com\/wp-content\/uploads\/2011y\/ET-Logo-YG.jpg","contentUrl":"https:\/\/epochtimestr.com\/wp-content\/uploads\/2011y\/ET-Logo-YG.jpg","width":346,"height":29,"caption":"The EpochTimes T\u00fcrkiye"},"image":{"@id":"https:\/\/epochtimestr.com\/#\/schema\/logo\/image\/"},"sameAs":["https:\/\/www.facebook.com\/theepochtimestr","https:\/\/x.com\/TheEpochTimesTR","https:\/\/www.instagram.com\/epochtimestr"]},{"@type":"Person","@id":"https:\/\/epochtimestr.com\/#\/schema\/person\/3dc5c3adeb9f43923c5aa85889172fdd","name":"Haber Merkezi","image":{"@type":"ImageObject","inLanguage":"tr","@id":"https:\/\/epochtimestr.com\/#\/schema\/person\/image\/","url":"https:\/\/secure.gravatar.com\/avatar\/d73f772ba5a74f28601361e17c2f93e6?s=96&d=mm&r=g","contentUrl":"https:\/\/secure.gravatar.com\/avatar\/d73f772ba5a74f28601361e17c2f93e6?s=96&d=mm&r=g","caption":"Haber Merkezi"},"url":"https:\/\/epochtimestr.com\/index.php\/author\/sendag"}]}},"_links":{"self":[{"href":"https:\/\/epochtimestr.com\/index.php\/wp-json\/wp\/v2\/posts\/171568"}],"collection":[{"href":"https:\/\/epochtimestr.com\/index.php\/wp-json\/wp\/v2\/posts"}],"about":[{"href":"https:\/\/epochtimestr.com\/index.php\/wp-json\/wp\/v2\/types\/post"}],"author":[{"embeddable":true,"href":"https:\/\/epochtimestr.com\/index.php\/wp-json\/wp\/v2\/users\/12791"}],"replies":[{"embeddable":true,"href":"https:\/\/epochtimestr.com\/index.php\/wp-json\/wp\/v2\/comments?post=171568"}],"version-history":[{"count":2,"href":"https:\/\/epochtimestr.com\/index.php\/wp-json\/wp\/v2\/posts\/171568\/revisions"}],"predecessor-version":[{"id":171577,"href":"https:\/\/epochtimestr.com\/index.php\/wp-json\/wp\/v2\/posts\/171568\/revisions\/171577"}],"wp:featuredmedia":[{"embeddable":true,"href":"https:\/\/epochtimestr.com\/index.php\/wp-json\/wp\/v2\/media\/171569"}],"wp:attachment":[{"href":"https:\/\/epochtimestr.com\/index.php\/wp-json\/wp\/v2\/media?parent=171568"}],"wp:term":[{"taxonomy":"category","embeddable":true,"href":"https:\/\/epochtimestr.com\/index.php\/wp-json\/wp\/v2\/categories?post=171568"},{"taxonomy":"post_tag","embeddable":true,"href":"https:\/\/epochtimestr.com\/index.php\/wp-json\/wp\/v2\/tags?post=171568"}],"curies":[{"name":"wp","href":"https:\/\/api.w.org\/{rel}","templated":true}]}}