{"id":171578,"date":"2026-09-05T23:25:54","date_gmt":"2026-09-05T20:25:54","guid":{"rendered":"https:\/\/epochtimestr.com\/?p=171578"},"modified":"2026-09-05T23:25:56","modified_gmt":"2026-09-05T20:25:56","slug":"saadet-partisi-lideri-mahmut-arikan-secim-icin-tarih-verdi","status":"publish","type":"post","link":"https:\/\/epochtimestr.com\/index.php\/saadet-partisi-lideri-mahmut-arikan-secim-icin-tarih-verdi","title":{"rendered":"Saadet Partisi Lideri Mahmut Ar\u0131kan Se\u00e7im \u0130\u00e7in Tarih Verdi"},"content":{"rendered":"<div class=\"wp-block-image\">\n<figure class=\"aligncenter size-full\"><img loading=\"lazy\" decoding=\"async\" width=\"1280\" height=\"720\" src=\"https:\/\/epochtimestr.com\/wp-content\/uploads\/2011y\/saadet-partisi-2.jpg\" alt=\"Saadet Partisi lideri Mahmut Ar\u0131kan se\u00e7im i\u00e7in tarih verdi. (Foto\u011fraf: M. Ar\u0131kan x hesab\u0131)\" class=\"wp-image-171579\" srcset=\"https:\/\/epochtimestr.com\/wp-content\/uploads\/2011y\/saadet-partisi-2.jpg 1280w, https:\/\/epochtimestr.com\/wp-content\/uploads\/2011y\/saadet-partisi-2-300x169.jpg 300w, https:\/\/epochtimestr.com\/wp-content\/uploads\/2011y\/saadet-partisi-2-150x84.jpg 150w, https:\/\/epochtimestr.com\/wp-content\/uploads\/2011y\/saadet-partisi-2-768x432.jpg 768w\" sizes=\"(max-width: 1280px) 100vw, 1280px\" \/><figcaption class=\"wp-element-caption\">Saadet Partisi lideri Mahmut Ar\u0131kan se\u00e7im i\u00e7in tarih verdi. (Foto\u011fraf: M. Ar\u0131kan x hesab\u0131)<\/figcaption><\/figure><\/div>\n\n\n<h2 class=\"wp-block-heading\">Saadet Partisi lideri Mahmut Ar\u0131kan, se\u00e7imlerin 2027 y\u0131l\u0131 i\u00e7erisinde yap\u0131laca\u011f\u0131n\u0131 belirterek ittifaklar\u0131n da ka\u00e7\u0131n\u0131lmaz olaca\u011f\u0131n\u0131 s\u00f6yledi.<\/h2>\n\n\n\n<p><a href=\"https:\/\/epochtimestr.com\/index.php\/saadet-partisi-30-haziranda-kongre-karari-aldi\" target=\"_blank\" rel=\"noreferrer noopener\">Saadet<\/a> Partisi Genel Ba\u015fkan\u0131 Mahmut Ar\u0131kan, partisinin Nev\u015fehir\u2019in Kozakl\u0131 il\u00e7esinde d\u00fczenledi\u011fi <a href=\"https:\/\/epochtimestr.com\/index.php\/putinin-kuril-adalari-ziyareti-cin-rusya-ittifakinin-yeni-stratejisi\" target=\"_blank\" rel=\"noreferrer noopener\">Strateji <\/a>Kamp\u0131\u2019nda se\u00e7im g\u00fcndemine ili\u015fkin \u00f6nemli mesajlar verdi. T\u00fcrkiye\u2019nin yeni bir siyasi atmosferin arifesinde oldu\u011funu belirten Ar\u0131kan, se\u00e7im tarihine ili\u015fkin farkl\u0131 senaryolar\u0131n konu\u015fuldu\u011funu ifade ederek, se\u00e7imin 2027 y\u0131l\u0131 i\u00e7erisinde ger\u00e7ekle\u015fece\u011fini s\u00f6yledi. Se\u00e7im s\u00fcrecinde ittifaklar\u0131n \u00f6nemli bir ba\u015fl\u0131k olaca\u011f\u0131n\u0131 belirten Ar\u0131kan, Saadet Partisi\u2019nin kendi siyasi \u00e7izgisinden taviz vermeyece\u011fini s\u00f6yledi.<\/p>\n\n\n\n<p>Saadet Partisi\u2019nin 4-5-6 Eyl\u00fcl tarihlerini kapsayan b\u00fcy\u00fck isti\u015fare zirvesi, Genel Ba\u015fkan Mahmut Ar\u0131kan ba\u015fkanl\u0131\u011f\u0131nda Nev\u015fehir\u2019in Kozakl\u0131 il\u00e7esinde ger\u00e7ekle\u015ftiriliyor. Saadet Partisi\u2019nin en \u00fcst karar organlar\u0131, Ba\u015fkanl\u0131k Divan\u0131 \u00fcyeleri, Genel \u0130dare Kurulu (G\u0130K) \u00fcyeleri, milletvekilleri ve 81 ilin il ba\u015fkan\u0131 tam kadro kat\u0131l\u0131yor. \u00dc\u00e7 g\u00fcn boyunca s\u00fcrecek bas\u0131na kapal\u0131 oturumlarda; genel merkez y\u00f6netimi ile yerel te\u015fkilatlar\u0131n liderleri bir araya gelerek saha raporlar\u0131n\u0131, il il se\u00e7men analizlerini ve b\u00f6lgesel beklentileri de\u011ferlendiriyor.<\/p>\n\n\n\n<p>Ar\u0131kan, ittifaklar\u0131n partinin kendi prensiplerinin \u00f6n\u00fcne ge\u00e7irilmeyece\u011fini vurgulayarak \u015f\u00f6yle konu\u015ftu:<\/p>\n\n\n\n<h3 class=\"wp-block-heading\">&#8220;\u0130ttifaklar\u0131n se\u00e7im d\u00f6neminde \u015fekillenece\u011fine i\u015faret etti&#8221;<\/h3>\n\n\n\n<p>\u201c\u0130ttifak prensiplerimiz bizim de\u011fi\u015fmiyor. 1969&#8217;da Erbakan Hocam\u0131z yola \u00e7\u0131kt\u0131\u011f\u0131nda o g\u00fcn koalisyon diyorlard\u0131, bug\u00fcn ittifak diyorlar; o g\u00fcn hangi prensiplerle hareket ediliyorsa bug\u00fcn de ayn\u0131 prensiplerle hareket edece\u011fiz. \u0130ttifaklardan ka\u00e7may\u0131z ama ittifaklar\u0131n i\u00e7inde de kaybolmay\u0131z. Hi\u00e7bir siyasi merkezin uydusu haline bizler gelemeyiz. \u0130ttifak\u0131 kendi siyasi hikayemizin, kendi prensiplerimizin \u00f6n\u00fcne ge\u00e7irmeyiz.\u201d<br \/>Ar\u0131kan, \u201cSaadet kimin yan\u0131nda?\u201d sorusunun bug\u00fcn i\u00e7in do\u011fru soru olmad\u0131\u011f\u0131n\u0131 belirterek, \u201cSe\u00e7im zaman\u0131 ittifak arayan parti de\u011fil, se\u00e7imden \u00f6nce kendi siyasi g\u00fcc\u00fcn\u00fc in\u015fa eden bir parti olarak ittifaklara bak\u0131\u015f a\u00e7\u0131m\u0131z\u0131 ifade etmi\u015f olay\u0131m. \u2018Saadet kimin yan\u0131nda?\u2019 sorusunun cevab\u0131 bizde yok. \u2018Saadet\u2019in yan\u0131nda kim olacak?\u2019 sorusunun cevab\u0131n\u0131 da hep beraber bulaca\u011f\u0131z in\u015fallah\u201d ifadelerini kulland\u0131.<\/p>\n\n\n\n<p><strong>Ar\u0131kan Konu\u015fmas\u0131nda \u015funlar\u0131 s\u00f6yledi:<\/strong><\/p>\n\n\n\n<p>\u201cBir senaryo; efendim se\u00e7im Mart 2027&#8217;de olacak. Ba\u015fka bir senaryo; Kas\u0131m 2027&#8217;de olacak. Ortak noktas\u0131 ne arkada\u015flar? Se\u00e7im 2027 senesi i\u00e7erisinde ger\u00e7ekle\u015fecek. Bir y\u0131l sonra se\u00e7im var. Bir ba\u015fka senaryo; birileri diyor ki &#8216;Se\u00e7im kazanma oran\u0131 %50+1 olacak mevcut ittifaklar\u0131 korumak i\u00e7in.&#8217; Birileri diyor ki &#8216;Efendim bunu %40+1 yapal\u0131m, di\u011fer ittifaklar\u0131n \u00f6n\u00fcn\u00fc keselim&#8217; diyorlar. Buradaki ortak konu ne de\u011ferli arkada\u015flar? \u0130ttifaklar\u0131n da mecburi oldu\u011fu bir se\u00e7im d\u00f6nemi i\u00e7erisinde olaca\u011f\u0131z.<\/p>\n\n\n\n<p>T\u00fcrkiye yeni bir siyasi atmosferin arifesinde, erken se\u00e7imi ve bask\u0131n se\u00e7imi de \u00f6n\u00fcm\u00fczdeki d\u00f6nemde g\u00f6rme ihtimalimiz var. \u00d6yle g\u00f6r\u00fcn\u00fcyor ki \u00f6n\u00fcm\u00fczde hareketli ama belirsizliklerin de y\u00fcksek oldu\u011fu bir d\u00f6nem ya\u015fayaca\u011f\u0131z. Bu d\u00f6nemin i\u00e7erisinde farkl\u0131 imkanlar, bizim i\u00e7in \u00f6nemli imkanlar bar\u0131nd\u0131rd\u0131\u011f\u0131n\u0131 da g\u00f6rmek durumunday\u0131z. Bizim i\u00e7in de\u011fi\u015fmeyen bir ger\u00e7ek; ne olursa olsun, sistem ne olursa olsun biz \u00e7al\u0131\u015fmak zorunday\u0131z.&#8221;<\/p>\n\n\n\n<figure class=\"wp-block-embed is-type-rich is-provider-x wp-block-embed-x\"><div class=\"wp-block-embed__wrapper\">\n<blockquote class=\"twitter-tweet\" data-width=\"550\" data-dnt=\"true\"><p lang=\"tr\" dir=\"ltr\">Nev\u015fehir Kozakl\u0131\u2019da, te\u015fkilat\u0131m\u0131z\u0131n t\u00fcm yetkili organlar\u0131yla Strateji Kamp\u0131m\u0131zda bir araya geldik.<br><br>T\u00fcrkiye\u2019nin ve b\u00f6lgemizin i\u00e7inden ge\u00e7ti\u011fi kritik s\u00fcreci de\u011ferlendiriyor, \u00f6n\u00fcm\u00fczdeki d\u00f6nemin yol haritas\u0131n\u0131 ortak ak\u0131l ve isti\u015fareyle belirliyoruz.<br><br>Biz yaln\u0131zca bug\u00fcn\u00fcn sorunlar\u0131n\u0131\u2026 <a href=\"https:\/\/t.co\/tg6cYAoI50\">https:\/\/t.co\/tg6cYAoI50<\/a><\/p>&mdash; Mahmut Ar\u0131kan (@mahmutarikansp) <a href=\"https:\/\/x.com\/mahmutarikansp\/status\/2096176878147043530?ref_src=twsrc%5Etfw\">September 5, 2026<\/a><\/blockquote><script async src=\"https:\/\/platform.x.com\/widgets.js\" charset=\"utf-8\"><\/script>\n<\/div><\/figure>\n","protected":false},"excerpt":{"rendered":"<p>Saadet Partisi lideri Mahmut Ar\u0131kan, se\u00e7imlerin 2027 y\u0131l\u0131 i\u00e7erisinde yap\u0131laca\u011f\u0131n\u0131 belirterek ittifaklar\u0131n da ka\u00e7\u0131n\u0131lmaz olaca\u011f\u0131n\u0131 s\u00f6yledi. Saadet Partisi Genel Ba\u015fkan\u0131 Mahmut Ar\u0131kan, partisinin Nev\u015fehir\u2019in Kozakl\u0131 il\u00e7esinde d\u00fczenledi\u011fi Strateji Kamp\u0131\u2019nda se\u00e7im g\u00fcndemine ili\u015fkin \u00f6nemli mesajlar verdi. T\u00fcrkiye\u2019nin yeni bir siyasi atmosferin arifesinde oldu\u011funu belirten Ar\u0131kan, se\u00e7im tarihine ili\u015fkin farkl\u0131 senaryolar\u0131n konu\u015fuldu\u011funu ifade ederek, se\u00e7imin 2027 y\u0131l\u0131 [&hellip;]<\/p>\n","protected":false},"author":12791,"featured_media":171579,"comment_status":"open","ping_status":"open","sticky":false,"template":"","format":"standard","meta":{"_yoast_wpseo_focuskw":"Saadet Partisi - Mahmut Ar\u0131kan","_yoast_wpseo_title":"","_yoast_wpseo_metadesc":"Saadet Partisi lideri Mahmut Ar\u0131kan, se\u00e7imlerin 2027 y\u0131l\u0131 i\u00e7erisinde yap\u0131laca\u011f\u0131n\u0131 belirterek ittifaklar\u0131n da ka\u00e7\u0131n\u0131lmaz olaca\u011f\u0131n\u0131 s\u00f6yledi.","_bbp_topic_count":0,"_bbp_reply_count":0,"_bbp_total_topic_count":0,"_bbp_total_reply_count":0,"_bbp_voice_count":0,"_bbp_anonymous_reply_count":0,"_bbp_topic_count_hidden":0,"_bbp_reply_count_hidden":0,"_bbp_forum_subforum_count":0,"footnotes":"","_yoast_wpseo_focuskw_text_input":""},"categories":[1,8138,8226,37],"tags":[9043,12657,12658],"yoast_head":"<!-- This site is optimized with the Yoast SEO plugin v23.0 - https:\/\/yoast.com\/wordpress\/plugins\/seo\/ -->\n<title>Saadet Partisi Lideri Mahmut Ar\u0131kan Se\u00e7im \u0130\u00e7in Tarih Verdi - The Epoch Times TR<\/title>\n<meta name=\"description\" content=\"Saadet Partisi lideri Mahmut Ar\u0131kan, se\u00e7imlerin 2027 y\u0131l\u0131 i\u00e7erisinde yap\u0131laca\u011f\u0131n\u0131 belirterek ittifaklar\u0131n da ka\u00e7\u0131n\u0131lmaz olaca\u011f\u0131n\u0131 s\u00f6yledi.\" \/>\n<meta name=\"robots\" content=\"index, follow, max-snippet:-1, max-image-preview:large, max-video-preview:-1\" \/>\n<link rel=\"canonical\" href=\"https:\/\/epochtimestr.com\/index.php\/saadet-partisi-lideri-mahmut-arikan-secim-icin-tarih-verdi\" \/>\n<meta property=\"og:locale\" content=\"tr_TR\" \/>\n<meta property=\"og:type\" content=\"article\" \/>\n<meta property=\"og:title\" content=\"Saadet Partisi Lideri Mahmut Ar\u0131kan Se\u00e7im \u0130\u00e7in Tarih Verdi - The Epoch Times TR\" \/>\n<meta property=\"og:description\" content=\"Saadet Partisi lideri Mahmut Ar\u0131kan, se\u00e7imlerin 2027 y\u0131l\u0131 i\u00e7erisinde yap\u0131laca\u011f\u0131n\u0131 belirterek ittifaklar\u0131n da ka\u00e7\u0131n\u0131lmaz olaca\u011f\u0131n\u0131 s\u00f6yledi.\" \/>\n<meta property=\"og:url\" content=\"https:\/\/epochtimestr.com\/index.php\/saadet-partisi-lideri-mahmut-arikan-secim-icin-tarih-verdi\" \/>\n<meta property=\"og:site_name\" content=\"The Epoch Times TR\" \/>\n<meta property=\"article:publisher\" content=\"https:\/\/www.facebook.com\/theepochtimestr\" \/>\n<meta property=\"article:published_time\" content=\"2026-09-05T20:25:54+00:00\" \/>\n<meta property=\"article:modified_time\" content=\"2026-09-05T20:25:56+00:00\" \/>\n<meta property=\"og:image\" content=\"https:\/\/epochtimestr.com\/wp-content\/uploads\/2011y\/saadet-partisi-2.jpg\" \/>\n\t<meta property=\"og:image:width\" content=\"1280\" \/>\n\t<meta property=\"og:image:height\" content=\"720\" \/>\n\t<meta property=\"og:image:type\" content=\"image\/jpeg\" \/>\n<meta name=\"author\" content=\"Haber Merkezi\" \/>\n<meta name=\"twitter:card\" content=\"summary_large_image\" \/>\n<meta name=\"twitter:creator\" content=\"@TheEpochTimesTR\" \/>\n<meta name=\"twitter:site\" content=\"@TheEpochTimesTR\" \/>\n<meta name=\"twitter:label1\" content=\"Yazan:\" \/>\n\t<meta name=\"twitter:data1\" content=\"Haber Merkezi\" \/>\n\t<meta name=\"twitter:label2\" content=\"Tahmini okuma s\u00fcresi\" \/>\n\t<meta name=\"twitter:data2\" content=\"3 dakika\" \/>\n<script type=\"application\/ld+json\" class=\"yoast-schema-graph\">{\"@context\":\"https:\/\/schema.org\",\"@graph\":[{\"@type\":\"Article\",\"@id\":\"https:\/\/epochtimestr.com\/index.php\/saadet-partisi-lideri-mahmut-arikan-secim-icin-tarih-verdi#article\",\"isPartOf\":{\"@id\":\"https:\/\/epochtimestr.com\/index.php\/saadet-partisi-lideri-mahmut-arikan-secim-icin-tarih-verdi\"},\"author\":{\"name\":\"Haber Merkezi\",\"@id\":\"https:\/\/epochtimestr.com\/#\/schema\/person\/3dc5c3adeb9f43923c5aa85889172fdd\"},\"headline\":\"Saadet Partisi Lideri Mahmut Ar\u0131kan Se\u00e7im \u0130\u00e7in Tarih Verdi\",\"datePublished\":\"2026-09-05T20:25:54+00:00\",\"dateModified\":\"2026-09-05T20:25:56+00:00\",\"mainEntityOfPage\":{\"@id\":\"https:\/\/epochtimestr.com\/index.php\/saadet-partisi-lideri-mahmut-arikan-secim-icin-tarih-verdi\"},\"wordCount\":612,\"commentCount\":0,\"publisher\":{\"@id\":\"https:\/\/epochtimestr.com\/#organization\"},\"image\":{\"@id\":\"https:\/\/epochtimestr.com\/index.php\/saadet-partisi-lideri-mahmut-arikan-secim-icin-tarih-verdi#primaryimage\"},\"thumbnailUrl\":\"https:\/\/epochtimestr.com\/wp-content\/uploads\/2011y\/saadet-partisi-2.jpg\",\"keywords\":[\"mahmut ar\u0131kan\",\"Saadey Partisi\",\"Strateji kamp\u0131\"],\"articleSection\":[\"G\u00dcNDEM\",\"MAN\u015eET\",\"Siyaset\",\"T\u00dcRK\u0130YE\"],\"inLanguage\":\"tr\",\"potentialAction\":[{\"@type\":\"CommentAction\",\"name\":\"Comment\",\"target\":[\"https:\/\/epochtimestr.com\/index.php\/saadet-partisi-lideri-mahmut-arikan-secim-icin-tarih-verdi#respond\"]}]},{\"@type\":\"WebPage\",\"@id\":\"https:\/\/epochtimestr.com\/index.php\/saadet-partisi-lideri-mahmut-arikan-secim-icin-tarih-verdi\",\"url\":\"https:\/\/epochtimestr.com\/index.php\/saadet-partisi-lideri-mahmut-arikan-secim-icin-tarih-verdi\",\"name\":\"Saadet Partisi Lideri Mahmut Ar\u0131kan Se\u00e7im \u0130\u00e7in Tarih Verdi - The Epoch Times TR\",\"isPartOf\":{\"@id\":\"https:\/\/epochtimestr.com\/#website\"},\"primaryImageOfPage\":{\"@id\":\"https:\/\/epochtimestr.com\/index.php\/saadet-partisi-lideri-mahmut-arikan-secim-icin-tarih-verdi#primaryimage\"},\"image\":{\"@id\":\"https:\/\/epochtimestr.com\/index.php\/saadet-partisi-lideri-mahmut-arikan-secim-icin-tarih-verdi#primaryimage\"},\"thumbnailUrl\":\"https:\/\/epochtimestr.com\/wp-content\/uploads\/2011y\/saadet-partisi-2.jpg\",\"datePublished\":\"2026-09-05T20:25:54+00:00\",\"dateModified\":\"2026-09-05T20:25:56+00:00\",\"description\":\"Saadet Partisi lideri Mahmut Ar\u0131kan, se\u00e7imlerin 2027 y\u0131l\u0131 i\u00e7erisinde yap\u0131laca\u011f\u0131n\u0131 belirterek ittifaklar\u0131n da ka\u00e7\u0131n\u0131lmaz olaca\u011f\u0131n\u0131 s\u00f6yledi.\",\"inLanguage\":\"tr\",\"potentialAction\":[{\"@type\":\"ReadAction\",\"target\":[\"https:\/\/epochtimestr.com\/index.php\/saadet-partisi-lideri-mahmut-arikan-secim-icin-tarih-verdi\"]}]},{\"@type\":\"ImageObject\",\"inLanguage\":\"tr\",\"@id\":\"https:\/\/epochtimestr.com\/index.php\/saadet-partisi-lideri-mahmut-arikan-secim-icin-tarih-verdi#primaryimage\",\"url\":\"https:\/\/epochtimestr.com\/wp-content\/uploads\/2011y\/saadet-partisi-2.jpg\",\"contentUrl\":\"https:\/\/epochtimestr.com\/wp-content\/uploads\/2011y\/saadet-partisi-2.jpg\",\"width\":1280,\"height\":720},{\"@type\":\"WebSite\",\"@id\":\"https:\/\/epochtimestr.com\/#website\",\"url\":\"https:\/\/epochtimestr.com\/\",\"name\":\"The Epoch Times TR\",\"description\":\"De\u011fi\u015fen D\u00fcnyam\u0131za Taze Bir Bak\u0131\u015f\",\"publisher\":{\"@id\":\"https:\/\/epochtimestr.com\/#organization\"},\"potentialAction\":[{\"@type\":\"SearchAction\",\"target\":{\"@type\":\"EntryPoint\",\"urlTemplate\":\"https:\/\/epochtimestr.com\/?s={search_term_string}\"},\"query-input\":\"required name=search_term_string\"}],\"inLanguage\":\"tr\"},{\"@type\":\"Organization\",\"@id\":\"https:\/\/epochtimestr.com\/#organization\",\"name\":\"The EpochTimes T\u00fcrkiye\",\"url\":\"https:\/\/epochtimestr.com\/\",\"logo\":{\"@type\":\"ImageObject\",\"inLanguage\":\"tr\",\"@id\":\"https:\/\/epochtimestr.com\/#\/schema\/logo\/image\/\",\"url\":\"https:\/\/epochtimestr.com\/wp-content\/uploads\/2011y\/ET-Logo-YG.jpg\",\"contentUrl\":\"https:\/\/epochtimestr.com\/wp-content\/uploads\/2011y\/ET-Logo-YG.jpg\",\"width\":346,\"height\":29,\"caption\":\"The EpochTimes T\u00fcrkiye\"},\"image\":{\"@id\":\"https:\/\/epochtimestr.com\/#\/schema\/logo\/image\/\"},\"sameAs\":[\"https:\/\/www.facebook.com\/theepochtimestr\",\"https:\/\/x.com\/TheEpochTimesTR\",\"https:\/\/www.instagram.com\/epochtimestr\"]},{\"@type\":\"Person\",\"@id\":\"https:\/\/epochtimestr.com\/#\/schema\/person\/3dc5c3adeb9f43923c5aa85889172fdd\",\"name\":\"Haber Merkezi\",\"image\":{\"@type\":\"ImageObject\",\"inLanguage\":\"tr\",\"@id\":\"https:\/\/epochtimestr.com\/#\/schema\/person\/image\/\",\"url\":\"https:\/\/secure.gravatar.com\/avatar\/d73f772ba5a74f28601361e17c2f93e6?s=96&d=mm&r=g\",\"contentUrl\":\"https:\/\/secure.gravatar.com\/avatar\/d73f772ba5a74f28601361e17c2f93e6?s=96&d=mm&r=g\",\"caption\":\"Haber Merkezi\"},\"url\":\"https:\/\/epochtimestr.com\/index.php\/author\/sendag\"}]}<\/script>\n<!-- \/ Yoast SEO plugin. -->","yoast_head_json":{"title":"Saadet Partisi Lideri Mahmut Ar\u0131kan Se\u00e7im \u0130\u00e7in Tarih Verdi - The Epoch Times TR","description":"Saadet Partisi lideri Mahmut Ar\u0131kan, se\u00e7imlerin 2027 y\u0131l\u0131 i\u00e7erisinde yap\u0131laca\u011f\u0131n\u0131 belirterek ittifaklar\u0131n da ka\u00e7\u0131n\u0131lmaz olaca\u011f\u0131n\u0131 s\u00f6yledi.","robots":{"index":"index","follow":"follow","max-snippet":"max-snippet:-1","max-image-preview":"max-image-preview:large","max-video-preview":"max-video-preview:-1"},"canonical":"https:\/\/epochtimestr.com\/index.php\/saadet-partisi-lideri-mahmut-arikan-secim-icin-tarih-verdi","og_locale":"tr_TR","og_type":"article","og_title":"Saadet Partisi Lideri Mahmut Ar\u0131kan Se\u00e7im \u0130\u00e7in Tarih Verdi - The Epoch Times TR","og_description":"Saadet Partisi lideri Mahmut Ar\u0131kan, se\u00e7imlerin 2027 y\u0131l\u0131 i\u00e7erisinde yap\u0131laca\u011f\u0131n\u0131 belirterek ittifaklar\u0131n da ka\u00e7\u0131n\u0131lmaz olaca\u011f\u0131n\u0131 s\u00f6yledi.","og_url":"https:\/\/epochtimestr.com\/index.php\/saadet-partisi-lideri-mahmut-arikan-secim-icin-tarih-verdi","og_site_name":"The Epoch Times TR","article_publisher":"https:\/\/www.facebook.com\/theepochtimestr","article_published_time":"2026-09-05T20:25:54+00:00","article_modified_time":"2026-09-05T20:25:56+00:00","og_image":[{"width":1280,"height":720,"url":"https:\/\/epochtimestr.com\/wp-content\/uploads\/2011y\/saadet-partisi-2.jpg","type":"image\/jpeg"}],"author":"Haber Merkezi","twitter_card":"summary_large_image","twitter_creator":"@TheEpochTimesTR","twitter_site":"@TheEpochTimesTR","twitter_misc":{"Yazan:":"Haber Merkezi","Tahmini okuma s\u00fcresi":"3 dakika"},"schema":{"@context":"https:\/\/schema.org","@graph":[{"@type":"Article","@id":"https:\/\/epochtimestr.com\/index.php\/saadet-partisi-lideri-mahmut-arikan-secim-icin-tarih-verdi#article","isPartOf":{"@id":"https:\/\/epochtimestr.com\/index.php\/saadet-partisi-lideri-mahmut-arikan-secim-icin-tarih-verdi"},"author":{"name":"Haber Merkezi","@id":"https:\/\/epochtimestr.com\/#\/schema\/person\/3dc5c3adeb9f43923c5aa85889172fdd"},"headline":"Saadet Partisi Lideri Mahmut Ar\u0131kan Se\u00e7im \u0130\u00e7in Tarih Verdi","datePublished":"2026-09-05T20:25:54+00:00","dateModified":"2026-09-05T20:25:56+00:00","mainEntityOfPage":{"@id":"https:\/\/epochtimestr.com\/index.php\/saadet-partisi-lideri-mahmut-arikan-secim-icin-tarih-verdi"},"wordCount":612,"commentCount":0,"publisher":{"@id":"https:\/\/epochtimestr.com\/#organization"},"image":{"@id":"https:\/\/epochtimestr.com\/index.php\/saadet-partisi-lideri-mahmut-arikan-secim-icin-tarih-verdi#primaryimage"},"thumbnailUrl":"https:\/\/epochtimestr.com\/wp-content\/uploads\/2011y\/saadet-partisi-2.jpg","keywords":["mahmut ar\u0131kan","Saadey Partisi","Strateji kamp\u0131"],"articleSection":["G\u00dcNDEM","MAN\u015eET","Siyaset","T\u00dcRK\u0130YE"],"inLanguage":"tr","potentialAction":[{"@type":"CommentAction","name":"Comment","target":["https:\/\/epochtimestr.com\/index.php\/saadet-partisi-lideri-mahmut-arikan-secim-icin-tarih-verdi#respond"]}]},{"@type":"WebPage","@id":"https:\/\/epochtimestr.com\/index.php\/saadet-partisi-lideri-mahmut-arikan-secim-icin-tarih-verdi","url":"https:\/\/epochtimestr.com\/index.php\/saadet-partisi-lideri-mahmut-arikan-secim-icin-tarih-verdi","name":"Saadet Partisi Lideri Mahmut Ar\u0131kan Se\u00e7im \u0130\u00e7in Tarih Verdi - The Epoch Times TR","isPartOf":{"@id":"https:\/\/epochtimestr.com\/#website"},"primaryImageOfPage":{"@id":"https:\/\/epochtimestr.com\/index.php\/saadet-partisi-lideri-mahmut-arikan-secim-icin-tarih-verdi#primaryimage"},"image":{"@id":"https:\/\/epochtimestr.com\/index.php\/saadet-partisi-lideri-mahmut-arikan-secim-icin-tarih-verdi#primaryimage"},"thumbnailUrl":"https:\/\/epochtimestr.com\/wp-content\/uploads\/2011y\/saadet-partisi-2.jpg","datePublished":"2026-09-05T20:25:54+00:00","dateModified":"2026-09-05T20:25:56+00:00","description":"Saadet Partisi lideri Mahmut Ar\u0131kan, se\u00e7imlerin 2027 y\u0131l\u0131 i\u00e7erisinde yap\u0131laca\u011f\u0131n\u0131 belirterek ittifaklar\u0131n da ka\u00e7\u0131n\u0131lmaz olaca\u011f\u0131n\u0131 s\u00f6yledi.","inLanguage":"tr","potentialAction":[{"@type":"ReadAction","target":["https:\/\/epochtimestr.com\/index.php\/saadet-partisi-lideri-mahmut-arikan-secim-icin-tarih-verdi"]}]},{"@type":"ImageObject","inLanguage":"tr","@id":"https:\/\/epochtimestr.com\/index.php\/saadet-partisi-lideri-mahmut-arikan-secim-icin-tarih-verdi#primaryimage","url":"https:\/\/epochtimestr.com\/wp-content\/uploads\/2011y\/saadet-partisi-2.jpg","contentUrl":"https:\/\/epochtimestr.com\/wp-content\/uploads\/2011y\/saadet-partisi-2.jpg","width":1280,"height":720},{"@type":"WebSite","@id":"https:\/\/epochtimestr.com\/#website","url":"https:\/\/epochtimestr.com\/","name":"The Epoch Times TR","description":"De\u011fi\u015fen D\u00fcnyam\u0131za Taze Bir Bak\u0131\u015f","publisher":{"@id":"https:\/\/epochtimestr.com\/#organization"},"potentialAction":[{"@type":"SearchAction","target":{"@type":"EntryPoint","urlTemplate":"https:\/\/epochtimestr.com\/?s={search_term_string}"},"query-input":"required name=search_term_string"}],"inLanguage":"tr"},{"@type":"Organization","@id":"https:\/\/epochtimestr.com\/#organization","name":"The EpochTimes T\u00fcrkiye","url":"https:\/\/epochtimestr.com\/","logo":{"@type":"ImageObject","inLanguage":"tr","@id":"https:\/\/epochtimestr.com\/#\/schema\/logo\/image\/","url":"https:\/\/epochtimestr.com\/wp-content\/uploads\/2011y\/ET-Logo-YG.jpg","contentUrl":"https:\/\/epochtimestr.com\/wp-content\/uploads\/2011y\/ET-Logo-YG.jpg","width":346,"height":29,"caption":"The EpochTimes T\u00fcrkiye"},"image":{"@id":"https:\/\/epochtimestr.com\/#\/schema\/logo\/image\/"},"sameAs":["https:\/\/www.facebook.com\/theepochtimestr","https:\/\/x.com\/TheEpochTimesTR","https:\/\/www.instagram.com\/epochtimestr"]},{"@type":"Person","@id":"https:\/\/epochtimestr.com\/#\/schema\/person\/3dc5c3adeb9f43923c5aa85889172fdd","name":"Haber Merkezi","image":{"@type":"ImageObject","inLanguage":"tr","@id":"https:\/\/epochtimestr.com\/#\/schema\/person\/image\/","url":"https:\/\/secure.gravatar.com\/avatar\/d73f772ba5a74f28601361e17c2f93e6?s=96&d=mm&r=g","contentUrl":"https:\/\/secure.gravatar.com\/avatar\/d73f772ba5a74f28601361e17c2f93e6?s=96&d=mm&r=g","caption":"Haber Merkezi"},"url":"https:\/\/epochtimestr.com\/index.php\/author\/sendag"}]}},"_links":{"self":[{"href":"https:\/\/epochtimestr.com\/index.php\/wp-json\/wp\/v2\/posts\/171578"}],"collection":[{"href":"https:\/\/epochtimestr.com\/index.php\/wp-json\/wp\/v2\/posts"}],"about":[{"href":"https:\/\/epochtimestr.com\/index.php\/wp-json\/wp\/v2\/types\/post"}],"author":[{"embeddable":true,"href":"https:\/\/epochtimestr.com\/index.php\/wp-json\/wp\/v2\/users\/12791"}],"replies":[{"embeddable":true,"href":"https:\/\/epochtimestr.com\/index.php\/wp-json\/wp\/v2\/comments?post=171578"}],"version-history":[{"count":3,"href":"https:\/\/epochtimestr.com\/index.php\/wp-json\/wp\/v2\/posts\/171578\/revisions"}],"predecessor-version":[{"id":171593,"href":"https:\/\/epochtimestr.com\/index.php\/wp-json\/wp\/v2\/posts\/171578\/revisions\/171593"}],"wp:featuredmedia":[{"embeddable":true,"href":"https:\/\/epochtimestr.com\/index.php\/wp-json\/wp\/v2\/media\/171579"}],"wp:attachment":[{"href":"https:\/\/epochtimestr.com\/index.php\/wp-json\/wp\/v2\/media?parent=171578"}],"wp:term":[{"taxonomy":"category","embeddable":true,"href":"https:\/\/epochtimestr.com\/index.php\/wp-json\/wp\/v2\/categories?post=171578"},{"taxonomy":"post_tag","embeddable":true,"href":"https:\/\/epochtimestr.com\/index.php\/wp-json\/wp\/v2\/tags?post=171578"}],"curies":[{"name":"wp","href":"https:\/\/api.w.org\/{rel}","templated":true}]}}