{"id":171581,"date":"2026-09-05T23:20:37","date_gmt":"2026-09-05T20:20:37","guid":{"rendered":"https:\/\/epochtimestr.com\/?p=171581"},"modified":"2026-09-05T23:20:39","modified_gmt":"2026-09-05T20:20:39","slug":"agri-belediye-es-baskani-memet-akkus-hayatini-kaybetti","status":"publish","type":"post","link":"https:\/\/epochtimestr.com\/index.php\/agri-belediye-es-baskani-memet-akkus-hayatini-kaybetti","title":{"rendered":"A\u011fr\u0131 Belediye E\u015f Ba\u015fkan\u0131 Memet Akku\u015f Hayat\u0131n\u0131 Kaybetti"},"content":{"rendered":"<div class=\"wp-block-image\">\n<figure class=\"aligncenter size-large\"><img loading=\"lazy\" decoding=\"async\" width=\"1800\" height=\"1200\" src=\"https:\/\/epochtimestr.com\/wp-content\/uploads\/2011y\/agri-belediyesi-1-1800x1200.jpg\" alt=\"A\u011fr\u0131 Belediye E\u015f Ba\u015fkan\u0131 Mehmet Akku\u015f hayat\u0131n\u0131 kaybetti. (Foto\u011fraf: A\u011fr\u0131 Belediyesi websitesi)\" class=\"wp-image-171583\" srcset=\"https:\/\/epochtimestr.com\/wp-content\/uploads\/2011y\/agri-belediyesi-1-1800x1200.jpg 1800w, https:\/\/epochtimestr.com\/wp-content\/uploads\/2011y\/agri-belediyesi-1-300x200.jpg 300w, https:\/\/epochtimestr.com\/wp-content\/uploads\/2011y\/agri-belediyesi-1-150x100.jpg 150w, https:\/\/epochtimestr.com\/wp-content\/uploads\/2011y\/agri-belediyesi-1-768x512.jpg 768w, https:\/\/epochtimestr.com\/wp-content\/uploads\/2011y\/agri-belediyesi-1-1536x1024.jpg 1536w, https:\/\/epochtimestr.com\/wp-content\/uploads\/2011y\/agri-belediyesi-1-2048x1365.jpg 2048w\" sizes=\"(max-width: 1800px) 100vw, 1800px\" \/><figcaption class=\"wp-element-caption\">A\u011fr\u0131 Belediye E\u015f Ba\u015fkan\u0131 Mehmet Akku\u015f hayat\u0131n\u0131 kaybetti. (Foto\u011fraf: A\u011fr\u0131 Belediyesi websitesi)<\/figcaption><\/figure><\/div>\n\n\n<h2 class=\"wp-block-heading\">Bir s\u00fcredir kanser tedavisi g\u00f6ren DEM Parti A\u011fr\u0131 Belediye E\u015f Ba\u015fkan\u0131 Mehmet Akku\u015f&#8217;un hayat\u0131n\u0131 kaybetti\u011fi bildirildi.<\/h2>\n\n\n\n<p><a href=\"https:\/\/epochtimestr.com\/index.php\/dem-parti-imrali-heyeti-cumhurbaskani-erdoganla-gorustu\" target=\"_blank\" rel=\"noreferrer noopener\">DEM Parti<\/a> A\u011fr\u0131 Belediye E\u015f Ba\u015fkan\u0131 Mehmet Akku\u015f&#8217;un hayat\u0131n\u0131 kaybetti\u011fi bildirildi. Bir s\u00fcredir kanser tedavisi g\u00f6ren Akku\u015f&#8217;un <a href=\"https:\/\/epochtimestr.com\/index.php\/gogus-agrisiyla-hastaneye-kaldirilan-cem-yilmazin-son-durumu\" target=\"_blank\" rel=\"noreferrer noopener\">A\u011fr\u0131<\/a> E\u011fitim ve Ara\u015ft\u0131rma Hastanesi&#8217;nde yap\u0131lan t\u00fcm m\u00fcdahalelere ra\u011fmen kurtar\u0131lamad\u0131\u011f\u0131 \u00f6\u011frenildi.<\/p>\n\n\n\n<p>Akku\u015f&#8217;un cenazesi yar\u0131n \u00f6\u011fle namaz\u0131na m\u00fcteakiben kald\u0131r\u0131lacak ve kentte taziye evinin a\u00e7\u0131lacak.<\/p>\n\n\n\n<p><strong>DEM Parti E\u015f Genel Ba\u015fkanlar\u0131 sosyal medya hesab\u0131ndan T\u00fclay Hatimo\u011fullar\u0131 ve Tuncer Bak\u0131rhan yapt\u0131klar\u0131 a\u00e7\u0131klamada \u015funlar\u0131 s\u00f6yledi:<\/strong><\/p>\n\n\n\n<p>\u201cMehmet Akku\u015f, demokrasi ve \u00f6zg\u00fcrl\u00fck m\u00fccadelemizin emektarlar\u0131ndan biri olarak, halk\u0131na hizmet a\u015fk\u0131yla, A\u011fr\u0131\u2019n\u0131n ve A\u011fr\u0131l\u0131lar\u0131n meselelerine sahip \u00e7\u0131kan bir belediyecilik anlay\u0131\u015f\u0131yla g\u00f6rev yapt\u0131. Kayb\u0131m\u0131z yaln\u0131zca A\u011fr\u0131\u2019n\u0131n de\u011fil, birlikte m\u00fccadele etti\u011fimiz t\u00fcm yol arkada\u015flar\u0131m\u0131z\u0131n ve partimizin kayb\u0131d\u0131r. Kederli ailesine, yak\u0131nlar\u0131na, A\u011fr\u0131 halk\u0131na ve partimize ba\u015fsa\u011fl\u0131\u011f\u0131 diliyor; kendisini sayg\u0131 ve minnetle an\u0131yoruz. U\u011furlar olsun heval Mehmet\u2026\u201d<\/p>\n\n\n\n<p>DEM Parti\u2019nin sosyal medya hesab\u0131ndan yap\u0131lan a\u00e7\u0131klamada da \u201cA\u011fr\u0131 Belediye E\u015f Ba\u015fkan\u0131m\u0131z Mehmet Akku\u015f\u2019un hayat\u0131n\u0131 kaybetti\u011fini derin bir \u00fcz\u00fcnt\u00fcyle \u00f6\u011frendik. Kendisine rahmet, ailesine, sevenlerine ve halk\u0131m\u0131za ba\u015fsa\u011fl\u0131\u011f\u0131 diliyoruz\u201d denildi.<\/p>\n\n\n\n<figure class=\"wp-block-embed is-type-rich is-provider-x wp-block-embed-x\"><div class=\"wp-block-embed__wrapper\">\n<blockquote class=\"twitter-tweet\" data-width=\"550\" data-dnt=\"true\"><p lang=\"tr\" dir=\"ltr\">A\u011fr\u0131 Belediye E\u015f Ba\u015fkan\u0131m\u0131z Mehmet Akku\u015f\u2019un hayat\u0131n\u0131 kaybetti\u011fini derin bir \u00fcz\u00fcnt\u00fcyle \u00f6\u011frendik.<br><br>Kendisine rahmet; ailesine sevenlerine ve halk\u0131m\u0131za ba\u015fsa\u011fl\u0131\u011f\u0131 diliyoruz. <a href=\"https:\/\/t.co\/YvQyHFcK5p\">pic.twitter.com\/YvQyHFcK5p<\/a><\/p>&mdash; DEM Parti (@DEMGenelMerkezi) <a href=\"https:\/\/x.com\/DEMGenelMerkezi\/status\/2096305335308894577?ref_src=twsrc%5Etfw\">September 5, 2026<\/a><\/blockquote><script async src=\"https:\/\/platform.x.com\/widgets.js\" charset=\"utf-8\"><\/script>\n<\/div><\/figure>\n","protected":false},"excerpt":{"rendered":"<p>Bir s\u00fcredir kanser tedavisi g\u00f6ren DEM Parti A\u011fr\u0131 Belediye E\u015f Ba\u015fkan\u0131 Mehmet Akku\u015f&#8217;un hayat\u0131n\u0131 kaybetti\u011fi bildirildi. DEM Parti A\u011fr\u0131 Belediye E\u015f Ba\u015fkan\u0131 Mehmet Akku\u015f&#8217;un hayat\u0131n\u0131 kaybetti\u011fi bildirildi. Bir s\u00fcredir kanser tedavisi g\u00f6ren Akku\u015f&#8217;un A\u011fr\u0131 E\u011fitim ve Ara\u015ft\u0131rma Hastanesi&#8217;nde yap\u0131lan t\u00fcm m\u00fcdahalelere ra\u011fmen kurtar\u0131lamad\u0131\u011f\u0131 \u00f6\u011frenildi. Akku\u015f&#8217;un cenazesi yar\u0131n \u00f6\u011fle namaz\u0131na m\u00fcteakiben kald\u0131r\u0131lacak ve kentte taziye evinin [&hellip;]<\/p>\n","protected":false},"author":12791,"featured_media":171583,"comment_status":"open","ping_status":"open","sticky":false,"template":"","format":"standard","meta":{"_yoast_wpseo_focuskw":"A\u011fr\u0131 Belediye E\u015f Ba\u015fkan\u0131","_yoast_wpseo_title":"","_yoast_wpseo_metadesc":"Bir s\u00fcredir kanser tedavisi g\u00f6ren DEM Parti A\u011fr\u0131 Belediye E\u015f Ba\u015fkan\u0131 Mehmet Akku\u015f'un hayat\u0131n\u0131 kaybetti\u011fi bildirildi.","_bbp_topic_count":0,"_bbp_reply_count":0,"_bbp_total_topic_count":0,"_bbp_total_reply_count":0,"_bbp_voice_count":0,"_bbp_anonymous_reply_count":0,"_bbp_topic_count_hidden":0,"_bbp_reply_count_hidden":0,"_bbp_forum_subforum_count":0,"footnotes":"","_yoast_wpseo_focuskw_text_input":""},"categories":[1,8138,8226,8419],"tags":[12660,8561,12659],"yoast_head":"<!-- This site is optimized with the Yoast SEO plugin v23.0 - https:\/\/yoast.com\/wordpress\/plugins\/seo\/ -->\n<title>A\u011fr\u0131 Belediye E\u015f Ba\u015fkan\u0131 Memet Akku\u015f Hayat\u0131n\u0131 Kaybetti - The Epoch Times TR<\/title>\n<meta name=\"description\" content=\"Bir s\u00fcredir kanser tedavisi g\u00f6ren DEM Parti A\u011fr\u0131 Belediye E\u015f Ba\u015fkan\u0131 Mehmet Akku\u015f&#039;un hayat\u0131n\u0131 kaybetti\u011fi bildirildi.\" \/>\n<meta name=\"robots\" content=\"index, follow, max-snippet:-1, max-image-preview:large, max-video-preview:-1\" \/>\n<link rel=\"canonical\" href=\"https:\/\/epochtimestr.com\/index.php\/agri-belediye-es-baskani-memet-akkus-hayatini-kaybetti\" \/>\n<meta property=\"og:locale\" content=\"tr_TR\" \/>\n<meta property=\"og:type\" content=\"article\" \/>\n<meta property=\"og:title\" content=\"A\u011fr\u0131 Belediye E\u015f Ba\u015fkan\u0131 Memet Akku\u015f Hayat\u0131n\u0131 Kaybetti - The Epoch Times TR\" \/>\n<meta property=\"og:description\" content=\"Bir s\u00fcredir kanser tedavisi g\u00f6ren DEM Parti A\u011fr\u0131 Belediye E\u015f Ba\u015fkan\u0131 Mehmet Akku\u015f&#039;un hayat\u0131n\u0131 kaybetti\u011fi bildirildi.\" \/>\n<meta property=\"og:url\" content=\"https:\/\/epochtimestr.com\/index.php\/agri-belediye-es-baskani-memet-akkus-hayatini-kaybetti\" \/>\n<meta property=\"og:site_name\" content=\"The Epoch Times TR\" \/>\n<meta property=\"article:publisher\" content=\"https:\/\/www.facebook.com\/theepochtimestr\" \/>\n<meta property=\"article:published_time\" content=\"2026-09-05T20:20:37+00:00\" \/>\n<meta property=\"article:modified_time\" content=\"2026-09-05T20:20:39+00:00\" \/>\n<meta property=\"og:image\" content=\"https:\/\/epochtimestr.com\/wp-content\/uploads\/2011y\/agri-belediyesi-1-scaled.jpg\" \/>\n\t<meta property=\"og:image:width\" content=\"2560\" \/>\n\t<meta property=\"og:image:height\" content=\"1707\" \/>\n\t<meta property=\"og:image:type\" content=\"image\/jpeg\" \/>\n<meta name=\"author\" content=\"Haber Merkezi\" \/>\n<meta name=\"twitter:card\" content=\"summary_large_image\" \/>\n<meta name=\"twitter:creator\" content=\"@TheEpochTimesTR\" \/>\n<meta name=\"twitter:site\" content=\"@TheEpochTimesTR\" \/>\n<meta name=\"twitter:label1\" content=\"Yazan:\" \/>\n\t<meta name=\"twitter:data1\" content=\"Haber Merkezi\" \/>\n\t<meta name=\"twitter:label2\" content=\"Tahmini okuma s\u00fcresi\" \/>\n\t<meta name=\"twitter:data2\" content=\"2 dakika\" \/>\n<script type=\"application\/ld+json\" class=\"yoast-schema-graph\">{\"@context\":\"https:\/\/schema.org\",\"@graph\":[{\"@type\":\"Article\",\"@id\":\"https:\/\/epochtimestr.com\/index.php\/agri-belediye-es-baskani-memet-akkus-hayatini-kaybetti#article\",\"isPartOf\":{\"@id\":\"https:\/\/epochtimestr.com\/index.php\/agri-belediye-es-baskani-memet-akkus-hayatini-kaybetti\"},\"author\":{\"name\":\"Haber Merkezi\",\"@id\":\"https:\/\/epochtimestr.com\/#\/schema\/person\/3dc5c3adeb9f43923c5aa85889172fdd\"},\"headline\":\"A\u011fr\u0131 Belediye E\u015f Ba\u015fkan\u0131 Memet Akku\u015f Hayat\u0131n\u0131 Kaybetti\",\"datePublished\":\"2026-09-05T20:20:37+00:00\",\"dateModified\":\"2026-09-05T20:20:39+00:00\",\"mainEntityOfPage\":{\"@id\":\"https:\/\/epochtimestr.com\/index.php\/agri-belediye-es-baskani-memet-akkus-hayatini-kaybetti\"},\"wordCount\":285,\"commentCount\":0,\"publisher\":{\"@id\":\"https:\/\/epochtimestr.com\/#organization\"},\"image\":{\"@id\":\"https:\/\/epochtimestr.com\/index.php\/agri-belediye-es-baskani-memet-akkus-hayatini-kaybetti#primaryimage\"},\"thumbnailUrl\":\"https:\/\/epochtimestr.com\/wp-content\/uploads\/2011y\/agri-belediyesi-1-scaled.jpg\",\"keywords\":[\"A\u011fr\u0131 Belediyesi\",\"dem parti\",\"Mehmet Akku\u015f\"],\"articleSection\":[\"G\u00dcNDEM\",\"MAN\u015eET\",\"Siyaset\",\"Ya\u015fam\"],\"inLanguage\":\"tr\",\"potentialAction\":[{\"@type\":\"CommentAction\",\"name\":\"Comment\",\"target\":[\"https:\/\/epochtimestr.com\/index.php\/agri-belediye-es-baskani-memet-akkus-hayatini-kaybetti#respond\"]}]},{\"@type\":\"WebPage\",\"@id\":\"https:\/\/epochtimestr.com\/index.php\/agri-belediye-es-baskani-memet-akkus-hayatini-kaybetti\",\"url\":\"https:\/\/epochtimestr.com\/index.php\/agri-belediye-es-baskani-memet-akkus-hayatini-kaybetti\",\"name\":\"A\u011fr\u0131 Belediye E\u015f Ba\u015fkan\u0131 Memet Akku\u015f Hayat\u0131n\u0131 Kaybetti - The Epoch Times TR\",\"isPartOf\":{\"@id\":\"https:\/\/epochtimestr.com\/#website\"},\"primaryImageOfPage\":{\"@id\":\"https:\/\/epochtimestr.com\/index.php\/agri-belediye-es-baskani-memet-akkus-hayatini-kaybetti#primaryimage\"},\"image\":{\"@id\":\"https:\/\/epochtimestr.com\/index.php\/agri-belediye-es-baskani-memet-akkus-hayatini-kaybetti#primaryimage\"},\"thumbnailUrl\":\"https:\/\/epochtimestr.com\/wp-content\/uploads\/2011y\/agri-belediyesi-1-scaled.jpg\",\"datePublished\":\"2026-09-05T20:20:37+00:00\",\"dateModified\":\"2026-09-05T20:20:39+00:00\",\"description\":\"Bir s\u00fcredir kanser tedavisi g\u00f6ren DEM Parti A\u011fr\u0131 Belediye E\u015f Ba\u015fkan\u0131 Mehmet Akku\u015f'un hayat\u0131n\u0131 kaybetti\u011fi bildirildi.\",\"inLanguage\":\"tr\",\"potentialAction\":[{\"@type\":\"ReadAction\",\"target\":[\"https:\/\/epochtimestr.com\/index.php\/agri-belediye-es-baskani-memet-akkus-hayatini-kaybetti\"]}]},{\"@type\":\"ImageObject\",\"inLanguage\":\"tr\",\"@id\":\"https:\/\/epochtimestr.com\/index.php\/agri-belediye-es-baskani-memet-akkus-hayatini-kaybetti#primaryimage\",\"url\":\"https:\/\/epochtimestr.com\/wp-content\/uploads\/2011y\/agri-belediyesi-1-scaled.jpg\",\"contentUrl\":\"https:\/\/epochtimestr.com\/wp-content\/uploads\/2011y\/agri-belediyesi-1-scaled.jpg\",\"width\":2560,\"height\":1707},{\"@type\":\"WebSite\",\"@id\":\"https:\/\/epochtimestr.com\/#website\",\"url\":\"https:\/\/epochtimestr.com\/\",\"name\":\"The Epoch Times TR\",\"description\":\"De\u011fi\u015fen D\u00fcnyam\u0131za Taze Bir Bak\u0131\u015f\",\"publisher\":{\"@id\":\"https:\/\/epochtimestr.com\/#organization\"},\"potentialAction\":[{\"@type\":\"SearchAction\",\"target\":{\"@type\":\"EntryPoint\",\"urlTemplate\":\"https:\/\/epochtimestr.com\/?s={search_term_string}\"},\"query-input\":\"required name=search_term_string\"}],\"inLanguage\":\"tr\"},{\"@type\":\"Organization\",\"@id\":\"https:\/\/epochtimestr.com\/#organization\",\"name\":\"The EpochTimes T\u00fcrkiye\",\"url\":\"https:\/\/epochtimestr.com\/\",\"logo\":{\"@type\":\"ImageObject\",\"inLanguage\":\"tr\",\"@id\":\"https:\/\/epochtimestr.com\/#\/schema\/logo\/image\/\",\"url\":\"https:\/\/epochtimestr.com\/wp-content\/uploads\/2011y\/ET-Logo-YG.jpg\",\"contentUrl\":\"https:\/\/epochtimestr.com\/wp-content\/uploads\/2011y\/ET-Logo-YG.jpg\",\"width\":346,\"height\":29,\"caption\":\"The EpochTimes T\u00fcrkiye\"},\"image\":{\"@id\":\"https:\/\/epochtimestr.com\/#\/schema\/logo\/image\/\"},\"sameAs\":[\"https:\/\/www.facebook.com\/theepochtimestr\",\"https:\/\/x.com\/TheEpochTimesTR\",\"https:\/\/www.instagram.com\/epochtimestr\"]},{\"@type\":\"Person\",\"@id\":\"https:\/\/epochtimestr.com\/#\/schema\/person\/3dc5c3adeb9f43923c5aa85889172fdd\",\"name\":\"Haber Merkezi\",\"image\":{\"@type\":\"ImageObject\",\"inLanguage\":\"tr\",\"@id\":\"https:\/\/epochtimestr.com\/#\/schema\/person\/image\/\",\"url\":\"https:\/\/secure.gravatar.com\/avatar\/d73f772ba5a74f28601361e17c2f93e6?s=96&d=mm&r=g\",\"contentUrl\":\"https:\/\/secure.gravatar.com\/avatar\/d73f772ba5a74f28601361e17c2f93e6?s=96&d=mm&r=g\",\"caption\":\"Haber Merkezi\"},\"url\":\"https:\/\/epochtimestr.com\/index.php\/author\/sendag\"}]}<\/script>\n<!-- \/ Yoast SEO plugin. -->","yoast_head_json":{"title":"A\u011fr\u0131 Belediye E\u015f Ba\u015fkan\u0131 Memet Akku\u015f Hayat\u0131n\u0131 Kaybetti - The Epoch Times TR","description":"Bir s\u00fcredir kanser tedavisi g\u00f6ren DEM Parti A\u011fr\u0131 Belediye E\u015f Ba\u015fkan\u0131 Mehmet Akku\u015f'un hayat\u0131n\u0131 kaybetti\u011fi bildirildi.","robots":{"index":"index","follow":"follow","max-snippet":"max-snippet:-1","max-image-preview":"max-image-preview:large","max-video-preview":"max-video-preview:-1"},"canonical":"https:\/\/epochtimestr.com\/index.php\/agri-belediye-es-baskani-memet-akkus-hayatini-kaybetti","og_locale":"tr_TR","og_type":"article","og_title":"A\u011fr\u0131 Belediye E\u015f Ba\u015fkan\u0131 Memet Akku\u015f Hayat\u0131n\u0131 Kaybetti - The Epoch Times TR","og_description":"Bir s\u00fcredir kanser tedavisi g\u00f6ren DEM Parti A\u011fr\u0131 Belediye E\u015f Ba\u015fkan\u0131 Mehmet Akku\u015f'un hayat\u0131n\u0131 kaybetti\u011fi bildirildi.","og_url":"https:\/\/epochtimestr.com\/index.php\/agri-belediye-es-baskani-memet-akkus-hayatini-kaybetti","og_site_name":"The Epoch Times TR","article_publisher":"https:\/\/www.facebook.com\/theepochtimestr","article_published_time":"2026-09-05T20:20:37+00:00","article_modified_time":"2026-09-05T20:20:39+00:00","og_image":[{"width":2560,"height":1707,"url":"https:\/\/epochtimestr.com\/wp-content\/uploads\/2011y\/agri-belediyesi-1-scaled.jpg","type":"image\/jpeg"}],"author":"Haber Merkezi","twitter_card":"summary_large_image","twitter_creator":"@TheEpochTimesTR","twitter_site":"@TheEpochTimesTR","twitter_misc":{"Yazan:":"Haber Merkezi","Tahmini okuma s\u00fcresi":"2 dakika"},"schema":{"@context":"https:\/\/schema.org","@graph":[{"@type":"Article","@id":"https:\/\/epochtimestr.com\/index.php\/agri-belediye-es-baskani-memet-akkus-hayatini-kaybetti#article","isPartOf":{"@id":"https:\/\/epochtimestr.com\/index.php\/agri-belediye-es-baskani-memet-akkus-hayatini-kaybetti"},"author":{"name":"Haber Merkezi","@id":"https:\/\/epochtimestr.com\/#\/schema\/person\/3dc5c3adeb9f43923c5aa85889172fdd"},"headline":"A\u011fr\u0131 Belediye E\u015f Ba\u015fkan\u0131 Memet Akku\u015f Hayat\u0131n\u0131 Kaybetti","datePublished":"2026-09-05T20:20:37+00:00","dateModified":"2026-09-05T20:20:39+00:00","mainEntityOfPage":{"@id":"https:\/\/epochtimestr.com\/index.php\/agri-belediye-es-baskani-memet-akkus-hayatini-kaybetti"},"wordCount":285,"commentCount":0,"publisher":{"@id":"https:\/\/epochtimestr.com\/#organization"},"image":{"@id":"https:\/\/epochtimestr.com\/index.php\/agri-belediye-es-baskani-memet-akkus-hayatini-kaybetti#primaryimage"},"thumbnailUrl":"https:\/\/epochtimestr.com\/wp-content\/uploads\/2011y\/agri-belediyesi-1-scaled.jpg","keywords":["A\u011fr\u0131 Belediyesi","dem parti","Mehmet Akku\u015f"],"articleSection":["G\u00dcNDEM","MAN\u015eET","Siyaset","Ya\u015fam"],"inLanguage":"tr","potentialAction":[{"@type":"CommentAction","name":"Comment","target":["https:\/\/epochtimestr.com\/index.php\/agri-belediye-es-baskani-memet-akkus-hayatini-kaybetti#respond"]}]},{"@type":"WebPage","@id":"https:\/\/epochtimestr.com\/index.php\/agri-belediye-es-baskani-memet-akkus-hayatini-kaybetti","url":"https:\/\/epochtimestr.com\/index.php\/agri-belediye-es-baskani-memet-akkus-hayatini-kaybetti","name":"A\u011fr\u0131 Belediye E\u015f Ba\u015fkan\u0131 Memet Akku\u015f Hayat\u0131n\u0131 Kaybetti - The Epoch Times TR","isPartOf":{"@id":"https:\/\/epochtimestr.com\/#website"},"primaryImageOfPage":{"@id":"https:\/\/epochtimestr.com\/index.php\/agri-belediye-es-baskani-memet-akkus-hayatini-kaybetti#primaryimage"},"image":{"@id":"https:\/\/epochtimestr.com\/index.php\/agri-belediye-es-baskani-memet-akkus-hayatini-kaybetti#primaryimage"},"thumbnailUrl":"https:\/\/epochtimestr.com\/wp-content\/uploads\/2011y\/agri-belediyesi-1-scaled.jpg","datePublished":"2026-09-05T20:20:37+00:00","dateModified":"2026-09-05T20:20:39+00:00","description":"Bir s\u00fcredir kanser tedavisi g\u00f6ren DEM Parti A\u011fr\u0131 Belediye E\u015f Ba\u015fkan\u0131 Mehmet Akku\u015f'un hayat\u0131n\u0131 kaybetti\u011fi bildirildi.","inLanguage":"tr","potentialAction":[{"@type":"ReadAction","target":["https:\/\/epochtimestr.com\/index.php\/agri-belediye-es-baskani-memet-akkus-hayatini-kaybetti"]}]},{"@type":"ImageObject","inLanguage":"tr","@id":"https:\/\/epochtimestr.com\/index.php\/agri-belediye-es-baskani-memet-akkus-hayatini-kaybetti#primaryimage","url":"https:\/\/epochtimestr.com\/wp-content\/uploads\/2011y\/agri-belediyesi-1-scaled.jpg","contentUrl":"https:\/\/epochtimestr.com\/wp-content\/uploads\/2011y\/agri-belediyesi-1-scaled.jpg","width":2560,"height":1707},{"@type":"WebSite","@id":"https:\/\/epochtimestr.com\/#website","url":"https:\/\/epochtimestr.com\/","name":"The Epoch Times TR","description":"De\u011fi\u015fen D\u00fcnyam\u0131za Taze Bir Bak\u0131\u015f","publisher":{"@id":"https:\/\/epochtimestr.com\/#organization"},"potentialAction":[{"@type":"SearchAction","target":{"@type":"EntryPoint","urlTemplate":"https:\/\/epochtimestr.com\/?s={search_term_string}"},"query-input":"required name=search_term_string"}],"inLanguage":"tr"},{"@type":"Organization","@id":"https:\/\/epochtimestr.com\/#organization","name":"The EpochTimes T\u00fcrkiye","url":"https:\/\/epochtimestr.com\/","logo":{"@type":"ImageObject","inLanguage":"tr","@id":"https:\/\/epochtimestr.com\/#\/schema\/logo\/image\/","url":"https:\/\/epochtimestr.com\/wp-content\/uploads\/2011y\/ET-Logo-YG.jpg","contentUrl":"https:\/\/epochtimestr.com\/wp-content\/uploads\/2011y\/ET-Logo-YG.jpg","width":346,"height":29,"caption":"The EpochTimes T\u00fcrkiye"},"image":{"@id":"https:\/\/epochtimestr.com\/#\/schema\/logo\/image\/"},"sameAs":["https:\/\/www.facebook.com\/theepochtimestr","https:\/\/x.com\/TheEpochTimesTR","https:\/\/www.instagram.com\/epochtimestr"]},{"@type":"Person","@id":"https:\/\/epochtimestr.com\/#\/schema\/person\/3dc5c3adeb9f43923c5aa85889172fdd","name":"Haber Merkezi","image":{"@type":"ImageObject","inLanguage":"tr","@id":"https:\/\/epochtimestr.com\/#\/schema\/person\/image\/","url":"https:\/\/secure.gravatar.com\/avatar\/d73f772ba5a74f28601361e17c2f93e6?s=96&d=mm&r=g","contentUrl":"https:\/\/secure.gravatar.com\/avatar\/d73f772ba5a74f28601361e17c2f93e6?s=96&d=mm&r=g","caption":"Haber Merkezi"},"url":"https:\/\/epochtimestr.com\/index.php\/author\/sendag"}]}},"_links":{"self":[{"href":"https:\/\/epochtimestr.com\/index.php\/wp-json\/wp\/v2\/posts\/171581"}],"collection":[{"href":"https:\/\/epochtimestr.com\/index.php\/wp-json\/wp\/v2\/posts"}],"about":[{"href":"https:\/\/epochtimestr.com\/index.php\/wp-json\/wp\/v2\/types\/post"}],"author":[{"embeddable":true,"href":"https:\/\/epochtimestr.com\/index.php\/wp-json\/wp\/v2\/users\/12791"}],"replies":[{"embeddable":true,"href":"https:\/\/epochtimestr.com\/index.php\/wp-json\/wp\/v2\/comments?post=171581"}],"version-history":[{"count":2,"href":"https:\/\/epochtimestr.com\/index.php\/wp-json\/wp\/v2\/posts\/171581\/revisions"}],"predecessor-version":[{"id":171589,"href":"https:\/\/epochtimestr.com\/index.php\/wp-json\/wp\/v2\/posts\/171581\/revisions\/171589"}],"wp:featuredmedia":[{"embeddable":true,"href":"https:\/\/epochtimestr.com\/index.php\/wp-json\/wp\/v2\/media\/171583"}],"wp:attachment":[{"href":"https:\/\/epochtimestr.com\/index.php\/wp-json\/wp\/v2\/media?parent=171581"}],"wp:term":[{"taxonomy":"category","embeddable":true,"href":"https:\/\/epochtimestr.com\/index.php\/wp-json\/wp\/v2\/categories?post=171581"},{"taxonomy":"post_tag","embeddable":true,"href":"https:\/\/epochtimestr.com\/index.php\/wp-json\/wp\/v2\/tags?post=171581"}],"curies":[{"name":"wp","href":"https:\/\/api.w.org\/{rel}","templated":true}]}}