{"id":18104,"date":"2010-11-17T01:49:08","date_gmt":"2010-11-16T23:49:08","guid":{"rendered":"http:\/\/www.epochtimestr.com\/?p=18104"},"modified":"2011-10-24T14:47:46","modified_gmt":"2011-10-24T11:47:46","slug":"balina-vadisi","status":"publish","type":"post","link":"https:\/\/epochtimestr.com\/index.php\/balina-vadisi","title":{"rendered":"Balina Vadisi"},"content":{"rendered":"<p><a class=\"highslide\" onclick=\"return vz.expand(this)\" href=\"http:\/\/www.epochtimestr.com\/wp-content\/uploads\/2010\/kasim\/Wadi_El_Hitan_Rockforms.jpg\"><img loading=\"lazy\" decoding=\"async\" class=\"aligncenter size-full wp-image-18105\" title=\"Wadi_El_Hitan_Rockforms\" src=\"http:\/\/www.epochtimestr.com\/wp-content\/uploads\/2010\/kasim\/Wadi_El_Hitan_Rockforms.jpg\" alt=\"\" width=\"602\" height=\"450\" srcset=\"https:\/\/epochtimestr.com\/wp-content\/uploads\/2011y\/Wadi_El_Hitan_Rockforms-600x450.jpg 600w, https:\/\/epochtimestr.com\/wp-content\/uploads\/2011y\/Wadi_El_Hitan_Rockforms-150x113.jpg 150w, https:\/\/epochtimestr.com\/wp-content\/uploads\/2011y\/Wadi_El_Hitan_Rockforms-300x225.jpg 300w, https:\/\/epochtimestr.com\/wp-content\/uploads\/2011y\/Wadi_El_Hitan_Rockforms-342x256.jpg 342w, https:\/\/epochtimestr.com\/wp-content\/uploads\/2011y\/Wadi_El_Hitan_Rockforms-269x201.jpg 269w, https:\/\/epochtimestr.com\/wp-content\/uploads\/2011y\/Wadi_El_Hitan_Rockforms-292x219.jpg 292w, https:\/\/epochtimestr.com\/wp-content\/uploads\/2011y\/Wadi_El_Hitan_Rockforms-638x478.jpg 638w, https:\/\/epochtimestr.com\/wp-content\/uploads\/2011y\/Wadi_El_Hitan_Rockforms-629x471.jpg 629w\" sizes=\"(max-width: 602px) 100vw, 602px\" \/><\/a><\/p>\n<p style=\"text-align: justify;\">M\u0131s\u0131r&#8217;daki ilk d\u00fcnya do\u011fal miraslar\u0131 koruma b\u00f6lgesi, Vadi el Hitan (Balina Vadisi), 10 \u015eubat&#8217;ta kuruldu.<\/p>\n<p style=\"text-align: justify;\">Balina Vadisi, M\u0131s\u0131r&#8217;\u0131n ba\u015fkenti Kahire&#8217;nin 170 kilometre g\u00fcneybat\u0131s\u0131nda yer alan El Fayyum eyaletinin \u00e7\u00f6ll\u00fck alan\u0131nda yer al\u0131yor. Soyu t\u00fckenmi\u015f balina fosillerinin bulundu\u011fu bu vadinin eski \u00e7a\u011flarda b\u00fcy\u00fck bir deniz oldu\u011fu biliniyor.<\/p>\n<p><a class=\"highslide\" onclick=\"return vz.expand(this)\" href=\"http:\/\/www.epochtimestr.com\/wp-content\/uploads\/2010\/kasim\/Wadi-el-Hitan2.jpg\"><img decoding=\"async\" class=\"aligncenter size-full wp-image-18106\" title=\"Wadi el Hitan2\" src=\"http:\/\/www.epochtimestr.com\/wp-content\/uploads\/2010\/kasim\/Wadi-el-Hitan2.jpg\" alt=\"\" \/><\/a><\/p>\n<p style=\"text-align: justify;\"><a class=\"highslide\" onclick=\"return vz.expand(this)\" href=\"http:\/\/www.epochtimestr.com\/wp-content\/uploads\/2010\/kasim\/Wadi-el-Hitan2.jpg\"><\/a>Bu \u00f6zellikleriyle Balina Vadisi, \u00f6zg\u00fcn bir a\u00e7\u0131k hava m\u00fczesi olarak g\u00f6r\u00fcl\u00fcyor. Eski \u00e7a\u011flardaki co\u011frafi ko\u015fullar, zengin do\u011fal kaynaklar ve \u00f6zg\u00fcn yery\u00fcz\u00fc \u015fekilleri, Balina Vadisi&#8217;ne \u00f6nemli do\u011fal, k\u00fclt\u00fcrel ve bilimsel ara\u015ft\u0131rma de\u011feri kazand\u0131rd\u0131.<\/p>\n<p style=\"text-align: justify;\">Ziyarete a\u00e7\u0131lan Balina Vadisi turizm b\u00f6lgesinde, toplam 13 u\u011frak yeri bulunuyor. Turistler, buralar\u0131 ziyaret ederek, Balina Vadisi&#8217;nin co\u011frafi ko\u015fullar\u0131 hakk\u0131nda bilgi edinebilir ve eski \u00e7a\u011flardan kalma deniz fosillerini inceleyebilir. Balina Vadisi&#8217;nde \u015fu an bulunan 400&#8217;den fazla balina fosilinin ya\u015flar\u0131 40 milyon y\u0131l \u00f6ncesine kadar gidiyor.<\/p>\n<p><a class=\"highslide\" onclick=\"return vz.expand(this)\" href=\"http:\/\/www.epochtimestr.com\/wp-content\/uploads\/2010\/kasim\/Wadi-Al-Hitan.jpg\"><img decoding=\"async\" class=\"aligncenter size-full wp-image-18107\" title=\"Wadi-Al-Hitan\" src=\"http:\/\/www.epochtimestr.com\/wp-content\/uploads\/2010\/kasim\/Wadi-Al-Hitan.jpg\" alt=\"\" \/><\/a><\/p>\n<p style=\"text-align: justify;\">Balina Vadisi&#8217;nde bulunan mantar ve ku\u015f \u015feklindeki a\u00e7\u0131k sar\u0131 kire\u015f ta\u015flar\u0131, beyaz bulutlar ve mavi g\u00f6kle uyum i\u00e7inde, son derece g\u00f6rkemli bir manzara olu\u015fturuyor.<\/p>\n<p><a class=\"highslide\" onclick=\"return vz.expand(this)\" href=\"http:\/\/www.epochtimestr.com\/wp-content\/uploads\/2010\/kasim\/esqueleto-fosilizado-de-una-ballena-en-Wadi-al-Hitan.jpg\"><img loading=\"lazy\" decoding=\"async\" class=\"aligncenter size-full wp-image-18108\" title=\"esqueleto fosilizado de una ballena en Wadi al Hitan\" src=\"http:\/\/www.epochtimestr.com\/wp-content\/uploads\/2010\/kasim\/esqueleto-fosilizado-de-una-ballena-en-Wadi-al-Hitan.jpg\" alt=\"\" width=\"612\" height=\"459\" \/><\/a><\/p>\n<p style=\"text-align: justify;\"><a class=\"highslide\" onclick=\"return vz.expand(this)\" href=\"http:\/\/www.epochtimestr.com\/wp-content\/uploads\/2010\/kasim\/esqueleto-fosilizado-de-una-ballena-en-Wadi-al-Hitan.jpg\"><\/a>M\u0131s\u0131r&#8217;daki ilk d\u00fcnya do\u011fal miraslar koruma b\u00f6lgesi olan Balina Vadisi, her ge\u00e7en g\u00fcn daha \u00e7ok yabanc\u0131 turistin ilgisini \u00e7ekiyor. Vadinin, M\u0131s\u0131r&#8217;\u0131n \u00fcnl\u00fc piramitleri, sfenksleri ve Luksor kenti gibi tarihi eserlerinden sonra, yeni bir turizm merkezi haline getirilmesi amac\u0131yla \u00e7al\u0131\u015fmalara h\u0131z verildi.<\/p>\n<p>Faydalan\u0131lan kaynaklar:<\/p>\n<p><a href=\"http:\/\/www.panoramio.com\/photo\/33027107\">http:\/\/www.panoramio.com\/photo\/33027107<\/a><\/p>\n<p><a href=\"http:\/\/weekly.ahram.org.eg\/2005\/749\/_en7.htm\">http:\/\/weekly.ahram.org.eg\/2005\/749\/_en7.htm<\/a><\/p>\n<p><a href=\"http:\/\/sobreegipto.com\/2008\/08\/14\/wadi-hitan-patrimonio-de-la-historia-natural\/\">http:\/\/sobreegipto.com\/2008\/08\/14\/wadi-hitan-patrimonio-de-la-historia-natural\/<\/a><\/p>\n<p><a href=\"http:\/\/commons.wikimedia.org\/wiki\/File:Wadi_El_Hitan_Rockforms.jpg\">http:\/\/commons.wikimedia.org\/wiki\/File:Wadi_El_Hitan_Rockforms.jpg<\/a><\/p>\n<p><a href=\"http:\/\/www.mindennapiafrika.info\/2010\/01\/16\/vilagoroksegek-afrikaban-1-resz\/\">http:\/\/www.mindennapiafrika.info\/2010\/01\/16\/vilagoroksegek-afrikaban-1-resz\/<\/a><\/p>\n<p><a href=\"http:\/\/www.neoturas.lt\/lt\/travels\/viewtrip?id=35\">http:\/\/www.neoturas.lt\/lt\/travels\/viewtrip?id=35<\/a><\/p>\n<p><a href=\"http:\/\/antiguaymedieval.blogspot.com\/2008\/04\/ballenas-en-el-desierto.html\">http:\/\/antiguaymedieval.blogspot.com\/2008\/04\/ballenas-en-el-desierto.html<\/a><\/p>\n","protected":false},"excerpt":{"rendered":"<p>M\u0131s\u0131r&#8217;daki ilk d\u00fcnya do\u011fal miraslar\u0131 koruma b\u00f6lgesi, Vadi el Hitan (Balina Vadisi), 10 \u015eubat&#8217;ta kuruldu. Balina Vadisi, M\u0131s\u0131r&#8217;\u0131n ba\u015fkenti Kahire&#8217;nin 170 kilometre g\u00fcneybat\u0131s\u0131nda yer alan El Fayyum eyaletinin \u00e7\u00f6ll\u00fck alan\u0131nda yer al\u0131yor. Soyu t\u00fckenmi\u015f balina fosillerinin bulundu\u011fu bu vadinin eski \u00e7a\u011flarda b\u00fcy\u00fck bir deniz oldu\u011fu biliniyor. Bu \u00f6zellikleriyle Balina Vadisi, \u00f6zg\u00fcn bir a\u00e7\u0131k hava m\u00fczesi [&hellip;]<\/p>\n","protected":false},"author":6,"featured_media":0,"comment_status":"open","ping_status":"open","sticky":false,"template":"","format":"standard","meta":{"_yoast_wpseo_focuskw":"","_yoast_wpseo_title":"","_yoast_wpseo_metadesc":"","_bbp_topic_count":0,"_bbp_reply_count":0,"_bbp_total_topic_count":0,"_bbp_total_reply_count":0,"_bbp_voice_count":0,"_bbp_anonymous_reply_count":0,"_bbp_topic_count_hidden":0,"_bbp_reply_count_hidden":0,"_bbp_forum_subforum_count":0,"footnotes":"","_yoast_wpseo_focuskw_text_input":""},"categories":[5,126],"tags":[],"yoast_head":"<!-- This site is optimized with the Yoast SEO plugin v23.0 - https:\/\/yoast.com\/wordpress\/plugins\/seo\/ -->\n<title>Balina Vadisi - The Epoch Times TR<\/title>\n<meta name=\"robots\" content=\"index, follow, max-snippet:-1, max-image-preview:large, max-video-preview:-1\" \/>\n<link rel=\"canonical\" href=\"https:\/\/epochtimestr.com\/index.php\/balina-vadisi\" \/>\n<meta property=\"og:locale\" content=\"tr_TR\" \/>\n<meta property=\"og:type\" content=\"article\" \/>\n<meta property=\"og:title\" content=\"Balina Vadisi - The Epoch Times TR\" \/>\n<meta property=\"og:description\" content=\"M\u0131s\u0131r&#8217;daki ilk d\u00fcnya do\u011fal miraslar\u0131 koruma b\u00f6lgesi, Vadi el Hitan (Balina Vadisi), 10 \u015eubat&#8217;ta kuruldu. Balina Vadisi, M\u0131s\u0131r&#8217;\u0131n ba\u015fkenti Kahire&#8217;nin 170 kilometre g\u00fcneybat\u0131s\u0131nda yer alan El Fayyum eyaletinin \u00e7\u00f6ll\u00fck alan\u0131nda yer al\u0131yor. Soyu t\u00fckenmi\u015f balina fosillerinin bulundu\u011fu bu vadinin eski \u00e7a\u011flarda b\u00fcy\u00fck bir deniz oldu\u011fu biliniyor. Bu \u00f6zellikleriyle Balina Vadisi, \u00f6zg\u00fcn bir a\u00e7\u0131k hava m\u00fczesi [&hellip;]\" \/>\n<meta property=\"og:url\" content=\"https:\/\/epochtimestr.com\/index.php\/balina-vadisi\" \/>\n<meta property=\"og:site_name\" content=\"The Epoch Times TR\" \/>\n<meta property=\"article:publisher\" content=\"https:\/\/www.facebook.com\/theepochtimestr\" \/>\n<meta property=\"article:published_time\" content=\"2010-11-16T23:49:08+00:00\" \/>\n<meta property=\"article:modified_time\" content=\"2011-10-24T11:47:46+00:00\" \/>\n<meta property=\"og:image\" content=\"http:\/\/www.epochtimestr.com\/wp-content\/uploads\/2010\/kasim\/Wadi_El_Hitan_Rockforms.jpg\" \/>\n<meta name=\"author\" content=\"O.Bugdayci\" \/>\n<meta name=\"twitter:card\" content=\"summary_large_image\" \/>\n<meta name=\"twitter:creator\" content=\"@TheEpochTimesTR\" \/>\n<meta name=\"twitter:site\" content=\"@TheEpochTimesTR\" \/>\n<meta name=\"twitter:label1\" content=\"Yazan:\" \/>\n\t<meta name=\"twitter:data1\" content=\"O.Bugdayci\" \/>\n\t<meta name=\"twitter:label2\" content=\"Tahmini okuma s\u00fcresi\" \/>\n\t<meta name=\"twitter:data2\" content=\"2 dakika\" \/>\n<script type=\"application\/ld+json\" class=\"yoast-schema-graph\">{\"@context\":\"https:\/\/schema.org\",\"@graph\":[{\"@type\":\"Article\",\"@id\":\"https:\/\/epochtimestr.com\/index.php\/balina-vadisi#article\",\"isPartOf\":{\"@id\":\"https:\/\/epochtimestr.com\/index.php\/balina-vadisi\"},\"author\":{\"name\":\"O.Bugdayci\",\"@id\":\"https:\/\/epochtimestr.com\/#\/schema\/person\/5b7c8e803d082e6972692d1e41572f45\"},\"headline\":\"Balina Vadisi\",\"datePublished\":\"2010-11-16T23:49:08+00:00\",\"dateModified\":\"2011-10-24T11:47:46+00:00\",\"mainEntityOfPage\":{\"@id\":\"https:\/\/epochtimestr.com\/index.php\/balina-vadisi\"},\"wordCount\":304,\"commentCount\":0,\"publisher\":{\"@id\":\"https:\/\/epochtimestr.com\/#organization\"},\"image\":{\"@id\":\"https:\/\/epochtimestr.com\/index.php\/balina-vadisi#primaryimage\"},\"thumbnailUrl\":\"http:\/\/www.epochtimestr.com\/wp-content\/uploads\/2010\/kasim\/Wadi_El_Hitan_Rockforms.jpg\",\"articleSection\":[\"D\u00dcNYA\",\"D\u00fcnya K\u00fclt\u00fcr Miraslar\u0131\"],\"inLanguage\":\"tr\",\"potentialAction\":[{\"@type\":\"CommentAction\",\"name\":\"Comment\",\"target\":[\"https:\/\/epochtimestr.com\/index.php\/balina-vadisi#respond\"]}]},{\"@type\":\"WebPage\",\"@id\":\"https:\/\/epochtimestr.com\/index.php\/balina-vadisi\",\"url\":\"https:\/\/epochtimestr.com\/index.php\/balina-vadisi\",\"name\":\"Balina Vadisi - The Epoch Times TR\",\"isPartOf\":{\"@id\":\"https:\/\/epochtimestr.com\/#website\"},\"primaryImageOfPage\":{\"@id\":\"https:\/\/epochtimestr.com\/index.php\/balina-vadisi#primaryimage\"},\"image\":{\"@id\":\"https:\/\/epochtimestr.com\/index.php\/balina-vadisi#primaryimage\"},\"thumbnailUrl\":\"http:\/\/www.epochtimestr.com\/wp-content\/uploads\/2010\/kasim\/Wadi_El_Hitan_Rockforms.jpg\",\"datePublished\":\"2010-11-16T23:49:08+00:00\",\"dateModified\":\"2011-10-24T11:47:46+00:00\",\"inLanguage\":\"tr\",\"potentialAction\":[{\"@type\":\"ReadAction\",\"target\":[\"https:\/\/epochtimestr.com\/index.php\/balina-vadisi\"]}]},{\"@type\":\"ImageObject\",\"inLanguage\":\"tr\",\"@id\":\"https:\/\/epochtimestr.com\/index.php\/balina-vadisi#primaryimage\",\"url\":\"http:\/\/www.epochtimestr.com\/wp-content\/uploads\/2010\/kasim\/Wadi_El_Hitan_Rockforms.jpg\",\"contentUrl\":\"http:\/\/www.epochtimestr.com\/wp-content\/uploads\/2010\/kasim\/Wadi_El_Hitan_Rockforms.jpg\"},{\"@type\":\"WebSite\",\"@id\":\"https:\/\/epochtimestr.com\/#website\",\"url\":\"https:\/\/epochtimestr.com\/\",\"name\":\"The Epoch Times TR\",\"description\":\"De\u011fi\u015fen D\u00fcnyam\u0131za Taze Bir Bak\u0131\u015f\",\"publisher\":{\"@id\":\"https:\/\/epochtimestr.com\/#organization\"},\"potentialAction\":[{\"@type\":\"SearchAction\",\"target\":{\"@type\":\"EntryPoint\",\"urlTemplate\":\"https:\/\/epochtimestr.com\/?s={search_term_string}\"},\"query-input\":\"required name=search_term_string\"}],\"inLanguage\":\"tr\"},{\"@type\":\"Organization\",\"@id\":\"https:\/\/epochtimestr.com\/#organization\",\"name\":\"The EpochTimes T\u00fcrkiye\",\"url\":\"https:\/\/epochtimestr.com\/\",\"logo\":{\"@type\":\"ImageObject\",\"inLanguage\":\"tr\",\"@id\":\"https:\/\/epochtimestr.com\/#\/schema\/logo\/image\/\",\"url\":\"https:\/\/epochtimestr.com\/wp-content\/uploads\/2011y\/ET-Logo-YG.jpg\",\"contentUrl\":\"https:\/\/epochtimestr.com\/wp-content\/uploads\/2011y\/ET-Logo-YG.jpg\",\"width\":346,\"height\":29,\"caption\":\"The EpochTimes T\u00fcrkiye\"},\"image\":{\"@id\":\"https:\/\/epochtimestr.com\/#\/schema\/logo\/image\/\"},\"sameAs\":[\"https:\/\/www.facebook.com\/theepochtimestr\",\"https:\/\/x.com\/TheEpochTimesTR\",\"https:\/\/www.instagram.com\/epochtimestr\"]},{\"@type\":\"Person\",\"@id\":\"https:\/\/epochtimestr.com\/#\/schema\/person\/5b7c8e803d082e6972692d1e41572f45\",\"name\":\"O.Bugdayci\",\"image\":{\"@type\":\"ImageObject\",\"inLanguage\":\"tr\",\"@id\":\"https:\/\/epochtimestr.com\/#\/schema\/person\/image\/\",\"url\":\"https:\/\/secure.gravatar.com\/avatar\/3dd35f1eaa641746c4918a5222421945?s=96&d=mm&r=g\",\"contentUrl\":\"https:\/\/secure.gravatar.com\/avatar\/3dd35f1eaa641746c4918a5222421945?s=96&d=mm&r=g\",\"caption\":\"O.Bugdayci\"},\"url\":\"https:\/\/epochtimestr.com\/index.php\/author\/ozan\"}]}<\/script>\n<!-- \/ Yoast SEO plugin. -->","yoast_head_json":{"title":"Balina Vadisi - The Epoch Times TR","robots":{"index":"index","follow":"follow","max-snippet":"max-snippet:-1","max-image-preview":"max-image-preview:large","max-video-preview":"max-video-preview:-1"},"canonical":"https:\/\/epochtimestr.com\/index.php\/balina-vadisi","og_locale":"tr_TR","og_type":"article","og_title":"Balina Vadisi - The Epoch Times TR","og_description":"M\u0131s\u0131r&#8217;daki ilk d\u00fcnya do\u011fal miraslar\u0131 koruma b\u00f6lgesi, Vadi el Hitan (Balina Vadisi), 10 \u015eubat&#8217;ta kuruldu. Balina Vadisi, M\u0131s\u0131r&#8217;\u0131n ba\u015fkenti Kahire&#8217;nin 170 kilometre g\u00fcneybat\u0131s\u0131nda yer alan El Fayyum eyaletinin \u00e7\u00f6ll\u00fck alan\u0131nda yer al\u0131yor. Soyu t\u00fckenmi\u015f balina fosillerinin bulundu\u011fu bu vadinin eski \u00e7a\u011flarda b\u00fcy\u00fck bir deniz oldu\u011fu biliniyor. Bu \u00f6zellikleriyle Balina Vadisi, \u00f6zg\u00fcn bir a\u00e7\u0131k hava m\u00fczesi [&hellip;]","og_url":"https:\/\/epochtimestr.com\/index.php\/balina-vadisi","og_site_name":"The Epoch Times TR","article_publisher":"https:\/\/www.facebook.com\/theepochtimestr","article_published_time":"2010-11-16T23:49:08+00:00","article_modified_time":"2011-10-24T11:47:46+00:00","og_image":[{"url":"http:\/\/www.epochtimestr.com\/wp-content\/uploads\/2010\/kasim\/Wadi_El_Hitan_Rockforms.jpg"}],"author":"O.Bugdayci","twitter_card":"summary_large_image","twitter_creator":"@TheEpochTimesTR","twitter_site":"@TheEpochTimesTR","twitter_misc":{"Yazan:":"O.Bugdayci","Tahmini okuma s\u00fcresi":"2 dakika"},"schema":{"@context":"https:\/\/schema.org","@graph":[{"@type":"Article","@id":"https:\/\/epochtimestr.com\/index.php\/balina-vadisi#article","isPartOf":{"@id":"https:\/\/epochtimestr.com\/index.php\/balina-vadisi"},"author":{"name":"O.Bugdayci","@id":"https:\/\/epochtimestr.com\/#\/schema\/person\/5b7c8e803d082e6972692d1e41572f45"},"headline":"Balina Vadisi","datePublished":"2010-11-16T23:49:08+00:00","dateModified":"2011-10-24T11:47:46+00:00","mainEntityOfPage":{"@id":"https:\/\/epochtimestr.com\/index.php\/balina-vadisi"},"wordCount":304,"commentCount":0,"publisher":{"@id":"https:\/\/epochtimestr.com\/#organization"},"image":{"@id":"https:\/\/epochtimestr.com\/index.php\/balina-vadisi#primaryimage"},"thumbnailUrl":"http:\/\/www.epochtimestr.com\/wp-content\/uploads\/2010\/kasim\/Wadi_El_Hitan_Rockforms.jpg","articleSection":["D\u00dcNYA","D\u00fcnya K\u00fclt\u00fcr Miraslar\u0131"],"inLanguage":"tr","potentialAction":[{"@type":"CommentAction","name":"Comment","target":["https:\/\/epochtimestr.com\/index.php\/balina-vadisi#respond"]}]},{"@type":"WebPage","@id":"https:\/\/epochtimestr.com\/index.php\/balina-vadisi","url":"https:\/\/epochtimestr.com\/index.php\/balina-vadisi","name":"Balina Vadisi - The Epoch Times TR","isPartOf":{"@id":"https:\/\/epochtimestr.com\/#website"},"primaryImageOfPage":{"@id":"https:\/\/epochtimestr.com\/index.php\/balina-vadisi#primaryimage"},"image":{"@id":"https:\/\/epochtimestr.com\/index.php\/balina-vadisi#primaryimage"},"thumbnailUrl":"http:\/\/www.epochtimestr.com\/wp-content\/uploads\/2010\/kasim\/Wadi_El_Hitan_Rockforms.jpg","datePublished":"2010-11-16T23:49:08+00:00","dateModified":"2011-10-24T11:47:46+00:00","inLanguage":"tr","potentialAction":[{"@type":"ReadAction","target":["https:\/\/epochtimestr.com\/index.php\/balina-vadisi"]}]},{"@type":"ImageObject","inLanguage":"tr","@id":"https:\/\/epochtimestr.com\/index.php\/balina-vadisi#primaryimage","url":"http:\/\/www.epochtimestr.com\/wp-content\/uploads\/2010\/kasim\/Wadi_El_Hitan_Rockforms.jpg","contentUrl":"http:\/\/www.epochtimestr.com\/wp-content\/uploads\/2010\/kasim\/Wadi_El_Hitan_Rockforms.jpg"},{"@type":"WebSite","@id":"https:\/\/epochtimestr.com\/#website","url":"https:\/\/epochtimestr.com\/","name":"The Epoch Times TR","description":"De\u011fi\u015fen D\u00fcnyam\u0131za Taze Bir Bak\u0131\u015f","publisher":{"@id":"https:\/\/epochtimestr.com\/#organization"},"potentialAction":[{"@type":"SearchAction","target":{"@type":"EntryPoint","urlTemplate":"https:\/\/epochtimestr.com\/?s={search_term_string}"},"query-input":"required name=search_term_string"}],"inLanguage":"tr"},{"@type":"Organization","@id":"https:\/\/epochtimestr.com\/#organization","name":"The EpochTimes T\u00fcrkiye","url":"https:\/\/epochtimestr.com\/","logo":{"@type":"ImageObject","inLanguage":"tr","@id":"https:\/\/epochtimestr.com\/#\/schema\/logo\/image\/","url":"https:\/\/epochtimestr.com\/wp-content\/uploads\/2011y\/ET-Logo-YG.jpg","contentUrl":"https:\/\/epochtimestr.com\/wp-content\/uploads\/2011y\/ET-Logo-YG.jpg","width":346,"height":29,"caption":"The EpochTimes T\u00fcrkiye"},"image":{"@id":"https:\/\/epochtimestr.com\/#\/schema\/logo\/image\/"},"sameAs":["https:\/\/www.facebook.com\/theepochtimestr","https:\/\/x.com\/TheEpochTimesTR","https:\/\/www.instagram.com\/epochtimestr"]},{"@type":"Person","@id":"https:\/\/epochtimestr.com\/#\/schema\/person\/5b7c8e803d082e6972692d1e41572f45","name":"O.Bugdayci","image":{"@type":"ImageObject","inLanguage":"tr","@id":"https:\/\/epochtimestr.com\/#\/schema\/person\/image\/","url":"https:\/\/secure.gravatar.com\/avatar\/3dd35f1eaa641746c4918a5222421945?s=96&d=mm&r=g","contentUrl":"https:\/\/secure.gravatar.com\/avatar\/3dd35f1eaa641746c4918a5222421945?s=96&d=mm&r=g","caption":"O.Bugdayci"},"url":"https:\/\/epochtimestr.com\/index.php\/author\/ozan"}]}},"_links":{"self":[{"href":"https:\/\/epochtimestr.com\/index.php\/wp-json\/wp\/v2\/posts\/18104"}],"collection":[{"href":"https:\/\/epochtimestr.com\/index.php\/wp-json\/wp\/v2\/posts"}],"about":[{"href":"https:\/\/epochtimestr.com\/index.php\/wp-json\/wp\/v2\/types\/post"}],"author":[{"embeddable":true,"href":"https:\/\/epochtimestr.com\/index.php\/wp-json\/wp\/v2\/users\/6"}],"replies":[{"embeddable":true,"href":"https:\/\/epochtimestr.com\/index.php\/wp-json\/wp\/v2\/comments?post=18104"}],"version-history":[{"count":5,"href":"https:\/\/epochtimestr.com\/index.php\/wp-json\/wp\/v2\/posts\/18104\/revisions"}],"predecessor-version":[{"id":66965,"href":"https:\/\/epochtimestr.com\/index.php\/wp-json\/wp\/v2\/posts\/18104\/revisions\/66965"}],"wp:attachment":[{"href":"https:\/\/epochtimestr.com\/index.php\/wp-json\/wp\/v2\/media?parent=18104"}],"wp:term":[{"taxonomy":"category","embeddable":true,"href":"https:\/\/epochtimestr.com\/index.php\/wp-json\/wp\/v2\/categories?post=18104"},{"taxonomy":"post_tag","embeddable":true,"href":"https:\/\/epochtimestr.com\/index.php\/wp-json\/wp\/v2\/tags?post=18104"}],"curies":[{"name":"wp","href":"https:\/\/api.w.org\/{rel}","templated":true}]}}