{"id":18362,"date":"2010-11-19T20:47:35","date_gmt":"2010-11-19T18:47:35","guid":{"rendered":"http:\/\/www.epochtimestr.com\/?p=18362"},"modified":"2010-11-19T20:47:35","modified_gmt":"2010-11-19T18:47:35","slug":"omer-lutfu-mete-olumunun-birinci-yilinda-mezari-basinda-anildi","status":"publish","type":"post","link":"https:\/\/epochtimestr.com\/index.php\/omer-lutfu-mete-olumunun-birinci-yilinda-mezari-basinda-anildi","title":{"rendered":"\u00d6mer L\u00fctf\u00fc Mete, \u00d6l\u00fcm\u00fcn\u00fcn Birinci Y\u0131l\u0131nda Mezar\u0131 Ba\u015f\u0131nda An\u0131ld\u0131"},"content":{"rendered":"<p style=\"text-align: justify\"><strong><a class=\"highslide\" href=\"http:\/\/www.epochtimestr.com\/wp-content\/uploads\/2010\/kasim\/1541594_p.jpg\"><img loading=\"lazy\" decoding=\"async\" class=\"alignright size-medium wp-image-18366\" src=\"http:\/\/www.epochtimestr.com\/wp-content\/uploads\/2010\/kasim\/1541594_p-300x225.jpg\" alt=\"\" width=\"300\" height=\"225\" \/><\/a>\u0130STANBUL<\/strong>-Senarist \u00d6mer L\u00fctf\u00fc Mete, mezar\u0131 ba\u015f\u0131nda ailesi ve sevenleri taraf\u0131ndan an\u0131ld\u0131. Anma t\u00f6renine kat\u0131lan Mete ailesi ile Kurtlar Vadisi&#8217;nde &#8216;Abd\u00fclhey&#8217; karakterini canland\u0131ran Kenan \u00c7oban ve karikat\u00fcrist oyuncu Hasan Ka\u00e7an dua okudu.<\/p>\n<p style=\"text-align: justify\">Ge\u00e7ti\u011fimiz y\u0131l 18 Kas\u0131m&#8217;da ge\u00e7irdi\u011fi kalp krizi sonucu vefat eden \u00d6mer L\u00fctf\u00fc Mete, \u00f6l\u00fcm\u00fcn\u00fcn 1. y\u0131l\u0131nda \u00c7engelk\u00f6y Mezarl\u0131\u011f\u0131&#8217;ndaki kabri ba\u015f\u0131nda an\u0131ld\u0131. Kur&#8217;an-\u0131 Kerim okunmas\u0131yla ba\u015flanan anma t\u00f6renine; Mete&#8217;nin e\u015fi Leyla, o\u011flu Ali ve k\u0131zlar\u0131 Hatice Hicaz, Fatma Berra, Zeynep M\u00fccteba ile Kurtlar Vadisi&#8217;nde &#8216;Abd\u00fclhey&#8217; karakterini canland\u0131ran Kenan \u00c7oban kat\u0131ld\u0131. Mete&#8217;nin senarist dostu Hasan Ka\u00e7an da aileyi anma program\u0131nda yaln\u0131z b\u0131rakmad\u0131.\u00d6mer L\u00fctf\u00fc Mete ile olan ili\u015fkilerinin \u00e7ok farkl\u0131 oldu\u011funu kaydeden Hasan Ka\u00e7an, cismen aralar\u0131nda olmasa da Mete&#8217;yi manen hep yan\u0131nda hissettiklerini ifade etti. Ka\u00e7an, &#8220;Burada p\u0131r\u0131l p\u0131r\u0131l evlatlar\u0131 var. Biz onlar\u0131 g\u00f6rd\u00fck\u00e7e asl\u0131nda \u00d6mer a\u011fabeyimizi g\u00f6rm\u00fc\u015f oluyoruz.&#8221; dedi.\n<\/p>\n<p style=\"text-align: justify\">Mete&#8217;nin o\u011flu Ali Buhara da, manen babas\u0131n\u0131 her zaman yan\u0131nda hissetti\u011fini s\u00f6yledi. Ali Buhara, &#8220;Bir y\u0131l sonra bug\u00fcn bayramda babam\u0131n \u00f6l\u00fcm\u00fcn\u00fcn seneyi devriyesi i\u00e7in bir araday\u0131z. Ama &#8216;a\u015f\u0131klar \u00f6lmez&#8217; demi\u015fler. \u00c7\u00fcnk\u00fc o yazd\u0131\u011f\u0131 eserlerle \u00f6l\u00fcms\u00fczle\u015fti.&#8221; \u015feklinde konu\u015ftu.<\/p>\n","protected":false},"excerpt":{"rendered":"<p>\u0130STANBUL-Senarist \u00d6mer L\u00fctf\u00fc Mete, mezar\u0131 ba\u015f\u0131nda ailesi ve sevenleri taraf\u0131ndan an\u0131ld\u0131. Anma t\u00f6renine kat\u0131lan Mete ailesi ile Kurtlar Vadisi&#8217;nde &#8216;Abd\u00fclhey&#8217; karakterini canland\u0131ran Kenan \u00c7oban ve karikat\u00fcrist oyuncu Hasan Ka\u00e7an dua okudu. Ge\u00e7ti\u011fimiz y\u0131l 18 Kas\u0131m&#8217;da ge\u00e7irdi\u011fi kalp krizi sonucu vefat eden \u00d6mer L\u00fctf\u00fc Mete, \u00f6l\u00fcm\u00fcn\u00fcn 1. y\u0131l\u0131nda \u00c7engelk\u00f6y Mezarl\u0131\u011f\u0131&#8217;ndaki kabri ba\u015f\u0131nda an\u0131ld\u0131. Kur&#8217;an-\u0131 Kerim okunmas\u0131yla [&hellip;]<\/p>\n","protected":false},"author":13,"featured_media":0,"comment_status":"open","ping_status":"open","sticky":false,"template":"","format":"standard","meta":{"_yoast_wpseo_focuskw":"","_yoast_wpseo_title":"","_yoast_wpseo_metadesc":"","_bbp_topic_count":0,"_bbp_reply_count":0,"_bbp_total_topic_count":0,"_bbp_total_reply_count":0,"_bbp_voice_count":0,"_bbp_anonymous_reply_count":0,"_bbp_topic_count_hidden":0,"_bbp_reply_count_hidden":0,"_bbp_forum_subforum_count":0,"footnotes":"","_yoast_wpseo_focuskw_text_input":""},"categories":[16],"tags":[],"yoast_head":"<!-- This site is optimized with the Yoast SEO plugin v23.0 - https:\/\/yoast.com\/wordpress\/plugins\/seo\/ -->\n<title>\u00d6mer L\u00fctf\u00fc Mete, \u00d6l\u00fcm\u00fcn\u00fcn Birinci Y\u0131l\u0131nda Mezar\u0131 Ba\u015f\u0131nda An\u0131ld\u0131 - The Epoch Times TR<\/title>\n<meta name=\"robots\" content=\"index, follow, max-snippet:-1, max-image-preview:large, max-video-preview:-1\" \/>\n<link rel=\"canonical\" href=\"https:\/\/epochtimestr.com\/index.php\/omer-lutfu-mete-olumunun-birinci-yilinda-mezari-basinda-anildi\" \/>\n<meta property=\"og:locale\" content=\"tr_TR\" \/>\n<meta property=\"og:type\" content=\"article\" \/>\n<meta property=\"og:title\" content=\"\u00d6mer L\u00fctf\u00fc Mete, \u00d6l\u00fcm\u00fcn\u00fcn Birinci Y\u0131l\u0131nda Mezar\u0131 Ba\u015f\u0131nda An\u0131ld\u0131 - The Epoch Times TR\" \/>\n<meta property=\"og:description\" content=\"\u0130STANBUL-Senarist \u00d6mer L\u00fctf\u00fc Mete, mezar\u0131 ba\u015f\u0131nda ailesi ve sevenleri taraf\u0131ndan an\u0131ld\u0131. Anma t\u00f6renine kat\u0131lan Mete ailesi ile Kurtlar Vadisi&#8217;nde &#8216;Abd\u00fclhey&#8217; karakterini canland\u0131ran Kenan \u00c7oban ve karikat\u00fcrist oyuncu Hasan Ka\u00e7an dua okudu. Ge\u00e7ti\u011fimiz y\u0131l 18 Kas\u0131m&#8217;da ge\u00e7irdi\u011fi kalp krizi sonucu vefat eden \u00d6mer L\u00fctf\u00fc Mete, \u00f6l\u00fcm\u00fcn\u00fcn 1. y\u0131l\u0131nda \u00c7engelk\u00f6y Mezarl\u0131\u011f\u0131&#8217;ndaki kabri ba\u015f\u0131nda an\u0131ld\u0131. Kur&#8217;an-\u0131 Kerim okunmas\u0131yla [&hellip;]\" \/>\n<meta property=\"og:url\" content=\"https:\/\/epochtimestr.com\/index.php\/omer-lutfu-mete-olumunun-birinci-yilinda-mezari-basinda-anildi\" \/>\n<meta property=\"og:site_name\" content=\"The Epoch Times TR\" \/>\n<meta property=\"article:publisher\" content=\"https:\/\/www.facebook.com\/theepochtimestr\" \/>\n<meta property=\"article:published_time\" content=\"2010-11-19T18:47:35+00:00\" \/>\n<meta property=\"og:image\" content=\"http:\/\/www.epochtimestr.com\/wp-content\/uploads\/2010\/kasim\/1541594_p-300x225.jpg\" \/>\n<meta name=\"author\" content=\"Ipek K\u00f6kl\u00fc\" \/>\n<meta name=\"twitter:card\" content=\"summary_large_image\" \/>\n<meta name=\"twitter:creator\" content=\"@TheEpochTimesTR\" \/>\n<meta name=\"twitter:site\" content=\"@TheEpochTimesTR\" \/>\n<meta name=\"twitter:label1\" content=\"Yazan:\" \/>\n\t<meta name=\"twitter:data1\" content=\"Ipek K\u00f6kl\u00fc\" \/>\n\t<meta name=\"twitter:label2\" content=\"Tahmini okuma s\u00fcresi\" \/>\n\t<meta name=\"twitter:data2\" content=\"1 dakika\" \/>\n<script type=\"application\/ld+json\" class=\"yoast-schema-graph\">{\"@context\":\"https:\/\/schema.org\",\"@graph\":[{\"@type\":\"Article\",\"@id\":\"https:\/\/epochtimestr.com\/index.php\/omer-lutfu-mete-olumunun-birinci-yilinda-mezari-basinda-anildi#article\",\"isPartOf\":{\"@id\":\"https:\/\/epochtimestr.com\/index.php\/omer-lutfu-mete-olumunun-birinci-yilinda-mezari-basinda-anildi\"},\"author\":{\"name\":\"Ipek K\u00f6kl\u00fc\",\"@id\":\"https:\/\/epochtimestr.com\/#\/schema\/person\/cb975c2e1e5be974d046664ac3c9ced3\"},\"headline\":\"\u00d6mer L\u00fctf\u00fc Mete, \u00d6l\u00fcm\u00fcn\u00fcn Birinci Y\u0131l\u0131nda Mezar\u0131 Ba\u015f\u0131nda An\u0131ld\u0131\",\"datePublished\":\"2010-11-19T18:47:35+00:00\",\"dateModified\":\"2010-11-19T18:47:35+00:00\",\"mainEntityOfPage\":{\"@id\":\"https:\/\/epochtimestr.com\/index.php\/omer-lutfu-mete-olumunun-birinci-yilinda-mezari-basinda-anildi\"},\"wordCount\":257,\"commentCount\":0,\"publisher\":{\"@id\":\"https:\/\/epochtimestr.com\/#organization\"},\"image\":{\"@id\":\"https:\/\/epochtimestr.com\/index.php\/omer-lutfu-mete-olumunun-birinci-yilinda-mezari-basinda-anildi#primaryimage\"},\"thumbnailUrl\":\"http:\/\/www.epochtimestr.com\/wp-content\/uploads\/2010\/kasim\/1541594_p-300x225.jpg\",\"articleSection\":[\"SANAT ve K\u00dcLT\u00dcR\"],\"inLanguage\":\"tr\",\"potentialAction\":[{\"@type\":\"CommentAction\",\"name\":\"Comment\",\"target\":[\"https:\/\/epochtimestr.com\/index.php\/omer-lutfu-mete-olumunun-birinci-yilinda-mezari-basinda-anildi#respond\"]}]},{\"@type\":\"WebPage\",\"@id\":\"https:\/\/epochtimestr.com\/index.php\/omer-lutfu-mete-olumunun-birinci-yilinda-mezari-basinda-anildi\",\"url\":\"https:\/\/epochtimestr.com\/index.php\/omer-lutfu-mete-olumunun-birinci-yilinda-mezari-basinda-anildi\",\"name\":\"\u00d6mer L\u00fctf\u00fc Mete, \u00d6l\u00fcm\u00fcn\u00fcn Birinci Y\u0131l\u0131nda Mezar\u0131 Ba\u015f\u0131nda An\u0131ld\u0131 - The Epoch Times TR\",\"isPartOf\":{\"@id\":\"https:\/\/epochtimestr.com\/#website\"},\"primaryImageOfPage\":{\"@id\":\"https:\/\/epochtimestr.com\/index.php\/omer-lutfu-mete-olumunun-birinci-yilinda-mezari-basinda-anildi#primaryimage\"},\"image\":{\"@id\":\"https:\/\/epochtimestr.com\/index.php\/omer-lutfu-mete-olumunun-birinci-yilinda-mezari-basinda-anildi#primaryimage\"},\"thumbnailUrl\":\"http:\/\/www.epochtimestr.com\/wp-content\/uploads\/2010\/kasim\/1541594_p-300x225.jpg\",\"datePublished\":\"2010-11-19T18:47:35+00:00\",\"dateModified\":\"2010-11-19T18:47:35+00:00\",\"inLanguage\":\"tr\",\"potentialAction\":[{\"@type\":\"ReadAction\",\"target\":[\"https:\/\/epochtimestr.com\/index.php\/omer-lutfu-mete-olumunun-birinci-yilinda-mezari-basinda-anildi\"]}]},{\"@type\":\"ImageObject\",\"inLanguage\":\"tr\",\"@id\":\"https:\/\/epochtimestr.com\/index.php\/omer-lutfu-mete-olumunun-birinci-yilinda-mezari-basinda-anildi#primaryimage\",\"url\":\"http:\/\/www.epochtimestr.com\/wp-content\/uploads\/2010\/kasim\/1541594_p-300x225.jpg\",\"contentUrl\":\"http:\/\/www.epochtimestr.com\/wp-content\/uploads\/2010\/kasim\/1541594_p-300x225.jpg\"},{\"@type\":\"WebSite\",\"@id\":\"https:\/\/epochtimestr.com\/#website\",\"url\":\"https:\/\/epochtimestr.com\/\",\"name\":\"The Epoch Times TR\",\"description\":\"De\u011fi\u015fen D\u00fcnyam\u0131za Taze Bir Bak\u0131\u015f\",\"publisher\":{\"@id\":\"https:\/\/epochtimestr.com\/#organization\"},\"potentialAction\":[{\"@type\":\"SearchAction\",\"target\":{\"@type\":\"EntryPoint\",\"urlTemplate\":\"https:\/\/epochtimestr.com\/?s={search_term_string}\"},\"query-input\":\"required name=search_term_string\"}],\"inLanguage\":\"tr\"},{\"@type\":\"Organization\",\"@id\":\"https:\/\/epochtimestr.com\/#organization\",\"name\":\"The EpochTimes T\u00fcrkiye\",\"url\":\"https:\/\/epochtimestr.com\/\",\"logo\":{\"@type\":\"ImageObject\",\"inLanguage\":\"tr\",\"@id\":\"https:\/\/epochtimestr.com\/#\/schema\/logo\/image\/\",\"url\":\"https:\/\/epochtimestr.com\/wp-content\/uploads\/2011y\/ET-Logo-YG.jpg\",\"contentUrl\":\"https:\/\/epochtimestr.com\/wp-content\/uploads\/2011y\/ET-Logo-YG.jpg\",\"width\":346,\"height\":29,\"caption\":\"The EpochTimes T\u00fcrkiye\"},\"image\":{\"@id\":\"https:\/\/epochtimestr.com\/#\/schema\/logo\/image\/\"},\"sameAs\":[\"https:\/\/www.facebook.com\/theepochtimestr\",\"https:\/\/x.com\/TheEpochTimesTR\",\"https:\/\/www.instagram.com\/epochtimestr\"]},{\"@type\":\"Person\",\"@id\":\"https:\/\/epochtimestr.com\/#\/schema\/person\/cb975c2e1e5be974d046664ac3c9ced3\",\"name\":\"Ipek K\u00f6kl\u00fc\",\"image\":{\"@type\":\"ImageObject\",\"inLanguage\":\"tr\",\"@id\":\"https:\/\/epochtimestr.com\/#\/schema\/person\/image\/\",\"url\":\"https:\/\/secure.gravatar.com\/avatar\/40a4ddb51e6c76ed4d8217a66e090521?s=96&d=mm&r=g\",\"contentUrl\":\"https:\/\/secure.gravatar.com\/avatar\/40a4ddb51e6c76ed4d8217a66e090521?s=96&d=mm&r=g\",\"caption\":\"Ipek K\u00f6kl\u00fc\"},\"url\":\"https:\/\/epochtimestr.com\/index.php\/author\/ipek\"}]}<\/script>\n<!-- \/ Yoast SEO plugin. -->","yoast_head_json":{"title":"\u00d6mer L\u00fctf\u00fc Mete, \u00d6l\u00fcm\u00fcn\u00fcn Birinci Y\u0131l\u0131nda Mezar\u0131 Ba\u015f\u0131nda An\u0131ld\u0131 - The Epoch Times TR","robots":{"index":"index","follow":"follow","max-snippet":"max-snippet:-1","max-image-preview":"max-image-preview:large","max-video-preview":"max-video-preview:-1"},"canonical":"https:\/\/epochtimestr.com\/index.php\/omer-lutfu-mete-olumunun-birinci-yilinda-mezari-basinda-anildi","og_locale":"tr_TR","og_type":"article","og_title":"\u00d6mer L\u00fctf\u00fc Mete, \u00d6l\u00fcm\u00fcn\u00fcn Birinci Y\u0131l\u0131nda Mezar\u0131 Ba\u015f\u0131nda An\u0131ld\u0131 - The Epoch Times TR","og_description":"\u0130STANBUL-Senarist \u00d6mer L\u00fctf\u00fc Mete, mezar\u0131 ba\u015f\u0131nda ailesi ve sevenleri taraf\u0131ndan an\u0131ld\u0131. Anma t\u00f6renine kat\u0131lan Mete ailesi ile Kurtlar Vadisi&#8217;nde &#8216;Abd\u00fclhey&#8217; karakterini canland\u0131ran Kenan \u00c7oban ve karikat\u00fcrist oyuncu Hasan Ka\u00e7an dua okudu. Ge\u00e7ti\u011fimiz y\u0131l 18 Kas\u0131m&#8217;da ge\u00e7irdi\u011fi kalp krizi sonucu vefat eden \u00d6mer L\u00fctf\u00fc Mete, \u00f6l\u00fcm\u00fcn\u00fcn 1. y\u0131l\u0131nda \u00c7engelk\u00f6y Mezarl\u0131\u011f\u0131&#8217;ndaki kabri ba\u015f\u0131nda an\u0131ld\u0131. Kur&#8217;an-\u0131 Kerim okunmas\u0131yla [&hellip;]","og_url":"https:\/\/epochtimestr.com\/index.php\/omer-lutfu-mete-olumunun-birinci-yilinda-mezari-basinda-anildi","og_site_name":"The Epoch Times TR","article_publisher":"https:\/\/www.facebook.com\/theepochtimestr","article_published_time":"2010-11-19T18:47:35+00:00","og_image":[{"url":"http:\/\/www.epochtimestr.com\/wp-content\/uploads\/2010\/kasim\/1541594_p-300x225.jpg"}],"author":"Ipek K\u00f6kl\u00fc","twitter_card":"summary_large_image","twitter_creator":"@TheEpochTimesTR","twitter_site":"@TheEpochTimesTR","twitter_misc":{"Yazan:":"Ipek K\u00f6kl\u00fc","Tahmini okuma s\u00fcresi":"1 dakika"},"schema":{"@context":"https:\/\/schema.org","@graph":[{"@type":"Article","@id":"https:\/\/epochtimestr.com\/index.php\/omer-lutfu-mete-olumunun-birinci-yilinda-mezari-basinda-anildi#article","isPartOf":{"@id":"https:\/\/epochtimestr.com\/index.php\/omer-lutfu-mete-olumunun-birinci-yilinda-mezari-basinda-anildi"},"author":{"name":"Ipek K\u00f6kl\u00fc","@id":"https:\/\/epochtimestr.com\/#\/schema\/person\/cb975c2e1e5be974d046664ac3c9ced3"},"headline":"\u00d6mer L\u00fctf\u00fc Mete, \u00d6l\u00fcm\u00fcn\u00fcn Birinci Y\u0131l\u0131nda Mezar\u0131 Ba\u015f\u0131nda An\u0131ld\u0131","datePublished":"2010-11-19T18:47:35+00:00","dateModified":"2010-11-19T18:47:35+00:00","mainEntityOfPage":{"@id":"https:\/\/epochtimestr.com\/index.php\/omer-lutfu-mete-olumunun-birinci-yilinda-mezari-basinda-anildi"},"wordCount":257,"commentCount":0,"publisher":{"@id":"https:\/\/epochtimestr.com\/#organization"},"image":{"@id":"https:\/\/epochtimestr.com\/index.php\/omer-lutfu-mete-olumunun-birinci-yilinda-mezari-basinda-anildi#primaryimage"},"thumbnailUrl":"http:\/\/www.epochtimestr.com\/wp-content\/uploads\/2010\/kasim\/1541594_p-300x225.jpg","articleSection":["SANAT ve K\u00dcLT\u00dcR"],"inLanguage":"tr","potentialAction":[{"@type":"CommentAction","name":"Comment","target":["https:\/\/epochtimestr.com\/index.php\/omer-lutfu-mete-olumunun-birinci-yilinda-mezari-basinda-anildi#respond"]}]},{"@type":"WebPage","@id":"https:\/\/epochtimestr.com\/index.php\/omer-lutfu-mete-olumunun-birinci-yilinda-mezari-basinda-anildi","url":"https:\/\/epochtimestr.com\/index.php\/omer-lutfu-mete-olumunun-birinci-yilinda-mezari-basinda-anildi","name":"\u00d6mer L\u00fctf\u00fc Mete, \u00d6l\u00fcm\u00fcn\u00fcn Birinci Y\u0131l\u0131nda Mezar\u0131 Ba\u015f\u0131nda An\u0131ld\u0131 - The Epoch Times TR","isPartOf":{"@id":"https:\/\/epochtimestr.com\/#website"},"primaryImageOfPage":{"@id":"https:\/\/epochtimestr.com\/index.php\/omer-lutfu-mete-olumunun-birinci-yilinda-mezari-basinda-anildi#primaryimage"},"image":{"@id":"https:\/\/epochtimestr.com\/index.php\/omer-lutfu-mete-olumunun-birinci-yilinda-mezari-basinda-anildi#primaryimage"},"thumbnailUrl":"http:\/\/www.epochtimestr.com\/wp-content\/uploads\/2010\/kasim\/1541594_p-300x225.jpg","datePublished":"2010-11-19T18:47:35+00:00","dateModified":"2010-11-19T18:47:35+00:00","inLanguage":"tr","potentialAction":[{"@type":"ReadAction","target":["https:\/\/epochtimestr.com\/index.php\/omer-lutfu-mete-olumunun-birinci-yilinda-mezari-basinda-anildi"]}]},{"@type":"ImageObject","inLanguage":"tr","@id":"https:\/\/epochtimestr.com\/index.php\/omer-lutfu-mete-olumunun-birinci-yilinda-mezari-basinda-anildi#primaryimage","url":"http:\/\/www.epochtimestr.com\/wp-content\/uploads\/2010\/kasim\/1541594_p-300x225.jpg","contentUrl":"http:\/\/www.epochtimestr.com\/wp-content\/uploads\/2010\/kasim\/1541594_p-300x225.jpg"},{"@type":"WebSite","@id":"https:\/\/epochtimestr.com\/#website","url":"https:\/\/epochtimestr.com\/","name":"The Epoch Times TR","description":"De\u011fi\u015fen D\u00fcnyam\u0131za Taze Bir Bak\u0131\u015f","publisher":{"@id":"https:\/\/epochtimestr.com\/#organization"},"potentialAction":[{"@type":"SearchAction","target":{"@type":"EntryPoint","urlTemplate":"https:\/\/epochtimestr.com\/?s={search_term_string}"},"query-input":"required name=search_term_string"}],"inLanguage":"tr"},{"@type":"Organization","@id":"https:\/\/epochtimestr.com\/#organization","name":"The EpochTimes T\u00fcrkiye","url":"https:\/\/epochtimestr.com\/","logo":{"@type":"ImageObject","inLanguage":"tr","@id":"https:\/\/epochtimestr.com\/#\/schema\/logo\/image\/","url":"https:\/\/epochtimestr.com\/wp-content\/uploads\/2011y\/ET-Logo-YG.jpg","contentUrl":"https:\/\/epochtimestr.com\/wp-content\/uploads\/2011y\/ET-Logo-YG.jpg","width":346,"height":29,"caption":"The EpochTimes T\u00fcrkiye"},"image":{"@id":"https:\/\/epochtimestr.com\/#\/schema\/logo\/image\/"},"sameAs":["https:\/\/www.facebook.com\/theepochtimestr","https:\/\/x.com\/TheEpochTimesTR","https:\/\/www.instagram.com\/epochtimestr"]},{"@type":"Person","@id":"https:\/\/epochtimestr.com\/#\/schema\/person\/cb975c2e1e5be974d046664ac3c9ced3","name":"Ipek K\u00f6kl\u00fc","image":{"@type":"ImageObject","inLanguage":"tr","@id":"https:\/\/epochtimestr.com\/#\/schema\/person\/image\/","url":"https:\/\/secure.gravatar.com\/avatar\/40a4ddb51e6c76ed4d8217a66e090521?s=96&d=mm&r=g","contentUrl":"https:\/\/secure.gravatar.com\/avatar\/40a4ddb51e6c76ed4d8217a66e090521?s=96&d=mm&r=g","caption":"Ipek K\u00f6kl\u00fc"},"url":"https:\/\/epochtimestr.com\/index.php\/author\/ipek"}]}},"_links":{"self":[{"href":"https:\/\/epochtimestr.com\/index.php\/wp-json\/wp\/v2\/posts\/18362"}],"collection":[{"href":"https:\/\/epochtimestr.com\/index.php\/wp-json\/wp\/v2\/posts"}],"about":[{"href":"https:\/\/epochtimestr.com\/index.php\/wp-json\/wp\/v2\/types\/post"}],"author":[{"embeddable":true,"href":"https:\/\/epochtimestr.com\/index.php\/wp-json\/wp\/v2\/users\/13"}],"replies":[{"embeddable":true,"href":"https:\/\/epochtimestr.com\/index.php\/wp-json\/wp\/v2\/comments?post=18362"}],"version-history":[{"count":2,"href":"https:\/\/epochtimestr.com\/index.php\/wp-json\/wp\/v2\/posts\/18362\/revisions"}],"predecessor-version":[{"id":68099,"href":"https:\/\/epochtimestr.com\/index.php\/wp-json\/wp\/v2\/posts\/18362\/revisions\/68099"}],"wp:attachment":[{"href":"https:\/\/epochtimestr.com\/index.php\/wp-json\/wp\/v2\/media?parent=18362"}],"wp:term":[{"taxonomy":"category","embeddable":true,"href":"https:\/\/epochtimestr.com\/index.php\/wp-json\/wp\/v2\/categories?post=18362"},{"taxonomy":"post_tag","embeddable":true,"href":"https:\/\/epochtimestr.com\/index.php\/wp-json\/wp\/v2\/tags?post=18362"}],"curies":[{"name":"wp","href":"https:\/\/api.w.org\/{rel}","templated":true}]}}