{"id":18969,"date":"2010-11-26T17:10:55","date_gmt":"2010-11-26T15:10:55","guid":{"rendered":"http:\/\/www.epochtimestr.com\/?p=18969"},"modified":"2011-10-24T13:58:09","modified_gmt":"2011-10-24T10:58:09","slug":"ben-iyi-kalpli-biriyim-nasil-kotu-olabilirim-ki","status":"publish","type":"post","link":"https:\/\/epochtimestr.com\/index.php\/ben-iyi-kalpli-biriyim-nasil-kotu-olabilirim-ki","title":{"rendered":"Ben \u0130yi Kalpli Biriyim, Nas\u0131l K\u00f6t\u00fc Olabilirim ki?"},"content":{"rendered":"<p><strong><a class=\"highslide\" onclick=\"return vz.expand(this)\" href=\"http:\/\/www.epochtimestr.com\/wp-content\/uploads\/2010\/kasim\/hhhgg-1234.jpg\"><img loading=\"lazy\" decoding=\"async\" class=\"aligncenter size-thumbnail wp-image-18970\" title=\"hhhgg 1234\" src=\"http:\/\/www.epochtimestr.com\/wp-content\/uploads\/2010\/kasim\/hhhgg-1234-150x150.jpg\" alt=\"\" width=\"150\" height=\"150\" \/><\/a><\/strong><\/p>\n<p>Ben iyi kalpliyim, ama neden bir s\u00fcr\u00fc dertler ac\u0131lar beni buluyor?<\/p>\n<p>Bir defas\u0131nda asil bir bilge hocaya \u015funu sordum: \u201cKarmik ili\u015fki ger\u00e7ekten var m\u0131d\u0131r? E\u011fer varsa, neden benim gibi b\u00f6yle iyi y\u00fcrekli bir ki\u015fi s\u00fcrekli ac\u0131 \u00e7ekerken o k\u00f6t\u00fc insanlar rahat\u00e7a ya\u015fayabiliyor? \u201d<\/p>\n<p>Hoca merhamet dolu cevap verdi: \u201cKarmik ili\u015fki Buda Sakyamuni\u2019nin bizzat anlatt\u0131\u011f\u0131 ger\u00e7ek bir prensiptir, ve hakikaten vard\u0131r! E\u011fer bir ki\u015finin i\u00e7inde ac\u0131 varsa, demek ki bu ki\u015finin i\u00e7inde mutlaka bu ac\u0131yla kar\u015f\u0131l\u0131kl\u0131 bir k\u00f6t\u00fcl\u00fck vard\u0131r. E\u011fer bir ki\u015finin kalbinde hi\u00e7bir k\u00f6t\u00fcl\u00fck kalmad\u0131ysa o ki\u015finin i\u00e7inde de asla ac\u0131 yoktur. Bu y\u00fczden, s\u00fcrekli ac\u0131 \u00e7ekiyorsan i\u00e7inde hala k\u00f6t\u00fcl\u00fck oldu\u011fu anlam\u0131na gelir, ve tam olarak iyi bir ki\u015fi olamam\u0131\u015fs\u0131n hen\u00fcz. Ayr\u0131ca senin g\u00f6z\u00fcndeki \u2018k\u00f6t\u00fc insanlar\u2019 belki de ger\u00e7ek anlamda k\u00f6t\u00fc de\u011fillerdir. Bir ki\u015fi e\u011fer mutluca ya\u015f\u0131yabiliyorsa, en az\u0131ndan ona tam bir k\u00f6t\u00fc insan diyemeyiz. \u201d<\/p>\n<p>\u0130kna olmad\u0131m: \u201cAma ben nas\u0131l k\u00f6t\u00fc insan olabilirim ki? Ben daima iyi y\u00fcrekli bir ki\u015fi oldum bug\u00fcne kadar.\u201d<\/p>\n<p>Hoca: \u201c\u00c7ekti\u011fin ac\u0131lar\u0131 bir say bakal\u0131m, ben de sana i\u00e7inde hangi k\u00f6t\u00fcl\u00fckleri bar\u0131nd\u0131rd\u0131\u011f\u0131n\u0131 s\u00f6yleyeyim.\u201d<\/p>\n<p>\u201c\u00c7ok fazla ac\u0131m var benim! Bazen gelirimi \u00e7ok d\u00fc\u015f\u00fck buluyorum, oturdu\u011fum ev de yeteri kadar geni\u015f de\u011fil, \u00e7o\u011fu zaman \u2018hayatta kalma krizi\u2019ni hissediyorum, bu y\u00fczden ruh halim hi\u00e7 mutlu de\u011fil ve en k\u0131sa zamanda \u015fuanki durumumu de\u011fi\u015ftirmek istiyorum; toplum i\u00e7inde baz\u0131 hi\u00e7bir \u015fey okumam\u0131\u015f bilgisiz insanlar bile varl\u0131kl\u0131 olabiliyorlar, bunu kabul edemiyorum; benim gibi b\u00f6yle e\u011fitimli insanlarsa her ay az\u0131c\u0131k bir maa\u015fla ge\u00e7iniyor, bu ger\u00e7ekten adil de\u011fil; ailem bazen benim tavsiyelerimi g\u00f6rmezden geliyor, bu beni rahats\u0131z ediyor&#8230;&#8230; \u201d bu \u015fekilde hocaya bir y\u0131\u011f\u0131n dertlerimi anlatt\u0131m.<\/p>\n<p>Hoca yine merhametlice konu\u015ftu: \u201c\u015euanki gelirin kendini ve aileni ge\u00e7indirmek i\u00e7in gayet yeterli, oturdu\u011funuz bir eviniz de var, alan\u0131 k\u00fc\u00e7\u00fck olmas\u0131na ra\u011fmen evsizler gibi sokaklarda yatm\u0131yorsunuz, bunlar i\u00e7in ac\u0131 \u00e7ekmen gerekmez. Ama i\u00e7inde paraya ve eve kar\u015f\u0131 a\u00e7g\u00f6zl\u00fc bir iste\u011fin var, bu y\u00fczden ac\u0131 da var. Bu t\u00fcr a\u00e7g\u00f6zl\u00fcl\u00fck k\u00f6t\u00fcd\u00fcr, e\u011fer bu k\u00f6t\u00fcl\u00fc\u011f\u00fc i\u00e7inden giderirsen bu kadar ac\u0131 hissetmezsin.<\/p>\n<p>\u201cToplumdaki e\u011fitimsiz insanlar\u0131n zenginle\u015fmi\u015f olmalar\u0131n\u0131 kabul edemiyorsun, ba\u015fkalar\u0131n\u0131n varl\u0131\u011f\u0131 ve huzuru seninkini ge\u00e7ince mutsuz olu\u015fun k\u0131skan\u00e7l\u0131\u011f\u0131n ta kendisidir, k\u0131skan\u00e7l\u0131k \u00e7ok b\u00fcy\u00fck bir k\u00f6t\u00fcl\u00fckt\u00fcr, mutlaka onu yok etmelisin! K\u0131skanl\u0131\u011f\u0131n yerini ba\u015fkalar\u0131 i\u00e7in sevin\u00e7 duygusu almal\u0131d\u0131r!<\/p>\n<p>\u201cKendini e\u011fitimli buldu\u011fun i\u00e7in y\u00fcksek gelir elde etmen gerekti\u011fini d\u00fc\u015f\u00fcnmen kibirliliktir, kibir de bir k\u00f6t\u00fcl\u00fckt\u00fcr; \u2018e\u011fitimliler daha \u00e7ok kazanmal\u0131\u2019 fikri aptalcad\u0131r, \u00e7\u00fcnk\u00fc bilgi zenginli\u011fin kayna\u011f\u0131 de\u011fildir, ge\u00e7mi\u015f hayatta biriktirdi\u011fin erdem bu hayatta zengin olman\u0131n sebebidir. Aptall\u0131k da bir k\u00f6t\u00fcl\u00fckt\u00fcr! \u015e\u00f6yle bir s\u00f6z vard\u0131r: \u2018Kibirli da\u011fdan erdemli su do\u011fmaz\u2019, bir ki\u015fi kibirli olursa kendi eksikli\u011fini g\u00f6rmez olur, bu nedenle kendi kalbindeki k\u00f6t\u00fcl\u00fcklerini g\u00f6r\u00fcp de d\u00fczeltemez. Bu y\u00fczden kibirli insanlar ilerleyecekleri yola bizzat kendileri engel koyarlar. Bunun d\u0131\u015f\u0131nda kibirli insanlar \u00e7o\u011fu zaman hayal k\u0131r\u0131kl\u0131\u011f\u0131 ve a\u015fa\u011f\u0131l\u0131k duygusu hissederler. Bir ki\u015fi ancak kendi i\u00e7 d\u00fcnyas\u0131ndan ba\u015flayarak geni\u015f y\u00fcrekli olmay\u0131 \u00f6\u011frendi\u011fi zaman ve al\u00e7akg\u00f6n\u00fcll\u00fc oldu\u011fu zaman zengin ve huzurlu hisseder.\u201d<\/p>\n<p>\u201cAilen tavsiyelerini dinlemedikleri i\u00e7in rahats\u0131zl\u0131k duyuyorsun, bu, ho\u015fg\u00f6r\u00fcl\u00fckten yoksunluktur. Onlar senin ailen olmalar\u0131na ra\u011fmen kendi d\u00fc\u015f\u00fcnce ve fikirleri vard\u0131r, neden\u00a0 senin d\u00fc\u015f\u00fcncelerinle bir olmalar\u0131 i\u00e7in zorluyorsun? Ho\u015fg\u00f6r\u00fcs\u00fcz olmak dar kalpliliktir, bu da k\u00f6t\u00fcd\u00fcr!\u201d<\/p>\n<p>Hoca konu\u015fmas\u0131na devam eder: \u201cA\u00e7g\u00f6zl\u00fcl\u00fck, k\u0131skan\u00e7l\u0131k, kibirlilik, aptall\u0131k, dar kalplilik, bunlar\u0131n hepsi birer k\u00f6t\u00fcl\u00fckt\u00fcr. Kalbinde bu k\u00f6t\u00fcl\u00fckler ya\u015fad\u0131\u011f\u0131 i\u00e7in bu k\u00f6t\u00fcl\u00fcklere kar\u015f\u0131l\u0131kl\u0131 olarak verdikleri ac\u0131y\u0131 ya\u015fars\u0131n. E\u011fer i\u00e7indeki bu k\u00f6t\u00fc d\u00fc\u015f\u00fcnceleri k\u00f6k\u00fcnden yok edebilirsen, \u00e7ekti\u011fin ac\u0131lar da beraber yok olacakt\u0131r. Mutlu ve memnuniyet g\u00f6z\u00fcyle gelirine ve evine bakmal\u0131s\u0131n! A\u00e7l\u0131ktan veya so\u011fukluktan \u00f6lmen m\u00fcmk\u00fcn de\u011fil, o zengin insanlar da a\u00e7l\u0131ktan veya so\u011fukluktan \u00f6lmedikleri i\u00e7in hala hayattalar. \u015eunu g\u00f6rmelisin ki, mutluluk zenginli\u011fe ba\u011fl\u0131 de\u011fildir, bizim hayata olan tavr\u0131m\u0131za ba\u011fl\u0131d\u0131r. \u0130yimser, huzurlu ve \u00e7al\u0131\u015fkan bir ya\u015fam tavr\u0131yla \u00f6nceden var olan a\u00e7g\u00f6zl\u00fcl\u00fc\u011f\u00fcn yerini ald\u0131\u011f\u0131nda gitgide kalbine mutluluk dolar. Buda prensiplerinin bilgeli\u011fini s\u0131k\u00e7a \u00e7al\u0131\u015fmal\u0131s\u0131n ve her \u015feyin karmik ili\u015fkisi oldu\u011funu anlamal\u0131s\u0131n, b\u00f6ylece d\u00fc\u015f\u00fcncelerin, hareketlerin ve s\u00f6zlerin i\u00e7inde se\u00e7im yapmay\u0131 \u00f6\u011frenirsin. Ancak b\u00f6ylece ayd\u0131nlanm\u0131\u015f ve huzurlu olabilirsin. Bu u\u00e7suz bucaks\u0131z evren her\u015feyi i\u00e7ine dahil edebildi\u011fi i\u00e7in, toprak her\u015feyi \u00fczerinde ta\u015f\u0131yabildi\u011fi i\u00e7in t\u00fcm ya\u015famlar bu d\u00fcnyada \u00e7e\u015fitli halleriyle bar\u0131nabiliyor!<\/p>\n<p>\u201cBir insan bu d\u00fcnyada ya\u015fad\u0131\u011f\u0131 s\u00fcrece, ba\u015fkalar\u0131n\u0131n hareketlerini ve konu\u015fmalar\u0131n\u0131 geli\u015fig\u00fczel ele\u015ftirmemeli, kendi akrabas\u0131 olsa bile onu hi\u00e7bir \u015feye zorlayamaz, her\u015fey ak\u0131\u015f\u0131na b\u0131rak\u0131lmal! Her zaman iyi y\u00fcrekle ba\u015fkalar\u0131na yard\u0131m etmeli ancak a\u00e7g\u00f6zl\u00fc olmamal\u0131 veya herhangi bir\u015fey \u00fcst\u00fcnde inat etmemeli. E\u011fer bir ki\u015finin kalbi evren gibi t\u00fcm ya\u015famlar\u0131 i\u00e7inde ya\u015fatabilecek kadar enginse, bu ki\u015fi neden ac\u0131 \u00e7eksin ki? \u201d<\/p>\n<p>Hocan\u0131n bu s\u00f6zlerini dinleyince bir s\u00fcredir sessiz kald\u0131m, g\u00f6zya\u015flar\u0131m g\u00f6zlerimden ak\u0131verdi. Kendimi bug\u00fcne kadar hep \u00e7ok iyi kalpli biri san\u0131yordum, ama bug\u00fcn kendimi asl\u0131nda ne kadar k\u00f6t\u00fc oldu\u011fumu anlad\u0131m! \u0130\u00e7imde \u00e7e\u015fitli k\u00f6t\u00fcl\u00fck oldu\u011fu i\u00e7in \u00e7e\u015fitli ac\u0131lar \u00e7ekiyordum. E\u011fer kalbim temiz olsayd\u0131 nas\u0131l ac\u0131 \u00e7ekerdim ki?<\/p>\n<p>22 Ekim 2010, Cuma<\/p>\n<p>A Korea Blogcu<\/p>\n","protected":false},"excerpt":{"rendered":"<p>Bu u\u00e7suz bucaks\u0131z evren her\u015feyi i\u00e7ine dahil edebildi\u011fi i\u00e7in, toprak her\u015feyi \u00fczerinde ta\u015f\u0131yabildi\u011fi i\u00e7in t\u00fcm ya\u015famlar bu d\u00fcnyada \u00e7e\u015fitli halleriyle bar\u0131nabiliyor!<\/p>\n","protected":false},"author":22,"featured_media":0,"comment_status":"open","ping_status":"open","sticky":false,"template":"","format":"standard","meta":{"_yoast_wpseo_focuskw":"","_yoast_wpseo_title":"","_yoast_wpseo_metadesc":"","_bbp_topic_count":0,"_bbp_reply_count":0,"_bbp_total_topic_count":0,"_bbp_total_reply_count":0,"_bbp_voice_count":0,"_bbp_anonymous_reply_count":0,"_bbp_topic_count_hidden":0,"_bbp_reply_count_hidden":0,"_bbp_forum_subforum_count":0,"footnotes":"","_yoast_wpseo_focuskw_text_input":""},"categories":[15],"tags":[],"yoast_head":"<!-- This site is optimized with the Yoast SEO plugin v23.0 - https:\/\/yoast.com\/wordpress\/plugins\/seo\/ -->\n<title>Ben \u0130yi Kalpli Biriyim, Nas\u0131l K\u00f6t\u00fc Olabilirim ki? - The Epoch Times TR<\/title>\n<meta name=\"robots\" content=\"index, follow, max-snippet:-1, max-image-preview:large, max-video-preview:-1\" \/>\n<link rel=\"canonical\" href=\"https:\/\/epochtimestr.com\/index.php\/ben-iyi-kalpli-biriyim-nasil-kotu-olabilirim-ki\" \/>\n<meta property=\"og:locale\" content=\"tr_TR\" \/>\n<meta property=\"og:type\" content=\"article\" \/>\n<meta property=\"og:title\" content=\"Ben \u0130yi Kalpli Biriyim, Nas\u0131l K\u00f6t\u00fc Olabilirim ki? - The Epoch Times TR\" \/>\n<meta property=\"og:description\" content=\"Bu u\u00e7suz bucaks\u0131z evren her\u015feyi i\u00e7ine dahil edebildi\u011fi i\u00e7in, toprak her\u015feyi \u00fczerinde ta\u015f\u0131yabildi\u011fi i\u00e7in t\u00fcm ya\u015famlar bu d\u00fcnyada \u00e7e\u015fitli halleriyle bar\u0131nabiliyor!\" \/>\n<meta property=\"og:url\" content=\"https:\/\/epochtimestr.com\/index.php\/ben-iyi-kalpli-biriyim-nasil-kotu-olabilirim-ki\" \/>\n<meta property=\"og:site_name\" content=\"The Epoch Times TR\" \/>\n<meta property=\"article:publisher\" content=\"https:\/\/www.facebook.com\/theepochtimestr\" \/>\n<meta property=\"article:published_time\" content=\"2010-11-26T15:10:55+00:00\" \/>\n<meta property=\"article:modified_time\" content=\"2011-10-24T10:58:09+00:00\" \/>\n<meta property=\"og:image\" content=\"http:\/\/www.epochtimestr.com\/wp-content\/uploads\/2010\/kasim\/hhhgg-1234-150x150.jpg\" \/>\n<meta name=\"author\" content=\"G.Hakan Ko\u00e7man\" \/>\n<meta name=\"twitter:card\" content=\"summary_large_image\" \/>\n<meta name=\"twitter:creator\" content=\"@TheEpochTimesTR\" \/>\n<meta name=\"twitter:site\" content=\"@TheEpochTimesTR\" \/>\n<meta name=\"twitter:label1\" content=\"Yazan:\" \/>\n\t<meta name=\"twitter:data1\" content=\"G.Hakan Ko\u00e7man\" \/>\n\t<meta name=\"twitter:label2\" content=\"Tahmini okuma s\u00fcresi\" \/>\n\t<meta name=\"twitter:data2\" content=\"6 dakika\" \/>\n<script type=\"application\/ld+json\" class=\"yoast-schema-graph\">{\"@context\":\"https:\/\/schema.org\",\"@graph\":[{\"@type\":\"Article\",\"@id\":\"https:\/\/epochtimestr.com\/index.php\/ben-iyi-kalpli-biriyim-nasil-kotu-olabilirim-ki#article\",\"isPartOf\":{\"@id\":\"https:\/\/epochtimestr.com\/index.php\/ben-iyi-kalpli-biriyim-nasil-kotu-olabilirim-ki\"},\"author\":{\"name\":\"G.Hakan Ko\u00e7man\",\"@id\":\"https:\/\/epochtimestr.com\/#\/schema\/person\/b5509977c9a6cd729a3e74d9743d035b\"},\"headline\":\"Ben \u0130yi Kalpli Biriyim, Nas\u0131l K\u00f6t\u00fc Olabilirim ki?\",\"datePublished\":\"2010-11-26T15:10:55+00:00\",\"dateModified\":\"2011-10-24T10:58:09+00:00\",\"mainEntityOfPage\":{\"@id\":\"https:\/\/epochtimestr.com\/index.php\/ben-iyi-kalpli-biriyim-nasil-kotu-olabilirim-ki\"},\"wordCount\":1131,\"commentCount\":0,\"publisher\":{\"@id\":\"https:\/\/epochtimestr.com\/#organization\"},\"image\":{\"@id\":\"https:\/\/epochtimestr.com\/index.php\/ben-iyi-kalpli-biriyim-nasil-kotu-olabilirim-ki#primaryimage\"},\"thumbnailUrl\":\"http:\/\/www.epochtimestr.com\/wp-content\/uploads\/2010\/kasim\/hhhgg-1234-150x150.jpg\",\"articleSection\":[\"YA\u015eAM TARZI\"],\"inLanguage\":\"tr\",\"potentialAction\":[{\"@type\":\"CommentAction\",\"name\":\"Comment\",\"target\":[\"https:\/\/epochtimestr.com\/index.php\/ben-iyi-kalpli-biriyim-nasil-kotu-olabilirim-ki#respond\"]}]},{\"@type\":\"WebPage\",\"@id\":\"https:\/\/epochtimestr.com\/index.php\/ben-iyi-kalpli-biriyim-nasil-kotu-olabilirim-ki\",\"url\":\"https:\/\/epochtimestr.com\/index.php\/ben-iyi-kalpli-biriyim-nasil-kotu-olabilirim-ki\",\"name\":\"Ben \u0130yi Kalpli Biriyim, Nas\u0131l K\u00f6t\u00fc Olabilirim ki? - The Epoch Times TR\",\"isPartOf\":{\"@id\":\"https:\/\/epochtimestr.com\/#website\"},\"primaryImageOfPage\":{\"@id\":\"https:\/\/epochtimestr.com\/index.php\/ben-iyi-kalpli-biriyim-nasil-kotu-olabilirim-ki#primaryimage\"},\"image\":{\"@id\":\"https:\/\/epochtimestr.com\/index.php\/ben-iyi-kalpli-biriyim-nasil-kotu-olabilirim-ki#primaryimage\"},\"thumbnailUrl\":\"http:\/\/www.epochtimestr.com\/wp-content\/uploads\/2010\/kasim\/hhhgg-1234-150x150.jpg\",\"datePublished\":\"2010-11-26T15:10:55+00:00\",\"dateModified\":\"2011-10-24T10:58:09+00:00\",\"inLanguage\":\"tr\",\"potentialAction\":[{\"@type\":\"ReadAction\",\"target\":[\"https:\/\/epochtimestr.com\/index.php\/ben-iyi-kalpli-biriyim-nasil-kotu-olabilirim-ki\"]}]},{\"@type\":\"ImageObject\",\"inLanguage\":\"tr\",\"@id\":\"https:\/\/epochtimestr.com\/index.php\/ben-iyi-kalpli-biriyim-nasil-kotu-olabilirim-ki#primaryimage\",\"url\":\"http:\/\/www.epochtimestr.com\/wp-content\/uploads\/2010\/kasim\/hhhgg-1234-150x150.jpg\",\"contentUrl\":\"http:\/\/www.epochtimestr.com\/wp-content\/uploads\/2010\/kasim\/hhhgg-1234-150x150.jpg\"},{\"@type\":\"WebSite\",\"@id\":\"https:\/\/epochtimestr.com\/#website\",\"url\":\"https:\/\/epochtimestr.com\/\",\"name\":\"The Epoch Times TR\",\"description\":\"De\u011fi\u015fen D\u00fcnyam\u0131za Taze Bir Bak\u0131\u015f\",\"publisher\":{\"@id\":\"https:\/\/epochtimestr.com\/#organization\"},\"potentialAction\":[{\"@type\":\"SearchAction\",\"target\":{\"@type\":\"EntryPoint\",\"urlTemplate\":\"https:\/\/epochtimestr.com\/?s={search_term_string}\"},\"query-input\":\"required name=search_term_string\"}],\"inLanguage\":\"tr\"},{\"@type\":\"Organization\",\"@id\":\"https:\/\/epochtimestr.com\/#organization\",\"name\":\"The EpochTimes T\u00fcrkiye\",\"url\":\"https:\/\/epochtimestr.com\/\",\"logo\":{\"@type\":\"ImageObject\",\"inLanguage\":\"tr\",\"@id\":\"https:\/\/epochtimestr.com\/#\/schema\/logo\/image\/\",\"url\":\"https:\/\/epochtimestr.com\/wp-content\/uploads\/2011y\/ET-Logo-YG.jpg\",\"contentUrl\":\"https:\/\/epochtimestr.com\/wp-content\/uploads\/2011y\/ET-Logo-YG.jpg\",\"width\":346,\"height\":29,\"caption\":\"The EpochTimes T\u00fcrkiye\"},\"image\":{\"@id\":\"https:\/\/epochtimestr.com\/#\/schema\/logo\/image\/\"},\"sameAs\":[\"https:\/\/www.facebook.com\/theepochtimestr\",\"https:\/\/x.com\/TheEpochTimesTR\",\"https:\/\/www.instagram.com\/epochtimestr\"]},{\"@type\":\"Person\",\"@id\":\"https:\/\/epochtimestr.com\/#\/schema\/person\/b5509977c9a6cd729a3e74d9743d035b\",\"name\":\"G.Hakan Ko\u00e7man\",\"image\":{\"@type\":\"ImageObject\",\"inLanguage\":\"tr\",\"@id\":\"https:\/\/epochtimestr.com\/#\/schema\/person\/image\/\",\"url\":\"https:\/\/secure.gravatar.com\/avatar\/e4eafee1ab5d1f4015c3930376b22ca8?s=96&d=mm&r=g\",\"contentUrl\":\"https:\/\/secure.gravatar.com\/avatar\/e4eafee1ab5d1f4015c3930376b22ca8?s=96&d=mm&r=g\",\"caption\":\"G.Hakan Ko\u00e7man\"},\"url\":\"https:\/\/epochtimestr.com\/index.php\/author\/hakan\"}]}<\/script>\n<!-- \/ Yoast SEO plugin. -->","yoast_head_json":{"title":"Ben \u0130yi Kalpli Biriyim, Nas\u0131l K\u00f6t\u00fc Olabilirim ki? - The Epoch Times TR","robots":{"index":"index","follow":"follow","max-snippet":"max-snippet:-1","max-image-preview":"max-image-preview:large","max-video-preview":"max-video-preview:-1"},"canonical":"https:\/\/epochtimestr.com\/index.php\/ben-iyi-kalpli-biriyim-nasil-kotu-olabilirim-ki","og_locale":"tr_TR","og_type":"article","og_title":"Ben \u0130yi Kalpli Biriyim, Nas\u0131l K\u00f6t\u00fc Olabilirim ki? - The Epoch Times TR","og_description":"Bu u\u00e7suz bucaks\u0131z evren her\u015feyi i\u00e7ine dahil edebildi\u011fi i\u00e7in, toprak her\u015feyi \u00fczerinde ta\u015f\u0131yabildi\u011fi i\u00e7in t\u00fcm ya\u015famlar bu d\u00fcnyada \u00e7e\u015fitli halleriyle bar\u0131nabiliyor!","og_url":"https:\/\/epochtimestr.com\/index.php\/ben-iyi-kalpli-biriyim-nasil-kotu-olabilirim-ki","og_site_name":"The Epoch Times TR","article_publisher":"https:\/\/www.facebook.com\/theepochtimestr","article_published_time":"2010-11-26T15:10:55+00:00","article_modified_time":"2011-10-24T10:58:09+00:00","og_image":[{"url":"http:\/\/www.epochtimestr.com\/wp-content\/uploads\/2010\/kasim\/hhhgg-1234-150x150.jpg"}],"author":"G.Hakan Ko\u00e7man","twitter_card":"summary_large_image","twitter_creator":"@TheEpochTimesTR","twitter_site":"@TheEpochTimesTR","twitter_misc":{"Yazan:":"G.Hakan Ko\u00e7man","Tahmini okuma s\u00fcresi":"6 dakika"},"schema":{"@context":"https:\/\/schema.org","@graph":[{"@type":"Article","@id":"https:\/\/epochtimestr.com\/index.php\/ben-iyi-kalpli-biriyim-nasil-kotu-olabilirim-ki#article","isPartOf":{"@id":"https:\/\/epochtimestr.com\/index.php\/ben-iyi-kalpli-biriyim-nasil-kotu-olabilirim-ki"},"author":{"name":"G.Hakan Ko\u00e7man","@id":"https:\/\/epochtimestr.com\/#\/schema\/person\/b5509977c9a6cd729a3e74d9743d035b"},"headline":"Ben \u0130yi Kalpli Biriyim, Nas\u0131l K\u00f6t\u00fc Olabilirim ki?","datePublished":"2010-11-26T15:10:55+00:00","dateModified":"2011-10-24T10:58:09+00:00","mainEntityOfPage":{"@id":"https:\/\/epochtimestr.com\/index.php\/ben-iyi-kalpli-biriyim-nasil-kotu-olabilirim-ki"},"wordCount":1131,"commentCount":0,"publisher":{"@id":"https:\/\/epochtimestr.com\/#organization"},"image":{"@id":"https:\/\/epochtimestr.com\/index.php\/ben-iyi-kalpli-biriyim-nasil-kotu-olabilirim-ki#primaryimage"},"thumbnailUrl":"http:\/\/www.epochtimestr.com\/wp-content\/uploads\/2010\/kasim\/hhhgg-1234-150x150.jpg","articleSection":["YA\u015eAM TARZI"],"inLanguage":"tr","potentialAction":[{"@type":"CommentAction","name":"Comment","target":["https:\/\/epochtimestr.com\/index.php\/ben-iyi-kalpli-biriyim-nasil-kotu-olabilirim-ki#respond"]}]},{"@type":"WebPage","@id":"https:\/\/epochtimestr.com\/index.php\/ben-iyi-kalpli-biriyim-nasil-kotu-olabilirim-ki","url":"https:\/\/epochtimestr.com\/index.php\/ben-iyi-kalpli-biriyim-nasil-kotu-olabilirim-ki","name":"Ben \u0130yi Kalpli Biriyim, Nas\u0131l K\u00f6t\u00fc Olabilirim ki? - The Epoch Times TR","isPartOf":{"@id":"https:\/\/epochtimestr.com\/#website"},"primaryImageOfPage":{"@id":"https:\/\/epochtimestr.com\/index.php\/ben-iyi-kalpli-biriyim-nasil-kotu-olabilirim-ki#primaryimage"},"image":{"@id":"https:\/\/epochtimestr.com\/index.php\/ben-iyi-kalpli-biriyim-nasil-kotu-olabilirim-ki#primaryimage"},"thumbnailUrl":"http:\/\/www.epochtimestr.com\/wp-content\/uploads\/2010\/kasim\/hhhgg-1234-150x150.jpg","datePublished":"2010-11-26T15:10:55+00:00","dateModified":"2011-10-24T10:58:09+00:00","inLanguage":"tr","potentialAction":[{"@type":"ReadAction","target":["https:\/\/epochtimestr.com\/index.php\/ben-iyi-kalpli-biriyim-nasil-kotu-olabilirim-ki"]}]},{"@type":"ImageObject","inLanguage":"tr","@id":"https:\/\/epochtimestr.com\/index.php\/ben-iyi-kalpli-biriyim-nasil-kotu-olabilirim-ki#primaryimage","url":"http:\/\/www.epochtimestr.com\/wp-content\/uploads\/2010\/kasim\/hhhgg-1234-150x150.jpg","contentUrl":"http:\/\/www.epochtimestr.com\/wp-content\/uploads\/2010\/kasim\/hhhgg-1234-150x150.jpg"},{"@type":"WebSite","@id":"https:\/\/epochtimestr.com\/#website","url":"https:\/\/epochtimestr.com\/","name":"The Epoch Times TR","description":"De\u011fi\u015fen D\u00fcnyam\u0131za Taze Bir Bak\u0131\u015f","publisher":{"@id":"https:\/\/epochtimestr.com\/#organization"},"potentialAction":[{"@type":"SearchAction","target":{"@type":"EntryPoint","urlTemplate":"https:\/\/epochtimestr.com\/?s={search_term_string}"},"query-input":"required name=search_term_string"}],"inLanguage":"tr"},{"@type":"Organization","@id":"https:\/\/epochtimestr.com\/#organization","name":"The EpochTimes T\u00fcrkiye","url":"https:\/\/epochtimestr.com\/","logo":{"@type":"ImageObject","inLanguage":"tr","@id":"https:\/\/epochtimestr.com\/#\/schema\/logo\/image\/","url":"https:\/\/epochtimestr.com\/wp-content\/uploads\/2011y\/ET-Logo-YG.jpg","contentUrl":"https:\/\/epochtimestr.com\/wp-content\/uploads\/2011y\/ET-Logo-YG.jpg","width":346,"height":29,"caption":"The EpochTimes T\u00fcrkiye"},"image":{"@id":"https:\/\/epochtimestr.com\/#\/schema\/logo\/image\/"},"sameAs":["https:\/\/www.facebook.com\/theepochtimestr","https:\/\/x.com\/TheEpochTimesTR","https:\/\/www.instagram.com\/epochtimestr"]},{"@type":"Person","@id":"https:\/\/epochtimestr.com\/#\/schema\/person\/b5509977c9a6cd729a3e74d9743d035b","name":"G.Hakan Ko\u00e7man","image":{"@type":"ImageObject","inLanguage":"tr","@id":"https:\/\/epochtimestr.com\/#\/schema\/person\/image\/","url":"https:\/\/secure.gravatar.com\/avatar\/e4eafee1ab5d1f4015c3930376b22ca8?s=96&d=mm&r=g","contentUrl":"https:\/\/secure.gravatar.com\/avatar\/e4eafee1ab5d1f4015c3930376b22ca8?s=96&d=mm&r=g","caption":"G.Hakan Ko\u00e7man"},"url":"https:\/\/epochtimestr.com\/index.php\/author\/hakan"}]}},"_links":{"self":[{"href":"https:\/\/epochtimestr.com\/index.php\/wp-json\/wp\/v2\/posts\/18969"}],"collection":[{"href":"https:\/\/epochtimestr.com\/index.php\/wp-json\/wp\/v2\/posts"}],"about":[{"href":"https:\/\/epochtimestr.com\/index.php\/wp-json\/wp\/v2\/types\/post"}],"author":[{"embeddable":true,"href":"https:\/\/epochtimestr.com\/index.php\/wp-json\/wp\/v2\/users\/22"}],"replies":[{"embeddable":true,"href":"https:\/\/epochtimestr.com\/index.php\/wp-json\/wp\/v2\/comments?post=18969"}],"version-history":[{"count":6,"href":"https:\/\/epochtimestr.com\/index.php\/wp-json\/wp\/v2\/posts\/18969\/revisions"}],"predecessor-version":[{"id":48871,"href":"https:\/\/epochtimestr.com\/index.php\/wp-json\/wp\/v2\/posts\/18969\/revisions\/48871"}],"wp:attachment":[{"href":"https:\/\/epochtimestr.com\/index.php\/wp-json\/wp\/v2\/media?parent=18969"}],"wp:term":[{"taxonomy":"category","embeddable":true,"href":"https:\/\/epochtimestr.com\/index.php\/wp-json\/wp\/v2\/categories?post=18969"},{"taxonomy":"post_tag","embeddable":true,"href":"https:\/\/epochtimestr.com\/index.php\/wp-json\/wp\/v2\/tags?post=18969"}],"curies":[{"name":"wp","href":"https:\/\/api.w.org\/{rel}","templated":true}]}}