{"id":19487,"date":"2010-12-02T14:30:30","date_gmt":"2010-12-02T12:30:30","guid":{"rendered":"http:\/\/www.epochtimestr.com\/?p=19487"},"modified":"2010-12-02T14:34:31","modified_gmt":"2010-12-02T12:34:31","slug":"tuluyhan-ugurlu-yeni-albumunu-ilk-kez-kapalicarsida-seslendirecek","status":"publish","type":"post","link":"https:\/\/epochtimestr.com\/index.php\/tuluyhan-ugurlu-yeni-albumunu-ilk-kez-kapalicarsida-seslendirecek","title":{"rendered":"Tuluyhan U\u011furlu, Yeni Alb\u00fcm\u00fcn\u00fc \u0130lk Kez Kapal\u0131\u00e7ar\u015f\u0131&#8217;da Seslendirecek"},"content":{"rendered":"<p><a>\u00a0<\/p>\n<p><\/a><\/p>\n<p style=\"text-align: justify\"><span style=\"color: #000000\"><strong><a class=\"highslide\" href=\"http:\/\/www.epochtimestr.com\/wp-content\/uploads\/2010\/aralik\/1547451_p.jpg\"><img loading=\"lazy\" decoding=\"async\" class=\"alignright size-medium wp-image-19488\" src=\"http:\/\/www.epochtimestr.com\/wp-content\/uploads\/2010\/aralik\/1547451_p-210x300.jpg\" alt=\"\" width=\"210\" height=\"300\" \/><\/a>\u0130STANBUL<\/strong>-\u0130stanbul&#8217;un en \u00f6nemli simgelerinden Kapal\u0131\u00e7ar\u015f\u0131 2011&#8217;de 550. y\u0131l\u0131n\u0131 kutluyor. Temeli 1461&#8217;de Fatih Sultan Mehmet taraf\u0131ndan at\u0131lan ve uzmanlarca d\u00fcnyan\u0131n en \u00f6nemli tarihi \u00e7ar\u015f\u0131s\u0131 olarak g\u00f6sterilen Kapal\u0131\u00e7ar\u015f\u0131&#8217;n\u0131n 550. y\u0131l etkinlikleri, Tuluyhan U\u011furlu&#8217;nun \u00e7ar\u015f\u0131da verece\u011fi konserle ba\u015fl\u0131yor. \u00dcnl\u00fc piyanist, yeni alb\u00fcm\u00fc &#8216;Sonsuza Kadar \u0130stanbul&#8217;u ilk kez seslendirecek.<\/span><\/p>\n<p style=\"text-align: justify\"><span style=\"color: #000000\">Pazar g\u00fcnleri kapal\u0131 olan \u00e7ar\u015f\u0131, 26 Aral\u0131k Pazar g\u00fcn\u00fc Tuluyhan U\u011furlu konseri i\u00e7in \u00f6zel olarak a\u00e7\u0131lacak. Tuluyhan U\u011furlu&#8217;nun t\u00fcm konserlerinde oldu\u011fu gibi Kapal\u0131\u00e7ar\u015f\u0131 konseri boyunca \u0130stanbul&#8217;u anlatan g\u00f6rsel bir sunumdan yararlan\u0131lacak. Kapal\u0131\u00e7ar\u015f\u0131 konseri \u00f6ncesi ve iki b\u00f6l\u00fcm aras\u0131nda konuklara T\u00fcrkiye&#8217;nin b\u00fcy\u00fck g\u0131da firmalar\u0131 \u00e7e\u015fitli ikramlar yap\u0131lacak.<\/span><\/p>\n<p style=\"text-align: justify\"><span style=\"color: #000000\">\u00dcnl\u00fc piyanistin ilk kez seslendirece\u011fi &#8216;Sonsuza Kadar \u0130stanbul&#8217; isimli alb\u00fcm\u00fc, U\u011furlu&#8217;nun 2006&#8217;da \u00e7\u0131kard\u0131\u011f\u0131 ve 250&#8217;nin \u00fczerinde konserde seslendirdi\u011fi &#8216;D\u00fcnya Ba\u015fkenti \u0130stanbul&#8217; isimli eserinin devam\u0131 niteli\u011finde. Alb\u00fcmde yer alan eserlerin t\u00fcm\u00fc Tuluyhan U\u011furlu&#8217;ya ait. Yeni alb\u00fcm\u00fcn b\u00f6l\u00fcmleri \u015f\u00f6yle: &#8220;Sonsuza Kadar \u0130stanbul, Sabah\u0131n \u0130lk I\u015f\u0131klar\u0131, Yedi Renk, Gelecek Ku\u015faklar, Cumhuriyet G\u00fcne\u015fi, Ara Sokaklar, Kuleler, \u0130stanbul Seni \u00c7a\u011f\u0131r\u0131yor. Konserde ge\u00e7mi\u015ften gelece\u011fe Kapal\u0131\u00e7ar\u015f\u0131&#8217;n\u0131n anlat\u0131ld\u0131\u011f\u0131 \u00f6zel bir b\u00f6l\u00fcm&#8221;<\/span><\/p>\n<p style=\"text-align: justify\"><span style=\"color: #000000\">Konserde, Tuluyhan U\u011furlu&#8217;ya kavalda Murat Toraman, viyolada Do\u011fukan \u00c7ok\u015feker, yayl\u0131 tambur ve elektrogitarda U\u011fur Varol, kontra basta Umut Sel, vurmal\u0131 enstr\u00fcmanlarda G\u00fcrkan \u00d6zkan e\u015flik edecek.<\/span><\/p>\n","protected":false},"excerpt":{"rendered":"<p>\u00a0 \u0130STANBUL-\u0130stanbul&#8217;un en \u00f6nemli simgelerinden Kapal\u0131\u00e7ar\u015f\u0131 2011&#8217;de 550. y\u0131l\u0131n\u0131 kutluyor. Temeli 1461&#8217;de Fatih Sultan Mehmet taraf\u0131ndan at\u0131lan ve uzmanlarca d\u00fcnyan\u0131n en \u00f6nemli tarihi \u00e7ar\u015f\u0131s\u0131 olarak g\u00f6sterilen Kapal\u0131\u00e7ar\u015f\u0131&#8217;n\u0131n 550. y\u0131l etkinlikleri, Tuluyhan U\u011furlu&#8217;nun \u00e7ar\u015f\u0131da verece\u011fi konserle ba\u015fl\u0131yor. \u00dcnl\u00fc piyanist, yeni alb\u00fcm\u00fc &#8216;Sonsuza Kadar \u0130stanbul&#8217;u ilk kez seslendirecek. Pazar g\u00fcnleri kapal\u0131 olan \u00e7ar\u015f\u0131, 26 Aral\u0131k Pazar g\u00fcn\u00fc [&hellip;]<\/p>\n","protected":false},"author":13,"featured_media":0,"comment_status":"open","ping_status":"open","sticky":false,"template":"","format":"standard","meta":{"_yoast_wpseo_focuskw":"","_yoast_wpseo_title":"","_yoast_wpseo_metadesc":"","_bbp_topic_count":0,"_bbp_reply_count":0,"_bbp_total_topic_count":0,"_bbp_total_reply_count":0,"_bbp_voice_count":0,"_bbp_anonymous_reply_count":0,"_bbp_topic_count_hidden":0,"_bbp_reply_count_hidden":0,"_bbp_forum_subforum_count":0,"footnotes":"","_yoast_wpseo_focuskw_text_input":""},"categories":[16],"tags":[],"yoast_head":"<!-- This site is optimized with the Yoast SEO plugin v23.0 - https:\/\/yoast.com\/wordpress\/plugins\/seo\/ -->\n<title>Tuluyhan U\u011furlu, Yeni Alb\u00fcm\u00fcn\u00fc \u0130lk Kez Kapal\u0131\u00e7ar\u015f\u0131&#039;da Seslendirecek - The Epoch Times TR<\/title>\n<meta name=\"robots\" content=\"index, follow, max-snippet:-1, max-image-preview:large, max-video-preview:-1\" \/>\n<link rel=\"canonical\" href=\"https:\/\/epochtimestr.com\/index.php\/tuluyhan-ugurlu-yeni-albumunu-ilk-kez-kapalicarsida-seslendirecek\" \/>\n<meta property=\"og:locale\" content=\"tr_TR\" \/>\n<meta property=\"og:type\" content=\"article\" \/>\n<meta property=\"og:title\" content=\"Tuluyhan U\u011furlu, Yeni Alb\u00fcm\u00fcn\u00fc \u0130lk Kez Kapal\u0131\u00e7ar\u015f\u0131&#039;da Seslendirecek - The Epoch Times TR\" \/>\n<meta property=\"og:description\" content=\"\u00a0 \u0130STANBUL-\u0130stanbul&#8217;un en \u00f6nemli simgelerinden Kapal\u0131\u00e7ar\u015f\u0131 2011&#8217;de 550. y\u0131l\u0131n\u0131 kutluyor. Temeli 1461&#8217;de Fatih Sultan Mehmet taraf\u0131ndan at\u0131lan ve uzmanlarca d\u00fcnyan\u0131n en \u00f6nemli tarihi \u00e7ar\u015f\u0131s\u0131 olarak g\u00f6sterilen Kapal\u0131\u00e7ar\u015f\u0131&#8217;n\u0131n 550. y\u0131l etkinlikleri, Tuluyhan U\u011furlu&#8217;nun \u00e7ar\u015f\u0131da verece\u011fi konserle ba\u015fl\u0131yor. \u00dcnl\u00fc piyanist, yeni alb\u00fcm\u00fc &#8216;Sonsuza Kadar \u0130stanbul&#8217;u ilk kez seslendirecek. Pazar g\u00fcnleri kapal\u0131 olan \u00e7ar\u015f\u0131, 26 Aral\u0131k Pazar g\u00fcn\u00fc [&hellip;]\" \/>\n<meta property=\"og:url\" content=\"https:\/\/epochtimestr.com\/index.php\/tuluyhan-ugurlu-yeni-albumunu-ilk-kez-kapalicarsida-seslendirecek\" \/>\n<meta property=\"og:site_name\" content=\"The Epoch Times TR\" \/>\n<meta property=\"article:publisher\" content=\"https:\/\/www.facebook.com\/theepochtimestr\" \/>\n<meta property=\"article:published_time\" content=\"2010-12-02T12:30:30+00:00\" \/>\n<meta property=\"article:modified_time\" content=\"2010-12-02T12:34:31+00:00\" \/>\n<meta property=\"og:image\" content=\"http:\/\/www.epochtimestr.com\/wp-content\/uploads\/2010\/aralik\/1547451_p-210x300.jpg\" \/>\n<meta name=\"author\" content=\"Ipek K\u00f6kl\u00fc\" \/>\n<meta name=\"twitter:card\" content=\"summary_large_image\" \/>\n<meta name=\"twitter:creator\" content=\"@TheEpochTimesTR\" \/>\n<meta name=\"twitter:site\" content=\"@TheEpochTimesTR\" \/>\n<meta name=\"twitter:label1\" content=\"Yazan:\" \/>\n\t<meta name=\"twitter:data1\" content=\"Ipek K\u00f6kl\u00fc\" \/>\n\t<meta name=\"twitter:label2\" content=\"Tahmini okuma s\u00fcresi\" \/>\n\t<meta name=\"twitter:data2\" content=\"1 dakika\" \/>\n<script type=\"application\/ld+json\" class=\"yoast-schema-graph\">{\"@context\":\"https:\/\/schema.org\",\"@graph\":[{\"@type\":\"Article\",\"@id\":\"https:\/\/epochtimestr.com\/index.php\/tuluyhan-ugurlu-yeni-albumunu-ilk-kez-kapalicarsida-seslendirecek#article\",\"isPartOf\":{\"@id\":\"https:\/\/epochtimestr.com\/index.php\/tuluyhan-ugurlu-yeni-albumunu-ilk-kez-kapalicarsida-seslendirecek\"},\"author\":{\"name\":\"Ipek K\u00f6kl\u00fc\",\"@id\":\"https:\/\/epochtimestr.com\/#\/schema\/person\/cb975c2e1e5be974d046664ac3c9ced3\"},\"headline\":\"Tuluyhan U\u011furlu, Yeni Alb\u00fcm\u00fcn\u00fc \u0130lk Kez Kapal\u0131\u00e7ar\u015f\u0131&#8217;da Seslendirecek\",\"datePublished\":\"2010-12-02T12:30:30+00:00\",\"dateModified\":\"2010-12-02T12:34:31+00:00\",\"mainEntityOfPage\":{\"@id\":\"https:\/\/epochtimestr.com\/index.php\/tuluyhan-ugurlu-yeni-albumunu-ilk-kez-kapalicarsida-seslendirecek\"},\"wordCount\":268,\"commentCount\":0,\"publisher\":{\"@id\":\"https:\/\/epochtimestr.com\/#organization\"},\"image\":{\"@id\":\"https:\/\/epochtimestr.com\/index.php\/tuluyhan-ugurlu-yeni-albumunu-ilk-kez-kapalicarsida-seslendirecek#primaryimage\"},\"thumbnailUrl\":\"http:\/\/www.epochtimestr.com\/wp-content\/uploads\/2010\/aralik\/1547451_p-210x300.jpg\",\"articleSection\":[\"SANAT ve K\u00dcLT\u00dcR\"],\"inLanguage\":\"tr\",\"potentialAction\":[{\"@type\":\"CommentAction\",\"name\":\"Comment\",\"target\":[\"https:\/\/epochtimestr.com\/index.php\/tuluyhan-ugurlu-yeni-albumunu-ilk-kez-kapalicarsida-seslendirecek#respond\"]}]},{\"@type\":\"WebPage\",\"@id\":\"https:\/\/epochtimestr.com\/index.php\/tuluyhan-ugurlu-yeni-albumunu-ilk-kez-kapalicarsida-seslendirecek\",\"url\":\"https:\/\/epochtimestr.com\/index.php\/tuluyhan-ugurlu-yeni-albumunu-ilk-kez-kapalicarsida-seslendirecek\",\"name\":\"Tuluyhan U\u011furlu, Yeni Alb\u00fcm\u00fcn\u00fc \u0130lk Kez Kapal\u0131\u00e7ar\u015f\u0131'da Seslendirecek - The Epoch Times TR\",\"isPartOf\":{\"@id\":\"https:\/\/epochtimestr.com\/#website\"},\"primaryImageOfPage\":{\"@id\":\"https:\/\/epochtimestr.com\/index.php\/tuluyhan-ugurlu-yeni-albumunu-ilk-kez-kapalicarsida-seslendirecek#primaryimage\"},\"image\":{\"@id\":\"https:\/\/epochtimestr.com\/index.php\/tuluyhan-ugurlu-yeni-albumunu-ilk-kez-kapalicarsida-seslendirecek#primaryimage\"},\"thumbnailUrl\":\"http:\/\/www.epochtimestr.com\/wp-content\/uploads\/2010\/aralik\/1547451_p-210x300.jpg\",\"datePublished\":\"2010-12-02T12:30:30+00:00\",\"dateModified\":\"2010-12-02T12:34:31+00:00\",\"inLanguage\":\"tr\",\"potentialAction\":[{\"@type\":\"ReadAction\",\"target\":[\"https:\/\/epochtimestr.com\/index.php\/tuluyhan-ugurlu-yeni-albumunu-ilk-kez-kapalicarsida-seslendirecek\"]}]},{\"@type\":\"ImageObject\",\"inLanguage\":\"tr\",\"@id\":\"https:\/\/epochtimestr.com\/index.php\/tuluyhan-ugurlu-yeni-albumunu-ilk-kez-kapalicarsida-seslendirecek#primaryimage\",\"url\":\"http:\/\/www.epochtimestr.com\/wp-content\/uploads\/2010\/aralik\/1547451_p-210x300.jpg\",\"contentUrl\":\"http:\/\/www.epochtimestr.com\/wp-content\/uploads\/2010\/aralik\/1547451_p-210x300.jpg\"},{\"@type\":\"WebSite\",\"@id\":\"https:\/\/epochtimestr.com\/#website\",\"url\":\"https:\/\/epochtimestr.com\/\",\"name\":\"The Epoch Times TR\",\"description\":\"De\u011fi\u015fen D\u00fcnyam\u0131za Taze Bir Bak\u0131\u015f\",\"publisher\":{\"@id\":\"https:\/\/epochtimestr.com\/#organization\"},\"potentialAction\":[{\"@type\":\"SearchAction\",\"target\":{\"@type\":\"EntryPoint\",\"urlTemplate\":\"https:\/\/epochtimestr.com\/?s={search_term_string}\"},\"query-input\":\"required name=search_term_string\"}],\"inLanguage\":\"tr\"},{\"@type\":\"Organization\",\"@id\":\"https:\/\/epochtimestr.com\/#organization\",\"name\":\"The EpochTimes T\u00fcrkiye\",\"url\":\"https:\/\/epochtimestr.com\/\",\"logo\":{\"@type\":\"ImageObject\",\"inLanguage\":\"tr\",\"@id\":\"https:\/\/epochtimestr.com\/#\/schema\/logo\/image\/\",\"url\":\"https:\/\/epochtimestr.com\/wp-content\/uploads\/2011y\/ET-Logo-YG.jpg\",\"contentUrl\":\"https:\/\/epochtimestr.com\/wp-content\/uploads\/2011y\/ET-Logo-YG.jpg\",\"width\":346,\"height\":29,\"caption\":\"The EpochTimes T\u00fcrkiye\"},\"image\":{\"@id\":\"https:\/\/epochtimestr.com\/#\/schema\/logo\/image\/\"},\"sameAs\":[\"https:\/\/www.facebook.com\/theepochtimestr\",\"https:\/\/x.com\/TheEpochTimesTR\",\"https:\/\/www.instagram.com\/epochtimestr\"]},{\"@type\":\"Person\",\"@id\":\"https:\/\/epochtimestr.com\/#\/schema\/person\/cb975c2e1e5be974d046664ac3c9ced3\",\"name\":\"Ipek K\u00f6kl\u00fc\",\"image\":{\"@type\":\"ImageObject\",\"inLanguage\":\"tr\",\"@id\":\"https:\/\/epochtimestr.com\/#\/schema\/person\/image\/\",\"url\":\"https:\/\/secure.gravatar.com\/avatar\/40a4ddb51e6c76ed4d8217a66e090521?s=96&d=mm&r=g\",\"contentUrl\":\"https:\/\/secure.gravatar.com\/avatar\/40a4ddb51e6c76ed4d8217a66e090521?s=96&d=mm&r=g\",\"caption\":\"Ipek K\u00f6kl\u00fc\"},\"url\":\"https:\/\/epochtimestr.com\/index.php\/author\/ipek\"}]}<\/script>\n<!-- \/ Yoast SEO plugin. -->","yoast_head_json":{"title":"Tuluyhan U\u011furlu, Yeni Alb\u00fcm\u00fcn\u00fc \u0130lk Kez Kapal\u0131\u00e7ar\u015f\u0131'da Seslendirecek - The Epoch Times TR","robots":{"index":"index","follow":"follow","max-snippet":"max-snippet:-1","max-image-preview":"max-image-preview:large","max-video-preview":"max-video-preview:-1"},"canonical":"https:\/\/epochtimestr.com\/index.php\/tuluyhan-ugurlu-yeni-albumunu-ilk-kez-kapalicarsida-seslendirecek","og_locale":"tr_TR","og_type":"article","og_title":"Tuluyhan U\u011furlu, Yeni Alb\u00fcm\u00fcn\u00fc \u0130lk Kez Kapal\u0131\u00e7ar\u015f\u0131'da Seslendirecek - The Epoch Times TR","og_description":"\u00a0 \u0130STANBUL-\u0130stanbul&#8217;un en \u00f6nemli simgelerinden Kapal\u0131\u00e7ar\u015f\u0131 2011&#8217;de 550. y\u0131l\u0131n\u0131 kutluyor. Temeli 1461&#8217;de Fatih Sultan Mehmet taraf\u0131ndan at\u0131lan ve uzmanlarca d\u00fcnyan\u0131n en \u00f6nemli tarihi \u00e7ar\u015f\u0131s\u0131 olarak g\u00f6sterilen Kapal\u0131\u00e7ar\u015f\u0131&#8217;n\u0131n 550. y\u0131l etkinlikleri, Tuluyhan U\u011furlu&#8217;nun \u00e7ar\u015f\u0131da verece\u011fi konserle ba\u015fl\u0131yor. \u00dcnl\u00fc piyanist, yeni alb\u00fcm\u00fc &#8216;Sonsuza Kadar \u0130stanbul&#8217;u ilk kez seslendirecek. Pazar g\u00fcnleri kapal\u0131 olan \u00e7ar\u015f\u0131, 26 Aral\u0131k Pazar g\u00fcn\u00fc [&hellip;]","og_url":"https:\/\/epochtimestr.com\/index.php\/tuluyhan-ugurlu-yeni-albumunu-ilk-kez-kapalicarsida-seslendirecek","og_site_name":"The Epoch Times TR","article_publisher":"https:\/\/www.facebook.com\/theepochtimestr","article_published_time":"2010-12-02T12:30:30+00:00","article_modified_time":"2010-12-02T12:34:31+00:00","og_image":[{"url":"http:\/\/www.epochtimestr.com\/wp-content\/uploads\/2010\/aralik\/1547451_p-210x300.jpg"}],"author":"Ipek K\u00f6kl\u00fc","twitter_card":"summary_large_image","twitter_creator":"@TheEpochTimesTR","twitter_site":"@TheEpochTimesTR","twitter_misc":{"Yazan:":"Ipek K\u00f6kl\u00fc","Tahmini okuma s\u00fcresi":"1 dakika"},"schema":{"@context":"https:\/\/schema.org","@graph":[{"@type":"Article","@id":"https:\/\/epochtimestr.com\/index.php\/tuluyhan-ugurlu-yeni-albumunu-ilk-kez-kapalicarsida-seslendirecek#article","isPartOf":{"@id":"https:\/\/epochtimestr.com\/index.php\/tuluyhan-ugurlu-yeni-albumunu-ilk-kez-kapalicarsida-seslendirecek"},"author":{"name":"Ipek K\u00f6kl\u00fc","@id":"https:\/\/epochtimestr.com\/#\/schema\/person\/cb975c2e1e5be974d046664ac3c9ced3"},"headline":"Tuluyhan U\u011furlu, Yeni Alb\u00fcm\u00fcn\u00fc \u0130lk Kez Kapal\u0131\u00e7ar\u015f\u0131&#8217;da Seslendirecek","datePublished":"2010-12-02T12:30:30+00:00","dateModified":"2010-12-02T12:34:31+00:00","mainEntityOfPage":{"@id":"https:\/\/epochtimestr.com\/index.php\/tuluyhan-ugurlu-yeni-albumunu-ilk-kez-kapalicarsida-seslendirecek"},"wordCount":268,"commentCount":0,"publisher":{"@id":"https:\/\/epochtimestr.com\/#organization"},"image":{"@id":"https:\/\/epochtimestr.com\/index.php\/tuluyhan-ugurlu-yeni-albumunu-ilk-kez-kapalicarsida-seslendirecek#primaryimage"},"thumbnailUrl":"http:\/\/www.epochtimestr.com\/wp-content\/uploads\/2010\/aralik\/1547451_p-210x300.jpg","articleSection":["SANAT ve K\u00dcLT\u00dcR"],"inLanguage":"tr","potentialAction":[{"@type":"CommentAction","name":"Comment","target":["https:\/\/epochtimestr.com\/index.php\/tuluyhan-ugurlu-yeni-albumunu-ilk-kez-kapalicarsida-seslendirecek#respond"]}]},{"@type":"WebPage","@id":"https:\/\/epochtimestr.com\/index.php\/tuluyhan-ugurlu-yeni-albumunu-ilk-kez-kapalicarsida-seslendirecek","url":"https:\/\/epochtimestr.com\/index.php\/tuluyhan-ugurlu-yeni-albumunu-ilk-kez-kapalicarsida-seslendirecek","name":"Tuluyhan U\u011furlu, Yeni Alb\u00fcm\u00fcn\u00fc \u0130lk Kez Kapal\u0131\u00e7ar\u015f\u0131'da Seslendirecek - The Epoch Times TR","isPartOf":{"@id":"https:\/\/epochtimestr.com\/#website"},"primaryImageOfPage":{"@id":"https:\/\/epochtimestr.com\/index.php\/tuluyhan-ugurlu-yeni-albumunu-ilk-kez-kapalicarsida-seslendirecek#primaryimage"},"image":{"@id":"https:\/\/epochtimestr.com\/index.php\/tuluyhan-ugurlu-yeni-albumunu-ilk-kez-kapalicarsida-seslendirecek#primaryimage"},"thumbnailUrl":"http:\/\/www.epochtimestr.com\/wp-content\/uploads\/2010\/aralik\/1547451_p-210x300.jpg","datePublished":"2010-12-02T12:30:30+00:00","dateModified":"2010-12-02T12:34:31+00:00","inLanguage":"tr","potentialAction":[{"@type":"ReadAction","target":["https:\/\/epochtimestr.com\/index.php\/tuluyhan-ugurlu-yeni-albumunu-ilk-kez-kapalicarsida-seslendirecek"]}]},{"@type":"ImageObject","inLanguage":"tr","@id":"https:\/\/epochtimestr.com\/index.php\/tuluyhan-ugurlu-yeni-albumunu-ilk-kez-kapalicarsida-seslendirecek#primaryimage","url":"http:\/\/www.epochtimestr.com\/wp-content\/uploads\/2010\/aralik\/1547451_p-210x300.jpg","contentUrl":"http:\/\/www.epochtimestr.com\/wp-content\/uploads\/2010\/aralik\/1547451_p-210x300.jpg"},{"@type":"WebSite","@id":"https:\/\/epochtimestr.com\/#website","url":"https:\/\/epochtimestr.com\/","name":"The Epoch Times TR","description":"De\u011fi\u015fen D\u00fcnyam\u0131za Taze Bir Bak\u0131\u015f","publisher":{"@id":"https:\/\/epochtimestr.com\/#organization"},"potentialAction":[{"@type":"SearchAction","target":{"@type":"EntryPoint","urlTemplate":"https:\/\/epochtimestr.com\/?s={search_term_string}"},"query-input":"required name=search_term_string"}],"inLanguage":"tr"},{"@type":"Organization","@id":"https:\/\/epochtimestr.com\/#organization","name":"The EpochTimes T\u00fcrkiye","url":"https:\/\/epochtimestr.com\/","logo":{"@type":"ImageObject","inLanguage":"tr","@id":"https:\/\/epochtimestr.com\/#\/schema\/logo\/image\/","url":"https:\/\/epochtimestr.com\/wp-content\/uploads\/2011y\/ET-Logo-YG.jpg","contentUrl":"https:\/\/epochtimestr.com\/wp-content\/uploads\/2011y\/ET-Logo-YG.jpg","width":346,"height":29,"caption":"The EpochTimes T\u00fcrkiye"},"image":{"@id":"https:\/\/epochtimestr.com\/#\/schema\/logo\/image\/"},"sameAs":["https:\/\/www.facebook.com\/theepochtimestr","https:\/\/x.com\/TheEpochTimesTR","https:\/\/www.instagram.com\/epochtimestr"]},{"@type":"Person","@id":"https:\/\/epochtimestr.com\/#\/schema\/person\/cb975c2e1e5be974d046664ac3c9ced3","name":"Ipek K\u00f6kl\u00fc","image":{"@type":"ImageObject","inLanguage":"tr","@id":"https:\/\/epochtimestr.com\/#\/schema\/person\/image\/","url":"https:\/\/secure.gravatar.com\/avatar\/40a4ddb51e6c76ed4d8217a66e090521?s=96&d=mm&r=g","contentUrl":"https:\/\/secure.gravatar.com\/avatar\/40a4ddb51e6c76ed4d8217a66e090521?s=96&d=mm&r=g","caption":"Ipek K\u00f6kl\u00fc"},"url":"https:\/\/epochtimestr.com\/index.php\/author\/ipek"}]}},"_links":{"self":[{"href":"https:\/\/epochtimestr.com\/index.php\/wp-json\/wp\/v2\/posts\/19487"}],"collection":[{"href":"https:\/\/epochtimestr.com\/index.php\/wp-json\/wp\/v2\/posts"}],"about":[{"href":"https:\/\/epochtimestr.com\/index.php\/wp-json\/wp\/v2\/types\/post"}],"author":[{"embeddable":true,"href":"https:\/\/epochtimestr.com\/index.php\/wp-json\/wp\/v2\/users\/13"}],"replies":[{"embeddable":true,"href":"https:\/\/epochtimestr.com\/index.php\/wp-json\/wp\/v2\/comments?post=19487"}],"version-history":[{"count":4,"href":"https:\/\/epochtimestr.com\/index.php\/wp-json\/wp\/v2\/posts\/19487\/revisions"}],"predecessor-version":[{"id":68084,"href":"https:\/\/epochtimestr.com\/index.php\/wp-json\/wp\/v2\/posts\/19487\/revisions\/68084"}],"wp:attachment":[{"href":"https:\/\/epochtimestr.com\/index.php\/wp-json\/wp\/v2\/media?parent=19487"}],"wp:term":[{"taxonomy":"category","embeddable":true,"href":"https:\/\/epochtimestr.com\/index.php\/wp-json\/wp\/v2\/categories?post=19487"},{"taxonomy":"post_tag","embeddable":true,"href":"https:\/\/epochtimestr.com\/index.php\/wp-json\/wp\/v2\/tags?post=19487"}],"curies":[{"name":"wp","href":"https:\/\/api.w.org\/{rel}","templated":true}]}}