{"id":20670,"date":"2010-12-17T20:20:30","date_gmt":"2010-12-17T18:20:30","guid":{"rendered":"http:\/\/www.epochtimestr.com\/?p=20670"},"modified":"2013-03-28T22:37:59","modified_gmt":"2013-03-28T19:37:59","slug":"mesud-barzani-bolgede-ikinci-esi-yasakladi","status":"publish","type":"post","link":"https:\/\/epochtimestr.com\/index.php\/mesud-barzani-bolgede-ikinci-esi-yasakladi","title":{"rendered":"Mesud Barzani, B\u00f6lgede \u0130kinci E\u015fi Yasaklad\u0131"},"content":{"rendered":"<p style=\"text-align: justify;\"><a class=\"highslide\" onclick=\"return vz.expand(this)\" href=\"http:\/\/www.epochtimestr.com\/wp-content\/uploads\/2010\/aralik\/MDA0Njk0MzEzNDIuanBn.jpg\"><img loading=\"lazy\" decoding=\"async\" class=\"alignleft size-full wp-image-20671\" title=\"MDA0Njk0MzEzNDIuanBn\" alt=\"\" src=\"http:\/\/www.epochtimestr.com\/wp-content\/uploads\/2010\/aralik\/MDA0Njk0MzEzNDIuanBn.jpg\" width=\"276\" height=\"185\" \/><\/a>ERB\u0130L &#8211; Irak\u2019\u0131n kuzeyindeki B\u00f6lgesel K\u00fcrt Y\u00f6netimi Ba\u015fkan\u0131 ve K\u00fcrdistan Demokrat Partisi (KDP) Genel Ba\u015fkan\u0131 Mesud Barzani, iki e\u015f sahibi ki\u015filerin KDP\u2019nin bir sonraki kongresinde aday olamayaca\u011f\u0131 belirterek b\u00f6lgede \u00e7ok e\u015fli\u011finin kald\u0131r\u0131lmas\u0131 i\u00e7in ilk ad\u0131m\u0131 att\u0131. De\u011fi\u015fim slogan\u0131yla yap\u0131lan KDP\u2019nin 13\u2019\u00fcnc\u00fc kongresinde yeniden Ba\u015fkan olarak se\u00e7ilen Mesut Barzani, de\u011fi\u015fime ilk olarak \u00e7ok e\u015flilikten ba\u015flad\u0131.<br \/>\nKonuyla ilgili bas\u0131n a\u00e7\u0131klamas\u0131 yapan KDP\u2019nin \u00fcst d\u00fczey yetkililerinden Barzan Molla Halid, KDP\u2019nin gelecek kongresinde \u00f6nemli de\u011fi\u015fikliklere gidilece\u011fini s\u00f6yledi. Halid bir sonraki kongrede parti i\u00e7inde y\u00fczde 10 oran\u0131nda kad\u0131n\u0131n \u00fcyenin yer alaca\u011f\u0131n\u0131, kad\u0131nlar\u0131n se\u00e7imlerde kendilerini aday olarak g\u00f6sterebilece\u011fini ve bunun onlar\u0131n hakk\u0131n\u0131n oldu\u011funu s\u00f6yledi.<br \/>\nB\u00f6lgede \u00e7ok e\u015flili\u011finin \u00f6n\u00fcne ge\u00e7ilmesi y\u00f6n\u00fcnde ciddi bir \u00e7al\u0131\u015fma y\u00fcr\u00fct\u00fcld\u00fc\u011f\u00fcn\u00fc ifade eden Halid, Ba\u015fkan Mesud Barzani taraf\u0131ndan al\u0131nan kararla art\u0131k, KDP\u2019nin bir sonraki yap\u0131lacak olan kongresinde 2 e\u015fe sahip olan ki\u015filerin adayl\u0131k haklar\u0131n\u0131n olmayaca\u011f\u0131n\u0131 ve partide kalamayaca\u011f\u0131n\u0131 a\u00e7\u0131klad\u0131. Bu ak\u015fam son bulmas\u0131 beklenen kongrede T\u00fcrkiye\u2019den gelen K\u00fcrt sanat\u00e7\u0131 Rojin\u2019in de bir konser vermesi bekleniyor.<\/p>\n","protected":false},"excerpt":{"rendered":"<p>ERB\u0130L &#8211; Irak\u2019\u0131n kuzeyindeki B\u00f6lgesel K\u00fcrt Y\u00f6netimi Ba\u015fkan\u0131 ve K\u00fcrdistan Demokrat Partisi (KDP) Genel Ba\u015fkan\u0131 Mesud Barzani, iki e\u015f sahibi ki\u015filerin KDP\u2019nin bir sonraki kongresinde aday olamayaca\u011f\u0131 belirterek b\u00f6lgede \u00e7ok e\u015fli\u011finin kald\u0131r\u0131lmas\u0131 i\u00e7in ilk ad\u0131m\u0131 att\u0131. De\u011fi\u015fim slogan\u0131yla yap\u0131lan KDP\u2019nin 13\u2019\u00fcnc\u00fc kongresinde yeniden Ba\u015fkan olarak se\u00e7ilen Mesut Barzani, de\u011fi\u015fime ilk olarak \u00e7ok e\u015flilikten ba\u015flad\u0131. Konuyla [&hellip;]<\/p>\n","protected":false},"author":8,"featured_media":0,"comment_status":"open","ping_status":"open","sticky":false,"template":"","format":"standard","meta":{"_yoast_wpseo_focuskw":"","_yoast_wpseo_title":"","_yoast_wpseo_metadesc":"","_bbp_topic_count":0,"_bbp_reply_count":0,"_bbp_total_topic_count":0,"_bbp_total_reply_count":0,"_bbp_voice_count":0,"_bbp_anonymous_reply_count":0,"_bbp_topic_count_hidden":0,"_bbp_reply_count_hidden":0,"_bbp_forum_subforum_count":0,"footnotes":"","_yoast_wpseo_focuskw_text_input":""},"categories":[5],"tags":[],"yoast_head":"<!-- This site is optimized with the Yoast SEO plugin v23.0 - https:\/\/yoast.com\/wordpress\/plugins\/seo\/ -->\n<title>Mesud Barzani, B\u00f6lgede \u0130kinci E\u015fi Yasaklad\u0131   - The Epoch Times TR<\/title>\n<meta name=\"robots\" content=\"index, follow, max-snippet:-1, max-image-preview:large, max-video-preview:-1\" \/>\n<link rel=\"canonical\" href=\"https:\/\/epochtimestr.com\/index.php\/mesud-barzani-bolgede-ikinci-esi-yasakladi\" \/>\n<meta property=\"og:locale\" content=\"tr_TR\" \/>\n<meta property=\"og:type\" content=\"article\" \/>\n<meta property=\"og:title\" content=\"Mesud Barzani, B\u00f6lgede \u0130kinci E\u015fi Yasaklad\u0131   - The Epoch Times TR\" \/>\n<meta property=\"og:description\" content=\"ERB\u0130L &#8211; Irak\u2019\u0131n kuzeyindeki B\u00f6lgesel K\u00fcrt Y\u00f6netimi Ba\u015fkan\u0131 ve K\u00fcrdistan Demokrat Partisi (KDP) Genel Ba\u015fkan\u0131 Mesud Barzani, iki e\u015f sahibi ki\u015filerin KDP\u2019nin bir sonraki kongresinde aday olamayaca\u011f\u0131 belirterek b\u00f6lgede \u00e7ok e\u015fli\u011finin kald\u0131r\u0131lmas\u0131 i\u00e7in ilk ad\u0131m\u0131 att\u0131. De\u011fi\u015fim slogan\u0131yla yap\u0131lan KDP\u2019nin 13\u2019\u00fcnc\u00fc kongresinde yeniden Ba\u015fkan olarak se\u00e7ilen Mesut Barzani, de\u011fi\u015fime ilk olarak \u00e7ok e\u015flilikten ba\u015flad\u0131. Konuyla [&hellip;]\" \/>\n<meta property=\"og:url\" content=\"https:\/\/epochtimestr.com\/index.php\/mesud-barzani-bolgede-ikinci-esi-yasakladi\" \/>\n<meta property=\"og:site_name\" content=\"The Epoch Times TR\" \/>\n<meta property=\"article:publisher\" content=\"https:\/\/www.facebook.com\/theepochtimestr\" \/>\n<meta property=\"article:published_time\" content=\"2010-12-17T18:20:30+00:00\" \/>\n<meta property=\"article:modified_time\" content=\"2013-03-28T19:37:59+00:00\" \/>\n<meta property=\"og:image\" content=\"http:\/\/www.epochtimestr.com\/wp-content\/uploads\/2010\/aralik\/MDA0Njk0MzEzNDIuanBn.jpg\" \/>\n<meta name=\"author\" content=\"\u00c7.Akdeniz\" \/>\n<meta name=\"twitter:card\" content=\"summary_large_image\" \/>\n<meta name=\"twitter:creator\" content=\"@TheEpochTimesTR\" \/>\n<meta name=\"twitter:site\" content=\"@TheEpochTimesTR\" \/>\n<meta name=\"twitter:label1\" content=\"Yazan:\" \/>\n\t<meta name=\"twitter:data1\" content=\"\u00c7.Akdeniz\" \/>\n\t<meta name=\"twitter:label2\" content=\"Tahmini okuma s\u00fcresi\" \/>\n\t<meta name=\"twitter:data2\" content=\"1 dakika\" \/>\n<script type=\"application\/ld+json\" class=\"yoast-schema-graph\">{\"@context\":\"https:\/\/schema.org\",\"@graph\":[{\"@type\":\"Article\",\"@id\":\"https:\/\/epochtimestr.com\/index.php\/mesud-barzani-bolgede-ikinci-esi-yasakladi#article\",\"isPartOf\":{\"@id\":\"https:\/\/epochtimestr.com\/index.php\/mesud-barzani-bolgede-ikinci-esi-yasakladi\"},\"author\":{\"name\":\"\u00c7.Akdeniz\",\"@id\":\"https:\/\/epochtimestr.com\/#\/schema\/person\/ad3c7e36a1529b9c57da1df4cd370bdf\"},\"headline\":\"Mesud Barzani, B\u00f6lgede \u0130kinci E\u015fi Yasaklad\u0131\",\"datePublished\":\"2010-12-17T18:20:30+00:00\",\"dateModified\":\"2013-03-28T19:37:59+00:00\",\"mainEntityOfPage\":{\"@id\":\"https:\/\/epochtimestr.com\/index.php\/mesud-barzani-bolgede-ikinci-esi-yasakladi\"},\"wordCount\":242,\"commentCount\":0,\"publisher\":{\"@id\":\"https:\/\/epochtimestr.com\/#organization\"},\"image\":{\"@id\":\"https:\/\/epochtimestr.com\/index.php\/mesud-barzani-bolgede-ikinci-esi-yasakladi#primaryimage\"},\"thumbnailUrl\":\"http:\/\/www.epochtimestr.com\/wp-content\/uploads\/2010\/aralik\/MDA0Njk0MzEzNDIuanBn.jpg\",\"articleSection\":[\"D\u00dcNYA\"],\"inLanguage\":\"tr\",\"potentialAction\":[{\"@type\":\"CommentAction\",\"name\":\"Comment\",\"target\":[\"https:\/\/epochtimestr.com\/index.php\/mesud-barzani-bolgede-ikinci-esi-yasakladi#respond\"]}]},{\"@type\":\"WebPage\",\"@id\":\"https:\/\/epochtimestr.com\/index.php\/mesud-barzani-bolgede-ikinci-esi-yasakladi\",\"url\":\"https:\/\/epochtimestr.com\/index.php\/mesud-barzani-bolgede-ikinci-esi-yasakladi\",\"name\":\"Mesud Barzani, B\u00f6lgede \u0130kinci E\u015fi Yasaklad\u0131 - The Epoch Times TR\",\"isPartOf\":{\"@id\":\"https:\/\/epochtimestr.com\/#website\"},\"primaryImageOfPage\":{\"@id\":\"https:\/\/epochtimestr.com\/index.php\/mesud-barzani-bolgede-ikinci-esi-yasakladi#primaryimage\"},\"image\":{\"@id\":\"https:\/\/epochtimestr.com\/index.php\/mesud-barzani-bolgede-ikinci-esi-yasakladi#primaryimage\"},\"thumbnailUrl\":\"http:\/\/www.epochtimestr.com\/wp-content\/uploads\/2010\/aralik\/MDA0Njk0MzEzNDIuanBn.jpg\",\"datePublished\":\"2010-12-17T18:20:30+00:00\",\"dateModified\":\"2013-03-28T19:37:59+00:00\",\"inLanguage\":\"tr\",\"potentialAction\":[{\"@type\":\"ReadAction\",\"target\":[\"https:\/\/epochtimestr.com\/index.php\/mesud-barzani-bolgede-ikinci-esi-yasakladi\"]}]},{\"@type\":\"ImageObject\",\"inLanguage\":\"tr\",\"@id\":\"https:\/\/epochtimestr.com\/index.php\/mesud-barzani-bolgede-ikinci-esi-yasakladi#primaryimage\",\"url\":\"http:\/\/www.epochtimestr.com\/wp-content\/uploads\/2010\/aralik\/MDA0Njk0MzEzNDIuanBn.jpg\",\"contentUrl\":\"http:\/\/www.epochtimestr.com\/wp-content\/uploads\/2010\/aralik\/MDA0Njk0MzEzNDIuanBn.jpg\"},{\"@type\":\"WebSite\",\"@id\":\"https:\/\/epochtimestr.com\/#website\",\"url\":\"https:\/\/epochtimestr.com\/\",\"name\":\"The Epoch Times TR\",\"description\":\"De\u011fi\u015fen D\u00fcnyam\u0131za Taze Bir Bak\u0131\u015f\",\"publisher\":{\"@id\":\"https:\/\/epochtimestr.com\/#organization\"},\"potentialAction\":[{\"@type\":\"SearchAction\",\"target\":{\"@type\":\"EntryPoint\",\"urlTemplate\":\"https:\/\/epochtimestr.com\/?s={search_term_string}\"},\"query-input\":\"required name=search_term_string\"}],\"inLanguage\":\"tr\"},{\"@type\":\"Organization\",\"@id\":\"https:\/\/epochtimestr.com\/#organization\",\"name\":\"The EpochTimes T\u00fcrkiye\",\"url\":\"https:\/\/epochtimestr.com\/\",\"logo\":{\"@type\":\"ImageObject\",\"inLanguage\":\"tr\",\"@id\":\"https:\/\/epochtimestr.com\/#\/schema\/logo\/image\/\",\"url\":\"https:\/\/epochtimestr.com\/wp-content\/uploads\/2011y\/ET-Logo-YG.jpg\",\"contentUrl\":\"https:\/\/epochtimestr.com\/wp-content\/uploads\/2011y\/ET-Logo-YG.jpg\",\"width\":346,\"height\":29,\"caption\":\"The EpochTimes T\u00fcrkiye\"},\"image\":{\"@id\":\"https:\/\/epochtimestr.com\/#\/schema\/logo\/image\/\"},\"sameAs\":[\"https:\/\/www.facebook.com\/theepochtimestr\",\"https:\/\/x.com\/TheEpochTimesTR\",\"https:\/\/www.instagram.com\/epochtimestr\"]},{\"@type\":\"Person\",\"@id\":\"https:\/\/epochtimestr.com\/#\/schema\/person\/ad3c7e36a1529b9c57da1df4cd370bdf\",\"name\":\"\u00c7.Akdeniz\",\"image\":{\"@type\":\"ImageObject\",\"inLanguage\":\"tr\",\"@id\":\"https:\/\/epochtimestr.com\/#\/schema\/person\/image\/\",\"url\":\"https:\/\/secure.gravatar.com\/avatar\/2b3f874d48422cdeb494d68621025c2b?s=96&d=mm&r=g\",\"contentUrl\":\"https:\/\/secure.gravatar.com\/avatar\/2b3f874d48422cdeb494d68621025c2b?s=96&d=mm&r=g\",\"caption\":\"\u00c7.Akdeniz\"},\"url\":\"https:\/\/epochtimestr.com\/index.php\/author\/cigdem\"}]}<\/script>\n<!-- \/ Yoast SEO plugin. -->","yoast_head_json":{"title":"Mesud Barzani, B\u00f6lgede \u0130kinci E\u015fi Yasaklad\u0131   - The Epoch Times TR","robots":{"index":"index","follow":"follow","max-snippet":"max-snippet:-1","max-image-preview":"max-image-preview:large","max-video-preview":"max-video-preview:-1"},"canonical":"https:\/\/epochtimestr.com\/index.php\/mesud-barzani-bolgede-ikinci-esi-yasakladi","og_locale":"tr_TR","og_type":"article","og_title":"Mesud Barzani, B\u00f6lgede \u0130kinci E\u015fi Yasaklad\u0131   - The Epoch Times TR","og_description":"ERB\u0130L &#8211; Irak\u2019\u0131n kuzeyindeki B\u00f6lgesel K\u00fcrt Y\u00f6netimi Ba\u015fkan\u0131 ve K\u00fcrdistan Demokrat Partisi (KDP) Genel Ba\u015fkan\u0131 Mesud Barzani, iki e\u015f sahibi ki\u015filerin KDP\u2019nin bir sonraki kongresinde aday olamayaca\u011f\u0131 belirterek b\u00f6lgede \u00e7ok e\u015fli\u011finin kald\u0131r\u0131lmas\u0131 i\u00e7in ilk ad\u0131m\u0131 att\u0131. De\u011fi\u015fim slogan\u0131yla yap\u0131lan KDP\u2019nin 13\u2019\u00fcnc\u00fc kongresinde yeniden Ba\u015fkan olarak se\u00e7ilen Mesut Barzani, de\u011fi\u015fime ilk olarak \u00e7ok e\u015flilikten ba\u015flad\u0131. Konuyla [&hellip;]","og_url":"https:\/\/epochtimestr.com\/index.php\/mesud-barzani-bolgede-ikinci-esi-yasakladi","og_site_name":"The Epoch Times TR","article_publisher":"https:\/\/www.facebook.com\/theepochtimestr","article_published_time":"2010-12-17T18:20:30+00:00","article_modified_time":"2013-03-28T19:37:59+00:00","og_image":[{"url":"http:\/\/www.epochtimestr.com\/wp-content\/uploads\/2010\/aralik\/MDA0Njk0MzEzNDIuanBn.jpg"}],"author":"\u00c7.Akdeniz","twitter_card":"summary_large_image","twitter_creator":"@TheEpochTimesTR","twitter_site":"@TheEpochTimesTR","twitter_misc":{"Yazan:":"\u00c7.Akdeniz","Tahmini okuma s\u00fcresi":"1 dakika"},"schema":{"@context":"https:\/\/schema.org","@graph":[{"@type":"Article","@id":"https:\/\/epochtimestr.com\/index.php\/mesud-barzani-bolgede-ikinci-esi-yasakladi#article","isPartOf":{"@id":"https:\/\/epochtimestr.com\/index.php\/mesud-barzani-bolgede-ikinci-esi-yasakladi"},"author":{"name":"\u00c7.Akdeniz","@id":"https:\/\/epochtimestr.com\/#\/schema\/person\/ad3c7e36a1529b9c57da1df4cd370bdf"},"headline":"Mesud Barzani, B\u00f6lgede \u0130kinci E\u015fi Yasaklad\u0131","datePublished":"2010-12-17T18:20:30+00:00","dateModified":"2013-03-28T19:37:59+00:00","mainEntityOfPage":{"@id":"https:\/\/epochtimestr.com\/index.php\/mesud-barzani-bolgede-ikinci-esi-yasakladi"},"wordCount":242,"commentCount":0,"publisher":{"@id":"https:\/\/epochtimestr.com\/#organization"},"image":{"@id":"https:\/\/epochtimestr.com\/index.php\/mesud-barzani-bolgede-ikinci-esi-yasakladi#primaryimage"},"thumbnailUrl":"http:\/\/www.epochtimestr.com\/wp-content\/uploads\/2010\/aralik\/MDA0Njk0MzEzNDIuanBn.jpg","articleSection":["D\u00dcNYA"],"inLanguage":"tr","potentialAction":[{"@type":"CommentAction","name":"Comment","target":["https:\/\/epochtimestr.com\/index.php\/mesud-barzani-bolgede-ikinci-esi-yasakladi#respond"]}]},{"@type":"WebPage","@id":"https:\/\/epochtimestr.com\/index.php\/mesud-barzani-bolgede-ikinci-esi-yasakladi","url":"https:\/\/epochtimestr.com\/index.php\/mesud-barzani-bolgede-ikinci-esi-yasakladi","name":"Mesud Barzani, B\u00f6lgede \u0130kinci E\u015fi Yasaklad\u0131 - The Epoch Times TR","isPartOf":{"@id":"https:\/\/epochtimestr.com\/#website"},"primaryImageOfPage":{"@id":"https:\/\/epochtimestr.com\/index.php\/mesud-barzani-bolgede-ikinci-esi-yasakladi#primaryimage"},"image":{"@id":"https:\/\/epochtimestr.com\/index.php\/mesud-barzani-bolgede-ikinci-esi-yasakladi#primaryimage"},"thumbnailUrl":"http:\/\/www.epochtimestr.com\/wp-content\/uploads\/2010\/aralik\/MDA0Njk0MzEzNDIuanBn.jpg","datePublished":"2010-12-17T18:20:30+00:00","dateModified":"2013-03-28T19:37:59+00:00","inLanguage":"tr","potentialAction":[{"@type":"ReadAction","target":["https:\/\/epochtimestr.com\/index.php\/mesud-barzani-bolgede-ikinci-esi-yasakladi"]}]},{"@type":"ImageObject","inLanguage":"tr","@id":"https:\/\/epochtimestr.com\/index.php\/mesud-barzani-bolgede-ikinci-esi-yasakladi#primaryimage","url":"http:\/\/www.epochtimestr.com\/wp-content\/uploads\/2010\/aralik\/MDA0Njk0MzEzNDIuanBn.jpg","contentUrl":"http:\/\/www.epochtimestr.com\/wp-content\/uploads\/2010\/aralik\/MDA0Njk0MzEzNDIuanBn.jpg"},{"@type":"WebSite","@id":"https:\/\/epochtimestr.com\/#website","url":"https:\/\/epochtimestr.com\/","name":"The Epoch Times TR","description":"De\u011fi\u015fen D\u00fcnyam\u0131za Taze Bir Bak\u0131\u015f","publisher":{"@id":"https:\/\/epochtimestr.com\/#organization"},"potentialAction":[{"@type":"SearchAction","target":{"@type":"EntryPoint","urlTemplate":"https:\/\/epochtimestr.com\/?s={search_term_string}"},"query-input":"required name=search_term_string"}],"inLanguage":"tr"},{"@type":"Organization","@id":"https:\/\/epochtimestr.com\/#organization","name":"The EpochTimes T\u00fcrkiye","url":"https:\/\/epochtimestr.com\/","logo":{"@type":"ImageObject","inLanguage":"tr","@id":"https:\/\/epochtimestr.com\/#\/schema\/logo\/image\/","url":"https:\/\/epochtimestr.com\/wp-content\/uploads\/2011y\/ET-Logo-YG.jpg","contentUrl":"https:\/\/epochtimestr.com\/wp-content\/uploads\/2011y\/ET-Logo-YG.jpg","width":346,"height":29,"caption":"The EpochTimes T\u00fcrkiye"},"image":{"@id":"https:\/\/epochtimestr.com\/#\/schema\/logo\/image\/"},"sameAs":["https:\/\/www.facebook.com\/theepochtimestr","https:\/\/x.com\/TheEpochTimesTR","https:\/\/www.instagram.com\/epochtimestr"]},{"@type":"Person","@id":"https:\/\/epochtimestr.com\/#\/schema\/person\/ad3c7e36a1529b9c57da1df4cd370bdf","name":"\u00c7.Akdeniz","image":{"@type":"ImageObject","inLanguage":"tr","@id":"https:\/\/epochtimestr.com\/#\/schema\/person\/image\/","url":"https:\/\/secure.gravatar.com\/avatar\/2b3f874d48422cdeb494d68621025c2b?s=96&d=mm&r=g","contentUrl":"https:\/\/secure.gravatar.com\/avatar\/2b3f874d48422cdeb494d68621025c2b?s=96&d=mm&r=g","caption":"\u00c7.Akdeniz"},"url":"https:\/\/epochtimestr.com\/index.php\/author\/cigdem"}]}},"_links":{"self":[{"href":"https:\/\/epochtimestr.com\/index.php\/wp-json\/wp\/v2\/posts\/20670"}],"collection":[{"href":"https:\/\/epochtimestr.com\/index.php\/wp-json\/wp\/v2\/posts"}],"about":[{"href":"https:\/\/epochtimestr.com\/index.php\/wp-json\/wp\/v2\/types\/post"}],"author":[{"embeddable":true,"href":"https:\/\/epochtimestr.com\/index.php\/wp-json\/wp\/v2\/users\/8"}],"replies":[{"embeddable":true,"href":"https:\/\/epochtimestr.com\/index.php\/wp-json\/wp\/v2\/comments?post=20670"}],"version-history":[{"count":2,"href":"https:\/\/epochtimestr.com\/index.php\/wp-json\/wp\/v2\/posts\/20670\/revisions"}],"predecessor-version":[{"id":66824,"href":"https:\/\/epochtimestr.com\/index.php\/wp-json\/wp\/v2\/posts\/20670\/revisions\/66824"}],"wp:attachment":[{"href":"https:\/\/epochtimestr.com\/index.php\/wp-json\/wp\/v2\/media?parent=20670"}],"wp:term":[{"taxonomy":"category","embeddable":true,"href":"https:\/\/epochtimestr.com\/index.php\/wp-json\/wp\/v2\/categories?post=20670"},{"taxonomy":"post_tag","embeddable":true,"href":"https:\/\/epochtimestr.com\/index.php\/wp-json\/wp\/v2\/tags?post=20670"}],"curies":[{"name":"wp","href":"https:\/\/api.w.org\/{rel}","templated":true}]}}