{"id":2255,"date":"2010-02-24T13:31:15","date_gmt":"2010-02-24T11:31:15","guid":{"rendered":"http:\/\/www.epochtimestr.com\/?p=2255"},"modified":"2010-02-27T12:26:38","modified_gmt":"2010-02-27T10:26:38","slug":"operadan-festival-mujcesi","status":"publish","type":"post","link":"https:\/\/epochtimestr.com\/index.php\/operadan-festival-mujcesi","title":{"rendered":"Opera&#8217;dan festival m\u00fcjdesi"},"content":{"rendered":"<div>\n<div>\n<div><a class=\"highslide\" href=\"http:\/\/www.epochtimestr.com\/wp-content\/uploads\/2010\/subat\/47522.jpg\"><img loading=\"lazy\" decoding=\"async\" class=\"alignleft size-full wp-image-2256\" src=\"http:\/\/www.epochtimestr.com\/wp-content\/uploads\/2010\/subat\/47522.jpg\" alt=\"\" width=\"250\" height=\"175\" \/><\/a>24 \u015eubat 2010 \/ 13:04<\/div>\n<\/div>\n<div>Samsun Devlet Opera ve Balesi M\u00fcd\u00fcr ve Sanat Y\u00f6netmeni Erdo\u011fan \u015eanal, Opera ve Bale Kul\u00fcb\u00fc&#8217;n\u00fcn d\u00fczenledi\u011fi kahvalt\u0131da Samsun&#8217;da uluslararas\u0131 m\u00fczik festivali d\u00fczenlenece\u011finin m\u00fcjdesini verdi.<\/div>\n<\/div>\n<div>\n<div>Samsun Devlet Opera ve Balesi M\u00fcd\u00fcr ve Sanat Y\u00f6netmeni Erdo\u011fan \u015eanal, Samsun Opera ve Bale Kul\u00fcb\u00fc&#8217;n\u00fcn d\u00fczenledi\u011fi kahvalt\u0131da \u00f6nemli a\u00e7\u0131klamalarda bulundu. \u015eanal, Samsun&#8217;da ge\u00e7en 1 y\u0131ll\u0131k s\u00fcre i\u00e7erisinde \u00e7ok \u00f6nemli i\u015fler ba\u015fard\u0131klar\u0131n\u0131 ifade ederek, &#8220;Devlet Opera ve Balesi 1 y\u0131l\u0131n\u0131 doldurdu ve bu zaman diliminde Samsun ad\u0131na ve sanat ad\u0131na \u00e7ok i\u015fler ba\u015fard\u0131. Devlet Opera ve Balesi olarak Samsunlular\u0131n sosyal ve sanat ihtiya\u00e7lar\u0131n\u0131n \u00e7a\u011fda\u015f \u015fekilde kar\u015f\u0131layabilece\u011fi Atat\u00fcrk K\u00fclt\u00fcr Merkezi&#8217;nde en iyi \u015fekilde hizmet vermeye \u00e7al\u0131\u015f\u0131yoruz. Az zamanda \u00e7ok i\u015fler ba\u015faran ve t\u00fcm T\u00fcrkiye&#8217;de dikkat \u00e7eken Samsun Devlet Opera ve Balesi d\u00fcnyaya a\u00e7\u0131l\u0131yor. Bunu da uluslararas\u0131 bir festival d\u00fczenleyerek ger\u00e7ekle\u015ftirecek. Art\u0131k Samsun insan\u0131yla sanata bak\u0131\u015f a\u00e7\u0131s\u0131yla d\u00fcnyaya a\u00e7\u0131larak marka \u015fehir olacak. Bu \u00e7al\u0131\u015fmalar\u0131n ba\u015flang\u0131c\u0131 olarak d\u00fcnyaca \u00fcnl\u00fc \u0130spanyol Tenor Ernesto Grisales ile Samsun Devlet Opera ve Balesi Sopranosu Seda Orta\u00e7 ile 27 \u015eubat Cumartesi gecesi saat 22:00&#8217;da Opera B\u00fcy\u00fck sahnede bir gala konser ger\u00e7ekle\u015ftirecek&#8221; dedi.<\/div>\n<p>ULUSLARARASI BALE VE OPERA FEST\u0130VAL\u0130<br \/>\nSamsun&#8217;un sanat anlam\u0131nda art\u0131k d\u00fcnyaya a\u00e7\u0131lmaya haz\u0131r oldu\u011funu ifade eden Samsun Opera ve Bale Kul\u00fcb\u00fc Ba\u015fkan\u0131 Dr. Teoman Kaynar ise, \u015funlar\u0131 s\u00f6yledi: &#8220;AKM&#8217;de sahne alan T\u00fcrkiye ve d\u00fcnya \u00e7ap\u0131ndaki sanat\u00e7\u0131lar ba\u015fta Samsunlulara ve Samsun Devlet Opera ve Balesi sanat\u00e7\u0131lar\u0131na hayran kalarak seyircinin potansiyeline g\u0131pta ediyorlar. Bunlar\u0131 kendi a\u011f\u0131zlar\u0131ndan duyuyoruz. Art\u0131k Samsun d\u00fcnyaya a\u00e7\u0131lmaya haz\u0131r. Bunun \u00e7al\u0131\u015fmalar\u0131 ba\u015flad\u0131. \u00c7al\u0131\u015fmalar\u0131m\u0131z \u00f6n\u00fcm\u00fczdeki y\u0131l Samsun&#8217;da Uluslararas\u0131 Opera ve Bale Festivali d\u00fczenlenmesi y\u00f6n\u00fcnde&#8221;<\/p>\n<p>SAMSUN FEST\u0130VALE M\u00dcSA\u0130T B\u0130R KENT<br \/>\nM\u00fcd\u00fcr \u015eanal ayr\u0131ca yap\u0131lacak olan festivalin Samsun i\u00e7in d\u00fcnyaya a\u00e7\u0131lan bir kap\u0131 olaca\u011f\u0131n\u0131 s\u00f6yleyerek festivalin Samsun&#8217;u T\u00fcrkiye \u00e7ap\u0131nda de\u011fil d\u00fcnya \u00e7ap\u0131nda marka bir \u015fehir haline getirebilece\u011finin alt\u0131n\u0131 \u00e7izerek Samsunlular\u0131n da Samsun&#8217;un da festivallere m\u00fcsait bir kent oldu\u011funu s\u00f6yledi.<\/p>\n<\/div>\n","protected":false},"excerpt":{"rendered":"<p>24 \u015eubat 2010 \/ 13:04 Samsun Devlet Opera ve Balesi M\u00fcd\u00fcr ve Sanat Y\u00f6netmeni Erdo\u011fan \u015eanal, Opera ve Bale Kul\u00fcb\u00fc&#8217;n\u00fcn d\u00fczenledi\u011fi kahvalt\u0131da Samsun&#8217;da uluslararas\u0131 m\u00fczik festivali d\u00fczenlenece\u011finin m\u00fcjdesini verdi. Samsun Devlet Opera ve Balesi M\u00fcd\u00fcr ve Sanat Y\u00f6netmeni Erdo\u011fan \u015eanal, Samsun Opera ve Bale Kul\u00fcb\u00fc&#8217;n\u00fcn d\u00fczenledi\u011fi kahvalt\u0131da \u00f6nemli a\u00e7\u0131klamalarda bulundu. \u015eanal, Samsun&#8217;da ge\u00e7en 1 y\u0131ll\u0131k [&hellip;]<\/p>\n","protected":false},"author":22,"featured_media":0,"comment_status":"open","ping_status":"open","sticky":false,"template":"","format":"standard","meta":{"_yoast_wpseo_focuskw":"","_yoast_wpseo_title":"","_yoast_wpseo_metadesc":"","_bbp_topic_count":0,"_bbp_reply_count":0,"_bbp_total_topic_count":0,"_bbp_total_reply_count":0,"_bbp_voice_count":0,"_bbp_anonymous_reply_count":0,"_bbp_topic_count_hidden":0,"_bbp_reply_count_hidden":0,"_bbp_forum_subforum_count":0,"footnotes":"","_yoast_wpseo_focuskw_text_input":""},"categories":[16],"tags":[],"yoast_head":"<!-- This site is optimized with the Yoast SEO plugin v23.0 - https:\/\/yoast.com\/wordpress\/plugins\/seo\/ -->\n<title>Opera&#039;dan festival m\u00fcjdesi  - The Epoch Times TR<\/title>\n<meta name=\"robots\" content=\"index, follow, max-snippet:-1, max-image-preview:large, max-video-preview:-1\" \/>\n<link rel=\"canonical\" href=\"https:\/\/epochtimestr.com\/index.php\/operadan-festival-mujcesi\" \/>\n<meta property=\"og:locale\" content=\"tr_TR\" \/>\n<meta property=\"og:type\" content=\"article\" \/>\n<meta property=\"og:title\" content=\"Opera&#039;dan festival m\u00fcjdesi  - The Epoch Times TR\" \/>\n<meta property=\"og:description\" content=\"24 \u015eubat 2010 \/ 13:04 Samsun Devlet Opera ve Balesi M\u00fcd\u00fcr ve Sanat Y\u00f6netmeni Erdo\u011fan \u015eanal, Opera ve Bale Kul\u00fcb\u00fc&#8217;n\u00fcn d\u00fczenledi\u011fi kahvalt\u0131da Samsun&#8217;da uluslararas\u0131 m\u00fczik festivali d\u00fczenlenece\u011finin m\u00fcjdesini verdi. Samsun Devlet Opera ve Balesi M\u00fcd\u00fcr ve Sanat Y\u00f6netmeni Erdo\u011fan \u015eanal, Samsun Opera ve Bale Kul\u00fcb\u00fc&#8217;n\u00fcn d\u00fczenledi\u011fi kahvalt\u0131da \u00f6nemli a\u00e7\u0131klamalarda bulundu. \u015eanal, Samsun&#8217;da ge\u00e7en 1 y\u0131ll\u0131k [&hellip;]\" \/>\n<meta property=\"og:url\" content=\"https:\/\/epochtimestr.com\/index.php\/operadan-festival-mujcesi\" \/>\n<meta property=\"og:site_name\" content=\"The Epoch Times TR\" \/>\n<meta property=\"article:publisher\" content=\"https:\/\/www.facebook.com\/theepochtimestr\" \/>\n<meta property=\"article:published_time\" content=\"2010-02-24T11:31:15+00:00\" \/>\n<meta property=\"article:modified_time\" content=\"2010-02-27T10:26:38+00:00\" \/>\n<meta property=\"og:image\" content=\"http:\/\/www.epochtimestr.com\/wp-content\/uploads\/2010\/subat\/47522.jpg\" \/>\n<meta name=\"author\" content=\"G.Hakan Ko\u00e7man\" \/>\n<meta name=\"twitter:card\" content=\"summary_large_image\" \/>\n<meta name=\"twitter:creator\" content=\"@TheEpochTimesTR\" \/>\n<meta name=\"twitter:site\" content=\"@TheEpochTimesTR\" \/>\n<meta name=\"twitter:label1\" content=\"Yazan:\" \/>\n\t<meta name=\"twitter:data1\" content=\"G.Hakan Ko\u00e7man\" \/>\n\t<meta name=\"twitter:label2\" content=\"Tahmini okuma s\u00fcresi\" \/>\n\t<meta name=\"twitter:data2\" content=\"2 dakika\" \/>\n<script type=\"application\/ld+json\" class=\"yoast-schema-graph\">{\"@context\":\"https:\/\/schema.org\",\"@graph\":[{\"@type\":\"Article\",\"@id\":\"https:\/\/epochtimestr.com\/index.php\/operadan-festival-mujcesi#article\",\"isPartOf\":{\"@id\":\"https:\/\/epochtimestr.com\/index.php\/operadan-festival-mujcesi\"},\"author\":{\"name\":\"G.Hakan Ko\u00e7man\",\"@id\":\"https:\/\/epochtimestr.com\/#\/schema\/person\/b5509977c9a6cd729a3e74d9743d035b\"},\"headline\":\"Opera&#8217;dan festival m\u00fcjdesi\",\"datePublished\":\"2010-02-24T11:31:15+00:00\",\"dateModified\":\"2010-02-27T10:26:38+00:00\",\"mainEntityOfPage\":{\"@id\":\"https:\/\/epochtimestr.com\/index.php\/operadan-festival-mujcesi\"},\"wordCount\":421,\"commentCount\":0,\"publisher\":{\"@id\":\"https:\/\/epochtimestr.com\/#organization\"},\"image\":{\"@id\":\"https:\/\/epochtimestr.com\/index.php\/operadan-festival-mujcesi#primaryimage\"},\"thumbnailUrl\":\"http:\/\/www.epochtimestr.com\/wp-content\/uploads\/2010\/subat\/47522.jpg\",\"articleSection\":[\"SANAT ve K\u00dcLT\u00dcR\"],\"inLanguage\":\"tr\",\"potentialAction\":[{\"@type\":\"CommentAction\",\"name\":\"Comment\",\"target\":[\"https:\/\/epochtimestr.com\/index.php\/operadan-festival-mujcesi#respond\"]}]},{\"@type\":\"WebPage\",\"@id\":\"https:\/\/epochtimestr.com\/index.php\/operadan-festival-mujcesi\",\"url\":\"https:\/\/epochtimestr.com\/index.php\/operadan-festival-mujcesi\",\"name\":\"Opera'dan festival m\u00fcjdesi - The Epoch Times TR\",\"isPartOf\":{\"@id\":\"https:\/\/epochtimestr.com\/#website\"},\"primaryImageOfPage\":{\"@id\":\"https:\/\/epochtimestr.com\/index.php\/operadan-festival-mujcesi#primaryimage\"},\"image\":{\"@id\":\"https:\/\/epochtimestr.com\/index.php\/operadan-festival-mujcesi#primaryimage\"},\"thumbnailUrl\":\"http:\/\/www.epochtimestr.com\/wp-content\/uploads\/2010\/subat\/47522.jpg\",\"datePublished\":\"2010-02-24T11:31:15+00:00\",\"dateModified\":\"2010-02-27T10:26:38+00:00\",\"inLanguage\":\"tr\",\"potentialAction\":[{\"@type\":\"ReadAction\",\"target\":[\"https:\/\/epochtimestr.com\/index.php\/operadan-festival-mujcesi\"]}]},{\"@type\":\"ImageObject\",\"inLanguage\":\"tr\",\"@id\":\"https:\/\/epochtimestr.com\/index.php\/operadan-festival-mujcesi#primaryimage\",\"url\":\"http:\/\/www.epochtimestr.com\/wp-content\/uploads\/2010\/subat\/47522.jpg\",\"contentUrl\":\"http:\/\/www.epochtimestr.com\/wp-content\/uploads\/2010\/subat\/47522.jpg\"},{\"@type\":\"WebSite\",\"@id\":\"https:\/\/epochtimestr.com\/#website\",\"url\":\"https:\/\/epochtimestr.com\/\",\"name\":\"The Epoch Times TR\",\"description\":\"De\u011fi\u015fen D\u00fcnyam\u0131za Taze Bir Bak\u0131\u015f\",\"publisher\":{\"@id\":\"https:\/\/epochtimestr.com\/#organization\"},\"potentialAction\":[{\"@type\":\"SearchAction\",\"target\":{\"@type\":\"EntryPoint\",\"urlTemplate\":\"https:\/\/epochtimestr.com\/?s={search_term_string}\"},\"query-input\":\"required name=search_term_string\"}],\"inLanguage\":\"tr\"},{\"@type\":\"Organization\",\"@id\":\"https:\/\/epochtimestr.com\/#organization\",\"name\":\"The EpochTimes T\u00fcrkiye\",\"url\":\"https:\/\/epochtimestr.com\/\",\"logo\":{\"@type\":\"ImageObject\",\"inLanguage\":\"tr\",\"@id\":\"https:\/\/epochtimestr.com\/#\/schema\/logo\/image\/\",\"url\":\"https:\/\/epochtimestr.com\/wp-content\/uploads\/2011y\/ET-Logo-YG.jpg\",\"contentUrl\":\"https:\/\/epochtimestr.com\/wp-content\/uploads\/2011y\/ET-Logo-YG.jpg\",\"width\":346,\"height\":29,\"caption\":\"The EpochTimes T\u00fcrkiye\"},\"image\":{\"@id\":\"https:\/\/epochtimestr.com\/#\/schema\/logo\/image\/\"},\"sameAs\":[\"https:\/\/www.facebook.com\/theepochtimestr\",\"https:\/\/x.com\/TheEpochTimesTR\",\"https:\/\/www.instagram.com\/epochtimestr\"]},{\"@type\":\"Person\",\"@id\":\"https:\/\/epochtimestr.com\/#\/schema\/person\/b5509977c9a6cd729a3e74d9743d035b\",\"name\":\"G.Hakan Ko\u00e7man\",\"image\":{\"@type\":\"ImageObject\",\"inLanguage\":\"tr\",\"@id\":\"https:\/\/epochtimestr.com\/#\/schema\/person\/image\/\",\"url\":\"https:\/\/secure.gravatar.com\/avatar\/e4eafee1ab5d1f4015c3930376b22ca8?s=96&d=mm&r=g\",\"contentUrl\":\"https:\/\/secure.gravatar.com\/avatar\/e4eafee1ab5d1f4015c3930376b22ca8?s=96&d=mm&r=g\",\"caption\":\"G.Hakan Ko\u00e7man\"},\"url\":\"https:\/\/epochtimestr.com\/index.php\/author\/hakan\"}]}<\/script>\n<!-- \/ Yoast SEO plugin. -->","yoast_head_json":{"title":"Opera'dan festival m\u00fcjdesi  - The Epoch Times TR","robots":{"index":"index","follow":"follow","max-snippet":"max-snippet:-1","max-image-preview":"max-image-preview:large","max-video-preview":"max-video-preview:-1"},"canonical":"https:\/\/epochtimestr.com\/index.php\/operadan-festival-mujcesi","og_locale":"tr_TR","og_type":"article","og_title":"Opera'dan festival m\u00fcjdesi  - The Epoch Times TR","og_description":"24 \u015eubat 2010 \/ 13:04 Samsun Devlet Opera ve Balesi M\u00fcd\u00fcr ve Sanat Y\u00f6netmeni Erdo\u011fan \u015eanal, Opera ve Bale Kul\u00fcb\u00fc&#8217;n\u00fcn d\u00fczenledi\u011fi kahvalt\u0131da Samsun&#8217;da uluslararas\u0131 m\u00fczik festivali d\u00fczenlenece\u011finin m\u00fcjdesini verdi. Samsun Devlet Opera ve Balesi M\u00fcd\u00fcr ve Sanat Y\u00f6netmeni Erdo\u011fan \u015eanal, Samsun Opera ve Bale Kul\u00fcb\u00fc&#8217;n\u00fcn d\u00fczenledi\u011fi kahvalt\u0131da \u00f6nemli a\u00e7\u0131klamalarda bulundu. \u015eanal, Samsun&#8217;da ge\u00e7en 1 y\u0131ll\u0131k [&hellip;]","og_url":"https:\/\/epochtimestr.com\/index.php\/operadan-festival-mujcesi","og_site_name":"The Epoch Times TR","article_publisher":"https:\/\/www.facebook.com\/theepochtimestr","article_published_time":"2010-02-24T11:31:15+00:00","article_modified_time":"2010-02-27T10:26:38+00:00","og_image":[{"url":"http:\/\/www.epochtimestr.com\/wp-content\/uploads\/2010\/subat\/47522.jpg"}],"author":"G.Hakan Ko\u00e7man","twitter_card":"summary_large_image","twitter_creator":"@TheEpochTimesTR","twitter_site":"@TheEpochTimesTR","twitter_misc":{"Yazan:":"G.Hakan Ko\u00e7man","Tahmini okuma s\u00fcresi":"2 dakika"},"schema":{"@context":"https:\/\/schema.org","@graph":[{"@type":"Article","@id":"https:\/\/epochtimestr.com\/index.php\/operadan-festival-mujcesi#article","isPartOf":{"@id":"https:\/\/epochtimestr.com\/index.php\/operadan-festival-mujcesi"},"author":{"name":"G.Hakan Ko\u00e7man","@id":"https:\/\/epochtimestr.com\/#\/schema\/person\/b5509977c9a6cd729a3e74d9743d035b"},"headline":"Opera&#8217;dan festival m\u00fcjdesi","datePublished":"2010-02-24T11:31:15+00:00","dateModified":"2010-02-27T10:26:38+00:00","mainEntityOfPage":{"@id":"https:\/\/epochtimestr.com\/index.php\/operadan-festival-mujcesi"},"wordCount":421,"commentCount":0,"publisher":{"@id":"https:\/\/epochtimestr.com\/#organization"},"image":{"@id":"https:\/\/epochtimestr.com\/index.php\/operadan-festival-mujcesi#primaryimage"},"thumbnailUrl":"http:\/\/www.epochtimestr.com\/wp-content\/uploads\/2010\/subat\/47522.jpg","articleSection":["SANAT ve K\u00dcLT\u00dcR"],"inLanguage":"tr","potentialAction":[{"@type":"CommentAction","name":"Comment","target":["https:\/\/epochtimestr.com\/index.php\/operadan-festival-mujcesi#respond"]}]},{"@type":"WebPage","@id":"https:\/\/epochtimestr.com\/index.php\/operadan-festival-mujcesi","url":"https:\/\/epochtimestr.com\/index.php\/operadan-festival-mujcesi","name":"Opera'dan festival m\u00fcjdesi - The Epoch Times TR","isPartOf":{"@id":"https:\/\/epochtimestr.com\/#website"},"primaryImageOfPage":{"@id":"https:\/\/epochtimestr.com\/index.php\/operadan-festival-mujcesi#primaryimage"},"image":{"@id":"https:\/\/epochtimestr.com\/index.php\/operadan-festival-mujcesi#primaryimage"},"thumbnailUrl":"http:\/\/www.epochtimestr.com\/wp-content\/uploads\/2010\/subat\/47522.jpg","datePublished":"2010-02-24T11:31:15+00:00","dateModified":"2010-02-27T10:26:38+00:00","inLanguage":"tr","potentialAction":[{"@type":"ReadAction","target":["https:\/\/epochtimestr.com\/index.php\/operadan-festival-mujcesi"]}]},{"@type":"ImageObject","inLanguage":"tr","@id":"https:\/\/epochtimestr.com\/index.php\/operadan-festival-mujcesi#primaryimage","url":"http:\/\/www.epochtimestr.com\/wp-content\/uploads\/2010\/subat\/47522.jpg","contentUrl":"http:\/\/www.epochtimestr.com\/wp-content\/uploads\/2010\/subat\/47522.jpg"},{"@type":"WebSite","@id":"https:\/\/epochtimestr.com\/#website","url":"https:\/\/epochtimestr.com\/","name":"The Epoch Times TR","description":"De\u011fi\u015fen D\u00fcnyam\u0131za Taze Bir Bak\u0131\u015f","publisher":{"@id":"https:\/\/epochtimestr.com\/#organization"},"potentialAction":[{"@type":"SearchAction","target":{"@type":"EntryPoint","urlTemplate":"https:\/\/epochtimestr.com\/?s={search_term_string}"},"query-input":"required name=search_term_string"}],"inLanguage":"tr"},{"@type":"Organization","@id":"https:\/\/epochtimestr.com\/#organization","name":"The EpochTimes T\u00fcrkiye","url":"https:\/\/epochtimestr.com\/","logo":{"@type":"ImageObject","inLanguage":"tr","@id":"https:\/\/epochtimestr.com\/#\/schema\/logo\/image\/","url":"https:\/\/epochtimestr.com\/wp-content\/uploads\/2011y\/ET-Logo-YG.jpg","contentUrl":"https:\/\/epochtimestr.com\/wp-content\/uploads\/2011y\/ET-Logo-YG.jpg","width":346,"height":29,"caption":"The EpochTimes T\u00fcrkiye"},"image":{"@id":"https:\/\/epochtimestr.com\/#\/schema\/logo\/image\/"},"sameAs":["https:\/\/www.facebook.com\/theepochtimestr","https:\/\/x.com\/TheEpochTimesTR","https:\/\/www.instagram.com\/epochtimestr"]},{"@type":"Person","@id":"https:\/\/epochtimestr.com\/#\/schema\/person\/b5509977c9a6cd729a3e74d9743d035b","name":"G.Hakan Ko\u00e7man","image":{"@type":"ImageObject","inLanguage":"tr","@id":"https:\/\/epochtimestr.com\/#\/schema\/person\/image\/","url":"https:\/\/secure.gravatar.com\/avatar\/e4eafee1ab5d1f4015c3930376b22ca8?s=96&d=mm&r=g","contentUrl":"https:\/\/secure.gravatar.com\/avatar\/e4eafee1ab5d1f4015c3930376b22ca8?s=96&d=mm&r=g","caption":"G.Hakan Ko\u00e7man"},"url":"https:\/\/epochtimestr.com\/index.php\/author\/hakan"}]}},"_links":{"self":[{"href":"https:\/\/epochtimestr.com\/index.php\/wp-json\/wp\/v2\/posts\/2255"}],"collection":[{"href":"https:\/\/epochtimestr.com\/index.php\/wp-json\/wp\/v2\/posts"}],"about":[{"href":"https:\/\/epochtimestr.com\/index.php\/wp-json\/wp\/v2\/types\/post"}],"author":[{"embeddable":true,"href":"https:\/\/epochtimestr.com\/index.php\/wp-json\/wp\/v2\/users\/22"}],"replies":[{"embeddable":true,"href":"https:\/\/epochtimestr.com\/index.php\/wp-json\/wp\/v2\/comments?post=2255"}],"version-history":[{"count":6,"href":"https:\/\/epochtimestr.com\/index.php\/wp-json\/wp\/v2\/posts\/2255\/revisions"}],"predecessor-version":[{"id":68208,"href":"https:\/\/epochtimestr.com\/index.php\/wp-json\/wp\/v2\/posts\/2255\/revisions\/68208"}],"wp:attachment":[{"href":"https:\/\/epochtimestr.com\/index.php\/wp-json\/wp\/v2\/media?parent=2255"}],"wp:term":[{"taxonomy":"category","embeddable":true,"href":"https:\/\/epochtimestr.com\/index.php\/wp-json\/wp\/v2\/categories?post=2255"},{"taxonomy":"post_tag","embeddable":true,"href":"https:\/\/epochtimestr.com\/index.php\/wp-json\/wp\/v2\/tags?post=2255"}],"curies":[{"name":"wp","href":"https:\/\/api.w.org\/{rel}","templated":true}]}}