{"id":2430,"date":"2010-03-07T00:09:01","date_gmt":"2010-03-06T22:09:01","guid":{"rendered":"http:\/\/www.epochtimestr.com\/?p=2430"},"modified":"2010-03-07T00:09:01","modified_gmt":"2010-03-06T22:09:01","slug":"sozde-ermeni-soykirimi-yasa-tasarisi-11-martta-da-isvec-parlamentosunda-gorusulecek","status":"publish","type":"post","link":"https:\/\/epochtimestr.com\/index.php\/sozde-ermeni-soykirimi-yasa-tasarisi-11-martta-da-isvec-parlamentosunda-gorusulecek","title":{"rendered":"S\u00f6zde Ermeni soyk\u0131r\u0131m\u0131 yasa tasar\u0131s\u0131 11 Mart&#8217;ta da \u0130sve\u00e7 Parlamentosu&#8217;nda g\u00f6r\u00fc\u015f\u00fclecek"},"content":{"rendered":"<p><a class=\"highslide\" onclick=\"return vz.expand(this)\" href=\"http:\/\/www.epochtimestr.com\/wp-content\/uploads\/2010\/mart\/1390058_p.jpg\"><img loading=\"lazy\" decoding=\"async\" src=\"http:\/\/www.epochtimestr.com\/wp-content\/uploads\/2010\/mart\/1390058_p-150x150.jpg\" alt=\"\" title=\"1390058_p\" width=\"150\" height=\"150\" class=\"alignleft size-thumbnail wp-image-2431\" \/><\/a>STOCKHOLM(C\u0130HAN)- ABD Temsilciler Meclisi D\u0131\u015f \u0130li\u015fkiler Komitesi&#8217;nde kabul edilen s\u00f6zde Ermeni soyk\u0131r\u0131m\u0131 ile ilgili tart\u0131\u015fmalar s\u00fcrerken, \u0130sve\u00e7 Parlamentosu&#8217;nun da benzer bir oylamaya haz\u0131rland\u0131\u011f\u0131 iddia edildi. \u0130sve\u00e7 Parlamentosu Ye\u015filler Parti&#8217;den milletvekili olan T\u00fcrk as\u0131ll\u0131 Mehmet Kaplan, parlamentonun 11 Mart&#8217;ta aralar\u0131nda s\u00f6zde Ermeni soyk\u0131r\u0131m\u0131n\u0131n oldu\u011fu benzer konular\u0131 g\u00f6r\u00fc\u015fece\u011fini aktard\u0131.<br \/>\nCihan Haber Ajans\u0131&#8217;na a\u00e7\u0131klamada bulunan Mehmet Kaplan, \u0130sve\u00e7 Parlamentosu&#8217;nda bulunan Sosyal Demokratlar\u0131n, H\u0131ristiyan Demokratlar\u0131n, Sol ve Ye\u015filler Partisinin de\u011fi\u015fik d\u00f6nemlerde s\u00f6zde Ermeni soyk\u0131r\u0131m\u0131 yasa tekliflerini komisyonlara sunuldu\u011funu aktard\u0131. Kaplan&#8217;\u0131n bildirdi\u011fine g\u00f6re; \u0130sve\u00e7 Parlamentosu s\u00f6zde Ermeni soyk\u0131r\u0131m\u0131 ile birlikte Pontus Rumlar\u0131n, S\u00fcryanilerin, Asur\u00eelerin ve Keldanilerin de soyk\u0131r\u0131m\u0131 u\u011frad\u0131\u011f\u0131n\u0131 iddia ediyor. T\u00fcrk vekile g\u00f6re, \u0130sve\u00e7 Parlamentosu 11 Mart&#8217;taki oturumunda Ermeni yasa tasar\u0131s\u0131 ile birlikte s\u00f6z konusu halklar\u0131n da s\u00f6zde soyk\u0131r\u0131m\u0131na u\u011frad\u0131\u011f\u0131n\u0131 g\u00fcndeme getirecek. <\/p>\n<p>Meclis komisyonlar\u0131nda bu tekliflerin daha \u00f6nce reddedilmi\u015f olmas\u0131na ra\u011fmen, yine de \u0130sve\u00e7 Parlamentosu&#8217;nda 11 Mart&#8217;ta g\u00f6r\u00fc\u015f\u00fclece\u011fini ifade eden Mehmet Kaplan, bu tasar\u0131lar\u0131n meclisten ge\u00e7mesine ihtimal vermedi\u011finin alt\u0131n\u0131 \u00e7izdi. <\/p>\n<p>Bu t\u00fcr yasa teklifleri konusundaki \u015fahsi g\u00f6r\u00fc\u015flerini aktaran Kaplan, bir milleti cani gibi g\u00f6stermeye \u00e7al\u0131\u015fman\u0131n \u00e7ok yanl\u0131\u015f bir giri\u015fim olaca\u011f\u0131n\u0131 vurgulad\u0131. Mehmet Kaplan: &#8220;\u0130sve\u00e7&#8217;te \u015fuan T\u00fcrkler, K\u00fcrtler, S\u00fcryaniler, Asur\u00eeler, Ermeniler bir arada ve karde\u015f\u00e7e ya\u015f\u0131yorlar, 30-40 y\u0131ld\u0131r da bu b\u00f6yle devam ediyor. Bu t\u00fcr yasa teklifleriyle ancak bu toplum i\u00e7ine nifak tohumlar\u0131 ekilmi\u015f olur. Bence b\u00fct\u00fcn bunlar yanl\u0131\u015f yakla\u015f\u0131mlar.&#8221; ifadesini kulland\u0131. <\/p>\n<p>T\u00fcrkiye ile Ermenistan aras\u0131nda yak\u0131nla\u015fman\u0131n g\u00fcndemde oldu\u011fu bir zamanda soyk\u0131r\u0131m iddialar\u0131n\u0131n g\u00fcndeme getirilmesinin yanl\u0131\u015f olaca\u011f\u0131n\u0131n alt\u0131n\u0131 \u00e7izen Kaplan: &#8220;Son d\u00f6nemlerde T\u00fcrkiye ile Ermenistan aras\u0131nda geriye d\u00f6n\u00fck olmak \u00fczere \u00e7ok \u00f6nemli ad\u0131mlar at\u0131lm\u0131\u015ft\u0131r. Bu ad\u0131mlar\u0131 g\u00f6rmezden gelmek ve bu ad\u0131mlar\u0131 hi\u00e7e saymak bence hakikaten ac\u0131 bir durumdur. B\u00f6yle bir teklifin olmas\u0131 dahi beni \u00fcz\u00fcyor. T\u00fcrkiye ve Ermenistan, iki \u00fclke olarak kar\u015f\u0131l\u0131kl\u0131 olarak geriye d\u00f6n\u00fck meselelerini m\u00fczakerelerle \u00e7\u00f6zmeye \u00e7al\u0131\u015f\u0131rken, b\u00f6yle tekliflerle ortaya \u00e7\u0131kmak, ancak yang\u0131na k\u00f6r\u00fckle gitmek olur. Bu, yanl\u0131\u015f bir tutumdur. Benim tavr\u0131m budur ve \u0130sve\u00e7 meclisindekiler de benim bu tavr\u0131m\u0131 sayg\u0131yla kar\u015f\u0131l\u0131yorlar.&#8221; \u015feklinde s\u00f6zlerini tamamlad\u0131. <\/p>\n<p>\u0130SVE\u00c7 MECL\u0130S\u0130NE GELEN S\u00d6ZDE SOYKIRIM YASA TASARILARI: <\/p>\n<p>Parlamento kaynaklar\u0131ndan al\u0131nan bilgiye g\u00f6re, \u0130sve\u00e7 Parlamentosu&#8217;na gelen T\u00fcrkiye ile ilgili s\u00f6zde soyk\u0131r\u0131m yasa teklifleri s\u0131ras\u0131yla \u015fu \u015fekilde: <\/p>\n<p>1- \u0130sve\u00e7li Sosyal Demokratlardan Yunan as\u0131ll\u0131 Nikos Papadopoulos&#8217;un 2008\/09:U280 say\u0131l\u0131 yasa teklifi:<\/p>\n<p>&#8220;Pontus Rumlara ve di\u011fer H\u0131ristiyan az\u0131nl\u0131klara &#8220;K\u00fc\u00e7\u00fck Asya&#8217;da&#8221; (Anadolu) yap\u0131lan soyk\u0131r\u0131m\u0131 kabul etmesi.&#8221;<\/p>\n<p>2- Sol Parti&#8217;den Hans Linde&#8217;nin teklifiyle; Sol Parti, Ye\u015filler Parti, H\u0131ristiyan Demokratlar, Sosyal Demokratlar ve Liberal Partili baz\u0131 vekillerinin 2008\/09:U332 say\u0131l\u0131 ortak yasa teklifi:<\/p>\n<p>1915 y\u0131l\u0131nda Ermeni, Asur\u00eelere, S\u00fcryanilere, Keldanilere ve Pontus Rumlar\u0131na yap\u0131lan soyk\u0131r\u0131m\u0131n kabul edilmesi. <\/p>\n<p>Ayr\u0131ca \u0130sve\u00e7&#8217;in, bu teklifin AB ve BM nezdinde uluslararas\u0131 olarak tan\u0131nmas\u0131 i\u00e7in giri\u015fimlerde bulunmas\u0131 talebi.<\/p>\n<p>T\u00fcrkiye&#8217;nin de b\u00fct\u00fcn bu soyk\u0131r\u0131m iddialar\u0131n\u0131 kabul etmesi teklifi. &#8221;<\/p>\n<p>3- Yunan as\u0131ll\u0131 \u0130sve\u00e7li Sosyal Demokratlar vekili Nikos Papadopoulos&#8217;un 2009\/10:U201 say\u0131l\u0131 yasa teklifi:<\/p>\n<p>&#8220;Pontus Rumlara ve di\u011fer H\u0131ristiyan az\u0131nl\u0131klara &#8220;K\u00fc\u00e7\u00fck Asya&#8217;da&#8221; (Anadolu) yap\u0131lan soyk\u0131r\u0131m\u0131 kabul etmesi.<\/p>\n<p>Ayr\u0131ca \u0130sve\u00e7&#8217;in, bu teklifin AB ve BM nezdinde uluslararas\u0131 olarak tan\u0131nmas\u0131 i\u00e7in giri\u015fimlerde bulunmas\u0131 talebi. &#8221;<\/p>\n<p>4- H\u0131ristiyan Demokratlar Partili Lennart Sacr\u00e9deus ve Mikael Oscarsson&#8217;un 2009\/10:U238 say\u0131l\u0131 yasa teklifi: <\/p>\n<p>&#8220;\u0130sve\u00e7 meclisinin &#8220;Seyfo&#8221;yu yani Ermeni, S\u00fcryani ve Asur\u00ee soyk\u0131r\u0131m\u0131n\u0131 kabul etmesi.&#8221;<\/p>\n<p>5- H\u0131ristiyan Demokratlar Parti&#8217;den Annelie Enochson&#8217;un 2009\/10:U331 say\u0131l\u0131 yasa teklifi:<\/p>\n<p>T\u00fcrkiye&#8217;de 1914-1922 tarihleri aras\u0131nda Ermenilere, S\u00fcryanilere, Asur\u00eelere ve Keldanilere soyk\u0131r\u0131m yap\u0131ld\u0131\u011f\u0131n\u0131n \u0130sve\u00e7 Parlamentosu&#8217;nca kabul\u00fc teklifi.&#8221;<\/p>\n","protected":false},"excerpt":{"rendered":"<p>STOCKHOLM(C\u0130HAN)- ABD Temsilciler Meclisi D\u0131\u015f \u0130li\u015fkiler Komitesi&#8217;nde kabul edilen s\u00f6zde Ermeni soyk\u0131r\u0131m\u0131 ile ilgili tart\u0131\u015fmalar s\u00fcrerken, \u0130sve\u00e7 Parlamentosu&#8217;nun da benzer bir oylamaya haz\u0131rland\u0131\u011f\u0131 iddia edildi. \u0130sve\u00e7 Parlamentosu Ye\u015filler Parti&#8217;den milletvekili olan T\u00fcrk as\u0131ll\u0131 Mehmet Kaplan, parlamentonun 11 Mart&#8217;ta aralar\u0131nda s\u00f6zde Ermeni soyk\u0131r\u0131m\u0131n\u0131n oldu\u011fu benzer konular\u0131 g\u00f6r\u00fc\u015fece\u011fini aktard\u0131. Cihan Haber Ajans\u0131&#8217;na a\u00e7\u0131klamada bulunan Mehmet Kaplan, \u0130sve\u00e7 [&hellip;]<\/p>\n","protected":false},"author":22,"featured_media":0,"comment_status":"open","ping_status":"open","sticky":false,"template":"","format":"standard","meta":{"_yoast_wpseo_focuskw":"","_yoast_wpseo_title":"","_yoast_wpseo_metadesc":"","_bbp_topic_count":0,"_bbp_reply_count":0,"_bbp_total_topic_count":0,"_bbp_total_reply_count":0,"_bbp_voice_count":0,"_bbp_anonymous_reply_count":0,"_bbp_topic_count_hidden":0,"_bbp_reply_count_hidden":0,"_bbp_forum_subforum_count":0,"footnotes":"","_yoast_wpseo_focuskw_text_input":""},"categories":[5],"tags":[],"yoast_head":"<!-- This site is optimized with the Yoast SEO plugin v23.0 - https:\/\/yoast.com\/wordpress\/plugins\/seo\/ -->\n<title>S\u00f6zde Ermeni soyk\u0131r\u0131m\u0131 yasa tasar\u0131s\u0131 11 Mart&#039;ta da \u0130sve\u00e7 Parlamentosu&#039;nda g\u00f6r\u00fc\u015f\u00fclecek  - The Epoch Times TR<\/title>\n<meta name=\"robots\" content=\"index, follow, max-snippet:-1, max-image-preview:large, max-video-preview:-1\" \/>\n<link rel=\"canonical\" href=\"https:\/\/epochtimestr.com\/index.php\/sozde-ermeni-soykirimi-yasa-tasarisi-11-martta-da-isvec-parlamentosunda-gorusulecek\" \/>\n<meta property=\"og:locale\" content=\"tr_TR\" \/>\n<meta property=\"og:type\" content=\"article\" \/>\n<meta property=\"og:title\" content=\"S\u00f6zde Ermeni soyk\u0131r\u0131m\u0131 yasa tasar\u0131s\u0131 11 Mart&#039;ta da \u0130sve\u00e7 Parlamentosu&#039;nda g\u00f6r\u00fc\u015f\u00fclecek  - The Epoch Times TR\" \/>\n<meta property=\"og:description\" content=\"STOCKHOLM(C\u0130HAN)- ABD Temsilciler Meclisi D\u0131\u015f \u0130li\u015fkiler Komitesi&#8217;nde kabul edilen s\u00f6zde Ermeni soyk\u0131r\u0131m\u0131 ile ilgili tart\u0131\u015fmalar s\u00fcrerken, \u0130sve\u00e7 Parlamentosu&#8217;nun da benzer bir oylamaya haz\u0131rland\u0131\u011f\u0131 iddia edildi. \u0130sve\u00e7 Parlamentosu Ye\u015filler Parti&#8217;den milletvekili olan T\u00fcrk as\u0131ll\u0131 Mehmet Kaplan, parlamentonun 11 Mart&#8217;ta aralar\u0131nda s\u00f6zde Ermeni soyk\u0131r\u0131m\u0131n\u0131n oldu\u011fu benzer konular\u0131 g\u00f6r\u00fc\u015fece\u011fini aktard\u0131. Cihan Haber Ajans\u0131&#8217;na a\u00e7\u0131klamada bulunan Mehmet Kaplan, \u0130sve\u00e7 [&hellip;]\" \/>\n<meta property=\"og:url\" content=\"https:\/\/epochtimestr.com\/index.php\/sozde-ermeni-soykirimi-yasa-tasarisi-11-martta-da-isvec-parlamentosunda-gorusulecek\" \/>\n<meta property=\"og:site_name\" content=\"The Epoch Times TR\" \/>\n<meta property=\"article:publisher\" content=\"https:\/\/www.facebook.com\/theepochtimestr\" \/>\n<meta property=\"article:published_time\" content=\"2010-03-06T22:09:01+00:00\" \/>\n<meta property=\"og:image\" content=\"http:\/\/www.epochtimestr.com\/wp-content\/uploads\/2010\/mart\/1390058_p-150x150.jpg\" \/>\n<meta name=\"author\" content=\"G.Hakan Ko\u00e7man\" \/>\n<meta name=\"twitter:card\" content=\"summary_large_image\" \/>\n<meta name=\"twitter:creator\" content=\"@TheEpochTimesTR\" \/>\n<meta name=\"twitter:site\" content=\"@TheEpochTimesTR\" \/>\n<meta name=\"twitter:label1\" content=\"Yazan:\" \/>\n\t<meta name=\"twitter:data1\" content=\"G.Hakan Ko\u00e7man\" \/>\n\t<meta name=\"twitter:label2\" content=\"Tahmini okuma s\u00fcresi\" \/>\n\t<meta name=\"twitter:data2\" content=\"4 dakika\" \/>\n<script type=\"application\/ld+json\" class=\"yoast-schema-graph\">{\"@context\":\"https:\/\/schema.org\",\"@graph\":[{\"@type\":\"Article\",\"@id\":\"https:\/\/epochtimestr.com\/index.php\/sozde-ermeni-soykirimi-yasa-tasarisi-11-martta-da-isvec-parlamentosunda-gorusulecek#article\",\"isPartOf\":{\"@id\":\"https:\/\/epochtimestr.com\/index.php\/sozde-ermeni-soykirimi-yasa-tasarisi-11-martta-da-isvec-parlamentosunda-gorusulecek\"},\"author\":{\"name\":\"G.Hakan Ko\u00e7man\",\"@id\":\"https:\/\/epochtimestr.com\/#\/schema\/person\/b5509977c9a6cd729a3e74d9743d035b\"},\"headline\":\"S\u00f6zde Ermeni soyk\u0131r\u0131m\u0131 yasa tasar\u0131s\u0131 11 Mart&#8217;ta da \u0130sve\u00e7 Parlamentosu&#8217;nda g\u00f6r\u00fc\u015f\u00fclecek\",\"datePublished\":\"2010-03-06T22:09:01+00:00\",\"dateModified\":\"2010-03-06T22:09:01+00:00\",\"mainEntityOfPage\":{\"@id\":\"https:\/\/epochtimestr.com\/index.php\/sozde-ermeni-soykirimi-yasa-tasarisi-11-martta-da-isvec-parlamentosunda-gorusulecek\"},\"wordCount\":738,\"commentCount\":0,\"publisher\":{\"@id\":\"https:\/\/epochtimestr.com\/#organization\"},\"image\":{\"@id\":\"https:\/\/epochtimestr.com\/index.php\/sozde-ermeni-soykirimi-yasa-tasarisi-11-martta-da-isvec-parlamentosunda-gorusulecek#primaryimage\"},\"thumbnailUrl\":\"http:\/\/www.epochtimestr.com\/wp-content\/uploads\/2010\/mart\/1390058_p-150x150.jpg\",\"articleSection\":[\"D\u00dcNYA\"],\"inLanguage\":\"tr\",\"potentialAction\":[{\"@type\":\"CommentAction\",\"name\":\"Comment\",\"target\":[\"https:\/\/epochtimestr.com\/index.php\/sozde-ermeni-soykirimi-yasa-tasarisi-11-martta-da-isvec-parlamentosunda-gorusulecek#respond\"]}]},{\"@type\":\"WebPage\",\"@id\":\"https:\/\/epochtimestr.com\/index.php\/sozde-ermeni-soykirimi-yasa-tasarisi-11-martta-da-isvec-parlamentosunda-gorusulecek\",\"url\":\"https:\/\/epochtimestr.com\/index.php\/sozde-ermeni-soykirimi-yasa-tasarisi-11-martta-da-isvec-parlamentosunda-gorusulecek\",\"name\":\"S\u00f6zde Ermeni soyk\u0131r\u0131m\u0131 yasa tasar\u0131s\u0131 11 Mart'ta da \u0130sve\u00e7 Parlamentosu'nda g\u00f6r\u00fc\u015f\u00fclecek - The Epoch Times TR\",\"isPartOf\":{\"@id\":\"https:\/\/epochtimestr.com\/#website\"},\"primaryImageOfPage\":{\"@id\":\"https:\/\/epochtimestr.com\/index.php\/sozde-ermeni-soykirimi-yasa-tasarisi-11-martta-da-isvec-parlamentosunda-gorusulecek#primaryimage\"},\"image\":{\"@id\":\"https:\/\/epochtimestr.com\/index.php\/sozde-ermeni-soykirimi-yasa-tasarisi-11-martta-da-isvec-parlamentosunda-gorusulecek#primaryimage\"},\"thumbnailUrl\":\"http:\/\/www.epochtimestr.com\/wp-content\/uploads\/2010\/mart\/1390058_p-150x150.jpg\",\"datePublished\":\"2010-03-06T22:09:01+00:00\",\"dateModified\":\"2010-03-06T22:09:01+00:00\",\"inLanguage\":\"tr\",\"potentialAction\":[{\"@type\":\"ReadAction\",\"target\":[\"https:\/\/epochtimestr.com\/index.php\/sozde-ermeni-soykirimi-yasa-tasarisi-11-martta-da-isvec-parlamentosunda-gorusulecek\"]}]},{\"@type\":\"ImageObject\",\"inLanguage\":\"tr\",\"@id\":\"https:\/\/epochtimestr.com\/index.php\/sozde-ermeni-soykirimi-yasa-tasarisi-11-martta-da-isvec-parlamentosunda-gorusulecek#primaryimage\",\"url\":\"http:\/\/www.epochtimestr.com\/wp-content\/uploads\/2010\/mart\/1390058_p-150x150.jpg\",\"contentUrl\":\"http:\/\/www.epochtimestr.com\/wp-content\/uploads\/2010\/mart\/1390058_p-150x150.jpg\"},{\"@type\":\"WebSite\",\"@id\":\"https:\/\/epochtimestr.com\/#website\",\"url\":\"https:\/\/epochtimestr.com\/\",\"name\":\"The Epoch Times TR\",\"description\":\"De\u011fi\u015fen D\u00fcnyam\u0131za Taze Bir Bak\u0131\u015f\",\"publisher\":{\"@id\":\"https:\/\/epochtimestr.com\/#organization\"},\"potentialAction\":[{\"@type\":\"SearchAction\",\"target\":{\"@type\":\"EntryPoint\",\"urlTemplate\":\"https:\/\/epochtimestr.com\/?s={search_term_string}\"},\"query-input\":\"required name=search_term_string\"}],\"inLanguage\":\"tr\"},{\"@type\":\"Organization\",\"@id\":\"https:\/\/epochtimestr.com\/#organization\",\"name\":\"The EpochTimes T\u00fcrkiye\",\"url\":\"https:\/\/epochtimestr.com\/\",\"logo\":{\"@type\":\"ImageObject\",\"inLanguage\":\"tr\",\"@id\":\"https:\/\/epochtimestr.com\/#\/schema\/logo\/image\/\",\"url\":\"https:\/\/epochtimestr.com\/wp-content\/uploads\/2011y\/ET-Logo-YG.jpg\",\"contentUrl\":\"https:\/\/epochtimestr.com\/wp-content\/uploads\/2011y\/ET-Logo-YG.jpg\",\"width\":346,\"height\":29,\"caption\":\"The EpochTimes T\u00fcrkiye\"},\"image\":{\"@id\":\"https:\/\/epochtimestr.com\/#\/schema\/logo\/image\/\"},\"sameAs\":[\"https:\/\/www.facebook.com\/theepochtimestr\",\"https:\/\/x.com\/TheEpochTimesTR\",\"https:\/\/www.instagram.com\/epochtimestr\"]},{\"@type\":\"Person\",\"@id\":\"https:\/\/epochtimestr.com\/#\/schema\/person\/b5509977c9a6cd729a3e74d9743d035b\",\"name\":\"G.Hakan Ko\u00e7man\",\"image\":{\"@type\":\"ImageObject\",\"inLanguage\":\"tr\",\"@id\":\"https:\/\/epochtimestr.com\/#\/schema\/person\/image\/\",\"url\":\"https:\/\/secure.gravatar.com\/avatar\/e4eafee1ab5d1f4015c3930376b22ca8?s=96&d=mm&r=g\",\"contentUrl\":\"https:\/\/secure.gravatar.com\/avatar\/e4eafee1ab5d1f4015c3930376b22ca8?s=96&d=mm&r=g\",\"caption\":\"G.Hakan Ko\u00e7man\"},\"url\":\"https:\/\/epochtimestr.com\/index.php\/author\/hakan\"}]}<\/script>\n<!-- \/ Yoast SEO plugin. -->","yoast_head_json":{"title":"S\u00f6zde Ermeni soyk\u0131r\u0131m\u0131 yasa tasar\u0131s\u0131 11 Mart'ta da \u0130sve\u00e7 Parlamentosu'nda g\u00f6r\u00fc\u015f\u00fclecek  - The Epoch Times TR","robots":{"index":"index","follow":"follow","max-snippet":"max-snippet:-1","max-image-preview":"max-image-preview:large","max-video-preview":"max-video-preview:-1"},"canonical":"https:\/\/epochtimestr.com\/index.php\/sozde-ermeni-soykirimi-yasa-tasarisi-11-martta-da-isvec-parlamentosunda-gorusulecek","og_locale":"tr_TR","og_type":"article","og_title":"S\u00f6zde Ermeni soyk\u0131r\u0131m\u0131 yasa tasar\u0131s\u0131 11 Mart'ta da \u0130sve\u00e7 Parlamentosu'nda g\u00f6r\u00fc\u015f\u00fclecek  - The Epoch Times TR","og_description":"STOCKHOLM(C\u0130HAN)- ABD Temsilciler Meclisi D\u0131\u015f \u0130li\u015fkiler Komitesi&#8217;nde kabul edilen s\u00f6zde Ermeni soyk\u0131r\u0131m\u0131 ile ilgili tart\u0131\u015fmalar s\u00fcrerken, \u0130sve\u00e7 Parlamentosu&#8217;nun da benzer bir oylamaya haz\u0131rland\u0131\u011f\u0131 iddia edildi. \u0130sve\u00e7 Parlamentosu Ye\u015filler Parti&#8217;den milletvekili olan T\u00fcrk as\u0131ll\u0131 Mehmet Kaplan, parlamentonun 11 Mart&#8217;ta aralar\u0131nda s\u00f6zde Ermeni soyk\u0131r\u0131m\u0131n\u0131n oldu\u011fu benzer konular\u0131 g\u00f6r\u00fc\u015fece\u011fini aktard\u0131. Cihan Haber Ajans\u0131&#8217;na a\u00e7\u0131klamada bulunan Mehmet Kaplan, \u0130sve\u00e7 [&hellip;]","og_url":"https:\/\/epochtimestr.com\/index.php\/sozde-ermeni-soykirimi-yasa-tasarisi-11-martta-da-isvec-parlamentosunda-gorusulecek","og_site_name":"The Epoch Times TR","article_publisher":"https:\/\/www.facebook.com\/theepochtimestr","article_published_time":"2010-03-06T22:09:01+00:00","og_image":[{"url":"http:\/\/www.epochtimestr.com\/wp-content\/uploads\/2010\/mart\/1390058_p-150x150.jpg"}],"author":"G.Hakan Ko\u00e7man","twitter_card":"summary_large_image","twitter_creator":"@TheEpochTimesTR","twitter_site":"@TheEpochTimesTR","twitter_misc":{"Yazan:":"G.Hakan Ko\u00e7man","Tahmini okuma s\u00fcresi":"4 dakika"},"schema":{"@context":"https:\/\/schema.org","@graph":[{"@type":"Article","@id":"https:\/\/epochtimestr.com\/index.php\/sozde-ermeni-soykirimi-yasa-tasarisi-11-martta-da-isvec-parlamentosunda-gorusulecek#article","isPartOf":{"@id":"https:\/\/epochtimestr.com\/index.php\/sozde-ermeni-soykirimi-yasa-tasarisi-11-martta-da-isvec-parlamentosunda-gorusulecek"},"author":{"name":"G.Hakan Ko\u00e7man","@id":"https:\/\/epochtimestr.com\/#\/schema\/person\/b5509977c9a6cd729a3e74d9743d035b"},"headline":"S\u00f6zde Ermeni soyk\u0131r\u0131m\u0131 yasa tasar\u0131s\u0131 11 Mart&#8217;ta da \u0130sve\u00e7 Parlamentosu&#8217;nda g\u00f6r\u00fc\u015f\u00fclecek","datePublished":"2010-03-06T22:09:01+00:00","dateModified":"2010-03-06T22:09:01+00:00","mainEntityOfPage":{"@id":"https:\/\/epochtimestr.com\/index.php\/sozde-ermeni-soykirimi-yasa-tasarisi-11-martta-da-isvec-parlamentosunda-gorusulecek"},"wordCount":738,"commentCount":0,"publisher":{"@id":"https:\/\/epochtimestr.com\/#organization"},"image":{"@id":"https:\/\/epochtimestr.com\/index.php\/sozde-ermeni-soykirimi-yasa-tasarisi-11-martta-da-isvec-parlamentosunda-gorusulecek#primaryimage"},"thumbnailUrl":"http:\/\/www.epochtimestr.com\/wp-content\/uploads\/2010\/mart\/1390058_p-150x150.jpg","articleSection":["D\u00dcNYA"],"inLanguage":"tr","potentialAction":[{"@type":"CommentAction","name":"Comment","target":["https:\/\/epochtimestr.com\/index.php\/sozde-ermeni-soykirimi-yasa-tasarisi-11-martta-da-isvec-parlamentosunda-gorusulecek#respond"]}]},{"@type":"WebPage","@id":"https:\/\/epochtimestr.com\/index.php\/sozde-ermeni-soykirimi-yasa-tasarisi-11-martta-da-isvec-parlamentosunda-gorusulecek","url":"https:\/\/epochtimestr.com\/index.php\/sozde-ermeni-soykirimi-yasa-tasarisi-11-martta-da-isvec-parlamentosunda-gorusulecek","name":"S\u00f6zde Ermeni soyk\u0131r\u0131m\u0131 yasa tasar\u0131s\u0131 11 Mart'ta da \u0130sve\u00e7 Parlamentosu'nda g\u00f6r\u00fc\u015f\u00fclecek - The Epoch Times TR","isPartOf":{"@id":"https:\/\/epochtimestr.com\/#website"},"primaryImageOfPage":{"@id":"https:\/\/epochtimestr.com\/index.php\/sozde-ermeni-soykirimi-yasa-tasarisi-11-martta-da-isvec-parlamentosunda-gorusulecek#primaryimage"},"image":{"@id":"https:\/\/epochtimestr.com\/index.php\/sozde-ermeni-soykirimi-yasa-tasarisi-11-martta-da-isvec-parlamentosunda-gorusulecek#primaryimage"},"thumbnailUrl":"http:\/\/www.epochtimestr.com\/wp-content\/uploads\/2010\/mart\/1390058_p-150x150.jpg","datePublished":"2010-03-06T22:09:01+00:00","dateModified":"2010-03-06T22:09:01+00:00","inLanguage":"tr","potentialAction":[{"@type":"ReadAction","target":["https:\/\/epochtimestr.com\/index.php\/sozde-ermeni-soykirimi-yasa-tasarisi-11-martta-da-isvec-parlamentosunda-gorusulecek"]}]},{"@type":"ImageObject","inLanguage":"tr","@id":"https:\/\/epochtimestr.com\/index.php\/sozde-ermeni-soykirimi-yasa-tasarisi-11-martta-da-isvec-parlamentosunda-gorusulecek#primaryimage","url":"http:\/\/www.epochtimestr.com\/wp-content\/uploads\/2010\/mart\/1390058_p-150x150.jpg","contentUrl":"http:\/\/www.epochtimestr.com\/wp-content\/uploads\/2010\/mart\/1390058_p-150x150.jpg"},{"@type":"WebSite","@id":"https:\/\/epochtimestr.com\/#website","url":"https:\/\/epochtimestr.com\/","name":"The Epoch Times TR","description":"De\u011fi\u015fen D\u00fcnyam\u0131za Taze Bir Bak\u0131\u015f","publisher":{"@id":"https:\/\/epochtimestr.com\/#organization"},"potentialAction":[{"@type":"SearchAction","target":{"@type":"EntryPoint","urlTemplate":"https:\/\/epochtimestr.com\/?s={search_term_string}"},"query-input":"required name=search_term_string"}],"inLanguage":"tr"},{"@type":"Organization","@id":"https:\/\/epochtimestr.com\/#organization","name":"The EpochTimes T\u00fcrkiye","url":"https:\/\/epochtimestr.com\/","logo":{"@type":"ImageObject","inLanguage":"tr","@id":"https:\/\/epochtimestr.com\/#\/schema\/logo\/image\/","url":"https:\/\/epochtimestr.com\/wp-content\/uploads\/2011y\/ET-Logo-YG.jpg","contentUrl":"https:\/\/epochtimestr.com\/wp-content\/uploads\/2011y\/ET-Logo-YG.jpg","width":346,"height":29,"caption":"The EpochTimes T\u00fcrkiye"},"image":{"@id":"https:\/\/epochtimestr.com\/#\/schema\/logo\/image\/"},"sameAs":["https:\/\/www.facebook.com\/theepochtimestr","https:\/\/x.com\/TheEpochTimesTR","https:\/\/www.instagram.com\/epochtimestr"]},{"@type":"Person","@id":"https:\/\/epochtimestr.com\/#\/schema\/person\/b5509977c9a6cd729a3e74d9743d035b","name":"G.Hakan Ko\u00e7man","image":{"@type":"ImageObject","inLanguage":"tr","@id":"https:\/\/epochtimestr.com\/#\/schema\/person\/image\/","url":"https:\/\/secure.gravatar.com\/avatar\/e4eafee1ab5d1f4015c3930376b22ca8?s=96&d=mm&r=g","contentUrl":"https:\/\/secure.gravatar.com\/avatar\/e4eafee1ab5d1f4015c3930376b22ca8?s=96&d=mm&r=g","caption":"G.Hakan Ko\u00e7man"},"url":"https:\/\/epochtimestr.com\/index.php\/author\/hakan"}]}},"_links":{"self":[{"href":"https:\/\/epochtimestr.com\/index.php\/wp-json\/wp\/v2\/posts\/2430"}],"collection":[{"href":"https:\/\/epochtimestr.com\/index.php\/wp-json\/wp\/v2\/posts"}],"about":[{"href":"https:\/\/epochtimestr.com\/index.php\/wp-json\/wp\/v2\/types\/post"}],"author":[{"embeddable":true,"href":"https:\/\/epochtimestr.com\/index.php\/wp-json\/wp\/v2\/users\/22"}],"replies":[{"embeddable":true,"href":"https:\/\/epochtimestr.com\/index.php\/wp-json\/wp\/v2\/comments?post=2430"}],"version-history":[{"count":2,"href":"https:\/\/epochtimestr.com\/index.php\/wp-json\/wp\/v2\/posts\/2430\/revisions"}],"predecessor-version":[{"id":67229,"href":"https:\/\/epochtimestr.com\/index.php\/wp-json\/wp\/v2\/posts\/2430\/revisions\/67229"}],"wp:attachment":[{"href":"https:\/\/epochtimestr.com\/index.php\/wp-json\/wp\/v2\/media?parent=2430"}],"wp:term":[{"taxonomy":"category","embeddable":true,"href":"https:\/\/epochtimestr.com\/index.php\/wp-json\/wp\/v2\/categories?post=2430"},{"taxonomy":"post_tag","embeddable":true,"href":"https:\/\/epochtimestr.com\/index.php\/wp-json\/wp\/v2\/tags?post=2430"}],"curies":[{"name":"wp","href":"https:\/\/api.w.org\/{rel}","templated":true}]}}