{"id":28312,"date":"2011-02-16T01:34:28","date_gmt":"2011-02-15T22:34:28","guid":{"rendered":"http:\/\/www.epochtimestr.com\/?p=28312"},"modified":"2011-02-16T01:34:28","modified_gmt":"2011-02-15T22:34:28","slug":"ekrem-yalcindagin-sokaklardan-izlenimler-sergisi-dirimart-sanat-galerisinde","status":"publish","type":"post","link":"https:\/\/epochtimestr.com\/index.php\/ekrem-yalcindagin-sokaklardan-izlenimler-sergisi-dirimart-sanat-galerisinde","title":{"rendered":"Ekrem Yal\u00e7\u0131nda\u011f&#8217;\u0131n &#8220;Sokaklardan \u0130zlenimler&#8221; Sergisi Dirimart Sanat Galerisi&#8217;nde"},"content":{"rendered":"<p><img loading=\"lazy\" decoding=\"async\" class=\"alignleft size-full wp-image-28314\" src=\"http:\/\/www.epochtimestr.com\/wp-content\/uploads\/2011\/ocak 2011\/Ekrem-Yalcindag03.jpg\" alt=\"\" width=\"230\" height=\"180\" \/>1964 y\u0131l\u0131 Ad\u0131yaman do\u011fumlu olan sanat\u00e7\u0131 \u0130zmir Dokuz Eyl\u00fcl \u00dcniversitesi, G\u00fczel Sanatlar Fak\u00fcltesi\u2019nde \u00f6\u011frenim g\u00f6rd\u00fc ve y\u00fcksek lisans yapt\u0131. 1994-99 y\u0131llar\u0131 aras\u0131nda Frankfurt St\u00e4delschule\u2019de Prof. Hermann Nitsch ile \u00e7al\u0131\u015ft\u0131. Yap\u0131tlar\u0131nda geometrik ve floral motifleri el i\u015f\u00e7ili\u011fine bir \u00f6vg\u00fc niteli\u011finde kullanan Ekrem Yal\u00e7\u0131nda\u011f, sanat ve tasar\u0131m aras\u0131nda, resim sanat\u0131n\u0131n geleneksel tekniklerinden yola \u00e7\u0131karak ba\u011f kurar. Motifler tekrar ve i\u00e7 i\u00e7e ge\u00e7me yoluyla izleyicide g\u00f6rsel yan\u0131lsama yarat\u0131rken, k\u00fclt\u00fcrel ba\u011flamda zamans\u0131zl\u0131\u011fa (d\u00fcne \u2013 bug\u00fcne \u2013 yar\u0131na) i\u015faret eder.<\/p>\n<p>Yurt i\u00e7inde ve yurt d\u0131\u015f\u0131nda bir\u00e7ok sergi ger\u00e7ekle\u015ftirmi\u015f olan sanat\u00e7\u0131n\u0131n \u201cSokaklardan \u0130zlenimler\u201d \u00a0sergisi 19 Mart\u2019a kadar D\u0130R\u0130MART Sanat Galerisinde sergilenecek.<\/p>\n<p>Sanat\u00e7\u0131 bu sergisindeki eserleri yaratma s\u00fcrecini \u015fu c\u00fcmlelerle a\u00e7\u0131kl\u0131yor : Tuvalin formuyla, y\u00fczeydeki motifin birli\u011fini hedefleyen bir \u00e7al\u0131\u015fma oldu. \u00a0Renkler, sokakta g\u00f6rd\u00fc\u011f\u00fcm renkler\u2026Sokakta g\u00f6rd\u00fc\u011f\u00fcm\u00fcz herhangi bir renk kombinasyonundan yola \u00e7\u0131k\u0131yorum.\u201d Yal\u00e7\u0131nda\u011f\u2019\u0131n boyay\u0131 kullanma tekni\u011fi ile malzeme bir d\u00f6n\u00fc\u015f\u00fcm ya\u015f\u0131yor ve r\u00f6lyefleri an\u0131msatan girinti ve \u00e7\u0131k\u0131nt\u0131lar \u00fc\u00e7\u00fcnc\u00fc boyut yarat\u0131yor.<\/p>\n<p>Ziyaret Saatleri : P.tesi-C.tesi 10.00 &#8211; 19.00<\/p>\n<p>Adres : Abdi \u0130pek\u00e7i Caddesi No:7\/4 Ni\u015fanta\u015f\u0131 &#8211; \u0130stanbul<\/p>\n<p><img loading=\"lazy\" decoding=\"async\" class=\"aligncenter size-full wp-image-28313\" src=\"http:\/\/www.epochtimestr.com\/wp-content\/uploads\/2011\/ocak 2011\/Ekrem-Yalcindag02.jpg\" alt=\"\" width=\"400\" height=\"300\" \/><\/p>\n","protected":false},"excerpt":{"rendered":"<p>1964 y\u0131l\u0131 Ad\u0131yaman do\u011fumlu olan sanat\u00e7\u0131 \u0130zmir Dokuz Eyl\u00fcl \u00dcniversitesi, G\u00fczel Sanatlar Fak\u00fcltesi\u2019nde \u00f6\u011frenim g\u00f6rd\u00fc ve y\u00fcksek lisans yapt\u0131. 1994-99 y\u0131llar\u0131 aras\u0131nda Frankfurt St\u00e4delschule\u2019de Prof. Hermann Nitsch ile \u00e7al\u0131\u015ft\u0131. Yap\u0131tlar\u0131nda geometrik ve floral motifleri el i\u015f\u00e7ili\u011fine bir \u00f6vg\u00fc niteli\u011finde kullanan Ekrem Yal\u00e7\u0131nda\u011f, sanat ve tasar\u0131m aras\u0131nda, resim sanat\u0131n\u0131n geleneksel tekniklerinden yola \u00e7\u0131karak ba\u011f kurar. Motifler [&hellip;]<\/p>\n","protected":false},"author":18,"featured_media":0,"comment_status":"open","ping_status":"open","sticky":false,"template":"","format":"standard","meta":{"_yoast_wpseo_focuskw":"","_yoast_wpseo_title":"","_yoast_wpseo_metadesc":"","_bbp_topic_count":0,"_bbp_reply_count":0,"_bbp_total_topic_count":0,"_bbp_total_reply_count":0,"_bbp_voice_count":0,"_bbp_anonymous_reply_count":0,"_bbp_topic_count_hidden":0,"_bbp_reply_count_hidden":0,"_bbp_forum_subforum_count":0,"footnotes":"","_yoast_wpseo_focuskw_text_input":""},"categories":[60],"tags":[],"yoast_head":"<!-- This site is optimized with the Yoast SEO plugin v23.0 - https:\/\/yoast.com\/wordpress\/plugins\/seo\/ -->\n<title>Ekrem Yal\u00e7\u0131nda\u011f&#039;\u0131n &quot;Sokaklardan \u0130zlenimler&quot; Sergisi Dirimart Sanat Galerisi&#039;nde - The Epoch Times TR<\/title>\n<meta name=\"robots\" content=\"index, follow, max-snippet:-1, max-image-preview:large, max-video-preview:-1\" \/>\n<link rel=\"canonical\" href=\"https:\/\/epochtimestr.com\/index.php\/ekrem-yalcindagin-sokaklardan-izlenimler-sergisi-dirimart-sanat-galerisinde\" \/>\n<meta property=\"og:locale\" content=\"tr_TR\" \/>\n<meta property=\"og:type\" content=\"article\" \/>\n<meta property=\"og:title\" content=\"Ekrem Yal\u00e7\u0131nda\u011f&#039;\u0131n &quot;Sokaklardan \u0130zlenimler&quot; Sergisi Dirimart Sanat Galerisi&#039;nde - The Epoch Times TR\" \/>\n<meta property=\"og:description\" content=\"1964 y\u0131l\u0131 Ad\u0131yaman do\u011fumlu olan sanat\u00e7\u0131 \u0130zmir Dokuz Eyl\u00fcl \u00dcniversitesi, G\u00fczel Sanatlar Fak\u00fcltesi\u2019nde \u00f6\u011frenim g\u00f6rd\u00fc ve y\u00fcksek lisans yapt\u0131. 1994-99 y\u0131llar\u0131 aras\u0131nda Frankfurt St\u00e4delschule\u2019de Prof. Hermann Nitsch ile \u00e7al\u0131\u015ft\u0131. Yap\u0131tlar\u0131nda geometrik ve floral motifleri el i\u015f\u00e7ili\u011fine bir \u00f6vg\u00fc niteli\u011finde kullanan Ekrem Yal\u00e7\u0131nda\u011f, sanat ve tasar\u0131m aras\u0131nda, resim sanat\u0131n\u0131n geleneksel tekniklerinden yola \u00e7\u0131karak ba\u011f kurar. Motifler [&hellip;]\" \/>\n<meta property=\"og:url\" content=\"https:\/\/epochtimestr.com\/index.php\/ekrem-yalcindagin-sokaklardan-izlenimler-sergisi-dirimart-sanat-galerisinde\" \/>\n<meta property=\"og:site_name\" content=\"The Epoch Times TR\" \/>\n<meta property=\"article:publisher\" content=\"https:\/\/www.facebook.com\/theepochtimestr\" \/>\n<meta property=\"article:published_time\" content=\"2011-02-15T22:34:28+00:00\" \/>\n<meta property=\"og:image\" content=\"http:\/\/www.epochtimestr.com\/wp-content\/uploads\/2011\/ocak%202011\/Ekrem-Yalcindag03.jpg\" \/>\n<meta name=\"author\" content=\"Nesrin Se\u00e7er\" \/>\n<meta name=\"twitter:card\" content=\"summary_large_image\" \/>\n<meta name=\"twitter:creator\" content=\"@TheEpochTimesTR\" \/>\n<meta name=\"twitter:site\" content=\"@TheEpochTimesTR\" \/>\n<meta name=\"twitter:label1\" content=\"Yazan:\" \/>\n\t<meta name=\"twitter:data1\" content=\"Nesrin Se\u00e7er\" \/>\n\t<meta name=\"twitter:label2\" content=\"Tahmini okuma s\u00fcresi\" \/>\n\t<meta name=\"twitter:data2\" content=\"1 dakika\" \/>\n<script type=\"application\/ld+json\" class=\"yoast-schema-graph\">{\"@context\":\"https:\/\/schema.org\",\"@graph\":[{\"@type\":\"Article\",\"@id\":\"https:\/\/epochtimestr.com\/index.php\/ekrem-yalcindagin-sokaklardan-izlenimler-sergisi-dirimart-sanat-galerisinde#article\",\"isPartOf\":{\"@id\":\"https:\/\/epochtimestr.com\/index.php\/ekrem-yalcindagin-sokaklardan-izlenimler-sergisi-dirimart-sanat-galerisinde\"},\"author\":{\"name\":\"Nesrin Se\u00e7er\",\"@id\":\"https:\/\/epochtimestr.com\/#\/schema\/person\/9449775713995720d2e8d6af219e3cc3\"},\"headline\":\"Ekrem Yal\u00e7\u0131nda\u011f&#8217;\u0131n &#8220;Sokaklardan \u0130zlenimler&#8221; Sergisi Dirimart Sanat Galerisi&#8217;nde\",\"datePublished\":\"2011-02-15T22:34:28+00:00\",\"dateModified\":\"2011-02-15T22:34:28+00:00\",\"mainEntityOfPage\":{\"@id\":\"https:\/\/epochtimestr.com\/index.php\/ekrem-yalcindagin-sokaklardan-izlenimler-sergisi-dirimart-sanat-galerisinde\"},\"wordCount\":238,\"commentCount\":0,\"publisher\":{\"@id\":\"https:\/\/epochtimestr.com\/#organization\"},\"articleSection\":[\"Taslak'da b\u0131rak\"],\"inLanguage\":\"tr\",\"potentialAction\":[{\"@type\":\"CommentAction\",\"name\":\"Comment\",\"target\":[\"https:\/\/epochtimestr.com\/index.php\/ekrem-yalcindagin-sokaklardan-izlenimler-sergisi-dirimart-sanat-galerisinde#respond\"]}]},{\"@type\":\"WebPage\",\"@id\":\"https:\/\/epochtimestr.com\/index.php\/ekrem-yalcindagin-sokaklardan-izlenimler-sergisi-dirimart-sanat-galerisinde\",\"url\":\"https:\/\/epochtimestr.com\/index.php\/ekrem-yalcindagin-sokaklardan-izlenimler-sergisi-dirimart-sanat-galerisinde\",\"name\":\"Ekrem Yal\u00e7\u0131nda\u011f'\u0131n \\\"Sokaklardan \u0130zlenimler\\\" Sergisi Dirimart Sanat Galerisi'nde - The Epoch Times TR\",\"isPartOf\":{\"@id\":\"https:\/\/epochtimestr.com\/#website\"},\"datePublished\":\"2011-02-15T22:34:28+00:00\",\"dateModified\":\"2011-02-15T22:34:28+00:00\",\"inLanguage\":\"tr\",\"potentialAction\":[{\"@type\":\"ReadAction\",\"target\":[\"https:\/\/epochtimestr.com\/index.php\/ekrem-yalcindagin-sokaklardan-izlenimler-sergisi-dirimart-sanat-galerisinde\"]}]},{\"@type\":\"WebSite\",\"@id\":\"https:\/\/epochtimestr.com\/#website\",\"url\":\"https:\/\/epochtimestr.com\/\",\"name\":\"The Epoch Times TR\",\"description\":\"De\u011fi\u015fen D\u00fcnyam\u0131za Taze Bir Bak\u0131\u015f\",\"publisher\":{\"@id\":\"https:\/\/epochtimestr.com\/#organization\"},\"potentialAction\":[{\"@type\":\"SearchAction\",\"target\":{\"@type\":\"EntryPoint\",\"urlTemplate\":\"https:\/\/epochtimestr.com\/?s={search_term_string}\"},\"query-input\":\"required name=search_term_string\"}],\"inLanguage\":\"tr\"},{\"@type\":\"Organization\",\"@id\":\"https:\/\/epochtimestr.com\/#organization\",\"name\":\"The EpochTimes T\u00fcrkiye\",\"url\":\"https:\/\/epochtimestr.com\/\",\"logo\":{\"@type\":\"ImageObject\",\"inLanguage\":\"tr\",\"@id\":\"https:\/\/epochtimestr.com\/#\/schema\/logo\/image\/\",\"url\":\"https:\/\/epochtimestr.com\/wp-content\/uploads\/2011y\/ET-Logo-YG.jpg\",\"contentUrl\":\"https:\/\/epochtimestr.com\/wp-content\/uploads\/2011y\/ET-Logo-YG.jpg\",\"width\":346,\"height\":29,\"caption\":\"The EpochTimes T\u00fcrkiye\"},\"image\":{\"@id\":\"https:\/\/epochtimestr.com\/#\/schema\/logo\/image\/\"},\"sameAs\":[\"https:\/\/www.facebook.com\/theepochtimestr\",\"https:\/\/x.com\/TheEpochTimesTR\",\"https:\/\/www.instagram.com\/epochtimestr\"]},{\"@type\":\"Person\",\"@id\":\"https:\/\/epochtimestr.com\/#\/schema\/person\/9449775713995720d2e8d6af219e3cc3\",\"name\":\"Nesrin Se\u00e7er\",\"image\":{\"@type\":\"ImageObject\",\"inLanguage\":\"tr\",\"@id\":\"https:\/\/epochtimestr.com\/#\/schema\/person\/image\/\",\"url\":\"https:\/\/secure.gravatar.com\/avatar\/9e76ddf1406df7ae1827116f0007ff40?s=96&d=mm&r=g\",\"contentUrl\":\"https:\/\/secure.gravatar.com\/avatar\/9e76ddf1406df7ae1827116f0007ff40?s=96&d=mm&r=g\",\"caption\":\"Nesrin Se\u00e7er\"},\"url\":\"https:\/\/epochtimestr.com\/index.php\/author\/nesrin\"}]}<\/script>\n<!-- \/ Yoast SEO plugin. -->","yoast_head_json":{"title":"Ekrem Yal\u00e7\u0131nda\u011f'\u0131n \"Sokaklardan \u0130zlenimler\" Sergisi Dirimart Sanat Galerisi'nde - The Epoch Times TR","robots":{"index":"index","follow":"follow","max-snippet":"max-snippet:-1","max-image-preview":"max-image-preview:large","max-video-preview":"max-video-preview:-1"},"canonical":"https:\/\/epochtimestr.com\/index.php\/ekrem-yalcindagin-sokaklardan-izlenimler-sergisi-dirimart-sanat-galerisinde","og_locale":"tr_TR","og_type":"article","og_title":"Ekrem Yal\u00e7\u0131nda\u011f'\u0131n \"Sokaklardan \u0130zlenimler\" Sergisi Dirimart Sanat Galerisi'nde - The Epoch Times TR","og_description":"1964 y\u0131l\u0131 Ad\u0131yaman do\u011fumlu olan sanat\u00e7\u0131 \u0130zmir Dokuz Eyl\u00fcl \u00dcniversitesi, G\u00fczel Sanatlar Fak\u00fcltesi\u2019nde \u00f6\u011frenim g\u00f6rd\u00fc ve y\u00fcksek lisans yapt\u0131. 1994-99 y\u0131llar\u0131 aras\u0131nda Frankfurt St\u00e4delschule\u2019de Prof. Hermann Nitsch ile \u00e7al\u0131\u015ft\u0131. Yap\u0131tlar\u0131nda geometrik ve floral motifleri el i\u015f\u00e7ili\u011fine bir \u00f6vg\u00fc niteli\u011finde kullanan Ekrem Yal\u00e7\u0131nda\u011f, sanat ve tasar\u0131m aras\u0131nda, resim sanat\u0131n\u0131n geleneksel tekniklerinden yola \u00e7\u0131karak ba\u011f kurar. Motifler [&hellip;]","og_url":"https:\/\/epochtimestr.com\/index.php\/ekrem-yalcindagin-sokaklardan-izlenimler-sergisi-dirimart-sanat-galerisinde","og_site_name":"The Epoch Times TR","article_publisher":"https:\/\/www.facebook.com\/theepochtimestr","article_published_time":"2011-02-15T22:34:28+00:00","og_image":[{"url":"http:\/\/www.epochtimestr.com\/wp-content\/uploads\/2011\/ocak 2011\/Ekrem-Yalcindag03.jpg"}],"author":"Nesrin Se\u00e7er","twitter_card":"summary_large_image","twitter_creator":"@TheEpochTimesTR","twitter_site":"@TheEpochTimesTR","twitter_misc":{"Yazan:":"Nesrin Se\u00e7er","Tahmini okuma s\u00fcresi":"1 dakika"},"schema":{"@context":"https:\/\/schema.org","@graph":[{"@type":"Article","@id":"https:\/\/epochtimestr.com\/index.php\/ekrem-yalcindagin-sokaklardan-izlenimler-sergisi-dirimart-sanat-galerisinde#article","isPartOf":{"@id":"https:\/\/epochtimestr.com\/index.php\/ekrem-yalcindagin-sokaklardan-izlenimler-sergisi-dirimart-sanat-galerisinde"},"author":{"name":"Nesrin Se\u00e7er","@id":"https:\/\/epochtimestr.com\/#\/schema\/person\/9449775713995720d2e8d6af219e3cc3"},"headline":"Ekrem Yal\u00e7\u0131nda\u011f&#8217;\u0131n &#8220;Sokaklardan \u0130zlenimler&#8221; Sergisi Dirimart Sanat Galerisi&#8217;nde","datePublished":"2011-02-15T22:34:28+00:00","dateModified":"2011-02-15T22:34:28+00:00","mainEntityOfPage":{"@id":"https:\/\/epochtimestr.com\/index.php\/ekrem-yalcindagin-sokaklardan-izlenimler-sergisi-dirimart-sanat-galerisinde"},"wordCount":238,"commentCount":0,"publisher":{"@id":"https:\/\/epochtimestr.com\/#organization"},"articleSection":["Taslak'da b\u0131rak"],"inLanguage":"tr","potentialAction":[{"@type":"CommentAction","name":"Comment","target":["https:\/\/epochtimestr.com\/index.php\/ekrem-yalcindagin-sokaklardan-izlenimler-sergisi-dirimart-sanat-galerisinde#respond"]}]},{"@type":"WebPage","@id":"https:\/\/epochtimestr.com\/index.php\/ekrem-yalcindagin-sokaklardan-izlenimler-sergisi-dirimart-sanat-galerisinde","url":"https:\/\/epochtimestr.com\/index.php\/ekrem-yalcindagin-sokaklardan-izlenimler-sergisi-dirimart-sanat-galerisinde","name":"Ekrem Yal\u00e7\u0131nda\u011f'\u0131n \"Sokaklardan \u0130zlenimler\" Sergisi Dirimart Sanat Galerisi'nde - The Epoch Times TR","isPartOf":{"@id":"https:\/\/epochtimestr.com\/#website"},"datePublished":"2011-02-15T22:34:28+00:00","dateModified":"2011-02-15T22:34:28+00:00","inLanguage":"tr","potentialAction":[{"@type":"ReadAction","target":["https:\/\/epochtimestr.com\/index.php\/ekrem-yalcindagin-sokaklardan-izlenimler-sergisi-dirimart-sanat-galerisinde"]}]},{"@type":"WebSite","@id":"https:\/\/epochtimestr.com\/#website","url":"https:\/\/epochtimestr.com\/","name":"The Epoch Times TR","description":"De\u011fi\u015fen D\u00fcnyam\u0131za Taze Bir Bak\u0131\u015f","publisher":{"@id":"https:\/\/epochtimestr.com\/#organization"},"potentialAction":[{"@type":"SearchAction","target":{"@type":"EntryPoint","urlTemplate":"https:\/\/epochtimestr.com\/?s={search_term_string}"},"query-input":"required name=search_term_string"}],"inLanguage":"tr"},{"@type":"Organization","@id":"https:\/\/epochtimestr.com\/#organization","name":"The EpochTimes T\u00fcrkiye","url":"https:\/\/epochtimestr.com\/","logo":{"@type":"ImageObject","inLanguage":"tr","@id":"https:\/\/epochtimestr.com\/#\/schema\/logo\/image\/","url":"https:\/\/epochtimestr.com\/wp-content\/uploads\/2011y\/ET-Logo-YG.jpg","contentUrl":"https:\/\/epochtimestr.com\/wp-content\/uploads\/2011y\/ET-Logo-YG.jpg","width":346,"height":29,"caption":"The EpochTimes T\u00fcrkiye"},"image":{"@id":"https:\/\/epochtimestr.com\/#\/schema\/logo\/image\/"},"sameAs":["https:\/\/www.facebook.com\/theepochtimestr","https:\/\/x.com\/TheEpochTimesTR","https:\/\/www.instagram.com\/epochtimestr"]},{"@type":"Person","@id":"https:\/\/epochtimestr.com\/#\/schema\/person\/9449775713995720d2e8d6af219e3cc3","name":"Nesrin Se\u00e7er","image":{"@type":"ImageObject","inLanguage":"tr","@id":"https:\/\/epochtimestr.com\/#\/schema\/person\/image\/","url":"https:\/\/secure.gravatar.com\/avatar\/9e76ddf1406df7ae1827116f0007ff40?s=96&d=mm&r=g","contentUrl":"https:\/\/secure.gravatar.com\/avatar\/9e76ddf1406df7ae1827116f0007ff40?s=96&d=mm&r=g","caption":"Nesrin Se\u00e7er"},"url":"https:\/\/epochtimestr.com\/index.php\/author\/nesrin"}]}},"_links":{"self":[{"href":"https:\/\/epochtimestr.com\/index.php\/wp-json\/wp\/v2\/posts\/28312"}],"collection":[{"href":"https:\/\/epochtimestr.com\/index.php\/wp-json\/wp\/v2\/posts"}],"about":[{"href":"https:\/\/epochtimestr.com\/index.php\/wp-json\/wp\/v2\/types\/post"}],"author":[{"embeddable":true,"href":"https:\/\/epochtimestr.com\/index.php\/wp-json\/wp\/v2\/users\/18"}],"replies":[{"embeddable":true,"href":"https:\/\/epochtimestr.com\/index.php\/wp-json\/wp\/v2\/comments?post=28312"}],"version-history":[{"count":2,"href":"https:\/\/epochtimestr.com\/index.php\/wp-json\/wp\/v2\/posts\/28312\/revisions"}],"predecessor-version":[{"id":68011,"href":"https:\/\/epochtimestr.com\/index.php\/wp-json\/wp\/v2\/posts\/28312\/revisions\/68011"}],"wp:attachment":[{"href":"https:\/\/epochtimestr.com\/index.php\/wp-json\/wp\/v2\/media?parent=28312"}],"wp:term":[{"taxonomy":"category","embeddable":true,"href":"https:\/\/epochtimestr.com\/index.php\/wp-json\/wp\/v2\/categories?post=28312"},{"taxonomy":"post_tag","embeddable":true,"href":"https:\/\/epochtimestr.com\/index.php\/wp-json\/wp\/v2\/tags?post=28312"}],"curies":[{"name":"wp","href":"https:\/\/api.w.org\/{rel}","templated":true}]}}