{"id":31277,"date":"2011-03-10T07:53:47","date_gmt":"2011-03-10T04:53:47","guid":{"rendered":"http:\/\/www.epochtimestr.com\/?p=31277"},"modified":"2013-08-23T11:50:07","modified_gmt":"2013-08-23T08:50:07","slug":"borusan-istanbul-filarmoni-orkestrasinin-konuk-sefi-cem-yilmaz","status":"publish","type":"post","link":"https:\/\/epochtimestr.com\/index.php\/borusan-istanbul-filarmoni-orkestrasinin-konuk-sefi-cem-yilmaz","title":{"rendered":"Borusan \u0130stanbul Filarmoni Orkestras\u0131&#8217;n\u0131n Konuk \u015eefi Cem Y\u0131lmaz"},"content":{"rendered":"<p style=\"text-align: justify;\">Komedyen Cem Y\u0131lmaz, Borusan Holding&#8217;in, gen\u00e7 yeteneklerin yurt d\u0131\u015f\u0131ndaki m\u00fczik e\u011fitimlerine katk\u0131da bulunmak amac\u0131yla d\u00fczenledi\u011fi \u00f6zel konserde, Borusan \u0130stanbul Filarmoni Orkestras\u0131n\u0131 (B\u0130FO) tekrar y\u00f6netecek.<\/p>\n<p style=\"text-align: justify;\">Ge\u00e7en y\u0131lki ba\u015far\u0131l\u0131 y\u00f6netiminden sonra seyircilerden gelen yo\u011fun talep \u00fczerine, Borusan \u0130stanbul Filarmoni Orkestras\u0131n\u0131n\u00a0konuk \u015fefi bu y\u0131l da Cem Y\u0131lmaz\u00a0olacak. Konser, bu ak\u015fam\u00a0L\u00fctfi K\u0131rdar Uluslararas\u0131 Kongre ve Sergi Saray\u0131&#8217;nda ger\u00e7ekle\u015ftirilecek.<\/p>\n<p style=\"text-align: justify;\">Cem Y\u0131lmaz&#8217;\u0131n ilk kez 9 \u015eubat 2010&#8217;da B\u0130FO&#8217;yu 1750 seyircinin kar\u015f\u0131s\u0131nda y\u00f6netti\u011fi konserde, toplam 277 bin TL gelir elde edilmi\u015fti.<\/p>\n<p style=\"text-align: justify;\">Borusan \u0130stanbul Filarmoni Orkestras\u0131n\u0131, 2006 y\u0131l\u0131nda Borusan Holding Y\u00f6netim Kurulu Ba\u015fkan\u0131 Ahmet Kocab\u0131y\u0131k, 2007&#8217;de Ko\u00e7 Holding \u015eeref Ba\u015fkan\u0131 Rahmi Ko\u00e7, 2008&#8217;de ise Eczac\u0131ba\u015f\u0131 Holding Y\u00f6netim Kurulu Ba\u015fkan\u0131 B\u00fclent Eczac\u0131ba\u015f\u0131 y\u00f6netmi\u015fti.<\/p>\n<p style=\"text-align: justify;\"><img loading=\"lazy\" decoding=\"async\" class=\"aligncenter size-full wp-image-31278\" title=\"cem y\u0131lmaz\" src=\"https:\/\/epochtimestr.com\/wp-content\/uploads\/2011y\/cem-y%C4%B1lmaz.jpg\" alt=\"\" width=\"340\" height=\"244\" \/><\/p>\n","protected":false},"excerpt":{"rendered":"<p>Komedyen Cem Y\u0131lmaz, Borusan Holding&#8217;in, gen\u00e7 yeteneklerin yurt d\u0131\u015f\u0131ndaki m\u00fczik e\u011fitimlerine katk\u0131da bulunmak amac\u0131yla d\u00fczenledi\u011fi \u00f6zel konserde, Borusan \u0130stanbul Filarmoni Orkestras\u0131n\u0131 (B\u0130FO) tekrar y\u00f6netecek. Ge\u00e7en y\u0131lki ba\u015far\u0131l\u0131 y\u00f6netiminden sonra seyircilerden gelen yo\u011fun talep \u00fczerine, Borusan \u0130stanbul Filarmoni Orkestras\u0131n\u0131n\u00a0konuk \u015fefi bu y\u0131l da Cem Y\u0131lmaz\u00a0olacak. Konser, bu ak\u015fam\u00a0L\u00fctfi K\u0131rdar Uluslararas\u0131 Kongre ve Sergi Saray\u0131&#8217;nda ger\u00e7ekle\u015ftirilecek. Cem [&hellip;]<\/p>\n","protected":false},"author":18,"featured_media":31278,"comment_status":"open","ping_status":"open","sticky":false,"template":"","format":"standard","meta":{"_yoast_wpseo_focuskw":"","_yoast_wpseo_title":"","_yoast_wpseo_metadesc":"","_bbp_topic_count":0,"_bbp_reply_count":0,"_bbp_total_topic_count":0,"_bbp_total_reply_count":0,"_bbp_voice_count":0,"_bbp_anonymous_reply_count":0,"_bbp_topic_count_hidden":0,"_bbp_reply_count_hidden":0,"_bbp_forum_subforum_count":0,"footnotes":"","_yoast_wpseo_focuskw_text_input":""},"categories":[18,16],"tags":[380,379,381],"yoast_head":"<!-- This site is optimized with the Yoast SEO plugin v23.0 - https:\/\/yoast.com\/wordpress\/plugins\/seo\/ -->\n<title>Borusan \u0130stanbul Filarmoni Orkestras\u0131&#039;n\u0131n Konuk \u015eefi Cem Y\u0131lmaz - The Epoch Times TR<\/title>\n<meta name=\"robots\" content=\"index, follow, max-snippet:-1, max-image-preview:large, max-video-preview:-1\" \/>\n<link rel=\"canonical\" href=\"https:\/\/epochtimestr.com\/index.php\/borusan-istanbul-filarmoni-orkestrasinin-konuk-sefi-cem-yilmaz\" \/>\n<meta property=\"og:locale\" content=\"tr_TR\" \/>\n<meta property=\"og:type\" content=\"article\" \/>\n<meta property=\"og:title\" content=\"Borusan \u0130stanbul Filarmoni Orkestras\u0131&#039;n\u0131n Konuk \u015eefi Cem Y\u0131lmaz - The Epoch Times TR\" \/>\n<meta property=\"og:description\" content=\"Komedyen Cem Y\u0131lmaz, Borusan Holding&#8217;in, gen\u00e7 yeteneklerin yurt d\u0131\u015f\u0131ndaki m\u00fczik e\u011fitimlerine katk\u0131da bulunmak amac\u0131yla d\u00fczenledi\u011fi \u00f6zel konserde, Borusan \u0130stanbul Filarmoni Orkestras\u0131n\u0131 (B\u0130FO) tekrar y\u00f6netecek. Ge\u00e7en y\u0131lki ba\u015far\u0131l\u0131 y\u00f6netiminden sonra seyircilerden gelen yo\u011fun talep \u00fczerine, Borusan \u0130stanbul Filarmoni Orkestras\u0131n\u0131n\u00a0konuk \u015fefi bu y\u0131l da Cem Y\u0131lmaz\u00a0olacak. Konser, bu ak\u015fam\u00a0L\u00fctfi K\u0131rdar Uluslararas\u0131 Kongre ve Sergi Saray\u0131&#8217;nda ger\u00e7ekle\u015ftirilecek. Cem [&hellip;]\" \/>\n<meta property=\"og:url\" content=\"https:\/\/epochtimestr.com\/index.php\/borusan-istanbul-filarmoni-orkestrasinin-konuk-sefi-cem-yilmaz\" \/>\n<meta property=\"og:site_name\" content=\"The Epoch Times TR\" \/>\n<meta property=\"article:publisher\" content=\"https:\/\/www.facebook.com\/theepochtimestr\" \/>\n<meta property=\"article:published_time\" content=\"2011-03-10T04:53:47+00:00\" \/>\n<meta property=\"article:modified_time\" content=\"2013-08-23T08:50:07+00:00\" \/>\n<meta property=\"og:image\" content=\"https:\/\/epochtimestr.com\/wp-content\/uploads\/2011y\/cem-y\u0131lmaz.jpg\" \/>\n\t<meta property=\"og:image:width\" content=\"340\" \/>\n\t<meta property=\"og:image:height\" content=\"244\" \/>\n\t<meta property=\"og:image:type\" content=\"image\/jpeg\" \/>\n<meta name=\"author\" content=\"Nesrin Se\u00e7er\" \/>\n<meta name=\"twitter:card\" content=\"summary_large_image\" \/>\n<meta name=\"twitter:creator\" content=\"@TheEpochTimesTR\" \/>\n<meta name=\"twitter:site\" content=\"@TheEpochTimesTR\" \/>\n<meta name=\"twitter:label1\" content=\"Yazan:\" \/>\n\t<meta name=\"twitter:data1\" content=\"Nesrin Se\u00e7er\" \/>\n\t<meta name=\"twitter:label2\" content=\"Tahmini okuma s\u00fcresi\" \/>\n\t<meta name=\"twitter:data2\" content=\"1 dakika\" \/>\n<script type=\"application\/ld+json\" class=\"yoast-schema-graph\">{\"@context\":\"https:\/\/schema.org\",\"@graph\":[{\"@type\":\"Article\",\"@id\":\"https:\/\/epochtimestr.com\/index.php\/borusan-istanbul-filarmoni-orkestrasinin-konuk-sefi-cem-yilmaz#article\",\"isPartOf\":{\"@id\":\"https:\/\/epochtimestr.com\/index.php\/borusan-istanbul-filarmoni-orkestrasinin-konuk-sefi-cem-yilmaz\"},\"author\":{\"name\":\"Nesrin Se\u00e7er\",\"@id\":\"https:\/\/epochtimestr.com\/#\/schema\/person\/9449775713995720d2e8d6af219e3cc3\"},\"headline\":\"Borusan \u0130stanbul Filarmoni Orkestras\u0131&#8217;n\u0131n Konuk \u015eefi Cem Y\u0131lmaz\",\"datePublished\":\"2011-03-10T04:53:47+00:00\",\"dateModified\":\"2013-08-23T08:50:07+00:00\",\"mainEntityOfPage\":{\"@id\":\"https:\/\/epochtimestr.com\/index.php\/borusan-istanbul-filarmoni-orkestrasinin-konuk-sefi-cem-yilmaz\"},\"wordCount\":164,\"commentCount\":0,\"publisher\":{\"@id\":\"https:\/\/epochtimestr.com\/#organization\"},\"image\":{\"@id\":\"https:\/\/epochtimestr.com\/index.php\/borusan-istanbul-filarmoni-orkestrasinin-konuk-sefi-cem-yilmaz#primaryimage\"},\"thumbnailUrl\":\"https:\/\/epochtimestr.com\/wp-content\/uploads\/2011y\/cem-y\u0131lmaz.jpg\",\"keywords\":[\"borusan\",\"cem y\u0131lmaz\",\"filarmoni orkestras\u0131\"],\"articleSection\":[\"Foto\u011fraf &amp; Video\",\"SANAT ve K\u00dcLT\u00dcR\"],\"inLanguage\":\"tr\",\"potentialAction\":[{\"@type\":\"CommentAction\",\"name\":\"Comment\",\"target\":[\"https:\/\/epochtimestr.com\/index.php\/borusan-istanbul-filarmoni-orkestrasinin-konuk-sefi-cem-yilmaz#respond\"]}]},{\"@type\":\"WebPage\",\"@id\":\"https:\/\/epochtimestr.com\/index.php\/borusan-istanbul-filarmoni-orkestrasinin-konuk-sefi-cem-yilmaz\",\"url\":\"https:\/\/epochtimestr.com\/index.php\/borusan-istanbul-filarmoni-orkestrasinin-konuk-sefi-cem-yilmaz\",\"name\":\"Borusan \u0130stanbul Filarmoni Orkestras\u0131'n\u0131n Konuk \u015eefi Cem Y\u0131lmaz - The Epoch Times TR\",\"isPartOf\":{\"@id\":\"https:\/\/epochtimestr.com\/#website\"},\"primaryImageOfPage\":{\"@id\":\"https:\/\/epochtimestr.com\/index.php\/borusan-istanbul-filarmoni-orkestrasinin-konuk-sefi-cem-yilmaz#primaryimage\"},\"image\":{\"@id\":\"https:\/\/epochtimestr.com\/index.php\/borusan-istanbul-filarmoni-orkestrasinin-konuk-sefi-cem-yilmaz#primaryimage\"},\"thumbnailUrl\":\"https:\/\/epochtimestr.com\/wp-content\/uploads\/2011y\/cem-y\u0131lmaz.jpg\",\"datePublished\":\"2011-03-10T04:53:47+00:00\",\"dateModified\":\"2013-08-23T08:50:07+00:00\",\"inLanguage\":\"tr\",\"potentialAction\":[{\"@type\":\"ReadAction\",\"target\":[\"https:\/\/epochtimestr.com\/index.php\/borusan-istanbul-filarmoni-orkestrasinin-konuk-sefi-cem-yilmaz\"]}]},{\"@type\":\"ImageObject\",\"inLanguage\":\"tr\",\"@id\":\"https:\/\/epochtimestr.com\/index.php\/borusan-istanbul-filarmoni-orkestrasinin-konuk-sefi-cem-yilmaz#primaryimage\",\"url\":\"https:\/\/epochtimestr.com\/wp-content\/uploads\/2011y\/cem-y\u0131lmaz.jpg\",\"contentUrl\":\"https:\/\/epochtimestr.com\/wp-content\/uploads\/2011y\/cem-y\u0131lmaz.jpg\",\"width\":340,\"height\":244},{\"@type\":\"WebSite\",\"@id\":\"https:\/\/epochtimestr.com\/#website\",\"url\":\"https:\/\/epochtimestr.com\/\",\"name\":\"The Epoch Times TR\",\"description\":\"De\u011fi\u015fen D\u00fcnyam\u0131za Taze Bir Bak\u0131\u015f\",\"publisher\":{\"@id\":\"https:\/\/epochtimestr.com\/#organization\"},\"potentialAction\":[{\"@type\":\"SearchAction\",\"target\":{\"@type\":\"EntryPoint\",\"urlTemplate\":\"https:\/\/epochtimestr.com\/?s={search_term_string}\"},\"query-input\":\"required name=search_term_string\"}],\"inLanguage\":\"tr\"},{\"@type\":\"Organization\",\"@id\":\"https:\/\/epochtimestr.com\/#organization\",\"name\":\"The EpochTimes T\u00fcrkiye\",\"url\":\"https:\/\/epochtimestr.com\/\",\"logo\":{\"@type\":\"ImageObject\",\"inLanguage\":\"tr\",\"@id\":\"https:\/\/epochtimestr.com\/#\/schema\/logo\/image\/\",\"url\":\"https:\/\/epochtimestr.com\/wp-content\/uploads\/2011y\/ET-Logo-YG.jpg\",\"contentUrl\":\"https:\/\/epochtimestr.com\/wp-content\/uploads\/2011y\/ET-Logo-YG.jpg\",\"width\":346,\"height\":29,\"caption\":\"The EpochTimes T\u00fcrkiye\"},\"image\":{\"@id\":\"https:\/\/epochtimestr.com\/#\/schema\/logo\/image\/\"},\"sameAs\":[\"https:\/\/www.facebook.com\/theepochtimestr\",\"https:\/\/x.com\/TheEpochTimesTR\",\"https:\/\/www.instagram.com\/epochtimestr\"]},{\"@type\":\"Person\",\"@id\":\"https:\/\/epochtimestr.com\/#\/schema\/person\/9449775713995720d2e8d6af219e3cc3\",\"name\":\"Nesrin Se\u00e7er\",\"image\":{\"@type\":\"ImageObject\",\"inLanguage\":\"tr\",\"@id\":\"https:\/\/epochtimestr.com\/#\/schema\/person\/image\/\",\"url\":\"https:\/\/secure.gravatar.com\/avatar\/9e76ddf1406df7ae1827116f0007ff40?s=96&d=mm&r=g\",\"contentUrl\":\"https:\/\/secure.gravatar.com\/avatar\/9e76ddf1406df7ae1827116f0007ff40?s=96&d=mm&r=g\",\"caption\":\"Nesrin Se\u00e7er\"},\"url\":\"https:\/\/epochtimestr.com\/index.php\/author\/nesrin\"}]}<\/script>\n<!-- \/ Yoast SEO plugin. -->","yoast_head_json":{"title":"Borusan \u0130stanbul Filarmoni Orkestras\u0131'n\u0131n Konuk \u015eefi Cem Y\u0131lmaz - The Epoch Times TR","robots":{"index":"index","follow":"follow","max-snippet":"max-snippet:-1","max-image-preview":"max-image-preview:large","max-video-preview":"max-video-preview:-1"},"canonical":"https:\/\/epochtimestr.com\/index.php\/borusan-istanbul-filarmoni-orkestrasinin-konuk-sefi-cem-yilmaz","og_locale":"tr_TR","og_type":"article","og_title":"Borusan \u0130stanbul Filarmoni Orkestras\u0131'n\u0131n Konuk \u015eefi Cem Y\u0131lmaz - The Epoch Times TR","og_description":"Komedyen Cem Y\u0131lmaz, Borusan Holding&#8217;in, gen\u00e7 yeteneklerin yurt d\u0131\u015f\u0131ndaki m\u00fczik e\u011fitimlerine katk\u0131da bulunmak amac\u0131yla d\u00fczenledi\u011fi \u00f6zel konserde, Borusan \u0130stanbul Filarmoni Orkestras\u0131n\u0131 (B\u0130FO) tekrar y\u00f6netecek. Ge\u00e7en y\u0131lki ba\u015far\u0131l\u0131 y\u00f6netiminden sonra seyircilerden gelen yo\u011fun talep \u00fczerine, Borusan \u0130stanbul Filarmoni Orkestras\u0131n\u0131n\u00a0konuk \u015fefi bu y\u0131l da Cem Y\u0131lmaz\u00a0olacak. Konser, bu ak\u015fam\u00a0L\u00fctfi K\u0131rdar Uluslararas\u0131 Kongre ve Sergi Saray\u0131&#8217;nda ger\u00e7ekle\u015ftirilecek. Cem [&hellip;]","og_url":"https:\/\/epochtimestr.com\/index.php\/borusan-istanbul-filarmoni-orkestrasinin-konuk-sefi-cem-yilmaz","og_site_name":"The Epoch Times TR","article_publisher":"https:\/\/www.facebook.com\/theepochtimestr","article_published_time":"2011-03-10T04:53:47+00:00","article_modified_time":"2013-08-23T08:50:07+00:00","og_image":[{"width":340,"height":244,"url":"https:\/\/epochtimestr.com\/wp-content\/uploads\/2011y\/cem-y\u0131lmaz.jpg","type":"image\/jpeg"}],"author":"Nesrin Se\u00e7er","twitter_card":"summary_large_image","twitter_creator":"@TheEpochTimesTR","twitter_site":"@TheEpochTimesTR","twitter_misc":{"Yazan:":"Nesrin Se\u00e7er","Tahmini okuma s\u00fcresi":"1 dakika"},"schema":{"@context":"https:\/\/schema.org","@graph":[{"@type":"Article","@id":"https:\/\/epochtimestr.com\/index.php\/borusan-istanbul-filarmoni-orkestrasinin-konuk-sefi-cem-yilmaz#article","isPartOf":{"@id":"https:\/\/epochtimestr.com\/index.php\/borusan-istanbul-filarmoni-orkestrasinin-konuk-sefi-cem-yilmaz"},"author":{"name":"Nesrin Se\u00e7er","@id":"https:\/\/epochtimestr.com\/#\/schema\/person\/9449775713995720d2e8d6af219e3cc3"},"headline":"Borusan \u0130stanbul Filarmoni Orkestras\u0131&#8217;n\u0131n Konuk \u015eefi Cem Y\u0131lmaz","datePublished":"2011-03-10T04:53:47+00:00","dateModified":"2013-08-23T08:50:07+00:00","mainEntityOfPage":{"@id":"https:\/\/epochtimestr.com\/index.php\/borusan-istanbul-filarmoni-orkestrasinin-konuk-sefi-cem-yilmaz"},"wordCount":164,"commentCount":0,"publisher":{"@id":"https:\/\/epochtimestr.com\/#organization"},"image":{"@id":"https:\/\/epochtimestr.com\/index.php\/borusan-istanbul-filarmoni-orkestrasinin-konuk-sefi-cem-yilmaz#primaryimage"},"thumbnailUrl":"https:\/\/epochtimestr.com\/wp-content\/uploads\/2011y\/cem-y\u0131lmaz.jpg","keywords":["borusan","cem y\u0131lmaz","filarmoni orkestras\u0131"],"articleSection":["Foto\u011fraf &amp; Video","SANAT ve K\u00dcLT\u00dcR"],"inLanguage":"tr","potentialAction":[{"@type":"CommentAction","name":"Comment","target":["https:\/\/epochtimestr.com\/index.php\/borusan-istanbul-filarmoni-orkestrasinin-konuk-sefi-cem-yilmaz#respond"]}]},{"@type":"WebPage","@id":"https:\/\/epochtimestr.com\/index.php\/borusan-istanbul-filarmoni-orkestrasinin-konuk-sefi-cem-yilmaz","url":"https:\/\/epochtimestr.com\/index.php\/borusan-istanbul-filarmoni-orkestrasinin-konuk-sefi-cem-yilmaz","name":"Borusan \u0130stanbul Filarmoni Orkestras\u0131'n\u0131n Konuk \u015eefi Cem Y\u0131lmaz - The Epoch Times TR","isPartOf":{"@id":"https:\/\/epochtimestr.com\/#website"},"primaryImageOfPage":{"@id":"https:\/\/epochtimestr.com\/index.php\/borusan-istanbul-filarmoni-orkestrasinin-konuk-sefi-cem-yilmaz#primaryimage"},"image":{"@id":"https:\/\/epochtimestr.com\/index.php\/borusan-istanbul-filarmoni-orkestrasinin-konuk-sefi-cem-yilmaz#primaryimage"},"thumbnailUrl":"https:\/\/epochtimestr.com\/wp-content\/uploads\/2011y\/cem-y\u0131lmaz.jpg","datePublished":"2011-03-10T04:53:47+00:00","dateModified":"2013-08-23T08:50:07+00:00","inLanguage":"tr","potentialAction":[{"@type":"ReadAction","target":["https:\/\/epochtimestr.com\/index.php\/borusan-istanbul-filarmoni-orkestrasinin-konuk-sefi-cem-yilmaz"]}]},{"@type":"ImageObject","inLanguage":"tr","@id":"https:\/\/epochtimestr.com\/index.php\/borusan-istanbul-filarmoni-orkestrasinin-konuk-sefi-cem-yilmaz#primaryimage","url":"https:\/\/epochtimestr.com\/wp-content\/uploads\/2011y\/cem-y\u0131lmaz.jpg","contentUrl":"https:\/\/epochtimestr.com\/wp-content\/uploads\/2011y\/cem-y\u0131lmaz.jpg","width":340,"height":244},{"@type":"WebSite","@id":"https:\/\/epochtimestr.com\/#website","url":"https:\/\/epochtimestr.com\/","name":"The Epoch Times TR","description":"De\u011fi\u015fen D\u00fcnyam\u0131za Taze Bir Bak\u0131\u015f","publisher":{"@id":"https:\/\/epochtimestr.com\/#organization"},"potentialAction":[{"@type":"SearchAction","target":{"@type":"EntryPoint","urlTemplate":"https:\/\/epochtimestr.com\/?s={search_term_string}"},"query-input":"required name=search_term_string"}],"inLanguage":"tr"},{"@type":"Organization","@id":"https:\/\/epochtimestr.com\/#organization","name":"The EpochTimes T\u00fcrkiye","url":"https:\/\/epochtimestr.com\/","logo":{"@type":"ImageObject","inLanguage":"tr","@id":"https:\/\/epochtimestr.com\/#\/schema\/logo\/image\/","url":"https:\/\/epochtimestr.com\/wp-content\/uploads\/2011y\/ET-Logo-YG.jpg","contentUrl":"https:\/\/epochtimestr.com\/wp-content\/uploads\/2011y\/ET-Logo-YG.jpg","width":346,"height":29,"caption":"The EpochTimes T\u00fcrkiye"},"image":{"@id":"https:\/\/epochtimestr.com\/#\/schema\/logo\/image\/"},"sameAs":["https:\/\/www.facebook.com\/theepochtimestr","https:\/\/x.com\/TheEpochTimesTR","https:\/\/www.instagram.com\/epochtimestr"]},{"@type":"Person","@id":"https:\/\/epochtimestr.com\/#\/schema\/person\/9449775713995720d2e8d6af219e3cc3","name":"Nesrin Se\u00e7er","image":{"@type":"ImageObject","inLanguage":"tr","@id":"https:\/\/epochtimestr.com\/#\/schema\/person\/image\/","url":"https:\/\/secure.gravatar.com\/avatar\/9e76ddf1406df7ae1827116f0007ff40?s=96&d=mm&r=g","contentUrl":"https:\/\/secure.gravatar.com\/avatar\/9e76ddf1406df7ae1827116f0007ff40?s=96&d=mm&r=g","caption":"Nesrin Se\u00e7er"},"url":"https:\/\/epochtimestr.com\/index.php\/author\/nesrin"}]}},"_links":{"self":[{"href":"https:\/\/epochtimestr.com\/index.php\/wp-json\/wp\/v2\/posts\/31277"}],"collection":[{"href":"https:\/\/epochtimestr.com\/index.php\/wp-json\/wp\/v2\/posts"}],"about":[{"href":"https:\/\/epochtimestr.com\/index.php\/wp-json\/wp\/v2\/types\/post"}],"author":[{"embeddable":true,"href":"https:\/\/epochtimestr.com\/index.php\/wp-json\/wp\/v2\/users\/18"}],"replies":[{"embeddable":true,"href":"https:\/\/epochtimestr.com\/index.php\/wp-json\/wp\/v2\/comments?post=31277"}],"version-history":[{"count":4,"href":"https:\/\/epochtimestr.com\/index.php\/wp-json\/wp\/v2\/posts\/31277\/revisions"}],"predecessor-version":[{"id":71049,"href":"https:\/\/epochtimestr.com\/index.php\/wp-json\/wp\/v2\/posts\/31277\/revisions\/71049"}],"wp:featuredmedia":[{"embeddable":true,"href":"https:\/\/epochtimestr.com\/index.php\/wp-json\/wp\/v2\/media\/31278"}],"wp:attachment":[{"href":"https:\/\/epochtimestr.com\/index.php\/wp-json\/wp\/v2\/media?parent=31277"}],"wp:term":[{"taxonomy":"category","embeddable":true,"href":"https:\/\/epochtimestr.com\/index.php\/wp-json\/wp\/v2\/categories?post=31277"},{"taxonomy":"post_tag","embeddable":true,"href":"https:\/\/epochtimestr.com\/index.php\/wp-json\/wp\/v2\/tags?post=31277"}],"curies":[{"name":"wp","href":"https:\/\/api.w.org\/{rel}","templated":true}]}}