{"id":33327,"date":"2011-03-27T19:07:51","date_gmt":"2011-03-27T16:07:51","guid":{"rendered":"http:\/\/www.epochtimestr.com\/?p=33327"},"modified":"2011-10-24T13:39:22","modified_gmt":"2011-10-24T10:39:22","slug":"johan-cruyff-ile-la-masia-ve-barcelona-futbolunun-dogusu","status":"publish","type":"post","link":"https:\/\/epochtimestr.com\/index.php\/johan-cruyff-ile-la-masia-ve-barcelona-futbolunun-dogusu","title":{"rendered":"Johan Cruyff ile La Masia ve Barcelona Futbolunun Do\u011fu\u015fu"},"content":{"rendered":"<p style=\"text-align: justify;\"><a class=\"highslide\" onclick=\"return vz.expand(this)\" rel=\"attachment wp-att-33328\" href=\"http:\/\/www.epochtimestr.com\/index.php\/johan-cruyff-ile-la-masia-ve-barcelona-futbolunun-dogusu\/catalonias-coach-and-former-football-st\/\"><br \/>\n<\/a><a class=\"highslide\" onclick=\"return vz.expand(this)\" rel=\"attachment wp-att-33328\" href=\"http:\/\/www.epochtimestr.com\/index.php\/johan-cruyff-ile-la-masia-ve-barcelona-futbolunun-dogusu\/catalonias-coach-and-former-football-st\/\"><img loading=\"lazy\" decoding=\"async\" width=\"594\" height=\"458\" class=\"aligncenter size-full wp-image-33328\" title=\"Catalonia's coach and former football st\" src=\"http:\/\/www.epochtimestr.com\/wp-content\/uploads\/2011y\/95010949.jpg\" alt=\"Johan Cruyff\" srcset=\"https:\/\/epochtimestr.com\/wp-content\/uploads\/2011y\/95010949.jpg 594w, https:\/\/epochtimestr.com\/wp-content\/uploads\/2011y\/95010949-150x115.jpg 150w, https:\/\/epochtimestr.com\/wp-content\/uploads\/2011y\/95010949-300x231.jpg 300w, https:\/\/epochtimestr.com\/wp-content\/uploads\/2011y\/95010949-518x400.jpg 518w, https:\/\/epochtimestr.com\/wp-content\/uploads\/2011y\/95010949-292x225.jpg 292w, https:\/\/epochtimestr.com\/wp-content\/uploads\/2011y\/95010949-100x78.jpg 100w, https:\/\/epochtimestr.com\/wp-content\/uploads\/2011y\/95010949-80x63.jpg 80w\" sizes=\"(max-width: 594px) 100vw, 594px\" \/><\/a>Bug\u00fcn herkes Barcelona futbol tak\u0131m\u0131n\u0131 ve elde etti\u011fi muazzam ba\u015far\u0131lar\u0131 konu\u015fuyor. Peki bu muazzam ba\u015far\u0131 nas\u0131l geldi? Bir anda m\u0131 ortaya \u00e7\u0131kt\u0131? Elbette ki de\u011fil. Bu ba\u015far\u0131n\u0131n s\u0131rr\u0131 30 y\u0131ldan fazla bir zaman \u00f6ncesine dayan\u0131yor.<\/p>\n<p style=\"text-align: justify;\">Hollandal\u0131 futbol adam\u0131 Johan Cruyff, Barcelona futbol tak\u0131m\u0131 i\u00e7in b\u00fcy\u00fck anlamlar ifade eden bir isim. Asl\u0131nda Cruyff, Barcelona tak\u0131m\u0131n\u0131n kaderini belirlemi\u015f olan ki\u015fidir diyebiliriz. 1970&#8217;lerde futbolcu olarak kap\u0131s\u0131ndan girdi\u011fi Barcelona&#8217;ya daha sonra teknik direkt\u00f6r olarak da damgas\u0131n\u0131 vurmu\u015ftur. Barcelona &#8220;La Masia&#8221; isimli altyap\u0131 sistemini Hollandal\u0131 futbol adam\u0131na bor\u00e7ludur.<\/p>\n<p style=\"text-align: justify;\">Tak\u0131m b\u00fcy\u00fck y\u0131ld\u0131zlara sahip olmas\u0131na ra\u011fmen kolektif futbol anlay\u0131\u015f\u0131 ile g\u00f6z kama\u015ft\u0131r\u0131yor. Birbirinden teknik ayaklar sahada m\u00fcthi\u015f uyumlular. Oyuncular son derece profesyonel ve Real Madrid\u2019li futbolcular\u0131n aksine olduk\u00e7a m\u00fctevaziler. Tak\u0131m\u0131n y\u0131ld\u0131z\u0131 Messi, \u00fcst \u00fcste 2 y\u0131ld\u0131r Alt\u0131n Top \u00f6d\u00fcl\u00fcn\u00fc kazanmas\u0131na ra\u011fmen m\u00fctevazili\u011fini koruyor. Dahas\u0131 2010&#8217;un \u00fc\u00e7 alt\u0131n top aday\u0131 da Barcelona\u2019l\u0131 futbolcular idi. Bu ba\u015far\u0131n\u0131n anahtar\u0131 ise Barcelona\u2019n\u0131n futbol akademisi &#8220;La Masia&#8221;.<\/p>\n<p style=\"text-align: justify;\">32 y\u0131ll\u0131k bir ge\u00e7mi\u015fi olan La Masia&#8217;n\u0131n do\u011fu\u015fundaki en b\u00fcy\u00fck pay Johann Cruyff&#8217;a ait. Cruyff futbolcu olarak Barcelona\u2019ya geldi\u011finde 1973 y\u0131l\u0131 idi. O d\u00f6nem tak\u0131m\u0131n ba\u015f\u0131nda, Hollanda futbolunun en de\u011ferli teknik direkt\u00f6rlerinden biri olan Rinus Michels vard\u0131. Michels 60 l\u0131 y\u0131llarda Ajax tak\u0131m\u0131na Total Futbol teorisi ile b\u00fcy\u00fck ba\u015far\u0131lar ya\u015fatm\u0131\u015f bir teknik adam idi.<\/p>\n<p style=\"text-align: justify;\"><a class=\"highslide\" onclick=\"return vz.expand(this)\" rel=\"attachment wp-att-33330\" href=\"http:\/\/www.epochtimestr.com\/index.php\/johan-cruyff-ile-la-masia-ve-barcelona-futbolunun-dogusu\/castello-masters-previews\/\"><img loading=\"lazy\" decoding=\"async\" width=\"594\" height=\"511\" class=\"aligncenter size-full wp-image-33330\" title=\"Castello Masters - Previews\" src=\"http:\/\/www.epochtimestr.com\/wp-content\/uploads\/2011y\/105765985.jpg\" alt=\"\" srcset=\"https:\/\/epochtimestr.com\/wp-content\/uploads\/2011y\/105765985.jpg 594w, https:\/\/epochtimestr.com\/wp-content\/uploads\/2011y\/105765985-300x258.jpg 300w, https:\/\/epochtimestr.com\/wp-content\/uploads\/2011y\/105765985-464x400.jpg 464w\" sizes=\"(max-width: 594px) 100vw, 594px\" \/><\/a>Sar\u0131 Fare lakapl\u0131 Cruyyf\u2019\u0131n futbolcu olarak tak\u0131ma gelmesiyle birlikte, &#8220;Total Futbol&#8221; sistemi Bar\u00e7a&#8217;da da sonu\u00e7 verdi. Cruyff tak\u0131ma gelmeden \u00f6nce 8 ma\u00e7ta \u00a0sadece 2 galibiyet alabilen Barcelona, Cruyff&#8217;un tak\u0131ma kat\u0131lmas\u0131yla birlikte 26 ma\u00e7 hi\u00e7 yenilmedi ve \u015fampiyonlu\u011fa ula\u015ft\u0131.<\/p>\n<p style=\"text-align: justify;\">Barcelona 14 y\u0131ldan bu yana ilk defa \u015fampiyon oluyordu. 1974&#8242; \u015eubat&#8217;\u0131ndaki unutulmaz Real Madrid derbisinde Cruyff 1 gol 3 asist yaparak geceye damgas\u0131n\u0131 vurmu\u015f, Barcelona ezeli rakibini 5-0 l\u0131k bir skorla darmada\u011f\u0131n etmi\u015fti.<\/p>\n<p style=\"text-align: justify;\">Cruyff, Barcelona\u2019ya futbolcu olarak veda ederken kul\u00fcp ba\u015fkan\u0131ndan bir altyap\u0131 okulu a\u00e7mas\u0131n\u0131 istedi. Ba\u015fkan\u00a0 da onu k\u0131rmad\u0131 ve bu iste\u011fini yerine getirdi. \u0130\u015fte b\u00f6ylece Barcelona\u2019n\u0131n gelecekte elde edece\u011fi b\u00fcy\u00fck ba\u015far\u0131lar\u0131n temeli de at\u0131lm\u0131\u015f oluyordu.<\/p>\n<figure id=\"attachment_33331\" aria-describedby=\"caption-attachment-33331\" style=\"width: 594px\" class=\"wp-caption aligncenter\"><a class=\"highslide\" onclick=\"return vz.expand(this)\" rel=\"attachment wp-att-33331\" href=\"http:\/\/www.epochtimestr.com\/index.php\/johan-cruyff-ile-la-masia-ve-barcelona-futbolunun-dogusu\/2010-alfred-dunhill-links-championship-third-round\/\"><img loading=\"lazy\" decoding=\"async\" class=\"size-full wp-image-33331 \" title=\"Cruyff\" src=\"http:\/\/www.epochtimestr.com\/wp-content\/uploads\/2011y\/105098007.jpg\" alt=\"\" width=\"594\" height=\"440\" srcset=\"https:\/\/epochtimestr.com\/wp-content\/uploads\/2011y\/105098007.jpg 594w, https:\/\/epochtimestr.com\/wp-content\/uploads\/2011y\/105098007-300x222.jpg 300w, https:\/\/epochtimestr.com\/wp-content\/uploads\/2011y\/105098007-540x400.jpg 540w\" sizes=\"(max-width: 594px) 100vw, 594px\" \/><\/a><figcaption id=\"caption-attachment-33331\" class=\"wp-caption-text\">Johan Cruyff Barcelona futbol tak\u0131m\u0131n\u0131n total futbol anlay\u0131\u015f\u0131n\u0131 uygulayabilece\u011fini biliyordu. Tak\u0131m o yetenekteki futbolcular\u0131 biraraya getirebilecek d\u00fczeyde idi. <\/figcaption><\/figure>\n<p style=\"text-align: justify;\">Cruyff \u00a09 y\u0131l sonra Barcelona\u2019ya teknik adam olarak geri d\u00f6nd\u00fc. Tak\u0131m\u0131 8 y\u0131l boyunca \u00e7al\u0131\u015ft\u0131ran Cruyff \u00a0bu s\u00fcre\u00e7 i\u00e7erisinde tam 11 kupa kazand\u0131. 1991-1994 d\u00f6neminde Barca, 4 kez \u00fcst\u00fcste \u015fampiyon olma ba\u015far\u0131s\u0131n\u0131 g\u00f6sterdi. Cruyff Barcelona tarihindeki en ba\u015far\u0131l\u0131 teknik adam olmu\u015ftu. Elbette ki Hollandal\u0131 teknik adam\u0131n bu g\u00f6z kama\u015ft\u0131ran ba\u015far\u0131s\u0131ndaki en \u00f6nemli etken, oyun felsefesine ayak uyduran do\u011fru transferlerdi. Romario, Koeman, Laudrup ve Stoichkov&#8217;u transfer eden Cruyff, \u0130spanyadan da Zubizarreta, Goicoechea, Beguiristain ve Bakero&#8217;yu kadroya dahil etti. Cruyff&#8217;un altyap\u0131dan A tak\u0131ma ta\u015f\u0131d\u0131\u011f\u0131 isimler ise Guardiola, Ferrer ve Amor&#8217;du. Bu futbolcularla m\u00fcthi\u015f bir ba\u015far\u0131 yakalayan Bar\u00e7a, &#8220;R\u00fcya Tak\u0131m&#8221; olarak adland\u0131r\u0131lmaya ba\u015fland\u0131.<\/p>\n<p style=\"text-align: justify;\">Asl\u0131nda Cruyff\u2019\u0131n amac\u0131 bu sistemi mekanikle\u015ftirmek idi. O y\u00fczden altyap\u0131 ile yak\u0131ndan ilgileniyordu. &#8220;Total Futbol&#8221; felsefesini gen\u00e7 ya\u015fta futbolculara kazand\u0131r\u0131p, A tak\u0131ma geldiklerinde sistemin m\u00fckemmel bir \u015fekilde i\u015flemesini ama\u00e7l\u0131yordu. Bu ger\u00e7ekle\u015fti\u011finde Barcelona ba\u015far\u0131ya doymayan bir kl\u00fcp haline gelecekti.<\/p>\n<figure id=\"attachment_33332\" aria-describedby=\"caption-attachment-33332\" style=\"width: 594px\" class=\"wp-caption aligncenter\"><a class=\"highslide\" onclick=\"return vz.expand(this)\" rel=\"attachment wp-att-33332\" href=\"http:\/\/www.epochtimestr.com\/index.php\/johan-cruyff-ile-la-masia-ve-barcelona-futbolunun-dogusu\/from-l-barcelona-football-clubs-honor\/\"><img loading=\"lazy\" decoding=\"async\" class=\"size-full wp-image-33332\" title=\"(From L) Barcelona football club's Honor\" src=\"http:\/\/www.epochtimestr.com\/wp-content\/uploads\/2011y\/98496355.jpg\" alt=\"\" width=\"594\" height=\"384\" srcset=\"https:\/\/epochtimestr.com\/wp-content\/uploads\/2011y\/98496355.jpg 594w, https:\/\/epochtimestr.com\/wp-content\/uploads\/2011y\/98496355-300x193.jpg 300w\" sizes=\"(max-width: 594px) 100vw, 594px\" \/><\/a><figcaption id=\"caption-attachment-33332\" class=\"wp-caption-text\">JAVIER SORIANO Getty Images<\/figcaption><\/figure>\n<p style=\"text-align: justify;\">Peki, bu &#8220;Total Futbol&#8221; nedir? Bir tak\u0131m\u0131n bu t\u00fcrde bir futbol oynayabilmesi i\u00e7in \u00f6ncelikle kollektifli\u011fi \u00f6z\u00fcmsemesi gerekiyor. Bu bir zorunluluk. Daha sonra ise oyun stratejinizi kolektif bilin\u00e7 \u00fczerine in\u015fa etmeniz gerekiyor. Bu s\u00fcre\u00e7teki en hayati \u015feylerden birisi de futbolcular aras\u0131ndaki koordinasyon. Stratejinizin sonu\u00e7 vermesi, bu koordinasyona ba\u011fl\u0131.<\/p>\n<p style=\"text-align: justify;\">Hem bireysel hem de taktiksel anlamda b\u00fcy\u00fck bir yetenek olan Cruyyf, Total Futbol anlay\u0131\u015f\u0131na b\u00fcy\u00fck katk\u0131lar sa\u011flad\u0131. Rakiplerini \u00e7ok iyi analiz edebilen Sar\u0131 Fare oyuncu ili\u015fkilerini de \u00e7ok iyi biliyordu. Barcelona\u2019ya gelmeden \u00f6nce \u00e7al\u0131\u015ft\u0131\u011f\u0131 Ajax tak\u0131m\u0131 onun i\u00e7in bir staj yeri gibi olmu\u015ftu, dolay\u0131s\u0131yla Barca\u2019ya haz\u0131rl\u0131kl\u0131 gelmi\u015f ve \u00f6\u011frendiklerini m\u00fckemmel bir bi\u00e7imde uygulam\u0131\u015ft\u0131.<\/p>\n<figure id=\"attachment_31245\" aria-describedby=\"caption-attachment-31245\" style=\"width: 594px\" class=\"wp-caption aligncenter\"><a class=\"highslide\" onclick=\"return vz.expand(this)\" rel=\"attachment wp-att-31245\" href=\"http:\/\/www.epochtimestr.com\/index.php\/olagandisi-bir-yetenek-lionel-messi\/athletic-bilbaos-defender-fernando-amor\/\"><img loading=\"lazy\" decoding=\"async\" class=\"size-full wp-image-31245\" title=\"Athletic Bilbao's defender Fernando Amor\" src=\"http:\/\/www.epochtimestr.com\/wp-content\/uploads\/2011y\/109312634.jpg\" alt=\"Messi\" width=\"594\" height=\"470\" srcset=\"https:\/\/epochtimestr.com\/wp-content\/uploads\/2011y\/109312634.jpg 594w, https:\/\/epochtimestr.com\/wp-content\/uploads\/2011y\/109312634-300x237.jpg 300w, https:\/\/epochtimestr.com\/wp-content\/uploads\/2011y\/109312634-505x400.jpg 505w\" sizes=\"(max-width: 594px) 100vw, 594px\" \/><\/a><figcaption id=\"caption-attachment-31245\" class=\"wp-caption-text\">JOSEP LAGO Getty Images)<\/figcaption><\/figure>\n<p style=\"text-align: justify;\">Cruyff&#8217;un oynatt\u0131\u011f\u0131 futbol, Michels&#8217;\u0131n &#8220;Total Futbol&#8221;unun yeni bir versiyonuydu asl\u0131nda. Getirdi\u011fi en b\u00fcy\u00fck yenilik, savunma ile h\u00fccum hatt\u0131nda oynayan oyuncular\u0131 birbirine yakla\u015ft\u0131rmak oldu. Cruyff, &#8220;\u0130leri u\u00e7takiler en fazla 15 metre ko\u015fmal\u0131&#8221; diyordu. \u00c7ok iyi incelendi\u011finde Cruyff&#8217;un Bar\u00e7a&#8217;s\u0131yla bug\u00fcnk\u00fc Guardiola&#8217;n\u0131n Bar\u00e7a&#8217;s\u0131 aras\u0131nda oyun felsefesi a\u00e7\u0131s\u0131ndan bir fark\u0131n olmad\u0131\u011f\u0131 a\u00e7\u0131k\u00e7a g\u00f6r\u00fclecektir. Zaten bir\u00e7ok futbol otoritesine g\u00f6re de Guardiola&#8217;n\u0131n Bar\u00e7a&#8217;s\u0131, Cruyff&#8217;un Bar\u00e7a&#8217;s\u0131n\u0131n bir devam\u0131\u2026<\/p>\n<p style=\"text-align: justify;\">Cruyff\u2019\u0131n s\u00f6zleri asl\u0131nda durumu \u00f6zetliyor: \u2018\u2018Bar\u00e7a&#8217;n\u0131n \u015fimdiki antren\u00f6r\u00fc benim eski talebem Guardiola, g\u00f6reve ba\u015flad\u0131ktan sonra altyap\u0131dan belli bir oyun stili ile gelen gen\u00e7lere g\u00fcvendi; aynen benim gibi. T\u0131pk\u0131 kendisinden \u00f6nceki \u00f6rnekler Van Gaal ve Rijkaard gibi. Dolay\u0131s\u0131yla Bar\u00e7a&#8217;n\u0131n \u00e7izgisi de\u011fi\u015fmedi, ayn\u0131 oyun felsefesiyle yoluna devam ediyor&#8221;.<\/p>\n<p style=\"text-align: justify;\"><a class=\"highslide\" onclick=\"return vz.expand(this)\" rel=\"attachment wp-att-33333\" href=\"http:\/\/www.epochtimestr.com\/index.php\/johan-cruyff-ile-la-masia-ve-barcelona-futbolunun-dogusu\/barcelonas-forward-bojan-krkic-perez-2\/\"><img loading=\"lazy\" decoding=\"async\" width=\"594\" height=\"424\" class=\"aligncenter size-full wp-image-33333\" title=\"Barcelona\" src=\"http:\/\/www.epochtimestr.com\/wp-content\/uploads\/2011y\/110484806.jpg\" alt=\"\" srcset=\"https:\/\/epochtimestr.com\/wp-content\/uploads\/2011y\/110484806.jpg 594w, https:\/\/epochtimestr.com\/wp-content\/uploads\/2011y\/110484806-300x214.jpg 300w, https:\/\/epochtimestr.com\/wp-content\/uploads\/2011y\/110484806-560x400.jpg 560w\" sizes=\"(max-width: 594px) 100vw, 594px\" \/><\/a>Barcelona\u2019n\u0131n oyun sistemindeki en \u00f6nemli kavram \u2018\u2018Hareket.\u2019\u2019 Top bir futbolcunun aya\u011f\u0131ndayken di\u011fer 9 futbolcu hareket halinde olmak zorunda. Bu hareketlilik \u00e7ok \u00f6nemli. Kaymalar\u0131 \u00e7ok iyi yapan Bar\u00e7a, bo\u015f ve m\u00fcsait olabiliyor ve top ge\u00e7i\u015flerinin h\u0131z\u0131n\u0131 art\u0131rabiliyor. Bar\u00e7a&#8217;n\u0131n oyununda top aya\u011f\u0131nda olan oyuncu en az \u00f6neme sahip olan futbolcu. Di\u011ferleri ise aya\u011f\u0131nda top olana uyum g\u00f6sterir, topu alacak ve verecek durumdad\u0131rlar. Pek \u00e7ok antren\u00f6r top aya\u011f\u0131nda olan oyuncudan pas vermesini ve hareket etmesini ister. Bar\u00e7a&#8217;da ise durum farkl\u0131, pas\u0131 veren, yerinde kal\u0131r. Bu noktada en \u00f6nemli unsur, pas\u0131n do\u011fru \u015fekilde verilmesi.&#8221; Bu pas al\u0131\u015f veri\u015flerinde Cruyff &#8220;teknik&#8221;e dikkat \u00e7ekiyor:<\/p>\n<p style=\"text-align: justify;\">\u2018\u2018Futbolda s\u00fcrekli telaffuz edilen teknik, benim i\u00e7in topla cambazl\u0131k yapmak de\u011fil, topu do\u011fru ayakla, do\u011fru h\u0131zda vermektir. Ufak bir gecikme, her \u015feyi bitirebilir.&#8221;<\/p>\n<figure id=\"attachment_33334\" aria-describedby=\"caption-attachment-33334\" style=\"width: 594px\" class=\"wp-caption aligncenter\"><a class=\"highslide\" onclick=\"return vz.expand(this)\" rel=\"attachment wp-att-33334\" href=\"http:\/\/www.epochtimestr.com\/index.php\/johan-cruyff-ile-la-masia-ve-barcelona-futbolunun-dogusu\/barcelonas-forward-bojan-krkic-perez-ce\/\"><img loading=\"lazy\" decoding=\"async\" class=\"size-full wp-image-33334\" title=\"Barcelona's forward Bojan Krkic Perez ce\" src=\"http:\/\/www.epochtimestr.com\/wp-content\/uploads\/2011y\/110502356.jpg\" alt=\"\" width=\"594\" height=\"384\" srcset=\"https:\/\/epochtimestr.com\/wp-content\/uploads\/2011y\/110502356.jpg 594w, https:\/\/epochtimestr.com\/wp-content\/uploads\/2011y\/110502356-300x193.jpg 300w\" sizes=\"(max-width: 594px) 100vw, 594px\" \/><\/a><figcaption id=\"caption-attachment-33334\" class=\"wp-caption-text\"> JOSEP LAGO Getty Images)<\/figcaption><\/figure>\n<p style=\"text-align: justify;\">Cruyff oyuncular\u0131n fiziksel \u00f6zellikleriyle de ilgili dikkat \u00e7ekici yorumlar yap\u0131yor: &#8220;Futbol bir ayak oyunu oldu\u011fu i\u00e7in, topun yeri terk etmemesi gerekiyor. Bunun ba\u015farmak ve \u00e7ok iyi bir futbolcu olmak i\u00e7in iri yar\u0131, uzun boylu olmak \u00f6nemli bir \u015fart de\u011fil. Asl\u0131nda k\u0131sa boylular iki \u00f6nemli avantaja sahip olabiliyorlar; boylar\u0131 k\u0131sa oldu\u011fundan sahay\u0131 daha iyi g\u00f6rebiliyor ve yap\u0131lmas\u0131 gerekeni en h\u0131zl\u0131 \u015fekilde yerine getirebiliyorlar. B\u00f6ylece oyun vizyonlar\u0131 ve teknikleri daha da geli\u015fiyor. \u0130kinci avantajlar\u0131 ise tekni\u011fi fiziksel \u00f6zelliklerinden daha iyi olan biri, iki aya\u011f\u0131n\u0131 da kullanabiliyor.&#8221;<\/p>\n<p style=\"text-align: justify;\">Cruyff Barcelona ile benzer futbolu oynayan tek tak\u0131m\u0131n Arsenal oldu\u011funu s\u00f6yl\u00fcyor. Fakat arada elbette farkl\u0131l\u0131klar var. Arsenal topu kaybedince geriye yaslan\u0131p rakibini bekliyor, Barcelona ise rakibe ileri u\u00e7ta pres yapmaya ba\u015fl\u0131yor.<\/p>\n<p style=\"text-align: justify;\"><a class=\"highslide\" onclick=\"return vz.expand(this)\" rel=\"attachment wp-att-33335\" href=\"http:\/\/www.epochtimestr.com\/index.php\/johan-cruyff-ile-la-masia-ve-barcelona-futbolunun-dogusu\/barcelonas-defender-gerard-pique-l-b\/\"><img loading=\"lazy\" decoding=\"async\" width=\"594\" height=\"438\" class=\"aligncenter size-full wp-image-33335\" title=\"Barcelona's defender Gerard Pique (L), B\" src=\"http:\/\/www.epochtimestr.com\/wp-content\/uploads\/2011y\/110484202.jpg\" alt=\"\" srcset=\"https:\/\/epochtimestr.com\/wp-content\/uploads\/2011y\/110484202.jpg 594w, https:\/\/epochtimestr.com\/wp-content\/uploads\/2011y\/110484202-300x221.jpg 300w, https:\/\/epochtimestr.com\/wp-content\/uploads\/2011y\/110484202-542x400.jpg 542w\" sizes=\"(max-width: 594px) 100vw, 594px\" \/><\/a>Cruyff bu futbol stilinin daha da geli\u015ftirilebilece\u011fini s\u00f6yl\u00fcyor ve bunda zihinsel yap\u0131n\u0131n \u00e7ok \u00f6nemli oldu\u011funu belirtiyor. Bunu ba\u015farabilmek ve sistemi i\u015fletebilmek i\u00e7in oyuncular \u015f\u0131marmamal\u0131, a\u015f\u0131r\u0131l\u0131\u011fa ka\u00e7mamal\u0131, ayaklar\u0131 yere basmal\u0131, kazan\u0131lan ba\u015far\u0131lara ra\u011fmen ba\u015far\u0131ya a\u00e7 olmal\u0131lar, davran\u0131\u015flar\u0131nda bir de\u011fi\u015fiklik olmamal\u0131, profesyonel olmal\u0131 ve birlikte \u00e7al\u0131\u015fmaktan keyif almal\u0131lar. Bug\u00fcnk\u00fc Barcelona tak\u0131m\u0131na bakt\u0131\u011f\u0131n\u0131z zaman durumun bu oldu\u011funu kolayca g\u00f6rebiliyorsunuz.<\/p>\n<p style=\"text-align: justify;\">&nbsp;<\/p>\n<p>&nbsp;<\/p>\n","protected":false},"excerpt":{"rendered":"<p>Bug\u00fcn herkes Barcelona futbol tak\u0131m\u0131n\u0131 ve elde etti\u011fi muazzam ba\u015far\u0131lar\u0131 konu\u015fuyor. Peki bu muazzam ba\u015far\u0131 nas\u0131l geldi? Bir anda m\u0131 ortaya \u00e7\u0131kt\u0131? Elbette ki de\u011fil. Bu ba\u015far\u0131n\u0131n s\u0131rr\u0131 30 y\u0131ldan fazla bir zaman \u00f6ncesine dayan\u0131yor. Hollandal\u0131 futbol adam\u0131 Johan Cruyff, Barcelona futbol tak\u0131m\u0131 i\u00e7in b\u00fcy\u00fck anlamlar ifade eden bir isim. Asl\u0131nda Cruyff, Barcelona tak\u0131m\u0131n\u0131n kaderini [&hellip;]<\/p>\n","protected":false},"author":6,"featured_media":0,"comment_status":"closed","ping_status":"closed","sticky":false,"template":"","format":"standard","meta":{"_yoast_wpseo_focuskw":"","_yoast_wpseo_title":"","_yoast_wpseo_metadesc":"","_bbp_topic_count":0,"_bbp_reply_count":0,"_bbp_total_topic_count":0,"_bbp_total_reply_count":0,"_bbp_voice_count":0,"_bbp_anonymous_reply_count":0,"_bbp_topic_count_hidden":0,"_bbp_reply_count_hidden":0,"_bbp_forum_subforum_count":0,"footnotes":"","_yoast_wpseo_focuskw_text_input":""},"categories":[60],"tags":[361,713,364,712],"yoast_head":"<!-- This site is optimized with the Yoast SEO plugin v23.0 - https:\/\/yoast.com\/wordpress\/plugins\/seo\/ -->\n<title>Johan Cruyff ile La Masia ve Barcelona Futbolunun Do\u011fu\u015fu - The Epoch Times TR<\/title>\n<meta name=\"robots\" content=\"index, follow, max-snippet:-1, max-image-preview:large, max-video-preview:-1\" \/>\n<link rel=\"canonical\" href=\"https:\/\/epochtimestr.com\/index.php\/johan-cruyff-ile-la-masia-ve-barcelona-futbolunun-dogusu\" \/>\n<meta property=\"og:locale\" content=\"tr_TR\" \/>\n<meta property=\"og:type\" content=\"article\" \/>\n<meta property=\"og:title\" content=\"Johan Cruyff ile La Masia ve Barcelona Futbolunun Do\u011fu\u015fu - The Epoch Times TR\" \/>\n<meta property=\"og:description\" content=\"Bug\u00fcn herkes Barcelona futbol tak\u0131m\u0131n\u0131 ve elde etti\u011fi muazzam ba\u015far\u0131lar\u0131 konu\u015fuyor. Peki bu muazzam ba\u015far\u0131 nas\u0131l geldi? Bir anda m\u0131 ortaya \u00e7\u0131kt\u0131? Elbette ki de\u011fil. Bu ba\u015far\u0131n\u0131n s\u0131rr\u0131 30 y\u0131ldan fazla bir zaman \u00f6ncesine dayan\u0131yor. Hollandal\u0131 futbol adam\u0131 Johan Cruyff, Barcelona futbol tak\u0131m\u0131 i\u00e7in b\u00fcy\u00fck anlamlar ifade eden bir isim. Asl\u0131nda Cruyff, Barcelona tak\u0131m\u0131n\u0131n kaderini [&hellip;]\" \/>\n<meta property=\"og:url\" content=\"https:\/\/epochtimestr.com\/index.php\/johan-cruyff-ile-la-masia-ve-barcelona-futbolunun-dogusu\" \/>\n<meta property=\"og:site_name\" content=\"The Epoch Times TR\" \/>\n<meta property=\"article:publisher\" content=\"https:\/\/www.facebook.com\/theepochtimestr\" \/>\n<meta property=\"article:published_time\" content=\"2011-03-27T16:07:51+00:00\" \/>\n<meta property=\"article:modified_time\" content=\"2011-10-24T10:39:22+00:00\" \/>\n<meta property=\"og:image\" content=\"http:\/\/www.epochtimestr.com\/wp-content\/uploads\/2011y\/95010949.jpg\" \/>\n<meta name=\"author\" content=\"O.Bugdayci\" \/>\n<meta name=\"twitter:card\" content=\"summary_large_image\" \/>\n<meta name=\"twitter:creator\" content=\"@TheEpochTimesTR\" \/>\n<meta name=\"twitter:site\" content=\"@TheEpochTimesTR\" \/>\n<meta name=\"twitter:label1\" content=\"Yazan:\" \/>\n\t<meta name=\"twitter:data1\" content=\"O.Bugdayci\" \/>\n\t<meta name=\"twitter:label2\" content=\"Tahmini okuma s\u00fcresi\" \/>\n\t<meta name=\"twitter:data2\" content=\"7 dakika\" \/>\n<script type=\"application\/ld+json\" class=\"yoast-schema-graph\">{\"@context\":\"https:\/\/schema.org\",\"@graph\":[{\"@type\":\"Article\",\"@id\":\"https:\/\/epochtimestr.com\/index.php\/johan-cruyff-ile-la-masia-ve-barcelona-futbolunun-dogusu#article\",\"isPartOf\":{\"@id\":\"https:\/\/epochtimestr.com\/index.php\/johan-cruyff-ile-la-masia-ve-barcelona-futbolunun-dogusu\"},\"author\":{\"name\":\"O.Bugdayci\",\"@id\":\"https:\/\/epochtimestr.com\/#\/schema\/person\/5b7c8e803d082e6972692d1e41572f45\"},\"headline\":\"Johan Cruyff ile La Masia ve Barcelona Futbolunun Do\u011fu\u015fu\",\"datePublished\":\"2011-03-27T16:07:51+00:00\",\"dateModified\":\"2011-10-24T10:39:22+00:00\",\"mainEntityOfPage\":{\"@id\":\"https:\/\/epochtimestr.com\/index.php\/johan-cruyff-ile-la-masia-ve-barcelona-futbolunun-dogusu\"},\"wordCount\":1371,\"publisher\":{\"@id\":\"https:\/\/epochtimestr.com\/#organization\"},\"image\":{\"@id\":\"https:\/\/epochtimestr.com\/index.php\/johan-cruyff-ile-la-masia-ve-barcelona-futbolunun-dogusu#primaryimage\"},\"thumbnailUrl\":\"http:\/\/www.epochtimestr.com\/wp-content\/uploads\/2011y\/95010949.jpg\",\"keywords\":[\"Barcelona\",\"Johan cruyff\",\"Katalan\",\"total futbol\"],\"articleSection\":[\"Taslak'da b\u0131rak\"],\"inLanguage\":\"tr\"},{\"@type\":\"WebPage\",\"@id\":\"https:\/\/epochtimestr.com\/index.php\/johan-cruyff-ile-la-masia-ve-barcelona-futbolunun-dogusu\",\"url\":\"https:\/\/epochtimestr.com\/index.php\/johan-cruyff-ile-la-masia-ve-barcelona-futbolunun-dogusu\",\"name\":\"Johan Cruyff ile La Masia ve Barcelona Futbolunun Do\u011fu\u015fu - The Epoch Times TR\",\"isPartOf\":{\"@id\":\"https:\/\/epochtimestr.com\/#website\"},\"primaryImageOfPage\":{\"@id\":\"https:\/\/epochtimestr.com\/index.php\/johan-cruyff-ile-la-masia-ve-barcelona-futbolunun-dogusu#primaryimage\"},\"image\":{\"@id\":\"https:\/\/epochtimestr.com\/index.php\/johan-cruyff-ile-la-masia-ve-barcelona-futbolunun-dogusu#primaryimage\"},\"thumbnailUrl\":\"http:\/\/www.epochtimestr.com\/wp-content\/uploads\/2011y\/95010949.jpg\",\"datePublished\":\"2011-03-27T16:07:51+00:00\",\"dateModified\":\"2011-10-24T10:39:22+00:00\",\"inLanguage\":\"tr\",\"potentialAction\":[{\"@type\":\"ReadAction\",\"target\":[\"https:\/\/epochtimestr.com\/index.php\/johan-cruyff-ile-la-masia-ve-barcelona-futbolunun-dogusu\"]}]},{\"@type\":\"ImageObject\",\"inLanguage\":\"tr\",\"@id\":\"https:\/\/epochtimestr.com\/index.php\/johan-cruyff-ile-la-masia-ve-barcelona-futbolunun-dogusu#primaryimage\",\"url\":\"http:\/\/www.epochtimestr.com\/wp-content\/uploads\/2011y\/95010949.jpg\",\"contentUrl\":\"http:\/\/www.epochtimestr.com\/wp-content\/uploads\/2011y\/95010949.jpg\"},{\"@type\":\"WebSite\",\"@id\":\"https:\/\/epochtimestr.com\/#website\",\"url\":\"https:\/\/epochtimestr.com\/\",\"name\":\"The Epoch Times TR\",\"description\":\"De\u011fi\u015fen D\u00fcnyam\u0131za Taze Bir Bak\u0131\u015f\",\"publisher\":{\"@id\":\"https:\/\/epochtimestr.com\/#organization\"},\"potentialAction\":[{\"@type\":\"SearchAction\",\"target\":{\"@type\":\"EntryPoint\",\"urlTemplate\":\"https:\/\/epochtimestr.com\/?s={search_term_string}\"},\"query-input\":\"required name=search_term_string\"}],\"inLanguage\":\"tr\"},{\"@type\":\"Organization\",\"@id\":\"https:\/\/epochtimestr.com\/#organization\",\"name\":\"The EpochTimes T\u00fcrkiye\",\"url\":\"https:\/\/epochtimestr.com\/\",\"logo\":{\"@type\":\"ImageObject\",\"inLanguage\":\"tr\",\"@id\":\"https:\/\/epochtimestr.com\/#\/schema\/logo\/image\/\",\"url\":\"https:\/\/epochtimestr.com\/wp-content\/uploads\/2011y\/ET-Logo-YG.jpg\",\"contentUrl\":\"https:\/\/epochtimestr.com\/wp-content\/uploads\/2011y\/ET-Logo-YG.jpg\",\"width\":346,\"height\":29,\"caption\":\"The EpochTimes T\u00fcrkiye\"},\"image\":{\"@id\":\"https:\/\/epochtimestr.com\/#\/schema\/logo\/image\/\"},\"sameAs\":[\"https:\/\/www.facebook.com\/theepochtimestr\",\"https:\/\/x.com\/TheEpochTimesTR\",\"https:\/\/www.instagram.com\/epochtimestr\"]},{\"@type\":\"Person\",\"@id\":\"https:\/\/epochtimestr.com\/#\/schema\/person\/5b7c8e803d082e6972692d1e41572f45\",\"name\":\"O.Bugdayci\",\"image\":{\"@type\":\"ImageObject\",\"inLanguage\":\"tr\",\"@id\":\"https:\/\/epochtimestr.com\/#\/schema\/person\/image\/\",\"url\":\"https:\/\/secure.gravatar.com\/avatar\/3dd35f1eaa641746c4918a5222421945?s=96&d=mm&r=g\",\"contentUrl\":\"https:\/\/secure.gravatar.com\/avatar\/3dd35f1eaa641746c4918a5222421945?s=96&d=mm&r=g\",\"caption\":\"O.Bugdayci\"},\"url\":\"https:\/\/epochtimestr.com\/index.php\/author\/ozan\"}]}<\/script>\n<!-- \/ Yoast SEO plugin. -->","yoast_head_json":{"title":"Johan Cruyff ile La Masia ve Barcelona Futbolunun Do\u011fu\u015fu - The Epoch Times TR","robots":{"index":"index","follow":"follow","max-snippet":"max-snippet:-1","max-image-preview":"max-image-preview:large","max-video-preview":"max-video-preview:-1"},"canonical":"https:\/\/epochtimestr.com\/index.php\/johan-cruyff-ile-la-masia-ve-barcelona-futbolunun-dogusu","og_locale":"tr_TR","og_type":"article","og_title":"Johan Cruyff ile La Masia ve Barcelona Futbolunun Do\u011fu\u015fu - The Epoch Times TR","og_description":"Bug\u00fcn herkes Barcelona futbol tak\u0131m\u0131n\u0131 ve elde etti\u011fi muazzam ba\u015far\u0131lar\u0131 konu\u015fuyor. Peki bu muazzam ba\u015far\u0131 nas\u0131l geldi? Bir anda m\u0131 ortaya \u00e7\u0131kt\u0131? Elbette ki de\u011fil. Bu ba\u015far\u0131n\u0131n s\u0131rr\u0131 30 y\u0131ldan fazla bir zaman \u00f6ncesine dayan\u0131yor. Hollandal\u0131 futbol adam\u0131 Johan Cruyff, Barcelona futbol tak\u0131m\u0131 i\u00e7in b\u00fcy\u00fck anlamlar ifade eden bir isim. Asl\u0131nda Cruyff, Barcelona tak\u0131m\u0131n\u0131n kaderini [&hellip;]","og_url":"https:\/\/epochtimestr.com\/index.php\/johan-cruyff-ile-la-masia-ve-barcelona-futbolunun-dogusu","og_site_name":"The Epoch Times TR","article_publisher":"https:\/\/www.facebook.com\/theepochtimestr","article_published_time":"2011-03-27T16:07:51+00:00","article_modified_time":"2011-10-24T10:39:22+00:00","og_image":[{"url":"http:\/\/www.epochtimestr.com\/wp-content\/uploads\/2011y\/95010949.jpg"}],"author":"O.Bugdayci","twitter_card":"summary_large_image","twitter_creator":"@TheEpochTimesTR","twitter_site":"@TheEpochTimesTR","twitter_misc":{"Yazan:":"O.Bugdayci","Tahmini okuma s\u00fcresi":"7 dakika"},"schema":{"@context":"https:\/\/schema.org","@graph":[{"@type":"Article","@id":"https:\/\/epochtimestr.com\/index.php\/johan-cruyff-ile-la-masia-ve-barcelona-futbolunun-dogusu#article","isPartOf":{"@id":"https:\/\/epochtimestr.com\/index.php\/johan-cruyff-ile-la-masia-ve-barcelona-futbolunun-dogusu"},"author":{"name":"O.Bugdayci","@id":"https:\/\/epochtimestr.com\/#\/schema\/person\/5b7c8e803d082e6972692d1e41572f45"},"headline":"Johan Cruyff ile La Masia ve Barcelona Futbolunun Do\u011fu\u015fu","datePublished":"2011-03-27T16:07:51+00:00","dateModified":"2011-10-24T10:39:22+00:00","mainEntityOfPage":{"@id":"https:\/\/epochtimestr.com\/index.php\/johan-cruyff-ile-la-masia-ve-barcelona-futbolunun-dogusu"},"wordCount":1371,"publisher":{"@id":"https:\/\/epochtimestr.com\/#organization"},"image":{"@id":"https:\/\/epochtimestr.com\/index.php\/johan-cruyff-ile-la-masia-ve-barcelona-futbolunun-dogusu#primaryimage"},"thumbnailUrl":"http:\/\/www.epochtimestr.com\/wp-content\/uploads\/2011y\/95010949.jpg","keywords":["Barcelona","Johan cruyff","Katalan","total futbol"],"articleSection":["Taslak'da b\u0131rak"],"inLanguage":"tr"},{"@type":"WebPage","@id":"https:\/\/epochtimestr.com\/index.php\/johan-cruyff-ile-la-masia-ve-barcelona-futbolunun-dogusu","url":"https:\/\/epochtimestr.com\/index.php\/johan-cruyff-ile-la-masia-ve-barcelona-futbolunun-dogusu","name":"Johan Cruyff ile La Masia ve Barcelona Futbolunun Do\u011fu\u015fu - The Epoch Times TR","isPartOf":{"@id":"https:\/\/epochtimestr.com\/#website"},"primaryImageOfPage":{"@id":"https:\/\/epochtimestr.com\/index.php\/johan-cruyff-ile-la-masia-ve-barcelona-futbolunun-dogusu#primaryimage"},"image":{"@id":"https:\/\/epochtimestr.com\/index.php\/johan-cruyff-ile-la-masia-ve-barcelona-futbolunun-dogusu#primaryimage"},"thumbnailUrl":"http:\/\/www.epochtimestr.com\/wp-content\/uploads\/2011y\/95010949.jpg","datePublished":"2011-03-27T16:07:51+00:00","dateModified":"2011-10-24T10:39:22+00:00","inLanguage":"tr","potentialAction":[{"@type":"ReadAction","target":["https:\/\/epochtimestr.com\/index.php\/johan-cruyff-ile-la-masia-ve-barcelona-futbolunun-dogusu"]}]},{"@type":"ImageObject","inLanguage":"tr","@id":"https:\/\/epochtimestr.com\/index.php\/johan-cruyff-ile-la-masia-ve-barcelona-futbolunun-dogusu#primaryimage","url":"http:\/\/www.epochtimestr.com\/wp-content\/uploads\/2011y\/95010949.jpg","contentUrl":"http:\/\/www.epochtimestr.com\/wp-content\/uploads\/2011y\/95010949.jpg"},{"@type":"WebSite","@id":"https:\/\/epochtimestr.com\/#website","url":"https:\/\/epochtimestr.com\/","name":"The Epoch Times TR","description":"De\u011fi\u015fen D\u00fcnyam\u0131za Taze Bir Bak\u0131\u015f","publisher":{"@id":"https:\/\/epochtimestr.com\/#organization"},"potentialAction":[{"@type":"SearchAction","target":{"@type":"EntryPoint","urlTemplate":"https:\/\/epochtimestr.com\/?s={search_term_string}"},"query-input":"required name=search_term_string"}],"inLanguage":"tr"},{"@type":"Organization","@id":"https:\/\/epochtimestr.com\/#organization","name":"The EpochTimes T\u00fcrkiye","url":"https:\/\/epochtimestr.com\/","logo":{"@type":"ImageObject","inLanguage":"tr","@id":"https:\/\/epochtimestr.com\/#\/schema\/logo\/image\/","url":"https:\/\/epochtimestr.com\/wp-content\/uploads\/2011y\/ET-Logo-YG.jpg","contentUrl":"https:\/\/epochtimestr.com\/wp-content\/uploads\/2011y\/ET-Logo-YG.jpg","width":346,"height":29,"caption":"The EpochTimes T\u00fcrkiye"},"image":{"@id":"https:\/\/epochtimestr.com\/#\/schema\/logo\/image\/"},"sameAs":["https:\/\/www.facebook.com\/theepochtimestr","https:\/\/x.com\/TheEpochTimesTR","https:\/\/www.instagram.com\/epochtimestr"]},{"@type":"Person","@id":"https:\/\/epochtimestr.com\/#\/schema\/person\/5b7c8e803d082e6972692d1e41572f45","name":"O.Bugdayci","image":{"@type":"ImageObject","inLanguage":"tr","@id":"https:\/\/epochtimestr.com\/#\/schema\/person\/image\/","url":"https:\/\/secure.gravatar.com\/avatar\/3dd35f1eaa641746c4918a5222421945?s=96&d=mm&r=g","contentUrl":"https:\/\/secure.gravatar.com\/avatar\/3dd35f1eaa641746c4918a5222421945?s=96&d=mm&r=g","caption":"O.Bugdayci"},"url":"https:\/\/epochtimestr.com\/index.php\/author\/ozan"}]}},"_links":{"self":[{"href":"https:\/\/epochtimestr.com\/index.php\/wp-json\/wp\/v2\/posts\/33327"}],"collection":[{"href":"https:\/\/epochtimestr.com\/index.php\/wp-json\/wp\/v2\/posts"}],"about":[{"href":"https:\/\/epochtimestr.com\/index.php\/wp-json\/wp\/v2\/types\/post"}],"author":[{"embeddable":true,"href":"https:\/\/epochtimestr.com\/index.php\/wp-json\/wp\/v2\/users\/6"}],"replies":[{"embeddable":true,"href":"https:\/\/epochtimestr.com\/index.php\/wp-json\/wp\/v2\/comments?post=33327"}],"version-history":[{"count":13,"href":"https:\/\/epochtimestr.com\/index.php\/wp-json\/wp\/v2\/posts\/33327\/revisions"}],"predecessor-version":[{"id":33338,"href":"https:\/\/epochtimestr.com\/index.php\/wp-json\/wp\/v2\/posts\/33327\/revisions\/33338"}],"wp:attachment":[{"href":"https:\/\/epochtimestr.com\/index.php\/wp-json\/wp\/v2\/media?parent=33327"}],"wp:term":[{"taxonomy":"category","embeddable":true,"href":"https:\/\/epochtimestr.com\/index.php\/wp-json\/wp\/v2\/categories?post=33327"},{"taxonomy":"post_tag","embeddable":true,"href":"https:\/\/epochtimestr.com\/index.php\/wp-json\/wp\/v2\/tags?post=33327"}],"curies":[{"name":"wp","href":"https:\/\/api.w.org\/{rel}","templated":true}]}}