{"id":34853,"date":"2011-04-20T06:55:31","date_gmt":"2011-04-20T03:55:31","guid":{"rendered":"http:\/\/www.epochtimestr.com\/?p=34853"},"modified":"2011-04-18T22:34:30","modified_gmt":"2011-04-18T19:34:30","slug":"ahmet-sikin-objektifinden-ben-tanigim-sergisi","status":"publish","type":"post","link":"https:\/\/epochtimestr.com\/index.php\/ahmet-sikin-objektifinden-ben-tanigim-sergisi","title":{"rendered":"Ahmet \u015e\u0131k&#8217;\u0131n Objektifinden: &#8220;Ben Tan\u0131\u011f\u0131m&#8221; Sergisi"},"content":{"rendered":"<p style=\"text-align: justify;\"><strong><img loading=\"lazy\" decoding=\"async\" class=\"alignleft size-full wp-image-34854\" title=\"ahmet-sik-in-objektifinden-ben-tanigim\" src=\"http:\/\/www.epochtimestr.com\/wp-content\/uploads\/2011y\/ahmet-sik-in-objektifinden-ben-tanigim.jpg\" alt=\"\" width=\"355\" height=\"235\" srcset=\"https:\/\/epochtimestr.com\/wp-content\/uploads\/2011y\/ahmet-sik-in-objektifinden-ben-tanigim.jpg 355w, https:\/\/epochtimestr.com\/wp-content\/uploads\/2011y\/ahmet-sik-in-objektifinden-ben-tanigim-150x99.jpg 150w, https:\/\/epochtimestr.com\/wp-content\/uploads\/2011y\/ahmet-sik-in-objektifinden-ben-tanigim-300x198.jpg 300w, https:\/\/epochtimestr.com\/wp-content\/uploads\/2011y\/ahmet-sik-in-objektifinden-ben-tanigim-292x193.jpg 292w\" sizes=\"(max-width: 355px) 100vw, 355px\" \/>Ergenekon soru\u015fturmas\u0131 kapsam\u0131nda tutuklu bulunan gazeteci Ahmet \u015e\u0131k&#8217;\u0131n \u00e7ekti\u011fi foto\u011fraflardan olu\u015fan &#8220;Ben Tan\u0131\u011f\u0131m&#8221; adl\u0131 sergi, \u0130stanbul Beyo\u011flu&#8217;ndaki Evrensel Sanat Galerisi&#8217;nde a\u00e7\u0131ld\u0131.<\/strong><\/p>\n<p style=\"text-align: justify;\"><strong>\u00a0<\/strong>&#8220;Ahmet \u015e\u0131k&#8217;\u0131n Objektifinden: Ben Tan\u0131\u011f\u0131m&#8221; adl\u0131 serginin a\u00e7\u0131l\u0131\u015f\u0131nda konu\u015fan foto\u011fraf\u00e7\u0131 \u00d6zcan Yaman, bu serginin, Ahmet \u015e\u0131k hapisten \u00e7\u0131kana kadar devam edece\u011fini, \u015e\u0131k&#8217;\u0131n \u00e7\u0131kt\u0131ktan sonra bu foto\u011fraflara yenilerini ekleyerek sergiyi s\u00fcrd\u00fcrece\u011fini s\u00f6yledi.<\/p>\n<p>\u015e\u0131k&#8217;\u0131n ba\u015f\u0131na gelenlerin, foto\u011fraf\u00e7\u0131lar\u0131n kolektif hareket etmesini sa\u011flad\u0131\u011f\u0131n\u0131 ifade eden Yaman, &#8220;Yansak da Dokunaca\u011f\u0131z&#8221; ve &#8220;Tan\u0131k Olmak \u0130stiyoruz&#8221; adl\u0131 platformlar kurduklar\u0131n\u0131 kaydetti.<\/p>\n<p>Yaman, Ahmet \u015e\u0131k&#8217;\u0131n foto muhabirli\u011finde hakikati sergiledi\u011fini belirterek, \u015e\u0131k&#8217;\u0131n 30 foto\u011fraf\u0131n\u0131n bulundu\u011fu serginin 23 Nisan&#8217;da Kaz\u0131m Koyuncu K\u00fclt\u00fcr Merkezi&#8217;ne, 3 May\u0131s&#8217;ta Naz\u0131m Hikmet K\u00fclt\u00fcr Merkezi&#8217;ne ve daha sonra da Santralistanbul&#8217;a ta\u015f\u0131naca\u011f\u0131n\u0131 s\u00f6yledi.<\/p>\n<p style=\"text-align: justify;\">\u0130stanbul\u2019da sokaklarda y\u00fcr\u00fcyen sergi ve Ahmet \u015e\u0131k\u2019a foto\u011fraf g\u00f6nderme eylemleriyle birlikte farkl\u0131 mekanlarda da sergilenebilecek.<\/p>\n<p style=\"text-align: justify;\">Evrensel Sanat Galerisi&#8217;ndeki sergi 22 Nisan&#8217;a kadar gezilebilecek.<\/p>\n<p>\u2018BEN TANI\u011eIM\u2019 SERG\u0130 TAKV\u0130M\u0130:<\/p>\n<p>16-22 Nisan\u00a0\u00a0 \u00a0Evrensel Sanat Galerisi, A\u00e7\u0131l\u0131\u015f: 16 Nisan Cumartesi saat 14.00<br \/>\nY\u00fcr\u00fcyen Sergi Etkinli\u011fi: 16 Nisan Cumartesi saat 13.00 Galatasaray Meydan\u0131 \u2013 Evrensel Sanat Galerisi<\/p>\n<p>23-29 Nisan\u00a0\u00a0 \u00a0Kaz\u0131m Koyuncu K\u00fclt\u00fcr Merkezi, A\u00e7\u0131l\u0131\u015f: 23 Nisan Cumartesi saat 14.00<br \/>\nY\u00fcr\u00fcyen Sergi Etkinli\u011fi: 23 Nisan Cumartesi saat 13.00 Kad\u0131k\u00f6y Be\u015fikta\u015f Vapur \u0130skelesi &#8211; Kad\u0131k\u00f6y Postanesi &#8211; Kaz\u0131m Koyuncu K.M.<\/p>\n<p>03-08 May\u0131s\u00a0\u00a0 \u00a0Naz\u0131m Hikmet K\u00fclt\u00fcr Merkezi, A\u00e7\u0131l\u0131\u015f: 03 May\u0131s Sal\u0131 saat 19.00<br \/>\nY\u00fcr\u00fcyen Sergi Etkinli\u011fi: 03 May\u0131s Sal\u0131 saat 16.00 Kad\u0131k\u00f6y Postanesi &#8211; Kaz\u0131m Koyuncu K.M.- Naz\u0131m Hikmet K.M.\u00a0\u00a0 \u00a0<\/p>\n<p>Bilgi \u00dcniversitesi Santral Kamp\u00fcs\u00fc, Bilgi \u00dcniversitesindeki sergi tarihi kamuoyuna daha sonra duyurulacak.<\/p>\n<p style=\"text-align: justify;\">\u00a0<\/p>\n","protected":false},"excerpt":{"rendered":"<p>Ergenekon soru\u015fturmas\u0131 kapsam\u0131nda tutuklu bulunan gazeteci Ahmet \u015e\u0131k&#8217;\u0131n \u00e7ekti\u011fi foto\u011fraflardan olu\u015fan &#8220;Ben Tan\u0131\u011f\u0131m&#8221; adl\u0131 sergi, \u0130stanbul Beyo\u011flu&#8217;ndaki Evrensel Sanat Galerisi&#8217;nde a\u00e7\u0131ld\u0131. \u00a0&#8220;Ahmet \u015e\u0131k&#8217;\u0131n Objektifinden: Ben Tan\u0131\u011f\u0131m&#8221; adl\u0131 serginin a\u00e7\u0131l\u0131\u015f\u0131nda konu\u015fan foto\u011fraf\u00e7\u0131 \u00d6zcan Yaman, bu serginin, Ahmet \u015e\u0131k hapisten \u00e7\u0131kana kadar devam edece\u011fini, \u015e\u0131k&#8217;\u0131n \u00e7\u0131kt\u0131ktan sonra bu foto\u011fraflara yenilerini ekleyerek sergiyi s\u00fcrd\u00fcrece\u011fini s\u00f6yledi. \u015e\u0131k&#8217;\u0131n ba\u015f\u0131na gelenlerin, [&hellip;]<\/p>\n","protected":false},"author":18,"featured_media":0,"comment_status":"closed","ping_status":"closed","sticky":false,"template":"","format":"standard","meta":{"_yoast_wpseo_focuskw":"","_yoast_wpseo_title":"","_yoast_wpseo_metadesc":"","_bbp_topic_count":0,"_bbp_reply_count":0,"_bbp_total_topic_count":0,"_bbp_total_reply_count":0,"_bbp_voice_count":0,"_bbp_anonymous_reply_count":0,"_bbp_topic_count_hidden":0,"_bbp_reply_count_hidden":0,"_bbp_forum_subforum_count":0,"footnotes":"","_yoast_wpseo_focuskw_text_input":""},"categories":[16],"tags":[674,1121,1122,1123,1124,1125],"yoast_head":"<!-- This site is optimized with the Yoast SEO plugin v23.0 - https:\/\/yoast.com\/wordpress\/plugins\/seo\/ -->\n<title>Ahmet \u015e\u0131k&#039;\u0131n Objektifinden: &quot;Ben Tan\u0131\u011f\u0131m&quot; Sergisi - The Epoch Times TR<\/title>\n<meta name=\"robots\" content=\"index, follow, max-snippet:-1, max-image-preview:large, max-video-preview:-1\" \/>\n<link rel=\"canonical\" href=\"https:\/\/epochtimestr.com\/index.php\/ahmet-sikin-objektifinden-ben-tanigim-sergisi\" \/>\n<meta property=\"og:locale\" content=\"tr_TR\" \/>\n<meta property=\"og:type\" content=\"article\" \/>\n<meta property=\"og:title\" content=\"Ahmet \u015e\u0131k&#039;\u0131n Objektifinden: &quot;Ben Tan\u0131\u011f\u0131m&quot; Sergisi - The Epoch Times TR\" \/>\n<meta property=\"og:description\" content=\"Ergenekon soru\u015fturmas\u0131 kapsam\u0131nda tutuklu bulunan gazeteci Ahmet \u015e\u0131k&#8217;\u0131n \u00e7ekti\u011fi foto\u011fraflardan olu\u015fan &#8220;Ben Tan\u0131\u011f\u0131m&#8221; adl\u0131 sergi, \u0130stanbul Beyo\u011flu&#8217;ndaki Evrensel Sanat Galerisi&#8217;nde a\u00e7\u0131ld\u0131. \u00a0&#8220;Ahmet \u015e\u0131k&#8217;\u0131n Objektifinden: Ben Tan\u0131\u011f\u0131m&#8221; adl\u0131 serginin a\u00e7\u0131l\u0131\u015f\u0131nda konu\u015fan foto\u011fraf\u00e7\u0131 \u00d6zcan Yaman, bu serginin, Ahmet \u015e\u0131k hapisten \u00e7\u0131kana kadar devam edece\u011fini, \u015e\u0131k&#8217;\u0131n \u00e7\u0131kt\u0131ktan sonra bu foto\u011fraflara yenilerini ekleyerek sergiyi s\u00fcrd\u00fcrece\u011fini s\u00f6yledi. \u015e\u0131k&#8217;\u0131n ba\u015f\u0131na gelenlerin, [&hellip;]\" \/>\n<meta property=\"og:url\" content=\"https:\/\/epochtimestr.com\/index.php\/ahmet-sikin-objektifinden-ben-tanigim-sergisi\" \/>\n<meta property=\"og:site_name\" content=\"The Epoch Times TR\" \/>\n<meta property=\"article:publisher\" content=\"https:\/\/www.facebook.com\/theepochtimestr\" \/>\n<meta property=\"article:published_time\" content=\"2011-04-20T03:55:31+00:00\" \/>\n<meta property=\"article:modified_time\" content=\"2011-04-18T19:34:30+00:00\" \/>\n<meta property=\"og:image\" content=\"http:\/\/www.epochtimestr.com\/wp-content\/uploads\/2011y\/ahmet-sik-in-objektifinden-ben-tanigim.jpg\" \/>\n<meta name=\"author\" content=\"Nesrin Se\u00e7er\" \/>\n<meta name=\"twitter:card\" content=\"summary_large_image\" \/>\n<meta name=\"twitter:creator\" content=\"@TheEpochTimesTR\" \/>\n<meta name=\"twitter:site\" content=\"@TheEpochTimesTR\" \/>\n<meta name=\"twitter:label1\" content=\"Yazan:\" \/>\n\t<meta name=\"twitter:data1\" content=\"Nesrin Se\u00e7er\" \/>\n\t<meta name=\"twitter:label2\" content=\"Tahmini okuma s\u00fcresi\" \/>\n\t<meta name=\"twitter:data2\" content=\"2 dakika\" \/>\n<script type=\"application\/ld+json\" class=\"yoast-schema-graph\">{\"@context\":\"https:\/\/schema.org\",\"@graph\":[{\"@type\":\"Article\",\"@id\":\"https:\/\/epochtimestr.com\/index.php\/ahmet-sikin-objektifinden-ben-tanigim-sergisi#article\",\"isPartOf\":{\"@id\":\"https:\/\/epochtimestr.com\/index.php\/ahmet-sikin-objektifinden-ben-tanigim-sergisi\"},\"author\":{\"name\":\"Nesrin Se\u00e7er\",\"@id\":\"https:\/\/epochtimestr.com\/#\/schema\/person\/9449775713995720d2e8d6af219e3cc3\"},\"headline\":\"Ahmet \u015e\u0131k&#8217;\u0131n Objektifinden: &#8220;Ben Tan\u0131\u011f\u0131m&#8221; Sergisi\",\"datePublished\":\"2011-04-20T03:55:31+00:00\",\"dateModified\":\"2011-04-18T19:34:30+00:00\",\"mainEntityOfPage\":{\"@id\":\"https:\/\/epochtimestr.com\/index.php\/ahmet-sikin-objektifinden-ben-tanigim-sergisi\"},\"wordCount\":316,\"publisher\":{\"@id\":\"https:\/\/epochtimestr.com\/#organization\"},\"image\":{\"@id\":\"https:\/\/epochtimestr.com\/index.php\/ahmet-sikin-objektifinden-ben-tanigim-sergisi#primaryimage\"},\"thumbnailUrl\":\"http:\/\/www.epochtimestr.com\/wp-content\/uploads\/2011y\/ahmet-sik-in-objektifinden-ben-tanigim.jpg\",\"keywords\":[\"Ahmet \u015e\u0131k\",\"ben tan\u0131\u011f\u0131m\",\"evrensel sanat\",\"kaz\u0131m koyuncu k\u00fclt\u00fcr merkezi\",\"naz\u0131m hikmet k\u00fclt\u00fcr merkezi\",\"y\u00fcr\u00fcyen sergi\"],\"articleSection\":[\"SANAT ve K\u00dcLT\u00dcR\"],\"inLanguage\":\"tr\"},{\"@type\":\"WebPage\",\"@id\":\"https:\/\/epochtimestr.com\/index.php\/ahmet-sikin-objektifinden-ben-tanigim-sergisi\",\"url\":\"https:\/\/epochtimestr.com\/index.php\/ahmet-sikin-objektifinden-ben-tanigim-sergisi\",\"name\":\"Ahmet \u015e\u0131k'\u0131n Objektifinden: \\\"Ben Tan\u0131\u011f\u0131m\\\" Sergisi - The Epoch Times TR\",\"isPartOf\":{\"@id\":\"https:\/\/epochtimestr.com\/#website\"},\"primaryImageOfPage\":{\"@id\":\"https:\/\/epochtimestr.com\/index.php\/ahmet-sikin-objektifinden-ben-tanigim-sergisi#primaryimage\"},\"image\":{\"@id\":\"https:\/\/epochtimestr.com\/index.php\/ahmet-sikin-objektifinden-ben-tanigim-sergisi#primaryimage\"},\"thumbnailUrl\":\"http:\/\/www.epochtimestr.com\/wp-content\/uploads\/2011y\/ahmet-sik-in-objektifinden-ben-tanigim.jpg\",\"datePublished\":\"2011-04-20T03:55:31+00:00\",\"dateModified\":\"2011-04-18T19:34:30+00:00\",\"inLanguage\":\"tr\",\"potentialAction\":[{\"@type\":\"ReadAction\",\"target\":[\"https:\/\/epochtimestr.com\/index.php\/ahmet-sikin-objektifinden-ben-tanigim-sergisi\"]}]},{\"@type\":\"ImageObject\",\"inLanguage\":\"tr\",\"@id\":\"https:\/\/epochtimestr.com\/index.php\/ahmet-sikin-objektifinden-ben-tanigim-sergisi#primaryimage\",\"url\":\"http:\/\/www.epochtimestr.com\/wp-content\/uploads\/2011y\/ahmet-sik-in-objektifinden-ben-tanigim.jpg\",\"contentUrl\":\"http:\/\/www.epochtimestr.com\/wp-content\/uploads\/2011y\/ahmet-sik-in-objektifinden-ben-tanigim.jpg\"},{\"@type\":\"WebSite\",\"@id\":\"https:\/\/epochtimestr.com\/#website\",\"url\":\"https:\/\/epochtimestr.com\/\",\"name\":\"The Epoch Times TR\",\"description\":\"De\u011fi\u015fen D\u00fcnyam\u0131za Taze Bir Bak\u0131\u015f\",\"publisher\":{\"@id\":\"https:\/\/epochtimestr.com\/#organization\"},\"potentialAction\":[{\"@type\":\"SearchAction\",\"target\":{\"@type\":\"EntryPoint\",\"urlTemplate\":\"https:\/\/epochtimestr.com\/?s={search_term_string}\"},\"query-input\":\"required name=search_term_string\"}],\"inLanguage\":\"tr\"},{\"@type\":\"Organization\",\"@id\":\"https:\/\/epochtimestr.com\/#organization\",\"name\":\"The EpochTimes T\u00fcrkiye\",\"url\":\"https:\/\/epochtimestr.com\/\",\"logo\":{\"@type\":\"ImageObject\",\"inLanguage\":\"tr\",\"@id\":\"https:\/\/epochtimestr.com\/#\/schema\/logo\/image\/\",\"url\":\"https:\/\/epochtimestr.com\/wp-content\/uploads\/2011y\/ET-Logo-YG.jpg\",\"contentUrl\":\"https:\/\/epochtimestr.com\/wp-content\/uploads\/2011y\/ET-Logo-YG.jpg\",\"width\":346,\"height\":29,\"caption\":\"The EpochTimes T\u00fcrkiye\"},\"image\":{\"@id\":\"https:\/\/epochtimestr.com\/#\/schema\/logo\/image\/\"},\"sameAs\":[\"https:\/\/www.facebook.com\/theepochtimestr\",\"https:\/\/x.com\/TheEpochTimesTR\",\"https:\/\/www.instagram.com\/epochtimestr\"]},{\"@type\":\"Person\",\"@id\":\"https:\/\/epochtimestr.com\/#\/schema\/person\/9449775713995720d2e8d6af219e3cc3\",\"name\":\"Nesrin Se\u00e7er\",\"image\":{\"@type\":\"ImageObject\",\"inLanguage\":\"tr\",\"@id\":\"https:\/\/epochtimestr.com\/#\/schema\/person\/image\/\",\"url\":\"https:\/\/secure.gravatar.com\/avatar\/9e76ddf1406df7ae1827116f0007ff40?s=96&d=mm&r=g\",\"contentUrl\":\"https:\/\/secure.gravatar.com\/avatar\/9e76ddf1406df7ae1827116f0007ff40?s=96&d=mm&r=g\",\"caption\":\"Nesrin Se\u00e7er\"},\"url\":\"https:\/\/epochtimestr.com\/index.php\/author\/nesrin\"}]}<\/script>\n<!-- \/ Yoast SEO plugin. -->","yoast_head_json":{"title":"Ahmet \u015e\u0131k'\u0131n Objektifinden: \"Ben Tan\u0131\u011f\u0131m\" Sergisi - The Epoch Times TR","robots":{"index":"index","follow":"follow","max-snippet":"max-snippet:-1","max-image-preview":"max-image-preview:large","max-video-preview":"max-video-preview:-1"},"canonical":"https:\/\/epochtimestr.com\/index.php\/ahmet-sikin-objektifinden-ben-tanigim-sergisi","og_locale":"tr_TR","og_type":"article","og_title":"Ahmet \u015e\u0131k'\u0131n Objektifinden: \"Ben Tan\u0131\u011f\u0131m\" Sergisi - The Epoch Times TR","og_description":"Ergenekon soru\u015fturmas\u0131 kapsam\u0131nda tutuklu bulunan gazeteci Ahmet \u015e\u0131k&#8217;\u0131n \u00e7ekti\u011fi foto\u011fraflardan olu\u015fan &#8220;Ben Tan\u0131\u011f\u0131m&#8221; adl\u0131 sergi, \u0130stanbul Beyo\u011flu&#8217;ndaki Evrensel Sanat Galerisi&#8217;nde a\u00e7\u0131ld\u0131. \u00a0&#8220;Ahmet \u015e\u0131k&#8217;\u0131n Objektifinden: Ben Tan\u0131\u011f\u0131m&#8221; adl\u0131 serginin a\u00e7\u0131l\u0131\u015f\u0131nda konu\u015fan foto\u011fraf\u00e7\u0131 \u00d6zcan Yaman, bu serginin, Ahmet \u015e\u0131k hapisten \u00e7\u0131kana kadar devam edece\u011fini, \u015e\u0131k&#8217;\u0131n \u00e7\u0131kt\u0131ktan sonra bu foto\u011fraflara yenilerini ekleyerek sergiyi s\u00fcrd\u00fcrece\u011fini s\u00f6yledi. \u015e\u0131k&#8217;\u0131n ba\u015f\u0131na gelenlerin, [&hellip;]","og_url":"https:\/\/epochtimestr.com\/index.php\/ahmet-sikin-objektifinden-ben-tanigim-sergisi","og_site_name":"The Epoch Times TR","article_publisher":"https:\/\/www.facebook.com\/theepochtimestr","article_published_time":"2011-04-20T03:55:31+00:00","article_modified_time":"2011-04-18T19:34:30+00:00","og_image":[{"url":"http:\/\/www.epochtimestr.com\/wp-content\/uploads\/2011y\/ahmet-sik-in-objektifinden-ben-tanigim.jpg"}],"author":"Nesrin Se\u00e7er","twitter_card":"summary_large_image","twitter_creator":"@TheEpochTimesTR","twitter_site":"@TheEpochTimesTR","twitter_misc":{"Yazan:":"Nesrin Se\u00e7er","Tahmini okuma s\u00fcresi":"2 dakika"},"schema":{"@context":"https:\/\/schema.org","@graph":[{"@type":"Article","@id":"https:\/\/epochtimestr.com\/index.php\/ahmet-sikin-objektifinden-ben-tanigim-sergisi#article","isPartOf":{"@id":"https:\/\/epochtimestr.com\/index.php\/ahmet-sikin-objektifinden-ben-tanigim-sergisi"},"author":{"name":"Nesrin Se\u00e7er","@id":"https:\/\/epochtimestr.com\/#\/schema\/person\/9449775713995720d2e8d6af219e3cc3"},"headline":"Ahmet \u015e\u0131k&#8217;\u0131n Objektifinden: &#8220;Ben Tan\u0131\u011f\u0131m&#8221; Sergisi","datePublished":"2011-04-20T03:55:31+00:00","dateModified":"2011-04-18T19:34:30+00:00","mainEntityOfPage":{"@id":"https:\/\/epochtimestr.com\/index.php\/ahmet-sikin-objektifinden-ben-tanigim-sergisi"},"wordCount":316,"publisher":{"@id":"https:\/\/epochtimestr.com\/#organization"},"image":{"@id":"https:\/\/epochtimestr.com\/index.php\/ahmet-sikin-objektifinden-ben-tanigim-sergisi#primaryimage"},"thumbnailUrl":"http:\/\/www.epochtimestr.com\/wp-content\/uploads\/2011y\/ahmet-sik-in-objektifinden-ben-tanigim.jpg","keywords":["Ahmet \u015e\u0131k","ben tan\u0131\u011f\u0131m","evrensel sanat","kaz\u0131m koyuncu k\u00fclt\u00fcr merkezi","naz\u0131m hikmet k\u00fclt\u00fcr merkezi","y\u00fcr\u00fcyen sergi"],"articleSection":["SANAT ve K\u00dcLT\u00dcR"],"inLanguage":"tr"},{"@type":"WebPage","@id":"https:\/\/epochtimestr.com\/index.php\/ahmet-sikin-objektifinden-ben-tanigim-sergisi","url":"https:\/\/epochtimestr.com\/index.php\/ahmet-sikin-objektifinden-ben-tanigim-sergisi","name":"Ahmet \u015e\u0131k'\u0131n Objektifinden: \"Ben Tan\u0131\u011f\u0131m\" Sergisi - The Epoch Times TR","isPartOf":{"@id":"https:\/\/epochtimestr.com\/#website"},"primaryImageOfPage":{"@id":"https:\/\/epochtimestr.com\/index.php\/ahmet-sikin-objektifinden-ben-tanigim-sergisi#primaryimage"},"image":{"@id":"https:\/\/epochtimestr.com\/index.php\/ahmet-sikin-objektifinden-ben-tanigim-sergisi#primaryimage"},"thumbnailUrl":"http:\/\/www.epochtimestr.com\/wp-content\/uploads\/2011y\/ahmet-sik-in-objektifinden-ben-tanigim.jpg","datePublished":"2011-04-20T03:55:31+00:00","dateModified":"2011-04-18T19:34:30+00:00","inLanguage":"tr","potentialAction":[{"@type":"ReadAction","target":["https:\/\/epochtimestr.com\/index.php\/ahmet-sikin-objektifinden-ben-tanigim-sergisi"]}]},{"@type":"ImageObject","inLanguage":"tr","@id":"https:\/\/epochtimestr.com\/index.php\/ahmet-sikin-objektifinden-ben-tanigim-sergisi#primaryimage","url":"http:\/\/www.epochtimestr.com\/wp-content\/uploads\/2011y\/ahmet-sik-in-objektifinden-ben-tanigim.jpg","contentUrl":"http:\/\/www.epochtimestr.com\/wp-content\/uploads\/2011y\/ahmet-sik-in-objektifinden-ben-tanigim.jpg"},{"@type":"WebSite","@id":"https:\/\/epochtimestr.com\/#website","url":"https:\/\/epochtimestr.com\/","name":"The Epoch Times TR","description":"De\u011fi\u015fen D\u00fcnyam\u0131za Taze Bir Bak\u0131\u015f","publisher":{"@id":"https:\/\/epochtimestr.com\/#organization"},"potentialAction":[{"@type":"SearchAction","target":{"@type":"EntryPoint","urlTemplate":"https:\/\/epochtimestr.com\/?s={search_term_string}"},"query-input":"required name=search_term_string"}],"inLanguage":"tr"},{"@type":"Organization","@id":"https:\/\/epochtimestr.com\/#organization","name":"The EpochTimes T\u00fcrkiye","url":"https:\/\/epochtimestr.com\/","logo":{"@type":"ImageObject","inLanguage":"tr","@id":"https:\/\/epochtimestr.com\/#\/schema\/logo\/image\/","url":"https:\/\/epochtimestr.com\/wp-content\/uploads\/2011y\/ET-Logo-YG.jpg","contentUrl":"https:\/\/epochtimestr.com\/wp-content\/uploads\/2011y\/ET-Logo-YG.jpg","width":346,"height":29,"caption":"The EpochTimes T\u00fcrkiye"},"image":{"@id":"https:\/\/epochtimestr.com\/#\/schema\/logo\/image\/"},"sameAs":["https:\/\/www.facebook.com\/theepochtimestr","https:\/\/x.com\/TheEpochTimesTR","https:\/\/www.instagram.com\/epochtimestr"]},{"@type":"Person","@id":"https:\/\/epochtimestr.com\/#\/schema\/person\/9449775713995720d2e8d6af219e3cc3","name":"Nesrin Se\u00e7er","image":{"@type":"ImageObject","inLanguage":"tr","@id":"https:\/\/epochtimestr.com\/#\/schema\/person\/image\/","url":"https:\/\/secure.gravatar.com\/avatar\/9e76ddf1406df7ae1827116f0007ff40?s=96&d=mm&r=g","contentUrl":"https:\/\/secure.gravatar.com\/avatar\/9e76ddf1406df7ae1827116f0007ff40?s=96&d=mm&r=g","caption":"Nesrin Se\u00e7er"},"url":"https:\/\/epochtimestr.com\/index.php\/author\/nesrin"}]}},"_links":{"self":[{"href":"https:\/\/epochtimestr.com\/index.php\/wp-json\/wp\/v2\/posts\/34853"}],"collection":[{"href":"https:\/\/epochtimestr.com\/index.php\/wp-json\/wp\/v2\/posts"}],"about":[{"href":"https:\/\/epochtimestr.com\/index.php\/wp-json\/wp\/v2\/types\/post"}],"author":[{"embeddable":true,"href":"https:\/\/epochtimestr.com\/index.php\/wp-json\/wp\/v2\/users\/18"}],"replies":[{"embeddable":true,"href":"https:\/\/epochtimestr.com\/index.php\/wp-json\/wp\/v2\/comments?post=34853"}],"version-history":[{"count":3,"href":"https:\/\/epochtimestr.com\/index.php\/wp-json\/wp\/v2\/posts\/34853\/revisions"}],"predecessor-version":[{"id":67972,"href":"https:\/\/epochtimestr.com\/index.php\/wp-json\/wp\/v2\/posts\/34853\/revisions\/67972"}],"wp:attachment":[{"href":"https:\/\/epochtimestr.com\/index.php\/wp-json\/wp\/v2\/media?parent=34853"}],"wp:term":[{"taxonomy":"category","embeddable":true,"href":"https:\/\/epochtimestr.com\/index.php\/wp-json\/wp\/v2\/categories?post=34853"},{"taxonomy":"post_tag","embeddable":true,"href":"https:\/\/epochtimestr.com\/index.php\/wp-json\/wp\/v2\/tags?post=34853"}],"curies":[{"name":"wp","href":"https:\/\/api.w.org\/{rel}","templated":true}]}}