{"id":35291,"date":"2011-04-29T08:07:16","date_gmt":"2011-04-29T05:07:16","guid":{"rendered":"http:\/\/www.epochtimestr.com\/?p=35291"},"modified":"2013-08-23T12:47:33","modified_gmt":"2013-08-23T09:47:33","slug":"yalin-akustik-konseri","status":"publish","type":"post","link":"https:\/\/epochtimestr.com\/index.php\/yalin-akustik-konseri","title":{"rendered":"Yal\u0131n &#8211; Akustik Konseri"},"content":{"rendered":"<p style=\"text-align: justify;\"><img loading=\"lazy\" decoding=\"async\" class=\"alignleft size-full wp-image-35292\" title=\"yal\u0131n - akustik konseri\" src=\"https:\/\/epochtimestr.com\/wp-content\/uploads\/2011y\/yal%C4%B1n-akustik-konseri.jpg\" alt=\"\" width=\"248\" height=\"248\" \/>Kendine \u00f6zg\u00fc sesi ve tarz\u0131 ile T\u00fcrk pop m\u00fczi\u011finin \u00f6ne \u00e7\u0131kan ismi Yal\u0131n, 6 May\u0131s Cuma ak\u015fam\u0131 Matine 216\u2019da verece\u011fi akustik konser ile hayranlar\u0131na unutulmaz bir gece ya\u015fatmaya haz\u0131rlan\u0131yor.<\/p>\n<p style=\"text-align: justify;\">Yeni m\u00fczik projelerinin \u00e7al\u0131\u015fmalar\u0131 i\u00e7in bir s\u00fcredir Londra\u2019da bulunan Yal\u0131n, uzun bir aradan sonra \u0130stanbul\u2019a Matine 216\u2019da verece\u011fi akustik konser i\u00e7in geliyor.Bug\u00fcne kadar \u00e7\u0131kard\u0131\u011f\u0131 alb\u00fcmlerinden en sevilen \u015fark\u0131lar\u0131n\u0131 seslendirece\u011fi gecede, hayranlar\u0131 bamba\u015fka bir Yal\u0131n konseri deneyimi ya\u015fayacak. Farkl\u0131 konseptlerde haz\u0131rlanm\u0131\u015f sahne tasar\u0131mlar\u0131 ve \u015fovlar\u0131yla hep \u00e7ok konu\u015fulan konserlere imza atan Yal\u0131n, akustik performans\u0131 ile yine unutulmaz bir konsere imza atacak. Dillerden d\u00fc\u015fmeyen Yal\u0131n \u015fark\u0131lar\u0131na e\u015flik etmek i\u00e7in, 6 May\u0131s 2011 cuma ak\u015fam\u0131 Matine 216\u2019da ger\u00e7ekle\u015fecek bu \u00e7ok \u00f6zel performans\u0131 ka\u00e7\u0131rmay\u0131n!<\/p>\n","protected":false},"excerpt":{"rendered":"<p>Kendine \u00f6zg\u00fc sesi ve tarz\u0131 ile T\u00fcrk pop m\u00fczi\u011finin \u00f6ne \u00e7\u0131kan ismi Yal\u0131n, 6 May\u0131s Cuma ak\u015fam\u0131 Matine 216\u2019da verece\u011fi akustik konser ile hayranlar\u0131na unutulmaz bir gece ya\u015fatmaya haz\u0131rlan\u0131yor. Yeni m\u00fczik projelerinin \u00e7al\u0131\u015fmalar\u0131 i\u00e7in bir s\u00fcredir Londra\u2019da bulunan Yal\u0131n, uzun bir aradan sonra \u0130stanbul\u2019a Matine 216\u2019da verece\u011fi akustik konser i\u00e7in geliyor.Bug\u00fcne kadar \u00e7\u0131kard\u0131\u011f\u0131 alb\u00fcmlerinden en [&hellip;]<\/p>\n","protected":false},"author":18,"featured_media":0,"comment_status":"closed","ping_status":"closed","sticky":false,"template":"","format":"standard","meta":{"_yoast_wpseo_focuskw":"","_yoast_wpseo_title":"","_yoast_wpseo_metadesc":"","_bbp_topic_count":0,"_bbp_reply_count":0,"_bbp_total_topic_count":0,"_bbp_total_reply_count":0,"_bbp_voice_count":0,"_bbp_anonymous_reply_count":0,"_bbp_topic_count_hidden":0,"_bbp_reply_count_hidden":0,"_bbp_forum_subforum_count":0,"footnotes":"","_yoast_wpseo_focuskw_text_input":""},"categories":[16],"tags":[1239,1240,1238],"yoast_head":"<!-- This site is optimized with the Yoast SEO plugin v23.0 - https:\/\/yoast.com\/wordpress\/plugins\/seo\/ -->\n<title>Yal\u0131n - Akustik Konseri  - The Epoch Times TR<\/title>\n<meta name=\"robots\" content=\"index, follow, max-snippet:-1, max-image-preview:large, max-video-preview:-1\" \/>\n<link rel=\"canonical\" href=\"https:\/\/epochtimestr.com\/index.php\/yalin-akustik-konseri\" \/>\n<meta property=\"og:locale\" content=\"tr_TR\" \/>\n<meta property=\"og:type\" content=\"article\" \/>\n<meta property=\"og:title\" content=\"Yal\u0131n - Akustik Konseri  - The Epoch Times TR\" \/>\n<meta property=\"og:description\" content=\"Kendine \u00f6zg\u00fc sesi ve tarz\u0131 ile T\u00fcrk pop m\u00fczi\u011finin \u00f6ne \u00e7\u0131kan ismi Yal\u0131n, 6 May\u0131s Cuma ak\u015fam\u0131 Matine 216\u2019da verece\u011fi akustik konser ile hayranlar\u0131na unutulmaz bir gece ya\u015fatmaya haz\u0131rlan\u0131yor. Yeni m\u00fczik projelerinin \u00e7al\u0131\u015fmalar\u0131 i\u00e7in bir s\u00fcredir Londra\u2019da bulunan Yal\u0131n, uzun bir aradan sonra \u0130stanbul\u2019a Matine 216\u2019da verece\u011fi akustik konser i\u00e7in geliyor.Bug\u00fcne kadar \u00e7\u0131kard\u0131\u011f\u0131 alb\u00fcmlerinden en [&hellip;]\" \/>\n<meta property=\"og:url\" content=\"https:\/\/epochtimestr.com\/index.php\/yalin-akustik-konseri\" \/>\n<meta property=\"og:site_name\" content=\"The Epoch Times TR\" \/>\n<meta property=\"article:publisher\" content=\"https:\/\/www.facebook.com\/theepochtimestr\" \/>\n<meta property=\"article:published_time\" content=\"2011-04-29T05:07:16+00:00\" \/>\n<meta property=\"article:modified_time\" content=\"2013-08-23T09:47:33+00:00\" \/>\n<meta property=\"og:image\" content=\"http:\/\/epochtimestr.com\/wp-content\/uploads\/2011y\/yal%C4%B1n-akustik-konseri.jpg\" \/>\n<meta name=\"author\" content=\"Nesrin Se\u00e7er\" \/>\n<meta name=\"twitter:card\" content=\"summary_large_image\" \/>\n<meta name=\"twitter:creator\" content=\"@TheEpochTimesTR\" \/>\n<meta name=\"twitter:site\" content=\"@TheEpochTimesTR\" \/>\n<meta name=\"twitter:label1\" content=\"Yazan:\" \/>\n\t<meta name=\"twitter:data1\" content=\"Nesrin Se\u00e7er\" \/>\n\t<meta name=\"twitter:label2\" content=\"Tahmini okuma s\u00fcresi\" \/>\n\t<meta name=\"twitter:data2\" content=\"1 dakika\" \/>\n<script type=\"application\/ld+json\" class=\"yoast-schema-graph\">{\"@context\":\"https:\/\/schema.org\",\"@graph\":[{\"@type\":\"Article\",\"@id\":\"https:\/\/epochtimestr.com\/index.php\/yalin-akustik-konseri#article\",\"isPartOf\":{\"@id\":\"https:\/\/epochtimestr.com\/index.php\/yalin-akustik-konseri\"},\"author\":{\"name\":\"Nesrin Se\u00e7er\",\"@id\":\"https:\/\/epochtimestr.com\/#\/schema\/person\/9449775713995720d2e8d6af219e3cc3\"},\"headline\":\"Yal\u0131n &#8211; Akustik Konseri\",\"datePublished\":\"2011-04-29T05:07:16+00:00\",\"dateModified\":\"2013-08-23T09:47:33+00:00\",\"mainEntityOfPage\":{\"@id\":\"https:\/\/epochtimestr.com\/index.php\/yalin-akustik-konseri\"},\"wordCount\":157,\"publisher\":{\"@id\":\"https:\/\/epochtimestr.com\/#organization\"},\"image\":{\"@id\":\"https:\/\/epochtimestr.com\/index.php\/yalin-akustik-konseri#primaryimage\"},\"thumbnailUrl\":\"http:\/\/epochtimestr.com\/wp-content\/uploads\/2011y\/yal%C4%B1n-akustik-konseri.jpg\",\"keywords\":[\"akustik konseri\",\"matine 216\",\"yal\u0131n\"],\"articleSection\":[\"SANAT ve K\u00dcLT\u00dcR\"],\"inLanguage\":\"tr\"},{\"@type\":\"WebPage\",\"@id\":\"https:\/\/epochtimestr.com\/index.php\/yalin-akustik-konseri\",\"url\":\"https:\/\/epochtimestr.com\/index.php\/yalin-akustik-konseri\",\"name\":\"Yal\u0131n - Akustik Konseri - The Epoch Times TR\",\"isPartOf\":{\"@id\":\"https:\/\/epochtimestr.com\/#website\"},\"primaryImageOfPage\":{\"@id\":\"https:\/\/epochtimestr.com\/index.php\/yalin-akustik-konseri#primaryimage\"},\"image\":{\"@id\":\"https:\/\/epochtimestr.com\/index.php\/yalin-akustik-konseri#primaryimage\"},\"thumbnailUrl\":\"http:\/\/epochtimestr.com\/wp-content\/uploads\/2011y\/yal%C4%B1n-akustik-konseri.jpg\",\"datePublished\":\"2011-04-29T05:07:16+00:00\",\"dateModified\":\"2013-08-23T09:47:33+00:00\",\"inLanguage\":\"tr\",\"potentialAction\":[{\"@type\":\"ReadAction\",\"target\":[\"https:\/\/epochtimestr.com\/index.php\/yalin-akustik-konseri\"]}]},{\"@type\":\"ImageObject\",\"inLanguage\":\"tr\",\"@id\":\"https:\/\/epochtimestr.com\/index.php\/yalin-akustik-konseri#primaryimage\",\"url\":\"http:\/\/epochtimestr.com\/wp-content\/uploads\/2011y\/yal%C4%B1n-akustik-konseri.jpg\",\"contentUrl\":\"http:\/\/epochtimestr.com\/wp-content\/uploads\/2011y\/yal%C4%B1n-akustik-konseri.jpg\"},{\"@type\":\"WebSite\",\"@id\":\"https:\/\/epochtimestr.com\/#website\",\"url\":\"https:\/\/epochtimestr.com\/\",\"name\":\"The Epoch Times TR\",\"description\":\"De\u011fi\u015fen D\u00fcnyam\u0131za Taze Bir Bak\u0131\u015f\",\"publisher\":{\"@id\":\"https:\/\/epochtimestr.com\/#organization\"},\"potentialAction\":[{\"@type\":\"SearchAction\",\"target\":{\"@type\":\"EntryPoint\",\"urlTemplate\":\"https:\/\/epochtimestr.com\/?s={search_term_string}\"},\"query-input\":\"required name=search_term_string\"}],\"inLanguage\":\"tr\"},{\"@type\":\"Organization\",\"@id\":\"https:\/\/epochtimestr.com\/#organization\",\"name\":\"The EpochTimes T\u00fcrkiye\",\"url\":\"https:\/\/epochtimestr.com\/\",\"logo\":{\"@type\":\"ImageObject\",\"inLanguage\":\"tr\",\"@id\":\"https:\/\/epochtimestr.com\/#\/schema\/logo\/image\/\",\"url\":\"https:\/\/epochtimestr.com\/wp-content\/uploads\/2011y\/ET-Logo-YG.jpg\",\"contentUrl\":\"https:\/\/epochtimestr.com\/wp-content\/uploads\/2011y\/ET-Logo-YG.jpg\",\"width\":346,\"height\":29,\"caption\":\"The EpochTimes T\u00fcrkiye\"},\"image\":{\"@id\":\"https:\/\/epochtimestr.com\/#\/schema\/logo\/image\/\"},\"sameAs\":[\"https:\/\/www.facebook.com\/theepochtimestr\",\"https:\/\/x.com\/TheEpochTimesTR\",\"https:\/\/www.instagram.com\/epochtimestr\"]},{\"@type\":\"Person\",\"@id\":\"https:\/\/epochtimestr.com\/#\/schema\/person\/9449775713995720d2e8d6af219e3cc3\",\"name\":\"Nesrin Se\u00e7er\",\"image\":{\"@type\":\"ImageObject\",\"inLanguage\":\"tr\",\"@id\":\"https:\/\/epochtimestr.com\/#\/schema\/person\/image\/\",\"url\":\"https:\/\/secure.gravatar.com\/avatar\/9e76ddf1406df7ae1827116f0007ff40?s=96&d=mm&r=g\",\"contentUrl\":\"https:\/\/secure.gravatar.com\/avatar\/9e76ddf1406df7ae1827116f0007ff40?s=96&d=mm&r=g\",\"caption\":\"Nesrin Se\u00e7er\"},\"url\":\"https:\/\/epochtimestr.com\/index.php\/author\/nesrin\"}]}<\/script>\n<!-- \/ Yoast SEO plugin. -->","yoast_head_json":{"title":"Yal\u0131n - Akustik Konseri  - The Epoch Times TR","robots":{"index":"index","follow":"follow","max-snippet":"max-snippet:-1","max-image-preview":"max-image-preview:large","max-video-preview":"max-video-preview:-1"},"canonical":"https:\/\/epochtimestr.com\/index.php\/yalin-akustik-konseri","og_locale":"tr_TR","og_type":"article","og_title":"Yal\u0131n - Akustik Konseri  - The Epoch Times TR","og_description":"Kendine \u00f6zg\u00fc sesi ve tarz\u0131 ile T\u00fcrk pop m\u00fczi\u011finin \u00f6ne \u00e7\u0131kan ismi Yal\u0131n, 6 May\u0131s Cuma ak\u015fam\u0131 Matine 216\u2019da verece\u011fi akustik konser ile hayranlar\u0131na unutulmaz bir gece ya\u015fatmaya haz\u0131rlan\u0131yor. Yeni m\u00fczik projelerinin \u00e7al\u0131\u015fmalar\u0131 i\u00e7in bir s\u00fcredir Londra\u2019da bulunan Yal\u0131n, uzun bir aradan sonra \u0130stanbul\u2019a Matine 216\u2019da verece\u011fi akustik konser i\u00e7in geliyor.Bug\u00fcne kadar \u00e7\u0131kard\u0131\u011f\u0131 alb\u00fcmlerinden en [&hellip;]","og_url":"https:\/\/epochtimestr.com\/index.php\/yalin-akustik-konseri","og_site_name":"The Epoch Times TR","article_publisher":"https:\/\/www.facebook.com\/theepochtimestr","article_published_time":"2011-04-29T05:07:16+00:00","article_modified_time":"2013-08-23T09:47:33+00:00","og_image":[{"url":"http:\/\/epochtimestr.com\/wp-content\/uploads\/2011y\/yal%C4%B1n-akustik-konseri.jpg"}],"author":"Nesrin Se\u00e7er","twitter_card":"summary_large_image","twitter_creator":"@TheEpochTimesTR","twitter_site":"@TheEpochTimesTR","twitter_misc":{"Yazan:":"Nesrin Se\u00e7er","Tahmini okuma s\u00fcresi":"1 dakika"},"schema":{"@context":"https:\/\/schema.org","@graph":[{"@type":"Article","@id":"https:\/\/epochtimestr.com\/index.php\/yalin-akustik-konseri#article","isPartOf":{"@id":"https:\/\/epochtimestr.com\/index.php\/yalin-akustik-konseri"},"author":{"name":"Nesrin Se\u00e7er","@id":"https:\/\/epochtimestr.com\/#\/schema\/person\/9449775713995720d2e8d6af219e3cc3"},"headline":"Yal\u0131n &#8211; Akustik Konseri","datePublished":"2011-04-29T05:07:16+00:00","dateModified":"2013-08-23T09:47:33+00:00","mainEntityOfPage":{"@id":"https:\/\/epochtimestr.com\/index.php\/yalin-akustik-konseri"},"wordCount":157,"publisher":{"@id":"https:\/\/epochtimestr.com\/#organization"},"image":{"@id":"https:\/\/epochtimestr.com\/index.php\/yalin-akustik-konseri#primaryimage"},"thumbnailUrl":"http:\/\/epochtimestr.com\/wp-content\/uploads\/2011y\/yal%C4%B1n-akustik-konseri.jpg","keywords":["akustik konseri","matine 216","yal\u0131n"],"articleSection":["SANAT ve K\u00dcLT\u00dcR"],"inLanguage":"tr"},{"@type":"WebPage","@id":"https:\/\/epochtimestr.com\/index.php\/yalin-akustik-konseri","url":"https:\/\/epochtimestr.com\/index.php\/yalin-akustik-konseri","name":"Yal\u0131n - Akustik Konseri - The Epoch Times TR","isPartOf":{"@id":"https:\/\/epochtimestr.com\/#website"},"primaryImageOfPage":{"@id":"https:\/\/epochtimestr.com\/index.php\/yalin-akustik-konseri#primaryimage"},"image":{"@id":"https:\/\/epochtimestr.com\/index.php\/yalin-akustik-konseri#primaryimage"},"thumbnailUrl":"http:\/\/epochtimestr.com\/wp-content\/uploads\/2011y\/yal%C4%B1n-akustik-konseri.jpg","datePublished":"2011-04-29T05:07:16+00:00","dateModified":"2013-08-23T09:47:33+00:00","inLanguage":"tr","potentialAction":[{"@type":"ReadAction","target":["https:\/\/epochtimestr.com\/index.php\/yalin-akustik-konseri"]}]},{"@type":"ImageObject","inLanguage":"tr","@id":"https:\/\/epochtimestr.com\/index.php\/yalin-akustik-konseri#primaryimage","url":"http:\/\/epochtimestr.com\/wp-content\/uploads\/2011y\/yal%C4%B1n-akustik-konseri.jpg","contentUrl":"http:\/\/epochtimestr.com\/wp-content\/uploads\/2011y\/yal%C4%B1n-akustik-konseri.jpg"},{"@type":"WebSite","@id":"https:\/\/epochtimestr.com\/#website","url":"https:\/\/epochtimestr.com\/","name":"The Epoch Times TR","description":"De\u011fi\u015fen D\u00fcnyam\u0131za Taze Bir Bak\u0131\u015f","publisher":{"@id":"https:\/\/epochtimestr.com\/#organization"},"potentialAction":[{"@type":"SearchAction","target":{"@type":"EntryPoint","urlTemplate":"https:\/\/epochtimestr.com\/?s={search_term_string}"},"query-input":"required name=search_term_string"}],"inLanguage":"tr"},{"@type":"Organization","@id":"https:\/\/epochtimestr.com\/#organization","name":"The EpochTimes T\u00fcrkiye","url":"https:\/\/epochtimestr.com\/","logo":{"@type":"ImageObject","inLanguage":"tr","@id":"https:\/\/epochtimestr.com\/#\/schema\/logo\/image\/","url":"https:\/\/epochtimestr.com\/wp-content\/uploads\/2011y\/ET-Logo-YG.jpg","contentUrl":"https:\/\/epochtimestr.com\/wp-content\/uploads\/2011y\/ET-Logo-YG.jpg","width":346,"height":29,"caption":"The EpochTimes T\u00fcrkiye"},"image":{"@id":"https:\/\/epochtimestr.com\/#\/schema\/logo\/image\/"},"sameAs":["https:\/\/www.facebook.com\/theepochtimestr","https:\/\/x.com\/TheEpochTimesTR","https:\/\/www.instagram.com\/epochtimestr"]},{"@type":"Person","@id":"https:\/\/epochtimestr.com\/#\/schema\/person\/9449775713995720d2e8d6af219e3cc3","name":"Nesrin Se\u00e7er","image":{"@type":"ImageObject","inLanguage":"tr","@id":"https:\/\/epochtimestr.com\/#\/schema\/person\/image\/","url":"https:\/\/secure.gravatar.com\/avatar\/9e76ddf1406df7ae1827116f0007ff40?s=96&d=mm&r=g","contentUrl":"https:\/\/secure.gravatar.com\/avatar\/9e76ddf1406df7ae1827116f0007ff40?s=96&d=mm&r=g","caption":"Nesrin Se\u00e7er"},"url":"https:\/\/epochtimestr.com\/index.php\/author\/nesrin"}]}},"_links":{"self":[{"href":"https:\/\/epochtimestr.com\/index.php\/wp-json\/wp\/v2\/posts\/35291"}],"collection":[{"href":"https:\/\/epochtimestr.com\/index.php\/wp-json\/wp\/v2\/posts"}],"about":[{"href":"https:\/\/epochtimestr.com\/index.php\/wp-json\/wp\/v2\/types\/post"}],"author":[{"embeddable":true,"href":"https:\/\/epochtimestr.com\/index.php\/wp-json\/wp\/v2\/users\/18"}],"replies":[{"embeddable":true,"href":"https:\/\/epochtimestr.com\/index.php\/wp-json\/wp\/v2\/comments?post=35291"}],"version-history":[{"count":4,"href":"https:\/\/epochtimestr.com\/index.php\/wp-json\/wp\/v2\/posts\/35291\/revisions"}],"predecessor-version":[{"id":71129,"href":"https:\/\/epochtimestr.com\/index.php\/wp-json\/wp\/v2\/posts\/35291\/revisions\/71129"}],"wp:attachment":[{"href":"https:\/\/epochtimestr.com\/index.php\/wp-json\/wp\/v2\/media?parent=35291"}],"wp:term":[{"taxonomy":"category","embeddable":true,"href":"https:\/\/epochtimestr.com\/index.php\/wp-json\/wp\/v2\/categories?post=35291"},{"taxonomy":"post_tag","embeddable":true,"href":"https:\/\/epochtimestr.com\/index.php\/wp-json\/wp\/v2\/tags?post=35291"}],"curies":[{"name":"wp","href":"https:\/\/api.w.org\/{rel}","templated":true}]}}